{"id":3502,"date":"2012-08-24T09:00:38","date_gmt":"2012-08-24T12:00:38","guid":{"rendered":"http:\/\/rioonwatch.org.br\/?p=3502"},"modified":"2018-01-15T12:11:10","modified_gmt":"2018-01-15T15:11:10","slug":"curicica-parte-1-ocupando-mobilizando-construindo-a-comunidade","status":"publish","type":"post","link":"https:\/\/rioonwatch.org.br\/?p=3502","title":{"rendered":"Curicica (Parte 1): Ocupando, Mobilizando, Construindo Comunidades"},"content":{"rendered":"<p style=\"text-align: right;\"><em><strong><a href=\"http:\/\/bit.ly\/1Q9jRn6\" target=\"_blank\" rel=\"noopener\">Click Here for English<img decoding=\"async\" width=\"20\" height=\"20\" class=\"alignright wp-image-15790\" src=\"http:\/\/rioonwatch.org.br\/wp-content\/uploads\/2012\/08\/EN-standard-e1439583104716.jpg\" alt=\"\" \/><\/a><\/strong><\/em><\/p>\n<p><em>Esse \u00e9 o primeiro de <a href=\"http:\/\/bit.ly\/TZECqI\">quatro artigos<\/a>\u00a0sobre o <a href=\"http:\/\/bit.ly\/CuricicaMapa\" target=\"_blank\" rel=\"noopener\">agrupamento de favelas em Curicica<\/a>, Jacarepagu\u00e1, que est\u00e3o aguardando projetos de integra\u00e7\u00e3o urbana atrav\u00e9s do programa da Prefeitura\u00a0<a href=\"http:\/\/bit.ly\/PeV9Un\">Morar Carioca<\/a>.<\/em><\/p>\n<p><img fetchpriority=\"high\" decoding=\"async\" class=\"alignright\" title=\"&quot;Canal que separa quem paga e quem n\u00e3o paga impostos em Curicica.&quot;\" src=\"http:\/\/rioonwatch.org\/wp-content\/uploads\/2012\/08\/7797888074_f7fbede6b4_n-300x213.jpg\" alt=\"\" width=\"300\" height=\"213\" \/><\/p>\n<p><strong>\u201cNunca teve viol\u00eancia aqui.\u201d<\/strong><\/p>\n<p>\u201cEu nunca sequer tinha pensado nessa palavra antes deles come\u00e7arem a usar para me descrever,\u201d disse Regina S\u00f4nia Gomes Baptista, conhecida por S\u00f4nia, ex-presidente da Vila Uni\u00e3o de Curicica, assim que ela saiu para nos reencontrar em sua iluminada varanda. Em suas m\u00e3os estava um jornal, que ela logo desdobrou e colocou a nossa frente. L\u00e1, em um papel amarronzado que foi corro\u00eddo nos cantos pelo tempo, estava uma jovem S\u00f4nia em frente a uma jovem Vila Uni\u00e3o, seu filho seminu em seus bra\u00e7os. E aquela palavra em negrito abaixo: \u201cL\u00edder.\u201d<\/p>\n<p>O texto marcado detalhava o surgimento de favelas em Jacarepagu\u00e1 come\u00e7ando em 1982. A manchete: \u201cCanal separa quem paga e quem n\u00e3o paga impostos em Curicica.\u201d Mas tal simplifica\u00e7\u00e3o negligenciava o espectro de motiva\u00e7\u00f5es e a escassez de alternativas que faziam surgir comunidades como a Vila Uni\u00e3o.<\/p>\n<p>Entre caf\u00e9 e biscoitos, ela contou hist\u00f3rias de vida antes da ocupa\u00e7\u00e3o, sobre muito dinheiro gasto para as necessidades mais b\u00e1sicas, e sobre epis\u00f3dios violentos que surgiram da escassez de oportunidades na regi\u00e3o. \u201cAgora n\u00e3o tem nada disso\u201d, ela disse. \u201cNunca teve viol\u00eancia aqui. \u00c9 um lugar tranquilo onde a gente mora\u201d. Vila Uni\u00e3o e sua vizinhan\u00e7a est\u00e3o entre uma minoria de favelas no Rio que n\u00e3o s\u00e3o comandadas por mil\u00edcias ou traficantes. Elas s\u00e3o comunidades auto geridas.<\/p>\n<p><strong>\u201cVamos come\u00e7ar a trabalhar, parceiro.\u201d<\/strong><\/p>\n<p>N\u00e3o tinha nada aqui no in\u00edcio, S\u00f4nia me explica \u2013 apenas espa\u00e7o vazio e planos municipais para construir um hospital suplementar em um peda\u00e7o de terra. Mas a demanda por moradia durante essa \u00e9poca era terr\u00edvel. Edson \u2018Pitimbu\u2019 Ribeiro, presidente da Associa\u00e7\u00e3o dos Moradores de Vila Pitimbu, falou da desconex\u00e3o entre a prioridade das pessoas e os planos da Prefeitura. \u201cTinha um espa\u00e7o aqui (onde Vila Pitimbu \u00e9 hoje) que foi designado pra ser uma pra\u00e7a ou uma escola, mas, j\u00e1havia diversas escolas e pra\u00e7as na \u00e1rea. A necessidade de moradia era nossa primeira prioridade.\u201d<\/p>\n<p><img decoding=\"async\" class=\"alignright\" title=\"Rinaldo, President of the Residents' Association of Abadiana\" src=\"http:\/\/rioonwatch.org\/wp-content\/uploads\/2012\/08\/7826546860_1774d38c77_n-300x213.jpg\" alt=\"\" width=\"300\" height=\"213\" \/><\/p>\n<p>\u201cA Prefeitura disse que n\u00f3s n\u00e3o poder\u00edamos construir nada aqui, mas, um dia eu vim e o povo estava dividindo a terra entre eles e come\u00e7ando a construir,\u201d disse S\u00f4nia. Renildo, presidente da Associa\u00e7\u00e3o de Moradores da comunidade vizinha de Abadiana, recordou o esp\u00edrito de coletividade que marcou aquela \u00e9poca. \u201cVamos trocar materiais e come\u00e7ar a trabalhar, parceiro?\u201d<\/p>\n<p>O movimento se espalhou e ganhou for\u00e7a em pouco tempo. De acordo com a reportagem que S\u00f4nia nos mostrou, 20 ocupa\u00e7\u00f5es desse tipo ocorreram no bairro de Jacarepagu\u00e1 entre 1982 e 1986. Mas, nenhuma delas foi f\u00e1cil. Construir uma comunidade do zero trouxe obst\u00e1culos que muitos n\u00e3o estavam preparados para lidar. \u201cQuando eu vim aqui,\u201d disse Ribeiro, \u201ctudo j\u00e1 estava ocupado, mas algu\u00e9m desistiu e passou sua terra pra mim, e de l\u00e1 eu comecei a construir um barraco de madeira por mim mesmo. Todo mundo come\u00e7ou com um barraco de madeira depois, sem nada, sem cimento.\u201d Tudo come\u00e7ou assim, com os materiais mais simples, barracos de madeira rodeados por funda\u00e7\u00e3o de tijolos que os moradores come\u00e7aram a colocar.<\/p>\n<p><img loading=\"lazy\" decoding=\"async\" class=\"alignright size-thumbnail wp-image-4670\" src=\"http:\/\/rioonwatch.org\/wp-content\/uploads\/2012\/08\/7797724118_cf2d3cbd0d_n-300x213.jpg\" alt=\"Vila Uni\u00e3o\" width=\"300\" height=\"213\" \/><\/p>\n<p>Olhando para a \u00e1rea onde Abadiana, Vila Uni\u00e3o e Vila Pitimbu est\u00e3o localizadas agora, \u00e9 dif\u00edcil de imaginar seu in\u00edcio simples apenas poucas d\u00e9cadas atr\u00e1s. As casas s\u00e3o s\u00f3lidas e cimentadas, com coloridas fachadas que sa\u00fadam os visitantes calorosamente e com espa\u00e7os vivamente azulejados. O barulho de constru\u00e7\u00e3o, apesar de menos proeminente agora com outras necessidades, continua. Moradores buscam o constante aperfei\u00e7oamento. \u201cEste tem mais ou menos dois anos,\u201d disse Renildo sobre a constru\u00e7\u00e3o ao lado direito de onde eu entrei em Abadiana. \u201cE este projeto de pavimentar em nossa rua principal come\u00e7ou apenas h\u00e1 pouco menos de quatro anos atr\u00e1s.\u201d \u201cTudo isso,\u201d ele disse, \u201c\u00e9 o trabalho das pessoas que moram aqui. E tudo foi organizado pela Associa\u00e7\u00e3o dos Moradores.\u201d<\/p>\n<p><strong>\u201cN\u00f3s precisamos nos organizar.\u201d<\/strong><\/p>\n<p><img loading=\"lazy\" decoding=\"async\" class=\"alignright size-thumbnail wp-image-4680\" title=\"L\u00edderes (esquerda para direita): Bezerra da Asa Branca, Tilz\u00e9 da Vila Calmete, and Pitimbu da Vila Pitimbu\" src=\"http:\/\/rioonwatch.org\/wp-content\/uploads\/2012\/08\/7826487148_68e73b5cc9_n-300x213.jpg\" alt=\"\" width=\"300\" height=\"213\" \/><\/p>\n<p>\u201cNa \u00e9poca ,\u201d disse Edson Ribeiro, \u201cquando todas essas ocupa\u00e7\u00f5es estavam acontecendo em Jacarepagu\u00e1, a Prefeitura poderia vir e remover as pessoas de suas casas. Ent\u00e3o o que tivemos que fazer foi ficarmos junto do mesmo jeito que ocupamos essa terra. N\u00f3s precisamos nos organizar.\u201d<\/p>\n<p>Ribeiro \u00e9 uma personalidade forte desde a primeira vista. Nossa apresenta\u00e7\u00e3o foi rapidamente seguida por uma estridente promo\u00e7\u00e3o musical anunciando sua candidatura para vereador e nossa entrevista foi marcada com francas e frequentes perguntas de sua parte sobre as inten\u00e7\u00f5es do meu trabalho. Apropriadamente, ent\u00e3o que ele iria liderar esse processo de mobiliza\u00e7\u00e3o em sua pr\u00f3pria comunidade na Vila Pitimbu. Com a ajuda da Federa\u00e7\u00e3o das Associa\u00e7\u00f5es de Favelas do Estado do Rio de Janeiro (FAFERJ), um corpo de diretores foi formado, uma constitui\u00e7\u00e3o foi redigida e esfor\u00e7os come\u00e7aram no sentido de adquirir a propriedade legal das terras da comunidade ocupada.<\/p>\n<p>\u201cEssa \u00e1rea foi estabelecida para ser uma escola e uma pra\u00e7a, e, portanto a terra teve que ser esvaziada,\u201d ele disse. \u201cN\u00f3s precis\u00e1vamos nos separar da \u00e1rea da municipalidade.\u201d Durante 10 anos, Ribeiro encabe\u00e7ou este trabalho, contatando a Prefeitura e comunicando os desejos da popula\u00e7\u00e3o por posse legal de propriedade e t\u00edtulos de terra. Eventualmente, em 1996, o processo foi finalizado: A Prefeitura chamou os moradores de Vila Pitimbu para assinar seus documentos. \u201cEles disseram que n\u00f3s poder\u00edamos ficar com nossas casas,\u201d disse Ribeiro. \u201cN\u00f3s tivemos que pagar o Governo pelas terras durante 8 anos, mas, foi barato: apenas R$ 18,00 ou R$ 20,00 por m\u00eas.\u201d<\/p>\n<p><img loading=\"lazy\" decoding=\"async\" class=\"alignright size-thumbnail wp-image-4671\" src=\"http:\/\/rioonwatch.org\/wp-content\/uploads\/2012\/08\/7797670714_a5d4ba8bf1_n-300x213.jpg\" alt=\"Village Campo da Paz\" width=\"300\" height=\"213\" \/><\/p>\n<p>A hist\u00f3ria \u00e9 similar na Vila Campo da Paz, uma comunidade que come\u00e7ou quando uma antiga f\u00e1brica faliu, foi abandonada e depois ocupada. \u201cA Prefeitura tentou nos tirar de l\u00e1, nos despejar,\u201d disse a presidente da Associa\u00e7\u00e3o dos Moradores, Lindinalva da Silva. \u201cMas finalmente n\u00f3s conseguimos manter nossa terra. Todos que quiseram ficar tiveram que pagar \u00e0 Prefeitura.\u201d Desde ent\u00e3o a Associa\u00e7\u00e3o cresceu para implementar saneamento b\u00e1sico, \u00e1gua, linhas telef\u00f4nicas e eletricidade para todos. \u201cN\u00f3s crescemos mais e mais todos os dias,\u201d ela disse. \u201cMas tudo foi feito pela Associa\u00e7\u00e3o e os moradores.\u201d<\/p>\n<p>A Vila Uni\u00e3o n\u00e3o teve a mesma sorte em termos de t\u00edtulos da terra. Apesar da Prefeitura ter, at\u00e9 recentemente, permitido a comunidade ficar onde eles se estabeleceram. S\u00f4nia disse: \u201cN\u00f3s queremos legalizar nossos direitos a terra, mas, at\u00e9 agora n\u00f3s n\u00e3o conseguimos fazer isso. A terra ainda pertence \u00e0 Prefeitura legalmente. Eles podem nos deixar ficar ou eles podem nos tirar daqui.\u201d Frente a um Governo n\u00e3o cooperativo, a Associa\u00e7\u00e3o dos Moradores de Vila Uni\u00e3o tem focado em providenciar as necessidades que s\u00e3o capazes de prover.<\/p>\n<p>S\u00f4nia falou das dificuldades que acompanham uma comunidade crescente na aus\u00eancia de servi\u00e7os p\u00fablicos: \u201cN\u00f3s organizamos um <a href=\"http:\/\/bit.ly\/P5Qw38\">mutir\u00e3o<\/a> para puxar \u00e1gua do sistema da CEDAE. Antes disso as pessoas precisavam trazer a \u00e1gua de fora. Mas, assim que cresceu o n\u00famero de moradores a \u00e1gua n\u00e3o foi mais suficiente e pedimos \u00e0 Prefeitura para legalizar o sistema de abastecimento para que todos tivessem acesso.\u201d Os pedidos, todavia, foram ignorados. Mais mutir\u00f5es foram organizados para servir a crescente popula\u00e7\u00e3o. \u201cAgora n\u00f3s temos \u00e1gua vindo daqui, de l\u00e1, de todos os lados!\u201d ela disse, rindo.<\/p>\n<p>\u201cN\u00e3o \u00e9 uma quest\u00e3o de pedir porque n\u00f3s j\u00e1 hav\u00edamos pedido,\u201d disse S\u00f4nia. \u201c\u00c9 uma quest\u00e3o de sobreviv\u00eancia. Imagine uma comunidade sem \u00e1gua. Tudo iria parar.\u201d<\/p>\n<p><strong>\u201cO que vem com mais sacrif\u00edcio.\u201d<\/strong><\/p>\n<p><img loading=\"lazy\" decoding=\"async\" class=\"alignright size-thumbnail wp-image-4672\" title=\"S\u00f4nia, \u00e0 direita, com uma moradora da Vila Uni\u00e3o\" src=\"http:\/\/rioonwatch.org\/wp-content\/uploads\/2012\/08\/7797805466_4660619f68_n-300x213.jpg\" alt=\"\" width=\"300\" height=\"213\" \/><\/p>\n<p>\u201cEu n\u00e3o tinha ambi\u00e7\u00e3o de lideran\u00e7a no come\u00e7o,\u201d S\u00f4nia disse com um sorriso. \u201cEu apenas gostava de falar com as pessoas, de comunicar, para ajudar a conseguir coisas conectando os esfor\u00e7os de cada um. E isso acabou sendo crucial.\u201d Nota-se aquele sorriso na cad\u00eancia de sua fala, que \u00e9 contundente, mas d\u00f3cil: um s\u00edmbolo perfeito da for\u00e7a, otimismo e de uma f\u00e9 obstinada que continua alimentando as trajet\u00f3rias da Vila Uni\u00e3o e das comunidades vizinhas.<\/p>\n<p>\u00c9 a necessidade que cria essas comunidades e \u00e9 devido ao peso da desigualdade e da neglig\u00eancia que medidas dif\u00edceis precisam ser tomadas para assegurar o bem estar de quem as habita. A vida que era oferecida para esses exclu\u00eddos de um pequeno c\u00edrculo de privil\u00e9gio foi uma de muitas incertezas e falta de oportunidades. Eles decidiram ent\u00e3o construir suas pr\u00f3prias oportunidades. Seus pr\u00f3prios bairros, suas pr\u00f3prias casas, suas pr\u00f3prias vidas.<\/p>\n<p>E nada disso veio f\u00e1cil \u2013 mas no final, disse S\u00f4nia, \u201co que vem com mais sacrif\u00edcio \u00e9 tamb\u00e9m o mais valioso.\u201d<\/p>\n<p>Este \u00e9 o primeiro de 4 artigos sobre o complexo de favelas em Curicica, Jacarepagu\u00e1, Rio de Janeiro previsto para ser ampliado atrav\u00e9s do programa da cidade Morar Carioca. O pr\u00f3ximo artigo ir\u00e1 examinar as amea\u00e7as de remo\u00e7\u00e3o que algumas dessas comunidades est\u00e3o encarando com a constru\u00e7\u00e3o da viaTransOl\u00edmpica (BRT).<\/p>\n<p><em><a href=\"http:\/\/bit.ly\/POMlZe\">Clique aqui<\/a> para ver mais fotos das comunidades em destaque nesta mat\u00e9ria, ou assista o slideshow abaixo:<\/em><br \/>\n<object width=\"500\" height=\"375\" classid=\"clsid:d27cdb6e-ae6d-11cf-96b8-444553540000\" codebase=\"http:\/\/download.macromedia.com\/pub\/shockwave\/cabs\/flash\/swflash.cab#version=6,0,40,0\"><param name=\"flashvars\" value=\"offsite=true&amp;lang=en-us&amp;page_show_url=%2Fphotos%2Fcatcomm%2Fsets%2F72157631181625932%2Fshow%2F&amp;page_show_back_url=%2Fphotos%2Fcatcomm%2Fsets%2F72157631181625932%2F&amp;set_id=72157631181625932&amp;jump_to=\" \/><param name=\"allowFullScreen\" value=\"true\" \/><param name=\"src\" value=\"http:\/\/www.flickr.com\/apps\/slideshow\/show.swf?v=109615\" \/><param name=\"allowfullscreen\" value=\"true\" \/><embed width=\"500\" height=\"375\" type=\"application\/x-shockwave-flash\" src=\"http:\/\/www.flickr.com\/apps\/slideshow\/show.swf?v=109615\" flashvars=\"offsite=true&amp;lang=en-us&amp;page_show_url=%2Fphotos%2Fcatcomm%2Fsets%2F72157631181625932%2Fshow%2F&amp;page_show_back_url=%2Fphotos%2Fcatcomm%2Fsets%2F72157631181625932%2F&amp;set_id=72157631181625932&amp;jump_to=\" allowfullscreen=\"allowfullscreen\" allowfullscreen=\"allowfullscreen\" \/><\/object><\/p>\n<!-- AddThis Advanced Settings generic via filter on the_content --><!-- AddThis Share Buttons generic via filter on the_content -->","protected":false},"excerpt":{"rendered":"<div class=\"mh-excerpt\"><p>Click Here for English Esse \u00e9 o primeiro de quatro artigos\u00a0sobre o agrupamento de favelas em Curicica, Jacarepagu\u00e1, que est\u00e3o aguardando projetos de integra\u00e7\u00e3o urbana atrav\u00e9s do programa da Prefeitura\u00a0Morar Carioca. \u201cNunca teve viol\u00eancia aqui.\u201d <a class=\"mh-excerpt-more\" href=\"https:\/\/rioonwatch.org.br\/?p=3502\" title=\"Curicica (Parte 1): Ocupando, Mobilizando, Construindo Comunidades\">[&#8230;]<\/a><!-- AddThis Advanced Settings generic via filter on get_the_excerpt --><!-- AddThis Share Buttons generic via filter on get_the_excerpt --><\/p>\n<\/div>","protected":false},"author":129,"featured_media":3512,"comment_status":"open","ping_status":"closed","sticky":false,"template":"","format":"standard","meta":{"_acf_changed":false,"_monsterinsights_skip_tracking":false,"_monsterinsights_sitenote_active":false,"_monsterinsights_sitenote_note":"","_monsterinsights_sitenote_category":0,"footnotes":""},"categories":[344,342],"tags":[445,446,447,448,270,276,451,449,456,184],"writer":[416],"translator":[444],"source":[],"ilustrador":[],"fotografo":[],"class_list":{"0":"post-3502","1":"post","2":"type-post","3":"status-publish","4":"format-standard","5":"has-post-thumbnail","7":"category-politicas","8":"category-solucoes","9":"tag-abadiana","10":"tag-curicica","11":"tag-jacarepagua","12":"tag-lideranca","13":"tag-morar-carioca","14":"tag-mutirao","15":"tag-vila-campo-da-paz","16":"tag-vila-pitimbu","17":"tag-vila-uniao-de-curicica","18":"tag-zona-oeste","19":"writer-rexy-josh-dorado","20":"translator-chester-prestes"},"acf":[],"yoast_head":"<!-- This site is optimized with the Yoast SEO plugin v25.6 - https:\/\/yoast.com\/wordpress\/plugins\/seo\/ -->\n<title>Curicica (Parte 1): Ocupando, Mobilizando, Construindo Comunidades - RioOnWatch<\/title>\n<meta name=\"robots\" content=\"index, follow, max-snippet:-1, max-image-preview:large, max-video-preview:-1\" \/>\n<link rel=\"canonical\" href=\"https:\/\/rioonwatch.org.br\/?p=3502\" \/>\n<meta property=\"og:locale\" content=\"pt_BR\" \/>\n<meta property=\"og:type\" content=\"article\" \/>\n<meta property=\"og:title\" content=\"Curicica (Parte 1): Ocupando, Mobilizando, Construindo Comunidades - RioOnWatch\" \/>\n<meta property=\"og:description\" content=\"Click Here for English Esse \u00e9 o primeiro de quatro artigos\u00a0sobre o agrupamento de favelas em Curicica, Jacarepagu\u00e1, que est\u00e3o aguardando projetos de integra\u00e7\u00e3o urbana atrav\u00e9s do programa da Prefeitura\u00a0Morar Carioca. \u201cNunca teve viol\u00eancia aqui.\u201d [...]\" \/>\n<meta property=\"og:url\" content=\"https:\/\/rioonwatch.org.br\/?p=3502\" \/>\n<meta property=\"og:site_name\" content=\"RioOnWatch\" \/>\n<meta property=\"article:published_time\" content=\"2012-08-24T12:00:38+00:00\" \/>\n<meta property=\"article:modified_time\" content=\"2018-01-15T15:11:10+00:00\" \/>\n<meta property=\"og:image\" content=\"https:\/\/rioonwatch.org.br\/wp-content\/uploads\/2012\/08\/curicica.jpg\" \/>\n\t<meta property=\"og:image:width\" content=\"300\" \/>\n\t<meta property=\"og:image:height\" content=\"213\" \/>\n\t<meta property=\"og:image:type\" content=\"image\/jpeg\" \/>\n<meta name=\"author\" content=\"Admin\" \/>\n<meta name=\"twitter:card\" content=\"summary_large_image\" \/>\n<meta name=\"twitter:label1\" content=\"Escrito por\" \/>\n\t<meta name=\"twitter:data1\" content=\"Admin\" \/>\n\t<meta name=\"twitter:label2\" content=\"Est. tempo de leitura\" \/>\n\t<meta name=\"twitter:data2\" content=\"8 minutos\" \/>\n<script type=\"application\/ld+json\" class=\"yoast-schema-graph\">{\"@context\":\"https:\/\/schema.org\",\"@graph\":[{\"@type\":\"Article\",\"@id\":\"https:\/\/rioonwatch.org.br\/?p=3502#article\",\"isPartOf\":{\"@id\":\"https:\/\/rioonwatch.org.br\/?p=3502\"},\"author\":{\"name\":\"Admin\",\"@id\":\"https:\/\/rioonwatch.org.br\/#\/schema\/person\/11d64c290506f9df50c71b850c473f68\"},\"headline\":\"Curicica (Parte 1): Ocupando, Mobilizando, Construindo Comunidades\",\"datePublished\":\"2012-08-24T12:00:38+00:00\",\"dateModified\":\"2018-01-15T15:11:10+00:00\",\"mainEntityOfPage\":{\"@id\":\"https:\/\/rioonwatch.org.br\/?p=3502\"},\"wordCount\":1604,\"commentCount\":0,\"publisher\":{\"@id\":\"https:\/\/rioonwatch.org.br\/#organization\"},\"image\":{\"@id\":\"https:\/\/rioonwatch.org.br\/?p=3502#primaryimage\"},\"thumbnailUrl\":\"https:\/\/rioonwatch.org.br\/wp-content\/uploads\/2012\/08\/curicica.jpg\",\"keywords\":[\"Abadiana\",\"Curicica\",\"Jacarepagu\u00e1\",\"lideran\u00e7a\",\"Morar Carioca\",\"mutir\u00e3o\",\"Vila Campo da Paz\",\"Vila Pitimbu\",\"Vila Uni\u00e3o de Curicica\",\"Zona Oeste\"],\"articleSection\":[\"Pol\u00edticas\",\"Solu\u00e7\u00f5es\"],\"inLanguage\":\"pt-BR\",\"potentialAction\":[{\"@type\":\"CommentAction\",\"name\":\"Comment\",\"target\":[\"https:\/\/rioonwatch.org.br\/?p=3502#respond\"]}]},{\"@type\":\"WebPage\",\"@id\":\"https:\/\/rioonwatch.org.br\/?p=3502\",\"url\":\"https:\/\/rioonwatch.org.br\/?p=3502\",\"name\":\"Curicica (Parte 1): Ocupando, Mobilizando, Construindo Comunidades - RioOnWatch\",\"isPartOf\":{\"@id\":\"https:\/\/rioonwatch.org.br\/#website\"},\"primaryImageOfPage\":{\"@id\":\"https:\/\/rioonwatch.org.br\/?p=3502#primaryimage\"},\"image\":{\"@id\":\"https:\/\/rioonwatch.org.br\/?p=3502#primaryimage\"},\"thumbnailUrl\":\"https:\/\/rioonwatch.org.br\/wp-content\/uploads\/2012\/08\/curicica.jpg\",\"datePublished\":\"2012-08-24T12:00:38+00:00\",\"dateModified\":\"2018-01-15T15:11:10+00:00\",\"breadcrumb\":{\"@id\":\"https:\/\/rioonwatch.org.br\/?p=3502#breadcrumb\"},\"inLanguage\":\"pt-BR\",\"potentialAction\":[{\"@type\":\"ReadAction\",\"target\":[\"https:\/\/rioonwatch.org.br\/?p=3502\"]}]},{\"@type\":\"ImageObject\",\"inLanguage\":\"pt-BR\",\"@id\":\"https:\/\/rioonwatch.org.br\/?p=3502#primaryimage\",\"url\":\"https:\/\/rioonwatch.org.br\/wp-content\/uploads\/2012\/08\/curicica.jpg\",\"contentUrl\":\"https:\/\/rioonwatch.org.br\/wp-content\/uploads\/2012\/08\/curicica.jpg\",\"width\":300,\"height\":213},{\"@type\":\"BreadcrumbList\",\"@id\":\"https:\/\/rioonwatch.org.br\/?p=3502#breadcrumb\",\"itemListElement\":[{\"@type\":\"ListItem\",\"position\":1,\"name\":\"In\u00edcio\",\"item\":\"https:\/\/rioonwatch.org.br\/\"},{\"@type\":\"ListItem\",\"position\":2,\"name\":\"Curicica (Parte 1): Ocupando, Mobilizando, Construindo Comunidades\"}]},{\"@type\":\"WebSite\",\"@id\":\"https:\/\/rioonwatch.org.br\/#website\",\"url\":\"https:\/\/rioonwatch.org.br\/\",\"name\":\"RioOnWatch\",\"description\":\"relatos das favelas cariocas\",\"publisher\":{\"@id\":\"https:\/\/rioonwatch.org.br\/#organization\"},\"potentialAction\":[{\"@type\":\"SearchAction\",\"target\":{\"@type\":\"EntryPoint\",\"urlTemplate\":\"https:\/\/rioonwatch.org.br\/?s={search_term_string}\"},\"query-input\":{\"@type\":\"PropertyValueSpecification\",\"valueRequired\":true,\"valueName\":\"search_term_string\"}}],\"inLanguage\":\"pt-BR\"},{\"@type\":\"Organization\",\"@id\":\"https:\/\/rioonwatch.org.br\/#organization\",\"name\":\"RioOnWatch\",\"url\":\"https:\/\/rioonwatch.org.br\/\",\"logo\":{\"@type\":\"ImageObject\",\"inLanguage\":\"pt-BR\",\"@id\":\"https:\/\/rioonwatch.org.br\/#\/schema\/logo\/image\/\",\"url\":\"https:\/\/rioonwatch.org.br\/wp-content\/uploads\/2021\/06\/RioOnWatchcabecalhoPT11anos-2.png\",\"contentUrl\":\"https:\/\/rioonwatch.org.br\/wp-content\/uploads\/2021\/06\/RioOnWatchcabecalhoPT11anos-2.png\",\"width\":779,\"height\":277,\"caption\":\"RioOnWatch\"},\"image\":{\"@id\":\"https:\/\/rioonwatch.org.br\/#\/schema\/logo\/image\/\"}},{\"@type\":\"Person\",\"@id\":\"https:\/\/rioonwatch.org.br\/#\/schema\/person\/11d64c290506f9df50c71b850c473f68\",\"name\":\"Admin\",\"image\":{\"@type\":\"ImageObject\",\"inLanguage\":\"pt-BR\",\"@id\":\"https:\/\/rioonwatch.org.br\/#\/schema\/person\/image\/\",\"url\":\"https:\/\/secure.gravatar.com\/avatar\/56211ac74568383903349a1485e3c325?s=96&d=blank&r=g\",\"contentUrl\":\"https:\/\/secure.gravatar.com\/avatar\/56211ac74568383903349a1485e3c325?s=96&d=blank&r=g\",\"caption\":\"Admin\"},\"url\":\"https:\/\/rioonwatch.org.br\/?author=129\"}]}<\/script>\n<!-- \/ Yoast SEO plugin. -->","yoast_head_json":{"title":"Curicica (Parte 1): Ocupando, Mobilizando, Construindo Comunidades - RioOnWatch","robots":{"index":"index","follow":"follow","max-snippet":"max-snippet:-1","max-image-preview":"max-image-preview:large","max-video-preview":"max-video-preview:-1"},"canonical":"https:\/\/rioonwatch.org.br\/?p=3502","og_locale":"pt_BR","og_type":"article","og_title":"Curicica (Parte 1): Ocupando, Mobilizando, Construindo Comunidades - RioOnWatch","og_description":"Click Here for English Esse \u00e9 o primeiro de quatro artigos\u00a0sobre o agrupamento de favelas em Curicica, Jacarepagu\u00e1, que est\u00e3o aguardando projetos de integra\u00e7\u00e3o urbana atrav\u00e9s do programa da Prefeitura\u00a0Morar Carioca. \u201cNunca teve viol\u00eancia aqui.\u201d [...]","og_url":"https:\/\/rioonwatch.org.br\/?p=3502","og_site_name":"RioOnWatch","article_published_time":"2012-08-24T12:00:38+00:00","article_modified_time":"2018-01-15T15:11:10+00:00","og_image":[{"width":300,"height":213,"url":"https:\/\/rioonwatch.org.br\/wp-content\/uploads\/2012\/08\/curicica.jpg","type":"image\/jpeg"}],"author":"Admin","twitter_card":"summary_large_image","twitter_misc":{"Escrito por":"Admin","Est. tempo de leitura":"8 minutos"},"schema":{"@context":"https:\/\/schema.org","@graph":[{"@type":"Article","@id":"https:\/\/rioonwatch.org.br\/?p=3502#article","isPartOf":{"@id":"https:\/\/rioonwatch.org.br\/?p=3502"},"author":{"name":"Admin","@id":"https:\/\/rioonwatch.org.br\/#\/schema\/person\/11d64c290506f9df50c71b850c473f68"},"headline":"Curicica (Parte 1): Ocupando, Mobilizando, Construindo Comunidades","datePublished":"2012-08-24T12:00:38+00:00","dateModified":"2018-01-15T15:11:10+00:00","mainEntityOfPage":{"@id":"https:\/\/rioonwatch.org.br\/?p=3502"},"wordCount":1604,"commentCount":0,"publisher":{"@id":"https:\/\/rioonwatch.org.br\/#organization"},"image":{"@id":"https:\/\/rioonwatch.org.br\/?p=3502#primaryimage"},"thumbnailUrl":"https:\/\/rioonwatch.org.br\/wp-content\/uploads\/2012\/08\/curicica.jpg","keywords":["Abadiana","Curicica","Jacarepagu\u00e1","lideran\u00e7a","Morar Carioca","mutir\u00e3o","Vila Campo da Paz","Vila Pitimbu","Vila Uni\u00e3o de Curicica","Zona Oeste"],"articleSection":["Pol\u00edticas","Solu\u00e7\u00f5es"],"inLanguage":"pt-BR","potentialAction":[{"@type":"CommentAction","name":"Comment","target":["https:\/\/rioonwatch.org.br\/?p=3502#respond"]}]},{"@type":"WebPage","@id":"https:\/\/rioonwatch.org.br\/?p=3502","url":"https:\/\/rioonwatch.org.br\/?p=3502","name":"Curicica (Parte 1): Ocupando, Mobilizando, Construindo Comunidades - RioOnWatch","isPartOf":{"@id":"https:\/\/rioonwatch.org.br\/#website"},"primaryImageOfPage":{"@id":"https:\/\/rioonwatch.org.br\/?p=3502#primaryimage"},"image":{"@id":"https:\/\/rioonwatch.org.br\/?p=3502#primaryimage"},"thumbnailUrl":"https:\/\/rioonwatch.org.br\/wp-content\/uploads\/2012\/08\/curicica.jpg","datePublished":"2012-08-24T12:00:38+00:00","dateModified":"2018-01-15T15:11:10+00:00","breadcrumb":{"@id":"https:\/\/rioonwatch.org.br\/?p=3502#breadcrumb"},"inLanguage":"pt-BR","potentialAction":[{"@type":"ReadAction","target":["https:\/\/rioonwatch.org.br\/?p=3502"]}]},{"@type":"ImageObject","inLanguage":"pt-BR","@id":"https:\/\/rioonwatch.org.br\/?p=3502#primaryimage","url":"https:\/\/rioonwatch.org.br\/wp-content\/uploads\/2012\/08\/curicica.jpg","contentUrl":"https:\/\/rioonwatch.org.br\/wp-content\/uploads\/2012\/08\/curicica.jpg","width":300,"height":213},{"@type":"BreadcrumbList","@id":"https:\/\/rioonwatch.org.br\/?p=3502#breadcrumb","itemListElement":[{"@type":"ListItem","position":1,"name":"In\u00edcio","item":"https:\/\/rioonwatch.org.br\/"},{"@type":"ListItem","position":2,"name":"Curicica (Parte 1): Ocupando, Mobilizando, Construindo Comunidades"}]},{"@type":"WebSite","@id":"https:\/\/rioonwatch.org.br\/#website","url":"https:\/\/rioonwatch.org.br\/","name":"RioOnWatch","description":"relatos das favelas cariocas","publisher":{"@id":"https:\/\/rioonwatch.org.br\/#organization"},"potentialAction":[{"@type":"SearchAction","target":{"@type":"EntryPoint","urlTemplate":"https:\/\/rioonwatch.org.br\/?s={search_term_string}"},"query-input":{"@type":"PropertyValueSpecification","valueRequired":true,"valueName":"search_term_string"}}],"inLanguage":"pt-BR"},{"@type":"Organization","@id":"https:\/\/rioonwatch.org.br\/#organization","name":"RioOnWatch","url":"https:\/\/rioonwatch.org.br\/","logo":{"@type":"ImageObject","inLanguage":"pt-BR","@id":"https:\/\/rioonwatch.org.br\/#\/schema\/logo\/image\/","url":"https:\/\/rioonwatch.org.br\/wp-content\/uploads\/2021\/06\/RioOnWatchcabecalhoPT11anos-2.png","contentUrl":"https:\/\/rioonwatch.org.br\/wp-content\/uploads\/2021\/06\/RioOnWatchcabecalhoPT11anos-2.png","width":779,"height":277,"caption":"RioOnWatch"},"image":{"@id":"https:\/\/rioonwatch.org.br\/#\/schema\/logo\/image\/"}},{"@type":"Person","@id":"https:\/\/rioonwatch.org.br\/#\/schema\/person\/11d64c290506f9df50c71b850c473f68","name":"Admin","image":{"@type":"ImageObject","inLanguage":"pt-BR","@id":"https:\/\/rioonwatch.org.br\/#\/schema\/person\/image\/","url":"https:\/\/secure.gravatar.com\/avatar\/56211ac74568383903349a1485e3c325?s=96&d=blank&r=g","contentUrl":"https:\/\/secure.gravatar.com\/avatar\/56211ac74568383903349a1485e3c325?s=96&d=blank&r=g","caption":"Admin"},"url":"https:\/\/rioonwatch.org.br\/?author=129"}]}},"_links":{"self":[{"href":"https:\/\/rioonwatch.org.br\/index.php?rest_route=\/wp\/v2\/posts\/3502"}],"collection":[{"href":"https:\/\/rioonwatch.org.br\/index.php?rest_route=\/wp\/v2\/posts"}],"about":[{"href":"https:\/\/rioonwatch.org.br\/index.php?rest_route=\/wp\/v2\/types\/post"}],"author":[{"embeddable":true,"href":"https:\/\/rioonwatch.org.br\/index.php?rest_route=\/wp\/v2\/users\/129"}],"replies":[{"embeddable":true,"href":"https:\/\/rioonwatch.org.br\/index.php?rest_route=%2Fwp%2Fv2%2Fcomments&post=3502"}],"version-history":[{"count":25,"href":"https:\/\/rioonwatch.org.br\/index.php?rest_route=\/wp\/v2\/posts\/3502\/revisions"}],"predecessor-version":[{"id":30756,"href":"https:\/\/rioonwatch.org.br\/index.php?rest_route=\/wp\/v2\/posts\/3502\/revisions\/30756"}],"wp:featuredmedia":[{"embeddable":true,"href":"https:\/\/rioonwatch.org.br\/index.php?rest_route=\/wp\/v2\/media\/3512"}],"wp:attachment":[{"href":"https:\/\/rioonwatch.org.br\/index.php?rest_route=%2Fwp%2Fv2%2Fmedia&parent=3502"}],"wp:term":[{"taxonomy":"category","embeddable":true,"href":"https:\/\/rioonwatch.org.br\/index.php?rest_route=%2Fwp%2Fv2%2Fcategories&post=3502"},{"taxonomy":"post_tag","embeddable":true,"href":"https:\/\/rioonwatch.org.br\/index.php?rest_route=%2Fwp%2Fv2%2Ftags&post=3502"},{"taxonomy":"writer","embeddable":true,"href":"https:\/\/rioonwatch.org.br\/index.php?rest_route=%2Fwp%2Fv2%2Fwriter&post=3502"},{"taxonomy":"translator","embeddable":true,"href":"https:\/\/rioonwatch.org.br\/index.php?rest_route=%2Fwp%2Fv2%2Ftranslator&post=3502"},{"taxonomy":"source","embeddable":true,"href":"https:\/\/rioonwatch.org.br\/index.php?rest_route=%2Fwp%2Fv2%2Fsource&post=3502"},{"taxonomy":"ilustrador","embeddable":true,"href":"https:\/\/rioonwatch.org.br\/index.php?rest_route=%2Fwp%2Fv2%2Filustrador&post=3502"},{"taxonomy":"fotografo","embeddable":true,"href":"https:\/\/rioonwatch.org.br\/index.php?rest_route=%2Fwp%2Fv2%2Ffotografo&post=3502"}],"curies":[{"name":"wp","href":"https:\/\/api.w.org\/{rel}","templated":true}]}}