{"id":35154,"date":"2018-08-02T09:10:27","date_gmt":"2018-08-02T12:10:27","guid":{"rendered":"http:\/\/rioonwatch.org.br\/?p=35154"},"modified":"2026-04-14T10:00:48","modified_gmt":"2026-04-14T13:00:48","slug":"sos-radio-sonda-comunidade-enfrenta-ameaca-de-remocao-a-despeito-de-60-anos-de-historia-na-ilha-do-governador","status":"publish","type":"post","link":"https:\/\/rioonwatch.org.br\/?p=35154","title":{"rendered":"R\u00e1dio Sonda Enfrenta Amea\u00e7a de Remo\u00e7\u00e3o a Despeito de 60 Anos de Hist\u00f3ria na Ilha do Governador"},"content":{"rendered":"<p style=\"text-align: right;\"><em><strong><a href=\"http:\/\/bit.ly\/2mUO3xC\" target=\"_blank\" rel=\"noopener noreferrer\">Click Here for English<img decoding=\"async\" width=\"20\" height=\"20\" class=\"alignright wp-image-15790\" src=\"http:\/\/rioonwatch.org.br\/wp-content\/uploads\/2012\/08\/EN-standard-e1439583104716.jpg\" \/><\/a><\/strong><\/em><\/p>\n<p><span style=\"font-weight: 400;\">Na dia 17 de julho, cinco fam\u00edlias receberam uma ordem de despejo federal na <a href=\"http:\/\/bit.ly\/2Ac29TG\" target=\"_blank\" rel=\"noopener\">R\u00e1dio Sonda<\/a>, uma comunidade de 103 fam\u00edlias localizada na <a href=\"http:\/\/bit.ly\/WximDf\" target=\"_blank\" rel=\"noopener\">Zona Norte<\/a>, perto do Aeroporto Internacional do Rio, na <a href=\"http:\/\/bit.ly\/2xecIQi\" target=\"_blank\" rel=\"noopener\">Ilha do Governador<\/a>. Autoridades militares entraram na comunidade, no dia 23 de julho, fotografando os moradores, suas casas e seus pertences, supostamente com o intuito de registrar as cinco fam\u00edlias sujeitas \u00e0 remo\u00e7\u00e3o. Em resposta, a comunidade&#8211;com o apoio de defensores p\u00fablicos, membros do <a href=\"http:\/\/bit.ly\/2BpcdpN\" target=\"_blank\" rel=\"noopener\">Conselho Popular<\/a> e do deputado estadual <a href=\"http:\/\/bit.ly\/2NQSepo\" target=\"_blank\" rel=\"noopener\">Glauber Braga<\/a>&#8211;reuniu-se na noite seguinte para pensar e debater formas de combater a situa\u00e7\u00e3o.<\/span><\/p>\n<p><span style=\"font-weight: 400;\">Exacerbada pela recente perspectiva de privatiza\u00e7\u00e3o da terra, esta amea\u00e7a recente est\u00e1 dentro do contexto da longa hist\u00f3ria de luta da comunidade contra as tentativas de remo\u00e7\u00e3o pela vizinha <a href=\"http:\/\/bit.ly\/2g6hLws\" target=\"_blank\" rel=\"noopener\">Base da For\u00e7a A\u00e9rea do Gale\u00e3o<\/a><\/span><span style=\"font-weight: 400;\">. Se removidas, essas fam\u00edlias&#8211;que est\u00e3o envolvidas em disputas legais desde 1998&#8211;seriam for\u00e7adas a sa\u00edrem de suas casas sem expectativas de indeniza\u00e7\u00e3o ou alternativas de moradia.<\/span><\/p>\n<p><a href=\"http:\/\/rioonwatch.org.br\/wp-content\/uploads\/2018\/08\/Casa-demolida-Ra\u0301dio-Sonda.jpg\"><img fetchpriority=\"high\" decoding=\"async\" class=\"aligncenter size-content wp-image-35160\" src=\"http:\/\/rioonwatch.org.br\/wp-content\/uploads\/2018\/08\/Casa-demolida-Ra\u0301dio-Sonda-620x264.jpg\" alt=\"\" width=\"620\" height=\"264\" srcset=\"https:\/\/rioonwatch.org.br\/wp-content\/uploads\/2018\/08\/Casa-demolida-Ra\u0301dio-Sonda-620x264.jpg 620w, https:\/\/rioonwatch.org.br\/wp-content\/uploads\/2018\/08\/Casa-demolida-Ra\u0301dio-Sonda-940x400.jpg 940w\" sizes=\"(max-width: 620px) 100vw, 620px\" \/><\/a><\/p>\n<h3><b>Vinte anos de luta contra remo\u00e7\u00f5es<\/b><\/h3>\n<p><span style=\"font-weight: 400;\">Compartilhando uma <a href=\"http:\/\/bit.ly\/2xecIQi\" target=\"_blank\" rel=\"noopener\">luta similar<\/a>\u00a0com a favela vizinha <a href=\"http:\/\/bit.ly\/2wT6J3X\" target=\"_blank\" rel=\"noopener\">Maracaj\u00e1s<\/a>, moradores remontam a origem humilde da R\u00e1dio Sonda quando, h\u00e1 quase 60 anos, dividiram a terra na qual <a href=\"https:\/\/glo.bo\/2uPTqm3\" target=\"_blank\" rel=\"noopener\">se encontrava um mosteiro Beneditino<\/a>. Entretanto, os militares est\u00e3o historicamente presentes na regi\u00e3o desde que o governo desapropriou propriedades para estabelecer o <a href=\"http:\/\/bit.ly\/2NLvYgL\" target=\"_blank\" rel=\"noopener\">Centro de Avia\u00e7\u00e3o Naval do Rio de Janeiro<\/a> em 1923. Sob a administra\u00e7\u00e3o do Presidente Get\u00falio Vargas, o Centro foi ent\u00e3o transformado na Base A\u00e9rea do Gale\u00e3o em 1941 com a <a href=\"http:\/\/bit.ly\/2NPZhip\" target=\"_blank\" rel=\"noopener\">cria\u00e7\u00e3o do Minist\u00e9rio da Aeron\u00e1utica<\/a> e da For\u00e7a A\u00e9rea Brasileira como seu ramo militar. Muitas pessoas envolvidas com as for\u00e7as armadas come\u00e7aram a se estabelecer na regi\u00e3o para estarem mais perto de seu local de trabalho, o que gerou o estabelecimento de v\u00e1rios postos. Por fim, essa expans\u00e3o invadiu os limites da comunidade R\u00e1dio Sonda.<\/span><\/p>\n<p><span style=\"font-weight: 400;\">Segundo os moradores, militares come\u00e7aram a fazer visitas peri\u00f3dicas \u00e0 R\u00e1dio Sonda em 1998, empenhados a registrar as pessoas que moravam na comunidade. Os moradores tamb\u00e9m ficaram sujeitos a regras cada vez mais r\u00edgidas decorrente da necessidade de autoriza\u00e7\u00f5es da Aeron\u00e1utica. Por exemplo, se os moradores desejassem reformar suas casas, trazer grandes pe\u00e7as de mob\u00edlia ou fazer reparos, eles precisavam entrar em contato com a Aeron\u00e1utica para uma avalia\u00e7\u00e3o e para receber autoriza\u00e7\u00e3o de seus pedidos, que raramente eram concedidos.<\/span><\/p>\n<p><span style=\"font-weight: 400;\">Logo depois disso, a R\u00e1dio Sonda recebeu not\u00edcias de que a Aeron\u00e1utica havia iniciado <a href=\"http:\/\/bit.ly\/2g6hLws\" target=\"_blank\" rel=\"noopener\">procedimentos legais para remover<\/a> a comunidade. H\u00e1 cada visita subsequente dos militares, os moradores iam tornando-se cada vez mais apreensivos com a possibilidade de serem removidos a qualquer momento.\u00a0Temendo que declarar reformas em suas casas atrairia aten\u00e7\u00e3o indesejada da Aeron\u00e1utica e aumentaria as chances de remo\u00e7\u00e3o,\u00a0<\/span><span style=\"font-weight: 400;\">moradores come\u00e7aram a transportar materiais de constru\u00e7\u00e3o para a comunidade atrav\u00e9s de uma rota alternativa ou escondendo os materiais em seus carros. Como declarou um morador, &#8220;N\u00f3s n\u00e3o sab\u00edamos sobre o futuro&#8221;. At\u00e9 hoje, alguns moradores da R\u00e1dio Sonda moram em casas inacabadas.<\/span><\/p>\n<p><span style=\"font-weight: 400;\">Em resposta a essas amea\u00e7as de remo\u00e7\u00e3o, a comunidade R\u00e1dio Sonda come\u00e7ou a trabalhar com advogados e defensores p\u00fablicos no tribunal, argumentando que o terreno em que a comunidade estava localizada n\u00e3o pertencia aos militares. Nos anos que se seguiram, a Aeron\u00e1utica n\u00e3o conseguiu deslocar a comunidade.<\/span><\/p>\n<p><a href=\"http:\/\/rioonwatch.org.br\/wp-content\/uploads\/2018\/08\/Muro-\u00c1rea-Militar.jpg\"><img decoding=\"async\" class=\"wp-image-35166 size-content aligncenter\" title=\"&quot;\u00c1rea Militar&quot; pintado em uma muro. Foto: Ag\u00eancia P\u00fablica\" src=\"http:\/\/rioonwatch.org.br\/wp-content\/uploads\/2018\/08\/Muro-\u00c1rea-Militar-620x264.jpg\" alt=\"\" width=\"620\" height=\"264\" srcset=\"https:\/\/rioonwatch.org.br\/wp-content\/uploads\/2018\/08\/Muro-\u00c1rea-Militar-620x264.jpg 620w, https:\/\/rioonwatch.org.br\/wp-content\/uploads\/2018\/08\/Muro-\u00c1rea-Militar-940x400.jpg 940w\" sizes=\"(max-width: 620px) 100vw, 620px\" \/><\/a><\/p>\n<p><span style=\"font-weight: 400;\">Em 2007, a Aeron\u00e1utica come\u00e7ou a demarcar terras pertencentes aos militares. No processo, a favela vizinha, Vila Joaniza, foi declarada como n\u00e3o pertencente \u00e0 Base da For\u00e7a A\u00e9rea do Gale\u00e3o. Livres de sua longa batalha contra a reintegra\u00e7\u00e3o de posse&#8211;uma vez que a Aeron\u00e1utica n\u00e3o podia mais remover esses moradores&#8211;a Vila Joaniza cresceu rapidamente. No entanto, ap\u00f3s a demarca\u00e7\u00e3o, a Aeron\u00e1utica come\u00e7ou a privatizar suas terras e construir muros, circundando a comunidade R\u00e1dio Sonda. At\u00e9 hoje, a R\u00e1dio Sonda n\u00e3o \u00e9 <a href=\"http:\/\/bit.ly\/2xecIQi\" target=\"_blank\" rel=\"noopener\">busc\u00e1vel<\/a>\u00a0em mecanismos como o Google Maps, pois foi cortada da comunidade a qual pertenceu anteriormente. Com um n\u00famero significativamente menor de pessoas resistindo \u00e0 remo\u00e7\u00e3o, moradores temiam que se tornasse mais f\u00e1cil para as for\u00e7as armadas tomar provid\u00eancias ou empregar <a href=\"http:\/\/bit.ly\/4Taticas\" target=\"_blank\" rel=\"noopener\">estrat\u00e9gias de remo\u00e7\u00e3o<\/a> para deslocar a comunidade. Mais uma vez, a comunidade se viu em estado de preocupa\u00e7\u00e3o constante. <\/span><\/p>\n<p><span style=\"font-weight: 400;\">Em 2014, um grupo de moradores se uniu para criar a Associa\u00e7\u00e3o de Moradores da R\u00e1dio Sonda. A associa\u00e7\u00e3o realizou reuni\u00f5es mensais para fortalecer os esfor\u00e7os de resist\u00eancia da comunidade. Como observou um morador, por meio da Associa\u00e7\u00e3o de Moradores, \u201cEstamos mais forte para nos defender da Aeron\u00e1utica. A gente fica mais forte com todo mundo lutando junto\u201d. No entanto, em abril de 2015, a Aeron\u00e1utica entrou com uma a\u00e7\u00e3o judicial especialmente contra um dos membros fundadores da Associa\u00e7\u00e3o de Moradores. Logo em seguida, o processo foi estendido para incluir outras quatro fam\u00edlias que ocupavam a mesma \u00e1rea, ordenando que deixassem suas casas dentro de trinta dias. Apesar da comunidade ter contratado representa\u00e7\u00e3o legal para contestar a Aeron\u00e1utica, o advogado da Aeron\u00e1utica n\u00e3o cooperou e n\u00e3o trabalhou com os membros da comunidade, e, por fim, a <a href=\"http:\/\/bit.ly\/2uVAqTb\" target=\"_blank\" rel=\"noopener\">Aeron\u00e1utica ganhou o direito de remov\u00ea-los<\/a>.<\/span><\/p>\n<p><span style=\"font-weight: 400;\">Em 30 de julho de 2015, v\u00e1rios militares entraram na comunidade em um grande caminh\u00e3o. Um atual morador relembrou a experi\u00eancia: \u201cEles come\u00e7aram a retirar uma fam\u00edlia, com um rapaz deficiente. Eles come\u00e7aram a tirar as coisas da casa e jogar no caminh\u00e3o, todo mundo aqui na rua, sabe. Foi um dia bem ruim para a gente. Era uma casa muito boa [que foi demolida] e o menino estava chorando, e todas as pessoas na rua n\u00e3o podiam fazer nada\u201d. Talvez a pior consequ\u00eancia deste processo de remo\u00e7\u00e3o tenha sido que essas fam\u00edlias n\u00e3o receberam nenhum direito a indeniza\u00e7\u00e3o ou alternativa de moradia de qualquer tipo. As fam\u00edlias perderam suas casas e n\u00e3o tinham para onde ir.<\/span><\/p>\n<p><a href=\"http:\/\/rioonwatch.org.br\/wp-content\/uploads\/2018\/08\/Remo\u00e7\u00e3o-Radio-Sonda-2015.jpg\"><img loading=\"lazy\" decoding=\"async\" class=\"aligncenter wp-image-35185 size-content\" title=\"Remo\u00e7\u00e3o na R\u00e1dio Sonda em 2015. Foto: T\u00e2nia Rego \/ Ag\u00eancia Brasil\" src=\"http:\/\/rioonwatch.org.br\/wp-content\/uploads\/2018\/08\/Remo\u00e7\u00e3o-Radio-Sonda-2015-620x264.jpg\" alt=\"\" width=\"620\" height=\"264\" srcset=\"https:\/\/rioonwatch.org.br\/wp-content\/uploads\/2018\/08\/Remo\u00e7\u00e3o-Radio-Sonda-2015-620x264.jpg 620w, https:\/\/rioonwatch.org.br\/wp-content\/uploads\/2018\/08\/Remo\u00e7\u00e3o-Radio-Sonda-2015-940x400.jpg 940w\" sizes=\"(max-width: 620px) 100vw, 620px\" \/><\/a><\/p>\n<p><span style=\"font-weight: 400;\">Depois que finalmente ocorreu o primeiro ataque de remo\u00e7\u00e3o, ap\u00f3s muitos anos de resist\u00eancia, a associa\u00e7\u00e3o de moradores procurou encontrar uma maneira alternativa de resistir. No mesmo ano, os moradores foram apresentados a um advogado da\u00a0<a href=\"http:\/\/bit.ly\/2NNXzhd\" target=\"_blank\" rel=\"noopener\">Pastoral de Favelas<\/a>, e ao <a href=\"http:\/\/bit.ly\/2JZLbsg\" target=\"_blank\" rel=\"noopener\">Conselho Popular<\/a>, um grupo formado por membros de diversas favelas, defensores p\u00fablicos e uma variedade de outros apoiadores. Nas reuni\u00f5es do Conselho Popular, os moradores restantes da Associa\u00e7\u00e3o de Moradores da R\u00e1dio Sonda compartilharam o que estava acontecendo em sua comunidade e come\u00e7aram a aprender sobre seu direito \u00e0 moradia. Por fim, o Conselho Popular ajudou a organizar dois grandes protestos nas ruas da R\u00e1dio Sonda para aumentar a conscientiza\u00e7\u00e3o sobre o que estava acontecendo dentro da comunidade isolada pelos muros da base militar.<\/span><\/p>\n<p><span style=\"font-weight: 400;\">Os esfor\u00e7os de resist\u00eancia da R\u00e1dio Sonda continuaram a florescer at\u00e9 julho de 2017, quando outro morador e l\u00edder da Associa\u00e7\u00e3o de Moradores da R\u00e1dio Sonda recebeu uma ordem de despejo da Aeron\u00e1utica pedindo que ele e sua fam\u00edlia deixassem sua propriedade em 30 dias. Apesar de trabalhar com um defensor p\u00fablico, eles tamb\u00e9m foram removidos. Ao verem que a <a href=\"http:\/\/bit.ly\/1DNRvh2\" target=\"_blank\" rel=\"noopener\">remo\u00e7\u00e3o direcionada a l\u00edderes comunit\u00e1rios<\/a> n\u00e3o era \u00e0 toa, a<\/span><span style=\"font-weight: 400;\">\u00a0Associa\u00e7\u00e3o de Moradores decidiu se dissolver. Um atual morador refletiu: \u201cQ<\/span><span style=\"font-weight: 400;\">uem tem coragem de ficar \u00e0 frente, podendo se tornar o pr\u00f3ximo?&#8221;<\/span><\/p>\n<p><a href=\"http:\/\/rioonwatch.org.br\/wp-content\/uploads\/2018\/08\/Entulho-Radio-Sonda.jpg\"><img loading=\"lazy\" decoding=\"async\" class=\"aligncenter wp-image-35189 size-content\" title=\"Entulho de uma casa demolida na R\u00e1dio Sonda.\" src=\"http:\/\/rioonwatch.org.br\/wp-content\/uploads\/2018\/08\/Entulho-Radio-Sonda-620x264.jpg\" alt=\"\" width=\"620\" height=\"264\" srcset=\"https:\/\/rioonwatch.org.br\/wp-content\/uploads\/2018\/08\/Entulho-Radio-Sonda-620x264.jpg 620w, https:\/\/rioonwatch.org.br\/wp-content\/uploads\/2018\/08\/Entulho-Radio-Sonda-940x400.jpg 940w\" sizes=\"(max-width: 620px) 100vw, 620px\" \/><\/a><\/p>\n<p><span style=\"font-weight: 400;\">Ap\u00f3s as duas perdas, a moral da comunidade diminuiu significativamente. Muitos moradores <a href=\"http:\/\/bit.ly\/2jTRAbr\" target=\"_blank\" rel=\"noopener\">lutaram com problemas de sa\u00fade mental<\/a> e foram medicados para problemas relacionados ao estresse. Muitos n\u00e3o tiveram for\u00e7as para lutar e desconfiavam muito do processo legal. No entanto, os membros do <a href=\"http:\/\/bit.ly\/2H1dYv4\" target=\"_blank\" rel=\"noopener\">Conselho Popular continuaram a incentivar a comunidade a lutar<\/a>. Mais uma vez, a comunidade finalmente revitalizou seus esfor\u00e7os e iniciou uma parceria com defensores p\u00fablicos que finalmente levaram o processo da R\u00e1dio Sonda \u00e0 justi\u00e7a. Desde ent\u00e3o, a R\u00e1dio Sonda e outras comunidades que comp\u00f5em o Conselho Popular realizaram v\u00e1rios <a href=\"http:\/\/bit.ly\/2zang3S\" target=\"_blank\" rel=\"noopener\">protestos<\/a>, afirmando seu direito \u00e0 moradia adequada e aos servi\u00e7os p\u00fablicos b\u00e1sicos. Moradores da R\u00e1dio Sonda, ao lado de moradores de outras favelas localizadas em \u00e1reas pertencentes ao estado, como <a href=\"http:\/\/bit.ly\/2fDxPch\" target=\"_blank\" rel=\"noopener\">Horto<\/a>, <a href=\"http:\/\/bit.ly\/2skp9KH\" target=\"_blank\" rel=\"noopener\">Ara\u00e7atiba<\/a> e <a href=\"http:\/\/bit.ly\/2s05hOj\" target=\"_blank\" rel=\"noopener\">Vila H\u00edpica<\/a>, <a href=\"http:\/\/bit.ly\/2NQSbdq\" target=\"_blank\" rel=\"noopener\">falaram em uma audi\u00eancia p\u00fablica em Bras\u00edlia<\/a> para conscientizar autoridades federais sobre poss\u00edveis solu\u00e7\u00f5es para essa situa\u00e7\u00e3o.<\/span><\/p>\n<h3><strong><b>Lutas que continuam nos dias de hoje<\/b><\/strong><\/h3>\n<p><span style=\"font-weight: 400;\">Se a ordem de despejo federal emitida em 17 de julho fosse levada a cabo, as cinco fam\u00edlias seriam deslocadas sem indeniza\u00e7\u00e3o e se encontrariam sem alternativas de moradia, com suas casas e propriedades inteiramente desapropriadas pela Aeron\u00e1utica. Al\u00e9m dessa amea\u00e7a eminente, moradores da R\u00e1dio Sonda continuam enfrentando v\u00e1rios problemas no dia a dia. Eles <a href=\"http:\/\/bit.ly\/1ypI59S\" target=\"_blank\" rel=\"noopener\">lutam para receber servi\u00e7os b\u00e1sicos<\/a>, como coleta de lixo, servi\u00e7os de limpeza de ruas e outros servi\u00e7os p\u00fablicos, uma vez que a Aeron\u00e1utica impediu que pessoas de fora (at\u00e9 mesmo os trabalhadores da prefeitura) entrassem espontaneamente. Desse modo, a prefeitura raramente \u00e9 capaz de fornecer servi\u00e7os p\u00fablicos na comunidade.<\/span><\/p>\n<p><a href=\"http:\/\/rioonwatch.org.br\/wp-content\/uploads\/2018\/08\/Radio-Sonda-Graffiti.jpg\"><img loading=\"lazy\" decoding=\"async\" class=\"aligncenter wp-image-35193 size-content\" title=\"Arte comunit\u00e1ria em uma parede na R\u00e1dio Sonda\" src=\"http:\/\/rioonwatch.org.br\/wp-content\/uploads\/2018\/08\/Radio-Sonda-Graffiti-620x264.jpg\" alt=\"\" width=\"620\" height=\"264\" srcset=\"https:\/\/rioonwatch.org.br\/wp-content\/uploads\/2018\/08\/Radio-Sonda-Graffiti-620x264.jpg 620w, https:\/\/rioonwatch.org.br\/wp-content\/uploads\/2018\/08\/Radio-Sonda-Graffiti-768x327.jpg 768w, https:\/\/rioonwatch.org.br\/wp-content\/uploads\/2018\/08\/Radio-Sonda-Graffiti.jpg 940w\" sizes=\"(max-width: 620px) 100vw, 620px\" \/><\/a><\/p>\n<p><span style=\"font-weight: 400;\">Al\u00e9m disso, a luta pela autoriza\u00e7\u00e3o impediu que a comunidade recebesse recursos importantes. Todos os visitantes e moradores devem ter um passe especial para entrar no complexo militar. Os membros da comunidade devem solicitar autoriza\u00e7\u00e3o e libera\u00e7\u00e3o da Aeron\u00e1utica em todos os casos, dificultando a passagem livre das entregas e dos visitantes da comunidade. Conforme observado em comunidades em todo o Rio, essas limita\u00e7\u00f5es impostas ao cotidiano dos moradores constituem <a href=\"http:\/\/bit.ly\/2Oo7yLv\" target=\"_blank\" rel=\"noopener\">t\u00e1ticas estrategicamente empregadas pelas autoridades para facilitar as remo\u00e7\u00f5es<\/a>.\u00a0<\/span>Diante das dificuldades significativas vivenciadas na R\u00e1dio Sonda ao longo dos anos, a persist\u00eancia e os esfor\u00e7os da comunidade para estar mobilizada continuamente s\u00e3o verdadeiras li\u00e7\u00f5es sobre a for\u00e7a da solidariedade e do apoio coletivo.<\/p>\n<!-- AddThis Advanced Settings generic via filter on the_content --><!-- AddThis Share Buttons generic via filter on the_content -->","protected":false},"excerpt":{"rendered":"<div class=\"mh-excerpt\"><p>Click Here for English Na dia 17 de julho, cinco fam\u00edlias receberam uma ordem de despejo federal na R\u00e1dio Sonda, uma comunidade de 103 fam\u00edlias localizada na Zona Norte, perto do Aeroporto Internacional do Rio, <a class=\"mh-excerpt-more\" href=\"https:\/\/rioonwatch.org.br\/?p=35154\" title=\"R\u00e1dio Sonda Enfrenta Amea\u00e7a de Remo\u00e7\u00e3o a Despeito de 60 Anos de Hist\u00f3ria na Ilha do Governador\">[&#8230;]<\/a><!-- AddThis Advanced Settings generic via filter on get_the_excerpt --><!-- AddThis Share Buttons generic via filter on get_the_excerpt --><\/p>\n<\/div>","protected":false},"author":129,"featured_media":35156,"comment_status":"closed","ping_status":"closed","sticky":false,"template":"","format":"standard","meta":{"_acf_changed":false,"_monsterinsights_skip_tracking":false,"_monsterinsights_sitenote_active":false,"_monsterinsights_sitenote_note":"","_monsterinsights_sitenote_category":0,"footnotes":""},"categories":[1614,1621,346,1626],"tags":[2223,2261,655,2218,424,2227,1162,733,2548,2219,2224,1037,358,86,763,2217,14,432,2069,1394,1367,2107,218],"writer":[2320],"translator":[2383],"source":[],"ilustrador":[],"fotografo":[],"class_list":{"0":"post-35154","1":"post","2":"type-post","3":"status-publish","4":"format-standard","5":"has-post-thumbnail","7":"category-olhonasremocoes","8":"category-destaque","9":"category-denuncias","10":"category-por-observadores-internacionais","11":"tag-aeronautica","12":"tag-aracatiba","13":"tag-associacao-de-moradores","14":"tag-conselho-popular","15":"tag-direito-a-moradia","16":"tag-galeao","17":"tag-governo-federal","18":"tag-horto","19":"tag-igreja-catolica","20":"tag-ilha-do-governador","21":"tag-maracajas","22":"tag-moradia","23":"tag-organizacao-comunitaria","24":"tag-pastoral-de-favelas","25":"tag-protesto","26":"tag-radio-sonda","27":"tag-remocao","28":"tag-resistencia","29":"tag-saude-mental","30":"tag-taticas-de-remocao-corte-de-servicos","31":"tag-taticas-de-remocao-dividir-para-conquistar","32":"tag-vila-hipica","33":"tag-zona-norte","34":"writer-sophy-chan","35":"translator-sabrina-fantoni"},"acf":[],"yoast_head":"<!-- This site is optimized with the Yoast SEO plugin v25.6 - https:\/\/yoast.com\/wordpress\/plugins\/seo\/ -->\n<title>R\u00e1dio Sonda Enfrenta Amea\u00e7a de Remo\u00e7\u00e3o a Despeito de 60 Anos de Hist\u00f3ria na Ilha do Governador - RioOnWatch<\/title>\n<meta name=\"robots\" content=\"index, follow, max-snippet:-1, max-image-preview:large, max-video-preview:-1\" \/>\n<link rel=\"canonical\" href=\"https:\/\/rioonwatch.org.br\/?p=35154\" \/>\n<meta property=\"og:locale\" content=\"pt_BR\" \/>\n<meta property=\"og:type\" content=\"article\" \/>\n<meta property=\"og:title\" content=\"R\u00e1dio Sonda Enfrenta Amea\u00e7a de Remo\u00e7\u00e3o a Despeito de 60 Anos de Hist\u00f3ria na Ilha do Governador - RioOnWatch\" \/>\n<meta property=\"og:description\" content=\"Click Here for English Na dia 17 de julho, cinco fam\u00edlias receberam uma ordem de despejo federal na R\u00e1dio Sonda, uma comunidade de 103 fam\u00edlias localizada na Zona Norte, perto do Aeroporto Internacional do Rio, [...]\" \/>\n<meta property=\"og:url\" content=\"https:\/\/rioonwatch.org.br\/?p=35154\" \/>\n<meta property=\"og:site_name\" content=\"RioOnWatch\" \/>\n<meta property=\"article:published_time\" content=\"2018-08-02T12:10:27+00:00\" \/>\n<meta property=\"article:modified_time\" content=\"2026-04-14T13:00:48+00:00\" \/>\n<meta property=\"og:image\" content=\"https:\/\/rioonwatch.org.br\/wp-content\/uploads\/2018\/08\/Radio-Sonda-protesto.jpg\" \/>\n\t<meta property=\"og:image:width\" content=\"2000\" \/>\n\t<meta property=\"og:image:height\" content=\"1065\" \/>\n\t<meta property=\"og:image:type\" content=\"image\/jpeg\" \/>\n<meta name=\"author\" content=\"Admin\" \/>\n<meta name=\"twitter:card\" content=\"summary_large_image\" \/>\n<meta name=\"twitter:label1\" content=\"Escrito por\" \/>\n\t<meta name=\"twitter:data1\" content=\"Admin\" \/>\n\t<meta name=\"twitter:label2\" content=\"Est. tempo de leitura\" \/>\n\t<meta name=\"twitter:data2\" content=\"9 minutos\" \/>\n<script type=\"application\/ld+json\" class=\"yoast-schema-graph\">{\"@context\":\"https:\/\/schema.org\",\"@graph\":[{\"@type\":\"Article\",\"@id\":\"https:\/\/rioonwatch.org.br\/?p=35154#article\",\"isPartOf\":{\"@id\":\"https:\/\/rioonwatch.org.br\/?p=35154\"},\"author\":{\"name\":\"Admin\",\"@id\":\"https:\/\/rioonwatch.org.br\/#\/schema\/person\/11d64c290506f9df50c71b850c473f68\"},\"headline\":\"R\u00e1dio Sonda Enfrenta Amea\u00e7a de Remo\u00e7\u00e3o a Despeito de 60 Anos de Hist\u00f3ria na Ilha do Governador\",\"datePublished\":\"2018-08-02T12:10:27+00:00\",\"dateModified\":\"2026-04-14T13:00:48+00:00\",\"mainEntityOfPage\":{\"@id\":\"https:\/\/rioonwatch.org.br\/?p=35154\"},\"wordCount\":1727,\"publisher\":{\"@id\":\"https:\/\/rioonwatch.org.br\/#organization\"},\"image\":{\"@id\":\"https:\/\/rioonwatch.org.br\/?p=35154#primaryimage\"},\"thumbnailUrl\":\"https:\/\/rioonwatch.org.br\/wp-content\/uploads\/2018\/08\/Radio-Sonda-protesto.jpg\",\"keywords\":[\"Aeron\u00e1utica\",\"Ara\u00e7atiba\",\"Associa\u00e7\u00e3o de Moradores\",\"Conselho Popular\",\"Direito \u00e0 Moradia\",\"Gale\u00e3o\",\"Governo Federal\",\"Horto\",\"Igreja Cat\u00f3lica\",\"Ilha do Governador\",\"Maracaj\u00e1s\",\"moradia\",\"organiza\u00e7\u00e3o comunit\u00e1ria\",\"Pastoral das Favelas\",\"protesto\",\"R\u00e1dio Sonda\",\"Remo\u00e7\u00e3o\",\"resist\u00eancia\",\"sa\u00fade mental\",\"T\u00e1ticas de remo\u00e7\u00e3o: corte de servi\u00e7os\",\"T\u00e1ticas de remo\u00e7\u00e3o: dividir para conquistar\",\"Vila H\u00edpica\",\"Zona Norte\"],\"articleSection\":[\"#OlhoNasRemo\u00e7\u00f5es\",\"*Destaque\",\"Den\u00fancias\",\"Escrito por Aliados\"],\"inLanguage\":\"pt-BR\"},{\"@type\":\"WebPage\",\"@id\":\"https:\/\/rioonwatch.org.br\/?p=35154\",\"url\":\"https:\/\/rioonwatch.org.br\/?p=35154\",\"name\":\"R\u00e1dio Sonda Enfrenta Amea\u00e7a de Remo\u00e7\u00e3o a Despeito de 60 Anos de Hist\u00f3ria na Ilha do Governador - RioOnWatch\",\"isPartOf\":{\"@id\":\"https:\/\/rioonwatch.org.br\/#website\"},\"primaryImageOfPage\":{\"@id\":\"https:\/\/rioonwatch.org.br\/?p=35154#primaryimage\"},\"image\":{\"@id\":\"https:\/\/rioonwatch.org.br\/?p=35154#primaryimage\"},\"thumbnailUrl\":\"https:\/\/rioonwatch.org.br\/wp-content\/uploads\/2018\/08\/Radio-Sonda-protesto.jpg\",\"datePublished\":\"2018-08-02T12:10:27+00:00\",\"dateModified\":\"2026-04-14T13:00:48+00:00\",\"breadcrumb\":{\"@id\":\"https:\/\/rioonwatch.org.br\/?p=35154#breadcrumb\"},\"inLanguage\":\"pt-BR\",\"potentialAction\":[{\"@type\":\"ReadAction\",\"target\":[\"https:\/\/rioonwatch.org.br\/?p=35154\"]}]},{\"@type\":\"ImageObject\",\"inLanguage\":\"pt-BR\",\"@id\":\"https:\/\/rioonwatch.org.br\/?p=35154#primaryimage\",\"url\":\"https:\/\/rioonwatch.org.br\/wp-content\/uploads\/2018\/08\/Radio-Sonda-protesto.jpg\",\"contentUrl\":\"https:\/\/rioonwatch.org.br\/wp-content\/uploads\/2018\/08\/Radio-Sonda-protesto.jpg\",\"width\":2000,\"height\":1065,\"caption\":\"Protesto de moradores da comunidade Radio Sonda contra as remo\u00e7\u00f5es, em 2015. Foto: T\u00e2nia R\u00eago\/Ag\u00eancia Brasil\"},{\"@type\":\"BreadcrumbList\",\"@id\":\"https:\/\/rioonwatch.org.br\/?p=35154#breadcrumb\",\"itemListElement\":[{\"@type\":\"ListItem\",\"position\":1,\"name\":\"In\u00edcio\",\"item\":\"https:\/\/rioonwatch.org.br\/\"},{\"@type\":\"ListItem\",\"position\":2,\"name\":\"R\u00e1dio Sonda Enfrenta Amea\u00e7a de Remo\u00e7\u00e3o a Despeito de 60 Anos de Hist\u00f3ria na Ilha do Governador\"}]},{\"@type\":\"WebSite\",\"@id\":\"https:\/\/rioonwatch.org.br\/#website\",\"url\":\"https:\/\/rioonwatch.org.br\/\",\"name\":\"RioOnWatch\",\"description\":\"relatos das favelas cariocas\",\"publisher\":{\"@id\":\"https:\/\/rioonwatch.org.br\/#organization\"},\"potentialAction\":[{\"@type\":\"SearchAction\",\"target\":{\"@type\":\"EntryPoint\",\"urlTemplate\":\"https:\/\/rioonwatch.org.br\/?s={search_term_string}\"},\"query-input\":{\"@type\":\"PropertyValueSpecification\",\"valueRequired\":true,\"valueName\":\"search_term_string\"}}],\"inLanguage\":\"pt-BR\"},{\"@type\":\"Organization\",\"@id\":\"https:\/\/rioonwatch.org.br\/#organization\",\"name\":\"RioOnWatch\",\"url\":\"https:\/\/rioonwatch.org.br\/\",\"logo\":{\"@type\":\"ImageObject\",\"inLanguage\":\"pt-BR\",\"@id\":\"https:\/\/rioonwatch.org.br\/#\/schema\/logo\/image\/\",\"url\":\"https:\/\/rioonwatch.org.br\/wp-content\/uploads\/2021\/06\/RioOnWatchcabecalhoPT11anos-2.png\",\"contentUrl\":\"https:\/\/rioonwatch.org.br\/wp-content\/uploads\/2021\/06\/RioOnWatchcabecalhoPT11anos-2.png\",\"width\":779,\"height\":277,\"caption\":\"RioOnWatch\"},\"image\":{\"@id\":\"https:\/\/rioonwatch.org.br\/#\/schema\/logo\/image\/\"}},{\"@type\":\"Person\",\"@id\":\"https:\/\/rioonwatch.org.br\/#\/schema\/person\/11d64c290506f9df50c71b850c473f68\",\"name\":\"Admin\",\"image\":{\"@type\":\"ImageObject\",\"inLanguage\":\"pt-BR\",\"@id\":\"https:\/\/rioonwatch.org.br\/#\/schema\/person\/image\/\",\"url\":\"https:\/\/secure.gravatar.com\/avatar\/56211ac74568383903349a1485e3c325?s=96&d=blank&r=g\",\"contentUrl\":\"https:\/\/secure.gravatar.com\/avatar\/56211ac74568383903349a1485e3c325?s=96&d=blank&r=g\",\"caption\":\"Admin\"},\"url\":\"https:\/\/rioonwatch.org.br\/?author=129\"}]}<\/script>\n<!-- \/ Yoast SEO plugin. -->","yoast_head_json":{"title":"R\u00e1dio Sonda Enfrenta Amea\u00e7a de Remo\u00e7\u00e3o a Despeito de 60 Anos de Hist\u00f3ria na Ilha do Governador - RioOnWatch","robots":{"index":"index","follow":"follow","max-snippet":"max-snippet:-1","max-image-preview":"max-image-preview:large","max-video-preview":"max-video-preview:-1"},"canonical":"https:\/\/rioonwatch.org.br\/?p=35154","og_locale":"pt_BR","og_type":"article","og_title":"R\u00e1dio Sonda Enfrenta Amea\u00e7a de Remo\u00e7\u00e3o a Despeito de 60 Anos de Hist\u00f3ria na Ilha do Governador - RioOnWatch","og_description":"Click Here for English Na dia 17 de julho, cinco fam\u00edlias receberam uma ordem de despejo federal na R\u00e1dio Sonda, uma comunidade de 103 fam\u00edlias localizada na Zona Norte, perto do Aeroporto Internacional do Rio, [...]","og_url":"https:\/\/rioonwatch.org.br\/?p=35154","og_site_name":"RioOnWatch","article_published_time":"2018-08-02T12:10:27+00:00","article_modified_time":"2026-04-14T13:00:48+00:00","og_image":[{"width":2000,"height":1065,"url":"https:\/\/rioonwatch.org.br\/wp-content\/uploads\/2018\/08\/Radio-Sonda-protesto.jpg","type":"image\/jpeg"}],"author":"Admin","twitter_card":"summary_large_image","twitter_misc":{"Escrito por":"Admin","Est. tempo de leitura":"9 minutos"},"schema":{"@context":"https:\/\/schema.org","@graph":[{"@type":"Article","@id":"https:\/\/rioonwatch.org.br\/?p=35154#article","isPartOf":{"@id":"https:\/\/rioonwatch.org.br\/?p=35154"},"author":{"name":"Admin","@id":"https:\/\/rioonwatch.org.br\/#\/schema\/person\/11d64c290506f9df50c71b850c473f68"},"headline":"R\u00e1dio Sonda Enfrenta Amea\u00e7a de Remo\u00e7\u00e3o a Despeito de 60 Anos de Hist\u00f3ria na Ilha do Governador","datePublished":"2018-08-02T12:10:27+00:00","dateModified":"2026-04-14T13:00:48+00:00","mainEntityOfPage":{"@id":"https:\/\/rioonwatch.org.br\/?p=35154"},"wordCount":1727,"publisher":{"@id":"https:\/\/rioonwatch.org.br\/#organization"},"image":{"@id":"https:\/\/rioonwatch.org.br\/?p=35154#primaryimage"},"thumbnailUrl":"https:\/\/rioonwatch.org.br\/wp-content\/uploads\/2018\/08\/Radio-Sonda-protesto.jpg","keywords":["Aeron\u00e1utica","Ara\u00e7atiba","Associa\u00e7\u00e3o de Moradores","Conselho Popular","Direito \u00e0 Moradia","Gale\u00e3o","Governo Federal","Horto","Igreja Cat\u00f3lica","Ilha do Governador","Maracaj\u00e1s","moradia","organiza\u00e7\u00e3o comunit\u00e1ria","Pastoral das Favelas","protesto","R\u00e1dio Sonda","Remo\u00e7\u00e3o","resist\u00eancia","sa\u00fade mental","T\u00e1ticas de remo\u00e7\u00e3o: corte de servi\u00e7os","T\u00e1ticas de remo\u00e7\u00e3o: dividir para conquistar","Vila H\u00edpica","Zona Norte"],"articleSection":["#OlhoNasRemo\u00e7\u00f5es","*Destaque","Den\u00fancias","Escrito por Aliados"],"inLanguage":"pt-BR"},{"@type":"WebPage","@id":"https:\/\/rioonwatch.org.br\/?p=35154","url":"https:\/\/rioonwatch.org.br\/?p=35154","name":"R\u00e1dio Sonda Enfrenta Amea\u00e7a de Remo\u00e7\u00e3o a Despeito de 60 Anos de Hist\u00f3ria na Ilha do Governador - RioOnWatch","isPartOf":{"@id":"https:\/\/rioonwatch.org.br\/#website"},"primaryImageOfPage":{"@id":"https:\/\/rioonwatch.org.br\/?p=35154#primaryimage"},"image":{"@id":"https:\/\/rioonwatch.org.br\/?p=35154#primaryimage"},"thumbnailUrl":"https:\/\/rioonwatch.org.br\/wp-content\/uploads\/2018\/08\/Radio-Sonda-protesto.jpg","datePublished":"2018-08-02T12:10:27+00:00","dateModified":"2026-04-14T13:00:48+00:00","breadcrumb":{"@id":"https:\/\/rioonwatch.org.br\/?p=35154#breadcrumb"},"inLanguage":"pt-BR","potentialAction":[{"@type":"ReadAction","target":["https:\/\/rioonwatch.org.br\/?p=35154"]}]},{"@type":"ImageObject","inLanguage":"pt-BR","@id":"https:\/\/rioonwatch.org.br\/?p=35154#primaryimage","url":"https:\/\/rioonwatch.org.br\/wp-content\/uploads\/2018\/08\/Radio-Sonda-protesto.jpg","contentUrl":"https:\/\/rioonwatch.org.br\/wp-content\/uploads\/2018\/08\/Radio-Sonda-protesto.jpg","width":2000,"height":1065,"caption":"Protesto de moradores da comunidade Radio Sonda contra as remo\u00e7\u00f5es, em 2015. Foto: T\u00e2nia R\u00eago\/Ag\u00eancia Brasil"},{"@type":"BreadcrumbList","@id":"https:\/\/rioonwatch.org.br\/?p=35154#breadcrumb","itemListElement":[{"@type":"ListItem","position":1,"name":"In\u00edcio","item":"https:\/\/rioonwatch.org.br\/"},{"@type":"ListItem","position":2,"name":"R\u00e1dio Sonda Enfrenta Amea\u00e7a de Remo\u00e7\u00e3o a Despeito de 60 Anos de Hist\u00f3ria na Ilha do Governador"}]},{"@type":"WebSite","@id":"https:\/\/rioonwatch.org.br\/#website","url":"https:\/\/rioonwatch.org.br\/","name":"RioOnWatch","description":"relatos das favelas cariocas","publisher":{"@id":"https:\/\/rioonwatch.org.br\/#organization"},"potentialAction":[{"@type":"SearchAction","target":{"@type":"EntryPoint","urlTemplate":"https:\/\/rioonwatch.org.br\/?s={search_term_string}"},"query-input":{"@type":"PropertyValueSpecification","valueRequired":true,"valueName":"search_term_string"}}],"inLanguage":"pt-BR"},{"@type":"Organization","@id":"https:\/\/rioonwatch.org.br\/#organization","name":"RioOnWatch","url":"https:\/\/rioonwatch.org.br\/","logo":{"@type":"ImageObject","inLanguage":"pt-BR","@id":"https:\/\/rioonwatch.org.br\/#\/schema\/logo\/image\/","url":"https:\/\/rioonwatch.org.br\/wp-content\/uploads\/2021\/06\/RioOnWatchcabecalhoPT11anos-2.png","contentUrl":"https:\/\/rioonwatch.org.br\/wp-content\/uploads\/2021\/06\/RioOnWatchcabecalhoPT11anos-2.png","width":779,"height":277,"caption":"RioOnWatch"},"image":{"@id":"https:\/\/rioonwatch.org.br\/#\/schema\/logo\/image\/"}},{"@type":"Person","@id":"https:\/\/rioonwatch.org.br\/#\/schema\/person\/11d64c290506f9df50c71b850c473f68","name":"Admin","image":{"@type":"ImageObject","inLanguage":"pt-BR","@id":"https:\/\/rioonwatch.org.br\/#\/schema\/person\/image\/","url":"https:\/\/secure.gravatar.com\/avatar\/56211ac74568383903349a1485e3c325?s=96&d=blank&r=g","contentUrl":"https:\/\/secure.gravatar.com\/avatar\/56211ac74568383903349a1485e3c325?s=96&d=blank&r=g","caption":"Admin"},"url":"https:\/\/rioonwatch.org.br\/?author=129"}]}},"_links":{"self":[{"href":"https:\/\/rioonwatch.org.br\/index.php?rest_route=\/wp\/v2\/posts\/35154"}],"collection":[{"href":"https:\/\/rioonwatch.org.br\/index.php?rest_route=\/wp\/v2\/posts"}],"about":[{"href":"https:\/\/rioonwatch.org.br\/index.php?rest_route=\/wp\/v2\/types\/post"}],"author":[{"embeddable":true,"href":"https:\/\/rioonwatch.org.br\/index.php?rest_route=\/wp\/v2\/users\/129"}],"replies":[{"embeddable":true,"href":"https:\/\/rioonwatch.org.br\/index.php?rest_route=%2Fwp%2Fv2%2Fcomments&post=35154"}],"version-history":[{"count":27,"href":"https:\/\/rioonwatch.org.br\/index.php?rest_route=\/wp\/v2\/posts\/35154\/revisions"}],"predecessor-version":[{"id":35238,"href":"https:\/\/rioonwatch.org.br\/index.php?rest_route=\/wp\/v2\/posts\/35154\/revisions\/35238"}],"wp:featuredmedia":[{"embeddable":true,"href":"https:\/\/rioonwatch.org.br\/index.php?rest_route=\/wp\/v2\/media\/35156"}],"wp:attachment":[{"href":"https:\/\/rioonwatch.org.br\/index.php?rest_route=%2Fwp%2Fv2%2Fmedia&parent=35154"}],"wp:term":[{"taxonomy":"category","embeddable":true,"href":"https:\/\/rioonwatch.org.br\/index.php?rest_route=%2Fwp%2Fv2%2Fcategories&post=35154"},{"taxonomy":"post_tag","embeddable":true,"href":"https:\/\/rioonwatch.org.br\/index.php?rest_route=%2Fwp%2Fv2%2Ftags&post=35154"},{"taxonomy":"writer","embeddable":true,"href":"https:\/\/rioonwatch.org.br\/index.php?rest_route=%2Fwp%2Fv2%2Fwriter&post=35154"},{"taxonomy":"translator","embeddable":true,"href":"https:\/\/rioonwatch.org.br\/index.php?rest_route=%2Fwp%2Fv2%2Ftranslator&post=35154"},{"taxonomy":"source","embeddable":true,"href":"https:\/\/rioonwatch.org.br\/index.php?rest_route=%2Fwp%2Fv2%2Fsource&post=35154"},{"taxonomy":"ilustrador","embeddable":true,"href":"https:\/\/rioonwatch.org.br\/index.php?rest_route=%2Fwp%2Fv2%2Filustrador&post=35154"},{"taxonomy":"fotografo","embeddable":true,"href":"https:\/\/rioonwatch.org.br\/index.php?rest_route=%2Fwp%2Fv2%2Ffotografo&post=35154"}],"curies":[{"name":"wp","href":"https:\/\/api.w.org\/{rel}","templated":true}]}}