{"id":35202,"date":"2018-08-11T12:42:07","date_gmt":"2018-08-11T15:42:07","guid":{"rendered":"http:\/\/rioonwatch.org.br\/?p=35202"},"modified":"2018-08-28T12:40:28","modified_gmt":"2018-08-28T15:40:28","slug":"abrascao-em-manguinhos-parte-2-a-favela-ocupa-os-espacos-academicos-entrevista","status":"publish","type":"post","link":"https:\/\/rioonwatch.org.br\/?p=35202","title":{"rendered":"ABRASC\u00c3O em Manguinhos Parte 2: A Favela Ocupa os Espa\u00e7os Acad\u00eamicos [ENTREVISTA]"},"content":{"rendered":"<p style=\"text-align: right;\"><em><strong><a href=\"http:\/\/bit.ly\/2MlmBYO\" target=\"_blank\" rel=\"noopener noreferrer\">Click Here for English<img decoding=\"async\" width=\"20\" height=\"20\" class=\"alignright wp-image-15790\" src=\"http:\/\/rioonwatch.org.br\/wp-content\/uploads\/2012\/08\/EN-standard-e1439583104716.jpg\" \/><\/a><\/strong><\/em><\/p>\n<p><em>Esta \u00e9 a segunda mat\u00e9ria, de uma\u00a0s\u00e9rie\u00a0de duas partes, que traz entrevistas com dois integrantes das mesas do\u00a0<a href=\"http:\/\/bit.ly\/2O6prgM\" target=\"_blank\" rel=\"noopener\">12\u00b0 Congresso Brasileiro de Sa\u00fade Coletiva<\/a> (ABRASC\u00c3O) em <a href=\"http:\/\/bit.ly\/ZC9b6z\" target=\"_blank\" rel=\"noopener\">Manguinhos<\/a>. Leia a primeira parte <a href=\"http:\/\/bit.ly\/2McnhyU\" target=\"_blank\" rel=\"noopener\">aqui<\/a>.<\/em><\/p>\n<p>Na <a href=\"http:\/\/bit.ly\/2McnhyU\" target=\"_blank\" rel=\"noopener\">primeira mat\u00e9ria<\/a> sobre o 12\u00b0 Congresso Brasileiro de Sa\u00fade Coletiva (ABRASC\u00c3O) relatamos sobre a import\u00e2ncia de se discutir sobre sa\u00fade coletiva, o fortalecimento de direitos, especialmente do acesso aos servi\u00e7os p\u00fablicos de sa\u00fade, atrav\u00e9s da entrevista com Leon\u00eddio Santos, coordenador da Coopera\u00e7\u00e3o Social da <a href=\"http:\/\/bit.ly\/2vIXZML\" target=\"_blank\" rel=\"noopener\">Fiocruz<\/a>.<\/p>\n<p>Como forma de popularizar o debate, o <em>Fala Manguinhos!<\/em> realizou em\u00a0<a href=\"http:\/\/bit.ly\/2HFDQ1z\" target=\"_blank\" rel=\"noopener\">sua p\u00e1gina<\/a> a cobertura do evento, transmitindo v\u00eddeos ao vivo.\u00a0Um dos momentos que capturamos foi uma importante fala de Patr\u00edcia Evangelista, moradora de Manguinhos, militante e s\u00f3cia-fundadora da <a href=\"http:\/\/bit.ly\/2xx8eFa\" target=\"_blank\" rel=\"noopener\">Organiza\u00e7\u00e3o Mulheres de Atitude<\/a>.<\/p>\n<h3>Confira abaixo:<\/h3>\n<p><iframe style=\"border: none; overflow: hidden;\" src=\"https:\/\/www.facebook.com\/plugins\/video.php?href=https%3A%2F%2Fwww.facebook.com%2Ffalamanguinhos%2Fvideos%2F1765821933454068%2F&amp;show_text=0&amp;width=267\" width=\"267\" height=\"476\" frameborder=\"0\" scrolling=\"no\" allowfullscreen=\"allowfullscreen\"><\/iframe><\/p>\n<p>Tivemos ainda a oportunidade de conversar um pouco mais com Patr\u00edcia, que nos relatou sobre a rela\u00e7\u00e3o entre as discuss\u00f5es feitas no evento e o territ\u00f3rio de Manguinhos, onde ele ocorreu, e como os moradores ocuparam o espa\u00e7o do evento para debater as suas demandas.<\/p>\n<h3>Edilano Cavalcante:\u00a0<strong>Patr\u00edcia, voc\u00ea participou da <a href=\"http:\/\/bit.ly\/2M1rFkf\" target=\"_blank\" rel=\"noopener\">mesa de abertura em homenagem \u00e0 Marielle Franco<\/a>, mencionando o desmonte do <a href=\"http:\/\/bit.ly\/2Mpd1QH\" target=\"_blank\" rel=\"noopener\">SUS<\/a> e as viola\u00e7\u00f5es de direitos que t\u00eam ocorrido nos \u00faltimos meses. Qual \u00e9 a import\u00e2ncia de falar sobre direito \u00e0 vida e sobre o adoecimento di\u00e1rio de n\u00f3s favelados por conta da &#8220;guerra \u00e0s drogas&#8221; em um evento como esse? Como voc\u00ea v\u00ea a rela\u00e7\u00e3o da sa\u00fade p\u00fablica com a seguran\u00e7a p\u00fablica nas favelas?<\/strong><\/h3>\n<p><strong>Patr\u00edcia Evangelista:\u00a0<\/strong>A &#8220;guerra \u00e0s drogas&#8221;<a href=\"http:\/\/bit.ly\/28UpNn7\" target=\"_blank\" rel=\"noopener\"> \u00e9 a desculpa dada pela sociedade<\/a>, por meio dos \u00f3rg\u00e3os do Estado respons\u00e1veis pela seguran\u00e7a p\u00fablica, para cometer todo tipo de viol\u00eancia e de viola\u00e7\u00e3o de direitos na favela, inclusive violando a direito [dos moradores] de exercer seu direito de ir e vir nesses territ\u00f3rios e de se deslocar para outros lugares da cidade. Essa pol\u00edtica de \u201cguerras \u00e0s drogas&#8221; serve para cometer o genoc\u00eddio da popula\u00e7\u00e3o da favela e mant\u00ea-la sob controle e, de prefer\u00eancia, isolada na favela, <a href=\"http:\/\/bit.ly\/1PHlaNC\" target=\"_blank\" rel=\"noopener\">evitando sua circula\u00e7\u00e3o pela cidade<\/a>.<\/p>\n<p><a href=\"http:\/\/rioonwatch.org.br\/wp-content\/uploads\/2018\/08\/pat-abrasco-2018-foto-Anallu-pinto-1-e1533315170438.jpeg\"><img fetchpriority=\"high\" decoding=\"async\" class=\"aligncenter wp-image-35251 size-content\" title=\"Patr\u00edcia Evangelista participa da mesa de abertura em homenagem \u00e0 Marielle Franco. Foto: Anallu Pinto.\" src=\"http:\/\/rioonwatch.org.br\/wp-content\/uploads\/2018\/08\/pat-abrasco-2018-foto-Anallu-pinto-1-e1533315170438-620x264.jpeg\" alt=\"\" width=\"620\" height=\"264\" \/><\/a><\/p>\n<h3>EC:\u00a0<strong>A partir de suas experi\u00eancias e viv\u00eancias dentro de Manguinhos, construindo junto aos movimentos e debatendo sobre justi\u00e7a e direitos, o que voc\u00ea acredita que deveria constar no relat\u00f3rio final da ABRASC\u00c3O para impactar diretamente a sa\u00fade de pessoas moradoras de \u00e1reas de favela?<\/strong><\/h3>\n<p><strong>Patr\u00edcia:<\/strong> No meu entender, acho que n\u00e3o \u00e9 poss\u00edvel produzir justi\u00e7a, direitos e, em especial, sa\u00fade nas favelas sem uma participa\u00e7\u00e3o efetiva de quem vive nesses lugares. As <a href=\"http:\/\/bit.ly\/1uRzOcM\" target=\"_blank\" rel=\"noopener\">favelas surgem da necessidade das pessoas de constru\u00edrem uma alternativa de moradia<\/a> em uma sociedade que n\u00e3o garante para a maioria das pessoas as condi\u00e7\u00f5es m\u00ednimas necess\u00e1rias a uma vida com sa\u00fade. N\u00f3s temos uma sociedade estruturada em torno de uma concentra\u00e7\u00e3o de renda, que \u00e9 produtora de uma extrema desigualdade social. Essa injusti\u00e7a social que produz as favelas, acaba caracterizando-as como um territ\u00f3rio no qual a popula\u00e7\u00e3o sofre uma intensa e continuada viola\u00e7\u00e3o de direitos, onde as pessoas vivem uma realidade sem as condi\u00e7\u00f5es b\u00e1sicas para uma vida com sa\u00fade. Um territ\u00f3rio no qual impera um estado de opress\u00e3o e de exce\u00e7\u00e3o. [O relat\u00f3rio deve] mostrar as desigualdades produzidas tamb\u00e9m pelos servi\u00e7os p\u00fablicos, e que a viol\u00eancia estrutural est\u00e1 colocada no nosso cotidiano.<\/p>\n<p><a href=\"http:\/\/rioonwatch.org.br\/wp-content\/uploads\/2018\/08\/IMG_20180728_105539311_HDR-1-1.jpg\"><img decoding=\"async\" class=\"aligncenter wp-image-35255 size-content\" title=\"Homenagem a Marcos Vin\u00edcius no Favela Ocupa ABRASC\u00c3O. Foto: Edilano Cavalcante.\" src=\"http:\/\/rioonwatch.org.br\/wp-content\/uploads\/2018\/08\/IMG_20180728_105539311_HDR-1-1-620x264.jpg\" alt=\"\" width=\"620\" height=\"264\" srcset=\"https:\/\/rioonwatch.org.br\/wp-content\/uploads\/2018\/08\/IMG_20180728_105539311_HDR-1-1-620x264.jpg 620w, https:\/\/rioonwatch.org.br\/wp-content\/uploads\/2018\/08\/IMG_20180728_105539311_HDR-1-1-940x400.jpg 940w\" sizes=\"(max-width: 620px) 100vw, 620px\" \/><\/a><\/p>\n<h3>EC: E c<strong>omo voc\u00ea v\u00ea a participa\u00e7\u00e3o dos moradores de Manguinhos no congresso?<\/strong><\/h3>\n<p><strong>Patr\u00edcia:<\/strong> A participa\u00e7\u00e3o de moradores de Manguinhos nas atividades do ABRASC\u00c3O foi restrita \u00e0 participa\u00e7\u00e3o de oito pessoas inscritas pelo <a href=\"http:\/\/bit.ly\/2OpAi5s\" target=\"_blank\" rel=\"noopener\">Conselho Gestor Intersetorial de Manguinhos<\/a> que atuaram na condi\u00e7\u00e3o de p\u00fablico desse evento, al\u00e9m de tr\u00eas ou quatro moradores que foram convidados a participarem de mesas no evento. Foram convites feitos a esses indiv\u00edduos n\u00e3o pela condi\u00e7\u00e3o dessas pessoas serem moradoras de Manguinhos e sim por outros motivos, como as suas inser\u00e7\u00f5es nas discuss\u00f5es sobre as tem\u00e1ticas que estavam sendo debatidas na mesa. Essa falta de participa\u00e7\u00e3o coletiva da favela de Manguinhos na constru\u00e7\u00e3o de atividades desse evento nos mostra que o <a href=\"http:\/\/bit.ly\/2Kee0Bk\" target=\"_blank\" rel=\"noopener\">conhecimento e o saber popular ainda n\u00e3o s\u00e3o valorizados<\/a>. Esse abismo incomodou um grupo de moradores e trabalhadores de Manguinhos e levou \u00e0 organiza\u00e7\u00e3o do \u201cFavela Ocupa ABRASC\u00c3O\u201d. Considerei essa atividade uma excelente oportunidade para trazer para o ABRASC\u00c3O 2018 a possibilidade de uma aproxima\u00e7\u00e3o com a realidade de Manguinhos, territ\u00f3rio que abrigou esse evento. Assim como outras favelas do Rio de Janeiro, os moradores t\u00eam muito a dizer sobre o tema desse congresso: \u201cFortalecer o SUS, os Direitos e a Democracia\u201d. E \u00e9 claro que eu n\u00e3o poderia deixar de divulgar essa atividade no final da minha fala na mesa de abertura do ABRASC\u00c3O 2018.<\/p>\n<p><a href=\"http:\/\/rioonwatch.org.br\/wp-content\/uploads\/2018\/08\/ocupa-abrasc\u00e3o.jpg\"><img loading=\"lazy\" decoding=\"async\" class=\"aligncenter wp-image-35247 size-content\" title=\"Favela Ocupa ABRASC\u00c3O. Foto: Edilano Cavalcante.\" src=\"http:\/\/rioonwatch.org.br\/wp-content\/uploads\/2018\/08\/ocupa-abrasc\u00e3o-620x264.jpg\" alt=\"\" width=\"620\" height=\"264\" srcset=\"https:\/\/rioonwatch.org.br\/wp-content\/uploads\/2018\/08\/ocupa-abrasc\u00e3o-620x264.jpg 620w, https:\/\/rioonwatch.org.br\/wp-content\/uploads\/2018\/08\/ocupa-abrasc\u00e3o-940x400.jpg 940w\" sizes=\"(max-width: 620px) 100vw, 620px\" \/><\/a><\/p>\n<p>O\u00a0\u201cFavela Ocupa ABRASC\u00c3O\u201d incluiu uma roda de conversa e uma exibi\u00e7\u00e3o de um document\u00e1rio sobre as <a href=\"http:\/\/bit.ly\/13FZ1HC\" target=\"_blank\" rel=\"noopener\">enchentes que frequentemente assolam<\/a> Manguinhos, acompanhados por um caf\u00e9 da manh\u00e3 organizado coletivamente, no dia 28 pela manh\u00e3. Na roda de conversa discutiu-se sobre as din\u00e2micas de sa\u00fade e doen\u00e7a na favela e como a viol\u00eancia em suas diferentes manifesta\u00e7\u00f5es impacta na sa\u00fade dos moradores, e no final foi produzido um documento com propostas para o enfrentamento dessas quest\u00f5es de sa\u00fade e tamb\u00e9m quest\u00f5es sociais, pol\u00edticas e culturais que perpassam a favela.<\/p>\n<h3>Confira um trecho da conversa que transmitimos na nossa p\u00e1gina do Facebook:<\/h3>\n<p><iframe style=\"border: none; overflow: hidden;\" src=\"https:\/\/www.facebook.com\/plugins\/video.php?href=https%3A%2F%2Fwww.facebook.com%2Ffalamanguinhos%2Fvideos%2F1768926359810292%2F&amp;show_text=0&amp;width=500\" width=\"267\" height=\"476\" frameborder=\"0\" scrolling=\"no\" allowfullscreen=\"allowfullscreen\"><\/iframe><\/p>\n<p><em>Mat\u00e9ria escrita por Edilano Cavalcante e produzida por parceria entre RioOnWatch e\u00a0<a href=\"http:\/\/bit.ly\/2sFMSDN\" target=\"_blank\" rel=\"noopener\">Fala Manguinhos!<\/a>. Edilano \u00e9 coordenador da ag\u00eancia de comunica\u00e7\u00e3o comunit\u00e1ria Fala Manguinos!. Como pr\u00e1tica de comunica\u00e7\u00e3o comunit\u00e1ria produzida por e para Manguinhos, o Fala Manguinhos! tem em sua origem a defesa dos direitos humanos e ambientais, promo\u00e7\u00e3o de cidadania e sa\u00fade com a participa\u00e7\u00e3o direta dos moradores e moradoras nas decis\u00f5es que envolvem a Ag\u00eancia de Comunica\u00e7\u00e3o Comunit\u00e1ria de Manguinhos, a partir dos encontros do grupo de comunica\u00e7\u00e3o do Conselho Comunit\u00e1rio.\u00a0Siga o Fala Manguinhos pelo\u00a0<a href=\"http:\/\/bit.ly\/2tJCn2e\" target=\"_blank\" rel=\"noopener\">Facebook aqui<\/a>.<\/em><\/p>\n<!-- AddThis Advanced Settings generic via filter on the_content --><!-- AddThis Share Buttons generic via filter on the_content -->","protected":false},"excerpt":{"rendered":"<div class=\"mh-excerpt\"><p>Click Here for English Esta \u00e9 a segunda mat\u00e9ria, de uma\u00a0s\u00e9rie\u00a0de duas partes, que traz entrevistas com dois integrantes das mesas do\u00a012\u00b0 Congresso Brasileiro de Sa\u00fade Coletiva (ABRASC\u00c3O) em Manguinhos. Leia a primeira parte aqui. <a class=\"mh-excerpt-more\" href=\"https:\/\/rioonwatch.org.br\/?p=35202\" title=\"ABRASC\u00c3O em Manguinhos Parte 2: A Favela Ocupa os Espa\u00e7os Acad\u00eamicos [ENTREVISTA]\">[&#8230;]<\/a><!-- AddThis Advanced Settings generic via filter on get_the_excerpt --><!-- AddThis Share Buttons generic via filter on get_the_excerpt --><\/p>\n<\/div>","protected":false},"author":152,"featured_media":35253,"comment_status":"closed","ping_status":"closed","sticky":false,"template":"","format":"standard","meta":{"_acf_changed":false,"_monsterinsights_skip_tracking":false,"_monsterinsights_sitenote_active":false,"_monsterinsights_sitenote_note":"","_monsterinsights_sitenote_category":0,"footnotes":""},"categories":[1618,1621,1627,1629,1625,1613],"tags":[1917,709,413,338,937,922,2174,2146,2253,636,2033,304,359,1511,294,782,920,218],"writer":[2199],"translator":[],"source":[],"ilustrador":[],"fotografo":[],"class_list":{"0":"post-35202","1":"post","2":"type-post","3":"status-publish","4":"format-standard","5":"has-post-thumbnail","7":"category-olhonaparticipacao","8":"category-destaque","9":"category-relato-de-evento","10":"category-entrevistas-e-perfis","11":"category-por-correspondentes-comunitarios","12":"category-midia-comunitaria","13":"tag-comunidade-x-academia","14":"tag-debate","15":"tag-desigualdade","16":"tag-direito","17":"tag-direito-de-ir-e-vir","18":"tag-evento","19":"tag-fala-manguinhos","20":"tag-fiocruz","21":"tag-guerra-as-drogas","22":"tag-manguinhos","23":"tag-marielle-franco","24":"tag-participacao","25":"tag-participacao-zero","26":"tag-politica-de-seguranca","27":"tag-saude","28":"tag-sus","29":"tag-violencia-de-estado","30":"tag-zona-norte","31":"writer-edilano-cavalcante"},"acf":[],"yoast_head":"<!-- This site is optimized with the Yoast SEO plugin v25.6 - https:\/\/yoast.com\/wordpress\/plugins\/seo\/ -->\n<title>ABRASC\u00c3O em Manguinhos Parte 2: A Favela Ocupa os Espa\u00e7os Acad\u00eamicos [ENTREVISTA] - RioOnWatch<\/title>\n<meta name=\"robots\" content=\"index, follow, max-snippet:-1, max-image-preview:large, max-video-preview:-1\" \/>\n<link rel=\"canonical\" href=\"https:\/\/rioonwatch.org.br\/?p=35202\" \/>\n<meta property=\"og:locale\" content=\"pt_BR\" \/>\n<meta property=\"og:type\" content=\"article\" \/>\n<meta property=\"og:title\" content=\"ABRASC\u00c3O em Manguinhos Parte 2: A Favela Ocupa os Espa\u00e7os Acad\u00eamicos [ENTREVISTA] - RioOnWatch\" \/>\n<meta property=\"og:description\" content=\"Click Here for English Esta \u00e9 a segunda mat\u00e9ria, de uma\u00a0s\u00e9rie\u00a0de duas partes, que traz entrevistas com dois integrantes das mesas do\u00a012\u00b0 Congresso Brasileiro de Sa\u00fade Coletiva (ABRASC\u00c3O) em Manguinhos. Leia a primeira parte aqui. [...]\" \/>\n<meta property=\"og:url\" content=\"https:\/\/rioonwatch.org.br\/?p=35202\" \/>\n<meta property=\"og:site_name\" content=\"RioOnWatch\" \/>\n<meta property=\"article:published_time\" content=\"2018-08-11T15:42:07+00:00\" \/>\n<meta property=\"article:modified_time\" content=\"2018-08-28T15:40:28+00:00\" \/>\n<meta property=\"og:image\" content=\"https:\/\/rioonwatch.org.br\/wp-content\/uploads\/2018\/08\/IMG_20180728_114033434-2-scaled.jpg\" \/>\n\t<meta property=\"og:image:width\" content=\"2560\" \/>\n\t<meta property=\"og:image:height\" content=\"1440\" \/>\n\t<meta property=\"og:image:type\" content=\"image\/jpeg\" \/>\n<meta name=\"author\" content=\"Luisa Fenizola\" \/>\n<meta name=\"twitter:card\" content=\"summary_large_image\" \/>\n<meta name=\"twitter:label1\" content=\"Escrito por\" \/>\n\t<meta name=\"twitter:data1\" content=\"Luisa Fenizola\" \/>\n\t<meta name=\"twitter:label2\" content=\"Est. tempo de leitura\" \/>\n\t<meta name=\"twitter:data2\" content=\"5 minutos\" \/>\n<script type=\"application\/ld+json\" class=\"yoast-schema-graph\">{\"@context\":\"https:\/\/schema.org\",\"@graph\":[{\"@type\":\"Article\",\"@id\":\"https:\/\/rioonwatch.org.br\/?p=35202#article\",\"isPartOf\":{\"@id\":\"https:\/\/rioonwatch.org.br\/?p=35202\"},\"author\":{\"name\":\"Luisa Fenizola\",\"@id\":\"https:\/\/rioonwatch.org.br\/#\/schema\/person\/f443c6b55bb6e80842280318076491c5\"},\"headline\":\"ABRASC\u00c3O em Manguinhos Parte 2: A Favela Ocupa os Espa\u00e7os Acad\u00eamicos [ENTREVISTA]\",\"datePublished\":\"2018-08-11T15:42:07+00:00\",\"dateModified\":\"2018-08-28T15:40:28+00:00\",\"mainEntityOfPage\":{\"@id\":\"https:\/\/rioonwatch.org.br\/?p=35202\"},\"wordCount\":1088,\"publisher\":{\"@id\":\"https:\/\/rioonwatch.org.br\/#organization\"},\"image\":{\"@id\":\"https:\/\/rioonwatch.org.br\/?p=35202#primaryimage\"},\"thumbnailUrl\":\"https:\/\/rioonwatch.org.br\/wp-content\/uploads\/2018\/08\/IMG_20180728_114033434-2-scaled.jpg\",\"keywords\":[\"comunidade x academia\",\"debate\",\"desigualdade\",\"direito\",\"direito de ir e vir\",\"evento\",\"Fala Manguinhos\",\"Fiocruz\",\"guerra \u00e0s drogas\",\"Manguinhos\",\"Marielle Franco\",\"participa\u00e7\u00e3o\",\"participa\u00e7\u00e3o zero\",\"pol\u00edtica de seguran\u00e7a\",\"sa\u00fade\",\"SUS\",\"viol\u00eancia de Estado\",\"Zona Norte\"],\"articleSection\":[\"#OlhoNaParticipa\u00e7\u00e3o\",\"*Destaque\",\"Cobertura de Eventos\",\"Entrevistas e Perfis\",\"Escrito por Comunicadores Populares\",\"M\u00eddia Comunit\u00e1ria\"],\"inLanguage\":\"pt-BR\"},{\"@type\":\"WebPage\",\"@id\":\"https:\/\/rioonwatch.org.br\/?p=35202\",\"url\":\"https:\/\/rioonwatch.org.br\/?p=35202\",\"name\":\"ABRASC\u00c3O em Manguinhos Parte 2: A Favela Ocupa os Espa\u00e7os Acad\u00eamicos [ENTREVISTA] - RioOnWatch\",\"isPartOf\":{\"@id\":\"https:\/\/rioonwatch.org.br\/#website\"},\"primaryImageOfPage\":{\"@id\":\"https:\/\/rioonwatch.org.br\/?p=35202#primaryimage\"},\"image\":{\"@id\":\"https:\/\/rioonwatch.org.br\/?p=35202#primaryimage\"},\"thumbnailUrl\":\"https:\/\/rioonwatch.org.br\/wp-content\/uploads\/2018\/08\/IMG_20180728_114033434-2-scaled.jpg\",\"datePublished\":\"2018-08-11T15:42:07+00:00\",\"dateModified\":\"2018-08-28T15:40:28+00:00\",\"breadcrumb\":{\"@id\":\"https:\/\/rioonwatch.org.br\/?p=35202#breadcrumb\"},\"inLanguage\":\"pt-BR\",\"potentialAction\":[{\"@type\":\"ReadAction\",\"target\":[\"https:\/\/rioonwatch.org.br\/?p=35202\"]}]},{\"@type\":\"ImageObject\",\"inLanguage\":\"pt-BR\",\"@id\":\"https:\/\/rioonwatch.org.br\/?p=35202#primaryimage\",\"url\":\"https:\/\/rioonwatch.org.br\/wp-content\/uploads\/2018\/08\/IMG_20180728_114033434-2-scaled.jpg\",\"contentUrl\":\"https:\/\/rioonwatch.org.br\/wp-content\/uploads\/2018\/08\/IMG_20180728_114033434-2-scaled.jpg\",\"width\":2560,\"height\":1440},{\"@type\":\"BreadcrumbList\",\"@id\":\"https:\/\/rioonwatch.org.br\/?p=35202#breadcrumb\",\"itemListElement\":[{\"@type\":\"ListItem\",\"position\":1,\"name\":\"In\u00edcio\",\"item\":\"https:\/\/rioonwatch.org.br\/\"},{\"@type\":\"ListItem\",\"position\":2,\"name\":\"ABRASC\u00c3O em Manguinhos Parte 2: A Favela Ocupa os Espa\u00e7os Acad\u00eamicos [ENTREVISTA]\"}]},{\"@type\":\"WebSite\",\"@id\":\"https:\/\/rioonwatch.org.br\/#website\",\"url\":\"https:\/\/rioonwatch.org.br\/\",\"name\":\"RioOnWatch\",\"description\":\"relatos das favelas cariocas\",\"publisher\":{\"@id\":\"https:\/\/rioonwatch.org.br\/#organization\"},\"potentialAction\":[{\"@type\":\"SearchAction\",\"target\":{\"@type\":\"EntryPoint\",\"urlTemplate\":\"https:\/\/rioonwatch.org.br\/?s={search_term_string}\"},\"query-input\":{\"@type\":\"PropertyValueSpecification\",\"valueRequired\":true,\"valueName\":\"search_term_string\"}}],\"inLanguage\":\"pt-BR\"},{\"@type\":\"Organization\",\"@id\":\"https:\/\/rioonwatch.org.br\/#organization\",\"name\":\"RioOnWatch\",\"url\":\"https:\/\/rioonwatch.org.br\/\",\"logo\":{\"@type\":\"ImageObject\",\"inLanguage\":\"pt-BR\",\"@id\":\"https:\/\/rioonwatch.org.br\/#\/schema\/logo\/image\/\",\"url\":\"https:\/\/rioonwatch.org.br\/wp-content\/uploads\/2021\/06\/RioOnWatchcabecalhoPT11anos-2.png\",\"contentUrl\":\"https:\/\/rioonwatch.org.br\/wp-content\/uploads\/2021\/06\/RioOnWatchcabecalhoPT11anos-2.png\",\"width\":779,\"height\":277,\"caption\":\"RioOnWatch\"},\"image\":{\"@id\":\"https:\/\/rioonwatch.org.br\/#\/schema\/logo\/image\/\"}},{\"@type\":\"Person\",\"@id\":\"https:\/\/rioonwatch.org.br\/#\/schema\/person\/f443c6b55bb6e80842280318076491c5\",\"name\":\"Luisa Fenizola\",\"image\":{\"@type\":\"ImageObject\",\"inLanguage\":\"pt-BR\",\"@id\":\"https:\/\/rioonwatch.org.br\/#\/schema\/person\/image\/\",\"url\":\"https:\/\/secure.gravatar.com\/avatar\/a3d551110162b9f876cbbdaaecf75663?s=96&d=blank&r=g\",\"contentUrl\":\"https:\/\/secure.gravatar.com\/avatar\/a3d551110162b9f876cbbdaaecf75663?s=96&d=blank&r=g\",\"caption\":\"Luisa Fenizola\"},\"url\":\"https:\/\/rioonwatch.org.br\/?author=152\"}]}<\/script>\n<!-- \/ Yoast SEO plugin. -->","yoast_head_json":{"title":"ABRASC\u00c3O em Manguinhos Parte 2: A Favela Ocupa os Espa\u00e7os Acad\u00eamicos [ENTREVISTA] - RioOnWatch","robots":{"index":"index","follow":"follow","max-snippet":"max-snippet:-1","max-image-preview":"max-image-preview:large","max-video-preview":"max-video-preview:-1"},"canonical":"https:\/\/rioonwatch.org.br\/?p=35202","og_locale":"pt_BR","og_type":"article","og_title":"ABRASC\u00c3O em Manguinhos Parte 2: A Favela Ocupa os Espa\u00e7os Acad\u00eamicos [ENTREVISTA] - RioOnWatch","og_description":"Click Here for English Esta \u00e9 a segunda mat\u00e9ria, de uma\u00a0s\u00e9rie\u00a0de duas partes, que traz entrevistas com dois integrantes das mesas do\u00a012\u00b0 Congresso Brasileiro de Sa\u00fade Coletiva (ABRASC\u00c3O) em Manguinhos. Leia a primeira parte aqui. [...]","og_url":"https:\/\/rioonwatch.org.br\/?p=35202","og_site_name":"RioOnWatch","article_published_time":"2018-08-11T15:42:07+00:00","article_modified_time":"2018-08-28T15:40:28+00:00","og_image":[{"width":2560,"height":1440,"url":"https:\/\/rioonwatch.org.br\/wp-content\/uploads\/2018\/08\/IMG_20180728_114033434-2-scaled.jpg","type":"image\/jpeg"}],"author":"Luisa Fenizola","twitter_card":"summary_large_image","twitter_misc":{"Escrito por":"Luisa Fenizola","Est. tempo de leitura":"5 minutos"},"schema":{"@context":"https:\/\/schema.org","@graph":[{"@type":"Article","@id":"https:\/\/rioonwatch.org.br\/?p=35202#article","isPartOf":{"@id":"https:\/\/rioonwatch.org.br\/?p=35202"},"author":{"name":"Luisa Fenizola","@id":"https:\/\/rioonwatch.org.br\/#\/schema\/person\/f443c6b55bb6e80842280318076491c5"},"headline":"ABRASC\u00c3O em Manguinhos Parte 2: A Favela Ocupa os Espa\u00e7os Acad\u00eamicos [ENTREVISTA]","datePublished":"2018-08-11T15:42:07+00:00","dateModified":"2018-08-28T15:40:28+00:00","mainEntityOfPage":{"@id":"https:\/\/rioonwatch.org.br\/?p=35202"},"wordCount":1088,"publisher":{"@id":"https:\/\/rioonwatch.org.br\/#organization"},"image":{"@id":"https:\/\/rioonwatch.org.br\/?p=35202#primaryimage"},"thumbnailUrl":"https:\/\/rioonwatch.org.br\/wp-content\/uploads\/2018\/08\/IMG_20180728_114033434-2-scaled.jpg","keywords":["comunidade x academia","debate","desigualdade","direito","direito de ir e vir","evento","Fala Manguinhos","Fiocruz","guerra \u00e0s drogas","Manguinhos","Marielle Franco","participa\u00e7\u00e3o","participa\u00e7\u00e3o zero","pol\u00edtica de seguran\u00e7a","sa\u00fade","SUS","viol\u00eancia de Estado","Zona Norte"],"articleSection":["#OlhoNaParticipa\u00e7\u00e3o","*Destaque","Cobertura de Eventos","Entrevistas e Perfis","Escrito por Comunicadores Populares","M\u00eddia Comunit\u00e1ria"],"inLanguage":"pt-BR"},{"@type":"WebPage","@id":"https:\/\/rioonwatch.org.br\/?p=35202","url":"https:\/\/rioonwatch.org.br\/?p=35202","name":"ABRASC\u00c3O em Manguinhos Parte 2: A Favela Ocupa os Espa\u00e7os Acad\u00eamicos [ENTREVISTA] - RioOnWatch","isPartOf":{"@id":"https:\/\/rioonwatch.org.br\/#website"},"primaryImageOfPage":{"@id":"https:\/\/rioonwatch.org.br\/?p=35202#primaryimage"},"image":{"@id":"https:\/\/rioonwatch.org.br\/?p=35202#primaryimage"},"thumbnailUrl":"https:\/\/rioonwatch.org.br\/wp-content\/uploads\/2018\/08\/IMG_20180728_114033434-2-scaled.jpg","datePublished":"2018-08-11T15:42:07+00:00","dateModified":"2018-08-28T15:40:28+00:00","breadcrumb":{"@id":"https:\/\/rioonwatch.org.br\/?p=35202#breadcrumb"},"inLanguage":"pt-BR","potentialAction":[{"@type":"ReadAction","target":["https:\/\/rioonwatch.org.br\/?p=35202"]}]},{"@type":"ImageObject","inLanguage":"pt-BR","@id":"https:\/\/rioonwatch.org.br\/?p=35202#primaryimage","url":"https:\/\/rioonwatch.org.br\/wp-content\/uploads\/2018\/08\/IMG_20180728_114033434-2-scaled.jpg","contentUrl":"https:\/\/rioonwatch.org.br\/wp-content\/uploads\/2018\/08\/IMG_20180728_114033434-2-scaled.jpg","width":2560,"height":1440},{"@type":"BreadcrumbList","@id":"https:\/\/rioonwatch.org.br\/?p=35202#breadcrumb","itemListElement":[{"@type":"ListItem","position":1,"name":"In\u00edcio","item":"https:\/\/rioonwatch.org.br\/"},{"@type":"ListItem","position":2,"name":"ABRASC\u00c3O em Manguinhos Parte 2: A Favela Ocupa os Espa\u00e7os Acad\u00eamicos [ENTREVISTA]"}]},{"@type":"WebSite","@id":"https:\/\/rioonwatch.org.br\/#website","url":"https:\/\/rioonwatch.org.br\/","name":"RioOnWatch","description":"relatos das favelas cariocas","publisher":{"@id":"https:\/\/rioonwatch.org.br\/#organization"},"potentialAction":[{"@type":"SearchAction","target":{"@type":"EntryPoint","urlTemplate":"https:\/\/rioonwatch.org.br\/?s={search_term_string}"},"query-input":{"@type":"PropertyValueSpecification","valueRequired":true,"valueName":"search_term_string"}}],"inLanguage":"pt-BR"},{"@type":"Organization","@id":"https:\/\/rioonwatch.org.br\/#organization","name":"RioOnWatch","url":"https:\/\/rioonwatch.org.br\/","logo":{"@type":"ImageObject","inLanguage":"pt-BR","@id":"https:\/\/rioonwatch.org.br\/#\/schema\/logo\/image\/","url":"https:\/\/rioonwatch.org.br\/wp-content\/uploads\/2021\/06\/RioOnWatchcabecalhoPT11anos-2.png","contentUrl":"https:\/\/rioonwatch.org.br\/wp-content\/uploads\/2021\/06\/RioOnWatchcabecalhoPT11anos-2.png","width":779,"height":277,"caption":"RioOnWatch"},"image":{"@id":"https:\/\/rioonwatch.org.br\/#\/schema\/logo\/image\/"}},{"@type":"Person","@id":"https:\/\/rioonwatch.org.br\/#\/schema\/person\/f443c6b55bb6e80842280318076491c5","name":"Luisa Fenizola","image":{"@type":"ImageObject","inLanguage":"pt-BR","@id":"https:\/\/rioonwatch.org.br\/#\/schema\/person\/image\/","url":"https:\/\/secure.gravatar.com\/avatar\/a3d551110162b9f876cbbdaaecf75663?s=96&d=blank&r=g","contentUrl":"https:\/\/secure.gravatar.com\/avatar\/a3d551110162b9f876cbbdaaecf75663?s=96&d=blank&r=g","caption":"Luisa Fenizola"},"url":"https:\/\/rioonwatch.org.br\/?author=152"}]}},"_links":{"self":[{"href":"https:\/\/rioonwatch.org.br\/index.php?rest_route=\/wp\/v2\/posts\/35202"}],"collection":[{"href":"https:\/\/rioonwatch.org.br\/index.php?rest_route=\/wp\/v2\/posts"}],"about":[{"href":"https:\/\/rioonwatch.org.br\/index.php?rest_route=\/wp\/v2\/types\/post"}],"author":[{"embeddable":true,"href":"https:\/\/rioonwatch.org.br\/index.php?rest_route=\/wp\/v2\/users\/152"}],"replies":[{"embeddable":true,"href":"https:\/\/rioonwatch.org.br\/index.php?rest_route=%2Fwp%2Fv2%2Fcomments&post=35202"}],"version-history":[{"count":22,"href":"https:\/\/rioonwatch.org.br\/index.php?rest_route=\/wp\/v2\/posts\/35202\/revisions"}],"predecessor-version":[{"id":35922,"href":"https:\/\/rioonwatch.org.br\/index.php?rest_route=\/wp\/v2\/posts\/35202\/revisions\/35922"}],"wp:featuredmedia":[{"embeddable":true,"href":"https:\/\/rioonwatch.org.br\/index.php?rest_route=\/wp\/v2\/media\/35253"}],"wp:attachment":[{"href":"https:\/\/rioonwatch.org.br\/index.php?rest_route=%2Fwp%2Fv2%2Fmedia&parent=35202"}],"wp:term":[{"taxonomy":"category","embeddable":true,"href":"https:\/\/rioonwatch.org.br\/index.php?rest_route=%2Fwp%2Fv2%2Fcategories&post=35202"},{"taxonomy":"post_tag","embeddable":true,"href":"https:\/\/rioonwatch.org.br\/index.php?rest_route=%2Fwp%2Fv2%2Ftags&post=35202"},{"taxonomy":"writer","embeddable":true,"href":"https:\/\/rioonwatch.org.br\/index.php?rest_route=%2Fwp%2Fv2%2Fwriter&post=35202"},{"taxonomy":"translator","embeddable":true,"href":"https:\/\/rioonwatch.org.br\/index.php?rest_route=%2Fwp%2Fv2%2Ftranslator&post=35202"},{"taxonomy":"source","embeddable":true,"href":"https:\/\/rioonwatch.org.br\/index.php?rest_route=%2Fwp%2Fv2%2Fsource&post=35202"},{"taxonomy":"ilustrador","embeddable":true,"href":"https:\/\/rioonwatch.org.br\/index.php?rest_route=%2Fwp%2Fv2%2Filustrador&post=35202"},{"taxonomy":"fotografo","embeddable":true,"href":"https:\/\/rioonwatch.org.br\/index.php?rest_route=%2Fwp%2Fv2%2Ffotografo&post=35202"}],"curies":[{"name":"wp","href":"https:\/\/api.w.org\/{rel}","templated":true}]}}