{"id":35269,"date":"2018-09-12T11:20:20","date_gmt":"2018-09-12T14:20:20","guid":{"rendered":"http:\/\/rioonwatch.org.br\/?p=35269"},"modified":"2024-06-20T16:25:02","modified_gmt":"2024-06-20T19:25:02","slug":"o-que-esperar-da-politica-brasileira-em-2018-parte-6-candidaturas-das-favelas","status":"publish","type":"post","link":"https:\/\/rioonwatch.org.br\/?p=35269","title":{"rendered":"O Que Esperar da Pol\u00edtica Brasileira em 2018? Parte 6: Candidaturas das Favelas"},"content":{"rendered":"<p style=\"text-align: right;\"><em><strong><a href=\"http:\/\/bit.ly\/2QEZjLW\" target=\"_blank\" rel=\"noopener noreferrer\">Click Here for English<img decoding=\"async\" width=\"20\" height=\"20\" class=\"alignright wp-image-15790\" src=\"http:\/\/rioonwatch.org.br\/wp-content\/uploads\/2012\/08\/EN-standard-e1439583104716.jpg\" \/><\/a><\/strong><\/em><\/p>\n<p><em>Esta \u00e9 a sexta mat\u00e9ria de uma\u00a0<a href=\"http:\/\/bit.ly\/EleicoesRio2018\" target=\"_blank\" rel=\"noopener\">s\u00e9rie<\/a>\u00a0sobre o cen\u00e1rio pol\u00edtico brasileiro para 2018.<\/em><\/p>\n<p>A rea\u00e7\u00e3o imediata \u00e0 morte da <a href=\"http:\/\/bit.ly\/2uHq4VY\" target=\"_blank\" rel=\"noopener\">Marielle Franco<\/a>, para al\u00e9m da dor profunda, foi o fortalecimento do <a href=\"http:\/\/bit.ly\/2nnz2EH\" target=\"_blank\" rel=\"noopener\">seu legado<\/a>, frequentemente associado \u00e0 frase \u201cquiseram te enterrar, mas n\u00e3o sabiam que eras semente\u201d. E como semente, Marielle brotou na multiplica\u00e7\u00e3o de candidaturas de mulheres negras de favela. Antes de Marielle, as \u00fanicas mulheres negras e faveladas a ocupar posi\u00e7\u00e3o legislativa no estado do Rio haviam sido <a href=\"http:\/\/bit.ly\/2oIbXgz\" target=\"_blank\" rel=\"noopener\">Benedita da Silva<\/a>\u00a0do <a href=\"http:\/\/bit.ly\/2MrGlcN\" target=\"_blank\" rel=\"noopener\">Chap\u00e9u Mangueira<\/a>, e <a href=\"https:\/\/glo.bo\/2NhfErv\" target=\"_blank\" rel=\"noopener\">Jurema Batista<\/a>\u00a0do <a href=\"http:\/\/bit.ly\/2Adwh2a\" target=\"_blank\" rel=\"noopener\">morro do Andara\u00ed<\/a>.<\/p>\n<p><a href=\"http:\/\/bit.ly\/2OjDLCY\" target=\"_blank\" rel=\"noopener\">Nessas elei\u00e7\u00f5es<\/a>, 46% dos candidatos registrados em todo o territ\u00f3rio nacional <a href=\"https:\/\/bbc.in\/2wLGcrh\" target=\"_blank\" rel=\"noopener\">se auto declararam negros ou pardos<\/a>, um percentual alto, mas ainda abaixo da representa\u00e7\u00e3o desse grupo na popula\u00e7\u00e3o brasileira, que \u00e9 de cerca de 55%.\u00a0No estado do Rio, <a href=\"http:\/\/bit.ly\/2oFH5NQ\" target=\"_blank\" rel=\"noopener\">o percentual de candidatos pretos e pardos \u00e9 de 48%<\/a>. Esse percentual \u00e9 maior para os cargos de deputado estadual (49%) e federal (46%), e menor para senadores (30%) e governadores (33%).\u00a0Mulheres, por sua vez, s\u00e3o 31% dos candidatos apesar de serem <a href=\"http:\/\/bit.ly\/2CLzFT9\" target=\"_blank\" rel=\"noopener\">51% da popula\u00e7\u00e3o<\/a>&#8211;o que tamb\u00e9m \u00e9 um avan\u00e7o, se comparado aos <a href=\"http:\/\/bit.ly\/2Q7VvTm\" target=\"_blank\" rel=\"noopener\">14,5% nas elei\u00e7\u00f5es para vereador em 2016<\/a>, e reflexo direto da nova regra eleitoral que determina que <a href=\"http:\/\/bit.ly\/2O6FTi5\" target=\"_blank\" rel=\"noopener\">30% dos candidatos lan\u00e7ados por um partido sejam mulheres<\/a>. Mulheres pretas e pardas, no entanto, s\u00e3o <a href=\"http:\/\/bit.ly\/2AgGOJZ\" target=\"_blank\" rel=\"noopener\">27% da popula\u00e7\u00e3o<\/a> por\u00e9m apenas 16% dos candidatos.<\/p>\n<p>Se ainda falta representatividade dentre os candidatos, a representatividade dentre os eleitos \u00e9 pior ainda: <a href=\"http:\/\/bit.ly\/2Q7VvTm\" target=\"_blank\" rel=\"noopener\">somente 0,6% dos vereadores eleitos em 2016 foram mulheres negras<\/a>\u00a0e <a href=\"http:\/\/bit.ly\/2muXXFP\" target=\"_blank\" rel=\"noopener\">entre deputados federais, 0,39%<\/a>.<\/p>\n<p>J\u00e1 no que diz respeito ao territ\u00f3rio de origem dos candidatos, o Tribunal Superior Eleitoral n\u00e3o coleta informa\u00e7\u00f5es para al\u00e9m do munic\u00edpio de nascimento, de forma que n\u00e3o \u00e9 poss\u00edvel mensurar o percentual dos candidatos que s\u00e3o nascidos ou moram em favelas. Para al\u00e9m do mundialmente conhecido Rom\u00e1rio, candidato a governador nascido na favela do\u00a0<a href=\"http:\/\/bit.ly\/19t7wK0\" target=\"_blank\" rel=\"noopener\">Jacarezinho<\/a>, buscamos aqui destacar algumas candidaturas de moradores de favelas e quilombos do Rio de Janeiro aos cargos de deputado estadual e federal.<\/p>\n<h2>Confira abaixo candidatos a deputado estadual:<\/h2>\n<h3>Claudete Costa,\u00a0Cidade de Deus\u00a0(PT)<\/h3>\n<p><a href=\"http:\/\/rioonwatch.org.br\/wp-content\/uploads\/2018\/09\/claudete-cdd-foto-coca-cola.jpg\"><img fetchpriority=\"high\" decoding=\"async\" class=\"aligncenter wp-image-36086 size-content\" title=\"Claudete Costa atuando com coleta seletiva nos Jogos Ol\u00edmpicos. Foto: Reprodu\u00e7\u00e3o Coca-Cola.\" src=\"http:\/\/rioonwatch.org.br\/wp-content\/uploads\/2018\/09\/claudete-cdd-foto-coca-cola-596x264.jpg\" alt=\"\" width=\"596\" height=\"264\" \/><\/a><\/p>\n<h4>&#8220;Voc\u00ea n\u00e3o me enxerga mas vai me ouvir&#8221;<\/h4>\n<p><a href=\"http:\/\/bit.ly\/2wKLoec\" target=\"_blank\" rel=\"noopener\">Claudete Costa<\/a> esteve <a href=\"http:\/\/bit.ly\/2deYUii\" target=\"_blank\" rel=\"noopener\">em situa\u00e7\u00e3o de rua<\/a> durante a inf\u00e2ncia e a adolesc\u00eancia na regi\u00e3o da Candel\u00e1ria, Centro do Rio. <a href=\"https:\/\/glo.bo\/2Cr1pMm\" target=\"_blank\" rel=\"noopener\">No dia da chacina, sobreviveu pois estava trabalhando com a m\u00e3e na Pra\u00e7a XV<\/a>. \u00c9 <a href=\"http:\/\/bit.ly\/2MnSdYQ\" target=\"_blank\" rel=\"noopener\">catadora de materiais recicl\u00e1veis<\/a> desde os 10 anos de idade, hoje vive na Cidade de Deus e \u00e9 a primeira mulher coordenadora do <a href=\"http:\/\/bit.ly\/2N0yioh\" target=\"_blank\" rel=\"noopener\">Movimento Nacional dos Catadores no Rio de Janeiro<\/a>. Militou pela coleta seletiva dos res\u00edduos da Copa e das Olimp\u00edadas.<em> Conhe\u00e7a a campanha no\u00a0<a href=\"http:\/\/bit.ly\/2O8EgQd\" target=\"_blank\" rel=\"noopener\">Facebook<\/a>.<\/em><\/p>\n<h3>Dani Monteiro, S\u00e3o Carlos (PSOL)*<\/h3>\n<p><a href=\"http:\/\/rioonwatch.org.br\/wp-content\/uploads\/2018\/09\/Roda-antiproibicionista-Dani-Monteiro-Mi\u0301dia-Ninja1.jpg\"><img decoding=\"async\" class=\"aligncenter size-content wp-image-36443\" src=\"http:\/\/rioonwatch.org.br\/wp-content\/uploads\/2018\/09\/Roda-antiproibicionista-Dani-Monteiro-Mi\u0301dia-Ninja1-620x264.jpg\" alt=\"\" width=\"620\" height=\"264\" srcset=\"https:\/\/rioonwatch.org.br\/wp-content\/uploads\/2018\/09\/Roda-antiproibicionista-Dani-Monteiro-Mi\u0301dia-Ninja1-620x264.jpg 620w, https:\/\/rioonwatch.org.br\/wp-content\/uploads\/2018\/09\/Roda-antiproibicionista-Dani-Monteiro-Mi\u0301dia-Ninja1-940x400.jpg 940w\" sizes=\"(max-width: 620px) 100vw, 620px\" \/><\/a><\/p>\n<h4>&#8220;Jovem negra e feminista para ocupar a ALERJ&#8221;<\/h4>\n<p><span style=\"font-weight: 400;\">Dani nasceu e cresceu na favela do Zinco, no <\/span><a href=\"http:\/\/bit.ly\/252TdqG\"><span style=\"font-weight: 400;\">Complexo do S\u00e3o Carlos<\/span><\/a><span style=\"font-weight: 400;\">, no Centro do Rio, e atualmente reside no <\/span><a href=\"http:\/\/bit.ly\/ZC9b6z\"><span style=\"font-weight: 400;\">Complexo de Manguinhos<\/span><\/a><span style=\"font-weight: 400;\">, na Zona Norte. Filha de pais negros e av\u00f3s nordestinos migrantes, come\u00e7ou a trabalhar com o pai aos 15 anos, com distribui\u00e7\u00e3o de hortifruti em restaurantes, enquanto sua m\u00e3e trabalhava como dom\u00e9stica. \u00c9 estudante cotista da <\/span><a href=\"http:\/\/bit.ly\/2pzyYBq\"><span style=\"font-weight: 400;\">UERJ<\/span><\/a><span style=\"font-weight: 400;\"> do curso de Ci\u00eancias Sociais, parte da primeira gera\u00e7\u00e3o da fam\u00edlia a acessar a universidade. Foi assessora no mandato da Marielle, \u00e9 parte do <\/span><a href=\"http:\/\/bit.ly\/2xjgX02\"><span style=\"font-weight: 400;\">Movimento Negro Unificado<\/span><\/a><span style=\"font-weight: 400;\"> (MNU) e fundadora do <\/span><a href=\"http:\/\/bit.ly\/2xhmXWU\"><span style=\"font-weight: 400;\">Movimento RUA Juventude Anticapitalista<\/span><\/a><span style=\"font-weight: 400;\">. Suas pautas incluem feminismo, direito \u00e0 cidade, educa\u00e7\u00e3o p\u00fablica e juventude. <\/span><em><span style=\"font-weight: 400;\">Conhe\u00e7a a campanha no <\/span><a href=\"http:\/\/bit.ly\/2MO352T\"><span style=\"font-weight: 400;\">Facebook<\/span><\/a><span style=\"font-weight: 400;\">.<\/span><\/em><\/p>\n<h3>Edna Gomes, Mar\u00e9 (PPS)<\/h3>\n<p style=\"text-align: center;\"><a href=\"http:\/\/rioonwatch.org.br\/wp-content\/uploads\/2018\/09\/Edna-Gomes-da-Mare.jpg\"><img loading=\"lazy\" decoding=\"async\" class=\"alignnone wp-image-36268 size-content\" title=\"Edna Gomes em campanha. Foto: Reprodu\u00e7\u00e3o Facebook\" src=\"http:\/\/rioonwatch.org.br\/wp-content\/uploads\/2018\/09\/Edna-Gomes-da-Mare-620x264.jpg\" alt=\"\" width=\"620\" height=\"264\" srcset=\"https:\/\/rioonwatch.org.br\/wp-content\/uploads\/2018\/09\/Edna-Gomes-da-Mare-620x264.jpg 620w, https:\/\/rioonwatch.org.br\/wp-content\/uploads\/2018\/09\/Edna-Gomes-da-Mare-940x400.jpg 940w\" sizes=\"(max-width: 620px) 100vw, 620px\" \/><\/a><\/p>\n<h4>&#8220;A vida \u00e9 feita de sobreviventes, de pessoas que lutam todos os dias&#8221;<\/h4>\n<p>Edna Gomes\u00a0\u00e9 natural do Maranh\u00e3o, onde come\u00e7ou sua atua\u00e7\u00e3o pol\u00edtica na luta pela emancipa\u00e7\u00e3o do seu munic\u00edpio. Mora desde 1998 na\u00a0<a href=\"http:\/\/bit.ly\/29y251c\" target=\"_blank\" rel=\"noopener\">Vila do Jo\u00e3o<\/a>, no\u00a0<a href=\"http:\/\/bit.ly\/10BvARw\" target=\"_blank\" rel=\"noopener\">Complexo da Mar\u00e9<\/a>, onde fundou a ONG <a href=\"http:\/\/bit.ly\/2wHjJeg\" target=\"_blank\" rel=\"noopener\">Nova Dire\u00e7\u00e3o<\/a>, que oferece capacita\u00e7\u00e3o profissional a jovens. J\u00e1 trabalhou como vendedora, diarista e auxiliar de escrit\u00f3rio e est\u00e1 cursando Tecnologia em Marketing para melhor gerir a sua ONG.\u00a0<em>Conhe\u00e7a seu perfil no\u00a0<a href=\"http:\/\/bit.ly\/2OdvZeb\" target=\"_blank\" rel=\"noopener\">Facebook<\/a>.<\/em><\/p>\n<h3>Edson da Reciclagem, Jorge Turco (DC)*<\/h3>\n<h4><a href=\"http:\/\/rioonwatch.org.br\/wp-content\/uploads\/2018\/07\/EdsonFreitas.jpg\"><img loading=\"lazy\" decoding=\"async\" class=\"aligncenter size-content wp-image-35120\" src=\"http:\/\/rioonwatch.org.br\/wp-content\/uploads\/2018\/07\/EdsonFreitas-620x264.jpg\" alt=\"\" width=\"620\" height=\"264\" srcset=\"https:\/\/rioonwatch.org.br\/wp-content\/uploads\/2018\/07\/EdsonFreitas-620x264.jpg 620w, https:\/\/rioonwatch.org.br\/wp-content\/uploads\/2018\/07\/EdsonFreitas-940x400.jpg 940w\" sizes=\"(max-width: 620px) 100vw, 620px\" \/><\/a><\/h4>\n<h4>&#8220;#JuntosPelaReciclagem&#8221;<\/h4>\n<p><span style=\"font-weight: 400;\">Edson Freitas \u00e9 morador do morro do <\/span><a href=\"http:\/\/bit.ly\/2xkage5\"><span style=\"font-weight: 400;\">Jorge Turco<\/span><\/a><span style=\"font-weight: 400;\">, em <\/span><a href=\"http:\/\/bit.ly\/2PM4loF\"><span style=\"font-weight: 400;\">Rocha Miranda<\/span><\/a><span style=\"font-weight: 400;\">, Zona Norte da cidade, onde atua como catador desde os 18 anos. Aos 32, ap\u00f3s um transbordamento de um canal de esgoto por causa do excesso de lixo, Edson come\u00e7ou a coletar garrafas pl\u00e1sticas em sua comunidade, e em comunidades vizinhas, como o<\/span> <a href=\"http:\/\/bit.ly\/2LIn7Qj\"><span style=\"font-weight: 400;\">Morro Faz Quem Quer<\/span><\/a><span style=\"font-weight: 400;\">, e hoje coordena o projeto <\/span><a href=\"http:\/\/bit.ly\/2LTiq6B\"><span style=\"font-weight: 400;\">Ecco Ponto Brasil Sustent\u00e1vel<\/span><\/a><span style=\"font-weight: 400;\">, da ONG Eccovida, da qual \u00e9 fundador. Ele se coloca como um candidato Lixo Zero e pretende que seu mandato seja participativo. Suas principais pautas s\u00e3o a reciclagem e o desenvolvimento sustent\u00e1vel<\/span><span style=\"font-weight: 400;\">, <\/span><a href=\"http:\/\/bit.ly\/2QHXFcK\"><span style=\"font-weight: 400;\">para os quais ele prop\u00f5e<\/span><\/a> <span style=\"font-weight: 400;\">isen\u00e7\u00f5es fiscais e linhas de cr\u00e9dito espec\u00edficas, al\u00e9m de educa\u00e7\u00e3o ambiental nas escolas e gera\u00e7\u00e3o de emprego e renda pela reciclagem. <em>Conhe\u00e7a a campanha no <\/em><\/span><em><a href=\"http:\/\/bit.ly\/2QFDP1R\"><span style=\"font-weight: 400;\">Facebook<\/span><\/a> <span style=\"font-weight: 400;\">ou atrav\u00e9s do seu<\/span> <a href=\"http:\/\/bit.ly\/2xqZlhU\"><span style=\"font-weight: 400;\">site<\/span><\/a><span style=\"font-weight: 400;\">.<\/span><\/em><\/p>\n<h3><strong>Fernando Ermiro, Rocinha (PMB)<\/strong><\/h3>\n<p><a href=\"http:\/\/rioonwatch.org.br\/wp-content\/uploads\/2018\/09\/Fernando-Ermiro.jpeg\"><img loading=\"lazy\" decoding=\"async\" class=\"aligncenter wp-image-36323 size-content\" title=\"Fernando Ermiro\" src=\"http:\/\/rioonwatch.org.br\/wp-content\/uploads\/2018\/09\/Fernando-Ermiro-620x264.jpeg\" alt=\"\" width=\"620\" height=\"264\" srcset=\"https:\/\/rioonwatch.org.br\/wp-content\/uploads\/2018\/09\/Fernando-Ermiro-620x264.jpeg 620w, https:\/\/rioonwatch.org.br\/wp-content\/uploads\/2018\/09\/Fernando-Ermiro-940x400.jpeg 940w\" sizes=\"(max-width: 620px) 100vw, 620px\" \/><\/a><\/p>\n<h4><strong>#UmDeN\u00f3s<\/strong><\/h4>\n<p><a href=\"http:\/\/bit.ly\/2p52sbH\" target=\"_blank\" rel=\"noopener\">Fernando Ermiro<\/a> \u00e9 historiador nascido e criado na Rocinha. Al\u00e9m de guia tur\u00edstico comunit\u00e1rio com o projeto <a href=\"http:\/\/bit.ly\/2kTbfLx\" target=\"_blank\" rel=\"noopener\">Rocinha Hist\u00f3rica<\/a> e coordenador do <a href=\"http:\/\/bit.ly\/2rMLFLa\" target=\"_blank\" rel=\"noopener\">Museu Sankofa<\/a> e Hist\u00f3ria da Rocinha, foi professor durante anos do pr\u00e9-vestibular comunit\u00e1rio e colunista do <a href=\"http:\/\/bit.ly\/12VQV9T\" target=\"_blank\" rel=\"noopener\">FavelaDaRocinha.com<\/a>. Milita pelo direito \u00e0 mem\u00f3ria e pelo <a href=\"http:\/\/bit.ly\/2M8kzum\" target=\"_blank\" rel=\"noopener\">direito das favelas narrarem sua pr\u00f3pria hist\u00f3ria<\/a>.\u00a0<em>Conhe\u00e7a a campanha no\u00a0<a href=\"http:\/\/bit.ly\/2OdguTq\" target=\"_blank\" rel=\"noopener\">Facebook<\/a>.<\/em><\/p>\n<h3><strong>Gilberto Palmares, Morro da Formiga (PT)<\/strong><\/h3>\n<p><a href=\"http:\/\/rioonwatch.org.br\/wp-content\/uploads\/2018\/09\/deputado_gilberto1ok.jpg\"><img loading=\"lazy\" decoding=\"async\" class=\"aligncenter size-content wp-image-36240\" src=\"http:\/\/rioonwatch.org.br\/wp-content\/uploads\/2018\/09\/deputado_gilberto1ok-620x264.jpg\" alt=\"\" width=\"620\" height=\"264\" \/><\/a><\/p>\n<h4><strong>&#8220;Os efeitos do racismo permanecem e sem decis\u00f5es concretas&#8230; a cara da universidade vai ser a dos mais favorecidos, a cara dos brancos&#8221;<\/strong><\/h4>\n<p>Gilberto Palmares cresceu no <a href=\"http:\/\/bit.ly\/2Ml8Dl4\" target=\"_blank\" rel=\"noopener\">Morro da Formiga<\/a>, Zona Norte da cidade. <a href=\"http:\/\/bit.ly\/2N63dzx\" target=\"_blank\" rel=\"noopener\">Enquanto deputado estadual<\/a>, tem atuado como vice-presidente da CPI dos transportes e presidente da Frente Parlamentar de Combate \u00e0 Tuberculose\/Aids e Diabetes, Frente Parlamentar em Defesa da Previd\u00eancia P\u00fablica, e da Frente Parlamentar pela Liberdade de Express\u00e3o e Democratiza\u00e7\u00e3o da M\u00eddia. Foi tamb\u00e9m presidente da CPI das Barcas e relator da CPI das Mil\u00edcias. Suas principais lutas s\u00e3o pela sa\u00fade p\u00fablica, por moradia digna e transporte seguro, pelo fortalecimento das universidades estaduais, contra racismo e homofobia, em defesa dos trabalhadores e contra as privatiza\u00e7\u00f5es da <a href=\"http:\/\/bit.ly\/14mlkmP\" target=\"_blank\" rel=\"noopener\">CEDAE<\/a> e <a href=\"http:\/\/bit.ly\/2Qjyj4x\" target=\"_blank\" rel=\"noopener\">Eletrobr\u00e1s<\/a>.\u00a0<em>Conhe\u00e7a a campanha no\u00a0<a href=\"http:\/\/bit.ly\/2CPY61M\" target=\"_blank\" rel=\"noopener\">Facebook<\/a>\u00a0e atrav\u00e9s do seu\u00a0<a href=\"http:\/\/bit.ly\/2p0ZKUk\" target=\"_blank\" rel=\"noopener\">site<\/a>.<\/em><\/p>\n<h3>K\u00e1tia Lopes, Vila Kennedy (PPS)<\/h3>\n<p><a href=\"http:\/\/rioonwatch.org.br\/wp-content\/uploads\/2018\/09\/katia-lopes.jpg\"><img loading=\"lazy\" decoding=\"async\" class=\"aligncenter wp-image-36084 size-content\" title=\"K\u00e1tia Lopes em atividade da FAFERJ na Vila Kennedy. Foto: Reprodu\u00e7\u00e3o Facebook\" src=\"http:\/\/rioonwatch.org.br\/wp-content\/uploads\/2018\/09\/katia-lopes-620x264.jpg\" alt=\"\" width=\"620\" height=\"264\" srcset=\"https:\/\/rioonwatch.org.br\/wp-content\/uploads\/2018\/09\/katia-lopes-620x264.jpg 620w, https:\/\/rioonwatch.org.br\/wp-content\/uploads\/2018\/09\/katia-lopes-940x400.jpg 940w\" sizes=\"(max-width: 620px) 100vw, 620px\" \/><\/a><\/p>\n<h4>&#8220;Com coragem para mudar as estruturas&#8221;<\/h4>\n<p>K\u00e1tia Lopes \u00e9 nascida e criada na\u00a0<a href=\"http:\/\/bit.ly\/1g63Krv\" target=\"_blank\" rel=\"noopener\">Vila Kennedy<\/a>, hoje moradora de Campo Grande na Zona Oeste da cidade. \u00c9 ge\u00f3grafa e ativista social, representante da <a href=\"http:\/\/bit.ly\/2EO9BDg\" target=\"_blank\" rel=\"noopener\">Federa\u00e7\u00e3o das Associa\u00e7\u00f5es de Favelas do Rio de Janeiro<\/a> (FAFERJ), com <a href=\"http:\/\/bit.ly\/2NlKLSY\" target=\"_blank\" rel=\"noopener\">hist\u00f3rico de atua\u00e7\u00e3o<\/a> pela ressocializa\u00e7\u00e3o de pessoas advindas do sistema prisional. Integra o Conselho Estadual de Sa\u00fade, o de Assist\u00eancia Social e o de Defesa dos Direitos Humanos.\u00a0<em>Conhe\u00e7a o grupo de apoio a campanha no\u00a0<a href=\"http:\/\/bit.ly\/2Na1ZmU\" target=\"_blank\" rel=\"noopener\">Facebook<\/a>.<\/em><\/p>\n<h3>Louren\u00e7o C\u00e9zar, Mar\u00e9 (PSB)<\/h3>\n<p><a href=\"http:\/\/rioonwatch.org.br\/wp-content\/uploads\/2017\/11\/lourenco-pra-mat\u00e9ria-row.jpg\"><img loading=\"lazy\" decoding=\"async\" class=\"size-content wp-image-29456 aligncenter\" src=\"http:\/\/rioonwatch.org.br\/wp-content\/uploads\/2017\/11\/lourenco-pra-mat\u00e9ria-row-620x264.jpg\" alt=\"\" width=\"620\" height=\"264\" srcset=\"https:\/\/rioonwatch.org.br\/wp-content\/uploads\/2017\/11\/lourenco-pra-mat\u00e9ria-row-620x264.jpg 620w, https:\/\/rioonwatch.org.br\/wp-content\/uploads\/2017\/11\/lourenco-pra-mat\u00e9ria-row-940x400.jpg 940w\" sizes=\"(max-width: 620px) 100vw, 620px\" \/><\/a><\/p>\n<h4>&#8220;Favelado: A dor e a del\u00edcia de ser o que \u00e9&#8221;<\/h4>\n<p><a href=\"http:\/\/bit.ly\/2iqnrT0\" target=\"_blank\" rel=\"noopener\">Louren\u00e7o C\u00e9zar<\/a> \u00e9 morador do Complexo da Mar\u00e9 h\u00e1 40 anos. Est\u00e1 fazendo o mestrado em Educa\u00e7\u00e3o na <a href=\"http:\/\/bit.ly\/2AImSvj\" target=\"_blank\" rel=\"noopener\">UFRJ<\/a>, \u00e9 coordenador do Departamento de Geografia e Meio Ambiente da Faculdade de Caxias, e \u00e9 diretor do\u00a0<a href=\"http:\/\/bit.ly\/1zyfb2g\" target=\"_blank\" rel=\"noopener\">Centro de Estudos e A\u00e7\u00f5es Solid\u00e1rias da Mar\u00e9<\/a>\u00a0(CEASM). <a href=\"http:\/\/bit.ly\/BRASA2018painel\" target=\"_blank\" rel=\"noopener\">O CEASM foi pensado, segundo Louren\u00e7o<\/a>, como uma forma de dar acesso \u00e0 educa\u00e7\u00e3o para os moradores, para, dentre outros, fazer com que refletissem mais sobre seus votos. O CEASM deu origem ao pr\u00e9-vestibular onde estudou e trabalhou Marielle, ao Jornal <em><a href=\"http:\/\/bit.ly\/2L0xb1K\" target=\"_blank\" rel=\"noopener\">O Cidad\u00e3o<\/a><\/em> e ao <a href=\"http:\/\/bit.ly\/1qhz1JJ\" target=\"_blank\" rel=\"noopener\">Museu da Mar\u00e9<\/a>. <em>Conhe\u00e7a a campanha no\u00a0<a href=\"http:\/\/bit.ly\/2OcLtiv\" target=\"_blank\" rel=\"noopener\">Facebook<\/a>\u00a0e atrav\u00e9s do seu\u00a0<a href=\"http:\/\/bit.ly\/2CWsbNg\" target=\"_blank\" rel=\"noopener\">site<\/a>.<\/em><\/p>\n<h3>MC Carol, Morro do Prevent\u00f3rio (PCdoB)<\/h3>\n<p><a href=\"http:\/\/rioonwatch.org.br\/wp-content\/uploads\/2018\/09\/mc-carol-deputada.jpg\"><img loading=\"lazy\" decoding=\"async\" class=\"aligncenter wp-image-36083 size-content\" title=\"MC Carol. Foto: Catraca Livre.\" src=\"http:\/\/rioonwatch.org.br\/wp-content\/uploads\/2018\/09\/mc-carol-deputada-620x264.jpg\" alt=\"\" width=\"620\" height=\"264\" \/><\/a><\/p>\n<h4>&#8220;100% Feminista&#8221;<\/h4>\n<p><a href=\"http:\/\/bit.ly\/2QkH6Dz\" target=\"_blank\" rel=\"noopener\">Carolina de Oliveira Louren\u00e7o<\/a>, ou MC Carol, \u00e9 uma cantora e compositora de funks com tem\u00e1ticas feministas e de den\u00fancia ao racismo, criada no Morro do Prevent\u00f3rio, em Niter\u00f3i. Declarou que sua ideia de <a href=\"https:\/\/glo.bo\/2MLGHf7\" target=\"_blank\" rel=\"noopener\">ser candidata foi influenciada<\/a> pelo assassinato de Marielle.\u00a0<em>Conhe\u00e7a a campanha no\u00a0<a href=\"http:\/\/bit.ly\/2NCxEN6\" target=\"_blank\" rel=\"noopener\">Facebook<\/a>\u00a0e atrav\u00e9s do seu\u00a0<a href=\"http:\/\/bit.ly\/2QkH6Dz\" target=\"_blank\" rel=\"noopener\">site<\/a>.<\/em><\/p>\n<h3>Monica Francisco, Borel (PSOL)<\/h3>\n<p><a href=\"http:\/\/rioonwatch.org.br\/wp-content\/uploads\/2018\/09\/monica-francisco-foto-facebook.jpg\"><img loading=\"lazy\" decoding=\"async\" class=\"aligncenter wp-image-36079 size-content\" title=\"M\u00f4nica Francisco. Foto: Reprodu\u00e7\u00e3o Facebook.\" src=\"http:\/\/rioonwatch.org.br\/wp-content\/uploads\/2018\/09\/monica-francisco-foto-facebook-620x264.jpg\" alt=\"\" width=\"620\" height=\"264\" srcset=\"https:\/\/rioonwatch.org.br\/wp-content\/uploads\/2018\/09\/monica-francisco-foto-facebook-620x264.jpg 620w, https:\/\/rioonwatch.org.br\/wp-content\/uploads\/2018\/09\/monica-francisco-foto-facebook-940x400.jpg 940w\" sizes=\"(max-width: 620px) 100vw, 620px\" \/><\/a><\/p>\n<h4>&#8220;Nos tiraram tanto que perdemos o medo&#8221;<\/h4>\n<p><a href=\"http:\/\/bit.ly\/2CPxAFM\" target=\"_blank\" rel=\"noopener\">M\u00f4nica Francisco<\/a> \u00e9 feminista negra, cientista social, pastora evang\u00e9lica e lideran\u00e7a no morro do <a href=\"http:\/\/bit.ly\/ZKW86Q\" target=\"_blank\" rel=\"noopener\">Borel<\/a>, na\u00a0<a href=\"http:\/\/bit.ly\/WximDf\" target=\"_blank\" rel=\"noopener\">Zona Norte<\/a> da cidade. Al\u00e9m de militante de movimentos de favelas e pela <a href=\"http:\/\/bit.ly\/2v5qhFK\" target=\"_blank\" rel=\"noopener\">economia solid\u00e1ria<\/a>, por muitos anos participou do Movimento de R\u00e1dios Comunit\u00e1rias, fundou a Rede de Institui\u00e7\u00f5es do Borel, a R\u00e1dio Comunit\u00e1ria do Borel, o jornal <em>Formando Opini\u00e3o<\/em>, e o Grupo Arteiras, e trabalhou como agente comunit\u00e1ria, entre outros. <a href=\"http:\/\/bit.ly\/2PHbqHn\" target=\"_blank\" rel=\"noopener\">Integrou a equipe de Marielle na C\u00e2mara e milita por<\/a> equipamentos culturais em favelas, diversidade religiosa e pelas vidas negras e das mulheres.\u00a0<em>Conhe\u00e7a a campanha no\u00a0<a href=\"http:\/\/bit.ly\/2OOWF4J\" target=\"_blank\" rel=\"noopener\">Facebook<\/a>\u00a0e atrav\u00e9s do seu\u00a0<a href=\"http:\/\/bit.ly\/2PHbqHn\" target=\"_blank\" rel=\"noopener\">site<\/a>.<\/em><\/p>\n<h3>Renata Souza, Mar\u00e9 (PSOL)<\/h3>\n<p style=\"text-align: center;\"><a href=\"http:\/\/rioonwatch.org.br\/wp-content\/uploads\/2018\/09\/Renata-Souza-Avenida-Brasil.jpg\"><img loading=\"lazy\" decoding=\"async\" class=\"aligncenter wp-image-36270 size-content\" title=\"Renata Souza - Avenida Brasil. Foto: Site da campanha\" src=\"http:\/\/rioonwatch.org.br\/wp-content\/uploads\/2018\/09\/Renata-Souza-Avenida-Brasil-620x264.jpg\" alt=\"\" width=\"620\" height=\"264\" srcset=\"https:\/\/rioonwatch.org.br\/wp-content\/uploads\/2018\/09\/Renata-Souza-Avenida-Brasil-620x264.jpg 620w, https:\/\/rioonwatch.org.br\/wp-content\/uploads\/2018\/09\/Renata-Souza-Avenida-Brasil-940x400.jpg 940w\" sizes=\"(max-width: 620px) 100vw, 620px\" \/><\/a><\/p>\n<h4>&#8220;Eu sou porque n\u00f3s somos&#8221;<\/h4>\n<p><a href=\"http:\/\/bit.ly\/2QoJPMa\" target=\"_blank\" rel=\"noopener\">Renata Souza<\/a> nasceu e cresceu na Mar\u00e9 e, a partir de um pr\u00e9-vestibular comunit\u00e1rio, graduou-se em Comunica\u00e7\u00e3o na PUC-Rio e fez mestrado e doutorado em Comunica\u00e7\u00e3o e Cultura na UFRJ, com pesquisas sobre o jornal comunit\u00e1rio <em>O Cidad\u00e3o<\/em> e sobre a <a href=\"http:\/\/bit.ly\/2lSNAeO\" target=\"_blank\" rel=\"noopener\">resist\u00eancia da juventude frente \u00e0 militariza\u00e7\u00e3o da vida na Mar\u00e9<\/a>. Hoje \u00e9\u00a0p\u00f3s-doutoranda no programa de M\u00eddia e Cotidiano na UFF.<em>\u00a0<\/em>Foi <a href=\"https:\/\/glo.bo\/2x4CNUz\" target=\"_blank\" rel=\"noopener\">chefe de gabinete<\/a>\u00a0de Marielle e \u00e9 comprometida com a continua\u00e7\u00e3o de seu legado. Suas principais frentes incluem comunica\u00e7\u00e3o e cultura, al\u00e9m de resist\u00eancia \u00e0 militariza\u00e7\u00e3o e seguran\u00e7a p\u00fablica.\u00a0<a href=\"http:\/\/bit.ly\/2COTB7y\" target=\"_blank\" rel=\"noopener\">Se comprometeu com sete compromissos<\/a> cidad\u00e3os do movimento <a href=\"http:\/\/bit.ly\/2MwVdCN\" target=\"_blank\" rel=\"noopener\">Rio Por Inteiro<\/a>.\u00a0<em>Conhe\u00e7a a campanha no\u00a0<a href=\"http:\/\/bit.ly\/2OLHCsE\" target=\"_blank\" rel=\"noopener\">Facebook<\/a>\u00a0e atrav\u00e9s do seu\u00a0<a href=\"http:\/\/bit.ly\/2NzREjE\" target=\"_blank\" rel=\"noopener\">site<\/a>.<\/em><\/p>\n<h3>Robinho Liberdade, Alem\u00e3o (REDE)*<\/h3>\n<p><a href=\"http:\/\/rioonwatch.org.br\/wp-content\/uploads\/2018\/09\/Robinho-Liberdade.png\"><img loading=\"lazy\" decoding=\"async\" class=\"aligncenter size-content wp-image-36445\" src=\"http:\/\/rioonwatch.org.br\/wp-content\/uploads\/2018\/09\/Robinho-Liberdade-620x264.png\" alt=\"\" width=\"620\" height=\"264\" srcset=\"https:\/\/rioonwatch.org.br\/wp-content\/uploads\/2018\/09\/Robinho-Liberdade-620x264.png 620w, https:\/\/rioonwatch.org.br\/wp-content\/uploads\/2018\/09\/Robinho-Liberdade-940x400.png 940w\" sizes=\"(max-width: 620px) 100vw, 620px\" \/><\/a><\/p>\n<h4>\u201cS\u00f3 haver\u00e1 liberdade quando houver oportunidade\u201d<\/h4>\n<p><span style=\"font-weight: 400;\">Robson foi criado no <\/span><a href=\"http:\/\/bit.ly\/U0MiGm\"><span style=\"font-weight: 400;\">Complexo do Alem\u00e3o<\/span><\/a><span style=\"font-weight: 400;\">, \u00e9 egresso do sistema prisional e presidente de uma cooperativa de reciclagem chamada <\/span><a href=\"http:\/\/bit.ly\/2qRxeq4\"><span style=\"font-weight: 400;\">Eu Quero Liberdade<\/span><\/a><span style=\"font-weight: 400;\">, que come\u00e7ou sua atua\u00e7\u00e3o entre os complexos Penha e Alem\u00e3o, gerando trabalho e renda atrav\u00e9s da reciclagem, inclusive para outros egressos do sistema prisional. Ele tamb\u00e9m \u00e9 integrante do <\/span><a href=\"http:\/\/bit.ly\/2JOBJvH\"><span style=\"font-weight: 400;\">Movimento Popular de Favelas<\/span><\/a><span style=\"font-weight: 400;\"> e de movimentos cooperativistas no Rio, al\u00e9m de trabalhar com a transforma\u00e7\u00e3o de res\u00edduos s\u00f3lidos em tijolos ecol\u00f3gicos. Milita pelo fomento \u00e0s cooperativas de reciclagem e pela educa\u00e7\u00e3o e capacita\u00e7\u00e3o profissional dentro do sistema penitenci\u00e1rio, al\u00e9m de sa\u00fade e educa\u00e7\u00e3o b\u00e1sica nas favelas. <em>Conhe\u00e7a a campanha no<\/em><\/span><em> <a href=\"http:\/\/bit.ly\/2QCZ58o\"><span style=\"font-weight: 400;\">Facebook<\/span><\/a><span style=\"font-weight: 400;\">.<\/span><\/em><\/p>\n<h3>Serginho, Mar\u00e9 (PRTB)*<\/h3>\n<p><a href=\"http:\/\/rioonwatch.org.br\/wp-content\/uploads\/2018\/09\/serginho-mare\u0301.jpg\"><img loading=\"lazy\" decoding=\"async\" class=\"aligncenter size-content wp-image-36446\" src=\"http:\/\/rioonwatch.org.br\/wp-content\/uploads\/2018\/09\/serginho-mare\u0301-620x264.jpg\" alt=\"\" width=\"620\" height=\"264\" srcset=\"https:\/\/rioonwatch.org.br\/wp-content\/uploads\/2018\/09\/serginho-mare\u0301-620x264.jpg 620w, https:\/\/rioonwatch.org.br\/wp-content\/uploads\/2018\/09\/serginho-mare\u0301-940x400.jpg 940w\" sizes=\"(max-width: 620px) 100vw, 620px\" \/><\/a><\/p>\n<h4>\u201cEsse \u00e9 nosso!\u201d<\/h4>\n<p><span style=\"font-weight: 400;\">Serginho \u00e9 nascido e mora at\u00e9 hoje no<\/span> <a href=\"http:\/\/bit.ly\/10BvARw\"><span style=\"font-weight: 400;\">Complexo da Mar\u00e9<\/span><\/a><span style=\"font-weight: 400;\">. <\/span><span style=\"font-weight: 400;\">Trabalhando desde os 10 anos de idade, hoje \u00e9 s\u00f3cio de uma <\/span><a href=\"http:\/\/bit.ly\/2QF1Ndm\"><span style=\"font-weight: 400;\">empresa de asseio e conserva\u00e7\u00e3o<\/span><\/a><span style=\"font-weight: 400;\">, <\/span><span style=\"font-weight: 400;\">empregando cerca de 3.000 pessoas, em grande parte moradores da Mar\u00e9. Milita pela forma\u00e7\u00e3o profissional dos jovens e pela gera\u00e7\u00e3o de emprego e renda. <em>Conhe\u00e7a a campanha no <\/em><\/span><em><a href=\"http:\/\/bit.ly\/2OBfita\"><span style=\"font-weight: 400;\">Facebook<\/span><\/a><span style=\"font-weight: 400;\">.<\/span><\/em><\/p>\n<h3>Tain\u00e1 de Paula, Favela do Loteamento (PCdoB)<\/h3>\n<p><a href=\"http:\/\/rioonwatch.org.br\/wp-content\/uploads\/2018\/09\/tain\u00e1.jpg\"><img loading=\"lazy\" decoding=\"async\" class=\"aligncenter wp-image-36088 size-content\" title=\"Tain\u00e1 de Paula. Foto: Divulga\u00e7\u00e3o.\" src=\"http:\/\/rioonwatch.org.br\/wp-content\/uploads\/2018\/09\/tain\u00e1-620x264.jpg\" alt=\"\" width=\"620\" height=\"264\" srcset=\"https:\/\/rioonwatch.org.br\/wp-content\/uploads\/2018\/09\/tain\u00e1-620x264.jpg 620w, https:\/\/rioonwatch.org.br\/wp-content\/uploads\/2018\/09\/tain\u00e1-940x400.jpg 940w\" sizes=\"(max-width: 620px) 100vw, 620px\" \/><\/a><\/p>\n<h4>&#8220;Seja a cidade&#8221;<\/h4>\n<p><a href=\"http:\/\/bit.ly\/2wJnq44\" target=\"_blank\" rel=\"noopener\">Tain\u00e1 de Paula<\/a> \u00e9 arquiteta e urbanista e ativista feminista criada na Favela do Loteamento, na <a href=\"http:\/\/bit.ly\/25aJiiZ\" target=\"_blank\" rel=\"noopener\">Pra\u00e7a Seca<\/a>, Zona Oeste da cidade. Tem atua\u00e7\u00e3o como conselheira na <a href=\"http:\/\/bit.ly\/2gMZh7P\" target=\"_blank\" rel=\"noopener\">Funda\u00e7\u00e3o Centro de Defesa de Direitos Humanos\u00a0Bento Rubi\u00e3o<\/a>, que trabalha com\u00a0urbaniza\u00e7\u00e3o, direito \u00e0 terra e \u00e0 habita\u00e7\u00e3o, e como consultora t\u00e9cnica do <a href=\"http:\/\/bit.ly\/2MiaV4d\" target=\"_blank\" rel=\"noopener\">Movimento dos Trabalhadores Sem Teto do Rio de Janeiro<\/a>. Suas principais frentes incluem acesso \u00e0 cidade e mobilidade urbana, com vi\u00e9s de g\u00eanero e ra\u00e7a.\u00a0<a href=\"http:\/\/bit.ly\/2Od5Z2v\" target=\"_blank\" rel=\"noopener\">Se comprometeu com cinco compromissos<\/a> cidad\u00e3os do movimento <a href=\"http:\/\/bit.ly\/2MwVdCN\" target=\"_blank\" rel=\"noopener\">Rio Por Inteiro<\/a>.\u00a0<em>Conhe\u00e7a a campanha no\u00a0<a href=\"http:\/\/bit.ly\/2Mtz6Nq\" target=\"_blank\" rel=\"noopener\">Facebook<\/a>\u00a0e o\u00a0<a href=\"http:\/\/bit.ly\/2x69ssn\" target=\"_blank\" rel=\"noopener\">site<\/a>\u00a0de Tain\u00e1.<\/em><\/p>\n<h3>Xaolin, Rocinha (PSOL)<\/h3>\n<p><a href=\"http:\/\/rioonwatch.org.br\/wp-content\/uploads\/2018\/09\/Xaolin-rocinha-foto-facebook.jpg\"><img loading=\"lazy\" decoding=\"async\" class=\"aligncenter wp-image-36081 size-content\" title=\"Xaolin (no centro, de branco) em campanha na Rocinha. Foto: Reprodu\u00e7\u00e3o Facebook.\" src=\"http:\/\/rioonwatch.org.br\/wp-content\/uploads\/2018\/09\/Xaolin-rocinha-foto-facebook-620x264.jpg\" alt=\"\" width=\"620\" height=\"264\" srcset=\"https:\/\/rioonwatch.org.br\/wp-content\/uploads\/2018\/09\/Xaolin-rocinha-foto-facebook-620x264.jpg 620w, https:\/\/rioonwatch.org.br\/wp-content\/uploads\/2018\/09\/Xaolin-rocinha-foto-facebook-940x400.jpg 940w\" sizes=\"(max-width: 620px) 100vw, 620px\" \/><\/a><\/p>\n<h4>&#8220;A favela da Rocinha se consolida como parte integrante da cidade&#8221;<\/h4>\n<p>Ant\u00f4nio de Mello, conhecido como Xaolin da Rocinha, \u00e9 morador e l\u00edder comunit\u00e1rio da <a href=\"http:\/\/bit.ly\/16w2zz1\" target=\"_blank\" rel=\"noopener\">Rocinha<\/a>, al\u00e9m de l\u00edder sindical dos metrovi\u00e1rios. J\u00e1 foi\u00a0presidente da Associa\u00e7\u00e3o de Moradores da Rocinha e hoje \u00e9 integrante do <a href=\"http:\/\/bit.ly\/2JOBJvH\" target=\"_blank\" rel=\"noopener\">Movimento Popular de Favelas<\/a>, e <a href=\"http:\/\/bit.ly\/2N9gF5u\" target=\"_blank\" rel=\"noopener\">suas frentes de atua\u00e7\u00e3o na Rocinha<\/a> incluem\u00a0lutas por saneamento, \u00e1gua, luz, escolas e equipamentos de sa\u00fade. Foi um dos fundadores do n\u00facleo do PCdoB na Rocinha no final da d\u00e9cada de 90.<em> Conhe\u00e7a seu perfil no\u00a0<a href=\"http:\/\/bit.ly\/2p29ii0\" target=\"_blank\" rel=\"noopener\">Facebook<\/a>.<\/em><\/p>\n<h2>Confira abaixo candidatos a deputado federal:<\/h2>\n<h3>Anderson Quack, Cidade de Deus (PSOL)<\/h3>\n<p><a href=\"http:\/\/rioonwatch.org.br\/wp-content\/uploads\/2018\/09\/anderson-espocc.jpg\"><img loading=\"lazy\" decoding=\"async\" class=\"aligncenter wp-image-36087 size-content\" title=\"Anderson Quack. Foto: Reprodu\u00e7\u00e3o ESPOCC.\" src=\"http:\/\/rioonwatch.org.br\/wp-content\/uploads\/2018\/09\/anderson-espocc-620x264.jpg\" alt=\"\" width=\"620\" height=\"264\" srcset=\"https:\/\/rioonwatch.org.br\/wp-content\/uploads\/2018\/09\/anderson-espocc-620x264.jpg 620w, https:\/\/rioonwatch.org.br\/wp-content\/uploads\/2018\/09\/anderson-espocc-940x400.jpg 940w\" sizes=\"(max-width: 620px) 100vw, 620px\" \/><\/a><\/p>\n<h4>&#8220;N\u00f3s somos a soma das diferen\u00e7as&#8221;<\/h4>\n<p>Anderson Quack \u00e9 cineasta e ativista social da\u00a0<a href=\"http:\/\/bit.ly\/10BzE4e\" target=\"_blank\" rel=\"noopener\">Cidade de Deus<\/a>, tendo produzido o filme <a href=\"http:\/\/bit.ly\/2NkAXs8\" target=\"_blank\" rel=\"noopener\">Falc\u00e3o \u2013 Meninos do Tr\u00e1fico<\/a>\u00a0e <a href=\"https:\/\/glo.bo\/2PyAO1N\" target=\"_blank\" rel=\"noopener\">dirigido o document\u00e1rio &#8220;Remo\u00e7\u00e3o&#8221;<\/a>, sobre as remo\u00e7\u00f5es de favelas da <a href=\"http:\/\/bit.ly\/1mNsDyk\" target=\"_blank\" rel=\"noopener\">Zona Sul<\/a> para conjuntos habitacionais da <a href=\"http:\/\/bit.ly\/11tBmFR\" target=\"_blank\" rel=\"noopener\">Zona Oeste<\/a> nas d\u00e9cadas de 60 e 70,\u00a0al\u00e9m de ser cofundador da CUFA (Central \u00danica das Favelas), que visa formar jovens de favelas. \u00c9 integrante do <a href=\"http:\/\/bit.ly\/2nIUDao\" target=\"_blank\" rel=\"noopener\">Frente Favela Brasil (FFB)<\/a>, mas sua candidatura foi absorvida pelo PSOL diante da n\u00e3o regulamenta\u00e7\u00e3o do FFB em tempo para essas elei\u00e7\u00f5es.\u00a0<em>Conhe\u00e7a a campanha no\u00a0<a href=\"http:\/\/bit.ly\/2p0SjfP\" target=\"_blank\" rel=\"noopener\">Facebook<\/a>\u00a0e no <a href=\"http:\/\/bit.ly\/2Ocs7dg\" target=\"_blank\" rel=\"noopener\">Instagram<\/a>.<\/em><\/p>\n<h3>Benedita da Silva, Chap\u00e9u Mangueira (PT)<\/h3>\n<p><a href=\"http:\/\/rioonwatch.org.br\/wp-content\/uploads\/2018\/09\/bene.jpeg\"><img loading=\"lazy\" decoding=\"async\" class=\"aligncenter wp-image-36090 size-content\" title=\"Benedita. Foto: Reinaldo Ferrigno\/Ag\u00eancia C\u00e2mara\/VEJA.\" src=\"http:\/\/rioonwatch.org.br\/wp-content\/uploads\/2018\/09\/bene-620x264.jpeg\" alt=\"\" width=\"620\" height=\"264\" srcset=\"https:\/\/rioonwatch.org.br\/wp-content\/uploads\/2018\/09\/bene-620x264.jpeg 620w, https:\/\/rioonwatch.org.br\/wp-content\/uploads\/2018\/09\/bene-940x400.jpeg 940w\" sizes=\"(max-width: 620px) 100vw, 620px\" \/><\/a><\/p>\n<h4>&#8220;Em constantes lutas pelos direitos do povo&#8221;<\/h4>\n<p>Benedita da Silva nasceu e viveu no morro Chap\u00e9u Mangueira, na Zona Sul da cidade, durante 57 anos. Iniciou sua trajet\u00f3ria pol\u00edtica na Federa\u00e7\u00e3o das Associa\u00e7\u00f5es de Favelas do Estado do Rio de Janeiro (FAFERJ). Gradou-se em Assist\u00eancia Social aos 40 anos. Em 1982, foi eleita a primeira vereadora mulher do PT e a primeira mulher negra a ocupar uma cadeira na C\u00e2mara de Vereadores, e at\u00e9 hoje foi <a href=\"http:\/\/bit.ly\/2CluusP\" target=\"_blank\" rel=\"noopener\">a \u00fanica mulher negra eleita para o Senado<\/a>. Foi tamb\u00e9m a <a href=\"http:\/\/bit.ly\/2NkGpv7\" target=\"_blank\" rel=\"noopener\">primeira negra a assumir um governo de estado<\/a> no Brasil, quando Garotinho renunciou para concorrer \u00e0 presid\u00eancia, e durante sua gest\u00e3o implantou a lei de cotas na UERJ. Foi ainda Ministra de Desenvolvimento Social durante o governo Lula. Milita pelos direitos da mulher, das trabalhadoras dom\u00e9sticas, dos moradores de favelas e por igualdade racial.\u00a0<em>Conhe\u00e7a a campanha no\u00a0<a href=\"http:\/\/bit.ly\/2NbH2Io\" target=\"_blank\" rel=\"noopener\">Facebook<\/a> e atrav\u00e9s do seu\u00a0<a href=\"http:\/\/bit.ly\/2MoNsOS\" target=\"_blank\" rel=\"noopener\">site<\/a>.<\/em><\/p>\n<h3>Bezerra, Asa Branca (PHS)<\/h3>\n<p><a href=\"http:\/\/rioonwatch.org.br\/wp-content\/uploads\/2018\/09\/35402270255_cf9f2f60cd_z.jpg\"><img loading=\"lazy\" decoding=\"async\" class=\"aligncenter wp-image-36091 size-content\" title=\"Bezerra. Foto: ComCat.\" src=\"http:\/\/rioonwatch.org.br\/wp-content\/uploads\/2018\/09\/35402270255_cf9f2f60cd_z-620x264.jpg\" alt=\"\" width=\"620\" height=\"264\" \/><\/a><\/p>\n<h4>&#8220;Comunidade no Planalto&#8221;<\/h4>\n<p><a href=\"http:\/\/bit.ly\/2x91j6r\" target=\"_blank\" rel=\"noopener\">Carlos Alberto Costa<\/a>, o Bezerra, foi um dos primeiros ocupantes da <a href=\"http:\/\/bit.ly\/UKOXUX\" target=\"_blank\" rel=\"noopener\">Asa Branca<\/a>, favela reconhecida por seu <a href=\"http:\/\/bit.ly\/2bu6FAD\" target=\"_blank\" rel=\"noopener\">alto grau de habitabilidade<\/a>\u00a0na Zona Oeste da cidade. Durante a sua gest\u00e3o como presidente da Associa\u00e7\u00e3o de Moradores, de 1997 at\u00e9 2017, reeleito quatro vezes, moradores\u00a0<a href=\"http:\/\/bit.ly\/1NHYYky\" target=\"_blank\" rel=\"noopener\">constru\u00edram o seu pr\u00f3prio sistema de esgoto no local<\/a>, pressionaram a prefeitura a <a href=\"http:\/\/bit.ly\/WJoU7O\" target=\"_blank\" rel=\"noopener\">realizar a pavimenta\u00e7\u00e3o das ruas e entradas<\/a>, atuaram para promover a seguran\u00e7a da comunidade de forma <a href=\"http:\/\/bit.ly\/2FCLp7A\" target=\"_blank\" rel=\"noopener\">inovadora<\/a> e <a href=\"http:\/\/bit.ly\/28LsiKp\" target=\"_blank\" rel=\"noopener\">responsiva<\/a>, al\u00e9m de <a href=\"http:\/\/bit.ly\/1NB2GLJ\" target=\"_blank\" rel=\"noopener\">receber de forma humana imigrantes<\/a> e oferecer aulas de idiomas, matem\u00e1tica, teatro, fotografia, esporte e in\u00fameros outros projetos sociais. Desde o t\u00e9rmino de seu mandato Bezerra se dedica ao desenvolvimento das favelas na regi\u00e3o de Jacarepagu\u00e1 como um todo.\u00a0<em>Conhe\u00e7a seu perfil no\u00a0<a href=\"http:\/\/bit.ly\/2Qmjo9L\" target=\"_blank\" rel=\"noopener\">Facebook<\/a>.<\/em><\/p>\n<h3>Dami\u00e3o Braga, Quilombo da Pedra do Sal (PDT)<\/h3>\n<p><a href=\"http:\/\/rioonwatch.org.br\/wp-content\/uploads\/2018\/09\/Damiao-em-evento-da-ONU.jpg\"><img loading=\"lazy\" decoding=\"async\" class=\"aligncenter wp-image-36276 size-content\" title=\"Dami\u00e3o Braga falando em evento da ONU. Foto: ONU\" src=\"http:\/\/rioonwatch.org.br\/wp-content\/uploads\/2018\/09\/Damiao-em-evento-da-ONU-620x264.jpg\" alt=\"\" width=\"620\" height=\"264\" srcset=\"https:\/\/rioonwatch.org.br\/wp-content\/uploads\/2018\/09\/Damiao-em-evento-da-ONU-620x264.jpg 620w, https:\/\/rioonwatch.org.br\/wp-content\/uploads\/2018\/09\/Damiao-em-evento-da-ONU-940x400.jpg 940w\" sizes=\"(max-width: 620px) 100vw, 620px\" \/><\/a><\/p>\n<h4>&#8220;Por um mundo mais igual e mais plural&#8221;<\/h4>\n<p><a href=\"http:\/\/bit.ly\/2wICz5m\" target=\"_blank\" rel=\"noopener\">Dami\u00e3o Braga<\/a> \u00e9 <a href=\"http:\/\/bit.ly\/2xgogEX\" target=\"_blank\" rel=\"noopener\">l\u00edder quilombola<\/a>\u00a0lutando pelo reconhecimento do <a href=\"http:\/\/bit.ly\/VVrdp9\" target=\"_blank\" rel=\"noopener\">Quilombo da Pedra do Sal<\/a>, e trabalhador da zona portu\u00e1ria do Rio, al\u00e9m de membro titular do <a href=\"http:\/\/bit.ly\/2NTMjjK\" target=\"_blank\" rel=\"noopener\">Comit\u00ea Gestor do Sitio Arqueol\u00f3gico Cais do Valongo<\/a>. Militou contra o <a href=\"http:\/\/bit.ly\/2p7WPcN\" target=\"_blank\" rel=\"noopener\">Museu Guggenheim no Porto<\/a> e pela preserva\u00e7\u00e3o da hist\u00f3ria e cultura da regi\u00e3o portu\u00e1ria, <a href=\"http:\/\/bit.ly\/1S9AAtc\" target=\"_blank\" rel=\"noopener\">maior porto de escravos<\/a> da humanidade. <a href=\"http:\/\/bit.ly\/2x5cP3z\" target=\"_blank\" rel=\"noopener\">Em evento da ONU explicou<\/a> que &#8220;a principal dificuldade das comunidades em \u00e1rea urbana \u00e9 justamente a especula\u00e7\u00e3o imobili\u00e1ria,&#8221; e que &#8220;para melhorar esse cen\u00e1rio&#8230;tem que acabar com racismo institucional&#8230;falar de uma pol\u00edtica estruturante e n\u00e3o de uma a\u00e7\u00e3o afirmativa&#8221;.\u00a0<em>Conhe\u00e7a seu perfil no\u00a0<a href=\"http:\/\/bit.ly\/2N7ZjWY\" target=\"_blank\" rel=\"noopener\">Facebook<\/a>.<\/em><\/p>\n<h3>David Miranda, Jacarezinho (PSOL)<\/h3>\n<p><a href=\"http:\/\/rioonwatch.org.br\/wp-content\/uploads\/2018\/09\/DaviMiranda.jpg\"><img loading=\"lazy\" decoding=\"async\" class=\"aligncenter wp-image-36092 size-content\" title=\"David Miranda. Foto: Divulga\u00e7\u00e3o.\" src=\"http:\/\/rioonwatch.org.br\/wp-content\/uploads\/2018\/09\/DaviMiranda-e1536169420946-620x264.jpg\" alt=\"\" width=\"620\" height=\"264\" \/><\/a><\/p>\n<h4>&#8220;Em defesa da nossa hist\u00f3ria&#8221;<\/h4>\n<p><a href=\"http:\/\/bit.ly\/2NgMAQS\" target=\"_blank\" rel=\"noopener\">David Miranda<\/a> \u00e9 jornalista nascido e criado no Jacarezinho. Aos 13 anos saiu de casa e trabalhou como engraxate, limpador de carros, caixa e atendente de telemarketing. <a href=\"http:\/\/bit.ly\/2OjNCIY\" target=\"_blank\" rel=\"noopener\">Foi o primeiro vereador LGBTQ+ eleito<\/a> para a C\u00e2mara de Vereadores do Rio de Janeiro, sendo os direitos desse segmento da popula\u00e7\u00e3o sua principal frente de atua\u00e7\u00e3o.\u00a0<em>Conhe\u00e7a a campanha no\u00a0<a href=\"http:\/\/bit.ly\/2N8vHZw\" target=\"_blank\" rel=\"noopener\">Facebook<\/a>\u00a0e atrav\u00e9s do seu\u00a0<a href=\"http:\/\/bit.ly\/2FCmqjL\" target=\"_blank\" rel=\"noopener\">site<\/a>.<\/em><\/p>\n<h3>M\u00e3e Fl\u00e1via Pinto, Vila Vint\u00e9m (PDT)<\/h3>\n<p><a href=\"http:\/\/rioonwatch.org.br\/wp-content\/uploads\/2018\/09\/m\u00e3e-fl\u00e1via.jpg\"><img loading=\"lazy\" decoding=\"async\" class=\"aligncenter wp-image-36094 size-content\" title=\"M\u00e3e Fl\u00e1via Pinto. Foto: Arquivo Pessoal.\" src=\"http:\/\/rioonwatch.org.br\/wp-content\/uploads\/2018\/09\/m\u00e3e-fl\u00e1via-620x264.jpg\" alt=\"\" width=\"620\" height=\"264\" srcset=\"https:\/\/rioonwatch.org.br\/wp-content\/uploads\/2018\/09\/m\u00e3e-fl\u00e1via-620x264.jpg 620w, https:\/\/rioonwatch.org.br\/wp-content\/uploads\/2018\/09\/m\u00e3e-fl\u00e1via-940x400.jpg 940w\" sizes=\"(max-width: 620px) 100vw, 620px\" \/><\/a><\/p>\n<h4>&#8220;Esperan\u00e7a na mulher para mudar o Rio&#8221;<\/h4>\n<p><a href=\"http:\/\/bit.ly\/2Q7ViQ3\" target=\"_blank\" rel=\"noopener\">M\u00e3e Fl\u00e1via<\/a>, nascida e criada na <a href=\"http:\/\/bit.ly\/2oXWrgM\" target=\"_blank\" rel=\"noopener\">Vila Vint\u00e9m<\/a>, Zona Oeste do Rio, perdeu o pai e a m\u00e3e assassinados ainda crian\u00e7a, a m\u00e3e v\u00edtima de feminic\u00eddio pelas m\u00e3os do padrasto. \u00c9 m\u00e3e de santo desde os 23 anos e se formou em sociologia aos 37 na PUC-Rio gra\u00e7as a uma bolsa de estudos. <a href=\"https:\/\/glo.bo\/2wJdJBH\" target=\"_blank\" rel=\"noopener\">Tamb\u00e9m decidiu candidatar-se ap\u00f3s o ocorrido com Marielle<\/a>. Suas principais lutas s\u00e3o contra intoler\u00e2ncia religiosa, pela igualdade de g\u00eanero e pela preven\u00e7\u00e3o da viol\u00eancia contra a mulher.\u00a0<em>Conhe\u00e7a a campanha no\u00a0<a href=\"http:\/\/bit.ly\/2x89XSN\" target=\"_blank\" rel=\"noopener\">Facebook<\/a>\u00a0e atrav\u00e9s do seu\u00a0<a href=\"http:\/\/bit.ly\/2QqOlcO\" target=\"_blank\" rel=\"noopener\">site<\/a>.<\/em><\/p>\n<h3>Tia Norminha, Manguinhos (PRB)<\/h3>\n<p><a href=\"http:\/\/rioonwatch.org.br\/wp-content\/uploads\/2018\/09\/norma-psico.jpg\"><img loading=\"lazy\" decoding=\"async\" class=\"aligncenter wp-image-36089 size-content\" title=\"Norma rodeada por crian\u00e7as. Foto: Reprodu\u00e7\u00e3o Facebook.\" src=\"http:\/\/rioonwatch.org.br\/wp-content\/uploads\/2018\/09\/norma-psico-620x264.jpg\" alt=\"\" width=\"620\" height=\"264\" srcset=\"https:\/\/rioonwatch.org.br\/wp-content\/uploads\/2018\/09\/norma-psico-620x264.jpg 620w, https:\/\/rioonwatch.org.br\/wp-content\/uploads\/2018\/09\/norma-psico-940x400.jpg 940w\" sizes=\"(max-width: 620px) 100vw, 620px\" \/><\/a><\/p>\n<h4>&#8220;Pelo direto da pessoa com defici\u00eancia e seus familiares&#8221;<\/h4>\n<p>Norma \u00e9 psicopedagoga e moradora de <a href=\"http:\/\/bit.ly\/ZC9b6z\" target=\"_blank\" rel=\"noopener\">Manguinhos<\/a>. Tem um filho jovem com paralisia cerebral devido a um erro m\u00e9dico no parto e desde ent\u00e3o milita pelos direitos\u00a0da pessoa com defici\u00eancia e seus familiares, em especial o direito \u00e0 sa\u00fade especializada e \u00e0 educa\u00e7\u00e3o especial e inclusiva. Tamb\u00e9m luta pelo empoderamento das mulheres negras de favela. <a href=\"http:\/\/bit.ly\/2NDtODx\" target=\"_blank\" rel=\"noopener\">Se comprometeu com sete compromissos<\/a> cidad\u00e3os do movimento <a href=\"http:\/\/bit.ly\/2MwVdCN\" target=\"_blank\" rel=\"noopener\">Rio Por Inteiro<\/a>.\u00a0<em>Conhe\u00e7a seu perfil no\u00a0<a href=\"http:\/\/bit.ly\/2NFux79\" target=\"_blank\" rel=\"noopener\">Facebook<\/a>.<\/em><\/p>\n<h3>Conhece outros candidatos de favela que n\u00e3o est\u00e3o aqui? Mande um email para n\u00f3s:\u00a0contato@rioonwatch.org.br.<\/h3>\n<p><i>Esta \u00e9 a sexta mat\u00e9ria de uma\u00a0<\/i><a href=\"http:\/\/bit.ly\/EleicoesRio2018\" target=\"_blank\" rel=\"noopener\"><i>s\u00e9rie<\/i><\/a><i>\u00a0sobre o cen\u00e1rio pol\u00edtico brasileiro para 2018.<\/i><\/p>\n<p><span style=\"font-weight: 400;\">*Atualizado no dia 19 de setembro<\/span><\/p>\n<!-- AddThis Advanced Settings generic via filter on the_content --><!-- AddThis Share Buttons generic via filter on the_content -->","protected":false},"excerpt":{"rendered":"<div class=\"mh-excerpt\"><p>Click Here for English Esta \u00e9 a sexta mat\u00e9ria de uma\u00a0s\u00e9rie\u00a0sobre o cen\u00e1rio pol\u00edtico brasileiro para 2018. A rea\u00e7\u00e3o imediata \u00e0 morte da Marielle Franco, para al\u00e9m da dor profunda, foi o fortalecimento do seu <a class=\"mh-excerpt-more\" href=\"https:\/\/rioonwatch.org.br\/?p=35269\" title=\"O Que Esperar da Pol\u00edtica Brasileira em 2018? Parte 6: Candidaturas das Favelas\">[&#8230;]<\/a><!-- AddThis Advanced Settings generic via filter on get_the_excerpt --><!-- AddThis Share Buttons generic via filter on get_the_excerpt --><\/p>\n<\/div>","protected":false},"author":152,"featured_media":36282,"comment_status":"closed","ping_status":"closed","sticky":false,"template":"","format":"standard","meta":{"_acf_changed":false,"_monsterinsights_skip_tracking":false,"_monsterinsights_sitenote_active":false,"_monsterinsights_sitenote_note":"","_monsterinsights_sitenote_category":0,"footnotes":""},"categories":[1618,1621,1631,1388,344,1616,1620,1612,342],"tags":[2485,3253,321,2494,2456,2495,704,1693,436,1446,2357,620,2162,630,554,2484,332,1530,389,1319,2496,2334,1967,831,1454,424,88,2196,2486,457,539,1790,2498,2499,1449,109,599,2487,2312,1398,1795,2488,2497,636,2033,2489,1240,560,2490,243,232,1206,1704,78,1984,2411,2501,1033,2502,1721,2503,1989,1840,567,1228,936,2505,361,14,2491,16,2069,2289,2273,2492,2500,493,544,2476,2387,2493],"writer":[1994],"translator":[],"source":[],"ilustrador":[],"fotografo":[],"class_list":{"0":"post-35269","1":"post","2":"type-post","3":"status-publish","4":"format-standard","5":"has-post-thumbnail","7":"category-olhonaparticipacao","8":"category-destaque","9":"category-entendendo-o-rio","10":"category-formas-de-apoiar","11":"category-politicas","12":"category-qualidades-da-favela","13":"category-olhonaupp","14":"category-sociedade-civil","15":"category-solucoes","16":"tag-anderson-quack-psol","17":"tag-antirracismo","18":"tag-asa-branca","19":"tag-benedita-da-silva-pt","20":"tag-bento-rubiao","21":"tag-bezerra-phs","22":"tag-borel","23":"tag-cais-do-valongo","24":"tag-campo-grande","25":"tag-capacitacao","26":"tag-ceasm","27":"tag-cedae","28":"tag-chacina-da-candelaria","29":"tag-chapeu-mangueira","30":"tag-cidade-de-deus","31":"tag-claudete-da-costa-pt","32":"tag-complexo-da-mare","33":"tag-midia-comunitaria","34":"tag-copa-do-mundo","35":"tag-cufa","36":"tag-damiao-braga-pdt","37":"tag-david-miranda-psol","38":"tag-deficiencia-fisica","39":"tag-direito-a-cidade","40":"tag-direito-a-comunicacao","41":"tag-direito-a-moradia","42":"tag-direitos-humanos","43":"tag-economia-solidaria","44":"tag-edna-gomes-pps","45":"tag-eleicoes","46":"tag-faferj","47":"tag-feminismo","48":"tag-fernando-ermiro-pmb","49":"tag-gilberto-palmares-pt","50":"tag-igualdade","51":"tag-intolerancia-religiosa","52":"tag-jacarezinho","53":"tag-katia-lopes-pps","54":"tag-legado-de-marielle","55":"tag-lgbt","56":"tag-lideranca-comunitaria","57":"tag-lourenco-cezar-psb","58":"tag-mae-flavia-pinto-pdt","59":"tag-manguinhos","60":"tag-marielle-franco","61":"tag-mc-carol-pcdob","62":"tag-megaeventos","63":"tag-mobilidade","64":"tag-monica-francisco-psol","65":"tag-moradores-de-rua","66":"tag-morro-da-formiga","67":"tag-museu-da-rocinha-sankofa","68":"tag-o-cidadao","69":"tag-olimpiadas","70":"tag-pcdob","71":"tag-pdt","72":"tag-phs","73":"tag-politica","74":"tag-pps","75":"tag-prisoes","76":"tag-psb","77":"tag-psol","78":"tag-pt","79":"tag-quilombo","80":"tag-quilombo-da-pedra-do-sal","81":"tag-raca","82":"tag-radio-comunitaria","83":"tag-reciclagem","84":"tag-remocao","85":"tag-renata-souza-psol","86":"tag-rocinha","87":"tag-saude-mental","88":"tag-serie","89":"tag-serie-monitoramento-2018","90":"tag-taina-de-paula","91":"tag-tia-norminha-prb","92":"tag-urbanizacao","93":"tag-vila-kennedy","94":"tag-vila-vintem","95":"tag-violencia-contra-a-mulher","96":"tag-xaolin-psol","97":"writer-luisa-fenizola"},"acf":[],"yoast_head":"<!-- This site is optimized with the Yoast SEO plugin v25.6 - https:\/\/yoast.com\/wordpress\/plugins\/seo\/ -->\n<title>O Que Esperar da Pol\u00edtica Brasileira em 2018? Parte 6: Candidaturas das Favelas - RioOnWatch<\/title>\n<meta name=\"robots\" content=\"index, follow, max-snippet:-1, max-image-preview:large, max-video-preview:-1\" \/>\n<link rel=\"canonical\" href=\"https:\/\/rioonwatch.org.br\/?p=35269\" \/>\n<meta property=\"og:locale\" content=\"pt_BR\" \/>\n<meta property=\"og:type\" content=\"article\" \/>\n<meta property=\"og:title\" content=\"O Que Esperar da Pol\u00edtica Brasileira em 2018? Parte 6: Candidaturas das Favelas - RioOnWatch\" \/>\n<meta property=\"og:description\" content=\"Click Here for English Esta \u00e9 a sexta mat\u00e9ria de uma\u00a0s\u00e9rie\u00a0sobre o cen\u00e1rio pol\u00edtico brasileiro para 2018. A rea\u00e7\u00e3o imediata \u00e0 morte da Marielle Franco, para al\u00e9m da dor profunda, foi o fortalecimento do seu [...]\" \/>\n<meta property=\"og:url\" content=\"https:\/\/rioonwatch.org.br\/?p=35269\" \/>\n<meta property=\"og:site_name\" content=\"RioOnWatch\" \/>\n<meta property=\"article:published_time\" content=\"2018-09-12T14:20:20+00:00\" \/>\n<meta property=\"article:modified_time\" content=\"2024-06-20T19:25:02+00:00\" \/>\n<meta property=\"og:image\" content=\"https:\/\/rioonwatch.org.br\/wp-content\/uploads\/2018\/09\/Candidatos-de-Favelas-RJ-2018.jpg\" \/>\n\t<meta property=\"og:image:width\" content=\"1220\" \/>\n\t<meta property=\"og:image:height\" content=\"605\" \/>\n\t<meta property=\"og:image:type\" content=\"image\/jpeg\" \/>\n<meta name=\"author\" content=\"Luisa Fenizola\" \/>\n<meta name=\"twitter:card\" content=\"summary_large_image\" \/>\n<meta name=\"twitter:label1\" content=\"Escrito por\" \/>\n\t<meta name=\"twitter:data1\" content=\"Luisa Fenizola\" \/>\n\t<meta name=\"twitter:label2\" content=\"Est. tempo de leitura\" \/>\n\t<meta name=\"twitter:data2\" content=\"15 minutos\" \/>\n<script type=\"application\/ld+json\" class=\"yoast-schema-graph\">{\"@context\":\"https:\/\/schema.org\",\"@graph\":[{\"@type\":\"Article\",\"@id\":\"https:\/\/rioonwatch.org.br\/?p=35269#article\",\"isPartOf\":{\"@id\":\"https:\/\/rioonwatch.org.br\/?p=35269\"},\"author\":{\"name\":\"Luisa Fenizola\",\"@id\":\"https:\/\/rioonwatch.org.br\/#\/schema\/person\/f443c6b55bb6e80842280318076491c5\"},\"headline\":\"O Que Esperar da Pol\u00edtica Brasileira em 2018? Parte 6: Candidaturas das Favelas\",\"datePublished\":\"2018-09-12T14:20:20+00:00\",\"dateModified\":\"2024-06-20T19:25:02+00:00\",\"mainEntityOfPage\":{\"@id\":\"https:\/\/rioonwatch.org.br\/?p=35269\"},\"wordCount\":2933,\"publisher\":{\"@id\":\"https:\/\/rioonwatch.org.br\/#organization\"},\"image\":{\"@id\":\"https:\/\/rioonwatch.org.br\/?p=35269#primaryimage\"},\"thumbnailUrl\":\"https:\/\/rioonwatch.org.br\/wp-content\/uploads\/2018\/09\/Candidatos-de-Favelas-RJ-2018.jpg\",\"keywords\":[\"Anderson Quack (PSOL)\",\"Antirracismo\",\"Asa Branca\",\"Benedita da Silva\",\"Bento Rubi\u00e3o\",\"Bezerra (PHS)\",\"Borel\",\"Cais do Valongo\",\"Campo Grande\",\"capacita\u00e7\u00e3o\",\"CEASM\",\"CEDAE\",\"chacina da Candel\u00e1ria\",\"Chap\u00e9u Mangueira\",\"Cidade de Deus\",\"Claudete da Costa (PT)\",\"Complexo da Mar\u00e9\",\"Comunica\u00e7\u00e3o Comunit\u00e1ria\",\"Copa do Mundo\",\"CUFA\",\"Dami\u00e3o Braga (PDT)\",\"David Miranda (PSOL)\",\"defici\u00eancia f\u00edsica\",\"Direito \u00e0 Cidade\",\"direito \u00e0 comunica\u00e7\u00e3o\",\"Direito \u00e0 Moradia\",\"Direitos Humanos\",\"economia solid\u00e1ria\",\"Edna Gomes (PPS)\",\"Elei\u00e7\u00f5es\",\"FAFERJ\",\"feminismo\",\"Fernando Ermiro (PMB)\",\"Gilberto Palmares (PT)\",\"igualdade\",\"intoler\u00e2ncia religiosa\",\"Jacarezinho\",\"K\u00e1tia Lopes (PPS)\",\"Legado de Marielle\",\"LGBTQIAPN+\",\"lideran\u00e7a comunit\u00e1ria\",\"Louren\u00e7o C\u00e9zar (PSB)\",\"M\u00e3e Fl\u00e1via Pinto (PDT)\",\"Manguinhos\",\"Marielle Franco\",\"MC Carol (PCdoB)\",\"Megaeventos\",\"mobilidade\",\"Monica Francisco (PSOL)\",\"Moradores em Situa\u00e7\u00e3o de Rua\",\"Morro da Formiga\",\"Museu da Rocinha Sankofa\",\"O Cidad\u00e3o\",\"Olimp\u00edadas\",\"PCdoB\",\"PDT\",\"PHS\",\"pol\u00edtica\",\"PPS\",\"pris\u00f5es\",\"PSB\",\"PSOL\",\"PT\",\"Quilombo\",\"Quilombo da Pedra do Sal\",\"ra\u00e7a\",\"radio comunit\u00e1ria\",\"reciclagem\",\"Remo\u00e7\u00e3o\",\"Renata Souza\",\"Rocinha\",\"sa\u00fade mental\",\"S\u00e9rie\",\"S\u00e9rie: Monitoramento 2018\",\"Tain\u00e1 de Paula (PT)\",\"Tia Norminha (PRB)\",\"urbaniza\u00e7\u00e3o\",\"Vila Kennedy\",\"Vila Vint\u00e9m\",\"viol\u00eancia contra a mulher\",\"Xaolin (PSOL)\"],\"articleSection\":[\"#OlhoNaParticipa\u00e7\u00e3o\",\"*Destaque\",\"Entendendo o Rio\",\"Formas de Apoiar\",\"Pol\u00edticas\",\"Qualidades da Favela\",\"Seguran\u00e7a P\u00fablica\",\"Sociedade Civil\",\"Solu\u00e7\u00f5es\"],\"inLanguage\":\"pt-BR\"},{\"@type\":\"WebPage\",\"@id\":\"https:\/\/rioonwatch.org.br\/?p=35269\",\"url\":\"https:\/\/rioonwatch.org.br\/?p=35269\",\"name\":\"O Que Esperar da Pol\u00edtica Brasileira em 2018? Parte 6: Candidaturas das Favelas - RioOnWatch\",\"isPartOf\":{\"@id\":\"https:\/\/rioonwatch.org.br\/#website\"},\"primaryImageOfPage\":{\"@id\":\"https:\/\/rioonwatch.org.br\/?p=35269#primaryimage\"},\"image\":{\"@id\":\"https:\/\/rioonwatch.org.br\/?p=35269#primaryimage\"},\"thumbnailUrl\":\"https:\/\/rioonwatch.org.br\/wp-content\/uploads\/2018\/09\/Candidatos-de-Favelas-RJ-2018.jpg\",\"datePublished\":\"2018-09-12T14:20:20+00:00\",\"dateModified\":\"2024-06-20T19:25:02+00:00\",\"breadcrumb\":{\"@id\":\"https:\/\/rioonwatch.org.br\/?p=35269#breadcrumb\"},\"inLanguage\":\"pt-BR\",\"potentialAction\":[{\"@type\":\"ReadAction\",\"target\":[\"https:\/\/rioonwatch.org.br\/?p=35269\"]}]},{\"@type\":\"ImageObject\",\"inLanguage\":\"pt-BR\",\"@id\":\"https:\/\/rioonwatch.org.br\/?p=35269#primaryimage\",\"url\":\"https:\/\/rioonwatch.org.br\/wp-content\/uploads\/2018\/09\/Candidatos-de-Favelas-RJ-2018.jpg\",\"contentUrl\":\"https:\/\/rioonwatch.org.br\/wp-content\/uploads\/2018\/09\/Candidatos-de-Favelas-RJ-2018.jpg\",\"width\":1220,\"height\":605},{\"@type\":\"BreadcrumbList\",\"@id\":\"https:\/\/rioonwatch.org.br\/?p=35269#breadcrumb\",\"itemListElement\":[{\"@type\":\"ListItem\",\"position\":1,\"name\":\"In\u00edcio\",\"item\":\"https:\/\/rioonwatch.org.br\/\"},{\"@type\":\"ListItem\",\"position\":2,\"name\":\"O Que Esperar da Pol\u00edtica Brasileira em 2018? Parte 6: Candidaturas das Favelas\"}]},{\"@type\":\"WebSite\",\"@id\":\"https:\/\/rioonwatch.org.br\/#website\",\"url\":\"https:\/\/rioonwatch.org.br\/\",\"name\":\"RioOnWatch\",\"description\":\"relatos das favelas cariocas\",\"publisher\":{\"@id\":\"https:\/\/rioonwatch.org.br\/#organization\"},\"potentialAction\":[{\"@type\":\"SearchAction\",\"target\":{\"@type\":\"EntryPoint\",\"urlTemplate\":\"https:\/\/rioonwatch.org.br\/?s={search_term_string}\"},\"query-input\":{\"@type\":\"PropertyValueSpecification\",\"valueRequired\":true,\"valueName\":\"search_term_string\"}}],\"inLanguage\":\"pt-BR\"},{\"@type\":\"Organization\",\"@id\":\"https:\/\/rioonwatch.org.br\/#organization\",\"name\":\"RioOnWatch\",\"url\":\"https:\/\/rioonwatch.org.br\/\",\"logo\":{\"@type\":\"ImageObject\",\"inLanguage\":\"pt-BR\",\"@id\":\"https:\/\/rioonwatch.org.br\/#\/schema\/logo\/image\/\",\"url\":\"https:\/\/rioonwatch.org.br\/wp-content\/uploads\/2021\/06\/RioOnWatchcabecalhoPT11anos-2.png\",\"contentUrl\":\"https:\/\/rioonwatch.org.br\/wp-content\/uploads\/2021\/06\/RioOnWatchcabecalhoPT11anos-2.png\",\"width\":779,\"height\":277,\"caption\":\"RioOnWatch\"},\"image\":{\"@id\":\"https:\/\/rioonwatch.org.br\/#\/schema\/logo\/image\/\"}},{\"@type\":\"Person\",\"@id\":\"https:\/\/rioonwatch.org.br\/#\/schema\/person\/f443c6b55bb6e80842280318076491c5\",\"name\":\"Luisa Fenizola\",\"image\":{\"@type\":\"ImageObject\",\"inLanguage\":\"pt-BR\",\"@id\":\"https:\/\/rioonwatch.org.br\/#\/schema\/person\/image\/\",\"url\":\"https:\/\/secure.gravatar.com\/avatar\/a3d551110162b9f876cbbdaaecf75663?s=96&d=blank&r=g\",\"contentUrl\":\"https:\/\/secure.gravatar.com\/avatar\/a3d551110162b9f876cbbdaaecf75663?s=96&d=blank&r=g\",\"caption\":\"Luisa Fenizola\"},\"url\":\"https:\/\/rioonwatch.org.br\/?author=152\"}]}<\/script>\n<!-- \/ Yoast SEO plugin. -->","yoast_head_json":{"title":"O Que Esperar da Pol\u00edtica Brasileira em 2018? Parte 6: Candidaturas das Favelas - RioOnWatch","robots":{"index":"index","follow":"follow","max-snippet":"max-snippet:-1","max-image-preview":"max-image-preview:large","max-video-preview":"max-video-preview:-1"},"canonical":"https:\/\/rioonwatch.org.br\/?p=35269","og_locale":"pt_BR","og_type":"article","og_title":"O Que Esperar da Pol\u00edtica Brasileira em 2018? Parte 6: Candidaturas das Favelas - RioOnWatch","og_description":"Click Here for English Esta \u00e9 a sexta mat\u00e9ria de uma\u00a0s\u00e9rie\u00a0sobre o cen\u00e1rio pol\u00edtico brasileiro para 2018. A rea\u00e7\u00e3o imediata \u00e0 morte da Marielle Franco, para al\u00e9m da dor profunda, foi o fortalecimento do seu [...]","og_url":"https:\/\/rioonwatch.org.br\/?p=35269","og_site_name":"RioOnWatch","article_published_time":"2018-09-12T14:20:20+00:00","article_modified_time":"2024-06-20T19:25:02+00:00","og_image":[{"width":1220,"height":605,"url":"https:\/\/rioonwatch.org.br\/wp-content\/uploads\/2018\/09\/Candidatos-de-Favelas-RJ-2018.jpg","type":"image\/jpeg"}],"author":"Luisa Fenizola","twitter_card":"summary_large_image","twitter_misc":{"Escrito por":"Luisa Fenizola","Est. tempo de leitura":"15 minutos"},"schema":{"@context":"https:\/\/schema.org","@graph":[{"@type":"Article","@id":"https:\/\/rioonwatch.org.br\/?p=35269#article","isPartOf":{"@id":"https:\/\/rioonwatch.org.br\/?p=35269"},"author":{"name":"Luisa Fenizola","@id":"https:\/\/rioonwatch.org.br\/#\/schema\/person\/f443c6b55bb6e80842280318076491c5"},"headline":"O Que Esperar da Pol\u00edtica Brasileira em 2018? Parte 6: Candidaturas das Favelas","datePublished":"2018-09-12T14:20:20+00:00","dateModified":"2024-06-20T19:25:02+00:00","mainEntityOfPage":{"@id":"https:\/\/rioonwatch.org.br\/?p=35269"},"wordCount":2933,"publisher":{"@id":"https:\/\/rioonwatch.org.br\/#organization"},"image":{"@id":"https:\/\/rioonwatch.org.br\/?p=35269#primaryimage"},"thumbnailUrl":"https:\/\/rioonwatch.org.br\/wp-content\/uploads\/2018\/09\/Candidatos-de-Favelas-RJ-2018.jpg","keywords":["Anderson Quack (PSOL)","Antirracismo","Asa Branca","Benedita da Silva","Bento Rubi\u00e3o","Bezerra (PHS)","Borel","Cais do Valongo","Campo Grande","capacita\u00e7\u00e3o","CEASM","CEDAE","chacina da Candel\u00e1ria","Chap\u00e9u Mangueira","Cidade de Deus","Claudete da Costa (PT)","Complexo da Mar\u00e9","Comunica\u00e7\u00e3o Comunit\u00e1ria","Copa do Mundo","CUFA","Dami\u00e3o Braga (PDT)","David Miranda (PSOL)","defici\u00eancia f\u00edsica","Direito \u00e0 Cidade","direito \u00e0 comunica\u00e7\u00e3o","Direito \u00e0 Moradia","Direitos Humanos","economia solid\u00e1ria","Edna Gomes (PPS)","Elei\u00e7\u00f5es","FAFERJ","feminismo","Fernando Ermiro (PMB)","Gilberto Palmares (PT)","igualdade","intoler\u00e2ncia religiosa","Jacarezinho","K\u00e1tia Lopes (PPS)","Legado de Marielle","LGBTQIAPN+","lideran\u00e7a comunit\u00e1ria","Louren\u00e7o C\u00e9zar (PSB)","M\u00e3e Fl\u00e1via Pinto (PDT)","Manguinhos","Marielle Franco","MC Carol (PCdoB)","Megaeventos","mobilidade","Monica Francisco (PSOL)","Moradores em Situa\u00e7\u00e3o de Rua","Morro da Formiga","Museu da Rocinha Sankofa","O Cidad\u00e3o","Olimp\u00edadas","PCdoB","PDT","PHS","pol\u00edtica","PPS","pris\u00f5es","PSB","PSOL","PT","Quilombo","Quilombo da Pedra do Sal","ra\u00e7a","radio comunit\u00e1ria","reciclagem","Remo\u00e7\u00e3o","Renata Souza","Rocinha","sa\u00fade mental","S\u00e9rie","S\u00e9rie: Monitoramento 2018","Tain\u00e1 de Paula (PT)","Tia Norminha (PRB)","urbaniza\u00e7\u00e3o","Vila Kennedy","Vila Vint\u00e9m","viol\u00eancia contra a mulher","Xaolin (PSOL)"],"articleSection":["#OlhoNaParticipa\u00e7\u00e3o","*Destaque","Entendendo o Rio","Formas de Apoiar","Pol\u00edticas","Qualidades da Favela","Seguran\u00e7a P\u00fablica","Sociedade Civil","Solu\u00e7\u00f5es"],"inLanguage":"pt-BR"},{"@type":"WebPage","@id":"https:\/\/rioonwatch.org.br\/?p=35269","url":"https:\/\/rioonwatch.org.br\/?p=35269","name":"O Que Esperar da Pol\u00edtica Brasileira em 2018? Parte 6: Candidaturas das Favelas - RioOnWatch","isPartOf":{"@id":"https:\/\/rioonwatch.org.br\/#website"},"primaryImageOfPage":{"@id":"https:\/\/rioonwatch.org.br\/?p=35269#primaryimage"},"image":{"@id":"https:\/\/rioonwatch.org.br\/?p=35269#primaryimage"},"thumbnailUrl":"https:\/\/rioonwatch.org.br\/wp-content\/uploads\/2018\/09\/Candidatos-de-Favelas-RJ-2018.jpg","datePublished":"2018-09-12T14:20:20+00:00","dateModified":"2024-06-20T19:25:02+00:00","breadcrumb":{"@id":"https:\/\/rioonwatch.org.br\/?p=35269#breadcrumb"},"inLanguage":"pt-BR","potentialAction":[{"@type":"ReadAction","target":["https:\/\/rioonwatch.org.br\/?p=35269"]}]},{"@type":"ImageObject","inLanguage":"pt-BR","@id":"https:\/\/rioonwatch.org.br\/?p=35269#primaryimage","url":"https:\/\/rioonwatch.org.br\/wp-content\/uploads\/2018\/09\/Candidatos-de-Favelas-RJ-2018.jpg","contentUrl":"https:\/\/rioonwatch.org.br\/wp-content\/uploads\/2018\/09\/Candidatos-de-Favelas-RJ-2018.jpg","width":1220,"height":605},{"@type":"BreadcrumbList","@id":"https:\/\/rioonwatch.org.br\/?p=35269#breadcrumb","itemListElement":[{"@type":"ListItem","position":1,"name":"In\u00edcio","item":"https:\/\/rioonwatch.org.br\/"},{"@type":"ListItem","position":2,"name":"O Que Esperar da Pol\u00edtica Brasileira em 2018? Parte 6: Candidaturas das Favelas"}]},{"@type":"WebSite","@id":"https:\/\/rioonwatch.org.br\/#website","url":"https:\/\/rioonwatch.org.br\/","name":"RioOnWatch","description":"relatos das favelas cariocas","publisher":{"@id":"https:\/\/rioonwatch.org.br\/#organization"},"potentialAction":[{"@type":"SearchAction","target":{"@type":"EntryPoint","urlTemplate":"https:\/\/rioonwatch.org.br\/?s={search_term_string}"},"query-input":{"@type":"PropertyValueSpecification","valueRequired":true,"valueName":"search_term_string"}}],"inLanguage":"pt-BR"},{"@type":"Organization","@id":"https:\/\/rioonwatch.org.br\/#organization","name":"RioOnWatch","url":"https:\/\/rioonwatch.org.br\/","logo":{"@type":"ImageObject","inLanguage":"pt-BR","@id":"https:\/\/rioonwatch.org.br\/#\/schema\/logo\/image\/","url":"https:\/\/rioonwatch.org.br\/wp-content\/uploads\/2021\/06\/RioOnWatchcabecalhoPT11anos-2.png","contentUrl":"https:\/\/rioonwatch.org.br\/wp-content\/uploads\/2021\/06\/RioOnWatchcabecalhoPT11anos-2.png","width":779,"height":277,"caption":"RioOnWatch"},"image":{"@id":"https:\/\/rioonwatch.org.br\/#\/schema\/logo\/image\/"}},{"@type":"Person","@id":"https:\/\/rioonwatch.org.br\/#\/schema\/person\/f443c6b55bb6e80842280318076491c5","name":"Luisa Fenizola","image":{"@type":"ImageObject","inLanguage":"pt-BR","@id":"https:\/\/rioonwatch.org.br\/#\/schema\/person\/image\/","url":"https:\/\/secure.gravatar.com\/avatar\/a3d551110162b9f876cbbdaaecf75663?s=96&d=blank&r=g","contentUrl":"https:\/\/secure.gravatar.com\/avatar\/a3d551110162b9f876cbbdaaecf75663?s=96&d=blank&r=g","caption":"Luisa Fenizola"},"url":"https:\/\/rioonwatch.org.br\/?author=152"}]}},"_links":{"self":[{"href":"https:\/\/rioonwatch.org.br\/index.php?rest_route=\/wp\/v2\/posts\/35269"}],"collection":[{"href":"https:\/\/rioonwatch.org.br\/index.php?rest_route=\/wp\/v2\/posts"}],"about":[{"href":"https:\/\/rioonwatch.org.br\/index.php?rest_route=\/wp\/v2\/types\/post"}],"author":[{"embeddable":true,"href":"https:\/\/rioonwatch.org.br\/index.php?rest_route=\/wp\/v2\/users\/152"}],"replies":[{"embeddable":true,"href":"https:\/\/rioonwatch.org.br\/index.php?rest_route=%2Fwp%2Fv2%2Fcomments&post=35269"}],"version-history":[{"count":43,"href":"https:\/\/rioonwatch.org.br\/index.php?rest_route=\/wp\/v2\/posts\/35269\/revisions"}],"predecessor-version":[{"id":36908,"href":"https:\/\/rioonwatch.org.br\/index.php?rest_route=\/wp\/v2\/posts\/35269\/revisions\/36908"}],"wp:featuredmedia":[{"embeddable":true,"href":"https:\/\/rioonwatch.org.br\/index.php?rest_route=\/wp\/v2\/media\/36282"}],"wp:attachment":[{"href":"https:\/\/rioonwatch.org.br\/index.php?rest_route=%2Fwp%2Fv2%2Fmedia&parent=35269"}],"wp:term":[{"taxonomy":"category","embeddable":true,"href":"https:\/\/rioonwatch.org.br\/index.php?rest_route=%2Fwp%2Fv2%2Fcategories&post=35269"},{"taxonomy":"post_tag","embeddable":true,"href":"https:\/\/rioonwatch.org.br\/index.php?rest_route=%2Fwp%2Fv2%2Ftags&post=35269"},{"taxonomy":"writer","embeddable":true,"href":"https:\/\/rioonwatch.org.br\/index.php?rest_route=%2Fwp%2Fv2%2Fwriter&post=35269"},{"taxonomy":"translator","embeddable":true,"href":"https:\/\/rioonwatch.org.br\/index.php?rest_route=%2Fwp%2Fv2%2Ftranslator&post=35269"},{"taxonomy":"source","embeddable":true,"href":"https:\/\/rioonwatch.org.br\/index.php?rest_route=%2Fwp%2Fv2%2Fsource&post=35269"},{"taxonomy":"ilustrador","embeddable":true,"href":"https:\/\/rioonwatch.org.br\/index.php?rest_route=%2Fwp%2Fv2%2Filustrador&post=35269"},{"taxonomy":"fotografo","embeddable":true,"href":"https:\/\/rioonwatch.org.br\/index.php?rest_route=%2Fwp%2Fv2%2Ffotografo&post=35269"}],"curies":[{"name":"wp","href":"https:\/\/api.w.org\/{rel}","templated":true}]}}