{"id":35408,"date":"2018-08-20T08:59:10","date_gmt":"2018-08-20T11:59:10","guid":{"rendered":"http:\/\/rioonwatch.org.br\/?p=35408"},"modified":"2018-10-25T10:08:10","modified_gmt":"2018-10-25T13:08:10","slug":"termo-territorial-coletivo-parte-1-conhecendo-a-ideia-e-as-possibilidades-para-favelas","status":"publish","type":"post","link":"https:\/\/rioonwatch.org.br\/?p=35408","title":{"rendered":"Termo Territorial Coletivo, Parte 1: Conhecendo a Ideia e as Possibilidades Para Favelas"},"content":{"rendered":"<p style=\"text-align: right;\"><em><strong><a href=\"http:\/\/bit.ly\/2NDZ7yK\" target=\"_blank\" rel=\"noopener noreferrer\">Click Here for English<img decoding=\"async\" width=\"20\" height=\"20\" class=\"alignright wp-image-15790\" src=\"http:\/\/rioonwatch.org.br\/wp-content\/uploads\/2012\/08\/EN-standard-e1439583104716.jpg\" \/><\/a><\/strong><\/em><\/p>\n<p><em>Esta \u00e9 a primeira mat\u00e9ria de uma\u00a0<a href=\"http:\/\/bit.ly\/ConhecendoTTC\" target=\"_blank\" rel=\"noopener\">s\u00e9rie de quatro<\/a>\u00a0que resume o relat\u00f3rio sobre o potencial&#8211;dentro da lei atual brasileira&#8211;da aplica\u00e7\u00e3o do modelo Community Land Trust, sendo traduzido para o portugu\u00eas como <a href=\"http:\/\/bit.ly\/1mig1hx\" target=\"_blank\" rel=\"noopener\">Termo Territorial Coletivo (TTC)<\/a>, para a seguran\u00e7a fundi\u00e1ria nas favelas do B<\/em><em>rasil, apresentando e adaptando um <a href=\"http:\/\/bit.ly\/2BE58pR\" target=\"_blank\" rel=\"noopener\">relat\u00f3rio pelas advogadas e urbanistas<\/a> Tarcyla Fidalgo e Renata Antao, preparado com apoio do Instituto Lincoln de Pol\u00edticas de Terra (LILP). Esta s\u00e9rie\u00a0esclarece\u00a0v\u00e1rios pontos referentes \u00e0 proposta,\u00a0mostrando\u00a0as suas bases, contextualiza\u00e7\u00e3o para favelas, benef\u00edcios, aplicabilidade e forma de funcionamento. Nesta primeira mat\u00e9ria, contextualizamos o tema e desenvolvemos o panorama geral do que seria o Termo Territorial Coletivo enquanto um instrumento da pol\u00edtica urbana para favelas.\u00a0Para ler as outras mat\u00e9rias da s\u00e9rie clique\u00a0<a href=\"http:\/\/bit.ly\/ConhecendoTTC\" target=\"_blank\" rel=\"noopener\">aqui<\/a>.<\/em><\/p>\n<p><em>Esta s\u00e9rie foi publicada em prepara\u00e7\u00e3o para a vinda da\u00a0<a href=\"http:\/\/bit.ly\/2sDUcQj\" target=\"_blank\" rel=\"noopener\">delega\u00e7\u00e3o de Porto Rico<\/a>, entre 23 e 27 de agosto, que conseguiu realizar o TTC em oito favelas de San Juan, com \u00f3timos resultados. As oficinas foram realizadas pela ComCat em parceria com a Defensoria P\u00fablica do Estado do Rio de Janeiro, a Pastoral de Favelas, o Conselho de Arquitetura e Urbanismo do Rio, e o Laborat\u00f3rio de Estudos das Transforma\u00e7\u00f5es do Direito Urban\u00edstico Brasileiro.<\/em><\/p>\n<hr \/>\n<h3><strong>As origens e as bases da proposta do Termo Territorial Coletivo\u00a0<\/strong><\/h3>\n<p>O instrumento do Termo Territorial Coletivo (TTC) surgiu a partir das experi\u00eancias\u00a0ocorridas\u00a0nos Estado Unidos com os <a href=\"http:\/\/bit.ly\/2AV5RSR\" target=\"_blank\" rel=\"noopener\"><em>Community<\/em><em>\u00a0Land\u00a0<\/em><em>Trust<\/em><\/a>\u00a0na d\u00e9cada de 60, encabe\u00e7ados\u00a0por movimentos sociais norte-americanos.\u00a0No\u00a0entanto,\u00a0o primeiro <em>Community Land\u00a0<\/em><em>Trust<\/em><em>\u00a0<\/em>urbano s\u00f3 foi\u00a0ser\u00a0<a href=\"http:\/\/bit.ly\/2MdskPy\" target=\"_blank\" rel=\"noopener\">implementado em 1980, na cidade de Cincinnati<\/a>. Desde ent\u00e3o, a proposta vem sendo amplamente difundida\u00a0em diversos\u00a0locais, com centenas de experi\u00eancias variadas ao redor do mundo, inclusive\u00a0no Canad\u00e1, Inglaterra, Esc\u00f3cia, Austr\u00e1lia e Qu\u00eania.<\/p>\n<p>A proposta original do <em>Community Land\u00a0<\/em><em>Trust<\/em>\u00a0n\u00e3o prev\u00ea <a href=\"http:\/\/bit.ly\/2hq7gD6\" target=\"_blank\" rel=\"noopener\">aplicabilidade direta em favelas<\/a>, mas por ser um modelo bastante flex\u00edvel e pass\u00edvel de ser adaptado a diferentes contextos e necessidades, e por ser\u00a0desenvolvido exatamente para responder a contextos mais vulner\u00e1veis ao mercado imobili\u00e1rio especulativo, ele <a href=\"http:\/\/bit.ly\/11RTHmB\" target=\"_blank\" rel=\"noopener\">se tornou uma ferramenta de interesse<\/a> para atender a demanda por seguran\u00e7a fundi\u00e1ria em favelas. Isso porque a proposta principal deste modelo \u00e9 fornecer <a href=\"http:\/\/bit.ly\/2neFgYb\" target=\"_blank\" rel=\"noopener\">moradia adequada e economicamente acess\u00edvel<\/a>\u00a0perpetuamente, combatendo a <a href=\"http:\/\/bit.ly\/2F4A68a\" target=\"_blank\" rel=\"noopener\">especula\u00e7\u00e3o imobili\u00e1ria<\/a> sobre a terra e garantindo a <a href=\"http:\/\/bit.ly\/2BQdjev\" target=\"_blank\" rel=\"noopener\">seguran\u00e7a de perman\u00eancia<\/a> dos moradores em seus locais de moradia.<\/p>\n<p>A tradu\u00e7\u00e3o de <em>Community Land Trust<\/em> para <em>Termo Territorial Coletivo<\/em> busca valorizar a ideia de um termo entre v\u00e1rias partes, a\u00a0<a href=\"http:\/\/bit.ly\/2eEVNjX\" target=\"_blank\" rel=\"noopener\">coletividade<\/a>, no gerenciamento do territ\u00f3rio que todos t\u00eam em comum. Nesse sentido, a terra fica na posse do TTC (pessoa jur\u00eddica criada), que \u00e9 composto pelos moradores e por um conselho, e a sua <a href=\"http:\/\/bit.ly\/1kmbrP9\" target=\"_blank\" rel=\"noopener\">gest\u00e3o \u00e9 feita de forma coletiva<\/a>. No entanto, enquanto a comunidade estabelece um acordo para o uso do territ\u00f3rio onde convive, as constru\u00e7\u00f5es em si&#8211;os im\u00f3veis sobre a terra do TTC&#8211;s\u00e3o de propriedade individual, possibilitando um meio-termo entre as expectativas individuais e coletivas.<\/p>\n<p>Na \u00faltima d\u00e9cada, o Rio de Janeiro enfrentou uma s\u00e9rie de pol\u00edticas urbanas ligadas ao <a href=\"http:\/\/bit.ly\/1ysn4FJ\" target=\"_blank\" rel=\"noopener\">contexto dos megaeventos<\/a> sediados na cidade, e\u00a0que contribu\u00edram para uma <a href=\"http:\/\/bit.ly\/2Oo7yLv\" target=\"_blank\" rel=\"noopener\">s\u00e9rie de remo\u00e7\u00f5es em favelas<\/a> e para a <a href=\"http:\/\/bit.ly\/1VrS59R\" target=\"_blank\" rel=\"noopener\">especula\u00e7\u00e3o\u00a0da terra urbana<\/a>.\u00a0Como exemplo, o <a href=\"http:\/\/bit.ly\/1NN08e8\" target=\"_blank\" rel=\"noopener\">programa da UPP<\/a> adotado teve um claro impacto no\u00a0<a href=\"http:\/\/bit.ly\/2ncM2hg\" target=\"_blank\" rel=\"noopener\">potencial especulativo para o mercado<\/a>\u00a0das favelas onde foi implementado, aumentando tanto o pre\u00e7o dos im\u00f3veis nos bairros formalizados em torno quanto em favelas que receberam essa interven\u00e7\u00e3o, principalmente aquelas <a href=\"http:\/\/bit.ly\/1fXj9ZW\" target=\"_blank\" rel=\"noopener\">localizadas na Zona Sul<\/a>, \u00e1rea mais tur\u00edstica da cidade.<\/p>\n<p><a href=\"http:\/\/rioonwatch.org.br\/wp-content\/uploads\/2018\/08\/Casa-demolida-no-processo-de-remo\u00e7\u00e3o-na-Vila-Aut\u00f3dromo.jpg\"><img fetchpriority=\"high\" decoding=\"async\" class=\"aligncenter wp-image-35438 size-content\" title=\" Escombros de casa demolida no processo de remo\u00e7\u00e3o na Vila Aut\u00f3dromo.\" src=\"http:\/\/rioonwatch.org.br\/wp-content\/uploads\/2018\/08\/Casa-demolida-no-processo-de-remo\u00e7\u00e3o-na-Vila-Aut\u00f3dromo-620x264.jpg\" alt=\"\" width=\"620\" height=\"264\" srcset=\"https:\/\/rioonwatch.org.br\/wp-content\/uploads\/2018\/08\/Casa-demolida-no-processo-de-remo\u00e7\u00e3o-na-Vila-Aut\u00f3dromo-620x264.jpg 620w, https:\/\/rioonwatch.org.br\/wp-content\/uploads\/2018\/08\/Casa-demolida-no-processo-de-remo\u00e7\u00e3o-na-Vila-Aut\u00f3dromo-940x400.jpg 940w\" sizes=\"(max-width: 620px) 100vw, 620px\" \/><\/a><\/p>\n<p>Nesse contexto, surge a necessidade de pensar novos mecanismos e instrumentos que possam garantir a perman\u00eancia dos moradores em suas comunidades, seja contra o risco de remo\u00e7\u00e3o pelo Estado ou remo\u00e7\u00e3o pelo mercado. T\u00edtulos de posse&#8211;o tradicional alvo da milit\u00e2ncia neste sentido, de fato s\u00f3 protegem contra a remo\u00e7\u00e3o estatal, e nem plenamente, como vimos no caso da Vila Aut\u00f3dromo. Por\u00e9m, t\u00edtulos na verdade exacerbam o risco de remo\u00e7\u00e3o pelo mercado, ou gentrifica\u00e7\u00e3o, tanto pela for\u00e7a legal que agora \u00e9 dada \u00e0 transa\u00e7\u00e3o, quanto pela individualiza\u00e7\u00e3o e l\u00f3gica mercadol\u00f3gica que acompanham o recebimento de um t\u00edtulo individual, que transforma o lar em mercadoria sob a l\u00f3gica do &#8216;investimento&#8217;.<\/p>\n<p>Com isso, com a titula\u00e7\u00e3o tamb\u00e9m se torna fundamental desenvolver formas de fortalecimento dos elos comunit\u00e1rios e a organiza\u00e7\u00e3o social local. Felizmente o TTC tamb\u00e9m oferece uma estrutura eficaz neste sentido, viabilizando a <a href=\"http:\/\/bit.ly\/2H1dYv4\" target=\"_blank\" rel=\"noopener\">uni\u00e3o de\u00a0for\u00e7as<\/a> necess\u00e1rias para o enfrentamento de futuras <a href=\"http:\/\/bit.ly\/2zPcWTe\" target=\"_blank\" rel=\"noopener\">disputas<\/a>.<\/p>\n<h3><strong>Termo Territorial Coletivo como possibilidade de pol\u00edtica urbana<\/strong><\/h3>\n<p>O Termo Territorial Coletivo (TTC) \u00e9 um instrumento que une dimens\u00f5es jur\u00eddica, social e de <a href=\"http:\/\/bit.ly\/14mmjmG\" target=\"_blank\" rel=\"noopener\">planejamento urbano<\/a>, tendo por objetivo garantir a perman\u00eancia dos moradores em seus locais de moradia\u00a0e <a href=\"http:\/\/bit.ly\/2neFgYb\" target=\"_blank\" rel=\"noopener\">oferecer\u00a0habita\u00e7\u00e3o<\/a> acess\u00edvel\u00a0de forma cont\u00ednua. Isso \u00e9 viabilizado j\u00e1 que,\u00a0ao ser constitu\u00eddo, o\u00a0TTC&#8211;cujo conselho \u00e9 eleito somente por moradores locais&#8211;se torna o propriet\u00e1rio da terra. Dessa forma,\u00a0a terra \u00e9 governada pelos moradores por\u00e9m \u00e9 retirada do\u00a0mercado e separada do\u00a0valor das constru\u00e7\u00f5es, portanto\u00a0n\u00e3o \u00e9 pass\u00edvel de ser especulada. Na sua cria\u00e7\u00e3o a gest\u00e3o do TTC pode tamb\u00e9m escolher estabelecer um teto de valor para as propriedades\u00a0que forem\u00a0vendidas, de forma a garantir ainda maior acessibilidade \u00e0 moradia.<\/p>\n<p>Um dos principais benef\u00edcios deste modelo \u00e9 que&#8211;apesar do cen\u00e1rio ideal incluir a aprova\u00e7\u00e3o de uma lei espec\u00edfica para o Termo Territorial Coletivo para que houvesse sua legisla\u00e7\u00e3o pr\u00f3pria&#8211;este instrumento pode ser aplicado atrav\u00e9s dos instrumentos de pol\u00edtica urbana j\u00e1 existentes. Al\u00e9m disso, apesar do apoio do governo ser um facilitador, ele n\u00e3o \u00e9 imprescind\u00edvel para que seja iniciado um Termo Territorial Coletivo. Com isso, o TTC oferece uma possibilidade de aplica\u00e7\u00e3o de forma mais imediata.<\/p>\n<h3><strong>Fundamentos b\u00e1sicos da proposta<\/strong><\/h3>\n<p>Garantir a seguran\u00e7a da perman\u00eancia, al\u00e9m de moradia acess\u00edvel e de qualidade \u00e9 o principal objetivo de um Termo Territorial Coletivo (TTC). No entanto, essas moradias podem ser propostas de diversas\u00a0maneiras, e vai depender da pr\u00f3pria organiza\u00e7\u00e3o do TTC.<\/p>\n<p><a href=\"http:\/\/rioonwatch.org.br\/wp-content\/uploads\/2018\/08\/Moradores-de-CLT-em-Cincinnati.jpg\"><img decoding=\"async\" class=\"aligncenter wp-image-35432 size-content\" title=\"Moradores do Community Land\u00a0Trust em Cincinnati\" src=\"http:\/\/rioonwatch.org.br\/wp-content\/uploads\/2018\/08\/Moradores-de-CLT-em-Cincinnati-620x264.jpg\" alt=\"\" width=\"620\" height=\"264\" \/><\/a><\/p>\n<p>Al\u00e9m disso, os\u00a0TTCs\u00a0podem ir al\u00e9m da moradia em si, contribuindo para o desenvolvendo local de forma mais ampla, como, por exemplo, desenvolvendo <a href=\"http:\/\/bit.ly\/2qUJeqE\" target=\"_blank\" rel=\"noopener\">hortas comunit\u00e1rias<\/a>, servi\u00e7os locais e pleiteando a implementa\u00e7\u00e3o de servi\u00e7os p\u00fablicos. As possibilidades s\u00e3o enormes, e o desenvolvendo local vai depender das necessidades e das vontades que o conselho e os participantes decidirem desenvolver. No entanto, apesar de ser um modelo bastante flex\u00edvel, este instrumento apresenta algumas caracter\u00edsticas b\u00e1sicas comuns a todos os formatos.<\/p>\n<p>De maneira geral, o Termo Territorial Coletivo objetiva:<\/p>\n<ul>\n<li>Garantir o acesso \u00e0 terra e \u00e0 seguran\u00e7a contra remo\u00e7\u00f5es para a popula\u00e7\u00e3o mais pobre e vulner\u00e1vel \u00e0s a\u00e7\u00f5es do mercado imobili\u00e1rio;<\/li>\n<li>Gerir coletivamente as terras inscritas dentro do regime do TTC, enquanto as moradias constru\u00eddas sobre essas terras s\u00e3o de propriedade individual;<\/li>\n<li>A auto-organiza\u00e7\u00e3o de seus moradores e parcerias com t\u00e9cnicos de forma continuada, como forma de gest\u00e3o do TTC;<\/li>\n<li>O ingresso volunt\u00e1rio, uma vez que ningu\u00e9m \u00e9 obrigado a fazer parte de um TTC.<\/li>\n<\/ul>\n<p>Quando aplicado em favelas, atuando em uma \u00e1rea j\u00e1 ocupada socialmente e culturalmente, o modelo permite que o desenvolvimento local ocorra de acordo com os interesses e a cultura local. O desenvolvimento local \u00e9, portanto, liderado e orientado pela comunidade, o que \u00e9 essencial para atender as necessidades locais e promover o engajamento e organiza\u00e7\u00e3o necess\u00e1rios para abrir caminhos para outros projetos e melhorias. Al\u00e9m disso, conforme mais\u00a0TTCs\u00a0s\u00e3o formados, a for\u00e7a social organizada para demandar direitos aumenta, uma vez que os\u00a0TTCs\u00a0podem se unir para articular movimentos maiores que demandem por outros direitos e que se organizem para novas possibilidades de luta.<\/p>\n<h3><strong>Mais seguran\u00e7a contra remo\u00e7\u00f5es<\/strong><\/h3>\n<p>A remo\u00e7\u00e3o \u00e9 uma\u00a0viol\u00eancia\u00a0social, <a href=\"http:\/\/bit.ly\/2u24s97\" target=\"_blank\" rel=\"noopener\">psicol\u00f3gica, f\u00edsica<\/a>, pol\u00edtica e econ\u00f4mica. Al\u00e9m de violar os direitos dos moradores, acarreta na perda de tudo o que eles constru\u00edram ao longo do\u00a0tempo, implicando\u00a0em\u00a0uma reconstru\u00e7\u00e3o psicol\u00f3gica, social e econ\u00f4mica, que nem sempre \u00e9 poss\u00edvel.<\/p>\n<p>Uma vez que o propriet\u00e1rio das terras \u00e9 o TTC, a seguran\u00e7a perante um processo de remo\u00e7\u00e3o aumenta dramaticamente, j\u00e1\u00a0que as\u00a0<a href=\"http:\/\/bit.ly\/2jOtulR\" target=\"_blank\" rel=\"noopener\">titula\u00e7\u00f5es n\u00e3o s\u00e3o individualizadas<\/a> e o seu pr\u00f3prio funcionamento implica na auto-organiza\u00e7\u00e3o dos moradores\u00a0junto a\u00a0<a href=\"http:\/\/bit.ly\/2zrXlFl\" target=\"_blank\" rel=\"noopener\">profissionais<\/a>.\u00a0Dessa forma, al\u00e9m de ser necess\u00e1ria uma tentativa de remo\u00e7\u00e3o\u00a0de toda a comunidade de uma s\u00f3 vez, o que j\u00e1 dificulta a a\u00e7\u00e3o do\u00a0governo, o\u00a0conselho de suporte profissional ao\u00a0TTC\u00a0aumenta\u00a0a base de apoio t\u00e9cnico em uma poss\u00edvel tentativa de remo\u00e7\u00e3o.<\/p>\n<p><em>Esta \u00e9 a primeira mat\u00e9ria de uma\u00a0<a href=\"http:\/\/bit.ly\/ConhecendoTTC\" target=\"_blank\" rel=\"noopener\">s\u00e9rie de quatro<\/a>.\u00a0<\/em><\/p>\n<!-- AddThis Advanced Settings generic via filter on the_content --><!-- AddThis Share Buttons generic via filter on the_content -->","protected":false},"excerpt":{"rendered":"<div class=\"mh-excerpt\"><p>Click Here for English Esta \u00e9 a primeira mat\u00e9ria de uma\u00a0s\u00e9rie de quatro\u00a0que resume o relat\u00f3rio sobre o potencial&#8211;dentro da lei atual brasileira&#8211;da aplica\u00e7\u00e3o do modelo Community Land Trust, sendo traduzido para o portugu\u00eas como <a class=\"mh-excerpt-more\" href=\"https:\/\/rioonwatch.org.br\/?p=35408\" title=\"Termo Territorial Coletivo, Parte 1: Conhecendo a Ideia e as Possibilidades Para Favelas\">[&#8230;]<\/a><!-- AddThis Advanced Settings generic via filter on get_the_excerpt --><!-- AddThis Share Buttons generic via filter on get_the_excerpt --><\/p>\n<\/div>","protected":false},"author":156,"featured_media":35435,"comment_status":"closed","ping_status":"closed","sticky":false,"template":"","format":"standard","meta":{"_acf_changed":false,"_monsterinsights_skip_tracking":false,"_monsterinsights_sitenote_active":false,"_monsterinsights_sitenote_note":"","_monsterinsights_sitenote_category":0,"footnotes":""},"categories":[1617,2323,1621,1632,344,342],"tags":[424,550,396,2278,395,1151,1304,1037,358,304,812,82,14,2289,2460,1347,1308,711,900],"writer":[2234,2461],"translator":[],"source":[],"ilustrador":[],"fotografo":[],"class_list":{"0":"post-35408","1":"post","2":"type-post","3":"status-publish","4":"format-standard","5":"has-post-thumbnail","7":"category-olhonagentrificacao","8":"category-urbanismopopular","9":"category-destaque","10":"category-pesquisa-e-analise","11":"category-politicas","12":"category-solucoes","13":"tag-direito-a-moradia","14":"tag-direito-a-terra","15":"tag-especulacao-imobiliaria","16":"tag-ferramentas-para-mobilizacao","17":"tag-gentrificacao-remocao-branca","18":"tag-organizacao","19":"tag-organizacao-criativa","20":"tag-moradia","21":"tag-organizacao-comunitaria","22":"tag-participacao","23":"tag-planejamento-urbano","24":"tag-regularizacao-fundiaria","25":"tag-remocao","26":"tag-serie","27":"tag-serie-conhecendo-o-ttc","28":"tag-solucao","29":"tag-taticas-de-organizacao","30":"tag-clt","31":"tag-titulacao-de-terras","32":"writer-priscilla-mayrink","33":"writer-tarcyla-fidalgo"},"acf":[],"yoast_head":"<!-- This site is optimized with the Yoast SEO plugin v25.6 - https:\/\/yoast.com\/wordpress\/plugins\/seo\/ -->\n<title>Termo Territorial Coletivo, Parte 1: Conhecendo a Ideia e as Possibilidades Para Favelas - RioOnWatch<\/title>\n<meta name=\"robots\" content=\"index, follow, max-snippet:-1, max-image-preview:large, max-video-preview:-1\" \/>\n<link rel=\"canonical\" href=\"https:\/\/rioonwatch.org.br\/?p=35408\" \/>\n<meta property=\"og:locale\" content=\"pt_BR\" \/>\n<meta property=\"og:type\" content=\"article\" \/>\n<meta property=\"og:title\" content=\"Termo Territorial Coletivo, Parte 1: Conhecendo a Ideia e as Possibilidades Para Favelas - RioOnWatch\" \/>\n<meta property=\"og:description\" content=\"Click Here for English Esta \u00e9 a primeira mat\u00e9ria de uma\u00a0s\u00e9rie de quatro\u00a0que resume o relat\u00f3rio sobre o potencial&#8211;dentro da lei atual brasileira&#8211;da aplica\u00e7\u00e3o do modelo Community Land Trust, sendo traduzido para o portugu\u00eas como [...]\" \/>\n<meta property=\"og:url\" content=\"https:\/\/rioonwatch.org.br\/?p=35408\" \/>\n<meta property=\"og:site_name\" content=\"RioOnWatch\" \/>\n<meta property=\"article:published_time\" content=\"2018-08-20T11:59:10+00:00\" \/>\n<meta property=\"article:modified_time\" content=\"2018-10-25T13:08:10+00:00\" \/>\n<meta property=\"og:image\" content=\"https:\/\/rioonwatch.org.br\/wp-content\/uploads\/2018\/08\/Favela-da-Rocinha.jpg\" \/>\n\t<meta property=\"og:image:width\" content=\"2048\" \/>\n\t<meta property=\"og:image:height\" content=\"1365\" \/>\n\t<meta property=\"og:image:type\" content=\"image\/jpeg\" \/>\n<meta name=\"author\" content=\"Priscilla Mayrink\" \/>\n<meta name=\"twitter:card\" content=\"summary_large_image\" \/>\n<meta name=\"twitter:label1\" content=\"Escrito por\" \/>\n\t<meta name=\"twitter:data1\" content=\"Priscilla Mayrink\" \/>\n\t<meta name=\"twitter:label2\" content=\"Est. tempo de leitura\" \/>\n\t<meta name=\"twitter:data2\" content=\"8 minutos\" \/>\n<script type=\"application\/ld+json\" class=\"yoast-schema-graph\">{\"@context\":\"https:\/\/schema.org\",\"@graph\":[{\"@type\":\"Article\",\"@id\":\"https:\/\/rioonwatch.org.br\/?p=35408#article\",\"isPartOf\":{\"@id\":\"https:\/\/rioonwatch.org.br\/?p=35408\"},\"author\":{\"name\":\"Priscilla Mayrink\",\"@id\":\"https:\/\/rioonwatch.org.br\/#\/schema\/person\/c8ad3f16310ae28b257d40db56c3953d\"},\"headline\":\"Termo Territorial Coletivo, Parte 1: Conhecendo a Ideia e as Possibilidades Para Favelas\",\"datePublished\":\"2018-08-20T11:59:10+00:00\",\"dateModified\":\"2018-10-25T13:08:10+00:00\",\"mainEntityOfPage\":{\"@id\":\"https:\/\/rioonwatch.org.br\/?p=35408\"},\"wordCount\":1547,\"publisher\":{\"@id\":\"https:\/\/rioonwatch.org.br\/#organization\"},\"image\":{\"@id\":\"https:\/\/rioonwatch.org.br\/?p=35408#primaryimage\"},\"thumbnailUrl\":\"https:\/\/rioonwatch.org.br\/wp-content\/uploads\/2018\/08\/Favela-da-Rocinha.jpg\",\"keywords\":[\"Direito \u00e0 Moradia\",\"direito \u00e0 terra\",\"especula\u00e7\u00e3o imobili\u00e1ria\",\"ferramentas para mobiliza\u00e7\u00e3o\",\"gentrifica\u00e7\u00e3o\",\"mobiliza\u00e7\u00e3o\",\"mobiliza\u00e7\u00e3o criativa\",\"moradia\",\"organiza\u00e7\u00e3o comunit\u00e1ria\",\"participa\u00e7\u00e3o\",\"planejamento urbano\",\"regulariza\u00e7\u00e3o fundi\u00e1ria\",\"Remo\u00e7\u00e3o\",\"S\u00e9rie\",\"S\u00e9rie: Conhecendo o TTC\",\"solu\u00e7\u00e3o\",\"t\u00e1ticas de organiza\u00e7\u00e3o\",\"Termo Territorial Coletivo (TTC) \/ Community Land Trust (CLT)\",\"titula\u00e7\u00e3o de terras\"],\"articleSection\":[\"#OlhoNaGentrifica\u00e7\u00e3o\",\"#UrbanismoPopular\",\"*Destaque\",\"Dados e Pesquisa\",\"Pol\u00edticas\",\"Solu\u00e7\u00f5es\"],\"inLanguage\":\"pt-BR\"},{\"@type\":\"WebPage\",\"@id\":\"https:\/\/rioonwatch.org.br\/?p=35408\",\"url\":\"https:\/\/rioonwatch.org.br\/?p=35408\",\"name\":\"Termo Territorial Coletivo, Parte 1: Conhecendo a Ideia e as Possibilidades Para Favelas - RioOnWatch\",\"isPartOf\":{\"@id\":\"https:\/\/rioonwatch.org.br\/#website\"},\"primaryImageOfPage\":{\"@id\":\"https:\/\/rioonwatch.org.br\/?p=35408#primaryimage\"},\"image\":{\"@id\":\"https:\/\/rioonwatch.org.br\/?p=35408#primaryimage\"},\"thumbnailUrl\":\"https:\/\/rioonwatch.org.br\/wp-content\/uploads\/2018\/08\/Favela-da-Rocinha.jpg\",\"datePublished\":\"2018-08-20T11:59:10+00:00\",\"dateModified\":\"2018-10-25T13:08:10+00:00\",\"breadcrumb\":{\"@id\":\"https:\/\/rioonwatch.org.br\/?p=35408#breadcrumb\"},\"inLanguage\":\"pt-BR\",\"potentialAction\":[{\"@type\":\"ReadAction\",\"target\":[\"https:\/\/rioonwatch.org.br\/?p=35408\"]}]},{\"@type\":\"ImageObject\",\"inLanguage\":\"pt-BR\",\"@id\":\"https:\/\/rioonwatch.org.br\/?p=35408#primaryimage\",\"url\":\"https:\/\/rioonwatch.org.br\/wp-content\/uploads\/2018\/08\/Favela-da-Rocinha.jpg\",\"contentUrl\":\"https:\/\/rioonwatch.org.br\/wp-content\/uploads\/2018\/08\/Favela-da-Rocinha.jpg\",\"width\":2048,\"height\":1365},{\"@type\":\"BreadcrumbList\",\"@id\":\"https:\/\/rioonwatch.org.br\/?p=35408#breadcrumb\",\"itemListElement\":[{\"@type\":\"ListItem\",\"position\":1,\"name\":\"In\u00edcio\",\"item\":\"https:\/\/rioonwatch.org.br\/\"},{\"@type\":\"ListItem\",\"position\":2,\"name\":\"Termo Territorial Coletivo, Parte 1: Conhecendo a Ideia e as Possibilidades Para Favelas\"}]},{\"@type\":\"WebSite\",\"@id\":\"https:\/\/rioonwatch.org.br\/#website\",\"url\":\"https:\/\/rioonwatch.org.br\/\",\"name\":\"RioOnWatch\",\"description\":\"relatos das favelas cariocas\",\"publisher\":{\"@id\":\"https:\/\/rioonwatch.org.br\/#organization\"},\"potentialAction\":[{\"@type\":\"SearchAction\",\"target\":{\"@type\":\"EntryPoint\",\"urlTemplate\":\"https:\/\/rioonwatch.org.br\/?s={search_term_string}\"},\"query-input\":{\"@type\":\"PropertyValueSpecification\",\"valueRequired\":true,\"valueName\":\"search_term_string\"}}],\"inLanguage\":\"pt-BR\"},{\"@type\":\"Organization\",\"@id\":\"https:\/\/rioonwatch.org.br\/#organization\",\"name\":\"RioOnWatch\",\"url\":\"https:\/\/rioonwatch.org.br\/\",\"logo\":{\"@type\":\"ImageObject\",\"inLanguage\":\"pt-BR\",\"@id\":\"https:\/\/rioonwatch.org.br\/#\/schema\/logo\/image\/\",\"url\":\"https:\/\/rioonwatch.org.br\/wp-content\/uploads\/2021\/06\/RioOnWatchcabecalhoPT11anos-2.png\",\"contentUrl\":\"https:\/\/rioonwatch.org.br\/wp-content\/uploads\/2021\/06\/RioOnWatchcabecalhoPT11anos-2.png\",\"width\":779,\"height\":277,\"caption\":\"RioOnWatch\"},\"image\":{\"@id\":\"https:\/\/rioonwatch.org.br\/#\/schema\/logo\/image\/\"}},{\"@type\":\"Person\",\"@id\":\"https:\/\/rioonwatch.org.br\/#\/schema\/person\/c8ad3f16310ae28b257d40db56c3953d\",\"name\":\"Priscilla Mayrink\",\"image\":{\"@type\":\"ImageObject\",\"inLanguage\":\"pt-BR\",\"@id\":\"https:\/\/rioonwatch.org.br\/#\/schema\/person\/image\/\",\"url\":\"https:\/\/secure.gravatar.com\/avatar\/cfa59f123794425f97e70626d615736e?s=96&d=blank&r=g\",\"contentUrl\":\"https:\/\/secure.gravatar.com\/avatar\/cfa59f123794425f97e70626d615736e?s=96&d=blank&r=g\",\"caption\":\"Priscilla Mayrink\"},\"url\":\"https:\/\/rioonwatch.org.br\/?author=156\"}]}<\/script>\n<!-- \/ Yoast SEO plugin. -->","yoast_head_json":{"title":"Termo Territorial Coletivo, Parte 1: Conhecendo a Ideia e as Possibilidades Para Favelas - RioOnWatch","robots":{"index":"index","follow":"follow","max-snippet":"max-snippet:-1","max-image-preview":"max-image-preview:large","max-video-preview":"max-video-preview:-1"},"canonical":"https:\/\/rioonwatch.org.br\/?p=35408","og_locale":"pt_BR","og_type":"article","og_title":"Termo Territorial Coletivo, Parte 1: Conhecendo a Ideia e as Possibilidades Para Favelas - RioOnWatch","og_description":"Click Here for English Esta \u00e9 a primeira mat\u00e9ria de uma\u00a0s\u00e9rie de quatro\u00a0que resume o relat\u00f3rio sobre o potencial&#8211;dentro da lei atual brasileira&#8211;da aplica\u00e7\u00e3o do modelo Community Land Trust, sendo traduzido para o portugu\u00eas como [...]","og_url":"https:\/\/rioonwatch.org.br\/?p=35408","og_site_name":"RioOnWatch","article_published_time":"2018-08-20T11:59:10+00:00","article_modified_time":"2018-10-25T13:08:10+00:00","og_image":[{"width":2048,"height":1365,"url":"https:\/\/rioonwatch.org.br\/wp-content\/uploads\/2018\/08\/Favela-da-Rocinha.jpg","type":"image\/jpeg"}],"author":"Priscilla Mayrink","twitter_card":"summary_large_image","twitter_misc":{"Escrito por":"Priscilla Mayrink","Est. tempo de leitura":"8 minutos"},"schema":{"@context":"https:\/\/schema.org","@graph":[{"@type":"Article","@id":"https:\/\/rioonwatch.org.br\/?p=35408#article","isPartOf":{"@id":"https:\/\/rioonwatch.org.br\/?p=35408"},"author":{"name":"Priscilla Mayrink","@id":"https:\/\/rioonwatch.org.br\/#\/schema\/person\/c8ad3f16310ae28b257d40db56c3953d"},"headline":"Termo Territorial Coletivo, Parte 1: Conhecendo a Ideia e as Possibilidades Para Favelas","datePublished":"2018-08-20T11:59:10+00:00","dateModified":"2018-10-25T13:08:10+00:00","mainEntityOfPage":{"@id":"https:\/\/rioonwatch.org.br\/?p=35408"},"wordCount":1547,"publisher":{"@id":"https:\/\/rioonwatch.org.br\/#organization"},"image":{"@id":"https:\/\/rioonwatch.org.br\/?p=35408#primaryimage"},"thumbnailUrl":"https:\/\/rioonwatch.org.br\/wp-content\/uploads\/2018\/08\/Favela-da-Rocinha.jpg","keywords":["Direito \u00e0 Moradia","direito \u00e0 terra","especula\u00e7\u00e3o imobili\u00e1ria","ferramentas para mobiliza\u00e7\u00e3o","gentrifica\u00e7\u00e3o","mobiliza\u00e7\u00e3o","mobiliza\u00e7\u00e3o criativa","moradia","organiza\u00e7\u00e3o comunit\u00e1ria","participa\u00e7\u00e3o","planejamento urbano","regulariza\u00e7\u00e3o fundi\u00e1ria","Remo\u00e7\u00e3o","S\u00e9rie","S\u00e9rie: Conhecendo o TTC","solu\u00e7\u00e3o","t\u00e1ticas de organiza\u00e7\u00e3o","Termo Territorial Coletivo (TTC) \/ Community Land Trust (CLT)","titula\u00e7\u00e3o de terras"],"articleSection":["#OlhoNaGentrifica\u00e7\u00e3o","#UrbanismoPopular","*Destaque","Dados e Pesquisa","Pol\u00edticas","Solu\u00e7\u00f5es"],"inLanguage":"pt-BR"},{"@type":"WebPage","@id":"https:\/\/rioonwatch.org.br\/?p=35408","url":"https:\/\/rioonwatch.org.br\/?p=35408","name":"Termo Territorial Coletivo, Parte 1: Conhecendo a Ideia e as Possibilidades Para Favelas - RioOnWatch","isPartOf":{"@id":"https:\/\/rioonwatch.org.br\/#website"},"primaryImageOfPage":{"@id":"https:\/\/rioonwatch.org.br\/?p=35408#primaryimage"},"image":{"@id":"https:\/\/rioonwatch.org.br\/?p=35408#primaryimage"},"thumbnailUrl":"https:\/\/rioonwatch.org.br\/wp-content\/uploads\/2018\/08\/Favela-da-Rocinha.jpg","datePublished":"2018-08-20T11:59:10+00:00","dateModified":"2018-10-25T13:08:10+00:00","breadcrumb":{"@id":"https:\/\/rioonwatch.org.br\/?p=35408#breadcrumb"},"inLanguage":"pt-BR","potentialAction":[{"@type":"ReadAction","target":["https:\/\/rioonwatch.org.br\/?p=35408"]}]},{"@type":"ImageObject","inLanguage":"pt-BR","@id":"https:\/\/rioonwatch.org.br\/?p=35408#primaryimage","url":"https:\/\/rioonwatch.org.br\/wp-content\/uploads\/2018\/08\/Favela-da-Rocinha.jpg","contentUrl":"https:\/\/rioonwatch.org.br\/wp-content\/uploads\/2018\/08\/Favela-da-Rocinha.jpg","width":2048,"height":1365},{"@type":"BreadcrumbList","@id":"https:\/\/rioonwatch.org.br\/?p=35408#breadcrumb","itemListElement":[{"@type":"ListItem","position":1,"name":"In\u00edcio","item":"https:\/\/rioonwatch.org.br\/"},{"@type":"ListItem","position":2,"name":"Termo Territorial Coletivo, Parte 1: Conhecendo a Ideia e as Possibilidades Para Favelas"}]},{"@type":"WebSite","@id":"https:\/\/rioonwatch.org.br\/#website","url":"https:\/\/rioonwatch.org.br\/","name":"RioOnWatch","description":"relatos das favelas cariocas","publisher":{"@id":"https:\/\/rioonwatch.org.br\/#organization"},"potentialAction":[{"@type":"SearchAction","target":{"@type":"EntryPoint","urlTemplate":"https:\/\/rioonwatch.org.br\/?s={search_term_string}"},"query-input":{"@type":"PropertyValueSpecification","valueRequired":true,"valueName":"search_term_string"}}],"inLanguage":"pt-BR"},{"@type":"Organization","@id":"https:\/\/rioonwatch.org.br\/#organization","name":"RioOnWatch","url":"https:\/\/rioonwatch.org.br\/","logo":{"@type":"ImageObject","inLanguage":"pt-BR","@id":"https:\/\/rioonwatch.org.br\/#\/schema\/logo\/image\/","url":"https:\/\/rioonwatch.org.br\/wp-content\/uploads\/2021\/06\/RioOnWatchcabecalhoPT11anos-2.png","contentUrl":"https:\/\/rioonwatch.org.br\/wp-content\/uploads\/2021\/06\/RioOnWatchcabecalhoPT11anos-2.png","width":779,"height":277,"caption":"RioOnWatch"},"image":{"@id":"https:\/\/rioonwatch.org.br\/#\/schema\/logo\/image\/"}},{"@type":"Person","@id":"https:\/\/rioonwatch.org.br\/#\/schema\/person\/c8ad3f16310ae28b257d40db56c3953d","name":"Priscilla Mayrink","image":{"@type":"ImageObject","inLanguage":"pt-BR","@id":"https:\/\/rioonwatch.org.br\/#\/schema\/person\/image\/","url":"https:\/\/secure.gravatar.com\/avatar\/cfa59f123794425f97e70626d615736e?s=96&d=blank&r=g","contentUrl":"https:\/\/secure.gravatar.com\/avatar\/cfa59f123794425f97e70626d615736e?s=96&d=blank&r=g","caption":"Priscilla Mayrink"},"url":"https:\/\/rioonwatch.org.br\/?author=156"}]}},"_links":{"self":[{"href":"https:\/\/rioonwatch.org.br\/index.php?rest_route=\/wp\/v2\/posts\/35408"}],"collection":[{"href":"https:\/\/rioonwatch.org.br\/index.php?rest_route=\/wp\/v2\/posts"}],"about":[{"href":"https:\/\/rioonwatch.org.br\/index.php?rest_route=\/wp\/v2\/types\/post"}],"author":[{"embeddable":true,"href":"https:\/\/rioonwatch.org.br\/index.php?rest_route=\/wp\/v2\/users\/156"}],"replies":[{"embeddable":true,"href":"https:\/\/rioonwatch.org.br\/index.php?rest_route=%2Fwp%2Fv2%2Fcomments&post=35408"}],"version-history":[{"count":35,"href":"https:\/\/rioonwatch.org.br\/index.php?rest_route=\/wp\/v2\/posts\/35408\/revisions"}],"predecessor-version":[{"id":37154,"href":"https:\/\/rioonwatch.org.br\/index.php?rest_route=\/wp\/v2\/posts\/35408\/revisions\/37154"}],"wp:featuredmedia":[{"embeddable":true,"href":"https:\/\/rioonwatch.org.br\/index.php?rest_route=\/wp\/v2\/media\/35435"}],"wp:attachment":[{"href":"https:\/\/rioonwatch.org.br\/index.php?rest_route=%2Fwp%2Fv2%2Fmedia&parent=35408"}],"wp:term":[{"taxonomy":"category","embeddable":true,"href":"https:\/\/rioonwatch.org.br\/index.php?rest_route=%2Fwp%2Fv2%2Fcategories&post=35408"},{"taxonomy":"post_tag","embeddable":true,"href":"https:\/\/rioonwatch.org.br\/index.php?rest_route=%2Fwp%2Fv2%2Ftags&post=35408"},{"taxonomy":"writer","embeddable":true,"href":"https:\/\/rioonwatch.org.br\/index.php?rest_route=%2Fwp%2Fv2%2Fwriter&post=35408"},{"taxonomy":"translator","embeddable":true,"href":"https:\/\/rioonwatch.org.br\/index.php?rest_route=%2Fwp%2Fv2%2Ftranslator&post=35408"},{"taxonomy":"source","embeddable":true,"href":"https:\/\/rioonwatch.org.br\/index.php?rest_route=%2Fwp%2Fv2%2Fsource&post=35408"},{"taxonomy":"ilustrador","embeddable":true,"href":"https:\/\/rioonwatch.org.br\/index.php?rest_route=%2Fwp%2Fv2%2Filustrador&post=35408"},{"taxonomy":"fotografo","embeddable":true,"href":"https:\/\/rioonwatch.org.br\/index.php?rest_route=%2Fwp%2Fv2%2Ffotografo&post=35408"}],"curies":[{"name":"wp","href":"https:\/\/api.w.org\/{rel}","templated":true}]}}