{"id":3545,"date":"2012-08-29T13:25:12","date_gmt":"2012-08-29T16:25:12","guid":{"rendered":"http:\/\/rioonwatch.org.br\/?p=3545"},"modified":"2024-06-20T16:31:26","modified_gmt":"2024-06-20T19:31:26","slug":"curicica-parte-2-transolimpica-espalha-medo-de-remocoes","status":"publish","type":"post","link":"https:\/\/rioonwatch.org.br\/?p=3545","title":{"rendered":"Curicica (Parte 2): TransOl\u00edmpica Espalha Medo de Remo\u00e7\u00f5es"},"content":{"rendered":"<p style=\"text-align: right;\"><em><strong><a href=\"http:\/\/bit.ly\/1TUE8Tj\" target=\"_blank\" rel=\"noopener\">Click Here for English<img decoding=\"async\" width=\"20\" height=\"20\" class=\"alignright wp-image-15790\" src=\"http:\/\/rioonwatch.org.br\/wp-content\/uploads\/2012\/08\/EN-standard-e1439583104716.jpg\" alt=\"\" \/><\/a><\/strong><\/em><\/p>\n<p>Este \u00e9 o 2\u00ba dos <a href=\"http:\/\/bit.ly\/SQpIn4\">4 artigos<\/a> sobre o <a href=\"http:\/\/bit.ly\/CuricicaMapa\">agrupamento de favelas de Curicica<\/a>, Jacarepagu\u00e1, que est\u00e3o \u00e0 espera de projetos de integra\u00e7\u00e3o urbana atrav\u00e9s do programa <a href=\"http:\/\/bit.ly\/PeV9Un\">Morar Carioca<\/a>.<\/p>\n<p><strong>Uma comunidade que respira<\/strong><\/p>\n<p><img fetchpriority=\"high\" decoding=\"async\" class=\"alignright\" src=\"http:\/\/rioonwatch.org\/wp-content\/uploads\/2012\/08\/7798456934_43e02d487d_n-300x213.jpg\" alt=\"&quot;Em um uma ou dois, est\u00e1 rua provavelmente n\u00e3o estar\u00e1 mais aqui.&quot;\" width=\"300\" height=\"213\" \/><\/p>\n<p>Carlos Alberto \u201cBezerra\u201d Costa, presidente da Associa\u00e7\u00e3o de Moradores da <a href=\"http:\/\/bit.ly\/OvnKaC\">Asa Branca<\/a>, parou para olhar a fileira de casas que nos recebia na favela Abadiana, sua voz foi ficando mais grave do que de costume, e ele me disse: \u201cPara te falar a verdade&#8230; em 1 ano ou 2, essa rua provavelmente n\u00e3o estar\u00e1 mais aqui.\u201d<\/p>\n<p>Geralmente \u00e9 dif\u00edcil avaliar a energia humana de um lugar no entardecer de uma ter\u00e7a, mas os tra\u00e7os de vida vis\u00edveis naquele dia deixou claro que aquela \u00e9 uma comunidade que respira. Uma senhora andava de m\u00e3os dadas com seu neto, trocando sorrisos e coment\u00e1rios com seu vizinho enquanto passava. Amigos encostados em uma pilha de pneus na entrada da avenida cumprimentava Bezerra com uma piada e tapinhas nas costas. Roupas penduradas nos varais pr\u00f3ximo ao rio, as cores vibrantes, dos vestu\u00e1rios da familia, quarando ao calor do sol.<\/p>\n<p>Tudo isso, segundo boatos, est\u00e1 para ser removido do terreno que est\u00e1 reservado para compor a <a href=\"http:\/\/bit.ly\/O1HbFf\">via TransOl\u00edmpica<\/a>, um projeto que conectar\u00e1 o est\u00e1dio Ol\u00edmpico na Barra da Tijuca para outro complexo ol\u00edmpico na zona norte. Um <a href=\"http:\/\/bit.ly\/r5KuJV\">v\u00eddeo promocional<\/a> apresenta o caminho projetado da rodovia em verde, como uma linha que desliza facilmente pela paisagem do Rio, apagando se\u00e7\u00f5es inteiras de terras habitadas que incluem resid\u00eancias em Curicica e arredores.<\/p>\n<figure id=\"attachment_4914\" aria-describedby=\"caption-attachment-4914\" style=\"width: 408px\" class=\"wp-caption alignright\"><img decoding=\"async\" class=\"size-full wp-image-4914\" title=\"Mapa do agrupamento em Curicica\" src=\"http:\/\/rioonwatch.org\/wp-content\/uploads\/2012\/08\/Curicica-Cluster-map.jpg\" alt=\"\" width=\"408\" height=\"303\" \/><figcaption id=\"caption-attachment-4914\" class=\"wp-caption-text\">Em turquesa est\u00e1 marcado o futuro parque Ol\u00edmpico. A linha azul marca a TransOl\u00edmpica. Em vermelho; as favelas de Curicica citadas no texto. Visite o mapa aqui:http:\/\/bit.ly\/CuricicaMapa.<\/figcaption><\/figure>\n<p><strong>\u201cN\u00f3s queremos saber\u201d<\/strong><\/p>\n<p>Em algumas comunidades os danos ser\u00e3o m\u00ednimos. A parte da Asa Branca que cruza com a TransOl\u00edmpica \u00e9 constitu\u00edda por constru\u00e7\u00f5es recentes de residentes que Bezerra advertiu pessoalmente, antes de constru\u00edrem no local, sob o risco de realoca\u00e7\u00e3o. E segundo Jos\u00e9 \u201cTilz\u00e9\u201d da Cruz, presidente da Vila Calmete, a \u00fanica parte de sua comunidade que a linha de \u00f4nibus cortar\u00e1 \u00e9 a primeira fileira de casas da entrada da comunidade. Para Bezerra e Tilz\u00e9, a preocupa\u00e7\u00e3o maior \u00e9 reassentar as pessoas junto \u00e0s suas comunidades: uma meta dif\u00edcil mas poss\u00edvel com um pequeno n\u00famero de realoca\u00e7\u00f5es.<\/p>\n<p>Este n\u00e3o \u00e9 o caso da Vila Uni\u00e3o da Curicica, uma grande parte dela est\u00e1 nos limites da Estrada de Curicica e Estrada Calmete, est\u00e1 previsto que as ruas ser\u00e3o alargadas tr\u00eas vezes mais a fim de acomodar 6 pistas para o tr\u00e1fego. Como o outro lado da Estrada da Curicica tem um hospital municipal, tudo indica que infelizmente a expans\u00e3o acontecer\u00e1 para o lado da comunidade, engolindo fileiras de casas para dar lugar \u00e0s linhas de \u00f4nibus.<\/p>\n<p>\u201cTudo indica que eles vir\u00e3o e tirar\u00e3o as pessoas da comunidade,\u201ddisse Vania de Jesus Julio Neri, atual presidente da Associa\u00e7\u00e3o de Moradores da Vila Uni\u00e3o. \u201cMas n\u00e3o sabemos para onde n\u00f3s iremos\u201d. N\u00e3o sabemos se ser\u00e1 para a Estrada de Curicica, ou numa parte totalmente diferente do Rio. N\u00f3s n\u00e3o sabemos de nada.\u201d<\/p>\n<p><img loading=\"lazy\" decoding=\"async\" class=\"alignright\" src=\"http:\/\/rioonwatch.org\/wp-content\/uploads\/2012\/08\/7826466376_5d6a7a4476_n-300x213.jpg\" alt=\"\" width=\"300\" height=\"213\" \/><\/p>\n<p>Ao longo do ano passado, V\u00e2nia vem tentando contatar oficiais do governo, solicitando ao prefeito Eduardo Paes ou a um representante para fornecer detalhes concretos para os residentes da Vila Uni\u00e3o a cerca das remo\u00e7\u00f5es e realoca\u00e7\u00e3oes. Mas at\u00e9 agora, todas as tentativas de di\u00e1logo cairam no v\u00e1cuo. \u201cO que queremos\u201d, disse V\u00e2nia \u201c\u00e9 que a prefeitura venha, sente e converse conosco sobre o que deve acontecer com a nossa comunidade, S\u00f3 queremos saber. Mas isso ainda n\u00e3o aconteceu.\u201d<\/p>\n<p>Se somando ao medo da remo\u00e7\u00e3o existe essa situa\u00e7\u00e3o de ambiguidade que \u00e9 paralizante. Sem a palavra oficial dos planos da Prefeitura, Vila Uni\u00e3o se encontra em uma situa\u00e7\u00e3o que desfavorece a mobiliza\u00e7\u00e3o, defesa, ou qualquer outra coisa sen\u00e3o a<em> espera<\/em>.<\/p>\n<p>Comparado com o vindouro projeto Morar Carioca, V\u00e2nia e outros residentes encontram-se jogados em um mar de mensagens confusas. \u201cAlgumas pessoas dizem que n\u00f3s temos que sair, e outros dizem que o projeto <a href=\"http:\/\/bit.ly\/PeV9Un\">Morar Carioca<\/a> vir\u00e1 e beneficiar\u00e1 a Vila Uni\u00e3o. Ent\u00e3o eu n\u00e3o consigo entender nada.\u201d<\/p>\n<p><img loading=\"lazy\" decoding=\"async\" class=\"alignright size-thumbnail wp-image-4733\" src=\"http:\/\/rioonwatch.org\/wp-content\/uploads\/2012\/08\/7797992870_1c18508bbe_n-300x213.jpg\" alt=\"\" width=\"300\" height=\"213\" \/><strong>Uma s\u00fabita fratura\u00a0<\/strong><\/p>\n<p>\u201cUma comunidade \u00e9 mais do que o espa\u00e7o que ela ocupa\u201d, disse Regina S\u00f4nia Gomes Baptista, conhecida como &#8220;S\u00f4nia&#8221;, antiga presidente de Vila Uni\u00e3o. \u201cS\u00e3o as rela\u00e7\u00f5es que as pessoas formaram, conectadas por aquele ambiente. A seguran\u00e7a e alegria que tudo isso traz. Ningu\u00e9m quer sair.\u201d<\/p>\n<p>Este epis\u00f3dio de remo\u00e7\u00f5es e realoca\u00e7\u00f5es orquestradas pela Prefeitura vem sendo ignorada historicamente. Embora a \u201cop\u00e7\u00e3o\u201d (frequentemente for\u00e7ada) de realoca\u00e7\u00f5es possa garantir casa para os desapropriados, as acomoda\u00e7\u00f5es vem desprovidas das necessidades humanas de cultura e comunidade com as quais <a href=\"http:\/\/bit.ly\/TlzbCe\">muitas favelas s\u00e3o repletas<\/a>. Quando uma parcela da comunidade \u00e9 removida quebra-se e deslocam-se as rela\u00e7\u00f5es existententes com a popula\u00e7\u00e3o remanescente. D\u00e9cadas de viv\u00eancia, constru\u00e7\u00e3o, e conhecimento do lugar e das pessoas s\u00e3o subitamente fragmentados. \u201cTudo o que pedimos \u00e9 que eles tenham um pouco de cuidado conosco,\u201d diz V\u00e2nia.<\/p>\n<p><img loading=\"lazy\" decoding=\"async\" class=\"alignright\" src=\"http:\/\/rioonwatch.org\/wp-content\/uploads\/2012\/08\/7797714282_e7ea2d9abe_n-300x213.jpg\" alt=\"\" width=\"300\" height=\"213\" \/><\/p>\n<p>\u201cAo menos\u201d, ela continua, \u201cqueremos ficar em Jacarepagu\u00e1.\u201d Al\u00e9m de manterem-se pr\u00f3ximos de seus amigos e familiares, os moradores da Vila Uni\u00e3o desejam estar pr\u00f3ximos de seus trabalhos e manterem seus empregos. Remo\u00e7\u00f5es anteriores em outras comunidades instalaram as pessoas em bairros distantes de Santa Cruz e Cosmos, longe de Jacar\u00e9pagu\u00e1 e ainda mais longe do Centro e da Zona Sul pra onde alguns moradores se deslocam diariamente. J\u00e1 para encontrar novo emprego nesses sub\u00farbios, conhecidos como <a href=\"http:\/\/bit.ly\/NfECRf\">regi\u00f5es dormit\u00f3rios<\/a>, \u00e9 muito dif\u00edcil.<\/p>\n<p>S\u00f4nia tamb\u00e9m preocupa-se com as condi\u00e7\u00f5es de vida que as pessoas removidas de Vila Uni\u00e3o podem encontrar pela frente. \u201cUm quarto, uma cozinha, um banheiro, uma kitchenette, basicamente,ela disse, &#8220;estar\u00e1 bem distante das moradias espa\u00e7osas e elaboradas que definem a sua comunidade. Em v\u00e1rios projetos p\u00fablicos de resid\u00eancia, ela explica, \u201cas paredes s\u00e3o finas e os quartos s\u00e3o apertados. Nem mesmo animais gostam de viver assim t\u00e3o perto.&#8221;<\/p>\n<p><strong>&#8220;Nosso \u00fanico medo&#8221;<\/strong><\/p>\n<p>\u201cRemovendo as pessoas de suas casas, quebrando a seguran\u00e7a que os residentes tem uns com os outros, a Prefeitura criar\u00e1 um lugar violento onde n\u00e3o havia um\u201d, disse o fot\u00f3grafo e ativista maur\u00edcio Hora no m\u00eas passado durante uma entrevista sobre as <a href=\"http:\/\/bit.ly\/PeCavl\">remo\u00e7\u00f5es na Provid\u00eancia<\/a>, uma das primeiras favelas do Rio. No outro lado da cidade, S\u00f4nia tem preocupa\u00e7\u00f5es semelhantes sobre o futuro de uma Vila Uni\u00e3o removida. \u201cQuando voc\u00ea v\u00ea as not\u00edcias\u201d, ela pergunta, \u201conde voc\u00ea encontra os maiores \u00edndices de viol\u00eancia? Nos lugares onde as pessoas vivem tumultuadas sem muita dignidade\u201d.<\/p>\n<p>As casas que delineiam as ruas da Vila Uni\u00e3o ainda n\u00e3o foram marcadas para remo\u00e7\u00e3o. Mas em uma cidade onde os residentes honestos da <a href=\"http:\/\/bit.ly\/w9E6zo\">Provid\u00eancia<\/a> chegam em casa e encontram suas casas marcadas com um n\u00famero e a sigla SMH pintados do lado de fora de suas casas indicando que a casa est\u00e1 marcada para remo\u00e7\u00e3o, onde <a href=\"http:\/\/bit.ly\/RlwtJk\">Verdejar<\/a>, uma bem-estabelecida e respeitada ONG, foi notificada, dissipada e for\u00e7ada a ver <a href=\"http:\/\/bit.ly\/MSQnv2\">sua sede derrubada<\/a> em poucas horas, o sil\u00eancio da Prefeitura \u00e9 um peso intoler\u00e1vel para os moradores da Vila Uni\u00e3o e Abadiana.<\/p>\n<p><img loading=\"lazy\" decoding=\"async\" class=\"alignright size-thumbnail wp-image-4735\" src=\"http:\/\/rioonwatch.org\/wp-content\/uploads\/2012\/08\/7797734200_b0f30ed872_n-300x213.jpg\" alt=\"Vila Uni\u00e3o\" width=\"300\" height=\"213\" \/><\/p>\n<p>Enquanto sent\u00e1vamos do lado de fora da casa de Dona S\u00f4nia, apreciando caf\u00e9 com biscoitos entre o chilrear dos passarinhos de estima\u00e7\u00e3o, as idas e vindas de suas visitas, e das \u00e1rvores em seu quintal, havia pouco naquele momento para se aborrecer. Mas a incerteza escureceu o horizonte. \u201cN\u00f3s constru\u00edmos uma boa vida pra gente aqui\u201d, disse S\u00f4nia,. \u201cNosso \u00fanico medo \u00e9 que um governo louco venha e bagunce tudo.\u201d<\/p>\n<p>O <a href=\"http:\/\/bit.ly\/SPjAgv\">website<\/a>\u00a0do projeto da Rio TransOl\u00edmpica \u00e9 cheio de sentimentos de satisfa\u00e7\u00e3o, sorrisos contentes, e promessas de \u201cinclus\u00e3o social\u201d. Mas o legado que esses projetos ol\u00edmpicos j\u00e1 deixaram nesse est\u00e1gio inicial causaram o oposto: medo, frustra\u00e7\u00e3o, e o deslocamento das pessoas que est\u00e3o \u00e0 margem das decis\u00f5es.<\/p>\n<p>Este \u00e9 o segundo de 4 artigos sobre o agrupamento de favelas em Curicica, Jacarepagu\u00e1, Rio de Janeiro antes da melhoria pelo programa Morar Carioca. O pr\u00f3ximo artigo mostrar\u00e1 os sentimentos de promessa e d\u00favida na espera do projeto de integra\u00e7\u00e3o urbana.<\/p>\n<p><a href=\"http:\/\/bit.ly\/POMlZe\">Clique aqui<\/a> para ver mais fotos das comunidades em destaque nessa s\u00e9rie, ou assista \u00e0 apresenta\u00e7\u00e3o dos slides abaixo:<br \/>\n<object width=\"500\" height=\"375\" classid=\"clsid:d27cdb6e-ae6d-11cf-96b8-444553540000\" codebase=\"http:\/\/download.macromedia.com\/pub\/shockwave\/cabs\/flash\/swflash.cab#version=6,0,40,0\"><param name=\"flashvars\" value=\"offsite=true&amp;lang=en-us&amp;page_show_url=%2Fphotos%2Fcatcomm%2Fsets%2F72157631199212994%2Fshow%2F&amp;page_show_back_url=%2Fphotos%2Fcatcomm%2Fsets%2F72157631199212994%2F&amp;set_id=72157631199212994&amp;jump_to=\" \/><param name=\"allowFullScreen\" value=\"true\" \/><param name=\"src\" value=\"http:\/\/www.flickr.com\/apps\/slideshow\/show.swf?v=109615\" \/><param name=\"allowfullscreen\" value=\"true\" \/><embed width=\"500\" height=\"375\" type=\"application\/x-shockwave-flash\" src=\"http:\/\/www.flickr.com\/apps\/slideshow\/show.swf?v=109615\" flashvars=\"offsite=true&amp;lang=en-us&amp;page_show_url=%2Fphotos%2Fcatcomm%2Fsets%2F72157631199212994%2Fshow%2F&amp;page_show_back_url=%2Fphotos%2Fcatcomm%2Fsets%2F72157631199212994%2F&amp;set_id=72157631199212994&amp;jump_to=\" allowfullscreen=\"allowfullscreen\" allowfullscreen=\"allowfullscreen\" \/><\/object><\/p>\n<!-- AddThis Advanced Settings generic via filter on the_content --><!-- AddThis Share Buttons generic via filter on the_content -->","protected":false},"excerpt":{"rendered":"<div class=\"mh-excerpt\"><p>Click Here for English Este \u00e9 o 2\u00ba dos 4 artigos sobre o agrupamento de favelas de Curicica, Jacarepagu\u00e1, que est\u00e3o \u00e0 espera de projetos de integra\u00e7\u00e3o urbana atrav\u00e9s do programa Morar Carioca. Uma comunidade <a class=\"mh-excerpt-more\" href=\"https:\/\/rioonwatch.org.br\/?p=3545\" title=\"Curicica (Parte 2): TransOl\u00edmpica Espalha Medo de Remo\u00e7\u00f5es\">[&#8230;]<\/a><!-- AddThis Advanced Settings generic via filter on get_the_excerpt --><!-- AddThis Share Buttons generic via filter on get_the_excerpt --><\/p>\n<\/div>","protected":false},"author":129,"featured_media":3560,"comment_status":"open","ping_status":"closed","sticky":false,"template":"","format":"standard","meta":{"_acf_changed":false,"_monsterinsights_skip_tracking":false,"_monsterinsights_sitenote_active":false,"_monsterinsights_sitenote_note":"","_monsterinsights_sitenote_category":0,"footnotes":""},"categories":[1614,1635,346,344],"tags":[445,321,446,424,448,1240,270,78,14,454,455,456,184],"writer":[416],"translator":[453],"source":[],"ilustrador":[],"fotografo":[],"class_list":{"0":"post-3545","1":"post","2":"type-post","3":"status-publish","4":"format-standard","5":"has-post-thumbnail","7":"category-olhonasremocoes","8":"category-1635","9":"category-denuncias","10":"category-politicas","11":"tag-abadiana","12":"tag-asa-branca","13":"tag-curicica","14":"tag-direito-a-moradia","15":"tag-lideranca","16":"tag-megaeventos","17":"tag-morar-carioca","18":"tag-olimpiadas","19":"tag-remocao","20":"tag-transolimpica","21":"tag-vila-calmete","22":"tag-vila-uniao-de-curicica","23":"tag-zona-oeste","24":"writer-rexy-josh-dorado","25":"translator-kelly-tavares"},"acf":[],"yoast_head":"<!-- This site is optimized with the Yoast SEO plugin v25.6 - https:\/\/yoast.com\/wordpress\/plugins\/seo\/ -->\n<title>Curicica (Parte 2): TransOl\u00edmpica Espalha Medo de Remo\u00e7\u00f5es - RioOnWatch<\/title>\n<meta name=\"robots\" content=\"index, follow, max-snippet:-1, max-image-preview:large, max-video-preview:-1\" \/>\n<link rel=\"canonical\" href=\"https:\/\/rioonwatch.org.br\/?p=3545\" \/>\n<meta property=\"og:locale\" content=\"pt_BR\" \/>\n<meta property=\"og:type\" content=\"article\" \/>\n<meta property=\"og:title\" content=\"Curicica (Parte 2): TransOl\u00edmpica Espalha Medo de Remo\u00e7\u00f5es - RioOnWatch\" \/>\n<meta property=\"og:description\" content=\"Click Here for English Este \u00e9 o 2\u00ba dos 4 artigos sobre o agrupamento de favelas de Curicica, Jacarepagu\u00e1, que est\u00e3o \u00e0 espera de projetos de integra\u00e7\u00e3o urbana atrav\u00e9s do programa Morar Carioca. Uma comunidade [...]\" \/>\n<meta property=\"og:url\" content=\"https:\/\/rioonwatch.org.br\/?p=3545\" \/>\n<meta property=\"og:site_name\" content=\"RioOnWatch\" \/>\n<meta property=\"article:published_time\" content=\"2012-08-29T16:25:12+00:00\" \/>\n<meta property=\"article:modified_time\" content=\"2024-06-20T19:31:26+00:00\" \/>\n<meta property=\"og:image\" content=\"https:\/\/rioonwatch.org.br\/wp-content\/uploads\/2012\/08\/Jovem-de-Curicica.jpg\" \/>\n\t<meta property=\"og:image:width\" content=\"300\" \/>\n\t<meta property=\"og:image:height\" content=\"213\" \/>\n\t<meta property=\"og:image:type\" content=\"image\/jpeg\" \/>\n<meta name=\"author\" content=\"Admin\" \/>\n<meta name=\"twitter:card\" content=\"summary_large_image\" \/>\n<meta name=\"twitter:label1\" content=\"Escrito por\" \/>\n\t<meta name=\"twitter:data1\" content=\"Admin\" \/>\n\t<meta name=\"twitter:label2\" content=\"Est. tempo de leitura\" \/>\n\t<meta name=\"twitter:data2\" content=\"7 minutos\" \/>\n<script type=\"application\/ld+json\" class=\"yoast-schema-graph\">{\"@context\":\"https:\/\/schema.org\",\"@graph\":[{\"@type\":\"Article\",\"@id\":\"https:\/\/rioonwatch.org.br\/?p=3545#article\",\"isPartOf\":{\"@id\":\"https:\/\/rioonwatch.org.br\/?p=3545\"},\"author\":{\"name\":\"Admin\",\"@id\":\"https:\/\/rioonwatch.org.br\/#\/schema\/person\/11d64c290506f9df50c71b850c473f68\"},\"headline\":\"Curicica (Parte 2): TransOl\u00edmpica Espalha Medo de Remo\u00e7\u00f5es\",\"datePublished\":\"2012-08-29T16:25:12+00:00\",\"dateModified\":\"2024-06-20T19:31:26+00:00\",\"mainEntityOfPage\":{\"@id\":\"https:\/\/rioonwatch.org.br\/?p=3545\"},\"wordCount\":1483,\"commentCount\":0,\"publisher\":{\"@id\":\"https:\/\/rioonwatch.org.br\/#organization\"},\"image\":{\"@id\":\"https:\/\/rioonwatch.org.br\/?p=3545#primaryimage\"},\"thumbnailUrl\":\"https:\/\/rioonwatch.org.br\/wp-content\/uploads\/2012\/08\/Jovem-de-Curicica.jpg\",\"keywords\":[\"Abadiana\",\"Asa Branca\",\"Curicica\",\"Direito \u00e0 Moradia\",\"lideran\u00e7a\",\"Megaeventos\",\"Morar Carioca\",\"Olimp\u00edadas\",\"Remo\u00e7\u00e3o\",\"TransOl\u00edmpica\",\"Vila Calmete\",\"Vila Uni\u00e3o de Curicica\",\"Zona Oeste\"],\"articleSection\":[\"#OlhoNasRemo\u00e7\u00f5es\",\"#Rio2016\",\"Den\u00fancias\",\"Pol\u00edticas\"],\"inLanguage\":\"pt-BR\",\"potentialAction\":[{\"@type\":\"CommentAction\",\"name\":\"Comment\",\"target\":[\"https:\/\/rioonwatch.org.br\/?p=3545#respond\"]}]},{\"@type\":\"WebPage\",\"@id\":\"https:\/\/rioonwatch.org.br\/?p=3545\",\"url\":\"https:\/\/rioonwatch.org.br\/?p=3545\",\"name\":\"Curicica (Parte 2): TransOl\u00edmpica Espalha Medo de Remo\u00e7\u00f5es - RioOnWatch\",\"isPartOf\":{\"@id\":\"https:\/\/rioonwatch.org.br\/#website\"},\"primaryImageOfPage\":{\"@id\":\"https:\/\/rioonwatch.org.br\/?p=3545#primaryimage\"},\"image\":{\"@id\":\"https:\/\/rioonwatch.org.br\/?p=3545#primaryimage\"},\"thumbnailUrl\":\"https:\/\/rioonwatch.org.br\/wp-content\/uploads\/2012\/08\/Jovem-de-Curicica.jpg\",\"datePublished\":\"2012-08-29T16:25:12+00:00\",\"dateModified\":\"2024-06-20T19:31:26+00:00\",\"breadcrumb\":{\"@id\":\"https:\/\/rioonwatch.org.br\/?p=3545#breadcrumb\"},\"inLanguage\":\"pt-BR\",\"potentialAction\":[{\"@type\":\"ReadAction\",\"target\":[\"https:\/\/rioonwatch.org.br\/?p=3545\"]}]},{\"@type\":\"ImageObject\",\"inLanguage\":\"pt-BR\",\"@id\":\"https:\/\/rioonwatch.org.br\/?p=3545#primaryimage\",\"url\":\"https:\/\/rioonwatch.org.br\/wp-content\/uploads\/2012\/08\/Jovem-de-Curicica.jpg\",\"contentUrl\":\"https:\/\/rioonwatch.org.br\/wp-content\/uploads\/2012\/08\/Jovem-de-Curicica.jpg\",\"width\":300,\"height\":213},{\"@type\":\"BreadcrumbList\",\"@id\":\"https:\/\/rioonwatch.org.br\/?p=3545#breadcrumb\",\"itemListElement\":[{\"@type\":\"ListItem\",\"position\":1,\"name\":\"In\u00edcio\",\"item\":\"https:\/\/rioonwatch.org.br\/\"},{\"@type\":\"ListItem\",\"position\":2,\"name\":\"Curicica (Parte 2): TransOl\u00edmpica Espalha Medo de Remo\u00e7\u00f5es\"}]},{\"@type\":\"WebSite\",\"@id\":\"https:\/\/rioonwatch.org.br\/#website\",\"url\":\"https:\/\/rioonwatch.org.br\/\",\"name\":\"RioOnWatch\",\"description\":\"relatos das favelas cariocas\",\"publisher\":{\"@id\":\"https:\/\/rioonwatch.org.br\/#organization\"},\"potentialAction\":[{\"@type\":\"SearchAction\",\"target\":{\"@type\":\"EntryPoint\",\"urlTemplate\":\"https:\/\/rioonwatch.org.br\/?s={search_term_string}\"},\"query-input\":{\"@type\":\"PropertyValueSpecification\",\"valueRequired\":true,\"valueName\":\"search_term_string\"}}],\"inLanguage\":\"pt-BR\"},{\"@type\":\"Organization\",\"@id\":\"https:\/\/rioonwatch.org.br\/#organization\",\"name\":\"RioOnWatch\",\"url\":\"https:\/\/rioonwatch.org.br\/\",\"logo\":{\"@type\":\"ImageObject\",\"inLanguage\":\"pt-BR\",\"@id\":\"https:\/\/rioonwatch.org.br\/#\/schema\/logo\/image\/\",\"url\":\"https:\/\/rioonwatch.org.br\/wp-content\/uploads\/2021\/06\/RioOnWatchcabecalhoPT11anos-2.png\",\"contentUrl\":\"https:\/\/rioonwatch.org.br\/wp-content\/uploads\/2021\/06\/RioOnWatchcabecalhoPT11anos-2.png\",\"width\":779,\"height\":277,\"caption\":\"RioOnWatch\"},\"image\":{\"@id\":\"https:\/\/rioonwatch.org.br\/#\/schema\/logo\/image\/\"}},{\"@type\":\"Person\",\"@id\":\"https:\/\/rioonwatch.org.br\/#\/schema\/person\/11d64c290506f9df50c71b850c473f68\",\"name\":\"Admin\",\"image\":{\"@type\":\"ImageObject\",\"inLanguage\":\"pt-BR\",\"@id\":\"https:\/\/rioonwatch.org.br\/#\/schema\/person\/image\/\",\"url\":\"https:\/\/secure.gravatar.com\/avatar\/56211ac74568383903349a1485e3c325?s=96&d=blank&r=g\",\"contentUrl\":\"https:\/\/secure.gravatar.com\/avatar\/56211ac74568383903349a1485e3c325?s=96&d=blank&r=g\",\"caption\":\"Admin\"},\"url\":\"https:\/\/rioonwatch.org.br\/?author=129\"}]}<\/script>\n<!-- \/ Yoast SEO plugin. -->","yoast_head_json":{"title":"Curicica (Parte 2): TransOl\u00edmpica Espalha Medo de Remo\u00e7\u00f5es - RioOnWatch","robots":{"index":"index","follow":"follow","max-snippet":"max-snippet:-1","max-image-preview":"max-image-preview:large","max-video-preview":"max-video-preview:-1"},"canonical":"https:\/\/rioonwatch.org.br\/?p=3545","og_locale":"pt_BR","og_type":"article","og_title":"Curicica (Parte 2): TransOl\u00edmpica Espalha Medo de Remo\u00e7\u00f5es - RioOnWatch","og_description":"Click Here for English Este \u00e9 o 2\u00ba dos 4 artigos sobre o agrupamento de favelas de Curicica, Jacarepagu\u00e1, que est\u00e3o \u00e0 espera de projetos de integra\u00e7\u00e3o urbana atrav\u00e9s do programa Morar Carioca. Uma comunidade [...]","og_url":"https:\/\/rioonwatch.org.br\/?p=3545","og_site_name":"RioOnWatch","article_published_time":"2012-08-29T16:25:12+00:00","article_modified_time":"2024-06-20T19:31:26+00:00","og_image":[{"width":300,"height":213,"url":"https:\/\/rioonwatch.org.br\/wp-content\/uploads\/2012\/08\/Jovem-de-Curicica.jpg","type":"image\/jpeg"}],"author":"Admin","twitter_card":"summary_large_image","twitter_misc":{"Escrito por":"Admin","Est. tempo de leitura":"7 minutos"},"schema":{"@context":"https:\/\/schema.org","@graph":[{"@type":"Article","@id":"https:\/\/rioonwatch.org.br\/?p=3545#article","isPartOf":{"@id":"https:\/\/rioonwatch.org.br\/?p=3545"},"author":{"name":"Admin","@id":"https:\/\/rioonwatch.org.br\/#\/schema\/person\/11d64c290506f9df50c71b850c473f68"},"headline":"Curicica (Parte 2): TransOl\u00edmpica Espalha Medo de Remo\u00e7\u00f5es","datePublished":"2012-08-29T16:25:12+00:00","dateModified":"2024-06-20T19:31:26+00:00","mainEntityOfPage":{"@id":"https:\/\/rioonwatch.org.br\/?p=3545"},"wordCount":1483,"commentCount":0,"publisher":{"@id":"https:\/\/rioonwatch.org.br\/#organization"},"image":{"@id":"https:\/\/rioonwatch.org.br\/?p=3545#primaryimage"},"thumbnailUrl":"https:\/\/rioonwatch.org.br\/wp-content\/uploads\/2012\/08\/Jovem-de-Curicica.jpg","keywords":["Abadiana","Asa Branca","Curicica","Direito \u00e0 Moradia","lideran\u00e7a","Megaeventos","Morar Carioca","Olimp\u00edadas","Remo\u00e7\u00e3o","TransOl\u00edmpica","Vila Calmete","Vila Uni\u00e3o de Curicica","Zona Oeste"],"articleSection":["#OlhoNasRemo\u00e7\u00f5es","#Rio2016","Den\u00fancias","Pol\u00edticas"],"inLanguage":"pt-BR","potentialAction":[{"@type":"CommentAction","name":"Comment","target":["https:\/\/rioonwatch.org.br\/?p=3545#respond"]}]},{"@type":"WebPage","@id":"https:\/\/rioonwatch.org.br\/?p=3545","url":"https:\/\/rioonwatch.org.br\/?p=3545","name":"Curicica (Parte 2): TransOl\u00edmpica Espalha Medo de Remo\u00e7\u00f5es - RioOnWatch","isPartOf":{"@id":"https:\/\/rioonwatch.org.br\/#website"},"primaryImageOfPage":{"@id":"https:\/\/rioonwatch.org.br\/?p=3545#primaryimage"},"image":{"@id":"https:\/\/rioonwatch.org.br\/?p=3545#primaryimage"},"thumbnailUrl":"https:\/\/rioonwatch.org.br\/wp-content\/uploads\/2012\/08\/Jovem-de-Curicica.jpg","datePublished":"2012-08-29T16:25:12+00:00","dateModified":"2024-06-20T19:31:26+00:00","breadcrumb":{"@id":"https:\/\/rioonwatch.org.br\/?p=3545#breadcrumb"},"inLanguage":"pt-BR","potentialAction":[{"@type":"ReadAction","target":["https:\/\/rioonwatch.org.br\/?p=3545"]}]},{"@type":"ImageObject","inLanguage":"pt-BR","@id":"https:\/\/rioonwatch.org.br\/?p=3545#primaryimage","url":"https:\/\/rioonwatch.org.br\/wp-content\/uploads\/2012\/08\/Jovem-de-Curicica.jpg","contentUrl":"https:\/\/rioonwatch.org.br\/wp-content\/uploads\/2012\/08\/Jovem-de-Curicica.jpg","width":300,"height":213},{"@type":"BreadcrumbList","@id":"https:\/\/rioonwatch.org.br\/?p=3545#breadcrumb","itemListElement":[{"@type":"ListItem","position":1,"name":"In\u00edcio","item":"https:\/\/rioonwatch.org.br\/"},{"@type":"ListItem","position":2,"name":"Curicica (Parte 2): TransOl\u00edmpica Espalha Medo de Remo\u00e7\u00f5es"}]},{"@type":"WebSite","@id":"https:\/\/rioonwatch.org.br\/#website","url":"https:\/\/rioonwatch.org.br\/","name":"RioOnWatch","description":"relatos das favelas cariocas","publisher":{"@id":"https:\/\/rioonwatch.org.br\/#organization"},"potentialAction":[{"@type":"SearchAction","target":{"@type":"EntryPoint","urlTemplate":"https:\/\/rioonwatch.org.br\/?s={search_term_string}"},"query-input":{"@type":"PropertyValueSpecification","valueRequired":true,"valueName":"search_term_string"}}],"inLanguage":"pt-BR"},{"@type":"Organization","@id":"https:\/\/rioonwatch.org.br\/#organization","name":"RioOnWatch","url":"https:\/\/rioonwatch.org.br\/","logo":{"@type":"ImageObject","inLanguage":"pt-BR","@id":"https:\/\/rioonwatch.org.br\/#\/schema\/logo\/image\/","url":"https:\/\/rioonwatch.org.br\/wp-content\/uploads\/2021\/06\/RioOnWatchcabecalhoPT11anos-2.png","contentUrl":"https:\/\/rioonwatch.org.br\/wp-content\/uploads\/2021\/06\/RioOnWatchcabecalhoPT11anos-2.png","width":779,"height":277,"caption":"RioOnWatch"},"image":{"@id":"https:\/\/rioonwatch.org.br\/#\/schema\/logo\/image\/"}},{"@type":"Person","@id":"https:\/\/rioonwatch.org.br\/#\/schema\/person\/11d64c290506f9df50c71b850c473f68","name":"Admin","image":{"@type":"ImageObject","inLanguage":"pt-BR","@id":"https:\/\/rioonwatch.org.br\/#\/schema\/person\/image\/","url":"https:\/\/secure.gravatar.com\/avatar\/56211ac74568383903349a1485e3c325?s=96&d=blank&r=g","contentUrl":"https:\/\/secure.gravatar.com\/avatar\/56211ac74568383903349a1485e3c325?s=96&d=blank&r=g","caption":"Admin"},"url":"https:\/\/rioonwatch.org.br\/?author=129"}]}},"_links":{"self":[{"href":"https:\/\/rioonwatch.org.br\/index.php?rest_route=\/wp\/v2\/posts\/3545"}],"collection":[{"href":"https:\/\/rioonwatch.org.br\/index.php?rest_route=\/wp\/v2\/posts"}],"about":[{"href":"https:\/\/rioonwatch.org.br\/index.php?rest_route=\/wp\/v2\/types\/post"}],"author":[{"embeddable":true,"href":"https:\/\/rioonwatch.org.br\/index.php?rest_route=\/wp\/v2\/users\/129"}],"replies":[{"embeddable":true,"href":"https:\/\/rioonwatch.org.br\/index.php?rest_route=%2Fwp%2Fv2%2Fcomments&post=3545"}],"version-history":[{"count":27,"href":"https:\/\/rioonwatch.org.br\/index.php?rest_route=\/wp\/v2\/posts\/3545\/revisions"}],"predecessor-version":[{"id":74274,"href":"https:\/\/rioonwatch.org.br\/index.php?rest_route=\/wp\/v2\/posts\/3545\/revisions\/74274"}],"wp:featuredmedia":[{"embeddable":true,"href":"https:\/\/rioonwatch.org.br\/index.php?rest_route=\/wp\/v2\/media\/3560"}],"wp:attachment":[{"href":"https:\/\/rioonwatch.org.br\/index.php?rest_route=%2Fwp%2Fv2%2Fmedia&parent=3545"}],"wp:term":[{"taxonomy":"category","embeddable":true,"href":"https:\/\/rioonwatch.org.br\/index.php?rest_route=%2Fwp%2Fv2%2Fcategories&post=3545"},{"taxonomy":"post_tag","embeddable":true,"href":"https:\/\/rioonwatch.org.br\/index.php?rest_route=%2Fwp%2Fv2%2Ftags&post=3545"},{"taxonomy":"writer","embeddable":true,"href":"https:\/\/rioonwatch.org.br\/index.php?rest_route=%2Fwp%2Fv2%2Fwriter&post=3545"},{"taxonomy":"translator","embeddable":true,"href":"https:\/\/rioonwatch.org.br\/index.php?rest_route=%2Fwp%2Fv2%2Ftranslator&post=3545"},{"taxonomy":"source","embeddable":true,"href":"https:\/\/rioonwatch.org.br\/index.php?rest_route=%2Fwp%2Fv2%2Fsource&post=3545"},{"taxonomy":"ilustrador","embeddable":true,"href":"https:\/\/rioonwatch.org.br\/index.php?rest_route=%2Fwp%2Fv2%2Filustrador&post=3545"},{"taxonomy":"fotografo","embeddable":true,"href":"https:\/\/rioonwatch.org.br\/index.php?rest_route=%2Fwp%2Fv2%2Ffotografo&post=3545"}],"curies":[{"name":"wp","href":"https:\/\/api.w.org\/{rel}","templated":true}]}}