{"id":35610,"date":"2018-08-17T07:45:35","date_gmt":"2018-08-17T10:45:35","guid":{"rendered":"http:\/\/rioonwatch.org.br\/?p=35610"},"modified":"2018-08-21T07:44:59","modified_gmt":"2018-08-21T10:44:59","slug":"premio-mestre-das-periferias-reconhece-marielle-conceicao-evaristo-nego-bispo-e-ailton-krenak","status":"publish","type":"post","link":"https:\/\/rioonwatch.org.br\/?p=35610","title":{"rendered":"Pr\u00eamio &#8216;Mestre das Periferias&#8217; Reconhece Marielle, Concei\u00e7\u00e3o Evaristo, N\u00eago Bispo e Ailton Krenak"},"content":{"rendered":"<p style=\"text-align: right;\"><em><strong><a href=\"http:\/\/bit.ly\/2MIbW6x\" target=\"_blank\" rel=\"noopener noreferrer\">Click Here for English<img decoding=\"async\" width=\"20\" height=\"20\" class=\"alignright wp-image-15790\" src=\"http:\/\/rioonwatch.org.br\/wp-content\/uploads\/2012\/08\/EN-standard-e1439583104716.jpg\" \/><\/a><\/strong><\/em><\/p>\n<p>Na noite do dia 8 de agosto, centenas de espectadores lotaram o centro comunit\u00e1rio <a href=\"http:\/\/bit.ly\/2B1HGCv\" target=\"_blank\" rel=\"noopener\">Galp\u00e3o Bela Mar\u00e9<\/a> para a primeira <a href=\"http:\/\/bit.ly\/2P4EY23\" target=\"_blank\" rel=\"noopener\">cerim\u00f4nia de premia\u00e7\u00e3o \u201cMestre das Periferias\u201d<\/a>. O pr\u00eamio \u00e9 dedicado a \u201cestimular e promover produ\u00e7\u00e3o de conte\u00fado sobre o territ\u00f3rio das periferias, fortalecendo uma perspectiva que as enxerga como espa\u00e7os plurais e inventivos\u201d. Os quatro homenageados foram o l\u00edder ind\u00edgena\u00a0<a href=\"https:\/\/glo.bo\/2Momivs\" target=\"_blank\" rel=\"noopener\">Ailton Krenak<\/a>, o ativista quilombola\u00a0<a href=\"http:\/\/bit.ly\/2MBSjNG\" target=\"_blank\" rel=\"noopener\">Antonio Bispo dos Santos<\/a> (conhecido como N\u00eago Bispo), <a href=\"https:\/\/glo.bo\/2MhL40d\" target=\"_blank\" rel=\"noopener\">Concei\u00e7\u00e3o Evaristo<\/a>, autora premiada internacionalmente, e a saudosa vereadora <a href=\"http:\/\/bit.ly\/2uHq4VY\" target=\"_blank\" rel=\"noopener\">Marielle Franco<\/a> (in memoriam).<\/p>\n<p><a href=\"http:\/\/rioonwatch.org.br\/wp-content\/uploads\/2018\/08\/mestres-periferias-jailson.jpg\"><img fetchpriority=\"high\" decoding=\"async\" class=\"aligncenter wp-image-35613 size-content\" title=\"Jailson de Souza, diretor do Instituto Maria e Jo\u00e3o Aleixo, ao lado da jornalista Ivana Dorali, da mesma institui\u00e7\u00e3o. Foto: M\u00e1rcia Farias \/ IMJA\" src=\"http:\/\/rioonwatch.org.br\/wp-content\/uploads\/2018\/08\/mestres-periferias-jailson-620x264.jpg\" alt=\"\" width=\"620\" height=\"264\" srcset=\"https:\/\/rioonwatch.org.br\/wp-content\/uploads\/2018\/08\/mestres-periferias-jailson-620x264.jpg 620w, https:\/\/rioonwatch.org.br\/wp-content\/uploads\/2018\/08\/mestres-periferias-jailson-940x400.jpg 940w\" sizes=\"(max-width: 620px) 100vw, 620px\" \/><\/a><\/p>\n<p>Para a equipe organizadora do <a href=\"http:\/\/bit.ly\/2FQ6348\" target=\"_blank\" rel=\"noopener\">Instituto Maria e Jo\u00e3o Aleixo<\/a> (IMJA), um centro de estudos focado na periferia, baseado nas favelas do\u00a0<a href=\"http:\/\/bit.ly\/10BvARw\" target=\"_blank\" rel=\"noopener\">Complexo da Mar\u00e9,<\/a>\u00a0na\u00a0<a href=\"http:\/\/bit.ly\/WximDf\" target=\"_blank\" rel=\"noopener\">Zona Norte<\/a> do Rio, a cerim\u00f4nia de premia\u00e7\u00e3o de quarta-feira desempenhou um papel central na promo\u00e7\u00e3o do que eles chamam\u00a0<a href=\"https:\/\/bit.ly\/2J5xHvf\" target=\"_blank\" rel=\"noopener\">Paradigma de Pot\u00eancia<\/a>. \u201cToda a periferia&#8211;as favelas principalmente&#8211;\u00e9 descrita a partir de um discurso do <a href=\"http:\/\/bit.ly\/2LiwfdB\" target=\"_blank\" rel=\"noopener\">paradigma da aus\u00eancia<\/a>, da car\u00eancia, da precariedade\u201d, disse o diretor da IMJA, Jailson de Souza e Silva. \u201cO reconhecimento de que a periferia \u00e9 central para a cidade ainda \u00e9 pouco discutido no Brasil e no mundo. Construir essa refer\u00eancia para a gente \u00e9 central, e \u00e9 isso que a gente tem trabalhado desde 2016\u201d.<\/p>\n<p><a href=\"http:\/\/rioonwatch.org.br\/wp-content\/uploads\/2018\/08\/Mestre-das-Periferias-p\u00fablico.jpg\"><img decoding=\"async\" class=\"aligncenter wp-image-35615 size-full\" title=\"P\u00fablico no Galp\u00e3o Bela Mar\u00e9. Foto: M\u00e1rcia Farias \/ IMJA\" src=\"http:\/\/rioonwatch.org.br\/wp-content\/uploads\/2018\/08\/Mestre-das-Periferias-p\u00fablico.jpg\" alt=\"\" width=\"620\" height=\"264\" \/><\/a><\/p>\n<p>Os premiados da noite, incluindo a fam\u00edlia de Marielle Franco, receberam o trof\u00e9u de Mestre das Periferias e um pr\u00eamio de R$30.000 para pesquisa e produ\u00e7\u00e3o de conte\u00fado. Eles tamb\u00e9m participar\u00e3o de um mini-document\u00e1rio produzido pela IMJA sobre suas trajet\u00f3rias de vida e contribui\u00e7\u00f5es para narrativas positivas sobre as periferias.<\/p>\n<p>Concei\u00e7\u00e3o Evaristo, uma das vencedoras do pr\u00eamio, \u00e9 conhecida por ser pioneira de um estilo conhecido como &#8220;escreviv\u00eancia&#8221;&#8211;escrita baseada em sua experi\u00eancia de vida como mulher negra. Recentemente, ela formalizou a sua candidatura \u00e0 <a href=\"http:\/\/bit.ly\/1JJMlQM\" target=\"_blank\" rel=\"noopener\">Academia Brasileira de Letras<\/a>, fundada no final do s\u00e9culo XIX pelo prol\u00edfico romancista <a href=\"http:\/\/bit.ly\/2vL0xfV\" target=\"_blank\" rel=\"noopener\">Machado de Assis<\/a>. Se eleita, Evaristo seria a primeira escritora negra da sociedade liter\u00e1ria.<\/p>\n<p><a href=\"http:\/\/rioonwatch.org.br\/wp-content\/uploads\/2018\/08\/Mestre-das-Periferias-Conceic\u0327a\u0303o-Evaristo.jpg\"><img loading=\"lazy\" decoding=\"async\" class=\"aligncenter wp-image-35612 size-large\" title=\"Concei\u00e7\u00e3o Evaristo recebe trof\u00e9u das m\u00e3os de Helo\u00edsa Buarque de Holanda. Foto: M\u00e1rcia Farias \/ IMJA\" src=\"http:\/\/rioonwatch.org.br\/wp-content\/uploads\/2018\/08\/Mestre-das-Periferias-Conceic\u0327a\u0303o-Evaristo-1024x683.jpg\" alt=\"\" width=\"620\" height=\"414\" srcset=\"https:\/\/rioonwatch.org.br\/wp-content\/uploads\/2018\/08\/Mestre-das-Periferias-Conceic\u0327a\u0303o-Evaristo-1024x683.jpg 1024w, https:\/\/rioonwatch.org.br\/wp-content\/uploads\/2018\/08\/Mestre-das-Periferias-Conceic\u0327a\u0303o-Evaristo-396x264.jpg 396w, https:\/\/rioonwatch.org.br\/wp-content\/uploads\/2018\/08\/Mestre-das-Periferias-Conceic\u0327a\u0303o-Evaristo-620x414.jpg 620w, https:\/\/rioonwatch.org.br\/wp-content\/uploads\/2018\/08\/Mestre-das-Periferias-Conceic\u0327a\u0303o-Evaristo-768x512.jpg 768w, https:\/\/rioonwatch.org.br\/wp-content\/uploads\/2018\/08\/Mestre-das-Periferias-Conceic\u0327a\u0303o-Evaristo.jpg 2000w\" sizes=\"(max-width: 620px) 100vw, 620px\" \/><\/a><\/p>\n<p>No entanto, na sua fala na noite de quarta-feira, Concei\u00e7\u00e3o comentou que a periferia tem mais a oferecer, indo al\u00e9m dos espa\u00e7os de elite. \u201cEnquanto a academia e essa cultura hegem\u00f4nica conhecem s\u00f3 um lado da cultura, n\u00f3s que viemos de outros espa\u00e7os culturais, somos s\u00e1bios porque n\u00f3s conhecemos os dois lados\u201d, disse Concei\u00e7\u00e3o. &#8220;Tenho certeza que em termos humanos, essa defer\u00eancia, essa possibilidade e esse novo trabalho t\u00eam muito <a href=\"http:\/\/bit.ly\/2M8kzum\" target=\"_blank\" rel=\"noopener\">mais significado para meu crescimento<\/a> e para minha inser\u00e7\u00e3o no mundo do que os outros t\u00edtulos que consegui.&#8221;<\/p>\n<p>O l\u00edder ind\u00edgena Ailton Krenak&#8211;renomado por seu <a href=\"http:\/\/bit.ly\/2nIF6b8\" target=\"_blank\" rel=\"noopener\">papel na Assembl\u00e9ia Nacional Constituinte<\/a>, que resultou em <a href=\"http:\/\/bit.ly\/2P7wJlR\" target=\"_blank\" rel=\"noopener\">vit\u00f3rias decisivas dos direitos ind\u00edgenas na Constitui\u00e7\u00e3o de 1988<\/a>&#8211;ecoou Concei\u00e7\u00e3o, saudando a pluralidade das periferias. \u201cQueremos juntos convocar outros pensamentos e outras quest\u00f5es sobre essa diversidade cultural que n\u00f3s constru\u00edmos, sobre esses m\u00faltiplos lugares onde nossos pobres vivem.&#8221;<\/p>\n<p>Cinco meses ap\u00f3s o <a href=\"http:\/\/bit.ly\/2LSApFp\" target=\"_blank\" rel=\"noopener\">assassinato ainda n\u00e3o solucionado de Marielle Franco<\/a>, sua m\u00e3e e sua irm\u00e3 fizeram um discurso mais sombrio. No entanto, como Anielle Franco, irm\u00e3 de Marielle, contou hist\u00f3rias de sua inf\u00e2ncia na Mar\u00e9 e Dona Marinete Franco descreveu como foi <a href=\"http:\/\/bit.ly\/2vYhuml\" target=\"_blank\" rel=\"noopener\">encontrar o Papa Francisco<\/a> na semana anterior, o tom se tornou esperan\u00e7oso.<\/p>\n<p><a href=\"http:\/\/rioonwatch.org.br\/wp-content\/uploads\/2018\/08\/Mestre-das-Periferias-Marielle-Fami\u00edlia.jpg\"><img loading=\"lazy\" decoding=\"async\" class=\"aligncenter wp-image-35611 size-large\" title=\"Marielle Franco homenageada in memoriam. Foto: M\u00e1rcia Farias \/ IMJA\" src=\"http:\/\/rioonwatch.org.br\/wp-content\/uploads\/2018\/08\/Mestre-das-Periferias-Marielle-Fami\u00edlia-1024x683.jpg\" alt=\"\" width=\"620\" height=\"414\" srcset=\"https:\/\/rioonwatch.org.br\/wp-content\/uploads\/2018\/08\/Mestre-das-Periferias-Marielle-Fami\u00edlia-1024x683.jpg 1024w, https:\/\/rioonwatch.org.br\/wp-content\/uploads\/2018\/08\/Mestre-das-Periferias-Marielle-Fami\u00edlia-396x264.jpg 396w, https:\/\/rioonwatch.org.br\/wp-content\/uploads\/2018\/08\/Mestre-das-Periferias-Marielle-Fami\u00edlia-620x414.jpg 620w, https:\/\/rioonwatch.org.br\/wp-content\/uploads\/2018\/08\/Mestre-das-Periferias-Marielle-Fami\u00edlia-768x512.jpg 768w, https:\/\/rioonwatch.org.br\/wp-content\/uploads\/2018\/08\/Mestre-das-Periferias-Marielle-Fami\u00edlia.jpg 2000w\" sizes=\"(max-width: 620px) 100vw, 620px\" \/><\/a><\/p>\n<p>&#8220;N\u00e3o vamos calar. N\u00e3o v\u00e3o calar a m\u00e3e dela. N\u00e3o v\u00e3o calar esse grupo de pessoas como voc\u00eas\u201d, disse Marinete Franco ao p\u00fablico. Ela continuou: \u201cEstou vendo cada dia mais pessoas em outros estados, em outros pa\u00edses&#8230; Todo o mundo reconhecendo quem Marielle era e quem ela continua sendo\u201d.<\/p>\n<p>Por fim, o l\u00edder e autor quilombola, N\u00eago Bispo, recitou um poema que ele havia preparado para a cerim\u00f4nia de premia\u00e7\u00e3o. Enquanto falava, suas palavras pareciam chegar muito al\u00e9m da Mar\u00e9: \u201cN\u00f3s somos o come\u00e7o, o meio, e o come\u00e7o. E por isso n\u00f3s existiremos para sempre, porque para n\u00f3s n\u00e3o existe um fim. Sorrindo nas tristezas para comemorar a vida das alegrias, n\u00f3s somos a gira da gira na gira. N\u00f3s somos a periferia. Salve&#8221;.<\/p>\n<!-- AddThis Advanced Settings generic via filter on the_content --><!-- AddThis Share Buttons generic via filter on the_content -->","protected":false},"excerpt":{"rendered":"<div class=\"mh-excerpt\"><p>Click Here for English Na noite do dia 8 de agosto, centenas de espectadores lotaram o centro comunit\u00e1rio Galp\u00e3o Bela Mar\u00e9 para a primeira cerim\u00f4nia de premia\u00e7\u00e3o \u201cMestre das Periferias\u201d. O pr\u00eamio \u00e9 dedicado a <a class=\"mh-excerpt-more\" href=\"https:\/\/rioonwatch.org.br\/?p=35610\" title=\"Pr\u00eamio &#8216;Mestre das Periferias&#8217; Reconhece Marielle, Concei\u00e7\u00e3o Evaristo, N\u00eago Bispo e Ailton Krenak\">[&#8230;]<\/a><!-- AddThis Advanced Settings generic via filter on get_the_excerpt --><!-- AddThis Share Buttons generic via filter on get_the_excerpt --><\/p>\n<\/div>","protected":false},"author":152,"featured_media":35614,"comment_status":"closed","ping_status":"closed","sticky":false,"template":"","format":"standard","meta":{"_acf_changed":false,"_monsterinsights_skip_tracking":false,"_monsterinsights_sitenote_active":false,"_monsterinsights_sitenote_note":"","_monsterinsights_sitenote_category":0,"footnotes":""},"categories":[1621,1627,1615,1626,1616,342],"tags":[386,334,332,1226,81,1643,2458,2459,1574,511,2033,950,567,218],"writer":[2249],"translator":[1971],"source":[],"ilustrador":[],"fotografo":[],"class_list":{"0":"post-35610","1":"post","2":"type-post","3":"status-publish","4":"format-standard","5":"has-post-thumbnail","7":"category-destaque","8":"category-relato-de-evento","9":"category-cultura-da-favela","10":"category-por-observadores-internacionais","11":"category-qualidades-da-favela","12":"category-solucoes","13":"tag-estigma","14":"tag-arte","15":"tag-complexo-da-mare","16":"tag-constituicao","17":"tag-cultura","18":"tag-diversidade","19":"tag-galpao-bela-mare","20":"tag-imja","21":"tag-indigenas","22":"tag-literatura","23":"tag-marielle-franco","24":"tag-premio","25":"tag-quilombo","26":"tag-zona-norte","27":"writer-edmund-ruge","28":"translator-geovanna-giannini"},"acf":[],"yoast_head":"<!-- This site is optimized with the Yoast SEO plugin v25.6 - https:\/\/yoast.com\/wordpress\/plugins\/seo\/ -->\n<title>Pr\u00eamio &#039;Mestre das Periferias&#039; Reconhece Marielle, Concei\u00e7\u00e3o Evaristo, N\u00eago Bispo e Ailton Krenak - RioOnWatch<\/title>\n<meta name=\"robots\" content=\"index, follow, max-snippet:-1, max-image-preview:large, max-video-preview:-1\" \/>\n<link rel=\"canonical\" href=\"https:\/\/rioonwatch.org.br\/?p=35610\" \/>\n<meta property=\"og:locale\" content=\"pt_BR\" \/>\n<meta property=\"og:type\" content=\"article\" \/>\n<meta property=\"og:title\" content=\"Pr\u00eamio &#039;Mestre das Periferias&#039; Reconhece Marielle, Concei\u00e7\u00e3o Evaristo, N\u00eago Bispo e Ailton Krenak - RioOnWatch\" \/>\n<meta property=\"og:description\" content=\"Click Here for English Na noite do dia 8 de agosto, centenas de espectadores lotaram o centro comunit\u00e1rio Galp\u00e3o Bela Mar\u00e9 para a primeira cerim\u00f4nia de premia\u00e7\u00e3o \u201cMestre das Periferias\u201d. O pr\u00eamio \u00e9 dedicado a [...]\" \/>\n<meta property=\"og:url\" content=\"https:\/\/rioonwatch.org.br\/?p=35610\" \/>\n<meta property=\"og:site_name\" content=\"RioOnWatch\" \/>\n<meta property=\"article:published_time\" content=\"2018-08-17T10:45:35+00:00\" \/>\n<meta property=\"article:modified_time\" content=\"2018-08-21T10:44:59+00:00\" \/>\n<meta property=\"og:image\" content=\"https:\/\/rioonwatch.org.br\/wp-content\/uploads\/2018\/08\/mestres-periferias1.jpg\" \/>\n\t<meta property=\"og:image:width\" content=\"960\" \/>\n\t<meta property=\"og:image:height\" content=\"412\" \/>\n\t<meta property=\"og:image:type\" content=\"image\/jpeg\" \/>\n<meta name=\"author\" content=\"Luisa Fenizola\" \/>\n<meta name=\"twitter:card\" content=\"summary_large_image\" \/>\n<meta name=\"twitter:label1\" content=\"Escrito por\" \/>\n\t<meta name=\"twitter:data1\" content=\"Luisa Fenizola\" \/>\n\t<meta name=\"twitter:label2\" content=\"Est. tempo de leitura\" \/>\n\t<meta name=\"twitter:data2\" content=\"4 minutos\" \/>\n<script type=\"application\/ld+json\" class=\"yoast-schema-graph\">{\"@context\":\"https:\/\/schema.org\",\"@graph\":[{\"@type\":\"Article\",\"@id\":\"https:\/\/rioonwatch.org.br\/?p=35610#article\",\"isPartOf\":{\"@id\":\"https:\/\/rioonwatch.org.br\/?p=35610\"},\"author\":{\"name\":\"Luisa Fenizola\",\"@id\":\"https:\/\/rioonwatch.org.br\/#\/schema\/person\/f443c6b55bb6e80842280318076491c5\"},\"headline\":\"Pr\u00eamio &#8216;Mestre das Periferias&#8217; Reconhece Marielle, Concei\u00e7\u00e3o Evaristo, N\u00eago Bispo e Ailton Krenak\",\"datePublished\":\"2018-08-17T10:45:35+00:00\",\"dateModified\":\"2018-08-21T10:44:59+00:00\",\"mainEntityOfPage\":{\"@id\":\"https:\/\/rioonwatch.org.br\/?p=35610\"},\"wordCount\":736,\"publisher\":{\"@id\":\"https:\/\/rioonwatch.org.br\/#organization\"},\"image\":{\"@id\":\"https:\/\/rioonwatch.org.br\/?p=35610#primaryimage\"},\"thumbnailUrl\":\"https:\/\/rioonwatch.org.br\/wp-content\/uploads\/2018\/08\/mestres-periferias1.jpg\",\"keywords\":[\"#StopFavelaStigma\",\"arte\",\"Complexo da Mar\u00e9\",\"constitui\u00e7\u00e3o\",\"cultura\",\"diversidade\",\"Galp\u00e3o Bela Mar\u00e9\",\"IMJA\",\"ind\u00edgenas\",\"literatura\",\"Marielle Franco\",\"pr\u00eamio\",\"Quilombo\",\"Zona Norte\"],\"articleSection\":[\"*Destaque\",\"Cobertura de Eventos\",\"Cultura da Favela\",\"Escrito por Aliados\",\"Qualidades da Favela\",\"Solu\u00e7\u00f5es\"],\"inLanguage\":\"pt-BR\"},{\"@type\":\"WebPage\",\"@id\":\"https:\/\/rioonwatch.org.br\/?p=35610\",\"url\":\"https:\/\/rioonwatch.org.br\/?p=35610\",\"name\":\"Pr\u00eamio 'Mestre das Periferias' Reconhece Marielle, Concei\u00e7\u00e3o Evaristo, N\u00eago Bispo e Ailton Krenak - RioOnWatch\",\"isPartOf\":{\"@id\":\"https:\/\/rioonwatch.org.br\/#website\"},\"primaryImageOfPage\":{\"@id\":\"https:\/\/rioonwatch.org.br\/?p=35610#primaryimage\"},\"image\":{\"@id\":\"https:\/\/rioonwatch.org.br\/?p=35610#primaryimage\"},\"thumbnailUrl\":\"https:\/\/rioonwatch.org.br\/wp-content\/uploads\/2018\/08\/mestres-periferias1.jpg\",\"datePublished\":\"2018-08-17T10:45:35+00:00\",\"dateModified\":\"2018-08-21T10:44:59+00:00\",\"breadcrumb\":{\"@id\":\"https:\/\/rioonwatch.org.br\/?p=35610#breadcrumb\"},\"inLanguage\":\"pt-BR\",\"potentialAction\":[{\"@type\":\"ReadAction\",\"target\":[\"https:\/\/rioonwatch.org.br\/?p=35610\"]}]},{\"@type\":\"ImageObject\",\"inLanguage\":\"pt-BR\",\"@id\":\"https:\/\/rioonwatch.org.br\/?p=35610#primaryimage\",\"url\":\"https:\/\/rioonwatch.org.br\/wp-content\/uploads\/2018\/08\/mestres-periferias1.jpg\",\"contentUrl\":\"https:\/\/rioonwatch.org.br\/wp-content\/uploads\/2018\/08\/mestres-periferias1.jpg\",\"width\":960,\"height\":412},{\"@type\":\"BreadcrumbList\",\"@id\":\"https:\/\/rioonwatch.org.br\/?p=35610#breadcrumb\",\"itemListElement\":[{\"@type\":\"ListItem\",\"position\":1,\"name\":\"In\u00edcio\",\"item\":\"https:\/\/rioonwatch.org.br\/\"},{\"@type\":\"ListItem\",\"position\":2,\"name\":\"Pr\u00eamio &#8216;Mestre das Periferias&#8217; Reconhece Marielle, Concei\u00e7\u00e3o Evaristo, N\u00eago Bispo e Ailton Krenak\"}]},{\"@type\":\"WebSite\",\"@id\":\"https:\/\/rioonwatch.org.br\/#website\",\"url\":\"https:\/\/rioonwatch.org.br\/\",\"name\":\"RioOnWatch\",\"description\":\"relatos das favelas cariocas\",\"publisher\":{\"@id\":\"https:\/\/rioonwatch.org.br\/#organization\"},\"potentialAction\":[{\"@type\":\"SearchAction\",\"target\":{\"@type\":\"EntryPoint\",\"urlTemplate\":\"https:\/\/rioonwatch.org.br\/?s={search_term_string}\"},\"query-input\":{\"@type\":\"PropertyValueSpecification\",\"valueRequired\":true,\"valueName\":\"search_term_string\"}}],\"inLanguage\":\"pt-BR\"},{\"@type\":\"Organization\",\"@id\":\"https:\/\/rioonwatch.org.br\/#organization\",\"name\":\"RioOnWatch\",\"url\":\"https:\/\/rioonwatch.org.br\/\",\"logo\":{\"@type\":\"ImageObject\",\"inLanguage\":\"pt-BR\",\"@id\":\"https:\/\/rioonwatch.org.br\/#\/schema\/logo\/image\/\",\"url\":\"https:\/\/rioonwatch.org.br\/wp-content\/uploads\/2021\/06\/RioOnWatchcabecalhoPT11anos-2.png\",\"contentUrl\":\"https:\/\/rioonwatch.org.br\/wp-content\/uploads\/2021\/06\/RioOnWatchcabecalhoPT11anos-2.png\",\"width\":779,\"height\":277,\"caption\":\"RioOnWatch\"},\"image\":{\"@id\":\"https:\/\/rioonwatch.org.br\/#\/schema\/logo\/image\/\"}},{\"@type\":\"Person\",\"@id\":\"https:\/\/rioonwatch.org.br\/#\/schema\/person\/f443c6b55bb6e80842280318076491c5\",\"name\":\"Luisa Fenizola\",\"image\":{\"@type\":\"ImageObject\",\"inLanguage\":\"pt-BR\",\"@id\":\"https:\/\/rioonwatch.org.br\/#\/schema\/person\/image\/\",\"url\":\"https:\/\/secure.gravatar.com\/avatar\/a3d551110162b9f876cbbdaaecf75663?s=96&d=blank&r=g\",\"contentUrl\":\"https:\/\/secure.gravatar.com\/avatar\/a3d551110162b9f876cbbdaaecf75663?s=96&d=blank&r=g\",\"caption\":\"Luisa Fenizola\"},\"url\":\"https:\/\/rioonwatch.org.br\/?author=152\"}]}<\/script>\n<!-- \/ Yoast SEO plugin. -->","yoast_head_json":{"title":"Pr\u00eamio 'Mestre das Periferias' Reconhece Marielle, Concei\u00e7\u00e3o Evaristo, N\u00eago Bispo e Ailton Krenak - RioOnWatch","robots":{"index":"index","follow":"follow","max-snippet":"max-snippet:-1","max-image-preview":"max-image-preview:large","max-video-preview":"max-video-preview:-1"},"canonical":"https:\/\/rioonwatch.org.br\/?p=35610","og_locale":"pt_BR","og_type":"article","og_title":"Pr\u00eamio 'Mestre das Periferias' Reconhece Marielle, Concei\u00e7\u00e3o Evaristo, N\u00eago Bispo e Ailton Krenak - RioOnWatch","og_description":"Click Here for English Na noite do dia 8 de agosto, centenas de espectadores lotaram o centro comunit\u00e1rio Galp\u00e3o Bela Mar\u00e9 para a primeira cerim\u00f4nia de premia\u00e7\u00e3o \u201cMestre das Periferias\u201d. O pr\u00eamio \u00e9 dedicado a [...]","og_url":"https:\/\/rioonwatch.org.br\/?p=35610","og_site_name":"RioOnWatch","article_published_time":"2018-08-17T10:45:35+00:00","article_modified_time":"2018-08-21T10:44:59+00:00","og_image":[{"width":960,"height":412,"url":"https:\/\/rioonwatch.org.br\/wp-content\/uploads\/2018\/08\/mestres-periferias1.jpg","type":"image\/jpeg"}],"author":"Luisa Fenizola","twitter_card":"summary_large_image","twitter_misc":{"Escrito por":"Luisa Fenizola","Est. tempo de leitura":"4 minutos"},"schema":{"@context":"https:\/\/schema.org","@graph":[{"@type":"Article","@id":"https:\/\/rioonwatch.org.br\/?p=35610#article","isPartOf":{"@id":"https:\/\/rioonwatch.org.br\/?p=35610"},"author":{"name":"Luisa Fenizola","@id":"https:\/\/rioonwatch.org.br\/#\/schema\/person\/f443c6b55bb6e80842280318076491c5"},"headline":"Pr\u00eamio &#8216;Mestre das Periferias&#8217; Reconhece Marielle, Concei\u00e7\u00e3o Evaristo, N\u00eago Bispo e Ailton Krenak","datePublished":"2018-08-17T10:45:35+00:00","dateModified":"2018-08-21T10:44:59+00:00","mainEntityOfPage":{"@id":"https:\/\/rioonwatch.org.br\/?p=35610"},"wordCount":736,"publisher":{"@id":"https:\/\/rioonwatch.org.br\/#organization"},"image":{"@id":"https:\/\/rioonwatch.org.br\/?p=35610#primaryimage"},"thumbnailUrl":"https:\/\/rioonwatch.org.br\/wp-content\/uploads\/2018\/08\/mestres-periferias1.jpg","keywords":["#StopFavelaStigma","arte","Complexo da Mar\u00e9","constitui\u00e7\u00e3o","cultura","diversidade","Galp\u00e3o Bela Mar\u00e9","IMJA","ind\u00edgenas","literatura","Marielle Franco","pr\u00eamio","Quilombo","Zona Norte"],"articleSection":["*Destaque","Cobertura de Eventos","Cultura da Favela","Escrito por Aliados","Qualidades da Favela","Solu\u00e7\u00f5es"],"inLanguage":"pt-BR"},{"@type":"WebPage","@id":"https:\/\/rioonwatch.org.br\/?p=35610","url":"https:\/\/rioonwatch.org.br\/?p=35610","name":"Pr\u00eamio 'Mestre das Periferias' Reconhece Marielle, Concei\u00e7\u00e3o Evaristo, N\u00eago Bispo e Ailton Krenak - RioOnWatch","isPartOf":{"@id":"https:\/\/rioonwatch.org.br\/#website"},"primaryImageOfPage":{"@id":"https:\/\/rioonwatch.org.br\/?p=35610#primaryimage"},"image":{"@id":"https:\/\/rioonwatch.org.br\/?p=35610#primaryimage"},"thumbnailUrl":"https:\/\/rioonwatch.org.br\/wp-content\/uploads\/2018\/08\/mestres-periferias1.jpg","datePublished":"2018-08-17T10:45:35+00:00","dateModified":"2018-08-21T10:44:59+00:00","breadcrumb":{"@id":"https:\/\/rioonwatch.org.br\/?p=35610#breadcrumb"},"inLanguage":"pt-BR","potentialAction":[{"@type":"ReadAction","target":["https:\/\/rioonwatch.org.br\/?p=35610"]}]},{"@type":"ImageObject","inLanguage":"pt-BR","@id":"https:\/\/rioonwatch.org.br\/?p=35610#primaryimage","url":"https:\/\/rioonwatch.org.br\/wp-content\/uploads\/2018\/08\/mestres-periferias1.jpg","contentUrl":"https:\/\/rioonwatch.org.br\/wp-content\/uploads\/2018\/08\/mestres-periferias1.jpg","width":960,"height":412},{"@type":"BreadcrumbList","@id":"https:\/\/rioonwatch.org.br\/?p=35610#breadcrumb","itemListElement":[{"@type":"ListItem","position":1,"name":"In\u00edcio","item":"https:\/\/rioonwatch.org.br\/"},{"@type":"ListItem","position":2,"name":"Pr\u00eamio &#8216;Mestre das Periferias&#8217; Reconhece Marielle, Concei\u00e7\u00e3o Evaristo, N\u00eago Bispo e Ailton Krenak"}]},{"@type":"WebSite","@id":"https:\/\/rioonwatch.org.br\/#website","url":"https:\/\/rioonwatch.org.br\/","name":"RioOnWatch","description":"relatos das favelas cariocas","publisher":{"@id":"https:\/\/rioonwatch.org.br\/#organization"},"potentialAction":[{"@type":"SearchAction","target":{"@type":"EntryPoint","urlTemplate":"https:\/\/rioonwatch.org.br\/?s={search_term_string}"},"query-input":{"@type":"PropertyValueSpecification","valueRequired":true,"valueName":"search_term_string"}}],"inLanguage":"pt-BR"},{"@type":"Organization","@id":"https:\/\/rioonwatch.org.br\/#organization","name":"RioOnWatch","url":"https:\/\/rioonwatch.org.br\/","logo":{"@type":"ImageObject","inLanguage":"pt-BR","@id":"https:\/\/rioonwatch.org.br\/#\/schema\/logo\/image\/","url":"https:\/\/rioonwatch.org.br\/wp-content\/uploads\/2021\/06\/RioOnWatchcabecalhoPT11anos-2.png","contentUrl":"https:\/\/rioonwatch.org.br\/wp-content\/uploads\/2021\/06\/RioOnWatchcabecalhoPT11anos-2.png","width":779,"height":277,"caption":"RioOnWatch"},"image":{"@id":"https:\/\/rioonwatch.org.br\/#\/schema\/logo\/image\/"}},{"@type":"Person","@id":"https:\/\/rioonwatch.org.br\/#\/schema\/person\/f443c6b55bb6e80842280318076491c5","name":"Luisa Fenizola","image":{"@type":"ImageObject","inLanguage":"pt-BR","@id":"https:\/\/rioonwatch.org.br\/#\/schema\/person\/image\/","url":"https:\/\/secure.gravatar.com\/avatar\/a3d551110162b9f876cbbdaaecf75663?s=96&d=blank&r=g","contentUrl":"https:\/\/secure.gravatar.com\/avatar\/a3d551110162b9f876cbbdaaecf75663?s=96&d=blank&r=g","caption":"Luisa Fenizola"},"url":"https:\/\/rioonwatch.org.br\/?author=152"}]}},"_links":{"self":[{"href":"https:\/\/rioonwatch.org.br\/index.php?rest_route=\/wp\/v2\/posts\/35610"}],"collection":[{"href":"https:\/\/rioonwatch.org.br\/index.php?rest_route=\/wp\/v2\/posts"}],"about":[{"href":"https:\/\/rioonwatch.org.br\/index.php?rest_route=\/wp\/v2\/types\/post"}],"author":[{"embeddable":true,"href":"https:\/\/rioonwatch.org.br\/index.php?rest_route=\/wp\/v2\/users\/152"}],"replies":[{"embeddable":true,"href":"https:\/\/rioonwatch.org.br\/index.php?rest_route=%2Fwp%2Fv2%2Fcomments&post=35610"}],"version-history":[{"count":10,"href":"https:\/\/rioonwatch.org.br\/index.php?rest_route=\/wp\/v2\/posts\/35610\/revisions"}],"predecessor-version":[{"id":35756,"href":"https:\/\/rioonwatch.org.br\/index.php?rest_route=\/wp\/v2\/posts\/35610\/revisions\/35756"}],"wp:featuredmedia":[{"embeddable":true,"href":"https:\/\/rioonwatch.org.br\/index.php?rest_route=\/wp\/v2\/media\/35614"}],"wp:attachment":[{"href":"https:\/\/rioonwatch.org.br\/index.php?rest_route=%2Fwp%2Fv2%2Fmedia&parent=35610"}],"wp:term":[{"taxonomy":"category","embeddable":true,"href":"https:\/\/rioonwatch.org.br\/index.php?rest_route=%2Fwp%2Fv2%2Fcategories&post=35610"},{"taxonomy":"post_tag","embeddable":true,"href":"https:\/\/rioonwatch.org.br\/index.php?rest_route=%2Fwp%2Fv2%2Ftags&post=35610"},{"taxonomy":"writer","embeddable":true,"href":"https:\/\/rioonwatch.org.br\/index.php?rest_route=%2Fwp%2Fv2%2Fwriter&post=35610"},{"taxonomy":"translator","embeddable":true,"href":"https:\/\/rioonwatch.org.br\/index.php?rest_route=%2Fwp%2Fv2%2Ftranslator&post=35610"},{"taxonomy":"source","embeddable":true,"href":"https:\/\/rioonwatch.org.br\/index.php?rest_route=%2Fwp%2Fv2%2Fsource&post=35610"},{"taxonomy":"ilustrador","embeddable":true,"href":"https:\/\/rioonwatch.org.br\/index.php?rest_route=%2Fwp%2Fv2%2Filustrador&post=35610"},{"taxonomy":"fotografo","embeddable":true,"href":"https:\/\/rioonwatch.org.br\/index.php?rest_route=%2Fwp%2Fv2%2Ffotografo&post=35610"}],"curies":[{"name":"wp","href":"https:\/\/api.w.org\/{rel}","templated":true}]}}