{"id":3567,"date":"2012-09-01T09:00:25","date_gmt":"2012-09-01T12:00:25","guid":{"rendered":"http:\/\/rioonwatch.org.br\/?p=3567"},"modified":"2024-06-20T16:31:26","modified_gmt":"2024-06-20T19:31:26","slug":"curicica-parte-3-aguardando-o-morar-carioca","status":"publish","type":"post","link":"https:\/\/rioonwatch.org.br\/?p=3567","title":{"rendered":"Curicica (Parte 3): Aguardando o Morar Carioca"},"content":{"rendered":"<p style=\"text-align: right;\"><em><strong><a href=\"http:\/\/bit.ly\/1BGJarN\" target=\"_blank\" rel=\"noopener\">Click Here for English<img decoding=\"async\" width=\"20\" height=\"20\" class=\"alignright wp-image-15790\" src=\"http:\/\/rioonwatch.org.br\/wp-content\/uploads\/2012\/08\/EN-standard-e1439583104716.jpg\" alt=\"\" \/><\/a><\/strong><\/em><\/p>\n<p><em>Este \u00e9 o terceiro de <a href=\"http:\/\/bit.ly\/SQpIn4\">quatro artigos<\/a> sobre o <a href=\"http:\/\/bit.ly\/CuricicaMapa\">agrupamento de favelas em Curicica<\/a>, Jacarepagu\u00e1, que est\u00e3o aguardando projetos de integra\u00e7\u00e3o urbana atrav\u00e9s do programa <a href=\"http:\/\/bit.ly\/PeV9Un\">Morar Carioca<\/a>.<\/em><\/p>\n<p><strong><em>Quando ser\u00e1?\u00a0<\/em><\/strong><\/p>\n<p><img fetchpriority=\"high\" decoding=\"async\" class=\"alignright\" title=\"Vila Calmete\" src=\"http:\/\/rioonwatch.org\/wp-content\/uploads\/2012\/08\/7823607898_beee76268b_n-300x213.jpg\" alt=\"\" width=\"300\" height=\"213\" \/><\/p>\n<p>Os moradores da Associa\u00e7\u00e3o da Vila Calmete se sentam pr\u00f3ximos as \u00e1guas polu\u00eddas que correm ao longo das ruas da comunidade. Do outro lado de uma pequena ponte plantas vivas e bonitas saltam de diversos vasos no ch\u00e3o, margeando o rio atrav\u00e9s de sua extens\u00e3o: uma severa justaposi\u00e7\u00e3o que marca ambos: o potencial e os limites da capacidade da comunidade na falta de provid\u00eancias p\u00fablicas. \u201cNada disso estava aqui quando eu visitei Vila Calmete pela primeira vez,\u201d disse Bezerra, presidente da vizinha <a href=\"http:\/\/bit.ly\/OvnKaC\">Asa Branca<\/a>. \u201cTilz\u00e9 fez esta comunidade ficar linda. Mas as pessoas ainda querem mais.\u201d<\/p>\n<p>Jos\u00e9 da Cruz, ou Tilz\u00e9, n\u00e3o \u00e9 o tipo que algu\u00e9m pode imaginar liderando um projeto de jardinagem na comunidade. Ele tem um ar austero e inicialmente intimidante, sua fala \u00e9 pontual e franca, muitas vezes sarc\u00e1stica. Um tra\u00e7o de fadiga aparece em seus olhos e sua voz \u2013 apesar disso n\u00e3o impedir nas suas contribui\u00e7\u00f5es para a comunidade onde ele mora. Como parte do Conselho Comunit\u00e1rio de Seguran\u00e7a P\u00fablica, em quest\u00f5es de \u00e9tica, durante nove anos e presidente de Vila Calmete por oito, ele lidou com muitos dos problemas enfrentados pelas favelas de Curicica e tem agido cada vez mais contra as restri\u00e7\u00f5es que limitam a a\u00e7\u00e3o comunit\u00e1ria.<\/p>\n<p><img decoding=\"async\" class=\"alignright size-thumbnail wp-image-4797\" title=\"Moradores da Vila Calmete\" src=\"http:\/\/rioonwatch.org\/wp-content\/uploads\/2012\/08\/7845395860_acbf769659_n-300x213.jpg\" alt=\"\" width=\"300\" height=\"213\" \/>\u201cAs comunidades daqui foram abandonadas e a minha entre elas,\u201d ele disse. \u201cN\u00e3o h\u00e1 saneamento b\u00e1sico e \u00e1gua canalizada. E quando tudo o que voc\u00ea tem \u00e9 um l\u00edder comunit\u00e1rio e um corpo de diretores, n\u00e3o h\u00e1 for\u00e7a. Existem limites para o que voc\u00ea pode mudar.\u201d Sentado em uma pra\u00e7a sombreada perto da Associa\u00e7\u00e3o de Moradores onde li\u00e7\u00f5es de artes marciais s\u00e3o dadas para jovens da comunidade, ele descreve projetos passados que evaporaram devido a falta de espa\u00e7o e das dificuldades em organizar moradores que j\u00e1 est\u00e3o ocupados trabalhando para sustentar suas pr\u00f3prias fam\u00edlias.<\/p>\n<p>\u201cDisseram-nos que o <a href=\"http:\/\/bit.ly\/yUD1ZW\">Morar Carioca<\/a> vir\u00e1 para melhorar a comunidade,\u201d disse Tilz\u00e9 sobre o programa da Prefeitura para melhorar e integrar todas as favelas do Rio para 2020 atrav\u00e9s de um enorme investimento urbano. Ele continua eternamente c\u00e9tico: \u201cEst\u00e1 escrito pelo menos. Mas ningu\u00e9m realmente sabe.\u201d Com ironia medida ele canta um peda\u00e7o de uma melodia do artista carioca Z\u00e9 Rodrix: \u201cQuando ser\u00e1, quando ser\u00e1 o dia da minha sorte?\u201d<\/p>\n<p><strong>\u201cOutro nome para Favela-Bairro\u201d<\/strong><\/p>\n<figure id=\"attachment_4914\" aria-describedby=\"caption-attachment-4914\" style=\"width: 408px\" class=\"wp-caption alignright\"><img loading=\"lazy\" decoding=\"async\" class=\"size-full wp-image-4914\" title=\"Mapa das favelas de Curicica\" src=\"http:\/\/rioonwatch.org\/wp-content\/uploads\/2012\/08\/Curicica-Cluster-map.jpg\" alt=\"\" width=\"408\" height=\"303\" \/><figcaption id=\"caption-attachment-4914\" class=\"wp-caption-text\">Marcado em turquesa o futuro Parque Ol\u00edmpico. Em vermelho s\u00e3o as favelas de Curicica destacadas nesta s\u00e9rie. Abra o mapa aqui: http:\/\/bit.ly\/CuricicaMapa.<\/figcaption><\/figure>\n<p>\u201cA \u00fanica coisa que a Prefeitura fez aqui,\u201d disse Tilz\u00e9, \u201cfoi um dia de limpeza no rio que come\u00e7ou h\u00e1 tr\u00eas anos.\u201d Mas acabou por causa de pol\u00edtica, uma mudan\u00e7a no governo. Isso \u00e9 o que realmente decide tudo. \u00c9 tudo pol\u00edtica.<\/p>\n<p>O pequeno conjunto de investimentos governamentais ao longo da hist\u00f3ria das favelas em torno de Vila Calmete tem sido igualmente insignificante. Na Vila Uni\u00e3o de Curicica, uma fileira de casas que se encontra fora da comunidade costumava ser conectada com a Rua Ventura por dur\u00e1veis passarelas de concreto sobre um c\u00f3rrego na extremidade da rua. Mas na tentativa de &#8220;abrir o canal&#8221;, a Prefeitura substituiu as pontes por outras fr\u00e1geis, de madeira que frequentemente quebram sob os p\u00e9s das pessoas.<\/p>\n<p>\u201cEu cai no c\u00f3rrego n\u00e3o faz muito tempo,\u201d disse um morador. \u201cBati minha cabe\u00e7a e aterrissei na \u00e1gua suja.\u201d Isso est\u00e1 longe de um incidente isolado, como afirma sua vizinha, que j\u00e1 viu isto acontecer frequentemente. Pol\u00edticos aparecem em \u00e9pocas de elei\u00e7\u00f5es, ela lembra, procurando por apoio para construir uma boa imagem atrav\u00e9s de pouco comprometimento e projetos de baixo impacto em comunidades pobres. O resultado \u00e9 uma pol\u00edtica mal formada que raramente beneficia a comunidade em um n\u00edvel genu\u00edno, com pouco foco a longo prazo. No caso da ponte em Vila Uni\u00e3o, a aten\u00e7\u00e3o p\u00fablica evaporou logo que a fase de implementa\u00e7\u00e3o se aproximou. \u201cN\u00f3s temos que consertar a bagun\u00e7a deles.\u201d<\/p>\n<p>\u201cN\u00f3s podemos cair na merda,\u201d ela brinca amargurada. \u201cLiteralmente.\u201d<\/p>\n<p><img loading=\"lazy\" decoding=\"async\" class=\"alignright\" title=\"Pontes na Vila Uni\u00e3o\" src=\"http:\/\/rioonwatch.org\/wp-content\/uploads\/2012\/08\/7798001276_3657473d1f_n-300x213.jpg\" alt=\"\" width=\"300\" height=\"213\" \/><\/p>\n<p>\u201cAt\u00e9 onde eu posso falar,\u201d disse Tilz\u00e9, \u201cMorar Carioca \u00e9 apenas outro nome para o <a href=\"http:\/\/bit.ly\/PMneXS\">Favela-Bairro<\/a>.\u201d De fato \u00e9 formalmente reconhecido com a continua\u00e7\u00e3o do programa da Prefeitura dos anos 1990 e 2000 chamado Favela-Bairro. Exceto o dado que o Morar Carioca \u00e9 em teoria supostamente constru\u00eddo a partir das li\u00e7\u00f5es aprendidas, garantindo participa\u00e7\u00e3o da comunidade, mantendo arquitetos no processo at\u00e9 as etapas finais da execu\u00e7\u00e3o, gerando maiores solu\u00e7\u00f5es criativas e incorporando crit\u00e9rio de sustentabilidade ao meio-ambiente. A ideia \u00e9 de melhorar as favelas, tendo as realiza\u00e7\u00f5es dos moradores na \u00e1rea de constru\u00e7\u00e3o e no desenvolvimento da comunidade trazendo a infraestrutura necess\u00e1ria para completar sua urbaniza\u00e7\u00e3o e, por fim, conquistar \u201cintegra\u00e7\u00e3o social:\u201d uma costura conjunta dos dois lados das tradicionais disparidades da \u201cCidade Partida\u201d, como o Rio \u00e9 conhecido.<\/p>\n<p>Um artigo recente detalhou algumas falhas fundamentais no Favela-Bairro que foi um frut\u00edfero programa que ficou aqu\u00e9m de seus principais objetivos. Em resumo: um foco em melhoras f\u00edsicas ao inv\u00e9s de uma maior promo\u00e7\u00e3o hol\u00edstica de oportunidades igualit\u00e1rias, a falta de uma genu\u00edna participa\u00e7\u00e3o comunit\u00e1ria em decis\u00f5es sobre os investimentos, e a eventual deteriora\u00e7\u00e3o de interven\u00e7\u00f5es p\u00fablicas atrav\u00e9s da falta de manuten\u00e7\u00e3o.<\/p>\n<p>Embora seja muito cedo para julgar como est\u00e1 o <a href=\"http:\/\/bit.ly\/PeV9Un\">Morar Carioca<\/a> de acordo com esse crit\u00e9rio, a tradi\u00e7\u00e3o de pol\u00edticas vazias e interven\u00e7\u00f5es improdutivas que as comunidades de Curicica tem experimentado at\u00e9 hoje, deixam mais precau\u00e7\u00f5es do que impaci\u00eancia. Ivan, diretor da Associa\u00e7\u00e3o dos Moradores de Vila Calmete, expressou reservas: \u201cos investimentos devem acabar assim que as pr\u00f3ximas elei\u00e7\u00f5es estiverem decididas.\u201d<\/p>\n<p><strong>\u201cN\u00f3s estamos esperando\u201d<\/strong><\/p>\n<p><img loading=\"lazy\" decoding=\"async\" class=\"alignright size-thumbnail wp-image-4800\" title=\"Obras p\u00fablicas na Asa Branca\" src=\"http:\/\/rioonwatch.org\/wp-content\/uploads\/2012\/08\/7798253526_212a6b49d0_n-300x213.jpg\" alt=\"\" width=\"300\" height=\"213\" \/><\/p>\n<p>O sentimento dominante em Curicica, por\u00e9m, tem sido de excita\u00e7\u00e3o. Em Asa Branca, onde alguns trabalhos do Morar Carioca j\u00e1 come\u00e7aram atrav\u00e9s da Secret\u00e1ria de Obras P\u00fablicas, o presidente Bezerra da Associa\u00e7\u00e3o de Moradores tem estado bem pr\u00f3ximo aos funcion\u00e1rios do Prefeitura. \u201cAt\u00e9 onde eu posso ver n\u00e3o h\u00e1 nada pol\u00edtico por tr\u00e1s disso,\u201d ele disse. \u201cEles est\u00e3o realmente aqui para melhorar nossa comunidade.\u201d<\/p>\n<p>Edson Ribeiro, o presidente da Vila Pitimbu, est\u00e1 igualmente otimista. \u201cEles est\u00e3o fazendo um grande trabalho com o projeto Morar Carioca,\u201d ele disse. \u201cJ\u00e1 houve uma visita da Secretaria de Habita\u00e7\u00e3o e agora n\u00f3s estamos apenas esperando a vinda dos engenheiros, o registro de moradores e a organiza\u00e7\u00e3o de tudo para o in\u00edcio dessas melhorias.&#8221;<\/p>\n<p>Tendo liderado sua comunidade por d\u00e9cadas, Ribeiro est\u00e1 orgulhoso do progresso em rela\u00e7\u00e3o as necessidades das moradia que ele e seus vizinhos realizaram com seus pr\u00f3prios esfor\u00e7os. \u201cMas n\u00f3s fizemos tudo como moradores, com o pouco conhecimento t\u00e9cnico que t\u00ednhamos. N\u00f3s conseguimos morar bem aqui, mas ainda n\u00e3o est\u00e1 tecnicamente prefeito. E agora tudo ser\u00e1 tecnicamente perfeito,\u201d ele disse com \u00e2nimo.<\/p>\n<p>Todas as comunidades que eu entrevistei parecem concordar em suas principais prioridades com os investimentos vindouros. \u201cSaneamento b\u00e1sico \u00e9 essencial,\u201d disse Tilz\u00e9, \u201co primeiro item.\u201d Embora algumas comunidades j\u00e1 receberam servi\u00e7os de saneamento, aquelas sem saneamento s\u00e3o confrontadas com cenas, cheiros e eventuais riscos de sa\u00fade que lixo na rua e a \u00e1gua suja representam. \u201cEu n\u00e3o sinto o cheiro mais, pessoalmente,\u201d Tilz\u00e9 disse, apontando para o rio abaixo de n\u00f3s, \u201cmas, as pessoas n\u00e3o est\u00e3o felizes com isso.&#8221;<\/p>\n<p><img loading=\"lazy\" decoding=\"async\" class=\"alignright size-thumbnail wp-image-4801\" title=\"N\u00e3o jogue lixo\" src=\"http:\/\/rioonwatch.org\/wp-content\/uploads\/2012\/08\/7797342598_9a3aedddea_n-300x213.jpg\" alt=\"\" width=\"300\" height=\"213\" \/><\/p>\n<p>E na Vila Uni\u00e3o, S\u00f4nia conta hist\u00f3rias de ratos vivendo dentro dos muros, baratas correndo para visitas e mosquitos acampados em po\u00e7as de \u00e1gua paradas debaixo de lixo ao longo do rio na Rua Ventura \u2013 explodindo em enxames para saudar aqueles que recolhem o lixo acima deles. Todo o esgoto da comunidade vai para dentro do c\u00f3rrego. For\u00e7ados a trabalhar a partir do limite de seus recursos, terra e conhecimento, n\u00e3o h\u00e1 muitas alternativas. Um projeto recente para conectar o sistema de escoamento pr\u00f3prio de Asa Branca com a rede oficial de esgotos da cidade, solucionando problemas de polui\u00e7\u00e3o e de inunda\u00e7\u00f5es em um rio pr\u00f3ximo, oferece esperan\u00e7a para comunidades vizinhas lidando com tanto desperd\u00edcio e t\u00e3o poucas op\u00e7\u00f5es.<\/p>\n<p>Caminhando em dire\u00e7\u00e3o ao escrit\u00f3rio de V\u00e2nia na Vila Uni\u00e3o, os recortes de papel que adornam a parede perto de sua porta incluem um artigo de jornal sobre a espera da Vila Uni\u00e3o pela legaliza\u00e7\u00e3o de sua \u00e1gua. Tilz\u00e9 se refere a esta falta de \u00e1gua canalizada como uma \u201cmarca b\u00e1sica\u201d que caracterizam os assentamentos mais informais, e o presidente Renildo de Abadiana, \u00e9 similarmente \u00e1vido para ver \u00e1gua como um servi\u00e7o p\u00fablico ao inv\u00e9s de um luxo. \u201cN\u00f3s teremos que pagar,\u201d ele disse, \u201cmas, \u00e9 melhor assim, eu acho, ter o produto na sua porta, garantido.\u201d<\/p>\n<p>As duas comunidades, Vila Campo da Paz e Vila Calmete, lamentaram a falta de espa\u00e7os de lazer para as crian\u00e7as. \u201cMas h\u00e1 op\u00e7\u00f5es n\u00e3o t\u00e3o distantes daqui,\u201d disse Lindinalva da Silva, presidente da Vila Campo da Paz. \u201c\u00c9 uma falta, mas, existem coisas mais importantes: sa\u00fade, educa\u00e7\u00e3o e moradia.\u201d<\/p>\n<p><img loading=\"lazy\" decoding=\"async\" class=\"alignright size-thumbnail wp-image-4802\" src=\"http:\/\/rioonwatch.org\/wp-content\/uploads\/2012\/08\/7797453772_8cf86f121d_n-300x213.jpg\" alt=\"\" width=\"300\" height=\"213\" \/><\/p>\n<p>A crescente popula\u00e7\u00e3o em sua comunidade faz com que alguns moradores construam casas de forma prec\u00e1ria. \u201cA Associa\u00e7\u00e3o permite apenas dois andares de constru\u00e7\u00e3o,\u201d ela disse, \u201cmas, n\u00f3s n\u00e3o temos como for\u00e7ar isso e ent\u00e3o as pessoas constroem um terceiro e depois um quarto andar. A estrutura nem sempre suporta.\u201d Existe um espa\u00e7o aqui para uma entidade com poderes legais para for\u00e7ar constru\u00e7\u00f5es regulares e prover alternativas para os residentes procurando por moradia. Apesar de haver creches na regi\u00e3o, Lindinalva tamb\u00e9m comentou que ainda existe uma necessidade por lugares \u201cpara as crian\u00e7as ficarem, dormirem e comerem de forma segura\u201d na aus\u00eancia de seus pais que est\u00e3o trabalhando. Outra vez, a esperan\u00e7a pode ser encontrada um quarteir\u00e3o a frente em Asa Branca, onde a Prefeitura comunicou planos para construir uma escola, uma creche e um posto m\u00e9dico em um espa\u00e7o vazio perto da comunidade.<\/p>\n<p>\u201cN\u00f3s estamos requisitando essas melhorias \u00e0 Prefeitura j\u00e1 faz algum tempo,\u201d disse Renildo. \u201cN\u00f3s estamos esperando.\u201d De p\u00e9 na pra\u00e7a principal onde a maioria de sua comunidade, Abadiana, relaxa, ele me conta sobre seus planos em organizar a comunidade para \u201cfazer uma bela pra\u00e7a\u201d em antecipa\u00e7\u00e3o aos t\u00e3o aguardados projetos.<\/p>\n<p><em><strong>O dia da minha sorte&#8230;<\/strong><\/em><\/p>\n<p><strong><img loading=\"lazy\" decoding=\"async\" class=\"alignright\" src=\"http:\/\/rioonwatch.org\/wp-content\/uploads\/2012\/08\/7798259992_b997785cda_n-300x213.jpg\" alt=\"\" width=\"300\" height=\"213\" \/><\/strong>Algumas horas antes eu e meu colega chegamos a Vila Uni\u00e3o para encontrar S\u00f4nia, trabalhadores do Morar Carioca estavam circulado pela comunidade, entrevistando moradores em prepara\u00e7\u00e3o para novembro, quando o projeto em Curicica est\u00e1 agendado para come\u00e7ar. \u201cEles estavam tentando entender o que n\u00f3s esperamos ver do projeto,\u201d disse um morador. \u201cEles parecem gente boa.\u201d<\/p>\n<p>Em sua sala de estar, Bezerra mostrou-me uma carta que enviou em 2009, requisitando a presen\u00e7a de servi\u00e7os p\u00fablicos em sua comunidade. Ele est\u00e1 agradecido pela sorte que teve. Muitas comunidades <a href=\"http:\/\/bit.ly\/Ps8MhF\">n\u00e3o recebem uma resposta produtiva<\/a> quando buscam a prefeitura.<\/p>\n<p>Para Asa Branca, <a href=\"http:\/\/bit.ly\/MfMDmH\">as obras p\u00fablicas chegaram<\/a>. Na parte externa as ruas foram destru\u00eddas para dar lugar \u00e0 nova infraestrutura. \u201cEles est\u00e3o abrindo a estrada para que possam reform\u00e1-la,\u201d disse Wesley, neto de Bezerra. Alguns espectadores reclamam sobre o estado atual da rua, mas outros olham positivamente, excitados pelas melhorias que o caos de brocas e escavadeiras promete. \u201cOlhe,\u201d disse outro morador orgulhosamente apontando para alguns membros da comunidade que foram empregados para trabalhar na estrada. \u201cMeus vizinhos est\u00e3o trabalhando para melhorar a comunidade.\u201d<\/p>\n<p>Tilz\u00e9, por\u00e9m, estava um pouco mais c\u00e9tico. \u201cUma vez que o Morar Carioca entrar,\u201d ele disse, \u201celes ter\u00e3o que quebrar tudo outra vez. Eles apenas gostam de gastar dinheiro, de jogar dinheiro fora.\u201d Embora n\u00e3o esteja confiando muito nos planos do governo antes de virarem a\u00e7\u00f5es, ele n\u00e3o est\u00e1 contra o princ\u00edpio do qual o Morar Carioca promete. \u201cEstas coisas precisam ser feitas de fora,\u201d ele disse, retornando a quest\u00e3o na qual n\u00f3s come\u00e7amos: \u201cMas, quando?\u201d<\/p>\n<p><em>Este \u00e9 o terceiro de quatro artigos sobre o agrupamento de favelas em Curicica, Jacarepagu\u00e1, Rio de Janeiro antes das melhorias atrav\u00e9s do programa da Prefeitura Morar Carioca. O \u00faltimo artigo ir\u00e1 examinar, desigualdade, percep\u00e7\u00f5es sociais, e as diferentes for\u00e7as que definem as oportunidades daqueles que vivem nessas comunidades. E no fim, as for\u00e7as que os sustentam: cultura, vigor. Amor.<\/em><\/p>\n<p><em><a href=\"http:\/\/bit.ly\/POMlZe\">Clique aqui<\/a> para ver mais fotos das comunidades retratadas nesta s\u00e9rie ou veja o slideshow abaixo:<\/em><\/p>\n<p><em><object width=\"500\" height=\"375\" classid=\"clsid:d27cdb6e-ae6d-11cf-96b8-444553540000\" codebase=\"http:\/\/download.macromedia.com\/pub\/shockwave\/cabs\/flash\/swflash.cab#version=6,0,40,0\"><param name=\"flashvars\" value=\"offsite=true&amp;lang=en-us&amp;page_show_url=%2Fphotos%2Fcatcomm%2Fsets%2F72157631213532590%2Fshow%2F&amp;page_show_back_url=%2Fphotos%2Fcatcomm%2Fsets%2F72157631213532590%2F&amp;set_id=72157631213532590&amp;jump_to=\" \/><param name=\"allowFullScreen\" value=\"true\" \/><param name=\"src\" value=\"http:\/\/www.flickr.com\/apps\/slideshow\/show.swf?v=109615\" \/><param name=\"allowfullscreen\" value=\"true\" \/><embed width=\"500\" height=\"375\" type=\"application\/x-shockwave-flash\" src=\"http:\/\/www.flickr.com\/apps\/slideshow\/show.swf?v=109615\" flashvars=\"offsite=true&amp;lang=en-us&amp;page_show_url=%2Fphotos%2Fcatcomm%2Fsets%2F72157631213532590%2Fshow%2F&amp;page_show_back_url=%2Fphotos%2Fcatcomm%2Fsets%2F72157631213532590%2F&amp;set_id=72157631213532590&amp;jump_to=\" allowfullscreen=\"allowfullscreen\" allowfullscreen=\"allowfullscreen\" \/><\/object><\/em><\/p>\n<!-- AddThis Advanced Settings generic via filter on the_content --><!-- AddThis Share Buttons generic via filter on the_content -->","protected":false},"excerpt":{"rendered":"<div class=\"mh-excerpt\"><p>Click Here for English Este \u00e9 o terceiro de quatro artigos sobre o agrupamento de favelas em Curicica, Jacarepagu\u00e1, que est\u00e3o aguardando projetos de integra\u00e7\u00e3o urbana atrav\u00e9s do programa Morar Carioca. Quando ser\u00e1?\u00a0 Os moradores <a class=\"mh-excerpt-more\" href=\"https:\/\/rioonwatch.org.br\/?p=3567\" title=\"Curicica (Parte 3): Aguardando o Morar Carioca\">[&#8230;]<\/a><!-- AddThis Advanced Settings generic via filter on get_the_excerpt --><!-- AddThis Share Buttons generic via filter on get_the_excerpt --><\/p>\n<\/div>","protected":false},"author":129,"featured_media":3577,"comment_status":"closed","ping_status":"closed","sticky":false,"template":"","format":"standard","meta":{"_acf_changed":false,"_monsterinsights_skip_tracking":false,"_monsterinsights_sitenote_active":false,"_monsterinsights_sitenote_note":"","_monsterinsights_sitenote_category":0,"footnotes":""},"categories":[1618,344,342],"tags":[445,321,446,457,447,448,1240,270,78,304,451,449,456,184],"writer":[416],"translator":[444],"source":[],"ilustrador":[],"fotografo":[],"class_list":{"0":"post-3567","1":"post","2":"type-post","3":"status-publish","4":"format-standard","5":"has-post-thumbnail","7":"category-olhonaparticipacao","8":"category-politicas","9":"category-solucoes","10":"tag-abadiana","11":"tag-asa-branca","12":"tag-curicica","13":"tag-eleicoes","14":"tag-jacarepagua","15":"tag-lideranca","16":"tag-megaeventos","17":"tag-morar-carioca","18":"tag-olimpiadas","19":"tag-participacao","20":"tag-vila-campo-da-paz","21":"tag-vila-pitimbu","22":"tag-vila-uniao-de-curicica","23":"tag-zona-oeste","24":"writer-rexy-josh-dorado","25":"translator-chester-prestes"},"acf":[],"yoast_head":"<!-- This site is optimized with the Yoast SEO plugin v25.6 - https:\/\/yoast.com\/wordpress\/plugins\/seo\/ -->\n<title>Curicica (Parte 3): Aguardando o Morar Carioca - RioOnWatch<\/title>\n<meta name=\"robots\" content=\"index, follow, max-snippet:-1, max-image-preview:large, max-video-preview:-1\" \/>\n<link rel=\"canonical\" href=\"https:\/\/rioonwatch.org.br\/?p=3567\" \/>\n<meta property=\"og:locale\" content=\"pt_BR\" \/>\n<meta property=\"og:type\" content=\"article\" \/>\n<meta property=\"og:title\" content=\"Curicica (Parte 3): Aguardando o Morar Carioca - RioOnWatch\" \/>\n<meta property=\"og:description\" content=\"Click Here for English Este \u00e9 o terceiro de quatro artigos sobre o agrupamento de favelas em Curicica, Jacarepagu\u00e1, que est\u00e3o aguardando projetos de integra\u00e7\u00e3o urbana atrav\u00e9s do programa Morar Carioca. Quando ser\u00e1?\u00a0 Os moradores [...]\" \/>\n<meta property=\"og:url\" content=\"https:\/\/rioonwatch.org.br\/?p=3567\" \/>\n<meta property=\"og:site_name\" content=\"RioOnWatch\" \/>\n<meta property=\"article:published_time\" content=\"2012-09-01T12:00:25+00:00\" \/>\n<meta property=\"article:modified_time\" content=\"2024-06-20T19:31:26+00:00\" \/>\n<meta property=\"og:image\" content=\"https:\/\/rioonwatch.org.br\/wp-content\/uploads\/2012\/09\/Asa-Branca.jpg\" \/>\n\t<meta property=\"og:image:width\" content=\"300\" \/>\n\t<meta property=\"og:image:height\" content=\"213\" \/>\n\t<meta property=\"og:image:type\" content=\"image\/jpeg\" \/>\n<meta name=\"author\" content=\"Admin\" \/>\n<meta name=\"twitter:card\" content=\"summary_large_image\" \/>\n<meta name=\"twitter:label1\" content=\"Escrito por\" \/>\n\t<meta name=\"twitter:data1\" content=\"Admin\" \/>\n\t<meta name=\"twitter:label2\" content=\"Est. tempo de leitura\" \/>\n\t<meta name=\"twitter:data2\" content=\"11 minutos\" \/>\n<script type=\"application\/ld+json\" class=\"yoast-schema-graph\">{\"@context\":\"https:\/\/schema.org\",\"@graph\":[{\"@type\":\"Article\",\"@id\":\"https:\/\/rioonwatch.org.br\/?p=3567#article\",\"isPartOf\":{\"@id\":\"https:\/\/rioonwatch.org.br\/?p=3567\"},\"author\":{\"name\":\"Admin\",\"@id\":\"https:\/\/rioonwatch.org.br\/#\/schema\/person\/11d64c290506f9df50c71b850c473f68\"},\"headline\":\"Curicica (Parte 3): Aguardando o Morar Carioca\",\"datePublished\":\"2012-09-01T12:00:25+00:00\",\"dateModified\":\"2024-06-20T19:31:26+00:00\",\"mainEntityOfPage\":{\"@id\":\"https:\/\/rioonwatch.org.br\/?p=3567\"},\"wordCount\":2205,\"publisher\":{\"@id\":\"https:\/\/rioonwatch.org.br\/#organization\"},\"image\":{\"@id\":\"https:\/\/rioonwatch.org.br\/?p=3567#primaryimage\"},\"thumbnailUrl\":\"https:\/\/rioonwatch.org.br\/wp-content\/uploads\/2012\/09\/Asa-Branca.jpg\",\"keywords\":[\"Abadiana\",\"Asa Branca\",\"Curicica\",\"Elei\u00e7\u00f5es\",\"Jacarepagu\u00e1\",\"lideran\u00e7a\",\"Megaeventos\",\"Morar Carioca\",\"Olimp\u00edadas\",\"participa\u00e7\u00e3o\",\"Vila Campo da Paz\",\"Vila Pitimbu\",\"Vila Uni\u00e3o de Curicica\",\"Zona Oeste\"],\"articleSection\":[\"#OlhoNaParticipa\u00e7\u00e3o\",\"Pol\u00edticas\",\"Solu\u00e7\u00f5es\"],\"inLanguage\":\"pt-BR\"},{\"@type\":\"WebPage\",\"@id\":\"https:\/\/rioonwatch.org.br\/?p=3567\",\"url\":\"https:\/\/rioonwatch.org.br\/?p=3567\",\"name\":\"Curicica (Parte 3): Aguardando o Morar Carioca - RioOnWatch\",\"isPartOf\":{\"@id\":\"https:\/\/rioonwatch.org.br\/#website\"},\"primaryImageOfPage\":{\"@id\":\"https:\/\/rioonwatch.org.br\/?p=3567#primaryimage\"},\"image\":{\"@id\":\"https:\/\/rioonwatch.org.br\/?p=3567#primaryimage\"},\"thumbnailUrl\":\"https:\/\/rioonwatch.org.br\/wp-content\/uploads\/2012\/09\/Asa-Branca.jpg\",\"datePublished\":\"2012-09-01T12:00:25+00:00\",\"dateModified\":\"2024-06-20T19:31:26+00:00\",\"breadcrumb\":{\"@id\":\"https:\/\/rioonwatch.org.br\/?p=3567#breadcrumb\"},\"inLanguage\":\"pt-BR\",\"potentialAction\":[{\"@type\":\"ReadAction\",\"target\":[\"https:\/\/rioonwatch.org.br\/?p=3567\"]}]},{\"@type\":\"ImageObject\",\"inLanguage\":\"pt-BR\",\"@id\":\"https:\/\/rioonwatch.org.br\/?p=3567#primaryimage\",\"url\":\"https:\/\/rioonwatch.org.br\/wp-content\/uploads\/2012\/09\/Asa-Branca.jpg\",\"contentUrl\":\"https:\/\/rioonwatch.org.br\/wp-content\/uploads\/2012\/09\/Asa-Branca.jpg\",\"width\":300,\"height\":213},{\"@type\":\"BreadcrumbList\",\"@id\":\"https:\/\/rioonwatch.org.br\/?p=3567#breadcrumb\",\"itemListElement\":[{\"@type\":\"ListItem\",\"position\":1,\"name\":\"In\u00edcio\",\"item\":\"https:\/\/rioonwatch.org.br\/\"},{\"@type\":\"ListItem\",\"position\":2,\"name\":\"Curicica (Parte 3): Aguardando o Morar Carioca\"}]},{\"@type\":\"WebSite\",\"@id\":\"https:\/\/rioonwatch.org.br\/#website\",\"url\":\"https:\/\/rioonwatch.org.br\/\",\"name\":\"RioOnWatch\",\"description\":\"relatos das favelas cariocas\",\"publisher\":{\"@id\":\"https:\/\/rioonwatch.org.br\/#organization\"},\"potentialAction\":[{\"@type\":\"SearchAction\",\"target\":{\"@type\":\"EntryPoint\",\"urlTemplate\":\"https:\/\/rioonwatch.org.br\/?s={search_term_string}\"},\"query-input\":{\"@type\":\"PropertyValueSpecification\",\"valueRequired\":true,\"valueName\":\"search_term_string\"}}],\"inLanguage\":\"pt-BR\"},{\"@type\":\"Organization\",\"@id\":\"https:\/\/rioonwatch.org.br\/#organization\",\"name\":\"RioOnWatch\",\"url\":\"https:\/\/rioonwatch.org.br\/\",\"logo\":{\"@type\":\"ImageObject\",\"inLanguage\":\"pt-BR\",\"@id\":\"https:\/\/rioonwatch.org.br\/#\/schema\/logo\/image\/\",\"url\":\"https:\/\/rioonwatch.org.br\/wp-content\/uploads\/2021\/06\/RioOnWatchcabecalhoPT11anos-2.png\",\"contentUrl\":\"https:\/\/rioonwatch.org.br\/wp-content\/uploads\/2021\/06\/RioOnWatchcabecalhoPT11anos-2.png\",\"width\":779,\"height\":277,\"caption\":\"RioOnWatch\"},\"image\":{\"@id\":\"https:\/\/rioonwatch.org.br\/#\/schema\/logo\/image\/\"}},{\"@type\":\"Person\",\"@id\":\"https:\/\/rioonwatch.org.br\/#\/schema\/person\/11d64c290506f9df50c71b850c473f68\",\"name\":\"Admin\",\"image\":{\"@type\":\"ImageObject\",\"inLanguage\":\"pt-BR\",\"@id\":\"https:\/\/rioonwatch.org.br\/#\/schema\/person\/image\/\",\"url\":\"https:\/\/secure.gravatar.com\/avatar\/56211ac74568383903349a1485e3c325?s=96&d=blank&r=g\",\"contentUrl\":\"https:\/\/secure.gravatar.com\/avatar\/56211ac74568383903349a1485e3c325?s=96&d=blank&r=g\",\"caption\":\"Admin\"},\"url\":\"https:\/\/rioonwatch.org.br\/?author=129\"}]}<\/script>\n<!-- \/ Yoast SEO plugin. -->","yoast_head_json":{"title":"Curicica (Parte 3): Aguardando o Morar Carioca - RioOnWatch","robots":{"index":"index","follow":"follow","max-snippet":"max-snippet:-1","max-image-preview":"max-image-preview:large","max-video-preview":"max-video-preview:-1"},"canonical":"https:\/\/rioonwatch.org.br\/?p=3567","og_locale":"pt_BR","og_type":"article","og_title":"Curicica (Parte 3): Aguardando o Morar Carioca - RioOnWatch","og_description":"Click Here for English Este \u00e9 o terceiro de quatro artigos sobre o agrupamento de favelas em Curicica, Jacarepagu\u00e1, que est\u00e3o aguardando projetos de integra\u00e7\u00e3o urbana atrav\u00e9s do programa Morar Carioca. Quando ser\u00e1?\u00a0 Os moradores [...]","og_url":"https:\/\/rioonwatch.org.br\/?p=3567","og_site_name":"RioOnWatch","article_published_time":"2012-09-01T12:00:25+00:00","article_modified_time":"2024-06-20T19:31:26+00:00","og_image":[{"width":300,"height":213,"url":"https:\/\/rioonwatch.org.br\/wp-content\/uploads\/2012\/09\/Asa-Branca.jpg","type":"image\/jpeg"}],"author":"Admin","twitter_card":"summary_large_image","twitter_misc":{"Escrito por":"Admin","Est. tempo de leitura":"11 minutos"},"schema":{"@context":"https:\/\/schema.org","@graph":[{"@type":"Article","@id":"https:\/\/rioonwatch.org.br\/?p=3567#article","isPartOf":{"@id":"https:\/\/rioonwatch.org.br\/?p=3567"},"author":{"name":"Admin","@id":"https:\/\/rioonwatch.org.br\/#\/schema\/person\/11d64c290506f9df50c71b850c473f68"},"headline":"Curicica (Parte 3): Aguardando o Morar Carioca","datePublished":"2012-09-01T12:00:25+00:00","dateModified":"2024-06-20T19:31:26+00:00","mainEntityOfPage":{"@id":"https:\/\/rioonwatch.org.br\/?p=3567"},"wordCount":2205,"publisher":{"@id":"https:\/\/rioonwatch.org.br\/#organization"},"image":{"@id":"https:\/\/rioonwatch.org.br\/?p=3567#primaryimage"},"thumbnailUrl":"https:\/\/rioonwatch.org.br\/wp-content\/uploads\/2012\/09\/Asa-Branca.jpg","keywords":["Abadiana","Asa Branca","Curicica","Elei\u00e7\u00f5es","Jacarepagu\u00e1","lideran\u00e7a","Megaeventos","Morar Carioca","Olimp\u00edadas","participa\u00e7\u00e3o","Vila Campo da Paz","Vila Pitimbu","Vila Uni\u00e3o de Curicica","Zona Oeste"],"articleSection":["#OlhoNaParticipa\u00e7\u00e3o","Pol\u00edticas","Solu\u00e7\u00f5es"],"inLanguage":"pt-BR"},{"@type":"WebPage","@id":"https:\/\/rioonwatch.org.br\/?p=3567","url":"https:\/\/rioonwatch.org.br\/?p=3567","name":"Curicica (Parte 3): Aguardando o Morar Carioca - RioOnWatch","isPartOf":{"@id":"https:\/\/rioonwatch.org.br\/#website"},"primaryImageOfPage":{"@id":"https:\/\/rioonwatch.org.br\/?p=3567#primaryimage"},"image":{"@id":"https:\/\/rioonwatch.org.br\/?p=3567#primaryimage"},"thumbnailUrl":"https:\/\/rioonwatch.org.br\/wp-content\/uploads\/2012\/09\/Asa-Branca.jpg","datePublished":"2012-09-01T12:00:25+00:00","dateModified":"2024-06-20T19:31:26+00:00","breadcrumb":{"@id":"https:\/\/rioonwatch.org.br\/?p=3567#breadcrumb"},"inLanguage":"pt-BR","potentialAction":[{"@type":"ReadAction","target":["https:\/\/rioonwatch.org.br\/?p=3567"]}]},{"@type":"ImageObject","inLanguage":"pt-BR","@id":"https:\/\/rioonwatch.org.br\/?p=3567#primaryimage","url":"https:\/\/rioonwatch.org.br\/wp-content\/uploads\/2012\/09\/Asa-Branca.jpg","contentUrl":"https:\/\/rioonwatch.org.br\/wp-content\/uploads\/2012\/09\/Asa-Branca.jpg","width":300,"height":213},{"@type":"BreadcrumbList","@id":"https:\/\/rioonwatch.org.br\/?p=3567#breadcrumb","itemListElement":[{"@type":"ListItem","position":1,"name":"In\u00edcio","item":"https:\/\/rioonwatch.org.br\/"},{"@type":"ListItem","position":2,"name":"Curicica (Parte 3): Aguardando o Morar Carioca"}]},{"@type":"WebSite","@id":"https:\/\/rioonwatch.org.br\/#website","url":"https:\/\/rioonwatch.org.br\/","name":"RioOnWatch","description":"relatos das favelas cariocas","publisher":{"@id":"https:\/\/rioonwatch.org.br\/#organization"},"potentialAction":[{"@type":"SearchAction","target":{"@type":"EntryPoint","urlTemplate":"https:\/\/rioonwatch.org.br\/?s={search_term_string}"},"query-input":{"@type":"PropertyValueSpecification","valueRequired":true,"valueName":"search_term_string"}}],"inLanguage":"pt-BR"},{"@type":"Organization","@id":"https:\/\/rioonwatch.org.br\/#organization","name":"RioOnWatch","url":"https:\/\/rioonwatch.org.br\/","logo":{"@type":"ImageObject","inLanguage":"pt-BR","@id":"https:\/\/rioonwatch.org.br\/#\/schema\/logo\/image\/","url":"https:\/\/rioonwatch.org.br\/wp-content\/uploads\/2021\/06\/RioOnWatchcabecalhoPT11anos-2.png","contentUrl":"https:\/\/rioonwatch.org.br\/wp-content\/uploads\/2021\/06\/RioOnWatchcabecalhoPT11anos-2.png","width":779,"height":277,"caption":"RioOnWatch"},"image":{"@id":"https:\/\/rioonwatch.org.br\/#\/schema\/logo\/image\/"}},{"@type":"Person","@id":"https:\/\/rioonwatch.org.br\/#\/schema\/person\/11d64c290506f9df50c71b850c473f68","name":"Admin","image":{"@type":"ImageObject","inLanguage":"pt-BR","@id":"https:\/\/rioonwatch.org.br\/#\/schema\/person\/image\/","url":"https:\/\/secure.gravatar.com\/avatar\/56211ac74568383903349a1485e3c325?s=96&d=blank&r=g","contentUrl":"https:\/\/secure.gravatar.com\/avatar\/56211ac74568383903349a1485e3c325?s=96&d=blank&r=g","caption":"Admin"},"url":"https:\/\/rioonwatch.org.br\/?author=129"}]}},"_links":{"self":[{"href":"https:\/\/rioonwatch.org.br\/index.php?rest_route=\/wp\/v2\/posts\/3567"}],"collection":[{"href":"https:\/\/rioonwatch.org.br\/index.php?rest_route=\/wp\/v2\/posts"}],"about":[{"href":"https:\/\/rioonwatch.org.br\/index.php?rest_route=\/wp\/v2\/types\/post"}],"author":[{"embeddable":true,"href":"https:\/\/rioonwatch.org.br\/index.php?rest_route=\/wp\/v2\/users\/129"}],"replies":[{"embeddable":true,"href":"https:\/\/rioonwatch.org.br\/index.php?rest_route=%2Fwp%2Fv2%2Fcomments&post=3567"}],"version-history":[{"count":23,"href":"https:\/\/rioonwatch.org.br\/index.php?rest_route=\/wp\/v2\/posts\/3567\/revisions"}],"predecessor-version":[{"id":53320,"href":"https:\/\/rioonwatch.org.br\/index.php?rest_route=\/wp\/v2\/posts\/3567\/revisions\/53320"}],"wp:featuredmedia":[{"embeddable":true,"href":"https:\/\/rioonwatch.org.br\/index.php?rest_route=\/wp\/v2\/media\/3577"}],"wp:attachment":[{"href":"https:\/\/rioonwatch.org.br\/index.php?rest_route=%2Fwp%2Fv2%2Fmedia&parent=3567"}],"wp:term":[{"taxonomy":"category","embeddable":true,"href":"https:\/\/rioonwatch.org.br\/index.php?rest_route=%2Fwp%2Fv2%2Fcategories&post=3567"},{"taxonomy":"post_tag","embeddable":true,"href":"https:\/\/rioonwatch.org.br\/index.php?rest_route=%2Fwp%2Fv2%2Ftags&post=3567"},{"taxonomy":"writer","embeddable":true,"href":"https:\/\/rioonwatch.org.br\/index.php?rest_route=%2Fwp%2Fv2%2Fwriter&post=3567"},{"taxonomy":"translator","embeddable":true,"href":"https:\/\/rioonwatch.org.br\/index.php?rest_route=%2Fwp%2Fv2%2Ftranslator&post=3567"},{"taxonomy":"source","embeddable":true,"href":"https:\/\/rioonwatch.org.br\/index.php?rest_route=%2Fwp%2Fv2%2Fsource&post=3567"},{"taxonomy":"ilustrador","embeddable":true,"href":"https:\/\/rioonwatch.org.br\/index.php?rest_route=%2Fwp%2Fv2%2Filustrador&post=3567"},{"taxonomy":"fotografo","embeddable":true,"href":"https:\/\/rioonwatch.org.br\/index.php?rest_route=%2Fwp%2Fv2%2Ffotografo&post=3567"}],"curies":[{"name":"wp","href":"https:\/\/api.w.org\/{rel}","templated":true}]}}