{"id":35857,"date":"2018-08-23T07:37:48","date_gmt":"2018-08-23T10:37:48","guid":{"rendered":"http:\/\/rioonwatch.org.br\/?p=35857"},"modified":"2023-05-09T09:56:29","modified_gmt":"2023-05-09T12:56:29","slug":"frente-parlamentar-contra-remocoes-favelas-ameacadas-criticam-acoes-da-prefeitura","status":"publish","type":"post","link":"https:\/\/rioonwatch.org.br\/?p=35857","title":{"rendered":"Frente Parlamentar Contra Remo\u00e7\u00f5es: Favelas Amea\u00e7adas Criticam A\u00e7\u00f5es da Prefeitura"},"content":{"rendered":"<p style=\"text-align: right;\"><em><strong><a href=\"http:\/\/bit.ly\/2MkQaKg\" target=\"_blank\" rel=\"noopener noreferrer\">Click Here for English<img decoding=\"async\" width=\"20\" height=\"20\" class=\"alignright wp-image-15790\" src=\"http:\/\/rioonwatch.org.br\/wp-content\/uploads\/2012\/08\/EN-standard-e1439583104716.jpg\" \/><\/a><\/strong><\/em><\/p>\n<p>No dia 3 de agosto, a <a href=\"http:\/\/bit.ly\/2BQdjev\" target=\"_blank\" rel=\"noopener noreferrer\">Frente Parlamentar Contra Remo\u00e7\u00f5es, Despejos e Viola\u00e7\u00e3o do Direito \u00e0 Moradia<\/a> sediou um debate p\u00fablico intitulado \u201c<a href=\"http:\/\/bit.ly\/2KAGBRJ\" target=\"_blank\" rel=\"noopener noreferrer\">Direitos \u00e0 Moradia e a Luta contra Remo\u00e7\u00e3o<\/a>\u201d, na Prefeitura. Com mais de cinquenta pessoas presentes&#8211;incluindo ativistas de favelas de toda a cidade&#8211;o debate procurou chamar a aten\u00e7\u00e3o para comunidades que atualmente enfrentam remo\u00e7\u00f5es, e fortalecer a comunica\u00e7\u00e3o entre moradores de favelas, movimentos sociais e autoridades municipais.<\/p>\n<p style=\"font-weight: 400;\">O vereador <a href=\"http:\/\/bit.ly\/2vHLCSM\" target=\"_blank\" rel=\"noopener noreferrer\">Renato Cinco<\/a>, que organizou o evento, abriu o debate discutindo a <a href=\"http:\/\/bit.ly\/2p3wZrc\" target=\"_blank\" rel=\"noopener noreferrer\">longa hist\u00f3ria de remo\u00e7\u00f5es no Rio<\/a> e argumentando que a administra\u00e7\u00e3o do Prefeito <a href=\"http:\/\/bit.ly\/2cIlnDw\" target=\"_blank\" rel=\"noopener noreferrer\">Marcelo Crivella<\/a> s\u00f3 serviu para exacerbar a situa\u00e7\u00e3o das favelas que enfrentam a remo\u00e7\u00e3o. <a href=\"http:\/\/bit.ly\/2HVqCOf\" target=\"_blank\" rel=\"noopener noreferrer\">Desde o in\u00edcio do mandato de Crivella<\/a>, a prefeitura introduziu v\u00e1rias propostas e iniciativas que podem facilitar remo\u00e7\u00f5es, incluindo o <a href=\"http:\/\/bit.ly\/2tPJMzV\" target=\"_blank\" rel=\"noopener noreferrer\">estabelecimento de uma meta<\/a> para remover casas localizadas em <a href=\"http:\/\/bit.ly\/184DRpn\" target=\"_blank\" rel=\"noopener noreferrer\">\u00e1reas de alto risco ambiental<\/a> e a cria\u00e7\u00e3o de um <a href=\"http:\/\/bit.ly\/2y01zZa\" target=\"_blank\" rel=\"noopener noreferrer\">grupo de trabalho<\/a> para tratar do \u201creassentamento\u201d de fam\u00edlias que vivem em \u201cocupa\u00e7\u00f5es irregulares\u201d.<\/p>\n<p><a href=\"http:\/\/rioonwatch.org.br\/wp-content\/uploads\/2018\/08\/Emilia-Souza-Apresenta\u00e7\u00e3o.png\"><img fetchpriority=\"high\" decoding=\"async\" class=\"aligncenter wp-image-35860 size-content\" title=\"Em\u00edlia apresenta a situa\u00e7\u00e3o das comunidades amea\u00e7adas de remo\u00e7\u00e3o. Foto: P\u00e1gina do Facebook do Renato Cinco.\" src=\"http:\/\/rioonwatch.org.br\/wp-content\/uploads\/2018\/08\/Emilia-Souza-Apresenta\u00e7\u00e3o-620x264.png\" alt=\"\" width=\"620\" height=\"264\" srcset=\"https:\/\/rioonwatch.org.br\/wp-content\/uploads\/2018\/08\/Emilia-Souza-Apresenta\u00e7\u00e3o-620x264.png 620w, https:\/\/rioonwatch.org.br\/wp-content\/uploads\/2018\/08\/Emilia-Souza-Apresenta\u00e7\u00e3o-940x400.png 940w\" sizes=\"(max-width: 620px) 100vw, 620px\" \/><\/a><\/p>\n<p style=\"font-weight: 400;\">A primeira palestrante a falar foi Em\u00edlia de Souza&#8211;moradora do <a href=\"http:\/\/bit.ly\/2w37GqM\" target=\"_blank\" rel=\"noopener noreferrer\">Horto<\/a>, ex-presidente da\u00a0<a href=\"http:\/\/bit.ly\/1TKfCB9\" target=\"_blank\" rel=\"noopener noreferrer\">Associa\u00e7\u00e3o dos Moradores e Amigos do Horto<\/a> (AMAHOR) e membro do <a href=\"http:\/\/bit.ly\/2IUseHT\" target=\"_blank\" rel=\"noopener noreferrer\">Conselho Popular<\/a>. Em\u00edlia falou sobre a realidade das pessoas da classe trabalhadora e dos moradores de favelas no Rio, apontando que: \u201cAs comunidades foram <a href=\"http:\/\/bit.ly\/2buISj2\" target=\"_blank\" rel=\"noopener noreferrer\">criminalizadas<\/a>, despejadas, exclu\u00eddas e proibidas de morar na <a href=\"http:\/\/bit.ly\/1mNsDyk\" target=\"_blank\" rel=\"noopener noreferrer\">Zona Sul<\/a>\u00a0em benef\u00edcio da\u00a0<a href=\"http:\/\/bit.ly\/2nJVoyg\" target=\"_blank\" rel=\"noopener noreferrer\">especula\u00e7\u00e3o imobili\u00e1ria<\/a>. Este \u00e9 o hist\u00f3rico do Rio de Janeiro\u201d. Ap\u00f3s seu discurso, Em\u00edlia compartilhou uma apresenta\u00e7\u00e3o visual, destacando as lutas de v\u00e1rias comunidades face \u00e0s\u00a0<a href=\"http:\/\/bit.ly\/X51Qvb\" target=\"_blank\" rel=\"noopener noreferrer\">remo\u00e7\u00f5es<\/a>, \u00e0 injusti\u00e7a ambiental e \u00e0\u00a0<a href=\"http:\/\/bit.ly\/4Taticas\" target=\"_blank\" rel=\"noopener noreferrer\">restri\u00e7\u00e3o de servi\u00e7os p\u00fablicos<\/a>&#8211;ao mesmo tempo em que expressava as demandas dos moradores e reconhecia suas vit\u00f3rias.<\/p>\n<p style=\"font-weight: 400;\">Maria da Penha, moradora da\u00a0<a href=\"http:\/\/bit.ly\/Nfddvg\" target=\"_blank\" rel=\"noopener noreferrer\">Vila Aut\u00f3dromo<\/a>, continuou a conversa observando que sua comunidade n\u00e3o foi respeitada&#8211;apesar do <a href=\"http:\/\/bit.ly\/2aWmvRL\" target=\"_blank\" rel=\"noopener noreferrer\">acordo coletivo de reassentamento<\/a> negociado pelos moradores que conseguiram\u00a0<a href=\"http:\/\/bit.ly\/VilaNo3\" target=\"_blank\" rel=\"noopener noreferrer\">resistir \u00e0 remo\u00e7\u00e3o<\/a>\u00a0e, finalmente, puderam permanecer. \u201cEu fico indignada porque um munic\u00edpio, uma prefeitura, tem um acordo assinado com vinte fam\u00edlias, junto a defensoria p\u00fablica, e n\u00e3o est\u00e3o nos respeitando. <a href=\"http:\/\/bit.ly\/2MHvvPR\" target=\"_blank\" rel=\"noopener noreferrer\">Dois anos se passaram<\/a> e nada foi feito\u201d, afirmou Maria da Penha. Ela argumentou que o <a href=\"http:\/\/bit.ly\/2kKd1AN\" target=\"_blank\" rel=\"noopener noreferrer\">fracasso da prefeitura em cumprir suas promessas<\/a> representa mais uma estrat\u00e9gia para expulsar os moradores remanescentes.<\/p>\n<p style=\"font-weight: 400;\">Adriana Bevilaqua, uma representante do <a href=\"http:\/\/bit.ly\/2zPCgW3\" target=\"_blank\" rel=\"noopener noreferrer\">N\u00facleo de Terras e Habita\u00e7\u00e3o<\/a> (NUTH), juntou-se \u00e0 conversa, observando que \u00e9 obriga\u00e7\u00e3o do governo prover moradia adequada para todos. No entanto, esse direito n\u00e3o foi cumprido porque h\u00e1 muito poucas medidas para a prote\u00e7\u00e3o contra remo\u00e7\u00f5es, sugeriu ela. Como resultado, no per\u00edodo pr\u00e9-Ol\u00edmpico entre 2009 e 2015, <a href=\"http:\/\/bit.ly\/1TCUopn\" target=\"_blank\" rel=\"noopener noreferrer\">22.059 fam\u00edlias (cerca de 77.000 pessoas)<\/a> foram <a href=\"http:\/\/bit.ly\/2gvfp8O\" target=\"_blank\" rel=\"noopener noreferrer\">removidas de suas casas<\/a> no Rio de Janeiro.<\/p>\n<p><a href=\"http:\/\/rioonwatch.org.br\/wp-content\/uploads\/2018\/08\/Fonseca-Painel-Habita\u00e7\u00e3o.png\"><img decoding=\"async\" class=\"aligncenter wp-image-35859 size-content\" title=\"Maria de Lourdes (esquerda), do MNLM, fala no evento, ao lado de Em\u00edlia de Souza e Renato Cinco. Foto: P\u00e1gina do Facebook do Renato Cinco.\" src=\"http:\/\/rioonwatch.org.br\/wp-content\/uploads\/2018\/08\/Fonseca-Painel-Habita\u00e7\u00e3o-620x264.png\" alt=\"\" width=\"620\" height=\"264\" srcset=\"https:\/\/rioonwatch.org.br\/wp-content\/uploads\/2018\/08\/Fonseca-Painel-Habita\u00e7\u00e3o-620x264.png 620w, https:\/\/rioonwatch.org.br\/wp-content\/uploads\/2018\/08\/Fonseca-Painel-Habita\u00e7\u00e3o-940x400.png 940w\" sizes=\"(max-width: 620px) 100vw, 620px\" \/><\/a><\/p>\n<p style=\"font-weight: 400;\">Baseando-se nas palavras de Adriana, Maria de Lourdes \u201cLurdinha\u201d Lopes Fonseca, do <a href=\"http:\/\/bit.ly\/198ZCU1\" target=\"_blank\" rel=\"noopener noreferrer\">Movimento Nacional de Luta pela Moradia<\/a> (MNLM), argumentou que devem haver novas ferramentas e caminhos para enfrentar as remo\u00e7\u00f5es e reverter a l\u00f3gica especulativa que caracteriza cada vez mais a cidade.<\/p>\n<p style=\"font-weight: 400;\">Ap\u00f3s esses palestrantes, Ver\u00f4nica Cristina de Oliveira&#8211;representando a <a href=\"http:\/\/bit.ly\/2ODSrg5\" target=\"_blank\" rel=\"noopener noreferrer\">Subsecretaria Municipal de Infraestrutura e Habita\u00e7\u00e3o<\/a>&#8211;compartilhou algumas palavras sobre a atual situa\u00e7\u00e3o de moradia no Rio de Janeiro. O discurso de Ver\u00f4nica girou principalmente em torno de esclarecer o prop\u00f3sito do \u201c<a href=\"http:\/\/bit.ly\/2y01zZa\" target=\"_blank\" rel=\"noopener noreferrer\">reassentamento<\/a>\u201d. Ela observou que o processo de reassentamento procura conservar estruturas organizacionais preexistentes dentro das comunidades e que o processo \u00e9 realizado de forma participativa. Al\u00e9m disso, Ver\u00f4nica afirmou que as fam\u00edlias s\u00f3 ser\u00e3o reassentadas quando forem impactadas por condi\u00e7\u00f5es espec\u00edficas, como o risco ambiental. Ela argumentou que o processo \u00e9 transparente e que, por meio do reassentamento, a prefeitura busca reassentar as fam\u00edlias perto de sua comunidade original, em vez de desloc\u00e1-las para \u00e1reas prec\u00e1rias.<\/p>\n<p style=\"font-weight: 400;\">Ap\u00f3s o discurso de Ver\u00f4nica, moradores de v\u00e1rias favelas foram convidados a expressar suas preocupa\u00e7\u00f5es e demandas. Marcello Deodoro, da <a href=\"http:\/\/bit.ly\/133Itux\" target=\"_blank\" rel=\"noopener noreferrer\">Indiana<\/a>, na <a href=\"http:\/\/bit.ly\/WximDf\" target=\"_blank\" rel=\"noopener noreferrer\">Zona Norte<\/a>, expressou fortes cr\u00edticas \u00e0s autoridades da prefeitura, especificamente ao Prefeito Marcelo Crivella, afirmando que muitos moradores de sua comunidade ainda carecem de servi\u00e7os b\u00e1sicos e lutam para cobrir o aumento do custo da moradia. Ant\u00f4nio Cardoso, de\u00a0<a href=\"http:\/\/bit.ly\/1HgPoFM\" target=\"_blank\" rel=\"noopener noreferrer\">Rio das Pedras<\/a>, na\u00a0<a href=\"http:\/\/bit.ly\/11tBmFR\" target=\"_blank\" rel=\"noopener noreferrer\">Zona Oeste<\/a>, cuja comunidade obteve uma grande <a href=\"http:\/\/bit.ly\/2A11LEt\" target=\"_blank\" rel=\"noopener noreferrer\">vit\u00f3ria na luta contra as remo\u00e7\u00f5es<\/a> no final de 2017, destacou os <a href=\"http:\/\/bit.ly\/2jTRAbr\" target=\"_blank\" rel=\"noopener noreferrer\">custos emocionais e psicol\u00f3gicos das remo\u00e7\u00f5es<\/a>.<\/p>\n<p style=\"font-weight: 400;\">Edivalma \u201cDi\u201d Souza da Cunha, representando as comunidades de <a href=\"http:\/\/bit.ly\/2wT6J3X\" target=\"_blank\" rel=\"noopener noreferrer\">Maracaj\u00e1s<\/a> e <a href=\"http:\/\/bit.ly\/2Ac29TG\" target=\"_blank\" rel=\"noopener noreferrer\">R\u00e1dio Sonda<\/a> na <a href=\"http:\/\/bit.ly\/WximDf\" target=\"_blank\" rel=\"noopener noreferrer\">Zona Norte<\/a>, observou que as duas pequenas comunidades s\u00e3o extremamente vulner\u00e1veis diante da\u00a0<a href=\"http:\/\/bit.ly\/2n4qGl6\" target=\"_blank\" rel=\"noopener noreferrer\">amea\u00e7a de remo\u00e7\u00e3o<\/a>. \u00c9 dif\u00edcil para os defensores p\u00fablicos apoiarem os moradores em seus momentos de necessidade devido aos regulamentos r\u00edgidos de entrada na base da For\u00e7a A\u00e9rea, que restringe o acesso a essas comunidades. Ana Frimerman, de <a href=\"http:\/\/bit.ly\/2E9EGSa\" target=\"_blank\" rel=\"noopener noreferrer\">Ara\u00e7atiba<\/a>, na <a href=\"http:\/\/bit.ly\/11tBmFR\" target=\"_blank\" rel=\"noopener noreferrer\">Zona Oeste<\/a>, observou que sua comunidade entrou em contato com a prefeitura para apoiar sua <a href=\"http:\/\/bit.ly\/2skp9KH\" target=\"_blank\" rel=\"noopener noreferrer\">batalha contra a remo\u00e7\u00e3o pelas autoridades federais<\/a>, mas a prefeitura n\u00e3o conseguiu facilitar e nem tomou medidas para apoiar o caso. Outro morador enfatizou a indigna\u00e7\u00e3o dos moradores de favelas que carecem de seguran\u00e7a da posse da terra: \u201cComo \u00e9 poss\u00edvel que n\u00e3o possamos ser os donos de nossas pr\u00f3prias casas, mas os <a href=\"http:\/\/bit.ly\/2jOtulR\" target=\"_blank\" rel=\"noopener noreferrer\">estrangeiros<\/a>?&#8230;Sim, eles s\u00e3o. Que indigna\u00e7\u00e3o!&#8221;<\/p>\n<p><a href=\"http:\/\/rioonwatch.org.br\/wp-content\/uploads\/2018\/08\/Painel-Frente-Parlamentar.jpg\"><img loading=\"lazy\" decoding=\"async\" class=\"aligncenter wp-image-35858 size-content\" title=\"Painelistas no evento.\" src=\"http:\/\/rioonwatch.org.br\/wp-content\/uploads\/2018\/08\/Painel-Frente-Parlamentar-620x264.jpg\" alt=\"\" width=\"620\" height=\"264\" srcset=\"https:\/\/rioonwatch.org.br\/wp-content\/uploads\/2018\/08\/Painel-Frente-Parlamentar-620x264.jpg 620w, https:\/\/rioonwatch.org.br\/wp-content\/uploads\/2018\/08\/Painel-Frente-Parlamentar-940x400.jpg 940w\" sizes=\"(max-width: 620px) 100vw, 620px\" \/><\/a><\/p>\n<p style=\"font-weight: 400;\">Ap\u00f3s ouvir cada representante das comunidades falar, Ver\u00f4nica respondeu, <a href=\"http:\/\/bit.ly\/2tPJMzV\" target=\"_blank\" rel=\"noopener noreferrer\">defendendo o processo de reassentamento da prefeitura<\/a>. Ela pontuou: \u201cQuando falo sobre interven\u00e7\u00e3o, n\u00e3o estou falando de interven\u00e7\u00e3o com remo\u00e7\u00e3o, mas de interven\u00e7\u00e3o com urbaniza\u00e7\u00e3o\u201d. Ver\u00f4nica continuou: \u201c\u00c9 importante pensar no reassentamento como um potencial para a urbaniza\u00e7\u00e3o local, n\u00e3o \u00e9 uma quest\u00e3o de remo\u00e7\u00e3o ou reassentamento\u201d. Ela afirmou que existem processos em andamento para as comunidades se engajarem de maneira participativa durante o processo de reassentamento.<\/p>\n<p style=\"font-weight: 400;\">Fechando o debate, outros oradores enfatizaram que a prefeitura at\u00e9 hoje n\u00e3o conseguiu dialogar com as comunidades que est\u00e3o sofrendo ou que est\u00e3o sendo amea\u00e7adas de remo\u00e7\u00e3o, e que as promessas \u00e0s comunidades n\u00e3o foram cumpridas. Mobilizando-se por meio da Frente Parlamentar Contra Remo\u00e7\u00f5es, moradores de favelas de todo o Rio esperam que a prefeitura abra espa\u00e7os de di\u00e1logos para abordar essas preocupa\u00e7\u00f5es e garantir coletivamente o direito \u00e0 moradia.<\/p>\n<!-- AddThis Advanced Settings generic via filter on the_content --><!-- AddThis Share Buttons generic via filter on the_content -->","protected":false},"excerpt":{"rendered":"<div class=\"mh-excerpt\"><p>Click Here for English No dia 3 de agosto, a Frente Parlamentar Contra Remo\u00e7\u00f5es, Despejos e Viola\u00e7\u00e3o do Direito \u00e0 Moradia sediou um debate p\u00fablico intitulado \u201cDireitos \u00e0 Moradia e a Luta contra Remo\u00e7\u00e3o\u201d, na <a class=\"mh-excerpt-more\" href=\"https:\/\/rioonwatch.org.br\/?p=35857\" title=\"Frente Parlamentar Contra Remo\u00e7\u00f5es: Favelas Amea\u00e7adas Criticam A\u00e7\u00f5es da Prefeitura\">[&#8230;]<\/a><!-- AddThis Advanced Settings generic via filter on get_the_excerpt --><!-- AddThis Share Buttons generic via filter on get_the_excerpt --><\/p>\n<\/div>","protected":false},"author":152,"featured_media":35861,"comment_status":"closed","ping_status":"closed","sticky":false,"template":"","format":"standard","meta":{"_acf_changed":false,"_monsterinsights_skip_tracking":false,"_monsterinsights_sitenote_active":false,"_monsterinsights_sitenote_note":"","_monsterinsights_sitenote_category":0,"footnotes":""},"categories":[2089,1614,1627,1626],"tags":[911,2261,1057,1152,424,396,733,746,2224,1982,780,1037,2216,304,2148,2217,14,2337,1393,258,1394,55,218,184,383],"writer":[2320],"translator":[2377],"source":[],"ilustrador":[],"fotografo":[],"class_list":{"0":"post-35857","1":"post","2":"type-post","3":"status-publish","4":"format-standard","5":"has-post-thumbnail","7":"category-monitoramento","8":"category-olhonasremocoes","9":"category-relato-de-evento","10":"category-por-observadores-internacionais","11":"tag-area-de-risco","12":"tag-aracatiba","13":"tag-consequencias-das-remocoes-saude","14":"tag-consultas-publicas","15":"tag-direito-a-moradia","16":"tag-especulacao-imobiliaria","17":"tag-horto","18":"tag-indiana","19":"tag-maracajas","20":"tag-marcelo-crivella","21":"tag-mnlm","22":"tag-moradia","23":"tag-nuth","24":"tag-participacao","25":"tag-plano-estrategico","26":"tag-radio-sonda","27":"tag-remocao","28":"tag-vereador-renato-cinco-psol","29":"tag-rio-das-pedras","30":"tag-smh","31":"tag-taticas-de-remocao-corte-de-servicos","32":"tag-vila-autodromo","33":"tag-zona-norte","34":"tag-zona-oeste","35":"tag-zona-sul","36":"writer-sophy-chan","37":"translator-camila-moraes"},"acf":[],"yoast_head":"<!-- This site is optimized with the Yoast SEO plugin v25.6 - https:\/\/yoast.com\/wordpress\/plugins\/seo\/ -->\n<title>Frente Parlamentar Contra Remo\u00e7\u00f5es: Favelas Amea\u00e7adas Criticam A\u00e7\u00f5es da Prefeitura - RioOnWatch<\/title>\n<meta name=\"robots\" content=\"index, follow, max-snippet:-1, max-image-preview:large, max-video-preview:-1\" \/>\n<link rel=\"canonical\" href=\"https:\/\/rioonwatch.org.br\/?p=35857\" \/>\n<meta property=\"og:locale\" content=\"pt_BR\" \/>\n<meta property=\"og:type\" content=\"article\" \/>\n<meta property=\"og:title\" content=\"Frente Parlamentar Contra Remo\u00e7\u00f5es: Favelas Amea\u00e7adas Criticam A\u00e7\u00f5es da Prefeitura - RioOnWatch\" \/>\n<meta property=\"og:description\" content=\"Click Here for English No dia 3 de agosto, a Frente Parlamentar Contra Remo\u00e7\u00f5es, Despejos e Viola\u00e7\u00e3o do Direito \u00e0 Moradia sediou um debate p\u00fablico intitulado \u201cDireitos \u00e0 Moradia e a Luta contra Remo\u00e7\u00e3o\u201d, na [...]\" \/>\n<meta property=\"og:url\" content=\"https:\/\/rioonwatch.org.br\/?p=35857\" \/>\n<meta property=\"og:site_name\" content=\"RioOnWatch\" \/>\n<meta property=\"article:published_time\" content=\"2018-08-23T10:37:48+00:00\" \/>\n<meta property=\"article:modified_time\" content=\"2023-05-09T12:56:29+00:00\" \/>\n<meta property=\"og:image\" content=\"https:\/\/rioonwatch.org.br\/wp-content\/uploads\/2018\/08\/Emilia-Souza-Painel-Frente-Parlamentar-1131x629.png\" \/>\n\t<meta property=\"og:image:width\" content=\"1131\" \/>\n\t<meta property=\"og:image:height\" content=\"629\" \/>\n\t<meta property=\"og:image:type\" content=\"image\/png\" \/>\n<meta name=\"author\" content=\"Luisa Fenizola\" \/>\n<meta name=\"twitter:card\" content=\"summary_large_image\" \/>\n<meta name=\"twitter:label1\" content=\"Escrito por\" \/>\n\t<meta name=\"twitter:data1\" content=\"Luisa Fenizola\" \/>\n\t<meta name=\"twitter:label2\" content=\"Est. tempo de leitura\" \/>\n\t<meta name=\"twitter:data2\" content=\"5 minutos\" \/>\n<script type=\"application\/ld+json\" class=\"yoast-schema-graph\">{\"@context\":\"https:\/\/schema.org\",\"@graph\":[{\"@type\":\"Article\",\"@id\":\"https:\/\/rioonwatch.org.br\/?p=35857#article\",\"isPartOf\":{\"@id\":\"https:\/\/rioonwatch.org.br\/?p=35857\"},\"author\":{\"name\":\"Luisa Fenizola\",\"@id\":\"https:\/\/rioonwatch.org.br\/#\/schema\/person\/f443c6b55bb6e80842280318076491c5\"},\"headline\":\"Frente Parlamentar Contra Remo\u00e7\u00f5es: Favelas Amea\u00e7adas Criticam A\u00e7\u00f5es da Prefeitura\",\"datePublished\":\"2018-08-23T10:37:48+00:00\",\"dateModified\":\"2023-05-09T12:56:29+00:00\",\"mainEntityOfPage\":{\"@id\":\"https:\/\/rioonwatch.org.br\/?p=35857\"},\"wordCount\":1089,\"publisher\":{\"@id\":\"https:\/\/rioonwatch.org.br\/#organization\"},\"image\":{\"@id\":\"https:\/\/rioonwatch.org.br\/?p=35857#primaryimage\"},\"thumbnailUrl\":\"https:\/\/rioonwatch.org.br\/wp-content\/uploads\/2018\/08\/Emilia-Souza-Painel-Frente-Parlamentar.png\",\"keywords\":[\"\\\"\u00e1rea de risco\\\"\",\"Ara\u00e7atiba\",\"Consequ\u00eancias das remo\u00e7\u00f5es: sa\u00fade\",\"Consultas p\u00fablicas\",\"Direito \u00e0 Moradia\",\"especula\u00e7\u00e3o imobili\u00e1ria\",\"Horto\",\"Indiana\",\"Maracaj\u00e1s\",\"Marcelo Crivella\",\"MNLM\",\"moradia\",\"NUTH\",\"participa\u00e7\u00e3o\",\"Plano Estrat\u00e9gico\",\"R\u00e1dio Sonda\",\"Remo\u00e7\u00e3o\",\"Renato Cinco (PSOL)\",\"Rio das Pedras\",\"Secretaria Municipal de Habita\u00e7\u00e3o (SMH)\",\"T\u00e1ticas de remo\u00e7\u00e3o: corte de servi\u00e7os\",\"Vila Aut\u00f3dromo\",\"Zona Norte\",\"Zona Oeste\",\"Zona Sul\"],\"articleSection\":[\"#Monitoramento\",\"#OlhoNasRemo\u00e7\u00f5es\",\"Cobertura de Eventos\",\"Escrito por Aliados\"],\"inLanguage\":\"pt-BR\"},{\"@type\":\"WebPage\",\"@id\":\"https:\/\/rioonwatch.org.br\/?p=35857\",\"url\":\"https:\/\/rioonwatch.org.br\/?p=35857\",\"name\":\"Frente Parlamentar Contra Remo\u00e7\u00f5es: Favelas Amea\u00e7adas Criticam A\u00e7\u00f5es da Prefeitura - RioOnWatch\",\"isPartOf\":{\"@id\":\"https:\/\/rioonwatch.org.br\/#website\"},\"primaryImageOfPage\":{\"@id\":\"https:\/\/rioonwatch.org.br\/?p=35857#primaryimage\"},\"image\":{\"@id\":\"https:\/\/rioonwatch.org.br\/?p=35857#primaryimage\"},\"thumbnailUrl\":\"https:\/\/rioonwatch.org.br\/wp-content\/uploads\/2018\/08\/Emilia-Souza-Painel-Frente-Parlamentar.png\",\"datePublished\":\"2018-08-23T10:37:48+00:00\",\"dateModified\":\"2023-05-09T12:56:29+00:00\",\"breadcrumb\":{\"@id\":\"https:\/\/rioonwatch.org.br\/?p=35857#breadcrumb\"},\"inLanguage\":\"pt-BR\",\"potentialAction\":[{\"@type\":\"ReadAction\",\"target\":[\"https:\/\/rioonwatch.org.br\/?p=35857\"]}]},{\"@type\":\"ImageObject\",\"inLanguage\":\"pt-BR\",\"@id\":\"https:\/\/rioonwatch.org.br\/?p=35857#primaryimage\",\"url\":\"https:\/\/rioonwatch.org.br\/wp-content\/uploads\/2018\/08\/Emilia-Souza-Painel-Frente-Parlamentar.png\",\"contentUrl\":\"https:\/\/rioonwatch.org.br\/wp-content\/uploads\/2018\/08\/Emilia-Souza-Painel-Frente-Parlamentar.png\",\"width\":2000,\"height\":1112},{\"@type\":\"BreadcrumbList\",\"@id\":\"https:\/\/rioonwatch.org.br\/?p=35857#breadcrumb\",\"itemListElement\":[{\"@type\":\"ListItem\",\"position\":1,\"name\":\"In\u00edcio\",\"item\":\"https:\/\/rioonwatch.org.br\/\"},{\"@type\":\"ListItem\",\"position\":2,\"name\":\"Frente Parlamentar Contra Remo\u00e7\u00f5es: Favelas Amea\u00e7adas Criticam A\u00e7\u00f5es da Prefeitura\"}]},{\"@type\":\"WebSite\",\"@id\":\"https:\/\/rioonwatch.org.br\/#website\",\"url\":\"https:\/\/rioonwatch.org.br\/\",\"name\":\"RioOnWatch\",\"description\":\"relatos das favelas cariocas\",\"publisher\":{\"@id\":\"https:\/\/rioonwatch.org.br\/#organization\"},\"potentialAction\":[{\"@type\":\"SearchAction\",\"target\":{\"@type\":\"EntryPoint\",\"urlTemplate\":\"https:\/\/rioonwatch.org.br\/?s={search_term_string}\"},\"query-input\":{\"@type\":\"PropertyValueSpecification\",\"valueRequired\":true,\"valueName\":\"search_term_string\"}}],\"inLanguage\":\"pt-BR\"},{\"@type\":\"Organization\",\"@id\":\"https:\/\/rioonwatch.org.br\/#organization\",\"name\":\"RioOnWatch\",\"url\":\"https:\/\/rioonwatch.org.br\/\",\"logo\":{\"@type\":\"ImageObject\",\"inLanguage\":\"pt-BR\",\"@id\":\"https:\/\/rioonwatch.org.br\/#\/schema\/logo\/image\/\",\"url\":\"https:\/\/rioonwatch.org.br\/wp-content\/uploads\/2021\/06\/RioOnWatchcabecalhoPT11anos-2.png\",\"contentUrl\":\"https:\/\/rioonwatch.org.br\/wp-content\/uploads\/2021\/06\/RioOnWatchcabecalhoPT11anos-2.png\",\"width\":779,\"height\":277,\"caption\":\"RioOnWatch\"},\"image\":{\"@id\":\"https:\/\/rioonwatch.org.br\/#\/schema\/logo\/image\/\"}},{\"@type\":\"Person\",\"@id\":\"https:\/\/rioonwatch.org.br\/#\/schema\/person\/f443c6b55bb6e80842280318076491c5\",\"name\":\"Luisa Fenizola\",\"image\":{\"@type\":\"ImageObject\",\"inLanguage\":\"pt-BR\",\"@id\":\"https:\/\/rioonwatch.org.br\/#\/schema\/person\/image\/\",\"url\":\"https:\/\/secure.gravatar.com\/avatar\/a3d551110162b9f876cbbdaaecf75663?s=96&d=blank&r=g\",\"contentUrl\":\"https:\/\/secure.gravatar.com\/avatar\/a3d551110162b9f876cbbdaaecf75663?s=96&d=blank&r=g\",\"caption\":\"Luisa Fenizola\"},\"url\":\"https:\/\/rioonwatch.org.br\/?author=152\"}]}<\/script>\n<!-- \/ Yoast SEO plugin. -->","yoast_head_json":{"title":"Frente Parlamentar Contra Remo\u00e7\u00f5es: Favelas Amea\u00e7adas Criticam A\u00e7\u00f5es da Prefeitura - RioOnWatch","robots":{"index":"index","follow":"follow","max-snippet":"max-snippet:-1","max-image-preview":"max-image-preview:large","max-video-preview":"max-video-preview:-1"},"canonical":"https:\/\/rioonwatch.org.br\/?p=35857","og_locale":"pt_BR","og_type":"article","og_title":"Frente Parlamentar Contra Remo\u00e7\u00f5es: Favelas Amea\u00e7adas Criticam A\u00e7\u00f5es da Prefeitura - RioOnWatch","og_description":"Click Here for English No dia 3 de agosto, a Frente Parlamentar Contra Remo\u00e7\u00f5es, Despejos e Viola\u00e7\u00e3o do Direito \u00e0 Moradia sediou um debate p\u00fablico intitulado \u201cDireitos \u00e0 Moradia e a Luta contra Remo\u00e7\u00e3o\u201d, na [...]","og_url":"https:\/\/rioonwatch.org.br\/?p=35857","og_site_name":"RioOnWatch","article_published_time":"2018-08-23T10:37:48+00:00","article_modified_time":"2023-05-09T12:56:29+00:00","og_image":[{"width":1131,"height":629,"url":"https:\/\/rioonwatch.org.br\/wp-content\/uploads\/2018\/08\/Emilia-Souza-Painel-Frente-Parlamentar-1131x629.png","type":"image\/png"}],"author":"Luisa Fenizola","twitter_card":"summary_large_image","twitter_misc":{"Escrito por":"Luisa Fenizola","Est. tempo de leitura":"5 minutos"},"schema":{"@context":"https:\/\/schema.org","@graph":[{"@type":"Article","@id":"https:\/\/rioonwatch.org.br\/?p=35857#article","isPartOf":{"@id":"https:\/\/rioonwatch.org.br\/?p=35857"},"author":{"name":"Luisa Fenizola","@id":"https:\/\/rioonwatch.org.br\/#\/schema\/person\/f443c6b55bb6e80842280318076491c5"},"headline":"Frente Parlamentar Contra Remo\u00e7\u00f5es: Favelas Amea\u00e7adas Criticam A\u00e7\u00f5es da Prefeitura","datePublished":"2018-08-23T10:37:48+00:00","dateModified":"2023-05-09T12:56:29+00:00","mainEntityOfPage":{"@id":"https:\/\/rioonwatch.org.br\/?p=35857"},"wordCount":1089,"publisher":{"@id":"https:\/\/rioonwatch.org.br\/#organization"},"image":{"@id":"https:\/\/rioonwatch.org.br\/?p=35857#primaryimage"},"thumbnailUrl":"https:\/\/rioonwatch.org.br\/wp-content\/uploads\/2018\/08\/Emilia-Souza-Painel-Frente-Parlamentar.png","keywords":["\"\u00e1rea de risco\"","Ara\u00e7atiba","Consequ\u00eancias das remo\u00e7\u00f5es: sa\u00fade","Consultas p\u00fablicas","Direito \u00e0 Moradia","especula\u00e7\u00e3o imobili\u00e1ria","Horto","Indiana","Maracaj\u00e1s","Marcelo Crivella","MNLM","moradia","NUTH","participa\u00e7\u00e3o","Plano Estrat\u00e9gico","R\u00e1dio Sonda","Remo\u00e7\u00e3o","Renato Cinco (PSOL)","Rio das Pedras","Secretaria Municipal de Habita\u00e7\u00e3o (SMH)","T\u00e1ticas de remo\u00e7\u00e3o: corte de servi\u00e7os","Vila Aut\u00f3dromo","Zona Norte","Zona Oeste","Zona Sul"],"articleSection":["#Monitoramento","#OlhoNasRemo\u00e7\u00f5es","Cobertura de Eventos","Escrito por Aliados"],"inLanguage":"pt-BR"},{"@type":"WebPage","@id":"https:\/\/rioonwatch.org.br\/?p=35857","url":"https:\/\/rioonwatch.org.br\/?p=35857","name":"Frente Parlamentar Contra Remo\u00e7\u00f5es: Favelas Amea\u00e7adas Criticam A\u00e7\u00f5es da Prefeitura - RioOnWatch","isPartOf":{"@id":"https:\/\/rioonwatch.org.br\/#website"},"primaryImageOfPage":{"@id":"https:\/\/rioonwatch.org.br\/?p=35857#primaryimage"},"image":{"@id":"https:\/\/rioonwatch.org.br\/?p=35857#primaryimage"},"thumbnailUrl":"https:\/\/rioonwatch.org.br\/wp-content\/uploads\/2018\/08\/Emilia-Souza-Painel-Frente-Parlamentar.png","datePublished":"2018-08-23T10:37:48+00:00","dateModified":"2023-05-09T12:56:29+00:00","breadcrumb":{"@id":"https:\/\/rioonwatch.org.br\/?p=35857#breadcrumb"},"inLanguage":"pt-BR","potentialAction":[{"@type":"ReadAction","target":["https:\/\/rioonwatch.org.br\/?p=35857"]}]},{"@type":"ImageObject","inLanguage":"pt-BR","@id":"https:\/\/rioonwatch.org.br\/?p=35857#primaryimage","url":"https:\/\/rioonwatch.org.br\/wp-content\/uploads\/2018\/08\/Emilia-Souza-Painel-Frente-Parlamentar.png","contentUrl":"https:\/\/rioonwatch.org.br\/wp-content\/uploads\/2018\/08\/Emilia-Souza-Painel-Frente-Parlamentar.png","width":2000,"height":1112},{"@type":"BreadcrumbList","@id":"https:\/\/rioonwatch.org.br\/?p=35857#breadcrumb","itemListElement":[{"@type":"ListItem","position":1,"name":"In\u00edcio","item":"https:\/\/rioonwatch.org.br\/"},{"@type":"ListItem","position":2,"name":"Frente Parlamentar Contra Remo\u00e7\u00f5es: Favelas Amea\u00e7adas Criticam A\u00e7\u00f5es da Prefeitura"}]},{"@type":"WebSite","@id":"https:\/\/rioonwatch.org.br\/#website","url":"https:\/\/rioonwatch.org.br\/","name":"RioOnWatch","description":"relatos das favelas cariocas","publisher":{"@id":"https:\/\/rioonwatch.org.br\/#organization"},"potentialAction":[{"@type":"SearchAction","target":{"@type":"EntryPoint","urlTemplate":"https:\/\/rioonwatch.org.br\/?s={search_term_string}"},"query-input":{"@type":"PropertyValueSpecification","valueRequired":true,"valueName":"search_term_string"}}],"inLanguage":"pt-BR"},{"@type":"Organization","@id":"https:\/\/rioonwatch.org.br\/#organization","name":"RioOnWatch","url":"https:\/\/rioonwatch.org.br\/","logo":{"@type":"ImageObject","inLanguage":"pt-BR","@id":"https:\/\/rioonwatch.org.br\/#\/schema\/logo\/image\/","url":"https:\/\/rioonwatch.org.br\/wp-content\/uploads\/2021\/06\/RioOnWatchcabecalhoPT11anos-2.png","contentUrl":"https:\/\/rioonwatch.org.br\/wp-content\/uploads\/2021\/06\/RioOnWatchcabecalhoPT11anos-2.png","width":779,"height":277,"caption":"RioOnWatch"},"image":{"@id":"https:\/\/rioonwatch.org.br\/#\/schema\/logo\/image\/"}},{"@type":"Person","@id":"https:\/\/rioonwatch.org.br\/#\/schema\/person\/f443c6b55bb6e80842280318076491c5","name":"Luisa Fenizola","image":{"@type":"ImageObject","inLanguage":"pt-BR","@id":"https:\/\/rioonwatch.org.br\/#\/schema\/person\/image\/","url":"https:\/\/secure.gravatar.com\/avatar\/a3d551110162b9f876cbbdaaecf75663?s=96&d=blank&r=g","contentUrl":"https:\/\/secure.gravatar.com\/avatar\/a3d551110162b9f876cbbdaaecf75663?s=96&d=blank&r=g","caption":"Luisa Fenizola"},"url":"https:\/\/rioonwatch.org.br\/?author=152"}]}},"_links":{"self":[{"href":"https:\/\/rioonwatch.org.br\/index.php?rest_route=\/wp\/v2\/posts\/35857"}],"collection":[{"href":"https:\/\/rioonwatch.org.br\/index.php?rest_route=\/wp\/v2\/posts"}],"about":[{"href":"https:\/\/rioonwatch.org.br\/index.php?rest_route=\/wp\/v2\/types\/post"}],"author":[{"embeddable":true,"href":"https:\/\/rioonwatch.org.br\/index.php?rest_route=\/wp\/v2\/users\/152"}],"replies":[{"embeddable":true,"href":"https:\/\/rioonwatch.org.br\/index.php?rest_route=%2Fwp%2Fv2%2Fcomments&post=35857"}],"version-history":[{"count":11,"href":"https:\/\/rioonwatch.org.br\/index.php?rest_route=\/wp\/v2\/posts\/35857\/revisions"}],"predecessor-version":[{"id":50469,"href":"https:\/\/rioonwatch.org.br\/index.php?rest_route=\/wp\/v2\/posts\/35857\/revisions\/50469"}],"wp:featuredmedia":[{"embeddable":true,"href":"https:\/\/rioonwatch.org.br\/index.php?rest_route=\/wp\/v2\/media\/35861"}],"wp:attachment":[{"href":"https:\/\/rioonwatch.org.br\/index.php?rest_route=%2Fwp%2Fv2%2Fmedia&parent=35857"}],"wp:term":[{"taxonomy":"category","embeddable":true,"href":"https:\/\/rioonwatch.org.br\/index.php?rest_route=%2Fwp%2Fv2%2Fcategories&post=35857"},{"taxonomy":"post_tag","embeddable":true,"href":"https:\/\/rioonwatch.org.br\/index.php?rest_route=%2Fwp%2Fv2%2Ftags&post=35857"},{"taxonomy":"writer","embeddable":true,"href":"https:\/\/rioonwatch.org.br\/index.php?rest_route=%2Fwp%2Fv2%2Fwriter&post=35857"},{"taxonomy":"translator","embeddable":true,"href":"https:\/\/rioonwatch.org.br\/index.php?rest_route=%2Fwp%2Fv2%2Ftranslator&post=35857"},{"taxonomy":"source","embeddable":true,"href":"https:\/\/rioonwatch.org.br\/index.php?rest_route=%2Fwp%2Fv2%2Fsource&post=35857"},{"taxonomy":"ilustrador","embeddable":true,"href":"https:\/\/rioonwatch.org.br\/index.php?rest_route=%2Fwp%2Fv2%2Filustrador&post=35857"},{"taxonomy":"fotografo","embeddable":true,"href":"https:\/\/rioonwatch.org.br\/index.php?rest_route=%2Fwp%2Fv2%2Ffotografo&post=35857"}],"curies":[{"name":"wp","href":"https:\/\/api.w.org\/{rel}","templated":true}]}}