{"id":35863,"date":"2018-09-10T10:07:02","date_gmt":"2018-09-10T13:07:02","guid":{"rendered":"http:\/\/rioonwatch.org.br\/?p=35863"},"modified":"2023-04-19T22:48:44","modified_gmt":"2023-04-20T01:48:44","slug":"a-diversidade-e-aplicabilidade-do-termo-territorial-coletivo-de-boston-ao-quenia","status":"publish","type":"post","link":"https:\/\/rioonwatch.org.br\/?p=35863","title":{"rendered":"A Diversidade e Aplicabilidade do Termo Territorial Coletivo: EUA, Porto Rico, e Qu\u00eania [V\u00cdDEO]"},"content":{"rendered":"<p style=\"text-align: right;\"><em><strong><a href=\"http:\/\/bit.ly\/2vLUhVr\" target=\"_blank\" rel=\"noopener noreferrer\">Click Here for English<img decoding=\"async\" width=\"20\" height=\"20\" class=\"alignright wp-image-15790\" src=\"http:\/\/rioonwatch.org.br\/wp-content\/uploads\/2012\/08\/EN-standard-e1439583104716.jpg\" \/><\/a><\/strong><\/em><\/p>\n<p>Um <a href=\"http:\/\/bit.ly\/1mig1hx\" target=\"_blank\" rel=\"noopener\">Termo Territorial Coletivo<\/a>, ou TTC (<em>Community Land Trust<\/em>, CLT, na sigla em ingl\u00eas), \u00e9 uma organiza\u00e7\u00e3o sem fins lucrativos gerenciada pela comunidade e estabelecida para fornecer moradia permanente a pre\u00e7os acess\u00edveis, e para construir ativos comunit\u00e1rios no territ\u00f3rio que possui e governa. Todo TTC no mundo \u00e9 <a href=\"http:\/\/bit.ly\/2nELcZV\" target=\"_blank\" rel=\"noopener\">caracterizado por cinco qualidades<\/a>: (1) ades\u00e3o espont\u00e2nea de seus participantes; (2) propriedade coletiva da terra atrav\u00e9s do TTC que \u00e9 dono da terra; (3) casas de propriedade individual dos moradores; (4) controle comunit\u00e1rio sobre o TTC; e (5) moradias a pre\u00e7os acess\u00edveis por perpetuidade. Com isso, todos os TTCs s\u00e3o controlados pela comunidade e baseados na coopera\u00e7\u00e3o de parceiros interessadas.<\/p>\n<p>Esta mat\u00e9ria abrange cinco diferentes TTCs j\u00e1 existentes no mundo&#8211;do modelo original, criado no sul dos EUA, passando por sua aplica\u00e7\u00e3o na era p\u00f3s-industrial em Boston e em Albuquerque, at\u00e9 assentamentos informais no Qu\u00eania e em Porto Rico&#8211;e explora o potencial do formato do TTC como um modelo para o desenvolvimento sustent\u00e1vel.<\/p>\n<h3><em>New Communities<\/em> (Novas Comunidades): Primeiro TTC foi criado para promover a dessegrega\u00e7\u00e3o e a independ\u00eancia em Albany, Georgia, nos EUA<\/h3>\n<h3><a href=\"http:\/\/rioonwatch.org.br\/wp-content\/uploads\/2018\/08\/Jornal-TTC-novas-comunidades.jpg\"><img fetchpriority=\"high\" decoding=\"async\" class=\"aligncenter wp-image-35868 size-medium\" title=\"Artigo de jornal com fotos do cofundador do New Communities, Charles Sherrod. Imagem: Community-Wealth.org\" src=\"http:\/\/rioonwatch.org.br\/wp-content\/uploads\/2018\/08\/Jornal-TTC-novas-comunidades-620x344.jpg\" alt=\"\" width=\"620\" height=\"344\" srcset=\"https:\/\/rioonwatch.org.br\/wp-content\/uploads\/2018\/08\/Jornal-TTC-novas-comunidades-620x344.jpg 620w, https:\/\/rioonwatch.org.br\/wp-content\/uploads\/2018\/08\/Jornal-TTC-novas-comunidades-476x264.jpg 476w, https:\/\/rioonwatch.org.br\/wp-content\/uploads\/2018\/08\/Jornal-TTC-novas-comunidades-768x426.jpg 768w, https:\/\/rioonwatch.org.br\/wp-content\/uploads\/2018\/08\/Jornal-TTC-novas-comunidades-174x98.jpg 174w, https:\/\/rioonwatch.org.br\/wp-content\/uploads\/2018\/08\/Jornal-TTC-novas-comunidades.jpg 1000w\" sizes=\"(max-width: 620px) 100vw, 620px\" \/><\/a><\/h3>\n<p>O <em><a href=\"http:\/\/bit.ly\/2KTUN8f\" target=\"_blank\" rel=\"noopener\">New Communities<\/a><\/em>, localizado em Albany, na Georgia, \u00e9 frequentemente <a href=\"http:\/\/bit.ly\/2KUPxBg\" target=\"_blank\" rel=\"noopener\">reconhecido como o primeiro TTC<\/a>. Criado na d\u00e9cada de 1960, na onda do Movimento dos Direitos Civis nos Estados Unidos, o <em>New Communities<\/em> pretendia atingir independ\u00eancia pol\u00edtica e econ\u00f4mica para fazendeiros afro-americanos. Os fundadores, que foram essenciais para o movimento local de dessegraga\u00e7\u00e3o, foram motivados pela certeza de que a posse legal e reconhecida de terras era a \u00fanica forma dos afro-americanos garantirem sua independ\u00eancia e seguran\u00e7a fundi\u00e1ria. Com o estabelecimento do TTC, os membros da comunidade coletivamente adquiriram 3000 acres (12 milh\u00f5es de metros quadrados) de terras agr\u00edcolas e 2000 acres (8 milh\u00f5es de metros quadrados) de bosque, que, na \u00e9poca, era a maior terra possu\u00edda por afro-americanos nos Estados Unidos.<\/p>\n<blockquote><p><em>\u201cNos teria permitido realizar neg\u00f3cios internacionais, criar um sistema de distribui\u00e7\u00e3o de alimento, do Norte ao Sul, e construir uma base local de fazendeiros, dos quais poder\u00edamos comprar&#8230; desenvolvimento cooperativo: compra, venda, reservas <\/em><em>e armazenamento.\u201d <strong>\u2013 <a href=\"https:\/\/bit.ly\/2MJSLt4\" target=\"_blank\" rel=\"noopener\">Charles Sherrod<\/a>, cofundador do New Communities<\/strong><\/em><\/p><\/blockquote>\n<h3>A <em>Dudley Street Neighborhood Initiative<\/em>: \u201cDesenvolvimento sem deslocamento\u201d em parceria com o governo municipal em Boston, MA, EUA<\/h3>\n<h3><a href=\"http:\/\/rioonwatch.org.br\/wp-content\/uploads\/2018\/08\/TTC-Boston.jpg\"><img decoding=\"async\" class=\"aligncenter wp-image-35867 size-content\" title=\"Tri\u00e2ngulo da Rua Dudley em Boston. Foto: MIT CoLab\" src=\"http:\/\/rioonwatch.org.br\/wp-content\/uploads\/2018\/08\/TTC-Boston-620x264.jpg\" alt=\"\" width=\"620\" height=\"264\" \/><\/a><\/h3>\n<p>A <em><a href=\"http:\/\/bit.ly\/2KSRy0M\" target=\"_blank\" rel=\"noopener\">Dudley Street Neighborhood Initiative\u2013DSNI<\/a><\/em>\u00a0foi <a href=\"http:\/\/bit.ly\/2KSRy0M\" target=\"_blank\" rel=\"noopener\">criada em 1984<\/a> para garantir o \u201cdesenvolvimento sem deslocamento\u201d. A iniciativa foi a primeira organiza\u00e7\u00e3o comunit\u00e1ria nos Estados Unidos que\u00a0<a href=\"http:\/\/bit.ly\/2KYIzeU\" target=\"_blank\" rel=\"noopener\">conseguiu a autoridade de dom\u00ednio eminente<\/a>&#8211;o poder de adquirir terras privadas para uso p\u00fablico.<\/p>\n<p>Em 1987, logo ap\u00f3s sua funda\u00e7\u00e3o, DSNI projetou seu\u00a0<a href=\"http:\/\/bit.ly\/2KThdXk\" target=\"_blank\" rel=\"noopener\">Plano de Revitaliza\u00e7\u00e3o<\/a>, que foi <a href=\"http:\/\/bit.ly\/2BcdPqX\" target=\"_blank\" rel=\"noopener\">adotado e financiado pela Prefeitura de Boston<\/a>. O plano tra\u00e7ou prioridades incluindo a reativa\u00e7\u00e3o do servi\u00e7o ferrovi\u00e1rio comercial, a constru\u00e7\u00e3o de uma estufa comunit\u00e1ria e a gera\u00e7\u00e3o de parcerias para melhorar a qualidade das escolas da regi\u00e3o. Em 2016, a DSNI foi reconhecida pelo seu papel cr\u00edtico nos esfor\u00e7os de desenvolvimento comunit\u00e1rio de base por toda a cidade, sendo selecionada como uma parceira no planejamento e implanta\u00e7\u00e3o do plano federal<em>\u00a0<a href=\"http:\/\/bit.ly\/2KS8V22\" target=\"_blank\" rel=\"noopener\">Choice Neighborhoods<\/a> <\/em>(Bairros Selecionados), concedido em Boston.<\/p>\n<p>O conselho de diretores da DSNI \u00e9 reconhecido por garantir que todas as origens \u00e9tnicas da comunidade&#8211;negros, latinos, cabo-verdianos e brancos&#8211;<a href=\"http:\/\/bit.ly\/2MtYfLG\" target=\"_blank\" rel=\"noopener\">tenham participa\u00e7\u00e3o por igual<\/a>.<\/p>\n<blockquote><p><em>\u201cLevantar a nossa voz: \u00e9 a coisa mais poderosa que voc\u00ea pode imaginar.\u201d <strong>\u2013 <a href=\"https:\/\/bit.ly\/2B5eTwR\" target=\"_blank\" rel=\"noopener\">Morador do Tri\u00e2ngulo da Rua Dudley<\/a><\/strong><\/em><\/p>\n<p><em>\u201cOs que vivem aqui, os que estudam aqui, precisam estar envolvidos.\u201d <strong>\u2013 L\u00edder comunit\u00e1rio da DSNI<\/strong><\/em><\/p>\n<p><em>\u201c[O TTC] permite que os moradores demandem o melhor e que tenham parcerias&#8230; que trabalhem por eles.\u201d <strong>\u2013 L\u00edder comunit\u00e1rio da DSNI<\/strong><\/em><\/p>\n<p><em>\u201cAcreditamos que todos no bairro s\u00e3o mobilizadores. De fato, todo mundo no bairro \u00e9 um agente de mudan\u00e7a.\u201d <strong>\u2013 Morador do Tri\u00e2ngulo da Rua Dudley<\/strong><\/em><\/p><\/blockquote>\n<h3>Tanzania-Bondeni: Um legado em Voi, no Qu\u00eania<\/h3>\n<h3><a href=\"http:\/\/rioonwatch.org.br\/wp-content\/uploads\/2018\/08\/Tanzania-Bondeni-TTC.jpg\"><img loading=\"lazy\" decoding=\"async\" class=\"aligncenter wp-image-35866 size-content\" title=\"TTC Tanzania-Bondeni em Voi, no Qu\u00eania. Foto: World Habitat\" src=\"http:\/\/rioonwatch.org.br\/wp-content\/uploads\/2018\/08\/Tanzania-Bondeni-TTC-620x264.jpg\" alt=\"\" width=\"620\" height=\"264\" srcset=\"https:\/\/rioonwatch.org.br\/wp-content\/uploads\/2018\/08\/Tanzania-Bondeni-TTC-620x264.jpg 620w, https:\/\/rioonwatch.org.br\/wp-content\/uploads\/2018\/08\/Tanzania-Bondeni-TTC-940x400.jpg 940w\" sizes=\"(max-width: 620px) 100vw, 620px\" \/><\/a><\/h3>\n<p>O <a href=\"http:\/\/bit.ly\/2Pamf4Z\" target=\"_blank\" rel=\"noopener\">TTC Tanzania-Bondeni<\/a> na cidade de Voi \u00e9 o primeiro desse tipo no Qu\u00eania. O TTC foi implantado entre 1990 e 2004 atrav\u00e9s de um <a href=\"http:\/\/bit.ly\/2Bc9R1x\" target=\"_blank\" rel=\"noopener\">piloto de uma iniciativa de urbaniza\u00e7\u00e3o de ocupa\u00e7\u00f5es informais<\/a> do governo queniano, em parceria com ag\u00eancias internacionais. Com a cria\u00e7\u00e3o do TTC, os moradores das ocupa\u00e7\u00f5es informais de Tanzania-Bondeni ganharam acesso \u00e0 posse de terras em seus povoados e t\u00eam lutado por justi\u00e7a social, educa\u00e7\u00e3o comunit\u00e1ria e equidade na aloca\u00e7\u00e3o de terras. A comunidade e as ag\u00eancias envolvidas esperam que o TTC possa ser usado como um modelo de desenvolvimento de outros TTCs no Qu\u00eania.<\/p>\n<blockquote><p><em>\u201cSe decidirmos optar por escrituras individuais, algumas pessoas v\u00e3o passar a vend\u00ea-las. E o que vai acontecer com as crian\u00e7as? Onde v\u00e3o morar?\u201d <strong>\u2013 <a href=\"http:\/\/bit.ly\/2Pamf4Z\" target=\"_blank\" rel=\"noopener\">Mama Fatima<\/a>, moradora da Tanzania-Bondeni<\/strong><\/em><\/p>\n<p><em>\u201cEstou convencido&#8230; de que isso pode ser replicado em qualquer lugar.\u201d <strong>\u2013 Gideon Muindi, ex-atendente no Conselho Municipal de Voi<\/strong><\/em><\/p><\/blockquote>\n<p><iframe src=\"https:\/\/www.youtube.com\/embed\/ZhEZCyI1Ow8\" width=\"620\" height=\"349\" frameborder=\"0\" allowfullscreen=\"allowfullscreen\"><span data-mce-type=\"bookmark\" style=\"display: inline-block; width: 0px; overflow: hidden; line-height: 0;\" class=\"mce_SELRES_start\">\ufeff<\/span><\/iframe><\/p>\n<h3>Sawmill: Recuperando parques industriais e garantindo acessibilidade em Albuquerque, NM, EUA<\/h3>\n<h3><a href=\"http:\/\/rioonwatch.org.br\/wp-content\/uploads\/2018\/08\/Sawmill-TTC-Arbolera-de-Vida.jpg\"><img loading=\"lazy\" decoding=\"async\" class=\"aligncenter wp-image-35865 size-content\" title=\"Arbolera de Vida (Pomar da Vida) do TTC Sawmill, bairro de moradia acess\u00edvel em Albuquerque, New Mexico. Foto: Termo Territorial Coletivo de Sawmill.\" src=\"http:\/\/rioonwatch.org.br\/wp-content\/uploads\/2018\/08\/Sawmill-TTC-Arbolera-de-Vida-620x264.jpg\" alt=\"\" width=\"620\" height=\"264\" \/><\/a><\/h3>\n<p>O <a href=\"http:\/\/bit.ly\/2B8dPZ0\" target=\"_blank\" rel=\"noopener\">TTC de Sawmill,<\/a> fundado em 1996, tem como objetivo confrontar os crescentes valores imobili\u00e1rios e a polui\u00e7\u00e3o de uma f\u00e1brica local de aglomerado de madeira, dois fatores que tornariam a regi\u00e3o inabit\u00e1vel, principalmente para a classe trabalhadora de fam\u00edlias latinas. A miss\u00e3o do TTC \u00e9 garantir um estoque de moradia permanente e o desenvolvimento de espa\u00e7os mistos que beneficiam a comunidade. Com a participa\u00e7\u00e3o da cidade de Albuquerque, o TTC Sawmill conseguiu <a href=\"http:\/\/bit.ly\/2P8Nptd\" target=\"_blank\" rel=\"noopener\">recuperar e restaurar 34 acres (138.000 m2) de um parque industrial<\/a>, onde 93 casas e tr\u00eas complexos de apartamentos acess\u00edveis est\u00e3o, agora, localizados.<\/p>\n<blockquote><p><em>\u201cSawmill mant\u00e9m terras em sua responsabilidade enquanto preserva a acessibilidade da moradia nas terras&#8230; permanentemente. Isso significa que voc\u00ea pode ter seu pr\u00f3prio peda\u00e7o do sonho americano e ajudar outros a fazer o mesmo no futuro.\u201d <strong>\u2013 <a href=\"http:\/\/bit.ly\/2B8dPZ0\" target=\"_blank\" rel=\"noopener\">Site do TTC Sawmill<\/a><\/strong><\/em><\/p>\n<p><em>\u201cUma vez que a casa \u00e9 comprada&#8230; a acessibilidade n\u00e3o vai embora, simplesmente.\u201d \u2013 <strong><a href=\"http:\/\/bit.ly\/2BbQ6ap\" target=\"_blank\" rel=\"noopener\">Vicki Dugger<\/a>, diretor de desenvolvimento do TTC Sawmill<\/strong><\/em><\/p>\n<p><em>\u201cEm muitos lugares, voc\u00ea compra uma casa e \u00e9 s\u00f3 isso. Aqui, voc\u00ea compra uma comunidade.\u201d <strong>\u2013 Judy Gallegos, comprador de uma casa pela primeira vez, TTC Sawmill<\/strong><\/em><\/p><\/blockquote>\n<h3>Ca\u00f1o Mart\u00edn Pe\u00f1a: Preservando a identidade local no Centro de San Juan, Porto Rico<\/h3>\n<h3><a href=\"http:\/\/rioonwatch.org.br\/wp-content\/uploads\/2018\/08\/TTC-placa.jpg\"><img loading=\"lazy\" decoding=\"async\" class=\"aligncenter wp-image-35864 size-content\" title=\"Ca\u00f1o Mart\u00edn Pe\u00f1a em San Juan, Porto Rico.\" src=\"http:\/\/rioonwatch.org.br\/wp-content\/uploads\/2018\/08\/TTC-placa-620x264.jpg\" alt=\"\" width=\"620\" height=\"264\" \/><\/a><\/h3>\n<p>O <a href=\"http:\/\/bit.ly\/2sDUcQj\" target=\"_blank\" rel=\"noopener\">TTC Mart\u00edn Pe\u00f1a<\/a>,\u00a0conhecido localmente como o Fideicomisso da Terra do Ca\u00f1o Mart\u00edn Pe\u00f1a&#8211;atende moradores de oito favelas situadas ao longo do Canal Mart\u00edn Pe\u00f1a em San Juan, Porto Rico.<\/p>\n<p>A polui\u00e7\u00e3o do canal, resultado do <a href=\"http:\/\/bit.ly\/2sDUcQj\" target=\"_blank\" rel=\"noopener\">inadequado sistema de esgoto<\/a> da cidade de San Juan, tornou-se uma grande preocupa\u00e7\u00e3o para os moradores devido \u00e0 natureza de suas casas, situadas em antigos manguezais. O governo reconheceu, ap\u00f3s um tempo, a necessidade de drenar o canal, mas os moradores se preocuparam com o deslocamento devido a um poss\u00edvel aumento no valor das terras seguindo a restaura\u00e7\u00e3o ecol\u00f3gica do canal e os planos do governo de implementar a titula\u00e7\u00e3o fundi\u00e1ria individual. Seguindo centenas de f\u00f3runs p\u00fablicos, membros da comunidade optaram por desenvolver um TTC e, inclusive, estabelecer uma nova lei, uma decis\u00e3o apoiada pelas autoridades locais. Uma corpora\u00e7\u00e3o p\u00fablica, ENLACE, foi ent\u00e3o criada para acompanhar a elabora\u00e7\u00e3o do TTC com o <a href=\"http:\/\/bit.ly\/2pOGfgi\" target=\"_blank\" rel=\"noopener\">Grupo de Oito Comunidades (G-8)<\/a> em 2004, e o TTC Mart\u00edn Pe\u00f1a foi oficialmente estabelecido em 2008. Outorgada com um t\u00edtulo de propriedade coletiva em 2009, o TTC possibilitou a\u00a0<a href=\"http:\/\/bit.ly\/2BeoyBi\" target=\"_blank\" rel=\"noopener\">legaliza\u00e7\u00e3o de posse de terra para mais de 2000 fam\u00edlias<\/a>,\u00a0e desde ent\u00e3o est\u00e1 comprometido com esfor\u00e7os de urbaniza\u00e7\u00e3o na comunidade. Depois do Furac\u00e3o Maria, <a href=\"http:\/\/bit.ly\/2sprzHW\" target=\"_blank\" rel=\"noopener\">o TTC Mart\u00edn Pe\u00f1a foi capaz de atrair<\/a> recursos locais e globais em apoio,\u00a0de uma maneira que outros assentamentos informais em Porto Rico foram incapazes de fazer.<\/p>\n<blockquote><p><em>\u201cMoro nesta comunidade h\u00e1 81 anos e n\u00e3o me mudo para nenhum outro lugar.\u201d <strong>\u2013 <a href=\"http:\/\/bit.ly\/2nE5kez\" target=\"_blank\" rel=\"noopener\">Morador de Ca\u00f1o Mart\u00edn Pe\u00f1a<\/a><\/strong><\/em><\/p>\n<p><em>\u201cAl\u00e9m do mais, n\u00f3s realmente amamos essas terras. N\u00e3o entendo por que ter\u00edamos que sair.\u201d <strong>\u2013 <a href=\"http:\/\/bit.ly\/2nE5kez\" target=\"_blank\" rel=\"noopener\">Morador de Ca\u00f1o Mart\u00edn Pe\u00f1a<\/a><\/strong><\/em><\/p>\n<p><em>\u201cSe n\u00e3o houver mecanismos como o TTC, quando o Canal Mart\u00edn Pe\u00f1a for restaurado, nosso povo ser\u00e1 deslocado pela for\u00e7a do mercado e, no final, eles v\u00e3o continuar a viver na pobreza e ir\u00e3o mudar para outras partes do pa\u00eds. Ent\u00e3o, esse projeto re\u00fane todos os elementos e cria uma oportunidade para o bairro. Do bairro ao pa\u00eds, todos n\u00f3s beneficiamos, morando ou n\u00e3o no Canal Mart\u00edn Pe\u00f1a.\u201d <strong>\u2013 <a href=\"http:\/\/bit.ly\/2nE5kez\" target=\"_blank\" rel=\"noopener\">Filme sobre o Ca\u00f1o Mart\u00edn Pe\u00f1a<\/a><\/strong><\/em><\/p>\n<p><em>\u201cQueremos recuperar o canal, mas n\u00e3o queremos que seja \u00e0s custas de nosso deslocamento. Queremos ter controle sobre nosso futuro, queremos estar aqui.\u201d \u2013 <strong><a href=\"http:\/\/bit.ly\/2nE5kez\" target=\"_blank\" rel=\"noopener\">Lyvia Rodr\u00edgues del Valle<\/a>, diretora executiva do ENLACE<\/strong><\/em><\/p>\n<p><em>\u201cAchamos que \u00e9 realmente importante para as comunidades que vivem em assentamentos informais (em outros lugares), e que estejam sujeitas \u00e0 mesma press\u00e3o do mercado, de flutua\u00e7\u00f5es pol\u00edticas e de lutas pelo poder, que nos vejam como um humilde exemplo.\u201d <strong>\u2013 <a href=\"http:\/\/bit.ly\/2nE5kez\" target=\"_blank\" rel=\"noopener\">Lyvia Rodr\u00edgues del Valle<\/a>, diretora executiva do ENLACE<\/strong><\/em><\/p><\/blockquote>\n<p><iframe src=\"https:\/\/www.youtube.com\/embed\/mNbjXzgnR88\" width=\"620\" height=\"349\" frameborder=\"0\" allowfullscreen=\"allowfullscreen\"><span data-mce-type=\"bookmark\" style=\"display: inline-block; width: 0px; overflow: hidden; line-height: 0;\" class=\"mce_SELRES_start\">\ufeff<\/span><\/iframe><\/p>\n<h3>O Formato TTC como Modelo para o Desenvolvimento Sustent\u00e1vel<\/h3>\n<p>As variadas aplica\u00e7\u00f5es do Termo Territorial Coletivo t\u00eam\u00a0<a href=\"http:\/\/bit.ly\/2vFsyFG\" target=\"_blank\" rel=\"noopener\">grande potencial para o futuro do desenvolvimento sustent\u00e1vel e equitativo<\/a>, especialmente quando se considera os, sempre presentes, problemas de posse de terras e moradia acess\u00edvel enfrentados pelas comunidades brasileiras e de todo o mundo. O modelo TTC apresenta a oportunidade de mobilizar e envolver moradores nas tomadas de decis\u00e3o formais, e gerenciar o desenvolvimento futuro de suas terras. Os casos do TTC Tanzania-Bondeni, do\u00a0<em>New Communities<\/em>, da\u00a0<em>Dudley Street Neighborhood Initiative<\/em>, do TTC Sawmill e do TTC Mart\u00edn Pe\u00f1a s\u00e3o exemplos convincentes sobre o sucesso reservado \u00e0s comunidades quando elas t\u00eam liberdade para direcionar suas necessidades e liderar o processo de seu pr\u00f3prio desenvolvimento.<\/p>\n<!-- AddThis Advanced Settings generic via filter on the_content --><!-- AddThis Share Buttons generic via filter on the_content -->","protected":false},"excerpt":{"rendered":"<div class=\"mh-excerpt\"><p>Click Here for English Um Termo Territorial Coletivo, ou TTC (Community Land Trust, CLT, na sigla em ingl\u00eas), \u00e9 uma organiza\u00e7\u00e3o sem fins lucrativos gerenciada pela comunidade e estabelecida para fornecer moradia permanente a pre\u00e7os <a class=\"mh-excerpt-more\" href=\"https:\/\/rioonwatch.org.br\/?p=35863\" title=\"A Diversidade e Aplicabilidade do Termo Territorial Coletivo: EUA, Porto Rico, e Qu\u00eania [V\u00cdDEO]\">[&#8230;]<\/a><!-- AddThis Advanced Settings generic via filter on get_the_excerpt --><!-- AddThis Share Buttons generic via filter on get_the_excerpt --><\/p>\n<\/div>","protected":false},"author":152,"featured_media":35869,"comment_status":"closed","ping_status":"closed","sticky":false,"template":"","format":"standard","meta":{"_acf_changed":false,"_monsterinsights_skip_tracking":false,"_monsterinsights_sitenote_active":false,"_monsterinsights_sitenote_note":"","_monsterinsights_sitenote_category":0,"footnotes":""},"categories":[2323,1621,1626,1612,342,1638],"tags":[1042,759,1459,831,424,550,396,818,909,1103,2138,2104,1347,711,900],"writer":[2463],"translator":[2068],"source":[],"ilustrador":[],"fotografo":[],"class_list":{"0":"post-35863","1":"post","2":"type-post","3":"status-publish","4":"format-standard","5":"has-post-thumbnail","7":"category-urbanismopopular","8":"category-destaque","9":"category-por-observadores-internacionais","10":"category-sociedade-civil","11":"category-solucoes","12":"category-video","13":"tag-boston","14":"tag-comparacao-internacional","15":"tag-desapropriacao","16":"tag-direito-a-cidade","17":"tag-direito-a-moradia","18":"tag-direito-a-terra","19":"tag-especulacao-imobiliaria","20":"tag-eua","21":"tag-habitacao-acessivel","22":"tag-informalidade","23":"tag-porto-rico","24":"tag-quenia","25":"tag-solucao","26":"tag-clt","27":"tag-titulacao-de-terras","28":"writer-victoria-fanibi","29":"translator-gisele-rosati"},"acf":[],"yoast_head":"<!-- This site is optimized with the Yoast SEO plugin v25.6 - https:\/\/yoast.com\/wordpress\/plugins\/seo\/ -->\n<title>A Diversidade e Aplicabilidade do Termo Territorial Coletivo: EUA, Porto Rico, e Qu\u00eania [V\u00cdDEO] - RioOnWatch<\/title>\n<meta name=\"robots\" content=\"index, follow, max-snippet:-1, max-image-preview:large, max-video-preview:-1\" \/>\n<link rel=\"canonical\" href=\"https:\/\/rioonwatch.org.br\/?p=35863\" \/>\n<meta property=\"og:locale\" content=\"pt_BR\" \/>\n<meta property=\"og:type\" content=\"article\" \/>\n<meta property=\"og:title\" content=\"A Diversidade e Aplicabilidade do Termo Territorial Coletivo: EUA, Porto Rico, e Qu\u00eania [V\u00cdDEO] - RioOnWatch\" \/>\n<meta property=\"og:description\" content=\"Click Here for English Um Termo Territorial Coletivo, ou TTC (Community Land Trust, CLT, na sigla em ingl\u00eas), \u00e9 uma organiza\u00e7\u00e3o sem fins lucrativos gerenciada pela comunidade e estabelecida para fornecer moradia permanente a pre\u00e7os [...]\" \/>\n<meta property=\"og:url\" content=\"https:\/\/rioonwatch.org.br\/?p=35863\" \/>\n<meta property=\"og:site_name\" content=\"RioOnWatch\" \/>\n<meta property=\"article:published_time\" content=\"2018-09-10T13:07:02+00:00\" \/>\n<meta property=\"article:modified_time\" content=\"2023-04-20T01:48:44+00:00\" \/>\n<meta property=\"og:image\" content=\"https:\/\/rioonwatch.org.br\/wp-content\/uploads\/2018\/08\/Moradores-Can\u0303o-Marti\u0301n-Pen\u0303a-Porto-Rico-1401x629.png\" \/>\n\t<meta property=\"og:image:width\" content=\"1401\" \/>\n\t<meta property=\"og:image:height\" content=\"629\" \/>\n\t<meta property=\"og:image:type\" content=\"image\/png\" \/>\n<meta name=\"author\" content=\"Luisa Fenizola\" \/>\n<meta name=\"twitter:card\" content=\"summary_large_image\" \/>\n<meta name=\"twitter:label1\" content=\"Escrito por\" \/>\n\t<meta name=\"twitter:data1\" content=\"Luisa Fenizola\" \/>\n\t<meta name=\"twitter:label2\" content=\"Est. tempo de leitura\" \/>\n\t<meta name=\"twitter:data2\" content=\"8 minutos\" \/>\n<script type=\"application\/ld+json\" class=\"yoast-schema-graph\">{\"@context\":\"https:\/\/schema.org\",\"@graph\":[{\"@type\":\"Article\",\"@id\":\"https:\/\/rioonwatch.org.br\/?p=35863#article\",\"isPartOf\":{\"@id\":\"https:\/\/rioonwatch.org.br\/?p=35863\"},\"author\":{\"name\":\"Luisa Fenizola\",\"@id\":\"https:\/\/rioonwatch.org.br\/#\/schema\/person\/f443c6b55bb6e80842280318076491c5\"},\"headline\":\"A Diversidade e Aplicabilidade do Termo Territorial Coletivo: EUA, Porto Rico, e Qu\u00eania [V\u00cdDEO]\",\"datePublished\":\"2018-09-10T13:07:02+00:00\",\"dateModified\":\"2023-04-20T01:48:44+00:00\",\"mainEntityOfPage\":{\"@id\":\"https:\/\/rioonwatch.org.br\/?p=35863\"},\"wordCount\":1665,\"publisher\":{\"@id\":\"https:\/\/rioonwatch.org.br\/#organization\"},\"image\":{\"@id\":\"https:\/\/rioonwatch.org.br\/?p=35863#primaryimage\"},\"thumbnailUrl\":\"https:\/\/rioonwatch.org.br\/wp-content\/uploads\/2018\/08\/Moradores-Can\u0303o-Marti\u0301n-Pen\u0303a-Porto-Rico.png\",\"keywords\":[\"Boston\",\"compara\u00e7\u00e3o internacional\",\"desapropria\u00e7\u00e3o\",\"Direito \u00e0 Cidade\",\"Direito \u00e0 Moradia\",\"direito \u00e0 terra\",\"especula\u00e7\u00e3o imobili\u00e1ria\",\"EUA\",\"habita\u00e7\u00e3o acess\u00edvel\",\"informalidade\",\"Porto Rico\",\"Qu\u00eania\",\"solu\u00e7\u00e3o\",\"Termo Territorial Coletivo (TTC) \/ Community Land Trust (CLT)\",\"titula\u00e7\u00e3o de terras\"],\"articleSection\":[\"#UrbanismoPopular\",\"*Destaque\",\"Escrito por Aliados\",\"Sociedade Civil\",\"Solu\u00e7\u00f5es\",\"V\u00eddeo\"],\"inLanguage\":\"pt-BR\"},{\"@type\":\"WebPage\",\"@id\":\"https:\/\/rioonwatch.org.br\/?p=35863\",\"url\":\"https:\/\/rioonwatch.org.br\/?p=35863\",\"name\":\"A Diversidade e Aplicabilidade do Termo Territorial Coletivo: EUA, Porto Rico, e Qu\u00eania [V\u00cdDEO] - RioOnWatch\",\"isPartOf\":{\"@id\":\"https:\/\/rioonwatch.org.br\/#website\"},\"primaryImageOfPage\":{\"@id\":\"https:\/\/rioonwatch.org.br\/?p=35863#primaryimage\"},\"image\":{\"@id\":\"https:\/\/rioonwatch.org.br\/?p=35863#primaryimage\"},\"thumbnailUrl\":\"https:\/\/rioonwatch.org.br\/wp-content\/uploads\/2018\/08\/Moradores-Can\u0303o-Marti\u0301n-Pen\u0303a-Porto-Rico.png\",\"datePublished\":\"2018-09-10T13:07:02+00:00\",\"dateModified\":\"2023-04-20T01:48:44+00:00\",\"breadcrumb\":{\"@id\":\"https:\/\/rioonwatch.org.br\/?p=35863#breadcrumb\"},\"inLanguage\":\"pt-BR\",\"potentialAction\":[{\"@type\":\"ReadAction\",\"target\":[\"https:\/\/rioonwatch.org.br\/?p=35863\"]}]},{\"@type\":\"ImageObject\",\"inLanguage\":\"pt-BR\",\"@id\":\"https:\/\/rioonwatch.org.br\/?p=35863#primaryimage\",\"url\":\"https:\/\/rioonwatch.org.br\/wp-content\/uploads\/2018\/08\/Moradores-Can\u0303o-Marti\u0301n-Pen\u0303a-Porto-Rico.png\",\"contentUrl\":\"https:\/\/rioonwatch.org.br\/wp-content\/uploads\/2018\/08\/Moradores-Can\u0303o-Marti\u0301n-Pen\u0303a-Porto-Rico.png\",\"width\":2040,\"height\":916},{\"@type\":\"BreadcrumbList\",\"@id\":\"https:\/\/rioonwatch.org.br\/?p=35863#breadcrumb\",\"itemListElement\":[{\"@type\":\"ListItem\",\"position\":1,\"name\":\"In\u00edcio\",\"item\":\"https:\/\/rioonwatch.org.br\/\"},{\"@type\":\"ListItem\",\"position\":2,\"name\":\"A Diversidade e Aplicabilidade do Termo Territorial Coletivo: EUA, Porto Rico, e Qu\u00eania [V\u00cdDEO]\"}]},{\"@type\":\"WebSite\",\"@id\":\"https:\/\/rioonwatch.org.br\/#website\",\"url\":\"https:\/\/rioonwatch.org.br\/\",\"name\":\"RioOnWatch\",\"description\":\"relatos das favelas cariocas\",\"publisher\":{\"@id\":\"https:\/\/rioonwatch.org.br\/#organization\"},\"potentialAction\":[{\"@type\":\"SearchAction\",\"target\":{\"@type\":\"EntryPoint\",\"urlTemplate\":\"https:\/\/rioonwatch.org.br\/?s={search_term_string}\"},\"query-input\":{\"@type\":\"PropertyValueSpecification\",\"valueRequired\":true,\"valueName\":\"search_term_string\"}}],\"inLanguage\":\"pt-BR\"},{\"@type\":\"Organization\",\"@id\":\"https:\/\/rioonwatch.org.br\/#organization\",\"name\":\"RioOnWatch\",\"url\":\"https:\/\/rioonwatch.org.br\/\",\"logo\":{\"@type\":\"ImageObject\",\"inLanguage\":\"pt-BR\",\"@id\":\"https:\/\/rioonwatch.org.br\/#\/schema\/logo\/image\/\",\"url\":\"https:\/\/rioonwatch.org.br\/wp-content\/uploads\/2021\/06\/RioOnWatchcabecalhoPT11anos-2.png\",\"contentUrl\":\"https:\/\/rioonwatch.org.br\/wp-content\/uploads\/2021\/06\/RioOnWatchcabecalhoPT11anos-2.png\",\"width\":779,\"height\":277,\"caption\":\"RioOnWatch\"},\"image\":{\"@id\":\"https:\/\/rioonwatch.org.br\/#\/schema\/logo\/image\/\"}},{\"@type\":\"Person\",\"@id\":\"https:\/\/rioonwatch.org.br\/#\/schema\/person\/f443c6b55bb6e80842280318076491c5\",\"name\":\"Luisa Fenizola\",\"image\":{\"@type\":\"ImageObject\",\"inLanguage\":\"pt-BR\",\"@id\":\"https:\/\/rioonwatch.org.br\/#\/schema\/person\/image\/\",\"url\":\"https:\/\/secure.gravatar.com\/avatar\/a3d551110162b9f876cbbdaaecf75663?s=96&d=blank&r=g\",\"contentUrl\":\"https:\/\/secure.gravatar.com\/avatar\/a3d551110162b9f876cbbdaaecf75663?s=96&d=blank&r=g\",\"caption\":\"Luisa Fenizola\"},\"url\":\"https:\/\/rioonwatch.org.br\/?author=152\"}]}<\/script>\n<!-- \/ Yoast SEO plugin. -->","yoast_head_json":{"title":"A Diversidade e Aplicabilidade do Termo Territorial Coletivo: EUA, Porto Rico, e Qu\u00eania [V\u00cdDEO] - RioOnWatch","robots":{"index":"index","follow":"follow","max-snippet":"max-snippet:-1","max-image-preview":"max-image-preview:large","max-video-preview":"max-video-preview:-1"},"canonical":"https:\/\/rioonwatch.org.br\/?p=35863","og_locale":"pt_BR","og_type":"article","og_title":"A Diversidade e Aplicabilidade do Termo Territorial Coletivo: EUA, Porto Rico, e Qu\u00eania [V\u00cdDEO] - RioOnWatch","og_description":"Click Here for English Um Termo Territorial Coletivo, ou TTC (Community Land Trust, CLT, na sigla em ingl\u00eas), \u00e9 uma organiza\u00e7\u00e3o sem fins lucrativos gerenciada pela comunidade e estabelecida para fornecer moradia permanente a pre\u00e7os [...]","og_url":"https:\/\/rioonwatch.org.br\/?p=35863","og_site_name":"RioOnWatch","article_published_time":"2018-09-10T13:07:02+00:00","article_modified_time":"2023-04-20T01:48:44+00:00","og_image":[{"width":1401,"height":629,"url":"https:\/\/rioonwatch.org.br\/wp-content\/uploads\/2018\/08\/Moradores-Can\u0303o-Marti\u0301n-Pen\u0303a-Porto-Rico-1401x629.png","type":"image\/png"}],"author":"Luisa Fenizola","twitter_card":"summary_large_image","twitter_misc":{"Escrito por":"Luisa Fenizola","Est. tempo de leitura":"8 minutos"},"schema":{"@context":"https:\/\/schema.org","@graph":[{"@type":"Article","@id":"https:\/\/rioonwatch.org.br\/?p=35863#article","isPartOf":{"@id":"https:\/\/rioonwatch.org.br\/?p=35863"},"author":{"name":"Luisa Fenizola","@id":"https:\/\/rioonwatch.org.br\/#\/schema\/person\/f443c6b55bb6e80842280318076491c5"},"headline":"A Diversidade e Aplicabilidade do Termo Territorial Coletivo: EUA, Porto Rico, e Qu\u00eania [V\u00cdDEO]","datePublished":"2018-09-10T13:07:02+00:00","dateModified":"2023-04-20T01:48:44+00:00","mainEntityOfPage":{"@id":"https:\/\/rioonwatch.org.br\/?p=35863"},"wordCount":1665,"publisher":{"@id":"https:\/\/rioonwatch.org.br\/#organization"},"image":{"@id":"https:\/\/rioonwatch.org.br\/?p=35863#primaryimage"},"thumbnailUrl":"https:\/\/rioonwatch.org.br\/wp-content\/uploads\/2018\/08\/Moradores-Can\u0303o-Marti\u0301n-Pen\u0303a-Porto-Rico.png","keywords":["Boston","compara\u00e7\u00e3o internacional","desapropria\u00e7\u00e3o","Direito \u00e0 Cidade","Direito \u00e0 Moradia","direito \u00e0 terra","especula\u00e7\u00e3o imobili\u00e1ria","EUA","habita\u00e7\u00e3o acess\u00edvel","informalidade","Porto Rico","Qu\u00eania","solu\u00e7\u00e3o","Termo Territorial Coletivo (TTC) \/ Community Land Trust (CLT)","titula\u00e7\u00e3o de terras"],"articleSection":["#UrbanismoPopular","*Destaque","Escrito por Aliados","Sociedade Civil","Solu\u00e7\u00f5es","V\u00eddeo"],"inLanguage":"pt-BR"},{"@type":"WebPage","@id":"https:\/\/rioonwatch.org.br\/?p=35863","url":"https:\/\/rioonwatch.org.br\/?p=35863","name":"A Diversidade e Aplicabilidade do Termo Territorial Coletivo: EUA, Porto Rico, e Qu\u00eania [V\u00cdDEO] - RioOnWatch","isPartOf":{"@id":"https:\/\/rioonwatch.org.br\/#website"},"primaryImageOfPage":{"@id":"https:\/\/rioonwatch.org.br\/?p=35863#primaryimage"},"image":{"@id":"https:\/\/rioonwatch.org.br\/?p=35863#primaryimage"},"thumbnailUrl":"https:\/\/rioonwatch.org.br\/wp-content\/uploads\/2018\/08\/Moradores-Can\u0303o-Marti\u0301n-Pen\u0303a-Porto-Rico.png","datePublished":"2018-09-10T13:07:02+00:00","dateModified":"2023-04-20T01:48:44+00:00","breadcrumb":{"@id":"https:\/\/rioonwatch.org.br\/?p=35863#breadcrumb"},"inLanguage":"pt-BR","potentialAction":[{"@type":"ReadAction","target":["https:\/\/rioonwatch.org.br\/?p=35863"]}]},{"@type":"ImageObject","inLanguage":"pt-BR","@id":"https:\/\/rioonwatch.org.br\/?p=35863#primaryimage","url":"https:\/\/rioonwatch.org.br\/wp-content\/uploads\/2018\/08\/Moradores-Can\u0303o-Marti\u0301n-Pen\u0303a-Porto-Rico.png","contentUrl":"https:\/\/rioonwatch.org.br\/wp-content\/uploads\/2018\/08\/Moradores-Can\u0303o-Marti\u0301n-Pen\u0303a-Porto-Rico.png","width":2040,"height":916},{"@type":"BreadcrumbList","@id":"https:\/\/rioonwatch.org.br\/?p=35863#breadcrumb","itemListElement":[{"@type":"ListItem","position":1,"name":"In\u00edcio","item":"https:\/\/rioonwatch.org.br\/"},{"@type":"ListItem","position":2,"name":"A Diversidade e Aplicabilidade do Termo Territorial Coletivo: EUA, Porto Rico, e Qu\u00eania [V\u00cdDEO]"}]},{"@type":"WebSite","@id":"https:\/\/rioonwatch.org.br\/#website","url":"https:\/\/rioonwatch.org.br\/","name":"RioOnWatch","description":"relatos das favelas cariocas","publisher":{"@id":"https:\/\/rioonwatch.org.br\/#organization"},"potentialAction":[{"@type":"SearchAction","target":{"@type":"EntryPoint","urlTemplate":"https:\/\/rioonwatch.org.br\/?s={search_term_string}"},"query-input":{"@type":"PropertyValueSpecification","valueRequired":true,"valueName":"search_term_string"}}],"inLanguage":"pt-BR"},{"@type":"Organization","@id":"https:\/\/rioonwatch.org.br\/#organization","name":"RioOnWatch","url":"https:\/\/rioonwatch.org.br\/","logo":{"@type":"ImageObject","inLanguage":"pt-BR","@id":"https:\/\/rioonwatch.org.br\/#\/schema\/logo\/image\/","url":"https:\/\/rioonwatch.org.br\/wp-content\/uploads\/2021\/06\/RioOnWatchcabecalhoPT11anos-2.png","contentUrl":"https:\/\/rioonwatch.org.br\/wp-content\/uploads\/2021\/06\/RioOnWatchcabecalhoPT11anos-2.png","width":779,"height":277,"caption":"RioOnWatch"},"image":{"@id":"https:\/\/rioonwatch.org.br\/#\/schema\/logo\/image\/"}},{"@type":"Person","@id":"https:\/\/rioonwatch.org.br\/#\/schema\/person\/f443c6b55bb6e80842280318076491c5","name":"Luisa Fenizola","image":{"@type":"ImageObject","inLanguage":"pt-BR","@id":"https:\/\/rioonwatch.org.br\/#\/schema\/person\/image\/","url":"https:\/\/secure.gravatar.com\/avatar\/a3d551110162b9f876cbbdaaecf75663?s=96&d=blank&r=g","contentUrl":"https:\/\/secure.gravatar.com\/avatar\/a3d551110162b9f876cbbdaaecf75663?s=96&d=blank&r=g","caption":"Luisa Fenizola"},"url":"https:\/\/rioonwatch.org.br\/?author=152"}]}},"_links":{"self":[{"href":"https:\/\/rioonwatch.org.br\/index.php?rest_route=\/wp\/v2\/posts\/35863"}],"collection":[{"href":"https:\/\/rioonwatch.org.br\/index.php?rest_route=\/wp\/v2\/posts"}],"about":[{"href":"https:\/\/rioonwatch.org.br\/index.php?rest_route=\/wp\/v2\/types\/post"}],"author":[{"embeddable":true,"href":"https:\/\/rioonwatch.org.br\/index.php?rest_route=\/wp\/v2\/users\/152"}],"replies":[{"embeddable":true,"href":"https:\/\/rioonwatch.org.br\/index.php?rest_route=%2Fwp%2Fv2%2Fcomments&post=35863"}],"version-history":[{"count":19,"href":"https:\/\/rioonwatch.org.br\/index.php?rest_route=\/wp\/v2\/posts\/35863\/revisions"}],"predecessor-version":[{"id":36195,"href":"https:\/\/rioonwatch.org.br\/index.php?rest_route=\/wp\/v2\/posts\/35863\/revisions\/36195"}],"wp:featuredmedia":[{"embeddable":true,"href":"https:\/\/rioonwatch.org.br\/index.php?rest_route=\/wp\/v2\/media\/35869"}],"wp:attachment":[{"href":"https:\/\/rioonwatch.org.br\/index.php?rest_route=%2Fwp%2Fv2%2Fmedia&parent=35863"}],"wp:term":[{"taxonomy":"category","embeddable":true,"href":"https:\/\/rioonwatch.org.br\/index.php?rest_route=%2Fwp%2Fv2%2Fcategories&post=35863"},{"taxonomy":"post_tag","embeddable":true,"href":"https:\/\/rioonwatch.org.br\/index.php?rest_route=%2Fwp%2Fv2%2Ftags&post=35863"},{"taxonomy":"writer","embeddable":true,"href":"https:\/\/rioonwatch.org.br\/index.php?rest_route=%2Fwp%2Fv2%2Fwriter&post=35863"},{"taxonomy":"translator","embeddable":true,"href":"https:\/\/rioonwatch.org.br\/index.php?rest_route=%2Fwp%2Fv2%2Ftranslator&post=35863"},{"taxonomy":"source","embeddable":true,"href":"https:\/\/rioonwatch.org.br\/index.php?rest_route=%2Fwp%2Fv2%2Fsource&post=35863"},{"taxonomy":"ilustrador","embeddable":true,"href":"https:\/\/rioonwatch.org.br\/index.php?rest_route=%2Fwp%2Fv2%2Filustrador&post=35863"},{"taxonomy":"fotografo","embeddable":true,"href":"https:\/\/rioonwatch.org.br\/index.php?rest_route=%2Fwp%2Fv2%2Ffotografo&post=35863"}],"curies":[{"name":"wp","href":"https:\/\/api.w.org\/{rel}","templated":true}]}}