{"id":35872,"date":"2018-08-28T09:26:21","date_gmt":"2018-08-28T12:26:21","guid":{"rendered":"http:\/\/rioonwatch.org.br\/?p=35872"},"modified":"2018-08-28T09:27:54","modified_gmt":"2018-08-28T12:27:54","slug":"a-favela-grita-ecoando-a-voz-de-marielle-na-mare","status":"publish","type":"post","link":"https:\/\/rioonwatch.org.br\/?p=35872","title":{"rendered":"&#8216;A Favela Grita&#8217;: Ecoando a Voz de Marielle na Mar\u00e9"},"content":{"rendered":"<p style=\"text-align: right;\"><em><strong><a href=\"http:\/\/bit.ly\/2MCsf89\" target=\"_blank\" rel=\"noopener noreferrer\">Click Here for English<img decoding=\"async\" width=\"20\" height=\"20\" class=\"alignright wp-image-15790\" src=\"http:\/\/rioonwatch.org.br\/wp-content\/uploads\/2012\/08\/EN-standard-e1439583104716.jpg\" \/><\/a><\/strong><\/em><\/p>\n<p>Na tarde do dia 8 de agosto, a <a href=\"http:\/\/bit.ly\/2JXUmtr\" target=\"_blank\" rel=\"noopener\">Luta pela Paz<\/a> realizou um semin\u00e1rio intitulado \u201c<a href=\"http:\/\/bit.ly\/2OK5QmX\" target=\"_blank\" rel=\"noopener\">A Favela Grita: Mulheres Negras Construindo Narrativas<\/a>\u201d. O semin\u00e1rio atraiu uma multid\u00e3o t\u00e3o grande que os membros da plateia sa\u00edam pelas portas da academia de artes marciais, onde o evento foi realizado no <a href=\"http:\/\/bit.ly\/10BvARw\" target=\"_blank\" rel=\"noopener\">Complexo da Mar\u00e9,<\/a>\u00a0na\u00a0<a href=\"http:\/\/bit.ly\/WximDf\" target=\"_blank\" rel=\"noopener\">Zona Norte<\/a> do Rio. \u201cA Favela Grita\u201d foi uma continua\u00e7\u00e3o de <a href=\"http:\/\/bit.ly\/2M5Jxv0\" target=\"_blank\" rel=\"noopener\">um semin\u00e1rio sobre representatividade e resist\u00eancia<\/a> (realizado pela Luta pela Paz duas semanas antes), pois tamb\u00e9m discutiu a atitude de for\u00e7a no contexto da identidade feminina negra e refletiu sobre o <a href=\"http:\/\/bit.ly\/2Gp2OnO\" target=\"_blank\" rel=\"noopener\">legado de Marielle<\/a>. O objetivo por tr\u00e1s do evento pode ser melhor resumido pela pergunta feita por Rafael, um membro da plateia e morador da Mar\u00e9: \u201c<span style=\"font-weight: 400;\">As pessoas tendem a focar no n\u00famero de mortes quando falam do povo negro. O que voc\u00eas pretendem fazer para reconhecer a nossa hist\u00f3ria de forma positiva?&#8221;<\/span><\/p>\n<p><a href=\"http:\/\/rioonwatch.org.br\/wp-content\/uploads\/2018\/08\/A-Favela-Grita-P\u00fablico.jpg\"><img fetchpriority=\"high\" decoding=\"async\" class=\"aligncenter size-content wp-image-35876\" src=\"http:\/\/rioonwatch.org.br\/wp-content\/uploads\/2018\/08\/A-Favela-Grita-P\u00fablico-620x264.jpg\" alt=\"\" width=\"620\" height=\"264\" srcset=\"https:\/\/rioonwatch.org.br\/wp-content\/uploads\/2018\/08\/A-Favela-Grita-P\u00fablico-620x264.jpg 620w, https:\/\/rioonwatch.org.br\/wp-content\/uploads\/2018\/08\/A-Favela-Grita-P\u00fablico-940x400.jpg 940w\" sizes=\"(max-width: 620px) 100vw, 620px\" \/><\/a><\/p>\n<p><a href=\"http:\/\/bit.ly\/2OLHCsE\" target=\"_blank\" rel=\"noopener\">Renata Souza<\/a>&#8211;que cresceu na Mar\u00e9 e \u00e9 candidata a deputada estadual&#8211;falou sobre o desenvolvimento de sistemas alternativos de transporte nas favelas ap\u00f3s cortes nas rotas municipais de \u00f4nibus. Ela disse: \u201cA<span style=\"font-weight: 400;\">\u00a0gente tinha muitos pontos finais de \u00f4nibus, e a gente conseguia ter circula\u00e7\u00e3o para diversos lugares. Hoje, a gente n\u00e3o tem mais. Tem alguns pontos de \u00f4nibus em lugares espec\u00edficos, mas hoje a circula\u00e7\u00e3o para a gente que mora na favela \u00e9 ruim<\/span>\u201d. De fato, nos \u00faltimos anos&#8211;especialmente ap\u00f3s a decis\u00e3o de 2015, da <a href=\"http:\/\/bit.ly\/2nQBUtO\" target=\"_blank\" rel=\"noopener\">Secretaria Municipal de Transportes<\/a> (SMTR), de <a href=\"http:\/\/bit.ly\/1PHlaNC\" target=\"_blank\" rel=\"noopener\">cortar 35% de sua frota<\/a> antes dos Jogos Ol\u00edmpicos&#8211;os moradores da Zona Norte do Rio sofreram com a diminui\u00e7\u00e3o dos servi\u00e7os de transporte p\u00fablico. No entanto, esse obst\u00e1culo n\u00e3o interrompeu o movimento de entrada e sa\u00edda de favelas afetadas, como a Mar\u00e9. Os moradores da favela reagiram com a prolifera\u00e7\u00e3o de <a href=\"http:\/\/bit.ly\/1MT9Jl4\" target=\"_blank\" rel=\"noopener\">moto-t\u00e1xis<\/a> e depois com a expans\u00e3o dos servi\u00e7os informais de transporte. Renata disse que os motot\u00e1xis s\u00e3o a forma mais importante de transporte dentro das favelas. Ela estimulou a plateia a \u201cdar uma olhada na <a href=\"https:\/\/glo.bo\/2Pon7Dm\" target=\"_blank\" rel=\"noopener\">legaliza\u00e7\u00e3o dos motot\u00e1xis<\/a>\u201d e \u201cfiscalizar\u201d as empresas informais que desempenham pap\u00e9is essenciais na cultura das favelas.<\/p>\n<p><a href=\"http:\/\/rioonwatch.org.br\/wp-content\/uploads\/2018\/08\/Renata-Souza.jpg\"><img decoding=\"async\" class=\"aligncenter wp-image-35875 size-full\" title=\"Renata Souza, ent\u00e3o pr\u00e9-candidata a deputada estadual.\" src=\"http:\/\/rioonwatch.org.br\/wp-content\/uploads\/2018\/08\/Renata-Souza.jpg\" alt=\"\" width=\"620\" height=\"264\" \/><\/a><\/p>\n<p>Al\u00e9m de apoiar os neg\u00f3cios de favelas, outras participantes do evento enfatizaram a necessidade de apoiar os autores das favelas. Viviane Santos&#8211;assistente social e coordenadora do <a href=\"http:\/\/bit.ly\/2PqdWSV\" target=\"_blank\" rel=\"noopener\">programa Suporte Social<\/a> da Luta pela Paz&#8211;iniciou sua resposta \u00e0 pergunta de Rafael, segurando dois livros para que a plat\u00e9ia pudesse ver: <a href=\"http:\/\/bit.ly\/2nPTZrV\" target=\"_blank\" rel=\"noopener\">Hero\u00ednas Negras Brasileiras em 15 Cord\u00e9is<\/a> de Jarid Arraes e <a href=\"http:\/\/bit.ly\/2Pix458\" target=\"_blank\" rel=\"noopener\">Olhos de Azeviche<\/a>, uma compila\u00e7\u00e3o de poemas e hist\u00f3rias escritas por mulheres negras. Viviane disse: \u201cInfelizmente, <span style=\"font-weight: 400;\">a gente n\u00e3o sabe da hist\u00f3ria dessas mulheres pretas<\/span>\u2026 Q<span style=\"font-weight: 400;\">uando a gente fala que a gente precisa contar de outra forma essas narrativas, \u00e9 isso: a gente precisa ocupar esses espa\u00e7os acad\u00eamicos, as letras, as universidades, a pol\u00edtica, para falar de outras narrativas<\/span>\u201d. Viviane e outras palestrantes criticaram a relativa aus\u00eancia da hist\u00f3ria afro-brasileira nos curr\u00edculos de educa\u00e7\u00e3o p\u00fablica&#8211;apesar da <a href=\"http:\/\/bit.ly\/2nPO1Y5\" target=\"_blank\" rel=\"noopener\">legisla\u00e7\u00e3o federal<\/a> ordenar sua instru\u00e7\u00e3o. Ela encorajou o p\u00fablico a ler&#8211;para aprender mais sobre a hist\u00f3ria dos afro-brasileiros&#8211;e para escrever de modo que sua hist\u00f3ria continue a ser documentada e contada.<\/p>\n<p><a href=\"http:\/\/rioonwatch.org.br\/wp-content\/uploads\/2018\/08\/Vidigal-Moto-Taxi-1.jpg\"><img loading=\"lazy\" decoding=\"async\" class=\"aligncenter wp-image-35879 size-content\" title=\"Mototaxi no Vidigal.\" src=\"http:\/\/rioonwatch.org.br\/wp-content\/uploads\/2018\/08\/Vidigal-Moto-Taxi-1-620x264.jpg\" alt=\"\" width=\"620\" height=\"264\" srcset=\"https:\/\/rioonwatch.org.br\/wp-content\/uploads\/2018\/08\/Vidigal-Moto-Taxi-1-620x264.jpg 620w, https:\/\/rioonwatch.org.br\/wp-content\/uploads\/2018\/08\/Vidigal-Moto-Taxi-1-940x400.jpg 940w\" sizes=\"(max-width: 620px) 100vw, 620px\" \/><\/a><\/p>\n<p>O semin\u00e1rio terminou com v\u00e1rios discursos acalorados sobre as muitas formas de <a href=\"http:\/\/bit.ly\/2GwmWF7\" target=\"_blank\" rel=\"noopener\">discrimina\u00e7\u00e3o que as mulheres negras sofreram em toda a hist\u00f3ria do Brasil<\/a>. As palestrantes enfatizaram que a solu\u00e7\u00e3o para reconciliar essa hist\u00f3ria de injusti\u00e7a n\u00e3o \u00e9 coibi-las, mas sim abra\u00e7\u00e1-la. <a href=\"http:\/\/bit.ly\/2OOWF4J\" target=\"_blank\" rel=\"noopener\">M\u00f4nica Francisco<\/a>&#8211;que \u00e9 da favela do <a href=\"http:\/\/bit.ly\/ZKW86Q\" target=\"_blank\" rel=\"noopener\">Borel<\/a> e tamb\u00e9m candidata a deputada estadual&#8211;incorporou esse sentimento em sua declara\u00e7\u00e3o final, dizendo \u00e0 plateia para n\u00e3o ter medo de desafiar pol\u00edticas discriminat\u00f3rias. Essas pol\u00edticas \u201celas n\u00e3o s\u00e3o malfeitas,\u00a0<a href=\"http:\/\/bit.ly\/2Gp2OnO\" target=\"_blank\" rel=\"noopener\">elas s\u00e3o feitas<\/a> para serem m\u00e1s\u201d, afirmou ela.<\/p>\n<p><a href=\"http:\/\/rioonwatch.org.br\/wp-content\/uploads\/2018\/08\/Viviane-Carmen.jpg\"><img loading=\"lazy\" decoding=\"async\" class=\"aligncenter wp-image-35873 size-content\" title=\"Viviane Santos, coordenadora do programa de Apoio Social na Luta pela Paz.\" src=\"http:\/\/rioonwatch.org.br\/wp-content\/uploads\/2018\/08\/Viviane-Carmen-620x264.jpg\" alt=\"\" width=\"620\" height=\"264\" srcset=\"https:\/\/rioonwatch.org.br\/wp-content\/uploads\/2018\/08\/Viviane-Carmen-620x264.jpg 620w, https:\/\/rioonwatch.org.br\/wp-content\/uploads\/2018\/08\/Viviane-Carmen-940x400.jpg 940w\" sizes=\"(max-width: 620px) 100vw, 620px\" \/><\/a><\/p>\n<p>A resposta \u00e0 pergunta &#8220;Por que a favela deve gritar?&#8221; \u00c9 simples: quando a favela n\u00e3o grita, sua voz n\u00e3o \u00e9 ouvida.<\/p>\n<!-- AddThis Advanced Settings generic via filter on the_content --><!-- AddThis Share Buttons generic via filter on the_content -->","protected":false},"excerpt":{"rendered":"<div class=\"mh-excerpt\"><p>Click Here for English Na tarde do dia 8 de agosto, a Luta pela Paz realizou um semin\u00e1rio intitulado \u201cA Favela Grita: Mulheres Negras Construindo Narrativas\u201d. O semin\u00e1rio atraiu uma multid\u00e3o t\u00e3o grande que os <a class=\"mh-excerpt-more\" href=\"https:\/\/rioonwatch.org.br\/?p=35872\" title=\"&#8216;A Favela Grita&#8217;: Ecoando a Voz de Marielle na Mar\u00e9\">[&#8230;]<\/a><!-- AddThis Advanced Settings generic via filter on get_the_excerpt --><!-- AddThis Share Buttons generic via filter on get_the_excerpt --><\/p>\n<\/div>","protected":false},"author":152,"featured_media":35877,"comment_status":"closed","ping_status":"closed","sticky":false,"template":"","format":"standard","meta":{"_acf_changed":false,"_monsterinsights_skip_tracking":false,"_monsterinsights_sitenote_active":false,"_monsterinsights_sitenote_note":"","_monsterinsights_sitenote_category":0,"footnotes":""},"categories":[1627,1626],"tags":[704,332,421,937,1306,2312,2033,95,1033,432,1347,764,370,218],"writer":[2453],"translator":[1870],"source":[],"ilustrador":[],"fotografo":[],"class_list":{"0":"post-35872","1":"post","2":"type-post","3":"status-publish","4":"format-standard","5":"has-post-thumbnail","7":"category-relato-de-evento","8":"category-por-observadores-internacionais","9":"tag-borel","10":"tag-complexo-da-mare","11":"tag-cultura-da-favela","12":"tag-direito-de-ir-e-vir","13":"tag-exclusao","14":"tag-legado-de-marielle","15":"tag-marielle-franco","16":"tag-mototaxis","17":"tag-politica","18":"tag-resistencia","19":"tag-solucao","20":"tag-transporte","21":"tag-transporte-publico","22":"tag-zona-norte","23":"writer-jack-morris","24":"translator-halina-machado"},"acf":[],"yoast_head":"<!-- This site is optimized with the Yoast SEO plugin v25.6 - https:\/\/yoast.com\/wordpress\/plugins\/seo\/ -->\n<title>&#039;A Favela Grita&#039;: Ecoando a Voz de Marielle na Mar\u00e9 - RioOnWatch<\/title>\n<meta name=\"robots\" content=\"index, follow, max-snippet:-1, max-image-preview:large, max-video-preview:-1\" \/>\n<link rel=\"canonical\" href=\"https:\/\/rioonwatch.org.br\/?p=35872\" \/>\n<meta property=\"og:locale\" content=\"pt_BR\" \/>\n<meta property=\"og:type\" content=\"article\" \/>\n<meta property=\"og:title\" content=\"&#039;A Favela Grita&#039;: Ecoando a Voz de Marielle na Mar\u00e9 - RioOnWatch\" \/>\n<meta property=\"og:description\" content=\"Click Here for English Na tarde do dia 8 de agosto, a Luta pela Paz realizou um semin\u00e1rio intitulado \u201cA Favela Grita: Mulheres Negras Construindo Narrativas\u201d. O semin\u00e1rio atraiu uma multid\u00e3o t\u00e3o grande que os [...]\" \/>\n<meta property=\"og:url\" content=\"https:\/\/rioonwatch.org.br\/?p=35872\" \/>\n<meta property=\"og:site_name\" content=\"RioOnWatch\" \/>\n<meta property=\"article:published_time\" content=\"2018-08-28T12:26:21+00:00\" \/>\n<meta property=\"article:modified_time\" content=\"2018-08-28T12:27:54+00:00\" \/>\n<meta property=\"og:image\" content=\"https:\/\/rioonwatch.org.br\/wp-content\/uploads\/2018\/08\/A-Favela-Grita-Semin\u00e1rio.jpg\" \/>\n\t<meta property=\"og:image:width\" content=\"1000\" \/>\n\t<meta property=\"og:image:height\" content=\"706\" \/>\n\t<meta property=\"og:image:type\" content=\"image\/jpeg\" \/>\n<meta name=\"author\" content=\"Luisa Fenizola\" \/>\n<meta name=\"twitter:card\" content=\"summary_large_image\" \/>\n<meta name=\"twitter:label1\" content=\"Escrito por\" \/>\n\t<meta name=\"twitter:data1\" content=\"Luisa Fenizola\" \/>\n\t<meta name=\"twitter:label2\" content=\"Est. tempo de leitura\" \/>\n\t<meta name=\"twitter:data2\" content=\"3 minutos\" \/>\n<script type=\"application\/ld+json\" class=\"yoast-schema-graph\">{\"@context\":\"https:\/\/schema.org\",\"@graph\":[{\"@type\":\"Article\",\"@id\":\"https:\/\/rioonwatch.org.br\/?p=35872#article\",\"isPartOf\":{\"@id\":\"https:\/\/rioonwatch.org.br\/?p=35872\"},\"author\":{\"name\":\"Luisa Fenizola\",\"@id\":\"https:\/\/rioonwatch.org.br\/#\/schema\/person\/f443c6b55bb6e80842280318076491c5\"},\"headline\":\"&#8216;A Favela Grita&#8217;: Ecoando a Voz de Marielle na Mar\u00e9\",\"datePublished\":\"2018-08-28T12:26:21+00:00\",\"dateModified\":\"2018-08-28T12:27:54+00:00\",\"mainEntityOfPage\":{\"@id\":\"https:\/\/rioonwatch.org.br\/?p=35872\"},\"wordCount\":694,\"publisher\":{\"@id\":\"https:\/\/rioonwatch.org.br\/#organization\"},\"image\":{\"@id\":\"https:\/\/rioonwatch.org.br\/?p=35872#primaryimage\"},\"thumbnailUrl\":\"https:\/\/rioonwatch.org.br\/wp-content\/uploads\/2018\/08\/A-Favela-Grita-Semin\u00e1rio.jpg\",\"keywords\":[\"Borel\",\"Complexo da Mar\u00e9\",\"cultura da favela\",\"direito de ir e vir\",\"exclus\u00e3o\",\"Legado de Marielle\",\"Marielle Franco\",\"mototaxi\",\"pol\u00edtica\",\"resist\u00eancia\",\"solu\u00e7\u00e3o\",\"transporte\",\"transporte p\u00fablico\",\"Zona Norte\"],\"articleSection\":[\"Cobertura de Eventos\",\"Escrito por Aliados\"],\"inLanguage\":\"pt-BR\"},{\"@type\":\"WebPage\",\"@id\":\"https:\/\/rioonwatch.org.br\/?p=35872\",\"url\":\"https:\/\/rioonwatch.org.br\/?p=35872\",\"name\":\"'A Favela Grita': Ecoando a Voz de Marielle na Mar\u00e9 - RioOnWatch\",\"isPartOf\":{\"@id\":\"https:\/\/rioonwatch.org.br\/#website\"},\"primaryImageOfPage\":{\"@id\":\"https:\/\/rioonwatch.org.br\/?p=35872#primaryimage\"},\"image\":{\"@id\":\"https:\/\/rioonwatch.org.br\/?p=35872#primaryimage\"},\"thumbnailUrl\":\"https:\/\/rioonwatch.org.br\/wp-content\/uploads\/2018\/08\/A-Favela-Grita-Semin\u00e1rio.jpg\",\"datePublished\":\"2018-08-28T12:26:21+00:00\",\"dateModified\":\"2018-08-28T12:27:54+00:00\",\"breadcrumb\":{\"@id\":\"https:\/\/rioonwatch.org.br\/?p=35872#breadcrumb\"},\"inLanguage\":\"pt-BR\",\"potentialAction\":[{\"@type\":\"ReadAction\",\"target\":[\"https:\/\/rioonwatch.org.br\/?p=35872\"]}]},{\"@type\":\"ImageObject\",\"inLanguage\":\"pt-BR\",\"@id\":\"https:\/\/rioonwatch.org.br\/?p=35872#primaryimage\",\"url\":\"https:\/\/rioonwatch.org.br\/wp-content\/uploads\/2018\/08\/A-Favela-Grita-Semin\u00e1rio.jpg\",\"contentUrl\":\"https:\/\/rioonwatch.org.br\/wp-content\/uploads\/2018\/08\/A-Favela-Grita-Semin\u00e1rio.jpg\",\"width\":1000,\"height\":706},{\"@type\":\"BreadcrumbList\",\"@id\":\"https:\/\/rioonwatch.org.br\/?p=35872#breadcrumb\",\"itemListElement\":[{\"@type\":\"ListItem\",\"position\":1,\"name\":\"In\u00edcio\",\"item\":\"https:\/\/rioonwatch.org.br\/\"},{\"@type\":\"ListItem\",\"position\":2,\"name\":\"&#8216;A Favela Grita&#8217;: Ecoando a Voz de Marielle na Mar\u00e9\"}]},{\"@type\":\"WebSite\",\"@id\":\"https:\/\/rioonwatch.org.br\/#website\",\"url\":\"https:\/\/rioonwatch.org.br\/\",\"name\":\"RioOnWatch\",\"description\":\"relatos das favelas cariocas\",\"publisher\":{\"@id\":\"https:\/\/rioonwatch.org.br\/#organization\"},\"potentialAction\":[{\"@type\":\"SearchAction\",\"target\":{\"@type\":\"EntryPoint\",\"urlTemplate\":\"https:\/\/rioonwatch.org.br\/?s={search_term_string}\"},\"query-input\":{\"@type\":\"PropertyValueSpecification\",\"valueRequired\":true,\"valueName\":\"search_term_string\"}}],\"inLanguage\":\"pt-BR\"},{\"@type\":\"Organization\",\"@id\":\"https:\/\/rioonwatch.org.br\/#organization\",\"name\":\"RioOnWatch\",\"url\":\"https:\/\/rioonwatch.org.br\/\",\"logo\":{\"@type\":\"ImageObject\",\"inLanguage\":\"pt-BR\",\"@id\":\"https:\/\/rioonwatch.org.br\/#\/schema\/logo\/image\/\",\"url\":\"https:\/\/rioonwatch.org.br\/wp-content\/uploads\/2021\/06\/RioOnWatchcabecalhoPT11anos-2.png\",\"contentUrl\":\"https:\/\/rioonwatch.org.br\/wp-content\/uploads\/2021\/06\/RioOnWatchcabecalhoPT11anos-2.png\",\"width\":779,\"height\":277,\"caption\":\"RioOnWatch\"},\"image\":{\"@id\":\"https:\/\/rioonwatch.org.br\/#\/schema\/logo\/image\/\"}},{\"@type\":\"Person\",\"@id\":\"https:\/\/rioonwatch.org.br\/#\/schema\/person\/f443c6b55bb6e80842280318076491c5\",\"name\":\"Luisa Fenizola\",\"image\":{\"@type\":\"ImageObject\",\"inLanguage\":\"pt-BR\",\"@id\":\"https:\/\/rioonwatch.org.br\/#\/schema\/person\/image\/\",\"url\":\"https:\/\/secure.gravatar.com\/avatar\/a3d551110162b9f876cbbdaaecf75663?s=96&d=blank&r=g\",\"contentUrl\":\"https:\/\/secure.gravatar.com\/avatar\/a3d551110162b9f876cbbdaaecf75663?s=96&d=blank&r=g\",\"caption\":\"Luisa Fenizola\"},\"url\":\"https:\/\/rioonwatch.org.br\/?author=152\"}]}<\/script>\n<!-- \/ Yoast SEO plugin. -->","yoast_head_json":{"title":"'A Favela Grita': Ecoando a Voz de Marielle na Mar\u00e9 - RioOnWatch","robots":{"index":"index","follow":"follow","max-snippet":"max-snippet:-1","max-image-preview":"max-image-preview:large","max-video-preview":"max-video-preview:-1"},"canonical":"https:\/\/rioonwatch.org.br\/?p=35872","og_locale":"pt_BR","og_type":"article","og_title":"'A Favela Grita': Ecoando a Voz de Marielle na Mar\u00e9 - RioOnWatch","og_description":"Click Here for English Na tarde do dia 8 de agosto, a Luta pela Paz realizou um semin\u00e1rio intitulado \u201cA Favela Grita: Mulheres Negras Construindo Narrativas\u201d. O semin\u00e1rio atraiu uma multid\u00e3o t\u00e3o grande que os [...]","og_url":"https:\/\/rioonwatch.org.br\/?p=35872","og_site_name":"RioOnWatch","article_published_time":"2018-08-28T12:26:21+00:00","article_modified_time":"2018-08-28T12:27:54+00:00","og_image":[{"width":1000,"height":706,"url":"https:\/\/rioonwatch.org.br\/wp-content\/uploads\/2018\/08\/A-Favela-Grita-Semin\u00e1rio.jpg","type":"image\/jpeg"}],"author":"Luisa Fenizola","twitter_card":"summary_large_image","twitter_misc":{"Escrito por":"Luisa Fenizola","Est. tempo de leitura":"3 minutos"},"schema":{"@context":"https:\/\/schema.org","@graph":[{"@type":"Article","@id":"https:\/\/rioonwatch.org.br\/?p=35872#article","isPartOf":{"@id":"https:\/\/rioonwatch.org.br\/?p=35872"},"author":{"name":"Luisa Fenizola","@id":"https:\/\/rioonwatch.org.br\/#\/schema\/person\/f443c6b55bb6e80842280318076491c5"},"headline":"&#8216;A Favela Grita&#8217;: Ecoando a Voz de Marielle na Mar\u00e9","datePublished":"2018-08-28T12:26:21+00:00","dateModified":"2018-08-28T12:27:54+00:00","mainEntityOfPage":{"@id":"https:\/\/rioonwatch.org.br\/?p=35872"},"wordCount":694,"publisher":{"@id":"https:\/\/rioonwatch.org.br\/#organization"},"image":{"@id":"https:\/\/rioonwatch.org.br\/?p=35872#primaryimage"},"thumbnailUrl":"https:\/\/rioonwatch.org.br\/wp-content\/uploads\/2018\/08\/A-Favela-Grita-Semin\u00e1rio.jpg","keywords":["Borel","Complexo da Mar\u00e9","cultura da favela","direito de ir e vir","exclus\u00e3o","Legado de Marielle","Marielle Franco","mototaxi","pol\u00edtica","resist\u00eancia","solu\u00e7\u00e3o","transporte","transporte p\u00fablico","Zona Norte"],"articleSection":["Cobertura de Eventos","Escrito por Aliados"],"inLanguage":"pt-BR"},{"@type":"WebPage","@id":"https:\/\/rioonwatch.org.br\/?p=35872","url":"https:\/\/rioonwatch.org.br\/?p=35872","name":"'A Favela Grita': Ecoando a Voz de Marielle na Mar\u00e9 - RioOnWatch","isPartOf":{"@id":"https:\/\/rioonwatch.org.br\/#website"},"primaryImageOfPage":{"@id":"https:\/\/rioonwatch.org.br\/?p=35872#primaryimage"},"image":{"@id":"https:\/\/rioonwatch.org.br\/?p=35872#primaryimage"},"thumbnailUrl":"https:\/\/rioonwatch.org.br\/wp-content\/uploads\/2018\/08\/A-Favela-Grita-Semin\u00e1rio.jpg","datePublished":"2018-08-28T12:26:21+00:00","dateModified":"2018-08-28T12:27:54+00:00","breadcrumb":{"@id":"https:\/\/rioonwatch.org.br\/?p=35872#breadcrumb"},"inLanguage":"pt-BR","potentialAction":[{"@type":"ReadAction","target":["https:\/\/rioonwatch.org.br\/?p=35872"]}]},{"@type":"ImageObject","inLanguage":"pt-BR","@id":"https:\/\/rioonwatch.org.br\/?p=35872#primaryimage","url":"https:\/\/rioonwatch.org.br\/wp-content\/uploads\/2018\/08\/A-Favela-Grita-Semin\u00e1rio.jpg","contentUrl":"https:\/\/rioonwatch.org.br\/wp-content\/uploads\/2018\/08\/A-Favela-Grita-Semin\u00e1rio.jpg","width":1000,"height":706},{"@type":"BreadcrumbList","@id":"https:\/\/rioonwatch.org.br\/?p=35872#breadcrumb","itemListElement":[{"@type":"ListItem","position":1,"name":"In\u00edcio","item":"https:\/\/rioonwatch.org.br\/"},{"@type":"ListItem","position":2,"name":"&#8216;A Favela Grita&#8217;: Ecoando a Voz de Marielle na Mar\u00e9"}]},{"@type":"WebSite","@id":"https:\/\/rioonwatch.org.br\/#website","url":"https:\/\/rioonwatch.org.br\/","name":"RioOnWatch","description":"relatos das favelas cariocas","publisher":{"@id":"https:\/\/rioonwatch.org.br\/#organization"},"potentialAction":[{"@type":"SearchAction","target":{"@type":"EntryPoint","urlTemplate":"https:\/\/rioonwatch.org.br\/?s={search_term_string}"},"query-input":{"@type":"PropertyValueSpecification","valueRequired":true,"valueName":"search_term_string"}}],"inLanguage":"pt-BR"},{"@type":"Organization","@id":"https:\/\/rioonwatch.org.br\/#organization","name":"RioOnWatch","url":"https:\/\/rioonwatch.org.br\/","logo":{"@type":"ImageObject","inLanguage":"pt-BR","@id":"https:\/\/rioonwatch.org.br\/#\/schema\/logo\/image\/","url":"https:\/\/rioonwatch.org.br\/wp-content\/uploads\/2021\/06\/RioOnWatchcabecalhoPT11anos-2.png","contentUrl":"https:\/\/rioonwatch.org.br\/wp-content\/uploads\/2021\/06\/RioOnWatchcabecalhoPT11anos-2.png","width":779,"height":277,"caption":"RioOnWatch"},"image":{"@id":"https:\/\/rioonwatch.org.br\/#\/schema\/logo\/image\/"}},{"@type":"Person","@id":"https:\/\/rioonwatch.org.br\/#\/schema\/person\/f443c6b55bb6e80842280318076491c5","name":"Luisa Fenizola","image":{"@type":"ImageObject","inLanguage":"pt-BR","@id":"https:\/\/rioonwatch.org.br\/#\/schema\/person\/image\/","url":"https:\/\/secure.gravatar.com\/avatar\/a3d551110162b9f876cbbdaaecf75663?s=96&d=blank&r=g","contentUrl":"https:\/\/secure.gravatar.com\/avatar\/a3d551110162b9f876cbbdaaecf75663?s=96&d=blank&r=g","caption":"Luisa Fenizola"},"url":"https:\/\/rioonwatch.org.br\/?author=152"}]}},"_links":{"self":[{"href":"https:\/\/rioonwatch.org.br\/index.php?rest_route=\/wp\/v2\/posts\/35872"}],"collection":[{"href":"https:\/\/rioonwatch.org.br\/index.php?rest_route=\/wp\/v2\/posts"}],"about":[{"href":"https:\/\/rioonwatch.org.br\/index.php?rest_route=\/wp\/v2\/types\/post"}],"author":[{"embeddable":true,"href":"https:\/\/rioonwatch.org.br\/index.php?rest_route=\/wp\/v2\/users\/152"}],"replies":[{"embeddable":true,"href":"https:\/\/rioonwatch.org.br\/index.php?rest_route=%2Fwp%2Fv2%2Fcomments&post=35872"}],"version-history":[{"count":10,"href":"https:\/\/rioonwatch.org.br\/index.php?rest_route=\/wp\/v2\/posts\/35872\/revisions"}],"predecessor-version":[{"id":35919,"href":"https:\/\/rioonwatch.org.br\/index.php?rest_route=\/wp\/v2\/posts\/35872\/revisions\/35919"}],"wp:featuredmedia":[{"embeddable":true,"href":"https:\/\/rioonwatch.org.br\/index.php?rest_route=\/wp\/v2\/media\/35877"}],"wp:attachment":[{"href":"https:\/\/rioonwatch.org.br\/index.php?rest_route=%2Fwp%2Fv2%2Fmedia&parent=35872"}],"wp:term":[{"taxonomy":"category","embeddable":true,"href":"https:\/\/rioonwatch.org.br\/index.php?rest_route=%2Fwp%2Fv2%2Fcategories&post=35872"},{"taxonomy":"post_tag","embeddable":true,"href":"https:\/\/rioonwatch.org.br\/index.php?rest_route=%2Fwp%2Fv2%2Ftags&post=35872"},{"taxonomy":"writer","embeddable":true,"href":"https:\/\/rioonwatch.org.br\/index.php?rest_route=%2Fwp%2Fv2%2Fwriter&post=35872"},{"taxonomy":"translator","embeddable":true,"href":"https:\/\/rioonwatch.org.br\/index.php?rest_route=%2Fwp%2Fv2%2Ftranslator&post=35872"},{"taxonomy":"source","embeddable":true,"href":"https:\/\/rioonwatch.org.br\/index.php?rest_route=%2Fwp%2Fv2%2Fsource&post=35872"},{"taxonomy":"ilustrador","embeddable":true,"href":"https:\/\/rioonwatch.org.br\/index.php?rest_route=%2Fwp%2Fv2%2Filustrador&post=35872"},{"taxonomy":"fotografo","embeddable":true,"href":"https:\/\/rioonwatch.org.br\/index.php?rest_route=%2Fwp%2Fv2%2Ffotografo&post=35872"}],"curies":[{"name":"wp","href":"https:\/\/api.w.org\/{rel}","templated":true}]}}