{"id":35979,"date":"2018-09-03T11:35:17","date_gmt":"2018-09-03T14:35:17","guid":{"rendered":"http:\/\/rioonwatch.org.br\/?p=35979"},"modified":"2018-09-05T07:53:11","modified_gmt":"2018-09-05T10:53:11","slug":"a-absurda-perda-do-museu-nacional-escancara-um-projeto-de-pais","status":"publish","type":"post","link":"https:\/\/rioonwatch.org.br\/?p=35979","title":{"rendered":"A Absurda Perda do Museu Nacional Escancara um Projeto de Pa\u00eds"},"content":{"rendered":"<p style=\"text-align: right;\"><em><strong><a href=\"http:\/\/bit.ly\/2NcRNsU\" target=\"_blank\" rel=\"noopener noreferrer\">Click Here for English<img decoding=\"async\" width=\"20\" height=\"20\" class=\"alignright wp-image-15790\" src=\"http:\/\/rioonwatch.org.br\/wp-content\/uploads\/2012\/08\/EN-standard-e1439583104716.jpg\" \/><\/a><\/strong><\/em><\/p>\n<p><i>O RioOnWatch estar\u00e1 publicando, no decorrer desta semana, uma <a href=\"http:\/\/bit.ly\/2oGv7U7\" target=\"_blank\" rel=\"noopener\">s\u00e9rie de notas sobre o tr\u00e1gico inc\u00eandio que destruiu o Museu Nacional<\/a>\u00a0neste domingo. A presente nota foi\u00a0<a href=\"http:\/\/bit.ly\/2NcNMVm\" target=\"_blank\" rel=\"noopener\" data-saferedirecturl=\"https:\/\/www.google.com\/url?q=http:\/\/bit.ly\/2NcNMVm&amp;source=gmail&amp;ust=1536073421811000&amp;usg=AFQjCNEk5RCqYgQQoIsitLBEi9ZNCoXECQ\">postada no Facebook<\/a>\u00a0por Tarcyla Fidalgo.<\/i><\/p>\n<p>Essa noite foi dif\u00edcil. Perdi o sono, perdi a voz, e por alguns minutos perdi a vontade. N\u00e3o quero insistir no quanto \u00e9 absurda e triste a <a href=\"http:\/\/bit.ly\/2MMOw42\" target=\"_blank\" rel=\"noopener\">perda definitiva<\/a> do <a href=\"http:\/\/bit.ly\/2G3vuOZ\" target=\"_blank\" rel=\"noopener\">Museu Nacional<\/a><span class=\"text_exposed_show\">\u00a0para as chamas, especialmente quando esse \u00e9 apenas o auge de um processo de perda que j\u00e1 se arrasta h\u00e1 anos, denunciado e vivenciado seguidamente por pesquisadores, alunos e funcion\u00e1rios.<br \/>\n<\/span><\/p>\n<p><a href=\"http:\/\/rioonwatch.org.br\/wp-content\/uploads\/2018\/09\/incendio-museu-nacional-rj-768x432.jpg\"><img fetchpriority=\"high\" decoding=\"async\" class=\"aligncenter wp-image-35985 size-content\" title=\"Cr\u00e9dito: Reprodu\u00e7\u00e3o\/TV Globo Inc\u00eandio de propor\u00e7\u00f5es enormes atingiu o Museu Nacional no Rio de Janeiro.\" src=\"http:\/\/rioonwatch.org.br\/wp-content\/uploads\/2018\/09\/incendio-museu-nacional-rj-768x432-620x264.jpg\" alt=\"\" width=\"620\" height=\"264\" \/><\/a><\/p>\n<p><span class=\"text_exposed_show\"><a href=\"https:\/\/glo.bo\/2wGOUXb\" target=\"_blank\" rel=\"noopener\">O museu est\u00e1 perdido, talvez j\u00e1 estivesse antes<\/a>, mas a simbologia do fogo e as imagens geradas por ele s\u00e3o um ponto final muito forte e especialmente dolorido para os <a href=\"http:\/\/bit.ly\/2NLOrKJ\" target=\"_blank\" rel=\"noopener\">200 anos de sua hist\u00f3ria<\/a>. Mas n\u00e3o nos enganemos. Ontem n\u00e3o se queimou apenas um dos maiores acervos da Am\u00e9rica Latina. Ontem se <a href=\"http:\/\/bit.ly\/2C9hBlo\" target=\"_blank\" rel=\"noopener\">escancarou um projeto de pa\u00eds<\/a> que est\u00e1 decidido a abrir m\u00e3o da ci\u00eancia e do conhecimento, decidido a esquecer sua hist\u00f3ria, decidido a condenar seu futuro.<br \/>\n<\/span><br \/>\n<iframe style=\"border: none; overflow: hidden;\" src=\"https:\/\/www.facebook.com\/plugins\/video.php?href=https%3A%2F%2Fwww.facebook.com%2Fdaniel.lobo.503645%2Fvideos%2F10156481921596113%2F&amp;show_text=0&amp;width=620\" width=\"620\" height=\"349\" frameborder=\"0\" scrolling=\"no\" allowfullscreen=\"allowfullscreen\"><span data-mce-type=\"bookmark\" style=\"display: inline-block; width: 0px; overflow: hidden; line-height: 0;\" class=\"mce_SELRES_start\">\ufeff<\/span><\/iframe><br \/>\n<span class=\"text_exposed_show\">O museu n\u00e3o ardeu porque o pa\u00eds n\u00e3o tem dinheiro (lembremos que se trata de uma instala\u00e7\u00e3o federal). O museu ardeu porque o pa\u00eds decidiu que sua prioridade \u00e9 ser para\u00edso de valoriza\u00e7\u00e3o de capital especulativo e <a href=\"http:\/\/bit.ly\/2PyU0wm\" target=\"_blank\" rel=\"noopener\">congelou investimentos<\/a> em sa\u00fade, educa\u00e7\u00e3o, cultura e hist\u00f3ria. O museu ardeu porque o pa\u00eds decidiu que a l\u00f3gica empresarial deve ser adotada amplamente: no pr\u00f3prio governo e rifando suas institui\u00e7\u00f5es para a iniciativa privada. Mas a universidade \u00e9 teimosa, ent\u00e3o que queime. Foram <a href=\"http:\/\/bit.ly\/2Q2iY8u\" target=\"_blank\" rel=\"noopener\">v\u00e1rios inc\u00eandios na UFRJ<\/a> nos \u00faltimos tr\u00eas anos. Mas seguimos.<br \/>\n<\/span><\/p>\n<p><a href=\"http:\/\/rioonwatch.org.br\/wp-content\/uploads\/2018\/09\/museu-nacional-20mi-itens.jpg\"><img decoding=\"async\" class=\"aligncenter wp-image-35983 size-content\" title=\"Luzia o f\u00f3ssil humano mais antigo encontrado na Am\u00e9rica, com cerca de 12 500 a 13 000 anos.\" src=\"http:\/\/rioonwatch.org.br\/wp-content\/uploads\/2018\/09\/museu-nacional-20mi-itens-620x264.jpg\" alt=\"\" width=\"620\" height=\"264\" \/><\/a><\/p>\n<p><span class=\"text_exposed_show\">Fazer ci\u00eancia no Brasil \u00e9 ato pol\u00edtico, \u00e9 resist\u00eancia, \u00e9 teimosia. \u00c9 acreditar em um pa\u00eds melhor para tod@s, em um futuro que teima em se manter vivo em nossos cora\u00e7\u00f5es, apesar das chamas (por vezes literais) da realidade.<br \/>\n<\/span><\/p>\n<p><span class=\"text_exposed_show\">Pelo museu, vou para a universidade hoje. Produzir conhecimento, teimar, insistir. Por amor, por rebeldia, para mostrar que eles t\u00eam muito mais para queimar antes que se acabe tudo.<\/span><\/p>\n<p><em>Tarcyla Fidalgo \u00e9 candidata a doutora em planejamento urbano e regional pelo IPPUR-UFRJ, mestra em direito da cidade pela UERJ, e estudante do sistema p\u00fablico de educa\u00e7\u00e3o desde o in\u00edcio da vida escolar (Col\u00e9gio Pedro II).<\/em><\/p>\n<!-- AddThis Advanced Settings generic via filter on the_content --><!-- AddThis Share Buttons generic via filter on the_content -->","protected":false},"excerpt":{"rendered":"<div class=\"mh-excerpt\"><p>Click Here for English O RioOnWatch estar\u00e1 publicando, no decorrer desta semana, uma s\u00e9rie de notas sobre o tr\u00e1gico inc\u00eandio que destruiu o Museu Nacional\u00a0neste domingo. A presente nota foi\u00a0postada no Facebook\u00a0por Tarcyla Fidalgo. Essa <a class=\"mh-excerpt-more\" href=\"https:\/\/rioonwatch.org.br\/?p=35979\" title=\"A Absurda Perda do Museu Nacional Escancara um Projeto de Pa\u00eds\">[&#8230;]<\/a><!-- AddThis Advanced Settings generic via filter on get_the_excerpt --><!-- AddThis Share Buttons generic via filter on get_the_excerpt --><\/p>\n<\/div>","protected":false},"author":129,"featured_media":35982,"comment_status":"closed","ping_status":"closed","sticky":false,"template":"","format":"standard","meta":{"_acf_changed":false,"_monsterinsights_skip_tracking":false,"_monsterinsights_sitenote_active":false,"_monsterinsights_sitenote_note":"","_monsterinsights_sitenote_category":0,"footnotes":""},"categories":[1621,346,1631,1630,344],"tags":[81,316,128,725,2468,417,899,1297,839,2469,559,2289,2472,218],"writer":[2461],"translator":[],"source":[],"ilustrador":[],"fotografo":[],"class_list":{"0":"post-35979","1":"post","2":"type-post","3":"status-publish","4":"format-standard","5":"has-post-thumbnail","7":"category-destaque","8":"category-denuncias","9":"category-entendendo-o-rio","10":"category-opiniao","11":"category-politicas","12":"tag-cultura","13":"tag-educacao","14":"tag-historia","15":"tag-incendio","16":"tag-museu-nacional","17":"tag-negligencia-do-estado","18":"tag-preservacao-de-cultura","19":"tag-preservacao-historica","20":"tag-prioridades-publicas-equivocadas","21":"tag-quinta-da-boa-vista","22":"tag-sao-cristovao","23":"tag-serie","24":"tag-serie-museu-nacional-em-chamas","25":"tag-zona-norte","26":"writer-tarcyla-fidalgo"},"acf":[],"yoast_head":"<!-- This site is optimized with the Yoast SEO plugin v25.6 - https:\/\/yoast.com\/wordpress\/plugins\/seo\/ -->\n<title>A Absurda Perda do Museu Nacional Escancara um Projeto de Pa\u00eds - RioOnWatch<\/title>\n<meta name=\"robots\" content=\"index, follow, max-snippet:-1, max-image-preview:large, max-video-preview:-1\" \/>\n<link rel=\"canonical\" href=\"https:\/\/rioonwatch.org.br\/?p=35979\" \/>\n<meta property=\"og:locale\" content=\"pt_BR\" \/>\n<meta property=\"og:type\" content=\"article\" \/>\n<meta property=\"og:title\" content=\"A Absurda Perda do Museu Nacional Escancara um Projeto de Pa\u00eds - RioOnWatch\" \/>\n<meta property=\"og:description\" content=\"Click Here for English O RioOnWatch estar\u00e1 publicando, no decorrer desta semana, uma s\u00e9rie de notas sobre o tr\u00e1gico inc\u00eandio que destruiu o Museu Nacional\u00a0neste domingo. A presente nota foi\u00a0postada no Facebook\u00a0por Tarcyla Fidalgo. Essa [...]\" \/>\n<meta property=\"og:url\" content=\"https:\/\/rioonwatch.org.br\/?p=35979\" \/>\n<meta property=\"og:site_name\" content=\"RioOnWatch\" \/>\n<meta property=\"article:published_time\" content=\"2018-09-03T14:35:17+00:00\" \/>\n<meta property=\"article:modified_time\" content=\"2018-09-05T10:53:11+00:00\" \/>\n<meta property=\"og:image\" content=\"https:\/\/rioonwatch.org.br\/wp-content\/uploads\/2018\/09\/museu-nacional-do-rio-02092018215938421.jpeg\" \/>\n\t<meta property=\"og:image:width\" content=\"660\" \/>\n\t<meta property=\"og:image:height\" content=\"360\" \/>\n\t<meta property=\"og:image:type\" content=\"image\/jpeg\" \/>\n<meta name=\"author\" content=\"Admin\" \/>\n<meta name=\"twitter:card\" content=\"summary_large_image\" \/>\n<meta name=\"twitter:label1\" content=\"Escrito por\" \/>\n\t<meta name=\"twitter:data1\" content=\"Admin\" \/>\n\t<meta name=\"twitter:label2\" content=\"Est. tempo de leitura\" \/>\n\t<meta name=\"twitter:data2\" content=\"2 minutos\" \/>\n<script type=\"application\/ld+json\" class=\"yoast-schema-graph\">{\"@context\":\"https:\/\/schema.org\",\"@graph\":[{\"@type\":\"Article\",\"@id\":\"https:\/\/rioonwatch.org.br\/?p=35979#article\",\"isPartOf\":{\"@id\":\"https:\/\/rioonwatch.org.br\/?p=35979\"},\"author\":{\"name\":\"Admin\",\"@id\":\"https:\/\/rioonwatch.org.br\/#\/schema\/person\/11d64c290506f9df50c71b850c473f68\"},\"headline\":\"A Absurda Perda do Museu Nacional Escancara um Projeto de Pa\u00eds\",\"datePublished\":\"2018-09-03T14:35:17+00:00\",\"dateModified\":\"2018-09-05T10:53:11+00:00\",\"mainEntityOfPage\":{\"@id\":\"https:\/\/rioonwatch.org.br\/?p=35979\"},\"wordCount\":418,\"publisher\":{\"@id\":\"https:\/\/rioonwatch.org.br\/#organization\"},\"image\":{\"@id\":\"https:\/\/rioonwatch.org.br\/?p=35979#primaryimage\"},\"thumbnailUrl\":\"https:\/\/rioonwatch.org.br\/wp-content\/uploads\/2018\/09\/museu-nacional-do-rio-02092018215938421.jpeg\",\"keywords\":[\"cultura\",\"educa\u00e7\u00e3o\",\"hist\u00f3ria\",\"inc\u00eandio\",\"Museu Nacional\",\"Neglig\u00eancia do Estado\",\"preserva\u00e7\u00e3o de cultura\",\"preserva\u00e7\u00e3o hist\u00f3rica\",\"prioridades p\u00fablicas equivocadas\",\"Quinta da Boa Vista\",\"S\u00e3o Crist\u00f3v\u00e3o\",\"S\u00e9rie\",\"S\u00e9rie: Museu Nacional em Chamas\",\"Zona Norte\"],\"articleSection\":[\"*Destaque\",\"Den\u00fancias\",\"Entendendo o Rio\",\"Opini\u00e3o\",\"Pol\u00edticas\"],\"inLanguage\":\"pt-BR\"},{\"@type\":\"WebPage\",\"@id\":\"https:\/\/rioonwatch.org.br\/?p=35979\",\"url\":\"https:\/\/rioonwatch.org.br\/?p=35979\",\"name\":\"A Absurda Perda do Museu Nacional Escancara um Projeto de Pa\u00eds - RioOnWatch\",\"isPartOf\":{\"@id\":\"https:\/\/rioonwatch.org.br\/#website\"},\"primaryImageOfPage\":{\"@id\":\"https:\/\/rioonwatch.org.br\/?p=35979#primaryimage\"},\"image\":{\"@id\":\"https:\/\/rioonwatch.org.br\/?p=35979#primaryimage\"},\"thumbnailUrl\":\"https:\/\/rioonwatch.org.br\/wp-content\/uploads\/2018\/09\/museu-nacional-do-rio-02092018215938421.jpeg\",\"datePublished\":\"2018-09-03T14:35:17+00:00\",\"dateModified\":\"2018-09-05T10:53:11+00:00\",\"breadcrumb\":{\"@id\":\"https:\/\/rioonwatch.org.br\/?p=35979#breadcrumb\"},\"inLanguage\":\"pt-BR\",\"potentialAction\":[{\"@type\":\"ReadAction\",\"target\":[\"https:\/\/rioonwatch.org.br\/?p=35979\"]}]},{\"@type\":\"ImageObject\",\"inLanguage\":\"pt-BR\",\"@id\":\"https:\/\/rioonwatch.org.br\/?p=35979#primaryimage\",\"url\":\"https:\/\/rioonwatch.org.br\/wp-content\/uploads\/2018\/09\/museu-nacional-do-rio-02092018215938421.jpeg\",\"contentUrl\":\"https:\/\/rioonwatch.org.br\/wp-content\/uploads\/2018\/09\/museu-nacional-do-rio-02092018215938421.jpeg\",\"width\":660,\"height\":360},{\"@type\":\"BreadcrumbList\",\"@id\":\"https:\/\/rioonwatch.org.br\/?p=35979#breadcrumb\",\"itemListElement\":[{\"@type\":\"ListItem\",\"position\":1,\"name\":\"In\u00edcio\",\"item\":\"https:\/\/rioonwatch.org.br\/\"},{\"@type\":\"ListItem\",\"position\":2,\"name\":\"A Absurda Perda do Museu Nacional Escancara um Projeto de Pa\u00eds\"}]},{\"@type\":\"WebSite\",\"@id\":\"https:\/\/rioonwatch.org.br\/#website\",\"url\":\"https:\/\/rioonwatch.org.br\/\",\"name\":\"RioOnWatch\",\"description\":\"relatos das favelas cariocas\",\"publisher\":{\"@id\":\"https:\/\/rioonwatch.org.br\/#organization\"},\"potentialAction\":[{\"@type\":\"SearchAction\",\"target\":{\"@type\":\"EntryPoint\",\"urlTemplate\":\"https:\/\/rioonwatch.org.br\/?s={search_term_string}\"},\"query-input\":{\"@type\":\"PropertyValueSpecification\",\"valueRequired\":true,\"valueName\":\"search_term_string\"}}],\"inLanguage\":\"pt-BR\"},{\"@type\":\"Organization\",\"@id\":\"https:\/\/rioonwatch.org.br\/#organization\",\"name\":\"RioOnWatch\",\"url\":\"https:\/\/rioonwatch.org.br\/\",\"logo\":{\"@type\":\"ImageObject\",\"inLanguage\":\"pt-BR\",\"@id\":\"https:\/\/rioonwatch.org.br\/#\/schema\/logo\/image\/\",\"url\":\"https:\/\/rioonwatch.org.br\/wp-content\/uploads\/2021\/06\/RioOnWatchcabecalhoPT11anos-2.png\",\"contentUrl\":\"https:\/\/rioonwatch.org.br\/wp-content\/uploads\/2021\/06\/RioOnWatchcabecalhoPT11anos-2.png\",\"width\":779,\"height\":277,\"caption\":\"RioOnWatch\"},\"image\":{\"@id\":\"https:\/\/rioonwatch.org.br\/#\/schema\/logo\/image\/\"}},{\"@type\":\"Person\",\"@id\":\"https:\/\/rioonwatch.org.br\/#\/schema\/person\/11d64c290506f9df50c71b850c473f68\",\"name\":\"Admin\",\"image\":{\"@type\":\"ImageObject\",\"inLanguage\":\"pt-BR\",\"@id\":\"https:\/\/rioonwatch.org.br\/#\/schema\/person\/image\/\",\"url\":\"https:\/\/secure.gravatar.com\/avatar\/56211ac74568383903349a1485e3c325?s=96&d=blank&r=g\",\"contentUrl\":\"https:\/\/secure.gravatar.com\/avatar\/56211ac74568383903349a1485e3c325?s=96&d=blank&r=g\",\"caption\":\"Admin\"},\"url\":\"https:\/\/rioonwatch.org.br\/?author=129\"}]}<\/script>\n<!-- \/ Yoast SEO plugin. -->","yoast_head_json":{"title":"A Absurda Perda do Museu Nacional Escancara um Projeto de Pa\u00eds - RioOnWatch","robots":{"index":"index","follow":"follow","max-snippet":"max-snippet:-1","max-image-preview":"max-image-preview:large","max-video-preview":"max-video-preview:-1"},"canonical":"https:\/\/rioonwatch.org.br\/?p=35979","og_locale":"pt_BR","og_type":"article","og_title":"A Absurda Perda do Museu Nacional Escancara um Projeto de Pa\u00eds - RioOnWatch","og_description":"Click Here for English O RioOnWatch estar\u00e1 publicando, no decorrer desta semana, uma s\u00e9rie de notas sobre o tr\u00e1gico inc\u00eandio que destruiu o Museu Nacional\u00a0neste domingo. A presente nota foi\u00a0postada no Facebook\u00a0por Tarcyla Fidalgo. Essa [...]","og_url":"https:\/\/rioonwatch.org.br\/?p=35979","og_site_name":"RioOnWatch","article_published_time":"2018-09-03T14:35:17+00:00","article_modified_time":"2018-09-05T10:53:11+00:00","og_image":[{"width":660,"height":360,"url":"https:\/\/rioonwatch.org.br\/wp-content\/uploads\/2018\/09\/museu-nacional-do-rio-02092018215938421.jpeg","type":"image\/jpeg"}],"author":"Admin","twitter_card":"summary_large_image","twitter_misc":{"Escrito por":"Admin","Est. tempo de leitura":"2 minutos"},"schema":{"@context":"https:\/\/schema.org","@graph":[{"@type":"Article","@id":"https:\/\/rioonwatch.org.br\/?p=35979#article","isPartOf":{"@id":"https:\/\/rioonwatch.org.br\/?p=35979"},"author":{"name":"Admin","@id":"https:\/\/rioonwatch.org.br\/#\/schema\/person\/11d64c290506f9df50c71b850c473f68"},"headline":"A Absurda Perda do Museu Nacional Escancara um Projeto de Pa\u00eds","datePublished":"2018-09-03T14:35:17+00:00","dateModified":"2018-09-05T10:53:11+00:00","mainEntityOfPage":{"@id":"https:\/\/rioonwatch.org.br\/?p=35979"},"wordCount":418,"publisher":{"@id":"https:\/\/rioonwatch.org.br\/#organization"},"image":{"@id":"https:\/\/rioonwatch.org.br\/?p=35979#primaryimage"},"thumbnailUrl":"https:\/\/rioonwatch.org.br\/wp-content\/uploads\/2018\/09\/museu-nacional-do-rio-02092018215938421.jpeg","keywords":["cultura","educa\u00e7\u00e3o","hist\u00f3ria","inc\u00eandio","Museu Nacional","Neglig\u00eancia do Estado","preserva\u00e7\u00e3o de cultura","preserva\u00e7\u00e3o hist\u00f3rica","prioridades p\u00fablicas equivocadas","Quinta da Boa Vista","S\u00e3o Crist\u00f3v\u00e3o","S\u00e9rie","S\u00e9rie: Museu Nacional em Chamas","Zona Norte"],"articleSection":["*Destaque","Den\u00fancias","Entendendo o Rio","Opini\u00e3o","Pol\u00edticas"],"inLanguage":"pt-BR"},{"@type":"WebPage","@id":"https:\/\/rioonwatch.org.br\/?p=35979","url":"https:\/\/rioonwatch.org.br\/?p=35979","name":"A Absurda Perda do Museu Nacional Escancara um Projeto de Pa\u00eds - RioOnWatch","isPartOf":{"@id":"https:\/\/rioonwatch.org.br\/#website"},"primaryImageOfPage":{"@id":"https:\/\/rioonwatch.org.br\/?p=35979#primaryimage"},"image":{"@id":"https:\/\/rioonwatch.org.br\/?p=35979#primaryimage"},"thumbnailUrl":"https:\/\/rioonwatch.org.br\/wp-content\/uploads\/2018\/09\/museu-nacional-do-rio-02092018215938421.jpeg","datePublished":"2018-09-03T14:35:17+00:00","dateModified":"2018-09-05T10:53:11+00:00","breadcrumb":{"@id":"https:\/\/rioonwatch.org.br\/?p=35979#breadcrumb"},"inLanguage":"pt-BR","potentialAction":[{"@type":"ReadAction","target":["https:\/\/rioonwatch.org.br\/?p=35979"]}]},{"@type":"ImageObject","inLanguage":"pt-BR","@id":"https:\/\/rioonwatch.org.br\/?p=35979#primaryimage","url":"https:\/\/rioonwatch.org.br\/wp-content\/uploads\/2018\/09\/museu-nacional-do-rio-02092018215938421.jpeg","contentUrl":"https:\/\/rioonwatch.org.br\/wp-content\/uploads\/2018\/09\/museu-nacional-do-rio-02092018215938421.jpeg","width":660,"height":360},{"@type":"BreadcrumbList","@id":"https:\/\/rioonwatch.org.br\/?p=35979#breadcrumb","itemListElement":[{"@type":"ListItem","position":1,"name":"In\u00edcio","item":"https:\/\/rioonwatch.org.br\/"},{"@type":"ListItem","position":2,"name":"A Absurda Perda do Museu Nacional Escancara um Projeto de Pa\u00eds"}]},{"@type":"WebSite","@id":"https:\/\/rioonwatch.org.br\/#website","url":"https:\/\/rioonwatch.org.br\/","name":"RioOnWatch","description":"relatos das favelas cariocas","publisher":{"@id":"https:\/\/rioonwatch.org.br\/#organization"},"potentialAction":[{"@type":"SearchAction","target":{"@type":"EntryPoint","urlTemplate":"https:\/\/rioonwatch.org.br\/?s={search_term_string}"},"query-input":{"@type":"PropertyValueSpecification","valueRequired":true,"valueName":"search_term_string"}}],"inLanguage":"pt-BR"},{"@type":"Organization","@id":"https:\/\/rioonwatch.org.br\/#organization","name":"RioOnWatch","url":"https:\/\/rioonwatch.org.br\/","logo":{"@type":"ImageObject","inLanguage":"pt-BR","@id":"https:\/\/rioonwatch.org.br\/#\/schema\/logo\/image\/","url":"https:\/\/rioonwatch.org.br\/wp-content\/uploads\/2021\/06\/RioOnWatchcabecalhoPT11anos-2.png","contentUrl":"https:\/\/rioonwatch.org.br\/wp-content\/uploads\/2021\/06\/RioOnWatchcabecalhoPT11anos-2.png","width":779,"height":277,"caption":"RioOnWatch"},"image":{"@id":"https:\/\/rioonwatch.org.br\/#\/schema\/logo\/image\/"}},{"@type":"Person","@id":"https:\/\/rioonwatch.org.br\/#\/schema\/person\/11d64c290506f9df50c71b850c473f68","name":"Admin","image":{"@type":"ImageObject","inLanguage":"pt-BR","@id":"https:\/\/rioonwatch.org.br\/#\/schema\/person\/image\/","url":"https:\/\/secure.gravatar.com\/avatar\/56211ac74568383903349a1485e3c325?s=96&d=blank&r=g","contentUrl":"https:\/\/secure.gravatar.com\/avatar\/56211ac74568383903349a1485e3c325?s=96&d=blank&r=g","caption":"Admin"},"url":"https:\/\/rioonwatch.org.br\/?author=129"}]}},"_links":{"self":[{"href":"https:\/\/rioonwatch.org.br\/index.php?rest_route=\/wp\/v2\/posts\/35979"}],"collection":[{"href":"https:\/\/rioonwatch.org.br\/index.php?rest_route=\/wp\/v2\/posts"}],"about":[{"href":"https:\/\/rioonwatch.org.br\/index.php?rest_route=\/wp\/v2\/types\/post"}],"author":[{"embeddable":true,"href":"https:\/\/rioonwatch.org.br\/index.php?rest_route=\/wp\/v2\/users\/129"}],"replies":[{"embeddable":true,"href":"https:\/\/rioonwatch.org.br\/index.php?rest_route=%2Fwp%2Fv2%2Fcomments&post=35979"}],"version-history":[{"count":17,"href":"https:\/\/rioonwatch.org.br\/index.php?rest_route=\/wp\/v2\/posts\/35979\/revisions"}],"predecessor-version":[{"id":36066,"href":"https:\/\/rioonwatch.org.br\/index.php?rest_route=\/wp\/v2\/posts\/35979\/revisions\/36066"}],"wp:featuredmedia":[{"embeddable":true,"href":"https:\/\/rioonwatch.org.br\/index.php?rest_route=\/wp\/v2\/media\/35982"}],"wp:attachment":[{"href":"https:\/\/rioonwatch.org.br\/index.php?rest_route=%2Fwp%2Fv2%2Fmedia&parent=35979"}],"wp:term":[{"taxonomy":"category","embeddable":true,"href":"https:\/\/rioonwatch.org.br\/index.php?rest_route=%2Fwp%2Fv2%2Fcategories&post=35979"},{"taxonomy":"post_tag","embeddable":true,"href":"https:\/\/rioonwatch.org.br\/index.php?rest_route=%2Fwp%2Fv2%2Ftags&post=35979"},{"taxonomy":"writer","embeddable":true,"href":"https:\/\/rioonwatch.org.br\/index.php?rest_route=%2Fwp%2Fv2%2Fwriter&post=35979"},{"taxonomy":"translator","embeddable":true,"href":"https:\/\/rioonwatch.org.br\/index.php?rest_route=%2Fwp%2Fv2%2Ftranslator&post=35979"},{"taxonomy":"source","embeddable":true,"href":"https:\/\/rioonwatch.org.br\/index.php?rest_route=%2Fwp%2Fv2%2Fsource&post=35979"},{"taxonomy":"ilustrador","embeddable":true,"href":"https:\/\/rioonwatch.org.br\/index.php?rest_route=%2Fwp%2Fv2%2Filustrador&post=35979"},{"taxonomy":"fotografo","embeddable":true,"href":"https:\/\/rioonwatch.org.br\/index.php?rest_route=%2Fwp%2Fv2%2Ffotografo&post=35979"}],"curies":[{"name":"wp","href":"https:\/\/api.w.org\/{rel}","templated":true}]}}