{"id":35997,"date":"2018-09-04T10:50:42","date_gmt":"2018-09-04T13:50:42","guid":{"rendered":"http:\/\/rioonwatch.org.br\/?p=35997"},"modified":"2024-06-20T13:46:31","modified_gmt":"2024-06-20T16:46:31","slug":"o-museu-nacional-na-perspectiva-historica-afetiva-favelada-suburbana","status":"publish","type":"post","link":"https:\/\/rioonwatch.org.br\/?p=35997","title":{"rendered":"O Museu Nacional na Perspectiva Hist\u00f3rica, Afetiva Favelada\/Suburbana"},"content":{"rendered":"<p style=\"text-align: right;\"><em><strong><a href=\"http:\/\/bit.ly\/2MNCXtB\" target=\"_blank\" rel=\"noopener noreferrer\">Click Here for English<img decoding=\"async\" width=\"20\" height=\"20\" class=\"alignright wp-image-15790\" src=\"http:\/\/rioonwatch.org.br\/wp-content\/uploads\/2012\/08\/EN-standard-e1439583104716.jpg\" \/><\/a><\/strong><\/em><\/p>\n<p><i>O RioOnWatch estar\u00e1 publicando, no decorrer desta semana, uma <a href=\"http:\/\/bit.ly\/2oGv7U7\" target=\"_blank\" rel=\"noopener\">s\u00e9rie de notas sobre o tr\u00e1gico inc\u00eandio que destruiu o Museu Nacional<\/a> neste domingo. A presente nota foi\u00a0<a href=\"http:\/\/bit.ly\/2MOwgHN\" target=\"_blank\" rel=\"noopener\" data-saferedirecturl=\"https:\/\/www.google.com\/url?q=http:\/\/bit.ly\/2NcNMVm&amp;source=gmail&amp;ust=1536073421811000&amp;usg=AFQjCNEk5RCqYgQQoIsitLBEi9ZNCoXECQ\">postada no Facebook<\/a>\u00a0por Thain\u00e3 de Medeiros.<\/i><\/p>\n<p><span style=\"font-weight: 400;\">Sou muse\u00f3logo e militante de favelas. Essas duas forma\u00e7\u00f5es me faz refletir sobre o que representa o estrago do inc\u00eandio do <a href=\"http:\/\/bit.ly\/2wGN89g\" target=\"_blank\" rel=\"noopener\">Museu Nacional<\/a> ontem com uma perspectiva hist\u00f3rica, afetiva favelada\/suburbana.<\/span><\/p>\n<p><span style=\"font-weight: 400;\">Posso afirmar que a maioria dos amigos que tenho tiveram sua primeira experi\u00eancia em museu ali, sen\u00e3o a \u00fanica. Eu mesmo fui assim. A primeira vez que meu pai me levou disse que eu iria conhecer a m\u00famia e dinossauros! Imagina como fica o imagin\u00e1rio de uma crian\u00e7a com essas informa\u00e7\u00f5es? Tamb\u00e9m entrei nele numa excurs\u00e3o da escola onde tacamos o terror (no bom sentido da palavra em que crian\u00e7as se apropriam do espa\u00e7o museol\u00f3gico), corremos para ver tudo! Era irado aquele esqueleto de uma baleia!! Pir\u00e1vamos!<\/span><\/p>\n<p><a href=\"http:\/\/rioonwatch.org.br\/wp-content\/uploads\/2018\/09\/baleia.jpg\"><img fetchpriority=\"high\" decoding=\"async\" class=\"aligncenter wp-image-36002 size-content\" title=\"O esqueleto da baleia | Divulga\u00e7\u00e3o Museu Nacional\" src=\"http:\/\/rioonwatch.org.br\/wp-content\/uploads\/2018\/09\/baleia-620x264.jpg\" alt=\"\" width=\"620\" height=\"264\" \/><\/a><\/p>\n<p><span style=\"font-weight: 400;\">N\u00e3o tem como pensar nesse museu sem citar um dos passeios inesquec\u00edveis com meu amigo <\/span><span style=\"font-weight: 400;\">Hugo<\/span><span style=\"font-weight: 400;\">! Ainda rolava tarde de futebol na grama, zool\u00f3gico e pipa! Ali\u00e1s, <a href=\"https:\/\/glo.bo\/2NMuGCL\" target=\"_blank\" rel=\"noopener\">aquele gramado sim<\/a>, muito utilizado e apropriado pela favela. Local de festa de dias da crian\u00e7a, tardes de sol, passeio com a galera da escola, shows! <a href=\"https:\/\/glo.bo\/2LW6VGv\" target=\"_blank\" rel=\"noopener\">Aquele gramado foi constru\u00eddo<\/a>, pois \u00e9 resultado de obra paisag\u00edstica caracter\u00edstica da constru\u00e7\u00e3o da antiga morada da fam\u00edlia imperial. Ali tamb\u00e9m tem um peda\u00e7o da mem\u00f3ria da cidade que continua preservada e viva, e vai continuar sendo utilizada pela favela neste final de semana. [Enquanto isso] o Museu Nacional estar\u00e1 fechado.<\/span><\/p>\n<p><span style=\"font-weight: 400;\">Quando se perde um Museu desses se <a href=\"http:\/\/bit.ly\/2LZ7gbk\" target=\"_blank\" rel=\"noopener\">perde patrim\u00f4nio hist\u00f3rico<\/a> e la\u00e7os afetivos. Uma perda inestim\u00e1vel pra mem\u00f3ria coletiva (alguns dir\u00e3o social), mas n\u00e3o individual. Vejo muitos amigos profissionais de museus se posicionando, mas vejo muito favelado que n\u00e3o \u00e9 da \u00e1rea lamentando, e isso \u00e9 um dado importante! De alguma forma, aquele Museu participava da mem\u00f3ria dessa galera! N\u00e3o \u00e9 qualquer Museu que consegue isso no Rio de Janeiro.<\/span><\/p>\n<p><span style=\"font-weight: 400;\">A \u00faltima vez que entrei nele, eu j\u00e1 era um profissional da \u00e1rea dos museus, ent\u00e3o olhava com certa tristeza que <a href=\"http:\/\/bit.ly\/2Q506Wa\" target=\"_blank\" rel=\"noopener\">ele n\u00e3o tinha condi\u00e7\u00f5es ideais de funcionamento<\/a>, mas mesmo assim continuava funcionando com o trabalho dos profissionais que atuam sem condi\u00e7\u00f5es. Olhar t\u00e9cnico tira um pouco da magia, mas foi por gostar de museus que escolhi estudar est\u00e1 \u00e1rea. Foi por ter ido l\u00e1 a primeira vez com meu pai e depois com amigos que decidi ser muse\u00f3logo. Outros museus t\u00eam participa\u00e7\u00e3o nisso, como o <a href=\"http:\/\/bit.ly\/2LZ8a7I\" target=\"_blank\" rel=\"noopener\">Museu de Belas Artes<\/a> ou o <a href=\"http:\/\/bit.ly\/2NLhQoh\" target=\"_blank\" rel=\"noopener\">Museu da Rep\u00fablica,<\/a> mas o Nacional foi o primeiro.<\/span><\/p>\n<h4>V\u00eddeo de junho 2018, de comemora\u00e7\u00e3o de 200 anos do Museu Nacional, e chamada por apoio:<\/h4>\n<p><iframe style=\"border: none; overflow: hidden;\" src=\"https:\/\/www.facebook.com\/plugins\/video.php?href=https%3A%2F%2Fwww.facebook.com%2Fgeorgedearaujo%2Fvideos%2F1968059469923041%2F&amp;show_text=0&amp;width=620\" width=\"620\" height=\"349\" frameborder=\"0\" scrolling=\"no\" allowfullscreen=\"allowfullscreen\"><span data-mce-type=\"bookmark\" style=\"display: inline-block; width: 0px; overflow: hidden; line-height: 0;\" class=\"mce_SELRES_start\">\ufeff<\/span><\/iframe><\/p>\n<p><span style=\"font-weight: 400;\">Fico feliz em ver esfor\u00e7o da galera pra trabalhar em torno da mem\u00f3ria e uma grande mobiliza\u00e7\u00e3o em torno deste museu. Sendo militante de direitos humanos, vejo muita milit\u00e2ncia nascer de perdas. A maioria come\u00e7a assim. Mas a maior milit\u00e2ncia que podemos fazer agora \u00e9 nos apropriarmos dos outros museus. Lotar eles! <a href=\"http:\/\/bit.ly\/2rMNKqD\" target=\"_blank\" rel=\"noopener\">Principalmente os de favelas<\/a>! Sim! Tamb\u00e9m s\u00e3o patrim\u00f4nios, por\u00e9m <a href=\"http:\/\/bit.ly\/2jZIDQh\" target=\"_blank\" rel=\"noopener\">contam a hist\u00f3ria n\u00e3o oficial<\/a>. Claro que os museus de hist\u00f3ria oficial tamb\u00e9m t\u00eam que ser preservados, assim como o Museu Nacional deveria. Mas um recome\u00e7o tem que ser pela base. Tudo se come\u00e7a pela base.<\/span><\/p>\n<p><em>Thai\u00f1a de Medeiros \u00e9 muse\u00f3logo e jornalista, nascido no Complexo da Penha e residindo h\u00e1 quatro anos no Complexo do Alem\u00e3o. Atua no Coletivo Papo Reto, um coletivo que usa o audiovisual como forma de fazer disputa de narrativa sobre a favela.<\/em><\/p>\n<!-- AddThis Advanced Settings generic via filter on the_content --><!-- AddThis Share Buttons generic via filter on the_content -->","protected":false},"excerpt":{"rendered":"<div class=\"mh-excerpt\"><p>Click Here for English O RioOnWatch estar\u00e1 publicando, no decorrer desta semana, uma s\u00e9rie de notas sobre o tr\u00e1gico inc\u00eandio que destruiu o Museu Nacional neste domingo. A presente nota foi\u00a0postada no Facebook\u00a0por Thain\u00e3 de <a class=\"mh-excerpt-more\" href=\"https:\/\/rioonwatch.org.br\/?p=35997\" title=\"O Museu Nacional na Perspectiva Hist\u00f3rica, Afetiva Favelada\/Suburbana\">[&#8230;]<\/a><!-- AddThis Advanced Settings generic via filter on get_the_excerpt --><!-- AddThis Share Buttons generic via filter on get_the_excerpt --><\/p>\n<\/div>","protected":false},"author":129,"featured_media":36011,"comment_status":"closed","ping_status":"closed","sticky":false,"template":"","format":"standard","meta":{"_acf_changed":false,"_monsterinsights_skip_tracking":false,"_monsterinsights_sitenote_active":false,"_monsterinsights_sitenote_note":"","_monsterinsights_sitenote_category":0,"footnotes":""},"categories":[1621,1615,346,1631,1625],"tags":[531,217,316,811,128,725,1418,469,2188,1111,2368,2468,417,899,1297,839,2469,2289,2472],"writer":[2176],"translator":[],"source":[],"ilustrador":[],"fotografo":[],"class_list":{"0":"post-35997","1":"post","2":"type-post","3":"status-publish","4":"format-standard","5":"has-post-thumbnail","7":"category-destaque","8":"category-cultura-da-favela","9":"category-denuncias","10":"category-entendendo-o-rio","11":"category-por-correspondentes-comunitarios","12":"tag-area-de-lazer","13":"tag-complexo-do-alemao","14":"tag-educacao","15":"tag-espaco-publico","16":"tag-historia","17":"tag-incendio","18":"tag-coletivo-papo-reto","19":"tag-memoria","20":"tag-museologia-social","21":"tag-museu","22":"tag-museu-comunitario","23":"tag-museu-nacional","24":"tag-negligencia-do-estado","25":"tag-preservacao-de-cultura","26":"tag-preservacao-historica","27":"tag-prioridades-publicas-equivocadas","28":"tag-quinta-da-boa-vista","29":"tag-serie","30":"tag-serie-museu-nacional-em-chamas","31":"writer-thaina-de-medeiros"},"acf":[],"yoast_head":"<!-- This site is optimized with the Yoast SEO plugin v25.6 - https:\/\/yoast.com\/wordpress\/plugins\/seo\/ -->\n<title>O Museu Nacional na Perspectiva Hist\u00f3rica, Afetiva Favelada\/Suburbana - RioOnWatch<\/title>\n<meta name=\"robots\" content=\"index, follow, max-snippet:-1, max-image-preview:large, max-video-preview:-1\" \/>\n<link rel=\"canonical\" href=\"https:\/\/rioonwatch.org.br\/?p=35997\" \/>\n<meta property=\"og:locale\" content=\"pt_BR\" \/>\n<meta property=\"og:type\" content=\"article\" \/>\n<meta property=\"og:title\" content=\"O Museu Nacional na Perspectiva Hist\u00f3rica, Afetiva Favelada\/Suburbana - RioOnWatch\" \/>\n<meta property=\"og:description\" content=\"Click Here for English O RioOnWatch estar\u00e1 publicando, no decorrer desta semana, uma s\u00e9rie de notas sobre o tr\u00e1gico inc\u00eandio que destruiu o Museu Nacional neste domingo. A presente nota foi\u00a0postada no Facebook\u00a0por Thain\u00e3 de [...]\" \/>\n<meta property=\"og:url\" content=\"https:\/\/rioonwatch.org.br\/?p=35997\" \/>\n<meta property=\"og:site_name\" content=\"RioOnWatch\" \/>\n<meta property=\"article:published_time\" content=\"2018-09-04T13:50:42+00:00\" \/>\n<meta property=\"article:modified_time\" content=\"2024-06-20T16:46:31+00:00\" \/>\n<meta property=\"og:image\" content=\"https:\/\/rioonwatch.org.br\/wp-content\/uploads\/2018\/09\/brasil-museu-nacional-20180903-004.jpg\" \/>\n\t<meta property=\"og:image:width\" content=\"920\" \/>\n\t<meta property=\"og:image:height\" content=\"613\" \/>\n\t<meta property=\"og:image:type\" content=\"image\/jpeg\" \/>\n<meta name=\"author\" content=\"Admin\" \/>\n<meta name=\"twitter:card\" content=\"summary_large_image\" \/>\n<meta name=\"twitter:label1\" content=\"Escrito por\" \/>\n\t<meta name=\"twitter:data1\" content=\"Admin\" \/>\n\t<meta name=\"twitter:label2\" content=\"Est. tempo de leitura\" \/>\n\t<meta name=\"twitter:data2\" content=\"3 minutos\" \/>\n<script type=\"application\/ld+json\" class=\"yoast-schema-graph\">{\"@context\":\"https:\/\/schema.org\",\"@graph\":[{\"@type\":\"Article\",\"@id\":\"https:\/\/rioonwatch.org.br\/?p=35997#article\",\"isPartOf\":{\"@id\":\"https:\/\/rioonwatch.org.br\/?p=35997\"},\"author\":{\"name\":\"Admin\",\"@id\":\"https:\/\/rioonwatch.org.br\/#\/schema\/person\/11d64c290506f9df50c71b850c473f68\"},\"headline\":\"O Museu Nacional na Perspectiva Hist\u00f3rica, Afetiva Favelada\/Suburbana\",\"datePublished\":\"2018-09-04T13:50:42+00:00\",\"dateModified\":\"2024-06-20T16:46:31+00:00\",\"mainEntityOfPage\":{\"@id\":\"https:\/\/rioonwatch.org.br\/?p=35997\"},\"wordCount\":661,\"publisher\":{\"@id\":\"https:\/\/rioonwatch.org.br\/#organization\"},\"image\":{\"@id\":\"https:\/\/rioonwatch.org.br\/?p=35997#primaryimage\"},\"thumbnailUrl\":\"https:\/\/rioonwatch.org.br\/wp-content\/uploads\/2018\/09\/brasil-museu-nacional-20180903-004.jpg\",\"keywords\":[\"\u00e1rea de lazer\",\"Complexo do Alem\u00e3o\",\"educa\u00e7\u00e3o\",\"espa\u00e7o p\u00fablico\",\"hist\u00f3ria\",\"inc\u00eandio\",\"Instituto Papo Reto\",\"Mem\u00f3rias Faveladas\",\"museologia social\",\"museu\",\"Museu comunit\u00e1rio\",\"Museu Nacional\",\"Neglig\u00eancia do Estado\",\"preserva\u00e7\u00e3o de cultura\",\"preserva\u00e7\u00e3o hist\u00f3rica\",\"prioridades p\u00fablicas equivocadas\",\"Quinta da Boa Vista\",\"S\u00e9rie\",\"S\u00e9rie: Museu Nacional em Chamas\"],\"articleSection\":[\"*Destaque\",\"Cultura da Favela\",\"Den\u00fancias\",\"Entendendo o Rio\",\"Escrito por Comunicadores Populares\"],\"inLanguage\":\"pt-BR\"},{\"@type\":\"WebPage\",\"@id\":\"https:\/\/rioonwatch.org.br\/?p=35997\",\"url\":\"https:\/\/rioonwatch.org.br\/?p=35997\",\"name\":\"O Museu Nacional na Perspectiva Hist\u00f3rica, Afetiva Favelada\/Suburbana - RioOnWatch\",\"isPartOf\":{\"@id\":\"https:\/\/rioonwatch.org.br\/#website\"},\"primaryImageOfPage\":{\"@id\":\"https:\/\/rioonwatch.org.br\/?p=35997#primaryimage\"},\"image\":{\"@id\":\"https:\/\/rioonwatch.org.br\/?p=35997#primaryimage\"},\"thumbnailUrl\":\"https:\/\/rioonwatch.org.br\/wp-content\/uploads\/2018\/09\/brasil-museu-nacional-20180903-004.jpg\",\"datePublished\":\"2018-09-04T13:50:42+00:00\",\"dateModified\":\"2024-06-20T16:46:31+00:00\",\"breadcrumb\":{\"@id\":\"https:\/\/rioonwatch.org.br\/?p=35997#breadcrumb\"},\"inLanguage\":\"pt-BR\",\"potentialAction\":[{\"@type\":\"ReadAction\",\"target\":[\"https:\/\/rioonwatch.org.br\/?p=35997\"]}]},{\"@type\":\"ImageObject\",\"inLanguage\":\"pt-BR\",\"@id\":\"https:\/\/rioonwatch.org.br\/?p=35997#primaryimage\",\"url\":\"https:\/\/rioonwatch.org.br\/wp-content\/uploads\/2018\/09\/brasil-museu-nacional-20180903-004.jpg\",\"contentUrl\":\"https:\/\/rioonwatch.org.br\/wp-content\/uploads\/2018\/09\/brasil-museu-nacional-20180903-004.jpg\",\"width\":920,\"height\":613},{\"@type\":\"BreadcrumbList\",\"@id\":\"https:\/\/rioonwatch.org.br\/?p=35997#breadcrumb\",\"itemListElement\":[{\"@type\":\"ListItem\",\"position\":1,\"name\":\"In\u00edcio\",\"item\":\"https:\/\/rioonwatch.org.br\/\"},{\"@type\":\"ListItem\",\"position\":2,\"name\":\"O Museu Nacional na Perspectiva Hist\u00f3rica, Afetiva Favelada\/Suburbana\"}]},{\"@type\":\"WebSite\",\"@id\":\"https:\/\/rioonwatch.org.br\/#website\",\"url\":\"https:\/\/rioonwatch.org.br\/\",\"name\":\"RioOnWatch\",\"description\":\"relatos das favelas cariocas\",\"publisher\":{\"@id\":\"https:\/\/rioonwatch.org.br\/#organization\"},\"potentialAction\":[{\"@type\":\"SearchAction\",\"target\":{\"@type\":\"EntryPoint\",\"urlTemplate\":\"https:\/\/rioonwatch.org.br\/?s={search_term_string}\"},\"query-input\":{\"@type\":\"PropertyValueSpecification\",\"valueRequired\":true,\"valueName\":\"search_term_string\"}}],\"inLanguage\":\"pt-BR\"},{\"@type\":\"Organization\",\"@id\":\"https:\/\/rioonwatch.org.br\/#organization\",\"name\":\"RioOnWatch\",\"url\":\"https:\/\/rioonwatch.org.br\/\",\"logo\":{\"@type\":\"ImageObject\",\"inLanguage\":\"pt-BR\",\"@id\":\"https:\/\/rioonwatch.org.br\/#\/schema\/logo\/image\/\",\"url\":\"https:\/\/rioonwatch.org.br\/wp-content\/uploads\/2021\/06\/RioOnWatchcabecalhoPT11anos-2.png\",\"contentUrl\":\"https:\/\/rioonwatch.org.br\/wp-content\/uploads\/2021\/06\/RioOnWatchcabecalhoPT11anos-2.png\",\"width\":779,\"height\":277,\"caption\":\"RioOnWatch\"},\"image\":{\"@id\":\"https:\/\/rioonwatch.org.br\/#\/schema\/logo\/image\/\"}},{\"@type\":\"Person\",\"@id\":\"https:\/\/rioonwatch.org.br\/#\/schema\/person\/11d64c290506f9df50c71b850c473f68\",\"name\":\"Admin\",\"image\":{\"@type\":\"ImageObject\",\"inLanguage\":\"pt-BR\",\"@id\":\"https:\/\/rioonwatch.org.br\/#\/schema\/person\/image\/\",\"url\":\"https:\/\/secure.gravatar.com\/avatar\/56211ac74568383903349a1485e3c325?s=96&d=blank&r=g\",\"contentUrl\":\"https:\/\/secure.gravatar.com\/avatar\/56211ac74568383903349a1485e3c325?s=96&d=blank&r=g\",\"caption\":\"Admin\"},\"url\":\"https:\/\/rioonwatch.org.br\/?author=129\"}]}<\/script>\n<!-- \/ Yoast SEO plugin. -->","yoast_head_json":{"title":"O Museu Nacional na Perspectiva Hist\u00f3rica, Afetiva Favelada\/Suburbana - RioOnWatch","robots":{"index":"index","follow":"follow","max-snippet":"max-snippet:-1","max-image-preview":"max-image-preview:large","max-video-preview":"max-video-preview:-1"},"canonical":"https:\/\/rioonwatch.org.br\/?p=35997","og_locale":"pt_BR","og_type":"article","og_title":"O Museu Nacional na Perspectiva Hist\u00f3rica, Afetiva Favelada\/Suburbana - RioOnWatch","og_description":"Click Here for English O RioOnWatch estar\u00e1 publicando, no decorrer desta semana, uma s\u00e9rie de notas sobre o tr\u00e1gico inc\u00eandio que destruiu o Museu Nacional neste domingo. A presente nota foi\u00a0postada no Facebook\u00a0por Thain\u00e3 de [...]","og_url":"https:\/\/rioonwatch.org.br\/?p=35997","og_site_name":"RioOnWatch","article_published_time":"2018-09-04T13:50:42+00:00","article_modified_time":"2024-06-20T16:46:31+00:00","og_image":[{"width":920,"height":613,"url":"https:\/\/rioonwatch.org.br\/wp-content\/uploads\/2018\/09\/brasil-museu-nacional-20180903-004.jpg","type":"image\/jpeg"}],"author":"Admin","twitter_card":"summary_large_image","twitter_misc":{"Escrito por":"Admin","Est. tempo de leitura":"3 minutos"},"schema":{"@context":"https:\/\/schema.org","@graph":[{"@type":"Article","@id":"https:\/\/rioonwatch.org.br\/?p=35997#article","isPartOf":{"@id":"https:\/\/rioonwatch.org.br\/?p=35997"},"author":{"name":"Admin","@id":"https:\/\/rioonwatch.org.br\/#\/schema\/person\/11d64c290506f9df50c71b850c473f68"},"headline":"O Museu Nacional na Perspectiva Hist\u00f3rica, Afetiva Favelada\/Suburbana","datePublished":"2018-09-04T13:50:42+00:00","dateModified":"2024-06-20T16:46:31+00:00","mainEntityOfPage":{"@id":"https:\/\/rioonwatch.org.br\/?p=35997"},"wordCount":661,"publisher":{"@id":"https:\/\/rioonwatch.org.br\/#organization"},"image":{"@id":"https:\/\/rioonwatch.org.br\/?p=35997#primaryimage"},"thumbnailUrl":"https:\/\/rioonwatch.org.br\/wp-content\/uploads\/2018\/09\/brasil-museu-nacional-20180903-004.jpg","keywords":["\u00e1rea de lazer","Complexo do Alem\u00e3o","educa\u00e7\u00e3o","espa\u00e7o p\u00fablico","hist\u00f3ria","inc\u00eandio","Instituto Papo Reto","Mem\u00f3rias Faveladas","museologia social","museu","Museu comunit\u00e1rio","Museu Nacional","Neglig\u00eancia do Estado","preserva\u00e7\u00e3o de cultura","preserva\u00e7\u00e3o hist\u00f3rica","prioridades p\u00fablicas equivocadas","Quinta da Boa Vista","S\u00e9rie","S\u00e9rie: Museu Nacional em Chamas"],"articleSection":["*Destaque","Cultura da Favela","Den\u00fancias","Entendendo o Rio","Escrito por Comunicadores Populares"],"inLanguage":"pt-BR"},{"@type":"WebPage","@id":"https:\/\/rioonwatch.org.br\/?p=35997","url":"https:\/\/rioonwatch.org.br\/?p=35997","name":"O Museu Nacional na Perspectiva Hist\u00f3rica, Afetiva Favelada\/Suburbana - RioOnWatch","isPartOf":{"@id":"https:\/\/rioonwatch.org.br\/#website"},"primaryImageOfPage":{"@id":"https:\/\/rioonwatch.org.br\/?p=35997#primaryimage"},"image":{"@id":"https:\/\/rioonwatch.org.br\/?p=35997#primaryimage"},"thumbnailUrl":"https:\/\/rioonwatch.org.br\/wp-content\/uploads\/2018\/09\/brasil-museu-nacional-20180903-004.jpg","datePublished":"2018-09-04T13:50:42+00:00","dateModified":"2024-06-20T16:46:31+00:00","breadcrumb":{"@id":"https:\/\/rioonwatch.org.br\/?p=35997#breadcrumb"},"inLanguage":"pt-BR","potentialAction":[{"@type":"ReadAction","target":["https:\/\/rioonwatch.org.br\/?p=35997"]}]},{"@type":"ImageObject","inLanguage":"pt-BR","@id":"https:\/\/rioonwatch.org.br\/?p=35997#primaryimage","url":"https:\/\/rioonwatch.org.br\/wp-content\/uploads\/2018\/09\/brasil-museu-nacional-20180903-004.jpg","contentUrl":"https:\/\/rioonwatch.org.br\/wp-content\/uploads\/2018\/09\/brasil-museu-nacional-20180903-004.jpg","width":920,"height":613},{"@type":"BreadcrumbList","@id":"https:\/\/rioonwatch.org.br\/?p=35997#breadcrumb","itemListElement":[{"@type":"ListItem","position":1,"name":"In\u00edcio","item":"https:\/\/rioonwatch.org.br\/"},{"@type":"ListItem","position":2,"name":"O Museu Nacional na Perspectiva Hist\u00f3rica, Afetiva Favelada\/Suburbana"}]},{"@type":"WebSite","@id":"https:\/\/rioonwatch.org.br\/#website","url":"https:\/\/rioonwatch.org.br\/","name":"RioOnWatch","description":"relatos das favelas cariocas","publisher":{"@id":"https:\/\/rioonwatch.org.br\/#organization"},"potentialAction":[{"@type":"SearchAction","target":{"@type":"EntryPoint","urlTemplate":"https:\/\/rioonwatch.org.br\/?s={search_term_string}"},"query-input":{"@type":"PropertyValueSpecification","valueRequired":true,"valueName":"search_term_string"}}],"inLanguage":"pt-BR"},{"@type":"Organization","@id":"https:\/\/rioonwatch.org.br\/#organization","name":"RioOnWatch","url":"https:\/\/rioonwatch.org.br\/","logo":{"@type":"ImageObject","inLanguage":"pt-BR","@id":"https:\/\/rioonwatch.org.br\/#\/schema\/logo\/image\/","url":"https:\/\/rioonwatch.org.br\/wp-content\/uploads\/2021\/06\/RioOnWatchcabecalhoPT11anos-2.png","contentUrl":"https:\/\/rioonwatch.org.br\/wp-content\/uploads\/2021\/06\/RioOnWatchcabecalhoPT11anos-2.png","width":779,"height":277,"caption":"RioOnWatch"},"image":{"@id":"https:\/\/rioonwatch.org.br\/#\/schema\/logo\/image\/"}},{"@type":"Person","@id":"https:\/\/rioonwatch.org.br\/#\/schema\/person\/11d64c290506f9df50c71b850c473f68","name":"Admin","image":{"@type":"ImageObject","inLanguage":"pt-BR","@id":"https:\/\/rioonwatch.org.br\/#\/schema\/person\/image\/","url":"https:\/\/secure.gravatar.com\/avatar\/56211ac74568383903349a1485e3c325?s=96&d=blank&r=g","contentUrl":"https:\/\/secure.gravatar.com\/avatar\/56211ac74568383903349a1485e3c325?s=96&d=blank&r=g","caption":"Admin"},"url":"https:\/\/rioonwatch.org.br\/?author=129"}]}},"_links":{"self":[{"href":"https:\/\/rioonwatch.org.br\/index.php?rest_route=\/wp\/v2\/posts\/35997"}],"collection":[{"href":"https:\/\/rioonwatch.org.br\/index.php?rest_route=\/wp\/v2\/posts"}],"about":[{"href":"https:\/\/rioonwatch.org.br\/index.php?rest_route=\/wp\/v2\/types\/post"}],"author":[{"embeddable":true,"href":"https:\/\/rioonwatch.org.br\/index.php?rest_route=\/wp\/v2\/users\/129"}],"replies":[{"embeddable":true,"href":"https:\/\/rioonwatch.org.br\/index.php?rest_route=%2Fwp%2Fv2%2Fcomments&post=35997"}],"version-history":[{"count":21,"href":"https:\/\/rioonwatch.org.br\/index.php?rest_route=\/wp\/v2\/posts\/35997\/revisions"}],"predecessor-version":[{"id":36068,"href":"https:\/\/rioonwatch.org.br\/index.php?rest_route=\/wp\/v2\/posts\/35997\/revisions\/36068"}],"wp:featuredmedia":[{"embeddable":true,"href":"https:\/\/rioonwatch.org.br\/index.php?rest_route=\/wp\/v2\/media\/36011"}],"wp:attachment":[{"href":"https:\/\/rioonwatch.org.br\/index.php?rest_route=%2Fwp%2Fv2%2Fmedia&parent=35997"}],"wp:term":[{"taxonomy":"category","embeddable":true,"href":"https:\/\/rioonwatch.org.br\/index.php?rest_route=%2Fwp%2Fv2%2Fcategories&post=35997"},{"taxonomy":"post_tag","embeddable":true,"href":"https:\/\/rioonwatch.org.br\/index.php?rest_route=%2Fwp%2Fv2%2Ftags&post=35997"},{"taxonomy":"writer","embeddable":true,"href":"https:\/\/rioonwatch.org.br\/index.php?rest_route=%2Fwp%2Fv2%2Fwriter&post=35997"},{"taxonomy":"translator","embeddable":true,"href":"https:\/\/rioonwatch.org.br\/index.php?rest_route=%2Fwp%2Fv2%2Ftranslator&post=35997"},{"taxonomy":"source","embeddable":true,"href":"https:\/\/rioonwatch.org.br\/index.php?rest_route=%2Fwp%2Fv2%2Fsource&post=35997"},{"taxonomy":"ilustrador","embeddable":true,"href":"https:\/\/rioonwatch.org.br\/index.php?rest_route=%2Fwp%2Fv2%2Filustrador&post=35997"},{"taxonomy":"fotografo","embeddable":true,"href":"https:\/\/rioonwatch.org.br\/index.php?rest_route=%2Fwp%2Fv2%2Ffotografo&post=35997"}],"curies":[{"name":"wp","href":"https:\/\/api.w.org\/{rel}","templated":true}]}}