{"id":36034,"date":"2018-09-05T08:34:16","date_gmt":"2018-09-05T11:34:16","guid":{"rendered":"http:\/\/rioonwatch.org.br\/?p=36034"},"modified":"2018-09-10T10:07:52","modified_gmt":"2018-09-10T13:07:52","slug":"a-destruicao-do-museu-nacional-berco-da-nossa-maltratada-e-aguerrida-comunidade-cientifica","status":"publish","type":"post","link":"https:\/\/rioonwatch.org.br\/?p=36034","title":{"rendered":"A Destrui\u00e7\u00e3o do Museu Nacional: Ber\u00e7o da Nossa Maltratada e Aguerrida Comunidade Cient\u00edfica"},"content":{"rendered":"<p><i>O RioOnWatch estar\u00e1 publicando, no decorrer desta semana, uma <a href=\"http:\/\/bit.ly\/2oGv7U7\" target=\"_blank\" rel=\"noopener\">s\u00e9rie de notas sobre o tr\u00e1gico inc\u00eandio que destruiu o Museu Nacional<\/a>\u00a0neste domingo. A presente nota foi\u00a0<a href=\"http:\/\/bit.ly\/2MLJWDf\" target=\"_blank\" rel=\"noopener\">postada no Facebook<\/a>\u00a0por Alexandre Fortes.<\/i><\/p>\n<p>Na guerra, n\u00e3o h\u00e1 tempo para chorar. Estamos assistindo \u00e0 destrui\u00e7\u00e3o do <a href=\"https:\/\/glo.bo\/2PBUYYy\" target=\"_blank\" rel=\"noopener\">maior e mais importante acervo cient\u00edfico do pa\u00eds<\/a> e os golpistas j\u00e1 est\u00e3o querendo <a href=\"https:\/\/bbc.in\/2ClIjHE\" target=\"_blank\" rel=\"noopener\">responsabilizar a UFRJ pela trag\u00e9dia<\/a>.<\/p>\n<p>O Museu Nacional, al\u00e9m de tudo que significava como patrim\u00f4nio e como institui\u00e7\u00e3o de pesquisa, era o ponto natural de concentra\u00e7\u00e3o das <a href=\"http:\/\/bit.ly\/2PFb97K\" target=\"_blank\" rel=\"noopener\">Marchas pela Ci\u00eancia<\/a>, o ber\u00e7o ao qual sempre regressava nossa maltratada e aguerrida comunidade cient\u00edfica. O porto seguro de todos que teimam em acreditar que esse pa\u00eds pode ser soberano e usar nossa imensa capacidade de produ\u00e7\u00e3o de conhecimento para oferecer uma vida digna ao seu povo.<\/p>\n<p><a href=\"http:\/\/rioonwatch.org.br\/wp-content\/uploads\/2018\/09\/Pesquisador-salvando-aparelhos-de-pesquisa-cient\u00edfica-com-suas-pr\u00f3prias-m\u00e3o..jpg\"><img fetchpriority=\"high\" decoding=\"async\" class=\"aligncenter wp-image-36053 size-content\" title=\"Pesquisador salvando aparelhos de pesquisa cient\u00edfica com suas pr\u00f3prias m\u00e3os. Foto pela rep\u00f3rter fotogr\u00e1fico da Adufrj, Fernando Sousa. \" src=\"http:\/\/rioonwatch.org.br\/wp-content\/uploads\/2018\/09\/Pesquisador-salvando-aparelhos-de-pesquisa-cient\u00edfica-com-suas-pr\u00f3prias-m\u00e3o.-620x264.jpg\" alt=\"\" width=\"620\" height=\"264\" srcset=\"https:\/\/rioonwatch.org.br\/wp-content\/uploads\/2018\/09\/Pesquisador-salvando-aparelhos-de-pesquisa-cient\u00edfica-com-suas-pr\u00f3prias-m\u00e3o.-620x264.jpg 620w, https:\/\/rioonwatch.org.br\/wp-content\/uploads\/2018\/09\/Pesquisador-salvando-aparelhos-de-pesquisa-cient\u00edfica-com-suas-pr\u00f3prias-m\u00e3o.-940x400.jpg 940w\" sizes=\"(max-width: 620px) 100vw, 620px\" \/><\/a><\/p>\n<p>A perda \u00e9 imensur\u00e1vel e irrepar\u00e1vel. \u00c9 verdade que ela exp\u00f5e nossa incapacidade de fazer investimentos estruturais mesmo nos momentos favor\u00e1veis. Mas, acima de tudo, escancara o car\u00e1ter criminoso das <a href=\"http:\/\/bit.ly\/2oHAq5B\" target=\"_blank\" rel=\"noopener\">pol\u00edticas de &#8220;austeridade&#8221;<\/a> transformadas em emenda constitucional. Para que nunca mais se repita a &#8220;aventura&#8221; de gastar com educa\u00e7\u00e3o, sa\u00fade, cultura, ci\u00eancia e tecnologia. Especialmente depois que se comprovou que esses gastos podem fazer a economia girar em favor do desenvolvimento e da redu\u00e7\u00e3o da desigualdade.<\/p>\n<p>Um pa\u00eds que <a href=\"http:\/\/bit.ly\/2Q6He9B\" target=\"_blank\" rel=\"noopener\">deixa de vacinar suas crian\u00e7as<\/a>, que assiste ao crescimento da mortalidade infantil, que <a href=\"https:\/\/glo.bo\/2M3Q4Sk\" target=\"_blank\" rel=\"noopener\">assassina 60.000 pessoas por ano<\/a>, que vai colocar um homem que <a href=\"https:\/\/glo.bo\/2PDBD9t\" target=\"_blank\" rel=\"noopener\">ensina crian\u00e7as de colo a atirar<\/a> no segundo turno, vai por acaso investir em cultura e ci\u00eancia?<\/p>\n<p><a href=\"http:\/\/rioonwatch.org.br\/wp-content\/uploads\/2018\/09\/museu_nacional_rafael_b_de_moura.jpg\"><img decoding=\"async\" class=\"alignright wp-image-36061\" title=\"Dinossauro do Museu Nacional, no Rio de Janeiro: uma das institui\u00e7\u00f5es mais importantes do pa\u00eds para se trabalhar e estudar na \u00e1rea da paleontologia (Foto: Divulga\u00e7\u00e3o\/Rafael de Moura)\" src=\"http:\/\/rioonwatch.org.br\/wp-content\/uploads\/2018\/09\/museu_nacional_rafael_b_de_moura.jpg\" alt=\"\" width=\"300\" height=\"225\" srcset=\"https:\/\/rioonwatch.org.br\/wp-content\/uploads\/2018\/09\/museu_nacional_rafael_b_de_moura.jpg 606w, https:\/\/rioonwatch.org.br\/wp-content\/uploads\/2018\/09\/museu_nacional_rafael_b_de_moura-352x264.jpg 352w, https:\/\/rioonwatch.org.br\/wp-content\/uploads\/2018\/09\/museu_nacional_rafael_b_de_moura-174x131.jpg 174w, https:\/\/rioonwatch.org.br\/wp-content\/uploads\/2018\/09\/museu_nacional_rafael_b_de_moura-300x225.jpg 300w, https:\/\/rioonwatch.org.br\/wp-content\/uploads\/2018\/09\/museu_nacional_rafael_b_de_moura-70x53.jpg 70w\" sizes=\"(max-width: 300px) 100vw, 300px\" \/><\/a><\/p>\n<p>A gente s\u00e9ria e respons\u00e1vel do pa\u00eds certamente ficar\u00e1 aliviada de <a href=\"https:\/\/bbc.in\/2NTDIhm\" target=\"_blank\" rel=\"noopener\">continuar a visitar o Louvre<\/a>, o Metropolitan e British Museum sabendo que a gentalha n\u00e3o ter\u00e1 mais nem o <a href=\"http:\/\/bit.ly\/2LVFdK3\" target=\"_blank\" rel=\"noopener\">gostinho de ver uma m\u00famia ou um dinossauro por oito reais<\/a> num lindo espa\u00e7o p\u00fablico da <a href=\"http:\/\/bit.ly\/WximDf\" target=\"_blank\" rel=\"noopener\">Zona Norte<\/a>.<\/p>\n<p>E o aparato pol\u00edtico, midi\u00e1tico, policial e judici\u00e1rio golpista j\u00e1 d\u00e1 todos os sinais de que <a href=\"http:\/\/bit.ly\/2Q6jrqc\" target=\"_blank\" rel=\"noopener\">vai se apropriar dessa calamidade<\/a> para lan\u00e7ar uma nova ofensiva contra as institui\u00e7\u00f5es p\u00fablicas de ci\u00eancia e tecnologia, seus servidores e dirigentes.<\/p>\n<p><em>Alexandre Fortes \u00e9 professor adjunto da Universidade Federal Rural do Rio de Janeiro (UFRRJ) na \u00e1rea de Hist\u00f3ria Contempor\u00e2nea, vinculado ao Departamento de Hist\u00f3ria e Economia do Instituto Multidiciplinar e membro permanente do corpo docente do Programa de P\u00f3s-Gradua\u00e7\u00e3o em Hist\u00f3ria.<\/em><\/p>\n<!-- AddThis Advanced Settings generic via filter on the_content --><!-- AddThis Share Buttons generic via filter on the_content -->","protected":false},"excerpt":{"rendered":"<div class=\"mh-excerpt\"><p>O RioOnWatch estar\u00e1 publicando, no decorrer desta semana, uma s\u00e9rie de notas sobre o tr\u00e1gico inc\u00eandio que destruiu o Museu Nacional\u00a0neste domingo. A presente nota foi\u00a0postada no Facebook\u00a0por Alexandre Fortes. Na guerra, n\u00e3o h\u00e1 tempo <a class=\"mh-excerpt-more\" href=\"https:\/\/rioonwatch.org.br\/?p=36034\" title=\"A Destrui\u00e7\u00e3o do Museu Nacional: Ber\u00e7o da Nossa Maltratada e Aguerrida Comunidade Cient\u00edfica\">[&#8230;]<\/a><!-- AddThis Advanced Settings generic via filter on get_the_excerpt --><!-- AddThis Share Buttons generic via filter on get_the_excerpt --><\/p>\n<\/div>","protected":false},"author":129,"featured_media":36037,"comment_status":"closed","ping_status":"closed","sticky":false,"template":"","format":"standard","meta":{"_acf_changed":false,"_monsterinsights_skip_tracking":false,"_monsterinsights_sitenote_active":false,"_monsterinsights_sitenote_note":"","_monsterinsights_sitenote_category":0,"footnotes":""},"categories":[1621,346,1631,1630,344],"tags":[2473,81,413,316,811,128,725,1111,2468,417,588,1297,2289,2472,1457,2193,2474,218],"writer":[2471],"translator":[],"source":[],"ilustrador":[],"fotografo":[],"class_list":{"0":"post-36034","1":"post","2":"type-post","3":"status-publish","4":"format-standard","5":"has-post-thumbnail","7":"category-destaque","8":"category-denuncias","9":"category-entendendo-o-rio","10":"category-opiniao","11":"category-politicas","12":"tag-austeridade","13":"tag-cultura","14":"tag-desigualdade","15":"tag-educacao","16":"tag-espaco-publico","17":"tag-historia","18":"tag-incendio","19":"tag-museu","20":"tag-museu-nacional","21":"tag-negligencia-do-estado","22":"tag-pesquisa","23":"tag-preservacao-historica","24":"tag-serie","25":"tag-serie-museu-nacional-em-chamas","26":"tag-tecnologia","27":"tag-ufrj","28":"tag-ufrrj","29":"tag-zona-norte","30":"writer-alexandre-fortes"},"acf":[],"yoast_head":"<!-- This site is optimized with the Yoast SEO plugin v25.6 - https:\/\/yoast.com\/wordpress\/plugins\/seo\/ -->\n<title>A Destrui\u00e7\u00e3o do Museu Nacional: Ber\u00e7o da Nossa Maltratada e Aguerrida Comunidade Cient\u00edfica - RioOnWatch<\/title>\n<meta name=\"robots\" content=\"index, follow, max-snippet:-1, max-image-preview:large, max-video-preview:-1\" \/>\n<link rel=\"canonical\" href=\"https:\/\/rioonwatch.org.br\/?p=36034\" \/>\n<meta property=\"og:locale\" content=\"pt_BR\" \/>\n<meta property=\"og:type\" content=\"article\" \/>\n<meta property=\"og:title\" content=\"A Destrui\u00e7\u00e3o do Museu Nacional: Ber\u00e7o da Nossa Maltratada e Aguerrida Comunidade Cient\u00edfica - RioOnWatch\" \/>\n<meta property=\"og:description\" content=\"O RioOnWatch estar\u00e1 publicando, no decorrer desta semana, uma s\u00e9rie de notas sobre o tr\u00e1gico inc\u00eandio que destruiu o Museu Nacional\u00a0neste domingo. A presente nota foi\u00a0postada no Facebook\u00a0por Alexandre Fortes. Na guerra, n\u00e3o h\u00e1 tempo [...]\" \/>\n<meta property=\"og:url\" content=\"https:\/\/rioonwatch.org.br\/?p=36034\" \/>\n<meta property=\"og:site_name\" content=\"RioOnWatch\" \/>\n<meta property=\"article:published_time\" content=\"2018-09-05T11:34:16+00:00\" \/>\n<meta property=\"article:modified_time\" content=\"2018-09-10T13:07:52+00:00\" \/>\n<meta property=\"og:image\" content=\"https:\/\/rioonwatch.org.br\/wp-content\/uploads\/2018\/09\/img_atualidades_museu_nacional_wikimedia_commons_20180903.jpg\" \/>\n\t<meta property=\"og:image:width\" content=\"690\" \/>\n\t<meta property=\"og:image:height\" content=\"540\" \/>\n\t<meta property=\"og:image:type\" content=\"image\/jpeg\" \/>\n<meta name=\"author\" content=\"Admin\" \/>\n<meta name=\"twitter:card\" content=\"summary_large_image\" \/>\n<meta name=\"twitter:label1\" content=\"Escrito por\" \/>\n\t<meta name=\"twitter:data1\" content=\"Admin\" \/>\n\t<meta name=\"twitter:label2\" content=\"Est. tempo de leitura\" \/>\n\t<meta name=\"twitter:data2\" content=\"2 minutos\" \/>\n<script type=\"application\/ld+json\" class=\"yoast-schema-graph\">{\"@context\":\"https:\/\/schema.org\",\"@graph\":[{\"@type\":\"Article\",\"@id\":\"https:\/\/rioonwatch.org.br\/?p=36034#article\",\"isPartOf\":{\"@id\":\"https:\/\/rioonwatch.org.br\/?p=36034\"},\"author\":{\"name\":\"Admin\",\"@id\":\"https:\/\/rioonwatch.org.br\/#\/schema\/person\/11d64c290506f9df50c71b850c473f68\"},\"headline\":\"A Destrui\u00e7\u00e3o do Museu Nacional: Ber\u00e7o da Nossa Maltratada e Aguerrida Comunidade Cient\u00edfica\",\"datePublished\":\"2018-09-05T11:34:16+00:00\",\"dateModified\":\"2018-09-10T13:07:52+00:00\",\"mainEntityOfPage\":{\"@id\":\"https:\/\/rioonwatch.org.br\/?p=36034\"},\"wordCount\":443,\"publisher\":{\"@id\":\"https:\/\/rioonwatch.org.br\/#organization\"},\"image\":{\"@id\":\"https:\/\/rioonwatch.org.br\/?p=36034#primaryimage\"},\"thumbnailUrl\":\"https:\/\/rioonwatch.org.br\/wp-content\/uploads\/2018\/09\/img_atualidades_museu_nacional_wikimedia_commons_20180903.jpg\",\"keywords\":[\"austeridade\",\"cultura\",\"desigualdade\",\"educa\u00e7\u00e3o\",\"espa\u00e7o p\u00fablico\",\"hist\u00f3ria\",\"inc\u00eandio\",\"museu\",\"Museu Nacional\",\"Neglig\u00eancia do Estado\",\"pesquisa\",\"preserva\u00e7\u00e3o hist\u00f3rica\",\"S\u00e9rie\",\"S\u00e9rie: Museu Nacional em Chamas\",\"tecnologia\",\"UFRJ\",\"UFRRJ\",\"Zona Norte\"],\"articleSection\":[\"*Destaque\",\"Den\u00fancias\",\"Entendendo o Rio\",\"Opini\u00e3o\",\"Pol\u00edticas\"],\"inLanguage\":\"pt-BR\"},{\"@type\":\"WebPage\",\"@id\":\"https:\/\/rioonwatch.org.br\/?p=36034\",\"url\":\"https:\/\/rioonwatch.org.br\/?p=36034\",\"name\":\"A Destrui\u00e7\u00e3o do Museu Nacional: Ber\u00e7o da Nossa Maltratada e Aguerrida Comunidade Cient\u00edfica - RioOnWatch\",\"isPartOf\":{\"@id\":\"https:\/\/rioonwatch.org.br\/#website\"},\"primaryImageOfPage\":{\"@id\":\"https:\/\/rioonwatch.org.br\/?p=36034#primaryimage\"},\"image\":{\"@id\":\"https:\/\/rioonwatch.org.br\/?p=36034#primaryimage\"},\"thumbnailUrl\":\"https:\/\/rioonwatch.org.br\/wp-content\/uploads\/2018\/09\/img_atualidades_museu_nacional_wikimedia_commons_20180903.jpg\",\"datePublished\":\"2018-09-05T11:34:16+00:00\",\"dateModified\":\"2018-09-10T13:07:52+00:00\",\"breadcrumb\":{\"@id\":\"https:\/\/rioonwatch.org.br\/?p=36034#breadcrumb\"},\"inLanguage\":\"pt-BR\",\"potentialAction\":[{\"@type\":\"ReadAction\",\"target\":[\"https:\/\/rioonwatch.org.br\/?p=36034\"]}]},{\"@type\":\"ImageObject\",\"inLanguage\":\"pt-BR\",\"@id\":\"https:\/\/rioonwatch.org.br\/?p=36034#primaryimage\",\"url\":\"https:\/\/rioonwatch.org.br\/wp-content\/uploads\/2018\/09\/img_atualidades_museu_nacional_wikimedia_commons_20180903.jpg\",\"contentUrl\":\"https:\/\/rioonwatch.org.br\/wp-content\/uploads\/2018\/09\/img_atualidades_museu_nacional_wikimedia_commons_20180903.jpg\",\"width\":690,\"height\":540},{\"@type\":\"BreadcrumbList\",\"@id\":\"https:\/\/rioonwatch.org.br\/?p=36034#breadcrumb\",\"itemListElement\":[{\"@type\":\"ListItem\",\"position\":1,\"name\":\"In\u00edcio\",\"item\":\"https:\/\/rioonwatch.org.br\/\"},{\"@type\":\"ListItem\",\"position\":2,\"name\":\"A Destrui\u00e7\u00e3o do Museu Nacional: Ber\u00e7o da Nossa Maltratada e Aguerrida Comunidade Cient\u00edfica\"}]},{\"@type\":\"WebSite\",\"@id\":\"https:\/\/rioonwatch.org.br\/#website\",\"url\":\"https:\/\/rioonwatch.org.br\/\",\"name\":\"RioOnWatch\",\"description\":\"relatos das favelas cariocas\",\"publisher\":{\"@id\":\"https:\/\/rioonwatch.org.br\/#organization\"},\"potentialAction\":[{\"@type\":\"SearchAction\",\"target\":{\"@type\":\"EntryPoint\",\"urlTemplate\":\"https:\/\/rioonwatch.org.br\/?s={search_term_string}\"},\"query-input\":{\"@type\":\"PropertyValueSpecification\",\"valueRequired\":true,\"valueName\":\"search_term_string\"}}],\"inLanguage\":\"pt-BR\"},{\"@type\":\"Organization\",\"@id\":\"https:\/\/rioonwatch.org.br\/#organization\",\"name\":\"RioOnWatch\",\"url\":\"https:\/\/rioonwatch.org.br\/\",\"logo\":{\"@type\":\"ImageObject\",\"inLanguage\":\"pt-BR\",\"@id\":\"https:\/\/rioonwatch.org.br\/#\/schema\/logo\/image\/\",\"url\":\"https:\/\/rioonwatch.org.br\/wp-content\/uploads\/2021\/06\/RioOnWatchcabecalhoPT11anos-2.png\",\"contentUrl\":\"https:\/\/rioonwatch.org.br\/wp-content\/uploads\/2021\/06\/RioOnWatchcabecalhoPT11anos-2.png\",\"width\":779,\"height\":277,\"caption\":\"RioOnWatch\"},\"image\":{\"@id\":\"https:\/\/rioonwatch.org.br\/#\/schema\/logo\/image\/\"}},{\"@type\":\"Person\",\"@id\":\"https:\/\/rioonwatch.org.br\/#\/schema\/person\/11d64c290506f9df50c71b850c473f68\",\"name\":\"Admin\",\"image\":{\"@type\":\"ImageObject\",\"inLanguage\":\"pt-BR\",\"@id\":\"https:\/\/rioonwatch.org.br\/#\/schema\/person\/image\/\",\"url\":\"https:\/\/secure.gravatar.com\/avatar\/56211ac74568383903349a1485e3c325?s=96&d=blank&r=g\",\"contentUrl\":\"https:\/\/secure.gravatar.com\/avatar\/56211ac74568383903349a1485e3c325?s=96&d=blank&r=g\",\"caption\":\"Admin\"},\"url\":\"https:\/\/rioonwatch.org.br\/?author=129\"}]}<\/script>\n<!-- \/ Yoast SEO plugin. -->","yoast_head_json":{"title":"A Destrui\u00e7\u00e3o do Museu Nacional: Ber\u00e7o da Nossa Maltratada e Aguerrida Comunidade Cient\u00edfica - RioOnWatch","robots":{"index":"index","follow":"follow","max-snippet":"max-snippet:-1","max-image-preview":"max-image-preview:large","max-video-preview":"max-video-preview:-1"},"canonical":"https:\/\/rioonwatch.org.br\/?p=36034","og_locale":"pt_BR","og_type":"article","og_title":"A Destrui\u00e7\u00e3o do Museu Nacional: Ber\u00e7o da Nossa Maltratada e Aguerrida Comunidade Cient\u00edfica - RioOnWatch","og_description":"O RioOnWatch estar\u00e1 publicando, no decorrer desta semana, uma s\u00e9rie de notas sobre o tr\u00e1gico inc\u00eandio que destruiu o Museu Nacional\u00a0neste domingo. A presente nota foi\u00a0postada no Facebook\u00a0por Alexandre Fortes. Na guerra, n\u00e3o h\u00e1 tempo [...]","og_url":"https:\/\/rioonwatch.org.br\/?p=36034","og_site_name":"RioOnWatch","article_published_time":"2018-09-05T11:34:16+00:00","article_modified_time":"2018-09-10T13:07:52+00:00","og_image":[{"width":690,"height":540,"url":"https:\/\/rioonwatch.org.br\/wp-content\/uploads\/2018\/09\/img_atualidades_museu_nacional_wikimedia_commons_20180903.jpg","type":"image\/jpeg"}],"author":"Admin","twitter_card":"summary_large_image","twitter_misc":{"Escrito por":"Admin","Est. tempo de leitura":"2 minutos"},"schema":{"@context":"https:\/\/schema.org","@graph":[{"@type":"Article","@id":"https:\/\/rioonwatch.org.br\/?p=36034#article","isPartOf":{"@id":"https:\/\/rioonwatch.org.br\/?p=36034"},"author":{"name":"Admin","@id":"https:\/\/rioonwatch.org.br\/#\/schema\/person\/11d64c290506f9df50c71b850c473f68"},"headline":"A Destrui\u00e7\u00e3o do Museu Nacional: Ber\u00e7o da Nossa Maltratada e Aguerrida Comunidade Cient\u00edfica","datePublished":"2018-09-05T11:34:16+00:00","dateModified":"2018-09-10T13:07:52+00:00","mainEntityOfPage":{"@id":"https:\/\/rioonwatch.org.br\/?p=36034"},"wordCount":443,"publisher":{"@id":"https:\/\/rioonwatch.org.br\/#organization"},"image":{"@id":"https:\/\/rioonwatch.org.br\/?p=36034#primaryimage"},"thumbnailUrl":"https:\/\/rioonwatch.org.br\/wp-content\/uploads\/2018\/09\/img_atualidades_museu_nacional_wikimedia_commons_20180903.jpg","keywords":["austeridade","cultura","desigualdade","educa\u00e7\u00e3o","espa\u00e7o p\u00fablico","hist\u00f3ria","inc\u00eandio","museu","Museu Nacional","Neglig\u00eancia do Estado","pesquisa","preserva\u00e7\u00e3o hist\u00f3rica","S\u00e9rie","S\u00e9rie: Museu Nacional em Chamas","tecnologia","UFRJ","UFRRJ","Zona Norte"],"articleSection":["*Destaque","Den\u00fancias","Entendendo o Rio","Opini\u00e3o","Pol\u00edticas"],"inLanguage":"pt-BR"},{"@type":"WebPage","@id":"https:\/\/rioonwatch.org.br\/?p=36034","url":"https:\/\/rioonwatch.org.br\/?p=36034","name":"A Destrui\u00e7\u00e3o do Museu Nacional: Ber\u00e7o da Nossa Maltratada e Aguerrida Comunidade Cient\u00edfica - RioOnWatch","isPartOf":{"@id":"https:\/\/rioonwatch.org.br\/#website"},"primaryImageOfPage":{"@id":"https:\/\/rioonwatch.org.br\/?p=36034#primaryimage"},"image":{"@id":"https:\/\/rioonwatch.org.br\/?p=36034#primaryimage"},"thumbnailUrl":"https:\/\/rioonwatch.org.br\/wp-content\/uploads\/2018\/09\/img_atualidades_museu_nacional_wikimedia_commons_20180903.jpg","datePublished":"2018-09-05T11:34:16+00:00","dateModified":"2018-09-10T13:07:52+00:00","breadcrumb":{"@id":"https:\/\/rioonwatch.org.br\/?p=36034#breadcrumb"},"inLanguage":"pt-BR","potentialAction":[{"@type":"ReadAction","target":["https:\/\/rioonwatch.org.br\/?p=36034"]}]},{"@type":"ImageObject","inLanguage":"pt-BR","@id":"https:\/\/rioonwatch.org.br\/?p=36034#primaryimage","url":"https:\/\/rioonwatch.org.br\/wp-content\/uploads\/2018\/09\/img_atualidades_museu_nacional_wikimedia_commons_20180903.jpg","contentUrl":"https:\/\/rioonwatch.org.br\/wp-content\/uploads\/2018\/09\/img_atualidades_museu_nacional_wikimedia_commons_20180903.jpg","width":690,"height":540},{"@type":"BreadcrumbList","@id":"https:\/\/rioonwatch.org.br\/?p=36034#breadcrumb","itemListElement":[{"@type":"ListItem","position":1,"name":"In\u00edcio","item":"https:\/\/rioonwatch.org.br\/"},{"@type":"ListItem","position":2,"name":"A Destrui\u00e7\u00e3o do Museu Nacional: Ber\u00e7o da Nossa Maltratada e Aguerrida Comunidade Cient\u00edfica"}]},{"@type":"WebSite","@id":"https:\/\/rioonwatch.org.br\/#website","url":"https:\/\/rioonwatch.org.br\/","name":"RioOnWatch","description":"relatos das favelas cariocas","publisher":{"@id":"https:\/\/rioonwatch.org.br\/#organization"},"potentialAction":[{"@type":"SearchAction","target":{"@type":"EntryPoint","urlTemplate":"https:\/\/rioonwatch.org.br\/?s={search_term_string}"},"query-input":{"@type":"PropertyValueSpecification","valueRequired":true,"valueName":"search_term_string"}}],"inLanguage":"pt-BR"},{"@type":"Organization","@id":"https:\/\/rioonwatch.org.br\/#organization","name":"RioOnWatch","url":"https:\/\/rioonwatch.org.br\/","logo":{"@type":"ImageObject","inLanguage":"pt-BR","@id":"https:\/\/rioonwatch.org.br\/#\/schema\/logo\/image\/","url":"https:\/\/rioonwatch.org.br\/wp-content\/uploads\/2021\/06\/RioOnWatchcabecalhoPT11anos-2.png","contentUrl":"https:\/\/rioonwatch.org.br\/wp-content\/uploads\/2021\/06\/RioOnWatchcabecalhoPT11anos-2.png","width":779,"height":277,"caption":"RioOnWatch"},"image":{"@id":"https:\/\/rioonwatch.org.br\/#\/schema\/logo\/image\/"}},{"@type":"Person","@id":"https:\/\/rioonwatch.org.br\/#\/schema\/person\/11d64c290506f9df50c71b850c473f68","name":"Admin","image":{"@type":"ImageObject","inLanguage":"pt-BR","@id":"https:\/\/rioonwatch.org.br\/#\/schema\/person\/image\/","url":"https:\/\/secure.gravatar.com\/avatar\/56211ac74568383903349a1485e3c325?s=96&d=blank&r=g","contentUrl":"https:\/\/secure.gravatar.com\/avatar\/56211ac74568383903349a1485e3c325?s=96&d=blank&r=g","caption":"Admin"},"url":"https:\/\/rioonwatch.org.br\/?author=129"}]}},"_links":{"self":[{"href":"https:\/\/rioonwatch.org.br\/index.php?rest_route=\/wp\/v2\/posts\/36034"}],"collection":[{"href":"https:\/\/rioonwatch.org.br\/index.php?rest_route=\/wp\/v2\/posts"}],"about":[{"href":"https:\/\/rioonwatch.org.br\/index.php?rest_route=\/wp\/v2\/types\/post"}],"author":[{"embeddable":true,"href":"https:\/\/rioonwatch.org.br\/index.php?rest_route=\/wp\/v2\/users\/129"}],"replies":[{"embeddable":true,"href":"https:\/\/rioonwatch.org.br\/index.php?rest_route=%2Fwp%2Fv2%2Fcomments&post=36034"}],"version-history":[{"count":26,"href":"https:\/\/rioonwatch.org.br\/index.php?rest_route=\/wp\/v2\/posts\/36034\/revisions"}],"predecessor-version":[{"id":36071,"href":"https:\/\/rioonwatch.org.br\/index.php?rest_route=\/wp\/v2\/posts\/36034\/revisions\/36071"}],"wp:featuredmedia":[{"embeddable":true,"href":"https:\/\/rioonwatch.org.br\/index.php?rest_route=\/wp\/v2\/media\/36037"}],"wp:attachment":[{"href":"https:\/\/rioonwatch.org.br\/index.php?rest_route=%2Fwp%2Fv2%2Fmedia&parent=36034"}],"wp:term":[{"taxonomy":"category","embeddable":true,"href":"https:\/\/rioonwatch.org.br\/index.php?rest_route=%2Fwp%2Fv2%2Fcategories&post=36034"},{"taxonomy":"post_tag","embeddable":true,"href":"https:\/\/rioonwatch.org.br\/index.php?rest_route=%2Fwp%2Fv2%2Ftags&post=36034"},{"taxonomy":"writer","embeddable":true,"href":"https:\/\/rioonwatch.org.br\/index.php?rest_route=%2Fwp%2Fv2%2Fwriter&post=36034"},{"taxonomy":"translator","embeddable":true,"href":"https:\/\/rioonwatch.org.br\/index.php?rest_route=%2Fwp%2Fv2%2Ftranslator&post=36034"},{"taxonomy":"source","embeddable":true,"href":"https:\/\/rioonwatch.org.br\/index.php?rest_route=%2Fwp%2Fv2%2Fsource&post=36034"},{"taxonomy":"ilustrador","embeddable":true,"href":"https:\/\/rioonwatch.org.br\/index.php?rest_route=%2Fwp%2Fv2%2Filustrador&post=36034"},{"taxonomy":"fotografo","embeddable":true,"href":"https:\/\/rioonwatch.org.br\/index.php?rest_route=%2Fwp%2Fv2%2Ffotografo&post=36034"}],"curies":[{"name":"wp","href":"https:\/\/api.w.org\/{rel}","templated":true}]}}