{"id":3605,"date":"2012-06-19T14:14:08","date_gmt":"2012-06-19T17:14:08","guid":{"rendered":"http:\/\/rioonwatch.org.br\/?p=3605"},"modified":"2016-02-02T09:26:16","modified_gmt":"2016-02-02T12:26:16","slug":"compondo-uma-narrativa-coletiva-sobre-as-favelas-do-rio","status":"publish","type":"post","link":"https:\/\/rioonwatch.org.br\/?p=3605","title":{"rendered":"Compondo uma Narrativa Coletiva Sobre as Favelas do Rio"},"content":{"rendered":"<p style=\"text-align: right;\"><em><strong><a href=\"http:\/\/bit.ly\/1TzsAof\" target=\"_blank\">Click Here for English<img decoding=\"async\" width=\"20\" height=\"20\" class=\"alignright wp-image-15790\" src=\"http:\/\/rioonwatch.org.br\/wp-content\/uploads\/2012\/08\/EN-standard-e1439583104716.jpg\" alt=\"\" \/><\/a><\/strong><\/em><\/p>\n<p>Em frente ao Museu de Arte Moderna do Rio de Janeiro, no cora\u00e7\u00e3o da C\u00fapula dos Povos na Rio+20, l\u00edderes comunit\u00e1rios se reuniram para criar uma narrativa coletiva sobre as favelas de hoje. Organizada pela <a href=\"http:\/\/bit.ly\/comcatrj\">ComCat<\/a>, o evento reuniu os representantes de cinco favelas das tr\u00eas principais zonas da cidade, cidad\u00e3os de bairros formais, e representantes de ONGs em uma discuss\u00e3o din\u00e2mica sobre os principais temas que podem ser ditos para definir as favelas do Rio em 2012.<\/p>\n<p>O debate foi aberto com explica\u00e7\u00f5es de como as diferentes comunidades foram criadas, em grande parte por trabalhadores nordestinos contratados nas diversas etapas da constru\u00e7\u00e3o moderna do Rio de Janeiro, seguido de perto por uma explora\u00e7\u00e3o de longa data sobre o Rio como uma \u201cCidade Partida.\u201d<\/p>\n<p><a href=\"http:\/\/bit.ly\/OW6muu\">Neuza Nascimento<\/a>, fundadora do Centro Integrado de Apoio a Crian\u00e7as e Adolescentes da favela Parque Jardim Beira Mar\u00a0em Parada de Lucas (Zona Norte) afirma que a separa\u00e7\u00e3o ainda existe, dizendo: \u201cA favela de hoje \u00e9 um espa\u00e7o fechado, pelo menos onde eu moro, porque n\u00e3o h\u00e1 circula\u00e7\u00e3o. As pessoas se sentem protegidas na comunidade pois fora h\u00e1 preconceito, o que significa que as pessoas de fora v\u00eaem a comunidade como fechada. \u00c9 um ciclo vicioso.\u201d<\/p>\n<p><a href=\"http:\/\/rioonwatch.org.br\/?attachment_id=4004\" rel=\"attachment wp-att-4004\"><img fetchpriority=\"high\" decoding=\"async\" class=\"alignright size-full wp-image-4004\" title=\"Paula Ver\u00f4nica\" src=\"http:\/\/rioonwatch.org\/wp-content\/uploads\/2012\/06\/100_2451_face0.jpg\" alt=\"\" width=\"240\" height=\"240\" \/><\/a><\/p>\n<p>Irenaldo Hon\u00f3rio da Silva, Presidente da Associa\u00e7\u00e3o de Moradores da <a href=\"http:\/\/bit.ly\/Ps8MhF\">favela Pica-Pau<\/a>, em Cordovil (Zona Norte), concorda com a id\u00e9ia de que a favela \u00e9 separada e refor\u00e7ada pelos pr\u00f3prios moradores e destacou a necessidade de mudan\u00e7a. Ele disse: &#8220;As pessoas n\u00e3o devem ter vergonha do local onde vivem&#8230; As pessoas precisam se livrar dessa id\u00e9ia. Precisamos abrir e mostrar que podemos mudar a sociedade.&#8221;<\/p>\n<p>Parada de Lucas e Pica-Pau, duas comunidades distantes do Centro da cidade e da Zona Sul onde o com\u00e9rcio, a constru\u00e7\u00e3o e o turismo est\u00e3o concentrados, n\u00e3o foram pacificadas e continuam marcadas pela aus\u00eancia do governo. Os representantes das favelas pacificadas observaram que houve uma integra\u00e7\u00e3o aprimorada desde que recebeu <a href=\"http:\/\/bit.ly\/R5ueio\">UPP (Unidades de Pol\u00edcia Pacificadora)<\/a>. Fl\u00e1vio Minervino da comunidade Prazeres em Santa Teresa falou sobre a elevada autoestima e o aumento no n\u00famero de visitantes, enquanto Carlos Dion\u00edsio do\u00a0<a href=\"http:\/\/bit.ly\/Q3LULu\">Pav\u00e3o-Pav\u00e3ozinho<\/a>, em Copacabana, disse, &#8220;\u00c9 um motivo de orgulho convidar amigos para sair na comunidade.&#8221;<\/p>\n<p>A discuss\u00e3o sobre o <a href=\"http:\/\/bit.ly\/UqAq3n\">mercado imobili\u00e1rio<\/a> na favela revelou que a situa\u00e7\u00e3o varia muito dependendo da localiza\u00e7\u00e3o, mas que com as tend\u00eancias gerais dos im\u00f3veis no Rio, os pre\u00e7os subiram e continuam a subir. Carlos disse que no Pav\u00e3o-Pav\u00e3ozinho, que recebeu a quinta UPP em dezembro de 2009, um im\u00f3vel de um quarto pode ser vendido por at\u00e9 R$300.000, observando que um n\u00famero crescente de estrangeiros e pessoas do \u201casfalto\u201d est\u00e3o comprando na comunidade.<\/p>\n<p><a href=\"http:\/\/rioonwatch.org.br\/?attachment_id=4005\" rel=\"attachment wp-att-4005\"><img decoding=\"async\" class=\"alignright size-full wp-image-4005\" title=\"Dion\u00edsio\" src=\"http:\/\/rioonwatch.org\/wp-content\/uploads\/2012\/06\/100_2454_face0.jpg\" alt=\"\" width=\"240\" height=\"240\" \/><\/a><\/p>\n<p>Paula Ver\u00f4nica da Associa\u00e7\u00e3o de Moradores de\u00a0<a href=\"http:\/\/bit.ly\/RIWi6g\">Muzema<\/a>, uma comunidade na Barra da Tijuca, Zona Oeste, falou de sua comunidade quando foi amea\u00e7ada com remo\u00e7\u00e3o no ano passado, e como algumas pessoas olharam para as resid\u00eancias alternativas em outras favelas pr\u00f3ximas, mas n\u00e3o conseguiram encontrar nada dentro de sua comunidade. Ela concluiu: &#8220;\u00c9 praticamente imposs\u00edvel deixar a favela, ou comprar um im\u00f3vel dentro da comunidade.&#8221;<\/p>\n<p>Atitudes em rela\u00e7\u00e3o aos mega-eventos do Rio de Janeiro s\u00e3o v\u00e1rias. Paula argumentou contra os desenvolvimentos que amea\u00e7am comunidades, dizendo: &#8220;Eu quase perdi minha casa por causa dos mega-eventos. As obras s\u00e3o todas em cima de favelas, literalmente em cima das pessoas. &#8220;No entanto, Carlos descreveu-os como uma oportunidade. Ele disse: &#8220;Para nossa cidade, receber e produzir mega-eventos \u00e9 uma coisa positiva. O mundo est\u00e1 assistindo, o que \u00e9 bom.&#8221;<\/p>\n<p>Theresa Williamson, Diretora Executiva e fundadora da ComCat discutiu o fen\u00f4meno geral em todo o mundo em rela\u00e7\u00e3o aos Jogos Ol\u00edmpicos. Ela disse: &#8220;Mega-eventos permitem que as pessoas no poder na ocasi\u00e3o executem suas id\u00e9ias. Se quem est\u00e1 no poder quer fazer mudan\u00e7as positivas, \u00f3timo, mas normalmente o resultado \u00e9 um estado de exce\u00e7\u00e3o (das leis e da participa\u00e7\u00e3o) e uma grande luta na parte da popula\u00e7\u00e3o.\u201d<\/p>\n<p><a href=\"http:\/\/rioonwatch.org.br\/?attachment_id=4006\" rel=\"attachment wp-att-4006\"><img loading=\"lazy\" decoding=\"async\" class=\"alignright size-medium wp-image-4006\" src=\"http:\/\/rioonwatch.org\/wp-content\/uploads\/2012\/06\/100_2456-300x225.jpg\" alt=\"\" width=\"300\" height=\"225\" \/><\/a><\/p>\n<p>Discutindo a vida econ\u00f4mica da comunidade, Neuza descreveu que a economia de Parada de Lucas \u00e9 baseada em materiais de constru\u00e7\u00e3o e trabalho na constru\u00e7\u00e3o da comunidade, acrescentando que a maioria das pessoas trabalham fora da favela. Fl\u00e1vio falou sobre como as empresas nos Prazeres est\u00e3o ainda sendo formalizadas, mas que o aumento de turistas ap\u00f3s a pacifica\u00e7\u00e3o levou as empresas a melhorarem. Irenaldo comentou sobre a necessidade de treinamento para que os pequenos empres\u00e1rios possam melhorar as maneiras de como gerenciar as opera\u00e7\u00f5es.<\/p>\n<p>A discuss\u00e3o concluiu com esperan\u00e7as para o futuro, colocando a pergunta &#8220;Qual \u00e9 a sua vis\u00e3o ideal para a sua comunidade?&#8221; Enquanto todos falaram sobre as necessidades espec\u00edficas de suas comunidades, emergiram temas comuns. Saneamento b\u00e1sico e coleta de lixo s\u00e3o as prioridades, citados especificamente por Irenaldo, Neuza e Paula. Nos Prazeres, mobilidade ao topo da favela \u00e9 um sonho da comunidade, disse Flavio. Carlos chamou aten\u00e7\u00e3o para t\u00edtulos de terra registrados dando \u00e0s pessoas os seus <a href=\"http:\/\/bit.ly\/ON6sUH\">direitos legais<\/a>. Paula tamb\u00e9m disse que h\u00e1 uma demanda para a formaliza\u00e7\u00e3o da comunidade, dizendo: &#8220;As pessoas querem poder fazer exig\u00eancias do governo. Como \u00e9 atualmente, v\u00e1rias pessoas sentem que n\u00e3o tem esse direito.\u201d<\/p>\n<p>Terminando com uma nota de esperan\u00e7a, os participantes reconheceram a import\u00e2ncia de reunir pessoas para discutir estes temas. Irenaldo encerrou a discuss\u00e3o com uma chamada para uma intera\u00e7\u00e3o a mais: &#8220;Precisamos de mais do que estamos fazendo aqui hoje: di\u00e1logo e participa\u00e7\u00e3o.&#8221;<\/p>\n<!-- AddThis Advanced Settings generic via filter on the_content --><!-- AddThis Share Buttons generic via filter on the_content -->","protected":false},"excerpt":{"rendered":"<div class=\"mh-excerpt\"><p>Click Here for English Em frente ao Museu de Arte Moderna do Rio de Janeiro, no cora\u00e7\u00e3o da C\u00fapula dos Povos na Rio+20, l\u00edderes comunit\u00e1rios se reuniram para criar uma narrativa coletiva sobre as favelas <a class=\"mh-excerpt-more\" href=\"https:\/\/rioonwatch.org.br\/?p=3605\" title=\"Compondo uma Narrativa Coletiva Sobre as Favelas do Rio\">[&#8230;]<\/a><!-- AddThis Advanced Settings generic via filter on get_the_excerpt --><!-- AddThis Share Buttons generic via filter on get_the_excerpt --><\/p>\n<\/div>","protected":false},"author":129,"featured_media":3984,"comment_status":"open","ping_status":"closed","sticky":false,"template":"","format":"standard","meta":{"_acf_changed":false,"_monsterinsights_skip_tracking":false,"_monsterinsights_sitenote_active":false,"_monsterinsights_sitenote_note":"","_monsterinsights_sitenote_category":0,"footnotes":""},"categories":[1618,1614,345,342],"tags":[274,496,368,424,396,448,372,285,287,304,439,426,14,495,184],"writer":[402],"translator":[289],"source":[],"ilustrador":[],"fotografo":[],"class_list":{"0":"post-3605","1":"post","2":"type-post","3":"status-publish","4":"format-standard","5":"has-post-thumbnail","7":"category-olhonaparticipacao","8":"category-olhonasremocoes","9":"category-favela-e","10":"category-solucoes","11":"tag-barra-da-tijuca","12":"tag-cidade-partida","13":"tag-cordovil","14":"tag-direito-a-moradia","15":"tag-especulacao-imobiliaria","16":"tag-lideranca","17":"tag-muzema","18":"tag-parada-de-lucas","19":"tag-parque-jardim-beira-mar","20":"tag-participacao","21":"tag-pavao-pavaozinho","22":"tag-pica-pau","23":"tag-remocao","24":"tag-rio20","25":"tag-zona-oeste","26":"writer-felicity-clarke","27":"translator-ana-rosa-santos"},"acf":[],"yoast_head":"<!-- This site is optimized with the Yoast SEO plugin v25.6 - https:\/\/yoast.com\/wordpress\/plugins\/seo\/ -->\n<title>Compondo uma Narrativa Coletiva Sobre as Favelas do Rio - RioOnWatch<\/title>\n<meta name=\"robots\" content=\"index, follow, max-snippet:-1, max-image-preview:large, max-video-preview:-1\" \/>\n<link rel=\"canonical\" href=\"https:\/\/rioonwatch.org.br\/?p=3605\" \/>\n<meta property=\"og:locale\" content=\"pt_BR\" \/>\n<meta property=\"og:type\" content=\"article\" \/>\n<meta property=\"og:title\" content=\"Compondo uma Narrativa Coletiva Sobre as Favelas do Rio - RioOnWatch\" \/>\n<meta property=\"og:description\" content=\"Click Here for English Em frente ao Museu de Arte Moderna do Rio de Janeiro, no cora\u00e7\u00e3o da C\u00fapula dos Povos na Rio+20, l\u00edderes comunit\u00e1rios se reuniram para criar uma narrativa coletiva sobre as favelas [...]\" \/>\n<meta property=\"og:url\" content=\"https:\/\/rioonwatch.org.br\/?p=3605\" \/>\n<meta property=\"og:site_name\" content=\"RioOnWatch\" \/>\n<meta property=\"article:published_time\" content=\"2012-06-19T17:14:08+00:00\" \/>\n<meta property=\"article:modified_time\" content=\"2016-02-02T12:26:16+00:00\" \/>\n<meta property=\"og:image\" content=\"https:\/\/rioonwatch.org.br\/wp-content\/uploads\/2012\/11\/debate.jpg\" \/>\n\t<meta property=\"og:image:width\" content=\"300\" \/>\n\t<meta property=\"og:image:height\" content=\"211\" \/>\n\t<meta property=\"og:image:type\" content=\"image\/jpeg\" \/>\n<meta name=\"author\" content=\"Admin\" \/>\n<meta name=\"twitter:card\" content=\"summary_large_image\" \/>\n<meta name=\"twitter:label1\" content=\"Escrito por\" \/>\n\t<meta name=\"twitter:data1\" content=\"Admin\" \/>\n\t<meta name=\"twitter:label2\" content=\"Est. tempo de leitura\" \/>\n\t<meta name=\"twitter:data2\" content=\"5 minutos\" \/>\n<script type=\"application\/ld+json\" class=\"yoast-schema-graph\">{\"@context\":\"https:\/\/schema.org\",\"@graph\":[{\"@type\":\"Article\",\"@id\":\"https:\/\/rioonwatch.org.br\/?p=3605#article\",\"isPartOf\":{\"@id\":\"https:\/\/rioonwatch.org.br\/?p=3605\"},\"author\":{\"name\":\"Admin\",\"@id\":\"https:\/\/rioonwatch.org.br\/#\/schema\/person\/11d64c290506f9df50c71b850c473f68\"},\"headline\":\"Compondo uma Narrativa Coletiva Sobre as Favelas do Rio\",\"datePublished\":\"2012-06-19T17:14:08+00:00\",\"dateModified\":\"2016-02-02T12:26:16+00:00\",\"mainEntityOfPage\":{\"@id\":\"https:\/\/rioonwatch.org.br\/?p=3605\"},\"wordCount\":971,\"commentCount\":0,\"publisher\":{\"@id\":\"https:\/\/rioonwatch.org.br\/#organization\"},\"image\":{\"@id\":\"https:\/\/rioonwatch.org.br\/?p=3605#primaryimage\"},\"thumbnailUrl\":\"https:\/\/rioonwatch.org.br\/wp-content\/uploads\/2012\/11\/debate.jpg\",\"keywords\":[\"Barra da Tijuca\",\"cidade partida\",\"Cordovil\",\"Direito \u00e0 Moradia\",\"especula\u00e7\u00e3o imobili\u00e1ria\",\"lideran\u00e7a\",\"Muzema\",\"Parada de Lucas\",\"Parque Jardim Beira Mar\",\"participa\u00e7\u00e3o\",\"Pav\u00e3o-Pav\u00e3ozinho\",\"Pica-Pau\",\"Remo\u00e7\u00e3o\",\"Rio+20\",\"Zona Oeste\"],\"articleSection\":[\"#OlhoNaParticipa\u00e7\u00e3o\",\"#OlhoNasRemo\u00e7\u00f5es\",\"Favela \u00e9\",\"Solu\u00e7\u00f5es\"],\"inLanguage\":\"pt-BR\",\"potentialAction\":[{\"@type\":\"CommentAction\",\"name\":\"Comment\",\"target\":[\"https:\/\/rioonwatch.org.br\/?p=3605#respond\"]}]},{\"@type\":\"WebPage\",\"@id\":\"https:\/\/rioonwatch.org.br\/?p=3605\",\"url\":\"https:\/\/rioonwatch.org.br\/?p=3605\",\"name\":\"Compondo uma Narrativa Coletiva Sobre as Favelas do Rio - RioOnWatch\",\"isPartOf\":{\"@id\":\"https:\/\/rioonwatch.org.br\/#website\"},\"primaryImageOfPage\":{\"@id\":\"https:\/\/rioonwatch.org.br\/?p=3605#primaryimage\"},\"image\":{\"@id\":\"https:\/\/rioonwatch.org.br\/?p=3605#primaryimage\"},\"thumbnailUrl\":\"https:\/\/rioonwatch.org.br\/wp-content\/uploads\/2012\/11\/debate.jpg\",\"datePublished\":\"2012-06-19T17:14:08+00:00\",\"dateModified\":\"2016-02-02T12:26:16+00:00\",\"breadcrumb\":{\"@id\":\"https:\/\/rioonwatch.org.br\/?p=3605#breadcrumb\"},\"inLanguage\":\"pt-BR\",\"potentialAction\":[{\"@type\":\"ReadAction\",\"target\":[\"https:\/\/rioonwatch.org.br\/?p=3605\"]}]},{\"@type\":\"ImageObject\",\"inLanguage\":\"pt-BR\",\"@id\":\"https:\/\/rioonwatch.org.br\/?p=3605#primaryimage\",\"url\":\"https:\/\/rioonwatch.org.br\/wp-content\/uploads\/2012\/11\/debate.jpg\",\"contentUrl\":\"https:\/\/rioonwatch.org.br\/wp-content\/uploads\/2012\/11\/debate.jpg\",\"width\":300,\"height\":211},{\"@type\":\"BreadcrumbList\",\"@id\":\"https:\/\/rioonwatch.org.br\/?p=3605#breadcrumb\",\"itemListElement\":[{\"@type\":\"ListItem\",\"position\":1,\"name\":\"In\u00edcio\",\"item\":\"https:\/\/rioonwatch.org.br\/\"},{\"@type\":\"ListItem\",\"position\":2,\"name\":\"Compondo uma Narrativa Coletiva Sobre as Favelas do Rio\"}]},{\"@type\":\"WebSite\",\"@id\":\"https:\/\/rioonwatch.org.br\/#website\",\"url\":\"https:\/\/rioonwatch.org.br\/\",\"name\":\"RioOnWatch\",\"description\":\"relatos das favelas cariocas\",\"publisher\":{\"@id\":\"https:\/\/rioonwatch.org.br\/#organization\"},\"potentialAction\":[{\"@type\":\"SearchAction\",\"target\":{\"@type\":\"EntryPoint\",\"urlTemplate\":\"https:\/\/rioonwatch.org.br\/?s={search_term_string}\"},\"query-input\":{\"@type\":\"PropertyValueSpecification\",\"valueRequired\":true,\"valueName\":\"search_term_string\"}}],\"inLanguage\":\"pt-BR\"},{\"@type\":\"Organization\",\"@id\":\"https:\/\/rioonwatch.org.br\/#organization\",\"name\":\"RioOnWatch\",\"url\":\"https:\/\/rioonwatch.org.br\/\",\"logo\":{\"@type\":\"ImageObject\",\"inLanguage\":\"pt-BR\",\"@id\":\"https:\/\/rioonwatch.org.br\/#\/schema\/logo\/image\/\",\"url\":\"https:\/\/rioonwatch.org.br\/wp-content\/uploads\/2021\/06\/RioOnWatchcabecalhoPT11anos-2.png\",\"contentUrl\":\"https:\/\/rioonwatch.org.br\/wp-content\/uploads\/2021\/06\/RioOnWatchcabecalhoPT11anos-2.png\",\"width\":779,\"height\":277,\"caption\":\"RioOnWatch\"},\"image\":{\"@id\":\"https:\/\/rioonwatch.org.br\/#\/schema\/logo\/image\/\"}},{\"@type\":\"Person\",\"@id\":\"https:\/\/rioonwatch.org.br\/#\/schema\/person\/11d64c290506f9df50c71b850c473f68\",\"name\":\"Admin\",\"image\":{\"@type\":\"ImageObject\",\"inLanguage\":\"pt-BR\",\"@id\":\"https:\/\/rioonwatch.org.br\/#\/schema\/person\/image\/\",\"url\":\"https:\/\/secure.gravatar.com\/avatar\/56211ac74568383903349a1485e3c325?s=96&d=blank&r=g\",\"contentUrl\":\"https:\/\/secure.gravatar.com\/avatar\/56211ac74568383903349a1485e3c325?s=96&d=blank&r=g\",\"caption\":\"Admin\"},\"url\":\"https:\/\/rioonwatch.org.br\/?author=129\"}]}<\/script>\n<!-- \/ Yoast SEO plugin. -->","yoast_head_json":{"title":"Compondo uma Narrativa Coletiva Sobre as Favelas do Rio - RioOnWatch","robots":{"index":"index","follow":"follow","max-snippet":"max-snippet:-1","max-image-preview":"max-image-preview:large","max-video-preview":"max-video-preview:-1"},"canonical":"https:\/\/rioonwatch.org.br\/?p=3605","og_locale":"pt_BR","og_type":"article","og_title":"Compondo uma Narrativa Coletiva Sobre as Favelas do Rio - RioOnWatch","og_description":"Click Here for English Em frente ao Museu de Arte Moderna do Rio de Janeiro, no cora\u00e7\u00e3o da C\u00fapula dos Povos na Rio+20, l\u00edderes comunit\u00e1rios se reuniram para criar uma narrativa coletiva sobre as favelas [...]","og_url":"https:\/\/rioonwatch.org.br\/?p=3605","og_site_name":"RioOnWatch","article_published_time":"2012-06-19T17:14:08+00:00","article_modified_time":"2016-02-02T12:26:16+00:00","og_image":[{"width":300,"height":211,"url":"https:\/\/rioonwatch.org.br\/wp-content\/uploads\/2012\/11\/debate.jpg","type":"image\/jpeg"}],"author":"Admin","twitter_card":"summary_large_image","twitter_misc":{"Escrito por":"Admin","Est. tempo de leitura":"5 minutos"},"schema":{"@context":"https:\/\/schema.org","@graph":[{"@type":"Article","@id":"https:\/\/rioonwatch.org.br\/?p=3605#article","isPartOf":{"@id":"https:\/\/rioonwatch.org.br\/?p=3605"},"author":{"name":"Admin","@id":"https:\/\/rioonwatch.org.br\/#\/schema\/person\/11d64c290506f9df50c71b850c473f68"},"headline":"Compondo uma Narrativa Coletiva Sobre as Favelas do Rio","datePublished":"2012-06-19T17:14:08+00:00","dateModified":"2016-02-02T12:26:16+00:00","mainEntityOfPage":{"@id":"https:\/\/rioonwatch.org.br\/?p=3605"},"wordCount":971,"commentCount":0,"publisher":{"@id":"https:\/\/rioonwatch.org.br\/#organization"},"image":{"@id":"https:\/\/rioonwatch.org.br\/?p=3605#primaryimage"},"thumbnailUrl":"https:\/\/rioonwatch.org.br\/wp-content\/uploads\/2012\/11\/debate.jpg","keywords":["Barra da Tijuca","cidade partida","Cordovil","Direito \u00e0 Moradia","especula\u00e7\u00e3o imobili\u00e1ria","lideran\u00e7a","Muzema","Parada de Lucas","Parque Jardim Beira Mar","participa\u00e7\u00e3o","Pav\u00e3o-Pav\u00e3ozinho","Pica-Pau","Remo\u00e7\u00e3o","Rio+20","Zona Oeste"],"articleSection":["#OlhoNaParticipa\u00e7\u00e3o","#OlhoNasRemo\u00e7\u00f5es","Favela \u00e9","Solu\u00e7\u00f5es"],"inLanguage":"pt-BR","potentialAction":[{"@type":"CommentAction","name":"Comment","target":["https:\/\/rioonwatch.org.br\/?p=3605#respond"]}]},{"@type":"WebPage","@id":"https:\/\/rioonwatch.org.br\/?p=3605","url":"https:\/\/rioonwatch.org.br\/?p=3605","name":"Compondo uma Narrativa Coletiva Sobre as Favelas do Rio - RioOnWatch","isPartOf":{"@id":"https:\/\/rioonwatch.org.br\/#website"},"primaryImageOfPage":{"@id":"https:\/\/rioonwatch.org.br\/?p=3605#primaryimage"},"image":{"@id":"https:\/\/rioonwatch.org.br\/?p=3605#primaryimage"},"thumbnailUrl":"https:\/\/rioonwatch.org.br\/wp-content\/uploads\/2012\/11\/debate.jpg","datePublished":"2012-06-19T17:14:08+00:00","dateModified":"2016-02-02T12:26:16+00:00","breadcrumb":{"@id":"https:\/\/rioonwatch.org.br\/?p=3605#breadcrumb"},"inLanguage":"pt-BR","potentialAction":[{"@type":"ReadAction","target":["https:\/\/rioonwatch.org.br\/?p=3605"]}]},{"@type":"ImageObject","inLanguage":"pt-BR","@id":"https:\/\/rioonwatch.org.br\/?p=3605#primaryimage","url":"https:\/\/rioonwatch.org.br\/wp-content\/uploads\/2012\/11\/debate.jpg","contentUrl":"https:\/\/rioonwatch.org.br\/wp-content\/uploads\/2012\/11\/debate.jpg","width":300,"height":211},{"@type":"BreadcrumbList","@id":"https:\/\/rioonwatch.org.br\/?p=3605#breadcrumb","itemListElement":[{"@type":"ListItem","position":1,"name":"In\u00edcio","item":"https:\/\/rioonwatch.org.br\/"},{"@type":"ListItem","position":2,"name":"Compondo uma Narrativa Coletiva Sobre as Favelas do Rio"}]},{"@type":"WebSite","@id":"https:\/\/rioonwatch.org.br\/#website","url":"https:\/\/rioonwatch.org.br\/","name":"RioOnWatch","description":"relatos das favelas cariocas","publisher":{"@id":"https:\/\/rioonwatch.org.br\/#organization"},"potentialAction":[{"@type":"SearchAction","target":{"@type":"EntryPoint","urlTemplate":"https:\/\/rioonwatch.org.br\/?s={search_term_string}"},"query-input":{"@type":"PropertyValueSpecification","valueRequired":true,"valueName":"search_term_string"}}],"inLanguage":"pt-BR"},{"@type":"Organization","@id":"https:\/\/rioonwatch.org.br\/#organization","name":"RioOnWatch","url":"https:\/\/rioonwatch.org.br\/","logo":{"@type":"ImageObject","inLanguage":"pt-BR","@id":"https:\/\/rioonwatch.org.br\/#\/schema\/logo\/image\/","url":"https:\/\/rioonwatch.org.br\/wp-content\/uploads\/2021\/06\/RioOnWatchcabecalhoPT11anos-2.png","contentUrl":"https:\/\/rioonwatch.org.br\/wp-content\/uploads\/2021\/06\/RioOnWatchcabecalhoPT11anos-2.png","width":779,"height":277,"caption":"RioOnWatch"},"image":{"@id":"https:\/\/rioonwatch.org.br\/#\/schema\/logo\/image\/"}},{"@type":"Person","@id":"https:\/\/rioonwatch.org.br\/#\/schema\/person\/11d64c290506f9df50c71b850c473f68","name":"Admin","image":{"@type":"ImageObject","inLanguage":"pt-BR","@id":"https:\/\/rioonwatch.org.br\/#\/schema\/person\/image\/","url":"https:\/\/secure.gravatar.com\/avatar\/56211ac74568383903349a1485e3c325?s=96&d=blank&r=g","contentUrl":"https:\/\/secure.gravatar.com\/avatar\/56211ac74568383903349a1485e3c325?s=96&d=blank&r=g","caption":"Admin"},"url":"https:\/\/rioonwatch.org.br\/?author=129"}]}},"_links":{"self":[{"href":"https:\/\/rioonwatch.org.br\/index.php?rest_route=\/wp\/v2\/posts\/3605"}],"collection":[{"href":"https:\/\/rioonwatch.org.br\/index.php?rest_route=\/wp\/v2\/posts"}],"about":[{"href":"https:\/\/rioonwatch.org.br\/index.php?rest_route=\/wp\/v2\/types\/post"}],"author":[{"embeddable":true,"href":"https:\/\/rioonwatch.org.br\/index.php?rest_route=\/wp\/v2\/users\/129"}],"replies":[{"embeddable":true,"href":"https:\/\/rioonwatch.org.br\/index.php?rest_route=%2Fwp%2Fv2%2Fcomments&post=3605"}],"version-history":[{"count":46,"href":"https:\/\/rioonwatch.org.br\/index.php?rest_route=\/wp\/v2\/posts\/3605\/revisions"}],"predecessor-version":[{"id":18189,"href":"https:\/\/rioonwatch.org.br\/index.php?rest_route=\/wp\/v2\/posts\/3605\/revisions\/18189"}],"wp:featuredmedia":[{"embeddable":true,"href":"https:\/\/rioonwatch.org.br\/index.php?rest_route=\/wp\/v2\/media\/3984"}],"wp:attachment":[{"href":"https:\/\/rioonwatch.org.br\/index.php?rest_route=%2Fwp%2Fv2%2Fmedia&parent=3605"}],"wp:term":[{"taxonomy":"category","embeddable":true,"href":"https:\/\/rioonwatch.org.br\/index.php?rest_route=%2Fwp%2Fv2%2Fcategories&post=3605"},{"taxonomy":"post_tag","embeddable":true,"href":"https:\/\/rioonwatch.org.br\/index.php?rest_route=%2Fwp%2Fv2%2Ftags&post=3605"},{"taxonomy":"writer","embeddable":true,"href":"https:\/\/rioonwatch.org.br\/index.php?rest_route=%2Fwp%2Fv2%2Fwriter&post=3605"},{"taxonomy":"translator","embeddable":true,"href":"https:\/\/rioonwatch.org.br\/index.php?rest_route=%2Fwp%2Fv2%2Ftranslator&post=3605"},{"taxonomy":"source","embeddable":true,"href":"https:\/\/rioonwatch.org.br\/index.php?rest_route=%2Fwp%2Fv2%2Fsource&post=3605"},{"taxonomy":"ilustrador","embeddable":true,"href":"https:\/\/rioonwatch.org.br\/index.php?rest_route=%2Fwp%2Fv2%2Filustrador&post=3605"},{"taxonomy":"fotografo","embeddable":true,"href":"https:\/\/rioonwatch.org.br\/index.php?rest_route=%2Fwp%2Fv2%2Ffotografo&post=3605"}],"curies":[{"name":"wp","href":"https:\/\/api.w.org\/{rel}","templated":true}]}}