{"id":36169,"date":"2018-09-07T10:06:01","date_gmt":"2018-09-07T13:06:01","guid":{"rendered":"http:\/\/rioonwatch.org.br\/?p=36169"},"modified":"2018-09-10T10:08:34","modified_gmt":"2018-09-10T13:08:34","slug":"museu-nacional-um-pilar-de-estudos-e-do-ensino-superior-brasileiro-virou-ruinas","status":"publish","type":"post","link":"https:\/\/rioonwatch.org.br\/?p=36169","title":{"rendered":"Museu Nacional: Pilar de Estudos e do Ensino Superior Brasileiro Virou Ru\u00ednas"},"content":{"rendered":"<p style=\"text-align: right;\"><em><strong><a href=\"http:\/\/bit.ly\/2M7JJoL\" target=\"_blank\" rel=\"noopener noreferrer\">Click Here for English<img decoding=\"async\" width=\"20\" height=\"20\" class=\"alignright wp-image-15790\" src=\"http:\/\/rioonwatch.org.br\/wp-content\/uploads\/2012\/08\/EN-standard-e1439583104716.jpg\" \/><\/a><\/strong><\/em><\/p>\n<p><i>O RioOnWatch est\u00e1 publicando, no decorrer desta semana, uma\u00a0<a href=\"http:\/\/bit.ly\/2oGv7U7\" target=\"_blank\" rel=\"noopener\">s\u00e9rie de notas sobre o tr\u00e1gico inc\u00eandio que destruiu o Museu Nacional<\/a>\u00a0neste domingo. A presente nota foi\u00a0<a href=\"http:\/\/bit.ly\/2MQgPP6\" target=\"_blank\" rel=\"noopener\" data-saferedirecturl=\"https:\/\/www.google.com\/url?q=http:\/\/bit.ly\/2NcNMVm&amp;source=gmail&amp;ust=1536073421811000&amp;usg=AFQjCNEk5RCqYgQQoIsitLBEi9ZNCoXECQ\">postada no Facebook<\/a>,\u00a0em ingl\u00eas, por Bryan McCann.<\/i><\/p>\n<p><span style=\"font-weight: 400;\">Como todos que s\u00e3o interessados no Brasil, hist\u00f3ria ou museus, fico entristecido e enfurecido com o inc\u00eandio do Museu Nacional. Muitos falaram eloquentemente sobre o que significa a perda para o Brasil (<a href=\"http:\/\/bit.ly\/2HlB0gI\" target=\"_blank\" rel=\"noopener\">Theresa Williamson<\/a>,\u00a0<a href=\"http:\/\/bit.ly\/2MPrM3A\">Cecilia Azevedo<\/a>,\u00a0<a href=\"http:\/\/bit.ly\/2jRvaK8\" target=\"_blank\" rel=\"noopener\">Ed\u00e9sio Fernandes<\/a>, <a href=\"http:\/\/bit.ly\/2PghO92\">Rafael Soares Gon\u00e7alves<\/a>, <a href=\"http:\/\/bit.ly\/2NpljM4\">Mario Brum<\/a>, para citar alguns&#8230;). As <a href=\"http:\/\/bit.ly\/2NoG4Yu\" target=\"_blank\" rel=\"noopener\">reflex\u00f5es de Eduardo Viveiros de Castro<\/a> t\u00eam a combina\u00e7\u00e3o de raiva, tristeza e <em>insight<\/em> que parece apropriada.<\/span><\/p>\n<p><a href=\"http:\/\/rioonwatch.org.br\/wp-content\/uploads\/2018\/09\/Francisca-Keller.jpg\"><img fetchpriority=\"high\" decoding=\"async\" class=\"aligncenter wp-image-36174 size-content\" title=\"Biblioteca Francisca Keller, de Antropologia do Museu Nacional, que abriga o mais completo arquivo de literatura antropol\u00f3gica do Brasil. Foto: Biblioteca Francisca Keller \/ P\u00e1gina do Facebook\" src=\"http:\/\/rioonwatch.org.br\/wp-content\/uploads\/2018\/09\/Francisca-Keller-620x264.jpg\" alt=\"\" width=\"620\" height=\"264\" srcset=\"https:\/\/rioonwatch.org.br\/wp-content\/uploads\/2018\/09\/Francisca-Keller-620x264.jpg 620w, https:\/\/rioonwatch.org.br\/wp-content\/uploads\/2018\/09\/Francisca-Keller-940x400.jpg 940w\" sizes=\"(max-width: 620px) 100vw, 620px\" \/><\/a><\/p>\n<p><span style=\"font-weight: 400;\">N\u00e3o posso acrescentar muito, exceto minha pr\u00f3pria experi\u00eancia pessoal relativamente pequena e pensamentos sobre as contribui\u00e7\u00f5es de um ilustre colega. Em 2006-07, passei v\u00e1rias semanas realizando pesquisas na <a href=\"http:\/\/bit.ly\/2MP17nv\" target=\"_blank\" rel=\"noopener\">biblioteca de Antropologia Social<\/a> do <a href=\"http:\/\/bit.ly\/2G3vuOZ\" target=\"_blank\" rel=\"noopener\">Museu Nacional<\/a>. Tomei o metr\u00f4 para a esta\u00e7\u00e3o de <a href=\"http:\/\/bit.ly\/1StP6dO\" target=\"_blank\" rel=\"noopener\">S\u00e3o Crist\u00f3v\u00e3o<\/a> (sempre lotada, pois \u00e9 um ponto de traslado para o metr\u00f4 e trens urbanos), atravessei os trilhos pela passarela, passei pelos port\u00f5es de ferro forjado e entrei no parque da <a href=\"http:\/\/bit.ly\/2PEbQxW\" target=\"_blank\" rel=\"noopener\">Quinta da Boa Vista<\/a>&#8211;uma transi\u00e7\u00e3o instant\u00e2nea de um dos cruzamentos mais agitados do Rio para uma de suas reservas mais serenas. Quase sempre, encontrava um grupo de crian\u00e7as em idade escolar em um passeio de turma para o museu na mesma trajet\u00f3ria. Enquanto corriam em dire\u00e7\u00e3o \u00e0 entrada principal, fui para a parte de tr\u00e1s, para a biblioteca de antropologia.<\/span><\/p>\n<p><span style=\"font-weight: 400;\">Eu passava o dia lendo as teses e disserta\u00e7\u00f5es produzidas no programa de Antropologia Social no final da d\u00e9cada de 1970 e in\u00edcio da de 1980, quando esse programa era um dos muitos centros da redemocratiza\u00e7\u00e3o do Brasil que estava descobrindo e documentando sua pr\u00f3pria pluralidade e pressionando por uma cidadania ampliada. N\u00e3o foi por coincid\u00eancia que o mesmo programa produziu algumas das melhores teses sobre favelas do Rio de Janeiro e popula\u00e7\u00f5es ind\u00edgenas do distante Acre&#8211; tudo fazia parte da mesma onda de pesquisa esperan\u00e7osa e comprometida&#8211;a constru\u00e7\u00e3o de cidadania atrav\u00e9s do saber. Essas teses faziam parte de uma biblioteca de milhares de volumes, a maioria deles raros, alguns deles \u00fanicos. Tudo agora perdido no fogo, que eu saiba. Em teoria, essas teses devem estar entre as coisas mais f\u00e1ceis de substituir ap\u00f3s o inc\u00eandio, certo? Em teoria, somente, pois eu temo que em muitos casos n\u00e3o haver\u00e1 outras c\u00f3pias existentes.<\/span><\/p>\n<p><a href=\"http:\/\/rioonwatch.org.br\/wp-content\/uploads\/2018\/09\/Luzia.jpg\"><img decoding=\"async\" class=\"aligncenter wp-image-36178 size-content\" title=\"Cr\u00e2nio de Luzia, os mais antigos restos humanos encontrados nas Am\u00e9ricas. Foto: BBC Two\" src=\"http:\/\/rioonwatch.org.br\/wp-content\/uploads\/2018\/09\/Luzia-620x264.jpg\" alt=\"\" width=\"620\" height=\"264\" srcset=\"https:\/\/rioonwatch.org.br\/wp-content\/uploads\/2018\/09\/Luzia-620x264.jpg 620w, https:\/\/rioonwatch.org.br\/wp-content\/uploads\/2018\/09\/Luzia-940x400.jpg 940w\" sizes=\"(max-width: 620px) 100vw, 620px\" \/><\/a><\/p>\n<p><span style=\"font-weight: 400;\">A maior parte do que foi perdido \u00e9 completamente insubstitu\u00edvel, como o <a href=\"http:\/\/bit.ly\/2NUauPl\" target=\"_blank\" rel=\"noopener\">cr\u00e2nio de 12.000 anos de Luzia<\/a>, encontrado em uma caverna nos arredores de Belo Horizonte nos anos 70. A pobre Luzia morreu pela segunda vez, v\u00edtima de neglig\u00eancia abusiva.<\/span><\/p>\n<p><span style=\"font-weight: 400;\">Na minha mais recente viagem ao Rio, em julho deste ano, tive a honra de fazer parte de um comit\u00ea da <a href=\"http:\/\/bit.ly\/2vtJpKN\" target=\"_blank\" rel=\"noopener\">Associa\u00e7\u00e3o de Estudos Brasileiros<\/a>\u00a0(BRASA), que concedeu o Pr\u00eamio<em> Lifetime Contribution <\/em>(Contribui\u00e7\u00e3o Vital\u00edcia)\u00a0a <a href=\"http:\/\/bit.ly\/2wRavvR\" target=\"_blank\" rel=\"noopener\">Anthony Seeger<\/a>, por sua longa e not\u00e1vel carreira a servi\u00e7o dos Estudos Brasileiros no Brasil e nos Estados Unidos. Entre suas muitas realiza\u00e7\u00f5es, Anthony foi diretor do <a href=\"http:\/\/bit.ly\/2hcoXKZ\" target=\"_blank\" rel=\"noopener\">Programa de P\u00f3s-Gradua\u00e7\u00e3o em Antropologia Social<\/a> no Museu Nacional em 1981-82, uma parte fundamental dessa onda de pesquisa pioneira. Celebramos Anthony e a influ\u00eancia desse programa, incluindo tudo o que ele fez para demonstrar que o ind\u00edgena do Brasil n\u00e3o \u00e9 apenas parte de um passado congelado, mas uma parte vital de um presente contestado.<\/span><\/p>\n<p><a href=\"http:\/\/rioonwatch.org.br\/wp-content\/uploads\/2018\/09\/Fogo-no-museu.jpg\"><img loading=\"lazy\" decoding=\"async\" class=\"aligncenter wp-image-36180 size-content\" title=\"Inc\u00eandio no Museu Nacional Foto: Marcos Arcoverde\/Estad\u00e3o\" src=\"http:\/\/rioonwatch.org.br\/wp-content\/uploads\/2018\/09\/Fogo-no-museu-610x264.jpg\" alt=\"\" width=\"610\" height=\"264\" \/><\/a><\/p>\n<p><span style=\"font-weight: 400;\">\u00c9 triste pensar que quando os pr\u00f3ximos pesquisadores forem ao Rio, n\u00e3o visitar\u00e3o a biblioteca do Museu Nacional. \u00c9 dif\u00edcil imaginar que ele abra de novo, como algo parecido com a mesma forma. E as crian\u00e7as da escola n\u00e3o visitar\u00e3o o museu. E o trabalho que est\u00e1vamos celebrando h\u00e1 apenas seis semanas, como uma dos alicerces de estudos e ensino superior brasileiro, est\u00e1 agora em ru\u00ednas. O Museu Nacional reunia todos esses t\u00f3picos d\u00edspares, e eles agora est\u00e3o separados.<\/span><\/p>\n<p><span style=\"font-weight: 400;\">Tantas coisas est\u00e3o irreparavelmente perdidas. As conex\u00f5es, ou pelo menos os interesses compartilhados&#8211;entre crian\u00e7as em idade escolar, pesquisadores passados \u200b\u200be presentes, todas as pessoas variadas que cruzam a Quinta da Boa Vista&#8211;possam talvez ser reconstru\u00eddos, embora\u00a0<a href=\"http:\/\/bit.ly\/2wKJOtV\" target=\"_blank\" rel=\"noopener\">a atual situa\u00e7\u00e3o pol\u00edtica do Brasil tenda a destruir ou obstruir<\/a> tais conex\u00f5es e interesses compartilhados. Ao cortar essas conex\u00f5es, o fogo destr\u00f3i e atomiza, promovendo isolamento em vez de interesses compartilhados. O Brasil construiu a cidadania das cinzas antes. Espero que isso possa acontecer novamente.<\/span><\/p>\n<p><em><a href=\"http:\/\/bit.ly\/2MVP1sT\" target=\"_blank\" rel=\"noopener\">Bryan McCann<\/a>\u00a0\u00e9 professor de hist\u00f3ria brasileira na Universidade de Georgetown. Ele atuou como presidente da Associa\u00e7\u00e3o Brasileira de Estudos de 2016 a 2018. Seu trabalho recente, <a href=\"http:\/\/bit.ly\/1oR0Kkz\" target=\"_blank\" rel=\"noopener\">Tempos Dif\u00edceis na Cidade Maravilhosa: Da Ditadura a Democracia nas Favelas do Rio de Janeiro<\/a>\u00a0(Duke, 2013) explora a rela\u00e7\u00e3o pol\u00edtica entre as favelas do Rio e os governos municipais e estaduais.\u00a0Atualmente, Bryan faz parte da diretoria da <a href=\"http:\/\/bit.ly\/1aIQgif\" target=\"_blank\" rel=\"noopener\">Comunidades Catalisadoras<\/a>, organiza\u00e7\u00e3o que publica o RioOnWatch. <\/em><\/p>\n<!-- AddThis Advanced Settings generic via filter on the_content --><!-- AddThis Share Buttons generic via filter on the_content -->","protected":false},"excerpt":{"rendered":"<div class=\"mh-excerpt\"><p>Click Here for English O RioOnWatch est\u00e1 publicando, no decorrer desta semana, uma\u00a0s\u00e9rie de notas sobre o tr\u00e1gico inc\u00eandio que destruiu o Museu Nacional\u00a0neste domingo. A presente nota foi\u00a0postada no Facebook,\u00a0em ingl\u00eas, por Bryan McCann. <a class=\"mh-excerpt-more\" href=\"https:\/\/rioonwatch.org.br\/?p=36169\" title=\"Museu Nacional: Pilar de Estudos e do Ensino Superior Brasileiro Virou Ru\u00ednas\">[&#8230;]<\/a><!-- AddThis Advanced Settings generic via filter on get_the_excerpt --><!-- AddThis Share Buttons generic via filter on get_the_excerpt --><\/p>\n<\/div>","protected":false},"author":129,"featured_media":36172,"comment_status":"closed","ping_status":"closed","sticky":false,"template":"","format":"standard","meta":{"_acf_changed":false,"_monsterinsights_skip_tracking":false,"_monsterinsights_sitenote_active":false,"_monsterinsights_sitenote_note":"","_monsterinsights_sitenote_category":0,"footnotes":""},"categories":[1621,346,1631,1626],"tags":[832,479,1023,316,128,1574,2468,588,2469,559,2289,2472],"writer":[2475],"translator":[2401],"source":[],"ilustrador":[],"fotografo":[],"class_list":{"0":"post-36169","1":"post","2":"type-post","3":"status-publish","4":"format-standard","5":"has-post-thumbnail","7":"category-destaque","8":"category-denuncias","9":"category-entendendo-o-rio","10":"category-por-observadores-internacionais","11":"tag-cidadania","12":"tag-democracia","13":"tag-ditadura-militar","14":"tag-educacao","15":"tag-historia","16":"tag-indigenas","17":"tag-museu-nacional","18":"tag-pesquisa","19":"tag-quinta-da-boa-vista","20":"tag-sao-cristovao","21":"tag-serie","22":"tag-serie-museu-nacional-em-chamas","23":"writer-bryan-mccann","24":"translator-ana-carolina-ecard"},"acf":[],"yoast_head":"<!-- This site is optimized with the Yoast SEO plugin v25.6 - https:\/\/yoast.com\/wordpress\/plugins\/seo\/ -->\n<title>Museu Nacional: Pilar de Estudos e do Ensino Superior Brasileiro Virou Ru\u00ednas - RioOnWatch<\/title>\n<meta name=\"robots\" content=\"index, follow, max-snippet:-1, max-image-preview:large, max-video-preview:-1\" \/>\n<link rel=\"canonical\" href=\"https:\/\/rioonwatch.org.br\/?p=36169\" \/>\n<meta property=\"og:locale\" content=\"pt_BR\" \/>\n<meta property=\"og:type\" content=\"article\" \/>\n<meta property=\"og:title\" content=\"Museu Nacional: Pilar de Estudos e do Ensino Superior Brasileiro Virou Ru\u00ednas - RioOnWatch\" \/>\n<meta property=\"og:description\" content=\"Click Here for English O RioOnWatch est\u00e1 publicando, no decorrer desta semana, uma\u00a0s\u00e9rie de notas sobre o tr\u00e1gico inc\u00eandio que destruiu o Museu Nacional\u00a0neste domingo. A presente nota foi\u00a0postada no Facebook,\u00a0em ingl\u00eas, por Bryan McCann. [...]\" \/>\n<meta property=\"og:url\" content=\"https:\/\/rioonwatch.org.br\/?p=36169\" \/>\n<meta property=\"og:site_name\" content=\"RioOnWatch\" \/>\n<meta property=\"article:published_time\" content=\"2018-09-07T13:06:01+00:00\" \/>\n<meta property=\"article:modified_time\" content=\"2018-09-10T13:08:34+00:00\" \/>\n<meta property=\"og:image\" content=\"https:\/\/rioonwatch.org.br\/wp-content\/uploads\/2018\/09\/Ru\u00ednas-do-Museu-Nacional.jpg\" \/>\n\t<meta property=\"og:image:width\" content=\"1078\" \/>\n\t<meta property=\"og:image:height\" content=\"760\" \/>\n\t<meta property=\"og:image:type\" content=\"image\/jpeg\" \/>\n<meta name=\"author\" content=\"Admin\" \/>\n<meta name=\"twitter:card\" content=\"summary_large_image\" \/>\n<meta name=\"twitter:label1\" content=\"Escrito por\" \/>\n\t<meta name=\"twitter:data1\" content=\"Admin\" \/>\n\t<meta name=\"twitter:label2\" content=\"Est. tempo de leitura\" \/>\n\t<meta name=\"twitter:data2\" content=\"4 minutos\" \/>\n<script type=\"application\/ld+json\" class=\"yoast-schema-graph\">{\"@context\":\"https:\/\/schema.org\",\"@graph\":[{\"@type\":\"Article\",\"@id\":\"https:\/\/rioonwatch.org.br\/?p=36169#article\",\"isPartOf\":{\"@id\":\"https:\/\/rioonwatch.org.br\/?p=36169\"},\"author\":{\"name\":\"Admin\",\"@id\":\"https:\/\/rioonwatch.org.br\/#\/schema\/person\/11d64c290506f9df50c71b850c473f68\"},\"headline\":\"Museu Nacional: Pilar de Estudos e do Ensino Superior Brasileiro Virou Ru\u00ednas\",\"datePublished\":\"2018-09-07T13:06:01+00:00\",\"dateModified\":\"2018-09-10T13:08:34+00:00\",\"mainEntityOfPage\":{\"@id\":\"https:\/\/rioonwatch.org.br\/?p=36169\"},\"wordCount\":868,\"publisher\":{\"@id\":\"https:\/\/rioonwatch.org.br\/#organization\"},\"image\":{\"@id\":\"https:\/\/rioonwatch.org.br\/?p=36169#primaryimage\"},\"thumbnailUrl\":\"https:\/\/rioonwatch.org.br\/wp-content\/uploads\/2018\/09\/Ru\u00ednas-do-Museu-Nacional.jpg\",\"keywords\":[\"cidadania\",\"Democracia\",\"Ditadura Militar\",\"educa\u00e7\u00e3o\",\"hist\u00f3ria\",\"ind\u00edgenas\",\"Museu Nacional\",\"pesquisa\",\"Quinta da Boa Vista\",\"S\u00e3o Crist\u00f3v\u00e3o\",\"S\u00e9rie\",\"S\u00e9rie: Museu Nacional em Chamas\"],\"articleSection\":[\"*Destaque\",\"Den\u00fancias\",\"Entendendo o Rio\",\"Escrito por Aliados\"],\"inLanguage\":\"pt-BR\"},{\"@type\":\"WebPage\",\"@id\":\"https:\/\/rioonwatch.org.br\/?p=36169\",\"url\":\"https:\/\/rioonwatch.org.br\/?p=36169\",\"name\":\"Museu Nacional: Pilar de Estudos e do Ensino Superior Brasileiro Virou Ru\u00ednas - RioOnWatch\",\"isPartOf\":{\"@id\":\"https:\/\/rioonwatch.org.br\/#website\"},\"primaryImageOfPage\":{\"@id\":\"https:\/\/rioonwatch.org.br\/?p=36169#primaryimage\"},\"image\":{\"@id\":\"https:\/\/rioonwatch.org.br\/?p=36169#primaryimage\"},\"thumbnailUrl\":\"https:\/\/rioonwatch.org.br\/wp-content\/uploads\/2018\/09\/Ru\u00ednas-do-Museu-Nacional.jpg\",\"datePublished\":\"2018-09-07T13:06:01+00:00\",\"dateModified\":\"2018-09-10T13:08:34+00:00\",\"breadcrumb\":{\"@id\":\"https:\/\/rioonwatch.org.br\/?p=36169#breadcrumb\"},\"inLanguage\":\"pt-BR\",\"potentialAction\":[{\"@type\":\"ReadAction\",\"target\":[\"https:\/\/rioonwatch.org.br\/?p=36169\"]}]},{\"@type\":\"ImageObject\",\"inLanguage\":\"pt-BR\",\"@id\":\"https:\/\/rioonwatch.org.br\/?p=36169#primaryimage\",\"url\":\"https:\/\/rioonwatch.org.br\/wp-content\/uploads\/2018\/09\/Ru\u00ednas-do-Museu-Nacional.jpg\",\"contentUrl\":\"https:\/\/rioonwatch.org.br\/wp-content\/uploads\/2018\/09\/Ru\u00ednas-do-Museu-Nacional.jpg\",\"width\":1078,\"height\":760},{\"@type\":\"BreadcrumbList\",\"@id\":\"https:\/\/rioonwatch.org.br\/?p=36169#breadcrumb\",\"itemListElement\":[{\"@type\":\"ListItem\",\"position\":1,\"name\":\"In\u00edcio\",\"item\":\"https:\/\/rioonwatch.org.br\/\"},{\"@type\":\"ListItem\",\"position\":2,\"name\":\"Museu Nacional: Pilar de Estudos e do Ensino Superior Brasileiro Virou Ru\u00ednas\"}]},{\"@type\":\"WebSite\",\"@id\":\"https:\/\/rioonwatch.org.br\/#website\",\"url\":\"https:\/\/rioonwatch.org.br\/\",\"name\":\"RioOnWatch\",\"description\":\"relatos das favelas cariocas\",\"publisher\":{\"@id\":\"https:\/\/rioonwatch.org.br\/#organization\"},\"potentialAction\":[{\"@type\":\"SearchAction\",\"target\":{\"@type\":\"EntryPoint\",\"urlTemplate\":\"https:\/\/rioonwatch.org.br\/?s={search_term_string}\"},\"query-input\":{\"@type\":\"PropertyValueSpecification\",\"valueRequired\":true,\"valueName\":\"search_term_string\"}}],\"inLanguage\":\"pt-BR\"},{\"@type\":\"Organization\",\"@id\":\"https:\/\/rioonwatch.org.br\/#organization\",\"name\":\"RioOnWatch\",\"url\":\"https:\/\/rioonwatch.org.br\/\",\"logo\":{\"@type\":\"ImageObject\",\"inLanguage\":\"pt-BR\",\"@id\":\"https:\/\/rioonwatch.org.br\/#\/schema\/logo\/image\/\",\"url\":\"https:\/\/rioonwatch.org.br\/wp-content\/uploads\/2021\/06\/RioOnWatchcabecalhoPT11anos-2.png\",\"contentUrl\":\"https:\/\/rioonwatch.org.br\/wp-content\/uploads\/2021\/06\/RioOnWatchcabecalhoPT11anos-2.png\",\"width\":779,\"height\":277,\"caption\":\"RioOnWatch\"},\"image\":{\"@id\":\"https:\/\/rioonwatch.org.br\/#\/schema\/logo\/image\/\"}},{\"@type\":\"Person\",\"@id\":\"https:\/\/rioonwatch.org.br\/#\/schema\/person\/11d64c290506f9df50c71b850c473f68\",\"name\":\"Admin\",\"image\":{\"@type\":\"ImageObject\",\"inLanguage\":\"pt-BR\",\"@id\":\"https:\/\/rioonwatch.org.br\/#\/schema\/person\/image\/\",\"url\":\"https:\/\/secure.gravatar.com\/avatar\/56211ac74568383903349a1485e3c325?s=96&d=blank&r=g\",\"contentUrl\":\"https:\/\/secure.gravatar.com\/avatar\/56211ac74568383903349a1485e3c325?s=96&d=blank&r=g\",\"caption\":\"Admin\"},\"url\":\"https:\/\/rioonwatch.org.br\/?author=129\"}]}<\/script>\n<!-- \/ Yoast SEO plugin. -->","yoast_head_json":{"title":"Museu Nacional: Pilar de Estudos e do Ensino Superior Brasileiro Virou Ru\u00ednas - RioOnWatch","robots":{"index":"index","follow":"follow","max-snippet":"max-snippet:-1","max-image-preview":"max-image-preview:large","max-video-preview":"max-video-preview:-1"},"canonical":"https:\/\/rioonwatch.org.br\/?p=36169","og_locale":"pt_BR","og_type":"article","og_title":"Museu Nacional: Pilar de Estudos e do Ensino Superior Brasileiro Virou Ru\u00ednas - RioOnWatch","og_description":"Click Here for English O RioOnWatch est\u00e1 publicando, no decorrer desta semana, uma\u00a0s\u00e9rie de notas sobre o tr\u00e1gico inc\u00eandio que destruiu o Museu Nacional\u00a0neste domingo. A presente nota foi\u00a0postada no Facebook,\u00a0em ingl\u00eas, por Bryan McCann. [...]","og_url":"https:\/\/rioonwatch.org.br\/?p=36169","og_site_name":"RioOnWatch","article_published_time":"2018-09-07T13:06:01+00:00","article_modified_time":"2018-09-10T13:08:34+00:00","og_image":[{"width":1078,"height":760,"url":"https:\/\/rioonwatch.org.br\/wp-content\/uploads\/2018\/09\/Ru\u00ednas-do-Museu-Nacional.jpg","type":"image\/jpeg"}],"author":"Admin","twitter_card":"summary_large_image","twitter_misc":{"Escrito por":"Admin","Est. tempo de leitura":"4 minutos"},"schema":{"@context":"https:\/\/schema.org","@graph":[{"@type":"Article","@id":"https:\/\/rioonwatch.org.br\/?p=36169#article","isPartOf":{"@id":"https:\/\/rioonwatch.org.br\/?p=36169"},"author":{"name":"Admin","@id":"https:\/\/rioonwatch.org.br\/#\/schema\/person\/11d64c290506f9df50c71b850c473f68"},"headline":"Museu Nacional: Pilar de Estudos e do Ensino Superior Brasileiro Virou Ru\u00ednas","datePublished":"2018-09-07T13:06:01+00:00","dateModified":"2018-09-10T13:08:34+00:00","mainEntityOfPage":{"@id":"https:\/\/rioonwatch.org.br\/?p=36169"},"wordCount":868,"publisher":{"@id":"https:\/\/rioonwatch.org.br\/#organization"},"image":{"@id":"https:\/\/rioonwatch.org.br\/?p=36169#primaryimage"},"thumbnailUrl":"https:\/\/rioonwatch.org.br\/wp-content\/uploads\/2018\/09\/Ru\u00ednas-do-Museu-Nacional.jpg","keywords":["cidadania","Democracia","Ditadura Militar","educa\u00e7\u00e3o","hist\u00f3ria","ind\u00edgenas","Museu Nacional","pesquisa","Quinta da Boa Vista","S\u00e3o Crist\u00f3v\u00e3o","S\u00e9rie","S\u00e9rie: Museu Nacional em Chamas"],"articleSection":["*Destaque","Den\u00fancias","Entendendo o Rio","Escrito por Aliados"],"inLanguage":"pt-BR"},{"@type":"WebPage","@id":"https:\/\/rioonwatch.org.br\/?p=36169","url":"https:\/\/rioonwatch.org.br\/?p=36169","name":"Museu Nacional: Pilar de Estudos e do Ensino Superior Brasileiro Virou Ru\u00ednas - RioOnWatch","isPartOf":{"@id":"https:\/\/rioonwatch.org.br\/#website"},"primaryImageOfPage":{"@id":"https:\/\/rioonwatch.org.br\/?p=36169#primaryimage"},"image":{"@id":"https:\/\/rioonwatch.org.br\/?p=36169#primaryimage"},"thumbnailUrl":"https:\/\/rioonwatch.org.br\/wp-content\/uploads\/2018\/09\/Ru\u00ednas-do-Museu-Nacional.jpg","datePublished":"2018-09-07T13:06:01+00:00","dateModified":"2018-09-10T13:08:34+00:00","breadcrumb":{"@id":"https:\/\/rioonwatch.org.br\/?p=36169#breadcrumb"},"inLanguage":"pt-BR","potentialAction":[{"@type":"ReadAction","target":["https:\/\/rioonwatch.org.br\/?p=36169"]}]},{"@type":"ImageObject","inLanguage":"pt-BR","@id":"https:\/\/rioonwatch.org.br\/?p=36169#primaryimage","url":"https:\/\/rioonwatch.org.br\/wp-content\/uploads\/2018\/09\/Ru\u00ednas-do-Museu-Nacional.jpg","contentUrl":"https:\/\/rioonwatch.org.br\/wp-content\/uploads\/2018\/09\/Ru\u00ednas-do-Museu-Nacional.jpg","width":1078,"height":760},{"@type":"BreadcrumbList","@id":"https:\/\/rioonwatch.org.br\/?p=36169#breadcrumb","itemListElement":[{"@type":"ListItem","position":1,"name":"In\u00edcio","item":"https:\/\/rioonwatch.org.br\/"},{"@type":"ListItem","position":2,"name":"Museu Nacional: Pilar de Estudos e do Ensino Superior Brasileiro Virou Ru\u00ednas"}]},{"@type":"WebSite","@id":"https:\/\/rioonwatch.org.br\/#website","url":"https:\/\/rioonwatch.org.br\/","name":"RioOnWatch","description":"relatos das favelas cariocas","publisher":{"@id":"https:\/\/rioonwatch.org.br\/#organization"},"potentialAction":[{"@type":"SearchAction","target":{"@type":"EntryPoint","urlTemplate":"https:\/\/rioonwatch.org.br\/?s={search_term_string}"},"query-input":{"@type":"PropertyValueSpecification","valueRequired":true,"valueName":"search_term_string"}}],"inLanguage":"pt-BR"},{"@type":"Organization","@id":"https:\/\/rioonwatch.org.br\/#organization","name":"RioOnWatch","url":"https:\/\/rioonwatch.org.br\/","logo":{"@type":"ImageObject","inLanguage":"pt-BR","@id":"https:\/\/rioonwatch.org.br\/#\/schema\/logo\/image\/","url":"https:\/\/rioonwatch.org.br\/wp-content\/uploads\/2021\/06\/RioOnWatchcabecalhoPT11anos-2.png","contentUrl":"https:\/\/rioonwatch.org.br\/wp-content\/uploads\/2021\/06\/RioOnWatchcabecalhoPT11anos-2.png","width":779,"height":277,"caption":"RioOnWatch"},"image":{"@id":"https:\/\/rioonwatch.org.br\/#\/schema\/logo\/image\/"}},{"@type":"Person","@id":"https:\/\/rioonwatch.org.br\/#\/schema\/person\/11d64c290506f9df50c71b850c473f68","name":"Admin","image":{"@type":"ImageObject","inLanguage":"pt-BR","@id":"https:\/\/rioonwatch.org.br\/#\/schema\/person\/image\/","url":"https:\/\/secure.gravatar.com\/avatar\/56211ac74568383903349a1485e3c325?s=96&d=blank&r=g","contentUrl":"https:\/\/secure.gravatar.com\/avatar\/56211ac74568383903349a1485e3c325?s=96&d=blank&r=g","caption":"Admin"},"url":"https:\/\/rioonwatch.org.br\/?author=129"}]}},"_links":{"self":[{"href":"https:\/\/rioonwatch.org.br\/index.php?rest_route=\/wp\/v2\/posts\/36169"}],"collection":[{"href":"https:\/\/rioonwatch.org.br\/index.php?rest_route=\/wp\/v2\/posts"}],"about":[{"href":"https:\/\/rioonwatch.org.br\/index.php?rest_route=\/wp\/v2\/types\/post"}],"author":[{"embeddable":true,"href":"https:\/\/rioonwatch.org.br\/index.php?rest_route=\/wp\/v2\/users\/129"}],"replies":[{"embeddable":true,"href":"https:\/\/rioonwatch.org.br\/index.php?rest_route=%2Fwp%2Fv2%2Fcomments&post=36169"}],"version-history":[{"count":16,"href":"https:\/\/rioonwatch.org.br\/index.php?rest_route=\/wp\/v2\/posts\/36169\/revisions"}],"predecessor-version":[{"id":36190,"href":"https:\/\/rioonwatch.org.br\/index.php?rest_route=\/wp\/v2\/posts\/36169\/revisions\/36190"}],"wp:featuredmedia":[{"embeddable":true,"href":"https:\/\/rioonwatch.org.br\/index.php?rest_route=\/wp\/v2\/media\/36172"}],"wp:attachment":[{"href":"https:\/\/rioonwatch.org.br\/index.php?rest_route=%2Fwp%2Fv2%2Fmedia&parent=36169"}],"wp:term":[{"taxonomy":"category","embeddable":true,"href":"https:\/\/rioonwatch.org.br\/index.php?rest_route=%2Fwp%2Fv2%2Fcategories&post=36169"},{"taxonomy":"post_tag","embeddable":true,"href":"https:\/\/rioonwatch.org.br\/index.php?rest_route=%2Fwp%2Fv2%2Ftags&post=36169"},{"taxonomy":"writer","embeddable":true,"href":"https:\/\/rioonwatch.org.br\/index.php?rest_route=%2Fwp%2Fv2%2Fwriter&post=36169"},{"taxonomy":"translator","embeddable":true,"href":"https:\/\/rioonwatch.org.br\/index.php?rest_route=%2Fwp%2Fv2%2Ftranslator&post=36169"},{"taxonomy":"source","embeddable":true,"href":"https:\/\/rioonwatch.org.br\/index.php?rest_route=%2Fwp%2Fv2%2Fsource&post=36169"},{"taxonomy":"ilustrador","embeddable":true,"href":"https:\/\/rioonwatch.org.br\/index.php?rest_route=%2Fwp%2Fv2%2Filustrador&post=36169"},{"taxonomy":"fotografo","embeddable":true,"href":"https:\/\/rioonwatch.org.br\/index.php?rest_route=%2Fwp%2Fv2%2Ffotografo&post=36169"}],"curies":[{"name":"wp","href":"https:\/\/api.w.org\/{rel}","templated":true}]}}