{"id":36380,"date":"2018-09-26T11:00:22","date_gmt":"2018-09-26T14:00:22","guid":{"rendered":"http:\/\/rioonwatch.org.br\/?p=36380"},"modified":"2018-10-16T21:20:27","modified_gmt":"2018-10-17T00:20:27","slug":"jovem-do-prazeres-e-preso-por-engano-willian-esta-comunidade-nao-tem-duvida-voce-e-inocente","status":"publish","type":"post","link":"https:\/\/rioonwatch.org.br\/?p=36380","title":{"rendered":"Jovem do Prazeres \u00e9 Preso por Engano: &#8216;Willian, Esta Comunidade N\u00e3o Tem D\u00favida, Voc\u00ea \u00c9 Inocente&#8217;"},"content":{"rendered":"<p style=\"text-align: right;\"><em><strong><a href=\"http:\/\/bit.ly\/2xXlgxA\" target=\"_blank\" rel=\"noopener noreferrer\">Click Here for English<img decoding=\"async\" width=\"20\" height=\"20\" class=\"alignright wp-image-15790\" src=\"http:\/\/rioonwatch.org.br\/wp-content\/uploads\/2012\/08\/EN-standard-e1439583104716.jpg\" \/><\/a><\/strong><\/em><\/p>\n<p>Willian Preciliano \u00e9 um jovem de 21 anos, morador do\u00a0<a href=\"http:\/\/bit.ly\/1eAan7M\" target=\"_blank\" rel=\"noopener\">Morro dos Prazeres<\/a>. Em julho, terminou o Ensino M\u00e9dio e seus pais deram de presente para ele a chance de fazer a auto-escola. &#8220;Ele tava feliz de terminar a escola. Teve a festinha dele. A gente levou bolo, salgadinho, brigadeiro. A\u00ed ele ia trabalhar. Ele queria tirar a carteira para trabalhar de Uber&#8221;, disse seu pai, Seu Jos\u00e9.\u00a0No entanto, quando se identificou no Detran para iniciar o processo, Willian foi detido. Sua foto teria sido reconhecida por seis policiais como um dos treze<span style=\"color: #000000;\">\u00a0<span style=\"color: #333333;\">\u00a0homens que teriam feito os policiais da UPP Prazeres de ref\u00e9ns<\/span>\u00a0<\/span>em novembro do ano anterior e existia um mandado de pris\u00e3o no seu nome desde abril.<\/p>\n<p><a href=\"http:\/\/rioonwatch.org.br\/wp-content\/uploads\/2018\/09\/willian4.jpg\"><img fetchpriority=\"high\" decoding=\"async\" class=\"aligncenter wp-image-36554 size-content\" title=\"Willian e sua turma na festa de formatura. Foto: Reprodu\u00e7\u00e3o Facebook.\" src=\"http:\/\/rioonwatch.org.br\/wp-content\/uploads\/2018\/09\/willian4-620x264.jpg\" alt=\"\" width=\"620\" height=\"264\" \/><\/a><\/p>\n<p>&#8220;Ele j\u00e1 tinha ido no Detran no dia anterior e eles pediram pra ele voltar no dia seguinte. N\u00e3o comunicaram nada para ele. Quando ele se identificou novamente eles pediram pra ele aguardar. Ele, inocente, achou que era algo normal e ficou aguardando at\u00e9 a Pol\u00edcia Civil chegar. A\u00ed ele ligou do celular dele e falou &#8216;irm\u00e3, pelo amor de Deus, me ajuda que t\u00e3o me levando preso&#8217;. Disse que tava sendo levado pra Cidade da Pol\u00edcia&#8221;, relata Gerlene, sua irm\u00e3. Willian foi preso preventivamente apesar de n\u00e3o possuir antecedentes criminais e aguarda o julgamento em um pres\u00eddio em Niter\u00f3i. Segundo a fam\u00edlia, ele estava em casa quando o crime ocorreu. &#8220;Mas a justi\u00e7a n\u00e3o aceita o \u00e1libi de m\u00e3e e pai&#8221;, lamentou a irm\u00e3.<\/p>\n<p>Quando aconteceu o fato, a fam\u00edlia procurou lideran\u00e7as de projetos sociais no Prazeres, que prestaram aux\u00edlio, criaram uma <a href=\"http:\/\/bit.ly\/2ND1QrC\" target=\"_blank\" rel=\"noopener\">peti\u00e7\u00e3o contra a pris\u00e3o que j\u00e1 conta com mais de 2.000 assinaturas<\/a> e ajudaram a encontrar um advogado para o caso.\u00a0As lideran\u00e7as, inclusive, conhecem bem o Willian, que atuava em alguns dos projetos sociais mais conhecidos na comunidade, e citam que sua frequ\u00eancia escolar, com somente cinco faltas no \u00faltimo ano, e seu bom desempenho seriam incompat\u00edveis com envolvimento com atividades criminosas. Al\u00e9m disso, a aus\u00eancia de antecedentes n\u00e3o justificaria sua pris\u00e3o preventiva.<\/p>\n<p><a href=\"http:\/\/rioonwatch.org.br\/wp-content\/uploads\/2018\/09\/willian-grafiti.jpg\"><img decoding=\"async\" class=\"aligncenter wp-image-36556 size-medium\" title=\"Grafiti no Morro dos Prazeres afirma a inoc\u00eancia de Willian. Foto: Reprodu\u00e7\u00e3o Facebook.\" src=\"http:\/\/rioonwatch.org.br\/wp-content\/uploads\/2018\/09\/willian-grafiti-620x436.jpg\" alt=\"\" width=\"620\" height=\"436\" srcset=\"https:\/\/rioonwatch.org.br\/wp-content\/uploads\/2018\/09\/willian-grafiti-620x436.jpg 620w, https:\/\/rioonwatch.org.br\/wp-content\/uploads\/2018\/09\/willian-grafiti-375x264.jpg 375w, https:\/\/rioonwatch.org.br\/wp-content\/uploads\/2018\/09\/willian-grafiti-768x541.jpg 768w, https:\/\/rioonwatch.org.br\/wp-content\/uploads\/2018\/09\/willian-grafiti-1024x721.jpg 1024w, https:\/\/rioonwatch.org.br\/wp-content\/uploads\/2018\/09\/willian-grafiti.jpg 1280w\" sizes=\"(max-width: 620px) 100vw, 620px\" \/><\/a><\/p>\n<p>&#8220;Ele \u00e9 um menino muito bom. N\u00e3o gosta de problema. Obediente aos pais. Dava at\u00e9 pena de brigar com ele&#8221;, falou o pai.\u00a0&#8220;A gente sempre aconselhou ele, ele sempre tinha uma boa \u00edndole. N\u00e3o se envolvia, n\u00e3o usava nada, n\u00e3o sa\u00eda sem avisar. Nunca deu trabalho&#8221;, colocou a irm\u00e3.\u00a0&#8220;Quando eu tava construindo minha casa, eu chamava ele pra me ajudar e ele aparecia na hora. N\u00e3o tinha uma vez que ele n\u00e3o ia quando algu\u00e9m pedia ajuda dele&#8221;, completou ela.<\/p>\n<p>Na d\u00e9cada de 80, seu pai veio de Pernambuco e sua m\u00e3e veio do Maranh\u00e3o para trabalhar no Rio de Janeiro, onde se conheceram. Seu Jos\u00e9 trabalha como vigia noturno em um pr\u00e9dio em Botafogo. A m\u00e3e, dona Maria Gorete, \u00e9 dona de casa. &#8220;Willian \u00e9 um menino gente boa, que nunca deu trabalho. O que ele precisava eu ajudava ele. Ajudava n\u00e3o, ajudo&#8221;, falou o pai.\u00a0&#8220;Ele \u00e9 muito dedicado \u00e0 fam\u00edlia, frequenta muito a casa dos tios, primos. Se voc\u00ea ver as fotos, em todas as reuni\u00f5es de fam\u00edlia ele t\u00e1 junto. N\u00e3o gosta de bagun\u00e7a. Gosta de ir a praia, shopping, que nem qualquer garoto da <a href=\"http:\/\/bit.ly\/1mNsDyk\" target=\"_blank\" rel=\"noopener\">Zona Sul<\/a>&#8220;, disse por sua vez Gerlene.<\/p>\n<p><img loading=\"lazy\" decoding=\"async\" class=\"aligncenter wp-image-36553 size-content\" title=\"Willian com o pai, Jos\u00e9, em um jogo de futebol. Foto: Reprodu\u00e7\u00e3o Facebook.\" src=\"http:\/\/rioonwatch.org.br\/wp-content\/uploads\/2018\/09\/willian5-620x264.jpg\" alt=\"\" width=\"620\" height=\"264\" srcset=\"https:\/\/rioonwatch.org.br\/wp-content\/uploads\/2018\/09\/willian5-620x264.jpg 620w, https:\/\/rioonwatch.org.br\/wp-content\/uploads\/2018\/09\/willian5-940x400.jpg 940w\" sizes=\"(max-width: 620px) 100vw, 620px\" \/><\/p>\n<p>&#8220;A fam\u00edlia \u00e9 muito grande, imensa. Por parte de m\u00e3e eles moram no Maranh\u00e3o, a gente sempre viaja pra visitar.&#8221; Era nessas viagens que o Willian treinava a dire\u00e7\u00e3o: &#8220;Ele s\u00f3 falava disso. Meu esposo que tava ajudando ele a aprender&#8221;, conta a irm\u00e3. &#8220;Tamb\u00e9m\u00a0sempre participou de projetos sociais. Minha m\u00e3e sempre botou, em todo projeto que tinha. Jud\u00f4, futebol. Era o final de semana todo. Domingo ele queria descansar e minha m\u00e3e: &#8216;n\u00e3o, agora voc\u00ea vai pra Igreja'&#8221;. Esses projetos inclu\u00edram o <a href=\"http:\/\/bit.ly\/2MV675f\" target=\"_blank\" rel=\"noopener\">Caminho do Grafite Prazeres<\/a>, a constru\u00e7\u00e3o e implanta\u00e7\u00e3o de um jardim comunit\u00e1rio, um mapeamento de riscos socioambientais, entre outros projetos do Grupo PROA (<a href=\"http:\/\/bit.ly\/2gLgo9U\" target=\"_blank\" rel=\"noopener\">Preven\u00e7\u00e3o Realizada com Organiza\u00e7\u00e3o e Amor)<\/a>. &#8220;A gente tinha condi\u00e7\u00e3o de ele s\u00f3 estudar pra se no futuro ele quisesse fazer uma faculdade. Ele queria fazer Educa\u00e7\u00e3o F\u00edsica, dar aula em col\u00e9gio. Ele fazia muito esporte, ia na pracinha onde tem equipamento p\u00fablico tipo academia. Mas o\u00a0sonho mesmo dele era ser jogador de futebol. Vivia entre o futebol, a escola e a casa&#8221;,\u00a0lembra ela.<\/p>\n<p><a href=\"http:\/\/rioonwatch.org.br\/wp-content\/uploads\/2018\/09\/willian2.jpg\"><img loading=\"lazy\" decoding=\"async\" class=\"aligncenter wp-image-36557 size-content\" title=\"Willian, \u00e0 direita, jogando futebol, sua paix\u00e3o. Foto: Reprodu\u00e7\u00e3o Facebook.\" src=\"http:\/\/rioonwatch.org.br\/wp-content\/uploads\/2018\/09\/willian2-e1537834361655-620x264.jpg\" alt=\"\" width=\"620\" height=\"264\" srcset=\"https:\/\/rioonwatch.org.br\/wp-content\/uploads\/2018\/09\/willian2-e1537834361655-620x264.jpg 620w, https:\/\/rioonwatch.org.br\/wp-content\/uploads\/2018\/09\/willian2-e1537834361655-617x264.jpg 617w, https:\/\/rioonwatch.org.br\/wp-content\/uploads\/2018\/09\/willian2-e1537834361655.jpg 636w\" sizes=\"(max-width: 620px) 100vw, 620px\" \/><\/a><\/p>\n<p>No ano passado, Willian participou da grava\u00e7\u00e3o do filme <em><a href=\"http:\/\/bit.ly\/2NES0pN\" target=\"_blank\" rel=\"noopener\">Pacified<\/a><\/em>, um filme independente ainda n\u00e3o lan\u00e7ado que foi escrito e dirigido pelo diretor americano Paxton Winters e filmado no Morro dos Prazeres. Na trama, <a href=\"http:\/\/bit.ly\/2NEjjAu\" target=\"_blank\" rel=\"noopener\">Willian interpreta um traficante da gangue de Nelson<\/a>,\u00a0que \u00e9 solto da pris\u00e3o logo antes dos Jogos Ol\u00edmpicos do Rio 2016 e decide n\u00e3o reassumir o seu posto de dono do morro. &#8220;Ele tava muito feliz, muito empolgado quando me contou que ia participar de um filme. Os amigos at\u00e9 ficaram zoando ele, que a participa\u00e7\u00e3o dele era s\u00f3 de figurante. &#8216;Se eu engrenar nisso a\u00ed vou ser um grande ator&#8217;, ele respondia pros amigos. E at\u00e9 ganhava um trocadinho por participa\u00e7\u00e3o&#8221;, lembrou Gerlene. Animado, ele postou em seu Facebook fotos da figura\u00e7\u00e3o, em que posa com uma r\u00e9plica de uma arma.<\/p>\n<p>A fam\u00edlia acredita que essa foto possa ter sido usada para incrimin\u00e1-lo e ter sido a foto por meio da qual os policiais alegaram t\u00ea-lo reconhecido. N\u00e3o faz sentido algu\u00e9m que nunca teve passagem pela pol\u00edcia ter sua foto em \u00e1lbum de delegacia a n\u00e3o ser que essa tenha sido tirada de seu Facebook, eles alegam.\u00a0&#8220;Ele tava radiante. Ele nem imaginou que isso podia acontecer. Essa reviravolta na vida dele. Parar naquele lugar horrendo. A gente n\u00e3o consegue saber por qu\u00ea. Pra mim foi a foto do filme&#8221;, disse Gerlene.<\/p>\n<p><a href=\"http:\/\/rioonwatch.org.br\/wp-content\/uploads\/2018\/09\/willian3.jpg\"><img loading=\"lazy\" decoding=\"async\" class=\"aligncenter wp-image-36555 size-content\" title=\"Willian com o ator Jos\u00e9 Loreto, que d\u00e1 vida ao traficante Nelson. Foto: Reprodu\u00e7\u00e3o Facebook.\" src=\"http:\/\/rioonwatch.org.br\/wp-content\/uploads\/2018\/09\/willian3-540x264.jpg\" alt=\"\" width=\"540\" height=\"264\" \/><\/a><\/p>\n<p>&#8220;Eu consigo v\u00ea-lo uma vez por semana. Levo comida. A gente almo\u00e7a junto. Conversamos bastante. Ele t\u00e1 bem, t\u00e1 tranquilo. Mas emagreceu bastante. Em casa ele comia biscoitinho, arroz, feij\u00e3o, bife e batata frita. Ainda era meio crian\u00e7a, n\u00e9. Ele n\u00e3o t\u00e1 sendo mal tratado, s\u00f3 reclama da comida&#8221;, disse a irm\u00e3. Gerlene diz que o processo de visita \u00e9 muito burocr\u00e1tico, \u00e9 preciso levar documenta\u00e7\u00e3o para dar entrada em uma carteirinha. Al\u00e9m disso, homem tem que dormir na fila de um dia para o outro porque eles s\u00f3 liberam 25 senhas. Os amigos querem ir v\u00ea-lo, mas eles n\u00e3o podem faltar o trabalho. Al\u00e9m disso, todos os visitantes t\u00eam que dar entrada na documenta\u00e7\u00e3o para uma carteirinha. Mesmo o pai e a m\u00e3e ainda n\u00e3o foram visit\u00e1-lo. &#8220;N\u00e3o consegui fazer a carteira ainda. E se eu o vir eu acho que passo mal. Eu tenho problema de hipertens\u00e3o&#8221;, disse Seu Jos\u00e9.<\/p>\n<p><a href=\"http:\/\/rioonwatch.org.br\/wp-content\/uploads\/2018\/09\/WhatsApp-Image-2018-09-24-at-18.24.42.jpeg\"><img loading=\"lazy\" decoding=\"async\" class=\"aligncenter wp-image-36550 size-content\" title=\"O pai de Willian, Jos\u00e9, e sua irm\u00e3, Gerlene. Foto: Luisa Fenizola.\" src=\"http:\/\/rioonwatch.org.br\/wp-content\/uploads\/2018\/09\/WhatsApp-Image-2018-09-24-at-18.24.42-e1537826980846-620x264.jpeg\" alt=\"\" width=\"620\" height=\"264\" srcset=\"https:\/\/rioonwatch.org.br\/wp-content\/uploads\/2018\/09\/WhatsApp-Image-2018-09-24-at-18.24.42-e1537826980846-620x264.jpeg 620w, https:\/\/rioonwatch.org.br\/wp-content\/uploads\/2018\/09\/WhatsApp-Image-2018-09-24-at-18.24.42-e1537826980846-940x400.jpeg 940w\" sizes=\"(max-width: 620px) 100vw, 620px\" \/><\/a><\/p>\n<p>&#8220;Minha m\u00e3e t\u00e1 emocionalmente mais controlada que o pai do Willian. O pai t\u00e1 muito abalado. Ela t\u00e1 abatida, mas tentando ser forte. Eu falo que eles t\u00eam que ser forte pra eles poderem me ajudar para eu poder ajudar o Willian. Se eles adoecem acabam complicando tudo&#8221;, desabafa Gerlene. &#8220;O pr\u00f3ximo passo \u00e9 o julgamento de m\u00e9rito, que deve ser essa semana ainda, pra ver se ele pode responder em liberdade. A gente t\u00e1 confiante que esses desembargadores v\u00e3o ser favor\u00e1veis.&#8221;<\/p>\n<p><a href=\"http:\/\/rioonwatch.org.br\/wp-content\/uploads\/2018\/09\/willian7.jpg\"><img loading=\"lazy\" decoding=\"async\" class=\"aligncenter wp-image-36551 size-content\" title=\"Faixa em protesto em frente \u00e0 C\u00e2mara Municipal. Foto: Reprodu\u00e7\u00e3o Facebook.\" src=\"http:\/\/rioonwatch.org.br\/wp-content\/uploads\/2018\/09\/willian7-620x264.jpg\" alt=\"\" width=\"620\" height=\"264\" srcset=\"https:\/\/rioonwatch.org.br\/wp-content\/uploads\/2018\/09\/willian7-620x264.jpg 620w, https:\/\/rioonwatch.org.br\/wp-content\/uploads\/2018\/09\/willian7-940x400.jpg 940w\" sizes=\"(max-width: 620px) 100vw, 620px\" \/><\/a><\/p>\n<p>&#8220;Todo mundo pergunta por ele. At\u00e9 os traficantes, que sabem que ele n\u00e3o deve nada, n\u00e3o tinha nada a ver. O Willian n\u00e3o tem um inimigo. Todo mundo de velho a novo gosta dele l\u00e1. Menino bom, bom mesmo. Ele fugia de briga, tinha medo de tiro&#8221;, disse o pai.\u00a0&#8220;No dia que ele foi preso eu fui procur\u00e1-lo na Cidade da Pol\u00edcia. Fiquei rodando por quase uma hora. Quando encontrei ele, ele chorava muito, muito abalado. &#8216;Irm\u00e3, me tira daqui.&#8217; E eu vou tirar. Eu n\u00e3o vou descansar enquanto n\u00e3o provar a inoc\u00eancia do meu irm\u00e3o. Eu vou fazer tudo que tiver ao meu alcance. Sei que n\u00e3o \u00e9 da noite pro dia, mas vou tirar. Ele n\u00e3o vai pagar por algo que ele n\u00e3o fez&#8221;, finalizou Gerlene.<\/p>\n<h3>Uma manifesta\u00e7\u00e3o em defesa da inoc\u00eancia de Willian est\u00e1 sendo planejado para ter\u00e7a-feira, 9 de outubro:<\/h3>\n<p><a href=\"http:\/\/rioonwatch.org.br\/wp-content\/uploads\/2018\/09\/Willian.jpg\"><img loading=\"lazy\" decoding=\"async\" class=\"aligncenter wp-image-36674\" src=\"http:\/\/rioonwatch.org.br\/wp-content\/uploads\/2018\/09\/Willian.jpg\" alt=\"\" width=\"620\" height=\"857\" srcset=\"https:\/\/rioonwatch.org.br\/wp-content\/uploads\/2018\/09\/Willian.jpg 640w, https:\/\/rioonwatch.org.br\/wp-content\/uploads\/2018\/09\/Willian-191x264.jpg 191w, https:\/\/rioonwatch.org.br\/wp-content\/uploads\/2018\/09\/Willian-448x620.jpg 448w\" sizes=\"(max-width: 620px) 100vw, 620px\" \/><\/a><\/p>\n<!-- AddThis Advanced Settings generic via filter on the_content --><!-- AddThis Share Buttons generic via filter on the_content -->","protected":false},"excerpt":{"rendered":"<div class=\"mh-excerpt\"><p>Click Here for English Willian Preciliano \u00e9 um jovem de 21 anos, morador do\u00a0Morro dos Prazeres. Em julho, terminou o Ensino M\u00e9dio e seus pais deram de presente para ele a chance de fazer a <a class=\"mh-excerpt-more\" href=\"https:\/\/rioonwatch.org.br\/?p=36380\" title=\"Jovem do Prazeres \u00e9 Preso por Engano: &#8216;Willian, Esta Comunidade N\u00e3o Tem D\u00favida, Voc\u00ea \u00c9 Inocente&#8217;\">[&#8230;]<\/a><!-- AddThis Advanced Settings generic via filter on get_the_excerpt --><!-- AddThis Share Buttons generic via filter on get_the_excerpt --><\/p>\n<\/div>","protected":false},"author":152,"featured_media":36552,"comment_status":"closed","ping_status":"closed","sticky":false,"template":"","format":"standard","meta":{"_acf_changed":false,"_monsterinsights_skip_tracking":false,"_monsterinsights_sitenote_active":false,"_monsterinsights_sitenote_note":"","_monsterinsights_sitenote_category":0,"footnotes":""},"categories":[1621,346,1388,344,1620],"tags":[1239,937,88,1535,113,44,2378,1721,919,2167,92,383],"writer":[1994],"translator":[],"source":[],"ilustrador":[],"fotografo":[],"class_list":{"0":"post-36380","1":"post","2":"type-post","3":"status-publish","4":"format-standard","5":"has-post-thumbnail","7":"category-destaque","8":"category-denuncias","9":"category-formas-de-apoiar","10":"category-politicas","11":"category-olhonaupp","12":"tag-criminalizacao-da-pobreza","13":"tag-direito-de-ir-e-vir","14":"tag-direitos-humanos","15":"tag-facebook","16":"tag-juventude","17":"tag-prazeres","18":"tag-policia-civil","19":"tag-prisoes","20":"tag-reforma-da-policia","21":"tag-uniao","22":"tag-upp","23":"tag-zona-sul","24":"writer-luisa-fenizola"},"acf":[],"yoast_head":"<!-- This site is optimized with the Yoast SEO plugin v25.6 - https:\/\/yoast.com\/wordpress\/plugins\/seo\/ -->\n<title>Jovem do Prazeres \u00e9 Preso por Engano: &#039;Willian, Esta Comunidade N\u00e3o Tem D\u00favida, Voc\u00ea \u00c9 Inocente&#039; - RioOnWatch<\/title>\n<meta name=\"robots\" content=\"index, follow, max-snippet:-1, max-image-preview:large, max-video-preview:-1\" \/>\n<link rel=\"canonical\" href=\"https:\/\/rioonwatch.org.br\/?p=36380\" \/>\n<meta property=\"og:locale\" content=\"pt_BR\" \/>\n<meta property=\"og:type\" content=\"article\" \/>\n<meta property=\"og:title\" content=\"Jovem do Prazeres \u00e9 Preso por Engano: &#039;Willian, Esta Comunidade N\u00e3o Tem D\u00favida, Voc\u00ea \u00c9 Inocente&#039; - RioOnWatch\" \/>\n<meta property=\"og:description\" content=\"Click Here for English Willian Preciliano \u00e9 um jovem de 21 anos, morador do\u00a0Morro dos Prazeres. Em julho, terminou o Ensino M\u00e9dio e seus pais deram de presente para ele a chance de fazer a [...]\" \/>\n<meta property=\"og:url\" content=\"https:\/\/rioonwatch.org.br\/?p=36380\" \/>\n<meta property=\"og:site_name\" content=\"RioOnWatch\" \/>\n<meta property=\"article:published_time\" content=\"2018-09-26T14:00:22+00:00\" \/>\n<meta property=\"article:modified_time\" content=\"2018-10-17T00:20:27+00:00\" \/>\n<meta property=\"og:image\" content=\"https:\/\/rioonwatch.org.br\/wp-content\/uploads\/2018\/09\/willian6.jpg\" \/>\n\t<meta property=\"og:image:width\" content=\"1600\" \/>\n\t<meta property=\"og:image:height\" content=\"1200\" \/>\n\t<meta property=\"og:image:type\" content=\"image\/jpeg\" \/>\n<meta name=\"author\" content=\"Luisa Fenizola\" \/>\n<meta name=\"twitter:card\" content=\"summary_large_image\" \/>\n<meta name=\"twitter:label1\" content=\"Escrito por\" \/>\n\t<meta name=\"twitter:data1\" content=\"Luisa Fenizola\" \/>\n\t<meta name=\"twitter:label2\" content=\"Est. tempo de leitura\" \/>\n\t<meta name=\"twitter:data2\" content=\"7 minutos\" \/>\n<script type=\"application\/ld+json\" class=\"yoast-schema-graph\">{\"@context\":\"https:\/\/schema.org\",\"@graph\":[{\"@type\":\"Article\",\"@id\":\"https:\/\/rioonwatch.org.br\/?p=36380#article\",\"isPartOf\":{\"@id\":\"https:\/\/rioonwatch.org.br\/?p=36380\"},\"author\":{\"name\":\"Luisa Fenizola\",\"@id\":\"https:\/\/rioonwatch.org.br\/#\/schema\/person\/f443c6b55bb6e80842280318076491c5\"},\"headline\":\"Jovem do Prazeres \u00e9 Preso por Engano: &#8216;Willian, Esta Comunidade N\u00e3o Tem D\u00favida, Voc\u00ea \u00c9 Inocente&#8217;\",\"datePublished\":\"2018-09-26T14:00:22+00:00\",\"dateModified\":\"2018-10-17T00:20:27+00:00\",\"mainEntityOfPage\":{\"@id\":\"https:\/\/rioonwatch.org.br\/?p=36380\"},\"wordCount\":1439,\"publisher\":{\"@id\":\"https:\/\/rioonwatch.org.br\/#organization\"},\"image\":{\"@id\":\"https:\/\/rioonwatch.org.br\/?p=36380#primaryimage\"},\"thumbnailUrl\":\"https:\/\/rioonwatch.org.br\/wp-content\/uploads\/2018\/09\/willian6.jpg\",\"keywords\":[\"criminaliza\u00e7\u00e3o da pobreza\",\"direito de ir e vir\",\"Direitos Humanos\",\"Facebook\",\"juventude\",\"Morro dos Prazeres\",\"Pol\u00edcia Civil\",\"pris\u00f5es\",\"reforma da pol\u00edcia\",\"uni\u00e3o\",\"UPP\",\"Zona Sul\"],\"articleSection\":[\"*Destaque\",\"Den\u00fancias\",\"Formas de Apoiar\",\"Pol\u00edticas\",\"Seguran\u00e7a P\u00fablica\"],\"inLanguage\":\"pt-BR\"},{\"@type\":\"WebPage\",\"@id\":\"https:\/\/rioonwatch.org.br\/?p=36380\",\"url\":\"https:\/\/rioonwatch.org.br\/?p=36380\",\"name\":\"Jovem do Prazeres \u00e9 Preso por Engano: 'Willian, Esta Comunidade N\u00e3o Tem D\u00favida, Voc\u00ea \u00c9 Inocente' - RioOnWatch\",\"isPartOf\":{\"@id\":\"https:\/\/rioonwatch.org.br\/#website\"},\"primaryImageOfPage\":{\"@id\":\"https:\/\/rioonwatch.org.br\/?p=36380#primaryimage\"},\"image\":{\"@id\":\"https:\/\/rioonwatch.org.br\/?p=36380#primaryimage\"},\"thumbnailUrl\":\"https:\/\/rioonwatch.org.br\/wp-content\/uploads\/2018\/09\/willian6.jpg\",\"datePublished\":\"2018-09-26T14:00:22+00:00\",\"dateModified\":\"2018-10-17T00:20:27+00:00\",\"breadcrumb\":{\"@id\":\"https:\/\/rioonwatch.org.br\/?p=36380#breadcrumb\"},\"inLanguage\":\"pt-BR\",\"potentialAction\":[{\"@type\":\"ReadAction\",\"target\":[\"https:\/\/rioonwatch.org.br\/?p=36380\"]}]},{\"@type\":\"ImageObject\",\"inLanguage\":\"pt-BR\",\"@id\":\"https:\/\/rioonwatch.org.br\/?p=36380#primaryimage\",\"url\":\"https:\/\/rioonwatch.org.br\/wp-content\/uploads\/2018\/09\/willian6.jpg\",\"contentUrl\":\"https:\/\/rioonwatch.org.br\/wp-content\/uploads\/2018\/09\/willian6.jpg\",\"width\":1600,\"height\":1200},{\"@type\":\"BreadcrumbList\",\"@id\":\"https:\/\/rioonwatch.org.br\/?p=36380#breadcrumb\",\"itemListElement\":[{\"@type\":\"ListItem\",\"position\":1,\"name\":\"In\u00edcio\",\"item\":\"https:\/\/rioonwatch.org.br\/\"},{\"@type\":\"ListItem\",\"position\":2,\"name\":\"Jovem do Prazeres \u00e9 Preso por Engano: &#8216;Willian, Esta Comunidade N\u00e3o Tem D\u00favida, Voc\u00ea \u00c9 Inocente&#8217;\"}]},{\"@type\":\"WebSite\",\"@id\":\"https:\/\/rioonwatch.org.br\/#website\",\"url\":\"https:\/\/rioonwatch.org.br\/\",\"name\":\"RioOnWatch\",\"description\":\"relatos das favelas cariocas\",\"publisher\":{\"@id\":\"https:\/\/rioonwatch.org.br\/#organization\"},\"potentialAction\":[{\"@type\":\"SearchAction\",\"target\":{\"@type\":\"EntryPoint\",\"urlTemplate\":\"https:\/\/rioonwatch.org.br\/?s={search_term_string}\"},\"query-input\":{\"@type\":\"PropertyValueSpecification\",\"valueRequired\":true,\"valueName\":\"search_term_string\"}}],\"inLanguage\":\"pt-BR\"},{\"@type\":\"Organization\",\"@id\":\"https:\/\/rioonwatch.org.br\/#organization\",\"name\":\"RioOnWatch\",\"url\":\"https:\/\/rioonwatch.org.br\/\",\"logo\":{\"@type\":\"ImageObject\",\"inLanguage\":\"pt-BR\",\"@id\":\"https:\/\/rioonwatch.org.br\/#\/schema\/logo\/image\/\",\"url\":\"https:\/\/rioonwatch.org.br\/wp-content\/uploads\/2021\/06\/RioOnWatchcabecalhoPT11anos-2.png\",\"contentUrl\":\"https:\/\/rioonwatch.org.br\/wp-content\/uploads\/2021\/06\/RioOnWatchcabecalhoPT11anos-2.png\",\"width\":779,\"height\":277,\"caption\":\"RioOnWatch\"},\"image\":{\"@id\":\"https:\/\/rioonwatch.org.br\/#\/schema\/logo\/image\/\"}},{\"@type\":\"Person\",\"@id\":\"https:\/\/rioonwatch.org.br\/#\/schema\/person\/f443c6b55bb6e80842280318076491c5\",\"name\":\"Luisa Fenizola\",\"image\":{\"@type\":\"ImageObject\",\"inLanguage\":\"pt-BR\",\"@id\":\"https:\/\/rioonwatch.org.br\/#\/schema\/person\/image\/\",\"url\":\"https:\/\/secure.gravatar.com\/avatar\/a3d551110162b9f876cbbdaaecf75663?s=96&d=blank&r=g\",\"contentUrl\":\"https:\/\/secure.gravatar.com\/avatar\/a3d551110162b9f876cbbdaaecf75663?s=96&d=blank&r=g\",\"caption\":\"Luisa Fenizola\"},\"url\":\"https:\/\/rioonwatch.org.br\/?author=152\"}]}<\/script>\n<!-- \/ Yoast SEO plugin. -->","yoast_head_json":{"title":"Jovem do Prazeres \u00e9 Preso por Engano: 'Willian, Esta Comunidade N\u00e3o Tem D\u00favida, Voc\u00ea \u00c9 Inocente' - RioOnWatch","robots":{"index":"index","follow":"follow","max-snippet":"max-snippet:-1","max-image-preview":"max-image-preview:large","max-video-preview":"max-video-preview:-1"},"canonical":"https:\/\/rioonwatch.org.br\/?p=36380","og_locale":"pt_BR","og_type":"article","og_title":"Jovem do Prazeres \u00e9 Preso por Engano: 'Willian, Esta Comunidade N\u00e3o Tem D\u00favida, Voc\u00ea \u00c9 Inocente' - RioOnWatch","og_description":"Click Here for English Willian Preciliano \u00e9 um jovem de 21 anos, morador do\u00a0Morro dos Prazeres. Em julho, terminou o Ensino M\u00e9dio e seus pais deram de presente para ele a chance de fazer a [...]","og_url":"https:\/\/rioonwatch.org.br\/?p=36380","og_site_name":"RioOnWatch","article_published_time":"2018-09-26T14:00:22+00:00","article_modified_time":"2018-10-17T00:20:27+00:00","og_image":[{"width":1600,"height":1200,"url":"https:\/\/rioonwatch.org.br\/wp-content\/uploads\/2018\/09\/willian6.jpg","type":"image\/jpeg"}],"author":"Luisa Fenizola","twitter_card":"summary_large_image","twitter_misc":{"Escrito por":"Luisa Fenizola","Est. tempo de leitura":"7 minutos"},"schema":{"@context":"https:\/\/schema.org","@graph":[{"@type":"Article","@id":"https:\/\/rioonwatch.org.br\/?p=36380#article","isPartOf":{"@id":"https:\/\/rioonwatch.org.br\/?p=36380"},"author":{"name":"Luisa Fenizola","@id":"https:\/\/rioonwatch.org.br\/#\/schema\/person\/f443c6b55bb6e80842280318076491c5"},"headline":"Jovem do Prazeres \u00e9 Preso por Engano: &#8216;Willian, Esta Comunidade N\u00e3o Tem D\u00favida, Voc\u00ea \u00c9 Inocente&#8217;","datePublished":"2018-09-26T14:00:22+00:00","dateModified":"2018-10-17T00:20:27+00:00","mainEntityOfPage":{"@id":"https:\/\/rioonwatch.org.br\/?p=36380"},"wordCount":1439,"publisher":{"@id":"https:\/\/rioonwatch.org.br\/#organization"},"image":{"@id":"https:\/\/rioonwatch.org.br\/?p=36380#primaryimage"},"thumbnailUrl":"https:\/\/rioonwatch.org.br\/wp-content\/uploads\/2018\/09\/willian6.jpg","keywords":["criminaliza\u00e7\u00e3o da pobreza","direito de ir e vir","Direitos Humanos","Facebook","juventude","Morro dos Prazeres","Pol\u00edcia Civil","pris\u00f5es","reforma da pol\u00edcia","uni\u00e3o","UPP","Zona Sul"],"articleSection":["*Destaque","Den\u00fancias","Formas de Apoiar","Pol\u00edticas","Seguran\u00e7a P\u00fablica"],"inLanguage":"pt-BR"},{"@type":"WebPage","@id":"https:\/\/rioonwatch.org.br\/?p=36380","url":"https:\/\/rioonwatch.org.br\/?p=36380","name":"Jovem do Prazeres \u00e9 Preso por Engano: 'Willian, Esta Comunidade N\u00e3o Tem D\u00favida, Voc\u00ea \u00c9 Inocente' - RioOnWatch","isPartOf":{"@id":"https:\/\/rioonwatch.org.br\/#website"},"primaryImageOfPage":{"@id":"https:\/\/rioonwatch.org.br\/?p=36380#primaryimage"},"image":{"@id":"https:\/\/rioonwatch.org.br\/?p=36380#primaryimage"},"thumbnailUrl":"https:\/\/rioonwatch.org.br\/wp-content\/uploads\/2018\/09\/willian6.jpg","datePublished":"2018-09-26T14:00:22+00:00","dateModified":"2018-10-17T00:20:27+00:00","breadcrumb":{"@id":"https:\/\/rioonwatch.org.br\/?p=36380#breadcrumb"},"inLanguage":"pt-BR","potentialAction":[{"@type":"ReadAction","target":["https:\/\/rioonwatch.org.br\/?p=36380"]}]},{"@type":"ImageObject","inLanguage":"pt-BR","@id":"https:\/\/rioonwatch.org.br\/?p=36380#primaryimage","url":"https:\/\/rioonwatch.org.br\/wp-content\/uploads\/2018\/09\/willian6.jpg","contentUrl":"https:\/\/rioonwatch.org.br\/wp-content\/uploads\/2018\/09\/willian6.jpg","width":1600,"height":1200},{"@type":"BreadcrumbList","@id":"https:\/\/rioonwatch.org.br\/?p=36380#breadcrumb","itemListElement":[{"@type":"ListItem","position":1,"name":"In\u00edcio","item":"https:\/\/rioonwatch.org.br\/"},{"@type":"ListItem","position":2,"name":"Jovem do Prazeres \u00e9 Preso por Engano: &#8216;Willian, Esta Comunidade N\u00e3o Tem D\u00favida, Voc\u00ea \u00c9 Inocente&#8217;"}]},{"@type":"WebSite","@id":"https:\/\/rioonwatch.org.br\/#website","url":"https:\/\/rioonwatch.org.br\/","name":"RioOnWatch","description":"relatos das favelas cariocas","publisher":{"@id":"https:\/\/rioonwatch.org.br\/#organization"},"potentialAction":[{"@type":"SearchAction","target":{"@type":"EntryPoint","urlTemplate":"https:\/\/rioonwatch.org.br\/?s={search_term_string}"},"query-input":{"@type":"PropertyValueSpecification","valueRequired":true,"valueName":"search_term_string"}}],"inLanguage":"pt-BR"},{"@type":"Organization","@id":"https:\/\/rioonwatch.org.br\/#organization","name":"RioOnWatch","url":"https:\/\/rioonwatch.org.br\/","logo":{"@type":"ImageObject","inLanguage":"pt-BR","@id":"https:\/\/rioonwatch.org.br\/#\/schema\/logo\/image\/","url":"https:\/\/rioonwatch.org.br\/wp-content\/uploads\/2021\/06\/RioOnWatchcabecalhoPT11anos-2.png","contentUrl":"https:\/\/rioonwatch.org.br\/wp-content\/uploads\/2021\/06\/RioOnWatchcabecalhoPT11anos-2.png","width":779,"height":277,"caption":"RioOnWatch"},"image":{"@id":"https:\/\/rioonwatch.org.br\/#\/schema\/logo\/image\/"}},{"@type":"Person","@id":"https:\/\/rioonwatch.org.br\/#\/schema\/person\/f443c6b55bb6e80842280318076491c5","name":"Luisa Fenizola","image":{"@type":"ImageObject","inLanguage":"pt-BR","@id":"https:\/\/rioonwatch.org.br\/#\/schema\/person\/image\/","url":"https:\/\/secure.gravatar.com\/avatar\/a3d551110162b9f876cbbdaaecf75663?s=96&d=blank&r=g","contentUrl":"https:\/\/secure.gravatar.com\/avatar\/a3d551110162b9f876cbbdaaecf75663?s=96&d=blank&r=g","caption":"Luisa Fenizola"},"url":"https:\/\/rioonwatch.org.br\/?author=152"}]}},"_links":{"self":[{"href":"https:\/\/rioonwatch.org.br\/index.php?rest_route=\/wp\/v2\/posts\/36380"}],"collection":[{"href":"https:\/\/rioonwatch.org.br\/index.php?rest_route=\/wp\/v2\/posts"}],"about":[{"href":"https:\/\/rioonwatch.org.br\/index.php?rest_route=\/wp\/v2\/types\/post"}],"author":[{"embeddable":true,"href":"https:\/\/rioonwatch.org.br\/index.php?rest_route=\/wp\/v2\/users\/152"}],"replies":[{"embeddable":true,"href":"https:\/\/rioonwatch.org.br\/index.php?rest_route=%2Fwp%2Fv2%2Fcomments&post=36380"}],"version-history":[{"count":20,"href":"https:\/\/rioonwatch.org.br\/index.php?rest_route=\/wp\/v2\/posts\/36380\/revisions"}],"predecessor-version":[{"id":37030,"href":"https:\/\/rioonwatch.org.br\/index.php?rest_route=\/wp\/v2\/posts\/36380\/revisions\/37030"}],"wp:featuredmedia":[{"embeddable":true,"href":"https:\/\/rioonwatch.org.br\/index.php?rest_route=\/wp\/v2\/media\/36552"}],"wp:attachment":[{"href":"https:\/\/rioonwatch.org.br\/index.php?rest_route=%2Fwp%2Fv2%2Fmedia&parent=36380"}],"wp:term":[{"taxonomy":"category","embeddable":true,"href":"https:\/\/rioonwatch.org.br\/index.php?rest_route=%2Fwp%2Fv2%2Fcategories&post=36380"},{"taxonomy":"post_tag","embeddable":true,"href":"https:\/\/rioonwatch.org.br\/index.php?rest_route=%2Fwp%2Fv2%2Ftags&post=36380"},{"taxonomy":"writer","embeddable":true,"href":"https:\/\/rioonwatch.org.br\/index.php?rest_route=%2Fwp%2Fv2%2Fwriter&post=36380"},{"taxonomy":"translator","embeddable":true,"href":"https:\/\/rioonwatch.org.br\/index.php?rest_route=%2Fwp%2Fv2%2Ftranslator&post=36380"},{"taxonomy":"source","embeddable":true,"href":"https:\/\/rioonwatch.org.br\/index.php?rest_route=%2Fwp%2Fv2%2Fsource&post=36380"},{"taxonomy":"ilustrador","embeddable":true,"href":"https:\/\/rioonwatch.org.br\/index.php?rest_route=%2Fwp%2Fv2%2Filustrador&post=36380"},{"taxonomy":"fotografo","embeddable":true,"href":"https:\/\/rioonwatch.org.br\/index.php?rest_route=%2Fwp%2Fv2%2Ffotografo&post=36380"}],"curies":[{"name":"wp","href":"https:\/\/api.w.org\/{rel}","templated":true}]}}