{"id":36432,"date":"2018-10-10T15:29:06","date_gmt":"2018-10-10T18:29:06","guid":{"rendered":"http:\/\/rioonwatch.org.br\/?p=36432"},"modified":"2018-10-11T16:38:53","modified_gmt":"2018-10-11T19:38:53","slug":"exposicao-favelando-inverte-o-lugar-das-favelas-na-arte-e-destaca-o-poder-da-arte-como-ferramenta-transformadora","status":"publish","type":"post","link":"https:\/\/rioonwatch.org.br\/?p=36432","title":{"rendered":"Exposi\u00e7\u00e3o &#8216;Favelando&#8217; Inverte Lugar das Favelas na Arte, Destaca Poder da Arte para Transforma\u00e7\u00e3o"},"content":{"rendered":"<p style=\"text-align: right;\"><em><strong><a href=\"http:\/\/bit.ly\/2QmkToq\" target=\"_blank\" rel=\"noopener noreferrer\">Click Here for English<img decoding=\"async\" width=\"20\" height=\"20\" class=\"alignright wp-image-15790\" src=\"http:\/\/rioonwatch.org.br\/wp-content\/uploads\/2012\/08\/EN-standard-e1439583104716.jpg\" \/><\/a><\/strong><\/em><\/p>\n<p style=\"font-weight: 400;\">&#8220;A favela n\u00e3o \u00e9 s\u00f3 um lugar&#8221;, explica Ricardo Rodrigues, do\u00a0<a href=\"http:\/\/bit.ly\/2OKAltm\" target=\"_blank\" rel=\"noopener\">Cerro-Cor\u00e1<\/a>, comunidade que fica abaixo do Cristo Redentor, na <a href=\"http:\/\/bit.ly\/1mNsDyk\" target=\"_blank\" rel=\"noopener\">Zona Sul<\/a> do Rio. \u201c<span style=\"font-weight: 400;\">\u00c9 uma ideia de constru\u00e7\u00e3o de vida, de supera\u00e7\u00e3o, de se entender como parte do espa\u00e7o.<\/span>\u201d<\/p>\n<p style=\"font-weight: 400;\"><a href=\"http:\/\/rioonwatch.org.br\/wp-content\/uploads\/2018\/09\/Castelinho-do-Flamengo-1.jpg\"><img fetchpriority=\"high\" decoding=\"async\" class=\"alignright wp-image-36437 size-thumbnail\" title=\"Centro Cultural Oduvaldo Vianna Filho, conhecido como Castelinho do Flamengo. Foto: P. Carvalho\/TrekEarth\" src=\"http:\/\/rioonwatch.org.br\/wp-content\/uploads\/2018\/09\/Castelinho-do-Flamengo-1-278x264.jpg\" alt=\"\" width=\"278\" height=\"264\" srcset=\"https:\/\/rioonwatch.org.br\/wp-content\/uploads\/2018\/09\/Castelinho-do-Flamengo-1-278x264.jpg 278w, https:\/\/rioonwatch.org.br\/wp-content\/uploads\/2018\/09\/Castelinho-do-Flamengo-1-620x588.jpg 620w, https:\/\/rioonwatch.org.br\/wp-content\/uploads\/2018\/09\/Castelinho-do-Flamengo-1-768x729.jpg 768w, https:\/\/rioonwatch.org.br\/wp-content\/uploads\/2018\/09\/Castelinho-do-Flamengo-1.jpg 800w\" sizes=\"(max-width: 278px) 100vw, 278px\" \/><\/a><\/p>\n<p style=\"font-weight: 400;\">Vestindo uma camiseta onde se l\u00ea \u201cFavela Carioca\u201d, que ele mesmo desenhou, a roupa de Ricardo \u00e9 t\u00e3o not\u00e1vel quanto suas id\u00e9ias, pois fala da inspira\u00e7\u00e3o para sua exposi\u00e7\u00e3o \u201cFavelando\u201d, que foi exibida no <a href=\"http:\/\/bit.ly\/2CLQ3ml\" target=\"_blank\" rel=\"noopener\">Centro Cultural Oduvaldo Vianna Filho<\/a> de 23 de junho a 5 de agosto.<\/p>\n<p style=\"font-weight: 400;\">O espa\u00e7o que abriga a exposi\u00e7\u00e3o, comumente conhecido como Castelinho do Flamengo, fica no <a href=\"http:\/\/bit.ly\/2pJprrU\" target=\"_blank\" rel=\"noopener\">Flamengo<\/a>, em frente ao Aterro, um dos maiores espa\u00e7os de recrea\u00e7\u00e3o p\u00fablica da Zona Sul do Rio. A decadente mans\u00e3o foi <a href=\"http:\/\/bit.ly\/2p1LTgs\" target=\"_blank\" rel=\"noopener\">originalmente constru\u00edda<\/a> por um renomado arquiteto italiano do s\u00e9culo XX para um rico empres\u00e1rio portugu\u00eas. Hoje, ela serve como um centro cultural que exibe in\u00fameras exposi\u00e7\u00f5es culturais e uma grande variedade de apresenta\u00e7\u00f5es de artistas locais.<\/p>\n<p style=\"font-weight: 400;\">A exposi\u00e7\u00e3o de Ricardo desafia n\u00e3o apenas as <a href=\"http:\/\/bit.ly\/1bO4BfB\" target=\"_blank\" rel=\"noopener\">percep\u00e7\u00f5es dos espectadores<\/a> sobre os moradores das favelas, mas tamb\u00e9m sobre o lugar das favelas na cidade. Ao apresentar obras de arte que n\u00e3o apenas retratam favelas, mas vem das favelas&#8211;e s\u00e3o produzidas pelos seus moradores&#8211;no que historicamente \u00e9 um espa\u00e7o de elite, Ricardo inverte o lugar da favela na arte: de objeto (favelado) para sujeito (favelando).<\/p>\n<p><a href=\"http:\/\/rioonwatch.org.br\/wp-content\/uploads\/2018\/09\/Modelo-favela.jpg\"><img decoding=\"async\" class=\"aligncenter size-content wp-image-36436\" src=\"http:\/\/rioonwatch.org.br\/wp-content\/uploads\/2018\/09\/Modelo-favela-620x264.jpg\" alt=\"\" width=\"620\" height=\"264\" srcset=\"https:\/\/rioonwatch.org.br\/wp-content\/uploads\/2018\/09\/Modelo-favela-620x264.jpg 620w, https:\/\/rioonwatch.org.br\/wp-content\/uploads\/2018\/09\/Modelo-favela-940x400.jpg 940w\" sizes=\"(max-width: 620px) 100vw, 620px\" \/><\/a><\/p>\n<p style=\"font-weight: 400;\">A exposi\u00e7\u00e3o continha dois grandes espa\u00e7os: um com a pr\u00f3pria obra de Ricardo, pinturas coloridas da vida cotidiana em uma favela e lembran\u00e7as de sua inf\u00e2ncia e, no outro, uma enorme maquete de uma favela, constru\u00edda de papel\u00e3o, corda e outros materiais obtidos atrav\u00e9s de crian\u00e7as de favelas locais. Pendurada na parede, pr\u00f3xima \u00e0 maquete, est\u00e1 uma foto das crian\u00e7as, com idades entre seis e doze anos, construindo a maquete.<\/p>\n<p style=\"font-weight: 400;\">As pinturas de Ricardo s\u00e3o visualmente impressionantes e merecem ser visitadas pessoalmente. No entanto, fica claro que sua maior paix\u00e3o \u00e9 trabalhar com crian\u00e7as, inspirando-as a criar, enquanto tamb\u00e9m se inspira na criatividade delas. Aqui, a miss\u00e3o de Ricardo \u00e9 t\u00e3o social quanto art\u00edstica. Ele valoriza a arte n\u00e3o apenas pelo produto final, mas pelo processo de cria\u00e7\u00e3o, que ele v\u00ea como um ve\u00edculo para um desenvolvimento saud\u00e1vel e transformador, especialmente para as crian\u00e7as.<\/p>\n<p><a href=\"http:\/\/rioonwatch.org.br\/wp-content\/uploads\/2018\/09\/Pintura-Favelando.jpg\"><img loading=\"lazy\" decoding=\"async\" class=\"alignright wp-image-36435 size-thumbnail\" title=\"Pintura de Ricardo Rodrigues na exposi\u00e7\u00e3o.\" src=\"http:\/\/rioonwatch.org.br\/wp-content\/uploads\/2018\/09\/Pintura-Favelando-214x264.jpg\" alt=\"\" width=\"214\" height=\"264\" srcset=\"https:\/\/rioonwatch.org.br\/wp-content\/uploads\/2018\/09\/Pintura-Favelando-214x264.jpg 214w, https:\/\/rioonwatch.org.br\/wp-content\/uploads\/2018\/09\/Pintura-Favelando.jpg 275w\" sizes=\"(max-width: 214px) 100vw, 214px\" \/><\/a><\/p>\n<p><span style=\"font-weight: 400;\">&#8220;A arte foi um instrumento de resgate, para que eu conseguisse tanto n\u00e3o me envolver quanto evitar que os amigos se envolvessem, que as crian\u00e7as se envolvessem com caminhos errados, com o tr\u00e1fico, e com outras coisas. Eu acho que a arte tem esse poder, muito positivo, de dar outro rumo, outra dire\u00e7\u00e3o. Na vida, as pessoas em certo tempo v\u00e3o ser adolescente, e quando elas conhecem arte antes disso, elas conseguem ser uma pessoa diferente.&#8221;<\/span><\/p>\n<p style=\"font-weight: 400;\">Mas para Ricardo, a arte n\u00e3o \u00e9 apenas crucial para o desenvolvimento infantil, mas tamb\u00e9m \u00e9 um escape muito necess\u00e1rio. Em muitas das favelas do Rio&#8211;onde as crian\u00e7as frequentemente precisam navegar pela din\u00e2mica de poder entre uma for\u00e7a policial militarizada e traficantes de drogas, onde <a href=\"http:\/\/bit.ly\/2KvsKwM\" target=\"_blank\" rel=\"noopener\">at\u00e9 os uniformes escolares n\u00e3o os protegem<\/a> da viol\u00eancia policial&#8211;a inf\u00e2ncia e o conceito de \u201cbrincadeira\u201d costumam ser passageiros.<\/p>\n<p style=\"font-weight: 400;\">\u201c<span style=\"font-weight: 400;\">Todo mundo cresceu, e eu quis continuar crian\u00e7a, brincar com isso<\/span>\u201d, explica Ricardo. \u201c<span style=\"font-weight: 400;\">A gente consegue dar novos rumos para essas crian\u00e7as\u2026 E elas n\u00e3o precisam \u2018crescer&#8217;.&#8221;<\/span><\/p>\n<p><a href=\"http:\/\/rioonwatch.org.br\/wp-content\/uploads\/2018\/09\/Ricardo-Rodrigues-arte.jpg\"><img loading=\"lazy\" decoding=\"async\" class=\"alignright wp-image-36434 size-thumbnail\" src=\"http:\/\/rioonwatch.org.br\/wp-content\/uploads\/2018\/09\/Ricardo-Rodrigues-arte-267x264.jpg\" alt=\"\" width=\"267\" height=\"264\" srcset=\"https:\/\/rioonwatch.org.br\/wp-content\/uploads\/2018\/09\/Ricardo-Rodrigues-arte-267x264.jpg 267w, https:\/\/rioonwatch.org.br\/wp-content\/uploads\/2018\/09\/Ricardo-Rodrigues-arte-620x612.jpg 620w, https:\/\/rioonwatch.org.br\/wp-content\/uploads\/2018\/09\/Ricardo-Rodrigues-arte-768x758.jpg 768w, https:\/\/rioonwatch.org.br\/wp-content\/uploads\/2018\/09\/Ricardo-Rodrigues-arte-1024x1011.jpg 1024w, https:\/\/rioonwatch.org.br\/wp-content\/uploads\/2018\/09\/Ricardo-Rodrigues-arte.jpg 1187w\" sizes=\"(max-width: 267px) 100vw, 267px\" \/><\/a><\/p>\n<p style=\"font-weight: 400;\">Nas \u00faltimas semanas da exposi\u00e7\u00e3o, as crian\u00e7as que criaram a maquete visitaram o Castelinho e viram seus trabalhos expostos para o p\u00fablico. Tendo vindo de v\u00e1rias favelas, incluindo do lar de Ricardo, Cerro Cor\u00e1, as crian\u00e7as puderam se ver representadas em um ambiente inesperado. Como Ricardo e um funcion\u00e1rio do Castelinho explicaram, as crian\u00e7as puderam ver: \u201cEu perten\u00e7o a este lugar, e este espa\u00e7o me pertence. Eu sou parte dessa hist\u00f3ria\u201d. A visita e o projeto \u201cFavelando\u201d em geral, explicou o funcion\u00e1rio, proporcionaram uma ponte para atravessar a linha divis\u00f3ria entre o \u201cmorro\u201d e \u201co asfalto\u201d, entre a favela e a cidade formal.<\/p>\n<p style=\"font-weight: 400;\">Para Ricardo, <a href=\"http:\/\/bit.ly\/2JPgiLa\" target=\"_blank\" rel=\"noopener\">a divis\u00e3o \u00e9 superficial<\/a>. \u201cTudo vem da favela\u2026 A favela tem uma import\u00e2ncia muito grande [na cidade].\u201d<\/p>\n<p><a href=\"http:\/\/bit.ly\/2MrPcag\" target=\"_blank\" rel=\"noopener\">Siga Ricardo Rodrigues e sua arte no Instagram<\/a>.<\/p>\n<!-- AddThis Advanced Settings generic via filter on the_content --><!-- AddThis Share Buttons generic via filter on the_content -->","protected":false},"excerpt":{"rendered":"<div class=\"mh-excerpt\"><p>Click Here for English &#8220;A favela n\u00e3o \u00e9 s\u00f3 um lugar&#8221;, explica Ricardo Rodrigues, do\u00a0Cerro-Cor\u00e1, comunidade que fica abaixo do Cristo Redentor, na Zona Sul do Rio. \u201c\u00c9 uma ideia de constru\u00e7\u00e3o de vida, de <a class=\"mh-excerpt-more\" href=\"https:\/\/rioonwatch.org.br\/?p=36432\" title=\"Exposi\u00e7\u00e3o &#8216;Favelando&#8217; Inverte Lugar das Favelas na Arte, Destaca Poder da Arte para Transforma\u00e7\u00e3o\">[&#8230;]<\/a><!-- AddThis Advanced Settings generic via filter on get_the_excerpt --><!-- AddThis Share Buttons generic via filter on get_the_excerpt --><\/p>\n<\/div>","protected":false},"author":152,"featured_media":36530,"comment_status":"closed","ping_status":"closed","sticky":false,"template":"","format":"standard","meta":{"_acf_changed":false,"_monsterinsights_skip_tracking":false,"_monsterinsights_sitenote_active":false,"_monsterinsights_sitenote_note":"","_monsterinsights_sitenote_category":0,"footnotes":""},"categories":[1621,1615,1626,1616,342],"tags":[334,1006,2515,1014,496,1808,81,421,1146,1502,113,383],"writer":[2428],"translator":[2377],"source":[],"ilustrador":[],"fotografo":[],"class_list":{"0":"post-36432","1":"post","2":"type-post","3":"status-publish","4":"format-standard","5":"has-post-thumbnail","7":"category-destaque","8":"category-cultura-da-favela","9":"category-por-observadores-internacionais","10":"category-qualidades-da-favela","11":"category-solucoes","12":"tag-arte","13":"tag-asfalto-x-favela","14":"tag-aterro-do-flamengo","15":"tag-cerro-cora","16":"tag-cidade-partida","17":"tag-criatividade","18":"tag-cultura","19":"tag-cultura-da-favela","20":"tag-exposicao","21":"tag-flamengo","22":"tag-juventude","23":"tag-zona-sul","24":"writer-joshua-manson","25":"translator-camila-moraes"},"acf":[],"yoast_head":"<!-- This site is optimized with the Yoast SEO plugin v25.6 - https:\/\/yoast.com\/wordpress\/plugins\/seo\/ -->\n<title>Exposi\u00e7\u00e3o &#039;Favelando&#039; Inverte Lugar das Favelas na Arte, Destaca Poder da Arte para Transforma\u00e7\u00e3o - RioOnWatch<\/title>\n<meta name=\"robots\" content=\"index, follow, max-snippet:-1, max-image-preview:large, max-video-preview:-1\" \/>\n<link rel=\"canonical\" href=\"https:\/\/rioonwatch.org.br\/?p=36432\" \/>\n<meta property=\"og:locale\" content=\"pt_BR\" \/>\n<meta property=\"og:type\" content=\"article\" \/>\n<meta property=\"og:title\" content=\"Exposi\u00e7\u00e3o &#039;Favelando&#039; Inverte Lugar das Favelas na Arte, Destaca Poder da Arte para Transforma\u00e7\u00e3o - RioOnWatch\" \/>\n<meta property=\"og:description\" content=\"Click Here for English &#8220;A favela n\u00e3o \u00e9 s\u00f3 um lugar&#8221;, explica Ricardo Rodrigues, do\u00a0Cerro-Cor\u00e1, comunidade que fica abaixo do Cristo Redentor, na Zona Sul do Rio. \u201c\u00c9 uma ideia de constru\u00e7\u00e3o de vida, de [...]\" \/>\n<meta property=\"og:url\" content=\"https:\/\/rioonwatch.org.br\/?p=36432\" \/>\n<meta property=\"og:site_name\" content=\"RioOnWatch\" \/>\n<meta property=\"article:published_time\" content=\"2018-10-10T18:29:06+00:00\" \/>\n<meta property=\"article:modified_time\" content=\"2018-10-11T19:38:53+00:00\" \/>\n<meta property=\"og:image\" content=\"https:\/\/rioonwatch.org.br\/wp-content\/uploads\/2018\/09\/Ricardo-Rodrigues-at-Castelinho-exhibition.jpg\" \/>\n\t<meta property=\"og:image:width\" content=\"1280\" \/>\n\t<meta property=\"og:image:height\" content=\"853\" \/>\n\t<meta property=\"og:image:type\" content=\"image\/jpeg\" \/>\n<meta name=\"author\" content=\"Luisa Fenizola\" \/>\n<meta name=\"twitter:card\" content=\"summary_large_image\" \/>\n<meta name=\"twitter:label1\" content=\"Escrito por\" \/>\n\t<meta name=\"twitter:data1\" content=\"Luisa Fenizola\" \/>\n\t<meta name=\"twitter:label2\" content=\"Est. tempo de leitura\" \/>\n\t<meta name=\"twitter:data2\" content=\"4 minutos\" \/>\n<script type=\"application\/ld+json\" class=\"yoast-schema-graph\">{\"@context\":\"https:\/\/schema.org\",\"@graph\":[{\"@type\":\"Article\",\"@id\":\"https:\/\/rioonwatch.org.br\/?p=36432#article\",\"isPartOf\":{\"@id\":\"https:\/\/rioonwatch.org.br\/?p=36432\"},\"author\":{\"name\":\"Luisa Fenizola\",\"@id\":\"https:\/\/rioonwatch.org.br\/#\/schema\/person\/f443c6b55bb6e80842280318076491c5\"},\"headline\":\"Exposi\u00e7\u00e3o &#8216;Favelando&#8217; Inverte Lugar das Favelas na Arte, Destaca Poder da Arte para Transforma\u00e7\u00e3o\",\"datePublished\":\"2018-10-10T18:29:06+00:00\",\"dateModified\":\"2018-10-11T19:38:53+00:00\",\"mainEntityOfPage\":{\"@id\":\"https:\/\/rioonwatch.org.br\/?p=36432\"},\"wordCount\":755,\"publisher\":{\"@id\":\"https:\/\/rioonwatch.org.br\/#organization\"},\"image\":{\"@id\":\"https:\/\/rioonwatch.org.br\/?p=36432#primaryimage\"},\"thumbnailUrl\":\"https:\/\/rioonwatch.org.br\/wp-content\/uploads\/2018\/09\/Ricardo-Rodrigues-at-Castelinho-exhibition.jpg\",\"keywords\":[\"arte\",\"asfalto x favela\",\"Aterro do Flamengo\",\"Cerro Cor\u00e1\",\"cidade partida\",\"criatividade\",\"cultura\",\"cultura da favela\",\"exposi\u00e7\u00e3o\",\"Flamengo\",\"juventude\",\"Zona Sul\"],\"articleSection\":[\"*Destaque\",\"Cultura da Favela\",\"Escrito por Aliados\",\"Qualidades da Favela\",\"Solu\u00e7\u00f5es\"],\"inLanguage\":\"pt-BR\"},{\"@type\":\"WebPage\",\"@id\":\"https:\/\/rioonwatch.org.br\/?p=36432\",\"url\":\"https:\/\/rioonwatch.org.br\/?p=36432\",\"name\":\"Exposi\u00e7\u00e3o 'Favelando' Inverte Lugar das Favelas na Arte, Destaca Poder da Arte para Transforma\u00e7\u00e3o - RioOnWatch\",\"isPartOf\":{\"@id\":\"https:\/\/rioonwatch.org.br\/#website\"},\"primaryImageOfPage\":{\"@id\":\"https:\/\/rioonwatch.org.br\/?p=36432#primaryimage\"},\"image\":{\"@id\":\"https:\/\/rioonwatch.org.br\/?p=36432#primaryimage\"},\"thumbnailUrl\":\"https:\/\/rioonwatch.org.br\/wp-content\/uploads\/2018\/09\/Ricardo-Rodrigues-at-Castelinho-exhibition.jpg\",\"datePublished\":\"2018-10-10T18:29:06+00:00\",\"dateModified\":\"2018-10-11T19:38:53+00:00\",\"breadcrumb\":{\"@id\":\"https:\/\/rioonwatch.org.br\/?p=36432#breadcrumb\"},\"inLanguage\":\"pt-BR\",\"potentialAction\":[{\"@type\":\"ReadAction\",\"target\":[\"https:\/\/rioonwatch.org.br\/?p=36432\"]}]},{\"@type\":\"ImageObject\",\"inLanguage\":\"pt-BR\",\"@id\":\"https:\/\/rioonwatch.org.br\/?p=36432#primaryimage\",\"url\":\"https:\/\/rioonwatch.org.br\/wp-content\/uploads\/2018\/09\/Ricardo-Rodrigues-at-Castelinho-exhibition.jpg\",\"contentUrl\":\"https:\/\/rioonwatch.org.br\/wp-content\/uploads\/2018\/09\/Ricardo-Rodrigues-at-Castelinho-exhibition.jpg\",\"width\":1280,\"height\":853},{\"@type\":\"BreadcrumbList\",\"@id\":\"https:\/\/rioonwatch.org.br\/?p=36432#breadcrumb\",\"itemListElement\":[{\"@type\":\"ListItem\",\"position\":1,\"name\":\"In\u00edcio\",\"item\":\"https:\/\/rioonwatch.org.br\/\"},{\"@type\":\"ListItem\",\"position\":2,\"name\":\"Exposi\u00e7\u00e3o &#8216;Favelando&#8217; Inverte Lugar das Favelas na Arte, Destaca Poder da Arte para Transforma\u00e7\u00e3o\"}]},{\"@type\":\"WebSite\",\"@id\":\"https:\/\/rioonwatch.org.br\/#website\",\"url\":\"https:\/\/rioonwatch.org.br\/\",\"name\":\"RioOnWatch\",\"description\":\"relatos das favelas cariocas\",\"publisher\":{\"@id\":\"https:\/\/rioonwatch.org.br\/#organization\"},\"potentialAction\":[{\"@type\":\"SearchAction\",\"target\":{\"@type\":\"EntryPoint\",\"urlTemplate\":\"https:\/\/rioonwatch.org.br\/?s={search_term_string}\"},\"query-input\":{\"@type\":\"PropertyValueSpecification\",\"valueRequired\":true,\"valueName\":\"search_term_string\"}}],\"inLanguage\":\"pt-BR\"},{\"@type\":\"Organization\",\"@id\":\"https:\/\/rioonwatch.org.br\/#organization\",\"name\":\"RioOnWatch\",\"url\":\"https:\/\/rioonwatch.org.br\/\",\"logo\":{\"@type\":\"ImageObject\",\"inLanguage\":\"pt-BR\",\"@id\":\"https:\/\/rioonwatch.org.br\/#\/schema\/logo\/image\/\",\"url\":\"https:\/\/rioonwatch.org.br\/wp-content\/uploads\/2021\/06\/RioOnWatchcabecalhoPT11anos-2.png\",\"contentUrl\":\"https:\/\/rioonwatch.org.br\/wp-content\/uploads\/2021\/06\/RioOnWatchcabecalhoPT11anos-2.png\",\"width\":779,\"height\":277,\"caption\":\"RioOnWatch\"},\"image\":{\"@id\":\"https:\/\/rioonwatch.org.br\/#\/schema\/logo\/image\/\"}},{\"@type\":\"Person\",\"@id\":\"https:\/\/rioonwatch.org.br\/#\/schema\/person\/f443c6b55bb6e80842280318076491c5\",\"name\":\"Luisa Fenizola\",\"image\":{\"@type\":\"ImageObject\",\"inLanguage\":\"pt-BR\",\"@id\":\"https:\/\/rioonwatch.org.br\/#\/schema\/person\/image\/\",\"url\":\"https:\/\/secure.gravatar.com\/avatar\/a3d551110162b9f876cbbdaaecf75663?s=96&d=blank&r=g\",\"contentUrl\":\"https:\/\/secure.gravatar.com\/avatar\/a3d551110162b9f876cbbdaaecf75663?s=96&d=blank&r=g\",\"caption\":\"Luisa Fenizola\"},\"url\":\"https:\/\/rioonwatch.org.br\/?author=152\"}]}<\/script>\n<!-- \/ Yoast SEO plugin. -->","yoast_head_json":{"title":"Exposi\u00e7\u00e3o 'Favelando' Inverte Lugar das Favelas na Arte, Destaca Poder da Arte para Transforma\u00e7\u00e3o - RioOnWatch","robots":{"index":"index","follow":"follow","max-snippet":"max-snippet:-1","max-image-preview":"max-image-preview:large","max-video-preview":"max-video-preview:-1"},"canonical":"https:\/\/rioonwatch.org.br\/?p=36432","og_locale":"pt_BR","og_type":"article","og_title":"Exposi\u00e7\u00e3o 'Favelando' Inverte Lugar das Favelas na Arte, Destaca Poder da Arte para Transforma\u00e7\u00e3o - RioOnWatch","og_description":"Click Here for English &#8220;A favela n\u00e3o \u00e9 s\u00f3 um lugar&#8221;, explica Ricardo Rodrigues, do\u00a0Cerro-Cor\u00e1, comunidade que fica abaixo do Cristo Redentor, na Zona Sul do Rio. \u201c\u00c9 uma ideia de constru\u00e7\u00e3o de vida, de [...]","og_url":"https:\/\/rioonwatch.org.br\/?p=36432","og_site_name":"RioOnWatch","article_published_time":"2018-10-10T18:29:06+00:00","article_modified_time":"2018-10-11T19:38:53+00:00","og_image":[{"width":1280,"height":853,"url":"https:\/\/rioonwatch.org.br\/wp-content\/uploads\/2018\/09\/Ricardo-Rodrigues-at-Castelinho-exhibition.jpg","type":"image\/jpeg"}],"author":"Luisa Fenizola","twitter_card":"summary_large_image","twitter_misc":{"Escrito por":"Luisa Fenizola","Est. tempo de leitura":"4 minutos"},"schema":{"@context":"https:\/\/schema.org","@graph":[{"@type":"Article","@id":"https:\/\/rioonwatch.org.br\/?p=36432#article","isPartOf":{"@id":"https:\/\/rioonwatch.org.br\/?p=36432"},"author":{"name":"Luisa Fenizola","@id":"https:\/\/rioonwatch.org.br\/#\/schema\/person\/f443c6b55bb6e80842280318076491c5"},"headline":"Exposi\u00e7\u00e3o &#8216;Favelando&#8217; Inverte Lugar das Favelas na Arte, Destaca Poder da Arte para Transforma\u00e7\u00e3o","datePublished":"2018-10-10T18:29:06+00:00","dateModified":"2018-10-11T19:38:53+00:00","mainEntityOfPage":{"@id":"https:\/\/rioonwatch.org.br\/?p=36432"},"wordCount":755,"publisher":{"@id":"https:\/\/rioonwatch.org.br\/#organization"},"image":{"@id":"https:\/\/rioonwatch.org.br\/?p=36432#primaryimage"},"thumbnailUrl":"https:\/\/rioonwatch.org.br\/wp-content\/uploads\/2018\/09\/Ricardo-Rodrigues-at-Castelinho-exhibition.jpg","keywords":["arte","asfalto x favela","Aterro do Flamengo","Cerro Cor\u00e1","cidade partida","criatividade","cultura","cultura da favela","exposi\u00e7\u00e3o","Flamengo","juventude","Zona Sul"],"articleSection":["*Destaque","Cultura da Favela","Escrito por Aliados","Qualidades da Favela","Solu\u00e7\u00f5es"],"inLanguage":"pt-BR"},{"@type":"WebPage","@id":"https:\/\/rioonwatch.org.br\/?p=36432","url":"https:\/\/rioonwatch.org.br\/?p=36432","name":"Exposi\u00e7\u00e3o 'Favelando' Inverte Lugar das Favelas na Arte, Destaca Poder da Arte para Transforma\u00e7\u00e3o - RioOnWatch","isPartOf":{"@id":"https:\/\/rioonwatch.org.br\/#website"},"primaryImageOfPage":{"@id":"https:\/\/rioonwatch.org.br\/?p=36432#primaryimage"},"image":{"@id":"https:\/\/rioonwatch.org.br\/?p=36432#primaryimage"},"thumbnailUrl":"https:\/\/rioonwatch.org.br\/wp-content\/uploads\/2018\/09\/Ricardo-Rodrigues-at-Castelinho-exhibition.jpg","datePublished":"2018-10-10T18:29:06+00:00","dateModified":"2018-10-11T19:38:53+00:00","breadcrumb":{"@id":"https:\/\/rioonwatch.org.br\/?p=36432#breadcrumb"},"inLanguage":"pt-BR","potentialAction":[{"@type":"ReadAction","target":["https:\/\/rioonwatch.org.br\/?p=36432"]}]},{"@type":"ImageObject","inLanguage":"pt-BR","@id":"https:\/\/rioonwatch.org.br\/?p=36432#primaryimage","url":"https:\/\/rioonwatch.org.br\/wp-content\/uploads\/2018\/09\/Ricardo-Rodrigues-at-Castelinho-exhibition.jpg","contentUrl":"https:\/\/rioonwatch.org.br\/wp-content\/uploads\/2018\/09\/Ricardo-Rodrigues-at-Castelinho-exhibition.jpg","width":1280,"height":853},{"@type":"BreadcrumbList","@id":"https:\/\/rioonwatch.org.br\/?p=36432#breadcrumb","itemListElement":[{"@type":"ListItem","position":1,"name":"In\u00edcio","item":"https:\/\/rioonwatch.org.br\/"},{"@type":"ListItem","position":2,"name":"Exposi\u00e7\u00e3o &#8216;Favelando&#8217; Inverte Lugar das Favelas na Arte, Destaca Poder da Arte para Transforma\u00e7\u00e3o"}]},{"@type":"WebSite","@id":"https:\/\/rioonwatch.org.br\/#website","url":"https:\/\/rioonwatch.org.br\/","name":"RioOnWatch","description":"relatos das favelas cariocas","publisher":{"@id":"https:\/\/rioonwatch.org.br\/#organization"},"potentialAction":[{"@type":"SearchAction","target":{"@type":"EntryPoint","urlTemplate":"https:\/\/rioonwatch.org.br\/?s={search_term_string}"},"query-input":{"@type":"PropertyValueSpecification","valueRequired":true,"valueName":"search_term_string"}}],"inLanguage":"pt-BR"},{"@type":"Organization","@id":"https:\/\/rioonwatch.org.br\/#organization","name":"RioOnWatch","url":"https:\/\/rioonwatch.org.br\/","logo":{"@type":"ImageObject","inLanguage":"pt-BR","@id":"https:\/\/rioonwatch.org.br\/#\/schema\/logo\/image\/","url":"https:\/\/rioonwatch.org.br\/wp-content\/uploads\/2021\/06\/RioOnWatchcabecalhoPT11anos-2.png","contentUrl":"https:\/\/rioonwatch.org.br\/wp-content\/uploads\/2021\/06\/RioOnWatchcabecalhoPT11anos-2.png","width":779,"height":277,"caption":"RioOnWatch"},"image":{"@id":"https:\/\/rioonwatch.org.br\/#\/schema\/logo\/image\/"}},{"@type":"Person","@id":"https:\/\/rioonwatch.org.br\/#\/schema\/person\/f443c6b55bb6e80842280318076491c5","name":"Luisa Fenizola","image":{"@type":"ImageObject","inLanguage":"pt-BR","@id":"https:\/\/rioonwatch.org.br\/#\/schema\/person\/image\/","url":"https:\/\/secure.gravatar.com\/avatar\/a3d551110162b9f876cbbdaaecf75663?s=96&d=blank&r=g","contentUrl":"https:\/\/secure.gravatar.com\/avatar\/a3d551110162b9f876cbbdaaecf75663?s=96&d=blank&r=g","caption":"Luisa Fenizola"},"url":"https:\/\/rioonwatch.org.br\/?author=152"}]}},"_links":{"self":[{"href":"https:\/\/rioonwatch.org.br\/index.php?rest_route=\/wp\/v2\/posts\/36432"}],"collection":[{"href":"https:\/\/rioonwatch.org.br\/index.php?rest_route=\/wp\/v2\/posts"}],"about":[{"href":"https:\/\/rioonwatch.org.br\/index.php?rest_route=\/wp\/v2\/types\/post"}],"author":[{"embeddable":true,"href":"https:\/\/rioonwatch.org.br\/index.php?rest_route=\/wp\/v2\/users\/152"}],"replies":[{"embeddable":true,"href":"https:\/\/rioonwatch.org.br\/index.php?rest_route=%2Fwp%2Fv2%2Fcomments&post=36432"}],"version-history":[{"count":18,"href":"https:\/\/rioonwatch.org.br\/index.php?rest_route=\/wp\/v2\/posts\/36432\/revisions"}],"predecessor-version":[{"id":36995,"href":"https:\/\/rioonwatch.org.br\/index.php?rest_route=\/wp\/v2\/posts\/36432\/revisions\/36995"}],"wp:featuredmedia":[{"embeddable":true,"href":"https:\/\/rioonwatch.org.br\/index.php?rest_route=\/wp\/v2\/media\/36530"}],"wp:attachment":[{"href":"https:\/\/rioonwatch.org.br\/index.php?rest_route=%2Fwp%2Fv2%2Fmedia&parent=36432"}],"wp:term":[{"taxonomy":"category","embeddable":true,"href":"https:\/\/rioonwatch.org.br\/index.php?rest_route=%2Fwp%2Fv2%2Fcategories&post=36432"},{"taxonomy":"post_tag","embeddable":true,"href":"https:\/\/rioonwatch.org.br\/index.php?rest_route=%2Fwp%2Fv2%2Ftags&post=36432"},{"taxonomy":"writer","embeddable":true,"href":"https:\/\/rioonwatch.org.br\/index.php?rest_route=%2Fwp%2Fv2%2Fwriter&post=36432"},{"taxonomy":"translator","embeddable":true,"href":"https:\/\/rioonwatch.org.br\/index.php?rest_route=%2Fwp%2Fv2%2Ftranslator&post=36432"},{"taxonomy":"source","embeddable":true,"href":"https:\/\/rioonwatch.org.br\/index.php?rest_route=%2Fwp%2Fv2%2Fsource&post=36432"},{"taxonomy":"ilustrador","embeddable":true,"href":"https:\/\/rioonwatch.org.br\/index.php?rest_route=%2Fwp%2Fv2%2Filustrador&post=36432"},{"taxonomy":"fotografo","embeddable":true,"href":"https:\/\/rioonwatch.org.br\/index.php?rest_route=%2Fwp%2Fv2%2Ffotografo&post=36432"}],"curies":[{"name":"wp","href":"https:\/\/api.w.org\/{rel}","templated":true}]}}