{"id":36565,"date":"2018-09-27T10:46:40","date_gmt":"2018-09-27T13:46:40","guid":{"rendered":"http:\/\/rioonwatch.org.br\/?p=36565"},"modified":"2018-11-29T13:02:51","modified_gmt":"2018-11-29T16:02:51","slug":"apos-recentes-ameacas-de-remocoes-aracatiba-se-une-e-segue-em-frente-imagens","status":"publish","type":"post","link":"https:\/\/rioonwatch.org.br\/?p=36565","title":{"rendered":"Ap\u00f3s Recentes Amea\u00e7as de Remo\u00e7\u00f5es, Ara\u00e7atiba Se Une e Segue em Frente [IMAGENS]"},"content":{"rendered":"<p style=\"text-align: right;\"><em><strong><a href=\"http:\/\/bit.ly\/2QRyqoq\" target=\"_blank\" rel=\"noopener noreferrer\">Click Here for English<img decoding=\"async\" width=\"20\" height=\"20\" class=\"alignright wp-image-15790\" src=\"http:\/\/rioonwatch.org.br\/wp-content\/uploads\/2012\/08\/EN-standard-e1439583104716.jpg\" \/><\/a><\/strong><\/em><\/p>\n<p>A comunidade de <a href=\"http:\/\/bit.ly\/2E9EGSa\" target=\"_blank\" rel=\"noopener\">Ara\u00e7atiba<\/a>, de mais de 40 anos, \u00e9 situada em Barra de Guaratiba, na distante <a href=\"http:\/\/bit.ly\/11tBmFR\" target=\"_blank\" rel=\"noopener\">Zona Oeste<\/a> do Rio. Para chegar do Centro da cidade, os moradores e visitantes precisam pegar uma combina\u00e7\u00e3o de \u00f4nibus&#8211;uma viagem que dura mais de duas horas de muitos cantos da cidade. No entanto, na chegada, a pessoa entra em um mundo diferente. A comunidade est\u00e1 situada ao longo de um manguezal de \u00e1gua salgada e, a cada dia, a mar\u00e9 traz a \u00e1gua que sustenta a vida da flora e da fauna da regi\u00e3o. O ar \u00e9 visivelmente mais limpo.<\/p>\n<p><a href=\"http:\/\/rioonwatch.org.br\/wp-content\/uploads\/2018\/09\/Ara\u00e7atiba-paisagem.jpg\"><img fetchpriority=\"high\" decoding=\"async\" class=\"aligncenter wp-image-36573 size-medium\" title=\"Ecossistema pr\u00f3ximo \u00e0 comunidade de Ara\u00e7atiba.\" src=\"http:\/\/rioonwatch.org.br\/wp-content\/uploads\/2018\/09\/Ara\u00e7atiba-paisagem-620x465.jpg\" alt=\"\" width=\"620\" height=\"465\" srcset=\"https:\/\/rioonwatch.org.br\/wp-content\/uploads\/2018\/09\/Ara\u00e7atiba-paisagem-620x465.jpg 620w, https:\/\/rioonwatch.org.br\/wp-content\/uploads\/2018\/09\/Ara\u00e7atiba-paisagem-352x264.jpg 352w, https:\/\/rioonwatch.org.br\/wp-content\/uploads\/2018\/09\/Ara\u00e7atiba-paisagem-768x576.jpg 768w, https:\/\/rioonwatch.org.br\/wp-content\/uploads\/2018\/09\/Ara\u00e7atiba-paisagem-1024x768.jpg 1024w, https:\/\/rioonwatch.org.br\/wp-content\/uploads\/2018\/09\/Ara\u00e7atiba-paisagem-174x131.jpg 174w, https:\/\/rioonwatch.org.br\/wp-content\/uploads\/2018\/09\/Ara\u00e7atiba-paisagem-300x225.jpg 300w, https:\/\/rioonwatch.org.br\/wp-content\/uploads\/2018\/09\/Ara\u00e7atiba-paisagem-70x53.jpg 70w, https:\/\/rioonwatch.org.br\/wp-content\/uploads\/2018\/09\/Ara\u00e7atiba-paisagem.jpg 2000w\" sizes=\"(max-width: 620px) 100vw, 620px\" \/><\/a><\/p>\n<p>No dia 11 de agosto, um s\u00e1bado ensolarado, os moradores de Ara\u00e7atiba abriram suas portas para autoridades, ativistas e aliados de toda a Regi\u00e3o Metropolitana do Rio de Janeiro, para discutir o futuro de sua comunidade, que tem <a href=\"http:\/\/bit.ly\/2skp9KH\" target=\"_blank\" rel=\"noopener\">resistido \u00e0s amea\u00e7as de remo\u00e7\u00f5es<\/a> emitidas pelas autoridades federais e municipais. Ap\u00f3s a <a href=\"http:\/\/bit.ly\/2xvruI3\" target=\"_blank\" rel=\"noopener\">demoli\u00e7\u00e3o de tr\u00eas casas<\/a> em outubro de 2017, e um <a href=\"http:\/\/bit.ly\/2skp9KH\" target=\"_blank\" rel=\"noopener\">chamado em abril<\/a> deste ano, quando os moradores foram avisados que a pol\u00edcia iria emitir notifica\u00e7\u00f5es de despejo adicionais, l\u00edderes comunit\u00e1rios decidiram reunir outros moradores e criar um plano de a\u00e7\u00e3o para seguir em frente.<\/p>\n<p><a href=\"http:\/\/rioonwatch.org.br\/wp-content\/uploads\/2018\/09\/moradora-ara\u00e7atiba-janela.jpg\"><img decoding=\"async\" class=\"aligncenter wp-image-36574 size-medium\" title=\"Moradora olha atrav\u00e9s da janela da sua casa.\" src=\"http:\/\/rioonwatch.org.br\/wp-content\/uploads\/2018\/09\/moradora-ara\u00e7atiba-janela-620x465.jpg\" alt=\"\" width=\"620\" height=\"465\" srcset=\"https:\/\/rioonwatch.org.br\/wp-content\/uploads\/2018\/09\/moradora-ara\u00e7atiba-janela-620x465.jpg 620w, https:\/\/rioonwatch.org.br\/wp-content\/uploads\/2018\/09\/moradora-ara\u00e7atiba-janela-352x264.jpg 352w, https:\/\/rioonwatch.org.br\/wp-content\/uploads\/2018\/09\/moradora-ara\u00e7atiba-janela-768x576.jpg 768w, https:\/\/rioonwatch.org.br\/wp-content\/uploads\/2018\/09\/moradora-ara\u00e7atiba-janela-1024x768.jpg 1024w, https:\/\/rioonwatch.org.br\/wp-content\/uploads\/2018\/09\/moradora-ara\u00e7atiba-janela-174x131.jpg 174w, https:\/\/rioonwatch.org.br\/wp-content\/uploads\/2018\/09\/moradora-ara\u00e7atiba-janela-300x225.jpg 300w, https:\/\/rioonwatch.org.br\/wp-content\/uploads\/2018\/09\/moradora-ara\u00e7atiba-janela-70x53.jpg 70w, https:\/\/rioonwatch.org.br\/wp-content\/uploads\/2018\/09\/moradora-ara\u00e7atiba-janela.jpg 2000w\" sizes=\"(max-width: 620px) 100vw, 620px\" \/><\/a><\/p>\n<p>Desde do momento de emerg\u00eancia, meses antes, os moradores de Ara\u00e7atiba est\u00e3o ocupados representando sua comunidade local e nacionalmente&#8211;reunindo-se com o prefeito <a href=\"http:\/\/bit.ly\/2cIlnDw\" target=\"_blank\" rel=\"noopener\">Marcelo Crivella<\/a> e tamb\u00e9m enviando um delegado para se reunir com autoridades federais em Bras\u00edlia. Eles est\u00e3o cautelosamente otimistas.<\/p>\n<p><a href=\"http:\/\/rioonwatch.org.br\/wp-content\/uploads\/2018\/09\/Placa-ambiental-ara\u00e7atiba.jpg\"><img loading=\"lazy\" decoding=\"async\" class=\"aligncenter wp-image-36576 size-medium\" title=\"Placa em defesa do meio ambiente na praia de Ara\u00e7atiba.\" src=\"http:\/\/rioonwatch.org.br\/wp-content\/uploads\/2018\/09\/Placa-ambiental-ara\u00e7atiba-620x465.jpg\" alt=\"\" width=\"620\" height=\"465\" srcset=\"https:\/\/rioonwatch.org.br\/wp-content\/uploads\/2018\/09\/Placa-ambiental-ara\u00e7atiba-620x465.jpg 620w, https:\/\/rioonwatch.org.br\/wp-content\/uploads\/2018\/09\/Placa-ambiental-ara\u00e7atiba-352x264.jpg 352w, https:\/\/rioonwatch.org.br\/wp-content\/uploads\/2018\/09\/Placa-ambiental-ara\u00e7atiba.jpg 768w, https:\/\/rioonwatch.org.br\/wp-content\/uploads\/2018\/09\/Placa-ambiental-ara\u00e7atiba-174x131.jpg 174w, https:\/\/rioonwatch.org.br\/wp-content\/uploads\/2018\/09\/Placa-ambiental-ara\u00e7atiba-300x225.jpg 300w, https:\/\/rioonwatch.org.br\/wp-content\/uploads\/2018\/09\/Placa-ambiental-ara\u00e7atiba-70x53.jpg 70w\" sizes=\"(max-width: 620px) 100vw, 620px\" \/><\/a><\/p>\n<p>A <a href=\"http:\/\/bit.ly\/2xiObyV\" target=\"_blank\" rel=\"noopener\">Reserva Biol\u00f3gica Estadual de Guaratiba<\/a>, que fica ao lado da comunidade, foi transferida do ex\u00e9rcito para o governo federal h\u00e1 v\u00e1rios anos. Originalmente criada em 1974, a reserva foi <a href=\"http:\/\/bit.ly\/2Ppqx8Q\" target=\"_blank\" rel=\"noopener\">recategorizada em 2010<\/a> como uma\u00a0unidade de conserva\u00e7\u00e3o de prote\u00e7\u00e3o integral&#8211;a categoria de conserva\u00e7\u00e3o mais restritiva em rela\u00e7\u00e3o \u00e0 presen\u00e7a humana na \u00e1rea. Enquanto a comunidade fica fora dos limites oficiais da reserva, que \u00e9 administrada pelo <a href=\"http:\/\/bit.ly\/2aYahXi\" target=\"_blank\" rel=\"noopener\">Instituto Estadual do Ambiente<\/a> (Inea), a <a href=\"http:\/\/bit.ly\/2DeaYim\" target=\"_blank\" rel=\"noopener\">Secretaria do Patrim\u00f4nio da Uni\u00e3o<\/a> (SPU) justificou as demoli\u00e7\u00f5es de 2017 <a href=\"http:\/\/bit.ly\/2NYTTwQ\" target=\"_blank\" rel=\"noopener\">alegando<\/a> que as estruturas estavam situadas em uma zona de fronteira protegida em terras federais, e mencionou que as constru\u00e7\u00f5es colocavam a reserva em \u201c<a href=\"http:\/\/bit.ly\/171nQjb\" target=\"_blank\" rel=\"noopener\">risco ambiental<\/a>\u201d.<\/p>\n<p><a href=\"http:\/\/rioonwatch.org.br\/wp-content\/uploads\/2018\/09\/Moradoras-Ara\u00e7atiba.jpg\"><img loading=\"lazy\" decoding=\"async\" class=\"aligncenter wp-image-36577 size-medium\" title=\"Moradoras de Ara\u00e7atiba se unem.\" src=\"http:\/\/rioonwatch.org.br\/wp-content\/uploads\/2018\/09\/Moradoras-Ara\u00e7atiba-620x465.jpg\" alt=\"\" width=\"620\" height=\"465\" srcset=\"https:\/\/rioonwatch.org.br\/wp-content\/uploads\/2018\/09\/Moradoras-Ara\u00e7atiba-620x465.jpg 620w, https:\/\/rioonwatch.org.br\/wp-content\/uploads\/2018\/09\/Moradoras-Ara\u00e7atiba-352x264.jpg 352w, https:\/\/rioonwatch.org.br\/wp-content\/uploads\/2018\/09\/Moradoras-Ara\u00e7atiba.jpg 768w, https:\/\/rioonwatch.org.br\/wp-content\/uploads\/2018\/09\/Moradoras-Ara\u00e7atiba-174x131.jpg 174w, https:\/\/rioonwatch.org.br\/wp-content\/uploads\/2018\/09\/Moradoras-Ara\u00e7atiba-300x225.jpg 300w, https:\/\/rioonwatch.org.br\/wp-content\/uploads\/2018\/09\/Moradoras-Ara\u00e7atiba-70x53.jpg 70w\" sizes=\"(max-width: 620px) 100vw, 620px\" \/><\/a><\/p>\n<p>O governo federal concluiu um cadastro de moradores em 2012, levando os membros da comunidade a acreditarem que receberiam t\u00edtulos de propriedade. A situa\u00e7\u00e3o inicialmente parecia favor\u00e1vel, mas anos se passaram sem a\u00e7\u00e3o. Recentemente, a comunidade foi designada para um novo advogado de defesa federal, que esteve presente na reuni\u00e3o em Bras\u00edlia. Ele ressaltou que a melhor op\u00e7\u00e3o no momento \u00e9 sentar-se com ag\u00eancias do governo e elaborar uma solu\u00e7\u00e3o. Juntamente com outras comunidades amea\u00e7adas de remo\u00e7\u00e3o, os moradores de Ara\u00e7atiba est\u00e3o participando de uma <a href=\"http:\/\/bit.ly\/2DeRJ8h\" target=\"_blank\" rel=\"noopener\">audi\u00eancia p\u00fablica<\/a> na\u00a0<a href=\"http:\/\/bit.ly\/1kcl02n\" target=\"_blank\" rel=\"noopener\">Defensoria P\u00fablica<\/a>\u00a0hoje, 27 de setembro, para fazer exatamente isso.<\/p>\n<p>No entanto, o governo federal recentemente expressou que deixaria a cargo dos governos locais a regulariza\u00e7\u00e3o oficial da terra&#8211;embora ainda n\u00e3o tenha cedido autoridade para faz\u00ea-lo \u00e0 ag\u00eancia governamental apropriada, o <a href=\"http:\/\/bit.ly\/2qycUcE\" target=\"_blank\" rel=\"noopener\">Instituto de Terras e Cartografia do Estado do Rio de Janeiro<\/a> (ITERJ). Um representante do\u00a0ITERJ lembrou que, neste momento, n\u00e3o h\u00e1 nada que eles possam fazer: eles ter\u00e3o que esperar at\u00e9 que o governo federal ceda o poder e a prefeitura fa\u00e7a urbaniza\u00e7\u00f5es na comunidade, o que \u00e9 necess\u00e1rio para regularizar a terra.<\/p>\n<p><a href=\"http:\/\/rioonwatch.org.br\/wp-content\/uploads\/2018\/09\/Ana-Crian\u00e7a-Aracatiba.jpg\"><img loading=\"lazy\" decoding=\"async\" class=\"aligncenter wp-image-36578 size-medium\" title=\"Ana ao lado de uma jovem moradora da comunidade, ambas com blusas com dizeres contra as remo\u00e7\u00f5es.\" src=\"http:\/\/rioonwatch.org.br\/wp-content\/uploads\/2018\/09\/Ana-Crian\u00e7a-Aracatiba-620x465.jpg\" alt=\"\" width=\"620\" height=\"465\" srcset=\"https:\/\/rioonwatch.org.br\/wp-content\/uploads\/2018\/09\/Ana-Crian\u00e7a-Aracatiba-620x465.jpg 620w, https:\/\/rioonwatch.org.br\/wp-content\/uploads\/2018\/09\/Ana-Crian\u00e7a-Aracatiba-352x264.jpg 352w, https:\/\/rioonwatch.org.br\/wp-content\/uploads\/2018\/09\/Ana-Crian\u00e7a-Aracatiba.jpg 768w, https:\/\/rioonwatch.org.br\/wp-content\/uploads\/2018\/09\/Ana-Crian\u00e7a-Aracatiba-174x131.jpg 174w, https:\/\/rioonwatch.org.br\/wp-content\/uploads\/2018\/09\/Ana-Crian\u00e7a-Aracatiba-300x225.jpg 300w, https:\/\/rioonwatch.org.br\/wp-content\/uploads\/2018\/09\/Ana-Crian\u00e7a-Aracatiba-70x53.jpg 70w\" sizes=\"(max-width: 620px) 100vw, 620px\" \/><\/a><\/p>\n<p>Infelizmente, o Prefeito Crivella ainda n\u00e3o deu demonstra\u00e7\u00e3o de apoio. Em maio, ele foi <a href=\"http:\/\/bit.ly\/2y01zZa\" target=\"_blank\" rel=\"noopener\">citado dizendo<\/a> que somente ap\u00f3s a urbaniza\u00e7\u00e3o ele consideraria a titula\u00e7\u00e3o de terras, e que no momento n\u00e3o h\u00e1 fundos para a urbaniza\u00e7\u00e3o. A ativista comunit\u00e1ria Ana Frimerman relembrou essa cena do encontro com Crivella: \u201cO prefeito olhou para mim e falou assim: &#8216;Onde fica Ara\u00e7atiba? Que eu n\u00e3o sei&#8217;. Eu disse, &#8216;Na Barra de Guaratiba&#8217;, e ele disse: &#8216;Onde \u00e9 Barra de Guaratiba?&#8217; O prefeito do Rio! A gente est\u00e1 nessa luta. Tem que ser muito guerreira, tem que ter muita paci\u00eancia para conseguir se manter e sobreviver\u201d. Nota aos leitores: <a href=\"http:\/\/bit.ly\/2QUX9bn\" target=\"_blank\" rel=\"noopener\">Barra de Guaratiba \u00e9 um bairro de 9,4 quil\u00f4metros quadrados<\/a> dentro do munic\u00edpio do Rio de Janeiro.<\/p>\n<p><a href=\"http:\/\/rioonwatch.org.br\/wp-content\/uploads\/2018\/09\/moradora-ara\u00e7atiba.jpg\"><img loading=\"lazy\" decoding=\"async\" class=\"aligncenter wp-image-36579 size-medium\" title=\"Uma moradora na frente de sua casa.\" src=\"http:\/\/rioonwatch.org.br\/wp-content\/uploads\/2018\/09\/moradora-ara\u00e7atiba-620x465.jpg\" alt=\"\" width=\"620\" height=\"465\" srcset=\"https:\/\/rioonwatch.org.br\/wp-content\/uploads\/2018\/09\/moradora-ara\u00e7atiba-620x465.jpg 620w, https:\/\/rioonwatch.org.br\/wp-content\/uploads\/2018\/09\/moradora-ara\u00e7atiba-352x264.jpg 352w, https:\/\/rioonwatch.org.br\/wp-content\/uploads\/2018\/09\/moradora-ara\u00e7atiba.jpg 768w, https:\/\/rioonwatch.org.br\/wp-content\/uploads\/2018\/09\/moradora-ara\u00e7atiba-174x131.jpg 174w, https:\/\/rioonwatch.org.br\/wp-content\/uploads\/2018\/09\/moradora-ara\u00e7atiba-300x225.jpg 300w, https:\/\/rioonwatch.org.br\/wp-content\/uploads\/2018\/09\/moradora-ara\u00e7atiba-70x53.jpg 70w\" sizes=\"(max-width: 620px) 100vw, 620px\" \/><\/a><\/p>\n<p>Apesar das atitudes positivas dos moradores, a luta para permanecer n\u00e3o t\u00eam sido f\u00e1cil. Ativistas e moradores de Ara\u00e7atiba enfatizam a import\u00e2ncia da uni\u00e3o; a \u00fanica maneira da comunidade prevalecer \u00e9 mobilizando-se em torno de seu objetivo comum e apoiando-se mutuamente. Os moradores entendem que a luta n\u00e3o ser\u00e1 f\u00e1cil ou r\u00e1pida e est\u00e3o se preparando para continuar a longa e extenuante resist\u00eancia.<\/p>\n<p><a href=\"http:\/\/rioonwatch.org.br\/wp-content\/uploads\/2018\/09\/Crian\u00e7a-Mostra-Caranguejo-Ara\u00e7atiba-1.jpg\"><img loading=\"lazy\" decoding=\"async\" class=\"aligncenter wp-image-36580 size-medium\" title=\"Uma jovem moradora mostra caranguejo aos visitantes.\" src=\"http:\/\/rioonwatch.org.br\/wp-content\/uploads\/2018\/09\/Crian\u00e7a-Mostra-Caranguejo-Ara\u00e7atiba-1-620x465.jpg\" alt=\"\" width=\"620\" height=\"465\" srcset=\"https:\/\/rioonwatch.org.br\/wp-content\/uploads\/2018\/09\/Crian\u00e7a-Mostra-Caranguejo-Ara\u00e7atiba-1-620x465.jpg 620w, https:\/\/rioonwatch.org.br\/wp-content\/uploads\/2018\/09\/Crian\u00e7a-Mostra-Caranguejo-Ara\u00e7atiba-1-352x264.jpg 352w, https:\/\/rioonwatch.org.br\/wp-content\/uploads\/2018\/09\/Crian\u00e7a-Mostra-Caranguejo-Ara\u00e7atiba-1-768x576.jpg 768w, https:\/\/rioonwatch.org.br\/wp-content\/uploads\/2018\/09\/Crian\u00e7a-Mostra-Caranguejo-Ara\u00e7atiba-1-1024x768.jpg 1024w, https:\/\/rioonwatch.org.br\/wp-content\/uploads\/2018\/09\/Crian\u00e7a-Mostra-Caranguejo-Ara\u00e7atiba-1-174x131.jpg 174w, https:\/\/rioonwatch.org.br\/wp-content\/uploads\/2018\/09\/Crian\u00e7a-Mostra-Caranguejo-Ara\u00e7atiba-1-300x225.jpg 300w, https:\/\/rioonwatch.org.br\/wp-content\/uploads\/2018\/09\/Crian\u00e7a-Mostra-Caranguejo-Ara\u00e7atiba-1-70x53.jpg 70w, https:\/\/rioonwatch.org.br\/wp-content\/uploads\/2018\/09\/Crian\u00e7a-Mostra-Caranguejo-Ara\u00e7atiba-1.jpg 2000w\" sizes=\"(max-width: 620px) 100vw, 620px\" \/><\/a><\/p>\n<p>Ativistas e autoridades foram guiados por Ana e v\u00e1rias crian\u00e7as que moram na comunidade. Elas se orgulhavam de seu relacionamento com o ambiente ao seu redor e fizeram quest\u00e3o de enfatizar o quanto elas se preocupam em proteg\u00ea-lo e preserv\u00e1-lo. Ao contr\u00e1rio de muitas partes da Zona Oeste que foram sujeitas \u00e0 especula\u00e7\u00e3o imobili\u00e1ria, o ecossistema natural de Ara\u00e7atiba continua a prosperar, abrigando uma variedade de esp\u00e9cies nativas de plantas e animais.<\/p>\n<p><a href=\"http:\/\/rioonwatch.org.br\/wp-content\/uploads\/2018\/09\/Caranguejo-in-Aracatiba.jpg\"><img loading=\"lazy\" decoding=\"async\" class=\"aligncenter wp-image-36581 size-medium\" title=\"Um caranguejo na Reserva Biol\u00f3gica Estadual de Guaratiba.\" src=\"http:\/\/rioonwatch.org.br\/wp-content\/uploads\/2018\/09\/Caranguejo-in-Aracatiba-620x465.jpg\" alt=\"\" width=\"620\" height=\"465\" srcset=\"https:\/\/rioonwatch.org.br\/wp-content\/uploads\/2018\/09\/Caranguejo-in-Aracatiba-620x465.jpg 620w, https:\/\/rioonwatch.org.br\/wp-content\/uploads\/2018\/09\/Caranguejo-in-Aracatiba-352x264.jpg 352w, https:\/\/rioonwatch.org.br\/wp-content\/uploads\/2018\/09\/Caranguejo-in-Aracatiba-768x576.jpg 768w, https:\/\/rioonwatch.org.br\/wp-content\/uploads\/2018\/09\/Caranguejo-in-Aracatiba-1024x768.jpg 1024w, https:\/\/rioonwatch.org.br\/wp-content\/uploads\/2018\/09\/Caranguejo-in-Aracatiba-174x131.jpg 174w, https:\/\/rioonwatch.org.br\/wp-content\/uploads\/2018\/09\/Caranguejo-in-Aracatiba-300x225.jpg 300w, https:\/\/rioonwatch.org.br\/wp-content\/uploads\/2018\/09\/Caranguejo-in-Aracatiba-70x53.jpg 70w, https:\/\/rioonwatch.org.br\/wp-content\/uploads\/2018\/09\/Caranguejo-in-Aracatiba.jpg 2000w\" sizes=\"(max-width: 620px) 100vw, 620px\" \/><\/a><\/p>\n<p>Apesar de estar localizada a poucos quil\u00f4metros das \u00e1reas urbanizadas e de alguns escrit\u00f3rios do governo que querem remov\u00ea-los, Ara\u00e7atiba tem um ritmo de vida notavelmente diferente, que seus moradores orgulhosamente compartilham com os visitantes. As crian\u00e7as ensinaram aos visitantes sobre os caranguejos locais que habitam a \u00e1rea e o que acontece quando a mar\u00e9 entra e inunda a regi\u00e3o todos os dias. Os moradores demonstraram a import\u00e2ncia e a humanidade de garantir que seus filhos cres\u00e7am em harmonia com o meio ambiente e nunca venham a perder o entusiasmo pela natureza.<\/p>\n<p><a href=\"http:\/\/rioonwatch.org.br\/wp-content\/uploads\/2018\/09\/Aracatiba-Crian\u00e7a-Balan\u00e7o.jpg\"><img loading=\"lazy\" decoding=\"async\" class=\"aligncenter wp-image-36582 size-medium\" title=\"Uma crian\u00e7a se balan\u00e7a em um pneu em Ara\u00e7atiba.\" src=\"http:\/\/rioonwatch.org.br\/wp-content\/uploads\/2018\/09\/Aracatiba-Crian\u00e7a-Balan\u00e7o-620x465.jpg\" alt=\"\" width=\"620\" height=\"465\" srcset=\"https:\/\/rioonwatch.org.br\/wp-content\/uploads\/2018\/09\/Aracatiba-Crian\u00e7a-Balan\u00e7o-620x465.jpg 620w, https:\/\/rioonwatch.org.br\/wp-content\/uploads\/2018\/09\/Aracatiba-Crian\u00e7a-Balan\u00e7o-352x264.jpg 352w, https:\/\/rioonwatch.org.br\/wp-content\/uploads\/2018\/09\/Aracatiba-Crian\u00e7a-Balan\u00e7o-768x576.jpg 768w, https:\/\/rioonwatch.org.br\/wp-content\/uploads\/2018\/09\/Aracatiba-Crian\u00e7a-Balan\u00e7o-1024x768.jpg 1024w, https:\/\/rioonwatch.org.br\/wp-content\/uploads\/2018\/09\/Aracatiba-Crian\u00e7a-Balan\u00e7o-174x131.jpg 174w, https:\/\/rioonwatch.org.br\/wp-content\/uploads\/2018\/09\/Aracatiba-Crian\u00e7a-Balan\u00e7o-300x225.jpg 300w, https:\/\/rioonwatch.org.br\/wp-content\/uploads\/2018\/09\/Aracatiba-Crian\u00e7a-Balan\u00e7o-70x53.jpg 70w, https:\/\/rioonwatch.org.br\/wp-content\/uploads\/2018\/09\/Aracatiba-Crian\u00e7a-Balan\u00e7o.jpg 2000w\" sizes=\"(max-width: 620px) 100vw, 620px\" \/><\/a><\/p>\n<div>\n<p>&#8220;Quando cheguei aqui em\u00a0<span class=\"il\">Ara\u00e7atiba<\/span>, eu conheci elas\u00a0[as crian\u00e7as] penduradas numa \u00e1rvore de goiaba ali. E a gente criou uma rela\u00e7\u00e3o de muito amor, incondicional. N\u00e3o tenho filhos, eu considero-as [as crian\u00e7as] como se fossem meus filhos. Em tudo que eu fa\u00e7o, eu luto pela mem\u00f3ria da minha m\u00e3e, pela minha casa claro, mas eu luto muito por elas [as crian\u00e7as] porque independente de qualquer coisa eu quero que elas tenham casa, que eles tenham uma hist\u00f3ria para contar, que cada tijolo desse seja uma representa\u00e7\u00e3o da luta&#8221;, afirmou Ana.<\/p>\n<p><a href=\"http:\/\/rioonwatch.org.br\/wp-content\/uploads\/2018\/09\/Aracatiba-Mangue.jpg\"><img loading=\"lazy\" decoding=\"async\" class=\"aligncenter wp-image-36583\" src=\"http:\/\/rioonwatch.org.br\/wp-content\/uploads\/2018\/09\/Aracatiba-Mangue.jpg\" alt=\"\" width=\"620\" height=\"465\" srcset=\"https:\/\/rioonwatch.org.br\/wp-content\/uploads\/2018\/09\/Aracatiba-Mangue.jpg 2000w, https:\/\/rioonwatch.org.br\/wp-content\/uploads\/2018\/09\/Aracatiba-Mangue-352x264.jpg 352w, https:\/\/rioonwatch.org.br\/wp-content\/uploads\/2018\/09\/Aracatiba-Mangue-620x465.jpg 620w, https:\/\/rioonwatch.org.br\/wp-content\/uploads\/2018\/09\/Aracatiba-Mangue-768x576.jpg 768w, https:\/\/rioonwatch.org.br\/wp-content\/uploads\/2018\/09\/Aracatiba-Mangue-1024x768.jpg 1024w, https:\/\/rioonwatch.org.br\/wp-content\/uploads\/2018\/09\/Aracatiba-Mangue-174x131.jpg 174w, https:\/\/rioonwatch.org.br\/wp-content\/uploads\/2018\/09\/Aracatiba-Mangue-300x225.jpg 300w, https:\/\/rioonwatch.org.br\/wp-content\/uploads\/2018\/09\/Aracatiba-Mangue-70x53.jpg 70w\" sizes=\"(max-width: 620px) 100vw, 620px\" \/><\/a><br \/>\nQuando a reuni\u00e3o terminou e os visitantes sa\u00edram, a mar\u00e9 subiu cada vez mais em volta da comunidade. Qualquer conforto que possa ser encontrado na confiabilidade dos ciclos da natureza \u00e9 ofuscado em Ara\u00e7atiba pela imprevisibilidade de um governo que se recusa a reconhecer a legitimidade do direito da comunidade de permanecer. Por enquanto, no entanto, uma coisa \u00e9 clara: eles continuar\u00e3o a resistir. Ana e outros continuar\u00e3o a lutar para representar a comunidade e reivindicar os direitos que s\u00e3o garantidos: \u201cPor elas [as crian\u00e7as], eu vou lutar at\u00e9 o fim. Eu n\u00e3o vou deixar elas sem casa, n\u00e3o vou deixar eles [o governo] derrubarem\u201d.<\/p>\n<\/div>\n<!-- AddThis Advanced Settings generic via filter on the_content --><!-- AddThis Share Buttons generic via filter on the_content -->","protected":false},"excerpt":{"rendered":"<div class=\"mh-excerpt\"><p>Click Here for English A comunidade de Ara\u00e7atiba, de mais de 40 anos, \u00e9 situada em Barra de Guaratiba, na distante Zona Oeste do Rio. Para chegar do Centro da cidade, os moradores e visitantes <a class=\"mh-excerpt-more\" href=\"https:\/\/rioonwatch.org.br\/?p=36565\" title=\"Ap\u00f3s Recentes Amea\u00e7as de Remo\u00e7\u00f5es, Ara\u00e7atiba Se Une e Segue em Frente [IMAGENS]\">[&#8230;]<\/a><!-- AddThis Advanced Settings generic via filter on get_the_excerpt --><!-- AddThis Share Buttons generic via filter on get_the_excerpt --><\/p>\n<\/div>","protected":false},"author":152,"featured_media":36572,"comment_status":"closed","ping_status":"closed","sticky":false,"template":"","format":"standard","meta":{"_acf_changed":false,"_monsterinsights_skip_tracking":false,"_monsterinsights_sitenote_active":false,"_monsterinsights_sitenote_note":"","_monsterinsights_sitenote_category":0,"footnotes":""},"categories":[2089,1614,1857,1626,1633,1616,1639],"tags":[911,2261,2519,90,424,88,1162,245,569,2559,2039,1982,106,1151,1037,358,14,432,571,184],"writer":[2133],"translator":[1971],"source":[],"ilustrador":[],"fotografo":[],"class_list":{"0":"post-36565","1":"post","2":"type-post","3":"status-publish","4":"format-standard","5":"has-post-thumbnail","7":"category-monitoramento","8":"category-olhonasremocoes","9":"category-olhonaurbanizacao","10":"category-por-observadores-internacionais","11":"category-foto-reportagens","12":"category-qualidades-da-favela","13":"category-sustentabilidade","14":"tag-area-de-risco","15":"tag-aracatiba","16":"tag-brasilia","17":"tag-defensoria-publica","18":"tag-direito-a-moradia","19":"tag-direitos-humanos","20":"tag-governo-federal","21":"tag-guaratiba","22":"tag-inea","23":"tag-instagram","24":"tag-iterj","25":"tag-marcelo-crivella","26":"tag-meio-ambiente","27":"tag-organizacao","28":"tag-moradia","29":"tag-organizacao-comunitaria","30":"tag-remocao","31":"tag-resistencia","32":"tag-unidade-de-conservacao","33":"tag-zona-oeste","34":"writer-tyler-strobl","35":"translator-geovanna-giannini"},"acf":[],"yoast_head":"<!-- This site is optimized with the Yoast SEO plugin v25.6 - https:\/\/yoast.com\/wordpress\/plugins\/seo\/ -->\n<title>Ap\u00f3s Recentes Amea\u00e7as de Remo\u00e7\u00f5es, Ara\u00e7atiba Se Une e Segue em Frente [IMAGENS] - RioOnWatch<\/title>\n<meta name=\"robots\" content=\"index, follow, max-snippet:-1, max-image-preview:large, max-video-preview:-1\" \/>\n<link rel=\"canonical\" href=\"https:\/\/rioonwatch.org.br\/?p=36565\" \/>\n<meta property=\"og:locale\" content=\"pt_BR\" \/>\n<meta property=\"og:type\" content=\"article\" \/>\n<meta property=\"og:title\" content=\"Ap\u00f3s Recentes Amea\u00e7as de Remo\u00e7\u00f5es, Ara\u00e7atiba Se Une e Segue em Frente [IMAGENS] - RioOnWatch\" \/>\n<meta property=\"og:description\" content=\"Click Here for English A comunidade de Ara\u00e7atiba, de mais de 40 anos, \u00e9 situada em Barra de Guaratiba, na distante Zona Oeste do Rio. Para chegar do Centro da cidade, os moradores e visitantes [...]\" \/>\n<meta property=\"og:url\" content=\"https:\/\/rioonwatch.org.br\/?p=36565\" \/>\n<meta property=\"og:site_name\" content=\"RioOnWatch\" \/>\n<meta property=\"article:published_time\" content=\"2018-09-27T13:46:40+00:00\" \/>\n<meta property=\"article:modified_time\" content=\"2018-11-29T16:02:51+00:00\" \/>\n<meta property=\"og:image\" content=\"https:\/\/rioonwatch.org.br\/wp-content\/uploads\/2018\/09\/Moradores-se-reunem.jpg\" \/>\n\t<meta property=\"og:image:width\" content=\"2000\" \/>\n\t<meta property=\"og:image:height\" content=\"1095\" \/>\n\t<meta property=\"og:image:type\" content=\"image\/jpeg\" \/>\n<meta name=\"author\" content=\"Luisa Fenizola\" \/>\n<meta name=\"twitter:card\" content=\"summary_large_image\" \/>\n<meta name=\"twitter:label1\" content=\"Escrito por\" \/>\n\t<meta name=\"twitter:data1\" content=\"Luisa Fenizola\" \/>\n\t<meta name=\"twitter:label2\" content=\"Est. tempo de leitura\" \/>\n\t<meta name=\"twitter:data2\" content=\"6 minutos\" \/>\n<script type=\"application\/ld+json\" class=\"yoast-schema-graph\">{\"@context\":\"https:\/\/schema.org\",\"@graph\":[{\"@type\":\"Article\",\"@id\":\"https:\/\/rioonwatch.org.br\/?p=36565#article\",\"isPartOf\":{\"@id\":\"https:\/\/rioonwatch.org.br\/?p=36565\"},\"author\":{\"name\":\"Luisa Fenizola\",\"@id\":\"https:\/\/rioonwatch.org.br\/#\/schema\/person\/f443c6b55bb6e80842280318076491c5\"},\"headline\":\"Ap\u00f3s Recentes Amea\u00e7as de Remo\u00e7\u00f5es, Ara\u00e7atiba Se Une e Segue em Frente [IMAGENS]\",\"datePublished\":\"2018-09-27T13:46:40+00:00\",\"dateModified\":\"2018-11-29T16:02:51+00:00\",\"mainEntityOfPage\":{\"@id\":\"https:\/\/rioonwatch.org.br\/?p=36565\"},\"wordCount\":1195,\"publisher\":{\"@id\":\"https:\/\/rioonwatch.org.br\/#organization\"},\"image\":{\"@id\":\"https:\/\/rioonwatch.org.br\/?p=36565#primaryimage\"},\"thumbnailUrl\":\"https:\/\/rioonwatch.org.br\/wp-content\/uploads\/2018\/09\/Moradores-se-reunem.jpg\",\"keywords\":[\"\\\"\u00e1rea de risco\\\"\",\"Ara\u00e7atiba\",\"Bras\u00edlia\",\"Defensoria P\u00fablica\",\"Direito \u00e0 Moradia\",\"Direitos Humanos\",\"Governo Federal\",\"Guaratiba\",\"INEA\",\"Instagram\",\"ITERJ\",\"Marcelo Crivella\",\"meio ambiente\",\"mobiliza\u00e7\u00e3o\",\"moradia\",\"organiza\u00e7\u00e3o comunit\u00e1ria\",\"Remo\u00e7\u00e3o\",\"resist\u00eancia\",\"Unidade de Conserva\u00e7\u00e3o\",\"Zona Oeste\"],\"articleSection\":[\"#Monitoramento\",\"#OlhoNasRemo\u00e7\u00f5es\",\"#OlhoNaUrbaniza\u00e7\u00e3o\",\"Escrito por Aliados\",\"Fotorreportagens\",\"Qualidades da Favela\",\"Sustentabilidade\"],\"inLanguage\":\"pt-BR\"},{\"@type\":\"WebPage\",\"@id\":\"https:\/\/rioonwatch.org.br\/?p=36565\",\"url\":\"https:\/\/rioonwatch.org.br\/?p=36565\",\"name\":\"Ap\u00f3s Recentes Amea\u00e7as de Remo\u00e7\u00f5es, Ara\u00e7atiba Se Une e Segue em Frente [IMAGENS] - RioOnWatch\",\"isPartOf\":{\"@id\":\"https:\/\/rioonwatch.org.br\/#website\"},\"primaryImageOfPage\":{\"@id\":\"https:\/\/rioonwatch.org.br\/?p=36565#primaryimage\"},\"image\":{\"@id\":\"https:\/\/rioonwatch.org.br\/?p=36565#primaryimage\"},\"thumbnailUrl\":\"https:\/\/rioonwatch.org.br\/wp-content\/uploads\/2018\/09\/Moradores-se-reunem.jpg\",\"datePublished\":\"2018-09-27T13:46:40+00:00\",\"dateModified\":\"2018-11-29T16:02:51+00:00\",\"breadcrumb\":{\"@id\":\"https:\/\/rioonwatch.org.br\/?p=36565#breadcrumb\"},\"inLanguage\":\"pt-BR\",\"potentialAction\":[{\"@type\":\"ReadAction\",\"target\":[\"https:\/\/rioonwatch.org.br\/?p=36565\"]}]},{\"@type\":\"ImageObject\",\"inLanguage\":\"pt-BR\",\"@id\":\"https:\/\/rioonwatch.org.br\/?p=36565#primaryimage\",\"url\":\"https:\/\/rioonwatch.org.br\/wp-content\/uploads\/2018\/09\/Moradores-se-reunem.jpg\",\"contentUrl\":\"https:\/\/rioonwatch.org.br\/wp-content\/uploads\/2018\/09\/Moradores-se-reunem.jpg\",\"width\":2000,\"height\":1095},{\"@type\":\"BreadcrumbList\",\"@id\":\"https:\/\/rioonwatch.org.br\/?p=36565#breadcrumb\",\"itemListElement\":[{\"@type\":\"ListItem\",\"position\":1,\"name\":\"In\u00edcio\",\"item\":\"https:\/\/rioonwatch.org.br\/\"},{\"@type\":\"ListItem\",\"position\":2,\"name\":\"Ap\u00f3s Recentes Amea\u00e7as de Remo\u00e7\u00f5es, Ara\u00e7atiba Se Une e Segue em Frente [IMAGENS]\"}]},{\"@type\":\"WebSite\",\"@id\":\"https:\/\/rioonwatch.org.br\/#website\",\"url\":\"https:\/\/rioonwatch.org.br\/\",\"name\":\"RioOnWatch\",\"description\":\"relatos das favelas cariocas\",\"publisher\":{\"@id\":\"https:\/\/rioonwatch.org.br\/#organization\"},\"potentialAction\":[{\"@type\":\"SearchAction\",\"target\":{\"@type\":\"EntryPoint\",\"urlTemplate\":\"https:\/\/rioonwatch.org.br\/?s={search_term_string}\"},\"query-input\":{\"@type\":\"PropertyValueSpecification\",\"valueRequired\":true,\"valueName\":\"search_term_string\"}}],\"inLanguage\":\"pt-BR\"},{\"@type\":\"Organization\",\"@id\":\"https:\/\/rioonwatch.org.br\/#organization\",\"name\":\"RioOnWatch\",\"url\":\"https:\/\/rioonwatch.org.br\/\",\"logo\":{\"@type\":\"ImageObject\",\"inLanguage\":\"pt-BR\",\"@id\":\"https:\/\/rioonwatch.org.br\/#\/schema\/logo\/image\/\",\"url\":\"https:\/\/rioonwatch.org.br\/wp-content\/uploads\/2021\/06\/RioOnWatchcabecalhoPT11anos-2.png\",\"contentUrl\":\"https:\/\/rioonwatch.org.br\/wp-content\/uploads\/2021\/06\/RioOnWatchcabecalhoPT11anos-2.png\",\"width\":779,\"height\":277,\"caption\":\"RioOnWatch\"},\"image\":{\"@id\":\"https:\/\/rioonwatch.org.br\/#\/schema\/logo\/image\/\"}},{\"@type\":\"Person\",\"@id\":\"https:\/\/rioonwatch.org.br\/#\/schema\/person\/f443c6b55bb6e80842280318076491c5\",\"name\":\"Luisa Fenizola\",\"image\":{\"@type\":\"ImageObject\",\"inLanguage\":\"pt-BR\",\"@id\":\"https:\/\/rioonwatch.org.br\/#\/schema\/person\/image\/\",\"url\":\"https:\/\/secure.gravatar.com\/avatar\/a3d551110162b9f876cbbdaaecf75663?s=96&d=blank&r=g\",\"contentUrl\":\"https:\/\/secure.gravatar.com\/avatar\/a3d551110162b9f876cbbdaaecf75663?s=96&d=blank&r=g\",\"caption\":\"Luisa Fenizola\"},\"url\":\"https:\/\/rioonwatch.org.br\/?author=152\"}]}<\/script>\n<!-- \/ Yoast SEO plugin. -->","yoast_head_json":{"title":"Ap\u00f3s Recentes Amea\u00e7as de Remo\u00e7\u00f5es, Ara\u00e7atiba Se Une e Segue em Frente [IMAGENS] - RioOnWatch","robots":{"index":"index","follow":"follow","max-snippet":"max-snippet:-1","max-image-preview":"max-image-preview:large","max-video-preview":"max-video-preview:-1"},"canonical":"https:\/\/rioonwatch.org.br\/?p=36565","og_locale":"pt_BR","og_type":"article","og_title":"Ap\u00f3s Recentes Amea\u00e7as de Remo\u00e7\u00f5es, Ara\u00e7atiba Se Une e Segue em Frente [IMAGENS] - RioOnWatch","og_description":"Click Here for English A comunidade de Ara\u00e7atiba, de mais de 40 anos, \u00e9 situada em Barra de Guaratiba, na distante Zona Oeste do Rio. Para chegar do Centro da cidade, os moradores e visitantes [...]","og_url":"https:\/\/rioonwatch.org.br\/?p=36565","og_site_name":"RioOnWatch","article_published_time":"2018-09-27T13:46:40+00:00","article_modified_time":"2018-11-29T16:02:51+00:00","og_image":[{"width":2000,"height":1095,"url":"https:\/\/rioonwatch.org.br\/wp-content\/uploads\/2018\/09\/Moradores-se-reunem.jpg","type":"image\/jpeg"}],"author":"Luisa Fenizola","twitter_card":"summary_large_image","twitter_misc":{"Escrito por":"Luisa Fenizola","Est. tempo de leitura":"6 minutos"},"schema":{"@context":"https:\/\/schema.org","@graph":[{"@type":"Article","@id":"https:\/\/rioonwatch.org.br\/?p=36565#article","isPartOf":{"@id":"https:\/\/rioonwatch.org.br\/?p=36565"},"author":{"name":"Luisa Fenizola","@id":"https:\/\/rioonwatch.org.br\/#\/schema\/person\/f443c6b55bb6e80842280318076491c5"},"headline":"Ap\u00f3s Recentes Amea\u00e7as de Remo\u00e7\u00f5es, Ara\u00e7atiba Se Une e Segue em Frente [IMAGENS]","datePublished":"2018-09-27T13:46:40+00:00","dateModified":"2018-11-29T16:02:51+00:00","mainEntityOfPage":{"@id":"https:\/\/rioonwatch.org.br\/?p=36565"},"wordCount":1195,"publisher":{"@id":"https:\/\/rioonwatch.org.br\/#organization"},"image":{"@id":"https:\/\/rioonwatch.org.br\/?p=36565#primaryimage"},"thumbnailUrl":"https:\/\/rioonwatch.org.br\/wp-content\/uploads\/2018\/09\/Moradores-se-reunem.jpg","keywords":["\"\u00e1rea de risco\"","Ara\u00e7atiba","Bras\u00edlia","Defensoria P\u00fablica","Direito \u00e0 Moradia","Direitos Humanos","Governo Federal","Guaratiba","INEA","Instagram","ITERJ","Marcelo Crivella","meio ambiente","mobiliza\u00e7\u00e3o","moradia","organiza\u00e7\u00e3o comunit\u00e1ria","Remo\u00e7\u00e3o","resist\u00eancia","Unidade de Conserva\u00e7\u00e3o","Zona Oeste"],"articleSection":["#Monitoramento","#OlhoNasRemo\u00e7\u00f5es","#OlhoNaUrbaniza\u00e7\u00e3o","Escrito por Aliados","Fotorreportagens","Qualidades da Favela","Sustentabilidade"],"inLanguage":"pt-BR"},{"@type":"WebPage","@id":"https:\/\/rioonwatch.org.br\/?p=36565","url":"https:\/\/rioonwatch.org.br\/?p=36565","name":"Ap\u00f3s Recentes Amea\u00e7as de Remo\u00e7\u00f5es, Ara\u00e7atiba Se Une e Segue em Frente [IMAGENS] - RioOnWatch","isPartOf":{"@id":"https:\/\/rioonwatch.org.br\/#website"},"primaryImageOfPage":{"@id":"https:\/\/rioonwatch.org.br\/?p=36565#primaryimage"},"image":{"@id":"https:\/\/rioonwatch.org.br\/?p=36565#primaryimage"},"thumbnailUrl":"https:\/\/rioonwatch.org.br\/wp-content\/uploads\/2018\/09\/Moradores-se-reunem.jpg","datePublished":"2018-09-27T13:46:40+00:00","dateModified":"2018-11-29T16:02:51+00:00","breadcrumb":{"@id":"https:\/\/rioonwatch.org.br\/?p=36565#breadcrumb"},"inLanguage":"pt-BR","potentialAction":[{"@type":"ReadAction","target":["https:\/\/rioonwatch.org.br\/?p=36565"]}]},{"@type":"ImageObject","inLanguage":"pt-BR","@id":"https:\/\/rioonwatch.org.br\/?p=36565#primaryimage","url":"https:\/\/rioonwatch.org.br\/wp-content\/uploads\/2018\/09\/Moradores-se-reunem.jpg","contentUrl":"https:\/\/rioonwatch.org.br\/wp-content\/uploads\/2018\/09\/Moradores-se-reunem.jpg","width":2000,"height":1095},{"@type":"BreadcrumbList","@id":"https:\/\/rioonwatch.org.br\/?p=36565#breadcrumb","itemListElement":[{"@type":"ListItem","position":1,"name":"In\u00edcio","item":"https:\/\/rioonwatch.org.br\/"},{"@type":"ListItem","position":2,"name":"Ap\u00f3s Recentes Amea\u00e7as de Remo\u00e7\u00f5es, Ara\u00e7atiba Se Une e Segue em Frente [IMAGENS]"}]},{"@type":"WebSite","@id":"https:\/\/rioonwatch.org.br\/#website","url":"https:\/\/rioonwatch.org.br\/","name":"RioOnWatch","description":"relatos das favelas cariocas","publisher":{"@id":"https:\/\/rioonwatch.org.br\/#organization"},"potentialAction":[{"@type":"SearchAction","target":{"@type":"EntryPoint","urlTemplate":"https:\/\/rioonwatch.org.br\/?s={search_term_string}"},"query-input":{"@type":"PropertyValueSpecification","valueRequired":true,"valueName":"search_term_string"}}],"inLanguage":"pt-BR"},{"@type":"Organization","@id":"https:\/\/rioonwatch.org.br\/#organization","name":"RioOnWatch","url":"https:\/\/rioonwatch.org.br\/","logo":{"@type":"ImageObject","inLanguage":"pt-BR","@id":"https:\/\/rioonwatch.org.br\/#\/schema\/logo\/image\/","url":"https:\/\/rioonwatch.org.br\/wp-content\/uploads\/2021\/06\/RioOnWatchcabecalhoPT11anos-2.png","contentUrl":"https:\/\/rioonwatch.org.br\/wp-content\/uploads\/2021\/06\/RioOnWatchcabecalhoPT11anos-2.png","width":779,"height":277,"caption":"RioOnWatch"},"image":{"@id":"https:\/\/rioonwatch.org.br\/#\/schema\/logo\/image\/"}},{"@type":"Person","@id":"https:\/\/rioonwatch.org.br\/#\/schema\/person\/f443c6b55bb6e80842280318076491c5","name":"Luisa Fenizola","image":{"@type":"ImageObject","inLanguage":"pt-BR","@id":"https:\/\/rioonwatch.org.br\/#\/schema\/person\/image\/","url":"https:\/\/secure.gravatar.com\/avatar\/a3d551110162b9f876cbbdaaecf75663?s=96&d=blank&r=g","contentUrl":"https:\/\/secure.gravatar.com\/avatar\/a3d551110162b9f876cbbdaaecf75663?s=96&d=blank&r=g","caption":"Luisa Fenizola"},"url":"https:\/\/rioonwatch.org.br\/?author=152"}]}},"_links":{"self":[{"href":"https:\/\/rioonwatch.org.br\/index.php?rest_route=\/wp\/v2\/posts\/36565"}],"collection":[{"href":"https:\/\/rioonwatch.org.br\/index.php?rest_route=\/wp\/v2\/posts"}],"about":[{"href":"https:\/\/rioonwatch.org.br\/index.php?rest_route=\/wp\/v2\/types\/post"}],"author":[{"embeddable":true,"href":"https:\/\/rioonwatch.org.br\/index.php?rest_route=\/wp\/v2\/users\/152"}],"replies":[{"embeddable":true,"href":"https:\/\/rioonwatch.org.br\/index.php?rest_route=%2Fwp%2Fv2%2Fcomments&post=36565"}],"version-history":[{"count":13,"href":"https:\/\/rioonwatch.org.br\/index.php?rest_route=\/wp\/v2\/posts\/36565\/revisions"}],"predecessor-version":[{"id":36653,"href":"https:\/\/rioonwatch.org.br\/index.php?rest_route=\/wp\/v2\/posts\/36565\/revisions\/36653"}],"wp:featuredmedia":[{"embeddable":true,"href":"https:\/\/rioonwatch.org.br\/index.php?rest_route=\/wp\/v2\/media\/36572"}],"wp:attachment":[{"href":"https:\/\/rioonwatch.org.br\/index.php?rest_route=%2Fwp%2Fv2%2Fmedia&parent=36565"}],"wp:term":[{"taxonomy":"category","embeddable":true,"href":"https:\/\/rioonwatch.org.br\/index.php?rest_route=%2Fwp%2Fv2%2Fcategories&post=36565"},{"taxonomy":"post_tag","embeddable":true,"href":"https:\/\/rioonwatch.org.br\/index.php?rest_route=%2Fwp%2Fv2%2Ftags&post=36565"},{"taxonomy":"writer","embeddable":true,"href":"https:\/\/rioonwatch.org.br\/index.php?rest_route=%2Fwp%2Fv2%2Fwriter&post=36565"},{"taxonomy":"translator","embeddable":true,"href":"https:\/\/rioonwatch.org.br\/index.php?rest_route=%2Fwp%2Fv2%2Ftranslator&post=36565"},{"taxonomy":"source","embeddable":true,"href":"https:\/\/rioonwatch.org.br\/index.php?rest_route=%2Fwp%2Fv2%2Fsource&post=36565"},{"taxonomy":"ilustrador","embeddable":true,"href":"https:\/\/rioonwatch.org.br\/index.php?rest_route=%2Fwp%2Fv2%2Filustrador&post=36565"},{"taxonomy":"fotografo","embeddable":true,"href":"https:\/\/rioonwatch.org.br\/index.php?rest_route=%2Fwp%2Fv2%2Ffotografo&post=36565"}],"curies":[{"name":"wp","href":"https:\/\/api.w.org\/{rel}","templated":true}]}}