{"id":36619,"date":"2018-09-28T11:26:46","date_gmt":"2018-09-28T14:26:46","guid":{"rendered":"http:\/\/rioonwatch.org.br\/?p=36619"},"modified":"2020-08-30T08:57:27","modified_gmt":"2020-08-30T11:57:27","slug":"uma-ponte-intransponivel-titulacao-para-que-debates-sobre-favelas-no-rio-falam-linguas-muito-diferentes","status":"publish","type":"post","link":"https:\/\/rioonwatch.org.br\/?p=36619","title":{"rendered":"Titula\u00e7\u00e3o para Qu\u00ea? Debates Sobre Favelas no Rio Falam L\u00ednguas Muito Diferentes"},"content":{"rendered":"<p style=\"text-align: right;\"><em><strong><a href=\"http:\/\/bit.ly\/2xzrjsI\" target=\"_blank\" rel=\"noopener noreferrer\">Click Here for English<img decoding=\"async\" width=\"20\" height=\"20\" class=\"alignright wp-image-15790\" src=\"http:\/\/rioonwatch.org.br\/wp-content\/uploads\/2012\/08\/EN-standard-e1439583104716.jpg\" \/><\/a><\/strong><\/em><\/p>\n<p><span style=\"font-weight: 400;\">Dois eventos realizados no dia 18 de setembro, demonstraram uma grande divis\u00e3o entre debates sobre quest\u00f5es relacionadas a favelas e moradores das favelas do Rio de Janeiro. Ambos os eventos tinham mais de cem pessoas presentes e cada um contou com um influente pensador global para ajudar a fomentar o debate.<\/span><\/p>\n<p><span style=\"font-weight: 400;\">O primeiro evento, \u201c<a href=\"http:\/\/bit.ly\/2I8pxmv\" target=\"_blank\" rel=\"noopener noreferrer\">Brasil Mais Simples<\/a>\u201d, foi um semin\u00e1rio exclusivo sobre regulariza\u00e7\u00e3o fundi\u00e1ria produzido pelo\u00a0<a href=\"http:\/\/bit.ly\/2z3ZECm\" target=\"_blank\" rel=\"noopener noreferrer\">SEBRAE<\/a>, realizado no audit\u00f3rio do Infoglobo Comunica\u00e7\u00f5es no Centro do Rio, e <a href=\"http:\/\/bit.ly\/2pqtom7\" target=\"_blank\" rel=\"noopener noreferrer\">transmitido ao vivo pelo Facebook<\/a>. O economista peruano Hernando de Soto, fundador do <a href=\"http:\/\/bit.ly\/2QPyPrx\" target=\"_blank\" rel=\"noopener noreferrer\">Instituto para Liberdade e Democracia<\/a>\u00a0e famoso por evangelizar os direitos \u00e0 terra como uma solu\u00e7\u00e3o final para a pobreza, apresentou seu trabalho sobre os direitos de propriedade formal e desenvolvimento econ\u00f4mico em todo o mundo. O segundo evento foi o <a href=\"http:\/\/bit.ly\/2Di0Oxh\" target=\"_blank\" rel=\"noopener noreferrer\">semin\u00e1rio inaugural<\/a> do curso <a href=\"http:\/\/bit.ly\/2PNIfCq\" target=\"_blank\" rel=\"noopener noreferrer\">Olhares Perif\u00e9ricos<\/a>, realizado no campus <a href=\"http:\/\/bit.ly\/1nid1lU\" target=\"_blank\" rel=\"noopener noreferrer\">Maracan\u00e3<\/a> da <a href=\"http:\/\/bit.ly\/2pzyYBq\" target=\"_blank\" rel=\"noopener noreferrer\">UERJ<\/a>, na Zona Norte da cidade. A urbanista brasileira e arquiteta, <a href=\"http:\/\/bit.ly\/2NMcjSr\" target=\"_blank\" rel=\"noopener noreferrer\">Raquel Rolnik<\/a>, ex-relatora especial\u00a0da ONU para o Direito \u00e0 Moradia\u00a0Adequada (2008-2014), que documentou numerosas viola\u00e7\u00f5es dos direitos \u00e0 moradia nos preparativos da Copa do Mundo no Brasil, contribuiu para o semin\u00e1rio com uma cr\u00edtica \u00e0s perspectivas dominantes sobre as favelas e a informalidade. <\/span><\/p>\n<p><span style=\"font-weight: 400;\">Ambos os eventos destacaram a import\u00e2ncia de reconhecer e gerar valor nas favelas, mas a divis\u00e3o entre essas abordagens contrastantes pode ser uma ponte intranspon\u00edvel. Considerando o trabalho de dois convidados de renome mundial, a dist\u00e2ncia \u00e9 clara. A \u00eanfase de De Soto no fortalecimento dos direitos de propriedade e fornecimento de t\u00edtulos formais de terra nas favelas divergem enormemente da vis\u00e3o cr\u00edtica de Rolnik sobre abordagens que pressup\u00f5em desenvolvimento econ\u00f4mico, mas que em \u00faltima an\u00e1lise acabam refor\u00e7ando desigualdades e exclus\u00e3o, apenas exacerbando a pobreza nas cidades do mundo.<\/span><\/p>\n<p><span style=\"font-weight: 400;\">A \u00fanica potencial solu\u00e7\u00e3o que pode ser vista como uma ponte para essa divis\u00e3o foi destacada no final do debate \u201cBrasil Mais Simples\u201d por <a href=\"https:\/\/glo.bo\/2fPOFEd\" target=\"_blank\" rel=\"noopener noreferrer\">Jailson de Souza<\/a> do <a href=\"http:\/\/bit.ly\/1itPfQc\" target=\"_blank\" rel=\"noopener noreferrer\">Observat\u00f3rio de Favelas<\/a>, quando ele descreveu o modelo do<a href=\"http:\/\/bit.ly\/2nYnEPR\" target=\"_blank\" rel=\"noopener noreferrer\"> Termo Territorial Coletivo<\/a> recentemente compartilhado no Rio por comunidades de Porto Rico.<\/span><\/p>\n<h3><strong>\u201cBrasil Mais Simples\u201d<\/strong><\/h3>\n<p><span style=\"font-weight: 400;\">O evento no Infoglobo abriu com uma s\u00e9rie de oradores, incluindo o Prefeito <a href=\"http:\/\/bit.ly\/2cIlnDw\" target=\"_blank\" rel=\"noopener noreferrer\">Marcelo Crivella<\/a> e o <a href=\"http:\/\/bit.ly\/1R3CDy8\" target=\"_blank\" rel=\"noopener noreferrer\">Governador Luiz Fernando Pez\u00e3o<\/a>. Houve um painel sobre os desafios e oportunidades para a regulariza\u00e7\u00e3o fundi\u00e1ria urbana, com a participa\u00e7\u00e3o de representantes do Minist\u00e9rio das Cidades, Caixa Econ\u00f4mica,\u00a0<a href=\"http:\/\/bit.ly\/2hcE71h\" target=\"_blank\" rel=\"noopener noreferrer\">Instituto de Terras e Cartografia do Estado do Rio de Janeiro<\/a> (ITERJ),\u00a0<a href=\"http:\/\/bit.ly\/2NJsvnl\" target=\"_blank\" rel=\"noopener noreferrer\">Funda\u00e7\u00e3o Get\u00falio Vargas<\/a> (FGV),\u00a0<a href=\"http:\/\/bit.ly\/2I4zbpX\" target=\"_blank\" rel=\"noopener noreferrer\">Governo Municipal de Campinas<\/a>,\u00a0<a href=\"http:\/\/bit.ly\/2I6XRyh\" target=\"_blank\" rel=\"noopener noreferrer\">Sindicato da Habita\u00e7\u00e3o do Rio<\/a> (SECOVI) e Observat\u00f3rio de Favelas.<\/span><\/p>\n<p><span style=\"font-weight: 400;\"><a href=\"http:\/\/rioonwatch.org.br\/wp-content\/uploads\/2018\/09\/De-Soto-Infoglobo.jpg\"><img fetchpriority=\"high\" decoding=\"async\" class=\"aligncenter wp-image-36626 size-content\" title=\"Hernando de Soto apresenta no semin\u00e1rio &quot;Brasil Mais Simples&quot;.\" src=\"http:\/\/rioonwatch.org.br\/wp-content\/uploads\/2018\/09\/De-Soto-Infoglobo-620x264.jpg\" alt=\"\" width=\"620\" height=\"264\" srcset=\"https:\/\/rioonwatch.org.br\/wp-content\/uploads\/2018\/09\/De-Soto-Infoglobo-620x264.jpg 620w, https:\/\/rioonwatch.org.br\/wp-content\/uploads\/2018\/09\/De-Soto-Infoglobo-940x400.jpg 940w\" sizes=\"(max-width: 620px) 100vw, 620px\" \/><\/a><\/span><\/p>\n<p><span style=\"font-weight: 400;\">Seguido do painel, houve uma apresenta\u00e7\u00e3o do Hernando de Soto e uma sess\u00e3o de perguntas e respostas com a plateia sobre o papel da titula\u00e7\u00e3o fundi\u00e1ria na redu\u00e7\u00e3o de conflitos e gera\u00e7\u00e3o de desenvolvimento econ\u00f4mico em lugares t\u00e3o diversos quanto a Amaz\u00f4nia, o Jap\u00e3o e o Oriente M\u00e9dio. O evento terminou com o lan\u00e7amento oficial de um projeto encabe\u00e7ado por Roberto Medina para \u201c<a href=\"https:\/\/glo.bo\/2DlPT5H\" target=\"_blank\" rel=\"noopener noreferrer\">construir uma favela<\/a>\u201d no <a href=\"http:\/\/bit.ly\/2Q9TXHs\" target=\"_blank\" rel=\"noopener noreferrer\">Rock in Rio<\/a> do ano que vem. Em parceria com a SEBRAE, <a href=\"http:\/\/bit.ly\/2I8ajhk\" target=\"_blank\" rel=\"noopener noreferrer\">Viva Rio<\/a>\u00a0e a\u00a0<a href=\"http:\/\/bit.ly\/2xG6zzs\" target=\"_blank\" rel=\"noopener noreferrer\">Central \u00danica das Favelas<\/a>\u00a0(CUFA), o projeto de Medina, \u201c<a href=\"http:\/\/bit.ly\/2DkgCQ2\" target=\"_blank\" rel=\"noopener noreferrer\">Comunidade Faz Neg\u00f3cio<\/a>\u201d ir\u00e1 prover oportunidades para moradores de favelas participarem do \u201c<a href=\"http:\/\/bit.ly\/2pofqkP\" target=\"_blank\" rel=\"noopener noreferrer\">Espa\u00e7o Favela<\/a>\u201d no Rock in Rio, o qual ir\u00e1 destacar arte, comida e m\u00fasica das favelas do Rio.<\/span><\/p>\n<h3>\u201cOlhares Perif\u00e9ricos: Centralidades Urbanas\u201d<\/h3>\n<p><span style=\"font-weight: 400;\">No mesmo dia, membros da comunidade acad\u00eamica e ativista do Rio participaram de um evento na UERJ, organizado pelo <a href=\"http:\/\/bit.ly\/191xwKJ\" target=\"_blank\" rel=\"noopener noreferrer\">Instituto de Estudos Sociais e Pol\u00edticos<\/a> (IESP\/UERJ) e pelo <a href=\"http:\/\/bit.ly\/GUXh5D\" target=\"_blank\" rel=\"noopener noreferrer\">Instituto Ra\u00edzes em Movimento<\/a>, uma <a href=\"http:\/\/bit.ly\/H1kBPJ\" target=\"_blank\" rel=\"noopener noreferrer\">organiza\u00e7\u00e3o comunit\u00e1ria<\/a> amplamente respeitada no <a href=\"http:\/\/bit.ly\/1nEeBwu\" target=\"_blank\" rel=\"noopener noreferrer\">Complexo do Alem\u00e3o<\/a>. Consistido em palestras dadas pelos professores Raquel Rolnik (Universidade de S\u00e3o Paulo) e\u00a0<a href=\"http:\/\/bit.ly\/2MQSq78\" target=\"_blank\" rel=\"noopener noreferrer\">Luiz Antonio Machado<\/a>\u00a0(IESP) seguido por um debate, o evento marcou a inaugura\u00e7\u00e3o de um curso de extens\u00e3o que ir\u00e1 destacar a desconstru\u00e7\u00e3o de narrativas existentes sobre as periferias urbanas ao longo dos pr\u00f3ximos meses.<\/span><\/p>\n<p><span style=\"font-weight: 400;\"><a href=\"http:\/\/rioonwatch.org.br\/wp-content\/uploads\/2018\/09\/Rolnik-Olhares-Perife\u0301ricos.jpg\"><img decoding=\"async\" class=\"aligncenter wp-image-36625 size-content\" title=\"Raquel Rolnik fala no evento &quot;Olhares Perif\u00e9ricos&quot;.\" src=\"http:\/\/rioonwatch.org.br\/wp-content\/uploads\/2018\/09\/Rolnik-Olhares-Perife\u0301ricos-620x264.jpg\" alt=\"\" width=\"620\" height=\"264\" srcset=\"https:\/\/rioonwatch.org.br\/wp-content\/uploads\/2018\/09\/Rolnik-Olhares-Perife\u0301ricos-620x264.jpg 620w, https:\/\/rioonwatch.org.br\/wp-content\/uploads\/2018\/09\/Rolnik-Olhares-Perife\u0301ricos-940x400.jpg 940w\" sizes=\"(max-width: 620px) 100vw, 620px\" \/><\/a><\/span><\/p>\n<p><span style=\"font-weight: 400;\">Durante observa\u00e7\u00f5es introdut\u00f3rias, Alam Brum do Instituto Ra\u00edzes em Movimento explicou o prop\u00f3sito do curso: \u201cA\u00a0<\/span><span style=\"font-weight: 400;\">gente vem de dentro de algumas favelas, sobretudo do Complexo do Alem\u00e3o, produzindo pesquisas, produzindo saberes populares, organizando, sistematizando&#8230; disponibilizando para outros pesquisadores, disponibilizando para os ativistas e os movimentos sociais\u2026 A partir de um curso como esse, [nosso prop\u00f3sito \u00e9] dividir com toda a sociedade e trocar [saberes]&#8221;.\u00a0<\/span><\/p>\n<p><span style=\"font-weight: 400;\">O pesquisador Ricardo Moura descreveu como o curso emergiu do\u00a0CEPEDOCA (<a href=\"http:\/\/bit.ly\/2D7ujgY\" target=\"_blank\" rel=\"noopener noreferrer\">Centro de Estudos, Pesquisa, Documenta\u00e7\u00e3o e Mem\u00f3ria do Complexo do Alem\u00e3o<\/a>), o qual desde 2013 tem fornecido uma plataforma de convoca\u00e7\u00e3o para todos os pesquisadores que est\u00e3o trabalhando nos grandes complexos de favelas, atrav\u00e9s da qual universidades que atuam na \u00e1rea se envolvem com moradores para desenvolver pesquisas<em> com<\/em> eles de maneiras que beneficiem e empoderem mais a comunidade: \u201cA<\/span><span style=\"font-weight: 400;\">\u00e7\u00f5es que pudessem efetivamente construir pontes e caminhos junto \u00e0s universidades e \u00e0s pesquisas acad\u00eamicas&#8230; para o desenvolvimento das <a href=\"http:\/\/bit.ly\/2a2Cjo6\" target=\"_blank\" rel=\"noopener noreferrer\">pesquisas nas favelas junto com os movimentos sociais<\/a> e grupos locais&#8221;.<\/span><\/p>\n<p><span style=\"font-weight: 400;\"><a href=\"http:\/\/rioonwatch.org.br\/wp-content\/uploads\/2018\/09\/P\u00fablico-Olhares-Perife\u0301ricos.jpg\"><img loading=\"lazy\" decoding=\"async\" class=\"aligncenter wp-image-36624 size-content\" title=\"P\u00fablico na aula inaugural do curso &quot;Perspectivas Perif\u00e9ricas&quot;. Foto:; P\u00e1gina do Facebook do Ra\u00edzes em Movimento.\" src=\"http:\/\/rioonwatch.org.br\/wp-content\/uploads\/2018\/09\/P\u00fablico-Olhares-Perife\u0301ricos-620x264.jpg\" alt=\"\" width=\"620\" height=\"264\" srcset=\"https:\/\/rioonwatch.org.br\/wp-content\/uploads\/2018\/09\/P\u00fablico-Olhares-Perife\u0301ricos-620x264.jpg 620w, https:\/\/rioonwatch.org.br\/wp-content\/uploads\/2018\/09\/P\u00fablico-Olhares-Perife\u0301ricos-940x400.jpg 940w\" sizes=\"(max-width: 620px) 100vw, 620px\" \/><\/a><\/span><\/p>\n<h3>A (Im)Possibilidade de Fazer a Ponte Entre Estas Perspectivas<\/h3>\n<p><span style=\"font-weight: 400;\">Apesar de claras diferen\u00e7as no tom e na abordagem, os dois eventos compartilham uma \u00eanfase na import\u00e2ncia de construir parcerias entre institui\u00e7\u00f5es e promover o interc\u00e2mbio entre \u00e1reas \u201cformais\u201d e \u201cinformais\u201d dentro da cidade.<\/span><\/p>\n<p>Durante \u201cBrasil Mais Simples\u201d, o foco foi no Estado e setores corporativos. Virtualmente todos os participantes pediram uma melhor coordena\u00e7\u00e3o entre os governos federal, estadual e municipal. Houve grande concord\u00e2ncia com o fato de que a <a href=\"http:\/\/bit.ly\/2wud5so\" target=\"_blank\" rel=\"noopener noreferrer\">Lei 13.465<\/a>\u00a0(aprovada em 2017) contribuiu positivamente para o processo de regulariza\u00e7\u00e3o fundi\u00e1ria e \u00e9 uma resposta para muitos problemas urbanos. De acordo com Gilmar dos Santos, chefe da Secretaria Nacional de desenvolvimento Urbano (um ramo do Minist\u00e9rio das Cidades), a nova \u201c lei \u00e9 o que \u00e9 mais importante hoje, para pol\u00edtica p\u00fablica de qualidade\u2026 que muda a vida do cidad\u00e3o\u201d. O Governador Pez\u00e3o ecoou essa vis\u00e3o dizendo que \u201cn\u00e3o tem pol\u00edtica p\u00fablica melhor\u201d para trazer pessoas para o setor formal. O Prefeito Crivella assegurou que \u201cestamos devotados a essa causa&#8221; da regulariza\u00e7\u00e3o fundi\u00e1ria.<\/p>\n<p>Al\u00e9m de falar de formalizar os direitos de propriedade em assentamentos informais fornecendo t\u00edtulos de propriedade aos moradores de favelas, o evento elogiou os benef\u00edcios de parcerias com entidades corporativas como a SEBRAE e o Rock in Rio, que visam ajudar empreendedores em favelas vistos como limitados pela inseguran\u00e7a do setor informal para crescerem.<\/p>\n<p><span style=\"font-weight: 400;\">Em contrapartida, o evento Olhares Perif\u00e9ricos levantou cr\u00edticas \u00e0 rela\u00e7\u00e3o entre autoridades p\u00fablicas e empresas e alertou contra a depend\u00eancia de solu\u00e7\u00f5es institucionais. Em vez disso, as parcerias que visam atender \u00e0s necessidades dos moradores de favelas n\u00e3o devem apenas reconhecer que a organiza\u00e7\u00e3o social e econ\u00f4mica nas favelas tem atributos positivos, mas tamb\u00e9m trazer recursos diretamente para as entidades sociais e econ\u00f4micas nas favelas, a fim de evitar a destrui\u00e7\u00e3o, desapropria\u00e7\u00e3o e viol\u00eancia que recursos institucionais e a formaliza\u00e7\u00e3o podem gerar.<\/span><\/p>\n<p><span style=\"font-weight: 400;\"><a href=\"http:\/\/rioonwatch.org.br\/wp-content\/uploads\/2018\/09\/Brasil-Mais-Simples-Painel.jpg\"><img loading=\"lazy\" decoding=\"async\" class=\"aligncenter wp-image-36623 size-content\" title=\"Painel inteiramente formado por homens no evento &quot;Brasil Mais Simples&quot;.\" src=\"http:\/\/rioonwatch.org.br\/wp-content\/uploads\/2018\/09\/Brasil-Mais-Simples-Painel-620x264.jpg\" alt=\"\" width=\"620\" height=\"264\" srcset=\"https:\/\/rioonwatch.org.br\/wp-content\/uploads\/2018\/09\/Brasil-Mais-Simples-Painel-620x264.jpg 620w, https:\/\/rioonwatch.org.br\/wp-content\/uploads\/2018\/09\/Brasil-Mais-Simples-Painel-940x400.jpg 940w\" sizes=\"(max-width: 620px) 100vw, 620px\" \/><\/a><\/span><\/p>\n<p><span style=\"font-weight: 400;\">Enquanto as opini\u00f5es de pol\u00edticos e atores institucionais expressas durante o \u201cBrasil Mais Simples\u201d ecoavam na <a href=\"https:\/\/glo.bo\/2QI6tiH\" target=\"_blank\" rel=\"noopener noreferrer\">cobertura da m\u00eddia sobre o evento<\/a>, a vis\u00e3o de que t\u00edtulos de terra s\u00e3o uma solu\u00e7\u00e3o simples para problemas em favelas teve um momento not\u00e1vel de reflex\u00e3o cr\u00edtica. No painel sobre regulariza\u00e7\u00e3o fundi\u00e1ria, <a href=\"http:\/\/glo.bo\/13hxxn4\" target=\"_blank\" rel=\"noopener noreferrer\">Jailson de Souza e Silva<\/a>, fundador do <a href=\"http:\/\/bit.ly\/1itPfQc\" target=\"_blank\" rel=\"noopener noreferrer\">Observat\u00f3rio de Favelas<\/a>, foi o \u00faltimo a falar e ofereceu uma avalia\u00e7\u00e3o contundente dos coment\u00e1rios das autoridades p\u00fablicas que compartilhavam o palco e que haviam falado anteriormente.<\/span><\/p>\n<p><span style=\"font-weight: 400;\">Jailson come\u00e7ou criticando o fato de que as mulheres estavam ausentes do debate: \u201c<\/span><span style=\"font-weight: 400;\">A presen\u00e7a das mulheres \u00e9 central\u2026 Porque elas [as mulheres] s\u00e3o as principais organizadoras, articuladoras de todo processo de constru\u00e7\u00e3o de uma comunidade, de uma favela\u2026 \u00c9 imposs\u00edvel discutir esse tema sem participa\u00e7\u00e3o [das mulheres]&#8221;.<\/span><\/p>\n<p><span style=\"font-weight: 400;\">A cr\u00edtica continuou. \u201cA primeira coisa que a gente deve discutir \u00e9 o seguinte: que conceito da cidade que a gente est\u00e1 trabalhando?\u00a0A cidade n\u00e3o \u00e9 apenas equipamentos e servi\u00e7os, a cidade tamb\u00e9m \u00e9 conviv\u00eancia, cidade tamb\u00e9m \u00e9 diversidade, cidade tamb\u00e9m \u00e9 solidariedade, cidade tamb\u00e9m \u00e9 afetividade\u201d. Jailson comentou sobre o <a href=\"http:\/\/bit.ly\/TTCnoROW\" target=\"_blank\" rel=\"noopener noreferrer\">Termo Territorial Coletivo<\/a> como um exemplo: \u201c<\/span><span style=\"font-weight: 400;\">Tem experi\u00eancias, como em <a href=\"http:\/\/bit.ly\/2sDUcQj\" target=\"_blank\" rel=\"noopener noreferrer\">Porto Rico<\/a> por exemplo, que faz claramente uma distin\u00e7\u00e3o entre conceder o direito ao im\u00f3vel [direitos de superf\u00edcie] e, necessariamente, n\u00e3o conceder o direito ao solo&#8221;.<\/span><\/p>\n<p><span style=\"font-weight: 400;\">O evento se concentrou menos na periferia distante, mas no <a href=\"http:\/\/bit.ly\/XuDNKV\" target=\"_blank\" rel=\"noopener noreferrer\">Vidigal<\/a>, <a href=\"http:\/\/bit.ly\/2R0DzKR\" target=\"_blank\" rel=\"noopener noreferrer\">Cantagalo<\/a> e <a href=\"http:\/\/bit.ly\/16w2zz1\" target=\"_blank\" rel=\"noopener noreferrer\">Rocinha<\/a>. Nas palavras de Jailson:<\/span><\/p>\n<blockquote><p><span style=\"font-weight: 400;\">\u201c<\/span><span style=\"font-weight: 400;\">[Essas favelas] s\u00e3o espa\u00e7os centrais que t\u00eam que ser levados em conta como ente cultural, e t\u00eam que ser preservados contra a l\u00f3gica de transformar esses ativos de vida em ativos de mercado, em ativos simplesmente voltados para a necessidade de pensar a nossa cidade dominada pela l\u00f3gica do capital.\u00a0<\/span><span style=\"font-weight: 400;\">T\u00eam <a href=\"http:\/\/bit.ly\/1j5bUzA\" target=\"_blank\" rel=\"noopener noreferrer\">solu\u00e7\u00f5es criativas e inovadoras<\/a> que simplesmente n\u00e3o passam pela l\u00f3gica da propriedade formal. N\u00f3s podemos criar, por exemplo, [como foi feito em <a href=\"http:\/\/bit.ly\/2sDUcQj\" target=\"_blank\" rel=\"noopener noreferrer\">Porto Rico<\/a>] mecanismos que garantam a presen\u00e7a do morador, garantam aquele ambiente cultural e permitam que a gente possa fazer distin\u00e7\u00e3o entre o solo e o im\u00f3vel [situadas sobre ele]&#8221;.<\/span><\/p><\/blockquote>\n<p><span style=\"font-weight: 400;\"><a href=\"http:\/\/rioonwatch.org.br\/wp-content\/uploads\/2018\/09\/Jailson-de-Souza-e-Silva-Brasil-Mais-Simples.png\"><img loading=\"lazy\" decoding=\"async\" class=\"aligncenter wp-image-36628 size-medium\" title=\"Jailson (segundo da esquerda para a direita) fala no evento &quot;Brasil Mais Simples&quot;. Foto: P\u00e1gina do Facebook SEBRAE.\" src=\"http:\/\/rioonwatch.org.br\/wp-content\/uploads\/2018\/09\/Jailson-de-Souza-e-Silva-Brasil-Mais-Simples-620x264.png\" alt=\"\" width=\"620\" height=\"264\" \/><\/a><\/span><\/p>\n<p><span style=\"font-weight: 400;\">Para Jailson, \u00e9 necess\u00e1rio \u201cromper\u201d com a pol\u00edtica de habita\u00e7\u00e3o p\u00fablica em massa do <a href=\"http:\/\/bit.ly\/Y4U9oJ\" target=\"_blank\" rel=\"noopener noreferrer\">Minha Casa Minha Vida<\/a> e \u201c<\/span><span style=\"font-weight: 400;\">sua l\u00f3gica de expandir a cidade&#8230; habita\u00e7\u00e3o \u00e9 muito mais que moradia e n\u00f3s podemos construir uma cidade mais diversa, mais rica, mais viva quando a gente leva em conta as pessoas que nela vivem. Principalmente as mulheres negras que s\u00e3o t\u00e3o respons\u00e1vel por sua constru\u00e7\u00e3o\u201d.<\/span><\/p>\n<h3>Conclus\u00e3o<\/h3>\n<p><span style=\"font-weight: 400;\">A possibilidade de fazer a ponte entre as abordagens dos dois eventos parece desanimadora. Uma produz iniciativas como \u201cComunidade Faz Neg\u00f3cio\u201d e a outra <a href=\"http:\/\/bit.ly\/2JPgiLa\" target=\"_blank\" rel=\"noopener noreferrer\">desafia a validade de categorias dicot\u00f4micas<\/a>, como formal-informal e solu\u00e7\u00f5es baseadas em um processo simplista de levar as favelas \u00e0 cidade formal. Enquanto um \u201cEspa\u00e7o Favela\u201d no Rock in Rio pode parecer considerar as <a href=\"http:\/\/bit.ly\/2LKZvam\" target=\"_blank\" rel=\"noopener noreferrer\">potencialidades que existem nas favelas<\/a>, ele representa fundamentalmente a pr\u00f3pria narrativa que Raquel Rolnik e outros querem inverter. Cria um espet\u00e1culo de comunidades pobres e atribui valor \u00e0s favelas apenas quando elas s\u00e3o inseridas no mercado formal. Essa \u00e9 uma vis\u00e3o distorcida da potencialidade que vem de dentro das favelas, pois seu valor \u00e9 considerado apenas em termos de potencial comercial e expans\u00e3o de neg\u00f3cios. Os benef\u00edcios podem surgir para alguns poucos nas favelas, mas isso efetivamente gera enorme riqueza para grandes empresas sem produzir mudan\u00e7as substanciais para os pobres.<\/span><\/p>\n<p><em>Ezra Spira-Cohen \u00e9 doutorando em Ci\u00eancia Pol\u00edtica. Sua pesquisa foca nos impactos das pol\u00edticas fundi\u00e1rias e da interven\u00e7\u00e3o estatal sobre a seguran\u00e7a fundi\u00e1ria no Brasil.<\/em><\/p>\n<!-- AddThis Advanced Settings generic via filter on the_content --><!-- AddThis Share Buttons generic via filter on the_content -->","protected":false},"excerpt":{"rendered":"<div class=\"mh-excerpt\"><p>Click Here for English Dois eventos realizados no dia 18 de setembro, demonstraram uma grande divis\u00e3o entre debates sobre quest\u00f5es relacionadas a favelas e moradores das favelas do Rio de Janeiro. Ambos os eventos tinham <a class=\"mh-excerpt-more\" href=\"https:\/\/rioonwatch.org.br\/?p=36619\" title=\"Titula\u00e7\u00e3o para Qu\u00ea? Debates Sobre Favelas no Rio Falam L\u00ednguas Muito Diferentes\">[&#8230;]<\/a><!-- AddThis Advanced Settings generic via filter on get_the_excerpt --><!-- AddThis Share Buttons generic via filter on get_the_excerpt --><\/p>\n<\/div>","protected":false},"author":152,"featured_media":36627,"comment_status":"closed","ping_status":"closed","sticky":false,"template":"","format":"standard","meta":{"_acf_changed":false,"_monsterinsights_skip_tracking":false,"_monsterinsights_sitenote_active":false,"_monsterinsights_sitenote_note":"","_monsterinsights_sitenote_category":0,"footnotes":""},"categories":[1621,1627,1626,1616,1612,342],"tags":[2522,217,1917,1319,413,731,2520,732,1512,638,1162,1103,2039,466,1982,246,2086,663,2138,2072,1517,2389,998,2183,1347,711,900,2037,218],"writer":[2462],"translator":[2521],"source":[],"ilustrador":[],"fotografo":[],"class_list":{"0":"post-36619","1":"post","2":"type-post","3":"status-publish","4":"format-standard","5":"has-post-thumbnail","7":"category-destaque","8":"category-relato-de-evento","9":"category-por-observadores-internacionais","10":"category-qualidades-da-favela","11":"category-sociedade-civil","12":"category-solucoes","13":"tag-cano-martin-pena","14":"tag-complexo-do-alemao","15":"tag-comunidade-x-academia","16":"tag-cufa","17":"tag-desigualdade","18":"tag-empreendedorismo","19":"tag-fgv","20":"tag-globo","21":"tag-governador-pezao","22":"tag-governo-do-estado","23":"tag-governo-federal","24":"tag-informalidade","25":"tag-iterj","26":"tag-maracana","27":"tag-marcelo-crivella","28":"tag-minha-casa-minha-vida","29":"tag-mp-759","30":"tag-observatorio-de-favelas","31":"tag-porto-rico","32":"tag-qualidades-da-informalidade","33":"tag-raizes-em-movimento","34":"tag-raquel-rolnik","35":"tag-sao-paulo","36":"tag-sebrae","37":"tag-solucao","38":"tag-clt","39":"tag-titulacao-de-terras","40":"tag-uerj","41":"tag-zona-norte","42":"writer-ezra-spira-cohen","43":"translator-helena-bulgarelli"},"acf":[],"yoast_head":"<!-- This site is optimized with the Yoast SEO plugin v25.6 - https:\/\/yoast.com\/wordpress\/plugins\/seo\/ -->\n<title>Titula\u00e7\u00e3o para Qu\u00ea? Debates Sobre Favelas no Rio Falam L\u00ednguas Muito Diferentes - RioOnWatch<\/title>\n<meta name=\"robots\" content=\"index, follow, max-snippet:-1, max-image-preview:large, max-video-preview:-1\" \/>\n<link rel=\"canonical\" href=\"https:\/\/rioonwatch.org.br\/?p=36619\" \/>\n<meta property=\"og:locale\" content=\"pt_BR\" \/>\n<meta property=\"og:type\" content=\"article\" \/>\n<meta property=\"og:title\" content=\"Titula\u00e7\u00e3o para Qu\u00ea? Debates Sobre Favelas no Rio Falam L\u00ednguas Muito Diferentes - RioOnWatch\" \/>\n<meta property=\"og:description\" content=\"Click Here for English Dois eventos realizados no dia 18 de setembro, demonstraram uma grande divis\u00e3o entre debates sobre quest\u00f5es relacionadas a favelas e moradores das favelas do Rio de Janeiro. Ambos os eventos tinham [...]\" \/>\n<meta property=\"og:url\" content=\"https:\/\/rioonwatch.org.br\/?p=36619\" \/>\n<meta property=\"og:site_name\" content=\"RioOnWatch\" \/>\n<meta property=\"article:published_time\" content=\"2018-09-28T14:26:46+00:00\" \/>\n<meta property=\"article:modified_time\" content=\"2020-08-30T11:57:27+00:00\" \/>\n<meta property=\"og:image\" content=\"https:\/\/rioonwatch.org.br\/wp-content\/uploads\/2018\/09\/comunica\u00e7\u00e3o-semin\u00e1rios.png\" \/>\n\t<meta property=\"og:image:width\" content=\"1809\" \/>\n\t<meta property=\"og:image:height\" content=\"764\" \/>\n\t<meta property=\"og:image:type\" content=\"image\/png\" \/>\n<meta name=\"author\" content=\"Luisa Fenizola\" \/>\n<meta name=\"twitter:card\" content=\"summary_large_image\" \/>\n<meta name=\"twitter:label1\" content=\"Escrito por\" \/>\n\t<meta name=\"twitter:data1\" content=\"Luisa Fenizola\" \/>\n\t<meta name=\"twitter:label2\" content=\"Est. tempo de leitura\" \/>\n\t<meta name=\"twitter:data2\" content=\"9 minutos\" \/>\n<script type=\"application\/ld+json\" class=\"yoast-schema-graph\">{\"@context\":\"https:\/\/schema.org\",\"@graph\":[{\"@type\":\"Article\",\"@id\":\"https:\/\/rioonwatch.org.br\/?p=36619#article\",\"isPartOf\":{\"@id\":\"https:\/\/rioonwatch.org.br\/?p=36619\"},\"author\":{\"name\":\"Luisa Fenizola\",\"@id\":\"https:\/\/rioonwatch.org.br\/#\/schema\/person\/f443c6b55bb6e80842280318076491c5\"},\"headline\":\"Titula\u00e7\u00e3o para Qu\u00ea? Debates Sobre Favelas no Rio Falam L\u00ednguas Muito Diferentes\",\"datePublished\":\"2018-09-28T14:26:46+00:00\",\"dateModified\":\"2020-08-30T11:57:27+00:00\",\"mainEntityOfPage\":{\"@id\":\"https:\/\/rioonwatch.org.br\/?p=36619\"},\"wordCount\":1876,\"publisher\":{\"@id\":\"https:\/\/rioonwatch.org.br\/#organization\"},\"image\":{\"@id\":\"https:\/\/rioonwatch.org.br\/?p=36619#primaryimage\"},\"thumbnailUrl\":\"https:\/\/rioonwatch.org.br\/wp-content\/uploads\/2018\/09\/comunica\u00e7\u00e3o-semin\u00e1rios.png\",\"keywords\":[\"Ca\u00f1o Mart\u00edn Pe\u00f1a\",\"Complexo do Alem\u00e3o\",\"comunidade x academia\",\"CUFA\",\"desigualdade\",\"empreendedorismo\",\"FGV\",\"Globo\",\"Governador Pez\u00e3o\",\"Governo do Estado\",\"Governo Federal\",\"informalidade\",\"ITERJ\",\"Maracan\u00e3\",\"Marcelo Crivella\",\"Minha Casa Minha Vida\",\"MP 759 \/ Lei 13.465\",\"Observat\u00f3rio de Favelas\",\"Porto Rico\",\"qualidades da informalidade\",\"Ra\u00edzes em Movimento\",\"Raquel Rolnik\",\"S\u00e3o Paulo\",\"Sebrae\",\"solu\u00e7\u00e3o\",\"Termo Territorial Coletivo (TTC) \/ Community Land Trust (CLT)\",\"titula\u00e7\u00e3o de terras\",\"UERJ\",\"Zona Norte\"],\"articleSection\":[\"*Destaque\",\"Cobertura de Eventos\",\"Escrito por Aliados\",\"Qualidades da Favela\",\"Sociedade Civil\",\"Solu\u00e7\u00f5es\"],\"inLanguage\":\"pt-BR\"},{\"@type\":\"WebPage\",\"@id\":\"https:\/\/rioonwatch.org.br\/?p=36619\",\"url\":\"https:\/\/rioonwatch.org.br\/?p=36619\",\"name\":\"Titula\u00e7\u00e3o para Qu\u00ea? Debates Sobre Favelas no Rio Falam L\u00ednguas Muito Diferentes - RioOnWatch\",\"isPartOf\":{\"@id\":\"https:\/\/rioonwatch.org.br\/#website\"},\"primaryImageOfPage\":{\"@id\":\"https:\/\/rioonwatch.org.br\/?p=36619#primaryimage\"},\"image\":{\"@id\":\"https:\/\/rioonwatch.org.br\/?p=36619#primaryimage\"},\"thumbnailUrl\":\"https:\/\/rioonwatch.org.br\/wp-content\/uploads\/2018\/09\/comunica\u00e7\u00e3o-semin\u00e1rios.png\",\"datePublished\":\"2018-09-28T14:26:46+00:00\",\"dateModified\":\"2020-08-30T11:57:27+00:00\",\"breadcrumb\":{\"@id\":\"https:\/\/rioonwatch.org.br\/?p=36619#breadcrumb\"},\"inLanguage\":\"pt-BR\",\"potentialAction\":[{\"@type\":\"ReadAction\",\"target\":[\"https:\/\/rioonwatch.org.br\/?p=36619\"]}]},{\"@type\":\"ImageObject\",\"inLanguage\":\"pt-BR\",\"@id\":\"https:\/\/rioonwatch.org.br\/?p=36619#primaryimage\",\"url\":\"https:\/\/rioonwatch.org.br\/wp-content\/uploads\/2018\/09\/comunica\u00e7\u00e3o-semin\u00e1rios.png\",\"contentUrl\":\"https:\/\/rioonwatch.org.br\/wp-content\/uploads\/2018\/09\/comunica\u00e7\u00e3o-semin\u00e1rios.png\",\"width\":1809,\"height\":764},{\"@type\":\"BreadcrumbList\",\"@id\":\"https:\/\/rioonwatch.org.br\/?p=36619#breadcrumb\",\"itemListElement\":[{\"@type\":\"ListItem\",\"position\":1,\"name\":\"In\u00edcio\",\"item\":\"https:\/\/rioonwatch.org.br\/\"},{\"@type\":\"ListItem\",\"position\":2,\"name\":\"Titula\u00e7\u00e3o para Qu\u00ea? Debates Sobre Favelas no Rio Falam L\u00ednguas Muito Diferentes\"}]},{\"@type\":\"WebSite\",\"@id\":\"https:\/\/rioonwatch.org.br\/#website\",\"url\":\"https:\/\/rioonwatch.org.br\/\",\"name\":\"RioOnWatch\",\"description\":\"relatos das favelas cariocas\",\"publisher\":{\"@id\":\"https:\/\/rioonwatch.org.br\/#organization\"},\"potentialAction\":[{\"@type\":\"SearchAction\",\"target\":{\"@type\":\"EntryPoint\",\"urlTemplate\":\"https:\/\/rioonwatch.org.br\/?s={search_term_string}\"},\"query-input\":{\"@type\":\"PropertyValueSpecification\",\"valueRequired\":true,\"valueName\":\"search_term_string\"}}],\"inLanguage\":\"pt-BR\"},{\"@type\":\"Organization\",\"@id\":\"https:\/\/rioonwatch.org.br\/#organization\",\"name\":\"RioOnWatch\",\"url\":\"https:\/\/rioonwatch.org.br\/\",\"logo\":{\"@type\":\"ImageObject\",\"inLanguage\":\"pt-BR\",\"@id\":\"https:\/\/rioonwatch.org.br\/#\/schema\/logo\/image\/\",\"url\":\"https:\/\/rioonwatch.org.br\/wp-content\/uploads\/2021\/06\/RioOnWatchcabecalhoPT11anos-2.png\",\"contentUrl\":\"https:\/\/rioonwatch.org.br\/wp-content\/uploads\/2021\/06\/RioOnWatchcabecalhoPT11anos-2.png\",\"width\":779,\"height\":277,\"caption\":\"RioOnWatch\"},\"image\":{\"@id\":\"https:\/\/rioonwatch.org.br\/#\/schema\/logo\/image\/\"}},{\"@type\":\"Person\",\"@id\":\"https:\/\/rioonwatch.org.br\/#\/schema\/person\/f443c6b55bb6e80842280318076491c5\",\"name\":\"Luisa Fenizola\",\"image\":{\"@type\":\"ImageObject\",\"inLanguage\":\"pt-BR\",\"@id\":\"https:\/\/rioonwatch.org.br\/#\/schema\/person\/image\/\",\"url\":\"https:\/\/secure.gravatar.com\/avatar\/a3d551110162b9f876cbbdaaecf75663?s=96&d=blank&r=g\",\"contentUrl\":\"https:\/\/secure.gravatar.com\/avatar\/a3d551110162b9f876cbbdaaecf75663?s=96&d=blank&r=g\",\"caption\":\"Luisa Fenizola\"},\"url\":\"https:\/\/rioonwatch.org.br\/?author=152\"}]}<\/script>\n<!-- \/ Yoast SEO plugin. -->","yoast_head_json":{"title":"Titula\u00e7\u00e3o para Qu\u00ea? Debates Sobre Favelas no Rio Falam L\u00ednguas Muito Diferentes - RioOnWatch","robots":{"index":"index","follow":"follow","max-snippet":"max-snippet:-1","max-image-preview":"max-image-preview:large","max-video-preview":"max-video-preview:-1"},"canonical":"https:\/\/rioonwatch.org.br\/?p=36619","og_locale":"pt_BR","og_type":"article","og_title":"Titula\u00e7\u00e3o para Qu\u00ea? Debates Sobre Favelas no Rio Falam L\u00ednguas Muito Diferentes - RioOnWatch","og_description":"Click Here for English Dois eventos realizados no dia 18 de setembro, demonstraram uma grande divis\u00e3o entre debates sobre quest\u00f5es relacionadas a favelas e moradores das favelas do Rio de Janeiro. Ambos os eventos tinham [...]","og_url":"https:\/\/rioonwatch.org.br\/?p=36619","og_site_name":"RioOnWatch","article_published_time":"2018-09-28T14:26:46+00:00","article_modified_time":"2020-08-30T11:57:27+00:00","og_image":[{"width":1809,"height":764,"url":"https:\/\/rioonwatch.org.br\/wp-content\/uploads\/2018\/09\/comunica\u00e7\u00e3o-semin\u00e1rios.png","type":"image\/png"}],"author":"Luisa Fenizola","twitter_card":"summary_large_image","twitter_misc":{"Escrito por":"Luisa Fenizola","Est. tempo de leitura":"9 minutos"},"schema":{"@context":"https:\/\/schema.org","@graph":[{"@type":"Article","@id":"https:\/\/rioonwatch.org.br\/?p=36619#article","isPartOf":{"@id":"https:\/\/rioonwatch.org.br\/?p=36619"},"author":{"name":"Luisa Fenizola","@id":"https:\/\/rioonwatch.org.br\/#\/schema\/person\/f443c6b55bb6e80842280318076491c5"},"headline":"Titula\u00e7\u00e3o para Qu\u00ea? Debates Sobre Favelas no Rio Falam L\u00ednguas Muito Diferentes","datePublished":"2018-09-28T14:26:46+00:00","dateModified":"2020-08-30T11:57:27+00:00","mainEntityOfPage":{"@id":"https:\/\/rioonwatch.org.br\/?p=36619"},"wordCount":1876,"publisher":{"@id":"https:\/\/rioonwatch.org.br\/#organization"},"image":{"@id":"https:\/\/rioonwatch.org.br\/?p=36619#primaryimage"},"thumbnailUrl":"https:\/\/rioonwatch.org.br\/wp-content\/uploads\/2018\/09\/comunica\u00e7\u00e3o-semin\u00e1rios.png","keywords":["Ca\u00f1o Mart\u00edn Pe\u00f1a","Complexo do Alem\u00e3o","comunidade x academia","CUFA","desigualdade","empreendedorismo","FGV","Globo","Governador Pez\u00e3o","Governo do Estado","Governo Federal","informalidade","ITERJ","Maracan\u00e3","Marcelo Crivella","Minha Casa Minha Vida","MP 759 \/ Lei 13.465","Observat\u00f3rio de Favelas","Porto Rico","qualidades da informalidade","Ra\u00edzes em Movimento","Raquel Rolnik","S\u00e3o Paulo","Sebrae","solu\u00e7\u00e3o","Termo Territorial Coletivo (TTC) \/ Community Land Trust (CLT)","titula\u00e7\u00e3o de terras","UERJ","Zona Norte"],"articleSection":["*Destaque","Cobertura de Eventos","Escrito por Aliados","Qualidades da Favela","Sociedade Civil","Solu\u00e7\u00f5es"],"inLanguage":"pt-BR"},{"@type":"WebPage","@id":"https:\/\/rioonwatch.org.br\/?p=36619","url":"https:\/\/rioonwatch.org.br\/?p=36619","name":"Titula\u00e7\u00e3o para Qu\u00ea? Debates Sobre Favelas no Rio Falam L\u00ednguas Muito Diferentes - RioOnWatch","isPartOf":{"@id":"https:\/\/rioonwatch.org.br\/#website"},"primaryImageOfPage":{"@id":"https:\/\/rioonwatch.org.br\/?p=36619#primaryimage"},"image":{"@id":"https:\/\/rioonwatch.org.br\/?p=36619#primaryimage"},"thumbnailUrl":"https:\/\/rioonwatch.org.br\/wp-content\/uploads\/2018\/09\/comunica\u00e7\u00e3o-semin\u00e1rios.png","datePublished":"2018-09-28T14:26:46+00:00","dateModified":"2020-08-30T11:57:27+00:00","breadcrumb":{"@id":"https:\/\/rioonwatch.org.br\/?p=36619#breadcrumb"},"inLanguage":"pt-BR","potentialAction":[{"@type":"ReadAction","target":["https:\/\/rioonwatch.org.br\/?p=36619"]}]},{"@type":"ImageObject","inLanguage":"pt-BR","@id":"https:\/\/rioonwatch.org.br\/?p=36619#primaryimage","url":"https:\/\/rioonwatch.org.br\/wp-content\/uploads\/2018\/09\/comunica\u00e7\u00e3o-semin\u00e1rios.png","contentUrl":"https:\/\/rioonwatch.org.br\/wp-content\/uploads\/2018\/09\/comunica\u00e7\u00e3o-semin\u00e1rios.png","width":1809,"height":764},{"@type":"BreadcrumbList","@id":"https:\/\/rioonwatch.org.br\/?p=36619#breadcrumb","itemListElement":[{"@type":"ListItem","position":1,"name":"In\u00edcio","item":"https:\/\/rioonwatch.org.br\/"},{"@type":"ListItem","position":2,"name":"Titula\u00e7\u00e3o para Qu\u00ea? Debates Sobre Favelas no Rio Falam L\u00ednguas Muito Diferentes"}]},{"@type":"WebSite","@id":"https:\/\/rioonwatch.org.br\/#website","url":"https:\/\/rioonwatch.org.br\/","name":"RioOnWatch","description":"relatos das favelas cariocas","publisher":{"@id":"https:\/\/rioonwatch.org.br\/#organization"},"potentialAction":[{"@type":"SearchAction","target":{"@type":"EntryPoint","urlTemplate":"https:\/\/rioonwatch.org.br\/?s={search_term_string}"},"query-input":{"@type":"PropertyValueSpecification","valueRequired":true,"valueName":"search_term_string"}}],"inLanguage":"pt-BR"},{"@type":"Organization","@id":"https:\/\/rioonwatch.org.br\/#organization","name":"RioOnWatch","url":"https:\/\/rioonwatch.org.br\/","logo":{"@type":"ImageObject","inLanguage":"pt-BR","@id":"https:\/\/rioonwatch.org.br\/#\/schema\/logo\/image\/","url":"https:\/\/rioonwatch.org.br\/wp-content\/uploads\/2021\/06\/RioOnWatchcabecalhoPT11anos-2.png","contentUrl":"https:\/\/rioonwatch.org.br\/wp-content\/uploads\/2021\/06\/RioOnWatchcabecalhoPT11anos-2.png","width":779,"height":277,"caption":"RioOnWatch"},"image":{"@id":"https:\/\/rioonwatch.org.br\/#\/schema\/logo\/image\/"}},{"@type":"Person","@id":"https:\/\/rioonwatch.org.br\/#\/schema\/person\/f443c6b55bb6e80842280318076491c5","name":"Luisa Fenizola","image":{"@type":"ImageObject","inLanguage":"pt-BR","@id":"https:\/\/rioonwatch.org.br\/#\/schema\/person\/image\/","url":"https:\/\/secure.gravatar.com\/avatar\/a3d551110162b9f876cbbdaaecf75663?s=96&d=blank&r=g","contentUrl":"https:\/\/secure.gravatar.com\/avatar\/a3d551110162b9f876cbbdaaecf75663?s=96&d=blank&r=g","caption":"Luisa Fenizola"},"url":"https:\/\/rioonwatch.org.br\/?author=152"}]}},"_links":{"self":[{"href":"https:\/\/rioonwatch.org.br\/index.php?rest_route=\/wp\/v2\/posts\/36619"}],"collection":[{"href":"https:\/\/rioonwatch.org.br\/index.php?rest_route=\/wp\/v2\/posts"}],"about":[{"href":"https:\/\/rioonwatch.org.br\/index.php?rest_route=\/wp\/v2\/types\/post"}],"author":[{"embeddable":true,"href":"https:\/\/rioonwatch.org.br\/index.php?rest_route=\/wp\/v2\/users\/152"}],"replies":[{"embeddable":true,"href":"https:\/\/rioonwatch.org.br\/index.php?rest_route=%2Fwp%2Fv2%2Fcomments&post=36619"}],"version-history":[{"count":26,"href":"https:\/\/rioonwatch.org.br\/index.php?rest_route=\/wp\/v2\/posts\/36619\/revisions"}],"predecessor-version":[{"id":50189,"href":"https:\/\/rioonwatch.org.br\/index.php?rest_route=\/wp\/v2\/posts\/36619\/revisions\/50189"}],"wp:featuredmedia":[{"embeddable":true,"href":"https:\/\/rioonwatch.org.br\/index.php?rest_route=\/wp\/v2\/media\/36627"}],"wp:attachment":[{"href":"https:\/\/rioonwatch.org.br\/index.php?rest_route=%2Fwp%2Fv2%2Fmedia&parent=36619"}],"wp:term":[{"taxonomy":"category","embeddable":true,"href":"https:\/\/rioonwatch.org.br\/index.php?rest_route=%2Fwp%2Fv2%2Fcategories&post=36619"},{"taxonomy":"post_tag","embeddable":true,"href":"https:\/\/rioonwatch.org.br\/index.php?rest_route=%2Fwp%2Fv2%2Ftags&post=36619"},{"taxonomy":"writer","embeddable":true,"href":"https:\/\/rioonwatch.org.br\/index.php?rest_route=%2Fwp%2Fv2%2Fwriter&post=36619"},{"taxonomy":"translator","embeddable":true,"href":"https:\/\/rioonwatch.org.br\/index.php?rest_route=%2Fwp%2Fv2%2Ftranslator&post=36619"},{"taxonomy":"source","embeddable":true,"href":"https:\/\/rioonwatch.org.br\/index.php?rest_route=%2Fwp%2Fv2%2Fsource&post=36619"},{"taxonomy":"ilustrador","embeddable":true,"href":"https:\/\/rioonwatch.org.br\/index.php?rest_route=%2Fwp%2Fv2%2Filustrador&post=36619"},{"taxonomy":"fotografo","embeddable":true,"href":"https:\/\/rioonwatch.org.br\/index.php?rest_route=%2Fwp%2Fv2%2Ffotografo&post=36619"}],"curies":[{"name":"wp","href":"https:\/\/api.w.org\/{rel}","templated":true}]}}