{"id":36783,"date":"2018-10-04T14:23:29","date_gmt":"2018-10-04T17:23:29","guid":{"rendered":"http:\/\/rioonwatch.org.br\/?p=36783"},"modified":"2021-06-27T10:51:37","modified_gmt":"2021-06-27T13:51:37","slug":"favelas-marcam-presenca-na-manifestacao-elenao","status":"publish","type":"post","link":"https:\/\/rioonwatch.org.br\/?p=36783","title":{"rendered":"Favelas Marcam Presen\u00e7a na Manifesta\u00e7\u00e3o #EleN\u00e3o"},"content":{"rendered":"<p style=\"text-align: right;\"><em><strong><a href=\"http:\/\/bit.ly\/2RtlQfl\" target=\"_blank\" rel=\"noopener noreferrer\">Click Here for English<\/a><a href=\"http:\/\/bit.ly\/2RtlQfl&quot;\" target=\"_blank\" rel=\"noopener noreferrer\"><img decoding=\"async\" width=\"20\" height=\"20\" class=\"alignright wp-image-15790\" src=\"http:\/\/rioonwatch.org.br\/wp-content\/uploads\/2012\/08\/EN-standard-e1439583104716.jpg\" \/><\/a><\/strong><\/em><\/p>\n<p>O Brasil est\u00e1 entre os 30 pa\u00edses que <a href=\"http:\/\/bit.ly\/2Pa7UVM\" target=\"_blank\" rel=\"noopener\">mais possuem porte de armas de fogo<\/a> no mundo&#8211;isso s\u00f3 contando as armas legais. O Brasil, portanto, j\u00e1 \u00e9 um pa\u00eds armado. Quem \u00e9 da favela sabe disso. E sabe tamb\u00e9m que esta situa\u00e7\u00e3o n\u00e3o tem nos levado a qualquer condi\u00e7\u00e3o de paz. Segundo dados rec\u00e9m publicados da <a href=\"http:\/\/bit.ly\/2O0lQoZ\" target=\"_blank\" rel=\"noopener\">Pesquisa Global de Mortalidade por Armas de Fogo<\/a>, o Brasil \u00e9 o pa\u00eds com mais mortos por armas de fogo. Tem uma taxa de homic\u00eddio por armas de fogo maior, inclusive, que os Estados Unidos, que \u00e9 o pa\u00eds onde mais pessoas t\u00eam o porte.<\/p>\n<p>Ainda assim, na \u00faltima semana de campanha no primeiro turno, o l\u00edder das pesquisas para presidente, Jair Bolsonaro do PSL,\u00a0defende, veementemente, <a href=\"http:\/\/bit.ly\/2xWkguq\" target=\"_blank\" rel=\"noopener\">o armamento de mais pessoas<\/a>, porque segundo ele, as armas s\u00e3o a garantia da liberdade da popula\u00e7\u00e3o. Por\u00e9m, n\u00e3o \u00e9 o que a popula\u00e7\u00e3o da favela acha. Na epidemia de tiroteios, morrem policiais, bandidos e tamb\u00e9m muitos inocentes, v\u00edtimas de balas perdidas, que acham os corpos favelados.<\/p>\n<p>No \u00faltimo dia 17 de setembro, Rodrigo Alexandre da Silva Serrano, de 26 anos, foi assassinado em uma a\u00e7\u00e3o da pol\u00edcia que, segundo moradores, <a href=\"http:\/\/bit.ly\/2NlcbUI\" target=\"_blank\" rel=\"noopener\">a PM confundiu seu guarda-chuva com arma<\/a>. Rodrigo, morto no morro do\u00a0<a href=\"http:\/\/bit.ly\/2MrGlcN\" target=\"_blank\" rel=\"noopener\">Chap\u00e9u-Mangueira<\/a>, na <a href=\"http:\/\/bit.ly\/1mNsDyk\" target=\"_blank\" rel=\"noopener\">Zona Sul<\/a> do Rio de Janeiro, deixou dois filhos pequenos e sua esposa.<\/p>\n<p>Na \u00faltima segunda feira, dia 2 de outubro, Anderson, um adolescente de 17 anos, tomou tiro e morreu no\u00a0<a href=\"http:\/\/bit.ly\/U0MiGm\" target=\"_blank\" rel=\"noopener\">Complexo do Alem\u00e3o<\/a>, na <a href=\"http:\/\/bit.ly\/WximDf\" target=\"_blank\" rel=\"noopener\">Zona Norte<\/a> do Rio. Segundo testemunhas, <a href=\"https:\/\/glo.bo\/2DTTcBb\" target=\"_blank\" rel=\"noopener\">o jovem Anderson<\/a> foi confundido com um bandido dentro da pr\u00f3pria casa.<\/p>\n<p>Presente na grande <a href=\"http:\/\/bit.ly\/2OtfxKb\" target=\"_blank\" rel=\"noopener\">manifesta\u00e7\u00e3o #EleN\u00e3o<\/a>&#8211;organizada na redes sociais pelo grupo\u00a0<a href=\"http:\/\/bit.ly\/2PanLUy\" target=\"_blank\" rel=\"noopener\">Mulheres Unidas Contra Bolsonaro<\/a>&#8211;que aconteceu no <a href=\"http:\/\/bit.ly\/1qX7nZG\" target=\"_blank\" rel=\"noopener\">Centro<\/a> do Rio no dia 29 de setembro,\u00a0 Bruna Silva, moradora do Complexo da Mar\u00e9 declarou que &#8220;a pol\u00edtica dele \u00e9 justamente aquilo que quero combater: o exterm\u00ednio nas favelas&#8221;.<\/p>\n<p>O exterm\u00ednio do qual Bruna se refere \u00e9 esse que confunde qualquer corpo na favela com bandido. <a href=\"http:\/\/bit.ly\/2dKGkPl\" target=\"_blank\" rel=\"noopener\">Essa l\u00f3gica de que bandidos t\u00eam que morrer<\/a>, tamb\u00e9m alimentada pelo candidato \u00e0 presid\u00eancia do PSL, amea\u00e7a vidas inocentes. O exterm\u00ednio que ela retrata a atingiu diretamente: seu filho Marcos Vinicius, de apenas 14 anos, que foi assassinado no\u00a0<a href=\"http:\/\/bit.ly\/10BvARw\" target=\"_blank\" rel=\"noopener\">Complexo da Mar\u00e9<\/a>\u00a0quando\u00a0<a href=\"http:\/\/bit.ly\/2Mie5Fx\" target=\"_blank\" rel=\"noopener\">voltava da escola<\/a>&#8211;devido \u00e0s aulas canceladas por uma opera\u00e7\u00e3o&#8211;<a href=\"http:\/\/bit.ly\/2KvsKwM\" target=\"_blank\" rel=\"noopener\">com roupa de escola<\/a> e com material escolar, no \u00faltimo dia 20 de junho. &#8220;A favela [\u00e9 marcada pelo] <a href=\"http:\/\/bit.ly\/2d30Pnn\" target=\"_blank\" rel=\"noopener\">estigma<\/a> de que somos bandidos&#8221;, desabafa Bruna.<\/p>\n<p><a href=\"http:\/\/rioonwatch.org.br\/wp-content\/uploads\/2018\/10\/ele-nao-e1538601403425.jpg\"><img fetchpriority=\"high\" decoding=\"async\" class=\"aligncenter wp-image-36786 size-content\" title=\"Foto: Amanda Pinheiro\" src=\"http:\/\/rioonwatch.org.br\/wp-content\/uploads\/2018\/10\/ele-nao-e1538601403425-620x264.jpg\" alt=\"\" width=\"620\" height=\"264\" \/><\/a><\/p>\n<h3>#EleN\u00e3o tamb\u00e9m chega \u00e0s favelas<\/h3>\n<p>Mulheres, LGBTs, crist\u00e3os, frequentadores de terreiros, estudantes, professores, torcidas organizadas de grandes clubes, favelados e muitos outros contra Bolsonaro estiveram nas ruas de todo o pa\u00eds no dia 29 de setembro. O movimento que nasceu nas redes sociais movimentou, s\u00f3 no Rio de Janeiro, mais de 200.000 pessoas, al\u00e9m de outras manifestantes <a href=\"http:\/\/bit.ly\/2DUSa87\" target=\"_blank\" rel=\"noopener\">pelo Brasil e pelo mundo<\/a>.<\/p>\n<p>Favelados estavam entre os que se organizaram para ir \u00e0s ruas no Rio de Janeiro e, al\u00e9m disso, nas redes sociais, t\u00eam se colocado na linha de frente no combate \u00e0s declara\u00e7\u00f5es preconceituosas e estigmatizantes do l\u00edder das inten\u00e7\u00f5es de voto no primeiro turno para presidente.<\/p>\n<p>Filipe dos Anjos, Secret\u00e1rio Geral da\u00a0<a href=\"http:\/\/bit.ly\/2xZIjsm\" target=\"_blank\" rel=\"noopener\">Federa\u00e7\u00e3o das Favelas do Rio de Janeiro<\/a>\u00a0(FAFERJ), relatou: &#8220;Lan\u00e7amos um <a href=\"http:\/\/bit.ly\/2O7xXAA\" target=\"_blank\" rel=\"noopener\">evento no Facebook<\/a> pela <a href=\"http:\/\/bit.ly\/2qzIrdh\" target=\"_blank\" rel=\"noopener\">FAFERJ<\/a>,\u00a0mas sab\u00edamos que o protagonismo seria das mulheres, mas n\u00f3s favelados estivemos l\u00e1&#8221;. De acordo com Filipe, &#8220;O problema do Bolsonaro \u00e9 a ascens\u00e3o do fascismo. Estamos em um per\u00edodo de crise na seguran\u00e7a p\u00fablica e na economia, alto desemprego e a hist\u00f3ria diz, para a gente, que \u00e9 nesse per\u00edodo que o fascismo ressurge, cada vez mais forte na sociedade. A figura do Bolsonaro aflorou todo tipo de preconceito na sociedade&#8221;.<\/p>\n<p>Em rela\u00e7\u00e3o as favelas Filipe alerta: &#8220;O perigo do Bolsonaro para as favelas, \u00e9 que uma parcela da sociedade, como a burguesia, v\u00ea a favela como inimiga, trata a favela como territ\u00f3rio do conflito e do atraso. A sociedade elege a favela como o lugar dos principais problemas que t\u00eam que ser combatidos atrav\u00e9s da arma, da for\u00e7a. A gente sabe que a <a href=\"http:\/\/bit.ly\/1uRzOcM\" target=\"_blank\" rel=\"noopener\">favela \u00e9 a solu\u00e7\u00e3o<\/a>, somos um ter\u00e7o do Rio, e a maior parte [dos moradores] \u00e9 trabalhador. O perigo do Bolsonaro \u00e9 o afloramento ainda maior contra os moradores de favela&#8221;.<\/p>\n<p>Segundo <em>O Globo<\/em>, em fevereiro deste ano, Jair Bolsonaro disse, em uma confer\u00eancia de um grupo de banqueiros, que <a href=\"https:\/\/glo.bo\/2QPWLLo\" target=\"_blank\" rel=\"noopener\">mandaria metralhar a Rocinha<\/a> se os bandidos n\u00e3o se entregassem. &#8220;\u00c9 uma fala muito preconceituosa como s\u00f3 tivesse bandidos na favela, enquanto na verdade, l\u00e1 em Bras\u00edlia, tem muitos ao lado dele. O pessoal da favela \u00e9 trabalhador&#8221;, declarou o manifestante\u00a0<a href=\"http:\/\/bit.ly\/2l07NfM\" target=\"_blank\" rel=\"noopener\">Cosme Felippsen<\/a>, morador do <a href=\"http:\/\/bit.ly\/2OFYRwb\" target=\"_blank\" rel=\"noopener\">Morro da Provid\u00eancia<\/a>, guia tur\u00edstico idealizador do <a href=\"http:\/\/bit.ly\/2KQBg96\" target=\"_blank\" rel=\"noopener\">Rol\u00e9 dos Favelados<\/a>.<\/p>\n<p><a href=\"http:\/\/rioonwatch.org.br\/wp-content\/uploads\/2018\/10\/IMG_8865.jpg\"><img decoding=\"async\" class=\"aligncenter wp-image-36787 size-content\" title=\"Foto: Rithyele Dantas\" src=\"http:\/\/rioonwatch.org.br\/wp-content\/uploads\/2018\/10\/IMG_8865-620x264.jpg\" alt=\"\" width=\"620\" height=\"264\" srcset=\"https:\/\/rioonwatch.org.br\/wp-content\/uploads\/2018\/10\/IMG_8865-620x264.jpg 620w, https:\/\/rioonwatch.org.br\/wp-content\/uploads\/2018\/10\/IMG_8865-940x400.jpg 940w\" sizes=\"(max-width: 620px) 100vw, 620px\" \/><\/a><\/p>\n<h3>As ruas do Rio s\u00e3o tomadas<\/h3>\n<p>O ato do \u00faltimo fim de semana foi muito potente, gigante. Manifestantes caminharam da <a href=\"http:\/\/bit.ly\/2LhzLWp\" target=\"_blank\" rel=\"noopener\">Cinel\u00e2ndia<\/a> \u00e0 Pra\u00e7a XV, chegando l\u00e1 havia um palco com muitas falas, inclusive de <a href=\"http:\/\/bit.ly\/1USvsNF\" target=\"_blank\" rel=\"noopener\">m\u00e3es que se organizam em coletivos de luta<\/a> contra a viol\u00eancia e pelos direitos humanos.<\/p>\n<p>&#8220;N\u00e3o acabou, tem que acabar, eu quero o fim da Pol\u00edcia Militar&#8221; gritavam mulheres que seguravam faixas com rostos de v\u00edtimas da viol\u00eancia do Estado, <a href=\"http:\/\/bit.ly\/1HShVBX\" target=\"_blank\" rel=\"noopener\">majoritariamente jovens negros<\/a>. Em uma cena absolutamente impactante, Bruna Silva segurava a ic\u00f4nica blusa ensanguentada de seu filho Marcos Vinicius.<\/p>\n<p>&#8220;N\u00f3s estamos aqui, parece num n\u00famero pequeno, mas tristemente somos um n\u00famero muito grande e somos verdadeiramente o que estamos gritando hoje. Ele n\u00e3o! Ele nunca! Ele jamais! N\u00e3o queremos perder mais ningu\u00e9m! Chega do povo negro estar sendo a\u00e7oitado e assassinado. Chega! N\u00e3o queremos mais. Somos os familiares que esse Estado a\u00e7oita e mata. Vidas negras importam!&#8221; falou ao microfone a manifestante <a href=\"http:\/\/bit.ly\/1USvsNF\" target=\"_blank\" rel=\"noopener\">M\u00f4nica Cunha<\/a>, do <a href=\"http:\/\/on.fb.me\/1LbJlEx\" target=\"_blank\" rel=\"noopener\">Movimento Moleque<\/a>\u00a0e m\u00e3e de v\u00edtima de viol\u00eancia de Estado.<\/p>\n<p><a href=\"http:\/\/rioonwatch.org.br\/wp-content\/uploads\/2018\/10\/IMG_8903.jpg\"><img loading=\"lazy\" decoding=\"async\" class=\"aligncenter wp-image-36785 size-content\" title=\"Foto: Rithyele Dantas\" src=\"http:\/\/rioonwatch.org.br\/wp-content\/uploads\/2018\/10\/IMG_8903-620x264.jpg\" alt=\"\" width=\"620\" height=\"264\" srcset=\"https:\/\/rioonwatch.org.br\/wp-content\/uploads\/2018\/10\/IMG_8903-620x264.jpg 620w, https:\/\/rioonwatch.org.br\/wp-content\/uploads\/2018\/10\/IMG_8903-940x400.jpg 940w\" sizes=\"(max-width: 620px) 100vw, 620px\" \/><\/a><\/p>\n<h3>Brasil e Deus<\/h3>\n<p>Cosme Filippsen \u00e9 crist\u00e3o e avalia negativamente o que Bolsonaro fala sobre religi\u00e3o.\u00a0&#8220;Ao ver do crist\u00e3o genu\u00edno, Bolsonaro n\u00e3o \u00e9 crist\u00e3o&#8230; Muita gente se diz crist\u00e3 quando est\u00e1 com microfone na m\u00e3o, na m\u00eddia, com as c\u00e2meras em cima, mas est\u00e3o nesse lugar com maldade, est\u00e3o pregando um contra-cristianismo. Jesus Cristo n\u00e3o veio pregar 1% do que esse pessoal fala&#8221;, diz ele.<\/p>\n<p>Cosme tamb\u00e9m fala sobre favelados que apoiam Bolsonaro, suas expectativas sobre as elei\u00e7\u00f5es e seu posicionamento.\u00a0&#8220;\u00c9 triste quando a gente v\u00ea favelado cada vez mais desanimado e desacreditado. Eu tenho uma amiga, mulher negra, mora na favela, mas que apoia Bolsonaro porque diz que \u00e9 o \u00fanico que pode combater as corrup\u00e7\u00f5es. Eu ainda tenho alguma esperan\u00e7a nas elei\u00e7\u00f5es, n\u00e3o muitas, mas ainda acho que n\u00f3s precisamos nos organizar para al\u00e9m disso. N\u00e3o me assusta a fala dos maus, mas o sil\u00eancio dos bons. Os favelados que n\u00e3o v\u00e3o votar nele precisam se posicionar&#8221;, finaliza Cosme.<\/p>\n<p><em>Rithyele Dantas, cria do <a href=\"http:\/\/bit.ly\/2DUJgaP\" target=\"_blank\" rel=\"noopener\">Morro da Cruz<\/a> no\u00a0<a href=\"http:\/\/bit.ly\/1OR5oLA\" target=\"_blank\" rel=\"noopener\">Andara\u00ed<\/a>, \u00e9 estudante de jornalismo. Rithyele \u00e9 fotojornalista, e j\u00e1 atuou como educadora popular, assessora parlamentar no Rio e \u00e9 fundadora do blog\u00a0<a href=\"http:\/\/bit.ly\/2v8Uykb\" target=\"_blank\" rel=\"noopener\">Jornalistas Pretas,<\/a>\u00a0um trabalho que acredita ser importante para a garantia dos direitos humanos.<\/em><\/p>\n<!-- AddThis Advanced Settings generic via filter on the_content --><!-- AddThis Share Buttons generic via filter on the_content -->","protected":false},"excerpt":{"rendered":"<div class=\"mh-excerpt\"><p>Click Here for English O Brasil est\u00e1 entre os 30 pa\u00edses que mais possuem porte de armas de fogo no mundo&#8211;isso s\u00f3 contando as armas legais. O Brasil, portanto, j\u00e1 \u00e9 um pa\u00eds armado. Quem <a class=\"mh-excerpt-more\" href=\"https:\/\/rioonwatch.org.br\/?p=36783\" title=\"Favelas Marcam Presen\u00e7a na Manifesta\u00e7\u00e3o #EleN\u00e3o\">[&#8230;]<\/a><!-- AddThis Advanced Settings generic via filter on get_the_excerpt --><!-- AddThis Share Buttons generic via filter on get_the_excerpt --><\/p>\n<\/div>","protected":false},"author":152,"featured_media":36784,"comment_status":"closed","ping_status":"closed","sticky":false,"template":"","format":"standard","meta":{"_acf_changed":false,"_monsterinsights_skip_tracking":false,"_monsterinsights_sitenote_active":false,"_monsterinsights_sitenote_note":"","_monsterinsights_sitenote_category":0,"footnotes":""},"categories":[1618,1621,1627,1625,1612],"tags":[1439,1259,259,630,405,759,332,217,1239,479,457,42,2269,2529,257,3061,2531,763,283,432,16,2349,30,920,52],"writer":[2430],"translator":[],"source":[],"ilustrador":[],"fotografo":[],"class_list":{"0":"post-36783","1":"post","2":"type-post","3":"status-publish","4":"format-standard","5":"has-post-thumbnail","7":"category-olhonaparticipacao","8":"category-destaque","9":"category-relato-de-evento","10":"category-por-correspondentes-comunitarios","11":"category-sociedade-civil","12":"tag-andarai","13":"tag-assassinato","14":"tag-centro","15":"tag-chapeu-mangueira","16":"tag-cinelandia","17":"tag-comparacao-internacional","18":"tag-complexo-da-mare","19":"tag-complexo-do-alemao","20":"tag-criminalizacao-da-pobreza","21":"tag-democracia","22":"tag-eleicoes","23":"tag-genero","24":"tag-jair-bolsonaro","25":"tag-morro-da-cruz","26":"tag-providencia","27":"tag-movimento-moleque","28":"tag-psl","29":"tag-protesto","30":"tag-rede-contra-violencia","31":"tag-resistencia","32":"tag-rocinha","33":"tag-role-dos-favelados","34":"tag-violencia","35":"tag-violencia-de-estado","36":"tag-violencia-policial","37":"writer-rithyele-dantas"},"acf":[],"yoast_head":"<!-- This site is optimized with the Yoast SEO plugin v25.6 - https:\/\/yoast.com\/wordpress\/plugins\/seo\/ -->\n<title>Favelas Marcam Presen\u00e7a na Manifesta\u00e7\u00e3o #EleN\u00e3o - RioOnWatch<\/title>\n<meta name=\"robots\" content=\"index, follow, max-snippet:-1, max-image-preview:large, max-video-preview:-1\" \/>\n<link rel=\"canonical\" href=\"https:\/\/rioonwatch.org.br\/?p=36783\" \/>\n<meta property=\"og:locale\" content=\"pt_BR\" \/>\n<meta property=\"og:type\" content=\"article\" \/>\n<meta property=\"og:title\" content=\"Favelas Marcam Presen\u00e7a na Manifesta\u00e7\u00e3o #EleN\u00e3o - RioOnWatch\" \/>\n<meta property=\"og:description\" content=\"Click Here for English O Brasil est\u00e1 entre os 30 pa\u00edses que mais possuem porte de armas de fogo no mundo&#8211;isso s\u00f3 contando as armas legais. O Brasil, portanto, j\u00e1 \u00e9 um pa\u00eds armado. Quem [...]\" \/>\n<meta property=\"og:url\" content=\"https:\/\/rioonwatch.org.br\/?p=36783\" \/>\n<meta property=\"og:site_name\" content=\"RioOnWatch\" \/>\n<meta property=\"article:published_time\" content=\"2018-10-04T17:23:29+00:00\" \/>\n<meta property=\"article:modified_time\" content=\"2021-06-27T13:51:37+00:00\" \/>\n<meta property=\"og:image\" content=\"https:\/\/rioonwatch.org.br\/wp-content\/uploads\/2018\/10\/bruna-silva-e1538603662341.jpg\" \/>\n\t<meta property=\"og:image:width\" content=\"657\" \/>\n\t<meta property=\"og:image:height\" content=\"280\" \/>\n\t<meta property=\"og:image:type\" content=\"image\/jpeg\" \/>\n<meta name=\"author\" content=\"Luisa Fenizola\" \/>\n<meta name=\"twitter:card\" content=\"summary_large_image\" \/>\n<meta name=\"twitter:label1\" content=\"Escrito por\" \/>\n\t<meta name=\"twitter:data1\" content=\"Luisa Fenizola\" \/>\n\t<meta name=\"twitter:label2\" content=\"Est. tempo de leitura\" \/>\n\t<meta name=\"twitter:data2\" content=\"6 minutos\" \/>\n<script type=\"application\/ld+json\" class=\"yoast-schema-graph\">{\"@context\":\"https:\/\/schema.org\",\"@graph\":[{\"@type\":\"Article\",\"@id\":\"https:\/\/rioonwatch.org.br\/?p=36783#article\",\"isPartOf\":{\"@id\":\"https:\/\/rioonwatch.org.br\/?p=36783\"},\"author\":{\"name\":\"Luisa Fenizola\",\"@id\":\"https:\/\/rioonwatch.org.br\/#\/schema\/person\/f443c6b55bb6e80842280318076491c5\"},\"headline\":\"Favelas Marcam Presen\u00e7a na Manifesta\u00e7\u00e3o #EleN\u00e3o\",\"datePublished\":\"2018-10-04T17:23:29+00:00\",\"dateModified\":\"2021-06-27T13:51:37+00:00\",\"mainEntityOfPage\":{\"@id\":\"https:\/\/rioonwatch.org.br\/?p=36783\"},\"wordCount\":1243,\"publisher\":{\"@id\":\"https:\/\/rioonwatch.org.br\/#organization\"},\"image\":{\"@id\":\"https:\/\/rioonwatch.org.br\/?p=36783#primaryimage\"},\"thumbnailUrl\":\"https:\/\/rioonwatch.org.br\/wp-content\/uploads\/2018\/10\/bruna-silva-e1538603662341.jpg\",\"keywords\":[\"Andara\u00ed\",\"assassinato\",\"Centro\",\"Chap\u00e9u Mangueira\",\"Cinel\u00e2ndia\",\"compara\u00e7\u00e3o internacional\",\"Complexo da Mar\u00e9\",\"Complexo do Alem\u00e3o\",\"criminaliza\u00e7\u00e3o da pobreza\",\"Democracia\",\"Elei\u00e7\u00f5es\",\"g\u00eanero\",\"Jair Bolsonaro\",\"Morro da Cruz\",\"Morro da Provid\u00eancia\",\"Movimento Moleque\",\"Partido Social Liberal (PSL)\",\"protesto\",\"Rede Contra Viol\u00eancia\",\"resist\u00eancia\",\"Rocinha\",\"Rol\u00e9 dos Favelados\",\"viol\u00eancia\",\"viol\u00eancia de Estado\",\"viol\u00eancia policial\"],\"articleSection\":[\"#OlhoNaParticipa\u00e7\u00e3o\",\"*Destaque\",\"Cobertura de Eventos\",\"Escrito por Comunicadores Populares\",\"Sociedade Civil\"],\"inLanguage\":\"pt-BR\"},{\"@type\":\"WebPage\",\"@id\":\"https:\/\/rioonwatch.org.br\/?p=36783\",\"url\":\"https:\/\/rioonwatch.org.br\/?p=36783\",\"name\":\"Favelas Marcam Presen\u00e7a na Manifesta\u00e7\u00e3o #EleN\u00e3o - RioOnWatch\",\"isPartOf\":{\"@id\":\"https:\/\/rioonwatch.org.br\/#website\"},\"primaryImageOfPage\":{\"@id\":\"https:\/\/rioonwatch.org.br\/?p=36783#primaryimage\"},\"image\":{\"@id\":\"https:\/\/rioonwatch.org.br\/?p=36783#primaryimage\"},\"thumbnailUrl\":\"https:\/\/rioonwatch.org.br\/wp-content\/uploads\/2018\/10\/bruna-silva-e1538603662341.jpg\",\"datePublished\":\"2018-10-04T17:23:29+00:00\",\"dateModified\":\"2021-06-27T13:51:37+00:00\",\"breadcrumb\":{\"@id\":\"https:\/\/rioonwatch.org.br\/?p=36783#breadcrumb\"},\"inLanguage\":\"pt-BR\",\"potentialAction\":[{\"@type\":\"ReadAction\",\"target\":[\"https:\/\/rioonwatch.org.br\/?p=36783\"]}]},{\"@type\":\"ImageObject\",\"inLanguage\":\"pt-BR\",\"@id\":\"https:\/\/rioonwatch.org.br\/?p=36783#primaryimage\",\"url\":\"https:\/\/rioonwatch.org.br\/wp-content\/uploads\/2018\/10\/bruna-silva-e1538603662341.jpg\",\"contentUrl\":\"https:\/\/rioonwatch.org.br\/wp-content\/uploads\/2018\/10\/bruna-silva-e1538603662341.jpg\",\"width\":657,\"height\":280},{\"@type\":\"BreadcrumbList\",\"@id\":\"https:\/\/rioonwatch.org.br\/?p=36783#breadcrumb\",\"itemListElement\":[{\"@type\":\"ListItem\",\"position\":1,\"name\":\"In\u00edcio\",\"item\":\"https:\/\/rioonwatch.org.br\/\"},{\"@type\":\"ListItem\",\"position\":2,\"name\":\"Favelas Marcam Presen\u00e7a na Manifesta\u00e7\u00e3o #EleN\u00e3o\"}]},{\"@type\":\"WebSite\",\"@id\":\"https:\/\/rioonwatch.org.br\/#website\",\"url\":\"https:\/\/rioonwatch.org.br\/\",\"name\":\"RioOnWatch\",\"description\":\"relatos das favelas cariocas\",\"publisher\":{\"@id\":\"https:\/\/rioonwatch.org.br\/#organization\"},\"potentialAction\":[{\"@type\":\"SearchAction\",\"target\":{\"@type\":\"EntryPoint\",\"urlTemplate\":\"https:\/\/rioonwatch.org.br\/?s={search_term_string}\"},\"query-input\":{\"@type\":\"PropertyValueSpecification\",\"valueRequired\":true,\"valueName\":\"search_term_string\"}}],\"inLanguage\":\"pt-BR\"},{\"@type\":\"Organization\",\"@id\":\"https:\/\/rioonwatch.org.br\/#organization\",\"name\":\"RioOnWatch\",\"url\":\"https:\/\/rioonwatch.org.br\/\",\"logo\":{\"@type\":\"ImageObject\",\"inLanguage\":\"pt-BR\",\"@id\":\"https:\/\/rioonwatch.org.br\/#\/schema\/logo\/image\/\",\"url\":\"https:\/\/rioonwatch.org.br\/wp-content\/uploads\/2021\/06\/RioOnWatchcabecalhoPT11anos-2.png\",\"contentUrl\":\"https:\/\/rioonwatch.org.br\/wp-content\/uploads\/2021\/06\/RioOnWatchcabecalhoPT11anos-2.png\",\"width\":779,\"height\":277,\"caption\":\"RioOnWatch\"},\"image\":{\"@id\":\"https:\/\/rioonwatch.org.br\/#\/schema\/logo\/image\/\"}},{\"@type\":\"Person\",\"@id\":\"https:\/\/rioonwatch.org.br\/#\/schema\/person\/f443c6b55bb6e80842280318076491c5\",\"name\":\"Luisa Fenizola\",\"image\":{\"@type\":\"ImageObject\",\"inLanguage\":\"pt-BR\",\"@id\":\"https:\/\/rioonwatch.org.br\/#\/schema\/person\/image\/\",\"url\":\"https:\/\/secure.gravatar.com\/avatar\/a3d551110162b9f876cbbdaaecf75663?s=96&d=blank&r=g\",\"contentUrl\":\"https:\/\/secure.gravatar.com\/avatar\/a3d551110162b9f876cbbdaaecf75663?s=96&d=blank&r=g\",\"caption\":\"Luisa Fenizola\"},\"url\":\"https:\/\/rioonwatch.org.br\/?author=152\"}]}<\/script>\n<!-- \/ Yoast SEO plugin. -->","yoast_head_json":{"title":"Favelas Marcam Presen\u00e7a na Manifesta\u00e7\u00e3o #EleN\u00e3o - RioOnWatch","robots":{"index":"index","follow":"follow","max-snippet":"max-snippet:-1","max-image-preview":"max-image-preview:large","max-video-preview":"max-video-preview:-1"},"canonical":"https:\/\/rioonwatch.org.br\/?p=36783","og_locale":"pt_BR","og_type":"article","og_title":"Favelas Marcam Presen\u00e7a na Manifesta\u00e7\u00e3o #EleN\u00e3o - RioOnWatch","og_description":"Click Here for English O Brasil est\u00e1 entre os 30 pa\u00edses que mais possuem porte de armas de fogo no mundo&#8211;isso s\u00f3 contando as armas legais. O Brasil, portanto, j\u00e1 \u00e9 um pa\u00eds armado. Quem [...]","og_url":"https:\/\/rioonwatch.org.br\/?p=36783","og_site_name":"RioOnWatch","article_published_time":"2018-10-04T17:23:29+00:00","article_modified_time":"2021-06-27T13:51:37+00:00","og_image":[{"width":657,"height":280,"url":"https:\/\/rioonwatch.org.br\/wp-content\/uploads\/2018\/10\/bruna-silva-e1538603662341.jpg","type":"image\/jpeg"}],"author":"Luisa Fenizola","twitter_card":"summary_large_image","twitter_misc":{"Escrito por":"Luisa Fenizola","Est. tempo de leitura":"6 minutos"},"schema":{"@context":"https:\/\/schema.org","@graph":[{"@type":"Article","@id":"https:\/\/rioonwatch.org.br\/?p=36783#article","isPartOf":{"@id":"https:\/\/rioonwatch.org.br\/?p=36783"},"author":{"name":"Luisa Fenizola","@id":"https:\/\/rioonwatch.org.br\/#\/schema\/person\/f443c6b55bb6e80842280318076491c5"},"headline":"Favelas Marcam Presen\u00e7a na Manifesta\u00e7\u00e3o #EleN\u00e3o","datePublished":"2018-10-04T17:23:29+00:00","dateModified":"2021-06-27T13:51:37+00:00","mainEntityOfPage":{"@id":"https:\/\/rioonwatch.org.br\/?p=36783"},"wordCount":1243,"publisher":{"@id":"https:\/\/rioonwatch.org.br\/#organization"},"image":{"@id":"https:\/\/rioonwatch.org.br\/?p=36783#primaryimage"},"thumbnailUrl":"https:\/\/rioonwatch.org.br\/wp-content\/uploads\/2018\/10\/bruna-silva-e1538603662341.jpg","keywords":["Andara\u00ed","assassinato","Centro","Chap\u00e9u Mangueira","Cinel\u00e2ndia","compara\u00e7\u00e3o internacional","Complexo da Mar\u00e9","Complexo do Alem\u00e3o","criminaliza\u00e7\u00e3o da pobreza","Democracia","Elei\u00e7\u00f5es","g\u00eanero","Jair Bolsonaro","Morro da Cruz","Morro da Provid\u00eancia","Movimento Moleque","Partido Social Liberal (PSL)","protesto","Rede Contra Viol\u00eancia","resist\u00eancia","Rocinha","Rol\u00e9 dos Favelados","viol\u00eancia","viol\u00eancia de Estado","viol\u00eancia policial"],"articleSection":["#OlhoNaParticipa\u00e7\u00e3o","*Destaque","Cobertura de Eventos","Escrito por Comunicadores Populares","Sociedade Civil"],"inLanguage":"pt-BR"},{"@type":"WebPage","@id":"https:\/\/rioonwatch.org.br\/?p=36783","url":"https:\/\/rioonwatch.org.br\/?p=36783","name":"Favelas Marcam Presen\u00e7a na Manifesta\u00e7\u00e3o #EleN\u00e3o - RioOnWatch","isPartOf":{"@id":"https:\/\/rioonwatch.org.br\/#website"},"primaryImageOfPage":{"@id":"https:\/\/rioonwatch.org.br\/?p=36783#primaryimage"},"image":{"@id":"https:\/\/rioonwatch.org.br\/?p=36783#primaryimage"},"thumbnailUrl":"https:\/\/rioonwatch.org.br\/wp-content\/uploads\/2018\/10\/bruna-silva-e1538603662341.jpg","datePublished":"2018-10-04T17:23:29+00:00","dateModified":"2021-06-27T13:51:37+00:00","breadcrumb":{"@id":"https:\/\/rioonwatch.org.br\/?p=36783#breadcrumb"},"inLanguage":"pt-BR","potentialAction":[{"@type":"ReadAction","target":["https:\/\/rioonwatch.org.br\/?p=36783"]}]},{"@type":"ImageObject","inLanguage":"pt-BR","@id":"https:\/\/rioonwatch.org.br\/?p=36783#primaryimage","url":"https:\/\/rioonwatch.org.br\/wp-content\/uploads\/2018\/10\/bruna-silva-e1538603662341.jpg","contentUrl":"https:\/\/rioonwatch.org.br\/wp-content\/uploads\/2018\/10\/bruna-silva-e1538603662341.jpg","width":657,"height":280},{"@type":"BreadcrumbList","@id":"https:\/\/rioonwatch.org.br\/?p=36783#breadcrumb","itemListElement":[{"@type":"ListItem","position":1,"name":"In\u00edcio","item":"https:\/\/rioonwatch.org.br\/"},{"@type":"ListItem","position":2,"name":"Favelas Marcam Presen\u00e7a na Manifesta\u00e7\u00e3o #EleN\u00e3o"}]},{"@type":"WebSite","@id":"https:\/\/rioonwatch.org.br\/#website","url":"https:\/\/rioonwatch.org.br\/","name":"RioOnWatch","description":"relatos das favelas cariocas","publisher":{"@id":"https:\/\/rioonwatch.org.br\/#organization"},"potentialAction":[{"@type":"SearchAction","target":{"@type":"EntryPoint","urlTemplate":"https:\/\/rioonwatch.org.br\/?s={search_term_string}"},"query-input":{"@type":"PropertyValueSpecification","valueRequired":true,"valueName":"search_term_string"}}],"inLanguage":"pt-BR"},{"@type":"Organization","@id":"https:\/\/rioonwatch.org.br\/#organization","name":"RioOnWatch","url":"https:\/\/rioonwatch.org.br\/","logo":{"@type":"ImageObject","inLanguage":"pt-BR","@id":"https:\/\/rioonwatch.org.br\/#\/schema\/logo\/image\/","url":"https:\/\/rioonwatch.org.br\/wp-content\/uploads\/2021\/06\/RioOnWatchcabecalhoPT11anos-2.png","contentUrl":"https:\/\/rioonwatch.org.br\/wp-content\/uploads\/2021\/06\/RioOnWatchcabecalhoPT11anos-2.png","width":779,"height":277,"caption":"RioOnWatch"},"image":{"@id":"https:\/\/rioonwatch.org.br\/#\/schema\/logo\/image\/"}},{"@type":"Person","@id":"https:\/\/rioonwatch.org.br\/#\/schema\/person\/f443c6b55bb6e80842280318076491c5","name":"Luisa Fenizola","image":{"@type":"ImageObject","inLanguage":"pt-BR","@id":"https:\/\/rioonwatch.org.br\/#\/schema\/person\/image\/","url":"https:\/\/secure.gravatar.com\/avatar\/a3d551110162b9f876cbbdaaecf75663?s=96&d=blank&r=g","contentUrl":"https:\/\/secure.gravatar.com\/avatar\/a3d551110162b9f876cbbdaaecf75663?s=96&d=blank&r=g","caption":"Luisa Fenizola"},"url":"https:\/\/rioonwatch.org.br\/?author=152"}]}},"_links":{"self":[{"href":"https:\/\/rioonwatch.org.br\/index.php?rest_route=\/wp\/v2\/posts\/36783"}],"collection":[{"href":"https:\/\/rioonwatch.org.br\/index.php?rest_route=\/wp\/v2\/posts"}],"about":[{"href":"https:\/\/rioonwatch.org.br\/index.php?rest_route=\/wp\/v2\/types\/post"}],"author":[{"embeddable":true,"href":"https:\/\/rioonwatch.org.br\/index.php?rest_route=\/wp\/v2\/users\/152"}],"replies":[{"embeddable":true,"href":"https:\/\/rioonwatch.org.br\/index.php?rest_route=%2Fwp%2Fv2%2Fcomments&post=36783"}],"version-history":[{"count":33,"href":"https:\/\/rioonwatch.org.br\/index.php?rest_route=\/wp\/v2\/posts\/36783\/revisions"}],"predecessor-version":[{"id":39112,"href":"https:\/\/rioonwatch.org.br\/index.php?rest_route=\/wp\/v2\/posts\/36783\/revisions\/39112"}],"wp:featuredmedia":[{"embeddable":true,"href":"https:\/\/rioonwatch.org.br\/index.php?rest_route=\/wp\/v2\/media\/36784"}],"wp:attachment":[{"href":"https:\/\/rioonwatch.org.br\/index.php?rest_route=%2Fwp%2Fv2%2Fmedia&parent=36783"}],"wp:term":[{"taxonomy":"category","embeddable":true,"href":"https:\/\/rioonwatch.org.br\/index.php?rest_route=%2Fwp%2Fv2%2Fcategories&post=36783"},{"taxonomy":"post_tag","embeddable":true,"href":"https:\/\/rioonwatch.org.br\/index.php?rest_route=%2Fwp%2Fv2%2Ftags&post=36783"},{"taxonomy":"writer","embeddable":true,"href":"https:\/\/rioonwatch.org.br\/index.php?rest_route=%2Fwp%2Fv2%2Fwriter&post=36783"},{"taxonomy":"translator","embeddable":true,"href":"https:\/\/rioonwatch.org.br\/index.php?rest_route=%2Fwp%2Fv2%2Ftranslator&post=36783"},{"taxonomy":"source","embeddable":true,"href":"https:\/\/rioonwatch.org.br\/index.php?rest_route=%2Fwp%2Fv2%2Fsource&post=36783"},{"taxonomy":"ilustrador","embeddable":true,"href":"https:\/\/rioonwatch.org.br\/index.php?rest_route=%2Fwp%2Fv2%2Filustrador&post=36783"},{"taxonomy":"fotografo","embeddable":true,"href":"https:\/\/rioonwatch.org.br\/index.php?rest_route=%2Fwp%2Fv2%2Ffotografo&post=36783"}],"curies":[{"name":"wp","href":"https:\/\/api.w.org\/{rel}","templated":true}]}}