{"id":36936,"date":"2018-10-11T16:36:03","date_gmt":"2018-10-11T19:36:03","guid":{"rendered":"http:\/\/rioonwatch.org.br\/?p=36936"},"modified":"2018-10-20T00:07:35","modified_gmt":"2018-10-20T03:07:35","slug":"semana-do-agente-comunitario-de-saude-em-manguinhos-potencia-e-movimento","status":"publish","type":"post","link":"https:\/\/rioonwatch.org.br\/?p=36936","title":{"rendered":"Semana do Agente Comunit\u00e1rio de Sa\u00fade em Manguinhos: Pot\u00eancia e Movimento"},"content":{"rendered":"<p style=\"text-align: right;\"><em><strong><a href=\"http:\/\/bit.ly\/2S04MxA\" target=\"_blank\" rel=\"noopener noreferrer\">Click Here for English<img decoding=\"async\" width=\"20\" height=\"20\" class=\"alignright wp-image-15790\" src=\"http:\/\/rioonwatch.org.br\/wp-content\/uploads\/2012\/08\/EN-standard-e1439583104716.jpg\" \/><\/a><\/strong><\/em><\/p>\n<p><span style=\"font-weight: 400;\">De 1 a 5 de outubro de 2018 foi realizada a <a href=\"http:\/\/bit.ly\/2A2rAG8\" target=\"_blank\" rel=\"noopener\">Semana do Agente Comunit\u00e1rio de Sa\u00fade<\/a> (ACS), organizada pelos pr\u00f3prios agentes, em conjunto com a <a href=\"http:\/\/bit.ly\/2OldLeD\" target=\"_blank\" rel=\"noopener\">Comiss\u00e3o dos Agentes Comunit\u00e1rios de Sa\u00fade &#8211; Manguinhos RJ<\/a>\u00a0(COMACS Manguinhos-RJ). O <a href=\"http:\/\/bit.ly\/2A2rAG8\" target=\"_blank\" rel=\"noopener\">tema do evento<\/a> deste ano foi \u201cA semana do ACS \u00e9 importante s\u00f3 para o ACS?\u201d<\/span><\/p>\n<p>Os ACS s\u00e3o moradores das comunidades onde trabalham, e t\u00eam papel fundamental no funcionamento do programa federal\u00a0<a href=\"http:\/\/bit.ly\/2INEwlV\" target=\"_blank\" rel=\"noopener\">Estrat\u00e9gia de Sa\u00fade da Fam\u00edlia<\/a> (ESF) e nas <a href=\"http:\/\/bit.ly\/2pNpVOQ\" target=\"_blank\" rel=\"noopener\">Unidades B\u00e1sicas de Sa\u00fade<\/a> (UBS), compondo a equipe de refer\u00eancia da aten\u00e7\u00e3o prim\u00e1ria \u00e0 sa\u00fade. De acordo com as diretrizes da\u00a0<a href=\"http:\/\/bit.ly\/2OfZVtX\" target=\"_blank\" rel=\"noopener\">Pol\u00edtica Nacional de Aten\u00e7\u00e3o B\u00e1sica<\/a> (PNAB), os ACS s\u00e3o respons\u00e1veis por acompanhar, no m\u00e1ximo, 750 pessoas em sua \u00e1rea de atua\u00e7\u00e3o, fazendo visitas domiciliares peri\u00f3dicas, participando da constru\u00e7\u00e3o de projetos terap\u00eauticos, registrando dados de agravos em sa\u00fade, realizando atividades de diagn\u00f3stico demogr\u00e1fico, social, cultural e epidemiol\u00f3gico do territ\u00f3rio e da comunidade, desenvolvendo a\u00e7\u00f5es de integra\u00e7\u00e3o entre equipe de sa\u00fade e popula\u00e7\u00e3o adscrita \u00e0 UBS, dentre outras atribui\u00e7\u00f5es.<\/p>\n<p><a href=\"http:\/\/rioonwatch.org.br\/wp-content\/uploads\/2018\/10\/Evento-Agente-de-sa\u00fade-Manguinhos.jpeg\"><img fetchpriority=\"high\" decoding=\"async\" class=\"aligncenter size-content wp-image-36948\" src=\"http:\/\/rioonwatch.org.br\/wp-content\/uploads\/2018\/10\/Evento-Agente-de-sa\u00fade-Manguinhos-620x264.jpeg\" alt=\"\" width=\"620\" height=\"264\" srcset=\"https:\/\/rioonwatch.org.br\/wp-content\/uploads\/2018\/10\/Evento-Agente-de-sa\u00fade-Manguinhos-620x264.jpeg 620w, https:\/\/rioonwatch.org.br\/wp-content\/uploads\/2018\/10\/Evento-Agente-de-sa\u00fade-Manguinhos-940x400.jpeg 940w\" sizes=\"(max-width: 620px) 100vw, 620px\" \/><\/a><\/p>\n<p><span style=\"font-weight: 400;\">Os semin\u00e1rios e debates do evento\u00a0<a href=\"http:\/\/bit.ly\/2ILCR08\" target=\"_blank\" rel=\"noopener\">Semana do Agente Comunit\u00e1rio de Sa\u00fade<\/a> aconteceram na <a href=\"http:\/\/bit.ly\/2pNtS69\" target=\"_blank\" rel=\"noopener\">Escola Polit\u00e9cnica de Sa\u00fade Joaquim Ven\u00e2ncio<\/a> (EPSJV\/<a href=\"http:\/\/bit.ly\/2vIXZML\" target=\"_blank\" rel=\"noopener\">Fiocruz<\/a>). J\u00e1 as a\u00e7\u00f5es de promo\u00e7\u00e3o e preven\u00e7\u00e3o \u00e0 sa\u00fade no territ\u00f3rio tiveram lugar no Campo da Varginha, em <a href=\"http:\/\/bit.ly\/ZC9b6z\" target=\"_blank\" rel=\"noopener\">Manguinhos<\/a> na\u00a0<a href=\"http:\/\/bit.ly\/WximDf\" target=\"_blank\" rel=\"noopener\">Zona Norte<\/a>, e a campanha de doa\u00e7\u00e3o de sangue aconteceu no <a href=\"http:\/\/bit.ly\/2INGhQ3\" target=\"_blank\" rel=\"noopener\">Centro de Sa\u00fade Escola Germano Sinval Faria<\/a> (CSEGSF). <\/span><\/p>\n<p><span style=\"font-weight: 400;\">Os debates discutiram temas como os 30 anos do <a href=\"http:\/\/bit.ly\/2Mpd1QH\" target=\"_blank\" rel=\"noopener\">SUS<\/a>, viol\u00eancia e sa\u00fade, direito \u00e0 moradia e ao saneamento b\u00e1sico e desafios existentes no trabalho do ACS no SUS. A mesa A Sa\u00fade na Mira da Viol\u00eancia ocorreu no dia 2 de outubro, e foi composta por Anast\u00e1cia Santos (COMACS Manguinhos-RJ), Jorge Nadais (COMACS Manguinhos-RJ) e Vera Frossard (Psic\u00f3loga do CSEGSF), que buscaram discutir os atuais <a href=\"http:\/\/bit.ly\/2jTRAbr\" target=\"_blank\" rel=\"noopener\">desafios do trabalho em sa\u00fade<\/a> nos territ\u00f3rios marcados por diversos tipos de viol\u00eancia, como os conflitos armados, viol\u00eancia de g\u00eanero e viol\u00eancia racial. Anast\u00e1cia colocou em pauta a precariza\u00e7\u00e3o dos espa\u00e7os de conviv\u00eancia da favela, que fazem falta para a integra\u00e7\u00e3o entre os moradores e para a promo\u00e7\u00e3o de atividades para lazer&#8211;especialmente quando se olha para as crian\u00e7as. Ela tamb\u00e9m destacou que <\/span><i><span style=\"font-weight: 400;\">\u201c<\/span><\/i><span style=\"font-weight: 400;\">a favela \u00e9 invisibilizada, as pessoas t\u00eam medo e s\u00e3o silenciadas atrav\u00e9s de diversos mecanismos\u201d<\/span><span style=\"font-weight: 400;\">.<\/span><\/p>\n<p><img decoding=\"async\" class=\"alignright wp-image-36949\" title=\"Bandeira Rio Presente\" src=\"http:\/\/rioonwatch.org.br\/wp-content\/uploads\/2018\/10\/Bandeira-em-evento-de-agentes-de-sa\u00fade-em-Maunginhos.jpg\" alt=\"\" width=\"300\" height=\"225\" srcset=\"https:\/\/rioonwatch.org.br\/wp-content\/uploads\/2018\/10\/Bandeira-em-evento-de-agentes-de-sa\u00fade-em-Maunginhos.jpg 512w, https:\/\/rioonwatch.org.br\/wp-content\/uploads\/2018\/10\/Bandeira-em-evento-de-agentes-de-sa\u00fade-em-Maunginhos-352x264.jpg 352w, https:\/\/rioonwatch.org.br\/wp-content\/uploads\/2018\/10\/Bandeira-em-evento-de-agentes-de-sa\u00fade-em-Maunginhos-174x131.jpg 174w, https:\/\/rioonwatch.org.br\/wp-content\/uploads\/2018\/10\/Bandeira-em-evento-de-agentes-de-sa\u00fade-em-Maunginhos-300x225.jpg 300w, https:\/\/rioonwatch.org.br\/wp-content\/uploads\/2018\/10\/Bandeira-em-evento-de-agentes-de-sa\u00fade-em-Maunginhos-70x53.jpg 70w\" sizes=\"(max-width: 300px) 100vw, 300px\" \/><\/p>\n<p><span style=\"font-weight: 400;\">Dando continuidade \u00e0 mesa, Jorge, em meio a relatos pessoais, afirmou que <\/span><span style=\"font-weight: 400;\">\u201ca desigualdade social \u00e9 a base de todas as outras viol\u00eancias que a favela sofre.\u00a0<a href=\"http:\/\/bit.ly\/2g8czbb\" target=\"_blank\" rel=\"noopener\">Crescer na favela<\/a> significa dizer que voc\u00ea n\u00e3o ter\u00e1 um ciclo de vida comum\u201d<\/span><span style=\"font-weight: 400;\">. Ele ressaltou o caso espec\u00edfico da ocupa\u00e7\u00e3o do territ\u00f3rio de Manguinhos, que recebeu pessoas removidas de outras \u00e1reas da cidade&#8211;como dos bairros do <a href=\"http:\/\/bit.ly\/1qX7nZG\" target=\"_blank\" rel=\"noopener\">Centro<\/a> e da <a href=\"http:\/\/bit.ly\/1mNsDyk\" target=\"_blank\" rel=\"noopener\">Zona Sul<\/a>&#8211;com a promessa de que este seria um lar tempor\u00e1rio. Com o passar dos anos, os moradores acabaram por reconstruir suas vidas no local e, no ano de 2009, <a href=\"http:\/\/bit.ly\/1xk8bVK\" target=\"_blank\" rel=\"noopener\">sofreram outros processos de remo\u00e7\u00e3o<\/a>, desta vez para a realiza\u00e7\u00e3o das obras do <a href=\"http:\/\/bit.ly\/2Lkj5cF\" target=\"_blank\" rel=\"noopener\">PAC<\/a>.<\/span><\/p>\n<p><span style=\"font-weight: 400;\">Um dos desafios levantados por Vera, psic\u00f3loga do CSEGSFV, \u00e9 a <a href=\"http:\/\/bit.ly\/2Ec5y87\" target=\"_blank\" rel=\"noopener\">baixa quantidade de notifica\u00e7\u00f5es de viol\u00eancia<\/a> no <a href=\"http:\/\/bit.ly\/2QE8747\" target=\"_blank\" rel=\"noopener\">Sistema de Informa\u00e7\u00f5es sobre Mortalidade<\/a> (SIM)<\/span><span style=\"font-weight: 400;\">, uma vez que poucos casos s\u00e3o realmente registrados, levando \u00e0 invisibiliza\u00e7\u00e3o destas ocorr\u00eancias para o planejamento de pol\u00edticas p\u00fablicas na sa\u00fade. Em contraposi\u00e7\u00e3o, os trabalhadores da sa\u00fade tamb\u00e9m cobram o retorno sobre esses casos notificados, que muitas vezes se perdem em meio aos processos de trabalho. Outro ponto bastante sens\u00edvel na fala de Vera foi em rela\u00e7\u00e3o \u00e0 autopercep\u00e7\u00e3o das pr\u00f3prias pessoas que sofrem viol\u00eancia: <\/span><span style=\"font-weight: 400;\">\u201cE<\/span><span style=\"font-weight: 400;\">las se culpam pela viol\u00eancia que sofrem. \u00c9 a viol\u00eancia da viol\u00eancia<em>\u201d<\/em><\/span><span style=\"font-weight: 400;\">. <\/span><\/p>\n<p><span style=\"font-weight: 400;\">Algumas considera\u00e7\u00f5es foram feitas pela plateia. Dentre elas, a pesquisadora do <a href=\"http:\/\/bit.ly\/2C7xIOH\" target=\"_blank\" rel=\"noopener\">CLAVES\/Fiocruz<\/a>, Mayalu Matos, refor\u00e7ou que <\/span><span style=\"font-weight: 400;\">\u201c<\/span><span style=\"font-weight: 400;\">a viol\u00eancia n\u00e3o traz s\u00f3 o impacto na sa\u00fade, ela \u00e9 tamb\u00e9m viola\u00e7\u00e3o de direitos: de direito \u00e0 vida, do direito de ir e vir<\/span><span style=\"font-weight: 400;\">\u201d<\/span><span style=\"font-weight: 400;\">. Complementando esta fala, F\u00e1bio Monteiro, integrante da COMACS, ressaltou as consequ\u00eancias da rotina de viol\u00eancia e defendeu que <\/span><em><span style=\"font-weight: 400;\">\u201c<\/span><\/em><span style=\"font-weight: 400;\">os investimentos em sa\u00fade e educa\u00e7\u00e3o demoram para gerar retorno, o que mostra como \u00e9 necess\u00e1rio o aumento dos recursos e olhar cuidadoso sobre seu planejamento<\/span><span style=\"font-weight: 400;\">\u201d<\/span><span style=\"font-weight: 400;\">. Ele tamb\u00e9m insistiu na necessidade de programas cont\u00ednuos de cuidados \u00e0 sa\u00fade dos trabalhadores, principalmente \u00e0 dos ACS, cuja demanda \u00e9 urgente. <\/span><\/p>\n<p>Portanto, ficou evidente que os desafios para a promo\u00e7\u00e3o da sa\u00fade nestes territ\u00f3rios s\u00e3o constantes e complexos, o que pode acentuar processos de adoecimento dos profissionais de sa\u00fade, em especial do ACS, cuja inser\u00e7\u00e3o no territ\u00f3rio se d\u00e1 tanto pelo vi\u00e9s da moradia quanto pelo vi\u00e9s do trabalho. Estes processos se aprofundam com as <a href=\"http:\/\/bit.ly\/2A3VjhZ\" target=\"_blank\" rel=\"noopener\">pol\u00edticas de redu\u00e7\u00e3o de verbas<\/a> para a sa\u00fade e com as <a href=\"http:\/\/bit.ly\/2yuE1Zp\" target=\"_blank\" rel=\"noopener\">mudan\u00e7as feitas<\/a> pela <a href=\"http:\/\/bit.ly\/2OfZVtX\" target=\"_blank\" rel=\"noopener\">PNAB 2017<\/a>&#8211;que n\u00e3o define o n\u00famero m\u00ednimo de ACS na equipe de refer\u00eancia, <a href=\"https:\/\/glo.bo\/2yxtc94\" target=\"_blank\" rel=\"noopener\">podendo gerar assoberbamento<\/a> ainda maior desta categoria profissional.<\/p>\n<p><a href=\"http:\/\/rioonwatch.org.br\/wp-content\/uploads\/2018\/10\/Moradoras-de-Manguinhos-com-o-cartaz-da-Semana-dos-ACSok.jpg\"><img loading=\"lazy\" decoding=\"async\" class=\"aligncenter wp-image-36964 size-content\" title=\"Moradoras de Manguinhos com o cartaz da Semana dos ACS.\" src=\"http:\/\/rioonwatch.org.br\/wp-content\/uploads\/2018\/10\/Moradoras-de-Manguinhos-com-o-cartaz-da-Semana-dos-ACSok-620x264.jpg\" alt=\"\" width=\"620\" height=\"264\" srcset=\"https:\/\/rioonwatch.org.br\/wp-content\/uploads\/2018\/10\/Moradoras-de-Manguinhos-com-o-cartaz-da-Semana-dos-ACSok-620x264.jpg 620w, https:\/\/rioonwatch.org.br\/wp-content\/uploads\/2018\/10\/Moradoras-de-Manguinhos-com-o-cartaz-da-Semana-dos-ACSok-940x400.jpg 940w\" sizes=\"(max-width: 620px) 100vw, 620px\" \/><\/a><\/p>\n<p><span style=\"font-weight: 400;\">Em meio aos desafios, existe muita luta e muita vontade de gerar retornos para os moradores da comunidade. Durante a <a href=\"http:\/\/bit.ly\/2C77pZ2\" target=\"_blank\" rel=\"noopener\">manh\u00e3 e a tarde do dia 3 de outubro<\/a>, os ACS programaram o dia Sa\u00fade na Favela, com a\u00e7\u00f5es de promo\u00e7\u00e3o \u00e0 sa\u00fade e atividades de lazer e recreativas no Campo da Varginha, juntamente a alguns projetos comunit\u00e1rios parceiros da COMACS. Neste dia, foi montado um estande informativo com materiais sobre preven\u00e7\u00e3o a comportamentos de risco e agravos de sa\u00fade, abordando a import\u00e2ncia do combate ao tabagismo, a necessidade da manuten\u00e7\u00e3o de uma alimenta\u00e7\u00e3o saud\u00e1vel e a pr\u00e1tica do autoexame para preven\u00e7\u00e3o ao c\u00e2ncer de mama.<\/span><\/p>\n<p><span style=\"font-weight: 400;\">Al\u00e9m disso, aconteceram outras atividades como: uma oficina de fuxico, ponto cruz, croch\u00ea e vagonite, ministrada pelo projeto Arteirinhas, uma iniciativa das ACS no CSEGSF; o show do grupo M\u00fasica na Cal\u00e7ada; a apresenta\u00e7\u00e3o do <a href=\"http:\/\/bit.ly\/2fVE2Mq\" target=\"_blank\" rel=\"noopener\">Ballet de Manguinhos<\/a>; e o <a href=\"http:\/\/bit.ly\/2QFDeMM\" target=\"_blank\" rel=\"noopener\">Coletivo Recriando Manguinhos<\/a>, com enfoque nas atividades recreativas infantis envolvendo pintura e desenho. Todas estas iniciativas t\u00eam suas origens na comunidade. Durante todo o dia, as crian\u00e7as tamb\u00e9m tiveram espa\u00e7o para brincar no pula-pula e na piscina de bolinhas.<\/span><\/p>\n<p><a href=\"http:\/\/rioonwatch.org.br\/wp-content\/uploads\/2018\/10\/3.jpeg\"><img loading=\"lazy\" decoding=\"async\" class=\"aligncenter wp-image-36967 size-content\" title=\" Grupo M\u00fasica na Cal\u00e7ada\" src=\"http:\/\/rioonwatch.org.br\/wp-content\/uploads\/2018\/10\/3-620x264.jpeg\" alt=\"\" width=\"620\" height=\"264\" srcset=\"https:\/\/rioonwatch.org.br\/wp-content\/uploads\/2018\/10\/3-620x264.jpeg 620w, https:\/\/rioonwatch.org.br\/wp-content\/uploads\/2018\/10\/3-940x400.jpeg 940w\" sizes=\"(max-width: 620px) 100vw, 620px\" \/><\/a><\/p>\n<p><span style=\"font-weight: 400;\">Elenice Pessoa, uma das colaboradoras do Coletivo Recriando Manguinhos, que completou tr\u00eas anos de atividade, lamentou a falta de integra\u00e7\u00e3o da comunidade e de atividades recreativas para as crian\u00e7as. <\/span><span style=\"font-weight: 400;\">\u201cA gente se questiona como n\u00e3o tem dinheiro para a sa\u00fade, para a educa\u00e7\u00e3o, e tem dinheiro para investir em armamento. Quem quer ver mudan\u00e7a, n\u00e3o se conforma com isso\u201d<\/span><span style=\"font-weight: 400;\">, comentou. Ela tamb\u00e9m ressaltou o trabalho dos ACS, que a seus olhos, <\/span><span style=\"font-weight: 400;\">\u201cs\u00e3o guerreiros, fazem muitas coisas com poucos recursos\u201d<\/span><span style=\"font-weight: 400;\">.<\/span><\/p>\n<p><span style=\"font-weight: 400;\">Respondendo \u00e0 pergunta <\/span><span style=\"font-weight: 400;\">\u201cA<\/span><i><span style=\"font-weight: 400;\">\u00a0<\/span><\/i><span style=\"font-weight: 400;\">semana do ACS \u00e9 importante s\u00f3 para o ACS?<\/span><span style=\"font-weight: 400;\">\u201d<\/span><span style=\"font-weight: 400;\">, \u00e9 necess\u00e1rio refor\u00e7ar que ela precisa ser importante tanto para outras categorias quanto para a popula\u00e7\u00e3o em geral, uma vez que ela representa a voz de quem trabalha e mora na favela. Como F\u00e1bio da COMACS refor\u00e7ou, <\/span><span style=\"font-weight: 400;\">\u201ca gente \u00e9 que precisa dizer o que n\u00f3s precisamos, fazendo das rela\u00e7\u00f5es de trabalho mais horizontalizadas\u201d<\/span><span style=\"font-weight: 400;\">. E, de fato, eles est\u00e3o falando sobre o que precisam, por\u00e9m n\u00e3o sabem se s\u00e3o escutados por algu\u00e9m.<\/span><\/p>\n<p><span style=\"font-weight: 400;\">Todo esse contexto demonstra a for\u00e7a e a pot\u00eancia destes profissionais. O discurso mais emblem\u00e1tico remeteu \u00e0 luta e \u00e0 coes\u00e3o dos trabalhadores: <\/span><span style=\"font-weight: 400;\">\u201cO grupo precisa se fortalecer, tanto como milit\u00e2ncia quanto como categoria. Vamos continuar lutando\u201d<\/span><span style=\"font-weight: 400;\"> para encarar os novos e velhos desafios da nossa profiss\u00e3o e da nossa realidade.<\/span><\/p>\n<p><a href=\"http:\/\/rioonwatch.org.br\/wp-content\/uploads\/2018\/10\/Agentes-Comunit\u00e1rios-de-Sa\u00fade-de-Manguinhos-colaboradores-e-participantes-do-evento.jpg\"><img loading=\"lazy\" decoding=\"async\" class=\"aligncenter wp-image-36969 size-content\" title=\"Agentes Comunit\u00e1rios de Sa\u00fade de Manguinhos, colaboradores e participantes do evento\" src=\"http:\/\/rioonwatch.org.br\/wp-content\/uploads\/2018\/10\/Agentes-Comunit\u00e1rios-de-Sa\u00fade-de-Manguinhos-colaboradores-e-participantes-do-evento-620x264.jpg\" alt=\"\" width=\"620\" height=\"264\" srcset=\"https:\/\/rioonwatch.org.br\/wp-content\/uploads\/2018\/10\/Agentes-Comunit\u00e1rios-de-Sa\u00fade-de-Manguinhos-colaboradores-e-participantes-do-evento-620x264.jpg 620w, https:\/\/rioonwatch.org.br\/wp-content\/uploads\/2018\/10\/Agentes-Comunit\u00e1rios-de-Sa\u00fade-de-Manguinhos-colaboradores-e-participantes-do-evento-1030x438.jpg 1030w, https:\/\/rioonwatch.org.br\/wp-content\/uploads\/2018\/10\/Agentes-Comunit\u00e1rios-de-Sa\u00fade-de-Manguinhos-colaboradores-e-participantes-do-evento-940x400.jpg 940w\" sizes=\"(max-width: 620px) 100vw, 620px\" \/><\/a><\/p>\n<!-- AddThis Advanced Settings generic via filter on the_content --><!-- AddThis Share Buttons generic via filter on the_content -->","protected":false},"excerpt":{"rendered":"<div class=\"mh-excerpt\"><p>Click Here for English De 1 a 5 de outubro de 2018 foi realizada a Semana do Agente Comunit\u00e1rio de Sa\u00fade (ACS), organizada pelos pr\u00f3prios agentes, em conjunto com a Comiss\u00e3o dos Agentes Comunit\u00e1rios de <a class=\"mh-excerpt-more\" href=\"https:\/\/rioonwatch.org.br\/?p=36936\" title=\"Semana do Agente Comunit\u00e1rio de Sa\u00fade em Manguinhos: Pot\u00eancia e Movimento\">[&#8230;]<\/a><!-- AddThis Advanced Settings generic via filter on get_the_excerpt --><!-- AddThis Share Buttons generic via filter on get_the_excerpt --><\/p>\n<\/div>","protected":false},"author":129,"featured_media":36969,"comment_status":"closed","ping_status":"closed","sticky":false,"template":"","format":"standard","meta":{"_acf_changed":false,"_monsterinsights_skip_tracking":false,"_monsterinsights_sitenote_active":false,"_monsterinsights_sitenote_note":"","_monsterinsights_sitenote_category":0,"footnotes":""},"categories":[1621,1627,344,1612,342],"tags":[2538,316,922,2146,719,636,36,838,14,294,1347,782,499,218],"writer":[2537],"translator":[],"source":[],"ilustrador":[],"fotografo":[],"class_list":{"0":"post-36936","1":"post","2":"type-post","3":"status-publish","4":"format-standard","5":"has-post-thumbnail","7":"category-destaque","8":"category-relato-de-evento","9":"category-politicas","10":"category-sociedade-civil","11":"category-solucoes","12":"tag-agente-comunitario-de-saude","13":"tag-educacao","14":"tag-evento","15":"tag-fiocruz","16":"tag-lazer","17":"tag-manguinhos","18":"tag-pac","19":"tag-politica-publica","20":"tag-remocao","21":"tag-saude","22":"tag-solucao","23":"tag-sus","24":"tag-terror-psicologico","25":"tag-zona-norte","26":"writer-renata-queiroz-ramos"},"acf":[],"yoast_head":"<!-- This site is optimized with the Yoast SEO plugin v25.6 - https:\/\/yoast.com\/wordpress\/plugins\/seo\/ -->\n<title>Semana do Agente Comunit\u00e1rio de Sa\u00fade em Manguinhos: Pot\u00eancia e Movimento - RioOnWatch<\/title>\n<meta name=\"robots\" content=\"index, follow, max-snippet:-1, max-image-preview:large, max-video-preview:-1\" \/>\n<link rel=\"canonical\" href=\"https:\/\/rioonwatch.org.br\/?p=36936\" \/>\n<meta property=\"og:locale\" content=\"pt_BR\" \/>\n<meta property=\"og:type\" content=\"article\" \/>\n<meta property=\"og:title\" content=\"Semana do Agente Comunit\u00e1rio de Sa\u00fade em Manguinhos: Pot\u00eancia e Movimento - RioOnWatch\" \/>\n<meta property=\"og:description\" content=\"Click Here for English De 1 a 5 de outubro de 2018 foi realizada a Semana do Agente Comunit\u00e1rio de Sa\u00fade (ACS), organizada pelos pr\u00f3prios agentes, em conjunto com a Comiss\u00e3o dos Agentes Comunit\u00e1rios de [...]\" \/>\n<meta property=\"og:url\" content=\"https:\/\/rioonwatch.org.br\/?p=36936\" \/>\n<meta property=\"og:site_name\" content=\"RioOnWatch\" \/>\n<meta property=\"article:published_time\" content=\"2018-10-11T19:36:03+00:00\" \/>\n<meta property=\"article:modified_time\" content=\"2018-10-20T03:07:35+00:00\" \/>\n<meta property=\"og:image\" content=\"https:\/\/rioonwatch.org.br\/wp-content\/uploads\/2018\/10\/Agentes-Comunit\u00e1rios-de-Sa\u00fade-de-Manguinhos-colaboradores-e-participantes-do-evento.jpg\" \/>\n\t<meta property=\"og:image:width\" content=\"1280\" \/>\n\t<meta property=\"og:image:height\" content=\"827\" \/>\n\t<meta property=\"og:image:type\" content=\"image\/jpeg\" \/>\n<meta name=\"author\" content=\"Admin\" \/>\n<meta name=\"twitter:card\" content=\"summary_large_image\" \/>\n<meta name=\"twitter:label1\" content=\"Escrito por\" \/>\n\t<meta name=\"twitter:data1\" content=\"Admin\" \/>\n\t<meta name=\"twitter:label2\" content=\"Est. tempo de leitura\" \/>\n\t<meta name=\"twitter:data2\" content=\"7 minutos\" \/>\n<script type=\"application\/ld+json\" class=\"yoast-schema-graph\">{\"@context\":\"https:\/\/schema.org\",\"@graph\":[{\"@type\":\"Article\",\"@id\":\"https:\/\/rioonwatch.org.br\/?p=36936#article\",\"isPartOf\":{\"@id\":\"https:\/\/rioonwatch.org.br\/?p=36936\"},\"author\":{\"name\":\"Admin\",\"@id\":\"https:\/\/rioonwatch.org.br\/#\/schema\/person\/11d64c290506f9df50c71b850c473f68\"},\"headline\":\"Semana do Agente Comunit\u00e1rio de Sa\u00fade em Manguinhos: Pot\u00eancia e Movimento\",\"datePublished\":\"2018-10-11T19:36:03+00:00\",\"dateModified\":\"2018-10-20T03:07:35+00:00\",\"mainEntityOfPage\":{\"@id\":\"https:\/\/rioonwatch.org.br\/?p=36936\"},\"wordCount\":1352,\"publisher\":{\"@id\":\"https:\/\/rioonwatch.org.br\/#organization\"},\"image\":{\"@id\":\"https:\/\/rioonwatch.org.br\/?p=36936#primaryimage\"},\"thumbnailUrl\":\"https:\/\/rioonwatch.org.br\/wp-content\/uploads\/2018\/10\/Agentes-Comunit\u00e1rios-de-Sa\u00fade-de-Manguinhos-colaboradores-e-participantes-do-evento.jpg\",\"keywords\":[\"agente comunit\u00e1rio de sa\u00fade\",\"educa\u00e7\u00e3o\",\"evento\",\"Fiocruz\",\"lazer\",\"Manguinhos\",\"PAC\",\"pol\u00edtica p\u00fablica\",\"Remo\u00e7\u00e3o\",\"sa\u00fade\",\"solu\u00e7\u00e3o\",\"SUS\",\"terror psicol\u00f3gico\",\"Zona Norte\"],\"articleSection\":[\"*Destaque\",\"Cobertura de Eventos\",\"Pol\u00edticas\",\"Sociedade Civil\",\"Solu\u00e7\u00f5es\"],\"inLanguage\":\"pt-BR\"},{\"@type\":\"WebPage\",\"@id\":\"https:\/\/rioonwatch.org.br\/?p=36936\",\"url\":\"https:\/\/rioonwatch.org.br\/?p=36936\",\"name\":\"Semana do Agente Comunit\u00e1rio de Sa\u00fade em Manguinhos: Pot\u00eancia e Movimento - RioOnWatch\",\"isPartOf\":{\"@id\":\"https:\/\/rioonwatch.org.br\/#website\"},\"primaryImageOfPage\":{\"@id\":\"https:\/\/rioonwatch.org.br\/?p=36936#primaryimage\"},\"image\":{\"@id\":\"https:\/\/rioonwatch.org.br\/?p=36936#primaryimage\"},\"thumbnailUrl\":\"https:\/\/rioonwatch.org.br\/wp-content\/uploads\/2018\/10\/Agentes-Comunit\u00e1rios-de-Sa\u00fade-de-Manguinhos-colaboradores-e-participantes-do-evento.jpg\",\"datePublished\":\"2018-10-11T19:36:03+00:00\",\"dateModified\":\"2018-10-20T03:07:35+00:00\",\"breadcrumb\":{\"@id\":\"https:\/\/rioonwatch.org.br\/?p=36936#breadcrumb\"},\"inLanguage\":\"pt-BR\",\"potentialAction\":[{\"@type\":\"ReadAction\",\"target\":[\"https:\/\/rioonwatch.org.br\/?p=36936\"]}]},{\"@type\":\"ImageObject\",\"inLanguage\":\"pt-BR\",\"@id\":\"https:\/\/rioonwatch.org.br\/?p=36936#primaryimage\",\"url\":\"https:\/\/rioonwatch.org.br\/wp-content\/uploads\/2018\/10\/Agentes-Comunit\u00e1rios-de-Sa\u00fade-de-Manguinhos-colaboradores-e-participantes-do-evento.jpg\",\"contentUrl\":\"https:\/\/rioonwatch.org.br\/wp-content\/uploads\/2018\/10\/Agentes-Comunit\u00e1rios-de-Sa\u00fade-de-Manguinhos-colaboradores-e-participantes-do-evento.jpg\",\"width\":1280,\"height\":827},{\"@type\":\"BreadcrumbList\",\"@id\":\"https:\/\/rioonwatch.org.br\/?p=36936#breadcrumb\",\"itemListElement\":[{\"@type\":\"ListItem\",\"position\":1,\"name\":\"In\u00edcio\",\"item\":\"https:\/\/rioonwatch.org.br\/\"},{\"@type\":\"ListItem\",\"position\":2,\"name\":\"Semana do Agente Comunit\u00e1rio de Sa\u00fade em Manguinhos: Pot\u00eancia e Movimento\"}]},{\"@type\":\"WebSite\",\"@id\":\"https:\/\/rioonwatch.org.br\/#website\",\"url\":\"https:\/\/rioonwatch.org.br\/\",\"name\":\"RioOnWatch\",\"description\":\"relatos das favelas cariocas\",\"publisher\":{\"@id\":\"https:\/\/rioonwatch.org.br\/#organization\"},\"potentialAction\":[{\"@type\":\"SearchAction\",\"target\":{\"@type\":\"EntryPoint\",\"urlTemplate\":\"https:\/\/rioonwatch.org.br\/?s={search_term_string}\"},\"query-input\":{\"@type\":\"PropertyValueSpecification\",\"valueRequired\":true,\"valueName\":\"search_term_string\"}}],\"inLanguage\":\"pt-BR\"},{\"@type\":\"Organization\",\"@id\":\"https:\/\/rioonwatch.org.br\/#organization\",\"name\":\"RioOnWatch\",\"url\":\"https:\/\/rioonwatch.org.br\/\",\"logo\":{\"@type\":\"ImageObject\",\"inLanguage\":\"pt-BR\",\"@id\":\"https:\/\/rioonwatch.org.br\/#\/schema\/logo\/image\/\",\"url\":\"https:\/\/rioonwatch.org.br\/wp-content\/uploads\/2021\/06\/RioOnWatchcabecalhoPT11anos-2.png\",\"contentUrl\":\"https:\/\/rioonwatch.org.br\/wp-content\/uploads\/2021\/06\/RioOnWatchcabecalhoPT11anos-2.png\",\"width\":779,\"height\":277,\"caption\":\"RioOnWatch\"},\"image\":{\"@id\":\"https:\/\/rioonwatch.org.br\/#\/schema\/logo\/image\/\"}},{\"@type\":\"Person\",\"@id\":\"https:\/\/rioonwatch.org.br\/#\/schema\/person\/11d64c290506f9df50c71b850c473f68\",\"name\":\"Admin\",\"image\":{\"@type\":\"ImageObject\",\"inLanguage\":\"pt-BR\",\"@id\":\"https:\/\/rioonwatch.org.br\/#\/schema\/person\/image\/\",\"url\":\"https:\/\/secure.gravatar.com\/avatar\/56211ac74568383903349a1485e3c325?s=96&d=blank&r=g\",\"contentUrl\":\"https:\/\/secure.gravatar.com\/avatar\/56211ac74568383903349a1485e3c325?s=96&d=blank&r=g\",\"caption\":\"Admin\"},\"url\":\"https:\/\/rioonwatch.org.br\/?author=129\"}]}<\/script>\n<!-- \/ Yoast SEO plugin. -->","yoast_head_json":{"title":"Semana do Agente Comunit\u00e1rio de Sa\u00fade em Manguinhos: Pot\u00eancia e Movimento - RioOnWatch","robots":{"index":"index","follow":"follow","max-snippet":"max-snippet:-1","max-image-preview":"max-image-preview:large","max-video-preview":"max-video-preview:-1"},"canonical":"https:\/\/rioonwatch.org.br\/?p=36936","og_locale":"pt_BR","og_type":"article","og_title":"Semana do Agente Comunit\u00e1rio de Sa\u00fade em Manguinhos: Pot\u00eancia e Movimento - RioOnWatch","og_description":"Click Here for English De 1 a 5 de outubro de 2018 foi realizada a Semana do Agente Comunit\u00e1rio de Sa\u00fade (ACS), organizada pelos pr\u00f3prios agentes, em conjunto com a Comiss\u00e3o dos Agentes Comunit\u00e1rios de [...]","og_url":"https:\/\/rioonwatch.org.br\/?p=36936","og_site_name":"RioOnWatch","article_published_time":"2018-10-11T19:36:03+00:00","article_modified_time":"2018-10-20T03:07:35+00:00","og_image":[{"width":1280,"height":827,"url":"https:\/\/rioonwatch.org.br\/wp-content\/uploads\/2018\/10\/Agentes-Comunit\u00e1rios-de-Sa\u00fade-de-Manguinhos-colaboradores-e-participantes-do-evento.jpg","type":"image\/jpeg"}],"author":"Admin","twitter_card":"summary_large_image","twitter_misc":{"Escrito por":"Admin","Est. tempo de leitura":"7 minutos"},"schema":{"@context":"https:\/\/schema.org","@graph":[{"@type":"Article","@id":"https:\/\/rioonwatch.org.br\/?p=36936#article","isPartOf":{"@id":"https:\/\/rioonwatch.org.br\/?p=36936"},"author":{"name":"Admin","@id":"https:\/\/rioonwatch.org.br\/#\/schema\/person\/11d64c290506f9df50c71b850c473f68"},"headline":"Semana do Agente Comunit\u00e1rio de Sa\u00fade em Manguinhos: Pot\u00eancia e Movimento","datePublished":"2018-10-11T19:36:03+00:00","dateModified":"2018-10-20T03:07:35+00:00","mainEntityOfPage":{"@id":"https:\/\/rioonwatch.org.br\/?p=36936"},"wordCount":1352,"publisher":{"@id":"https:\/\/rioonwatch.org.br\/#organization"},"image":{"@id":"https:\/\/rioonwatch.org.br\/?p=36936#primaryimage"},"thumbnailUrl":"https:\/\/rioonwatch.org.br\/wp-content\/uploads\/2018\/10\/Agentes-Comunit\u00e1rios-de-Sa\u00fade-de-Manguinhos-colaboradores-e-participantes-do-evento.jpg","keywords":["agente comunit\u00e1rio de sa\u00fade","educa\u00e7\u00e3o","evento","Fiocruz","lazer","Manguinhos","PAC","pol\u00edtica p\u00fablica","Remo\u00e7\u00e3o","sa\u00fade","solu\u00e7\u00e3o","SUS","terror psicol\u00f3gico","Zona Norte"],"articleSection":["*Destaque","Cobertura de Eventos","Pol\u00edticas","Sociedade Civil","Solu\u00e7\u00f5es"],"inLanguage":"pt-BR"},{"@type":"WebPage","@id":"https:\/\/rioonwatch.org.br\/?p=36936","url":"https:\/\/rioonwatch.org.br\/?p=36936","name":"Semana do Agente Comunit\u00e1rio de Sa\u00fade em Manguinhos: Pot\u00eancia e Movimento - RioOnWatch","isPartOf":{"@id":"https:\/\/rioonwatch.org.br\/#website"},"primaryImageOfPage":{"@id":"https:\/\/rioonwatch.org.br\/?p=36936#primaryimage"},"image":{"@id":"https:\/\/rioonwatch.org.br\/?p=36936#primaryimage"},"thumbnailUrl":"https:\/\/rioonwatch.org.br\/wp-content\/uploads\/2018\/10\/Agentes-Comunit\u00e1rios-de-Sa\u00fade-de-Manguinhos-colaboradores-e-participantes-do-evento.jpg","datePublished":"2018-10-11T19:36:03+00:00","dateModified":"2018-10-20T03:07:35+00:00","breadcrumb":{"@id":"https:\/\/rioonwatch.org.br\/?p=36936#breadcrumb"},"inLanguage":"pt-BR","potentialAction":[{"@type":"ReadAction","target":["https:\/\/rioonwatch.org.br\/?p=36936"]}]},{"@type":"ImageObject","inLanguage":"pt-BR","@id":"https:\/\/rioonwatch.org.br\/?p=36936#primaryimage","url":"https:\/\/rioonwatch.org.br\/wp-content\/uploads\/2018\/10\/Agentes-Comunit\u00e1rios-de-Sa\u00fade-de-Manguinhos-colaboradores-e-participantes-do-evento.jpg","contentUrl":"https:\/\/rioonwatch.org.br\/wp-content\/uploads\/2018\/10\/Agentes-Comunit\u00e1rios-de-Sa\u00fade-de-Manguinhos-colaboradores-e-participantes-do-evento.jpg","width":1280,"height":827},{"@type":"BreadcrumbList","@id":"https:\/\/rioonwatch.org.br\/?p=36936#breadcrumb","itemListElement":[{"@type":"ListItem","position":1,"name":"In\u00edcio","item":"https:\/\/rioonwatch.org.br\/"},{"@type":"ListItem","position":2,"name":"Semana do Agente Comunit\u00e1rio de Sa\u00fade em Manguinhos: Pot\u00eancia e Movimento"}]},{"@type":"WebSite","@id":"https:\/\/rioonwatch.org.br\/#website","url":"https:\/\/rioonwatch.org.br\/","name":"RioOnWatch","description":"relatos das favelas cariocas","publisher":{"@id":"https:\/\/rioonwatch.org.br\/#organization"},"potentialAction":[{"@type":"SearchAction","target":{"@type":"EntryPoint","urlTemplate":"https:\/\/rioonwatch.org.br\/?s={search_term_string}"},"query-input":{"@type":"PropertyValueSpecification","valueRequired":true,"valueName":"search_term_string"}}],"inLanguage":"pt-BR"},{"@type":"Organization","@id":"https:\/\/rioonwatch.org.br\/#organization","name":"RioOnWatch","url":"https:\/\/rioonwatch.org.br\/","logo":{"@type":"ImageObject","inLanguage":"pt-BR","@id":"https:\/\/rioonwatch.org.br\/#\/schema\/logo\/image\/","url":"https:\/\/rioonwatch.org.br\/wp-content\/uploads\/2021\/06\/RioOnWatchcabecalhoPT11anos-2.png","contentUrl":"https:\/\/rioonwatch.org.br\/wp-content\/uploads\/2021\/06\/RioOnWatchcabecalhoPT11anos-2.png","width":779,"height":277,"caption":"RioOnWatch"},"image":{"@id":"https:\/\/rioonwatch.org.br\/#\/schema\/logo\/image\/"}},{"@type":"Person","@id":"https:\/\/rioonwatch.org.br\/#\/schema\/person\/11d64c290506f9df50c71b850c473f68","name":"Admin","image":{"@type":"ImageObject","inLanguage":"pt-BR","@id":"https:\/\/rioonwatch.org.br\/#\/schema\/person\/image\/","url":"https:\/\/secure.gravatar.com\/avatar\/56211ac74568383903349a1485e3c325?s=96&d=blank&r=g","contentUrl":"https:\/\/secure.gravatar.com\/avatar\/56211ac74568383903349a1485e3c325?s=96&d=blank&r=g","caption":"Admin"},"url":"https:\/\/rioonwatch.org.br\/?author=129"}]}},"_links":{"self":[{"href":"https:\/\/rioonwatch.org.br\/index.php?rest_route=\/wp\/v2\/posts\/36936"}],"collection":[{"href":"https:\/\/rioonwatch.org.br\/index.php?rest_route=\/wp\/v2\/posts"}],"about":[{"href":"https:\/\/rioonwatch.org.br\/index.php?rest_route=\/wp\/v2\/types\/post"}],"author":[{"embeddable":true,"href":"https:\/\/rioonwatch.org.br\/index.php?rest_route=\/wp\/v2\/users\/129"}],"replies":[{"embeddable":true,"href":"https:\/\/rioonwatch.org.br\/index.php?rest_route=%2Fwp%2Fv2%2Fcomments&post=36936"}],"version-history":[{"count":20,"href":"https:\/\/rioonwatch.org.br\/index.php?rest_route=\/wp\/v2\/posts\/36936\/revisions"}],"predecessor-version":[{"id":37056,"href":"https:\/\/rioonwatch.org.br\/index.php?rest_route=\/wp\/v2\/posts\/36936\/revisions\/37056"}],"wp:featuredmedia":[{"embeddable":true,"href":"https:\/\/rioonwatch.org.br\/index.php?rest_route=\/wp\/v2\/media\/36969"}],"wp:attachment":[{"href":"https:\/\/rioonwatch.org.br\/index.php?rest_route=%2Fwp%2Fv2%2Fmedia&parent=36936"}],"wp:term":[{"taxonomy":"category","embeddable":true,"href":"https:\/\/rioonwatch.org.br\/index.php?rest_route=%2Fwp%2Fv2%2Fcategories&post=36936"},{"taxonomy":"post_tag","embeddable":true,"href":"https:\/\/rioonwatch.org.br\/index.php?rest_route=%2Fwp%2Fv2%2Ftags&post=36936"},{"taxonomy":"writer","embeddable":true,"href":"https:\/\/rioonwatch.org.br\/index.php?rest_route=%2Fwp%2Fv2%2Fwriter&post=36936"},{"taxonomy":"translator","embeddable":true,"href":"https:\/\/rioonwatch.org.br\/index.php?rest_route=%2Fwp%2Fv2%2Ftranslator&post=36936"},{"taxonomy":"source","embeddable":true,"href":"https:\/\/rioonwatch.org.br\/index.php?rest_route=%2Fwp%2Fv2%2Fsource&post=36936"},{"taxonomy":"ilustrador","embeddable":true,"href":"https:\/\/rioonwatch.org.br\/index.php?rest_route=%2Fwp%2Fv2%2Filustrador&post=36936"},{"taxonomy":"fotografo","embeddable":true,"href":"https:\/\/rioonwatch.org.br\/index.php?rest_route=%2Fwp%2Fv2%2Ffotografo&post=36936"}],"curies":[{"name":"wp","href":"https:\/\/api.w.org\/{rel}","templated":true}]}}