{"id":36982,"date":"2018-10-12T10:45:42","date_gmt":"2018-10-12T13:45:42","guid":{"rendered":"http:\/\/rioonwatch.org.br\/?p=36982"},"modified":"2023-05-09T09:56:27","modified_gmt":"2023-05-09T12:56:27","slug":"quatro-criticas-centrais-que-surgiram-na-audiencia-publica-ocupacoes-em-areas-federais","status":"publish","type":"post","link":"https:\/\/rioonwatch.org.br\/?p=36982","title":{"rendered":"Quatro Cr\u00edticas Centrais Que Surgiram na Audi\u00eancia P\u00fablica &#8216;Ocupa\u00e7\u00f5es em \u00c1reas Federais&#8217;"},"content":{"rendered":"<p style=\"text-align: right;\"><em><strong><a href=\"http:\/\/bit.ly\/2pM7ERP\" target=\"_blank\" rel=\"noopener noreferrer\">Click Here for English<\/a><a href=\"http:\/\/bit.ly\/2QzhW33\" target=\"_blank\" rel=\"noopener noreferrer\"><img decoding=\"async\" width=\"20\" height=\"20\" class=\"alignright wp-image-15790\" src=\"http:\/\/rioonwatch.org.br\/wp-content\/uploads\/2012\/08\/EN-standard-e1439583104716.jpg\" \/><\/a><\/strong><\/em><\/p>\n<p>Na quinta-feira, 27 de setembro, a Defensoria P\u00fablica da Uni\u00e3o (DPU) organizou uma importante\u00a0<a href=\"http:\/\/bit.ly\/2zMa34W\" target=\"_blank\" rel=\"noopener\">audi\u00eancia p\u00fablica<\/a> para tratar da situa\u00e7\u00e3o das favelas localizadas em terras federais que est\u00e3o enfrentando amea\u00e7as de remo\u00e7\u00e3o. Representantes de diversas comunidades que participam do\u00a0<a href=\"http:\/\/bit.ly\/2BpcdpN\" target=\"_blank\" rel=\"noopener\">Conselho Popular<\/a> estiveram presentes, incluindo (mas n\u00e3o se limitando a)\u00a0<a href=\"http:\/\/bit.ly\/2w37GqM\" target=\"_blank\" rel=\"noopener\">Horto<\/a>,\u00a0<a href=\"http:\/\/bit.ly\/2numSZV\">Vila H\u00edpica<\/a>, <a href=\"http:\/\/bit.ly\/133Itux\" target=\"_blank\" rel=\"noopener\">Indiana<\/a>, <a href=\"http:\/\/bit.ly\/2zcVE34\" target=\"_blank\" rel=\"noopener\">Barrinha<\/a>,\u00a0<a href=\"http:\/\/bit.ly\/1HgPoFM\" target=\"_blank\" rel=\"noopener\">Rio das Pedras<\/a>,\u00a0<a href=\"http:\/\/bit.ly\/2xku8L1\" target=\"_blank\" rel=\"noopener\">R\u00e1dio Sonda<\/a>, <a href=\"http:\/\/bit.ly\/2wT6J3X\" target=\"_blank\" rel=\"noopener\">Maracaj\u00e1s<\/a>, <a href=\"http:\/\/bit.ly\/2E9EGSa\" target=\"_blank\" rel=\"noopener\">Ara\u00e7atiba<\/a>, <a href=\"http:\/\/bit.ly\/2OFYRwb\" target=\"_blank\" rel=\"noopener\">Provid\u00eancia<\/a>,\u00a0<a href=\"http:\/\/bit.ly\/Nfddvg\" target=\"_blank\" rel=\"noopener\">Vila Aut\u00f3dromo<\/a> e\u00a0<a href=\"http:\/\/bit.ly\/1bGQPcu\" target=\"_blank\" rel=\"noopener\">Vila Laboriaux<\/a> na <a href=\"http:\/\/bit.ly\/2kmO9hl\" target=\"_blank\" rel=\"noopener\">Rocinha<\/a>. O evento tamb\u00e9m foi <a href=\"http:\/\/bit.ly\/2DBpfpv\" target=\"_blank\" rel=\"noopener\">transmitido ao vivo no Facebook<\/a>.<\/p>\n<p>Houve uma expressiva participa\u00e7\u00e3o de entidades p\u00fablicas na audi\u00eancia que se mostraram dispostos a engajar e responder \u00e0s perguntas do p\u00fablico: a Defensoria P\u00fablica da Uni\u00e3o, o\u00a0<a href=\"http:\/\/bit.ly\/2zPCgW3\" target=\"_blank\" rel=\"noopener\">N\u00facleo de Terras e Habita\u00e7\u00e3o<\/a>\u00a0da Defensoria P\u00fablica do Estado (NUTH), a <a href=\"http:\/\/bit.ly\/2tm3sef\" target=\"_blank\" rel=\"noopener\">Secretaria do Patrim\u00f4nio da Uni\u00e3o<\/a> (SPU), a Procuradoria-Geral da Uni\u00e3o (AGU), o Minist\u00e9rio P\u00fablico Federal (PGR), o <a href=\"http:\/\/bit.ly\/2aYahXi\" target=\"_blank\" rel=\"noopener\">Instituto Estadual do Ambiente<\/a> (INEA) e o <a href=\"http:\/\/bit.ly\/2dX5Gdl\" target=\"_blank\" rel=\"noopener\">Instituto Chico Mendes de Conserva\u00e7\u00e3o da Biodiversidade<\/a> (ICMBio). Muitos dos representantes do governo presentes eram de departamentos internos de prote\u00e7\u00e3o ambiental de suas respectivas ag\u00eancias, incluindo um promotor p\u00fablico federal que representa especificamente o <a href=\"http:\/\/bit.ly\/2OPstdv\" target=\"_blank\" rel=\"noopener\">Instituto de Pesquisas do Jardim Bot\u00e2nico do Rio de Janeiro<\/a>. A seguir est\u00e3o quatro cr\u00edticas importantes que surgiram na audi\u00eancia p\u00fablica.<\/p>\n<p><a href=\"http:\/\/rioonwatch.org.br\/wp-content\/uploads\/2018\/10\/Audi\u00eancia-P\u00fablica-Remo\u00e7\u00f5es.jpg\"><img fetchpriority=\"high\" decoding=\"async\" class=\"aligncenter wp-image-36996 size-content\" title=\"Cosme Felippsen fala ao microfone na audi\u00eancia. Foto: Defensoria P\u00fablica.\" src=\"http:\/\/rioonwatch.org.br\/wp-content\/uploads\/2018\/10\/Audi\u00eancia-P\u00fablica-Remo\u00e7\u00f5es-620x264.jpg\" alt=\"\" width=\"620\" height=\"264\" srcset=\"https:\/\/rioonwatch.org.br\/wp-content\/uploads\/2018\/10\/Audi\u00eancia-P\u00fablica-Remo\u00e7\u00f5es-620x264.jpg 620w, https:\/\/rioonwatch.org.br\/wp-content\/uploads\/2018\/10\/Audi\u00eancia-P\u00fablica-Remo\u00e7\u00f5es-940x400.jpg 940w\" sizes=\"(max-width: 620px) 100vw, 620px\" \/><\/a><\/p>\n<h3>1. Remo\u00e7\u00f5es no Rio violam Lei Internacional dos Direitos Humanos<\/h3>\n<p>Durante toda a audi\u00eancia, muitos participantes debateram o caso do Horto&#8211;<a href=\"http:\/\/bit.ly\/2IwCLbV\" target=\"_blank\" rel=\"noopener\">uma comunidade que existe h\u00e1 mais de 200 anos<\/a>. Tanto o advogado do Horto quanto o procurador federal que representava o Jardim Bot\u00e2nico estavam presentes e fizeram declara\u00e7\u00f5es apoiando seus respectivos argumentos jur\u00eddicos. No entanto, foi a moradora e l\u00edder comunit\u00e1ria do Horto, Em\u00edlia de Souza, que foi direto ao ponto, defendendo o direito de perman\u00eancia do Horto. Perto do final da audi\u00eancia, Em\u00edlia dirigiu-se \u00e0 mesa de autoridades para anunciar uma not\u00edcia emocionante: os moradores haviam recebido recentemente uma <a href=\"http:\/\/bit.ly\/2OEuE3x\" target=\"_blank\" rel=\"noopener\">carta do Escrit\u00f3rio do Alto Comissariado das Na\u00e7\u00f5es Unidas para os Direitos Humanos<\/a> dirigida ao governo brasileiro em apoio \u00e0 causa da comunidade. Segue um trecho resumido da carta:<\/p>\n<blockquote><p>Igualmente se expressa uma grave preocupa\u00e7\u00e3o quanto \u00e0 amea\u00e7a iminente de remo\u00e7\u00f5es de moradores do bairro do Horto, o que teria um impacto delet\u00e9rio em seu direito \u00e0 moradia adequada e em seu direito de participar da vida cultural e de desfrutar e ter acesso a sua heran\u00e7a cultural. Tamb\u00e9m estamos preocupados que a decis\u00e3o de remover foi tomada sem qualquer consulta pr\u00e9via \u00e0s pessoas, em causa, e que parece ter um impacto desproporcional sobre as pessoas de ascend\u00eancia africana. Gostar\u00edamos de lembrar ao governo de sua obriga\u00e7\u00e3o de garantir o direito a um padr\u00e3o de vida e moradia adequados e o direito de participar da vida cultural, garantido por v\u00e1rios instrumentos internacionais de direitos humanos aos quais o Brasil aderiu.<\/p><\/blockquote>\n<p>O documento de oito p\u00e1ginas d\u00e1 ao governo brasileiro sessenta dias para responder a v\u00e1rias quest\u00f5es pertinentes ao caso. Apesar da carta ter sido redigida em abril, os moradores do Horto s\u00f3 recentemente souberam de sua exist\u00eancia. At\u00e9 que a ONU receba uma resposta do governo brasileiro, a carta exige a suspens\u00e3o de todas as a\u00e7\u00f5es adicionais no Horto&#8211;uma demanda que ao que tudo indica n\u00e3o foi observada. No entanto, esta carta questiona seriamente a pol\u00edtica de remo\u00e7\u00f5es que de fato tem prevalecido no Rio na \u00faltima d\u00e9cada, <a href=\"http:\/\/bit.ly\/2nJVoyg\" target=\"_blank\" rel=\"noopener\">criando mais desigualdade<\/a> em uma cidade j\u00e1 dramaticamente desigual.<\/p>\n<p><a href=\"http:\/\/rioonwatch.org.br\/wp-content\/uploads\/2018\/10\/Autodromo-Remo\u00e7\u00e3o.jpg\"><img decoding=\"async\" class=\"aligncenter wp-image-36993 size-content\" title=\"Remo\u00e7\u00e3o na Vila Aut\u00f3dromo. Foto: K\u00e1tia Carvalho.\" src=\"http:\/\/rioonwatch.org.br\/wp-content\/uploads\/2018\/10\/Autodromo-Remo\u00e7\u00e3o-620x264.jpg\" alt=\"\" width=\"620\" height=\"264\" srcset=\"https:\/\/rioonwatch.org.br\/wp-content\/uploads\/2018\/10\/Autodromo-Remo\u00e7\u00e3o-620x264.jpg 620w, https:\/\/rioonwatch.org.br\/wp-content\/uploads\/2018\/10\/Autodromo-Remo\u00e7\u00e3o-940x400.jpg 940w\" sizes=\"(max-width: 620px) 100vw, 620px\" \/><\/a><\/p>\n<h3>2. Existe in\u00e9pcia e in\u00e9rcia sist\u00eamica por parte do governo<\/h3>\n<p>V\u00e1rios casos levantados durante a audi\u00eancia chamaram a aten\u00e7\u00e3o para o fracasso das entidades governamentais, encarregadas de acompanhar processos de regulariza\u00e7\u00e3o fundi\u00e1ria, em cumprir os seus deveres. Ara\u00e7atiba \u00e9 um caso claro de ina\u00e7\u00e3o e falta de comunica\u00e7\u00e3o do governo. Quase todos os representantes do governo que discutiram sobre Ara\u00e7atiba mencionaram <a href=\"http:\/\/bit.ly\/2DBmDYN\" target=\"_blank\" rel=\"noopener\">a complexidade da situa\u00e7\u00e3o<\/a>, que envolve m\u00faltiplas entidades p\u00fablicas federais e locais. No in\u00edcio deste ano, Ara\u00e7atiba viveu um <a href=\"http:\/\/bit.ly\/2skp9KH\" target=\"_blank\" rel=\"noopener\">momento de urg\u00eancia<\/a> quando policiais federais apareceram na \u00e1rea. Os moradores afirmam que a pol\u00edcia federal questionou o status legal da comunidade, apesar do fato do governo federal ter conclu\u00eddo um registro de moradores em 2012 para iniciar o processo de titula\u00e7\u00e3o de terras. A SPU tamb\u00e9m passou v\u00e1rios meses em conversa\u00e7\u00f5es com um homem que afirmava ser o presidente da associa\u00e7\u00e3o de moradores local&#8211;mesmo que tal associa\u00e7\u00e3o n\u00e3o exista h\u00e1 dez anos. Um morador questionou:\u00a0&#8220;Por que o Minist\u00e9rio P\u00fablico chamou uma pessoa que se dizia ser presidente da associa\u00e7\u00e3o para uma reuni\u00e3o&#8211;para discutir o futuro de sessenta fam\u00edlias&#8211;se a associa\u00e7\u00e3o n\u00e3o existe h\u00e1 dez anos? Por que fez uma reuni\u00e3o de portas fechadas com uma pessoa que n\u00e3o representa Ara\u00e7atiba?&#8221;<\/p>\n<p><a href=\"http:\/\/rioonwatch.org.br\/wp-content\/uploads\/2018\/10\/Encontro-em-Ara\u00e7atiba.jpg\"><img loading=\"lazy\" decoding=\"async\" class=\"aligncenter wp-image-36991 size-content\" title=\"Reuni\u00e3o de resist\u00eancia da comunidade de Ara\u00e7atiba em maio de 2018. Foto: Jennfier Chrisholm.\" src=\"http:\/\/rioonwatch.org.br\/wp-content\/uploads\/2018\/10\/Encontro-em-Ara\u00e7atiba-620x264.jpg\" alt=\"\" width=\"620\" height=\"264\" srcset=\"https:\/\/rioonwatch.org.br\/wp-content\/uploads\/2018\/10\/Encontro-em-Ara\u00e7atiba-620x264.jpg 620w, https:\/\/rioonwatch.org.br\/wp-content\/uploads\/2018\/10\/Encontro-em-Ara\u00e7atiba-940x400.jpg 940w\" sizes=\"(max-width: 620px) 100vw, 620px\" \/><\/a><\/p>\n<p>Representantes da SPU e do INEA pediram desculpas aos tr\u00eas moradores de Ara\u00e7atiba presentes na audi\u00eancia. Al\u00e9m disso, um promotor p\u00fablico pediu desculpas pelos incidentes envolvendo for\u00e7as policiais federais, que ele explicou serem resultado de confus\u00e3o devido \u00e0 venda ilegal de terras p\u00fablicas em \u00e1reas pr\u00f3ximas, na regi\u00e3o de <a href=\"http:\/\/bit.ly\/1SmE8Zn\" target=\"_blank\" rel=\"noopener\">Guaratiba<\/a>, onde Ara\u00e7atiba est\u00e1 localizada. No entanto, muitas quest\u00f5es permanecem sem resposta. Por que for\u00e7as policiais federais questionaram os moradores sobre o status legal da comunidade quando a comunidade&#8211;que existe h\u00e1 mais de quarenta anos&#8211;est\u00e1 atualmente em processo de regulariza\u00e7\u00e3o fundi\u00e1ria e titula\u00e7\u00e3o? Por que as ag\u00eancias governamentais respons\u00e1veis n\u00e3o verificaram com quem estavam falando, antes de convidar esse indiv\u00edduo para tomar decis\u00f5es importantes sobre o futuro de toda a comunidade? Por que os l\u00edderes reconhecidos da comunidade n\u00e3o foram contatados?<\/p>\n<p>Moradores da Vila Laboriaux, na Rocinha, e da Vila Aut\u00f3dromo tamb\u00e9m se manifestaram sobre a ina\u00e7\u00e3o do governo. Um morador da Vila Laboriaux mencionou que, ap\u00f3s as remo\u00e7\u00f5es em uma parte da comunidade, nada foi feito com a \u00e1rea deserta. O terreno baldio j\u00e1 foi ocupado por indiv\u00edduos que n\u00e3o s\u00e3o da comunidade&#8211;e ainda assim, o governo n\u00e3o tomou medidas.<\/p>\n<p>Maria da Penha, da Vila Aut\u00f3dromo, tamb\u00e9m observou que o <a href=\"http:\/\/bit.ly\/1XpfSbp\" target=\"_blank\" rel=\"noopener\">acordo de reassentamento coletivamente negociado<\/a> entre a comunidade e a Prefeitura n\u00e3o foi respeitado. O acordo&#8211;que foi alcan\u00e7ado ap\u00f3s uma longa luta que terminou com a <a href=\"http:\/\/bit.ly\/HistoriaDaVila\" target=\"_blank\" rel=\"noopener\">remo\u00e7\u00e3o da grande maioria dos moradores<\/a>&#8211;incluiu a promessa da documenta\u00e7\u00e3o oficial para provar a posse e <a href=\"http:\/\/bit.ly\/1R3RMAY\" target=\"_blank\" rel=\"noopener\">urbaniza\u00e7\u00f5es futuras para os moradores remanescentes<\/a>. \u201cN\u00f3s temos um acordo, a Vila Aut\u00f3dromo tem um acordo com a prefeitura, dela nos dar os documentos. At\u00e9 hoje, nada foi feito. Estou morando h\u00e1 dois anos sem documenta\u00e7\u00e3o e sem a segunda parte da obra. O que n\u00f3s temos que fazer \u00e9 realmente lutar e dizer que temos o direito de ficar. Favela faz parte da cidade, \u00e9 l\u00e1 que n\u00f3s moramos, \u00e9 l\u00e1 que n\u00f3s estamos felizes. E n\u00f3s n\u00e3o temos que ser removidos. As favelas t\u00eam que ser urbanizadas e respeitadas. Direito de moradia \u00e9 para todos, n\u00e3o s\u00f3 para a minoria.&#8221;<\/p>\n<h3>3. Moradores esperam promessas n\u00e3o cumpridas<\/h3>\n<p>Outro caso discutido foi o da Vila H\u00edpica, onde <a href=\"http:\/\/bit.ly\/2MjPU9s\" target=\"_blank\" rel=\"noopener\">a eletricidade est\u00e1 cortada h\u00e1 anos<\/a>, sem explica\u00e7\u00e3o. O ICMBio, que administra o\u00a0<a href=\"http:\/\/bit.ly\/1t6RJNa\" target=\"_blank\" rel=\"noopener\">Parque Nacional da Tijuca<\/a>, \u00e9 o respons\u00e1vel direto neste caso. O representante presente na audi\u00eancia prometeu que voltaria a ligar a eletricidade e trabalhar com a comunidade, afirmando: &#8220;N\u00f3s vamos resolver isso&#8221;. Ele tamb\u00e9m observou que ningu\u00e9m pode viver sem eletricidade. Por\u00e9m, n\u00e3o \u00e9 a primeira vez que um representante do ICMBio promete corrigir a situa\u00e7\u00e3o na Vila H\u00edpica. Ap\u00f3s a reuni\u00e3o, os <a href=\"http:\/\/bit.ly\/2jOtulR\" target=\"_blank\" rel=\"noopener\">moradores permanecem c\u00e9ticos<\/a> de que tudo mudar\u00e1, mesmo com a promessa do representante do ICMBio que foi registrada.<\/p>\n<p><a href=\"http:\/\/rioonwatch.org.br\/wp-content\/uploads\/2018\/10\/Hipica_Banner.jpg\"><img loading=\"lazy\" decoding=\"async\" class=\"aligncenter wp-image-36990 size-content\" title=\"Banner em protesto contra a n\u00e3o provis\u00e3o de servi\u00e7os na Vila H\u00edpica, onde desde 2013 n\u00e3o h\u00e1 luz, como parte de uma remo\u00e7\u00e3o passiva. Foto: Jennifer Chrisholm, mar\u00e7o de 2017.\" src=\"http:\/\/rioonwatch.org.br\/wp-content\/uploads\/2018\/10\/Hipica_Banner-620x264.jpg\" alt=\"\" width=\"620\" height=\"264\" srcset=\"https:\/\/rioonwatch.org.br\/wp-content\/uploads\/2018\/10\/Hipica_Banner-620x264.jpg 620w, https:\/\/rioonwatch.org.br\/wp-content\/uploads\/2018\/10\/Hipica_Banner-940x400.jpg 940w\" sizes=\"(max-width: 620px) 100vw, 620px\" \/><\/a><\/p>\n<h3>4. Plano Estrat\u00e9gico do Prefeito Crivella ainda paira<\/h3>\n<p>A amea\u00e7a iminente do <a href=\"http:\/\/bit.ly\/2tWrpKW\" target=\"_blank\" rel=\"noopener\">Plano Estrat\u00e9gico<\/a> de Crivella foi mencionada por muitos moradores e pela representante do NUTH. O Plano cont\u00e9m <a href=\"http:\/\/bit.ly\/2tPJMzV\" target=\"_blank\" rel=\"noopener\">duas metas espec\u00edficas<\/a> relacionadas a remo\u00e7\u00f5es, o primeiro requer estudos sobre a <a href=\"http:\/\/bit.ly\/2tPJMzV\" target=\"_blank\" rel=\"noopener\">\u201crequalifica\u00e7\u00e3o urbana\u201d e a verticaliza\u00e7\u00e3o de Rio das Pedras<\/a>&#8211;o que envolveria a interrup\u00e7\u00e3o e prov\u00e1vel remo\u00e7\u00e3o de partes significativas da grande comunidade. O segundo prev\u00ea a remo\u00e7\u00e3o de 14.000 casas na regi\u00e3o do Maci\u00e7o da Tijuca devido a &#8220;risco ambiental&#8221;. Os moradores de Rio das Pedras estiveram presentes na audi\u00eancia e afirmaram que a remo\u00e7\u00e3o continua sendo uma preocupa\u00e7\u00e3o, apesar da <a href=\"http:\/\/bit.ly\/2A11LEt\" target=\"_blank\" rel=\"noopener\">vit\u00f3ria da comunidade em derrotar<\/a> a proposta original de verticaliza\u00e7\u00e3o de Crivella no ano passado. Este ano, <a href=\"http:\/\/bit.ly\/2no36jQ\" target=\"_blank\" rel=\"noopener\">a Light tem pressionado intensamente os moradores<\/a>. Embora uma <a href=\"http:\/\/bit.ly\/2qG1uDP\" target=\"_blank\" rel=\"noopener\">lei tenha sido aprovada em abril<\/a>&#8211;for\u00e7ando a Light a remover medidores el\u00e9tricos problem\u00e1ticos&#8211;os moradores continuam recebendo contas de eletricidade muito altas. A comunidade tamb\u00e9m sofreu um <a href=\"http:\/\/bit.ly\/2IcJZRT\" target=\"_blank\" rel=\"noopener\">d\u00e9ficit de professores de escolas p\u00fablicas<\/a> no in\u00edcio do ano, dificultando a garantia do <a href=\"http:\/\/bit.ly\/2CEjgid\" target=\"_blank\" rel=\"noopener\">direito constitucional das crian\u00e7as<\/a> \u00e0 educa\u00e7\u00e3o p\u00fablica.<\/p>\n<p>Al\u00e9m disso, alguns moradores acreditam que o projeto de Crivella para Rio das Pedras, conforme definido no Plano Estrat\u00e9gico, n\u00e3o est\u00e1, de fato, morto. Crivella <a href=\"http:\/\/bit.ly\/2JtCb2c\" target=\"_blank\" rel=\"noopener\">recentemente negociou terras<\/a> com o governo do Estado do Rio de Janeiro e adquiriu uma \u00e1rea perto de Rio das Pedras, onde ele alega que pretende construir 10.000 unidades habitacionais at\u00e9 2020. Ningu\u00e9m sabe se este an\u00fancio sinaliza a prepara\u00e7\u00e3o para outra tentativa de remo\u00e7\u00e3o na \u00e1rea, mas os moradores continuam comprometidos em resistir a tais amea\u00e7as. O presidente da Comiss\u00e3o de Moradores de Rio das Pedras disse: \u201cO tormento da remo\u00e7\u00e3o continua. N\u00f3s vamos lutar e ele n\u00e3o poder\u00e1 fazer isso porque somos fortes&#8221;.<\/p>\n<p><a href=\"http:\/\/rioonwatch.org.br\/wp-content\/uploads\/2018\/10\/Audi\u00eancia-P\u00fablica-Remo\u00e7\u00f5es-2.jpg\"><img loading=\"lazy\" decoding=\"async\" class=\"aligncenter wp-image-36989 size-medium\" title=\"Foto: David Miranda.\" src=\"http:\/\/rioonwatch.org.br\/wp-content\/uploads\/2018\/10\/Audi\u00eancia-P\u00fablica-Remo\u00e7\u00f5es-2-620x264.jpg\" alt=\"\" width=\"620\" height=\"264\" \/><\/a><\/p>\n<p>Houveram tamb\u00e9m conclus\u00f5es positivas da audi\u00eancia p\u00fablica. Os moradores expressaram suas opini\u00f5es e algumas autoridades do governo prometeram trabalhar em busca de solu\u00e7\u00f5es positivas. Os membros das comunidades agradeceram aos defensores p\u00fablicos federais e estaduais por sua dedica\u00e7\u00e3o e prometeram seguir em frente na luta por seus direitos.<\/p>\n<!-- AddThis Advanced Settings generic via filter on the_content --><!-- AddThis Share Buttons generic via filter on the_content -->","protected":false},"excerpt":{"rendered":"<div class=\"mh-excerpt\"><p>Click Here for English Na quinta-feira, 27 de setembro, a Defensoria P\u00fablica da Uni\u00e3o (DPU) organizou uma importante\u00a0audi\u00eancia p\u00fablica para tratar da situa\u00e7\u00e3o das favelas localizadas em terras federais que est\u00e3o enfrentando amea\u00e7as de remo\u00e7\u00e3o. <a class=\"mh-excerpt-more\" href=\"https:\/\/rioonwatch.org.br\/?p=36982\" title=\"Quatro Cr\u00edticas Centrais Que Surgiram na Audi\u00eancia P\u00fablica &#8216;Ocupa\u00e7\u00f5es em \u00c1reas Federais&#8217;\">[&#8230;]<\/a><!-- AddThis Advanced Settings generic via filter on get_the_excerpt --><!-- AddThis Share Buttons generic via filter on get_the_excerpt --><\/p>\n<\/div>","protected":false},"author":152,"featured_media":36997,"comment_status":"closed","ping_status":"closed","sticky":false,"template":"","format":"standard","meta":{"_acf_changed":false,"_monsterinsights_skip_tracking":false,"_monsterinsights_sitenote_active":false,"_monsterinsights_sitenote_note":"","_monsterinsights_sitenote_category":0,"footnotes":""},"categories":[1614,1621,346,1626,1612],"tags":[911,2261,1152,90,424,88,484,1162,733,2478,746,569,734,634,635,2224,1982,1037,257,417,2216,1722,358,304,2148,2217,14,1393,55,2107],"writer":[2133],"translator":[1971],"source":[],"ilustrador":[],"fotografo":[],"class_list":{"0":"post-36982","1":"post","2":"type-post","3":"status-publish","4":"format-standard","5":"has-post-thumbnail","7":"category-olhonasremocoes","8":"category-destaque","9":"category-denuncias","10":"category-por-observadores-internacionais","11":"category-sociedade-civil","12":"tag-area-de-risco","13":"tag-aracatiba","14":"tag-consultas-publicas","15":"tag-defensoria-publica","16":"tag-direito-a-moradia","17":"tag-direitos-humanos","18":"tag-prefeito-eduardo-paes","19":"tag-governo-federal","20":"tag-horto","21":"tag-icmbio","22":"tag-indiana","23":"tag-inea","24":"tag-jardim-botanico","25":"tag-laboriaux","26":"tag-light","27":"tag-maracajas","28":"tag-marcelo-crivella","29":"tag-moradia","30":"tag-providencia","31":"tag-negligencia-do-estado","32":"tag-nuth","33":"tag-onu","34":"tag-organizacao-comunitaria","35":"tag-participacao","36":"tag-plano-estrategico","37":"tag-radio-sonda","38":"tag-remocao","39":"tag-rio-das-pedras","40":"tag-vila-autodromo","41":"tag-vila-hipica","42":"writer-tyler-strobl","43":"translator-geovanna-giannini"},"acf":[],"yoast_head":"<!-- This site is optimized with the Yoast SEO plugin v25.6 - https:\/\/yoast.com\/wordpress\/plugins\/seo\/ -->\n<title>Quatro Cr\u00edticas Centrais Que Surgiram na Audi\u00eancia P\u00fablica &#039;Ocupa\u00e7\u00f5es em \u00c1reas Federais&#039; - RioOnWatch<\/title>\n<meta name=\"robots\" content=\"index, follow, max-snippet:-1, max-image-preview:large, max-video-preview:-1\" \/>\n<link rel=\"canonical\" href=\"https:\/\/rioonwatch.org.br\/?p=36982\" \/>\n<meta property=\"og:locale\" content=\"pt_BR\" \/>\n<meta property=\"og:type\" content=\"article\" \/>\n<meta property=\"og:title\" content=\"Quatro Cr\u00edticas Centrais Que Surgiram na Audi\u00eancia P\u00fablica &#039;Ocupa\u00e7\u00f5es em \u00c1reas Federais&#039; - RioOnWatch\" \/>\n<meta property=\"og:description\" content=\"Click Here for English Na quinta-feira, 27 de setembro, a Defensoria P\u00fablica da Uni\u00e3o (DPU) organizou uma importante\u00a0audi\u00eancia p\u00fablica para tratar da situa\u00e7\u00e3o das favelas localizadas em terras federais que est\u00e3o enfrentando amea\u00e7as de remo\u00e7\u00e3o. [...]\" \/>\n<meta property=\"og:url\" content=\"https:\/\/rioonwatch.org.br\/?p=36982\" \/>\n<meta property=\"og:site_name\" content=\"RioOnWatch\" \/>\n<meta property=\"article:published_time\" content=\"2018-10-12T13:45:42+00:00\" \/>\n<meta property=\"article:modified_time\" content=\"2023-05-09T12:56:27+00:00\" \/>\n<meta property=\"og:image\" content=\"https:\/\/rioonwatch.org.br\/wp-content\/uploads\/2018\/10\/Officials.jpg\" \/>\n\t<meta property=\"og:image:width\" content=\"1985\" \/>\n\t<meta property=\"og:image:height\" content=\"765\" \/>\n\t<meta property=\"og:image:type\" content=\"image\/jpeg\" \/>\n<meta name=\"author\" content=\"Luisa Fenizola\" \/>\n<meta name=\"twitter:card\" content=\"summary_large_image\" \/>\n<meta name=\"twitter:label1\" content=\"Escrito por\" \/>\n\t<meta name=\"twitter:data1\" content=\"Luisa Fenizola\" \/>\n\t<meta name=\"twitter:label2\" content=\"Est. tempo de leitura\" \/>\n\t<meta name=\"twitter:data2\" content=\"9 minutos\" \/>\n<script type=\"application\/ld+json\" class=\"yoast-schema-graph\">{\"@context\":\"https:\/\/schema.org\",\"@graph\":[{\"@type\":\"Article\",\"@id\":\"https:\/\/rioonwatch.org.br\/?p=36982#article\",\"isPartOf\":{\"@id\":\"https:\/\/rioonwatch.org.br\/?p=36982\"},\"author\":{\"name\":\"Luisa Fenizola\",\"@id\":\"https:\/\/rioonwatch.org.br\/#\/schema\/person\/f443c6b55bb6e80842280318076491c5\"},\"headline\":\"Quatro Cr\u00edticas Centrais Que Surgiram na Audi\u00eancia P\u00fablica &#8216;Ocupa\u00e7\u00f5es em \u00c1reas Federais&#8217;\",\"datePublished\":\"2018-10-12T13:45:42+00:00\",\"dateModified\":\"2023-05-09T12:56:27+00:00\",\"mainEntityOfPage\":{\"@id\":\"https:\/\/rioonwatch.org.br\/?p=36982\"},\"wordCount\":1755,\"publisher\":{\"@id\":\"https:\/\/rioonwatch.org.br\/#organization\"},\"image\":{\"@id\":\"https:\/\/rioonwatch.org.br\/?p=36982#primaryimage\"},\"thumbnailUrl\":\"https:\/\/rioonwatch.org.br\/wp-content\/uploads\/2018\/10\/Officials.jpg\",\"keywords\":[\"\\\"\u00e1rea de risco\\\"\",\"Ara\u00e7atiba\",\"Consultas p\u00fablicas\",\"Defensoria P\u00fablica\",\"Direito \u00e0 Moradia\",\"Direitos Humanos\",\"Eduardo Paes\",\"Governo Federal\",\"Horto\",\"ICMBio\",\"Indiana\",\"INEA\",\"Jardim Bot\u00e2nico\",\"Laboriaux\",\"Light\",\"Maracaj\u00e1s\",\"Marcelo Crivella\",\"moradia\",\"Morro da Provid\u00eancia\",\"Neglig\u00eancia do Estado\",\"NUTH\",\"ONU\",\"organiza\u00e7\u00e3o comunit\u00e1ria\",\"participa\u00e7\u00e3o\",\"Plano Estrat\u00e9gico\",\"R\u00e1dio Sonda\",\"Remo\u00e7\u00e3o\",\"Rio das Pedras\",\"Vila Aut\u00f3dromo\",\"Vila H\u00edpica\"],\"articleSection\":[\"#OlhoNasRemo\u00e7\u00f5es\",\"*Destaque\",\"Den\u00fancias\",\"Escrito por Aliados\",\"Sociedade Civil\"],\"inLanguage\":\"pt-BR\"},{\"@type\":\"WebPage\",\"@id\":\"https:\/\/rioonwatch.org.br\/?p=36982\",\"url\":\"https:\/\/rioonwatch.org.br\/?p=36982\",\"name\":\"Quatro Cr\u00edticas Centrais Que Surgiram na Audi\u00eancia P\u00fablica 'Ocupa\u00e7\u00f5es em \u00c1reas Federais' - RioOnWatch\",\"isPartOf\":{\"@id\":\"https:\/\/rioonwatch.org.br\/#website\"},\"primaryImageOfPage\":{\"@id\":\"https:\/\/rioonwatch.org.br\/?p=36982#primaryimage\"},\"image\":{\"@id\":\"https:\/\/rioonwatch.org.br\/?p=36982#primaryimage\"},\"thumbnailUrl\":\"https:\/\/rioonwatch.org.br\/wp-content\/uploads\/2018\/10\/Officials.jpg\",\"datePublished\":\"2018-10-12T13:45:42+00:00\",\"dateModified\":\"2023-05-09T12:56:27+00:00\",\"breadcrumb\":{\"@id\":\"https:\/\/rioonwatch.org.br\/?p=36982#breadcrumb\"},\"inLanguage\":\"pt-BR\",\"potentialAction\":[{\"@type\":\"ReadAction\",\"target\":[\"https:\/\/rioonwatch.org.br\/?p=36982\"]}]},{\"@type\":\"ImageObject\",\"inLanguage\":\"pt-BR\",\"@id\":\"https:\/\/rioonwatch.org.br\/?p=36982#primaryimage\",\"url\":\"https:\/\/rioonwatch.org.br\/wp-content\/uploads\/2018\/10\/Officials.jpg\",\"contentUrl\":\"https:\/\/rioonwatch.org.br\/wp-content\/uploads\/2018\/10\/Officials.jpg\",\"width\":1985,\"height\":765},{\"@type\":\"BreadcrumbList\",\"@id\":\"https:\/\/rioonwatch.org.br\/?p=36982#breadcrumb\",\"itemListElement\":[{\"@type\":\"ListItem\",\"position\":1,\"name\":\"In\u00edcio\",\"item\":\"https:\/\/rioonwatch.org.br\/\"},{\"@type\":\"ListItem\",\"position\":2,\"name\":\"Quatro Cr\u00edticas Centrais Que Surgiram na Audi\u00eancia P\u00fablica &#8216;Ocupa\u00e7\u00f5es em \u00c1reas Federais&#8217;\"}]},{\"@type\":\"WebSite\",\"@id\":\"https:\/\/rioonwatch.org.br\/#website\",\"url\":\"https:\/\/rioonwatch.org.br\/\",\"name\":\"RioOnWatch\",\"description\":\"relatos das favelas cariocas\",\"publisher\":{\"@id\":\"https:\/\/rioonwatch.org.br\/#organization\"},\"potentialAction\":[{\"@type\":\"SearchAction\",\"target\":{\"@type\":\"EntryPoint\",\"urlTemplate\":\"https:\/\/rioonwatch.org.br\/?s={search_term_string}\"},\"query-input\":{\"@type\":\"PropertyValueSpecification\",\"valueRequired\":true,\"valueName\":\"search_term_string\"}}],\"inLanguage\":\"pt-BR\"},{\"@type\":\"Organization\",\"@id\":\"https:\/\/rioonwatch.org.br\/#organization\",\"name\":\"RioOnWatch\",\"url\":\"https:\/\/rioonwatch.org.br\/\",\"logo\":{\"@type\":\"ImageObject\",\"inLanguage\":\"pt-BR\",\"@id\":\"https:\/\/rioonwatch.org.br\/#\/schema\/logo\/image\/\",\"url\":\"https:\/\/rioonwatch.org.br\/wp-content\/uploads\/2021\/06\/RioOnWatchcabecalhoPT11anos-2.png\",\"contentUrl\":\"https:\/\/rioonwatch.org.br\/wp-content\/uploads\/2021\/06\/RioOnWatchcabecalhoPT11anos-2.png\",\"width\":779,\"height\":277,\"caption\":\"RioOnWatch\"},\"image\":{\"@id\":\"https:\/\/rioonwatch.org.br\/#\/schema\/logo\/image\/\"}},{\"@type\":\"Person\",\"@id\":\"https:\/\/rioonwatch.org.br\/#\/schema\/person\/f443c6b55bb6e80842280318076491c5\",\"name\":\"Luisa Fenizola\",\"image\":{\"@type\":\"ImageObject\",\"inLanguage\":\"pt-BR\",\"@id\":\"https:\/\/rioonwatch.org.br\/#\/schema\/person\/image\/\",\"url\":\"https:\/\/secure.gravatar.com\/avatar\/a3d551110162b9f876cbbdaaecf75663?s=96&d=blank&r=g\",\"contentUrl\":\"https:\/\/secure.gravatar.com\/avatar\/a3d551110162b9f876cbbdaaecf75663?s=96&d=blank&r=g\",\"caption\":\"Luisa Fenizola\"},\"url\":\"https:\/\/rioonwatch.org.br\/?author=152\"}]}<\/script>\n<!-- \/ Yoast SEO plugin. -->","yoast_head_json":{"title":"Quatro Cr\u00edticas Centrais Que Surgiram na Audi\u00eancia P\u00fablica 'Ocupa\u00e7\u00f5es em \u00c1reas Federais' - RioOnWatch","robots":{"index":"index","follow":"follow","max-snippet":"max-snippet:-1","max-image-preview":"max-image-preview:large","max-video-preview":"max-video-preview:-1"},"canonical":"https:\/\/rioonwatch.org.br\/?p=36982","og_locale":"pt_BR","og_type":"article","og_title":"Quatro Cr\u00edticas Centrais Que Surgiram na Audi\u00eancia P\u00fablica 'Ocupa\u00e7\u00f5es em \u00c1reas Federais' - RioOnWatch","og_description":"Click Here for English Na quinta-feira, 27 de setembro, a Defensoria P\u00fablica da Uni\u00e3o (DPU) organizou uma importante\u00a0audi\u00eancia p\u00fablica para tratar da situa\u00e7\u00e3o das favelas localizadas em terras federais que est\u00e3o enfrentando amea\u00e7as de remo\u00e7\u00e3o. [...]","og_url":"https:\/\/rioonwatch.org.br\/?p=36982","og_site_name":"RioOnWatch","article_published_time":"2018-10-12T13:45:42+00:00","article_modified_time":"2023-05-09T12:56:27+00:00","og_image":[{"width":1985,"height":765,"url":"https:\/\/rioonwatch.org.br\/wp-content\/uploads\/2018\/10\/Officials.jpg","type":"image\/jpeg"}],"author":"Luisa Fenizola","twitter_card":"summary_large_image","twitter_misc":{"Escrito por":"Luisa Fenizola","Est. tempo de leitura":"9 minutos"},"schema":{"@context":"https:\/\/schema.org","@graph":[{"@type":"Article","@id":"https:\/\/rioonwatch.org.br\/?p=36982#article","isPartOf":{"@id":"https:\/\/rioonwatch.org.br\/?p=36982"},"author":{"name":"Luisa Fenizola","@id":"https:\/\/rioonwatch.org.br\/#\/schema\/person\/f443c6b55bb6e80842280318076491c5"},"headline":"Quatro Cr\u00edticas Centrais Que Surgiram na Audi\u00eancia P\u00fablica &#8216;Ocupa\u00e7\u00f5es em \u00c1reas Federais&#8217;","datePublished":"2018-10-12T13:45:42+00:00","dateModified":"2023-05-09T12:56:27+00:00","mainEntityOfPage":{"@id":"https:\/\/rioonwatch.org.br\/?p=36982"},"wordCount":1755,"publisher":{"@id":"https:\/\/rioonwatch.org.br\/#organization"},"image":{"@id":"https:\/\/rioonwatch.org.br\/?p=36982#primaryimage"},"thumbnailUrl":"https:\/\/rioonwatch.org.br\/wp-content\/uploads\/2018\/10\/Officials.jpg","keywords":["\"\u00e1rea de risco\"","Ara\u00e7atiba","Consultas p\u00fablicas","Defensoria P\u00fablica","Direito \u00e0 Moradia","Direitos Humanos","Eduardo Paes","Governo Federal","Horto","ICMBio","Indiana","INEA","Jardim Bot\u00e2nico","Laboriaux","Light","Maracaj\u00e1s","Marcelo Crivella","moradia","Morro da Provid\u00eancia","Neglig\u00eancia do Estado","NUTH","ONU","organiza\u00e7\u00e3o comunit\u00e1ria","participa\u00e7\u00e3o","Plano Estrat\u00e9gico","R\u00e1dio Sonda","Remo\u00e7\u00e3o","Rio das Pedras","Vila Aut\u00f3dromo","Vila H\u00edpica"],"articleSection":["#OlhoNasRemo\u00e7\u00f5es","*Destaque","Den\u00fancias","Escrito por Aliados","Sociedade Civil"],"inLanguage":"pt-BR"},{"@type":"WebPage","@id":"https:\/\/rioonwatch.org.br\/?p=36982","url":"https:\/\/rioonwatch.org.br\/?p=36982","name":"Quatro Cr\u00edticas Centrais Que Surgiram na Audi\u00eancia P\u00fablica 'Ocupa\u00e7\u00f5es em \u00c1reas Federais' - RioOnWatch","isPartOf":{"@id":"https:\/\/rioonwatch.org.br\/#website"},"primaryImageOfPage":{"@id":"https:\/\/rioonwatch.org.br\/?p=36982#primaryimage"},"image":{"@id":"https:\/\/rioonwatch.org.br\/?p=36982#primaryimage"},"thumbnailUrl":"https:\/\/rioonwatch.org.br\/wp-content\/uploads\/2018\/10\/Officials.jpg","datePublished":"2018-10-12T13:45:42+00:00","dateModified":"2023-05-09T12:56:27+00:00","breadcrumb":{"@id":"https:\/\/rioonwatch.org.br\/?p=36982#breadcrumb"},"inLanguage":"pt-BR","potentialAction":[{"@type":"ReadAction","target":["https:\/\/rioonwatch.org.br\/?p=36982"]}]},{"@type":"ImageObject","inLanguage":"pt-BR","@id":"https:\/\/rioonwatch.org.br\/?p=36982#primaryimage","url":"https:\/\/rioonwatch.org.br\/wp-content\/uploads\/2018\/10\/Officials.jpg","contentUrl":"https:\/\/rioonwatch.org.br\/wp-content\/uploads\/2018\/10\/Officials.jpg","width":1985,"height":765},{"@type":"BreadcrumbList","@id":"https:\/\/rioonwatch.org.br\/?p=36982#breadcrumb","itemListElement":[{"@type":"ListItem","position":1,"name":"In\u00edcio","item":"https:\/\/rioonwatch.org.br\/"},{"@type":"ListItem","position":2,"name":"Quatro Cr\u00edticas Centrais Que Surgiram na Audi\u00eancia P\u00fablica &#8216;Ocupa\u00e7\u00f5es em \u00c1reas Federais&#8217;"}]},{"@type":"WebSite","@id":"https:\/\/rioonwatch.org.br\/#website","url":"https:\/\/rioonwatch.org.br\/","name":"RioOnWatch","description":"relatos das favelas cariocas","publisher":{"@id":"https:\/\/rioonwatch.org.br\/#organization"},"potentialAction":[{"@type":"SearchAction","target":{"@type":"EntryPoint","urlTemplate":"https:\/\/rioonwatch.org.br\/?s={search_term_string}"},"query-input":{"@type":"PropertyValueSpecification","valueRequired":true,"valueName":"search_term_string"}}],"inLanguage":"pt-BR"},{"@type":"Organization","@id":"https:\/\/rioonwatch.org.br\/#organization","name":"RioOnWatch","url":"https:\/\/rioonwatch.org.br\/","logo":{"@type":"ImageObject","inLanguage":"pt-BR","@id":"https:\/\/rioonwatch.org.br\/#\/schema\/logo\/image\/","url":"https:\/\/rioonwatch.org.br\/wp-content\/uploads\/2021\/06\/RioOnWatchcabecalhoPT11anos-2.png","contentUrl":"https:\/\/rioonwatch.org.br\/wp-content\/uploads\/2021\/06\/RioOnWatchcabecalhoPT11anos-2.png","width":779,"height":277,"caption":"RioOnWatch"},"image":{"@id":"https:\/\/rioonwatch.org.br\/#\/schema\/logo\/image\/"}},{"@type":"Person","@id":"https:\/\/rioonwatch.org.br\/#\/schema\/person\/f443c6b55bb6e80842280318076491c5","name":"Luisa Fenizola","image":{"@type":"ImageObject","inLanguage":"pt-BR","@id":"https:\/\/rioonwatch.org.br\/#\/schema\/person\/image\/","url":"https:\/\/secure.gravatar.com\/avatar\/a3d551110162b9f876cbbdaaecf75663?s=96&d=blank&r=g","contentUrl":"https:\/\/secure.gravatar.com\/avatar\/a3d551110162b9f876cbbdaaecf75663?s=96&d=blank&r=g","caption":"Luisa Fenizola"},"url":"https:\/\/rioonwatch.org.br\/?author=152"}]}},"_links":{"self":[{"href":"https:\/\/rioonwatch.org.br\/index.php?rest_route=\/wp\/v2\/posts\/36982"}],"collection":[{"href":"https:\/\/rioonwatch.org.br\/index.php?rest_route=\/wp\/v2\/posts"}],"about":[{"href":"https:\/\/rioonwatch.org.br\/index.php?rest_route=\/wp\/v2\/types\/post"}],"author":[{"embeddable":true,"href":"https:\/\/rioonwatch.org.br\/index.php?rest_route=\/wp\/v2\/users\/152"}],"replies":[{"embeddable":true,"href":"https:\/\/rioonwatch.org.br\/index.php?rest_route=%2Fwp%2Fv2%2Fcomments&post=36982"}],"version-history":[{"count":13,"href":"https:\/\/rioonwatch.org.br\/index.php?rest_route=\/wp\/v2\/posts\/36982\/revisions"}],"predecessor-version":[{"id":37016,"href":"https:\/\/rioonwatch.org.br\/index.php?rest_route=\/wp\/v2\/posts\/36982\/revisions\/37016"}],"wp:featuredmedia":[{"embeddable":true,"href":"https:\/\/rioonwatch.org.br\/index.php?rest_route=\/wp\/v2\/media\/36997"}],"wp:attachment":[{"href":"https:\/\/rioonwatch.org.br\/index.php?rest_route=%2Fwp%2Fv2%2Fmedia&parent=36982"}],"wp:term":[{"taxonomy":"category","embeddable":true,"href":"https:\/\/rioonwatch.org.br\/index.php?rest_route=%2Fwp%2Fv2%2Fcategories&post=36982"},{"taxonomy":"post_tag","embeddable":true,"href":"https:\/\/rioonwatch.org.br\/index.php?rest_route=%2Fwp%2Fv2%2Ftags&post=36982"},{"taxonomy":"writer","embeddable":true,"href":"https:\/\/rioonwatch.org.br\/index.php?rest_route=%2Fwp%2Fv2%2Fwriter&post=36982"},{"taxonomy":"translator","embeddable":true,"href":"https:\/\/rioonwatch.org.br\/index.php?rest_route=%2Fwp%2Fv2%2Ftranslator&post=36982"},{"taxonomy":"source","embeddable":true,"href":"https:\/\/rioonwatch.org.br\/index.php?rest_route=%2Fwp%2Fv2%2Fsource&post=36982"},{"taxonomy":"ilustrador","embeddable":true,"href":"https:\/\/rioonwatch.org.br\/index.php?rest_route=%2Fwp%2Fv2%2Filustrador&post=36982"},{"taxonomy":"fotografo","embeddable":true,"href":"https:\/\/rioonwatch.org.br\/index.php?rest_route=%2Fwp%2Fv2%2Ffotografo&post=36982"}],"curies":[{"name":"wp","href":"https:\/\/api.w.org\/{rel}","templated":true}]}}