{"id":37040,"date":"2018-10-23T10:42:53","date_gmt":"2018-10-23T13:42:53","guid":{"rendered":"http:\/\/rioonwatch.org.br\/?p=37040"},"modified":"2018-10-25T10:28:54","modified_gmt":"2018-10-25T13:28:54","slug":"cinco-formas-pelas-quais-a-concepcao-eleitoral-formata-uma-democracia-entendendo-o-sistema-brasileiro-referencia","status":"publish","type":"post","link":"https:\/\/rioonwatch.org.br\/?p=37040","title":{"rendered":"5 Formas Pelas Quais a Concep\u00e7\u00e3o Eleitoral Brasileira Formata Nossa Democracia [REFER\u00caNCIA]"},"content":{"rendered":"<p style=\"text-align: right; padding-left: 30px;\"><em><strong><a href=\"http:\/\/bit.ly\/2A8rAo2\" target=\"_blank\" rel=\"noopener noreferrer\">Click Here for English<\/a><a href=\"http:\/\/bit.ly\/2QzhW33\" target=\"_blank\" rel=\"noopener noreferrer\"><img decoding=\"async\" width=\"20\" height=\"20\" class=\"alignright wp-image-15790\" src=\"http:\/\/rioonwatch.org.br\/wp-content\/uploads\/2012\/08\/EN-standard-e1439583104716.jpg\" \/><\/a><\/strong><\/em><\/p>\n<p>Talvez fosse apropriado que uma elei\u00e7\u00e3o com incompar\u00e1vel turbul\u00eancia&#8211;com uma <a href=\"http:\/\/bit.ly\/2pYCg2L\" target=\"_blank\" rel=\"noopener\">tentativa de assassinato<\/a> e um <a href=\"http:\/\/bit.ly\/2Cpo8a5\" target=\"_blank\" rel=\"noopener\">ex-presidente fazendo campanha de dentro da pris\u00e3o<\/a>&#8211;fosse quase decidida no primeiro turno da vota\u00e7\u00e3o com uma reviravolta chocante e final. Conforme a contagem dos votos foi sendo revelada de todos os cantos do Brasil no anoitecer do domingo, 7 de outubro, o candidato nacionalista de extrema direita Jair Bolsonaro do <a href=\"http:\/\/bit.ly\/2pFsMt8\" target=\"_blank\" rel=\"noopener\">Partido Social Liberal<\/a> (PSL) liderou com <a href=\"https:\/\/glo.bo\/2pZEDlL\" target=\"_blank\" rel=\"noopener\">46% dos votos v\u00e1lidos<\/a>&#8211;o suficiente para chocar uma na\u00e7\u00e3o, mas n\u00e3o o suficiente para obter a presid\u00eancia definitivamente. Ao inv\u00e9s disso, ele participar\u00e1 de um segundo turno em 28 de outubro contra o candidato de esquerda do <a href=\"http:\/\/bit.ly\/2OcbEWR\" target=\"_blank\" rel=\"noopener\">Partido dos Trabalhadores<\/a> (PT)\u00a0<a href=\"http:\/\/bit.ly\/2NYjxCR\" target=\"_blank\" rel=\"noopener\">Fernando Haddad<\/a>.<\/p>\n<p>O sistema eleitoral brasileiro pode ser confuso, especialmente para os observadores internacionais. Porque h\u00e1 dois turnos de vota\u00e7\u00e3o? Como os votos s\u00e3o contados t\u00e3o rapidamente? Como estas regras afetam o resultado das elei\u00e7\u00f5es?<\/p>\n<p><a href=\"http:\/\/rioonwatch.org.br\/wp-content\/uploads\/2018\/10\/Fernando-Haddad-e-Manuela-dAvila.jpg\"><img fetchpriority=\"high\" decoding=\"async\" class=\"aligncenter wp-image-37044 size-content\" title=\"Candidato do PT, Haddad, com sua vice, Manuela D'\u00c1vila (direita) e sua esposa, Ana Estela Haddad (esquerda). Foto: Rodrigo Stuckert.\" src=\"http:\/\/rioonwatch.org.br\/wp-content\/uploads\/2018\/10\/Fernando-Haddad-e-Manuela-dAvila-620x264.jpg\" alt=\"\" width=\"620\" height=\"264\" srcset=\"https:\/\/rioonwatch.org.br\/wp-content\/uploads\/2018\/10\/Fernando-Haddad-e-Manuela-dAvila-620x264.jpg 620w, https:\/\/rioonwatch.org.br\/wp-content\/uploads\/2018\/10\/Fernando-Haddad-e-Manuela-dAvila-940x400.jpg 940w\" sizes=\"(max-width: 620px) 100vw, 620px\" \/><\/a><\/p>\n<p><a href=\"http:\/\/rioonwatch.org.br\/wp-content\/uploads\/2018\/10\/Jair-Bolsonaro.jpg\"><img decoding=\"async\" class=\"aligncenter wp-image-37043 size-full\" title=\"Imagem do candidato do PSL, Jair Bolsonaro. Foto: Fernando Fraz\u00e3o \/ Ag\u00eancia Brasil.\" src=\"http:\/\/rioonwatch.org.br\/wp-content\/uploads\/2018\/10\/Jair-Bolsonaro.jpg\" alt=\"\" width=\"620\" height=\"264\" \/><\/a><\/p>\n<p>A concep\u00e7\u00e3o do sistema eleitoral de cada democracia define os resultados pol\u00edticos de maneiras intencionais e n\u00e3o intencionais. As regras do sistema podem modificar os resultados eleitorais explicitamente&#8211;como nos Estados Unidos, onde <a href=\"https:\/\/glo.bo\/2J7UcAw\" target=\"_blank\" rel=\"noopener\">dois dos \u00faltimos tr\u00eas presidentes perderam o voto popular<\/a>. Por outro lado, os est\u00edmulos do sistema podem modificar sutilmente a elabora\u00e7\u00e3o de pol\u00edticas durante anos ap\u00f3s o dia das elei\u00e7\u00f5es. Elementos das elei\u00e7\u00f5es simples, por\u00e9m fundamentais, como <a href=\"http:\/\/bit.ly\/2PpUcyq\">a concep\u00e7\u00e3o das c\u00e9dulas<\/a>, podem determinar discretamente quem fica empoderado e quem fica prejudicado.<\/p>\n<p>A democracia do Brasil, como a dos Estados Unidos, \u00e9 imperfeita. Ambos os pa\u00edses lutam para tornar poss\u00edvel a representa\u00e7\u00e3o de uma vasta popula\u00e7\u00e3o com prioridades competitivas, e ambos s\u00e3o atormentados por muitas das mesmas m\u00e3os invis\u00edveis que definem as elei\u00e7\u00f5es nos bastidores&#8211;dinheiro sem origem comprovada, interesses corporativos, e <a href=\"http:\/\/bit.ly\/2rYFc3h\" target=\"_blank\" rel=\"noopener\">not\u00edcias intencionalmente falsas ou enganosas<\/a>, para citar algumas. Entretanto, as elei\u00e7\u00f5es brasileiras possuem elementos singulares para abordar as quest\u00f5es inerentes \u00e0 democracia que s\u00e3o diferentes das caracter\u00edsticas do sistema eleitoral americano. Nesta mat\u00e9ria, focalizaremos cinco aspectos-chave: o sistema multipartid\u00e1rio, os dois turnos, o voto compuls\u00f3rio, a vota\u00e7\u00e3o eletr\u00f4nica, e a natureza altamente regulada das campanhas pol\u00edticas.<\/p>\n<h3>Explicando a Pol\u00edtica Brasileira<\/h3>\n<p>O Brasil \u00e9 dividido em 26 estados e um Distrito Federal (onde est\u00e1 localizada a capital, Bras\u00edlia), todos sob a jurisdi\u00e7\u00e3o do governo federal. O governo federal \u00e9 dividido em tr\u00eas ramos: o ramo executivo, encabe\u00e7ado pelo presidente; o ramo legislativo, conhecido como o <a href=\"http:\/\/bit.ly\/2m0rsio\" target=\"_blank\" rel=\"noopener\">Congresso Nacional<\/a>, que \u00e9 dividido no <a href=\"http:\/\/bit.ly\/2RXYiiV\" target=\"_blank\" rel=\"noopener\">Senado<\/a> (81 membros, tr\u00eas para cada estado mais o Distrito Federal) e a <a href=\"http:\/\/bit.ly\/2CxbfuM\" target=\"_blank\" rel=\"noopener\">C\u00e2mara dos Deputados<\/a> (513 membros, cada estado e o Distrito Federal com 8 a 70 lugares com base na popula\u00e7\u00e3o); e o ramo judici\u00e1rio, com a <a href=\"http:\/\/bit.ly\/2AnoLjb\" target=\"_blank\" rel=\"noopener\">Supremo Tribunal Federal<\/a> (11 ju\u00edzes) e tribunais federais de inst\u00e2ncia inferior.<\/p>\n<p>As elei\u00e7\u00f5es gerais s\u00e3o realizadas a cada quatro anos. Os presidentes s\u00e3o limitados a dois per\u00edodos consecutivos de quatro anos, mas podem candidatar-se novamente ap\u00f3s um intervalo de um per\u00edodo. Os senadores s\u00e3o eleitos para um per\u00edodo de oito anos, enquanto os deputados para um per\u00edodo de quatro anos. Os ju\u00edzes da Supremo Tribunal Federal (conhecidos como ministros) s\u00e3o nomeados pelo Presidente, confirmados pelo Senado, e servem at\u00e9 a idade compuls\u00f3ria de aposentadoria de 75 anos.<\/p>\n<h3>1. Sistema Multipartid\u00e1rio e Representa\u00e7\u00e3o Proporcional<\/h3>\n<p>A pol\u00edtica brasileira \u00e9 multipartid\u00e1ria e altamente fragmentada. Ap\u00f3s as elei\u00e7\u00f5es de 2018, os representantes de <a href=\"https:\/\/glo.bo\/2QMzx82\">trinta partidos foram eleitos para o Congresso&#8211;estabelecendo um recorde hist\u00f3rico<\/a>.\u00a0Embora certos partidos t\u00eam sido influentes nas \u00faltimas d\u00e9cadas, os partidos mais reconhecidos n\u00e3o dominam como os Democratas ou Republicanos o fazem nos Estados Unidos. O potencial para partidos proeminentes dominar \u00e9 ainda mais prejudicado devido \u00e0 <a href=\"http:\/\/bit.ly\/2NH0OYA\" target=\"_blank\" rel=\"noopener\">relativa facilidade de criar novos partidos<\/a> e \u00e0 fluidez com que tanto os eleitores como os candidatos trocam de partido. Entretanto, o Partido dos Trabalhadores (PT)&#8211;adorado por muitos apoiadores por instituir <a href=\"http:\/\/bit.ly\/2PnIZBP\" target=\"_blank\" rel=\"noopener\">programas sociais que tiraram milh\u00f5es da pobreza<\/a>, odiado por outros pelo seu papel no <a href=\"http:\/\/bit.ly\/2wOhmYp\" target=\"_blank\" rel=\"noopener\">enorme esc\u00e2ndalo Lava Jato<\/a>&#8211;\u00e9 a figura gigantesca da pol\u00edtica brasileira contempor\u00e2nea, tendo ganhado as \u00faltimas quatro elei\u00e7\u00f5es presidenciais. No entanto, nem o PT nunca manteve mais de 91 dos 513 lugares na C\u00e2mara dos Deputados ou mais de 14 dos 81 lugares no Senado de uma s\u00f3 vez. Por outro lado, nos Estados Unidos, um partido tem mantido uma maioria absoluta na C\u00e2mara e no Senado em <a href=\"http:\/\/bit.ly\/2OMpLoR\">quase todo o governo<\/a> desde que a era de dois partidos come\u00e7ou nos anos de 1800. Ao inv\u00e9s de for\u00e7ar unilateralmente uma agenda, os partidos brasileiros somente podem governar (ou obstruir) efetivamente com a <a href=\"http:\/\/bit.ly\/2cZ6UAh\" target=\"_blank\" rel=\"noopener\">forma\u00e7\u00e3o de coaliz\u00f5es<\/a> com outros partidos.<\/p>\n<p><a href=\"http:\/\/rioonwatch.org.br\/wp-content\/uploads\/2018\/10\/info-1.jpg\"><img loading=\"lazy\" decoding=\"async\" class=\"aligncenter wp-image-37063 size-full\" src=\"http:\/\/rioonwatch.org.br\/wp-content\/uploads\/2018\/10\/info-1.jpg\" alt=\"\" width=\"604\" height=\"393\" srcset=\"https:\/\/rioonwatch.org.br\/wp-content\/uploads\/2018\/10\/info-1.jpg 604w, https:\/\/rioonwatch.org.br\/wp-content\/uploads\/2018\/10\/info-1-406x264.jpg 406w\" sizes=\"(max-width: 604px) 100vw, 604px\" \/><\/a><\/p>\n<p>No Brasil, os senadores s\u00e3o eleitos de forma clara e direta: dois lugares est\u00e3o dispon\u00edveis de cada vez e os dois mais votados s\u00e3o eleitos. Por outro lado, os lugares na C\u00e2mara dos Deputados s\u00e3o conferidos com base num sistema incrivelmente complexo de representa\u00e7\u00e3o proporcional. Apenas os partidos registrados oficialmente podem apresentar candidatos e eles devem receber um limiar m\u00ednimo de votos, conhecido como o <a href=\"http:\/\/bit.ly\/2yIGVtA\" target=\"_blank\" rel=\"noopener\">quociente eleitoral<\/a> para serem representados. Isto \u00e9 concebido para afastar partidos marginais, mas tamb\u00e9m cria uma barreira alta para partidos novos ou pequenos ultrapassar. Em segundo lugar, os partidos ganham uma propor\u00e7\u00e3o do total dos assentos, conhecida como o <a href=\"http:\/\/bit.ly\/1MZUitL\">quociente do partid\u00e1rio<\/a>, baseado na propor\u00e7\u00e3o do total dos votos recebidos por todos os candidatos do partido. Finalmente, os partidos preenchem os lugares com os mais votados dentro do partido, mas somente se o seu candidato ultrapassar outro limiar de um m\u00ednimo de votos\u2014o lugar \u00e9 perdido para outro partido se um candidato n\u00e3o atingir este limiar.<\/p>\n<p>Ao eleger vereadores, deputados estaduais, e deputados federais, os eleitores t\u00eam a op\u00e7\u00e3o controversa do <a href=\"http:\/\/bit.ly\/2On5syY\" target=\"_blank\" rel=\"noopener\">voto em legenda<\/a>&#8211;uma alternativa ao voto em candidatos individuais. Esta pode ser uma op\u00e7\u00e3o interessante para os eleitores bem-intencionados que est\u00e3o simplesmente perdidos perante as enormes c\u00e9dulas que podem apresentar <a href=\"http:\/\/bit.ly\/2Rx0cH7\">centenas de candidatos<\/a>. No entanto, alguns analistas pol\u00edticos e candidatos t\u00eam <a href=\"http:\/\/bit.ly\/2On5syY\">implorado explicitamente aos eleitores que evitem o voto no partido<\/a>; estes votos s\u00e3o agrupados para calcular o n\u00famero total de lugares ganhos por cada partido, mas n\u00e3o ajudam os candidatos a atingir o seu limiar individual de votos. Nas elei\u00e7\u00f5es do dia 7 de outubro, apenas <a href=\"https:\/\/glo.bo\/2yeT9ut\">27 dos 513 deputados federais foram eleitos exclusivamente atrav\u00e9s de votos ganhos individualmente<\/a>; os outros 486 beneficiaram-se do \u201cexcesso\u201d de votos para esses 27 candidatos e da popularidade dos seus respectivos partidos.<\/p>\n<p><a href=\"http:\/\/rioonwatch.org.br\/wp-content\/uploads\/2018\/10\/info3.jpg\"><img loading=\"lazy\" decoding=\"async\" class=\"aligncenter size-full wp-image-37073\" src=\"http:\/\/rioonwatch.org.br\/wp-content\/uploads\/2018\/10\/info3.jpg\" alt=\"\" width=\"612\" height=\"704\" srcset=\"https:\/\/rioonwatch.org.br\/wp-content\/uploads\/2018\/10\/info3.jpg 612w, https:\/\/rioonwatch.org.br\/wp-content\/uploads\/2018\/10\/info3-230x264.jpg 230w, https:\/\/rioonwatch.org.br\/wp-content\/uploads\/2018\/10\/info3-539x620.jpg 539w\" sizes=\"(max-width: 612px) 100vw, 612px\" \/><\/a><\/p>\n<p>Os sistemas multipartid\u00e1rios e de representa\u00e7\u00e3o proporcional s\u00e3o concebidos para promover um conjunto diversificado de perspectivas no governo. Al\u00e9m disso, os eleitores que escolheram candidatos malsucedidos podem saber que o seu voto ir\u00e1 ter um impacto direto nos resultados&#8211;o que n\u00e3o acontece nas elei\u00e7\u00f5es parlamentares nos Estados Unidos, onde perder por dez votos \u00e9 o mesmo que perder por dez mil.<\/p>\n<p>Entretanto, entender este sistema \u00e9 um desafio tanto para os eleitores quanto para os pol\u00edticos. Para os eleitores, uma variedade estonteante de candidatos com camadas m\u00faltiplas de limiares e c\u00e1lculos dificulta a compreens\u00e3o sobre para onde o seu voto est\u00e1 indo realmente. Al\u00e9m disso, os membros do Congresso s\u00e3o eleitos para representar os seus estados, n\u00e3o distritos localizados. As longas c\u00e9dulas estaduais n\u00e3o s\u00e3o apenas avassaladoras, como tamb\u00e9m aumenta o sentimento de dist\u00e2ncia entre os cidad\u00e3os individuais e seus representantes no governo.<\/p>\n<p>Para os pol\u00edticos, o modo como algu\u00e9m escolhe navegar no sistema multipartid\u00e1rio pode ser a diferen\u00e7a entre o impasse legislativo e a mudan\u00e7a radical&#8211;ou entre morar em casa ou numa cela de pris\u00e3o. Na sequ\u00eancia do enorme esc\u00e2ndalo de corrup\u00e7\u00e3o da Lava Jato, <a href=\"http:\/\/bit.ly\/2yT5u7e\" target=\"_blank\" rel=\"noopener\">os cr\u00edticos argumentaram<\/a> que a dificuldade de haver um consenso num sistema multipartid\u00e1rio cria inerentemente um terreno prop\u00edcio para a corrup\u00e7\u00e3o. Quase uma d\u00e9cada antes da Lava Jato, o esc\u00e2ndalo do <a href=\"http:\/\/bit.ly\/1fnDEfE\" target=\"_blank\" rel=\"noopener\">Mensal\u00e3o<\/a> explodiu, causando a pris\u00e3o de l\u00edderes do PT condenados por orquestrar o esquema de compra de votos. Como a representa\u00e7\u00e3o proporcional pode dificultar a rejei\u00e7\u00e3o direta a representantes impopulares ou corruptos, impor a disciplina partid\u00e1ria caber\u00e1 aos l\u00edderes dos partidos, que podem ser relutantes ou coniventes com a corrup\u00e7\u00e3o.<\/p>\n<h3>2. Dois Turnos<\/h3>\n<p>Se um candidato presidencial n\u00e3o obtiver mais de 50% dos votos v\u00e1lidos (excluindo votos brancos e nulos&#8211;veja a se\u00e7\u00e3o tr\u00eas), os eleitores escolhem entre os dois principais candidatos num segundo turno realizado algumas semanas ap\u00f3s o primeiro turno. Isto frequentemente se torna necess\u00e1rio para limitar o campo, pois um campo concorrido de presidenci\u00e1veis no primeiro turno \u00e9 outra consequ\u00eancia do sistema multipartid\u00e1rio do Brasil. Nas sete elei\u00e7\u00f5es desde do fim da ditadura militar no Brasil em 1985, apenas duas vezes (em <a href=\"http:\/\/bit.ly\/2Ew41Kc\" target=\"_blank\" rel=\"noopener\">1994<\/a> e em <a href=\"http:\/\/bit.ly\/2NOJuQu\" target=\"_blank\" rel=\"noopener\">1998<\/a>) um candidato foi eleito no primeiro turno. Ap\u00f3s o primeiro turno de vota\u00e7\u00e3o no domingo, Bolsonaro n\u00e3o atingiu este limiar, ocasionando a realiza\u00e7\u00e3o de um segundo turno.<\/p>\n<p>As elei\u00e7\u00f5es em dois turnos s\u00e3o concebidas para assegurar que o vencedor seja eleito com uma maioria absoluta dos votos. Isto reduz o perigo dos <a href=\"http:\/\/bit.ly\/2Ojngv5\">candidatos espoliadores<\/a>, aumenta a escolha para os eleitores ao estimular mais candidatos a entrar no p\u00e1reo <a href=\"http:\/\/bit.ly\/2CDK0j0\">sem medo de dividir o voto<\/a>, e requer que os competidores finais apresentem plataformas bem mais aceit\u00e1veis. Este \u00faltimo elemento pode ser fundamental para manter a presid\u00eancia fora das m\u00e3os de extremistas, que lutam para formar coaliz\u00f5es fora das suas bases. De fato, os sistemas de dois turnos ao redor do mundo t\u00eam feito exatamente isto. Na Fran\u00e7a, o sistema por duas vezes (em <a href=\"https:\/\/bbc.in\/2EDA6j7\" target=\"_blank\" rel=\"noopener\">2002<\/a> e <a href=\"https:\/\/nyti.ms\/2RAHKxc\">2017<\/a>) permitiu aos eleitores reunir-se em torno de um candidato centrista no segundo turno, resultando em vit\u00f3rias esmagadoras contra os candidatos nacionalistas de extrema direita que <a href=\"http:\/\/bit.ly\/2PfeQod\" target=\"_blank\" rel=\"noopener\">quase alcan\u00e7aram uma maioria absoluta de votos no primeiro turno<\/a>. Apesar de alarmante, a iminente perspectiva de uma presid\u00eancia com Bolsonaro \u00e9 um sintoma da profundidade da crise no Brasil, n\u00e3o um indiciamento do sistema de dois turnos.<\/p>\n<p><a href=\"http:\/\/rioonwatch.org.br\/wp-content\/uploads\/2018\/10\/Emmanuel-Macron-e1539126876394.jpg\"><img loading=\"lazy\" decoding=\"async\" class=\"aligncenter wp-image-37042 size-content\" title=\"Presidente franc\u00eas Emmanuel Macron, que venceu o segundo turno sobre a candidata da extrema direita, Marine Le Pen. Foto: fr.elys\u00e9e\" src=\"http:\/\/rioonwatch.org.br\/wp-content\/uploads\/2018\/10\/Emmanuel-Macron-e1539126876394-620x264.jpg\" alt=\"\" width=\"620\" height=\"264\" srcset=\"https:\/\/rioonwatch.org.br\/wp-content\/uploads\/2018\/10\/Emmanuel-Macron-e1539126876394-620x264.jpg 620w, https:\/\/rioonwatch.org.br\/wp-content\/uploads\/2018\/10\/Emmanuel-Macron-e1539126876394-768x326.jpg 768w, https:\/\/rioonwatch.org.br\/wp-content\/uploads\/2018\/10\/Emmanuel-Macron-e1539126876394-940x400.jpg 940w, https:\/\/rioonwatch.org.br\/wp-content\/uploads\/2018\/10\/Emmanuel-Macron-e1539126876394.jpg 1000w\" sizes=\"(max-width: 620px) 100vw, 620px\" \/><\/a><\/p>\n<h3>3. O Voto Compuls\u00f3rio<\/h3>\n<p>O voto compuls\u00f3rio \u00e9 uma das caracter\u00edsticas mais polarizadoras do sistema eleitoral do Brasil, tanto entre os eleitores brasileiros quanto entre os peritos eleitorais. Todos os cidad\u00e3os alfabetizados com idade para votar devem faz\u00ea-lo. O Brasil \u00e9 um dos poucos pa\u00edses que permite que os jovens de 16 e 17 anos votem, apesar de ser opcional. O voto tamb\u00e9m \u00e9 opcional para idosos acima de setenta anos. Os eleitores podem votar em branco ou nulo para exprimir sua raiva quanto ao sistema, insatisfa\u00e7\u00e3o na escolha dos candidatos, ou simplesmente porque querem faz\u00ea-lo. Entretanto, os eleitores que protestam continuam sendo participantes ativos na democracia. O voto compuls\u00f3rio \u00e9 aplicado apenas moderadamente. Os eleitores que n\u00e3o comparecerem podem pagar uma multa e explicar a sua aus\u00eancia para evitar consequ\u00eancias piores (impossibilidade de tirar um passaporte, obter cr\u00e9dito, e outras).\u00a0Embora <a href=\"https:\/\/glo.bo\/2Oi5f07\">as taxas de absten\u00e7\u00e3o tenham atingido um ponto alto em 20 anos<\/a>, quase 80% da popula\u00e7\u00e3o com idade para votar no Brasil votou no primeiro turno. Por outro lado, os Estados Unidos t\u00eam uma das piores taxas de participa\u00e7\u00e3o de eleitores no mundo desenvolvido, onde\u00a0<a href=\"https:\/\/pewrsr.ch\/2QEoBt4\">apenas 56% dos cidad\u00e3os com idade para votar participaram nas elei\u00e7\u00f5es de 2016<\/a>. O ex-Presidente dos EUA, Barack Obama, <a href=\"https:\/\/wapo.st\/2y6tOms\">tem defendido o voto compuls\u00f3rio abertamente<\/a>.<\/p>\n<p>O voto compuls\u00f3rio muda o c\u00e1lculo em torno de quem vota e consequentemente define o p\u00fablico alvo dos candidatos. Ao contr\u00e1rio dos Estados Unidos, onde <a href=\"https:\/\/nyti.ms\/2OLoONQ\">os prov\u00e1veis eleitores tendem a ser mais ricos, mais velhos, e mais instru\u00eddos<\/a>, a popula\u00e7\u00e3o pobre e menos instru\u00edda do Brasil tem historicamente levado l\u00edderes ao poder (<a href=\"http:\/\/bit.ly\/2J3LsLO\" target=\"_blank\" rel=\"noopener\">mais da metade dos eleitores eleg\u00edveis brasileiros n\u00e3o completaram o segundo grau<\/a>). Desde 2002, o PT tem estado na crista da onda com o apoio da classe trabalhadora ao eleger-se para quatro per\u00edodos presidenciais consecutivos. Crucialmente, h\u00e1 <a href=\"http:\/\/bit.ly\/2CyoV9M\" target=\"_blank\" rel=\"noopener\">evid\u00eancia que o voto compuls\u00f3rio na verdade ajudou os eleitores<\/a> menos instru\u00eddos do Brasil a se tornarem mais politicamente conscientes e engajados. Al\u00e9m disso, enquanto <a href=\"http:\/\/bit.ly\/2QDzcUS\">os mecanismos de priva\u00e7\u00e3o do direito de voto ainda existem<\/a>, o voto compuls\u00f3rio \u00e9 um pulo gigante em dire\u00e7\u00e3o a alcan\u00e7ar o sufr\u00e1gio universal. Isto contrasta com os EUA, onde grupos alvos em estados inteiros s\u00e3o efetivamente privados do direito de voto. Trinta e tr\u00eas estados usam alguma forma de <a href=\"http:\/\/bit.ly\/2A0hx4f\">lei para identifica\u00e7\u00e3o de eleitores<\/a>, seis estados <a href=\"http:\/\/bit.ly\/2y8o7Va\">n\u00e3o permitem que pessoas com condena\u00e7\u00e3o criminal votem durante o resto das suas vidas<\/a>, e cada estado, exceto um, requer que os eleitores se registrem em <a href=\"http:\/\/bit.ly\/2E8RLyV\">um processo que pode ser confuso e desencorajador<\/a>. Todas estas pol\u00edticas t\u00eam causado a redu\u00e7\u00e3o desproporcional <a href=\"http:\/\/bit.ly\/2Cxzs4P\" target=\"_blank\" rel=\"noopener\">no comparecimento dos eleitores de baixa renda<\/a> e minorit\u00e1rios.<\/p>\n<p>Por outro lado, muitos brasileiros ressentem-se do fato de precisar votar. Em 2014, <a href=\"http:\/\/bit.ly\/2RAJMxk\">a empresa brasileira de pesquisa Datafolha descobriu<\/a> que 61% dos brasileiros opunham-se ao voto compuls\u00f3rio e que 57% dos brasileiros n\u00e3o votariam nas pr\u00f3ximas elei\u00e7\u00f5es se n\u00e3o fosse obrigat\u00f3rio. O aumento significativo das respostas negativas desde que a mesma pesquisa foi realizada em 2010 sugere que grande parte do pessimismo n\u00e3o \u00e9 dirigido diretamente ao voto compuls\u00f3rio, mas est\u00e1 enraizado no rancor quanto \u00e0 crise econ\u00f4mica, ao esc\u00e2ndalo de corrup\u00e7\u00e3o da Lava Jato, e ao quase incompreensivelmente impopular Presidente Michel Temer\u2014que tomou o poder atrav\u00e9s de um processo de impeachment denunciado por muitos como <a href=\"http:\/\/bit.ly\/1MgBciy\" target=\"_blank\" rel=\"noopener\">subvers\u00e3o da democracia<\/a>. No entanto, o <a href=\"https:\/\/glo.bo\/2Oi5f07\">comparecimento dos eleitores \u00e0s urnas mais baixo desde 1998<\/a> e a prolifera\u00e7\u00e3o\u2014e at\u00e9 o sucesso eleitoral\u2014de \u201c<a href=\"http:\/\/bit.ly\/2q3K5UR\" target=\"_blank\" rel=\"noopener\">candidatos de brincadeira<\/a>\u201d que abertamente ridicularizam as elei\u00e7\u00f5es indicam a desilus\u00e3o com a pol\u00edtica em geral. No entanto, enquanto alguns eleitores ainda se abst\u00eam, o voto compuls\u00f3rio pressiona todos os eleitores a irem \u00e0s urnas. Isso inclui os desiludidos e os desinformados&#8211;ambos s\u00e3o capazes de mudar o resultado das elei\u00e7\u00f5es, ao mesmo tempo em que odeiam o sistema que permite que o fa\u00e7am.<\/p>\n<p><a href=\"http:\/\/rioonwatch.org.br\/wp-content\/uploads\/2018\/10\/Tiririca-propaganda-e1539180061525-620x264.jpg\"><img loading=\"lazy\" decoding=\"async\" class=\"aligncenter wp-image-37048 size-full\" title=\"Tiririca, um palha\u00e7o por profiss\u00e3o, foi eleito deputado estadual com quase duas vezes mais votos que qualquer outro candidato no pa\u00eds. Foto: V\u00eddeo Youtube.\" src=\"http:\/\/rioonwatch.org.br\/wp-content\/uploads\/2018\/10\/Tiririca-propaganda-e1539180061525-620x264.jpg\" alt=\"\" width=\"620\" height=\"264\" \/><\/a><\/p>\n<h3>4. Vota\u00e7\u00e3o Eletr\u00f4nica<\/h3>\n<p>Em 2000, o Brasil tornou-se o primeiro pa\u00eds do mundo a realizar elei\u00e7\u00f5es inteiramente com vota\u00e7\u00e3o eletr\u00f4nica. Todos os eleitores brasileiros usam a mesma m\u00e1quina, conhecida como\u00a0<a href=\"http:\/\/bit.ly\/2yMBAl4\" target=\"_blank\" rel=\"noopener\">urna eletr\u00f4nica<\/a>, para votar. As urnas eletr\u00f4nicas s\u00e3o projetadas para serem f\u00e1ceis de usar por todos, inclusive pelos deficientes e analfabetos. Primeiramente os eleitores identificam-se no local da vota\u00e7\u00e3o atrav\u00e9s da foto da identidade ou impress\u00e3o digital, depois inserem o n\u00famero do candidato (bastante divulgado em an\u00fancios, folhetos, e outros materiais de campanha). Neste momento o nome, o partido e a foto do candidato aparecem na tela e a pessoa clica CONFIRMA.<\/p>\n<p><a href=\"http:\/\/rioonwatch.org.br\/wp-content\/uploads\/2018\/10\/Urna-eletronica.jpg\"><img loading=\"lazy\" decoding=\"async\" class=\"aligncenter wp-image-37046 size-full\" title=\"Uma demonstra\u00e7\u00e3o de como usar a urna. Na tela aparece nome do candidato, foto e partido. Foto: Jos\u00e9 Cruz \/ Ag\u00eancia Brasil.\" src=\"http:\/\/rioonwatch.org.br\/wp-content\/uploads\/2018\/10\/Urna-eletronica.jpg\" alt=\"\" width=\"620\" height=\"264\" \/><\/a><\/p>\n<p>Al\u00e9m de simplificar o processo de vota\u00e7\u00e3o, o principal benef\u00edcio da urna eletr\u00f4nica \u00e9 a velocidade. Os votos s\u00e3o enviados quase imediatamente para Bras\u00edlia&#8211;uma realiza\u00e7\u00e3o monumental no Brasil, onde a contagem dos votos de locais remotos, como os munic\u00edpios nas profundezas do Amazonas, pode ser uma tarefa cara e demorada. A urna eletr\u00f4nica tamb\u00e9m remove o processo manual de contagem e recontagem dos votos que pode levar dias ou at\u00e9 semanas. Notoriamente, a elei\u00e7\u00e3o americana em 2000 n\u00e3o foi decidida at\u00e9 um m\u00eas inteiro ap\u00f3s o dia da elei\u00e7\u00e3o, pois a vota\u00e7\u00e3o extremamente pr\u00f3xima resultou numa s\u00e9rie de recontagens que nunca produziram um verdadeiro vencedor. Dezoito anos depois, <a href=\"http:\/\/bit.ly\/2OQGt6s\">alguns americanos ainda consideram esta elei\u00e7\u00e3o ileg\u00edtima<\/a>.\u00a0Os problemas com esta elei\u00e7\u00e3o&#8211;urnas n\u00e3o padronizadas e confusas e um processo de contagem de votos longo e propenso a erros&#8211;s\u00e3o exatamente o que o sistema de vota\u00e7\u00e3o eletr\u00f4nica do Brasil almeja resolver.<\/p>\n<p>Por\u00e9m, os enormes ataques cibern\u00e9ticos nos \u00faltimos anos demonstraram que os sistemas digitais, n\u00e3o importa qu\u00e3o seguros, est\u00e3o vulner\u00e1veis a manipula\u00e7\u00e3o. Por isso n\u00e3o s\u00e3o utilizados em muitos estados dos Estados Unidos. Apesar de n\u00e3o terem sido documentados maiores incidentes at\u00e9 agora, as urnas eletr\u00f4nicas n\u00e3o est\u00e3o imunes. Os cr\u00edticos argumentam que os custos potenciais de tal ataque s\u00e3o altos demais para arriscar. Al\u00e9m disso, uma reforma em 2015 que necessitaria que as m\u00e1quinas de vota\u00e7\u00e3o armazenassem c\u00f3pias impressas dos votos foi <a href=\"https:\/\/glo.bo\/2oYiKmD\">suspensa pela Supremo Tribunal Eleitoral<\/a> em 2018 devido a preocupa\u00e7\u00f5es quanto ao potencial comprometimento da privacidade dos eleitores. Portanto, o sistema brasileiro de vota\u00e7\u00e3o eletr\u00f4nica n\u00e3o produz nenhuma prova verific\u00e1vel no papel, aumentando o risco da manipula\u00e7\u00e3o de votos passar completamente n\u00e3o detectada. Na <a href=\"http:\/\/bit.ly\/2OlgBk0\">aus\u00eancia de provas<\/a> para apoiar esta constata\u00e7\u00e3o, <a href=\"http:\/\/bit.ly\/2yKPyUD\" target=\"_blank\" rel=\"noopener\">Bolsonaro atacou a vota\u00e7\u00e3o eletr\u00f4nica<\/a> como sendo um sistema fraudulento que est\u00e1 armado para entregar as elei\u00e7\u00f5es aos seus competidores. No entanto, \u00e9 importante distinguir ataques como estes, que visam prejudicar preventivamente a legitimidade do resultado das elei\u00e7\u00f5es, das queixas leg\u00edtimas sobre a vota\u00e7\u00e3o eletr\u00f4nica.<\/p>\n<h3>5. Campanhas Centralizadas, Altamente Regulamentadas: A Proibi\u00e7\u00e3o das Doa\u00e7\u00f5es Corporativas e a Programa\u00e7\u00e3o Relacionada \u00e0s Elei\u00e7\u00f5es<\/h3>\n<p>As elei\u00e7\u00f5es brasileiras s\u00e3o <a href=\"http:\/\/bit.ly\/2R93r6j\" target=\"_blank\" rel=\"noopener\">intensamente regulamentadas<\/a> pelo Tribunal Superior Eleitoral (TSE), uma ag\u00eancia federal que supervisiona todos os aspectos das elei\u00e7\u00f5es, desde o financiamento das campanhas at\u00e9 a distribui\u00e7\u00e3o das urnas eletr\u00f4nicas em todo o pa\u00eds. A regulamenta\u00e7\u00e3o das campanhas no Brasil difere bastante da abordagem de n\u00e3o envolvimento nos Estados Unidos. No entanto, focalizaremos duas das mais proeminentes diferen\u00e7as entre os dois sistemas: a proibi\u00e7\u00e3o das doa\u00e7\u00f5es corporativas e a programa\u00e7\u00e3o relacionada \u00e0s elei\u00e7\u00f5es na televis\u00e3o.<\/p>\n<p>Nas elei\u00e7\u00f5es de 2014 no Brasil, aproximadamente 76% dos <a href=\"http:\/\/bit.ly\/2OhYZW9\">R$3 bilh\u00f5es<\/a>\u00a0doados \u00e0s campanhas presidenciais e congressionais foram feitas por corpora\u00e7\u00f5es. De acordo com uma <a href=\"http:\/\/bit.ly\/2OhZxeF\">decis\u00e3o do Supremo Tribunal Federal em 2015<\/a>, as elei\u00e7\u00f5es de 2018 teriam zero. Este experimento enfrentou muitas cr\u00edticas: agora 75% do financiamento que havia, n\u00e3o existe mais, e as campanhas s\u00e3o financiadas por uma combina\u00e7\u00e3o de dinheiro p\u00fablico e doa\u00e7\u00f5es. Os interesses empresariais continuam influenciando as elei\u00e7\u00f5es atrav\u00e9s de doadores individuais ricos, e os candidatos de baixa e m\u00e9dia renda enfrentam uma subida \u00edngreme&#8211;competir com campanhas financiadas pelos pr\u00f3prios candidatos abastados ou por <a href=\"http:\/\/bit.ly\/CrivellaROW\" target=\"_blank\" rel=\"noopener\">institui\u00e7\u00f5es poderosas como as igrejas evang\u00e9licas<\/a>. Entretanto, estas dificuldades n\u00e3o representam necessariamente falhas numa elei\u00e7\u00e3o sem doa\u00e7\u00f5es corporativas. Pelo contr\u00e1rio, demonstram a natureza incompleta da lei em vigor e focalizam as oportunidades. Em 2017, o Congresso aprovou um projeto de lei contendo um valor limite absoluto para doa\u00e7\u00f5es individuais (a lei atual limita em 10% dos sal\u00e1rios anuais dos indiv\u00edduos), mas isto foi posteriormente vetado pelo Presidente Temer. Al\u00e9m disso, <a href=\"http:\/\/bit.ly\/FreixoROW\" target=\"_blank\" rel=\"noopener\">a campanha para prefeito de Marcelo Freixo no Rio de Janeiro em 2016<\/a>\u00a0foi totalmente custeada por financiamento colaborativo\u00a0e demonstrou a viabilidade de fontes alternativas de arrecada\u00e7\u00e3o de fundos.<\/p>\n<p><a href=\"http:\/\/rioonwatch.org.br\/wp-content\/uploads\/2018\/10\/Marcelo-Freixo-eMarcelo-Crivella.jpg\"><img loading=\"lazy\" decoding=\"async\" class=\"aligncenter wp-image-37047 size-content\" title=\"Candidatos \u00e0 prefeitura em 2016, Marcelo Crivella e Marcelo Freixo. Foto: Yasuyoshi Chiba (AFP).\" src=\"http:\/\/rioonwatch.org.br\/wp-content\/uploads\/2018\/10\/Marcelo-Freixo-eMarcelo-Crivella-620x264.jpg\" alt=\"\" width=\"620\" height=\"264\" srcset=\"https:\/\/rioonwatch.org.br\/wp-content\/uploads\/2018\/10\/Marcelo-Freixo-eMarcelo-Crivella-620x264.jpg 620w, https:\/\/rioonwatch.org.br\/wp-content\/uploads\/2018\/10\/Marcelo-Freixo-eMarcelo-Crivella-940x400.jpg 940w\" sizes=\"(max-width: 620px) 100vw, 620px\" \/><\/a><\/p>\n<p>Atrav\u00e9s de um sistema que regula <a href=\"http:\/\/bit.ly\/2O6FTi5\" target=\"_blank\" rel=\"noopener\">o hor\u00e1rio eleitoral<\/a>, a televis\u00e3o brasileira e as esta\u00e7\u00f5es de r\u00e1dio devem dispor de um tempo fixo para propaganda pol\u00edtica, durante o qual a propaganda dos candidatos \u00e9 transmitida consecutivamente duas vezes ao dia. Todos os candidatos recebem um tempo curto, mas um tempo adicional \u00e9 distribu\u00eddo baseado no n\u00famero de lugares que o partido do candidato tem no Congresso. A influ\u00eancia da programa\u00e7\u00e3o relacionada \u00e0s elei\u00e7\u00f5es est\u00e1 diminuindo, especialmente devido ao aumento mete\u00f3rico das redes sociais (WhatsApp&#8211;<a href=\"http:\/\/bit.ly\/2ywKvaT\" target=\"_blank\" rel=\"noopener\">usado por 120 milh\u00f5es de brasileiros<\/a><u>,<\/u> aproximadamente 60% da popula\u00e7\u00e3o&#8211;tornou-se uma ferramenta de campanha essencial mas tamb\u00e9m um perigoso transmissor de <a href=\"http:\/\/bit.ly\/2PPpdvQ\" target=\"_blank\" rel=\"noopener\">not\u00edcias virais falsas<\/a>). Bolsonaro recebeu 46% dos votos no primeiro turno apesar de <a href=\"http:\/\/bit.ly\/2RCg76U\">receber somente oito segundos de tempo fixo de propaganda<\/a> mais onze \u201cinser\u00e7\u00f5es\u201d de 30 ou 60 segundos durante a programa\u00e7\u00e3o regular na TV. Por outro lado, o candidato <a href=\"http:\/\/bit.ly\/2NYjxCR\" target=\"_blank\" rel=\"noopener\">Geraldo Alckmin<\/a>\u2014que recebeu quase seis minutos cont\u00ednuos de tempo fixo (quase a metade do tempo total atribu\u00eddo a todos os candidatos presidenciais) e mais 454 inser\u00e7\u00f5es\u2014recebeu menos de 5% dos votos no primeiro turno. No entanto, a televis\u00e3o, tanto na propaganda quanto na cobertura das not\u00edcias, continua a chamar a aten\u00e7\u00e3o. Quase <a href=\"https:\/\/on.ft.com\/2OJp0gv\">25% da popula\u00e7\u00e3o brasileira assistiu<\/a> as recentes entrevistas <a href=\"https:\/\/glo.bo\/2OmrkKI\">na TV Globo com Bolsonaro e Haddad<\/a>, As redes sociais s\u00e3o o campo de batalha tanto do presente quanto do futuro, mas <a href=\"https:\/\/on.ft.com\/2OJp0gv\">a televis\u00e3o ainda tem o poder de fazer os candidatos ganhar ou perder<\/a>.<\/p>\n<p><iframe src=\"https:\/\/www.youtube.com\/embed\/uwGlPbYBOAs\" width=\"620\" height=\"349\" frameborder=\"0\" allowfullscreen=\"allowfullscreen\"><\/iframe><\/p>\n<h3>Li\u00e7\u00f5es do Brasil<\/h3>\n<p>A jovem democracia brasileira tem trope\u00e7ado sob o peso da corrup\u00e7\u00e3o, recess\u00e3o e uma administra\u00e7\u00e3o incumbente extremamente impopular com um \u00edndice de aprova\u00e7\u00e3o que caiu para <a href=\"http:\/\/bit.ly\/2OxuZW9\" target=\"_blank\" rel=\"noopener\">menos de 3%<\/a> em 2018.\u00a0 Certamente, uma parcela significativa de culpa reside num sistema eleitoral complexo que reduz a cria\u00e7\u00e3o de consensos a um trabalho \u00e1rduo extenuante. No entanto, concluir que a crise pol\u00edtica no Brasil se resume no argumento que \u201co sistema est\u00e1 quebrado\u201d n\u00e3o \u00e9 \u00fatil&#8211;nem para construir um Brasil melhor e nem para aplicar estas li\u00e7\u00f5es aos sistemas eleitorais ao redor do globo. Alguns elementos funcionam e alguns falharam. Para muitos brasileiros e observadores internacionais, o j\u00fari ainda est\u00e1 ausente.<\/p>\n<p>Embora falho, o voto compuls\u00f3rio no Brasil e os sistemas de vota\u00e7\u00e3o eletr\u00f4nica procuram promover o ideal de que as comunidades vulner\u00e1veis recebam um voto justo. A vota\u00e7\u00e3o em dois turnos cria um grande obst\u00e1culo para os candidatos extremistas, embora Bolsonaro possa transp\u00f4-lo. A proibi\u00e7\u00e3o das doa\u00e7\u00f5es corporativas, apesar de n\u00e3o ser uma solu\u00e7\u00e3o abrangente, \u00e9 um passo progressivo para diluir a influ\u00eancia dos interesses empresariais sobre a pol\u00edtica.<\/p>\n<p>A democracia americana tamb\u00e9m est\u00e1 sofrendo com uma crise de consci\u00eancia. A vit\u00f3ria chocante do Presidente Donald Trump em 2016 e d\u00e9cadas de letargia por parte dos eleitores t\u00eam exposto n\u00e3o apenas a f\u00faria latente, como tamb\u00e9m as falhas sist\u00eamicas da maneira como os EUA elegem os seus l\u00edderes. \u00c0 medida que as gera\u00e7\u00f5es futuras de legisladores e eleitores <a href=\"https:\/\/n.pr\/2CYwJSd\" target=\"_blank\" rel=\"noopener\">procuram solu\u00e7\u00f5es<\/a>, \u00e9 essencial que observem os exemplos dos outros, ao inv\u00e9s de come\u00e7ar do zero. Olhe para o sul&#8211;paradoxalmente desconcertante, falho, e inovador ao mesmo tempo, o Brasil tem li\u00e7\u00f5es para o mundo.<\/p>\n<!-- AddThis Advanced Settings generic via filter on the_content --><!-- AddThis Share Buttons generic via filter on the_content -->","protected":false},"excerpt":{"rendered":"<div class=\"mh-excerpt\"><p>Click Here for English Talvez fosse apropriado que uma elei\u00e7\u00e3o com incompar\u00e1vel turbul\u00eancia&#8211;com uma tentativa de assassinato e um ex-presidente fazendo campanha de dentro da pris\u00e3o&#8211;fosse quase decidida no primeiro turno da vota\u00e7\u00e3o com uma <a class=\"mh-excerpt-more\" href=\"https:\/\/rioonwatch.org.br\/?p=37040\" title=\"5 Formas Pelas Quais a Concep\u00e7\u00e3o Eleitoral Brasileira Formata Nossa Democracia [REFER\u00caNCIA]\">[&#8230;]<\/a><!-- AddThis Advanced Settings generic via filter on get_the_excerpt --><!-- AddThis Share Buttons generic via filter on get_the_excerpt --><\/p>\n<\/div>","protected":false},"author":152,"featured_media":37045,"comment_status":"closed","ping_status":"closed","sticky":false,"template":"","format":"standard","meta":{"_acf_changed":false,"_monsterinsights_skip_tracking":false,"_monsterinsights_sitenote_active":false,"_monsterinsights_sitenote_note":"","_monsterinsights_sitenote_category":0,"footnotes":""},"categories":[1621,1632,1626,344,1612],"tags":[2519,759,1564,310,479,474,2541,818,2271,2542,1167,2543,2269,1841,1833,379,304,2531,838,1840],"writer":[2540],"translator":[1875],"source":[],"ilustrador":[],"fotografo":[],"class_list":{"0":"post-37040","1":"post","2":"type-post","3":"status-publish","4":"format-standard","5":"has-post-thumbnail","7":"category-destaque","8":"category-pesquisa-e-analise","9":"category-por-observadores-internacionais","10":"category-politicas","11":"category-sociedade-civil","12":"tag-brasilia","13":"tag-comparacao-internacional","14":"tag-congresso","15":"tag-corrupcao","16":"tag-democracia","17":"tag-democracia-participativa","18":"tag-donald-trump","19":"tag-eua","20":"tag-fake-news","21":"tag-franca","22":"tag-grande-midia","23":"tag-haddad","24":"tag-jair-bolsonaro","25":"tag-lula","26":"tag-michel-temer","27":"tag-midia-social","28":"tag-participacao","29":"tag-psl","30":"tag-politica-publica","31":"tag-pt","32":"writer-marc-cho","33":"translator-marina-hennies"},"acf":[],"yoast_head":"<!-- This site is optimized with the Yoast SEO plugin v25.6 - https:\/\/yoast.com\/wordpress\/plugins\/seo\/ -->\n<title>5 Formas Pelas Quais a Concep\u00e7\u00e3o Eleitoral Brasileira Formata Nossa Democracia [REFER\u00caNCIA] - RioOnWatch<\/title>\n<meta name=\"robots\" content=\"index, follow, max-snippet:-1, max-image-preview:large, max-video-preview:-1\" \/>\n<link rel=\"canonical\" href=\"https:\/\/rioonwatch.org.br\/?p=37040\" \/>\n<meta property=\"og:locale\" content=\"pt_BR\" \/>\n<meta property=\"og:type\" content=\"article\" \/>\n<meta property=\"og:title\" content=\"5 Formas Pelas Quais a Concep\u00e7\u00e3o Eleitoral Brasileira Formata Nossa Democracia [REFER\u00caNCIA] - RioOnWatch\" \/>\n<meta property=\"og:description\" content=\"Click Here for English Talvez fosse apropriado que uma elei\u00e7\u00e3o com incompar\u00e1vel turbul\u00eancia&#8211;com uma tentativa de assassinato e um ex-presidente fazendo campanha de dentro da pris\u00e3o&#8211;fosse quase decidida no primeiro turno da vota\u00e7\u00e3o com uma [...]\" \/>\n<meta property=\"og:url\" content=\"https:\/\/rioonwatch.org.br\/?p=37040\" \/>\n<meta property=\"og:site_name\" content=\"RioOnWatch\" \/>\n<meta property=\"article:published_time\" content=\"2018-10-23T13:42:53+00:00\" \/>\n<meta property=\"article:modified_time\" content=\"2018-10-25T13:28:54+00:00\" \/>\n<meta property=\"og:image\" content=\"https:\/\/rioonwatch.org.br\/wp-content\/uploads\/2018\/10\/Palacio-do-Planalto-protesto.jpg\" \/>\n\t<meta property=\"og:image:width\" content=\"1000\" \/>\n\t<meta property=\"og:image:height\" content=\"521\" \/>\n\t<meta property=\"og:image:type\" content=\"image\/jpeg\" \/>\n<meta name=\"author\" content=\"Luisa Fenizola\" \/>\n<meta name=\"twitter:card\" content=\"summary_large_image\" \/>\n<meta name=\"twitter:label1\" content=\"Escrito por\" \/>\n\t<meta name=\"twitter:data1\" content=\"Luisa Fenizola\" \/>\n\t<meta name=\"twitter:label2\" content=\"Est. tempo de leitura\" \/>\n\t<meta name=\"twitter:data2\" content=\"19 minutos\" \/>\n<script type=\"application\/ld+json\" class=\"yoast-schema-graph\">{\"@context\":\"https:\/\/schema.org\",\"@graph\":[{\"@type\":\"Article\",\"@id\":\"https:\/\/rioonwatch.org.br\/?p=37040#article\",\"isPartOf\":{\"@id\":\"https:\/\/rioonwatch.org.br\/?p=37040\"},\"author\":{\"name\":\"Luisa Fenizola\",\"@id\":\"https:\/\/rioonwatch.org.br\/#\/schema\/person\/f443c6b55bb6e80842280318076491c5\"},\"headline\":\"5 Formas Pelas Quais a Concep\u00e7\u00e3o Eleitoral Brasileira Formata Nossa Democracia [REFER\u00caNCIA]\",\"datePublished\":\"2018-10-23T13:42:53+00:00\",\"dateModified\":\"2018-10-25T13:28:54+00:00\",\"mainEntityOfPage\":{\"@id\":\"https:\/\/rioonwatch.org.br\/?p=37040\"},\"wordCount\":3816,\"publisher\":{\"@id\":\"https:\/\/rioonwatch.org.br\/#organization\"},\"image\":{\"@id\":\"https:\/\/rioonwatch.org.br\/?p=37040#primaryimage\"},\"thumbnailUrl\":\"https:\/\/rioonwatch.org.br\/wp-content\/uploads\/2018\/10\/Palacio-do-Planalto-protesto.jpg\",\"keywords\":[\"Bras\u00edlia\",\"compara\u00e7\u00e3o internacional\",\"Congresso\",\"corrup\u00e7\u00e3o\",\"Democracia\",\"democracia participativa\",\"Donald Trump\",\"EUA\",\"Fake news\",\"Fran\u00e7a\",\"grande m\u00eddia\",\"Haddad\",\"Jair Bolsonaro\",\"Lula\",\"Michel Temer\",\"m\u00eddia social\",\"participa\u00e7\u00e3o\",\"Partido Social Liberal (PSL)\",\"pol\u00edtica p\u00fablica\",\"PT\"],\"articleSection\":[\"*Destaque\",\"Dados e Pesquisa\",\"Escrito por Aliados\",\"Pol\u00edticas\",\"Sociedade Civil\"],\"inLanguage\":\"pt-BR\"},{\"@type\":\"WebPage\",\"@id\":\"https:\/\/rioonwatch.org.br\/?p=37040\",\"url\":\"https:\/\/rioonwatch.org.br\/?p=37040\",\"name\":\"5 Formas Pelas Quais a Concep\u00e7\u00e3o Eleitoral Brasileira Formata Nossa Democracia [REFER\u00caNCIA] - RioOnWatch\",\"isPartOf\":{\"@id\":\"https:\/\/rioonwatch.org.br\/#website\"},\"primaryImageOfPage\":{\"@id\":\"https:\/\/rioonwatch.org.br\/?p=37040#primaryimage\"},\"image\":{\"@id\":\"https:\/\/rioonwatch.org.br\/?p=37040#primaryimage\"},\"thumbnailUrl\":\"https:\/\/rioonwatch.org.br\/wp-content\/uploads\/2018\/10\/Palacio-do-Planalto-protesto.jpg\",\"datePublished\":\"2018-10-23T13:42:53+00:00\",\"dateModified\":\"2018-10-25T13:28:54+00:00\",\"breadcrumb\":{\"@id\":\"https:\/\/rioonwatch.org.br\/?p=37040#breadcrumb\"},\"inLanguage\":\"pt-BR\",\"potentialAction\":[{\"@type\":\"ReadAction\",\"target\":[\"https:\/\/rioonwatch.org.br\/?p=37040\"]}]},{\"@type\":\"ImageObject\",\"inLanguage\":\"pt-BR\",\"@id\":\"https:\/\/rioonwatch.org.br\/?p=37040#primaryimage\",\"url\":\"https:\/\/rioonwatch.org.br\/wp-content\/uploads\/2018\/10\/Palacio-do-Planalto-protesto.jpg\",\"contentUrl\":\"https:\/\/rioonwatch.org.br\/wp-content\/uploads\/2018\/10\/Palacio-do-Planalto-protesto.jpg\",\"width\":1000,\"height\":521},{\"@type\":\"BreadcrumbList\",\"@id\":\"https:\/\/rioonwatch.org.br\/?p=37040#breadcrumb\",\"itemListElement\":[{\"@type\":\"ListItem\",\"position\":1,\"name\":\"In\u00edcio\",\"item\":\"https:\/\/rioonwatch.org.br\/\"},{\"@type\":\"ListItem\",\"position\":2,\"name\":\"5 Formas Pelas Quais a Concep\u00e7\u00e3o Eleitoral Brasileira Formata Nossa Democracia [REFER\u00caNCIA]\"}]},{\"@type\":\"WebSite\",\"@id\":\"https:\/\/rioonwatch.org.br\/#website\",\"url\":\"https:\/\/rioonwatch.org.br\/\",\"name\":\"RioOnWatch\",\"description\":\"relatos das favelas cariocas\",\"publisher\":{\"@id\":\"https:\/\/rioonwatch.org.br\/#organization\"},\"potentialAction\":[{\"@type\":\"SearchAction\",\"target\":{\"@type\":\"EntryPoint\",\"urlTemplate\":\"https:\/\/rioonwatch.org.br\/?s={search_term_string}\"},\"query-input\":{\"@type\":\"PropertyValueSpecification\",\"valueRequired\":true,\"valueName\":\"search_term_string\"}}],\"inLanguage\":\"pt-BR\"},{\"@type\":\"Organization\",\"@id\":\"https:\/\/rioonwatch.org.br\/#organization\",\"name\":\"RioOnWatch\",\"url\":\"https:\/\/rioonwatch.org.br\/\",\"logo\":{\"@type\":\"ImageObject\",\"inLanguage\":\"pt-BR\",\"@id\":\"https:\/\/rioonwatch.org.br\/#\/schema\/logo\/image\/\",\"url\":\"https:\/\/rioonwatch.org.br\/wp-content\/uploads\/2021\/06\/RioOnWatchcabecalhoPT11anos-2.png\",\"contentUrl\":\"https:\/\/rioonwatch.org.br\/wp-content\/uploads\/2021\/06\/RioOnWatchcabecalhoPT11anos-2.png\",\"width\":779,\"height\":277,\"caption\":\"RioOnWatch\"},\"image\":{\"@id\":\"https:\/\/rioonwatch.org.br\/#\/schema\/logo\/image\/\"}},{\"@type\":\"Person\",\"@id\":\"https:\/\/rioonwatch.org.br\/#\/schema\/person\/f443c6b55bb6e80842280318076491c5\",\"name\":\"Luisa Fenizola\",\"image\":{\"@type\":\"ImageObject\",\"inLanguage\":\"pt-BR\",\"@id\":\"https:\/\/rioonwatch.org.br\/#\/schema\/person\/image\/\",\"url\":\"https:\/\/secure.gravatar.com\/avatar\/a3d551110162b9f876cbbdaaecf75663?s=96&d=blank&r=g\",\"contentUrl\":\"https:\/\/secure.gravatar.com\/avatar\/a3d551110162b9f876cbbdaaecf75663?s=96&d=blank&r=g\",\"caption\":\"Luisa Fenizola\"},\"url\":\"https:\/\/rioonwatch.org.br\/?author=152\"}]}<\/script>\n<!-- \/ Yoast SEO plugin. -->","yoast_head_json":{"title":"5 Formas Pelas Quais a Concep\u00e7\u00e3o Eleitoral Brasileira Formata Nossa Democracia [REFER\u00caNCIA] - RioOnWatch","robots":{"index":"index","follow":"follow","max-snippet":"max-snippet:-1","max-image-preview":"max-image-preview:large","max-video-preview":"max-video-preview:-1"},"canonical":"https:\/\/rioonwatch.org.br\/?p=37040","og_locale":"pt_BR","og_type":"article","og_title":"5 Formas Pelas Quais a Concep\u00e7\u00e3o Eleitoral Brasileira Formata Nossa Democracia [REFER\u00caNCIA] - RioOnWatch","og_description":"Click Here for English Talvez fosse apropriado que uma elei\u00e7\u00e3o com incompar\u00e1vel turbul\u00eancia&#8211;com uma tentativa de assassinato e um ex-presidente fazendo campanha de dentro da pris\u00e3o&#8211;fosse quase decidida no primeiro turno da vota\u00e7\u00e3o com uma [...]","og_url":"https:\/\/rioonwatch.org.br\/?p=37040","og_site_name":"RioOnWatch","article_published_time":"2018-10-23T13:42:53+00:00","article_modified_time":"2018-10-25T13:28:54+00:00","og_image":[{"width":1000,"height":521,"url":"https:\/\/rioonwatch.org.br\/wp-content\/uploads\/2018\/10\/Palacio-do-Planalto-protesto.jpg","type":"image\/jpeg"}],"author":"Luisa Fenizola","twitter_card":"summary_large_image","twitter_misc":{"Escrito por":"Luisa Fenizola","Est. tempo de leitura":"19 minutos"},"schema":{"@context":"https:\/\/schema.org","@graph":[{"@type":"Article","@id":"https:\/\/rioonwatch.org.br\/?p=37040#article","isPartOf":{"@id":"https:\/\/rioonwatch.org.br\/?p=37040"},"author":{"name":"Luisa Fenizola","@id":"https:\/\/rioonwatch.org.br\/#\/schema\/person\/f443c6b55bb6e80842280318076491c5"},"headline":"5 Formas Pelas Quais a Concep\u00e7\u00e3o Eleitoral Brasileira Formata Nossa Democracia [REFER\u00caNCIA]","datePublished":"2018-10-23T13:42:53+00:00","dateModified":"2018-10-25T13:28:54+00:00","mainEntityOfPage":{"@id":"https:\/\/rioonwatch.org.br\/?p=37040"},"wordCount":3816,"publisher":{"@id":"https:\/\/rioonwatch.org.br\/#organization"},"image":{"@id":"https:\/\/rioonwatch.org.br\/?p=37040#primaryimage"},"thumbnailUrl":"https:\/\/rioonwatch.org.br\/wp-content\/uploads\/2018\/10\/Palacio-do-Planalto-protesto.jpg","keywords":["Bras\u00edlia","compara\u00e7\u00e3o internacional","Congresso","corrup\u00e7\u00e3o","Democracia","democracia participativa","Donald Trump","EUA","Fake news","Fran\u00e7a","grande m\u00eddia","Haddad","Jair Bolsonaro","Lula","Michel Temer","m\u00eddia social","participa\u00e7\u00e3o","Partido Social Liberal (PSL)","pol\u00edtica p\u00fablica","PT"],"articleSection":["*Destaque","Dados e Pesquisa","Escrito por Aliados","Pol\u00edticas","Sociedade Civil"],"inLanguage":"pt-BR"},{"@type":"WebPage","@id":"https:\/\/rioonwatch.org.br\/?p=37040","url":"https:\/\/rioonwatch.org.br\/?p=37040","name":"5 Formas Pelas Quais a Concep\u00e7\u00e3o Eleitoral Brasileira Formata Nossa Democracia [REFER\u00caNCIA] - RioOnWatch","isPartOf":{"@id":"https:\/\/rioonwatch.org.br\/#website"},"primaryImageOfPage":{"@id":"https:\/\/rioonwatch.org.br\/?p=37040#primaryimage"},"image":{"@id":"https:\/\/rioonwatch.org.br\/?p=37040#primaryimage"},"thumbnailUrl":"https:\/\/rioonwatch.org.br\/wp-content\/uploads\/2018\/10\/Palacio-do-Planalto-protesto.jpg","datePublished":"2018-10-23T13:42:53+00:00","dateModified":"2018-10-25T13:28:54+00:00","breadcrumb":{"@id":"https:\/\/rioonwatch.org.br\/?p=37040#breadcrumb"},"inLanguage":"pt-BR","potentialAction":[{"@type":"ReadAction","target":["https:\/\/rioonwatch.org.br\/?p=37040"]}]},{"@type":"ImageObject","inLanguage":"pt-BR","@id":"https:\/\/rioonwatch.org.br\/?p=37040#primaryimage","url":"https:\/\/rioonwatch.org.br\/wp-content\/uploads\/2018\/10\/Palacio-do-Planalto-protesto.jpg","contentUrl":"https:\/\/rioonwatch.org.br\/wp-content\/uploads\/2018\/10\/Palacio-do-Planalto-protesto.jpg","width":1000,"height":521},{"@type":"BreadcrumbList","@id":"https:\/\/rioonwatch.org.br\/?p=37040#breadcrumb","itemListElement":[{"@type":"ListItem","position":1,"name":"In\u00edcio","item":"https:\/\/rioonwatch.org.br\/"},{"@type":"ListItem","position":2,"name":"5 Formas Pelas Quais a Concep\u00e7\u00e3o Eleitoral Brasileira Formata Nossa Democracia [REFER\u00caNCIA]"}]},{"@type":"WebSite","@id":"https:\/\/rioonwatch.org.br\/#website","url":"https:\/\/rioonwatch.org.br\/","name":"RioOnWatch","description":"relatos das favelas cariocas","publisher":{"@id":"https:\/\/rioonwatch.org.br\/#organization"},"potentialAction":[{"@type":"SearchAction","target":{"@type":"EntryPoint","urlTemplate":"https:\/\/rioonwatch.org.br\/?s={search_term_string}"},"query-input":{"@type":"PropertyValueSpecification","valueRequired":true,"valueName":"search_term_string"}}],"inLanguage":"pt-BR"},{"@type":"Organization","@id":"https:\/\/rioonwatch.org.br\/#organization","name":"RioOnWatch","url":"https:\/\/rioonwatch.org.br\/","logo":{"@type":"ImageObject","inLanguage":"pt-BR","@id":"https:\/\/rioonwatch.org.br\/#\/schema\/logo\/image\/","url":"https:\/\/rioonwatch.org.br\/wp-content\/uploads\/2021\/06\/RioOnWatchcabecalhoPT11anos-2.png","contentUrl":"https:\/\/rioonwatch.org.br\/wp-content\/uploads\/2021\/06\/RioOnWatchcabecalhoPT11anos-2.png","width":779,"height":277,"caption":"RioOnWatch"},"image":{"@id":"https:\/\/rioonwatch.org.br\/#\/schema\/logo\/image\/"}},{"@type":"Person","@id":"https:\/\/rioonwatch.org.br\/#\/schema\/person\/f443c6b55bb6e80842280318076491c5","name":"Luisa Fenizola","image":{"@type":"ImageObject","inLanguage":"pt-BR","@id":"https:\/\/rioonwatch.org.br\/#\/schema\/person\/image\/","url":"https:\/\/secure.gravatar.com\/avatar\/a3d551110162b9f876cbbdaaecf75663?s=96&d=blank&r=g","contentUrl":"https:\/\/secure.gravatar.com\/avatar\/a3d551110162b9f876cbbdaaecf75663?s=96&d=blank&r=g","caption":"Luisa Fenizola"},"url":"https:\/\/rioonwatch.org.br\/?author=152"}]}},"_links":{"self":[{"href":"https:\/\/rioonwatch.org.br\/index.php?rest_route=\/wp\/v2\/posts\/37040"}],"collection":[{"href":"https:\/\/rioonwatch.org.br\/index.php?rest_route=\/wp\/v2\/posts"}],"about":[{"href":"https:\/\/rioonwatch.org.br\/index.php?rest_route=\/wp\/v2\/types\/post"}],"author":[{"embeddable":true,"href":"https:\/\/rioonwatch.org.br\/index.php?rest_route=\/wp\/v2\/users\/152"}],"replies":[{"embeddable":true,"href":"https:\/\/rioonwatch.org.br\/index.php?rest_route=%2Fwp%2Fv2%2Fcomments&post=37040"}],"version-history":[{"count":31,"href":"https:\/\/rioonwatch.org.br\/index.php?rest_route=\/wp\/v2\/posts\/37040\/revisions"}],"predecessor-version":[{"id":37160,"href":"https:\/\/rioonwatch.org.br\/index.php?rest_route=\/wp\/v2\/posts\/37040\/revisions\/37160"}],"wp:featuredmedia":[{"embeddable":true,"href":"https:\/\/rioonwatch.org.br\/index.php?rest_route=\/wp\/v2\/media\/37045"}],"wp:attachment":[{"href":"https:\/\/rioonwatch.org.br\/index.php?rest_route=%2Fwp%2Fv2%2Fmedia&parent=37040"}],"wp:term":[{"taxonomy":"category","embeddable":true,"href":"https:\/\/rioonwatch.org.br\/index.php?rest_route=%2Fwp%2Fv2%2Fcategories&post=37040"},{"taxonomy":"post_tag","embeddable":true,"href":"https:\/\/rioonwatch.org.br\/index.php?rest_route=%2Fwp%2Fv2%2Ftags&post=37040"},{"taxonomy":"writer","embeddable":true,"href":"https:\/\/rioonwatch.org.br\/index.php?rest_route=%2Fwp%2Fv2%2Fwriter&post=37040"},{"taxonomy":"translator","embeddable":true,"href":"https:\/\/rioonwatch.org.br\/index.php?rest_route=%2Fwp%2Fv2%2Ftranslator&post=37040"},{"taxonomy":"source","embeddable":true,"href":"https:\/\/rioonwatch.org.br\/index.php?rest_route=%2Fwp%2Fv2%2Fsource&post=37040"},{"taxonomy":"ilustrador","embeddable":true,"href":"https:\/\/rioonwatch.org.br\/index.php?rest_route=%2Fwp%2Fv2%2Filustrador&post=37040"},{"taxonomy":"fotografo","embeddable":true,"href":"https:\/\/rioonwatch.org.br\/index.php?rest_route=%2Fwp%2Fv2%2Ffotografo&post=37040"}],"curies":[{"name":"wp","href":"https:\/\/api.w.org\/{rel}","templated":true}]}}