{"id":37136,"date":"2018-10-26T09:00:59","date_gmt":"2018-10-26T12:00:59","guid":{"rendered":"http:\/\/rioonwatch.org.br\/?p=37136"},"modified":"2026-04-14T10:00:32","modified_gmt":"2026-04-14T13:00:32","slug":"seis-maneiras-como-haddad-e-bolsonaro-irao-lidar-com-as-favelas-e-seus-moradores","status":"publish","type":"post","link":"https:\/\/rioonwatch.org.br\/?p=37136","title":{"rendered":"Compara\u00e7\u00e3o dos Candidatos: Como Haddad e Bolsonaro Ir\u00e3o Lidar com as Favelas e Seus Moradores"},"content":{"rendered":"<p style=\"text-align: right; padding-left: 30px;\"><em><strong><a href=\"http:\/\/bit.ly\/2SqQNRZ\" target=\"_blank\" rel=\"noopener noreferrer\">Click Here for English<\/a><a href=\"http:\/\/bit.ly\/2QzhW33\" target=\"_blank\" rel=\"noopener noreferrer\"><img decoding=\"async\" width=\"20\" height=\"20\" class=\"alignright wp-image-15790\" src=\"http:\/\/rioonwatch.org.br\/wp-content\/uploads\/2012\/08\/EN-standard-e1439583104716.jpg\" \/><\/a><\/strong><\/em><\/p>\n<p><a href=\"http:\/\/bit.ly\/2PljFvX\" target=\"_blank\" rel=\"noopener\">Haddad<\/a> e <a href=\"http:\/\/bit.ly\/2q9148e\" target=\"_blank\" rel=\"noopener\">Bolsonaro<\/a>, candidatos \u00e0 presid\u00eancia que disputar\u00e3o o segundo turno no pr\u00f3ximo domingo, t\u00eam posi\u00e7\u00f5es bastante distintas com rela\u00e7\u00e3o \u00e0 moradia e urbaniza\u00e7\u00e3o em favelas, e com rela\u00e7\u00e3o \u00e0 seguran\u00e7a p\u00fablica e manuten\u00e7\u00e3o da vida de seus moradores. Suas ideologias distintas se refletem em uma rela\u00e7\u00e3o distinta com a favela. Enquanto Haddad <a href=\"http:\/\/bit.ly\/2O79UNe\" target=\"_blank\" rel=\"noopener\">visitou a Rocinha<\/a> e <a href=\"http:\/\/bit.ly\/2PkB3kB\" target=\"_blank\" rel=\"noopener\">a Mar\u00e9<\/a> em campanha, Bolsonaro <a href=\"http:\/\/abr.ai\/2BOsx2A\" target=\"_blank\" rel=\"noopener\">visitou a UPP da Cidade de Deus<\/a> e <a href=\"https:\/\/abr.ai\/2CGsPwz\" target=\"_blank\" rel=\"noopener\">a sede do BOPE<\/a>, na <a href=\"http:\/\/bit.ly\/1JDtoTS\" target=\"_blank\" rel=\"noopener\">Tavares Bastos<\/a>, assim conversando com os policiais que trabalham, e n\u00e3o os moradores que vivem, no local.<\/p>\n<h4>Confira abaixo propostas e posicionamentos de cada candidato com rela\u00e7\u00e3o \u00e0s favelas:<\/h4>\n<h2>Fernando Haddad (PT)<\/h2>\n<h3>1. Valoriza\u00e7\u00e3o da vida<\/h3>\n<p><a href=\"http:\/\/bit.ly\/2EM3zaQ\" target=\"_blank\" rel=\"noopener\">Manuela D&#8217;\u00c1vila<\/a> (PCdoB), vice de Haddad, disse na visita que os dois fizeram ao Complexo da Mar\u00e9 que &#8220;o segundo turno \u00e9 sobre democracia, mas para a popula\u00e7\u00e3o de periferia e favela, \u00e9 sobre vida&#8221;. Foram convidadas a falar ao lado deles duas m\u00e3es que perderam seus filhos para a viol\u00eancia policial, inclusive Bruna Silva, m\u00e3e do menino Marcos Vin\u00edcius, <a href=\"http:\/\/bit.ly\/2Mie5Fx\" target=\"_blank\" rel=\"noopener\">morto pela pol\u00edcia com o uniforme da escola<\/a> no caminho de volta para a casa, ap\u00f3s sua\u00a0escola ter sido fechada devido a uma opera\u00e7\u00e3o policial. &#8220;Ele estava no caminho certo, no lugar certo e na hora certa&#8221;, disse a m\u00e3e. Manuela e Haddad colocaram-se como a Chapa da Vida, em oposi\u00e7\u00e3o ao outro candidato, e Haddad comentou mais tarde no mesmo dia que \u00e9 preciso que os <a href=\"http:\/\/bit.ly\/2PkB3kB\" target=\"_blank\" rel=\"noopener\">pol\u00edticos voltem o olhar para a periferia<\/a> e retomem o trabalho de base.<\/p>\n<p><a href=\"http:\/\/rioonwatch.org.br\/wp-content\/uploads\/2018\/10\/haddad-mar\u00e9.jpg\"><img fetchpriority=\"high\" decoding=\"async\" class=\"aligncenter wp-image-37204 size-content\" title=\"Haddad cumprimenta Bruna Silva na Mar\u00e9. Foto: Ricardo Moraes\/Reuters.\" src=\"http:\/\/rioonwatch.org.br\/wp-content\/uploads\/2018\/10\/haddad-mar\u00e9-615x264.jpg\" alt=\"\" width=\"615\" height=\"264\" \/><\/a><\/p>\n<h3>2.\u00a0Fim dos autos de resist\u00eancia e redu\u00e7\u00e3o da mortalidade da juventude negra e perif\u00e9rica<\/h3>\n<p>O candidato Haddad prop\u00f5e um modelo de seguran\u00e7a p\u00fablica cidad\u00e3, com pol\u00edticas que garantam que o Estado n\u00e3o chegue nas favelas <a href=\"http:\/\/bit.ly\/2HQM1qR\" target=\"_blank\" rel=\"noopener\">somente por meio de seu bra\u00e7o armado<\/a>, que promovam a \u201crepactua\u00e7\u00e3o das rela\u00e7\u00f5es\u00a0entre pol\u00edcias e comunidades\u201d e que \u201ctragam aten\u00e7\u00e3o \u00e0\u00a0situa\u00e7\u00e3o de crian\u00e7as, jovens, negros, mulheres e popula\u00e7\u00e3o LGBTI+, com prioridade para a juventude negra\u00a0que vive nas periferias\u201d, visando ao fim dos <a href=\"http:\/\/bit.ly\/2CePLAn\" target=\"_blank\" rel=\"noopener\">autos de resist\u00eancia<\/a> e a manter os <a href=\"http:\/\/bit.ly\/1zzltxG\" target=\"_blank\" rel=\"noopener\">jovens negros vivos<\/a>. Pretende para isso implementar um\u00a0Plano Nacional de Redu\u00e7\u00e3o da Mortalidade da Juventude Negra e Perif\u00e9rica, apostar na investiga\u00e7\u00e3o e na intelig\u00eancia policial no combate ao tr\u00e1fico, implementar pol\u00edtica de controle de armas, acabar com os poderes armados nas favelas, desmilitarizar a pol\u00edcia e valorizar o profissional de seguran\u00e7a. Promete investir na gera\u00e7\u00e3o de trabalho e renda e provis\u00e3o de educa\u00e7\u00e3o e cultura como alternativa aos mercados ilegais e \u00e0 viol\u00eancia.<\/p>\n<h3>3. Combate \u00e0 especula\u00e7\u00e3o imobili\u00e1ria e regulariza\u00e7\u00e3o fundi\u00e1ria<\/h3>\n<p>O plano de Haddad se prop\u00f5e a combater a especula\u00e7\u00e3o imobili\u00e1ria e garantir o cumprimento da <a href=\"http:\/\/bit.ly\/2OqYUuJ\" target=\"_blank\" rel=\"noopener\">fun\u00e7\u00e3o social da propriedade<\/a>. Para isso, ir\u00e1 apostar em aluguel social, na produ\u00e7\u00e3o de novas unidades de habita\u00e7\u00e3o de interesse social especialmente em \u00e1reas centrais, na requalifica\u00e7\u00e3o de pr\u00e9dios subutilizados, na assessoria t\u00e9cnica popular \u00e0 constru\u00e7\u00e3o e\u00a0na\u00a0<a href=\"http:\/\/bit.ly\/2sw4nIx\" target=\"_blank\" rel=\"noopener\">revis\u00e3o da Lei n\u00ba 13.465\/2017<\/a>\u00a0e em uma nova Pol\u00edtica Nacional de Regulariza\u00e7\u00e3o Fundi\u00e1ria. Em um encontro com o Arcebispo do Rio de Janeiro e a <a href=\"http:\/\/bit.ly\/2My7N57\" target=\"_blank\" rel=\"noopener\">Pastoral de Favelas<\/a> no mesmo dia do encontro na Mar\u00e9, Haddad <a href=\"http:\/\/bit.ly\/2yzZUai\" target=\"_blank\" rel=\"noopener\">formalizou seu compromisso para com a regulariza\u00e7\u00e3o fundi\u00e1ria<\/a>, ponto central do trabalho da Pastoral.<\/p>\n<p><a href=\"http:\/\/rioonwatch.org.br\/wp-content\/uploads\/2018\/10\/haddad-rocinha.jpg\"><img decoding=\"async\" class=\"wp-image-37179 size-content aligncenter\" title=\"Haddad na Rocinha. Foto: F\u00e1bio Motta\/Estad\u00e3o Conte\u00fado\" src=\"http:\/\/rioonwatch.org.br\/wp-content\/uploads\/2018\/10\/haddad-rocinha-620x264.jpg\" alt=\"\" width=\"620\" height=\"264\" srcset=\"https:\/\/rioonwatch.org.br\/wp-content\/uploads\/2018\/10\/haddad-rocinha-620x264.jpg 620w, https:\/\/rioonwatch.org.br\/wp-content\/uploads\/2018\/10\/haddad-rocinha-940x400.jpg 940w\" sizes=\"(max-width: 620px) 100vw, 620px\" \/><\/a><\/p>\n<p><a href=\"http:\/\/bit.ly\/2CDgkBE\" target=\"_blank\" rel=\"noopener\">Na sua visita \u00e0 Rocinha<\/a>\u00a0durante o primeiro turno da campanha, o Haddad anunciou tamb\u00e9m sua inten\u00e7\u00e3o de retomar o Programa\u00a0<a href=\"http:\/\/bit.ly\/2Lkj5cF\" target=\"_blank\" rel=\"noopener\">PAC<\/a>\u00a0Urbaniza\u00e7\u00e3o de Assentamentos Prec\u00e1rios (incluindo a implanta\u00e7\u00e3o de infraestrutura, a elimina\u00e7\u00e3o de risco, a recupera\u00e7\u00e3o ambiental e a garantia do direito de perman\u00eancia e posse dos moradores). A retomada das obras de integra\u00e7\u00e3o urbana, <a href=\"https:\/\/glo.bo\/2yCQKKj\" target=\"_blank\" rel=\"noopener\">muitas abandonadas ap\u00f3s os Jogos Ol\u00edmpicos<\/a>, tamb\u00e9m seria uma resposta\u00a0ao desemprego e \u00e0 viol\u00eancia nas \u00e1reas vulnerabilizadas, segundo ele. Seu plano de governo prop\u00f5e, ainda, investir no <a href=\"http:\/\/bit.ly\/Y4U9oJ\" target=\"_blank\" rel=\"noopener\">Minha Casa Minha Vida<\/a> em locais mais pr\u00f3ximos a \u00e1reas de infraestrutura consolidada e de empregos, incluindo o fortalecimento da modalidade\u00a0<a href=\"http:\/\/bit.ly\/1kmbrP9\" target=\"_blank\" rel=\"noopener\">MCMV-Entidades<\/a>.<\/p>\n<h3>4.\u00a0Recursos espec\u00edficos para cultura da periferia<\/h3>\n<p>Haddad reconheceu que manifesta\u00e7\u00f5es culturais importantes nasceram nas favelas, incluindo o samba, o hip hop e o funk, em sua visita \u00e0 Mar\u00e9, que ocorreu no\u00a0<a href=\"http:\/\/bit.ly\/2GP9SWN\" target=\"_blank\" rel=\"noopener\">Centro de Artes da Mar\u00e9<\/a>. Prometeu replicar o que fez enquanto prefeito de S\u00e3o Paulo, com um\u00a0<a href=\"http:\/\/bit.ly\/2AsFOAm\" target=\"_blank\" rel=\"noopener\">Programa de Fomento \u00e0 Cultura da Periferia<\/a>, no formato de democratiza\u00e7\u00e3o do acesso e recursos espec\u00edficos do or\u00e7amento do Minist\u00e9rio da Cultura para a produ\u00e7\u00e3o cultural em territ\u00f3rio vulnerabilizados.<\/p>\n<h3>5. Bolsa perman\u00eancia e transforma\u00e7\u00e3o de escolas em favelas em laborat\u00f3rios e polos de cultura<\/h3>\n<p>Haddad prop\u00f5e um conv\u00eanio entre o governo federal e os estados que transfere para a uni\u00e3o a responsabilidade sobre escolas em \u00e1reas de alta vulnerabilidade, isto \u00e9, com \u201celevados \u00edndices de viol\u00eancia (sobretudo contra a juventude negra)\u201d e baixo rendimento escolar. O conv\u00eanio inclui um projeto pedag\u00f3gico pautado no reconhecimento de saberes e a reforma da estrutura f\u00edsica das escolas (com a constru\u00e7\u00e3o de laborat\u00f3rio, biblioteca e equipamentos desportivos e culturais). Tamb\u00e9m inclui uma bolsa perman\u00eancia para jovens do Ensino M\u00e9dio em situa\u00e7\u00e3o de pobreza e a transforma\u00e7\u00e3o das escolas em polos de cultura e lazer para a comunidade do entorno.<\/p>\n<p><a href=\"http:\/\/rioonwatch.org.br\/wp-content\/uploads\/2018\/10\/haddad-livro-africa.png\"><img loading=\"lazy\" decoding=\"async\" class=\"aligncenter wp-image-37205 size-content\" title=\"Haddad lan\u00e7a livro did\u00e1tico enquanto prefeito de S\u00e3o Paulo para ensinar hist\u00f3ria da \u00c1frica nas escolas p\u00fablicas.\" src=\"http:\/\/rioonwatch.org.br\/wp-content\/uploads\/2018\/10\/haddad-livro-africa-e1540557462639-620x264.png\" alt=\"\" width=\"620\" height=\"264\" srcset=\"https:\/\/rioonwatch.org.br\/wp-content\/uploads\/2018\/10\/haddad-livro-africa-e1540557462639-620x264.png 620w, https:\/\/rioonwatch.org.br\/wp-content\/uploads\/2018\/10\/haddad-livro-africa-e1540557462639-617x264.png 617w, https:\/\/rioonwatch.org.br\/wp-content\/uploads\/2018\/10\/haddad-livro-africa-e1540557462639-1024x438.png 1024w, https:\/\/rioonwatch.org.br\/wp-content\/uploads\/2018\/10\/haddad-livro-africa-e1540557462639-940x400.png 940w, https:\/\/rioonwatch.org.br\/wp-content\/uploads\/2018\/10\/haddad-livro-africa-e1540557462639.png 1045w\" sizes=\"(max-width: 620px) 100vw, 620px\" \/><\/a><\/p>\n<h3>6.\u00a0Fim da guerra \u00e0s drogas<\/h3>\n<p>Haddad prop\u00f5e a <a href=\"http:\/\/bit.ly\/1TkAKCu\" target=\"_blank\" rel=\"noopener\">supera\u00e7\u00e3o do paradigma de guerra \u00e0s drogas<\/a>, por meio do foco na preven\u00e7\u00e3o via educa\u00e7\u00e3o, de \u201cpol\u00edticas sociais e de desenvolvimento nas comunidades hoje\u00a0criminalizadas\u201d, do combate ao tr\u00e1fico via Pol\u00edcia Federal e da transforma\u00e7\u00e3o do problema das drogas em uma quest\u00e3o de sa\u00fade p\u00fablica (incluindo assist\u00eancia psicossocial e pol\u00edticas de redu\u00e7\u00e3o de danos).<\/p>\n<h2>Jair Bolsonaro (PSL)<\/h2>\n<h3>1. Carta branca para a pol\u00edcia matar<\/h3>\n<p>Bolsonaro afirma <a href=\"http:\/\/bit.ly\/2IdOIUx\" target=\"_blank\" rel=\"noopener\">em seu plano de governo<\/a> que \u201capenas 2% de mortes violentas no Brasil [est\u00e3o] associadas com a\u00e7\u00f5es policiais\u201d, mas quer garantir que os assassinatos e outros crimes cometidos por policiais em servi\u00e7o n\u00e3o sejam julgados nem mesmo pela justi\u00e7a militar, de forma a proteg\u00ea-los judicialmente da consequ\u00eancia de seus atos. &#8220;Se o Bolsonaro ganhar, pode preparar os sacos pretos, porque vai ter muito inocente para entrar dentro deles&#8221;, <a href=\"http:\/\/bit.ly\/2yZDDlR\" target=\"_blank\" rel=\"noopener\">sentenciou Bruna<\/a>, m\u00e3e do Marcos Vin\u00edcius.<\/p>\n<p><a href=\"http:\/\/rioonwatch.org.br\/wp-content\/uploads\/2018\/10\/bolsonaro-arma.jpg\"><img loading=\"lazy\" decoding=\"async\" class=\"aligncenter wp-image-37203 size-content\" title=\"Bolsonaro posa fazendo sinais de armas. Foto: H\u00e9lvio Romero\/Estad\u00e3o.\" src=\"http:\/\/rioonwatch.org.br\/wp-content\/uploads\/2018\/10\/bolsonaro-arma-620x264.jpg\" alt=\"\" width=\"620\" height=\"264\" \/><\/a><\/p>\n<h3>2. Criminaliza\u00e7\u00e3o de ocupa\u00e7\u00f5es sem t\u00edtulo da terra<\/h3>\n<p>Bolsonaro vai na contram\u00e3o das pol\u00edticas de regulariza\u00e7\u00e3o fundi\u00e1ria e titula\u00e7\u00e3o, propondo em seu programa de governo que uma pessoa que viva em uma terra e n\u00e3o possua o t\u00edtulo dela, como frequentemente ocorre em favelas, seja considerada terrorista. Al\u00e9m disso, seu plano prev\u00ea a retirada &#8220;da Constitui\u00e7\u00e3o qualquer relativiza\u00e7\u00e3o da propriedade privada, como exemplo nas restri\u00e7\u00f5es da EC\/81\u201d. A <a href=\"http:\/\/bit.ly\/2O4BCuh\" target=\"_blank\" rel=\"noopener\">Emenda Constitucional n\u00b081<\/a>, a que ele se refere, prev\u00ea a desapropria\u00e7\u00e3o de terras onde seja feito uso de trabalho escravo ou plantio de drogas, e sua destina\u00e7\u00e3o para a reforma agr\u00e1ria ou para habita\u00e7\u00e3o popular. Retirar essa emenda refor\u00e7a o compromisso de Bolsonaro com a terra como propriedade privada, seja qual for o seu fim, e n\u00e3o com a sua fun\u00e7\u00e3o social, garantida pelo <a href=\"http:\/\/www.planalto.gov.br\/ccivil_03\/leis\/LEIS_2001\/L10257.htm\" target=\"_blank\" rel=\"noopener\">Estatuto das Cidades<\/a>. Seu plano n\u00e3o tem nenhuma men\u00e7\u00e3o \u00e0 moradia, habita\u00e7\u00e3o ou urbaniza\u00e7\u00e3o.<\/p>\n<h3>3. Educa\u00e7\u00e3o \u00e0 dist\u00e2ncia e restri\u00e7\u00e3o do acesso \u00e0 universidade<\/h3>\n<p>A principal proposta de Bolsonaro para a educa\u00e7\u00e3o \u00e9 a <a href=\"https:\/\/glo.bo\/2Rh0xfU\" target=\"_blank\" rel=\"noopener\">educa\u00e7\u00e3o \u00e0 dist\u00e2ncia para os ensinos fundamental e m\u00e9dio<\/a>, com apenas aulas pr\u00e1ticas e provas presenciais. Al\u00e9m da queda na qualidade do ensino, isso vai na contram\u00e3o da escola n\u00e3o s\u00f3 como espa\u00e7o para a educa\u00e7\u00e3o formal, mas como espa\u00e7o de socializa\u00e7\u00e3o (onde a crian\u00e7a aprende a viver em sociedade) e como ocupa\u00e7\u00e3o do tempo dos jovens, que com muito tempo em casa t\u00eam mais chances de se envolver com atividades como o tr\u00e1fico. A escola tamb\u00e9m tem um papel de prote\u00e7\u00e3o social de identificar viol\u00eancias que as crian\u00e7as possam estar vivendo em casa. Os filhos em casa s\u00e3o ainda um fardo a mais para as fam\u00edlias que n\u00e3o t\u00eam com quem deix\u00e1-los e precisam trabalhar fora, al\u00e9m de um fardo financeiro, visto que a merenda escolar tem importante papel na nutri\u00e7\u00e3o das crian\u00e7as.<\/p>\n<p>Outra inten\u00e7\u00e3o sinalizada pela equipe do Bolsonaro no que diz respeito \u00e0 educa\u00e7\u00e3o \u00e9 a <a href=\"http:\/\/bit.ly\/2D8MDcS\" target=\"_blank\" rel=\"noopener\">cobran\u00e7a de mensalidade nas universidade p\u00fablicas<\/a>, o que reduziria o acesso daqueles que n\u00e3o podem pag\u00e1-la, na dire\u00e7\u00e3o contr\u00e1ria das a\u00e7\u00f5es afirmativas que visam democratizar o acesso ao ensino superior. Bolsonaro j\u00e1 se pronunciou contra as cotas, <a href=\"http:\/\/bit.ly\/2yyOCTK\" target=\"_blank\" rel=\"noopener\">por, segundo ele, refor\u00e7arem a divis\u00e3o entre as pessoas e o que ele chama de &#8216;coitadismo&#8217;<\/a> de mulheres, gays, negros e nordestinos.<\/p>\n<h3>4. &#8220;Quem vai mandar no Brasil s\u00e3o os capit\u00e3es&#8221;<\/h3>\n<p>Bolsonaro pretende n\u00e3o s\u00f3\u00a0usar for\u00e7as armadas no combate ao crime organizado&#8211;como vem ocorrendo no Rio de Janeiro sob a interven\u00e7\u00e3o federal, o que <a href=\"https:\/\/glo.bo\/2JePy3T\" target=\"_blank\" rel=\"noopener\">elevou o n\u00famero de mortes<\/a>&#8211;mas levar os militares a posi\u00e7\u00f5es de poder na pol\u00edtica, sinalizando um governo com &#8220;um mont\u00e3o de ministro militar&#8221;, <a href=\"https:\/\/glo.bo\/2yCLtT3\" target=\"_blank\" rel=\"noopener\">em suas palavras<\/a>. Em <a href=\"https:\/\/abr.ai\/2CGsPwz\" target=\"_blank\" rel=\"noopener\">uma visita ao BOPE<\/a>, no morro da Tavares Bastos, no Rio de Janeiro, declarou que &#8220;quem vai mandar no Brasil s\u00e3o os capit\u00e3es&#8221; e que &#8220;teremos um dos nossos l\u00e1 em Bras\u00edlia. Caveira!&#8221;, citando o controverso grito de guerra do batalh\u00e3o. A visita, inclusive, foi <a href=\"http:\/\/bit.ly\/2O5Uvgd\" target=\"_blank\" rel=\"noopener\">questionada por poder configurar crime eleitoral<\/a>, visto que a legisla\u00e7\u00e3o pro\u00edbe atos de campanha em pr\u00e9dios p\u00fablicos.<\/p>\n<p><a href=\"http:\/\/rioonwatch.org.br\/wp-content\/uploads\/2018\/10\/bolsonaro-faz-discurso-dentro-do-quartel-do-bope.jpg\"><img loading=\"lazy\" decoding=\"async\" class=\"aligncenter wp-image-37202 size-content\" title=\"Bolsonaro faz discurso no BOPE. Foto: Reprodu\u00e7\u00e3o.\" src=\"http:\/\/rioonwatch.org.br\/wp-content\/uploads\/2018\/10\/bolsonaro-faz-discurso-dentro-do-quartel-do-bope-615x264.jpg\" alt=\"\" width=\"615\" height=\"264\" \/><\/a><\/p>\n<p>Al\u00e9m do pr\u00f3prio Bolsonaro, capit\u00e3o reformado do ex\u00e9rcito, e de seu vice, General Mour\u00e3o, ele j\u00e1 confirmou\u00a0<a href=\"https:\/\/g1.globo.com\/politica\/eleicoes\/2018\/noticia\/2018\/10\/11\/povo-nao-quer-saber-se-ministro-e-gay-mulher-ou-negro-quer-que-de-conta-do-recado-diz-bolsonaro.ghtml\">Augusto Heleno<\/a>, general da reserva, para o Minist\u00e9rio da Defesa (Temer foi o\u00a0<a href=\"http:\/\/bit.ly\/2CnoiPY\" target=\"_blank\" rel=\"noopener\">primeiro a nomear um militar para o Minist\u00e9rio<\/a>\u00a0desde sua cria\u00e7\u00e3o em 1999) e apontou interesse em nomear <a href=\"http:\/\/bit.ly\/2yzVIaB\" target=\"_blank\" rel=\"noopener\">Marcos Pontes<\/a>,\u00a0tenente-coronel aposentado da Aeron\u00e1utica e astronauta, para o Minist\u00e9rio da Ci\u00eancia e Tecnologia.\u00a0&#8220;Pretendo ter 15 ministros. Um vai ser homem, o da Defesa, um oficial-general. O resto pode ser tudo mulher, tudo gay, tudo afrodescendente&#8221;,\u00a0<a href=\"https:\/\/glo.bo\/2D4m20n\" target=\"_blank\" rel=\"noopener\">disse ele em entrevista \u00e0 CBN<\/a>.<\/p>\n<h3>5. Prioriza\u00e7\u00e3o do policial em detrimento do morador<\/h3>\n<p>Bolsonaro passou duas vezes por favelas em campanha, uma ainda antes da campanha oficial, em fevereiro desse ano, na Cidade de Deus, onde visitou a sede da UPP e posou para fotos na frente de um caveir\u00e3o. No mesmo dia, horas ap\u00f3s a visita, Natacha Aparecida Cruz, de 19 anos, foi\u00a0<a href=\"https:\/\/glo.bo\/2Au9i0R\" target=\"_blank\" rel=\"noopener\">atingida por uma bala perdida durante um confronto entre PMs e traficantes<\/a>. A segunda foi durante a campanha para o segundo turno, na Tavares Bastos, onde visitou a sede do BOPE. Simbolicamente, em ambas as vezes ele fez contato com policiais, e n\u00e3o com os moradores do local.<\/p>\n<p><a href=\"http:\/\/rioonwatch.org.br\/wp-content\/uploads\/2018\/10\/bolso-upp.jpg\" target=\"_blank\" rel=\"noopener\"><img loading=\"lazy\" decoding=\"async\" class=\"aligncenter wp-image-37201 size-content\" title=\"Bolsonaro posa com policiais e um caveir\u00e3o na UPP da Cidade de Deus.\" src=\"http:\/\/rioonwatch.org.br\/wp-content\/uploads\/2018\/10\/bolso-upp-620x264.jpg\" alt=\"\" width=\"620\" height=\"264\" \/><\/a><\/p>\n<h3>6. Libera\u00e7\u00e3o do porte de armas<\/h3>\n<p>Bolsonaro defende a permiss\u00e3o do uso de armas para leg\u00edtima defesa, defesa dos familiares e da propriedade. O candidato considera que armas\u00a0podem igualmente ser utilizadas para matar ou para salvar vidas, dependendo da \u00edndole da pessoa que a est\u00e1 segurando.<\/p>\n<!-- AddThis Advanced Settings generic via filter on the_content --><!-- AddThis Share Buttons generic via filter on the_content -->","protected":false},"excerpt":{"rendered":"<div class=\"mh-excerpt\"><p>Click Here for English Haddad e Bolsonaro, candidatos \u00e0 presid\u00eancia que disputar\u00e3o o segundo turno no pr\u00f3ximo domingo, t\u00eam posi\u00e7\u00f5es bastante distintas com rela\u00e7\u00e3o \u00e0 moradia e urbaniza\u00e7\u00e3o em favelas, e com rela\u00e7\u00e3o \u00e0 seguran\u00e7a <a class=\"mh-excerpt-more\" href=\"https:\/\/rioonwatch.org.br\/?p=37136\" title=\"Compara\u00e7\u00e3o dos Candidatos: Como Haddad e Bolsonaro Ir\u00e3o Lidar com as Favelas e Seus Moradores\">[&#8230;]<\/a><!-- AddThis Advanced Settings generic via filter on get_the_excerpt --><!-- AddThis Share Buttons generic via filter on get_the_excerpt --><\/p>\n<\/div>","protected":false},"author":152,"featured_media":37206,"comment_status":"closed","ping_status":"closed","sticky":false,"template":"","format":"standard","meta":{"_acf_changed":false,"_monsterinsights_skip_tracking":false,"_monsterinsights_sitenote_active":false,"_monsterinsights_sitenote_note":"","_monsterinsights_sitenote_category":0,"footnotes":""},"categories":[1618,1621,344,1620],"tags":[2402,17,2123,347,554,332,1642,81,316,457,396,340,2253,2543,2548,2269,113,719,246,988,1037,36,2531,86,1840,82,16,672,1521,578,92,493],"writer":[1994],"translator":[],"source":[],"ilustrador":[],"fotografo":[],"class_list":{"0":"post-37136","1":"post","2":"type-post","3":"status-publish","4":"format-standard","5":"has-post-thumbnail","7":"category-olhonaparticipacao","8":"category-destaque","9":"category-politicas","10":"category-olhonaupp","11":"tag-acesso-a-universidade","12":"tag-aluguel-social","13":"tag-auto-de-resistencia","14":"tag-bope","15":"tag-cidade-de-deus","16":"tag-complexo-da-mare","17":"tag-cotas","18":"tag-cultura","19":"tag-educacao","20":"tag-eleicoes","21":"tag-especulacao-imobiliaria","22":"tag-funcao-social","23":"tag-guerra-as-drogas","24":"tag-haddad","25":"tag-igreja-catolica","26":"tag-jair-bolsonaro","27":"tag-juventude","28":"tag-lazer","29":"tag-minha-casa-minha-vida","30":"tag-minha-casa-minha-vida-entidades","31":"tag-moradia","32":"tag-pac","33":"tag-psl","34":"tag-pastoral-de-favelas","35":"tag-pt","36":"tag-regularizacao-fundiaria","37":"tag-rocinha","38":"tag-seguranca-publica","39":"tag-tavares-bastos","40":"tag-trabalho-e-renda","41":"tag-upp","42":"tag-urbanizacao","43":"writer-luisa-fenizola"},"acf":[],"yoast_head":"<!-- This site is optimized with the Yoast SEO plugin v25.6 - https:\/\/yoast.com\/wordpress\/plugins\/seo\/ -->\n<title>Compara\u00e7\u00e3o dos Candidatos: Como Haddad e Bolsonaro Ir\u00e3o Lidar com as Favelas e Seus Moradores - RioOnWatch<\/title>\n<meta name=\"robots\" content=\"index, follow, max-snippet:-1, max-image-preview:large, max-video-preview:-1\" \/>\n<link rel=\"canonical\" href=\"https:\/\/rioonwatch.org.br\/?p=37136\" \/>\n<meta property=\"og:locale\" content=\"pt_BR\" \/>\n<meta property=\"og:type\" content=\"article\" \/>\n<meta property=\"og:title\" content=\"Compara\u00e7\u00e3o dos Candidatos: Como Haddad e Bolsonaro Ir\u00e3o Lidar com as Favelas e Seus Moradores - RioOnWatch\" \/>\n<meta property=\"og:description\" content=\"Click Here for English Haddad e Bolsonaro, candidatos \u00e0 presid\u00eancia que disputar\u00e3o o segundo turno no pr\u00f3ximo domingo, t\u00eam posi\u00e7\u00f5es bastante distintas com rela\u00e7\u00e3o \u00e0 moradia e urbaniza\u00e7\u00e3o em favelas, e com rela\u00e7\u00e3o \u00e0 seguran\u00e7a [...]\" \/>\n<meta property=\"og:url\" content=\"https:\/\/rioonwatch.org.br\/?p=37136\" \/>\n<meta property=\"og:site_name\" content=\"RioOnWatch\" \/>\n<meta property=\"article:published_time\" content=\"2018-10-26T12:00:59+00:00\" \/>\n<meta property=\"article:modified_time\" content=\"2026-04-14T13:00:32+00:00\" \/>\n<meta property=\"og:image\" content=\"https:\/\/rioonwatch.org.br\/wp-content\/uploads\/2018\/10\/haddad-bolsonaro.png\" \/>\n\t<meta property=\"og:image:width\" content=\"1024\" \/>\n\t<meta property=\"og:image:height\" content=\"525\" \/>\n\t<meta property=\"og:image:type\" content=\"image\/png\" \/>\n<meta name=\"author\" content=\"Luisa Fenizola\" \/>\n<meta name=\"twitter:card\" content=\"summary_large_image\" \/>\n<meta name=\"twitter:label1\" content=\"Escrito por\" \/>\n\t<meta name=\"twitter:data1\" content=\"Luisa Fenizola\" \/>\n\t<meta name=\"twitter:label2\" content=\"Est. tempo de leitura\" \/>\n\t<meta name=\"twitter:data2\" content=\"10 minutos\" \/>\n<script type=\"application\/ld+json\" class=\"yoast-schema-graph\">{\"@context\":\"https:\/\/schema.org\",\"@graph\":[{\"@type\":\"Article\",\"@id\":\"https:\/\/rioonwatch.org.br\/?p=37136#article\",\"isPartOf\":{\"@id\":\"https:\/\/rioonwatch.org.br\/?p=37136\"},\"author\":{\"name\":\"Luisa Fenizola\",\"@id\":\"https:\/\/rioonwatch.org.br\/#\/schema\/person\/f443c6b55bb6e80842280318076491c5\"},\"headline\":\"Compara\u00e7\u00e3o dos Candidatos: Como Haddad e Bolsonaro Ir\u00e3o Lidar com as Favelas e Seus Moradores\",\"datePublished\":\"2018-10-26T12:00:59+00:00\",\"dateModified\":\"2026-04-14T13:00:32+00:00\",\"mainEntityOfPage\":{\"@id\":\"https:\/\/rioonwatch.org.br\/?p=37136\"},\"wordCount\":1943,\"publisher\":{\"@id\":\"https:\/\/rioonwatch.org.br\/#organization\"},\"image\":{\"@id\":\"https:\/\/rioonwatch.org.br\/?p=37136#primaryimage\"},\"thumbnailUrl\":\"https:\/\/rioonwatch.org.br\/wp-content\/uploads\/2018\/10\/haddad-bolsonaro.png\",\"keywords\":[\"acesso \u00e0 universidade\",\"Aluguel social\",\"auto de resist\u00eancia\",\"BOPE\",\"Cidade de Deus\",\"Complexo da Mar\u00e9\",\"cotas\",\"cultura\",\"educa\u00e7\u00e3o\",\"Elei\u00e7\u00f5es\",\"especula\u00e7\u00e3o imobili\u00e1ria\",\"fun\u00e7\u00e3o social\",\"guerra \u00e0s drogas\",\"Haddad\",\"Igreja Cat\u00f3lica\",\"Jair Bolsonaro\",\"juventude\",\"lazer\",\"Minha Casa Minha Vida\",\"Minha Casa Minha Vida-Entidades\",\"moradia\",\"PAC\",\"Partido Social Liberal (PSL)\",\"Pastoral das Favelas\",\"PT\",\"regulariza\u00e7\u00e3o fundi\u00e1ria\",\"Rocinha\",\"seguran\u00e7a p\u00fablica\",\"Tavares Bastos\",\"Trabalho e renda\",\"UPP\",\"urbaniza\u00e7\u00e3o\"],\"articleSection\":[\"#OlhoNaParticipa\u00e7\u00e3o\",\"*Destaque\",\"Pol\u00edticas\",\"Seguran\u00e7a P\u00fablica\"],\"inLanguage\":\"pt-BR\"},{\"@type\":\"WebPage\",\"@id\":\"https:\/\/rioonwatch.org.br\/?p=37136\",\"url\":\"https:\/\/rioonwatch.org.br\/?p=37136\",\"name\":\"Compara\u00e7\u00e3o dos Candidatos: Como Haddad e Bolsonaro Ir\u00e3o Lidar com as Favelas e Seus Moradores - RioOnWatch\",\"isPartOf\":{\"@id\":\"https:\/\/rioonwatch.org.br\/#website\"},\"primaryImageOfPage\":{\"@id\":\"https:\/\/rioonwatch.org.br\/?p=37136#primaryimage\"},\"image\":{\"@id\":\"https:\/\/rioonwatch.org.br\/?p=37136#primaryimage\"},\"thumbnailUrl\":\"https:\/\/rioonwatch.org.br\/wp-content\/uploads\/2018\/10\/haddad-bolsonaro.png\",\"datePublished\":\"2018-10-26T12:00:59+00:00\",\"dateModified\":\"2026-04-14T13:00:32+00:00\",\"breadcrumb\":{\"@id\":\"https:\/\/rioonwatch.org.br\/?p=37136#breadcrumb\"},\"inLanguage\":\"pt-BR\",\"potentialAction\":[{\"@type\":\"ReadAction\",\"target\":[\"https:\/\/rioonwatch.org.br\/?p=37136\"]}]},{\"@type\":\"ImageObject\",\"inLanguage\":\"pt-BR\",\"@id\":\"https:\/\/rioonwatch.org.br\/?p=37136#primaryimage\",\"url\":\"https:\/\/rioonwatch.org.br\/wp-content\/uploads\/2018\/10\/haddad-bolsonaro.png\",\"contentUrl\":\"https:\/\/rioonwatch.org.br\/wp-content\/uploads\/2018\/10\/haddad-bolsonaro.png\",\"width\":1024,\"height\":525},{\"@type\":\"BreadcrumbList\",\"@id\":\"https:\/\/rioonwatch.org.br\/?p=37136#breadcrumb\",\"itemListElement\":[{\"@type\":\"ListItem\",\"position\":1,\"name\":\"In\u00edcio\",\"item\":\"https:\/\/rioonwatch.org.br\/\"},{\"@type\":\"ListItem\",\"position\":2,\"name\":\"Compara\u00e7\u00e3o dos Candidatos: Como Haddad e Bolsonaro Ir\u00e3o Lidar com as Favelas e Seus Moradores\"}]},{\"@type\":\"WebSite\",\"@id\":\"https:\/\/rioonwatch.org.br\/#website\",\"url\":\"https:\/\/rioonwatch.org.br\/\",\"name\":\"RioOnWatch\",\"description\":\"relatos das favelas cariocas\",\"publisher\":{\"@id\":\"https:\/\/rioonwatch.org.br\/#organization\"},\"potentialAction\":[{\"@type\":\"SearchAction\",\"target\":{\"@type\":\"EntryPoint\",\"urlTemplate\":\"https:\/\/rioonwatch.org.br\/?s={search_term_string}\"},\"query-input\":{\"@type\":\"PropertyValueSpecification\",\"valueRequired\":true,\"valueName\":\"search_term_string\"}}],\"inLanguage\":\"pt-BR\"},{\"@type\":\"Organization\",\"@id\":\"https:\/\/rioonwatch.org.br\/#organization\",\"name\":\"RioOnWatch\",\"url\":\"https:\/\/rioonwatch.org.br\/\",\"logo\":{\"@type\":\"ImageObject\",\"inLanguage\":\"pt-BR\",\"@id\":\"https:\/\/rioonwatch.org.br\/#\/schema\/logo\/image\/\",\"url\":\"https:\/\/rioonwatch.org.br\/wp-content\/uploads\/2021\/06\/RioOnWatchcabecalhoPT11anos-2.png\",\"contentUrl\":\"https:\/\/rioonwatch.org.br\/wp-content\/uploads\/2021\/06\/RioOnWatchcabecalhoPT11anos-2.png\",\"width\":779,\"height\":277,\"caption\":\"RioOnWatch\"},\"image\":{\"@id\":\"https:\/\/rioonwatch.org.br\/#\/schema\/logo\/image\/\"}},{\"@type\":\"Person\",\"@id\":\"https:\/\/rioonwatch.org.br\/#\/schema\/person\/f443c6b55bb6e80842280318076491c5\",\"name\":\"Luisa Fenizola\",\"image\":{\"@type\":\"ImageObject\",\"inLanguage\":\"pt-BR\",\"@id\":\"https:\/\/rioonwatch.org.br\/#\/schema\/person\/image\/\",\"url\":\"https:\/\/secure.gravatar.com\/avatar\/a3d551110162b9f876cbbdaaecf75663?s=96&d=blank&r=g\",\"contentUrl\":\"https:\/\/secure.gravatar.com\/avatar\/a3d551110162b9f876cbbdaaecf75663?s=96&d=blank&r=g\",\"caption\":\"Luisa Fenizola\"},\"url\":\"https:\/\/rioonwatch.org.br\/?author=152\"}]}<\/script>\n<!-- \/ Yoast SEO plugin. -->","yoast_head_json":{"title":"Compara\u00e7\u00e3o dos Candidatos: Como Haddad e Bolsonaro Ir\u00e3o Lidar com as Favelas e Seus Moradores - RioOnWatch","robots":{"index":"index","follow":"follow","max-snippet":"max-snippet:-1","max-image-preview":"max-image-preview:large","max-video-preview":"max-video-preview:-1"},"canonical":"https:\/\/rioonwatch.org.br\/?p=37136","og_locale":"pt_BR","og_type":"article","og_title":"Compara\u00e7\u00e3o dos Candidatos: Como Haddad e Bolsonaro Ir\u00e3o Lidar com as Favelas e Seus Moradores - RioOnWatch","og_description":"Click Here for English Haddad e Bolsonaro, candidatos \u00e0 presid\u00eancia que disputar\u00e3o o segundo turno no pr\u00f3ximo domingo, t\u00eam posi\u00e7\u00f5es bastante distintas com rela\u00e7\u00e3o \u00e0 moradia e urbaniza\u00e7\u00e3o em favelas, e com rela\u00e7\u00e3o \u00e0 seguran\u00e7a [...]","og_url":"https:\/\/rioonwatch.org.br\/?p=37136","og_site_name":"RioOnWatch","article_published_time":"2018-10-26T12:00:59+00:00","article_modified_time":"2026-04-14T13:00:32+00:00","og_image":[{"width":1024,"height":525,"url":"https:\/\/rioonwatch.org.br\/wp-content\/uploads\/2018\/10\/haddad-bolsonaro.png","type":"image\/png"}],"author":"Luisa Fenizola","twitter_card":"summary_large_image","twitter_misc":{"Escrito por":"Luisa Fenizola","Est. tempo de leitura":"10 minutos"},"schema":{"@context":"https:\/\/schema.org","@graph":[{"@type":"Article","@id":"https:\/\/rioonwatch.org.br\/?p=37136#article","isPartOf":{"@id":"https:\/\/rioonwatch.org.br\/?p=37136"},"author":{"name":"Luisa Fenizola","@id":"https:\/\/rioonwatch.org.br\/#\/schema\/person\/f443c6b55bb6e80842280318076491c5"},"headline":"Compara\u00e7\u00e3o dos Candidatos: Como Haddad e Bolsonaro Ir\u00e3o Lidar com as Favelas e Seus Moradores","datePublished":"2018-10-26T12:00:59+00:00","dateModified":"2026-04-14T13:00:32+00:00","mainEntityOfPage":{"@id":"https:\/\/rioonwatch.org.br\/?p=37136"},"wordCount":1943,"publisher":{"@id":"https:\/\/rioonwatch.org.br\/#organization"},"image":{"@id":"https:\/\/rioonwatch.org.br\/?p=37136#primaryimage"},"thumbnailUrl":"https:\/\/rioonwatch.org.br\/wp-content\/uploads\/2018\/10\/haddad-bolsonaro.png","keywords":["acesso \u00e0 universidade","Aluguel social","auto de resist\u00eancia","BOPE","Cidade de Deus","Complexo da Mar\u00e9","cotas","cultura","educa\u00e7\u00e3o","Elei\u00e7\u00f5es","especula\u00e7\u00e3o imobili\u00e1ria","fun\u00e7\u00e3o social","guerra \u00e0s drogas","Haddad","Igreja Cat\u00f3lica","Jair Bolsonaro","juventude","lazer","Minha Casa Minha Vida","Minha Casa Minha Vida-Entidades","moradia","PAC","Partido Social Liberal (PSL)","Pastoral das Favelas","PT","regulariza\u00e7\u00e3o fundi\u00e1ria","Rocinha","seguran\u00e7a p\u00fablica","Tavares Bastos","Trabalho e renda","UPP","urbaniza\u00e7\u00e3o"],"articleSection":["#OlhoNaParticipa\u00e7\u00e3o","*Destaque","Pol\u00edticas","Seguran\u00e7a P\u00fablica"],"inLanguage":"pt-BR"},{"@type":"WebPage","@id":"https:\/\/rioonwatch.org.br\/?p=37136","url":"https:\/\/rioonwatch.org.br\/?p=37136","name":"Compara\u00e7\u00e3o dos Candidatos: Como Haddad e Bolsonaro Ir\u00e3o Lidar com as Favelas e Seus Moradores - RioOnWatch","isPartOf":{"@id":"https:\/\/rioonwatch.org.br\/#website"},"primaryImageOfPage":{"@id":"https:\/\/rioonwatch.org.br\/?p=37136#primaryimage"},"image":{"@id":"https:\/\/rioonwatch.org.br\/?p=37136#primaryimage"},"thumbnailUrl":"https:\/\/rioonwatch.org.br\/wp-content\/uploads\/2018\/10\/haddad-bolsonaro.png","datePublished":"2018-10-26T12:00:59+00:00","dateModified":"2026-04-14T13:00:32+00:00","breadcrumb":{"@id":"https:\/\/rioonwatch.org.br\/?p=37136#breadcrumb"},"inLanguage":"pt-BR","potentialAction":[{"@type":"ReadAction","target":["https:\/\/rioonwatch.org.br\/?p=37136"]}]},{"@type":"ImageObject","inLanguage":"pt-BR","@id":"https:\/\/rioonwatch.org.br\/?p=37136#primaryimage","url":"https:\/\/rioonwatch.org.br\/wp-content\/uploads\/2018\/10\/haddad-bolsonaro.png","contentUrl":"https:\/\/rioonwatch.org.br\/wp-content\/uploads\/2018\/10\/haddad-bolsonaro.png","width":1024,"height":525},{"@type":"BreadcrumbList","@id":"https:\/\/rioonwatch.org.br\/?p=37136#breadcrumb","itemListElement":[{"@type":"ListItem","position":1,"name":"In\u00edcio","item":"https:\/\/rioonwatch.org.br\/"},{"@type":"ListItem","position":2,"name":"Compara\u00e7\u00e3o dos Candidatos: Como Haddad e Bolsonaro Ir\u00e3o Lidar com as Favelas e Seus Moradores"}]},{"@type":"WebSite","@id":"https:\/\/rioonwatch.org.br\/#website","url":"https:\/\/rioonwatch.org.br\/","name":"RioOnWatch","description":"relatos das favelas cariocas","publisher":{"@id":"https:\/\/rioonwatch.org.br\/#organization"},"potentialAction":[{"@type":"SearchAction","target":{"@type":"EntryPoint","urlTemplate":"https:\/\/rioonwatch.org.br\/?s={search_term_string}"},"query-input":{"@type":"PropertyValueSpecification","valueRequired":true,"valueName":"search_term_string"}}],"inLanguage":"pt-BR"},{"@type":"Organization","@id":"https:\/\/rioonwatch.org.br\/#organization","name":"RioOnWatch","url":"https:\/\/rioonwatch.org.br\/","logo":{"@type":"ImageObject","inLanguage":"pt-BR","@id":"https:\/\/rioonwatch.org.br\/#\/schema\/logo\/image\/","url":"https:\/\/rioonwatch.org.br\/wp-content\/uploads\/2021\/06\/RioOnWatchcabecalhoPT11anos-2.png","contentUrl":"https:\/\/rioonwatch.org.br\/wp-content\/uploads\/2021\/06\/RioOnWatchcabecalhoPT11anos-2.png","width":779,"height":277,"caption":"RioOnWatch"},"image":{"@id":"https:\/\/rioonwatch.org.br\/#\/schema\/logo\/image\/"}},{"@type":"Person","@id":"https:\/\/rioonwatch.org.br\/#\/schema\/person\/f443c6b55bb6e80842280318076491c5","name":"Luisa Fenizola","image":{"@type":"ImageObject","inLanguage":"pt-BR","@id":"https:\/\/rioonwatch.org.br\/#\/schema\/person\/image\/","url":"https:\/\/secure.gravatar.com\/avatar\/a3d551110162b9f876cbbdaaecf75663?s=96&d=blank&r=g","contentUrl":"https:\/\/secure.gravatar.com\/avatar\/a3d551110162b9f876cbbdaaecf75663?s=96&d=blank&r=g","caption":"Luisa Fenizola"},"url":"https:\/\/rioonwatch.org.br\/?author=152"}]}},"_links":{"self":[{"href":"https:\/\/rioonwatch.org.br\/index.php?rest_route=\/wp\/v2\/posts\/37136"}],"collection":[{"href":"https:\/\/rioonwatch.org.br\/index.php?rest_route=\/wp\/v2\/posts"}],"about":[{"href":"https:\/\/rioonwatch.org.br\/index.php?rest_route=\/wp\/v2\/types\/post"}],"author":[{"embeddable":true,"href":"https:\/\/rioonwatch.org.br\/index.php?rest_route=\/wp\/v2\/users\/152"}],"replies":[{"embeddable":true,"href":"https:\/\/rioonwatch.org.br\/index.php?rest_route=%2Fwp%2Fv2%2Fcomments&post=37136"}],"version-history":[{"count":19,"href":"https:\/\/rioonwatch.org.br\/index.php?rest_route=\/wp\/v2\/posts\/37136\/revisions"}],"predecessor-version":[{"id":37247,"href":"https:\/\/rioonwatch.org.br\/index.php?rest_route=\/wp\/v2\/posts\/37136\/revisions\/37247"}],"wp:featuredmedia":[{"embeddable":true,"href":"https:\/\/rioonwatch.org.br\/index.php?rest_route=\/wp\/v2\/media\/37206"}],"wp:attachment":[{"href":"https:\/\/rioonwatch.org.br\/index.php?rest_route=%2Fwp%2Fv2%2Fmedia&parent=37136"}],"wp:term":[{"taxonomy":"category","embeddable":true,"href":"https:\/\/rioonwatch.org.br\/index.php?rest_route=%2Fwp%2Fv2%2Fcategories&post=37136"},{"taxonomy":"post_tag","embeddable":true,"href":"https:\/\/rioonwatch.org.br\/index.php?rest_route=%2Fwp%2Fv2%2Ftags&post=37136"},{"taxonomy":"writer","embeddable":true,"href":"https:\/\/rioonwatch.org.br\/index.php?rest_route=%2Fwp%2Fv2%2Fwriter&post=37136"},{"taxonomy":"translator","embeddable":true,"href":"https:\/\/rioonwatch.org.br\/index.php?rest_route=%2Fwp%2Fv2%2Ftranslator&post=37136"},{"taxonomy":"source","embeddable":true,"href":"https:\/\/rioonwatch.org.br\/index.php?rest_route=%2Fwp%2Fv2%2Fsource&post=37136"},{"taxonomy":"ilustrador","embeddable":true,"href":"https:\/\/rioonwatch.org.br\/index.php?rest_route=%2Fwp%2Fv2%2Filustrador&post=37136"},{"taxonomy":"fotografo","embeddable":true,"href":"https:\/\/rioonwatch.org.br\/index.php?rest_route=%2Fwp%2Fv2%2Ffotografo&post=37136"}],"curies":[{"name":"wp","href":"https:\/\/api.w.org\/{rel}","templated":true}]}}