{"id":37228,"date":"2018-10-29T16:40:45","date_gmt":"2018-10-29T19:40:45","guid":{"rendered":"http:\/\/rioonwatch.org.br\/?p=37228"},"modified":"2018-11-02T13:48:37","modified_gmt":"2018-11-02T16:48:37","slug":"trabalhadores-do-sus-advertem-direito-garantido-nao-se-compra-e-nao-se-vende","status":"publish","type":"post","link":"https:\/\/rioonwatch.org.br\/?p=37228","title":{"rendered":"Trabalhadores do SUS Advertem: &#8216;Direito Garantido N\u00e3o se Compra e N\u00e3o se Vende&#8217;"},"content":{"rendered":"<p><span style=\"font-weight: 400;\">No dia 23 de outubro, em frente \u00e0 Prefeitura do Rio, diversas categorias de trabalhadores da sa\u00fade, especialmente da aten\u00e7\u00e3o b\u00e1sica\u2014respons\u00e1vel por a\u00e7\u00f5es territoriais de preven\u00e7\u00e3o e promo\u00e7\u00e3o \u00e0 sa\u00fade\u2014se reuniram no ato \u201c<a href=\"http:\/\/bit.ly\/2RfOorM\" target=\"_blank\" rel=\"noopener\">Nenhum Trabalhador a Menos<\/a>\u201d convocado pelo\u00a0<a href=\"http:\/\/bit.ly\/2OQ6fZA\" target=\"_blank\" rel=\"noopener\">Sindicato dos Auxiliares e T\u00e9cnicos de Enfermagem do Rio de Janeiro<\/a> (SATEMRJ) para pedir solu\u00e7\u00f5es aos <a href=\"http:\/\/bit.ly\/2zabkBs\" target=\"_blank\" rel=\"noopener\">cortes de verbas<\/a><\/span><span style=\"font-weight: 400;\">\u00a0feitos <a href=\"https:\/\/glo.bo\/2JjM14d\" target=\"_blank\" rel=\"noopener\">pelo Prefeito Marcelo Crivella<\/a><\/span><span style=\"font-weight: 400;\">. Os trabalhadores ocuparam uma faixa da Avenida Presidente Vargas, no <a href=\"http:\/\/bit.ly\/1qX7nZG\" target=\"_blank\" rel=\"noopener\">Centro<\/a>, e caminharam at\u00e9 a Central do Brasil entoando gritos de \u201cEi Crivella, n\u00e3o tire a sa\u00fade de dentro da favela, nem do asfalto!\u201d, fazendo tamb\u00e9m men\u00e7\u00e3o \u00e0 <a href=\"https:\/\/glo.bo\/2AqoaNQ\" target=\"_blank\" rel=\"noopener\">fala do prefeito<\/a> sobre \u201ccuidar das pessoas\u201d <\/span><span style=\"font-weight: 400;\">ao assumir a prefeitura. Todos estavam muito mobilizados, temerosos e em busca da for\u00e7a da coletividade para que sejam ouvidos e valorizados. Algumas categorias est\u00e3o com indicativo de greve, a exemplo da enfermagem, que j\u00e1 anunciou a paraliza\u00e7\u00e3o de suas atividades a partir do dia 29 de outubro. <a href=\"http:\/\/bit.ly\/2cIlnDw\" target=\"_blank\" rel=\"noopener\">Crivella<\/a> n\u00e3o se manifestou sobre o ato e, no mesmo dia, anunciou <a href=\"http:\/\/bit.ly\/2PmOaBS\" target=\"_blank\" rel=\"noopener\">em suas redes sociais<\/a> a retomada das obras de uma <a href=\"http:\/\/bit.ly\/2qhltIm\" target=\"_blank\" rel=\"noopener\">Cl\u00ednica de Sa\u00fade da Fam\u00edlia<\/a> na <a href=\"http:\/\/bit.ly\/2xS0izO\" target=\"_blank\" rel=\"noopener\">Cidade de Deus<\/a>, cuja previs\u00e3o de inaugura\u00e7\u00e3o \u00e9 de tr\u00eas meses.<\/span><\/p>\n<p><a href=\"http:\/\/rioonwatch.org.br\/wp-content\/uploads\/2018\/10\/Manifesta\u00e7\u00e3o-pela-sa\u00fade.jpg\"><img fetchpriority=\"high\" decoding=\"async\" class=\"aligncenter size-content wp-image-37236\" src=\"http:\/\/rioonwatch.org.br\/wp-content\/uploads\/2018\/10\/Manifesta\u00e7\u00e3o-pela-sa\u00fade-620x264.jpg\" alt=\"\" width=\"620\" height=\"264\" srcset=\"https:\/\/rioonwatch.org.br\/wp-content\/uploads\/2018\/10\/Manifesta\u00e7\u00e3o-pela-sa\u00fade-620x264.jpg 620w, https:\/\/rioonwatch.org.br\/wp-content\/uploads\/2018\/10\/Manifesta\u00e7\u00e3o-pela-sa\u00fade-940x400.jpg 940w\" sizes=\"(max-width: 620px) 100vw, 620px\" \/><\/a><\/p>\n<h3><b>Sal\u00e1rios atrasados<\/b><\/h3>\n<p><span style=\"font-weight: 400;\">Uma das reivindica\u00e7\u00f5es dos servidores municipais \u00e9 o <a href=\"https:\/\/glo.bo\/2qdV51T\" target=\"_blank\" rel=\"noopener\">pagamento integral dos sal\u00e1rios atrasados<\/a><\/span><span style=\"font-weight: 400;\">, uma vez que grande parte deles s\u00e3o contratados atrav\u00e9s de Organiza\u00e7\u00f5es Sociais de Sa\u00fade (OSS)\u2014empresas de administra\u00e7\u00e3o privada e servi\u00e7o p\u00fablico\u2014que dependem dos <a href=\"https:\/\/glo.bo\/2CK26ze\" target=\"_blank\" rel=\"noopener\">repasses de verbas da prefeitura<\/a> para realizar o pagamento dos funcion\u00e1rios<\/span><span style=\"font-weight: 400;\">. No dia 9 de outubro, alguns trabalhadores de Cl\u00ednicas da Fam\u00edlia receberam a not\u00edcia de que receberiam o\u00a0<a href=\"https:\/\/glo.bo\/2EM3eov\" target=\"_blank\" rel=\"noopener\">pagamento de apenas 5% do valor de seus sal\u00e1rios<\/a><\/span><span style=\"font-weight: 400;\">. Al\u00e9m disso, trabalhadores de outros setores da sa\u00fade, como hospitais, tamb\u00e9m reclamam de <a href=\"https:\/\/glo.bo\/2SpzyjA\" target=\"_blank\" rel=\"noopener\">atrasos e falta de pagamento<\/a>.\u00a0<\/span><\/p>\n<p><a href=\"http:\/\/rioonwatch.org.br\/wp-content\/uploads\/2018\/10\/Manifesta\u00e7\u00e3o-pela-sa\u00fade-2.jpeg\"><img decoding=\"async\" class=\"aligncenter size-content wp-image-37237\" src=\"http:\/\/rioonwatch.org.br\/wp-content\/uploads\/2018\/10\/Manifesta\u00e7\u00e3o-pela-sa\u00fade-2-620x264.jpeg\" alt=\"\" width=\"620\" height=\"264\" srcset=\"https:\/\/rioonwatch.org.br\/wp-content\/uploads\/2018\/10\/Manifesta\u00e7\u00e3o-pela-sa\u00fade-2-620x264.jpeg 620w, https:\/\/rioonwatch.org.br\/wp-content\/uploads\/2018\/10\/Manifesta\u00e7\u00e3o-pela-sa\u00fade-2-940x400.jpeg 940w\" sizes=\"(max-width: 620px) 100vw, 620px\" \/><\/a><\/p>\n<h3><b>Amea\u00e7a de redu\u00e7\u00e3o do n\u00famero de equipes de sa\u00fade da fam\u00edlia<\/b><\/h3>\n<p><span style=\"font-weight: 400;\">Outro fator de preocupa\u00e7\u00e3o s\u00e3o as amea\u00e7as de <a href=\"https:\/\/glo.bo\/2Rij2AJ\" target=\"_blank\" rel=\"noopener\">redu\u00e7\u00e3o das equipes<\/a><\/span><span style=\"font-weight: 400;\">\u00a0e, consequentemente, <a href=\"http:\/\/bit.ly\/2D8dl5p\" target=\"_blank\" rel=\"noopener\">realiza\u00e7\u00e3o de demiss\u00f5es<\/a><\/span><span style=\"font-weight: 400;\">, j\u00e1 confirmadas por Paulo Messina, secret\u00e1rio da Casa Civil. Se aprovados, o descredenciamento das equipes aumentar\u00e1 o assoberbamento do pessoal da sa\u00fade e diminuir\u00e1 a qualidade e disponibilidade dos atendimentos na aten\u00e7\u00e3o b\u00e1sica. Paulo Messina, secret\u00e1rio da Casa Civil, informou que os cortes ser\u00e3o baseados no <a href=\"http:\/\/bit.ly\/2EZ4S6v\" target=\"_blank\" rel=\"noopener\">\u00cdndice de Desenvolvimento Social<\/a> (IDS)\u2014<\/span><span style=\"font-weight: 400;\">que leva em considera\u00e7\u00e3o fatores como renda, saneamento b\u00e1sico, coleta de lixo e analfabetismo\u2014priorizando, assim, \u00e1reas mais vulner\u00e1veis e cortando recursos em localidades com indicadores mais altos.<\/span><\/p>\n<h3><b>Convoca\u00e7\u00e3o para o pr\u00f3ximo ato<\/b><\/h3>\n<p><span style=\"font-weight: 400;\"><a href=\"http:\/\/rioonwatch.org.br\/wp-content\/uploads\/2018\/10\/Contra-o-Desmanche-do-SUS-1.jpg\"><img decoding=\"async\" class=\"wp-image-37241 alignright\" src=\"http:\/\/rioonwatch.org.br\/wp-content\/uploads\/2018\/10\/Contra-o-Desmanche-do-SUS-1.jpg\" alt=\"\" width=\"300\" height=\"225\" srcset=\"https:\/\/rioonwatch.org.br\/wp-content\/uploads\/2018\/10\/Contra-o-Desmanche-do-SUS-1.jpg 512w, https:\/\/rioonwatch.org.br\/wp-content\/uploads\/2018\/10\/Contra-o-Desmanche-do-SUS-1-352x264.jpg 352w, https:\/\/rioonwatch.org.br\/wp-content\/uploads\/2018\/10\/Contra-o-Desmanche-do-SUS-1-174x131.jpg 174w, https:\/\/rioonwatch.org.br\/wp-content\/uploads\/2018\/10\/Contra-o-Desmanche-do-SUS-1-300x225.jpg 300w, https:\/\/rioonwatch.org.br\/wp-content\/uploads\/2018\/10\/Contra-o-Desmanche-do-SUS-1-70x53.jpg 70w\" sizes=\"(max-width: 300px) 100vw, 300px\" \/><\/a>O presidente do <a href=\"http:\/\/bit.ly\/2PqxtFK\" target=\"_blank\" rel=\"noopener\">Sindicato dos Agentes Comunit\u00e1rios de Sa\u00fade do Rio de Janeiro<\/a> (SINDACSRJ), Ronaldo da Silva Moreira, questionou \u00e0 popula\u00e7\u00e3o: \u201cAt\u00e9 quando n\u00f3s vamos suportar isso? At\u00e9 quando voc\u00ea, popula\u00e7\u00e3o, vai suportar isso? Temos que dar um basta, temos que cobrar o que \u00e9 direito nosso, que \u00e9 uma sa\u00fade digna para a popula\u00e7\u00e3o e com trabalhadores sendo respeitados e valorizados\u201d. Os organizadores do evento refor\u00e7aram a import\u00e2ncia da participa\u00e7\u00e3o dos trabalhadores e dos usu\u00e1rios do sistema nos atos e convocaram para outra manifesta\u00e7\u00e3o que ocorrer\u00e1 amanh\u00e3, dia 30 de outubro, \u00e0s 9h, na\u00a0<a href=\"http:\/\/bit.ly\/2Q32mx5\" target=\"_blank\" rel=\"noopener\">Cinel\u00e2ndia<\/a>.<\/span><\/p>\n<!-- AddThis Advanced Settings generic via filter on the_content --><!-- AddThis Share Buttons generic via filter on the_content -->","protected":false},"excerpt":{"rendered":"<div class=\"mh-excerpt\"><p>No dia 23 de outubro, em frente \u00e0 Prefeitura do Rio, diversas categorias de trabalhadores da sa\u00fade, especialmente da aten\u00e7\u00e3o b\u00e1sica\u2014respons\u00e1vel por a\u00e7\u00f5es territoriais de preven\u00e7\u00e3o e promo\u00e7\u00e3o \u00e0 sa\u00fade\u2014se reuniram no ato \u201cNenhum Trabalhador <a class=\"mh-excerpt-more\" href=\"https:\/\/rioonwatch.org.br\/?p=37228\" title=\"Trabalhadores do SUS Advertem: &#8216;Direito Garantido N\u00e3o se Compra e N\u00e3o se Vende&#8217;\">[&#8230;]<\/a><!-- AddThis Advanced Settings generic via filter on get_the_excerpt --><!-- AddThis Share Buttons generic via filter on get_the_excerpt --><\/p>\n<\/div>","protected":false},"author":129,"featured_media":37234,"comment_status":"closed","ping_status":"closed","sticky":false,"template":"","format":"standard","meta":{"_acf_changed":false,"_monsterinsights_skip_tracking":false,"_monsterinsights_sitenote_active":false,"_monsterinsights_sitenote_note":"","_monsterinsights_sitenote_category":0,"footnotes":""},"categories":[2089,1621,1627,346,344,1612],"tags":[259,554,405,750,1982,838,763,294,782],"writer":[2537],"translator":[],"source":[],"ilustrador":[],"fotografo":[],"class_list":{"0":"post-37228","1":"post","2":"type-post","3":"status-publish","4":"format-standard","5":"has-post-thumbnail","7":"category-monitoramento","8":"category-destaque","9":"category-relato-de-evento","10":"category-denuncias","11":"category-politicas","12":"category-sociedade-civil","13":"tag-centro","14":"tag-cidade-de-deus","15":"tag-cinelandia","16":"tag-clinica-da-familia","17":"tag-marcelo-crivella","18":"tag-politica-publica","19":"tag-protesto","20":"tag-saude","21":"tag-sus","22":"writer-renata-queiroz-ramos"},"acf":[],"yoast_head":"<!-- This site is optimized with the Yoast SEO plugin v25.6 - https:\/\/yoast.com\/wordpress\/plugins\/seo\/ -->\n<title>Trabalhadores do SUS Advertem: &#039;Direito Garantido N\u00e3o se Compra e N\u00e3o se Vende&#039; - RioOnWatch<\/title>\n<meta name=\"robots\" content=\"index, follow, max-snippet:-1, max-image-preview:large, max-video-preview:-1\" \/>\n<link rel=\"canonical\" href=\"https:\/\/rioonwatch.org.br\/?p=37228\" \/>\n<meta property=\"og:locale\" content=\"pt_BR\" \/>\n<meta property=\"og:type\" content=\"article\" \/>\n<meta property=\"og:title\" content=\"Trabalhadores do SUS Advertem: &#039;Direito Garantido N\u00e3o se Compra e N\u00e3o se Vende&#039; - RioOnWatch\" \/>\n<meta property=\"og:description\" content=\"No dia 23 de outubro, em frente \u00e0 Prefeitura do Rio, diversas categorias de trabalhadores da sa\u00fade, especialmente da aten\u00e7\u00e3o b\u00e1sica\u2014respons\u00e1vel por a\u00e7\u00f5es territoriais de preven\u00e7\u00e3o e promo\u00e7\u00e3o \u00e0 sa\u00fade\u2014se reuniram no ato \u201cNenhum Trabalhador [...]\" \/>\n<meta property=\"og:url\" content=\"https:\/\/rioonwatch.org.br\/?p=37228\" \/>\n<meta property=\"og:site_name\" content=\"RioOnWatch\" \/>\n<meta property=\"article:published_time\" content=\"2018-10-29T19:40:45+00:00\" \/>\n<meta property=\"article:modified_time\" content=\"2018-11-02T16:48:37+00:00\" \/>\n<meta property=\"og:image\" content=\"https:\/\/rioonwatch.org.br\/wp-content\/uploads\/2018\/10\/Manifesta\u00e7ao-pelo-SUS.jpeg\" \/>\n\t<meta property=\"og:image:width\" content=\"1600\" \/>\n\t<meta property=\"og:image:height\" content=\"1200\" \/>\n\t<meta property=\"og:image:type\" content=\"image\/jpeg\" \/>\n<meta name=\"author\" content=\"Admin\" \/>\n<meta name=\"twitter:card\" content=\"summary_large_image\" \/>\n<meta name=\"twitter:label1\" content=\"Escrito por\" \/>\n\t<meta name=\"twitter:data1\" content=\"Admin\" \/>\n\t<meta name=\"twitter:label2\" content=\"Est. tempo de leitura\" \/>\n\t<meta name=\"twitter:data2\" content=\"3 minutos\" \/>\n<script type=\"application\/ld+json\" class=\"yoast-schema-graph\">{\"@context\":\"https:\/\/schema.org\",\"@graph\":[{\"@type\":\"Article\",\"@id\":\"https:\/\/rioonwatch.org.br\/?p=37228#article\",\"isPartOf\":{\"@id\":\"https:\/\/rioonwatch.org.br\/?p=37228\"},\"author\":{\"name\":\"Admin\",\"@id\":\"https:\/\/rioonwatch.org.br\/#\/schema\/person\/11d64c290506f9df50c71b850c473f68\"},\"headline\":\"Trabalhadores do SUS Advertem: &#8216;Direito Garantido N\u00e3o se Compra e N\u00e3o se Vende&#8217;\",\"datePublished\":\"2018-10-29T19:40:45+00:00\",\"dateModified\":\"2018-11-02T16:48:37+00:00\",\"mainEntityOfPage\":{\"@id\":\"https:\/\/rioonwatch.org.br\/?p=37228\"},\"wordCount\":579,\"publisher\":{\"@id\":\"https:\/\/rioonwatch.org.br\/#organization\"},\"image\":{\"@id\":\"https:\/\/rioonwatch.org.br\/?p=37228#primaryimage\"},\"thumbnailUrl\":\"https:\/\/rioonwatch.org.br\/wp-content\/uploads\/2018\/10\/Manifesta\u00e7ao-pelo-SUS.jpeg\",\"keywords\":[\"Centro\",\"Cidade de Deus\",\"Cinel\u00e2ndia\",\"Cl\u00ednica da Fam\u00edlia\",\"Marcelo Crivella\",\"pol\u00edtica p\u00fablica\",\"protesto\",\"sa\u00fade\",\"SUS\"],\"articleSection\":[\"#Monitoramento\",\"*Destaque\",\"Cobertura de Eventos\",\"Den\u00fancias\",\"Pol\u00edticas\",\"Sociedade Civil\"],\"inLanguage\":\"pt-BR\"},{\"@type\":\"WebPage\",\"@id\":\"https:\/\/rioonwatch.org.br\/?p=37228\",\"url\":\"https:\/\/rioonwatch.org.br\/?p=37228\",\"name\":\"Trabalhadores do SUS Advertem: 'Direito Garantido N\u00e3o se Compra e N\u00e3o se Vende' - RioOnWatch\",\"isPartOf\":{\"@id\":\"https:\/\/rioonwatch.org.br\/#website\"},\"primaryImageOfPage\":{\"@id\":\"https:\/\/rioonwatch.org.br\/?p=37228#primaryimage\"},\"image\":{\"@id\":\"https:\/\/rioonwatch.org.br\/?p=37228#primaryimage\"},\"thumbnailUrl\":\"https:\/\/rioonwatch.org.br\/wp-content\/uploads\/2018\/10\/Manifesta\u00e7ao-pelo-SUS.jpeg\",\"datePublished\":\"2018-10-29T19:40:45+00:00\",\"dateModified\":\"2018-11-02T16:48:37+00:00\",\"breadcrumb\":{\"@id\":\"https:\/\/rioonwatch.org.br\/?p=37228#breadcrumb\"},\"inLanguage\":\"pt-BR\",\"potentialAction\":[{\"@type\":\"ReadAction\",\"target\":[\"https:\/\/rioonwatch.org.br\/?p=37228\"]}]},{\"@type\":\"ImageObject\",\"inLanguage\":\"pt-BR\",\"@id\":\"https:\/\/rioonwatch.org.br\/?p=37228#primaryimage\",\"url\":\"https:\/\/rioonwatch.org.br\/wp-content\/uploads\/2018\/10\/Manifesta\u00e7ao-pelo-SUS.jpeg\",\"contentUrl\":\"https:\/\/rioonwatch.org.br\/wp-content\/uploads\/2018\/10\/Manifesta\u00e7ao-pelo-SUS.jpeg\",\"width\":1600,\"height\":1200},{\"@type\":\"BreadcrumbList\",\"@id\":\"https:\/\/rioonwatch.org.br\/?p=37228#breadcrumb\",\"itemListElement\":[{\"@type\":\"ListItem\",\"position\":1,\"name\":\"In\u00edcio\",\"item\":\"https:\/\/rioonwatch.org.br\/\"},{\"@type\":\"ListItem\",\"position\":2,\"name\":\"Trabalhadores do SUS Advertem: &#8216;Direito Garantido N\u00e3o se Compra e N\u00e3o se Vende&#8217;\"}]},{\"@type\":\"WebSite\",\"@id\":\"https:\/\/rioonwatch.org.br\/#website\",\"url\":\"https:\/\/rioonwatch.org.br\/\",\"name\":\"RioOnWatch\",\"description\":\"relatos das favelas cariocas\",\"publisher\":{\"@id\":\"https:\/\/rioonwatch.org.br\/#organization\"},\"potentialAction\":[{\"@type\":\"SearchAction\",\"target\":{\"@type\":\"EntryPoint\",\"urlTemplate\":\"https:\/\/rioonwatch.org.br\/?s={search_term_string}\"},\"query-input\":{\"@type\":\"PropertyValueSpecification\",\"valueRequired\":true,\"valueName\":\"search_term_string\"}}],\"inLanguage\":\"pt-BR\"},{\"@type\":\"Organization\",\"@id\":\"https:\/\/rioonwatch.org.br\/#organization\",\"name\":\"RioOnWatch\",\"url\":\"https:\/\/rioonwatch.org.br\/\",\"logo\":{\"@type\":\"ImageObject\",\"inLanguage\":\"pt-BR\",\"@id\":\"https:\/\/rioonwatch.org.br\/#\/schema\/logo\/image\/\",\"url\":\"https:\/\/rioonwatch.org.br\/wp-content\/uploads\/2021\/06\/RioOnWatchcabecalhoPT11anos-2.png\",\"contentUrl\":\"https:\/\/rioonwatch.org.br\/wp-content\/uploads\/2021\/06\/RioOnWatchcabecalhoPT11anos-2.png\",\"width\":779,\"height\":277,\"caption\":\"RioOnWatch\"},\"image\":{\"@id\":\"https:\/\/rioonwatch.org.br\/#\/schema\/logo\/image\/\"}},{\"@type\":\"Person\",\"@id\":\"https:\/\/rioonwatch.org.br\/#\/schema\/person\/11d64c290506f9df50c71b850c473f68\",\"name\":\"Admin\",\"image\":{\"@type\":\"ImageObject\",\"inLanguage\":\"pt-BR\",\"@id\":\"https:\/\/rioonwatch.org.br\/#\/schema\/person\/image\/\",\"url\":\"https:\/\/secure.gravatar.com\/avatar\/56211ac74568383903349a1485e3c325?s=96&d=blank&r=g\",\"contentUrl\":\"https:\/\/secure.gravatar.com\/avatar\/56211ac74568383903349a1485e3c325?s=96&d=blank&r=g\",\"caption\":\"Admin\"},\"url\":\"https:\/\/rioonwatch.org.br\/?author=129\"}]}<\/script>\n<!-- \/ Yoast SEO plugin. -->","yoast_head_json":{"title":"Trabalhadores do SUS Advertem: 'Direito Garantido N\u00e3o se Compra e N\u00e3o se Vende' - RioOnWatch","robots":{"index":"index","follow":"follow","max-snippet":"max-snippet:-1","max-image-preview":"max-image-preview:large","max-video-preview":"max-video-preview:-1"},"canonical":"https:\/\/rioonwatch.org.br\/?p=37228","og_locale":"pt_BR","og_type":"article","og_title":"Trabalhadores do SUS Advertem: 'Direito Garantido N\u00e3o se Compra e N\u00e3o se Vende' - RioOnWatch","og_description":"No dia 23 de outubro, em frente \u00e0 Prefeitura do Rio, diversas categorias de trabalhadores da sa\u00fade, especialmente da aten\u00e7\u00e3o b\u00e1sica\u2014respons\u00e1vel por a\u00e7\u00f5es territoriais de preven\u00e7\u00e3o e promo\u00e7\u00e3o \u00e0 sa\u00fade\u2014se reuniram no ato \u201cNenhum Trabalhador [...]","og_url":"https:\/\/rioonwatch.org.br\/?p=37228","og_site_name":"RioOnWatch","article_published_time":"2018-10-29T19:40:45+00:00","article_modified_time":"2018-11-02T16:48:37+00:00","og_image":[{"width":1600,"height":1200,"url":"https:\/\/rioonwatch.org.br\/wp-content\/uploads\/2018\/10\/Manifesta\u00e7ao-pelo-SUS.jpeg","type":"image\/jpeg"}],"author":"Admin","twitter_card":"summary_large_image","twitter_misc":{"Escrito por":"Admin","Est. tempo de leitura":"3 minutos"},"schema":{"@context":"https:\/\/schema.org","@graph":[{"@type":"Article","@id":"https:\/\/rioonwatch.org.br\/?p=37228#article","isPartOf":{"@id":"https:\/\/rioonwatch.org.br\/?p=37228"},"author":{"name":"Admin","@id":"https:\/\/rioonwatch.org.br\/#\/schema\/person\/11d64c290506f9df50c71b850c473f68"},"headline":"Trabalhadores do SUS Advertem: &#8216;Direito Garantido N\u00e3o se Compra e N\u00e3o se Vende&#8217;","datePublished":"2018-10-29T19:40:45+00:00","dateModified":"2018-11-02T16:48:37+00:00","mainEntityOfPage":{"@id":"https:\/\/rioonwatch.org.br\/?p=37228"},"wordCount":579,"publisher":{"@id":"https:\/\/rioonwatch.org.br\/#organization"},"image":{"@id":"https:\/\/rioonwatch.org.br\/?p=37228#primaryimage"},"thumbnailUrl":"https:\/\/rioonwatch.org.br\/wp-content\/uploads\/2018\/10\/Manifesta\u00e7ao-pelo-SUS.jpeg","keywords":["Centro","Cidade de Deus","Cinel\u00e2ndia","Cl\u00ednica da Fam\u00edlia","Marcelo Crivella","pol\u00edtica p\u00fablica","protesto","sa\u00fade","SUS"],"articleSection":["#Monitoramento","*Destaque","Cobertura de Eventos","Den\u00fancias","Pol\u00edticas","Sociedade Civil"],"inLanguage":"pt-BR"},{"@type":"WebPage","@id":"https:\/\/rioonwatch.org.br\/?p=37228","url":"https:\/\/rioonwatch.org.br\/?p=37228","name":"Trabalhadores do SUS Advertem: 'Direito Garantido N\u00e3o se Compra e N\u00e3o se Vende' - RioOnWatch","isPartOf":{"@id":"https:\/\/rioonwatch.org.br\/#website"},"primaryImageOfPage":{"@id":"https:\/\/rioonwatch.org.br\/?p=37228#primaryimage"},"image":{"@id":"https:\/\/rioonwatch.org.br\/?p=37228#primaryimage"},"thumbnailUrl":"https:\/\/rioonwatch.org.br\/wp-content\/uploads\/2018\/10\/Manifesta\u00e7ao-pelo-SUS.jpeg","datePublished":"2018-10-29T19:40:45+00:00","dateModified":"2018-11-02T16:48:37+00:00","breadcrumb":{"@id":"https:\/\/rioonwatch.org.br\/?p=37228#breadcrumb"},"inLanguage":"pt-BR","potentialAction":[{"@type":"ReadAction","target":["https:\/\/rioonwatch.org.br\/?p=37228"]}]},{"@type":"ImageObject","inLanguage":"pt-BR","@id":"https:\/\/rioonwatch.org.br\/?p=37228#primaryimage","url":"https:\/\/rioonwatch.org.br\/wp-content\/uploads\/2018\/10\/Manifesta\u00e7ao-pelo-SUS.jpeg","contentUrl":"https:\/\/rioonwatch.org.br\/wp-content\/uploads\/2018\/10\/Manifesta\u00e7ao-pelo-SUS.jpeg","width":1600,"height":1200},{"@type":"BreadcrumbList","@id":"https:\/\/rioonwatch.org.br\/?p=37228#breadcrumb","itemListElement":[{"@type":"ListItem","position":1,"name":"In\u00edcio","item":"https:\/\/rioonwatch.org.br\/"},{"@type":"ListItem","position":2,"name":"Trabalhadores do SUS Advertem: &#8216;Direito Garantido N\u00e3o se Compra e N\u00e3o se Vende&#8217;"}]},{"@type":"WebSite","@id":"https:\/\/rioonwatch.org.br\/#website","url":"https:\/\/rioonwatch.org.br\/","name":"RioOnWatch","description":"relatos das favelas cariocas","publisher":{"@id":"https:\/\/rioonwatch.org.br\/#organization"},"potentialAction":[{"@type":"SearchAction","target":{"@type":"EntryPoint","urlTemplate":"https:\/\/rioonwatch.org.br\/?s={search_term_string}"},"query-input":{"@type":"PropertyValueSpecification","valueRequired":true,"valueName":"search_term_string"}}],"inLanguage":"pt-BR"},{"@type":"Organization","@id":"https:\/\/rioonwatch.org.br\/#organization","name":"RioOnWatch","url":"https:\/\/rioonwatch.org.br\/","logo":{"@type":"ImageObject","inLanguage":"pt-BR","@id":"https:\/\/rioonwatch.org.br\/#\/schema\/logo\/image\/","url":"https:\/\/rioonwatch.org.br\/wp-content\/uploads\/2021\/06\/RioOnWatchcabecalhoPT11anos-2.png","contentUrl":"https:\/\/rioonwatch.org.br\/wp-content\/uploads\/2021\/06\/RioOnWatchcabecalhoPT11anos-2.png","width":779,"height":277,"caption":"RioOnWatch"},"image":{"@id":"https:\/\/rioonwatch.org.br\/#\/schema\/logo\/image\/"}},{"@type":"Person","@id":"https:\/\/rioonwatch.org.br\/#\/schema\/person\/11d64c290506f9df50c71b850c473f68","name":"Admin","image":{"@type":"ImageObject","inLanguage":"pt-BR","@id":"https:\/\/rioonwatch.org.br\/#\/schema\/person\/image\/","url":"https:\/\/secure.gravatar.com\/avatar\/56211ac74568383903349a1485e3c325?s=96&d=blank&r=g","contentUrl":"https:\/\/secure.gravatar.com\/avatar\/56211ac74568383903349a1485e3c325?s=96&d=blank&r=g","caption":"Admin"},"url":"https:\/\/rioonwatch.org.br\/?author=129"}]}},"_links":{"self":[{"href":"https:\/\/rioonwatch.org.br\/index.php?rest_route=\/wp\/v2\/posts\/37228"}],"collection":[{"href":"https:\/\/rioonwatch.org.br\/index.php?rest_route=\/wp\/v2\/posts"}],"about":[{"href":"https:\/\/rioonwatch.org.br\/index.php?rest_route=\/wp\/v2\/types\/post"}],"author":[{"embeddable":true,"href":"https:\/\/rioonwatch.org.br\/index.php?rest_route=\/wp\/v2\/users\/129"}],"replies":[{"embeddable":true,"href":"https:\/\/rioonwatch.org.br\/index.php?rest_route=%2Fwp%2Fv2%2Fcomments&post=37228"}],"version-history":[{"count":14,"href":"https:\/\/rioonwatch.org.br\/index.php?rest_route=\/wp\/v2\/posts\/37228\/revisions"}],"predecessor-version":[{"id":37259,"href":"https:\/\/rioonwatch.org.br\/index.php?rest_route=\/wp\/v2\/posts\/37228\/revisions\/37259"}],"wp:featuredmedia":[{"embeddable":true,"href":"https:\/\/rioonwatch.org.br\/index.php?rest_route=\/wp\/v2\/media\/37234"}],"wp:attachment":[{"href":"https:\/\/rioonwatch.org.br\/index.php?rest_route=%2Fwp%2Fv2%2Fmedia&parent=37228"}],"wp:term":[{"taxonomy":"category","embeddable":true,"href":"https:\/\/rioonwatch.org.br\/index.php?rest_route=%2Fwp%2Fv2%2Fcategories&post=37228"},{"taxonomy":"post_tag","embeddable":true,"href":"https:\/\/rioonwatch.org.br\/index.php?rest_route=%2Fwp%2Fv2%2Ftags&post=37228"},{"taxonomy":"writer","embeddable":true,"href":"https:\/\/rioonwatch.org.br\/index.php?rest_route=%2Fwp%2Fv2%2Fwriter&post=37228"},{"taxonomy":"translator","embeddable":true,"href":"https:\/\/rioonwatch.org.br\/index.php?rest_route=%2Fwp%2Fv2%2Ftranslator&post=37228"},{"taxonomy":"source","embeddable":true,"href":"https:\/\/rioonwatch.org.br\/index.php?rest_route=%2Fwp%2Fv2%2Fsource&post=37228"},{"taxonomy":"ilustrador","embeddable":true,"href":"https:\/\/rioonwatch.org.br\/index.php?rest_route=%2Fwp%2Fv2%2Filustrador&post=37228"},{"taxonomy":"fotografo","embeddable":true,"href":"https:\/\/rioonwatch.org.br\/index.php?rest_route=%2Fwp%2Fv2%2Ffotografo&post=37228"}],"curies":[{"name":"wp","href":"https:\/\/api.w.org\/{rel}","templated":true}]}}