{"id":37295,"date":"2018-11-02T13:48:14","date_gmt":"2018-11-02T16:48:14","guid":{"rendered":"http:\/\/rioonwatch.org.br\/?p=37295"},"modified":"2018-11-06T07:45:35","modified_gmt":"2018-11-06T10:45:35","slug":"como-o-whatsapp-virou-as-eleicoes-no-brasil-de-cabeca-para-baixo-um-relatorio-de-autopsia","status":"publish","type":"post","link":"https:\/\/rioonwatch.org.br\/?p=37295","title":{"rendered":"Como o WhatsApp Virou as Elei\u00e7\u00f5es no Brasil de Cabe\u00e7a para Baixo: Um Relat\u00f3rio de Aut\u00f3psia"},"content":{"rendered":"<p style=\"text-align: right; padding-left: 30px;\"><em><strong><a href=\"http:\/\/bit.ly\/2AEAV7f\" target=\"_blank\" rel=\"noopener noreferrer\">Click Here for English<\/a><a href=\"http:\/\/bit.ly\/2QzhW33\" target=\"_blank\" rel=\"noopener noreferrer\"><img decoding=\"async\" width=\"20\" height=\"20\" class=\"alignright wp-image-15790\" src=\"http:\/\/rioonwatch.org.br\/wp-content\/uploads\/2012\/08\/EN-standard-e1439583104716.jpg\" \/><\/a><\/strong><\/em><\/p>\n<p><span style=\"font-weight: 400;\">WhatsApp j\u00e1 foi visto como um simples meio de comunica\u00e7\u00e3o e compartilhamento de informa\u00e7\u00e3o entre fam\u00edlia e amigos. No entanto, as elei\u00e7\u00f5es no Brasil mostraram exatamente como\u2014com desinforma\u00e7\u00f5es correndo soltas e\u00a0<\/span><span style=\"font-weight: 400;\"><a href=\"http:\/\/bit.ly\/2JBiV0I\" target=\"_blank\" rel=\"noopener\">at\u00e9 grupos de fam\u00edlia virando campos minados pol\u00edticos<\/a>\u2014uma narrativa muito mais sinistra do que a plataforma &#8216;oferece&#8217; est\u00e1 tomando forma.<\/span><\/p>\n<p><span style=\"font-weight: 400;\">Em um resultado tido por muitos como imposs\u00edvel sem o surgimento das m\u00eddias sociais e do WhatsApp como fonte de not\u00edcias pol\u00edtica, os brasileiros\u00a0<\/span><span style=\"font-weight: 400;\"><a href=\"http:\/\/bit.ly\/2P1jnLv\" target=\"_blank\" rel=\"noopener\">elegeram resolutamente<\/a> no dia\u00a0<\/span><span style=\"font-weight: 400;\">28 de outubro o candidato de extrema direita\u00a0<\/span><span style=\"font-weight: 400;\"><a href=\"http:\/\/bit.ly\/2PjHN2j\" target=\"_blank\" rel=\"noopener\">Jair Bolsonaro<\/a>\u00a0<\/span><span style=\"font-weight: 400;\">(<\/span><a href=\"http:\/\/bit.ly\/2OlhMe8\" target=\"_blank\" rel=\"noopener\"><span style=\"font-weight: 400;\">PSL<\/span><\/a><span style=\"font-weight: 400;\">)\u2014at\u00e9 pouco tempo um deputado federal do Rio de Janeiro pouco conhecido e praticamente sem tempo de TV durante a campanha eleitoral\u2014derrotando o candidato do\u00a0<\/span><span style=\"font-weight: 400;\"><a href=\"http:\/\/bit.ly\/2cCqyHM\" target=\"_blank\" rel=\"noopener\">PT<\/a>,\u00a0<\/span><a href=\"http:\/\/bit.ly\/2PjHN2j\" target=\"_blank\" rel=\"noopener\"><span style=\"font-weight: 400;\">Fernando Haddad<\/span><\/a><span style=\"font-weight: 400;\">. Uma grande parte deste resultado se deve \u00e0\u00a0<\/span><span style=\"font-weight: 400;\"><a href=\"http:\/\/bit.ly\/2JvYm5t\" target=\"_blank\" rel=\"noopener\">ascens\u00e3o do WhatsApp<\/a>\u00a0<\/span><span style=\"font-weight: 400;\">como um espa\u00e7o de partilha de informa\u00e7\u00e3o em teoria democr\u00e1tico, ainda que n\u00e3o regulado, o que desafia diretamente a fortemente controlada primazia da televis\u00e3o, r\u00e1dio e jornais, uma tend\u00eancia que parece improv\u00e1vel que seja revertida. V\u00e1rias an\u00e1lises, compiladas, mostram que atores com inten\u00e7\u00f5es maliciosas, com a ajuda de usu\u00e1rios desavisados, corromperam a democracia atrav\u00e9s das massas, coordenando a propaga\u00e7\u00e3o de mentiras atrav\u00e9s da plataforma.<\/span><\/p>\n<h3><strong>O que faz do WhatsApp um vetor de desinforma\u00e7\u00e3o?<\/strong><\/h3>\n<p><span style=\"font-weight: 400;\">Usado por quase\u00a0<\/span><span style=\"font-weight: 400;\"><a href=\"http:\/\/bit.ly\/2zf0eej\" target=\"_blank\" rel=\"noopener\">7 entre 10 brasileiros<\/a>\u00a0<\/span><span style=\"font-weight: 400;\">e\u00a0<\/span><span style=\"font-weight: 400;\">95% de todos os propriet\u00e1rios de smartphones no pa\u00eds<\/span><span style=\"font-weight: 400;\">, o WhatsApp est\u00e1 por todo lado. Al\u00e9m de conversas di\u00e1rias, usu\u00e1rios partilham hist\u00f3rias e memes com amigos, fam\u00edlia e outras pessoas em conversas privadas e de grupo. Informa\u00e7\u00f5es recebidas de fontes t\u00e3o pessoais d\u00e3o a impress\u00e3o que sejam de confian\u00e7a, mas as verdadeiras fontes de informa\u00e7\u00e3o que chegam at\u00e9 o usu\u00e1rio pelo WhatsApp s\u00e3o extremamente dif\u00edceis de serem rastreadas.<\/span><\/p>\n<p><span style=\"font-weight: 400;\">Al\u00e9m da sua extrema popularidade como uma plataforma de troca de mensagens sem grandes ostenta\u00e7\u00f5es, WhatsApp vende aos seus usu\u00e1rios a promessa de criptografia segura e privacidade. Ao contr\u00e1rio do Facebook, que monitora a informa\u00e7\u00e3o publicada na plataforma (\u00e0s vezes at\u00e9\u00a0<\/span><a href=\"http:\/\/bit.ly\/2yL8aoh\" target=\"_blank\" rel=\"noopener\"><span style=\"font-weight: 400;\">informa\u00e7\u00e3o privada<\/span><\/a><span style=\"font-weight: 400;\">), o WhatsApp \u00e9 restrita at\u00e9 onde pode regular o uso, pois promete um alto grau de privacidade aos usu\u00e1rios.<\/span><\/p>\n<p><span style=\"font-weight: 400;\">O fardo de verificar os fatos fica por conta dos usu\u00e1rios, um fardo pesado num pa\u00eds onde <a href=\"http:\/\/bit.ly\/2DhjPPr\" target=\"_blank\" rel=\"noopener\">mais<\/a>\u00a0<\/span><span style=\"font-weight: 400;\">da metade dos eleitores n\u00e3o completou o ensino m\u00e9dio\u00a0<\/span><span style=\"font-weight: 400;\">e muitos s\u00e3o\u00a0<\/span><a href=\"https:\/\/pewrsr.ch\/2z52vsn\" target=\"_blank\" rel=\"noopener\"><span style=\"font-weight: 400;\">novos nas m\u00eddias sociais<\/span><\/a><span style=\"font-weight: 400;\">. No entanto, o problema n\u00e3o \u00e9 s\u00f3 a alfabetiza\u00e7\u00e3o digital, mas tamb\u00e9m a falta de acesso a <a href=\"http:\/\/bit.ly\/2xhafaz\" target=\"_blank\" rel=\"noopener\">m\u00e9todos leg\u00edtimos para verifica\u00e7\u00e3o das informa\u00e7\u00f5es<\/a>. Por mais grave que seja, muitos planos de celular no Brasil (principalmente os de celulares pr\u00e9-pagos baratos) n\u00e3o incluem dados, mas oferecem aos seus usu\u00e1rios\u00a0<\/span><span style=\"font-weight: 400;\"><a href=\"http:\/\/bit.ly\/2ET9kDH\" target=\"_blank\" rel=\"noopener\">acesso exclusivo ao WhatsApp e Facebook<\/a>\u00a0<\/span><span style=\"font-weight: 400;\">como \u00fanico ponto de entrada para a Internet, atrav\u00e9s de uma\u00a0parceria com o Facebook. Isso refor\u00e7a a supremacia das duas plataformas como fontes de informa\u00e7\u00e3o e obstrui usu\u00e1rios de consultar outras fontes em tempo real para verificar fatos.<\/span><\/p>\n<p><span style=\"font-weight: 400;\">Importantes funcionalidades do aplicativo, como a cria\u00e7\u00e3o de grupos e a fun\u00e7\u00e3o de encaminhamento, tamb\u00e9m tornam poss\u00edvel alcan\u00e7ar centenas ou at\u00e9 milhares de pessoas com alguns toques. Os grupos no WhatsApp, particularmente\u2014sejam pol\u00edticos e de\u00a0<\/span><span style=\"font-weight: 400;\"><a href=\"http:\/\/bit.ly\/2SBRcRn\" target=\"_blank\" rel=\"noopener\">outra natureza<\/a>\u2014<\/span>muitas vezes s\u00e3o c\u00e2maras de eco que refor\u00e7am pontos de vista existentes, <a href=\"https:\/\/abr.ai\/2DcFubl\" target=\"_blank\" rel=\"noopener\">eliminam o pensamento dissidente<\/a> e trabalham ativamente para <a href=\"http:\/\/bit.ly\/2OcviRf\" target=\"_blank\" rel=\"noopener\">deslegitimar o jornalismo tradicional<\/a>.<\/p>\n<h3><strong>Quais foram algumas das hist\u00f3rias falsas disseminadas pelo WhatsApp?<\/strong><\/h3>\n<p><span style=\"font-weight: 400;\">Hist\u00f3rias falsas e teorias da conspira\u00e7\u00e3o visaram os dois candidatos. A maioria das hist\u00f3rias sobre Haddad envolveram boatos alarmistas sobre comunismo (enfatizando ou falsificando liga\u00e7\u00f5es com Cuba e Venezuela) e reivindica\u00e7\u00f5es de que o Partido dos Trabalhadores queria sexualizar crian\u00e7as, numa tentativa de reunir\u00a0<\/span><span style=\"font-weight: 400;\">a <a href=\"http:\/\/bit.ly\/2F0M9qX\" target=\"_blank\" rel=\"noopener\">cada vez mais poderosa bancada evang\u00e9lica<\/a><\/span><span style=\"font-weight: 400;\">. Hist\u00f3rias falsas sobre Bolsonaro eram geralmente teorias da conspira\u00e7\u00e3o sobre sua sa\u00fade.\u00a0No entanto, s\u00f3 Haddad foi v\u00edtima de uma campanha de desinforma\u00e7\u00e3o em massa.<\/span><\/p>\n<p><a href=\"http:\/\/rioonwatch.org.br\/wp-content\/uploads\/2018\/11\/cuba-meme-1.png\"><img fetchpriority=\"high\" decoding=\"async\" class=\"aligncenter wp-image-37300 size-full\" title=\"Um meme anti-PT recebido em grupo de fam\u00edlia. A imagem mostra caricaturas de l\u00edderes do PT, incluindo Dilma e Lula, mandando de volta para &quot;a Cuba que os pariu&quot;, em alus\u00e3o a um xingamento popular.\" src=\"http:\/\/rioonwatch.org.br\/wp-content\/uploads\/2018\/11\/cuba-meme-1.png\" alt=\"\" width=\"620\" height=\"264\" \/><\/a><\/p>\n<p><span style=\"font-weight: 400;\">Algumas das hist\u00f3rias falsas ou enganosas mais amplamente disseminadas foram:<\/span><\/p>\n<ul>\n<li><span style=\"font-weight: 400;\">Uma <a href=\"http:\/\/bit.ly\/2yDrMuv\" target=\"_blank\" rel=\"noopener\">hist\u00f3ria<\/a>\u00a0<\/span><span style=\"font-weight: 400;\">que Haddad escreveu um livro defendendo rela\u00e7\u00f5es sexuais entre pais e filhos (n\u00e3o h\u00e1 nenhuma evid\u00eancia).<\/span><\/li>\n<li style=\"font-weight: 400;\"><span style=\"font-weight: 400;\">Uma <a href=\"http:\/\/bit.ly\/2OXO6t1\" target=\"_blank\" rel=\"noopener\">hist\u00f3ria<\/a>\u00a0<\/span><span style=\"font-weight: 400;\">que Bolsonaro fingiu o seu\u00a0<\/span><span style=\"font-weight: 400;\"><a href=\"http:\/\/bit.ly\/2JxHtax\" target=\"_blank\" rel=\"noopener\">esfaqueamento quase fatal<\/a>\u00a0<\/span><span style=\"font-weight: 400;\">para ganhar suporte (n\u00e3o h\u00e1 nenhuma evid\u00eancia).<\/span><\/li>\n<li style=\"font-weight: 400;\"><span style=\"font-weight: 400;\"><a href=\"https:\/\/glo.bo\/2zjOQ0C\" target=\"_blank\" rel=\"noopener\">Uma hist\u00f3ria<\/a>\u00a0<\/span><span style=\"font-weight: 400;\">sobre um \u201ckit gay\u201d que o Partido dos Trabalhadores planejava distribuir a crian\u00e7as de 6 anos (este boato tem ra\u00edzes em um programa educacional sobre direitos LGBT conhecido por \u201c<\/span><a href=\"http:\/\/bit.ly\/2PuuZpM\" target=\"_blank\" rel=\"noopener\"><span style=\"font-weight: 400;\">Escola Sem Homofobia<\/span><\/a><span style=\"font-weight: 400;\">\u201d, que foi vetado pela ex-presidente Dilma Rousseff depois de rea\u00e7\u00f5es negativas por evang\u00e9licos).<\/span><\/li>\n<li><span style=\"font-weight: 400;\"><a href=\"http:\/\/bit.ly\/2SznSLB\" target=\"_blank\" rel=\"noopener\">Uma foto<\/a>\u00a0<\/span><span style=\"font-weight: 400;\">de Dilma adulta com Fidel Castro (a foto de Castro \u00e9 de 1959, na \u00e9poca Dilma tinha apenas 11 anos de idade).<\/span><\/li>\n<li style=\"font-weight: 400;\"><span style=\"font-weight: 400;\"><a href=\"http:\/\/bit.ly\/2yDrMuv\" target=\"_blank\" rel=\"noopener\">Um tweet<\/a>\u00a0<\/span><span style=\"font-weight: 400;\">que Bolsonaro teria tido um c\u00e2ncer diagnosticado em segredo e n\u00e3o estaria saud\u00e1vel o suficiente para terminar um turno presidencial (n\u00e3o h\u00e1 evid\u00eancias).<\/span><\/li>\n<\/ul>\n<h3><strong>De onde vem as not\u00edcias falsas do WhatsApp?<\/strong><\/h3>\n<p><span style=\"font-weight: 400;\">Uma semana antes das elei\u00e7\u00f5es, a<em> Folha de S\u00e3o Paulo<\/em>\u00a0<\/span><span style=\"font-weight: 400;\"><a href=\"http:\/\/bit.ly\/2P5WuFP\" target=\"_blank\" rel=\"noopener\">exp\u00f4s um esquema de Caixa 2<\/a>,\u00a0<\/span><span style=\"font-weight: 400;\">no qual empresas compraram com milh\u00f5es de reais \u201cfake news\u201d contra o PT para distribui\u00e7\u00e3o em massa no WhatsApp. O Caixa 2 \u00e9 s\u00f3 uma pe\u00e7a do quebra-cabe\u00e7a que confirma as suspeitas que significantes quantidades de informa\u00e7\u00f5es err\u00f4neas foram orquestradas e que n\u00e3o foram somente o produto de discuss\u00f5es pol\u00edticas org\u00e2nicas. Esse esquema\u00a0<\/span><span style=\"font-weight: 400;\"><a href=\"http:\/\/bit.ly\/2O6FTi5\" target=\"_blank\" rel=\"noopener\">violou a lei eleitoral brasileira<\/a>\u00a0<\/span><span style=\"font-weight: 400;\">por pelo menos tr\u00eas motivos: empresas s\u00e3o proibidas de fazer doa\u00e7\u00f5es pol\u00edticas, todos os gastos eleitorais devem ser declarados aos reguladores, e a\u00a0<\/span><span style=\"font-weight: 400;\">compra de\u00a0<a href=\"http:\/\/bit.ly\/2AodleM\" target=\"_blank\" rel=\"noopener\">listas de n\u00fameros de telefone<\/a>\u00a0<\/span><span style=\"font-weight: 400;\">para dissemina\u00e7\u00e3o de conte\u00fado \u00e9 ilegal.<\/span><\/p>\n<p><a href=\"http:\/\/rioonwatch.org.br\/wp-content\/uploads\/2018\/11\/Whatsapp-militares-Bolsonaro-e1541100797755.jpg\"><img decoding=\"async\" class=\"aligncenter wp-image-37298 size-full\" title=\"Alguns grupos pr\u00f3-Bolsonaro organizaram-se como &quot;brigadas virtuais&quot; para disseminar seu apoio. Imagem: Folha de S\u00e3o Paulo.\" src=\"http:\/\/rioonwatch.org.br\/wp-content\/uploads\/2018\/11\/Whatsapp-militares-Bolsonaro-e1541100797755.jpg\" alt=\"\" width=\"429\" height=\"234\" \/><\/a><\/p>\n<p><span style=\"font-weight: 400;\">Ap\u00f3s entrar e observar v\u00e1rios grupos pr\u00f3-Bolsonaro no WhatsApp durante meses antes das elei\u00e7\u00f5es, David Nemer, professor assistente na Universidade de Kentucky, Faculdade de Ci\u00eancias da Informa\u00e7\u00e3o,\u00a0<\/span><span style=\"font-weight: 400;\"><a href=\"http:\/\/bit.ly\/2ESnIMi\" target=\"_blank\" rel=\"noopener\">observou<\/a>\u00a0<\/span><span style=\"font-weight: 400;\">que a real cria\u00e7\u00e3o de desinforma\u00e7\u00e3o vem de um subconjunto muito pequeno de \u201cinfluenciadores\u201d que n\u00e3o est\u00e3o tecnicamente ligados a uma campanha. Nemer estima que s\u00f3\u00a0<\/span><span style=\"font-weight: 400;\"><a href=\"http:\/\/bit.ly\/2RuuHg7\" target=\"_blank\" rel=\"noopener\">5% dos membros<\/a>\u00a0<\/span><span style=\"font-weight: 400;\">nesses grupos realmente criam conte\u00fado\u2014o resto simplesmente absorve ou refor\u00e7a ativamente o conte\u00fado. Ademais, o professor Viktor Chagas, pesquisador da UFF, descobriu que n\u00fameros da Ar\u00e1bia Saudita, \u00cdndia, Paquist\u00e3o, Estados Unidos, Portugal e outros pa\u00edses estrangeiros s\u00e3o\u00a0<\/span><a href=\"https:\/\/glo.bo\/2SxpjtY\" target=\"_blank\" rel=\"noopener\"><span style=\"font-weight: 400;\">propagandistas altamente motivados<\/span><\/a><span style=\"font-weight: 400;\">. \u201cEstes n\u00fameros s\u00e3o uma minoria, mas eles s\u00e3o caracterizados por uma intensa atividade\u201d, explica Chagas.<\/span><\/p>\n<h3><strong>Como o WhatsApp realmente influenciou o resultado do primeiro e do segundo turno?<\/strong><\/h3>\n<p><span style=\"font-weight: 400;\">A verdadeira magnitude da influ\u00eancia do WhatsApp nas elei\u00e7\u00f5es, seja a informa\u00e7\u00f5es verdadeiras ou\u00a0<\/span><a href=\"http:\/\/bit.ly\/2yMbxLB\" target=\"_blank\" rel=\"noopener\"><span style=\"font-weight: 400;\">falsas<\/span><\/a><span style=\"font-weight: 400;\">, \u00e9 dif\u00edcil de discernir e ser\u00e1 estudada pelos pr\u00f3ximos anos. Contudo, o consenso entre especialistas e observadores \u00e9 que a influ\u00eancia foi significativa e que a campanha de Bolsonaro se beneficiou\u00a0<\/span><a href=\"https:\/\/glo.bo\/2SxpjtY\" target=\"_blank\" rel=\"noopener\"><span style=\"font-weight: 400;\">muito mais do que a de qualquer outro candidato<\/span><\/a><span style=\"font-weight: 400;\">.<\/span><\/p>\n<p><span style=\"font-weight: 400;\">No in\u00edcio das campanhas, era dif\u00edcil at\u00e9 de imaginar a viabilidade de Bolsonaro como candidato devido a seu limitado acesso \u00e0s m\u00eddias tradicionais. <\/span><span style=\"font-weight: 400;\"><a href=\"http:\/\/bit.ly\/2ESrsgO\" target=\"_blank\" rel=\"noopener\">C\u00e9ticos das m\u00eddias sociais e muitos analistas<\/a>\u00a0<\/span><span style=\"font-weight: 400;\">acharam que Bolsonaro seria prejudicado, pela falta da tradicional\u00a0<\/span><span style=\"font-weight: 400;\"><a href=\"https:\/\/glo.bo\/2SxpjtY\" target=\"_blank\" rel=\"noopener\">publicidade televisiva publicamente regulada,<\/a>\u00a0<\/span><span style=\"font-weight: 400;\">contra pesos pesados tradicionais\u00a0como Geraldo Alckmin (<\/span><a href=\"http:\/\/bit.ly\/2nEt9UD\" target=\"_blank\" rel=\"noopener\"><span style=\"font-weight: 400;\">PSDB<\/span><\/a><span style=\"font-weight: 400;\">) ou at\u00e9 mesmo contra Haddad, apoiado pelo suporte poderoso do PT. No primeiro turno, Bolsonaro recebeu s\u00f3\u00a0<\/span><a href=\"http:\/\/bit.ly\/2RCg76U\" target=\"_blank\" rel=\"noopener\"><span style=\"font-weight: 400;\">1% ou oito segundos de tempo de TV<\/span><\/a><span style=\"font-weight: 400;\">, uma senten\u00e7a de morte historicamente falando. Gra\u00e7as a uma coaliz\u00e3o de eleitores <a href=\"https:\/\/abr.ai\/2DdrmyH\" target=\"_blank\" rel=\"noopener\">at\u00e9 duas vezes mais inclinada a ler not\u00edcias no WhatsApp do que os eleitores de Haddad<\/a><\/span><span style=\"font-weight: 400;\">,\u00a0<\/span><span style=\"font-weight: 400;\">Bolsonaro ganhou 46% no primeiro turno (Haddad, em segundo lugar, recebeu 29% dos votos com 19% do tempo eleitoral de TV).<\/span><\/p>\n<p><a href=\"http:\/\/rioonwatch.org.br\/wp-content\/uploads\/2018\/11\/20181101-Voter-intention-over-time-vs-TV-time-vPOR.png\"><img loading=\"lazy\" decoding=\"async\" class=\"aligncenter wp-image-37312\" src=\"http:\/\/rioonwatch.org.br\/wp-content\/uploads\/2018\/11\/20181101-Voter-intention-over-time-vs-TV-time-vPOR.png\" alt=\"\" width=\"620\" height=\"450\" srcset=\"https:\/\/rioonwatch.org.br\/wp-content\/uploads\/2018\/11\/20181101-Voter-intention-over-time-vs-TV-time-vPOR.png 1371w, https:\/\/rioonwatch.org.br\/wp-content\/uploads\/2018\/11\/20181101-Voter-intention-over-time-vs-TV-time-vPOR-364x264.png 364w, https:\/\/rioonwatch.org.br\/wp-content\/uploads\/2018\/11\/20181101-Voter-intention-over-time-vs-TV-time-vPOR-620x450.png 620w, https:\/\/rioonwatch.org.br\/wp-content\/uploads\/2018\/11\/20181101-Voter-intention-over-time-vs-TV-time-vPOR-768x557.png 768w, https:\/\/rioonwatch.org.br\/wp-content\/uploads\/2018\/11\/20181101-Voter-intention-over-time-vs-TV-time-vPOR-1024x743.png 1024w\" sizes=\"(max-width: 620px) 100vw, 620px\" \/><\/a><\/p>\n<p><span style=\"font-weight: 400;\">Enquanto propaganda falsa e enganosa foi disseminada sobre os dois candidatos, Bolsonaro foi quem mais se beneficiou disso. No esc\u00e2ndalo do Caixa 2, empresas gastaram milh\u00f5es de reais ilegalmente para apoiar Bolsonaro pelo WhatsApp. N\u00e3o houve descobertas de esquemas desse tipo em apoio a outros candidatos. \u201c<\/span><a href=\"http:\/\/bit.ly\/2AAHesM\" target=\"_blank\" rel=\"noopener\"><span style=\"font-weight: 400;\">[Bolsonaro]\u00a0monopoliza os debates na maior parte dos 272 grupos que analisamos<\/span><\/a><span style=\"font-weight: 400;\">\u201d, disse Fabr\u00edcio Benevenuto, professor e fundador do\u00a0<a href=\"http:\/\/bit.ly\/2qlx7SE\" target=\"_blank\" rel=\"noopener\">Elei\u00e7\u00f5es Sem Fake<\/a><\/span><span style=\"font-weight: 400;\">, um projeto de monitoramento de desinforma\u00e7\u00f5es. \u201cEle \u00e9 o protagonista da maior parte das not\u00edcias, v\u00eddeos e memes que circulam [no WhatsApp].\u201d Um estudo conduzido por pesquisadores da USP, da UFMG e da<em> Ag\u00eancia Lupa,<\/em> especializada na checagem de fatos, concluiu que\u00a0<\/span><a href=\"http:\/\/bit.ly\/2SznSLB\" target=\"_blank\" rel=\"noopener\"><span style=\"font-weight: 400;\">mais de metade dos memes mais populares no WhatsApp eram falsos ou enganosos<\/span><\/a><span style=\"font-weight: 400;\">.<\/span><\/p>\n<h3><strong>Como o WhatsApp reagiu ao uso indevido da plataforma?<\/strong><\/h3>\n<p><span style=\"font-weight: 400;\">Em agosto, o WhatsApp reduziu o n\u00famero m\u00e1ximo de recipientes para encaminhar uma mensagem de\u00a0<\/span><span style=\"font-weight: 400;\"><a href=\"http:\/\/bit.ly\/2Q6rAui\" target=\"_blank\" rel=\"noopener\">250 para 20<\/a>\u00a0<\/span><span style=\"font-weight: 400;\">(20 n\u00fameros individuais, 20 grupos ou qualquer combina\u00e7\u00e3o). Essa mudan\u00e7a n\u00e3o foi espec\u00edfica para o Brasil. Foi parte de uma pol\u00edtica global em resposta a uma onda de linchamentos na \u00cdndia motivada por rumores falsos espalhados pelo WhatsApp <\/span><span style=\"font-weight: 400;\">que <a href=\"https:\/\/bbc.in\/2CPQNp0\" target=\"_blank\" rel=\"noopener\">levou a pelo menos 25 assassinatos<\/a><\/span><span style=\"font-weight: 400;\">.<\/span><\/p>\n<p><span style=\"font-weight: 400;\">Na sequ\u00eancia do divulgamento do esquema do Caixa 2, o WhatsApp prometeu trabalhar com as autoridades e candidatos para limitar a prolifera\u00e7\u00e3o de informa\u00e7\u00f5es falsas. O servi\u00e7o acabou realmente por\u00a0<\/span><a href=\"http:\/\/bit.ly\/2AGQ9J2\" target=\"_blank\" rel=\"noopener\"><span style=\"font-weight: 400;\">banir 100.000 contas<\/span><\/a><span style=\"font-weight: 400;\">, incluindo a do filho de Bolsonaro e senador pelo Rio, Fl\u00e1vio Bolsonaro (PSL), por disseminar mensagens em massa. Contudo,\u00a0<\/span><span style=\"font-weight: 400;\">o\u00a0<a href=\"https:\/\/bbc.in\/2Sx5x1F\" target=\"_blank\" rel=\"noopener\">WhatsApp repetiu v\u00e1rias vezes<\/a>\u00a0<\/span><span style=\"font-weight: 400;\">que restri\u00e7\u00f5es al\u00e9m dessas, como restringir o tamanho de novos grupos ou limitar ainda mais o n\u00famero de recipientes de mensagens encaminhadas seria \u201ctecnicamente imposs\u00edvel\u201d. WhatsApp tamb\u00e9m expressou preocupa\u00e7\u00f5es graves em fazer quaisquer mudan\u00e7as que violariam a privacidade dos usu\u00e1rios ou a liberdade de express\u00e3o, como o monitoramento de conte\u00fado em mensagens pessoais e de grupo.<\/span><\/p>\n<p><span style=\"font-weight: 400;\">Cr\u00edticos acham a resposta do WhatsApp passiva, al\u00e9m de ser muito pouca e muito tarde. Os pesquisadores por tr\u00e1s do estudo da USP\/UFMG\/<em>Ag\u00eancia Lupa<\/em> responderam \u00e0 alega\u00e7\u00e3o do WhatsApp sobre a impossibilidade t\u00e9cnica em um artigo de opini\u00e3o no<em>\u00a0<\/em><\/span><em><span style=\"font-weight: 400;\"><a href=\"https:\/\/nyti.ms\/2QaO4dT\" target=\"_blank\" rel=\"noopener\">New York Times<\/a>\u00a0<\/span><\/em><span style=\"font-weight: 400;\">dizendo: \u201cNa \u00cdndia demorou s\u00f3 alguns dias&#8230; O mesmo \u00e9 poss\u00edvel no Brasil\u201d. Especialistas que durante anos avisaram que o WhatsApp \u00e9 um solo f\u00e9rtil para a desinforma\u00e7\u00e3o dizem que o gerenciamento do WhatsApp foi\u00a0<\/span><span style=\"font-weight: 400;\"><a href=\"http:\/\/bit.ly\/2AG6eP3\" target=\"_blank\" rel=\"noopener\">distante e despreparado<\/a> \u00e0<\/span><span style=\"font-weight: 400;\">\u00a0medida que a crise se desdobrou.<\/span><\/p>\n<h3><strong>O que pode ser feito para minimizar o dano causado pelo WhatsApp em futuras elei\u00e7\u00f5es no Brasil e pelo mundo?<\/strong><\/h3>\n<p><span style=\"font-weight: 400;\">Em termos de \u201csolu\u00e7\u00f5es r\u00e1pidas\u201d, existem poss\u00edveis mudan\u00e7as t\u00e9cnicas que ajudariam a restringir mensagens de massa e spam pol\u00edtico. Os pesquisadores da USP\/UFG\/<em>Ag\u00eancia Lupa<\/em> desenvolveram recomenda\u00e7\u00f5es: reduzir ainda mais o n\u00famero de recipientes de mensagens encaminhadas de 20 para 5 (como na \u00cdndia); restringir o n\u00famero de recipientes de novas mensagens; e limitar o tamanho de novos grupos. WhatsApp descartou essas recomenda\u00e7\u00f5es como imposs\u00edveis de serem implementadas antes do segundo turno das elei\u00e7\u00f5es no Brasil, mas com mais tempo elas seriam prioridades da organiza\u00e7\u00e3o. WhatsApp tamb\u00e9m deve continuar a monitorar de forma vigilante atividades suspeitas e a remover rob\u00f4s e atores maliciosos da plataforma.<\/span><\/p>\n<p><span style=\"font-weight: 400;\">A dire\u00e7\u00e3o estrat\u00e9gica do WhatsApp a longo prazo \u00e9 uma quest\u00e3o muito mais complexa que lida com quest\u00f5es fundamentais sobre o papel das comunica\u00e7\u00f5es m\u00f3veis na sociedade contempor\u00e2nea. WhatsApp \u00e9 respons\u00e1vel pelo uso malicioso ou at\u00e9 criminal dos seus servi\u00e7os? Como pode uma companhia fundada pelo princ\u00edpio da comunica\u00e7\u00e3o simples e segura monitorar conte\u00fado sem se comprometer com a privacidade dos usu\u00e1rios?<\/span><\/p>\n<p><a href=\"http:\/\/rioonwatch.org.br\/wp-content\/uploads\/2018\/11\/India-whatsapp-an\u00fancio-de-jornal.jpg\"><img loading=\"lazy\" decoding=\"async\" class=\"aligncenter wp-image-37296 size-content\" title=\"Depois de uma s\u00e9rie de assassinatos motivados por informa\u00e7\u00f5es falsas disseminadas pelo WhatsApp na \u00cdndia, a empresa colocou um an\u00fancio de p\u00e1gina inteira no jornal para combater not\u00edcias falsas. Foto: AFP. \" src=\"http:\/\/rioonwatch.org.br\/wp-content\/uploads\/2018\/11\/India-whatsapp-an\u00fancio-de-jornal-620x264.jpg\" alt=\"\" width=\"620\" height=\"264\" srcset=\"https:\/\/rioonwatch.org.br\/wp-content\/uploads\/2018\/11\/India-whatsapp-an\u00fancio-de-jornal-620x264.jpg 620w, https:\/\/rioonwatch.org.br\/wp-content\/uploads\/2018\/11\/India-whatsapp-an\u00fancio-de-jornal-940x400.jpg 940w\" sizes=\"(max-width: 620px) 100vw, 620px\" \/><\/a><\/p>\n<p><span style=\"font-weight: 400;\">Na \u00cdndia, sob press\u00e3o do governo indiano depois das mortes, o WhatsApp tomou passos no sentido de se responsabilizar, como\u00a0<\/span><span style=\"font-weight: 400;\">publicar an\u00fancios de <a href=\"http:\/\/bit.ly\/2PjHN2j\" target=\"_blank\" rel=\"noopener\">p\u00e1gina inteira em jornais<\/a><\/span><span style=\"font-weight: 400;\">, encorajando seus usu\u00e1rios a serem cautelosos e a checarem os fatos; lan\u00e7ando\u00a0<\/span><span style=\"font-weight: 400;\"><a href=\"http:\/\/bit.ly\/2Q6NBJo\" target=\"_blank\" rel=\"noopener\">campanhas para a educa\u00e7\u00e3o p\u00fablica<\/a>\u00a0<\/span><span style=\"font-weight: 400;\">e trabalhando para <a href=\"http:\/\/bit.ly\/2ESFf71\" target=\"_blank\" rel=\"noopener\">construir uma equipe<\/a><\/span><span style=\"font-weight: 400;\">\u00a0na \u00cdndia\u00a0<\/span><span style=\"font-weight: 400;\">que lidaria com queixas. Se responsabilizar parcialmente pela educa\u00e7\u00e3o dos usu\u00e1rios \u00e9 um passo na dire\u00e7\u00e3o certa, assim como a constru\u00e7\u00e3o de equipes locais que podem cooperar mais agilmente com reguladores e pesquisadores do que uma equipe com base no Vale do Sil\u00edcio, isolado e longe de toda a\u00e7\u00e3o, poderia.<\/span><\/p>\n<p><span style=\"font-weight: 400;\">WhatsApp tem que servir de guardi\u00e3o contra a desinforma\u00e7\u00e3o, mas a sociedade como um todo tamb\u00e9m compartilha a responsabilidade sobre um uso respons\u00e1vel. Em muitos sentidos, os problemas acompanhando o WhatsApp n\u00e3o est\u00e3o meramente ligados ao aplicativo em si, mas mais \u00e0 sua posi\u00e7\u00e3o dominante no mercado e \u00e0s perguntas relacionadas com a nossa adapta\u00e7\u00e3o a sociedade digital. Legisladores e reguladores, principalmente do\u00a0<\/span><span style=\"font-weight: 400;\"><a href=\"http:\/\/bit.ly\/2zl9Uny\" target=\"_blank\" rel=\"noopener\">Tribunal Superior Eleitoral<\/a>\u00a0<\/span><span style=\"font-weight: 400;\">(TSE), tamb\u00e9m s\u00e3o culpados por\u00a0<\/span><span style=\"font-weight: 400;\">terem sido <a href=\"http:\/\/bit.ly\/2yJtxGx\" target=\"_blank\" rel=\"noopener\">pegos de surpresa nessa crise<\/a>\u00a0<\/span><span style=\"font-weight: 400;\">mesmo depois de anos de avisos de especialistas de comunica\u00e7\u00e3o e eleitorais. Jornalistas e verificadores de fatos independentes, que trabalham de forma vigilante e admir\u00e1vel para confrontar mentiras e decep\u00e7\u00f5es, precisam continuar expandindo sua influ\u00eancia numa era de m\u00eddias n\u00e3o-tradicionais. Por fim, indiv\u00edduos precisam entender que a internet n\u00e3o \u00e9 um lugar seguro e confi\u00e1vel e precisam diligentemente procurar informa\u00e7\u00f5es. Oportunistas ansiosos para manipular pessoas est\u00e3o por todas as partes e informa\u00e7\u00e3o que parece vir de confidentes confi\u00e1veis muitas vezes tem origens nefastas.<\/span><\/p>\n<!-- AddThis Advanced Settings generic via filter on the_content --><!-- AddThis Share Buttons generic via filter on the_content -->","protected":false},"excerpt":{"rendered":"<div class=\"mh-excerpt\"><p>Click Here for English WhatsApp j\u00e1 foi visto como um simples meio de comunica\u00e7\u00e3o e compartilhamento de informa\u00e7\u00e3o entre fam\u00edlia e amigos. No entanto, as elei\u00e7\u00f5es no Brasil mostraram exatamente como\u2014com desinforma\u00e7\u00f5es correndo soltas e\u00a0at\u00e9 <a class=\"mh-excerpt-more\" href=\"https:\/\/rioonwatch.org.br\/?p=37295\" title=\"Como o WhatsApp Virou as Elei\u00e7\u00f5es no Brasil de Cabe\u00e7a para Baixo: Um Relat\u00f3rio de Aut\u00f3psia\">[&#8230;]<\/a><!-- AddThis Advanced Settings generic via filter on get_the_excerpt --><!-- AddThis Share Buttons generic via filter on get_the_excerpt --><\/p>\n<\/div>","protected":false},"author":152,"featured_media":37301,"comment_status":"closed","ping_status":"closed","sticky":false,"template":"","format":"standard","meta":{"_acf_changed":false,"_monsterinsights_skip_tracking":false,"_monsterinsights_sitenote_active":false,"_monsterinsights_sitenote_note":"","_monsterinsights_sitenote_category":0,"footnotes":""},"categories":[1621,1632,1626,1612],"tags":[759,479,1163,1454,457,1535,2271,1979,2543,419,2546,2269,1166,1841,379,2531,1033,1988,1840,1457,2153,1747],"writer":[2540],"translator":[697],"source":[],"ilustrador":[],"fotografo":[],"class_list":{"0":"post-37295","1":"post","2":"type-post","3":"status-publish","4":"format-standard","5":"has-post-thumbnail","7":"category-destaque","8":"category-pesquisa-e-analise","9":"category-por-observadores-internacionais","10":"category-sociedade-civil","11":"tag-comparacao-internacional","12":"tag-democracia","13":"tag-presidente-dilma-rousseff","14":"tag-direito-a-comunicacao","15":"tag-eleicoes","16":"tag-facebook","17":"tag-fake-news","18":"tag-flavio-bolsonaro","19":"tag-haddad","20":"tag-igreja","21":"tag-igreja-evangelica","22":"tag-jair-bolsonaro","23":"tag-jornalismo","24":"tag-lula","25":"tag-midia-social","26":"tag-psl","27":"tag-politica","28":"tag-psdb","29":"tag-pt","30":"tag-tecnologia","31":"tag-uff","32":"tag-whatsapp","33":"writer-marc-cho","34":"translator-luana-gama-gato"},"acf":[],"yoast_head":"<!-- This site is optimized with the Yoast SEO plugin v25.6 - https:\/\/yoast.com\/wordpress\/plugins\/seo\/ -->\n<title>Como o WhatsApp Virou as Elei\u00e7\u00f5es no Brasil de Cabe\u00e7a para Baixo: Um Relat\u00f3rio de Aut\u00f3psia - RioOnWatch<\/title>\n<meta name=\"robots\" content=\"index, follow, max-snippet:-1, max-image-preview:large, max-video-preview:-1\" \/>\n<link rel=\"canonical\" href=\"https:\/\/rioonwatch.org.br\/?p=37295\" \/>\n<meta property=\"og:locale\" content=\"pt_BR\" \/>\n<meta property=\"og:type\" content=\"article\" \/>\n<meta property=\"og:title\" content=\"Como o WhatsApp Virou as Elei\u00e7\u00f5es no Brasil de Cabe\u00e7a para Baixo: Um Relat\u00f3rio de Aut\u00f3psia - RioOnWatch\" \/>\n<meta property=\"og:description\" content=\"Click Here for English WhatsApp j\u00e1 foi visto como um simples meio de comunica\u00e7\u00e3o e compartilhamento de informa\u00e7\u00e3o entre fam\u00edlia e amigos. No entanto, as elei\u00e7\u00f5es no Brasil mostraram exatamente como\u2014com desinforma\u00e7\u00f5es correndo soltas e\u00a0at\u00e9 [...]\" \/>\n<meta property=\"og:url\" content=\"https:\/\/rioonwatch.org.br\/?p=37295\" \/>\n<meta property=\"og:site_name\" content=\"RioOnWatch\" \/>\n<meta property=\"article:published_time\" content=\"2018-11-02T16:48:14+00:00\" \/>\n<meta property=\"article:modified_time\" content=\"2018-11-06T10:45:35+00:00\" \/>\n<meta property=\"og:image\" content=\"https:\/\/rioonwatch.org.br\/wp-content\/uploads\/2018\/11\/Whatsapp-logo.jpg\" \/>\n\t<meta property=\"og:image:width\" content=\"850\" \/>\n\t<meta property=\"og:image:height\" content=\"430\" \/>\n\t<meta property=\"og:image:type\" content=\"image\/jpeg\" \/>\n<meta name=\"author\" content=\"Luisa Fenizola\" \/>\n<meta name=\"twitter:card\" content=\"summary_large_image\" \/>\n<meta name=\"twitter:label1\" content=\"Escrito por\" \/>\n\t<meta name=\"twitter:data1\" content=\"Luisa Fenizola\" \/>\n\t<meta name=\"twitter:label2\" content=\"Est. tempo de leitura\" \/>\n\t<meta name=\"twitter:data2\" content=\"11 minutos\" \/>\n<script type=\"application\/ld+json\" class=\"yoast-schema-graph\">{\"@context\":\"https:\/\/schema.org\",\"@graph\":[{\"@type\":\"Article\",\"@id\":\"https:\/\/rioonwatch.org.br\/?p=37295#article\",\"isPartOf\":{\"@id\":\"https:\/\/rioonwatch.org.br\/?p=37295\"},\"author\":{\"name\":\"Luisa Fenizola\",\"@id\":\"https:\/\/rioonwatch.org.br\/#\/schema\/person\/f443c6b55bb6e80842280318076491c5\"},\"headline\":\"Como o WhatsApp Virou as Elei\u00e7\u00f5es no Brasil de Cabe\u00e7a para Baixo: Um Relat\u00f3rio de Aut\u00f3psia\",\"datePublished\":\"2018-11-02T16:48:14+00:00\",\"dateModified\":\"2018-11-06T10:45:35+00:00\",\"mainEntityOfPage\":{\"@id\":\"https:\/\/rioonwatch.org.br\/?p=37295\"},\"wordCount\":2288,\"publisher\":{\"@id\":\"https:\/\/rioonwatch.org.br\/#organization\"},\"image\":{\"@id\":\"https:\/\/rioonwatch.org.br\/?p=37295#primaryimage\"},\"thumbnailUrl\":\"https:\/\/rioonwatch.org.br\/wp-content\/uploads\/2018\/11\/Whatsapp-logo.jpg\",\"keywords\":[\"compara\u00e7\u00e3o internacional\",\"Democracia\",\"Dilma Rousseff\",\"direito \u00e0 comunica\u00e7\u00e3o\",\"Elei\u00e7\u00f5es\",\"Facebook\",\"Fake news\",\"Fl\u00e1vio Bolsonaro\",\"Haddad\",\"igreja\",\"igreja evang\u00e9lica\",\"Jair Bolsonaro\",\"jornalismo\",\"Lula\",\"m\u00eddia social\",\"Partido Social Liberal (PSL)\",\"pol\u00edtica\",\"PSDB\",\"PT\",\"tecnologia\",\"UFF\",\"WhatsApp\"],\"articleSection\":[\"*Destaque\",\"Dados e Pesquisa\",\"Escrito por Aliados\",\"Sociedade Civil\"],\"inLanguage\":\"pt-BR\"},{\"@type\":\"WebPage\",\"@id\":\"https:\/\/rioonwatch.org.br\/?p=37295\",\"url\":\"https:\/\/rioonwatch.org.br\/?p=37295\",\"name\":\"Como o WhatsApp Virou as Elei\u00e7\u00f5es no Brasil de Cabe\u00e7a para Baixo: Um Relat\u00f3rio de Aut\u00f3psia - RioOnWatch\",\"isPartOf\":{\"@id\":\"https:\/\/rioonwatch.org.br\/#website\"},\"primaryImageOfPage\":{\"@id\":\"https:\/\/rioonwatch.org.br\/?p=37295#primaryimage\"},\"image\":{\"@id\":\"https:\/\/rioonwatch.org.br\/?p=37295#primaryimage\"},\"thumbnailUrl\":\"https:\/\/rioonwatch.org.br\/wp-content\/uploads\/2018\/11\/Whatsapp-logo.jpg\",\"datePublished\":\"2018-11-02T16:48:14+00:00\",\"dateModified\":\"2018-11-06T10:45:35+00:00\",\"breadcrumb\":{\"@id\":\"https:\/\/rioonwatch.org.br\/?p=37295#breadcrumb\"},\"inLanguage\":\"pt-BR\",\"potentialAction\":[{\"@type\":\"ReadAction\",\"target\":[\"https:\/\/rioonwatch.org.br\/?p=37295\"]}]},{\"@type\":\"ImageObject\",\"inLanguage\":\"pt-BR\",\"@id\":\"https:\/\/rioonwatch.org.br\/?p=37295#primaryimage\",\"url\":\"https:\/\/rioonwatch.org.br\/wp-content\/uploads\/2018\/11\/Whatsapp-logo.jpg\",\"contentUrl\":\"https:\/\/rioonwatch.org.br\/wp-content\/uploads\/2018\/11\/Whatsapp-logo.jpg\",\"width\":850,\"height\":430,\"caption\":\"Foto: Allan White\/ Fotos P\u00fablicas\"},{\"@type\":\"BreadcrumbList\",\"@id\":\"https:\/\/rioonwatch.org.br\/?p=37295#breadcrumb\",\"itemListElement\":[{\"@type\":\"ListItem\",\"position\":1,\"name\":\"In\u00edcio\",\"item\":\"https:\/\/rioonwatch.org.br\/\"},{\"@type\":\"ListItem\",\"position\":2,\"name\":\"Como o WhatsApp Virou as Elei\u00e7\u00f5es no Brasil de Cabe\u00e7a para Baixo: Um Relat\u00f3rio de Aut\u00f3psia\"}]},{\"@type\":\"WebSite\",\"@id\":\"https:\/\/rioonwatch.org.br\/#website\",\"url\":\"https:\/\/rioonwatch.org.br\/\",\"name\":\"RioOnWatch\",\"description\":\"relatos das favelas cariocas\",\"publisher\":{\"@id\":\"https:\/\/rioonwatch.org.br\/#organization\"},\"potentialAction\":[{\"@type\":\"SearchAction\",\"target\":{\"@type\":\"EntryPoint\",\"urlTemplate\":\"https:\/\/rioonwatch.org.br\/?s={search_term_string}\"},\"query-input\":{\"@type\":\"PropertyValueSpecification\",\"valueRequired\":true,\"valueName\":\"search_term_string\"}}],\"inLanguage\":\"pt-BR\"},{\"@type\":\"Organization\",\"@id\":\"https:\/\/rioonwatch.org.br\/#organization\",\"name\":\"RioOnWatch\",\"url\":\"https:\/\/rioonwatch.org.br\/\",\"logo\":{\"@type\":\"ImageObject\",\"inLanguage\":\"pt-BR\",\"@id\":\"https:\/\/rioonwatch.org.br\/#\/schema\/logo\/image\/\",\"url\":\"https:\/\/rioonwatch.org.br\/wp-content\/uploads\/2021\/06\/RioOnWatchcabecalhoPT11anos-2.png\",\"contentUrl\":\"https:\/\/rioonwatch.org.br\/wp-content\/uploads\/2021\/06\/RioOnWatchcabecalhoPT11anos-2.png\",\"width\":779,\"height\":277,\"caption\":\"RioOnWatch\"},\"image\":{\"@id\":\"https:\/\/rioonwatch.org.br\/#\/schema\/logo\/image\/\"}},{\"@type\":\"Person\",\"@id\":\"https:\/\/rioonwatch.org.br\/#\/schema\/person\/f443c6b55bb6e80842280318076491c5\",\"name\":\"Luisa Fenizola\",\"image\":{\"@type\":\"ImageObject\",\"inLanguage\":\"pt-BR\",\"@id\":\"https:\/\/rioonwatch.org.br\/#\/schema\/person\/image\/\",\"url\":\"https:\/\/secure.gravatar.com\/avatar\/a3d551110162b9f876cbbdaaecf75663?s=96&d=blank&r=g\",\"contentUrl\":\"https:\/\/secure.gravatar.com\/avatar\/a3d551110162b9f876cbbdaaecf75663?s=96&d=blank&r=g\",\"caption\":\"Luisa Fenizola\"},\"url\":\"https:\/\/rioonwatch.org.br\/?author=152\"}]}<\/script>\n<!-- \/ Yoast SEO plugin. -->","yoast_head_json":{"title":"Como o WhatsApp Virou as Elei\u00e7\u00f5es no Brasil de Cabe\u00e7a para Baixo: Um Relat\u00f3rio de Aut\u00f3psia - RioOnWatch","robots":{"index":"index","follow":"follow","max-snippet":"max-snippet:-1","max-image-preview":"max-image-preview:large","max-video-preview":"max-video-preview:-1"},"canonical":"https:\/\/rioonwatch.org.br\/?p=37295","og_locale":"pt_BR","og_type":"article","og_title":"Como o WhatsApp Virou as Elei\u00e7\u00f5es no Brasil de Cabe\u00e7a para Baixo: Um Relat\u00f3rio de Aut\u00f3psia - RioOnWatch","og_description":"Click Here for English WhatsApp j\u00e1 foi visto como um simples meio de comunica\u00e7\u00e3o e compartilhamento de informa\u00e7\u00e3o entre fam\u00edlia e amigos. No entanto, as elei\u00e7\u00f5es no Brasil mostraram exatamente como\u2014com desinforma\u00e7\u00f5es correndo soltas e\u00a0at\u00e9 [...]","og_url":"https:\/\/rioonwatch.org.br\/?p=37295","og_site_name":"RioOnWatch","article_published_time":"2018-11-02T16:48:14+00:00","article_modified_time":"2018-11-06T10:45:35+00:00","og_image":[{"width":850,"height":430,"url":"https:\/\/rioonwatch.org.br\/wp-content\/uploads\/2018\/11\/Whatsapp-logo.jpg","type":"image\/jpeg"}],"author":"Luisa Fenizola","twitter_card":"summary_large_image","twitter_misc":{"Escrito por":"Luisa Fenizola","Est. tempo de leitura":"11 minutos"},"schema":{"@context":"https:\/\/schema.org","@graph":[{"@type":"Article","@id":"https:\/\/rioonwatch.org.br\/?p=37295#article","isPartOf":{"@id":"https:\/\/rioonwatch.org.br\/?p=37295"},"author":{"name":"Luisa Fenizola","@id":"https:\/\/rioonwatch.org.br\/#\/schema\/person\/f443c6b55bb6e80842280318076491c5"},"headline":"Como o WhatsApp Virou as Elei\u00e7\u00f5es no Brasil de Cabe\u00e7a para Baixo: Um Relat\u00f3rio de Aut\u00f3psia","datePublished":"2018-11-02T16:48:14+00:00","dateModified":"2018-11-06T10:45:35+00:00","mainEntityOfPage":{"@id":"https:\/\/rioonwatch.org.br\/?p=37295"},"wordCount":2288,"publisher":{"@id":"https:\/\/rioonwatch.org.br\/#organization"},"image":{"@id":"https:\/\/rioonwatch.org.br\/?p=37295#primaryimage"},"thumbnailUrl":"https:\/\/rioonwatch.org.br\/wp-content\/uploads\/2018\/11\/Whatsapp-logo.jpg","keywords":["compara\u00e7\u00e3o internacional","Democracia","Dilma Rousseff","direito \u00e0 comunica\u00e7\u00e3o","Elei\u00e7\u00f5es","Facebook","Fake news","Fl\u00e1vio Bolsonaro","Haddad","igreja","igreja evang\u00e9lica","Jair Bolsonaro","jornalismo","Lula","m\u00eddia social","Partido Social Liberal (PSL)","pol\u00edtica","PSDB","PT","tecnologia","UFF","WhatsApp"],"articleSection":["*Destaque","Dados e Pesquisa","Escrito por Aliados","Sociedade Civil"],"inLanguage":"pt-BR"},{"@type":"WebPage","@id":"https:\/\/rioonwatch.org.br\/?p=37295","url":"https:\/\/rioonwatch.org.br\/?p=37295","name":"Como o WhatsApp Virou as Elei\u00e7\u00f5es no Brasil de Cabe\u00e7a para Baixo: Um Relat\u00f3rio de Aut\u00f3psia - RioOnWatch","isPartOf":{"@id":"https:\/\/rioonwatch.org.br\/#website"},"primaryImageOfPage":{"@id":"https:\/\/rioonwatch.org.br\/?p=37295#primaryimage"},"image":{"@id":"https:\/\/rioonwatch.org.br\/?p=37295#primaryimage"},"thumbnailUrl":"https:\/\/rioonwatch.org.br\/wp-content\/uploads\/2018\/11\/Whatsapp-logo.jpg","datePublished":"2018-11-02T16:48:14+00:00","dateModified":"2018-11-06T10:45:35+00:00","breadcrumb":{"@id":"https:\/\/rioonwatch.org.br\/?p=37295#breadcrumb"},"inLanguage":"pt-BR","potentialAction":[{"@type":"ReadAction","target":["https:\/\/rioonwatch.org.br\/?p=37295"]}]},{"@type":"ImageObject","inLanguage":"pt-BR","@id":"https:\/\/rioonwatch.org.br\/?p=37295#primaryimage","url":"https:\/\/rioonwatch.org.br\/wp-content\/uploads\/2018\/11\/Whatsapp-logo.jpg","contentUrl":"https:\/\/rioonwatch.org.br\/wp-content\/uploads\/2018\/11\/Whatsapp-logo.jpg","width":850,"height":430,"caption":"Foto: Allan White\/ Fotos P\u00fablicas"},{"@type":"BreadcrumbList","@id":"https:\/\/rioonwatch.org.br\/?p=37295#breadcrumb","itemListElement":[{"@type":"ListItem","position":1,"name":"In\u00edcio","item":"https:\/\/rioonwatch.org.br\/"},{"@type":"ListItem","position":2,"name":"Como o WhatsApp Virou as Elei\u00e7\u00f5es no Brasil de Cabe\u00e7a para Baixo: Um Relat\u00f3rio de Aut\u00f3psia"}]},{"@type":"WebSite","@id":"https:\/\/rioonwatch.org.br\/#website","url":"https:\/\/rioonwatch.org.br\/","name":"RioOnWatch","description":"relatos das favelas cariocas","publisher":{"@id":"https:\/\/rioonwatch.org.br\/#organization"},"potentialAction":[{"@type":"SearchAction","target":{"@type":"EntryPoint","urlTemplate":"https:\/\/rioonwatch.org.br\/?s={search_term_string}"},"query-input":{"@type":"PropertyValueSpecification","valueRequired":true,"valueName":"search_term_string"}}],"inLanguage":"pt-BR"},{"@type":"Organization","@id":"https:\/\/rioonwatch.org.br\/#organization","name":"RioOnWatch","url":"https:\/\/rioonwatch.org.br\/","logo":{"@type":"ImageObject","inLanguage":"pt-BR","@id":"https:\/\/rioonwatch.org.br\/#\/schema\/logo\/image\/","url":"https:\/\/rioonwatch.org.br\/wp-content\/uploads\/2021\/06\/RioOnWatchcabecalhoPT11anos-2.png","contentUrl":"https:\/\/rioonwatch.org.br\/wp-content\/uploads\/2021\/06\/RioOnWatchcabecalhoPT11anos-2.png","width":779,"height":277,"caption":"RioOnWatch"},"image":{"@id":"https:\/\/rioonwatch.org.br\/#\/schema\/logo\/image\/"}},{"@type":"Person","@id":"https:\/\/rioonwatch.org.br\/#\/schema\/person\/f443c6b55bb6e80842280318076491c5","name":"Luisa Fenizola","image":{"@type":"ImageObject","inLanguage":"pt-BR","@id":"https:\/\/rioonwatch.org.br\/#\/schema\/person\/image\/","url":"https:\/\/secure.gravatar.com\/avatar\/a3d551110162b9f876cbbdaaecf75663?s=96&d=blank&r=g","contentUrl":"https:\/\/secure.gravatar.com\/avatar\/a3d551110162b9f876cbbdaaecf75663?s=96&d=blank&r=g","caption":"Luisa Fenizola"},"url":"https:\/\/rioonwatch.org.br\/?author=152"}]}},"_links":{"self":[{"href":"https:\/\/rioonwatch.org.br\/index.php?rest_route=\/wp\/v2\/posts\/37295"}],"collection":[{"href":"https:\/\/rioonwatch.org.br\/index.php?rest_route=\/wp\/v2\/posts"}],"about":[{"href":"https:\/\/rioonwatch.org.br\/index.php?rest_route=\/wp\/v2\/types\/post"}],"author":[{"embeddable":true,"href":"https:\/\/rioonwatch.org.br\/index.php?rest_route=\/wp\/v2\/users\/152"}],"replies":[{"embeddable":true,"href":"https:\/\/rioonwatch.org.br\/index.php?rest_route=%2Fwp%2Fv2%2Fcomments&post=37295"}],"version-history":[{"count":11,"href":"https:\/\/rioonwatch.org.br\/index.php?rest_route=\/wp\/v2\/posts\/37295\/revisions"}],"predecessor-version":[{"id":37313,"href":"https:\/\/rioonwatch.org.br\/index.php?rest_route=\/wp\/v2\/posts\/37295\/revisions\/37313"}],"wp:featuredmedia":[{"embeddable":true,"href":"https:\/\/rioonwatch.org.br\/index.php?rest_route=\/wp\/v2\/media\/37301"}],"wp:attachment":[{"href":"https:\/\/rioonwatch.org.br\/index.php?rest_route=%2Fwp%2Fv2%2Fmedia&parent=37295"}],"wp:term":[{"taxonomy":"category","embeddable":true,"href":"https:\/\/rioonwatch.org.br\/index.php?rest_route=%2Fwp%2Fv2%2Fcategories&post=37295"},{"taxonomy":"post_tag","embeddable":true,"href":"https:\/\/rioonwatch.org.br\/index.php?rest_route=%2Fwp%2Fv2%2Ftags&post=37295"},{"taxonomy":"writer","embeddable":true,"href":"https:\/\/rioonwatch.org.br\/index.php?rest_route=%2Fwp%2Fv2%2Fwriter&post=37295"},{"taxonomy":"translator","embeddable":true,"href":"https:\/\/rioonwatch.org.br\/index.php?rest_route=%2Fwp%2Fv2%2Ftranslator&post=37295"},{"taxonomy":"source","embeddable":true,"href":"https:\/\/rioonwatch.org.br\/index.php?rest_route=%2Fwp%2Fv2%2Fsource&post=37295"},{"taxonomy":"ilustrador","embeddable":true,"href":"https:\/\/rioonwatch.org.br\/index.php?rest_route=%2Fwp%2Fv2%2Filustrador&post=37295"},{"taxonomy":"fotografo","embeddable":true,"href":"https:\/\/rioonwatch.org.br\/index.php?rest_route=%2Fwp%2Fv2%2Ffotografo&post=37295"}],"curies":[{"name":"wp","href":"https:\/\/api.w.org\/{rel}","templated":true}]}}