{"id":37315,"date":"2018-11-14T08:06:42","date_gmt":"2018-11-14T11:06:42","guid":{"rendered":"http:\/\/rioonwatch.org.br\/?p=37315"},"modified":"2018-11-15T09:43:38","modified_gmt":"2018-11-15T12:43:38","slug":"alem-da-insatisfacao-com-o-status-quo-quatro-novas-forcas-alimentam-a-extrema-direita-no-brasil","status":"publish","type":"post","link":"https:\/\/rioonwatch.org.br\/?p=37315","title":{"rendered":"Al\u00e9m da Insatisfa\u00e7\u00e3o com o Status Quo: 4 Novas For\u00e7as Alimentando a Extrema Direita no Brasil"},"content":{"rendered":"<p style=\"text-align: right;\"><em><strong><a href=\"http:\/\/bit.ly\/2TdXZks\" target=\"_blank\" rel=\"noopener noreferrer\">Click Here for English<\/a><a href=\"http:\/\/bit.ly\/2QzhW33\" target=\"_blank\" rel=\"noopener noreferrer\"><img decoding=\"async\" width=\"20\" height=\"20\" class=\"alignright wp-image-15790\" src=\"http:\/\/rioonwatch.org.br\/wp-content\/uploads\/2012\/08\/EN-standard-e1439583104716.jpg\" \/><\/a><\/strong><\/em><\/p>\n<p>No dia 28 de outubro, o Brasil elegeu seu pr\u00f3ximo presidente no segundo e \u00faltimo turno das vota\u00e7\u00f5es. O fato do nacionalista de extrema direita\u00a0<a href=\"http:\/\/bit.ly\/2PjHN2j\" target=\"_blank\" rel=\"noopener\">Jair Bolsonaro<\/a>\u00a0(<a href=\"http:\/\/bit.ly\/2OlhMe8\" target=\"_blank\" rel=\"noopener\">PSL<\/a>) ter chegado t\u00e3o longe e ter vencido nas urnas contra o candidato\u00a0<a href=\"http:\/\/bit.ly\/2PjHN2j\" target=\"_blank\" rel=\"noopener\">Fernando Haddad<\/a>\u00a0(<a href=\"http:\/\/bit.ly\/2cCqyHM\" target=\"_blank\" rel=\"noopener\">PT<\/a>) no contexto brasileiro, \u00e9 algo que ser\u00e1 estudado por muitos anos.<\/p>\n<p>Num pa\u00eds de maioria mesti\u00e7a, um homem que declarou que alguns negros \u201c<a href=\"http:\/\/bit.ly\/2F6KnVf\" target=\"_blank\" rel=\"noopener\">n\u00e3o servem nem para procriar<\/a>\u201d <a href=\"https:\/\/glo.bo\/2qCROcA\" target=\"_blank\" rel=\"noopener\">conseguiu 41%<\/a> da inten\u00e7\u00e3o de voto desta popula\u00e7\u00e3o (contra 47% de Haddad). Um homem que disse para uma deputada, \u201c<a href=\"http:\/\/bit.ly\/2SjP9RR\" target=\"_blank\" rel=\"noopener\">jamais eu ia estuprar voc\u00ea porque voc\u00ea n\u00e3o merece<\/a>\u201d, quase n\u00e3o ficou atr\u00e1s de Haddad entre as mulheres (<a href=\"https:\/\/glo.bo\/2qCROcA\" target=\"_blank\" rel=\"noopener\">41% contra 44% de Haddad<\/a>).<\/p>\n<p>Tais sentimentos com base no \u00f3dio podem animar alguns eleitores de Bolsonaro, mas ap\u00f3s anos de corrup\u00e7\u00e3o, viol\u00eancia, e recess\u00e3o, grande maioria est\u00e1 simplesmente desesperada, querendo experimentar algo novo. Al\u00e9m do clamor por mudan\u00e7a, Bolsonaro surgiu com o apoio de for\u00e7as emergentes que o mantiveram a salvo, apesar de incidentes e declara\u00e7\u00f5es que normalmente seriam consideradas desqualificantes. Novas tecnologias possibilitaram campanhas <a href=\"http:\/\/bit.ly\/2EGuq8d\" target=\"_blank\" rel=\"noopener\">fora da estrutura altamente regulamentada para campanhas<\/a>\u00a0no Brasil.\u00a0Surgiram coaliz\u00f5es novas ou cada vez mais poderosas dispostas a olhar para al\u00e9m das cusparadas de fogo de Bolsonaro, desde que ele cumpra suas principais prioridades. Nesta mat\u00e9ria, destacamos quatro for\u00e7as novas e emergentes que moldaram as elei\u00e7\u00f5es deste ano: o analfabetismo digital e as &#8220;<em>fake news<\/em>&#8220;, o WhatsApp, o antipetismo e as igrejas evang\u00e9licas.<\/p>\n<h3><strong>Analfabetismo Digital e \u201c<em>Fake News<\/em>\u201d<\/strong><\/h3>\n<p>Soando muito familiar em rela\u00e7\u00e3o a outras elei\u00e7\u00f5es pelo mundo, a prolifera\u00e7\u00e3o de mentiras e hist\u00f3rias intencionalmente enganosas no Brasil facilitou o crescimento de extremistas e contribuiu para o <a href=\"http:\/\/bit.ly\/2rYFc3h\" target=\"_blank\" rel=\"noopener\">aumento acentuado da hostilidade pol\u00edtica e da polariza\u00e7\u00e3o<\/a>. A difama\u00e7\u00e3o de inimigos pol\u00edticos \u00e9 uma t\u00e1tica mais antiga que a pr\u00f3pria democracia, mas a ado\u00e7\u00e3o em massa das redes sociais possibilitou que os rumores se espalhassem com rapidez e alcance sem precedentes.<strong><br \/>\n<\/strong><\/p>\n<p>Existe uma realidade indesej\u00e1vel no cerne dessa crise de desinforma\u00e7\u00e3o: \u00e9 extremamente dif\u00edcil discernir entre fato \u00e9 fic\u00e7\u00e3o. Enquanto eleitores bem informados podem apontar <a href=\"http:\/\/bit.ly\/2ShtNoh\" target=\"_blank\" rel=\"noopener\">exemplos bizarros para fomentar o medo<\/a>, at\u00e9 os <a href=\"http:\/\/bit.ly\/2Qod1lX\" target=\"_blank\" rel=\"noopener\">mais espertos no uso das tecnologias t\u00eam dificuldade<\/a> em julgar a legitimidade das fontes de not\u00edcia e identificar se a informa\u00e7\u00e3o \u00e9 falsa, ou ainda, plaus\u00edvel. Al\u00e9m disso, ser informado e ter conhecimento digital \u00e9 um obst\u00e1culo significativo que o eleitor brasileiro m\u00e9dio geralmente n\u00e3o supera. Mais da metade dos eleitores brasileiros <a href=\"http:\/\/bit.ly\/2DhjPPr\" target=\"_blank\" rel=\"noopener\">n\u00e3o completou o ensino m\u00e9dio<\/a>, e a utiliza\u00e7\u00e3o <a href=\"https:\/\/pewrsr.ch\/2z52vsn\" target=\"_blank\" rel=\"noopener\">rapidamente crescente<\/a> da m\u00eddia social \u00e9 um <a href=\"https:\/\/pewrsr.ch\/2z52vsn\" target=\"_blank\" rel=\"noopener\">fen\u00f4meno recente<\/a>. Como visto em outras elei\u00e7\u00f5es pelo mundo, eleitores est\u00e3o despreparados para navegar de forma segura nesta fronteira digital. Infelizmente, a demografia do Brasil s\u00f3 o torna mais suscet\u00edvel a desinforma\u00e7\u00e3o.<\/p>\n<p><a href=\"http:\/\/rioonwatch.org.br\/wp-content\/uploads\/2018\/11\/Midias-sociais-Brasil-e-Americas.png\"><img fetchpriority=\"high\" decoding=\"async\" class=\"aligncenter wp-image-37435\" src=\"http:\/\/rioonwatch.org.br\/wp-content\/uploads\/2018\/11\/Midias-sociais-Brasil-e-Americas.png\" alt=\"\" width=\"500\" height=\"483\" srcset=\"https:\/\/rioonwatch.org.br\/wp-content\/uploads\/2018\/11\/Midias-sociais-Brasil-e-Americas.png 950w, https:\/\/rioonwatch.org.br\/wp-content\/uploads\/2018\/11\/Midias-sociais-Brasil-e-Americas-274x264.png 274w, https:\/\/rioonwatch.org.br\/wp-content\/uploads\/2018\/11\/Midias-sociais-Brasil-e-Americas-620x598.png 620w, https:\/\/rioonwatch.org.br\/wp-content\/uploads\/2018\/11\/Midias-sociais-Brasil-e-Americas-768x741.png 768w\" sizes=\"(max-width: 500px) 100vw, 500px\" \/><\/a><\/p>\n<p>Enquanto alguns grupos tiram vantagem do analfabetismo digital implantando not\u00edcias falsas e teorias da conspira\u00e7\u00e3o, campanhas de desinforma\u00e7\u00e3o n\u00e3o conseguem ser efetivas sem seus vetores de transmiss\u00e3o: pessoas bem intencionadas e desavisadas. As redes sociais podem fazer os indiv\u00edduos sentirem que est\u00e3o recebendo informa\u00e7\u00f5es de fontes confi\u00e1veis como amigos e familiares.\u00a0A dissemina\u00e7\u00e3o da desinforma\u00e7\u00e3o nem sempre \u00e9 feita de forma maliciosa; muitas vezes, simplesmente isto toma a forma porque algumas pessoas transmitem informa\u00e7\u00f5es que consideram significativas para pessoas pr\u00f3ximas.<\/p>\n<h3><strong>WhatsApp<\/strong><\/h3>\n<p>WhatsApp, a plataforma de mensagem, que pertence ao Facebook, usada por <a href=\"http:\/\/bit.ly\/2RDUzpF\" target=\"_blank\" rel=\"noopener\">cerca de 60% dos brasileiros<\/a>, tornou-se o principal canal pelo qual as \u201cfake news\u201d s\u00e3o disseminadas\u2014principalmente depois do Facebook <a href=\"https:\/\/glo.bo\/2PGSGeK\" target=\"_blank\" rel=\"noopener\">introduzir ferramentas e medidas de seguran\u00e7a<\/a> contra <em>fake news<\/em>. O aplicativo \u00e9 um solo f\u00e9rtil para semear o engano: praticamente todo brasileiro que possui um <em>smartphone<\/em> usa.\u00a0Fiscalizar o aplicativo sem violar a privacidade do usu\u00e1rio \u00e9 extremamente dif\u00edcil, e suas funcionalidades de encaminhamento de mensagens e de cria\u00e7\u00e3o de grupo facilitam que grandes audi\u00eancias sejam alcan\u00e7ados com apenas alguns toques.<\/p>\n<p>Os brasileiros usam o WhatsApp para compartilhar hist\u00f3rias pol\u00edticas, v\u00eddeos, e memes h\u00e1 anos. Portanto, o aplicativo teve um papel central nessas elei\u00e7\u00f5es. \u201cEsse ano\u00a0[o compartilhamento de <em>fake news<\/em> no WhatsApp e Facebook] foi muito sinistro&#8230; efetivamente uma guerra cibern\u00e9tica\u201d, lamenta Andres Souza, um morador da <a href=\"http:\/\/bit.ly\/2kmO9hl\" target=\"_blank\" rel=\"noopener\">Rocinha<\/a> de 29 anos. \u201cEm 2014, na elei\u00e7\u00e3o de Dilma [Rousseff] e A\u00e9cio Neves, a gente j\u00e1 debatia pol\u00edtica no Facebook, j\u00e1 envi\u00e1vamos coisas pelo WhatsApp&#8230; S\u00f3 que de 2014 para c\u00e1 cresceu mais e mais. Especificamente no WhatsApp, eu n\u00e3o levava s\u00e9rio&#8221;.<\/p>\n<p><a href=\"http:\/\/rioonwatch.org.br\/wp-content\/uploads\/2018\/11\/Eduardo-Bolsonaro-e-Steve-Bannon-1-e1541437240747.jpg\"><img decoding=\"async\" class=\"aligncenter wp-image-37323 size-content\" title=\"Eduardo Bolsonaro (PSL), reeleito deputado federal por S\u00e3o Paulo, com Steve Bannon em Nova York em agosto de 2018. Foto: twitter @bolsonarosp\" src=\"http:\/\/rioonwatch.org.br\/wp-content\/uploads\/2018\/11\/Eduardo-Bolsonaro-e-Steve-Bannon-1-e1541437240747-620x264.jpg\" alt=\"\" width=\"620\" height=\"264\" srcset=\"https:\/\/rioonwatch.org.br\/wp-content\/uploads\/2018\/11\/Eduardo-Bolsonaro-e-Steve-Bannon-1-e1541437240747-620x264.jpg 620w, https:\/\/rioonwatch.org.br\/wp-content\/uploads\/2018\/11\/Eduardo-Bolsonaro-e-Steve-Bannon-1-e1541437240747-940x400.jpg 940w\" sizes=\"(max-width: 620px) 100vw, 620px\" \/><\/a><\/p>\n<p>As <em>fake news<\/em> e seus perpetradores existem de ambos os lados, da esquerda e direita, mas Bolsonaro, cujo perfil nacional explodiu <a href=\"http:\/\/bit.ly\/2RCg76U\" target=\"_blank\" rel=\"noopener\">apesar de ter estado quase que completamente fora da TV e das r\u00e1dios no primeiro turno<\/a>, foi quem mais se beneficiou da (des)informa\u00e7\u00e3o espalhada pelo WhatsApp. Al\u00e9m dos cidad\u00e3os desavisados, Bolsonaro recebeu apoio de fontes poderosas e ricas que deliberadamente plantaram desinforma\u00e7\u00e3o para ajud\u00e1-lo. <a href=\"http:\/\/bit.ly\/2P5WuFP\" target=\"_blank\" rel=\"noopener\">Uma reportagem explosiva da Folha de S\u00e3o Paulo<\/a> exp\u00f4s uma opera\u00e7\u00e3o multimilion\u00e1ria que espalhava <em>fake news<\/em> anti-Haddad no WhatsApp. Adicionalmente, <a href=\"http:\/\/bit.ly\/2CIZOAp\" target=\"_blank\" rel=\"noopener\">um encontro<\/a> entre o filho de Bolsonaro e Steve Bannon, que trabalhou como estrategista na campanha de Donald Trump, levou \u00e0 especula\u00e7\u00e3o de que ele estaria aconselhando sobre o uso da <a href=\"https:\/\/bbc.in\/2DqHUDu\" target=\"_blank\" rel=\"noopener\">manipula\u00e7\u00e3o de m\u00eddia e das m\u00eddias sociais<\/a> na campanha de Bolsonaro.<\/p>\n<h3><strong>Antipetismo<\/strong><\/h3>\n<p>Jair Bolsonaro, sem d\u00favidas, \u00e9 a hist\u00f3ria dessas elei\u00e7\u00f5es.\u00a0No entanto, esta \u00e9 uma hist\u00f3ria inextricavelmente entrela\u00e7ada com a ascens\u00e3o e queda do PT.\u00a0A ascend\u00eancia de Bolsonaro \u00e9 menos sobre a abrang\u00eancia do ultra-conservadorismo da sua milit\u00e2ncia e mais sobre o desprezo venenoso pelo partido que liderou o Brasil durante boa parte do s\u00e9culo 21.\u00a0Este desprezo origina-se do sentimento de trai\u00e7\u00e3o, pois o PT era visto como representante das massas, no entanto foi o partido mais prejudicado pelo <a href=\"http:\/\/bit.ly\/1RTLKo3\" target=\"_blank\" rel=\"noopener\">esc\u00e2ndalo de corrup\u00e7\u00e3o da Lava Jato<\/a>.<\/p>\n<p>O antipetismo cresceu desde do surgimento do partido em 1980. Originalmente, baseado no <a href=\"http:\/\/bit.ly\/2RDJRzy\" target=\"_blank\" rel=\"noopener\">conflito de classes<\/a>\u00a0o antipetismo cresceu devido \u00e0 <a href=\"http:\/\/bit.ly\/2qz1vcg\" target=\"_blank\" rel=\"noopener\">dissemina\u00e7\u00e3o do medo por seus oponentes<\/a>, e mais recentemente pela\u00a0<a href=\"http:\/\/bit.ly\/1RTLKo3\" target=\"_blank\" rel=\"noopener\">corrup\u00e7\u00e3o<\/a> (apesar de alguns atribu\u00edrem isso n\u00e3o ao seu papel central no esc\u00e2ndalo, mas pela representa\u00e7\u00e3o do PT na m\u00eddia).<\/p>\n<p>Enquanto o antipetismo era fraco durante o boom econ\u00f4mico dos tempos de Lula,\u00a0grande parte do legado social e econ\u00f4mico do PT se desintegrou sob o peso do esc\u00e2ndalo da Lava Jato, da <a href=\"http:\/\/bit.ly\/2QllLJD\" target=\"_blank\" rel=\"noopener\">crise econ\u00f4mica<\/a>, e da queda humilhante dos s\u00edmbolos do partido (a pris\u00e3o do Lula por acusa\u00e7\u00f5es de corrup\u00e7\u00e3o; e o <a href=\"http:\/\/bit.ly\/1MgBciy\" target=\"_blank\" rel=\"noopener\">controverso e anti-democr\u00e1tico<\/a>\u00a0afastamento de Dilma do cargo). Com a economia queimando e o\u00a0<a href=\"http:\/\/bit.ly\/2PIh3IL\" target=\"_blank\" rel=\"noopener\">derramamento de sangue se espalhando pelas ruas<\/a>, os <a href=\"http:\/\/bit.ly\/2PVezDK\" target=\"_blank\" rel=\"noopener\">cidad\u00e3os de todas as origens<\/a>\u2014justa ou injustamente\u2014direcionam sua raiva ao PT. Isso, combinado com as <em>fake news<\/em> antipetista, levaram ao crescimento do antipetismo.<\/p>\n<p><a href=\"http:\/\/rioonwatch.org.br\/wp-content\/uploads\/2018\/11\/Intencao-de-voto-e-rejeicao.png\"><img loading=\"lazy\" decoding=\"async\" class=\"aligncenter wp-image-37436\" src=\"http:\/\/rioonwatch.org.br\/wp-content\/uploads\/2018\/11\/Intencao-de-voto-e-rejeicao.png\" alt=\"\" width=\"500\" height=\"489\" srcset=\"https:\/\/rioonwatch.org.br\/wp-content\/uploads\/2018\/11\/Intencao-de-voto-e-rejeicao.png 873w, https:\/\/rioonwatch.org.br\/wp-content\/uploads\/2018\/11\/Intencao-de-voto-e-rejeicao-270x264.png 270w, https:\/\/rioonwatch.org.br\/wp-content\/uploads\/2018\/11\/Intencao-de-voto-e-rejeicao-620x606.png 620w, https:\/\/rioonwatch.org.br\/wp-content\/uploads\/2018\/11\/Intencao-de-voto-e-rejeicao-768x750.png 768w\" sizes=\"(max-width: 500px) 100vw, 500px\" \/><\/a><\/p>\n<p>Antes disso, Bolsonaro foi apontado como um candidato incapaz de formar uma coaliz\u00e3o de votos populares. Entretanto, Haddad\u2014diretamente ligado a Lula e ao PT\u2014estava nas m\u00e3os de quem votaria em \u201cqualquer um menos ele\u201d. Apesar da diferen\u00e7a ter diminu\u00eddo, de acordo com a <a href=\"http:\/\/bit.ly\/2JjWD33\" target=\"_blank\" rel=\"noopener\">pesquisa de 23 de outubro<\/a> do IBOPE, desde o primeiro turno no dia 7 de outubro, 41% do eleitores disseram que n\u00e3o votariam no Haddad sob nenhuma circunst\u00e2ncia, rejei\u00e7\u00e3o levemente mais alta que os 40% de Bolsonaro. (Dito isso, percebe-se na pesquisa de 23 de outubro que\u00a0<a href=\"http:\/\/bit.ly\/2JjPUpY\" target=\"_blank\" rel=\"noopener\">a rejei\u00e7\u00e3o a Haddad caiu em 6% e a Bolsonaro aumentou em 5%<\/a>\u00a0em rela\u00e7\u00e3o a pesquisa anterior).<\/p>\n<h3><strong>Igrejas Evang\u00e9licas <\/strong><\/h3>\n<p>Desde a queda da ditadura militar em 1985, os evang\u00e9licos mostraram seu vi\u00e9s pol\u00edtico atrav\u00e9s do suporte aberto a candidatos. Entretanto, como seus seguidores em massa come\u00e7aram a crescer\u2014de acordo com o censo de 2010, <a href=\"http:\/\/bit.ly\/2JhZWI3\" target=\"_blank\" rel=\"noopener\">evang\u00e9licos comp\u00f5e 22% da popula\u00e7\u00e3o<\/a> e <a href=\"https:\/\/glo.bo\/2zw9FpZ\" target=\"_blank\" rel=\"noopener\">ultrapassar\u00e3o os cat\u00f3licos em 2030<\/a>\u2014as igrejas demonstraram uma habilidade extraordin\u00e1ria em mobilizar uma massa de eleitores como nunca antes. Numa pesquisa informal feita com diversos mobilizadores de favelas para esta mat\u00e9ria, os respondentes nomearam as igrejas evang\u00e9licas como a influ\u00eancia pol\u00edtica n\u00famero um em suas pr\u00f3prias comunidades durante essas elei\u00e7\u00f5es\u2014\u00e0 frente\u00a0at\u00e9 mesmo do WhatsApp e do antipetismo.<\/p>\n<p><a href=\"http:\/\/rioonwatch.org.br\/wp-content\/uploads\/2018\/11\/Culto-evang\u00e9lico-1.jpg\"><img loading=\"lazy\" decoding=\"async\" class=\"aligncenter wp-image-37327 size-content\" title=\"Pastor prega para uma congrega\u00e7\u00e3o evang\u00e9lica brasileira no Jap\u00e3o. Foto: Marcelo Hide.\" src=\"http:\/\/rioonwatch.org.br\/wp-content\/uploads\/2018\/11\/Culto-evang\u00e9lico-1-620x264.jpg\" alt=\"\" width=\"620\" height=\"264\" srcset=\"https:\/\/rioonwatch.org.br\/wp-content\/uploads\/2018\/11\/Culto-evang\u00e9lico-1-620x264.jpg 620w, https:\/\/rioonwatch.org.br\/wp-content\/uploads\/2018\/11\/Culto-evang\u00e9lico-1-940x400.jpg 940w\" sizes=\"(max-width: 620px) 100vw, 620px\" \/><\/a><\/p>\n<p>A maioria das igrejas evang\u00e9licas no Brasil n\u00e3o s\u00e3o apenas casas de culto, pois tamb\u00e9m s\u00e3o focos de atividades pol\u00edticas conservadoras. Antes do primeiro turno no dia 7 de outubro, <a href=\"http:\/\/bit.ly\/2DqWWt8\" target=\"_blank\" rel=\"noopener\">uma pesquisa entre os frequentadores de igreja<\/a> revelou que 46% dos evang\u00e9licos pentecostais (conhecidos por pr\u00e1ticas provocativas e carism\u00e1ticas como o exorcismo e por falar l\u00ednguas desconhecidas) e 38% dos evang\u00e9licos n\u00e3o-pentecostais sabiam que seus pastores apoiavam certo candidato, contra 29% do cat\u00f3licos.\u00a0Quase todos os entrevistados disseram que o candidato endossado era Bolsonaro.<\/p>\n<p>Da oposi\u00e7\u00e3o descarada aos direitos LGBT e do aborto \u00e0 promessa de &#8220;restaurar os valores da fam\u00edlia&#8221;, a agenda social de Bolsonaro se encaixou com a de muitos evang\u00e9licos. Os evang\u00e9licos tamb\u00e9m provaram ser firmes defensores de outros elementos da agenda ultraconservadora de Bolsonaro, n\u00e3o diretamente relacionados \u00e0 teologia crist\u00e3, como as <a href=\"http:\/\/bit.ly\/2PjHN2j\" target=\"_blank\" rel=\"noopener\">promessas de\u00a0limpar os criminosos das ruas<\/a>.<\/p>\n<p>Resumindo, poderia ligar todos os t\u00f3picos abordados nesta mat\u00e9ria para dizer que os perpetradores de not\u00edcias falsas muitas vezes usam a f\u00e9 religiosa para alimentar a histeria antipetista. Rumores deliberadamente falsificados, como a alega\u00e7\u00e3o de que o governo de Haddad ensinaria sexo na escola e incentivaria a homossexualidade entre os alunos, instigaram muitas pessoas, geralmente, com baixa alfabetiza\u00e7\u00e3o digital e recentemente conectadas a smartphones, onde receberam tais mensagens de amigos e parentes, a votar contra Haddad.\u00a0Enquanto noticiava sobre a influ\u00eancia das igrejas nessas elei\u00e7\u00f5es, a <a href=\"https:\/\/bbc.in\/2D43RYV\" target=\"_blank\" rel=\"noopener\">BBC Brasil entrevistou diversos evang\u00e9licos<\/a>\u2014todos citaram esses boatos sobre o Haddad. \u201cOs esquerdistas n\u00e3o defendem os valores da fam\u00edlia tradicional\u201d, disse Celso Eranides, um pastor batista de S\u00e3o Paulo. \u201cN\u00e3o quero que meu filho de 9 anos aprenda sobre sexo na escola.\u201d<\/p>\n<p><a href=\"http:\/\/rioonwatch.org.br\/wp-content\/uploads\/2018\/11\/Marcelo-Crivella-Mangueira-1.jpg\"><img loading=\"lazy\" decoding=\"async\" class=\"aligncenter wp-image-37328 size-content\" title=\"Marcelo Crivella, bispo licenciado da Universal, foi eleito prefeito do Rio de Janeiro em 2016 principalmente por seu apelo dentre o p\u00fablico evang\u00e9lico mais pobre. Foto: Prefeitura do Rio de Janeiro.\" src=\"http:\/\/rioonwatch.org.br\/wp-content\/uploads\/2018\/11\/Marcelo-Crivella-Mangueira-1-620x264.jpg\" alt=\"\" width=\"620\" height=\"264\" srcset=\"https:\/\/rioonwatch.org.br\/wp-content\/uploads\/2018\/11\/Marcelo-Crivella-Mangueira-1-620x264.jpg 620w, https:\/\/rioonwatch.org.br\/wp-content\/uploads\/2018\/11\/Marcelo-Crivella-Mangueira-1-940x400.jpg 940w\" sizes=\"(max-width: 620px) 100vw, 620px\" \/><\/a><\/p>\n<p>Para muitos, a percep\u00e7\u00e3o de valores religiosos em comum e o medo da alternativa s\u00e3o decisivos, mesmo que <a href=\"http:\/\/bit.ly\/2JKZvGD\" target=\"_blank\" rel=\"noopener\">muitos evang\u00e9licos fa\u00e7am parte da classe oper\u00e1ria<\/a> que se beneficiou com os programas sociais do PT. &#8220;Alguns evang\u00e9licos est\u00e3o sendo contaminados pela lavagem cerebral exercida pelos pastores que pregam e disseminam \u00f3dio contra os partidos de esquerda&#8221;, disse Em\u00edlia de Souza, l\u00edder da comunidade do <a href=\"http:\/\/bit.ly\/2w37GqM\" target=\"_blank\" rel=\"noopener\">Horto<\/a>. &#8220;Conseguiram apagar da mem\u00f3ria destas pessoas direitos e avan\u00e7os adquiridos.&#8221;<\/p>\n<!-- AddThis Advanced Settings generic via filter on the_content --><!-- AddThis Share Buttons generic via filter on the_content -->","protected":false},"excerpt":{"rendered":"<div class=\"mh-excerpt\"><p>Click Here for English No dia 28 de outubro, o Brasil elegeu seu pr\u00f3ximo presidente no segundo e \u00faltimo turno das vota\u00e7\u00f5es. O fato do nacionalista de extrema direita\u00a0Jair Bolsonaro\u00a0(PSL) ter chegado t\u00e3o longe e <a class=\"mh-excerpt-more\" href=\"https:\/\/rioonwatch.org.br\/?p=37315\" title=\"Al\u00e9m da Insatisfa\u00e7\u00e3o com o Status Quo: 4 Novas For\u00e7as Alimentando a Extrema Direita no Brasil\">[&#8230;]<\/a><!-- AddThis Advanced Settings generic via filter on get_the_excerpt --><!-- AddThis Share Buttons generic via filter on get_the_excerpt --><\/p>\n<\/div>","protected":false},"author":152,"featured_media":37321,"comment_status":"closed","ping_status":"closed","sticky":false,"template":"","format":"standard","meta":{"_acf_changed":false,"_monsterinsights_skip_tracking":false,"_monsterinsights_sitenote_active":false,"_monsterinsights_sitenote_note":"","_monsterinsights_sitenote_category":0,"footnotes":""},"categories":[1632,1626],"tags":[759,479,474,2541,457,1535,2271,1979,2543,419,2548,2546,2269,379,2531,1840,125,1457,1747],"writer":[2540],"translator":[2376],"source":[],"ilustrador":[],"fotografo":[],"class_list":{"0":"post-37315","1":"post","2":"type-post","3":"status-publish","4":"format-standard","5":"has-post-thumbnail","7":"category-pesquisa-e-analise","8":"category-por-observadores-internacionais","9":"tag-comparacao-internacional","10":"tag-democracia","11":"tag-democracia-participativa","12":"tag-donald-trump","13":"tag-eleicoes","14":"tag-facebook","15":"tag-fake-news","16":"tag-flavio-bolsonaro","17":"tag-haddad","18":"tag-igreja","19":"tag-igreja-catolica","20":"tag-igreja-evangelica","21":"tag-jair-bolsonaro","22":"tag-midia-social","23":"tag-psl","24":"tag-pt","25":"tag-religiao","26":"tag-tecnologia","27":"tag-whatsapp","28":"writer-marc-cho","29":"translator-isabella-fragelli"},"acf":[],"yoast_head":"<!-- This site is optimized with the Yoast SEO plugin v25.6 - https:\/\/yoast.com\/wordpress\/plugins\/seo\/ -->\n<title>Al\u00e9m da Insatisfa\u00e7\u00e3o com o Status Quo: 4 Novas For\u00e7as Alimentando a Extrema Direita no Brasil - RioOnWatch<\/title>\n<meta name=\"robots\" content=\"index, follow, max-snippet:-1, max-image-preview:large, max-video-preview:-1\" \/>\n<link rel=\"canonical\" href=\"https:\/\/rioonwatch.org.br\/?p=37315\" \/>\n<meta property=\"og:locale\" content=\"pt_BR\" \/>\n<meta property=\"og:type\" content=\"article\" \/>\n<meta property=\"og:title\" content=\"Al\u00e9m da Insatisfa\u00e7\u00e3o com o Status Quo: 4 Novas For\u00e7as Alimentando a Extrema Direita no Brasil - RioOnWatch\" \/>\n<meta property=\"og:description\" content=\"Click Here for English No dia 28 de outubro, o Brasil elegeu seu pr\u00f3ximo presidente no segundo e \u00faltimo turno das vota\u00e7\u00f5es. O fato do nacionalista de extrema direita\u00a0Jair Bolsonaro\u00a0(PSL) ter chegado t\u00e3o longe e [...]\" \/>\n<meta property=\"og:url\" content=\"https:\/\/rioonwatch.org.br\/?p=37315\" \/>\n<meta property=\"og:site_name\" content=\"RioOnWatch\" \/>\n<meta property=\"article:published_time\" content=\"2018-11-14T11:06:42+00:00\" \/>\n<meta property=\"article:modified_time\" content=\"2018-11-15T12:43:38+00:00\" \/>\n<meta property=\"og:image\" content=\"https:\/\/rioonwatch.org.br\/wp-content\/uploads\/2018\/11\/Assembleia-de-Deus.-Foto-Adarsenal.jpeg\" \/>\n\t<meta property=\"og:image:width\" content=\"1050\" \/>\n\t<meta property=\"og:image:height\" content=\"525\" \/>\n\t<meta property=\"og:image:type\" content=\"image\/jpeg\" \/>\n<meta name=\"author\" content=\"Luisa Fenizola\" \/>\n<meta name=\"twitter:card\" content=\"summary_large_image\" \/>\n<meta name=\"twitter:label1\" content=\"Escrito por\" \/>\n\t<meta name=\"twitter:data1\" content=\"Luisa Fenizola\" \/>\n\t<meta name=\"twitter:label2\" content=\"Est. tempo de leitura\" \/>\n\t<meta name=\"twitter:data2\" content=\"9 minutos\" \/>\n<script type=\"application\/ld+json\" class=\"yoast-schema-graph\">{\"@context\":\"https:\/\/schema.org\",\"@graph\":[{\"@type\":\"Article\",\"@id\":\"https:\/\/rioonwatch.org.br\/?p=37315#article\",\"isPartOf\":{\"@id\":\"https:\/\/rioonwatch.org.br\/?p=37315\"},\"author\":{\"name\":\"Luisa Fenizola\",\"@id\":\"https:\/\/rioonwatch.org.br\/#\/schema\/person\/f443c6b55bb6e80842280318076491c5\"},\"headline\":\"Al\u00e9m da Insatisfa\u00e7\u00e3o com o Status Quo: 4 Novas For\u00e7as Alimentando a Extrema Direita no Brasil\",\"datePublished\":\"2018-11-14T11:06:42+00:00\",\"dateModified\":\"2018-11-15T12:43:38+00:00\",\"mainEntityOfPage\":{\"@id\":\"https:\/\/rioonwatch.org.br\/?p=37315\"},\"wordCount\":1814,\"publisher\":{\"@id\":\"https:\/\/rioonwatch.org.br\/#organization\"},\"image\":{\"@id\":\"https:\/\/rioonwatch.org.br\/?p=37315#primaryimage\"},\"thumbnailUrl\":\"https:\/\/rioonwatch.org.br\/wp-content\/uploads\/2018\/11\/Assembleia-de-Deus.-Foto-Adarsenal.jpeg\",\"keywords\":[\"compara\u00e7\u00e3o internacional\",\"Democracia\",\"democracia participativa\",\"Donald Trump\",\"Elei\u00e7\u00f5es\",\"Facebook\",\"Fake news\",\"Fl\u00e1vio Bolsonaro\",\"Haddad\",\"igreja\",\"Igreja Cat\u00f3lica\",\"igreja evang\u00e9lica\",\"Jair Bolsonaro\",\"m\u00eddia social\",\"Partido Social Liberal (PSL)\",\"PT\",\"religi\u00e3o\",\"tecnologia\",\"WhatsApp\"],\"articleSection\":[\"Dados e Pesquisa\",\"Escrito por Aliados\"],\"inLanguage\":\"pt-BR\"},{\"@type\":\"WebPage\",\"@id\":\"https:\/\/rioonwatch.org.br\/?p=37315\",\"url\":\"https:\/\/rioonwatch.org.br\/?p=37315\",\"name\":\"Al\u00e9m da Insatisfa\u00e7\u00e3o com o Status Quo: 4 Novas For\u00e7as Alimentando a Extrema Direita no Brasil - RioOnWatch\",\"isPartOf\":{\"@id\":\"https:\/\/rioonwatch.org.br\/#website\"},\"primaryImageOfPage\":{\"@id\":\"https:\/\/rioonwatch.org.br\/?p=37315#primaryimage\"},\"image\":{\"@id\":\"https:\/\/rioonwatch.org.br\/?p=37315#primaryimage\"},\"thumbnailUrl\":\"https:\/\/rioonwatch.org.br\/wp-content\/uploads\/2018\/11\/Assembleia-de-Deus.-Foto-Adarsenal.jpeg\",\"datePublished\":\"2018-11-14T11:06:42+00:00\",\"dateModified\":\"2018-11-15T12:43:38+00:00\",\"breadcrumb\":{\"@id\":\"https:\/\/rioonwatch.org.br\/?p=37315#breadcrumb\"},\"inLanguage\":\"pt-BR\",\"potentialAction\":[{\"@type\":\"ReadAction\",\"target\":[\"https:\/\/rioonwatch.org.br\/?p=37315\"]}]},{\"@type\":\"ImageObject\",\"inLanguage\":\"pt-BR\",\"@id\":\"https:\/\/rioonwatch.org.br\/?p=37315#primaryimage\",\"url\":\"https:\/\/rioonwatch.org.br\/wp-content\/uploads\/2018\/11\/Assembleia-de-Deus.-Foto-Adarsenal.jpeg\",\"contentUrl\":\"https:\/\/rioonwatch.org.br\/wp-content\/uploads\/2018\/11\/Assembleia-de-Deus.-Foto-Adarsenal.jpeg\",\"width\":1050,\"height\":525},{\"@type\":\"BreadcrumbList\",\"@id\":\"https:\/\/rioonwatch.org.br\/?p=37315#breadcrumb\",\"itemListElement\":[{\"@type\":\"ListItem\",\"position\":1,\"name\":\"In\u00edcio\",\"item\":\"https:\/\/rioonwatch.org.br\/\"},{\"@type\":\"ListItem\",\"position\":2,\"name\":\"Al\u00e9m da Insatisfa\u00e7\u00e3o com o Status Quo: 4 Novas For\u00e7as Alimentando a Extrema Direita no Brasil\"}]},{\"@type\":\"WebSite\",\"@id\":\"https:\/\/rioonwatch.org.br\/#website\",\"url\":\"https:\/\/rioonwatch.org.br\/\",\"name\":\"RioOnWatch\",\"description\":\"relatos das favelas cariocas\",\"publisher\":{\"@id\":\"https:\/\/rioonwatch.org.br\/#organization\"},\"potentialAction\":[{\"@type\":\"SearchAction\",\"target\":{\"@type\":\"EntryPoint\",\"urlTemplate\":\"https:\/\/rioonwatch.org.br\/?s={search_term_string}\"},\"query-input\":{\"@type\":\"PropertyValueSpecification\",\"valueRequired\":true,\"valueName\":\"search_term_string\"}}],\"inLanguage\":\"pt-BR\"},{\"@type\":\"Organization\",\"@id\":\"https:\/\/rioonwatch.org.br\/#organization\",\"name\":\"RioOnWatch\",\"url\":\"https:\/\/rioonwatch.org.br\/\",\"logo\":{\"@type\":\"ImageObject\",\"inLanguage\":\"pt-BR\",\"@id\":\"https:\/\/rioonwatch.org.br\/#\/schema\/logo\/image\/\",\"url\":\"https:\/\/rioonwatch.org.br\/wp-content\/uploads\/2021\/06\/RioOnWatchcabecalhoPT11anos-2.png\",\"contentUrl\":\"https:\/\/rioonwatch.org.br\/wp-content\/uploads\/2021\/06\/RioOnWatchcabecalhoPT11anos-2.png\",\"width\":779,\"height\":277,\"caption\":\"RioOnWatch\"},\"image\":{\"@id\":\"https:\/\/rioonwatch.org.br\/#\/schema\/logo\/image\/\"}},{\"@type\":\"Person\",\"@id\":\"https:\/\/rioonwatch.org.br\/#\/schema\/person\/f443c6b55bb6e80842280318076491c5\",\"name\":\"Luisa Fenizola\",\"image\":{\"@type\":\"ImageObject\",\"inLanguage\":\"pt-BR\",\"@id\":\"https:\/\/rioonwatch.org.br\/#\/schema\/person\/image\/\",\"url\":\"https:\/\/secure.gravatar.com\/avatar\/a3d551110162b9f876cbbdaaecf75663?s=96&d=blank&r=g\",\"contentUrl\":\"https:\/\/secure.gravatar.com\/avatar\/a3d551110162b9f876cbbdaaecf75663?s=96&d=blank&r=g\",\"caption\":\"Luisa Fenizola\"},\"url\":\"https:\/\/rioonwatch.org.br\/?author=152\"}]}<\/script>\n<!-- \/ Yoast SEO plugin. -->","yoast_head_json":{"title":"Al\u00e9m da Insatisfa\u00e7\u00e3o com o Status Quo: 4 Novas For\u00e7as Alimentando a Extrema Direita no Brasil - RioOnWatch","robots":{"index":"index","follow":"follow","max-snippet":"max-snippet:-1","max-image-preview":"max-image-preview:large","max-video-preview":"max-video-preview:-1"},"canonical":"https:\/\/rioonwatch.org.br\/?p=37315","og_locale":"pt_BR","og_type":"article","og_title":"Al\u00e9m da Insatisfa\u00e7\u00e3o com o Status Quo: 4 Novas For\u00e7as Alimentando a Extrema Direita no Brasil - RioOnWatch","og_description":"Click Here for English No dia 28 de outubro, o Brasil elegeu seu pr\u00f3ximo presidente no segundo e \u00faltimo turno das vota\u00e7\u00f5es. O fato do nacionalista de extrema direita\u00a0Jair Bolsonaro\u00a0(PSL) ter chegado t\u00e3o longe e [...]","og_url":"https:\/\/rioonwatch.org.br\/?p=37315","og_site_name":"RioOnWatch","article_published_time":"2018-11-14T11:06:42+00:00","article_modified_time":"2018-11-15T12:43:38+00:00","og_image":[{"width":1050,"height":525,"url":"https:\/\/rioonwatch.org.br\/wp-content\/uploads\/2018\/11\/Assembleia-de-Deus.-Foto-Adarsenal.jpeg","type":"image\/jpeg"}],"author":"Luisa Fenizola","twitter_card":"summary_large_image","twitter_misc":{"Escrito por":"Luisa Fenizola","Est. tempo de leitura":"9 minutos"},"schema":{"@context":"https:\/\/schema.org","@graph":[{"@type":"Article","@id":"https:\/\/rioonwatch.org.br\/?p=37315#article","isPartOf":{"@id":"https:\/\/rioonwatch.org.br\/?p=37315"},"author":{"name":"Luisa Fenizola","@id":"https:\/\/rioonwatch.org.br\/#\/schema\/person\/f443c6b55bb6e80842280318076491c5"},"headline":"Al\u00e9m da Insatisfa\u00e7\u00e3o com o Status Quo: 4 Novas For\u00e7as Alimentando a Extrema Direita no Brasil","datePublished":"2018-11-14T11:06:42+00:00","dateModified":"2018-11-15T12:43:38+00:00","mainEntityOfPage":{"@id":"https:\/\/rioonwatch.org.br\/?p=37315"},"wordCount":1814,"publisher":{"@id":"https:\/\/rioonwatch.org.br\/#organization"},"image":{"@id":"https:\/\/rioonwatch.org.br\/?p=37315#primaryimage"},"thumbnailUrl":"https:\/\/rioonwatch.org.br\/wp-content\/uploads\/2018\/11\/Assembleia-de-Deus.-Foto-Adarsenal.jpeg","keywords":["compara\u00e7\u00e3o internacional","Democracia","democracia participativa","Donald Trump","Elei\u00e7\u00f5es","Facebook","Fake news","Fl\u00e1vio Bolsonaro","Haddad","igreja","Igreja Cat\u00f3lica","igreja evang\u00e9lica","Jair Bolsonaro","m\u00eddia social","Partido Social Liberal (PSL)","PT","religi\u00e3o","tecnologia","WhatsApp"],"articleSection":["Dados e Pesquisa","Escrito por Aliados"],"inLanguage":"pt-BR"},{"@type":"WebPage","@id":"https:\/\/rioonwatch.org.br\/?p=37315","url":"https:\/\/rioonwatch.org.br\/?p=37315","name":"Al\u00e9m da Insatisfa\u00e7\u00e3o com o Status Quo: 4 Novas For\u00e7as Alimentando a Extrema Direita no Brasil - RioOnWatch","isPartOf":{"@id":"https:\/\/rioonwatch.org.br\/#website"},"primaryImageOfPage":{"@id":"https:\/\/rioonwatch.org.br\/?p=37315#primaryimage"},"image":{"@id":"https:\/\/rioonwatch.org.br\/?p=37315#primaryimage"},"thumbnailUrl":"https:\/\/rioonwatch.org.br\/wp-content\/uploads\/2018\/11\/Assembleia-de-Deus.-Foto-Adarsenal.jpeg","datePublished":"2018-11-14T11:06:42+00:00","dateModified":"2018-11-15T12:43:38+00:00","breadcrumb":{"@id":"https:\/\/rioonwatch.org.br\/?p=37315#breadcrumb"},"inLanguage":"pt-BR","potentialAction":[{"@type":"ReadAction","target":["https:\/\/rioonwatch.org.br\/?p=37315"]}]},{"@type":"ImageObject","inLanguage":"pt-BR","@id":"https:\/\/rioonwatch.org.br\/?p=37315#primaryimage","url":"https:\/\/rioonwatch.org.br\/wp-content\/uploads\/2018\/11\/Assembleia-de-Deus.-Foto-Adarsenal.jpeg","contentUrl":"https:\/\/rioonwatch.org.br\/wp-content\/uploads\/2018\/11\/Assembleia-de-Deus.-Foto-Adarsenal.jpeg","width":1050,"height":525},{"@type":"BreadcrumbList","@id":"https:\/\/rioonwatch.org.br\/?p=37315#breadcrumb","itemListElement":[{"@type":"ListItem","position":1,"name":"In\u00edcio","item":"https:\/\/rioonwatch.org.br\/"},{"@type":"ListItem","position":2,"name":"Al\u00e9m da Insatisfa\u00e7\u00e3o com o Status Quo: 4 Novas For\u00e7as Alimentando a Extrema Direita no Brasil"}]},{"@type":"WebSite","@id":"https:\/\/rioonwatch.org.br\/#website","url":"https:\/\/rioonwatch.org.br\/","name":"RioOnWatch","description":"relatos das favelas cariocas","publisher":{"@id":"https:\/\/rioonwatch.org.br\/#organization"},"potentialAction":[{"@type":"SearchAction","target":{"@type":"EntryPoint","urlTemplate":"https:\/\/rioonwatch.org.br\/?s={search_term_string}"},"query-input":{"@type":"PropertyValueSpecification","valueRequired":true,"valueName":"search_term_string"}}],"inLanguage":"pt-BR"},{"@type":"Organization","@id":"https:\/\/rioonwatch.org.br\/#organization","name":"RioOnWatch","url":"https:\/\/rioonwatch.org.br\/","logo":{"@type":"ImageObject","inLanguage":"pt-BR","@id":"https:\/\/rioonwatch.org.br\/#\/schema\/logo\/image\/","url":"https:\/\/rioonwatch.org.br\/wp-content\/uploads\/2021\/06\/RioOnWatchcabecalhoPT11anos-2.png","contentUrl":"https:\/\/rioonwatch.org.br\/wp-content\/uploads\/2021\/06\/RioOnWatchcabecalhoPT11anos-2.png","width":779,"height":277,"caption":"RioOnWatch"},"image":{"@id":"https:\/\/rioonwatch.org.br\/#\/schema\/logo\/image\/"}},{"@type":"Person","@id":"https:\/\/rioonwatch.org.br\/#\/schema\/person\/f443c6b55bb6e80842280318076491c5","name":"Luisa Fenizola","image":{"@type":"ImageObject","inLanguage":"pt-BR","@id":"https:\/\/rioonwatch.org.br\/#\/schema\/person\/image\/","url":"https:\/\/secure.gravatar.com\/avatar\/a3d551110162b9f876cbbdaaecf75663?s=96&d=blank&r=g","contentUrl":"https:\/\/secure.gravatar.com\/avatar\/a3d551110162b9f876cbbdaaecf75663?s=96&d=blank&r=g","caption":"Luisa Fenizola"},"url":"https:\/\/rioonwatch.org.br\/?author=152"}]}},"_links":{"self":[{"href":"https:\/\/rioonwatch.org.br\/index.php?rest_route=\/wp\/v2\/posts\/37315"}],"collection":[{"href":"https:\/\/rioonwatch.org.br\/index.php?rest_route=\/wp\/v2\/posts"}],"about":[{"href":"https:\/\/rioonwatch.org.br\/index.php?rest_route=\/wp\/v2\/types\/post"}],"author":[{"embeddable":true,"href":"https:\/\/rioonwatch.org.br\/index.php?rest_route=\/wp\/v2\/users\/152"}],"replies":[{"embeddable":true,"href":"https:\/\/rioonwatch.org.br\/index.php?rest_route=%2Fwp%2Fv2%2Fcomments&post=37315"}],"version-history":[{"count":24,"href":"https:\/\/rioonwatch.org.br\/index.php?rest_route=\/wp\/v2\/posts\/37315\/revisions"}],"predecessor-version":[{"id":37490,"href":"https:\/\/rioonwatch.org.br\/index.php?rest_route=\/wp\/v2\/posts\/37315\/revisions\/37490"}],"wp:featuredmedia":[{"embeddable":true,"href":"https:\/\/rioonwatch.org.br\/index.php?rest_route=\/wp\/v2\/media\/37321"}],"wp:attachment":[{"href":"https:\/\/rioonwatch.org.br\/index.php?rest_route=%2Fwp%2Fv2%2Fmedia&parent=37315"}],"wp:term":[{"taxonomy":"category","embeddable":true,"href":"https:\/\/rioonwatch.org.br\/index.php?rest_route=%2Fwp%2Fv2%2Fcategories&post=37315"},{"taxonomy":"post_tag","embeddable":true,"href":"https:\/\/rioonwatch.org.br\/index.php?rest_route=%2Fwp%2Fv2%2Ftags&post=37315"},{"taxonomy":"writer","embeddable":true,"href":"https:\/\/rioonwatch.org.br\/index.php?rest_route=%2Fwp%2Fv2%2Fwriter&post=37315"},{"taxonomy":"translator","embeddable":true,"href":"https:\/\/rioonwatch.org.br\/index.php?rest_route=%2Fwp%2Fv2%2Ftranslator&post=37315"},{"taxonomy":"source","embeddable":true,"href":"https:\/\/rioonwatch.org.br\/index.php?rest_route=%2Fwp%2Fv2%2Fsource&post=37315"},{"taxonomy":"ilustrador","embeddable":true,"href":"https:\/\/rioonwatch.org.br\/index.php?rest_route=%2Fwp%2Fv2%2Filustrador&post=37315"},{"taxonomy":"fotografo","embeddable":true,"href":"https:\/\/rioonwatch.org.br\/index.php?rest_route=%2Fwp%2Fv2%2Ffotografo&post=37315"}],"curies":[{"name":"wp","href":"https:\/\/api.w.org\/{rel}","templated":true}]}}