{"id":37455,"date":"2018-11-15T09:43:00","date_gmt":"2018-11-15T12:43:00","guid":{"rendered":"http:\/\/rioonwatch.org.br\/?p=37455"},"modified":"2018-12-26T23:19:48","modified_gmt":"2018-12-27T02:19:48","slug":"combatendo-o-deslizamento-com-reciclagem-2o-intercambio-da-rede-favela-sustentavel-visita-os-prazeres","status":"publish","type":"post","link":"https:\/\/rioonwatch.org.br\/?p=37455","title":{"rendered":"Combatendo Deslizamento com Reciclagem: 2\u00ba Interc\u00e2mbio da Rede Favela Sustent\u00e1vel nos Prazeres"},"content":{"rendered":"<p style=\"text-align: right;\"><em><strong><a href=\"http:\/\/bit.ly\/2QZEHNT\" target=\"_blank\" rel=\"noopener noreferrer\">Click Here for English<\/a><a href=\"http:\/\/bit.ly\/2QzhW33\" target=\"_blank\" rel=\"noopener noreferrer\"><img decoding=\"async\" width=\"20\" height=\"20\" class=\"alignright wp-image-15790\" src=\"http:\/\/rioonwatch.org.br\/wp-content\/uploads\/2012\/08\/EN-standard-e1439583104716.jpg\" \/><\/a><\/strong><\/em><\/p>\n<p><em>A\u00a0<a href=\"http:\/\/www.bit.ly\/RFSMapa\" target=\"_blank\" rel=\"noopener\">Rede Favela Sustent\u00e1vel<\/a>\u00a0(RFS) \u00e9 um projeto da\u00a0<a href=\"http:\/\/comcat.org\/\" target=\"_blank\" rel=\"noopener\">Comunidades Catalisadoras<\/a>\u00a0(ComCat)* desenhado para construir redes de solidariedade, dar visibilidade, e desenvolver a\u00e7\u00f5es conjuntas que apoiem a expans\u00e3o de iniciativas comunit\u00e1rias que fortalecem a sustentabilidade ambiental e\u00a0resili\u00eancia social em favelas de toda a regi\u00e3o metropolitana\u00a0do Rio de Janeiro. O projeto come\u00e7ou em 2012 com a produ\u00e7\u00e3o do filme\u00a0<a href=\"http:\/\/bit.ly\/FavelaModelo\" target=\"_blank\" rel=\"noopener\">Favela como Modelo Sustent\u00e1vel<\/a>. Em 2017 foram\u00a0<a href=\"http:\/\/www.bit.ly\/RFSMapa\" target=\"_blank\" rel=\"noopener\">mapeadas 111 iniciativas sustent\u00e1veis<\/a>\u00a0e foi publicado um\u00a0<a href=\"http:\/\/bit.ly\/RFSRelatorio\" target=\"_blank\" rel=\"noopener\">relat\u00f3rio final<\/a>\u00a0que analisa o processo do mapeamento de 2017.\u00a0<\/em><\/p>\n<p><em>Em 2018 o projeto realizou uma\u00a0<a href=\"http:\/\/bit.ly\/IntercambiosRFS\" target=\"_blank\" rel=\"noopener\">s\u00e9rie de interc\u00e2mbios extensivos<\/a>\u00a0entre oito das mais duradouras e estabelecidas iniciativas mapeadas, que culminou em um\u00a0<a href=\"http:\/\/comcat.org\/rfs-lancamento\/\" target=\"_blank\" rel=\"noopener\">interc\u00e2mbio intensivo com todas as 111 iniciativas em 10 de novembro<\/a>. Entre as oito est\u00e3o seis organiza\u00e7\u00f5es comunit\u00e1rias: a\u00a0<a href=\"http:\/\/bit.ly\/1qm7REb\" target=\"_blank\" rel=\"noopener\">Cooperativa Vale Encantado<\/a>\u00a0no\u00a0<a href=\"http:\/\/bit.ly\/2nysjZt\" target=\"_blank\" rel=\"noopener\">Alto da Boa Vista<\/a>,\u00a0<a href=\"http:\/\/bit.ly\/2LTiq6B\" target=\"_blank\" rel=\"noopener\">Ecco Vida<\/a>\u00a0em\u00a0<a href=\"http:\/\/bit.ly\/2CYWZfe\" target=\"_blank\" rel=\"noopener\">Hon\u00f3rio Gurgel<\/a>,\u00a0<a href=\"http:\/\/bit.ly\/2xNNoER\" target=\"_blank\" rel=\"noopener\">Verdejar<\/a>\u00a0no\u00a0<a href=\"http:\/\/bit.ly\/2eS3YYJ\" target=\"_blank\" rel=\"noopener\">Engenho da Rainha<\/a>\u00a0e\u00a0<a href=\"http:\/\/bit.ly\/U0MiGm\" target=\"_blank\" rel=\"noopener\">Complexo do Alem\u00e3o<\/a>,\u00a0<a href=\"http:\/\/bit.ly\/29HflyR\" target=\"_blank\" rel=\"noopener\">Quilombo do Camorim<\/a>\u00a0em\u00a0<a href=\"http:\/\/bit.ly\/1HgPTzq\" target=\"_blank\" rel=\"noopener\">Jacarepagu\u00e1<\/a>,\u00a0<a href=\"http:\/\/bit.ly\/2gLgo9U\" target=\"_blank\" rel=\"noopener\">ReciclA\u00e7\u00e3o<\/a>\u00a0no\u00a0<a href=\"http:\/\/bit.ly\/1eAan7M\" target=\"_blank\" rel=\"noopener\">Morro dos Prazeres<\/a>, e a\u00a0<a href=\"http:\/\/bit.ly\/1I91GKZ\" target=\"_blank\" rel=\"noopener\">Eco Rede do Alfazendo<\/a>\u00a0na\u00a0<a href=\"http:\/\/bit.ly\/10BzE4e\" target=\"_blank\" rel=\"noopener\">Cidade de Deus<\/a>. Os interc\u00e2mbios tamb\u00e9m inclu\u00edram a visita a duas iniciativas com foco al\u00e9m das favelas, sendo elas a\u00a0<a href=\"http:\/\/bit.ly\/2dkIxmM\" target=\"_blank\" rel=\"noopener\">Onda Verde<\/a>\u00a0em\u00a0<a href=\"http:\/\/bit.ly\/1xgiXjq\" target=\"_blank\" rel=\"noopener\">Nova Igua\u00e7u<\/a>\u00a0e o\u00a0<a href=\"http:\/\/bit.ly\/2yiVC7W\" target=\"_blank\" rel=\"noopener\">Ecomuseu de Sepetiba<\/a>. Os interc\u00e2mbios t\u00eam apoio da\u00a0<a href=\"http:\/\/bit.ly\/1jCIAqW\" target=\"_blank\" rel=\"noopener\">Funda\u00e7\u00e3o Heinrich B\u00f6ll Brasil<\/a>.\u00a0<\/em><\/p>\n<p><em><a href=\"http:\/\/bit.ly\/IntercambiosRFS\" target=\"_blank\" rel=\"noopener\">Os interc\u00e2mbios<\/a>\u00a0t\u00eam a inten\u00e7\u00e3o de conectar diversos projetos de base comunit\u00e1ria que trabalham em quest\u00f5es s\u00f3cio-ambientais, apoiar o compartilhamento de conhecimento de experi\u00eancias entre os membros dos projetos, e identificar novas oportunidades conjuntas para promover sustentabilidade nas favelas do Rio. As extensas visitas foram realizadas aos s\u00e1bados durante os meses de setembro e outubro e culminaram em um\u00a0<a href=\"http:\/\/comcat.org\/rfs-lancamento\/\" target=\"_blank\" rel=\"noopener\">evento aberto a todas as 111 iniciativas mapeadas pela RFS no dia 10 de novembro<\/a>.\u00a0<\/em><\/p>\n<hr \/>\n<h3><b><span lang=\"PT\">A Tarde do Segundo Interc\u00e2mbio: ReciclA\u00e7\u00e3o, Morro dos Prazeres<\/span><\/b><\/h3>\n<p><a href=\"http:\/\/rioonwatch.org.br\/wp-content\/uploads\/2018\/11\/ReciclAcao.jpg\"><img fetchpriority=\"high\" decoding=\"async\" class=\"wp-image-37463 alignright\" title=\"Um trabalho de fim de semana t\u00edpico do ReciclA\u00e7\u00e3o. \" src=\"http:\/\/rioonwatch.org.br\/wp-content\/uploads\/2018\/11\/ReciclAcao.jpg\" alt=\"\" width=\"350\" height=\"623\" srcset=\"https:\/\/rioonwatch.org.br\/wp-content\/uploads\/2018\/11\/ReciclAcao.jpg 843w, https:\/\/rioonwatch.org.br\/wp-content\/uploads\/2018\/11\/ReciclAcao-148x264.jpg 148w, https:\/\/rioonwatch.org.br\/wp-content\/uploads\/2018\/11\/ReciclAcao-348x620.jpg 348w, https:\/\/rioonwatch.org.br\/wp-content\/uploads\/2018\/11\/ReciclAcao-768x1367.jpg 768w, https:\/\/rioonwatch.org.br\/wp-content\/uploads\/2018\/11\/ReciclAcao-575x1024.jpg 575w\" sizes=\"(max-width: 350px) 100vw, 350px\" \/><\/a>No dia 8 de setembro, o segundo interc\u00e2mbio da Rede Favela Sustent\u00e1vel (RFS) continuou a tarde no <a href=\"http:\/\/bit.ly\/2Tf3BeC\" target=\"_blank\" rel=\"noopener\">Morro dos Prazeres<\/a>\u2014comunidade localizada no alto de <a href=\"http:\/\/bit.ly\/2zSL7aO\" target=\"_blank\" rel=\"noopener\">Santa Teresa<\/a>, na regi\u00e3o central do Rio. Embora geograficamente e demograficamente distinta do <a href=\"http:\/\/bit.ly\/1IJxsBN\" target=\"_blank\" rel=\"noopener\">Vale Encantado<\/a>, que <a href=\"http:\/\/bit.ly\/2DsZarI\" target=\"_blank\" rel=\"noopener\">recebeu a visita na parte da manh\u00e3<\/a>, ambas as comunidades t\u00eam rela\u00e7\u00f5es \u00fanicas entre o meio ambiente e as hist\u00f3rias de amea\u00e7as de remo\u00e7\u00e3o e de resist\u00eancia criativa. Tanto o Vale Encantado quanto os Prazeres abrigam ativistas comunit\u00e1rios que trabalham para <a href=\"http:\/\/bit.ly\/2d30Pnn\" target=\"_blank\" rel=\"noopener\">combater a estigmatiza\u00e7\u00e3o das favelas como insustent\u00e1veis<\/a>, mostrando que muitos dos seus moradores s\u00e3o agentes de prote\u00e7\u00e3o e conscientiza\u00e7\u00e3o ambiental e que as favelas podem, de fato, serem vistas como <a href=\"http:\/\/bit.ly\/1ohZA0h\" target=\"_blank\" rel=\"noopener\">modelos de sustentabilidade<\/a>.<\/p>\n<p>Ao chegar nos Prazeres, o grupo da RFS visitou um ecoponto administrado pela organiza\u00e7\u00e3o comunit\u00e1ria <a href=\"http:\/\/bit.ly\/2gLgo9U\" target=\"_blank\" rel=\"noopener\">ReciclA\u00e7\u00e3o<\/a>. Os ecopontos, distribu\u00eddos por toda a comunidade, coletam entre 1 e 1,5 tonelada de material recicl\u00e1vel por m\u00eas e s\u00e3o parte do trabalho do ReciclA\u00e7\u00e3o para proteger o meio ambiente e a sa\u00fade dos moradores nos Prazeres. Al\u00e9m de coletar materiais recicl\u00e1veis, o ReciclA\u00e7\u00e3o promove educa\u00e7\u00e3o ambiental nas escolas e passeios pela natureza na comunidade. Em seus cinco anos de exist\u00eancia, a organiza\u00e7\u00e3o coletou 84 toneladas de materiais recicl\u00e1veis (via ecopontos), realizou 180 caf\u00e9s da manh\u00e3 comunit\u00e1rios, 45 mutir\u00f5es de limpeza e 250 oficinas sobre reutiliza\u00e7\u00e3o de res\u00edduos. O trabalho do ReciclA\u00e7\u00e3o se expandiu e tamb\u00e9m coletou mais de 2.600 litros de \u00f3leo usados evitando que o \u00f3leo se solidificasse e entrasse no sistema de esgoto.<\/p>\n<h3><b><span lang=\"PT\">Construindo Resili\u00eancia a Partir da Trag\u00e9dia<\/span><\/b><\/h3>\n<p>A cria\u00e7\u00e3o do ReciclA\u00e7\u00e3o foi inspirada por uma trag\u00e9dia: em 2010, fortes chuvas que <a href=\"http:\/\/bit.ly\/1jn5t06\" target=\"_blank\" rel=\"noopener\">afetaram favelas por todo o Rio<\/a> causaram um deslizamento de terra em uma encosta coberta de lixo, por d\u00e9cadas, nos Prazeres. Mais de trinta pessoas foram mortas e 355 fam\u00edlias ficaram desabrigadas. O desastre for\u00e7ou os moradores a reavaliarem sua rela\u00e7\u00e3o com o gerenciamento de res\u00edduos. Nas palavras da fundadora e mobilizadora do ReciclA\u00e7\u00e3o, <a href=\"https:\/\/glo.bo\/2nfYBYl\" target=\"_blank\" rel=\"noopener\">Cris dos Prazeres<\/a>: \u201cFoi um momento tr\u00e1gico. E [isso me fez] pensar e me repensar, como uma ativista local&#8230; como nesse momento se conecta a rede\u2026 Foi um momento em que a gente viu que o ser humano consegue ser solid\u00e1rio, principalmente na hora da dor&#8221;.<\/p>\n<p><a href=\"http:\/\/rioonwatch.org.br\/wp-content\/uploads\/2018\/11\/Prazeres-view.jpg\"><img decoding=\"async\" class=\"aligncenter wp-image-37466 size-content\" title=\"A vista dos Prazeres, com vista para Santa Teresa e o Centro do Rio.\" src=\"http:\/\/rioonwatch.org.br\/wp-content\/uploads\/2018\/11\/Prazeres-view-620x264.jpg\" alt=\"\" width=\"620\" height=\"264\" srcset=\"https:\/\/rioonwatch.org.br\/wp-content\/uploads\/2018\/11\/Prazeres-view-620x264.jpg 620w, https:\/\/rioonwatch.org.br\/wp-content\/uploads\/2018\/11\/Prazeres-view-940x400.jpg 940w\" sizes=\"(max-width: 620px) 100vw, 620px\" \/><\/a><\/p>\n<p>O ReciclA\u00e7\u00e3o emergiu de uma organiza\u00e7\u00e3o comunit\u00e1ria existente, o Grupo PROA (<a href=\"http:\/\/bit.ly\/2yjrCdh\" target=\"_blank\" rel=\"noopener\">Preven\u00e7\u00e3o Realizada com a Organiza\u00e7\u00e3o e Amor<\/a>), que tem trabalhado para solucionar problemas de sa\u00fade p\u00fablica na comunidade desde 1998. O Grupo PROA j\u00e1 realizava limpezas comunit\u00e1rias e divulgava informa\u00e7\u00f5es sobre doen\u00e7as transmitidas por mosquitos, por\u00e9m a organiza\u00e7\u00e3o n\u00e3o havia trabalhado ativamente em quest\u00f5es ambientais at\u00e9 ap\u00f3s o deslizamento de terra de 2010, quando desenvolveu um projeto de mapeamento comunit\u00e1rio em parceria com o <a href=\"http:\/\/bit.ly\/2iygvGq\" target=\"_blank\" rel=\"noopener\">Centro para a Promo\u00e7\u00e3o da Sa\u00fade<\/a> (CEDAPS); o <a href=\"https:\/\/uni.cf\/2K34Jxq\" target=\"_blank\" rel=\"noopener\">Fundo das Na\u00e7\u00f5es Unidas para a Inf\u00e2ncia<\/a> (UNICEF); e o <a href=\"http:\/\/bit.ly\/2ySeUzU\" target=\"_blank\" rel=\"noopener\">Instituto de Tecnologia de Massachusetts<\/a> (MIT). Liderado por um grupo de jovens locais, o exerc\u00edcio de mapeamento confirmou a necessidade de educa\u00e7\u00e3o ambiental e treinamento em torno de resposta a desastres naturais e estrat\u00e9gias de preven\u00e7\u00e3o nos Prazeres.<\/p>\n<p><a href=\"http:\/\/rioonwatch.org.br\/wp-content\/uploads\/2018\/11\/Prazeres.jpg\"><img loading=\"lazy\" decoding=\"async\" class=\"wp-image-37469 size-content aligncenter\" title=\"Casas de uma quadra ao longo do caminho do grafite nos Prazeres.\" src=\"http:\/\/rioonwatch.org.br\/wp-content\/uploads\/2018\/11\/Prazeres-620x264.jpg\" alt=\"\" width=\"620\" height=\"264\" srcset=\"https:\/\/rioonwatch.org.br\/wp-content\/uploads\/2018\/11\/Prazeres-620x264.jpg 620w, https:\/\/rioonwatch.org.br\/wp-content\/uploads\/2018\/11\/Prazeres-940x400.jpg 940w\" sizes=\"(max-width: 620px) 100vw, 620px\" \/><\/a><\/p>\n<p>O ReciclA\u00e7\u00e3o foi formado em resposta a essa necessidade em 2013 como um projeto que n\u00e3o s\u00f3 trabalha para proteger o meio ambiente, mas na promo\u00e7\u00e3o de di\u00e1logos sobre sa\u00fade, educa\u00e7\u00e3o, assist\u00eancia social e quest\u00f5es ambientais nos Prazeres. Descrevendo o desenvolvimento inicial da organiza\u00e7\u00e3o, Cris explicou que sua equipe come\u00e7ou a pedir doa\u00e7\u00f5es para as empresas \u201cdepois do mapeamento, depois de problematizar tudo\u201d. Uma empresa concordou com um projeto piloto, denominado ReciclA\u00e7\u00e3o. Cris descreveu o trabalho atual do ReciclA\u00e7\u00e3o como abrangendo \u201cuma plataforma gigante, que \u00e9 educa\u00e7\u00e3o e sa\u00fade para a promo\u00e7\u00e3o do meio ambiente&#8221;.<\/p>\n<h3><b><span lang=\"PT\">A For\u00e7a das Redes Locais ao Resistir a Amea\u00e7as de Remo\u00e7\u00e3o<\/span><\/b><\/h3>\n<p>O desastre natural n\u00e3o foi a \u00fanica amea\u00e7a que os moradores dos Prazeres enfrentaram em 2010. Como Cris recordou, &#8220;No dia seguinte [ap\u00f3s o deslizamento], \u00e0s seis da manh\u00e3, a gente teve nosso <a href=\"https:\/\/glo.bo\/2yQlSFz\" target=\"_blank\" rel=\"noopener\">prefeito l\u00e1\u00a0dizendo<\/a> que vai &#8216;remover o Morro dos Prazeres'&#8221;. Percebendo que precisavam de ferramentas e apoio profissional para mobilizar sua rede e se defender contra a amea\u00e7a de remo\u00e7\u00e3o, Cris explicou: \u201cEm uma semana a gente fez um levantamento dessa favela como ningu\u00e9m, porque a gente tinha rede. Porque a gente tinha um grupo de volunt\u00e1rios do local\u2026 Naquele momento, a gente viu que de fato, todo o projeto do PROA tinha muito sentido. Porque naquele momento, a gente j\u00e1 tinha engajamento da comunidade, [j\u00e1] tinha a solidariedade de todos os moradores&#8221;.<\/p>\n<p><a href=\"http:\/\/rioonwatch.org.br\/wp-content\/uploads\/2018\/11\/Cris-dos-Prazeres-.jpg\"><img loading=\"lazy\" decoding=\"async\" class=\"aligncenter wp-image-37471 size-medium\" title=\"Cris apresenta o trabalho do ReciclA\u00e7\u00e3o ao grupo da Rede Favela Sustent\u00e1vel.\" src=\"http:\/\/rioonwatch.org.br\/wp-content\/uploads\/2018\/11\/Cris-dos-Prazeres--620x355.jpg\" alt=\"\" width=\"620\" height=\"355\" srcset=\"https:\/\/rioonwatch.org.br\/wp-content\/uploads\/2018\/11\/Cris-dos-Prazeres--620x355.jpg 620w, https:\/\/rioonwatch.org.br\/wp-content\/uploads\/2018\/11\/Cris-dos-Prazeres--462x264.jpg 462w, https:\/\/rioonwatch.org.br\/wp-content\/uploads\/2018\/11\/Cris-dos-Prazeres--768x439.jpg 768w, https:\/\/rioonwatch.org.br\/wp-content\/uploads\/2018\/11\/Cris-dos-Prazeres--1024x586.jpg 1024w, https:\/\/rioonwatch.org.br\/wp-content\/uploads\/2018\/11\/Cris-dos-Prazeres-.jpg 1500w\" sizes=\"(max-width: 620px) 100vw, 620px\" \/><\/a><\/p>\n<p>Para lutar contra a amea\u00e7a de remo\u00e7\u00e3o, ativistas comunit\u00e1rios recorreram \u00e0s institui\u00e7\u00f5es que fornecem apoio legal para garantir o direito das comunidades de permanecerem em suas terras, incluindo o <a href=\"http:\/\/bit.ly\/2zPCgW3\" target=\"_blank\" rel=\"noopener\">N\u00facleo de Terras e Habita\u00e7\u00e3o (NUTH)<\/a> da Defensoria P\u00fablica e a <a href=\"http:\/\/bit.ly\/2My7N57\" target=\"_blank\" rel=\"noopener\">Pastoral de Favelas<\/a> da Igreja Cat\u00f3lica. Como Cris relatou, toda a comunidade se uniu: &#8220;Quando a gente de fato tem necessidade de se unir, a gente se une&#8221;.<\/p>\n<p>Segundo a defensora p\u00fablica Maria L\u00facia de Pontes, que participou do interc\u00e2mbio da RFS, a linguagem utilizada pelo governo no esfor\u00e7o de remover foi um \u201cdiscurso realmente muito forte pra calar a comunidade\u201d. Maria L\u00facia explicou que autoridades do governo citaram as mortes de moradores de favelas resultantes do desastre como motivo para remover. Ela chamou a l\u00f3gica do governo de &#8220;cruel&#8221;, j\u00e1 que os moradores que n\u00e3o concordaram com o reassentamento foram culpados pelas mortes dos vizinhos.<\/p>\n<p><a href=\"http:\/\/rioonwatch.org.br\/wp-content\/uploads\/2018\/11\/grupo-rfs.jpg\"><img loading=\"lazy\" decoding=\"async\" class=\"aligncenter wp-image-37474 size-content\" title=\"Membros da Rede Favela Sustent\u00e1vel ouvem e fazem perguntas.\" src=\"http:\/\/rioonwatch.org.br\/wp-content\/uploads\/2018\/11\/grupo-rfs-620x264.jpg\" alt=\"\" width=\"620\" height=\"264\" srcset=\"https:\/\/rioonwatch.org.br\/wp-content\/uploads\/2018\/11\/grupo-rfs-620x264.jpg 620w, https:\/\/rioonwatch.org.br\/wp-content\/uploads\/2018\/11\/grupo-rfs-940x400.jpg 940w\" sizes=\"(max-width: 620px) 100vw, 620px\" \/><\/a><\/p>\n<p>Maria L\u00facia explicou ao grupo que a combina\u00e7\u00e3o dos esfor\u00e7os de mobiliza\u00e7\u00e3o dos moradores e a colabora\u00e7\u00e3o com pesquisadores acad\u00eamicos e profissionais externos foi importante para refutar a alega\u00e7\u00e3o do governo de que a remo\u00e7\u00e3o era o \u00fanico meio de promover prote\u00e7\u00e3o contra o risco ambiental. \u201cO mais importante de tudo foi essa mobiliza\u00e7\u00e3o\u201d, disse Maria L\u00facia. \u201cA gente fez grandes assembleias aqui. Levantamos muitos projetos, e muitos processos de discuss\u00e3o interna. E, no final das contas, a gente n\u00e3o entrou com nenhuma medida judicial [para defender a comunidade]&#8221;. O ativismo dos moradores, refor\u00e7ado pela grande rede de apoiadores dos Prazeres, trabalhou com sucesso para combater a narrativa do governo em torno da remo\u00e7\u00e3o dos Prazeres: &#8220;Foi todo esse trabalho que gerou a resist\u00eancia&#8221;, disse Maria L\u00facia.<\/p>\n<h3><b>Desafiando as Expectativas com Tecnologias Locais<\/b><\/h3>\n<p>Ao recontar os est\u00e1gios iniciais do desenvolvimento do ReciclA\u00e7\u00e3o, Cris descreveu quantas pessoas n\u00e3o acreditavam que o grupo teria sucesso: \u201cEles diziam: &#8216;Voc\u00eas est\u00e3o loucos. Isso n\u00e3o d\u00e1 certo. Morador de favela, parando pra olhar para lixo? Separando lixo? Fazendo coleta seletiva? Voc\u00eas est\u00e3o sonhando&#8217;\u201d. No entanto, Cris explicou que aqueles que n\u00e3o moram nas favelas e n\u00e3o est\u00e3o familiarizados com a realidade das favelas n\u00e3o entendem o que os moradores s\u00e3o capazes de realizar. Enquanto \u201ca favela \u00e9 sin\u00f4nimo de n\u00e3o ter controle, de n\u00e3o ter regras\u201d no imagin\u00e1rio popular, Cris explicou, que &#8220;quando a gente olha a favela, a gente encontra um lugar que \u00e9 de fato um lugar de resili\u00eancia&#8221;.<\/p>\n<p>Quando questionada sobre suas qualifica\u00e7\u00f5es acad\u00eamicas, Cris diz \u00e0s pessoas que ela tem &#8220;doutorado na rua&#8230; A minha sabedoria, voc\u00ea nunca vai aprender numa universidade. Nunca&#8230; a gente tamb\u00e9m fica preso a esse modelo [de conhecimento] que a gente tem nessa sociedade. A gente precisa se desprender, tamb\u00e9m a valorizar o nosso conhecimento, e buscar o conhecimento dos outros&#8221;. Nos \u00faltimos cinco anos, o ReciclA\u00e7\u00e3o desenvolveu tecnologias sociais locais, come\u00e7ando com reuni\u00f5es participativas, como o caf\u00e9 da manh\u00e3, e abrindo espa\u00e7o para que os membros da comunidade discutissem quest\u00f5es ambientais. Para Cris, a educa\u00e7\u00e3o \u00e9 \u201ca chave que gira um modelo de consci\u00eancia\u201d. Deste modo, os volunt\u00e1rios visitam escolas para conversar com estudantes e igrejas para falar com l\u00edderes religiosos.<\/p>\n<p><a href=\"http:\/\/rioonwatch.org.br\/wp-content\/uploads\/2018\/11\/Horta.jpg\"><img loading=\"lazy\" decoding=\"async\" class=\"aligncenter wp-image-37476 size-content\" title=\"Horta comunit\u00e1ria em Morro dos Prazeres\" src=\"http:\/\/rioonwatch.org.br\/wp-content\/uploads\/2018\/11\/Horta-620x264.jpg\" alt=\"\" width=\"620\" height=\"264\" srcset=\"https:\/\/rioonwatch.org.br\/wp-content\/uploads\/2018\/11\/Horta-620x264.jpg 620w, https:\/\/rioonwatch.org.br\/wp-content\/uploads\/2018\/11\/Horta-940x400.jpg 940w\" sizes=\"(max-width: 620px) 100vw, 620px\" \/><\/a><\/p>\n<p>Sem conhecer pessoalmente todos os moradores dos Prazeres, Cris quer que todos saibam e sintam que fazem parte do trabalho do ReciclA\u00e7\u00e3o. Quando os moradores se apropriam de um projeto, eles se tornam menos preocupados com o que podem ganhar e mais preocupados com a melhoria da comunidade. Cris v\u00ea especialmente esse processo de transforma\u00e7\u00e3o durante os <a href=\"http:\/\/bit.ly\/P5Qw38\" target=\"_blank\" rel=\"noopener\">mutir\u00f5es<\/a><em>\u2014<\/em>como as limpezas comunit\u00e1rias. Descrevendo um evento de limpeza<em>\u2014<\/em>em que cem moradores coletaram quarenta toneladas de lixo em apenas um dia<em>\u2014<\/em>Cris disse: \u201cA gente come\u00e7ou a perceber que o mutir\u00e3o daria um olhar diferenciado. Fazer um mutir\u00e3o onde as pessoas n\u00e3o ganham dinheiro, \u00e9 incr\u00edvel\u2026 E o nosso discurso sempre foi, \u2018Voc\u00ea vai ganhar uma comunidade maneira'&#8221;.<\/p>\n<p>As tecnologias locais do ReciclA\u00e7\u00e3o ganharam reconhecimento fora dos Prazeres: em 2014, a equipe trabalhou com uma rede nos Estados Unidos para desenvolver um manual baseado em sua metodologia e, em 2015, a organiza\u00e7\u00e3o foi certificada pela <a href=\"http:\/\/bit.ly\/2qNlnIB\" target=\"_blank\" rel=\"noopener\">Funda\u00e7\u00e3o Banco do Brasil<\/a> e foi inclu\u00edda no <a href=\"http:\/\/bit.ly\/2S8pLi6\" target=\"_blank\" rel=\"noopener\">Banco de Tecnologias Sociais<\/a>\u00a0(BTS).<\/p>\n<p><a href=\"http:\/\/rioonwatch.org.br\/wp-content\/uploads\/2018\/11\/Eco-bags.jpg\"><img loading=\"lazy\" decoding=\"async\" class=\"aligncenter wp-image-37478 size-content\" title=\"Ecobags do ReciclA\u00e7\u00e3o recheados com recicl\u00e1veis selecionados.\" src=\"http:\/\/rioonwatch.org.br\/wp-content\/uploads\/2018\/11\/Eco-bags-620x264.jpg\" alt=\"\" width=\"620\" height=\"264\" srcset=\"https:\/\/rioonwatch.org.br\/wp-content\/uploads\/2018\/11\/Eco-bags-620x264.jpg 620w, https:\/\/rioonwatch.org.br\/wp-content\/uploads\/2018\/11\/Eco-bags-940x400.jpg 940w\" sizes=\"(max-width: 620px) 100vw, 620px\" \/><\/a><\/p>\n<p>Ao longo da cria\u00e7\u00e3o e do desenvolvimento do ReciclA\u00e7\u00e3o, Cris enfatizou a import\u00e2ncia de fomentar uma rede comunit\u00e1ria capaz de mobilizar apoio externo quando necess\u00e1rio. Cris acredita que a Rede Favela Sustent\u00e1vel desempenha um papel crucial nesse sistema. Em suas palavras, \u201credes t\u00eam for\u00e7a\u201d. A ReciclA\u00e7\u00e3o est\u00e1 atualmente em um momento de transi\u00e7\u00e3o para se reestruturar como uma ONG: Cris descreveu como um momento \u201cde se rever, de se reorganizar, de buscar se estruturar melhor, de se profissionalizar&#8221;. Descrevendo como a RFS pode apoiar melhor o trabalho do ReciclA\u00e7\u00e3o, Cris disse: &#8220;A\u00a0maior ajuda que o grupo pode me dar \u00e9 compartilhar informa\u00e7\u00f5es; eu acho que estou vendo ideias\u2014ideias novas&#8230; Eu acho que j\u00e1 aprendi muito com <a href=\"http:\/\/bit.ly\/IntercambiosRFS\" target=\"_blank\" rel=\"noopener\">essas visitas<\/a>; foram visitas que realmente me ensinaram muito j\u00e1\u2026 \u00e9 uma experi\u00eancia enriquecedora&#8221;. Descrevendo a variedade de projetos e localiza\u00e7\u00f5es das comunidades dentro da Rede Favela Sustent\u00e1vel, Cris explicou que aprender sobre os processos e metodologias que unem esses projetos \u00e9 uma parte importante: \u201c\u00c9 uma troca de experi\u00eancias, de percep\u00e7\u00f5es, de realidades\u2026 Essa rede \u00e9 fundamental para essa troca&#8221;.<\/p>\n<p style=\"font-weight: 400;\">Depois de uma tarde de aprendizado sobre o trabalho do ReciclA\u00e7\u00e3o para unir a comunidade dos Prazeres em nome da sustentabilidade, os membros da Rede Favela Sustent\u00e1vel encerraram o dia em reflex\u00e3o. Unindo os bra\u00e7os em um c\u00edrculo bem fechado, cada participante compartilhou uma palavra que representa o que eles levaram da troca: \u201cViv\u00eancia. Encontro. Amor. A\u00e7\u00e3o. Esperan\u00e7a. Sorriso. Inspira\u00e7\u00e3o. Energia. Carinho. Maravilhoso, lindo. Troca. Reciclagem. Experi\u00eancia. Aprendendo&#8221;.<\/p>\n<h3>Leia sobre todos os\u00a0<a href=\"http:\/\/bit.ly\/IntercambiosRFS\" target=\"_blank\" rel=\"noopener\">interc\u00e2mbios da Rede Favela Sustent\u00e1vel aqui<\/a>.<\/h3>\n<p>*<em>RioOnWatch<\/em>\u00a0\u00e9 um projeto da ONG Comunidades Catalisadoras.<\/p>\n<!-- AddThis Advanced Settings generic via filter on the_content --><!-- AddThis Share Buttons generic via filter on the_content -->","protected":false},"excerpt":{"rendered":"<div class=\"mh-excerpt\"><p>Click Here for English A\u00a0Rede Favela Sustent\u00e1vel\u00a0(RFS) \u00e9 um projeto da\u00a0Comunidades Catalisadoras\u00a0(ComCat)* desenhado para construir redes de solidariedade, dar visibilidade, e desenvolver a\u00e7\u00f5es conjuntas que apoiem a expans\u00e3o de iniciativas comunit\u00e1rias que fortalecem a sustentabilidade <a class=\"mh-excerpt-more\" href=\"https:\/\/rioonwatch.org.br\/?p=37455\" title=\"Combatendo Deslizamento com Reciclagem: 2\u00ba Interc\u00e2mbio da Rede Favela Sustent\u00e1vel nos Prazeres\">[&#8230;]<\/a><!-- AddThis Advanced Settings generic via filter on get_the_excerpt --><!-- AddThis Share Buttons generic via filter on get_the_excerpt --><\/p>\n<\/div>","protected":false},"author":129,"featured_media":37459,"comment_status":"closed","ping_status":"closed","sticky":false,"template":"","format":"standard","meta":{"_acf_changed":false,"_monsterinsights_skip_tracking":false,"_monsterinsights_sitenote_active":false,"_monsterinsights_sitenote_note":"","_monsterinsights_sitenote_category":0,"footnotes":""},"categories":[1621,1627,1626,1616,342,1639],"tags":[911,2553,1917,90,316,363,1096,1554,106,44,276,2216,361,2245,1966,427,35,2549,1347,476,404],"writer":[2370],"translator":[2377],"source":[],"ilustrador":[],"fotografo":[],"class_list":{"0":"post-37455","1":"post","2":"type-post","3":"status-publish","4":"format-standard","5":"has-post-thumbnail","7":"category-destaque","8":"category-relato-de-evento","9":"category-por-observadores-internacionais","10":"category-qualidades-da-favela","11":"category-solucoes","12":"category-sustentabilidade","13":"tag-area-de-risco","14":"tag-coleta-de-lixo","15":"tag-comunidade-x-academia","16":"tag-defensoria-publica","17":"tag-educacao","18":"tag-educacao-ambiental","19":"tag-favela-como-modelo-sustentavel","20":"tag-gestao-de-residuos","21":"tag-meio-ambiente","22":"tag-prazeres","23":"tag-mutirao","24":"tag-nuth","25":"tag-reciclagem","26":"tag-redes","27":"tag-resiliencia","28":"tag-risco-de-deslizamento","29":"tag-santa-teresa","30":"tag-serie-intercambios-da-rfs","31":"tag-solucao","32":"tag-solucao-comunitaria","33":"tag-sustentabilidade","34":"writer-jessica-depies","35":"translator-camila-moraes"},"acf":[],"yoast_head":"<!-- This site is optimized with the Yoast SEO plugin v25.6 - https:\/\/yoast.com\/wordpress\/plugins\/seo\/ -->\n<title>Combatendo Deslizamento com Reciclagem: 2\u00ba Interc\u00e2mbio da Rede Favela Sustent\u00e1vel nos Prazeres - RioOnWatch<\/title>\n<meta name=\"robots\" content=\"index, follow, max-snippet:-1, max-image-preview:large, max-video-preview:-1\" \/>\n<link rel=\"canonical\" href=\"https:\/\/rioonwatch.org.br\/?p=37455\" \/>\n<meta property=\"og:locale\" content=\"pt_BR\" \/>\n<meta property=\"og:type\" content=\"article\" \/>\n<meta property=\"og:title\" content=\"Combatendo Deslizamento com Reciclagem: 2\u00ba Interc\u00e2mbio da Rede Favela Sustent\u00e1vel nos Prazeres - RioOnWatch\" \/>\n<meta property=\"og:description\" content=\"Click Here for English A\u00a0Rede Favela Sustent\u00e1vel\u00a0(RFS) \u00e9 um projeto da\u00a0Comunidades Catalisadoras\u00a0(ComCat)* desenhado para construir redes de solidariedade, dar visibilidade, e desenvolver a\u00e7\u00f5es conjuntas que apoiem a expans\u00e3o de iniciativas comunit\u00e1rias que fortalecem a sustentabilidade [...]\" \/>\n<meta property=\"og:url\" content=\"https:\/\/rioonwatch.org.br\/?p=37455\" \/>\n<meta property=\"og:site_name\" content=\"RioOnWatch\" \/>\n<meta property=\"article:published_time\" content=\"2018-11-15T12:43:00+00:00\" \/>\n<meta property=\"article:modified_time\" content=\"2018-12-27T02:19:48+00:00\" \/>\n<meta property=\"og:image\" content=\"https:\/\/rioonwatch.org.br\/wp-content\/uploads\/2018\/11\/Genival-do-ReciclA\u00e7\u00e3o-descreve-o-trabalho.-scaled.jpg\" \/>\n\t<meta property=\"og:image:width\" content=\"2560\" \/>\n\t<meta property=\"og:image:height\" content=\"1439\" \/>\n\t<meta property=\"og:image:type\" content=\"image\/jpeg\" \/>\n<meta name=\"author\" content=\"Admin\" \/>\n<meta name=\"twitter:card\" content=\"summary_large_image\" \/>\n<meta name=\"twitter:label1\" content=\"Escrito por\" \/>\n\t<meta name=\"twitter:data1\" content=\"Admin\" \/>\n\t<meta name=\"twitter:label2\" content=\"Est. tempo de leitura\" \/>\n\t<meta name=\"twitter:data2\" content=\"11 minutos\" \/>\n<script type=\"application\/ld+json\" class=\"yoast-schema-graph\">{\"@context\":\"https:\/\/schema.org\",\"@graph\":[{\"@type\":\"Article\",\"@id\":\"https:\/\/rioonwatch.org.br\/?p=37455#article\",\"isPartOf\":{\"@id\":\"https:\/\/rioonwatch.org.br\/?p=37455\"},\"author\":{\"name\":\"Admin\",\"@id\":\"https:\/\/rioonwatch.org.br\/#\/schema\/person\/11d64c290506f9df50c71b850c473f68\"},\"headline\":\"Combatendo Deslizamento com Reciclagem: 2\u00ba Interc\u00e2mbio da Rede Favela Sustent\u00e1vel nos Prazeres\",\"datePublished\":\"2018-11-15T12:43:00+00:00\",\"dateModified\":\"2018-12-27T02:19:48+00:00\",\"mainEntityOfPage\":{\"@id\":\"https:\/\/rioonwatch.org.br\/?p=37455\"},\"wordCount\":2187,\"publisher\":{\"@id\":\"https:\/\/rioonwatch.org.br\/#organization\"},\"image\":{\"@id\":\"https:\/\/rioonwatch.org.br\/?p=37455#primaryimage\"},\"thumbnailUrl\":\"https:\/\/rioonwatch.org.br\/wp-content\/uploads\/2018\/11\/Genival-do-ReciclA\u00e7\u00e3o-descreve-o-trabalho.-scaled.jpg\",\"keywords\":[\"\\\"\u00e1rea de risco\\\"\",\"coleta de lixo\",\"comunidade x academia\",\"Defensoria P\u00fablica\",\"educa\u00e7\u00e3o\",\"educa\u00e7\u00e3o ambiental\",\"Favela Como Modelo Sustent\u00e1vel\",\"gest\u00e3o de res\u00edduos\",\"meio ambiente\",\"Morro dos Prazeres\",\"mutir\u00e3o\",\"NUTH\",\"reciclagem\",\"redes\",\"resili\u00eancia\",\"risco de deslizamento\",\"Santa Teresa\",\"S\u00e9rie: Interc\u00e2mbios da RFS\",\"solu\u00e7\u00e3o\",\"solu\u00e7\u00e3o comunit\u00e1ria\",\"sustentabilidade\"],\"articleSection\":[\"*Destaque\",\"Cobertura de Eventos\",\"Escrito por Aliados\",\"Qualidades da Favela\",\"Solu\u00e7\u00f5es\",\"Sustentabilidade\"],\"inLanguage\":\"pt-BR\"},{\"@type\":\"WebPage\",\"@id\":\"https:\/\/rioonwatch.org.br\/?p=37455\",\"url\":\"https:\/\/rioonwatch.org.br\/?p=37455\",\"name\":\"Combatendo Deslizamento com Reciclagem: 2\u00ba Interc\u00e2mbio da Rede Favela Sustent\u00e1vel nos Prazeres - RioOnWatch\",\"isPartOf\":{\"@id\":\"https:\/\/rioonwatch.org.br\/#website\"},\"primaryImageOfPage\":{\"@id\":\"https:\/\/rioonwatch.org.br\/?p=37455#primaryimage\"},\"image\":{\"@id\":\"https:\/\/rioonwatch.org.br\/?p=37455#primaryimage\"},\"thumbnailUrl\":\"https:\/\/rioonwatch.org.br\/wp-content\/uploads\/2018\/11\/Genival-do-ReciclA\u00e7\u00e3o-descreve-o-trabalho.-scaled.jpg\",\"datePublished\":\"2018-11-15T12:43:00+00:00\",\"dateModified\":\"2018-12-27T02:19:48+00:00\",\"breadcrumb\":{\"@id\":\"https:\/\/rioonwatch.org.br\/?p=37455#breadcrumb\"},\"inLanguage\":\"pt-BR\",\"potentialAction\":[{\"@type\":\"ReadAction\",\"target\":[\"https:\/\/rioonwatch.org.br\/?p=37455\"]}]},{\"@type\":\"ImageObject\",\"inLanguage\":\"pt-BR\",\"@id\":\"https:\/\/rioonwatch.org.br\/?p=37455#primaryimage\",\"url\":\"https:\/\/rioonwatch.org.br\/wp-content\/uploads\/2018\/11\/Genival-do-ReciclA\u00e7\u00e3o-descreve-o-trabalho.-scaled.jpg\",\"contentUrl\":\"https:\/\/rioonwatch.org.br\/wp-content\/uploads\/2018\/11\/Genival-do-ReciclA\u00e7\u00e3o-descreve-o-trabalho.-scaled.jpg\",\"width\":2560,\"height\":1439},{\"@type\":\"BreadcrumbList\",\"@id\":\"https:\/\/rioonwatch.org.br\/?p=37455#breadcrumb\",\"itemListElement\":[{\"@type\":\"ListItem\",\"position\":1,\"name\":\"In\u00edcio\",\"item\":\"https:\/\/rioonwatch.org.br\/\"},{\"@type\":\"ListItem\",\"position\":2,\"name\":\"Combatendo Deslizamento com Reciclagem: 2\u00ba Interc\u00e2mbio da Rede Favela Sustent\u00e1vel nos Prazeres\"}]},{\"@type\":\"WebSite\",\"@id\":\"https:\/\/rioonwatch.org.br\/#website\",\"url\":\"https:\/\/rioonwatch.org.br\/\",\"name\":\"RioOnWatch\",\"description\":\"relatos das favelas cariocas\",\"publisher\":{\"@id\":\"https:\/\/rioonwatch.org.br\/#organization\"},\"potentialAction\":[{\"@type\":\"SearchAction\",\"target\":{\"@type\":\"EntryPoint\",\"urlTemplate\":\"https:\/\/rioonwatch.org.br\/?s={search_term_string}\"},\"query-input\":{\"@type\":\"PropertyValueSpecification\",\"valueRequired\":true,\"valueName\":\"search_term_string\"}}],\"inLanguage\":\"pt-BR\"},{\"@type\":\"Organization\",\"@id\":\"https:\/\/rioonwatch.org.br\/#organization\",\"name\":\"RioOnWatch\",\"url\":\"https:\/\/rioonwatch.org.br\/\",\"logo\":{\"@type\":\"ImageObject\",\"inLanguage\":\"pt-BR\",\"@id\":\"https:\/\/rioonwatch.org.br\/#\/schema\/logo\/image\/\",\"url\":\"https:\/\/rioonwatch.org.br\/wp-content\/uploads\/2021\/06\/RioOnWatchcabecalhoPT11anos-2.png\",\"contentUrl\":\"https:\/\/rioonwatch.org.br\/wp-content\/uploads\/2021\/06\/RioOnWatchcabecalhoPT11anos-2.png\",\"width\":779,\"height\":277,\"caption\":\"RioOnWatch\"},\"image\":{\"@id\":\"https:\/\/rioonwatch.org.br\/#\/schema\/logo\/image\/\"}},{\"@type\":\"Person\",\"@id\":\"https:\/\/rioonwatch.org.br\/#\/schema\/person\/11d64c290506f9df50c71b850c473f68\",\"name\":\"Admin\",\"image\":{\"@type\":\"ImageObject\",\"inLanguage\":\"pt-BR\",\"@id\":\"https:\/\/rioonwatch.org.br\/#\/schema\/person\/image\/\",\"url\":\"https:\/\/secure.gravatar.com\/avatar\/56211ac74568383903349a1485e3c325?s=96&d=blank&r=g\",\"contentUrl\":\"https:\/\/secure.gravatar.com\/avatar\/56211ac74568383903349a1485e3c325?s=96&d=blank&r=g\",\"caption\":\"Admin\"},\"url\":\"https:\/\/rioonwatch.org.br\/?author=129\"}]}<\/script>\n<!-- \/ Yoast SEO plugin. -->","yoast_head_json":{"title":"Combatendo Deslizamento com Reciclagem: 2\u00ba Interc\u00e2mbio da Rede Favela Sustent\u00e1vel nos Prazeres - RioOnWatch","robots":{"index":"index","follow":"follow","max-snippet":"max-snippet:-1","max-image-preview":"max-image-preview:large","max-video-preview":"max-video-preview:-1"},"canonical":"https:\/\/rioonwatch.org.br\/?p=37455","og_locale":"pt_BR","og_type":"article","og_title":"Combatendo Deslizamento com Reciclagem: 2\u00ba Interc\u00e2mbio da Rede Favela Sustent\u00e1vel nos Prazeres - RioOnWatch","og_description":"Click Here for English A\u00a0Rede Favela Sustent\u00e1vel\u00a0(RFS) \u00e9 um projeto da\u00a0Comunidades Catalisadoras\u00a0(ComCat)* desenhado para construir redes de solidariedade, dar visibilidade, e desenvolver a\u00e7\u00f5es conjuntas que apoiem a expans\u00e3o de iniciativas comunit\u00e1rias que fortalecem a sustentabilidade [...]","og_url":"https:\/\/rioonwatch.org.br\/?p=37455","og_site_name":"RioOnWatch","article_published_time":"2018-11-15T12:43:00+00:00","article_modified_time":"2018-12-27T02:19:48+00:00","og_image":[{"width":2560,"height":1439,"url":"https:\/\/rioonwatch.org.br\/wp-content\/uploads\/2018\/11\/Genival-do-ReciclA\u00e7\u00e3o-descreve-o-trabalho.-scaled.jpg","type":"image\/jpeg"}],"author":"Admin","twitter_card":"summary_large_image","twitter_misc":{"Escrito por":"Admin","Est. tempo de leitura":"11 minutos"},"schema":{"@context":"https:\/\/schema.org","@graph":[{"@type":"Article","@id":"https:\/\/rioonwatch.org.br\/?p=37455#article","isPartOf":{"@id":"https:\/\/rioonwatch.org.br\/?p=37455"},"author":{"name":"Admin","@id":"https:\/\/rioonwatch.org.br\/#\/schema\/person\/11d64c290506f9df50c71b850c473f68"},"headline":"Combatendo Deslizamento com Reciclagem: 2\u00ba Interc\u00e2mbio da Rede Favela Sustent\u00e1vel nos Prazeres","datePublished":"2018-11-15T12:43:00+00:00","dateModified":"2018-12-27T02:19:48+00:00","mainEntityOfPage":{"@id":"https:\/\/rioonwatch.org.br\/?p=37455"},"wordCount":2187,"publisher":{"@id":"https:\/\/rioonwatch.org.br\/#organization"},"image":{"@id":"https:\/\/rioonwatch.org.br\/?p=37455#primaryimage"},"thumbnailUrl":"https:\/\/rioonwatch.org.br\/wp-content\/uploads\/2018\/11\/Genival-do-ReciclA\u00e7\u00e3o-descreve-o-trabalho.-scaled.jpg","keywords":["\"\u00e1rea de risco\"","coleta de lixo","comunidade x academia","Defensoria P\u00fablica","educa\u00e7\u00e3o","educa\u00e7\u00e3o ambiental","Favela Como Modelo Sustent\u00e1vel","gest\u00e3o de res\u00edduos","meio ambiente","Morro dos Prazeres","mutir\u00e3o","NUTH","reciclagem","redes","resili\u00eancia","risco de deslizamento","Santa Teresa","S\u00e9rie: Interc\u00e2mbios da RFS","solu\u00e7\u00e3o","solu\u00e7\u00e3o comunit\u00e1ria","sustentabilidade"],"articleSection":["*Destaque","Cobertura de Eventos","Escrito por Aliados","Qualidades da Favela","Solu\u00e7\u00f5es","Sustentabilidade"],"inLanguage":"pt-BR"},{"@type":"WebPage","@id":"https:\/\/rioonwatch.org.br\/?p=37455","url":"https:\/\/rioonwatch.org.br\/?p=37455","name":"Combatendo Deslizamento com Reciclagem: 2\u00ba Interc\u00e2mbio da Rede Favela Sustent\u00e1vel nos Prazeres - RioOnWatch","isPartOf":{"@id":"https:\/\/rioonwatch.org.br\/#website"},"primaryImageOfPage":{"@id":"https:\/\/rioonwatch.org.br\/?p=37455#primaryimage"},"image":{"@id":"https:\/\/rioonwatch.org.br\/?p=37455#primaryimage"},"thumbnailUrl":"https:\/\/rioonwatch.org.br\/wp-content\/uploads\/2018\/11\/Genival-do-ReciclA\u00e7\u00e3o-descreve-o-trabalho.-scaled.jpg","datePublished":"2018-11-15T12:43:00+00:00","dateModified":"2018-12-27T02:19:48+00:00","breadcrumb":{"@id":"https:\/\/rioonwatch.org.br\/?p=37455#breadcrumb"},"inLanguage":"pt-BR","potentialAction":[{"@type":"ReadAction","target":["https:\/\/rioonwatch.org.br\/?p=37455"]}]},{"@type":"ImageObject","inLanguage":"pt-BR","@id":"https:\/\/rioonwatch.org.br\/?p=37455#primaryimage","url":"https:\/\/rioonwatch.org.br\/wp-content\/uploads\/2018\/11\/Genival-do-ReciclA\u00e7\u00e3o-descreve-o-trabalho.-scaled.jpg","contentUrl":"https:\/\/rioonwatch.org.br\/wp-content\/uploads\/2018\/11\/Genival-do-ReciclA\u00e7\u00e3o-descreve-o-trabalho.-scaled.jpg","width":2560,"height":1439},{"@type":"BreadcrumbList","@id":"https:\/\/rioonwatch.org.br\/?p=37455#breadcrumb","itemListElement":[{"@type":"ListItem","position":1,"name":"In\u00edcio","item":"https:\/\/rioonwatch.org.br\/"},{"@type":"ListItem","position":2,"name":"Combatendo Deslizamento com Reciclagem: 2\u00ba Interc\u00e2mbio da Rede Favela Sustent\u00e1vel nos Prazeres"}]},{"@type":"WebSite","@id":"https:\/\/rioonwatch.org.br\/#website","url":"https:\/\/rioonwatch.org.br\/","name":"RioOnWatch","description":"relatos das favelas cariocas","publisher":{"@id":"https:\/\/rioonwatch.org.br\/#organization"},"potentialAction":[{"@type":"SearchAction","target":{"@type":"EntryPoint","urlTemplate":"https:\/\/rioonwatch.org.br\/?s={search_term_string}"},"query-input":{"@type":"PropertyValueSpecification","valueRequired":true,"valueName":"search_term_string"}}],"inLanguage":"pt-BR"},{"@type":"Organization","@id":"https:\/\/rioonwatch.org.br\/#organization","name":"RioOnWatch","url":"https:\/\/rioonwatch.org.br\/","logo":{"@type":"ImageObject","inLanguage":"pt-BR","@id":"https:\/\/rioonwatch.org.br\/#\/schema\/logo\/image\/","url":"https:\/\/rioonwatch.org.br\/wp-content\/uploads\/2021\/06\/RioOnWatchcabecalhoPT11anos-2.png","contentUrl":"https:\/\/rioonwatch.org.br\/wp-content\/uploads\/2021\/06\/RioOnWatchcabecalhoPT11anos-2.png","width":779,"height":277,"caption":"RioOnWatch"},"image":{"@id":"https:\/\/rioonwatch.org.br\/#\/schema\/logo\/image\/"}},{"@type":"Person","@id":"https:\/\/rioonwatch.org.br\/#\/schema\/person\/11d64c290506f9df50c71b850c473f68","name":"Admin","image":{"@type":"ImageObject","inLanguage":"pt-BR","@id":"https:\/\/rioonwatch.org.br\/#\/schema\/person\/image\/","url":"https:\/\/secure.gravatar.com\/avatar\/56211ac74568383903349a1485e3c325?s=96&d=blank&r=g","contentUrl":"https:\/\/secure.gravatar.com\/avatar\/56211ac74568383903349a1485e3c325?s=96&d=blank&r=g","caption":"Admin"},"url":"https:\/\/rioonwatch.org.br\/?author=129"}]}},"_links":{"self":[{"href":"https:\/\/rioonwatch.org.br\/index.php?rest_route=\/wp\/v2\/posts\/37455"}],"collection":[{"href":"https:\/\/rioonwatch.org.br\/index.php?rest_route=\/wp\/v2\/posts"}],"about":[{"href":"https:\/\/rioonwatch.org.br\/index.php?rest_route=\/wp\/v2\/types\/post"}],"author":[{"embeddable":true,"href":"https:\/\/rioonwatch.org.br\/index.php?rest_route=\/wp\/v2\/users\/129"}],"replies":[{"embeddable":true,"href":"https:\/\/rioonwatch.org.br\/index.php?rest_route=%2Fwp%2Fv2%2Fcomments&post=37455"}],"version-history":[{"count":29,"href":"https:\/\/rioonwatch.org.br\/index.php?rest_route=\/wp\/v2\/posts\/37455\/revisions"}],"predecessor-version":[{"id":37966,"href":"https:\/\/rioonwatch.org.br\/index.php?rest_route=\/wp\/v2\/posts\/37455\/revisions\/37966"}],"wp:featuredmedia":[{"embeddable":true,"href":"https:\/\/rioonwatch.org.br\/index.php?rest_route=\/wp\/v2\/media\/37459"}],"wp:attachment":[{"href":"https:\/\/rioonwatch.org.br\/index.php?rest_route=%2Fwp%2Fv2%2Fmedia&parent=37455"}],"wp:term":[{"taxonomy":"category","embeddable":true,"href":"https:\/\/rioonwatch.org.br\/index.php?rest_route=%2Fwp%2Fv2%2Fcategories&post=37455"},{"taxonomy":"post_tag","embeddable":true,"href":"https:\/\/rioonwatch.org.br\/index.php?rest_route=%2Fwp%2Fv2%2Ftags&post=37455"},{"taxonomy":"writer","embeddable":true,"href":"https:\/\/rioonwatch.org.br\/index.php?rest_route=%2Fwp%2Fv2%2Fwriter&post=37455"},{"taxonomy":"translator","embeddable":true,"href":"https:\/\/rioonwatch.org.br\/index.php?rest_route=%2Fwp%2Fv2%2Ftranslator&post=37455"},{"taxonomy":"source","embeddable":true,"href":"https:\/\/rioonwatch.org.br\/index.php?rest_route=%2Fwp%2Fv2%2Fsource&post=37455"},{"taxonomy":"ilustrador","embeddable":true,"href":"https:\/\/rioonwatch.org.br\/index.php?rest_route=%2Fwp%2Fv2%2Filustrador&post=37455"},{"taxonomy":"fotografo","embeddable":true,"href":"https:\/\/rioonwatch.org.br\/index.php?rest_route=%2Fwp%2Fv2%2Ffotografo&post=37455"}],"curies":[{"name":"wp","href":"https:\/\/api.w.org\/{rel}","templated":true}]}}