{"id":37495,"date":"2019-01-18T15:04:45","date_gmt":"2019-01-18T18:04:45","guid":{"rendered":"http:\/\/rioonwatch.org.br\/?p=37495"},"modified":"2019-01-31T12:11:56","modified_gmt":"2019-01-31T15:11:56","slug":"unifavela-semea-o-ensino-popular-na-mare-imagens","status":"publish","type":"post","link":"https:\/\/rioonwatch.org.br\/?p=37495","title":{"rendered":"UniFavela Semea o Ensino Popular na Mar\u00e9 [IMAGENS]"},"content":{"rendered":"<p style=\"text-align: right;\"><em><strong><a href=\"http:\/\/bit.ly\/2RUAkbL\" target=\"_blank\" rel=\"noopener noreferrer\">Click Here for English<\/a><\/strong><\/em><strong><a href=\"http:\/\/bit.ly\/2RUAkbL\" target=\"_blank\" rel=\"noopener noreferrer\"><img decoding=\"async\" width=\"20\" height=\"20\" class=\"alignright wp-image-15790\" src=\"http:\/\/rioonwatch.org.br\/wp-content\/uploads\/2012\/08\/EN-standard-e1439583104716.jpg\" \/><\/a><\/strong><\/p>\n<p><span style=\"font-weight: 400;\">\u201cO nosso DNA n\u00e3o \u00e9 s\u00f3 nosso. T\u00eam milhares de anos de contato com outras bact\u00e9rias\u201d, Luana Silva dos Santos explica. Estava t\u00e3o quente naquela tarde de fim de primavera que v\u00e1rias garrafas de \u00e1gua gelada foram necess\u00e1rias para que os estudantes conseguissem se concentrar. O grupo estava sentado em frente a duas mesas de pl\u00e1stico. Um quadro foi colocado improvisadamente em cima de tijolos na frente deles. N\u00e3o havia brisa nenhuma, as cabe\u00e7as dos alunos estavam suadas, mas isso n\u00e3o impedia que eles fizessem anota\u00e7\u00f5es, perguntas e, acima de tudo, debatessem juntos.<\/span><\/p>\n<p><a href=\"http:\/\/rioonwatch.org.br\/wp-content\/uploads\/2018\/11\/IMG_7608.jpg\"><img fetchpriority=\"high\" decoding=\"async\" class=\"aligncenter wp-image-37501 size-content\" title=\"A ideia do UniFavela \u00e9 consolidar uma pr\u00e1tica horizontal de trocas.\" src=\"http:\/\/rioonwatch.org.br\/wp-content\/uploads\/2018\/11\/IMG_7608-620x264.jpg\" alt=\"A ideia do UniFavela \u00e9 consolidar uma pr\u00e1tica horizontal de trocas.\" width=\"620\" height=\"264\" srcset=\"https:\/\/rioonwatch.org.br\/wp-content\/uploads\/2018\/11\/IMG_7608-620x264.jpg 620w, https:\/\/rioonwatch.org.br\/wp-content\/uploads\/2018\/11\/IMG_7608-940x400.jpg 940w\" sizes=\"(max-width: 620px) 100vw, 620px\" \/><\/a><\/p>\n<p><span style=\"font-weight: 400;\">Eles estavam em um terra\u00e7o no <a href=\"http:\/\/bit.ly\/10BvARw\" target=\"_blank\" rel=\"noopener\">Complexo da Mar\u00e9<\/a>, na <a href=\"http:\/\/bit.ly\/WximDf\" target=\"_blank\" rel=\"noopener\">Zona Norte<\/a> da cidade, e a aula de biologia acabava de come\u00e7ar. No entanto, n\u00e3o \u00e9 uma aula no sentido tradicional: Luana, 19 anos e estudante de biologia da <a href=\"http:\/\/bit.ly\/2Q3NeyJ\" target=\"_blank\" rel=\"noopener\">UFRJ<\/a>, se recusa a ser chamada de professora, assim como Laerte Breno, 23, aluno de letras na UFRJ e fundador do grupo de estudos pr\u00e9-vestibular\u00a0<a href=\"http:\/\/bit.ly\/2GnftZB\" target=\"_blank\" rel=\"noopener\">UniFavela<\/a>. \u201cNo senso comum, professor \u00e9 aquela pessoa detentora de qualquer conhecimento. Mas aqui \u00e9 uma troca de saberes: na medida que eu estou trocando meu saber com eles, eu tamb\u00e9m estou aprendendo com eles\u201d, esclarece ele. Os alunos concordam. Natricia Rodrigues, 18, adiciona: \u201cEu acho que aqui, por conta de ser um p\u00fablico reduzido e mais jovem, voc\u00ea tem a oportunidade de tirar d\u00favidas, e se voc\u00ea estiver um pouco envergonhado voc\u00ea tamb\u00e9m tem a possibilidade de encontrar um ambiente mais de casa mesmo\u201d. Thiago Carlos, 21, corrobora: \u201cEu n\u00e3o vejo como um projeto, mas sim como uma fam\u00edlia\u201d.<\/span><\/p>\n<p><a href=\"http:\/\/rioonwatch.org.br\/wp-content\/uploads\/2018\/11\/IMG_7624.jpg\"><img decoding=\"async\" class=\"aligncenter wp-image-37496 size-content\" title=\"Luana preparando os alunos para prova de biologia do Enem.\" src=\"http:\/\/rioonwatch.org.br\/wp-content\/uploads\/2018\/11\/IMG_7624-620x264.jpg\" alt=\"\" width=\"620\" height=\"264\" srcset=\"https:\/\/rioonwatch.org.br\/wp-content\/uploads\/2018\/11\/IMG_7624-620x264.jpg 620w, https:\/\/rioonwatch.org.br\/wp-content\/uploads\/2018\/11\/IMG_7624-940x400.jpg 940w\" sizes=\"(max-width: 620px) 100vw, 620px\" \/><\/a><\/p>\n<p><span style=\"font-weight: 400;\">O lema da UniFavela, \u2018Semeando o ensino popular\u2019, manifesta os seus princ\u00edpios fundamentais. De acordo com Laerte, a ideia do grupo n\u00e3o \u00e9 apenas de ensinar pessoas a ler e repetir palavras, mas sim de aprender a criticar a sociedade em que vivem. \u201cNa UniFavela a gente v\u00ea esses professores que s\u00e3o favelados igual a gente, s\u00e3o negros igual a gente, \u00e9 uma identifica\u00e7\u00e3o que a gente n\u00e3o vai encontrar em outra escola. L\u00e1 vai ter uma pessoa da classe A, branca, com quem a gente n\u00e3o se identifica. Aqui [a gente] traz toda essa resist\u00eancia do povo negro, da mulher\u201d, diz Camila Felippe, de 21 anos. Laerte ainda explica que d\u00e1 aulas por convic\u00e7\u00e3o pol\u00edtica: \u201c\u00c9 uma quest\u00e3o de milit\u00e2ncia minha. Porque a universidade <a href=\"http:\/\/bit.ly\/2kMXvQK\" target=\"_blank\" rel=\"noopener\">tem muita gente que \u00e9 da elite<\/a>, da <a href=\"http:\/\/bit.ly\/1mNsDyk\" target=\"_blank\" rel=\"noopener\">Zona Sul<\/a> do Rio e n\u00f3s queremos colocar [na universidade] <a href=\"http:\/\/bit.ly\/2EeeM1N\" target=\"_blank\" rel=\"noopener\">gente da periferia<\/a>, da favela\u201d. Dando aulas particulares para um aluno da Zona Sul do Rio de Janeiro, Laerte percebeu a grande discrep\u00e2ncia de erros de portugu\u00eas <a href=\"https:\/\/glo.bo\/2GF3u9T\" target=\"_blank\" rel=\"noopener\">entre alunos de ensino p\u00fablico e privado<\/a>: \u201cUm tem uma educa\u00e7\u00e3o boa e outro tem uma educa\u00e7\u00e3o fraca. N\u00e3o \u00e9 culpa deles, \u00e9 culpa do ensino no Brasil\u201d.<\/span><\/p>\n<p><span style=\"font-weight: 400;\">Em poucos meses, os fundadores do UniFavela conseguiram iniciar esse projeto social. O projeto come\u00e7ou em junho de 2018, porque uma amiga de Laerte pediu ajuda para estudar uma mat\u00e9ria, e ele ent\u00e3o convidou mais pessoas para participarem do estudo. Ent\u00e3o, desde de junho de 2018 as aulas de prepara\u00e7\u00e3o para o <a href=\"http:\/\/bit.ly\/2SkMyH0\" target=\"_blank\" rel=\"noopener\">Enem<\/a> aconteceram todos os dias, de segunda \u00e0 sexta, a partir de 13:30 at\u00e9 \u00e0s 16:00, na laje de um dos alunos na Mar\u00e9. Por meio de um\u00a0<a href=\"http:\/\/bit.ly\/2V6zGG9\" target=\"_blank\" rel=\"noopener\">grupo no Facebook<\/a>, a UniFavela ficou mais conhecida e no total 15 a 20 alunos participaram regularmente das aulas. Embora todos os professores trabalhem de forma volunt\u00e1ria e gratuita, o maior problema continua sendo as finan\u00e7as. \u201cA gente t\u00e1 correndo atr\u00e1s de bolsas. Gastamos muito dinheiro com xerox\u201d, Laerte diz. O grupo j\u00e1 tentou arrecadar por meio de uma\u00a0<a href=\"http:\/\/bit.ly\/2PZQif5\" target=\"_blank\" rel=\"noopener\">vaquinha online<\/a>, pediram dinheiro na rua e na faculdade, e ainda pagaram uma parte das despesas dos pr\u00f3prios bolsos, mas mesmo assim a improvisa\u00e7\u00e3o foi necess\u00e1ria: \u201cA gente ficou desesperado de ficar sem quadro, at\u00e9 que uma aluna deu um quadro para n\u00f3s\u201d.<\/span><\/p>\n<p><a href=\"http:\/\/rioonwatch.org.br\/wp-content\/uploads\/2018\/11\/Laerte-Breno_Unifavela_1_Foto-por-Antoine-Horenbeek.jpg\"><img loading=\"lazy\" decoding=\"async\" class=\"aligncenter wp-image-37507 size-content\" title=\"Laerte Breno. Foto por Antoine Horenbeek\" src=\"http:\/\/rioonwatch.org.br\/wp-content\/uploads\/2018\/11\/Laerte-Breno_Unifavela_1_Foto-por-Antoine-Horenbeek-620x264.jpg\" alt=\"\" width=\"620\" height=\"264\" srcset=\"https:\/\/rioonwatch.org.br\/wp-content\/uploads\/2018\/11\/Laerte-Breno_Unifavela_1_Foto-por-Antoine-Horenbeek-620x264.jpg 620w, https:\/\/rioonwatch.org.br\/wp-content\/uploads\/2018\/11\/Laerte-Breno_Unifavela_1_Foto-por-Antoine-Horenbeek-1030x438.jpg 1030w, https:\/\/rioonwatch.org.br\/wp-content\/uploads\/2018\/11\/Laerte-Breno_Unifavela_1_Foto-por-Antoine-Horenbeek-940x400.jpg 940w\" sizes=\"(max-width: 620px) 100vw, 620px\" \/><\/a><\/p>\n<blockquote><p>&#8220;J\u00e1 tivemos que cancelar aulas devido \u00e0s opera\u00e7\u00f5es policiais. Um outro grupo da Zona Sul do Rio de Janeiro t\u00e1 l\u00e1, estudando bonitinho, enquanto aqui na favela tem uma galera que n\u00e3o pode estudar. Ent\u00e3o eu acho que a gente precisa estar resistindo mesmo com medo. \u00c9 aquilo: Do luto fazer luta\u201d &#8211; Laerte Breno<\/p><\/blockquote>\n<p><span style=\"font-weight: 400;\">S\u00e3o sobretudo as perspectivas futuras que causam preocupa\u00e7\u00e3o para Laerte e seus amigos. \u201cN\u00e3o sabemos o que vamos fazer no ano que vem, se vai ter espa\u00e7o\u201d, conta. E prossegue \u201cn\u00e3o podemos ficar na laje do amigo para sempre\u201d. Tamb\u00e9m por raz\u00f5es pol\u00edticas, o futuro do UniFavela \u00e9 incerto: \u201cQuando a gente ficou sabendo do resultado das elei\u00e7\u00f5es, ficamos muito abalados\u201d, Laerte diz. Ele lamenta que v\u00e1rias vezes teve que <a href=\"http:\/\/bit.ly\/2S1RQaI\" target=\"_blank\" rel=\"noopener\">cancelar aulas por causa de opera\u00e7\u00f5es policiais na Mar\u00e9<\/a> e teme que isso <a href=\"https:\/\/glo.bo\/2Rmuvzh\" target=\"_blank\" rel=\"noopener\">aconte\u00e7a com muito mais frequ\u00eancia no futuro<\/a>. Mas o que lhe d\u00e1 for\u00e7a s\u00e3o os debates e discuss\u00f5es no UniFavela. Estes s\u00e3o os momentos em que ele percebe que o ensino leva os alunos um passo adiante em dire\u00e7\u00e3o \u00e0 universidade. Ou como ele diz: \u201cA gente est\u00e1 com medo, mas n\u00e3o vamos cair. Ningu\u00e9m vai parar nosso projeto\u201d.<\/span><\/p>\n<h3>Conhe\u00e7a alguns dos estudantes do UniFavela de 2018<\/h3>\n<p><a href=\"http:\/\/rioonwatch.org.br\/wp-content\/uploads\/2018\/11\/IMG_7593.jpg\"><img loading=\"lazy\" decoding=\"async\" class=\"aligncenter wp-image-37498 size-content\" title=\" Foto por Antoine Horenbeek\" src=\"http:\/\/rioonwatch.org.br\/wp-content\/uploads\/2018\/11\/IMG_7593-620x264.jpg\" alt=\"\" width=\"620\" height=\"264\" srcset=\"https:\/\/rioonwatch.org.br\/wp-content\/uploads\/2018\/11\/IMG_7593-620x264.jpg 620w, https:\/\/rioonwatch.org.br\/wp-content\/uploads\/2018\/11\/IMG_7593-940x400.jpg 940w\" sizes=\"(max-width: 620px) 100vw, 620px\" \/><\/a><\/p>\n<blockquote><p>\u201cO professor de uma escola comum n\u00e3o vai entender nossa realidade porque eles n\u00e3o foram feitos para entender a realidade de um favelado.\u201d &#8211; Camila Felippe<\/p><\/blockquote>\n<p><a href=\"http:\/\/rioonwatch.org.br\/wp-content\/uploads\/2018\/11\/IMG_7645.jpg\"><img loading=\"lazy\" decoding=\"async\" class=\"aligncenter wp-image-37500 size-content\" title=\" Foto por Antoine Horenbeek\" src=\"http:\/\/rioonwatch.org.br\/wp-content\/uploads\/2018\/11\/IMG_7645-620x264.jpg\" alt=\"\" width=\"620\" height=\"264\" srcset=\"https:\/\/rioonwatch.org.br\/wp-content\/uploads\/2018\/11\/IMG_7645-620x264.jpg 620w, https:\/\/rioonwatch.org.br\/wp-content\/uploads\/2018\/11\/IMG_7645-940x400.jpg 940w\" sizes=\"(max-width: 620px) 100vw, 620px\" \/><\/a><\/p>\n<blockquote><p>\u201cAl\u00e9m de apreender somente a disciplina, a gente tamb\u00e9m apreende uma constru\u00e7\u00e3o social, os objetivos pol\u00edticos que a gente acredita que tem que defender. Queremos tamb\u00e9m que outras pessoas possam ter acesso \u00e0 faculdade.\u201d &#8211; Natr\u00edcia Rodrigues<\/p><\/blockquote>\n<p><a href=\"http:\/\/rioonwatch.org.br\/wp-content\/uploads\/2018\/11\/IMG_7588.jpg\"><img loading=\"lazy\" decoding=\"async\" class=\"aligncenter wp-image-37497 size-content\" title=\" Foto por Antoine Horenbeek\" src=\"http:\/\/rioonwatch.org.br\/wp-content\/uploads\/2018\/11\/IMG_7588-620x264.jpg\" alt=\"\" width=\"620\" height=\"264\" srcset=\"https:\/\/rioonwatch.org.br\/wp-content\/uploads\/2018\/11\/IMG_7588-620x264.jpg 620w, https:\/\/rioonwatch.org.br\/wp-content\/uploads\/2018\/11\/IMG_7588-940x400.jpg 940w\" sizes=\"(max-width: 620px) 100vw, 620px\" \/><\/a><\/p>\n<blockquote><p>\u201cAqui os estudantes s\u00e3o os professores, temos a mesma idade. Eu n\u00e3o vejo como um projeto mas sim como uma fam\u00edlia.\u201d &#8211; Thiago Carlos<\/p><\/blockquote>\n<p><a href=\"http:\/\/rioonwatch.org.br\/wp-content\/uploads\/2018\/11\/IMG_7604.jpg\"><img loading=\"lazy\" decoding=\"async\" class=\"aligncenter wp-image-37499 size-content\" title=\" Foto por Antoine Horenbeek\" src=\"http:\/\/rioonwatch.org.br\/wp-content\/uploads\/2018\/11\/IMG_7604-620x264.jpg\" alt=\"\" width=\"620\" height=\"264\" srcset=\"https:\/\/rioonwatch.org.br\/wp-content\/uploads\/2018\/11\/IMG_7604-620x264.jpg 620w, https:\/\/rioonwatch.org.br\/wp-content\/uploads\/2018\/11\/IMG_7604-940x400.jpg 940w\" sizes=\"(max-width: 620px) 100vw, 620px\" \/><\/a><\/p>\n<blockquote><p>\u201cAqui \u00e9 uma troca de conhecimento. Se tem muita gente, me d\u00e1 vergonha. Aqui n\u00e3o, aqui todo mundo \u00e9 amigo.\u201d &#8211; Luiza Oliveira<\/p><\/blockquote>\n<p><a href=\"http:\/\/rioonwatch.org.br\/wp-content\/uploads\/2018\/11\/IMG_7581.jpg\"><img loading=\"lazy\" decoding=\"async\" class=\"aligncenter wp-image-37503 size-content\" title=\" Foto por Antoine Horenbeek\" src=\"http:\/\/rioonwatch.org.br\/wp-content\/uploads\/2018\/11\/IMG_7581-620x264.jpg\" alt=\"\" width=\"620\" height=\"264\" srcset=\"https:\/\/rioonwatch.org.br\/wp-content\/uploads\/2018\/11\/IMG_7581-620x264.jpg 620w, https:\/\/rioonwatch.org.br\/wp-content\/uploads\/2018\/11\/IMG_7581-940x400.jpg 940w\" sizes=\"(max-width: 620px) 100vw, 620px\" \/><\/a><\/p>\n<blockquote>\n<div>\u201cJ\u00e1 \u00e9 certo que aquele jovem [do asfalto] vai ser preparado para o ensino superior, para poder se formar, ter uma gradua\u00e7\u00e3o, ter uma estabilidade financeira, e na favela n\u00e3o. Na favela voc\u00ea tem o ensino m\u00e9dio, e acabou o estudo e agora vamos trabalhar. E esses projetos sociais rompem esse c\u00edrculo vicioso. Eu acho isso incr\u00edvel.\u201d &#8211; Cristian Gomes<\/div>\n<\/blockquote>\n<div><\/div>\n<h4>Em 2018, as aulas foram ministradas na laje de um dos alunos, com escassez de mesas, cadeiras e material pedag\u00f3gico. Para 2019, a UniFavela deseja adaptar a sua estrutura \u00e0 demanda de alunos para continuar sua miss\u00e3o, mas para isso precisa de recursos. <a href=\"http:\/\/bit.ly\/2Aglphl\" target=\"_blank\" rel=\"noopener\">Se voc\u00ea deseja colaborar com o UniFavela clique aqui<\/a>.<\/h4>\n<!-- AddThis Advanced Settings generic via filter on the_content --><!-- AddThis Share Buttons generic via filter on the_content -->","protected":false},"excerpt":{"rendered":"<div class=\"mh-excerpt\"><p>Click Here for English \u201cO nosso DNA n\u00e3o \u00e9 s\u00f3 nosso. T\u00eam milhares de anos de contato com outras bact\u00e9rias\u201d, Luana Silva dos Santos explica. Estava t\u00e3o quente naquela tarde de fim de primavera que <a class=\"mh-excerpt-more\" href=\"https:\/\/rioonwatch.org.br\/?p=37495\" title=\"UniFavela Semea o Ensino Popular na Mar\u00e9 [IMAGENS]\">[&#8230;]<\/a><!-- AddThis Advanced Settings generic via filter on get_the_excerpt --><!-- AddThis Share Buttons generic via filter on get_the_excerpt --><\/p>\n<\/div>","protected":false},"author":161,"featured_media":37507,"comment_status":"closed","ping_status":"closed","sticky":false,"template":"","format":"standard","meta":{"_acf_changed":false,"_monsterinsights_skip_tracking":false,"_monsterinsights_sitenote_active":false,"_monsterinsights_sitenote_note":"","_monsterinsights_sitenote_category":0,"footnotes":""},"categories":[1621,1626,1388,1633,1616,342],"tags":[2402,332,1917,316,1307,113,104,380,476,2193,218],"writer":[2545],"translator":[],"source":[],"ilustrador":[],"fotografo":[],"class_list":{"0":"post-37495","1":"post","2":"type-post","3":"status-publish","4":"format-standard","5":"has-post-thumbnail","7":"category-destaque","8":"category-por-observadores-internacionais","9":"category-formas-de-apoiar","10":"category-foto-reportagens","11":"category-qualidades-da-favela","12":"category-solucoes","13":"tag-acesso-a-universidade","14":"tag-complexo-da-mare","15":"tag-comunidade-x-academia","16":"tag-educacao","17":"tag-inclusao","18":"tag-juventude","19":"tag-pvnc","20":"tag-solidariedade","21":"tag-solucao-comunitaria","22":"tag-ufrj","23":"tag-zona-norte","24":"writer-mareen-butter"},"acf":[],"yoast_head":"<!-- This site is optimized with the Yoast SEO plugin v25.6 - https:\/\/yoast.com\/wordpress\/plugins\/seo\/ -->\n<title>UniFavela Semea o Ensino Popular na Mar\u00e9 [IMAGENS] - RioOnWatch<\/title>\n<meta name=\"robots\" content=\"index, follow, max-snippet:-1, max-image-preview:large, max-video-preview:-1\" \/>\n<link rel=\"canonical\" href=\"https:\/\/rioonwatch.org.br\/?p=37495\" \/>\n<meta property=\"og:locale\" content=\"pt_BR\" \/>\n<meta property=\"og:type\" content=\"article\" \/>\n<meta property=\"og:title\" content=\"UniFavela Semea o Ensino Popular na Mar\u00e9 [IMAGENS] - RioOnWatch\" \/>\n<meta property=\"og:description\" content=\"Click Here for English \u201cO nosso DNA n\u00e3o \u00e9 s\u00f3 nosso. T\u00eam milhares de anos de contato com outras bact\u00e9rias\u201d, Luana Silva dos Santos explica. Estava t\u00e3o quente naquela tarde de fim de primavera que [...]\" \/>\n<meta property=\"og:url\" content=\"https:\/\/rioonwatch.org.br\/?p=37495\" \/>\n<meta property=\"og:site_name\" content=\"RioOnWatch\" \/>\n<meta property=\"article:published_time\" content=\"2019-01-18T18:04:45+00:00\" \/>\n<meta property=\"article:modified_time\" content=\"2019-01-31T15:11:56+00:00\" \/>\n<meta property=\"og:image\" content=\"https:\/\/rioonwatch.org.br\/wp-content\/uploads\/2018\/11\/Laerte-Breno_Unifavela_1_Foto-por-Antoine-Horenbeek-scaled.jpg\" \/>\n\t<meta property=\"og:image:width\" content=\"2560\" \/>\n\t<meta property=\"og:image:height\" content=\"1712\" \/>\n\t<meta property=\"og:image:type\" content=\"image\/jpeg\" \/>\n<meta name=\"author\" content=\"Mareen Butter\" \/>\n<meta name=\"twitter:card\" content=\"summary_large_image\" \/>\n<meta name=\"twitter:label1\" content=\"Escrito por\" \/>\n\t<meta name=\"twitter:data1\" content=\"Mareen Butter\" \/>\n\t<meta name=\"twitter:label2\" content=\"Est. tempo de leitura\" \/>\n\t<meta name=\"twitter:data2\" content=\"6 minutos\" \/>\n<script type=\"application\/ld+json\" class=\"yoast-schema-graph\">{\"@context\":\"https:\/\/schema.org\",\"@graph\":[{\"@type\":\"Article\",\"@id\":\"https:\/\/rioonwatch.org.br\/?p=37495#article\",\"isPartOf\":{\"@id\":\"https:\/\/rioonwatch.org.br\/?p=37495\"},\"author\":{\"name\":\"Mareen Butter\",\"@id\":\"https:\/\/rioonwatch.org.br\/#\/schema\/person\/f1bea6ef98cd32c5a57844943e40e462\"},\"headline\":\"UniFavela Semea o Ensino Popular na Mar\u00e9 [IMAGENS]\",\"datePublished\":\"2019-01-18T18:04:45+00:00\",\"dateModified\":\"2019-01-31T15:11:56+00:00\",\"mainEntityOfPage\":{\"@id\":\"https:\/\/rioonwatch.org.br\/?p=37495\"},\"wordCount\":1138,\"publisher\":{\"@id\":\"https:\/\/rioonwatch.org.br\/#organization\"},\"image\":{\"@id\":\"https:\/\/rioonwatch.org.br\/?p=37495#primaryimage\"},\"thumbnailUrl\":\"https:\/\/rioonwatch.org.br\/wp-content\/uploads\/2018\/11\/Laerte-Breno_Unifavela_1_Foto-por-Antoine-Horenbeek-scaled.jpg\",\"keywords\":[\"acesso \u00e0 universidade\",\"Complexo da Mar\u00e9\",\"comunidade x academia\",\"educa\u00e7\u00e3o\",\"inclus\u00e3o\",\"juventude\",\"Pr\u00e9-Vestibular\",\"solidariedade\",\"solu\u00e7\u00e3o comunit\u00e1ria\",\"UFRJ\",\"Zona Norte\"],\"articleSection\":[\"*Destaque\",\"Escrito por Aliados\",\"Formas de Apoiar\",\"Fotorreportagens\",\"Qualidades da Favela\",\"Solu\u00e7\u00f5es\"],\"inLanguage\":\"pt-BR\"},{\"@type\":\"WebPage\",\"@id\":\"https:\/\/rioonwatch.org.br\/?p=37495\",\"url\":\"https:\/\/rioonwatch.org.br\/?p=37495\",\"name\":\"UniFavela Semea o Ensino Popular na Mar\u00e9 [IMAGENS] - RioOnWatch\",\"isPartOf\":{\"@id\":\"https:\/\/rioonwatch.org.br\/#website\"},\"primaryImageOfPage\":{\"@id\":\"https:\/\/rioonwatch.org.br\/?p=37495#primaryimage\"},\"image\":{\"@id\":\"https:\/\/rioonwatch.org.br\/?p=37495#primaryimage\"},\"thumbnailUrl\":\"https:\/\/rioonwatch.org.br\/wp-content\/uploads\/2018\/11\/Laerte-Breno_Unifavela_1_Foto-por-Antoine-Horenbeek-scaled.jpg\",\"datePublished\":\"2019-01-18T18:04:45+00:00\",\"dateModified\":\"2019-01-31T15:11:56+00:00\",\"breadcrumb\":{\"@id\":\"https:\/\/rioonwatch.org.br\/?p=37495#breadcrumb\"},\"inLanguage\":\"pt-BR\",\"potentialAction\":[{\"@type\":\"ReadAction\",\"target\":[\"https:\/\/rioonwatch.org.br\/?p=37495\"]}]},{\"@type\":\"ImageObject\",\"inLanguage\":\"pt-BR\",\"@id\":\"https:\/\/rioonwatch.org.br\/?p=37495#primaryimage\",\"url\":\"https:\/\/rioonwatch.org.br\/wp-content\/uploads\/2018\/11\/Laerte-Breno_Unifavela_1_Foto-por-Antoine-Horenbeek-scaled.jpg\",\"contentUrl\":\"https:\/\/rioonwatch.org.br\/wp-content\/uploads\/2018\/11\/Laerte-Breno_Unifavela_1_Foto-por-Antoine-Horenbeek-scaled.jpg\",\"width\":2560,\"height\":1712},{\"@type\":\"BreadcrumbList\",\"@id\":\"https:\/\/rioonwatch.org.br\/?p=37495#breadcrumb\",\"itemListElement\":[{\"@type\":\"ListItem\",\"position\":1,\"name\":\"In\u00edcio\",\"item\":\"https:\/\/rioonwatch.org.br\/\"},{\"@type\":\"ListItem\",\"position\":2,\"name\":\"UniFavela Semea o Ensino Popular na Mar\u00e9 [IMAGENS]\"}]},{\"@type\":\"WebSite\",\"@id\":\"https:\/\/rioonwatch.org.br\/#website\",\"url\":\"https:\/\/rioonwatch.org.br\/\",\"name\":\"RioOnWatch\",\"description\":\"relatos das favelas cariocas\",\"publisher\":{\"@id\":\"https:\/\/rioonwatch.org.br\/#organization\"},\"potentialAction\":[{\"@type\":\"SearchAction\",\"target\":{\"@type\":\"EntryPoint\",\"urlTemplate\":\"https:\/\/rioonwatch.org.br\/?s={search_term_string}\"},\"query-input\":{\"@type\":\"PropertyValueSpecification\",\"valueRequired\":true,\"valueName\":\"search_term_string\"}}],\"inLanguage\":\"pt-BR\"},{\"@type\":\"Organization\",\"@id\":\"https:\/\/rioonwatch.org.br\/#organization\",\"name\":\"RioOnWatch\",\"url\":\"https:\/\/rioonwatch.org.br\/\",\"logo\":{\"@type\":\"ImageObject\",\"inLanguage\":\"pt-BR\",\"@id\":\"https:\/\/rioonwatch.org.br\/#\/schema\/logo\/image\/\",\"url\":\"https:\/\/rioonwatch.org.br\/wp-content\/uploads\/2021\/06\/RioOnWatchcabecalhoPT11anos-2.png\",\"contentUrl\":\"https:\/\/rioonwatch.org.br\/wp-content\/uploads\/2021\/06\/RioOnWatchcabecalhoPT11anos-2.png\",\"width\":779,\"height\":277,\"caption\":\"RioOnWatch\"},\"image\":{\"@id\":\"https:\/\/rioonwatch.org.br\/#\/schema\/logo\/image\/\"}},{\"@type\":\"Person\",\"@id\":\"https:\/\/rioonwatch.org.br\/#\/schema\/person\/f1bea6ef98cd32c5a57844943e40e462\",\"name\":\"Mareen Butter\",\"image\":{\"@type\":\"ImageObject\",\"inLanguage\":\"pt-BR\",\"@id\":\"https:\/\/rioonwatch.org.br\/#\/schema\/person\/image\/\",\"url\":\"https:\/\/secure.gravatar.com\/avatar\/b2ae4d68f7bf56098ff20dd69d8abc1a?s=96&d=blank&r=g\",\"contentUrl\":\"https:\/\/secure.gravatar.com\/avatar\/b2ae4d68f7bf56098ff20dd69d8abc1a?s=96&d=blank&r=g\",\"caption\":\"Mareen Butter\"},\"url\":\"https:\/\/rioonwatch.org.br\/?author=161\"}]}<\/script>\n<!-- \/ Yoast SEO plugin. -->","yoast_head_json":{"title":"UniFavela Semea o Ensino Popular na Mar\u00e9 [IMAGENS] - RioOnWatch","robots":{"index":"index","follow":"follow","max-snippet":"max-snippet:-1","max-image-preview":"max-image-preview:large","max-video-preview":"max-video-preview:-1"},"canonical":"https:\/\/rioonwatch.org.br\/?p=37495","og_locale":"pt_BR","og_type":"article","og_title":"UniFavela Semea o Ensino Popular na Mar\u00e9 [IMAGENS] - RioOnWatch","og_description":"Click Here for English \u201cO nosso DNA n\u00e3o \u00e9 s\u00f3 nosso. T\u00eam milhares de anos de contato com outras bact\u00e9rias\u201d, Luana Silva dos Santos explica. Estava t\u00e3o quente naquela tarde de fim de primavera que [...]","og_url":"https:\/\/rioonwatch.org.br\/?p=37495","og_site_name":"RioOnWatch","article_published_time":"2019-01-18T18:04:45+00:00","article_modified_time":"2019-01-31T15:11:56+00:00","og_image":[{"width":2560,"height":1712,"url":"https:\/\/rioonwatch.org.br\/wp-content\/uploads\/2018\/11\/Laerte-Breno_Unifavela_1_Foto-por-Antoine-Horenbeek-scaled.jpg","type":"image\/jpeg"}],"author":"Mareen Butter","twitter_card":"summary_large_image","twitter_misc":{"Escrito por":"Mareen Butter","Est. tempo de leitura":"6 minutos"},"schema":{"@context":"https:\/\/schema.org","@graph":[{"@type":"Article","@id":"https:\/\/rioonwatch.org.br\/?p=37495#article","isPartOf":{"@id":"https:\/\/rioonwatch.org.br\/?p=37495"},"author":{"name":"Mareen Butter","@id":"https:\/\/rioonwatch.org.br\/#\/schema\/person\/f1bea6ef98cd32c5a57844943e40e462"},"headline":"UniFavela Semea o Ensino Popular na Mar\u00e9 [IMAGENS]","datePublished":"2019-01-18T18:04:45+00:00","dateModified":"2019-01-31T15:11:56+00:00","mainEntityOfPage":{"@id":"https:\/\/rioonwatch.org.br\/?p=37495"},"wordCount":1138,"publisher":{"@id":"https:\/\/rioonwatch.org.br\/#organization"},"image":{"@id":"https:\/\/rioonwatch.org.br\/?p=37495#primaryimage"},"thumbnailUrl":"https:\/\/rioonwatch.org.br\/wp-content\/uploads\/2018\/11\/Laerte-Breno_Unifavela_1_Foto-por-Antoine-Horenbeek-scaled.jpg","keywords":["acesso \u00e0 universidade","Complexo da Mar\u00e9","comunidade x academia","educa\u00e7\u00e3o","inclus\u00e3o","juventude","Pr\u00e9-Vestibular","solidariedade","solu\u00e7\u00e3o comunit\u00e1ria","UFRJ","Zona Norte"],"articleSection":["*Destaque","Escrito por Aliados","Formas de Apoiar","Fotorreportagens","Qualidades da Favela","Solu\u00e7\u00f5es"],"inLanguage":"pt-BR"},{"@type":"WebPage","@id":"https:\/\/rioonwatch.org.br\/?p=37495","url":"https:\/\/rioonwatch.org.br\/?p=37495","name":"UniFavela Semea o Ensino Popular na Mar\u00e9 [IMAGENS] - RioOnWatch","isPartOf":{"@id":"https:\/\/rioonwatch.org.br\/#website"},"primaryImageOfPage":{"@id":"https:\/\/rioonwatch.org.br\/?p=37495#primaryimage"},"image":{"@id":"https:\/\/rioonwatch.org.br\/?p=37495#primaryimage"},"thumbnailUrl":"https:\/\/rioonwatch.org.br\/wp-content\/uploads\/2018\/11\/Laerte-Breno_Unifavela_1_Foto-por-Antoine-Horenbeek-scaled.jpg","datePublished":"2019-01-18T18:04:45+00:00","dateModified":"2019-01-31T15:11:56+00:00","breadcrumb":{"@id":"https:\/\/rioonwatch.org.br\/?p=37495#breadcrumb"},"inLanguage":"pt-BR","potentialAction":[{"@type":"ReadAction","target":["https:\/\/rioonwatch.org.br\/?p=37495"]}]},{"@type":"ImageObject","inLanguage":"pt-BR","@id":"https:\/\/rioonwatch.org.br\/?p=37495#primaryimage","url":"https:\/\/rioonwatch.org.br\/wp-content\/uploads\/2018\/11\/Laerte-Breno_Unifavela_1_Foto-por-Antoine-Horenbeek-scaled.jpg","contentUrl":"https:\/\/rioonwatch.org.br\/wp-content\/uploads\/2018\/11\/Laerte-Breno_Unifavela_1_Foto-por-Antoine-Horenbeek-scaled.jpg","width":2560,"height":1712},{"@type":"BreadcrumbList","@id":"https:\/\/rioonwatch.org.br\/?p=37495#breadcrumb","itemListElement":[{"@type":"ListItem","position":1,"name":"In\u00edcio","item":"https:\/\/rioonwatch.org.br\/"},{"@type":"ListItem","position":2,"name":"UniFavela Semea o Ensino Popular na Mar\u00e9 [IMAGENS]"}]},{"@type":"WebSite","@id":"https:\/\/rioonwatch.org.br\/#website","url":"https:\/\/rioonwatch.org.br\/","name":"RioOnWatch","description":"relatos das favelas cariocas","publisher":{"@id":"https:\/\/rioonwatch.org.br\/#organization"},"potentialAction":[{"@type":"SearchAction","target":{"@type":"EntryPoint","urlTemplate":"https:\/\/rioonwatch.org.br\/?s={search_term_string}"},"query-input":{"@type":"PropertyValueSpecification","valueRequired":true,"valueName":"search_term_string"}}],"inLanguage":"pt-BR"},{"@type":"Organization","@id":"https:\/\/rioonwatch.org.br\/#organization","name":"RioOnWatch","url":"https:\/\/rioonwatch.org.br\/","logo":{"@type":"ImageObject","inLanguage":"pt-BR","@id":"https:\/\/rioonwatch.org.br\/#\/schema\/logo\/image\/","url":"https:\/\/rioonwatch.org.br\/wp-content\/uploads\/2021\/06\/RioOnWatchcabecalhoPT11anos-2.png","contentUrl":"https:\/\/rioonwatch.org.br\/wp-content\/uploads\/2021\/06\/RioOnWatchcabecalhoPT11anos-2.png","width":779,"height":277,"caption":"RioOnWatch"},"image":{"@id":"https:\/\/rioonwatch.org.br\/#\/schema\/logo\/image\/"}},{"@type":"Person","@id":"https:\/\/rioonwatch.org.br\/#\/schema\/person\/f1bea6ef98cd32c5a57844943e40e462","name":"Mareen Butter","image":{"@type":"ImageObject","inLanguage":"pt-BR","@id":"https:\/\/rioonwatch.org.br\/#\/schema\/person\/image\/","url":"https:\/\/secure.gravatar.com\/avatar\/b2ae4d68f7bf56098ff20dd69d8abc1a?s=96&d=blank&r=g","contentUrl":"https:\/\/secure.gravatar.com\/avatar\/b2ae4d68f7bf56098ff20dd69d8abc1a?s=96&d=blank&r=g","caption":"Mareen Butter"},"url":"https:\/\/rioonwatch.org.br\/?author=161"}]}},"_links":{"self":[{"href":"https:\/\/rioonwatch.org.br\/index.php?rest_route=\/wp\/v2\/posts\/37495"}],"collection":[{"href":"https:\/\/rioonwatch.org.br\/index.php?rest_route=\/wp\/v2\/posts"}],"about":[{"href":"https:\/\/rioonwatch.org.br\/index.php?rest_route=\/wp\/v2\/types\/post"}],"author":[{"embeddable":true,"href":"https:\/\/rioonwatch.org.br\/index.php?rest_route=\/wp\/v2\/users\/161"}],"replies":[{"embeddable":true,"href":"https:\/\/rioonwatch.org.br\/index.php?rest_route=%2Fwp%2Fv2%2Fcomments&post=37495"}],"version-history":[{"count":62,"href":"https:\/\/rioonwatch.org.br\/index.php?rest_route=\/wp\/v2\/posts\/37495\/revisions"}],"predecessor-version":[{"id":38671,"href":"https:\/\/rioonwatch.org.br\/index.php?rest_route=\/wp\/v2\/posts\/37495\/revisions\/38671"}],"wp:featuredmedia":[{"embeddable":true,"href":"https:\/\/rioonwatch.org.br\/index.php?rest_route=\/wp\/v2\/media\/37507"}],"wp:attachment":[{"href":"https:\/\/rioonwatch.org.br\/index.php?rest_route=%2Fwp%2Fv2%2Fmedia&parent=37495"}],"wp:term":[{"taxonomy":"category","embeddable":true,"href":"https:\/\/rioonwatch.org.br\/index.php?rest_route=%2Fwp%2Fv2%2Fcategories&post=37495"},{"taxonomy":"post_tag","embeddable":true,"href":"https:\/\/rioonwatch.org.br\/index.php?rest_route=%2Fwp%2Fv2%2Ftags&post=37495"},{"taxonomy":"writer","embeddable":true,"href":"https:\/\/rioonwatch.org.br\/index.php?rest_route=%2Fwp%2Fv2%2Fwriter&post=37495"},{"taxonomy":"translator","embeddable":true,"href":"https:\/\/rioonwatch.org.br\/index.php?rest_route=%2Fwp%2Fv2%2Ftranslator&post=37495"},{"taxonomy":"source","embeddable":true,"href":"https:\/\/rioonwatch.org.br\/index.php?rest_route=%2Fwp%2Fv2%2Fsource&post=37495"},{"taxonomy":"ilustrador","embeddable":true,"href":"https:\/\/rioonwatch.org.br\/index.php?rest_route=%2Fwp%2Fv2%2Filustrador&post=37495"},{"taxonomy":"fotografo","embeddable":true,"href":"https:\/\/rioonwatch.org.br\/index.php?rest_route=%2Fwp%2Fv2%2Ffotografo&post=37495"}],"curies":[{"name":"wp","href":"https:\/\/api.w.org\/{rel}","templated":true}]}}