{"id":37558,"date":"2018-11-22T10:39:16","date_gmt":"2018-11-22T13:39:16","guid":{"rendered":"http:\/\/rioonwatch.org.br\/?p=37558"},"modified":"2024-05-24T12:37:10","modified_gmt":"2024-05-24T15:37:10","slug":"mtst-ocupa-praia-do-leblon-para-reivindicar-direitos-e-celebrar-vidas-negras-imagens","status":"publish","type":"post","link":"https:\/\/rioonwatch.org.br\/?p=37558","title":{"rendered":"MTST Ocupa Praia do Leblon para Reivindicar Direitos e Celebrar Vidas Negras [IMAGENS]"},"content":{"rendered":"<p style=\"text-align: right;\"><em><strong><a href=\"http:\/\/bit.ly\/2TsFn0x\" target=\"_blank\" rel=\"noopener noreferrer\">Click Here for English<\/a><a href=\"http:\/\/bit.ly\/2QzhW33\" target=\"_blank\" rel=\"noopener noreferrer\"><img decoding=\"async\" width=\"20\" height=\"20\" class=\"alignright wp-image-15790\" src=\"http:\/\/rioonwatch.org.br\/wp-content\/uploads\/2012\/08\/EN-standard-e1439583104716.jpg\" \/><\/a><\/strong><\/em><\/p>\n<p>No \u00faltimo domingo, 18 de novembro, o <a href=\"http:\/\/bit.ly\/1UdqtEV\" target=\"_blank\" rel=\"noopener\">Movimento dos Trabalhadores Sem Teto<\/a>\u00a0(MTST) e as <a href=\"http:\/\/bit.ly\/2Fu9WzU\" target=\"_blank\" rel=\"noopener\">Brigadas Populares<\/a> (BP) celebraram o <a href=\"http:\/\/bit.ly\/2S2P9Vm\" target=\"_blank\" rel=\"noopener\">M\u00eas da Consci\u00eancia Negra<\/a> ocupando a praia do Leblon no Rio de Janeiro. Pela <a href=\"http:\/\/bit.ly\/2Bq0Ksp\" target=\"_blank\" rel=\"noopener\">quinta vez<\/a>, membros do MTST e de comunidades de todo o Rio foram para o <a href=\"http:\/\/bit.ly\/1OKB9XY\" target=\"_blank\" rel=\"noopener\">Leblon<\/a>, na <a href=\"http:\/\/bit.ly\/1mNsDyk\" target=\"_blank\" rel=\"noopener\">Zona Sul<\/a>, para o evento &#8220;<a href=\"http:\/\/bit.ly\/2S2X3yi\" target=\"_blank\" rel=\"noopener\">Leblon vai virar Palmares<\/a>&#8220;, uma celebra\u00e7\u00e3o pac\u00edfica das vidas e direitos dos negros. O nome do evento \u00e9 uma refer\u00eancia ao <a href=\"http:\/\/bit.ly\/2AbX1N1\" target=\"_blank\" rel=\"noopener\">Quilombo dos Palmares<\/a>\u00a0estabelecido durante o per\u00edodo colonial no estado de Alagoas, e um s\u00edmbolo da resist\u00eancia negra.<\/p>\n<p>O fot\u00f3grafo Antoine Horenbeek capturou cenas do ato para o <em>RioOnWatch<\/em>:<\/p>\n<h2><span class=\"Apple-style-span\" style=\"font-size: 35px; letter-spacing: -1px; line-height: 35px;\">A Passeata<\/span><\/h2>\n<p>O ato come\u00e7ou com uma passeata ao longo da praia do Leblon. Tantos adultos quanto crian\u00e7as participaram do protesto em mem\u00f3ria \u00e0 luta do l\u00edder quilombola <a href=\"http:\/\/bit.ly\/1V9EbMg\" target=\"_blank\" rel=\"noopener\">Zumbi dos Palmares<\/a> e de todos os negros que sofreram os <a href=\"https:\/\/bbc.in\/2Q6jK7l\" target=\"_blank\" rel=\"noopener\">efeitos da escravid\u00e3o<\/a>, e suas <a href=\"http:\/\/bit.ly\/2Gp2OnO\" target=\"_blank\" rel=\"noopener\">conseq\u00fc\u00eancias<\/a> nos dias atuais.<\/p>\n<p><a href=\"http:\/\/rioonwatch.org.br\/wp-content\/uploads\/2018\/11\/Leblon-vai-virar-palmares_1_Photo-by-Antoine-Horenbeek.jpg\"><img fetchpriority=\"high\" decoding=\"async\" class=\"aligncenter wp-image-37564 size-medium\" title=\"Foto: Antoine Horenbeek\" src=\"http:\/\/rioonwatch.org.br\/wp-content\/uploads\/2018\/11\/Leblon-vai-virar-palmares_1_Photo-by-Antoine-Horenbeek-620x413.jpg\" alt=\"\" width=\"620\" height=\"413\" srcset=\"https:\/\/rioonwatch.org.br\/wp-content\/uploads\/2018\/11\/Leblon-vai-virar-palmares_1_Photo-by-Antoine-Horenbeek-620x413.jpg 620w, https:\/\/rioonwatch.org.br\/wp-content\/uploads\/2018\/11\/Leblon-vai-virar-palmares_1_Photo-by-Antoine-Horenbeek-396x264.jpg 396w, https:\/\/rioonwatch.org.br\/wp-content\/uploads\/2018\/11\/Leblon-vai-virar-palmares_1_Photo-by-Antoine-Horenbeek-768x512.jpg 768w, https:\/\/rioonwatch.org.br\/wp-content\/uploads\/2018\/11\/Leblon-vai-virar-palmares_1_Photo-by-Antoine-Horenbeek-1024x682.jpg 1024w, https:\/\/rioonwatch.org.br\/wp-content\/uploads\/2018\/11\/Leblon-vai-virar-palmares_1_Photo-by-Antoine-Horenbeek.jpg 2000w\" sizes=\"(max-width: 620px) 100vw, 620px\" \/><\/a><\/p>\n<p><a href=\"http:\/\/rioonwatch.org.br\/wp-content\/uploads\/2018\/11\/Leblon-vai-virar-palmares_12_Photo-by-Antoine-Horenbeek-cover.jpg\"><img decoding=\"async\" class=\"aligncenter wp-image-37562 size-medium\" title=\"Foto: Antoine Horenbeek\" src=\"http:\/\/rioonwatch.org.br\/wp-content\/uploads\/2018\/11\/Leblon-vai-virar-palmares_12_Photo-by-Antoine-Horenbeek-cover-620x361.jpg\" alt=\"\" width=\"620\" height=\"361\" srcset=\"https:\/\/rioonwatch.org.br\/wp-content\/uploads\/2018\/11\/Leblon-vai-virar-palmares_12_Photo-by-Antoine-Horenbeek-cover-620x361.jpg 620w, https:\/\/rioonwatch.org.br\/wp-content\/uploads\/2018\/11\/Leblon-vai-virar-palmares_12_Photo-by-Antoine-Horenbeek-cover-1080x629.jpg 1080w, https:\/\/rioonwatch.org.br\/wp-content\/uploads\/2018\/11\/Leblon-vai-virar-palmares_12_Photo-by-Antoine-Horenbeek-cover-768x447.jpg 768w, https:\/\/rioonwatch.org.br\/wp-content\/uploads\/2018\/11\/Leblon-vai-virar-palmares_12_Photo-by-Antoine-Horenbeek-cover-1024x596.jpg 1024w, https:\/\/rioonwatch.org.br\/wp-content\/uploads\/2018\/11\/Leblon-vai-virar-palmares_12_Photo-by-Antoine-Horenbeek-cover.jpg 2000w\" sizes=\"(max-width: 620px) 100vw, 620px\" \/><\/a><\/p>\n<p><a href=\"http:\/\/rioonwatch.org.br\/wp-content\/uploads\/2018\/11\/Leblon-vai-virar-palmares_3_Photo-by-Antoine-Horenbeek.jpg\"><img loading=\"lazy\" decoding=\"async\" class=\"aligncenter size-medium wp-image-37566\" src=\"http:\/\/rioonwatch.org.br\/wp-content\/uploads\/2018\/11\/Leblon-vai-virar-palmares_3_Photo-by-Antoine-Horenbeek-620x413.jpg\" alt=\"\" width=\"620\" height=\"413\" srcset=\"https:\/\/rioonwatch.org.br\/wp-content\/uploads\/2018\/11\/Leblon-vai-virar-palmares_3_Photo-by-Antoine-Horenbeek-620x413.jpg 620w, https:\/\/rioonwatch.org.br\/wp-content\/uploads\/2018\/11\/Leblon-vai-virar-palmares_3_Photo-by-Antoine-Horenbeek-396x264.jpg 396w, https:\/\/rioonwatch.org.br\/wp-content\/uploads\/2018\/11\/Leblon-vai-virar-palmares_3_Photo-by-Antoine-Horenbeek-768x512.jpg 768w, https:\/\/rioonwatch.org.br\/wp-content\/uploads\/2018\/11\/Leblon-vai-virar-palmares_3_Photo-by-Antoine-Horenbeek-1024x682.jpg 1024w, https:\/\/rioonwatch.org.br\/wp-content\/uploads\/2018\/11\/Leblon-vai-virar-palmares_3_Photo-by-Antoine-Horenbeek.jpg 2000w\" sizes=\"(max-width: 620px) 100vw, 620px\" \/><\/a><\/p>\n<p><a href=\"http:\/\/rioonwatch.org.br\/wp-content\/uploads\/2018\/11\/Leblon-vai-virar-palmares_4_Photo-by-Antoine-Horenbeek.jpg\"><img loading=\"lazy\" decoding=\"async\" class=\"aligncenter wp-image-37567 size-medium\" title=\"Foto: Antoine Horenbeek\" src=\"http:\/\/rioonwatch.org.br\/wp-content\/uploads\/2018\/11\/Leblon-vai-virar-palmares_4_Photo-by-Antoine-Horenbeek-620x413.jpg\" alt=\"\" width=\"620\" height=\"413\" srcset=\"https:\/\/rioonwatch.org.br\/wp-content\/uploads\/2018\/11\/Leblon-vai-virar-palmares_4_Photo-by-Antoine-Horenbeek-620x413.jpg 620w, https:\/\/rioonwatch.org.br\/wp-content\/uploads\/2018\/11\/Leblon-vai-virar-palmares_4_Photo-by-Antoine-Horenbeek-396x264.jpg 396w, https:\/\/rioonwatch.org.br\/wp-content\/uploads\/2018\/11\/Leblon-vai-virar-palmares_4_Photo-by-Antoine-Horenbeek-768x512.jpg 768w, https:\/\/rioonwatch.org.br\/wp-content\/uploads\/2018\/11\/Leblon-vai-virar-palmares_4_Photo-by-Antoine-Horenbeek-1024x682.jpg 1024w, https:\/\/rioonwatch.org.br\/wp-content\/uploads\/2018\/11\/Leblon-vai-virar-palmares_4_Photo-by-Antoine-Horenbeek.jpg 2000w\" sizes=\"(max-width: 620px) 100vw, 620px\" \/><\/a><\/p>\n<h2><strong><span class=\"Apple-style-span\"><span class=\"Apple-style-span\" style=\"font-size: 35px; letter-spacing: -1px; line-height: 35px;\">A Praia<\/span><br \/>\n<\/span><\/strong><\/h2>\n<p>Ap\u00f3s a passeata, os participantes foram \u00e0 praia no Leblon\u2014um dos bairros mais ricos do Rio de Janeiro\u2014para curtir um momento com amigos e familiares no mar.<\/p>\n<p><a href=\"http:\/\/rioonwatch.org.br\/wp-content\/uploads\/2018\/11\/Leblon-vai-virar-palmares_6_Photo-by-Antoine-Horenbeek.jpg\"><img loading=\"lazy\" decoding=\"async\" class=\"aligncenter wp-image-37579 size-medium\" title=\"Foto: Antoine Horenbeek\" src=\"http:\/\/rioonwatch.org.br\/wp-content\/uploads\/2018\/11\/Leblon-vai-virar-palmares_6_Photo-by-Antoine-Horenbeek-620x413.jpg\" alt=\"\" width=\"620\" height=\"413\" srcset=\"https:\/\/rioonwatch.org.br\/wp-content\/uploads\/2018\/11\/Leblon-vai-virar-palmares_6_Photo-by-Antoine-Horenbeek-620x413.jpg 620w, https:\/\/rioonwatch.org.br\/wp-content\/uploads\/2018\/11\/Leblon-vai-virar-palmares_6_Photo-by-Antoine-Horenbeek-396x264.jpg 396w, https:\/\/rioonwatch.org.br\/wp-content\/uploads\/2018\/11\/Leblon-vai-virar-palmares_6_Photo-by-Antoine-Horenbeek-768x512.jpg 768w, https:\/\/rioonwatch.org.br\/wp-content\/uploads\/2018\/11\/Leblon-vai-virar-palmares_6_Photo-by-Antoine-Horenbeek-1024x682.jpg 1024w, https:\/\/rioonwatch.org.br\/wp-content\/uploads\/2018\/11\/Leblon-vai-virar-palmares_6_Photo-by-Antoine-Horenbeek.jpg 2000w\" sizes=\"(max-width: 620px) 100vw, 620px\" \/><\/a><\/p>\n<p><a href=\"http:\/\/rioonwatch.org.br\/wp-content\/uploads\/2018\/11\/Leblon-vai-virar-palmares_7_Photo-by-Antoine-Horenbeek.jpg\"><img loading=\"lazy\" decoding=\"async\" class=\"aligncenter wp-image-37580 size-medium\" title=\"Foto: Antoine Horenbeek\" src=\"http:\/\/rioonwatch.org.br\/wp-content\/uploads\/2018\/11\/Leblon-vai-virar-palmares_7_Photo-by-Antoine-Horenbeek-620x413.jpg\" alt=\"\" width=\"620\" height=\"413\" srcset=\"https:\/\/rioonwatch.org.br\/wp-content\/uploads\/2018\/11\/Leblon-vai-virar-palmares_7_Photo-by-Antoine-Horenbeek-620x413.jpg 620w, https:\/\/rioonwatch.org.br\/wp-content\/uploads\/2018\/11\/Leblon-vai-virar-palmares_7_Photo-by-Antoine-Horenbeek-396x264.jpg 396w, https:\/\/rioonwatch.org.br\/wp-content\/uploads\/2018\/11\/Leblon-vai-virar-palmares_7_Photo-by-Antoine-Horenbeek-768x512.jpg 768w, https:\/\/rioonwatch.org.br\/wp-content\/uploads\/2018\/11\/Leblon-vai-virar-palmares_7_Photo-by-Antoine-Horenbeek-1024x682.jpg 1024w, https:\/\/rioonwatch.org.br\/wp-content\/uploads\/2018\/11\/Leblon-vai-virar-palmares_7_Photo-by-Antoine-Horenbeek.jpg 2000w\" sizes=\"(max-width: 620px) 100vw, 620px\" \/><\/a><\/p>\n<p><a href=\"http:\/\/rioonwatch.org.br\/wp-content\/uploads\/2018\/11\/Leblon-vai-virar-palmares_8_Photo-by-Antoine-Horenbeek.jpg\"><img loading=\"lazy\" decoding=\"async\" class=\"aligncenter wp-image-37581 size-medium\" title=\"Foto: Antoine Horenbeek\" src=\"http:\/\/rioonwatch.org.br\/wp-content\/uploads\/2018\/11\/Leblon-vai-virar-palmares_8_Photo-by-Antoine-Horenbeek-620x413.jpg\" alt=\"\" width=\"620\" height=\"413\" srcset=\"https:\/\/rioonwatch.org.br\/wp-content\/uploads\/2018\/11\/Leblon-vai-virar-palmares_8_Photo-by-Antoine-Horenbeek-620x413.jpg 620w, https:\/\/rioonwatch.org.br\/wp-content\/uploads\/2018\/11\/Leblon-vai-virar-palmares_8_Photo-by-Antoine-Horenbeek-396x264.jpg 396w, https:\/\/rioonwatch.org.br\/wp-content\/uploads\/2018\/11\/Leblon-vai-virar-palmares_8_Photo-by-Antoine-Horenbeek-768x512.jpg 768w, https:\/\/rioonwatch.org.br\/wp-content\/uploads\/2018\/11\/Leblon-vai-virar-palmares_8_Photo-by-Antoine-Horenbeek-1024x682.jpg 1024w, https:\/\/rioonwatch.org.br\/wp-content\/uploads\/2018\/11\/Leblon-vai-virar-palmares_8_Photo-by-Antoine-Horenbeek.jpg 2000w\" sizes=\"(max-width: 620px) 100vw, 620px\" \/><\/a><\/p>\n<p><a href=\"http:\/\/rioonwatch.org.br\/wp-content\/uploads\/2018\/11\/Leblon-vai-virar-palmares_9_Photo-by-Antoine-Horenbeek.jpg\"><img loading=\"lazy\" decoding=\"async\" class=\"aligncenter wp-image-37582 size-medium\" title=\"Foto: Antoine Horenbeek\" src=\"http:\/\/rioonwatch.org.br\/wp-content\/uploads\/2018\/11\/Leblon-vai-virar-palmares_9_Photo-by-Antoine-Horenbeek-620x413.jpg\" alt=\"\" width=\"620\" height=\"413\" srcset=\"https:\/\/rioonwatch.org.br\/wp-content\/uploads\/2018\/11\/Leblon-vai-virar-palmares_9_Photo-by-Antoine-Horenbeek-620x413.jpg 620w, https:\/\/rioonwatch.org.br\/wp-content\/uploads\/2018\/11\/Leblon-vai-virar-palmares_9_Photo-by-Antoine-Horenbeek-396x264.jpg 396w, https:\/\/rioonwatch.org.br\/wp-content\/uploads\/2018\/11\/Leblon-vai-virar-palmares_9_Photo-by-Antoine-Horenbeek-768x512.jpg 768w, https:\/\/rioonwatch.org.br\/wp-content\/uploads\/2018\/11\/Leblon-vai-virar-palmares_9_Photo-by-Antoine-Horenbeek-1024x682.jpg 1024w, https:\/\/rioonwatch.org.br\/wp-content\/uploads\/2018\/11\/Leblon-vai-virar-palmares_9_Photo-by-Antoine-Horenbeek.jpg 2000w\" sizes=\"(max-width: 620px) 100vw, 620px\" \/><\/a><\/p>\n<h2><span class=\"Apple-style-span\" style=\"font-size: 35px; letter-spacing: -1px; line-height: 35px;\">A Mensagem<\/span><\/h2>\n<p>Os organizadores do evento prepararam e exibiram v\u00e1rias faixas com mensagens como &#8220;O Leblon Vai Virar Palmares&#8221;; &#8220;Na Luta do Povo, Faremos Palmares de Novo!&#8221;, &#8220;Saia da Escravid\u00e3o do Aluguel: Junte-se \u00e0s Brigadas Populares&#8221;, &#8220;Unidade Aberta por uma Nova Maioria&#8221;; &#8220;<a href=\"http:\/\/bit.ly\/2Gp2OnO\" target=\"_blank\" rel=\"noopener\">Vidas Negras Importam<\/a>&#8220;; &#8220;Ocupa\u00e7\u00e3o 6 de abril, Moradia e Paz&#8221;; &#8220;<a href=\"http:\/\/bit.ly\/2ibXBBl\" target=\"_blank\" rel=\"noopener\">Marielle Presente!<\/a>&#8220;; e &#8220;Trabalho e Teto&#8221;.<\/p>\n<p><a href=\"http:\/\/rioonwatch.org.br\/wp-content\/uploads\/2018\/11\/Leblon-vai-virar-palmares_5_Photo-by-Antoine-Horenbeek-1.jpg\"><img loading=\"lazy\" decoding=\"async\" class=\"aligncenter wp-image-37585 size-medium\" title=\"Foto: Antoine Horenbeek\" src=\"http:\/\/rioonwatch.org.br\/wp-content\/uploads\/2018\/11\/Leblon-vai-virar-palmares_5_Photo-by-Antoine-Horenbeek-1-620x413.jpg\" alt=\"\" width=\"620\" height=\"413\" srcset=\"https:\/\/rioonwatch.org.br\/wp-content\/uploads\/2018\/11\/Leblon-vai-virar-palmares_5_Photo-by-Antoine-Horenbeek-1-620x413.jpg 620w, https:\/\/rioonwatch.org.br\/wp-content\/uploads\/2018\/11\/Leblon-vai-virar-palmares_5_Photo-by-Antoine-Horenbeek-1-396x264.jpg 396w, https:\/\/rioonwatch.org.br\/wp-content\/uploads\/2018\/11\/Leblon-vai-virar-palmares_5_Photo-by-Antoine-Horenbeek-1-768x512.jpg 768w, https:\/\/rioonwatch.org.br\/wp-content\/uploads\/2018\/11\/Leblon-vai-virar-palmares_5_Photo-by-Antoine-Horenbeek-1-1024x682.jpg 1024w, https:\/\/rioonwatch.org.br\/wp-content\/uploads\/2018\/11\/Leblon-vai-virar-palmares_5_Photo-by-Antoine-Horenbeek-1.jpg 2000w\" sizes=\"(max-width: 620px) 100vw, 620px\" \/><\/a><\/p>\n<p><a href=\"http:\/\/rioonwatch.org.br\/wp-content\/uploads\/2018\/11\/Leblon-vai-virar-palmares_10_Photo-by-Antoine-Horenbeek.jpg\"><img loading=\"lazy\" decoding=\"async\" class=\"aligncenter wp-image-37586 size-medium\" title=\"Foto: Antoine Horenbeek\" src=\"http:\/\/rioonwatch.org.br\/wp-content\/uploads\/2018\/11\/Leblon-vai-virar-palmares_10_Photo-by-Antoine-Horenbeek-620x413.jpg\" alt=\"\" width=\"620\" height=\"413\" srcset=\"https:\/\/rioonwatch.org.br\/wp-content\/uploads\/2018\/11\/Leblon-vai-virar-palmares_10_Photo-by-Antoine-Horenbeek-620x413.jpg 620w, https:\/\/rioonwatch.org.br\/wp-content\/uploads\/2018\/11\/Leblon-vai-virar-palmares_10_Photo-by-Antoine-Horenbeek-396x264.jpg 396w, https:\/\/rioonwatch.org.br\/wp-content\/uploads\/2018\/11\/Leblon-vai-virar-palmares_10_Photo-by-Antoine-Horenbeek-768x512.jpg 768w, https:\/\/rioonwatch.org.br\/wp-content\/uploads\/2018\/11\/Leblon-vai-virar-palmares_10_Photo-by-Antoine-Horenbeek-1024x682.jpg 1024w, https:\/\/rioonwatch.org.br\/wp-content\/uploads\/2018\/11\/Leblon-vai-virar-palmares_10_Photo-by-Antoine-Horenbeek.jpg 2000w\" sizes=\"(max-width: 620px) 100vw, 620px\" \/><\/a><\/p>\n<p><a href=\"http:\/\/rioonwatch.org.br\/wp-content\/uploads\/2018\/11\/Leblon-vai-virar-palmares_11_Photo-by-Antoine-Horenbeek.jpg\"><img loading=\"lazy\" decoding=\"async\" class=\"aligncenter wp-image-37587 size-medium\" title=\"Foto: Antoine Horenbeek\" src=\"http:\/\/rioonwatch.org.br\/wp-content\/uploads\/2018\/11\/Leblon-vai-virar-palmares_11_Photo-by-Antoine-Horenbeek-620x413.jpg\" alt=\"\" width=\"620\" height=\"413\" srcset=\"https:\/\/rioonwatch.org.br\/wp-content\/uploads\/2018\/11\/Leblon-vai-virar-palmares_11_Photo-by-Antoine-Horenbeek-620x413.jpg 620w, https:\/\/rioonwatch.org.br\/wp-content\/uploads\/2018\/11\/Leblon-vai-virar-palmares_11_Photo-by-Antoine-Horenbeek-396x264.jpg 396w, https:\/\/rioonwatch.org.br\/wp-content\/uploads\/2018\/11\/Leblon-vai-virar-palmares_11_Photo-by-Antoine-Horenbeek-768x512.jpg 768w, https:\/\/rioonwatch.org.br\/wp-content\/uploads\/2018\/11\/Leblon-vai-virar-palmares_11_Photo-by-Antoine-Horenbeek-1024x682.jpg 1024w, https:\/\/rioonwatch.org.br\/wp-content\/uploads\/2018\/11\/Leblon-vai-virar-palmares_11_Photo-by-Antoine-Horenbeek.jpg 2000w\" sizes=\"(max-width: 620px) 100vw, 620px\" \/><\/a><\/p>\n<!-- AddThis Advanced Settings generic via filter on the_content --><!-- AddThis Share Buttons generic via filter on the_content -->","protected":false},"excerpt":{"rendered":"<div class=\"mh-excerpt\"><p>Click Here for English No \u00faltimo domingo, 18 de novembro, o Movimento dos Trabalhadores Sem Teto\u00a0(MTST) e as Brigadas Populares (BP) celebraram o M\u00eas da Consci\u00eancia Negra ocupando a praia do Leblon no Rio de <a class=\"mh-excerpt-more\" href=\"https:\/\/rioonwatch.org.br\/?p=37558\" title=\"MTST Ocupa Praia do Leblon para Reivindicar Direitos e Celebrar Vidas Negras [IMAGENS]\">[&#8230;]<\/a><!-- AddThis Advanced Settings generic via filter on get_the_excerpt --><!-- AddThis Share Buttons generic via filter on get_the_excerpt --><\/p>\n<\/div>","protected":false},"author":129,"featured_media":37562,"comment_status":"closed","ping_status":"closed","sticky":false,"template":"","format":"standard","meta":{"_acf_changed":false,"_monsterinsights_skip_tracking":false,"_monsterinsights_sitenote_active":false,"_monsterinsights_sitenote_note":"","_monsterinsights_sitenote_category":0,"footnotes":""},"categories":[1621,1627,1626,1633,1612],"tags":[3253,2159,513,424,88,922,83,2559,2033,915,1217,265,407,935,763,567,383,1330],"writer":[2346],"translator":[],"source":[],"ilustrador":[],"fotografo":[],"class_list":{"0":"post-37558","1":"post","2":"type-post","3":"status-publish","4":"format-standard","5":"has-post-thumbnail","7":"category-destaque","8":"category-relato-de-evento","9":"category-por-observadores-internacionais","10":"category-foto-reportagens","11":"category-sociedade-civil","12":"tag-antirracismo","13":"tag-black-lives-matter","14":"tag-cultura-afro-brasileira","15":"tag-direito-a-moradia","16":"tag-direitos-humanos","17":"tag-evento","18":"tag-fotografia","19":"tag-instagram","20":"tag-marielle-franco","21":"tag-mes-da-consciencia-negra","22":"tag-mtst","23":"tag-nordeste","24":"tag-ocupacao","25":"tag-praia","26":"tag-protesto","27":"tag-quilombo","28":"tag-zona-sul","29":"tag-zumbi-dos-palmares","30":"writer-antoine-horenbeek"},"acf":[],"yoast_head":"<!-- This site is optimized with the Yoast SEO plugin v25.6 - https:\/\/yoast.com\/wordpress\/plugins\/seo\/ -->\n<title>MTST Ocupa Praia do Leblon para Reivindicar Direitos e Celebrar Vidas Negras [IMAGENS] - RioOnWatch<\/title>\n<meta name=\"robots\" content=\"index, follow, max-snippet:-1, max-image-preview:large, max-video-preview:-1\" \/>\n<link rel=\"canonical\" href=\"https:\/\/rioonwatch.org.br\/?p=37558\" \/>\n<meta property=\"og:locale\" content=\"pt_BR\" \/>\n<meta property=\"og:type\" content=\"article\" \/>\n<meta property=\"og:title\" content=\"MTST Ocupa Praia do Leblon para Reivindicar Direitos e Celebrar Vidas Negras [IMAGENS] - RioOnWatch\" \/>\n<meta property=\"og:description\" content=\"Click Here for English No \u00faltimo domingo, 18 de novembro, o Movimento dos Trabalhadores Sem Teto\u00a0(MTST) e as Brigadas Populares (BP) celebraram o M\u00eas da Consci\u00eancia Negra ocupando a praia do Leblon no Rio de [...]\" \/>\n<meta property=\"og:url\" content=\"https:\/\/rioonwatch.org.br\/?p=37558\" \/>\n<meta property=\"og:site_name\" content=\"RioOnWatch\" \/>\n<meta property=\"article:published_time\" content=\"2018-11-22T13:39:16+00:00\" \/>\n<meta property=\"article:modified_time\" content=\"2024-05-24T15:37:10+00:00\" \/>\n<meta property=\"og:image\" content=\"https:\/\/rioonwatch.org.br\/wp-content\/uploads\/2018\/11\/Leblon-vai-virar-palmares_12_Photo-by-Antoine-Horenbeek-cover.jpg\" \/>\n\t<meta property=\"og:image:width\" content=\"2000\" \/>\n\t<meta property=\"og:image:height\" content=\"1165\" \/>\n\t<meta property=\"og:image:type\" content=\"image\/jpeg\" \/>\n<meta name=\"author\" content=\"Admin\" \/>\n<meta name=\"twitter:card\" content=\"summary_large_image\" \/>\n<meta name=\"twitter:label1\" content=\"Escrito por\" \/>\n\t<meta name=\"twitter:data1\" content=\"Admin\" \/>\n\t<meta name=\"twitter:label2\" content=\"Est. tempo de leitura\" \/>\n\t<meta name=\"twitter:data2\" content=\"1 minuto\" \/>\n<script type=\"application\/ld+json\" class=\"yoast-schema-graph\">{\"@context\":\"https:\/\/schema.org\",\"@graph\":[{\"@type\":\"Article\",\"@id\":\"https:\/\/rioonwatch.org.br\/?p=37558#article\",\"isPartOf\":{\"@id\":\"https:\/\/rioonwatch.org.br\/?p=37558\"},\"author\":{\"name\":\"Admin\",\"@id\":\"https:\/\/rioonwatch.org.br\/#\/schema\/person\/11d64c290506f9df50c71b850c473f68\"},\"headline\":\"MTST Ocupa Praia do Leblon para Reivindicar Direitos e Celebrar Vidas Negras [IMAGENS]\",\"datePublished\":\"2018-11-22T13:39:16+00:00\",\"dateModified\":\"2024-05-24T15:37:10+00:00\",\"mainEntityOfPage\":{\"@id\":\"https:\/\/rioonwatch.org.br\/?p=37558\"},\"wordCount\":274,\"publisher\":{\"@id\":\"https:\/\/rioonwatch.org.br\/#organization\"},\"image\":{\"@id\":\"https:\/\/rioonwatch.org.br\/?p=37558#primaryimage\"},\"thumbnailUrl\":\"https:\/\/rioonwatch.org.br\/wp-content\/uploads\/2018\/11\/Leblon-vai-virar-palmares_12_Photo-by-Antoine-Horenbeek-cover.jpg\",\"keywords\":[\"Antirracismo\",\"Black Lives Matter\",\"Cultura Afro-brasileira\",\"Direito \u00e0 Moradia\",\"Direitos Humanos\",\"evento\",\"fotografia\",\"Instagram\",\"Marielle Franco\",\"M\u00eas da Consci\u00eancia Negra\",\"MTST\",\"Nordeste\",\"Ocupa\u00e7\u00e3o\",\"praia\",\"protesto\",\"Quilombo\",\"Zona Sul\",\"Zumbi dos Palmares\"],\"articleSection\":[\"*Destaque\",\"Cobertura de Eventos\",\"Escrito por Aliados\",\"Fotorreportagens\",\"Sociedade Civil\"],\"inLanguage\":\"pt-BR\"},{\"@type\":\"WebPage\",\"@id\":\"https:\/\/rioonwatch.org.br\/?p=37558\",\"url\":\"https:\/\/rioonwatch.org.br\/?p=37558\",\"name\":\"MTST Ocupa Praia do Leblon para Reivindicar Direitos e Celebrar Vidas Negras [IMAGENS] - RioOnWatch\",\"isPartOf\":{\"@id\":\"https:\/\/rioonwatch.org.br\/#website\"},\"primaryImageOfPage\":{\"@id\":\"https:\/\/rioonwatch.org.br\/?p=37558#primaryimage\"},\"image\":{\"@id\":\"https:\/\/rioonwatch.org.br\/?p=37558#primaryimage\"},\"thumbnailUrl\":\"https:\/\/rioonwatch.org.br\/wp-content\/uploads\/2018\/11\/Leblon-vai-virar-palmares_12_Photo-by-Antoine-Horenbeek-cover.jpg\",\"datePublished\":\"2018-11-22T13:39:16+00:00\",\"dateModified\":\"2024-05-24T15:37:10+00:00\",\"breadcrumb\":{\"@id\":\"https:\/\/rioonwatch.org.br\/?p=37558#breadcrumb\"},\"inLanguage\":\"pt-BR\",\"potentialAction\":[{\"@type\":\"ReadAction\",\"target\":[\"https:\/\/rioonwatch.org.br\/?p=37558\"]}]},{\"@type\":\"ImageObject\",\"inLanguage\":\"pt-BR\",\"@id\":\"https:\/\/rioonwatch.org.br\/?p=37558#primaryimage\",\"url\":\"https:\/\/rioonwatch.org.br\/wp-content\/uploads\/2018\/11\/Leblon-vai-virar-palmares_12_Photo-by-Antoine-Horenbeek-cover.jpg\",\"contentUrl\":\"https:\/\/rioonwatch.org.br\/wp-content\/uploads\/2018\/11\/Leblon-vai-virar-palmares_12_Photo-by-Antoine-Horenbeek-cover.jpg\",\"width\":2000,\"height\":1165},{\"@type\":\"BreadcrumbList\",\"@id\":\"https:\/\/rioonwatch.org.br\/?p=37558#breadcrumb\",\"itemListElement\":[{\"@type\":\"ListItem\",\"position\":1,\"name\":\"In\u00edcio\",\"item\":\"https:\/\/rioonwatch.org.br\/\"},{\"@type\":\"ListItem\",\"position\":2,\"name\":\"MTST Ocupa Praia do Leblon para Reivindicar Direitos e Celebrar Vidas Negras [IMAGENS]\"}]},{\"@type\":\"WebSite\",\"@id\":\"https:\/\/rioonwatch.org.br\/#website\",\"url\":\"https:\/\/rioonwatch.org.br\/\",\"name\":\"RioOnWatch\",\"description\":\"relatos das favelas cariocas\",\"publisher\":{\"@id\":\"https:\/\/rioonwatch.org.br\/#organization\"},\"potentialAction\":[{\"@type\":\"SearchAction\",\"target\":{\"@type\":\"EntryPoint\",\"urlTemplate\":\"https:\/\/rioonwatch.org.br\/?s={search_term_string}\"},\"query-input\":{\"@type\":\"PropertyValueSpecification\",\"valueRequired\":true,\"valueName\":\"search_term_string\"}}],\"inLanguage\":\"pt-BR\"},{\"@type\":\"Organization\",\"@id\":\"https:\/\/rioonwatch.org.br\/#organization\",\"name\":\"RioOnWatch\",\"url\":\"https:\/\/rioonwatch.org.br\/\",\"logo\":{\"@type\":\"ImageObject\",\"inLanguage\":\"pt-BR\",\"@id\":\"https:\/\/rioonwatch.org.br\/#\/schema\/logo\/image\/\",\"url\":\"https:\/\/rioonwatch.org.br\/wp-content\/uploads\/2021\/06\/RioOnWatchcabecalhoPT11anos-2.png\",\"contentUrl\":\"https:\/\/rioonwatch.org.br\/wp-content\/uploads\/2021\/06\/RioOnWatchcabecalhoPT11anos-2.png\",\"width\":779,\"height\":277,\"caption\":\"RioOnWatch\"},\"image\":{\"@id\":\"https:\/\/rioonwatch.org.br\/#\/schema\/logo\/image\/\"}},{\"@type\":\"Person\",\"@id\":\"https:\/\/rioonwatch.org.br\/#\/schema\/person\/11d64c290506f9df50c71b850c473f68\",\"name\":\"Admin\",\"image\":{\"@type\":\"ImageObject\",\"inLanguage\":\"pt-BR\",\"@id\":\"https:\/\/rioonwatch.org.br\/#\/schema\/person\/image\/\",\"url\":\"https:\/\/secure.gravatar.com\/avatar\/56211ac74568383903349a1485e3c325?s=96&d=blank&r=g\",\"contentUrl\":\"https:\/\/secure.gravatar.com\/avatar\/56211ac74568383903349a1485e3c325?s=96&d=blank&r=g\",\"caption\":\"Admin\"},\"url\":\"https:\/\/rioonwatch.org.br\/?author=129\"}]}<\/script>\n<!-- \/ Yoast SEO plugin. -->","yoast_head_json":{"title":"MTST Ocupa Praia do Leblon para Reivindicar Direitos e Celebrar Vidas Negras [IMAGENS] - RioOnWatch","robots":{"index":"index","follow":"follow","max-snippet":"max-snippet:-1","max-image-preview":"max-image-preview:large","max-video-preview":"max-video-preview:-1"},"canonical":"https:\/\/rioonwatch.org.br\/?p=37558","og_locale":"pt_BR","og_type":"article","og_title":"MTST Ocupa Praia do Leblon para Reivindicar Direitos e Celebrar Vidas Negras [IMAGENS] - RioOnWatch","og_description":"Click Here for English No \u00faltimo domingo, 18 de novembro, o Movimento dos Trabalhadores Sem Teto\u00a0(MTST) e as Brigadas Populares (BP) celebraram o M\u00eas da Consci\u00eancia Negra ocupando a praia do Leblon no Rio de [...]","og_url":"https:\/\/rioonwatch.org.br\/?p=37558","og_site_name":"RioOnWatch","article_published_time":"2018-11-22T13:39:16+00:00","article_modified_time":"2024-05-24T15:37:10+00:00","og_image":[{"width":2000,"height":1165,"url":"https:\/\/rioonwatch.org.br\/wp-content\/uploads\/2018\/11\/Leblon-vai-virar-palmares_12_Photo-by-Antoine-Horenbeek-cover.jpg","type":"image\/jpeg"}],"author":"Admin","twitter_card":"summary_large_image","twitter_misc":{"Escrito por":"Admin","Est. tempo de leitura":"1 minuto"},"schema":{"@context":"https:\/\/schema.org","@graph":[{"@type":"Article","@id":"https:\/\/rioonwatch.org.br\/?p=37558#article","isPartOf":{"@id":"https:\/\/rioonwatch.org.br\/?p=37558"},"author":{"name":"Admin","@id":"https:\/\/rioonwatch.org.br\/#\/schema\/person\/11d64c290506f9df50c71b850c473f68"},"headline":"MTST Ocupa Praia do Leblon para Reivindicar Direitos e Celebrar Vidas Negras [IMAGENS]","datePublished":"2018-11-22T13:39:16+00:00","dateModified":"2024-05-24T15:37:10+00:00","mainEntityOfPage":{"@id":"https:\/\/rioonwatch.org.br\/?p=37558"},"wordCount":274,"publisher":{"@id":"https:\/\/rioonwatch.org.br\/#organization"},"image":{"@id":"https:\/\/rioonwatch.org.br\/?p=37558#primaryimage"},"thumbnailUrl":"https:\/\/rioonwatch.org.br\/wp-content\/uploads\/2018\/11\/Leblon-vai-virar-palmares_12_Photo-by-Antoine-Horenbeek-cover.jpg","keywords":["Antirracismo","Black Lives Matter","Cultura Afro-brasileira","Direito \u00e0 Moradia","Direitos Humanos","evento","fotografia","Instagram","Marielle Franco","M\u00eas da Consci\u00eancia Negra","MTST","Nordeste","Ocupa\u00e7\u00e3o","praia","protesto","Quilombo","Zona Sul","Zumbi dos Palmares"],"articleSection":["*Destaque","Cobertura de Eventos","Escrito por Aliados","Fotorreportagens","Sociedade Civil"],"inLanguage":"pt-BR"},{"@type":"WebPage","@id":"https:\/\/rioonwatch.org.br\/?p=37558","url":"https:\/\/rioonwatch.org.br\/?p=37558","name":"MTST Ocupa Praia do Leblon para Reivindicar Direitos e Celebrar Vidas Negras [IMAGENS] - RioOnWatch","isPartOf":{"@id":"https:\/\/rioonwatch.org.br\/#website"},"primaryImageOfPage":{"@id":"https:\/\/rioonwatch.org.br\/?p=37558#primaryimage"},"image":{"@id":"https:\/\/rioonwatch.org.br\/?p=37558#primaryimage"},"thumbnailUrl":"https:\/\/rioonwatch.org.br\/wp-content\/uploads\/2018\/11\/Leblon-vai-virar-palmares_12_Photo-by-Antoine-Horenbeek-cover.jpg","datePublished":"2018-11-22T13:39:16+00:00","dateModified":"2024-05-24T15:37:10+00:00","breadcrumb":{"@id":"https:\/\/rioonwatch.org.br\/?p=37558#breadcrumb"},"inLanguage":"pt-BR","potentialAction":[{"@type":"ReadAction","target":["https:\/\/rioonwatch.org.br\/?p=37558"]}]},{"@type":"ImageObject","inLanguage":"pt-BR","@id":"https:\/\/rioonwatch.org.br\/?p=37558#primaryimage","url":"https:\/\/rioonwatch.org.br\/wp-content\/uploads\/2018\/11\/Leblon-vai-virar-palmares_12_Photo-by-Antoine-Horenbeek-cover.jpg","contentUrl":"https:\/\/rioonwatch.org.br\/wp-content\/uploads\/2018\/11\/Leblon-vai-virar-palmares_12_Photo-by-Antoine-Horenbeek-cover.jpg","width":2000,"height":1165},{"@type":"BreadcrumbList","@id":"https:\/\/rioonwatch.org.br\/?p=37558#breadcrumb","itemListElement":[{"@type":"ListItem","position":1,"name":"In\u00edcio","item":"https:\/\/rioonwatch.org.br\/"},{"@type":"ListItem","position":2,"name":"MTST Ocupa Praia do Leblon para Reivindicar Direitos e Celebrar Vidas Negras [IMAGENS]"}]},{"@type":"WebSite","@id":"https:\/\/rioonwatch.org.br\/#website","url":"https:\/\/rioonwatch.org.br\/","name":"RioOnWatch","description":"relatos das favelas cariocas","publisher":{"@id":"https:\/\/rioonwatch.org.br\/#organization"},"potentialAction":[{"@type":"SearchAction","target":{"@type":"EntryPoint","urlTemplate":"https:\/\/rioonwatch.org.br\/?s={search_term_string}"},"query-input":{"@type":"PropertyValueSpecification","valueRequired":true,"valueName":"search_term_string"}}],"inLanguage":"pt-BR"},{"@type":"Organization","@id":"https:\/\/rioonwatch.org.br\/#organization","name":"RioOnWatch","url":"https:\/\/rioonwatch.org.br\/","logo":{"@type":"ImageObject","inLanguage":"pt-BR","@id":"https:\/\/rioonwatch.org.br\/#\/schema\/logo\/image\/","url":"https:\/\/rioonwatch.org.br\/wp-content\/uploads\/2021\/06\/RioOnWatchcabecalhoPT11anos-2.png","contentUrl":"https:\/\/rioonwatch.org.br\/wp-content\/uploads\/2021\/06\/RioOnWatchcabecalhoPT11anos-2.png","width":779,"height":277,"caption":"RioOnWatch"},"image":{"@id":"https:\/\/rioonwatch.org.br\/#\/schema\/logo\/image\/"}},{"@type":"Person","@id":"https:\/\/rioonwatch.org.br\/#\/schema\/person\/11d64c290506f9df50c71b850c473f68","name":"Admin","image":{"@type":"ImageObject","inLanguage":"pt-BR","@id":"https:\/\/rioonwatch.org.br\/#\/schema\/person\/image\/","url":"https:\/\/secure.gravatar.com\/avatar\/56211ac74568383903349a1485e3c325?s=96&d=blank&r=g","contentUrl":"https:\/\/secure.gravatar.com\/avatar\/56211ac74568383903349a1485e3c325?s=96&d=blank&r=g","caption":"Admin"},"url":"https:\/\/rioonwatch.org.br\/?author=129"}]}},"_links":{"self":[{"href":"https:\/\/rioonwatch.org.br\/index.php?rest_route=\/wp\/v2\/posts\/37558"}],"collection":[{"href":"https:\/\/rioonwatch.org.br\/index.php?rest_route=\/wp\/v2\/posts"}],"about":[{"href":"https:\/\/rioonwatch.org.br\/index.php?rest_route=\/wp\/v2\/types\/post"}],"author":[{"embeddable":true,"href":"https:\/\/rioonwatch.org.br\/index.php?rest_route=\/wp\/v2\/users\/129"}],"replies":[{"embeddable":true,"href":"https:\/\/rioonwatch.org.br\/index.php?rest_route=%2Fwp%2Fv2%2Fcomments&post=37558"}],"version-history":[{"count":16,"href":"https:\/\/rioonwatch.org.br\/index.php?rest_route=\/wp\/v2\/posts\/37558\/revisions"}],"predecessor-version":[{"id":37607,"href":"https:\/\/rioonwatch.org.br\/index.php?rest_route=\/wp\/v2\/posts\/37558\/revisions\/37607"}],"wp:featuredmedia":[{"embeddable":true,"href":"https:\/\/rioonwatch.org.br\/index.php?rest_route=\/wp\/v2\/media\/37562"}],"wp:attachment":[{"href":"https:\/\/rioonwatch.org.br\/index.php?rest_route=%2Fwp%2Fv2%2Fmedia&parent=37558"}],"wp:term":[{"taxonomy":"category","embeddable":true,"href":"https:\/\/rioonwatch.org.br\/index.php?rest_route=%2Fwp%2Fv2%2Fcategories&post=37558"},{"taxonomy":"post_tag","embeddable":true,"href":"https:\/\/rioonwatch.org.br\/index.php?rest_route=%2Fwp%2Fv2%2Ftags&post=37558"},{"taxonomy":"writer","embeddable":true,"href":"https:\/\/rioonwatch.org.br\/index.php?rest_route=%2Fwp%2Fv2%2Fwriter&post=37558"},{"taxonomy":"translator","embeddable":true,"href":"https:\/\/rioonwatch.org.br\/index.php?rest_route=%2Fwp%2Fv2%2Ftranslator&post=37558"},{"taxonomy":"source","embeddable":true,"href":"https:\/\/rioonwatch.org.br\/index.php?rest_route=%2Fwp%2Fv2%2Fsource&post=37558"},{"taxonomy":"ilustrador","embeddable":true,"href":"https:\/\/rioonwatch.org.br\/index.php?rest_route=%2Fwp%2Fv2%2Filustrador&post=37558"},{"taxonomy":"fotografo","embeddable":true,"href":"https:\/\/rioonwatch.org.br\/index.php?rest_route=%2Fwp%2Fv2%2Ffotografo&post=37558"}],"curies":[{"name":"wp","href":"https:\/\/api.w.org\/{rel}","templated":true}]}}