{"id":37569,"date":"2018-11-23T10:04:39","date_gmt":"2018-11-23T13:04:39","guid":{"rendered":"http:\/\/rioonwatch.org.br\/?p=37569"},"modified":"2022-10-11T09:26:18","modified_gmt":"2022-10-11T12:26:18","slug":"dissertacao-de-mestrado-de-marielle-franco-e-lancada-no-dia-que-marca-oito-meses-de-seu-assassinato","status":"publish","type":"post","link":"https:\/\/rioonwatch.org.br\/?p=37569","title":{"rendered":"Disserta\u00e7\u00e3o de Marielle \u00e9 Lan\u00e7ada no Dia que Marca Oito Meses de Seu Assassinato"},"content":{"rendered":"<p style=\"text-align: right;\"><em><strong><a href=\"http:\/\/bit.ly\/2QTEw7f\" target=\"_blank\" rel=\"noopener noreferrer\">Click Here for English<\/a><a href=\"http:\/\/bit.ly\/2QzhW33\" target=\"_blank\" rel=\"noopener noreferrer\"><img decoding=\"async\" width=\"20\" height=\"20\" class=\"alignright wp-image-15790\" src=\"http:\/\/rioonwatch.org.br\/wp-content\/uploads\/2012\/08\/EN-standard-e1439583104716.jpg\" \/><\/a><\/strong><\/em><\/p>\n<p style=\"text-align: left;\">&#8220;<span style=\"font-weight: 400;\">Brasil, chegou a vez de ouvir as Marias, Mahins, Marielles, Mal\u00eas<\/span>&#8220;, evoca o\u00a0<a href=\"http:\/\/bit.ly\/2CJcTKB\" target=\"_blank\" rel=\"noopener\">samba enredo do Carnaval de 2019<\/a>\u00a0da\u00a0<a href=\"http:\/\/bit.ly\/2EA97Um\" target=\"_blank\" rel=\"noopener\">Mangueira<\/a>. O samba \u00e9 uma homenagem \u00e0\u00a0<a href=\"http:\/\/bit.ly\/2uHq4VY\" target=\"_blank\" rel=\"noopener\">Marielle Franco<\/a>, e a inclui na \u201chist\u00f3ria alternativa\u201d do Brasil que a m\u00fasica exp\u00f5e. No dia 14 de novembro, essas palavras reverberaram dentro da C\u00e2mara dos Vereadores do Rio de Janeiro, no Centro do Rio, com o <a href=\"http:\/\/bit.ly\/2zhs8qO\" target=\"_blank\" rel=\"noopener\">lan\u00e7amento<\/a> da <a href=\"http:\/\/bit.ly\/2FEJB1U\" target=\"_blank\" rel=\"noopener\">disserta\u00e7\u00e3o de mestrado de Marielle<\/a>.<\/p>\n<p><a href=\"http:\/\/rioonwatch.org.br\/wp-content\/uploads\/2018\/11\/marielle-disserta\u00e7\u00e3o.jpg\"><img fetchpriority=\"high\" decoding=\"async\" class=\"aligncenter wp-image-37572 size-content\" title=\"Disserta\u00e7\u00e3o de Marielle. Foto: N-1 Edi\u00e7\u00f5es.\" src=\"http:\/\/rioonwatch.org.br\/wp-content\/uploads\/2018\/11\/marielle-disserta\u00e7\u00e3o-620x264.jpg\" alt=\"\" width=\"620\" height=\"264\" srcset=\"https:\/\/rioonwatch.org.br\/wp-content\/uploads\/2018\/11\/marielle-disserta\u00e7\u00e3o-620x264.jpg 620w, https:\/\/rioonwatch.org.br\/wp-content\/uploads\/2018\/11\/marielle-disserta\u00e7\u00e3o-940x400.jpg 940w\" sizes=\"(max-width: 620px) 100vw, 620px\" \/><\/a><\/p>\n<p style=\"text-align: left;\">Os estudos de Marielle em administra\u00e7\u00e3o p\u00fablica na <a href=\"http:\/\/bit.ly\/2O8eITu\" target=\"_blank\" rel=\"noopener\">UFF<\/a>\u00a0culminaram em uma disserta\u00e7\u00e3o que envolve o papel das <a href=\"http:\/\/bit.ly\/R5ueio\" target=\"_blank\" rel=\"noopener\">Unidades de Pol\u00edcia Pacificadora<\/a> (UPPs) nas favelas e a repress\u00e3o que elas perpetuaram. A publica\u00e7\u00e3o\u2014intitulada \u201c<a href=\"http:\/\/bit.ly\/2A7se3U\" target=\"_blank\" rel=\"noopener\">UPP, A Redu\u00e7\u00e3o da Favela A Tr\u00eas Letras<\/a>: uma an\u00e1lise da pol\u00edtica de seguran\u00e7a p\u00fablica no estado do Rio de Janeiro\u201d\u2014marca os oito meses desde o <a href=\"https:\/\/abr.ai\/2JpsgYA\" target=\"_blank\" rel=\"noopener\">assassinato<\/a> de Marielle.<\/p>\n<p>Em uma atmosfera de tristeza e intransig\u00eancia, o evento de lan\u00e7amento contou com uma variedade de palestrantes, presentes e em grava\u00e7\u00f5es, que conheceram Marielle e seu trabalho de perto, como seus colegas do <a href=\"http:\/\/bit.ly\/2LPq1yE\" target=\"_blank\" rel=\"noopener\">PSOL<\/a> <a href=\"http:\/\/bit.ly\/2cGt79l\" target=\"_blank\" rel=\"noopener\">Marcelo Freixo<\/a>,\u00a0<a href=\"http:\/\/bit.ly\/2qZseif\" target=\"_blank\" rel=\"noopener\">Renata Souza<\/a>, <a href=\"http:\/\/bit.ly\/2PFET8V\" target=\"_blank\" rel=\"noopener\">Tarc\u00edsio Motta<\/a>,\u00a0<a href=\"http:\/\/bit.ly\/2N8vHZw\" target=\"_blank\" rel=\"noopener\">David Miranda<\/a>,\u00a0<a href=\"http:\/\/bit.ly\/2pL4dL7\" target=\"_blank\" rel=\"noopener\">Tal\u00edria Petrone<\/a>\u00a0e <a href=\"http:\/\/bit.ly\/2zjMHmI\" target=\"_blank\" rel=\"noopener\">M\u00f4nica Francisco<\/a>; a professora da UERJ, Lia Rocha; juntamente com a companheira de Marielle, <a href=\"http:\/\/bit.ly\/2Kmsfpn\" target=\"_blank\" rel=\"noopener\">M\u00f4nica Ben\u00edcio<\/a>, e sua irm\u00e3 <a href=\"https:\/\/abr.ai\/2DyNVgJ\" target=\"_blank\" rel=\"noopener\">Anielle Franco<\/a>.<\/p>\n<p>Todas as declara\u00e7\u00f5es estavam carregadas de emo\u00e7\u00e3o e palavras de resist\u00eancia. Muitos contaram hist\u00f3rias e experi\u00eancias, ao mesmo tempo em que tentavam articular como a dor e a frustra\u00e7\u00e3o sentidas pelo assassinato de Marielle podem ser redirecionadas para esfor\u00e7os que visam responder \u00e0 opress\u00e3o sist\u00eamica das favelas, dos negros e da comunidade LGBTQ.<\/p>\n<p style=\"text-align: left;\"><a href=\"http:\/\/rioonwatch.org.br\/wp-content\/uploads\/2018\/11\/Marielle-Coletivo-Bastardos-3.jpg\"><img decoding=\"async\" class=\"aligncenter wp-image-37573 size-content\" title=\"Pol\u00edtica e ativista dos direitos humanos, Marielle fala ao coletivo Bastardos da PUC, destinado a reunir e fortalecer bolsistas na institui\u00e7\u00e3o onde Marielle cursou gradua\u00e7\u00e3o.\" src=\"http:\/\/rioonwatch.org.br\/wp-content\/uploads\/2018\/11\/Marielle-Coletivo-Bastardos-3-620x264.jpg\" alt=\"\" width=\"620\" height=\"264\" srcset=\"https:\/\/rioonwatch.org.br\/wp-content\/uploads\/2018\/11\/Marielle-Coletivo-Bastardos-3-620x264.jpg 620w, https:\/\/rioonwatch.org.br\/wp-content\/uploads\/2018\/11\/Marielle-Coletivo-Bastardos-3-940x400.jpg 940w\" sizes=\"(max-width: 620px) 100vw, 620px\" \/><\/a><\/p>\n<p>\u201cEntrar nessa casa [C\u00e2mara dos Vereadores] \u00e9 um exerc\u00edcio de confronto com a realidade\u201d, afirmou M\u00f4nica Francisco, uma das ex-assessoras de Marielle e <a href=\"http:\/\/bit.ly\/2ym5qwk\" target=\"_blank\" rel=\"noopener\">agora, ela pr\u00f3pria, uma deputada estadual<\/a>. Ela falou sobre o simbolismo de Marielle para os movimentos sociais de hoje, muitas vezes referindo-se a ela como um &#8220;gigante&#8221;.\u00a0<span style=\"font-weight: 400;\">\u201cMarielle se tornava nos \u00faltimos dias da sua vida a gigante que hoje n\u00f3s conhecemos. Uma frase da Marielle: \u2018N\u00e3o nasci para ser m\u00e1rtir\u2019. N\u00e3o sabia ela que depois seria escolhida para ser m\u00e1rtir&#8221;.<\/span><\/p>\n<p>Sua declara\u00e7\u00e3o foi conclu\u00edda com um chamado para transformar o &#8220;luto&#8221; em &#8220;luta&#8221;\u2014transformando o luto coletivo em resist\u00eancia. \u201c<span style=\"font-weight: 400;\">Para n\u00f3s, os tempos nunca foram de sol. Para n\u00f3s, os tempos sempre foram sombrios. N\u00e3o retrocederemos at\u00e9 vermos a primavera.\u201d<\/span><\/p>\n<p><a href=\"http:\/\/rioonwatch.org.br\/wp-content\/uploads\/2018\/11\/marcelo-freixo-video-marielle.jpg\"><img loading=\"lazy\" decoding=\"async\" class=\"aligncenter wp-image-37574 size-content\" title=\"Marcelo Freixo, deputado estadual, n\u00e3o p\u00f4de comparecer ao evento e enviou sua mensagem em um v\u00eddeo.\" src=\"http:\/\/rioonwatch.org.br\/wp-content\/uploads\/2018\/11\/marcelo-freixo-video-marielle-620x264.jpg\" alt=\"\" width=\"620\" height=\"264\" srcset=\"https:\/\/rioonwatch.org.br\/wp-content\/uploads\/2018\/11\/marcelo-freixo-video-marielle-620x264.jpg 620w, https:\/\/rioonwatch.org.br\/wp-content\/uploads\/2018\/11\/marcelo-freixo-video-marielle-940x400.jpg 940w\" sizes=\"(max-width: 620px) 100vw, 620px\" \/><\/a><\/p>\n<p>Marcelo Freixo, deputado estadual recentemente eleito deputado federal, expressou seus sentimentos em um v\u00eddeo pr\u00e9-gravado. Ele enfatizou a import\u00e2ncia de realizar o evento e elogiou os <a href=\"http:\/\/bit.ly\/2Gp2OnO\" target=\"_blank\" rel=\"noopener\">m\u00faltiplos projetos<\/a> e a dedica\u00e7\u00e3o de Marielle. &#8220;<span style=\"font-weight: 400;\">\u00c9 bom saber que as pessoas n\u00e3o v\u00e3o esquecer\u2014v\u00e3o levar esse livro para suas casas para ter um pouco da Marielle nas suas casas.&#8221;<\/span><\/p>\n<p><a href=\"http:\/\/rioonwatch.org.br\/wp-content\/uploads\/2018\/11\/anielle-franco-evento.jpg\"><img loading=\"lazy\" decoding=\"async\" class=\"aligncenter wp-image-37575 size-content\" title=\"Anielle Franco testemunhou as frustra\u00e7\u00f5es e obst\u00e1culos enfrentados pela irm\u00e3 enquanto escrevia sua disserta\u00e7\u00e3o.\" src=\"http:\/\/rioonwatch.org.br\/wp-content\/uploads\/2018\/11\/anielle-franco-evento-620x264.jpg\" alt=\"\" width=\"620\" height=\"264\" srcset=\"https:\/\/rioonwatch.org.br\/wp-content\/uploads\/2018\/11\/anielle-franco-evento-620x264.jpg 620w, https:\/\/rioonwatch.org.br\/wp-content\/uploads\/2018\/11\/anielle-franco-evento-940x400.jpg 940w\" sizes=\"(max-width: 620px) 100vw, 620px\" \/><\/a><\/p>\n<p>Anielle Franco, irm\u00e3 mais nova de Marielle, discursou descrevendo as frustra\u00e7\u00f5es de Marielle ao escrever sua disserta\u00e7\u00e3o. Anielle pediu ao p\u00fablico que apoiasse sua fam\u00edlia em sua dor e, que fizesse o favor, de respeitar a mem\u00f3ria de sua irm\u00e3 sem distorcer Marielle em algo que ela n\u00e3o era. \u201c<span style=\"font-weight: 400;\">Hoje, quando voc\u00eas falam que \u2018Marielle vive!\u2019, o Rio de Janeiro tem que saber a ess\u00eancia de Marielle, a Marielle de verdade. Ent\u00e3o, hoje eu pe\u00e7o respeito, eu pe\u00e7o justi\u00e7a. E quando falar \u2018Marielle vive\u2019\u2014Marielle vive para quem? Porque para muita gente Marielle morreu.\u201d<\/span><\/p>\n<p>O evento foi encerrado com uma performance art\u00edstica de <a href=\"http:\/\/bit.ly\/2A5AAsY\" target=\"_blank\" rel=\"noopener\">Mariana Iris<\/a>, que cantou quatro m\u00fasicas com temas de resist\u00eancia e negritude<span style=\"font-weight: 400;\">\u2014<\/span>incluindo o tema da Mangueira para o Carnaval do ano que vem.<\/p>\n<p>A tese de Marielle estar\u00e1 \u00e0 venda online atrav\u00e9s da <a href=\"http:\/\/bit.ly\/2OTjQu7\" target=\"_blank\" rel=\"noopener\">n-1 edi\u00e7\u00f5es<\/a>.<\/p>\n<!-- AddThis Advanced Settings generic via filter on the_content --><!-- AddThis Share Buttons generic via filter on the_content -->","protected":false},"excerpt":{"rendered":"<div class=\"mh-excerpt\"><p>Click Here for English &#8220;Brasil, chegou a vez de ouvir as Marias, Mahins, Marielles, Mal\u00eas&#8220;, evoca o\u00a0samba enredo do Carnaval de 2019\u00a0da\u00a0Mangueira. O samba \u00e9 uma homenagem \u00e0\u00a0Marielle Franco, e a inclui na \u201chist\u00f3ria alternativa\u201d <a class=\"mh-excerpt-more\" href=\"https:\/\/rioonwatch.org.br\/?p=37569\" title=\"Disserta\u00e7\u00e3o de Marielle \u00e9 Lan\u00e7ada no Dia que Marca Oito Meses de Seu Assassinato\">[&#8230;]<\/a><!-- AddThis Advanced Settings generic via filter on get_the_excerpt --><!-- AddThis Share Buttons generic via filter on get_the_excerpt --><\/p>\n<\/div>","protected":false},"author":152,"featured_media":37571,"comment_status":"closed","ping_status":"closed","sticky":false,"template":"","format":"standard","meta":{"_acf_changed":false,"_monsterinsights_skip_tracking":false,"_monsterinsights_sitenote_active":false,"_monsterinsights_sitenote_note":"","_monsterinsights_sitenote_category":0,"footnotes":""},"categories":[1621,1627,1626],"tags":[1754,2334,88,316,2312,1398,1317,483,2033,2555,2490,774,2491,432,2336,2037,2153,92,920,52,1144],"writer":[2552],"translator":[1491],"source":[],"ilustrador":[],"fotografo":[],"class_list":{"0":"post-37569","1":"post","2":"type-post","3":"status-publish","4":"format-standard","5":"has-post-thumbnail","7":"category-destaque","8":"category-relato-de-evento","9":"category-por-observadores-internacionais","10":"tag-camara-dos-vereadores","11":"tag-david-miranda-psol","12":"tag-direitos-humanos","13":"tag-educacao","14":"tag-legado-de-marielle","15":"tag-lgbt","16":"tag-livro","17":"tag-marcelo-freixo","18":"tag-marielle-franco","19":"tag-monica-francisco","20":"tag-monica-francisco-psol","21":"tag-policia-militar","22":"tag-renata-souza-psol","23":"tag-resistencia","24":"tag-vereador-tarcisio-motta-psol","25":"tag-uerj","26":"tag-uff","27":"tag-upp","28":"tag-violencia-de-estado","29":"tag-violencia-policial","30":"tag-violencia-urbana","31":"writer-jorge-sanchez-garcia","32":"translator-patricia-gomes"},"acf":[],"yoast_head":"<!-- This site is optimized with the Yoast SEO plugin v25.6 - https:\/\/yoast.com\/wordpress\/plugins\/seo\/ -->\n<title>Disserta\u00e7\u00e3o de Marielle \u00e9 Lan\u00e7ada no Dia que Marca Oito Meses de Seu Assassinato - RioOnWatch<\/title>\n<meta name=\"robots\" content=\"index, follow, max-snippet:-1, max-image-preview:large, max-video-preview:-1\" \/>\n<link rel=\"canonical\" href=\"https:\/\/rioonwatch.org.br\/?p=37569\" \/>\n<meta property=\"og:locale\" content=\"pt_BR\" \/>\n<meta property=\"og:type\" content=\"article\" \/>\n<meta property=\"og:title\" content=\"Disserta\u00e7\u00e3o de Marielle \u00e9 Lan\u00e7ada no Dia que Marca Oito Meses de Seu Assassinato - RioOnWatch\" \/>\n<meta property=\"og:description\" content=\"Click Here for English &#8220;Brasil, chegou a vez de ouvir as Marias, Mahins, Marielles, Mal\u00eas&#8220;, evoca o\u00a0samba enredo do Carnaval de 2019\u00a0da\u00a0Mangueira. O samba \u00e9 uma homenagem \u00e0\u00a0Marielle Franco, e a inclui na \u201chist\u00f3ria alternativa\u201d [...]\" \/>\n<meta property=\"og:url\" content=\"https:\/\/rioonwatch.org.br\/?p=37569\" \/>\n<meta property=\"og:site_name\" content=\"RioOnWatch\" \/>\n<meta property=\"article:published_time\" content=\"2018-11-23T13:04:39+00:00\" \/>\n<meta property=\"article:modified_time\" content=\"2022-10-11T12:26:18+00:00\" \/>\n<meta property=\"og:image\" content=\"https:\/\/rioonwatch.org.br\/wp-content\/uploads\/2018\/11\/Marielle-livro.jpg\" \/>\n\t<meta property=\"og:image:width\" content=\"957\" \/>\n\t<meta property=\"og:image:height\" content=\"502\" \/>\n\t<meta property=\"og:image:type\" content=\"image\/jpeg\" \/>\n<meta name=\"author\" content=\"Luisa Fenizola\" \/>\n<meta name=\"twitter:card\" content=\"summary_large_image\" \/>\n<meta name=\"twitter:label1\" content=\"Escrito por\" \/>\n\t<meta name=\"twitter:data1\" content=\"Luisa Fenizola\" \/>\n\t<meta name=\"twitter:label2\" content=\"Est. tempo de leitura\" \/>\n\t<meta name=\"twitter:data2\" content=\"3 minutos\" \/>\n<script type=\"application\/ld+json\" class=\"yoast-schema-graph\">{\"@context\":\"https:\/\/schema.org\",\"@graph\":[{\"@type\":\"Article\",\"@id\":\"https:\/\/rioonwatch.org.br\/?p=37569#article\",\"isPartOf\":{\"@id\":\"https:\/\/rioonwatch.org.br\/?p=37569\"},\"author\":{\"name\":\"Luisa Fenizola\",\"@id\":\"https:\/\/rioonwatch.org.br\/#\/schema\/person\/f443c6b55bb6e80842280318076491c5\"},\"headline\":\"Disserta\u00e7\u00e3o de Marielle \u00e9 Lan\u00e7ada no Dia que Marca Oito Meses de Seu Assassinato\",\"datePublished\":\"2018-11-23T13:04:39+00:00\",\"dateModified\":\"2022-10-11T12:26:18+00:00\",\"mainEntityOfPage\":{\"@id\":\"https:\/\/rioonwatch.org.br\/?p=37569\"},\"wordCount\":662,\"publisher\":{\"@id\":\"https:\/\/rioonwatch.org.br\/#organization\"},\"image\":{\"@id\":\"https:\/\/rioonwatch.org.br\/?p=37569#primaryimage\"},\"thumbnailUrl\":\"https:\/\/rioonwatch.org.br\/wp-content\/uploads\/2018\/11\/Marielle-livro.jpg\",\"keywords\":[\"C\u00e2mara dos Vereadores\",\"David Miranda (PSOL)\",\"Direitos Humanos\",\"educa\u00e7\u00e3o\",\"Legado de Marielle\",\"LGBTQIAPN+\",\"livro\",\"Marcelo Freixo\",\"Marielle Franco\",\"M\u00f4nica Francisco\",\"Monica Francisco (PSOL)\",\"Pol\u00edcia Militar\",\"Renata Souza\",\"resist\u00eancia\",\"Tarc\u00edsio Motta (PSOL)\",\"UERJ\",\"UFF\",\"UPP\",\"viol\u00eancia de Estado\",\"viol\u00eancia policial\",\"viol\u00eancia urbana\"],\"articleSection\":[\"*Destaque\",\"Cobertura de Eventos\",\"Escrito por Aliados\"],\"inLanguage\":\"pt-BR\"},{\"@type\":\"WebPage\",\"@id\":\"https:\/\/rioonwatch.org.br\/?p=37569\",\"url\":\"https:\/\/rioonwatch.org.br\/?p=37569\",\"name\":\"Disserta\u00e7\u00e3o de Marielle \u00e9 Lan\u00e7ada no Dia que Marca Oito Meses de Seu Assassinato - RioOnWatch\",\"isPartOf\":{\"@id\":\"https:\/\/rioonwatch.org.br\/#website\"},\"primaryImageOfPage\":{\"@id\":\"https:\/\/rioonwatch.org.br\/?p=37569#primaryimage\"},\"image\":{\"@id\":\"https:\/\/rioonwatch.org.br\/?p=37569#primaryimage\"},\"thumbnailUrl\":\"https:\/\/rioonwatch.org.br\/wp-content\/uploads\/2018\/11\/Marielle-livro.jpg\",\"datePublished\":\"2018-11-23T13:04:39+00:00\",\"dateModified\":\"2022-10-11T12:26:18+00:00\",\"breadcrumb\":{\"@id\":\"https:\/\/rioonwatch.org.br\/?p=37569#breadcrumb\"},\"inLanguage\":\"pt-BR\",\"potentialAction\":[{\"@type\":\"ReadAction\",\"target\":[\"https:\/\/rioonwatch.org.br\/?p=37569\"]}]},{\"@type\":\"ImageObject\",\"inLanguage\":\"pt-BR\",\"@id\":\"https:\/\/rioonwatch.org.br\/?p=37569#primaryimage\",\"url\":\"https:\/\/rioonwatch.org.br\/wp-content\/uploads\/2018\/11\/Marielle-livro.jpg\",\"contentUrl\":\"https:\/\/rioonwatch.org.br\/wp-content\/uploads\/2018\/11\/Marielle-livro.jpg\",\"width\":957,\"height\":502},{\"@type\":\"BreadcrumbList\",\"@id\":\"https:\/\/rioonwatch.org.br\/?p=37569#breadcrumb\",\"itemListElement\":[{\"@type\":\"ListItem\",\"position\":1,\"name\":\"In\u00edcio\",\"item\":\"https:\/\/rioonwatch.org.br\/\"},{\"@type\":\"ListItem\",\"position\":2,\"name\":\"Disserta\u00e7\u00e3o de Marielle \u00e9 Lan\u00e7ada no Dia que Marca Oito Meses de Seu Assassinato\"}]},{\"@type\":\"WebSite\",\"@id\":\"https:\/\/rioonwatch.org.br\/#website\",\"url\":\"https:\/\/rioonwatch.org.br\/\",\"name\":\"RioOnWatch\",\"description\":\"relatos das favelas cariocas\",\"publisher\":{\"@id\":\"https:\/\/rioonwatch.org.br\/#organization\"},\"potentialAction\":[{\"@type\":\"SearchAction\",\"target\":{\"@type\":\"EntryPoint\",\"urlTemplate\":\"https:\/\/rioonwatch.org.br\/?s={search_term_string}\"},\"query-input\":{\"@type\":\"PropertyValueSpecification\",\"valueRequired\":true,\"valueName\":\"search_term_string\"}}],\"inLanguage\":\"pt-BR\"},{\"@type\":\"Organization\",\"@id\":\"https:\/\/rioonwatch.org.br\/#organization\",\"name\":\"RioOnWatch\",\"url\":\"https:\/\/rioonwatch.org.br\/\",\"logo\":{\"@type\":\"ImageObject\",\"inLanguage\":\"pt-BR\",\"@id\":\"https:\/\/rioonwatch.org.br\/#\/schema\/logo\/image\/\",\"url\":\"https:\/\/rioonwatch.org.br\/wp-content\/uploads\/2021\/06\/RioOnWatchcabecalhoPT11anos-2.png\",\"contentUrl\":\"https:\/\/rioonwatch.org.br\/wp-content\/uploads\/2021\/06\/RioOnWatchcabecalhoPT11anos-2.png\",\"width\":779,\"height\":277,\"caption\":\"RioOnWatch\"},\"image\":{\"@id\":\"https:\/\/rioonwatch.org.br\/#\/schema\/logo\/image\/\"}},{\"@type\":\"Person\",\"@id\":\"https:\/\/rioonwatch.org.br\/#\/schema\/person\/f443c6b55bb6e80842280318076491c5\",\"name\":\"Luisa Fenizola\",\"image\":{\"@type\":\"ImageObject\",\"inLanguage\":\"pt-BR\",\"@id\":\"https:\/\/rioonwatch.org.br\/#\/schema\/person\/image\/\",\"url\":\"https:\/\/secure.gravatar.com\/avatar\/a3d551110162b9f876cbbdaaecf75663?s=96&d=blank&r=g\",\"contentUrl\":\"https:\/\/secure.gravatar.com\/avatar\/a3d551110162b9f876cbbdaaecf75663?s=96&d=blank&r=g\",\"caption\":\"Luisa Fenizola\"},\"url\":\"https:\/\/rioonwatch.org.br\/?author=152\"}]}<\/script>\n<!-- \/ Yoast SEO plugin. -->","yoast_head_json":{"title":"Disserta\u00e7\u00e3o de Marielle \u00e9 Lan\u00e7ada no Dia que Marca Oito Meses de Seu Assassinato - RioOnWatch","robots":{"index":"index","follow":"follow","max-snippet":"max-snippet:-1","max-image-preview":"max-image-preview:large","max-video-preview":"max-video-preview:-1"},"canonical":"https:\/\/rioonwatch.org.br\/?p=37569","og_locale":"pt_BR","og_type":"article","og_title":"Disserta\u00e7\u00e3o de Marielle \u00e9 Lan\u00e7ada no Dia que Marca Oito Meses de Seu Assassinato - RioOnWatch","og_description":"Click Here for English &#8220;Brasil, chegou a vez de ouvir as Marias, Mahins, Marielles, Mal\u00eas&#8220;, evoca o\u00a0samba enredo do Carnaval de 2019\u00a0da\u00a0Mangueira. O samba \u00e9 uma homenagem \u00e0\u00a0Marielle Franco, e a inclui na \u201chist\u00f3ria alternativa\u201d [...]","og_url":"https:\/\/rioonwatch.org.br\/?p=37569","og_site_name":"RioOnWatch","article_published_time":"2018-11-23T13:04:39+00:00","article_modified_time":"2022-10-11T12:26:18+00:00","og_image":[{"width":957,"height":502,"url":"https:\/\/rioonwatch.org.br\/wp-content\/uploads\/2018\/11\/Marielle-livro.jpg","type":"image\/jpeg"}],"author":"Luisa Fenizola","twitter_card":"summary_large_image","twitter_misc":{"Escrito por":"Luisa Fenizola","Est. tempo de leitura":"3 minutos"},"schema":{"@context":"https:\/\/schema.org","@graph":[{"@type":"Article","@id":"https:\/\/rioonwatch.org.br\/?p=37569#article","isPartOf":{"@id":"https:\/\/rioonwatch.org.br\/?p=37569"},"author":{"name":"Luisa Fenizola","@id":"https:\/\/rioonwatch.org.br\/#\/schema\/person\/f443c6b55bb6e80842280318076491c5"},"headline":"Disserta\u00e7\u00e3o de Marielle \u00e9 Lan\u00e7ada no Dia que Marca Oito Meses de Seu Assassinato","datePublished":"2018-11-23T13:04:39+00:00","dateModified":"2022-10-11T12:26:18+00:00","mainEntityOfPage":{"@id":"https:\/\/rioonwatch.org.br\/?p=37569"},"wordCount":662,"publisher":{"@id":"https:\/\/rioonwatch.org.br\/#organization"},"image":{"@id":"https:\/\/rioonwatch.org.br\/?p=37569#primaryimage"},"thumbnailUrl":"https:\/\/rioonwatch.org.br\/wp-content\/uploads\/2018\/11\/Marielle-livro.jpg","keywords":["C\u00e2mara dos Vereadores","David Miranda (PSOL)","Direitos Humanos","educa\u00e7\u00e3o","Legado de Marielle","LGBTQIAPN+","livro","Marcelo Freixo","Marielle Franco","M\u00f4nica Francisco","Monica Francisco (PSOL)","Pol\u00edcia Militar","Renata Souza","resist\u00eancia","Tarc\u00edsio Motta (PSOL)","UERJ","UFF","UPP","viol\u00eancia de Estado","viol\u00eancia policial","viol\u00eancia urbana"],"articleSection":["*Destaque","Cobertura de Eventos","Escrito por Aliados"],"inLanguage":"pt-BR"},{"@type":"WebPage","@id":"https:\/\/rioonwatch.org.br\/?p=37569","url":"https:\/\/rioonwatch.org.br\/?p=37569","name":"Disserta\u00e7\u00e3o de Marielle \u00e9 Lan\u00e7ada no Dia que Marca Oito Meses de Seu Assassinato - RioOnWatch","isPartOf":{"@id":"https:\/\/rioonwatch.org.br\/#website"},"primaryImageOfPage":{"@id":"https:\/\/rioonwatch.org.br\/?p=37569#primaryimage"},"image":{"@id":"https:\/\/rioonwatch.org.br\/?p=37569#primaryimage"},"thumbnailUrl":"https:\/\/rioonwatch.org.br\/wp-content\/uploads\/2018\/11\/Marielle-livro.jpg","datePublished":"2018-11-23T13:04:39+00:00","dateModified":"2022-10-11T12:26:18+00:00","breadcrumb":{"@id":"https:\/\/rioonwatch.org.br\/?p=37569#breadcrumb"},"inLanguage":"pt-BR","potentialAction":[{"@type":"ReadAction","target":["https:\/\/rioonwatch.org.br\/?p=37569"]}]},{"@type":"ImageObject","inLanguage":"pt-BR","@id":"https:\/\/rioonwatch.org.br\/?p=37569#primaryimage","url":"https:\/\/rioonwatch.org.br\/wp-content\/uploads\/2018\/11\/Marielle-livro.jpg","contentUrl":"https:\/\/rioonwatch.org.br\/wp-content\/uploads\/2018\/11\/Marielle-livro.jpg","width":957,"height":502},{"@type":"BreadcrumbList","@id":"https:\/\/rioonwatch.org.br\/?p=37569#breadcrumb","itemListElement":[{"@type":"ListItem","position":1,"name":"In\u00edcio","item":"https:\/\/rioonwatch.org.br\/"},{"@type":"ListItem","position":2,"name":"Disserta\u00e7\u00e3o de Marielle \u00e9 Lan\u00e7ada no Dia que Marca Oito Meses de Seu Assassinato"}]},{"@type":"WebSite","@id":"https:\/\/rioonwatch.org.br\/#website","url":"https:\/\/rioonwatch.org.br\/","name":"RioOnWatch","description":"relatos das favelas cariocas","publisher":{"@id":"https:\/\/rioonwatch.org.br\/#organization"},"potentialAction":[{"@type":"SearchAction","target":{"@type":"EntryPoint","urlTemplate":"https:\/\/rioonwatch.org.br\/?s={search_term_string}"},"query-input":{"@type":"PropertyValueSpecification","valueRequired":true,"valueName":"search_term_string"}}],"inLanguage":"pt-BR"},{"@type":"Organization","@id":"https:\/\/rioonwatch.org.br\/#organization","name":"RioOnWatch","url":"https:\/\/rioonwatch.org.br\/","logo":{"@type":"ImageObject","inLanguage":"pt-BR","@id":"https:\/\/rioonwatch.org.br\/#\/schema\/logo\/image\/","url":"https:\/\/rioonwatch.org.br\/wp-content\/uploads\/2021\/06\/RioOnWatchcabecalhoPT11anos-2.png","contentUrl":"https:\/\/rioonwatch.org.br\/wp-content\/uploads\/2021\/06\/RioOnWatchcabecalhoPT11anos-2.png","width":779,"height":277,"caption":"RioOnWatch"},"image":{"@id":"https:\/\/rioonwatch.org.br\/#\/schema\/logo\/image\/"}},{"@type":"Person","@id":"https:\/\/rioonwatch.org.br\/#\/schema\/person\/f443c6b55bb6e80842280318076491c5","name":"Luisa Fenizola","image":{"@type":"ImageObject","inLanguage":"pt-BR","@id":"https:\/\/rioonwatch.org.br\/#\/schema\/person\/image\/","url":"https:\/\/secure.gravatar.com\/avatar\/a3d551110162b9f876cbbdaaecf75663?s=96&d=blank&r=g","contentUrl":"https:\/\/secure.gravatar.com\/avatar\/a3d551110162b9f876cbbdaaecf75663?s=96&d=blank&r=g","caption":"Luisa Fenizola"},"url":"https:\/\/rioonwatch.org.br\/?author=152"}]}},"_links":{"self":[{"href":"https:\/\/rioonwatch.org.br\/index.php?rest_route=\/wp\/v2\/posts\/37569"}],"collection":[{"href":"https:\/\/rioonwatch.org.br\/index.php?rest_route=\/wp\/v2\/posts"}],"about":[{"href":"https:\/\/rioonwatch.org.br\/index.php?rest_route=\/wp\/v2\/types\/post"}],"author":[{"embeddable":true,"href":"https:\/\/rioonwatch.org.br\/index.php?rest_route=\/wp\/v2\/users\/152"}],"replies":[{"embeddable":true,"href":"https:\/\/rioonwatch.org.br\/index.php?rest_route=%2Fwp%2Fv2%2Fcomments&post=37569"}],"version-history":[{"count":19,"href":"https:\/\/rioonwatch.org.br\/index.php?rest_route=\/wp\/v2\/posts\/37569\/revisions"}],"predecessor-version":[{"id":37647,"href":"https:\/\/rioonwatch.org.br\/index.php?rest_route=\/wp\/v2\/posts\/37569\/revisions\/37647"}],"wp:featuredmedia":[{"embeddable":true,"href":"https:\/\/rioonwatch.org.br\/index.php?rest_route=\/wp\/v2\/media\/37571"}],"wp:attachment":[{"href":"https:\/\/rioonwatch.org.br\/index.php?rest_route=%2Fwp%2Fv2%2Fmedia&parent=37569"}],"wp:term":[{"taxonomy":"category","embeddable":true,"href":"https:\/\/rioonwatch.org.br\/index.php?rest_route=%2Fwp%2Fv2%2Fcategories&post=37569"},{"taxonomy":"post_tag","embeddable":true,"href":"https:\/\/rioonwatch.org.br\/index.php?rest_route=%2Fwp%2Fv2%2Ftags&post=37569"},{"taxonomy":"writer","embeddable":true,"href":"https:\/\/rioonwatch.org.br\/index.php?rest_route=%2Fwp%2Fv2%2Fwriter&post=37569"},{"taxonomy":"translator","embeddable":true,"href":"https:\/\/rioonwatch.org.br\/index.php?rest_route=%2Fwp%2Fv2%2Ftranslator&post=37569"},{"taxonomy":"source","embeddable":true,"href":"https:\/\/rioonwatch.org.br\/index.php?rest_route=%2Fwp%2Fv2%2Fsource&post=37569"},{"taxonomy":"ilustrador","embeddable":true,"href":"https:\/\/rioonwatch.org.br\/index.php?rest_route=%2Fwp%2Fv2%2Filustrador&post=37569"},{"taxonomy":"fotografo","embeddable":true,"href":"https:\/\/rioonwatch.org.br\/index.php?rest_route=%2Fwp%2Fv2%2Ffotografo&post=37569"}],"curies":[{"name":"wp","href":"https:\/\/api.w.org\/{rel}","templated":true}]}}