{"id":37655,"date":"2018-12-04T09:47:28","date_gmt":"2018-12-04T12:47:28","guid":{"rendered":"http:\/\/rioonwatch.org.br\/?p=37655"},"modified":"2024-06-20T13:46:30","modified_gmt":"2024-06-20T16:46:30","slug":"artivismo-constroi-pontes-entre-favelas-do-quenia-e-do-brasil-video","status":"publish","type":"post","link":"https:\/\/rioonwatch.org.br\/?p=37655","title":{"rendered":"&#8216;Artivismo&#8217; Constr\u00f3i Pontes Entre Favelas do Qu\u00eania e do Brasil [V\u00cdDEO]"},"content":{"rendered":"<p style=\"text-align: right;\"><em><strong><a href=\"http:\/\/bit.ly\/2R6AdFE\" target=\"_blank\" rel=\"noopener noreferrer\">Click Here for English<\/a><a href=\"http:\/\/bit.ly\/2R6AdFE\" target=\"_blank\" rel=\"noopener noreferrer\"><img decoding=\"async\" width=\"20\" height=\"20\" class=\"alignright wp-image-15790\" src=\"http:\/\/rioonwatch.org.br\/wp-content\/uploads\/2012\/08\/EN-standard-e1439583104716.jpg\" \/><\/a><\/strong><\/em><\/p>\n<p>No dia 10 de novembro, o <a href=\"http:\/\/bit.ly\/1qhz1JJ\" target=\"_blank\" rel=\"noopener\">Museu da Mar\u00e9<\/a> inaugurou uma exposi\u00e7\u00e3o intitulada \u201cRetrato de Marielle: Criando Pontes entre Brasil e Qu\u00eania\u201d, feita por ativistas quenianos, popularmente conhecidos como \u201cartivistas\u201d em Nair\u00f3bi, em solidariedade \u00e0s lutas por justi\u00e7a social, as quais\u00a0<a href=\"http:\/\/bit.ly\/2uHq4VY\" target=\"_blank\" rel=\"noopener\">Marielle Franco<\/a> enfrentou e que ativistas brasileiros continuam a defender atrav\u00e9s de seu \u00a0<a href=\"http:\/\/bit.ly\/2nnz2EH\" target=\"_blank\" rel=\"noopener\">legado<\/a>. A exposi\u00e7\u00e3o, que estar\u00e1 aberta ao p\u00fablico at\u00e9 o final do ano, \u00e9 um poderoso passeio por centenas de retratos de Marielle, simbolizando la\u00e7os entre pessoas e lugares que, apesar de separados por um enorme oceano, se unem atrav\u00e9s de seu ativismo e luta.<\/p>\n<p><a href=\"http:\/\/rioonwatch.org.br\/wp-content\/uploads\/2018\/11\/Retratos-de-Marielle-5.jpg\"><img fetchpriority=\"high\" decoding=\"async\" class=\"aligncenter wp-image-37661 size-content\" title=\"Exposi\u00e7\u00e3o &quot;Retratos de Marielle&quot;.\" src=\"http:\/\/rioonwatch.org.br\/wp-content\/uploads\/2018\/11\/Retratos-de-Marielle-5-620x264.jpg\" alt=\"\" width=\"620\" height=\"264\" srcset=\"https:\/\/rioonwatch.org.br\/wp-content\/uploads\/2018\/11\/Retratos-de-Marielle-5-620x264.jpg 620w, https:\/\/rioonwatch.org.br\/wp-content\/uploads\/2018\/11\/Retratos-de-Marielle-5-940x400.jpg 940w\" sizes=\"(max-width: 620px) 100vw, 620px\" \/><\/a><\/p>\n<p>A instala\u00e7\u00e3o foi fruto de um encontro internacional com ativistas de Nair\u00f3bi, que exploraram as conex\u00f5es entre arte digital e identidades marginalizadas. Nesta oficina experimental de tr\u00eas dias, os artivistas de Nair\u00f3bi falaram sobre como eles contam suas hist\u00f3rias de marginaliza\u00e7\u00e3o atrav\u00e9s da arte digital. Juntos, eles criaram uma anima\u00e7\u00e3o atrav\u00e9s de interven\u00e7\u00f5es art\u00edsticas com mais de 700 retratos de Marielle. A oficina tamb\u00e9m foi uma oportunidade para jovens artistas quenianos falarem sobre lutas em prol da justi\u00e7a social no Qu\u00eania e suas semelhan\u00e7as com o Brasil. Essas imagens e a anima\u00e7\u00e3o final percorreram todo um caminho pelas favelas do <a href=\"http:\/\/bit.ly\/10BvARw\" target=\"_blank\" rel=\"noopener\">Complexo da Mar\u00e9<\/a> e agora est\u00e3o lindamente expostas no Museu da Mar\u00e9.<\/p>\n<p><a href=\"http:\/\/rioonwatch.org.br\/wp-content\/uploads\/2018\/11\/Retratros-de-Marielle-4.jpg\"><img decoding=\"async\" class=\"aligncenter wp-image-37660 size-content\" title=\"Fotos da exposi\u00e7\u00e3o.\" src=\"http:\/\/rioonwatch.org.br\/wp-content\/uploads\/2018\/11\/Retratros-de-Marielle-4-620x264.jpg\" alt=\"\" width=\"620\" height=\"264\" srcset=\"https:\/\/rioonwatch.org.br\/wp-content\/uploads\/2018\/11\/Retratros-de-Marielle-4-620x264.jpg 620w, https:\/\/rioonwatch.org.br\/wp-content\/uploads\/2018\/11\/Retratros-de-Marielle-4-940x400.jpg 940w\" sizes=\"(max-width: 620px) 100vw, 620px\" \/><\/a><\/p>\n<p>A exposi\u00e7\u00e3o, assim como o encontro em Nair\u00f3bi, foi organizada pela\u00a0<a href=\"http:\/\/bit.ly\/2Ky7Dtf\" target=\"_blank\" rel=\"noopener\">eVoices: Redressing Marginality<\/a> (eVozes: Reparando a Marginaliza\u00e7\u00e3o)\u2014uma rede internacional que re\u00fane acad\u00eamicos e profissionais de todo o mundo para \u201cexplorar o tema da marginaliza\u00e7\u00e3o e como a m\u00eddia digital pode ser usada por grupos marginalizados para fazerem suas vozes serem ouvidas dentro e fora das fronteiras de suas comunidades e para promoverem inclus\u00e3o social\u201d. Como resultado, a eVoices criou uma plataforma multim\u00eddia usando o Sistema de Informa\u00e7\u00e3o Geogr\u00e1fica (SIG) do\u00a0<a href=\"http:\/\/bit.ly\/2A41bXj\" target=\"_blank\" rel=\"noopener\">StoryMaps<\/a>, documentando os incr\u00edveis projetos e experi\u00eancias de ativistas de m\u00eddia no Rio de Janeiro. Por fim, a plataforma mapear\u00e1 artivistas quenianos e tamb\u00e9m organiza\u00e7\u00f5es comunit\u00e1rias na S\u00edria. A ativista nascida na Mar\u00e9, <a href=\"http:\/\/bit.ly\/2qZseif\" target=\"_blank\" rel=\"noopener\">Renata Souza<\/a>, recentemente eleita deputada estadual, \u00e9 tamb\u00e9m membro da rede eVoices e esteve presente no evento inaugural, carregando consigo a placa simb\u00f3lica de Marielle Franco, id\u00eantica \u00e0 que foi <a href=\"http:\/\/bit.ly\/2IIYbUd\" target=\"_blank\" rel=\"noopener\">violentamente vandalizada<\/a> e quebrada por candidatos de direita\u2014<a href=\"http:\/\/bit.ly\/2IIYbUd\" target=\"_blank\" rel=\"noopener\">agora eleitos deputados<\/a>\u2014durante o recente per\u00edodo pr\u00e9-eleitoral.<\/p>\n<p><a href=\"http:\/\/rioonwatch.org.br\/wp-content\/uploads\/2018\/11\/Retratos-de-Marielle-2.jpg\"><img loading=\"lazy\" decoding=\"async\" class=\"aligncenter wp-image-37659 size-content\" title=\"Andrea Medrado apresenta sobre o projeto eVoices.\" src=\"http:\/\/rioonwatch.org.br\/wp-content\/uploads\/2018\/11\/Retratos-de-Marielle-2-620x264.jpg\" alt=\"\" width=\"620\" height=\"264\" srcset=\"https:\/\/rioonwatch.org.br\/wp-content\/uploads\/2018\/11\/Retratos-de-Marielle-2-620x264.jpg 620w, https:\/\/rioonwatch.org.br\/wp-content\/uploads\/2018\/11\/Retratos-de-Marielle-2-940x400.jpg 940w\" sizes=\"(max-width: 620px) 100vw, 620px\" \/><\/a><\/p>\n<p>Al\u00e9m disso, Andrea Medrado, membro do eVoices, que viajou a Nair\u00f3bi como representante brasileira para facilitar o di\u00e1logo, apresentou os resultados no evento inaugural. Co-presidente da Se\u00e7\u00e3o de Comunica\u00e7\u00e3o Comunit\u00e1ria e M\u00eddia Alternativa (<a href=\"http:\/\/bit.ly\/2zfrFp6\" target=\"_blank\" rel=\"noopener\">Community Communication and Alternative Media Section<\/a>)\u00a0da Associa\u00e7\u00e3o Internacional para Pesquisa de M\u00eddia e Comunica\u00e7\u00e3o (<a href=\"http:\/\/bit.ly\/2zjfJCK\" target=\"_blank\" rel=\"noopener\">International Association for Media and Communication Research<\/a>), Andrea \u00e9 apaixonada por arte comunit\u00e1ria e por comunica\u00e7\u00e3o para uma mudan\u00e7a transformadora. Ela compartilhou sua experi\u00eancia marcante com artistas em Nair\u00f3bi e com projetos inovadores organizados pelo <a href=\"http:\/\/bit.ly\/2wPoTrM\" target=\"_blank\" rel=\"noopener\">PAWA 254<\/a>, um centro de arte sem fins lucrativos que re\u00fane criadores, artistas, ativistas e empreendedores que usam a arte como uma forma de engajamento c\u00edvico. Melhor dito pelos membros da PAWA: \u201cComo um movimento empoderador, informado e ativo de jovens artistas e ativistas, n\u00f3s corajosamente contribu\u00edmos para moldar a paisagem socioecon\u00f4mica e pol\u00edtica de nossa na\u00e7\u00e3o, deixando nossa marca nas p\u00e1ginas da hist\u00f3ria\u201d.<\/p>\n<p><a href=\"http:\/\/rioonwatch.org.br\/wp-content\/uploads\/2018\/11\/Retratos-de-Marielle-6.jpg\"><img loading=\"lazy\" decoding=\"async\" class=\"aligncenter size-content wp-image-37658\" src=\"http:\/\/rioonwatch.org.br\/wp-content\/uploads\/2018\/11\/Retratos-de-Marielle-6-620x264.jpg\" alt=\"\" width=\"620\" height=\"264\" srcset=\"https:\/\/rioonwatch.org.br\/wp-content\/uploads\/2018\/11\/Retratos-de-Marielle-6-620x264.jpg 620w, https:\/\/rioonwatch.org.br\/wp-content\/uploads\/2018\/11\/Retratos-de-Marielle-6-940x400.jpg 940w\" sizes=\"(max-width: 620px) 100vw, 620px\" \/><\/a><\/p>\n<p>Durante o evento, moradores, estudantes, educadores e muse\u00f3logos da Mar\u00e9 se reuniram em c\u00edrculo para dialogar e compartilhar experi\u00eancias de lutas caracter\u00edsticas do Sul Global, e a import\u00e2ncia em construir conex\u00f5es transnacionais de solidariedade. Depois de percorrer o museu, que documenta poderosamente a <a href=\"http:\/\/bit.ly\/2p3wZrc\" target=\"_blank\" rel=\"noopener\">hist\u00f3ria de resist\u00eancia<\/a> e organiza\u00e7\u00e3o comunit\u00e1ria da Mar\u00e9\u2014caracterizada por uma s\u00e9rie de <a href=\"http:\/\/bit.ly\/1w8pUjy\" target=\"_blank\" rel=\"noopener\">tentativas de remo\u00e7\u00f5es<\/a>\u00a0sancionadas pelo Estado\u2014todos sentiram a import\u00e2ncia do espa\u00e7o como fonte de preserva\u00e7\u00e3o da mem\u00f3ria e de insist\u00eancia no direito das favelas de existir e prosperar. Os membros do museu explicaram que a cria\u00e7\u00e3o da museu n\u00e3o teve uma vis\u00e3o transnacional intencional no in\u00edcio. Essa vis\u00e3o s\u00f3 se deu quando\u00a0o museu come\u00e7ou a receber visitantes internacionais e observou-se as rea\u00e7\u00f5es das pessoas. Deste modo os membros do museu entenderam a\u00a0import\u00e2ncia do museu como um v\u00ednculo para as lutas globais de resist\u00eancia e marginalidade.<\/p>\n<p><a href=\"http:\/\/rioonwatch.org.br\/wp-content\/uploads\/2018\/11\/Retratos-de-Marielle-3.jpg\"><img loading=\"lazy\" decoding=\"async\" class=\"aligncenter wp-image-37657 size-content\" title=\"Museu da Mar\u00e9\" src=\"http:\/\/rioonwatch.org.br\/wp-content\/uploads\/2018\/11\/Retratos-de-Marielle-3-620x264.jpg\" alt=\"\" width=\"620\" height=\"264\" srcset=\"https:\/\/rioonwatch.org.br\/wp-content\/uploads\/2018\/11\/Retratos-de-Marielle-3-620x264.jpg 620w, https:\/\/rioonwatch.org.br\/wp-content\/uploads\/2018\/11\/Retratos-de-Marielle-3-940x400.jpg 940w\" sizes=\"(max-width: 620px) 100vw, 620px\" \/><\/a><\/p>\n<p>Da mesma forma, artistas e ativistas no Qu\u00eania est\u00e3o elevando suas vozes atrav\u00e9s da arte, cinema, m\u00fasica e teatro para reivindicar seu direito de fazer parte da identidade social, econ\u00f4mica e pol\u00edtica do Qu\u00eania. Por exemplo, o\u00a0<a href=\"http:\/\/bit.ly\/2wPoTrM\" target=\"_blank\" rel=\"noopener\">PAWA 254<\/a> \u00e9 uma iniciativa do ativista e fotojornalista <a href=\"http:\/\/bit.ly\/2zk8hqX\" target=\"_blank\" rel=\"noopener\">Boniface Mwangi, cujas fortes fotos da viol\u00eancia p\u00f3s-eleitoral do Qu\u00eania<\/a> em 2007 desencadearam seus projetos de ativismo destinados a fortalecer a participa\u00e7\u00e3o c\u00edvica e abrir um espa\u00e7o art\u00edstico para condenar a corrup\u00e7\u00e3o e a viol\u00eancia do Estado. Embora mais de 8.000 km estejam entre o Rio de Janeiro e Nair\u00f3bi, jovens quenianos descreveram a morte de Marielle como uma \u201cperda coletiva\u201d. \u201cEles querem nos separar\u201d, disse um dos ativistas de Nair\u00f3bi durante as oficinas no Qu\u00eania, apontando como os ativistas do Sul Global lutam para descolonizar o tecido social ao passo, que em geral, as pessoas s\u00e3o aconselhadas a olhar para o Norte Global. Em vez disso, projetos como \u201cRetratos de Marielle\u201d apontam para o fortalecimento que vem das conex\u00f5es Sul-Sul, da solidariedade e a import\u00e2ncia de compartilhar experi\u00eancias e estrat\u00e9gias atrav\u00e9s do artivismo.<\/p>\n<h3>Confira aqui os resultados da exibi\u00e7\u00e3o:<\/h3>\n<p><iframe src=\"https:\/\/www.youtube.com\/embed\/rPsqlwZ2_WY\" width=\"620\" height=\"349\" frameborder=\"0\" allowfullscreen=\"allowfullscreen\"><\/iframe><\/p>\n<!-- AddThis Advanced Settings generic via filter on the_content --><!-- AddThis Share Buttons generic via filter on the_content -->","protected":false},"excerpt":{"rendered":"<div class=\"mh-excerpt\"><p>Click Here for English No dia 10 de novembro, o Museu da Mar\u00e9 inaugurou uma exposi\u00e7\u00e3o intitulada \u201cRetrato de Marielle: Criando Pontes entre Brasil e Qu\u00eania\u201d, feita por ativistas quenianos, popularmente conhecidos como \u201cartivistas\u201d em <a class=\"mh-excerpt-more\" href=\"https:\/\/rioonwatch.org.br\/?p=37655\" title=\"&#8216;Artivismo&#8217; Constr\u00f3i Pontes Entre Favelas do Qu\u00eania e do Brasil [V\u00cdDEO]\">[&#8230;]<\/a><!-- AddThis Advanced Settings generic via filter on get_the_excerpt --><!-- AddThis Share Buttons generic via filter on get_the_excerpt --><\/p>\n<\/div>","protected":false},"author":152,"featured_media":37662,"comment_status":"closed","ping_status":"closed","sticky":false,"template":"","format":"standard","meta":{"_acf_changed":false,"_monsterinsights_skip_tracking":false,"_monsterinsights_sitenote_active":false,"_monsterinsights_sitenote_note":"","_monsterinsights_sitenote_category":0,"footnotes":""},"categories":[1621,1627,1612,342,1638],"tags":[329,334,309,759,332,1917,1146,83,1307,1166,2312,2419,1413,2033,469,1106,358,2104,2491,432,380,218],"writer":[2129],"translator":[2377],"source":[],"ilustrador":[],"fotografo":[],"class_list":{"0":"post-37655","1":"post","2":"type-post","3":"status-publish","4":"format-standard","5":"has-post-thumbnail","7":"category-destaque","8":"category-relato-de-evento","9":"category-sociedade-civil","10":"category-solucoes","11":"category-video","12":"tag-africa","13":"tag-arte","14":"tag-ativismo","15":"tag-comparacao-internacional","16":"tag-complexo-da-mare","17":"tag-comunidade-x-academia","18":"tag-exposicao","19":"tag-fotografia","20":"tag-inclusao","21":"tag-jornalismo","22":"tag-legado-de-marielle","23":"tag-mapeamento","24":"tag-marginalizacao","25":"tag-marielle-franco","26":"tag-memoria","27":"tag-museu-da-mare","28":"tag-organizacao-comunitaria","29":"tag-quenia","30":"tag-renata-souza-psol","31":"tag-resistencia","32":"tag-solidariedade","33":"tag-zona-norte","34":"writer-chloe-villalobos","35":"translator-camila-moraes"},"acf":[],"yoast_head":"<!-- This site is optimized with the Yoast SEO plugin v25.6 - https:\/\/yoast.com\/wordpress\/plugins\/seo\/ -->\n<title>&#039;Artivismo&#039; Constr\u00f3i Pontes Entre Favelas do Qu\u00eania e do Brasil [V\u00cdDEO] - RioOnWatch<\/title>\n<meta name=\"robots\" content=\"index, follow, max-snippet:-1, max-image-preview:large, max-video-preview:-1\" \/>\n<link rel=\"canonical\" href=\"https:\/\/rioonwatch.org.br\/?p=37655\" \/>\n<meta property=\"og:locale\" content=\"pt_BR\" \/>\n<meta property=\"og:type\" content=\"article\" \/>\n<meta property=\"og:title\" content=\"&#039;Artivismo&#039; Constr\u00f3i Pontes Entre Favelas do Qu\u00eania e do Brasil [V\u00cdDEO] - RioOnWatch\" \/>\n<meta property=\"og:description\" content=\"Click Here for English No dia 10 de novembro, o Museu da Mar\u00e9 inaugurou uma exposi\u00e7\u00e3o intitulada \u201cRetrato de Marielle: Criando Pontes entre Brasil e Qu\u00eania\u201d, feita por ativistas quenianos, popularmente conhecidos como \u201cartivistas\u201d em [...]\" \/>\n<meta property=\"og:url\" content=\"https:\/\/rioonwatch.org.br\/?p=37655\" \/>\n<meta property=\"og:site_name\" content=\"RioOnWatch\" \/>\n<meta property=\"article:published_time\" content=\"2018-12-04T12:47:28+00:00\" \/>\n<meta property=\"article:modified_time\" content=\"2024-06-20T16:46:30+00:00\" \/>\n<meta property=\"og:image\" content=\"https:\/\/rioonwatch.org.br\/wp-content\/uploads\/2018\/11\/Retratos-de-Marielle-1.jpg\" \/>\n\t<meta property=\"og:image:width\" content=\"960\" \/>\n\t<meta property=\"og:image:height\" content=\"522\" \/>\n\t<meta property=\"og:image:type\" content=\"image\/jpeg\" \/>\n<meta name=\"author\" content=\"Luisa Fenizola\" \/>\n<meta name=\"twitter:card\" content=\"summary_large_image\" \/>\n<meta name=\"twitter:label1\" content=\"Escrito por\" \/>\n\t<meta name=\"twitter:data1\" content=\"Luisa Fenizola\" \/>\n\t<meta name=\"twitter:label2\" content=\"Est. tempo de leitura\" \/>\n\t<meta name=\"twitter:data2\" content=\"5 minutos\" \/>\n<script type=\"application\/ld+json\" class=\"yoast-schema-graph\">{\"@context\":\"https:\/\/schema.org\",\"@graph\":[{\"@type\":\"Article\",\"@id\":\"https:\/\/rioonwatch.org.br\/?p=37655#article\",\"isPartOf\":{\"@id\":\"https:\/\/rioonwatch.org.br\/?p=37655\"},\"author\":{\"name\":\"Luisa Fenizola\",\"@id\":\"https:\/\/rioonwatch.org.br\/#\/schema\/person\/f443c6b55bb6e80842280318076491c5\"},\"headline\":\"&#8216;Artivismo&#8217; Constr\u00f3i Pontes Entre Favelas do Qu\u00eania e do Brasil [V\u00cdDEO]\",\"datePublished\":\"2018-12-04T12:47:28+00:00\",\"dateModified\":\"2024-06-20T16:46:30+00:00\",\"mainEntityOfPage\":{\"@id\":\"https:\/\/rioonwatch.org.br\/?p=37655\"},\"wordCount\":983,\"publisher\":{\"@id\":\"https:\/\/rioonwatch.org.br\/#organization\"},\"image\":{\"@id\":\"https:\/\/rioonwatch.org.br\/?p=37655#primaryimage\"},\"thumbnailUrl\":\"https:\/\/rioonwatch.org.br\/wp-content\/uploads\/2018\/11\/Retratos-de-Marielle-1.jpg\",\"keywords\":[\"\u00c1frica\",\"arte\",\"ativismo\",\"compara\u00e7\u00e3o internacional\",\"Complexo da Mar\u00e9\",\"comunidade x academia\",\"exposi\u00e7\u00e3o\",\"fotografia\",\"inclus\u00e3o\",\"jornalismo\",\"Legado de Marielle\",\"mapeamento\",\"marginaliza\u00e7\u00e3o\",\"Marielle Franco\",\"Mem\u00f3rias Faveladas\",\"Museu da Mar\u00e9\",\"organiza\u00e7\u00e3o comunit\u00e1ria\",\"Qu\u00eania\",\"Renata Souza\",\"resist\u00eancia\",\"solidariedade\",\"Zona Norte\"],\"articleSection\":[\"*Destaque\",\"Cobertura de Eventos\",\"Sociedade Civil\",\"Solu\u00e7\u00f5es\",\"V\u00eddeo\"],\"inLanguage\":\"pt-BR\"},{\"@type\":\"WebPage\",\"@id\":\"https:\/\/rioonwatch.org.br\/?p=37655\",\"url\":\"https:\/\/rioonwatch.org.br\/?p=37655\",\"name\":\"'Artivismo' Constr\u00f3i Pontes Entre Favelas do Qu\u00eania e do Brasil [V\u00cdDEO] - RioOnWatch\",\"isPartOf\":{\"@id\":\"https:\/\/rioonwatch.org.br\/#website\"},\"primaryImageOfPage\":{\"@id\":\"https:\/\/rioonwatch.org.br\/?p=37655#primaryimage\"},\"image\":{\"@id\":\"https:\/\/rioonwatch.org.br\/?p=37655#primaryimage\"},\"thumbnailUrl\":\"https:\/\/rioonwatch.org.br\/wp-content\/uploads\/2018\/11\/Retratos-de-Marielle-1.jpg\",\"datePublished\":\"2018-12-04T12:47:28+00:00\",\"dateModified\":\"2024-06-20T16:46:30+00:00\",\"breadcrumb\":{\"@id\":\"https:\/\/rioonwatch.org.br\/?p=37655#breadcrumb\"},\"inLanguage\":\"pt-BR\",\"potentialAction\":[{\"@type\":\"ReadAction\",\"target\":[\"https:\/\/rioonwatch.org.br\/?p=37655\"]}]},{\"@type\":\"ImageObject\",\"inLanguage\":\"pt-BR\",\"@id\":\"https:\/\/rioonwatch.org.br\/?p=37655#primaryimage\",\"url\":\"https:\/\/rioonwatch.org.br\/wp-content\/uploads\/2018\/11\/Retratos-de-Marielle-1.jpg\",\"contentUrl\":\"https:\/\/rioonwatch.org.br\/wp-content\/uploads\/2018\/11\/Retratos-de-Marielle-1.jpg\",\"width\":960,\"height\":522},{\"@type\":\"BreadcrumbList\",\"@id\":\"https:\/\/rioonwatch.org.br\/?p=37655#breadcrumb\",\"itemListElement\":[{\"@type\":\"ListItem\",\"position\":1,\"name\":\"In\u00edcio\",\"item\":\"https:\/\/rioonwatch.org.br\/\"},{\"@type\":\"ListItem\",\"position\":2,\"name\":\"&#8216;Artivismo&#8217; Constr\u00f3i Pontes Entre Favelas do Qu\u00eania e do Brasil [V\u00cdDEO]\"}]},{\"@type\":\"WebSite\",\"@id\":\"https:\/\/rioonwatch.org.br\/#website\",\"url\":\"https:\/\/rioonwatch.org.br\/\",\"name\":\"RioOnWatch\",\"description\":\"relatos das favelas cariocas\",\"publisher\":{\"@id\":\"https:\/\/rioonwatch.org.br\/#organization\"},\"potentialAction\":[{\"@type\":\"SearchAction\",\"target\":{\"@type\":\"EntryPoint\",\"urlTemplate\":\"https:\/\/rioonwatch.org.br\/?s={search_term_string}\"},\"query-input\":{\"@type\":\"PropertyValueSpecification\",\"valueRequired\":true,\"valueName\":\"search_term_string\"}}],\"inLanguage\":\"pt-BR\"},{\"@type\":\"Organization\",\"@id\":\"https:\/\/rioonwatch.org.br\/#organization\",\"name\":\"RioOnWatch\",\"url\":\"https:\/\/rioonwatch.org.br\/\",\"logo\":{\"@type\":\"ImageObject\",\"inLanguage\":\"pt-BR\",\"@id\":\"https:\/\/rioonwatch.org.br\/#\/schema\/logo\/image\/\",\"url\":\"https:\/\/rioonwatch.org.br\/wp-content\/uploads\/2021\/06\/RioOnWatchcabecalhoPT11anos-2.png\",\"contentUrl\":\"https:\/\/rioonwatch.org.br\/wp-content\/uploads\/2021\/06\/RioOnWatchcabecalhoPT11anos-2.png\",\"width\":779,\"height\":277,\"caption\":\"RioOnWatch\"},\"image\":{\"@id\":\"https:\/\/rioonwatch.org.br\/#\/schema\/logo\/image\/\"}},{\"@type\":\"Person\",\"@id\":\"https:\/\/rioonwatch.org.br\/#\/schema\/person\/f443c6b55bb6e80842280318076491c5\",\"name\":\"Luisa Fenizola\",\"image\":{\"@type\":\"ImageObject\",\"inLanguage\":\"pt-BR\",\"@id\":\"https:\/\/rioonwatch.org.br\/#\/schema\/person\/image\/\",\"url\":\"https:\/\/secure.gravatar.com\/avatar\/a3d551110162b9f876cbbdaaecf75663?s=96&d=blank&r=g\",\"contentUrl\":\"https:\/\/secure.gravatar.com\/avatar\/a3d551110162b9f876cbbdaaecf75663?s=96&d=blank&r=g\",\"caption\":\"Luisa Fenizola\"},\"url\":\"https:\/\/rioonwatch.org.br\/?author=152\"}]}<\/script>\n<!-- \/ Yoast SEO plugin. -->","yoast_head_json":{"title":"'Artivismo' Constr\u00f3i Pontes Entre Favelas do Qu\u00eania e do Brasil [V\u00cdDEO] - RioOnWatch","robots":{"index":"index","follow":"follow","max-snippet":"max-snippet:-1","max-image-preview":"max-image-preview:large","max-video-preview":"max-video-preview:-1"},"canonical":"https:\/\/rioonwatch.org.br\/?p=37655","og_locale":"pt_BR","og_type":"article","og_title":"'Artivismo' Constr\u00f3i Pontes Entre Favelas do Qu\u00eania e do Brasil [V\u00cdDEO] - RioOnWatch","og_description":"Click Here for English No dia 10 de novembro, o Museu da Mar\u00e9 inaugurou uma exposi\u00e7\u00e3o intitulada \u201cRetrato de Marielle: Criando Pontes entre Brasil e Qu\u00eania\u201d, feita por ativistas quenianos, popularmente conhecidos como \u201cartivistas\u201d em [...]","og_url":"https:\/\/rioonwatch.org.br\/?p=37655","og_site_name":"RioOnWatch","article_published_time":"2018-12-04T12:47:28+00:00","article_modified_time":"2024-06-20T16:46:30+00:00","og_image":[{"width":960,"height":522,"url":"https:\/\/rioonwatch.org.br\/wp-content\/uploads\/2018\/11\/Retratos-de-Marielle-1.jpg","type":"image\/jpeg"}],"author":"Luisa Fenizola","twitter_card":"summary_large_image","twitter_misc":{"Escrito por":"Luisa Fenizola","Est. tempo de leitura":"5 minutos"},"schema":{"@context":"https:\/\/schema.org","@graph":[{"@type":"Article","@id":"https:\/\/rioonwatch.org.br\/?p=37655#article","isPartOf":{"@id":"https:\/\/rioonwatch.org.br\/?p=37655"},"author":{"name":"Luisa Fenizola","@id":"https:\/\/rioonwatch.org.br\/#\/schema\/person\/f443c6b55bb6e80842280318076491c5"},"headline":"&#8216;Artivismo&#8217; Constr\u00f3i Pontes Entre Favelas do Qu\u00eania e do Brasil [V\u00cdDEO]","datePublished":"2018-12-04T12:47:28+00:00","dateModified":"2024-06-20T16:46:30+00:00","mainEntityOfPage":{"@id":"https:\/\/rioonwatch.org.br\/?p=37655"},"wordCount":983,"publisher":{"@id":"https:\/\/rioonwatch.org.br\/#organization"},"image":{"@id":"https:\/\/rioonwatch.org.br\/?p=37655#primaryimage"},"thumbnailUrl":"https:\/\/rioonwatch.org.br\/wp-content\/uploads\/2018\/11\/Retratos-de-Marielle-1.jpg","keywords":["\u00c1frica","arte","ativismo","compara\u00e7\u00e3o internacional","Complexo da Mar\u00e9","comunidade x academia","exposi\u00e7\u00e3o","fotografia","inclus\u00e3o","jornalismo","Legado de Marielle","mapeamento","marginaliza\u00e7\u00e3o","Marielle Franco","Mem\u00f3rias Faveladas","Museu da Mar\u00e9","organiza\u00e7\u00e3o comunit\u00e1ria","Qu\u00eania","Renata Souza","resist\u00eancia","solidariedade","Zona Norte"],"articleSection":["*Destaque","Cobertura de Eventos","Sociedade Civil","Solu\u00e7\u00f5es","V\u00eddeo"],"inLanguage":"pt-BR"},{"@type":"WebPage","@id":"https:\/\/rioonwatch.org.br\/?p=37655","url":"https:\/\/rioonwatch.org.br\/?p=37655","name":"'Artivismo' Constr\u00f3i Pontes Entre Favelas do Qu\u00eania e do Brasil [V\u00cdDEO] - RioOnWatch","isPartOf":{"@id":"https:\/\/rioonwatch.org.br\/#website"},"primaryImageOfPage":{"@id":"https:\/\/rioonwatch.org.br\/?p=37655#primaryimage"},"image":{"@id":"https:\/\/rioonwatch.org.br\/?p=37655#primaryimage"},"thumbnailUrl":"https:\/\/rioonwatch.org.br\/wp-content\/uploads\/2018\/11\/Retratos-de-Marielle-1.jpg","datePublished":"2018-12-04T12:47:28+00:00","dateModified":"2024-06-20T16:46:30+00:00","breadcrumb":{"@id":"https:\/\/rioonwatch.org.br\/?p=37655#breadcrumb"},"inLanguage":"pt-BR","potentialAction":[{"@type":"ReadAction","target":["https:\/\/rioonwatch.org.br\/?p=37655"]}]},{"@type":"ImageObject","inLanguage":"pt-BR","@id":"https:\/\/rioonwatch.org.br\/?p=37655#primaryimage","url":"https:\/\/rioonwatch.org.br\/wp-content\/uploads\/2018\/11\/Retratos-de-Marielle-1.jpg","contentUrl":"https:\/\/rioonwatch.org.br\/wp-content\/uploads\/2018\/11\/Retratos-de-Marielle-1.jpg","width":960,"height":522},{"@type":"BreadcrumbList","@id":"https:\/\/rioonwatch.org.br\/?p=37655#breadcrumb","itemListElement":[{"@type":"ListItem","position":1,"name":"In\u00edcio","item":"https:\/\/rioonwatch.org.br\/"},{"@type":"ListItem","position":2,"name":"&#8216;Artivismo&#8217; Constr\u00f3i Pontes Entre Favelas do Qu\u00eania e do Brasil [V\u00cdDEO]"}]},{"@type":"WebSite","@id":"https:\/\/rioonwatch.org.br\/#website","url":"https:\/\/rioonwatch.org.br\/","name":"RioOnWatch","description":"relatos das favelas cariocas","publisher":{"@id":"https:\/\/rioonwatch.org.br\/#organization"},"potentialAction":[{"@type":"SearchAction","target":{"@type":"EntryPoint","urlTemplate":"https:\/\/rioonwatch.org.br\/?s={search_term_string}"},"query-input":{"@type":"PropertyValueSpecification","valueRequired":true,"valueName":"search_term_string"}}],"inLanguage":"pt-BR"},{"@type":"Organization","@id":"https:\/\/rioonwatch.org.br\/#organization","name":"RioOnWatch","url":"https:\/\/rioonwatch.org.br\/","logo":{"@type":"ImageObject","inLanguage":"pt-BR","@id":"https:\/\/rioonwatch.org.br\/#\/schema\/logo\/image\/","url":"https:\/\/rioonwatch.org.br\/wp-content\/uploads\/2021\/06\/RioOnWatchcabecalhoPT11anos-2.png","contentUrl":"https:\/\/rioonwatch.org.br\/wp-content\/uploads\/2021\/06\/RioOnWatchcabecalhoPT11anos-2.png","width":779,"height":277,"caption":"RioOnWatch"},"image":{"@id":"https:\/\/rioonwatch.org.br\/#\/schema\/logo\/image\/"}},{"@type":"Person","@id":"https:\/\/rioonwatch.org.br\/#\/schema\/person\/f443c6b55bb6e80842280318076491c5","name":"Luisa Fenizola","image":{"@type":"ImageObject","inLanguage":"pt-BR","@id":"https:\/\/rioonwatch.org.br\/#\/schema\/person\/image\/","url":"https:\/\/secure.gravatar.com\/avatar\/a3d551110162b9f876cbbdaaecf75663?s=96&d=blank&r=g","contentUrl":"https:\/\/secure.gravatar.com\/avatar\/a3d551110162b9f876cbbdaaecf75663?s=96&d=blank&r=g","caption":"Luisa Fenizola"},"url":"https:\/\/rioonwatch.org.br\/?author=152"}]}},"_links":{"self":[{"href":"https:\/\/rioonwatch.org.br\/index.php?rest_route=\/wp\/v2\/posts\/37655"}],"collection":[{"href":"https:\/\/rioonwatch.org.br\/index.php?rest_route=\/wp\/v2\/posts"}],"about":[{"href":"https:\/\/rioonwatch.org.br\/index.php?rest_route=\/wp\/v2\/types\/post"}],"author":[{"embeddable":true,"href":"https:\/\/rioonwatch.org.br\/index.php?rest_route=\/wp\/v2\/users\/152"}],"replies":[{"embeddable":true,"href":"https:\/\/rioonwatch.org.br\/index.php?rest_route=%2Fwp%2Fv2%2Fcomments&post=37655"}],"version-history":[{"count":11,"href":"https:\/\/rioonwatch.org.br\/index.php?rest_route=\/wp\/v2\/posts\/37655\/revisions"}],"predecessor-version":[{"id":38218,"href":"https:\/\/rioonwatch.org.br\/index.php?rest_route=\/wp\/v2\/posts\/37655\/revisions\/38218"}],"wp:featuredmedia":[{"embeddable":true,"href":"https:\/\/rioonwatch.org.br\/index.php?rest_route=\/wp\/v2\/media\/37662"}],"wp:attachment":[{"href":"https:\/\/rioonwatch.org.br\/index.php?rest_route=%2Fwp%2Fv2%2Fmedia&parent=37655"}],"wp:term":[{"taxonomy":"category","embeddable":true,"href":"https:\/\/rioonwatch.org.br\/index.php?rest_route=%2Fwp%2Fv2%2Fcategories&post=37655"},{"taxonomy":"post_tag","embeddable":true,"href":"https:\/\/rioonwatch.org.br\/index.php?rest_route=%2Fwp%2Fv2%2Ftags&post=37655"},{"taxonomy":"writer","embeddable":true,"href":"https:\/\/rioonwatch.org.br\/index.php?rest_route=%2Fwp%2Fv2%2Fwriter&post=37655"},{"taxonomy":"translator","embeddable":true,"href":"https:\/\/rioonwatch.org.br\/index.php?rest_route=%2Fwp%2Fv2%2Ftranslator&post=37655"},{"taxonomy":"source","embeddable":true,"href":"https:\/\/rioonwatch.org.br\/index.php?rest_route=%2Fwp%2Fv2%2Fsource&post=37655"},{"taxonomy":"ilustrador","embeddable":true,"href":"https:\/\/rioonwatch.org.br\/index.php?rest_route=%2Fwp%2Fv2%2Filustrador&post=37655"},{"taxonomy":"fotografo","embeddable":true,"href":"https:\/\/rioonwatch.org.br\/index.php?rest_route=%2Fwp%2Fv2%2Ffotografo&post=37655"}],"curies":[{"name":"wp","href":"https:\/\/api.w.org\/{rel}","templated":true}]}}