{"id":37757,"date":"2019-01-30T10:26:18","date_gmt":"2019-01-30T13:26:18","guid":{"rendered":"http:\/\/rioonwatch.org.br\/?p=37757"},"modified":"2020-03-07T21:30:30","modified_gmt":"2020-03-08T00:30:30","slug":"educacao-socioambiental-na-cidade-de-deus-conheca-a-eco-rede-do-alfazendo-redefavelasustentavel-perfil","status":"publish","type":"post","link":"https:\/\/rioonwatch.org.br\/?p=37757","title":{"rendered":"Educa\u00e7\u00e3o Socioambiental\u00a0na CDD:\u00a0A EcoRede do Alfazendo #RedeFavelaSustent\u00e1vel [PERFIL]"},"content":{"rendered":"<p style=\"text-align: right;\"><span data-ccp-props=\"{&quot;201341983&quot;:0,&quot;335559739&quot;:160,&quot;335559740&quot;:259}\">\u00a0<\/span><em><strong><a href=\"http:\/\/bit.ly\/2zukRUW\" target=\"_blank\" rel=\"noopener noreferrer\">Click Here for English<\/a><a href=\"http:\/\/bit.ly\/2zukRUW\" target=\"_blank\" rel=\"noopener noreferrer\"><img decoding=\"async\" width=\"20\" height=\"20\" class=\"alignright wp-image-15790\" src=\"http:\/\/rioonwatch.org.br\/wp-content\/uploads\/2012\/08\/EN-standard-e1439583104716.jpg\" \/><\/a><\/strong><\/em><\/p>\n<blockquote><p><strong><u>Iniciativa<\/u><\/strong>: Alfazendo \/ EcoRede<br \/>\n<b><u>Contato<\/u><\/b>: <a href=\"http:\/\/bit.ly\/2D6VJ92\">Facebook<\/a>\u00a0|\u00a0<a href=\"mailto:alfazendo@favelasustentavel.org\">Email<\/a>\u00a0<a href=\"http:\/\/bit.ly\/29Rg1Xk\"><br \/>\n<\/a><b><u>Ano de Funda\u00e7\u00e3o<\/u><\/b>: 1998 \/ 2010<br \/>\n<b><u>Comunidade<\/u><\/b>: Cidade de Deus (Zona Oeste)<br \/>\n<b><u>Miss\u00e3o<\/u><\/b>: Educa\u00e7\u00e3o para uma vida sustent\u00e1vel envolve uma pedagogia centrada na compreens\u00e3o da vida, uma experi\u00eancia de aprendizagem no mundo real que supere a nossa.<br \/>\n<b><u>Eventos P\u00fablicos<\/u><\/b>: Eventos organizados pela iniciativa podem ser encontrados na p\u00e1gina do\u00a0<a href=\"http:\/\/bit.ly\/2OIk2MQ\">Facebook do Alfazendo<\/a>.<\/p><\/blockquote>\n<p>Como voc\u00ea trabalha para criar uma sociedade sustent\u00e1vel em uma comunidade afetada pela\u00a0<a href=\"http:\/\/bit.ly\/1diQ7Xa\">falta de servi\u00e7os p\u00fablicos b\u00e1sicos<\/a>,\u00a0<a href=\"http:\/\/bit.ly\/2nSIhuN\">falta de investimentos na educa\u00e7\u00e3o p\u00fablica<\/a>, e\u00a0<a href=\"http:\/\/bit.ly\/28UpNn7\">viol\u00eancia<\/a>?<\/p>\n<p>Durante quase toda sua vida, <a href=\"http:\/\/bit.ly\/1ASz0RG\" target=\"_blank\" rel=\"noopener noreferrer\">Iara Oliveira<\/a>\u2014uma educadora e l\u00edder comunit\u00e1ria na\u00a0<a href=\"http:\/\/bit.ly\/2xS0izO\">Cidade de Deus<\/a>, na\u00a0<a href=\"http:\/\/bit.ly\/11tBmFR\">Zona Oeste<\/a>\u00a0do Rio de Janeiro\u2014tem abordado essa quest\u00e3o. Desde sua introdu\u00e7\u00e3o ao ativismo aos 14 anos, Iara se mobiliza e luta ao lado de outros moradores da Cidade de Deus para garantir direitos que t\u00eam sido negados \u00e0 comunidade devido ao quase completo abandono do governo e a falta de presta\u00e7\u00e3o de\u00a0servi\u00e7os p\u00fablicos b\u00e1sicos. Foram essas lutas por acesso \u00e0 \u00e1gua, eletricidade e coleta de lixo que prepararam Iara para\u00a0co-fundar\u00a0e lan\u00e7ar o\u00a0<a href=\"http:\/\/bit.ly\/2eKR3bo\">Alfazendo<\/a>, uma organiza\u00e7\u00e3o comunit\u00e1ria sem fins lucrativos na Cidade de Deus que foca em criar e aprimorar oportunidades educacionais para jovens e adultos na comunidade.<span data-ccp-props=\"{&quot;201341983&quot;:0,&quot;335559739&quot;:160,&quot;335559740&quot;:259}\">\u00a0<\/span><\/p>\n<p>Alfazendo\u00a0come\u00e7ou em 1998 oferecendo aulas de alfabetiza\u00e7\u00e3o e preparat\u00f3rio para o vestibular para negros e pessoas de baixa renda da comunidade. Com base em sua experi\u00eancia de anos de envolvimento em movimentos sociais e seu conhecimento \u00edntimo da Cidade de Deus, Iara e os instrutores do Alfazendo\u00a0desenvolveram um curr\u00edculo e metodologias de ensino que s\u00e3o espec\u00edficos \u00e0s necessidades da comunidade, mas flex\u00edveis o suficiente para serem adaptados aos diversos grupos de alunos que se inscrevem a cada ano.<span data-ccp-props=\"{&quot;201341983&quot;:0,&quot;335559739&quot;:160,&quot;335559740&quot;:259}\">\u00a0<\/span><\/p>\n<p><a href=\"http:\/\/rioonwatch.org.br\/wp-content\/uploads\/2018\/12\/Eco-Network-Time.jpg\"><img fetchpriority=\"high\" decoding=\"async\" class=\"aligncenter wp-image-37763 size-content\" title=\"Equipe do Alfazendo\/EcoRede. Foto: Facebook Alfazendo.\" src=\"http:\/\/rioonwatch.org.br\/wp-content\/uploads\/2018\/12\/Eco-Network-Time-620x264.jpg\" alt=\"\" width=\"620\" height=\"264\" srcset=\"https:\/\/rioonwatch.org.br\/wp-content\/uploads\/2018\/12\/Eco-Network-Time-620x264.jpg 620w, https:\/\/rioonwatch.org.br\/wp-content\/uploads\/2018\/12\/Eco-Network-Time-940x400.jpg 940w\" sizes=\"(max-width: 620px) 100vw, 620px\" \/><\/a><\/p>\n<p>Um elemento importante do Alfazendo\u00a0\u00e9 a\u00a0<a href=\"http:\/\/bit.ly\/1I91GKZ\">EcoRede<\/a>, um projeto lan\u00e7ado no final de 2010 para complementar o tradicional curr\u00edculo escolar com cursos que focam em problemas socioambientais. A EcoRede \u00e9 formada por uma equipe de estudantes universit\u00e1rios de diversos cursos que trabalham juntos para elaborar aulas e atividades de educa\u00e7\u00e3o socioambiental em torno de temas que s\u00e3o decididos com a contribui\u00e7\u00e3o de educadores locais. Embora os temas mudem anualmente a cada novo grupo de estudantes universit\u00e1rios, Iara enfatiza a import\u00e2ncia da continuidade, procurando empregar a cada aula um conhecimento mais profundo das rela\u00e7\u00f5es entre indiv\u00edduos e comunidades com o meio ambiente. Ela diz que quem trabalha com o meio ambiente \u201c<span data-ccp-props=\"{&quot;201341983&quot;:0,&quot;335559739&quot;:160,&quot;335559740&quot;:259}\">tem que entender que o meio ambiente est\u00e1 mudando a cada dia. Por\u00e9m a nossa \u00e9tica e valores em rela\u00e7\u00e3o ao meio ambiente n\u00e3o podem mudar&#8221;.<\/span><\/p>\n<p><a href=\"http:\/\/rioonwatch.org.br\/wp-content\/uploads\/2018\/12\/Eco-Network-Sala-de-aula.jpg\"><img decoding=\"async\" class=\"aligncenter wp-image-37762 size-content\" title=\"Atividades na sala de aula. Foto: Facebook Alfazendo.\" src=\"http:\/\/rioonwatch.org.br\/wp-content\/uploads\/2018\/12\/Eco-Network-Sala-de-aula-620x264.jpg\" alt=\"\" width=\"620\" height=\"264\" srcset=\"https:\/\/rioonwatch.org.br\/wp-content\/uploads\/2018\/12\/Eco-Network-Sala-de-aula-620x264.jpg 620w, https:\/\/rioonwatch.org.br\/wp-content\/uploads\/2018\/12\/Eco-Network-Sala-de-aula-940x400.jpg 940w\" sizes=\"(max-width: 620px) 100vw, 620px\" \/><\/a><\/p>\n<p>Embora exista h\u00e1 menos de uma d\u00e9cada, a EcoRede do Alfazendo j\u00e1 se tornou parte integral do curr\u00edculo em 28 escolas locais, alcan\u00e7ando mais de 7000 alunos. Iara atribui o sucesso da EcoRede em grande parte \u00e0 abordagem participativa na educa\u00e7\u00e3o e suas t\u00e9cnicas criativas de ensino que comumente inclui teatro, artes e artesanato. Outra chave para o sucesso \u00e9 a capacidade de colocar os problemas enfrentados pelos moradores da favela como base do curr\u00edculo e propor educa\u00e7\u00e3o ambiental com li\u00e7\u00f5es sobre racismo, sexismo e g\u00eanero. Enquanto a maioria das escolas nas quais a EcoRede atua est\u00e3o localizadas na Cidade de Deus, <a href=\"http:\/\/bit.ly\/2Ou1y2s\">a iniciativa tamb\u00e9m tem presen\u00e7a<\/a>\u00a0no\u00a0<a href=\"http:\/\/bit.ly\/1rNMXO3\">Complexo da Mar\u00e9<\/a>, na\u00a0<a href=\"http:\/\/bit.ly\/WximDf\">Zona Norte<\/a> do Rio. Quando a EcoRede come\u00e7ou a trabalhar na Mar\u00e9, Iara explica que eles tiveram que colaborar com escolas locais e educadores para reimaginar seus planos de aula.\u00a0\u201cQuando chegamos na Mar\u00e9, tivemos que desconstruir nossa metodologia. \u00c9 um territ\u00f3rio diferente&#8230; e temos que entender que as rela\u00e7\u00f5es sociais, as limita\u00e7\u00f5es de tempo e a vida das pessoas s\u00e3o diferentes&#8221;.<\/p>\n<p>Como parte de sua presen\u00e7a nas escolas locais, a EcoRede construiu e ajuda a manter v\u00e1rios jardins comunit\u00e1rios na Cidade de Deus. Plantar e cuidar desses jardins proporciona aos alunos um trabalho de experi\u00eancia pr\u00e1tica com a natureza e oferece aos educadores uma oportunidade de ensinar sobre os benef\u00edcios ambientais e para a sa\u00fade que uma dieta rica em frutas e vegetais promove. Expor os alunos a experi\u00eancias e perspectivas que est\u00e3o ausentes em sala de aula \u00e9 um componente crucial da EcoRede. Nas palavras de Iara, o maior objetivo da EcoRede \u00e9 \u201campliar a vis\u00e3o desses jovens, para considerarem o lugar em que vivem e refletir sobre suas vidas, de modo que eles tenham a op\u00e7\u00e3o de escolher como gostariam de viver&#8221;.<\/p>\n<p><a href=\"http:\/\/rioonwatch.org.br\/wp-content\/uploads\/2018\/12\/Eco-Network-Crian\u00e7as-Brincando.jpg\"><img loading=\"lazy\" decoding=\"async\" class=\"aligncenter wp-image-37760 size-content\" title=\"Crian\u00e7as brincam com brinquedos feitos de material reciclado. Foto: Facebook Alfazendo.\" src=\"http:\/\/rioonwatch.org.br\/wp-content\/uploads\/2018\/12\/Eco-Network-Crian\u00e7as-Brincando-620x264.jpg\" alt=\"\" width=\"620\" height=\"264\" srcset=\"https:\/\/rioonwatch.org.br\/wp-content\/uploads\/2018\/12\/Eco-Network-Crian\u00e7as-Brincando-620x264.jpg 620w, https:\/\/rioonwatch.org.br\/wp-content\/uploads\/2018\/12\/Eco-Network-Crian\u00e7as-Brincando-940x400.jpg 940w\" sizes=\"(max-width: 620px) 100vw, 620px\" \/><\/a><\/p>\n<p>Al\u00e9m de seu programa em escolas locais, Alfazendo\/EcoRede tamb\u00e9m oferece treinamento para catadores de materiais recicl\u00e1veis para agilizar e formalizar seus trabalhos. Uma das principais melhorias que a EcoRede apoiou foi a constru\u00e7\u00e3o de 14 ecopontos na Cidade de Deus. Esses ecopontos s\u00e3o locais designados para que os moradores descartem o lixo recicl\u00e1vel de forma que facilite o trabalho dos catadores, que antes precisavam separar materiais em grandes pilhas de lixo e andar toda a comunidade diariamente procurando pelos materiais descartados. A EcoRede tamb\u00e9m fornece materiais educativos para incentivar os moradores a reciclar e pensar mais criticamente sobre suas rela\u00e7\u00f5es com o lixo que produzem e com os catadores de mat\u00e9rias recicl\u00e1veis.<span data-ccp-props=\"{&quot;201341983&quot;:0,&quot;335559739&quot;:160,&quot;335559740&quot;:259}\">\u00a0<\/span><\/p>\n<p><a href=\"http:\/\/rioonwatch.org.br\/wp-content\/uploads\/2018\/12\/Eco-Rede-Catadores.jpg\"><img loading=\"lazy\" decoding=\"async\" class=\"aligncenter wp-image-37759 size-content\" title=\"Iara (\u00e0 esquerda) com os catadores da Cidade de Deus. Foto: Facebook Alfazendo.\" src=\"http:\/\/rioonwatch.org.br\/wp-content\/uploads\/2018\/12\/Eco-Rede-Catadores-620x264.jpg\" alt=\"\" width=\"620\" height=\"264\" srcset=\"https:\/\/rioonwatch.org.br\/wp-content\/uploads\/2018\/12\/Eco-Rede-Catadores-620x264.jpg 620w, https:\/\/rioonwatch.org.br\/wp-content\/uploads\/2018\/12\/Eco-Rede-Catadores-940x400.jpg 940w\" sizes=\"(max-width: 620px) 100vw, 620px\" \/><\/a><\/p>\n<p>O trabalho duro do Alfazendo e sua EcoRede na Cidade de Deus tem ajudado a mobilizar os moradores a contribuir com a transforma\u00e7\u00e3o positiva de sua comunidade e reimaginar o seu potencial. As campanhas educacionais do grupo t\u00eam melhorado as rela\u00e7\u00f5es entre catadores de materiais recicl\u00e1veis e moradores e t\u00eam ajudado milhares de jovens e adultos com seus programas escolares, pr\u00e9-vestibular e turmas de alfabetiza\u00e7\u00e3o. A longevidade e sucesso do Alfazendo e os in\u00fameros benef\u00edcios que a organiza\u00e7\u00e3o trouxe para a Cidade de Deus s\u00e3o os frutos de um longo processo de constru\u00e7\u00e3o de rela\u00e7\u00f5es locais baseadas na coopera\u00e7\u00e3o, confian\u00e7a e participa\u00e7\u00e3o coletiva. Iara explica que \u201cuma rela\u00e7\u00e3o social n\u00e3o \u00e9 como a de um emprego\u2014\u00e9 uma rela\u00e7\u00e3o de confian\u00e7a. \u00c9 entender qual \u00e9 o seu papel na sociedade&#8230; Eu n\u00e3o sou a professora, eu s\u00f3 facilito o processo educacional. As pessoas s\u00f3 mudam quando sentem que \u00e9 importante para elas mudarem&#8221;. A EcoRede do Alfazendo continua seu trabalho na Cidade de Deus e na Mar\u00e9 com a esperan\u00e7a de alcan\u00e7ar mais jovens e faz\u00ea-los mais conscientes das oportunidades de aprenderem, crescerem e retribu\u00edrem \u00e0s suas comunidades.<\/p>\n<p><a href=\"http:\/\/rioonwatch.org.br\/wp-content\/uploads\/2018\/12\/Eco-Rede-mapa.png\"><img loading=\"lazy\" decoding=\"async\" class=\"aligncenter wp-image-37761 size-content\" title=\"Localiza\u00e7\u00e3o do Alfazendo no Rio de Janeiro. Imagem: Google Maps.\" src=\"http:\/\/rioonwatch.org.br\/wp-content\/uploads\/2018\/12\/Eco-Rede-mapa-620x264.png\" alt=\"\" width=\"620\" height=\"264\" srcset=\"https:\/\/rioonwatch.org.br\/wp-content\/uploads\/2018\/12\/Eco-Rede-mapa-620x264.png 620w, https:\/\/rioonwatch.org.br\/wp-content\/uploads\/2018\/12\/Eco-Rede-mapa-940x400.png 940w\" sizes=\"(max-width: 620px) 100vw, 620px\" \/><\/a><\/p>\n<p>* O EcoRede do Alfazendo \u00e9 um dos mais de <a href=\"http:\/\/www.bit.ly\/RFSMapa\">100 projetos comunit\u00e1rios mapeados<\/a>\u00a0pela\u00a0<a href=\"http:\/\/bit.ly\/1aI.gif\">Comunidades Catalisadoras<\/a>\u00a0(ComCat)\u2014a organiza\u00e7\u00e3o que publica o\u00a0<i>RioOnWatch\u2014<\/i>como parte do nosso programa paralelo \u2018<a href=\"http:\/\/bit.ly\/RFSRelatorio\">Rede Favela Sustent\u00e1vel<\/a>\u2018 lan\u00e7ado\u00a0em 2017 para reconhecer, apoiar, fortalecer e expandir as\u00a0<a href=\"http:\/\/www.bit.ly\/FavelaModelo\">qualidades sustent\u00e1veis e movimentos comunit\u00e1rios inerentes<\/a>\u00a0\u00e0s favelas do Rio de Janeiro. Siga a\u00a0<a href=\"http:\/\/bit.ly\/FBRFS\">Rede Favela Sustent\u00e1vel no Facebook<\/a>. Leia outros\u00a0<a href=\"http:\/\/bit.ly\/FavelasSustentaveis\">perfis dos projetos da Rede Favela Sustent\u00e1vel aqui<\/a>.<\/p>\n<!-- AddThis Advanced Settings generic via filter on the_content --><!-- AddThis Share Buttons generic via filter on the_content -->","protected":false},"excerpt":{"rendered":"<div class=\"mh-excerpt\"><p>\u00a0Click Here for English Iniciativa: Alfazendo \/ EcoRede Contato: Facebook\u00a0|\u00a0Email\u00a0 Ano de Funda\u00e7\u00e3o: 1998 \/ 2010 Comunidade: Cidade de Deus (Zona Oeste) Miss\u00e3o: Educa\u00e7\u00e3o para uma vida sustent\u00e1vel envolve uma pedagogia centrada na compreens\u00e3o da <a class=\"mh-excerpt-more\" href=\"https:\/\/rioonwatch.org.br\/?p=37757\" title=\"Educa\u00e7\u00e3o Socioambiental\u00a0na CDD:\u00a0A EcoRede do Alfazendo #RedeFavelaSustent\u00e1vel [PERFIL]\">[&#8230;]<\/a><!-- AddThis Advanced Settings generic via filter on get_the_excerpt --><!-- AddThis Share Buttons generic via filter on get_the_excerpt --><\/p>\n<\/div>","protected":false},"author":152,"featured_media":37764,"comment_status":"closed","ping_status":"closed","sticky":false,"template":"","format":"standard","meta":{"_acf_changed":false,"_monsterinsights_skip_tracking":false,"_monsterinsights_sitenote_active":false,"_monsterinsights_sitenote_note":"","_monsterinsights_sitenote_category":0,"footnotes":""},"categories":[1621,1615,1629,1626,1616,342,1639],"tags":[103,554,2553,332,831,316,363,1554,1097,2559,358,2074,361,404,218,184],"writer":[2314],"translator":[2415],"source":[],"ilustrador":[],"fotografo":[],"class_list":{"0":"post-37757","1":"post","2":"type-post","3":"status-publish","4":"format-standard","5":"has-post-thumbnail","7":"category-destaque","8":"category-cultura-da-favela","9":"category-entrevistas-e-perfis","10":"category-por-observadores-internacionais","11":"category-qualidades-da-favela","12":"category-solucoes","13":"category-sustentabilidade","14":"tag-catadores","15":"tag-cidade-de-deus","16":"tag-coleta-de-lixo","17":"tag-complexo-da-mare","18":"tag-direito-a-cidade","19":"tag-educacao","20":"tag-educacao-ambiental","21":"tag-gestao-de-residuos","22":"tag-horta-comunitaria","23":"tag-instagram","24":"tag-organizacao-comunitaria","25":"tag-rede-favela-sustentavel","26":"tag-reciclagem","27":"tag-sustentabilidade","28":"tag-zona-norte","29":"tag-zona-oeste","30":"writer-shawn-provost","31":"translator-lucas-costa"},"acf":[],"yoast_head":"<!-- This site is optimized with the Yoast SEO plugin v25.6 - https:\/\/yoast.com\/wordpress\/plugins\/seo\/ -->\n<title>Educa\u00e7\u00e3o Socioambiental\u00a0na CDD:\u00a0A EcoRede do Alfazendo #RedeFavelaSustent\u00e1vel [PERFIL] - RioOnWatch<\/title>\n<meta name=\"robots\" content=\"index, follow, max-snippet:-1, max-image-preview:large, max-video-preview:-1\" \/>\n<link rel=\"canonical\" href=\"https:\/\/rioonwatch.org.br\/?p=37757\" \/>\n<meta property=\"og:locale\" content=\"pt_BR\" \/>\n<meta property=\"og:type\" content=\"article\" \/>\n<meta property=\"og:title\" content=\"Educa\u00e7\u00e3o Socioambiental\u00a0na CDD:\u00a0A EcoRede do Alfazendo #RedeFavelaSustent\u00e1vel [PERFIL] - RioOnWatch\" \/>\n<meta property=\"og:description\" content=\"\u00a0Click Here for English Iniciativa: Alfazendo \/ EcoRede Contato: Facebook\u00a0|\u00a0Email\u00a0 Ano de Funda\u00e7\u00e3o: 1998 \/ 2010 Comunidade: Cidade de Deus (Zona Oeste) Miss\u00e3o: Educa\u00e7\u00e3o para uma vida sustent\u00e1vel envolve uma pedagogia centrada na compreens\u00e3o da [...]\" \/>\n<meta property=\"og:url\" content=\"https:\/\/rioonwatch.org.br\/?p=37757\" \/>\n<meta property=\"og:site_name\" content=\"RioOnWatch\" \/>\n<meta property=\"article:published_time\" content=\"2019-01-30T13:26:18+00:00\" \/>\n<meta property=\"article:modified_time\" content=\"2020-03-08T00:30:30+00:00\" \/>\n<meta property=\"og:image\" content=\"https:\/\/rioonwatch.org.br\/wp-content\/uploads\/2018\/12\/Eco-Rede-jovens.jpg\" \/>\n\t<meta property=\"og:image:width\" content=\"2048\" \/>\n\t<meta property=\"og:image:height\" content=\"1536\" \/>\n\t<meta property=\"og:image:type\" content=\"image\/jpeg\" \/>\n<meta name=\"author\" content=\"Luisa Fenizola\" \/>\n<meta name=\"twitter:card\" content=\"summary_large_image\" \/>\n<meta name=\"twitter:label1\" content=\"Escrito por\" \/>\n\t<meta name=\"twitter:data1\" content=\"Luisa Fenizola\" \/>\n\t<meta name=\"twitter:label2\" content=\"Est. tempo de leitura\" \/>\n\t<meta name=\"twitter:data2\" content=\"6 minutos\" \/>\n<script type=\"application\/ld+json\" class=\"yoast-schema-graph\">{\"@context\":\"https:\/\/schema.org\",\"@graph\":[{\"@type\":\"Article\",\"@id\":\"https:\/\/rioonwatch.org.br\/?p=37757#article\",\"isPartOf\":{\"@id\":\"https:\/\/rioonwatch.org.br\/?p=37757\"},\"author\":{\"name\":\"Luisa Fenizola\",\"@id\":\"https:\/\/rioonwatch.org.br\/#\/schema\/person\/f443c6b55bb6e80842280318076491c5\"},\"headline\":\"Educa\u00e7\u00e3o Socioambiental\u00a0na CDD:\u00a0A EcoRede do Alfazendo #RedeFavelaSustent\u00e1vel [PERFIL]\",\"datePublished\":\"2019-01-30T13:26:18+00:00\",\"dateModified\":\"2020-03-08T00:30:30+00:00\",\"mainEntityOfPage\":{\"@id\":\"https:\/\/rioonwatch.org.br\/?p=37757\"},\"wordCount\":1198,\"publisher\":{\"@id\":\"https:\/\/rioonwatch.org.br\/#organization\"},\"image\":{\"@id\":\"https:\/\/rioonwatch.org.br\/?p=37757#primaryimage\"},\"thumbnailUrl\":\"https:\/\/rioonwatch.org.br\/wp-content\/uploads\/2018\/12\/Eco-Rede-jovens.jpg\",\"keywords\":[\"catadores\",\"Cidade de Deus\",\"coleta de lixo\",\"Complexo da Mar\u00e9\",\"Direito \u00e0 Cidade\",\"educa\u00e7\u00e3o\",\"educa\u00e7\u00e3o ambiental\",\"gest\u00e3o de res\u00edduos\",\"horta comunit\u00e1ria\",\"Instagram\",\"organiza\u00e7\u00e3o comunit\u00e1ria\",\"Perfis Integrantes da Rede Favela Sustent\u00e1vel\",\"reciclagem\",\"sustentabilidade\",\"Zona Norte\",\"Zona Oeste\"],\"articleSection\":[\"*Destaque\",\"Cultura da Favela\",\"Entrevistas e Perfis\",\"Escrito por Aliados\",\"Qualidades da Favela\",\"Solu\u00e7\u00f5es\",\"Sustentabilidade\"],\"inLanguage\":\"pt-BR\"},{\"@type\":\"WebPage\",\"@id\":\"https:\/\/rioonwatch.org.br\/?p=37757\",\"url\":\"https:\/\/rioonwatch.org.br\/?p=37757\",\"name\":\"Educa\u00e7\u00e3o Socioambiental\u00a0na CDD:\u00a0A EcoRede do Alfazendo #RedeFavelaSustent\u00e1vel [PERFIL] - RioOnWatch\",\"isPartOf\":{\"@id\":\"https:\/\/rioonwatch.org.br\/#website\"},\"primaryImageOfPage\":{\"@id\":\"https:\/\/rioonwatch.org.br\/?p=37757#primaryimage\"},\"image\":{\"@id\":\"https:\/\/rioonwatch.org.br\/?p=37757#primaryimage\"},\"thumbnailUrl\":\"https:\/\/rioonwatch.org.br\/wp-content\/uploads\/2018\/12\/Eco-Rede-jovens.jpg\",\"datePublished\":\"2019-01-30T13:26:18+00:00\",\"dateModified\":\"2020-03-08T00:30:30+00:00\",\"breadcrumb\":{\"@id\":\"https:\/\/rioonwatch.org.br\/?p=37757#breadcrumb\"},\"inLanguage\":\"pt-BR\",\"potentialAction\":[{\"@type\":\"ReadAction\",\"target\":[\"https:\/\/rioonwatch.org.br\/?p=37757\"]}]},{\"@type\":\"ImageObject\",\"inLanguage\":\"pt-BR\",\"@id\":\"https:\/\/rioonwatch.org.br\/?p=37757#primaryimage\",\"url\":\"https:\/\/rioonwatch.org.br\/wp-content\/uploads\/2018\/12\/Eco-Rede-jovens.jpg\",\"contentUrl\":\"https:\/\/rioonwatch.org.br\/wp-content\/uploads\/2018\/12\/Eco-Rede-jovens.jpg\",\"width\":2048,\"height\":1536},{\"@type\":\"BreadcrumbList\",\"@id\":\"https:\/\/rioonwatch.org.br\/?p=37757#breadcrumb\",\"itemListElement\":[{\"@type\":\"ListItem\",\"position\":1,\"name\":\"In\u00edcio\",\"item\":\"https:\/\/rioonwatch.org.br\/\"},{\"@type\":\"ListItem\",\"position\":2,\"name\":\"Educa\u00e7\u00e3o Socioambiental\u00a0na CDD:\u00a0A EcoRede do Alfazendo #RedeFavelaSustent\u00e1vel [PERFIL]\"}]},{\"@type\":\"WebSite\",\"@id\":\"https:\/\/rioonwatch.org.br\/#website\",\"url\":\"https:\/\/rioonwatch.org.br\/\",\"name\":\"RioOnWatch\",\"description\":\"relatos das favelas cariocas\",\"publisher\":{\"@id\":\"https:\/\/rioonwatch.org.br\/#organization\"},\"potentialAction\":[{\"@type\":\"SearchAction\",\"target\":{\"@type\":\"EntryPoint\",\"urlTemplate\":\"https:\/\/rioonwatch.org.br\/?s={search_term_string}\"},\"query-input\":{\"@type\":\"PropertyValueSpecification\",\"valueRequired\":true,\"valueName\":\"search_term_string\"}}],\"inLanguage\":\"pt-BR\"},{\"@type\":\"Organization\",\"@id\":\"https:\/\/rioonwatch.org.br\/#organization\",\"name\":\"RioOnWatch\",\"url\":\"https:\/\/rioonwatch.org.br\/\",\"logo\":{\"@type\":\"ImageObject\",\"inLanguage\":\"pt-BR\",\"@id\":\"https:\/\/rioonwatch.org.br\/#\/schema\/logo\/image\/\",\"url\":\"https:\/\/rioonwatch.org.br\/wp-content\/uploads\/2021\/06\/RioOnWatchcabecalhoPT11anos-2.png\",\"contentUrl\":\"https:\/\/rioonwatch.org.br\/wp-content\/uploads\/2021\/06\/RioOnWatchcabecalhoPT11anos-2.png\",\"width\":779,\"height\":277,\"caption\":\"RioOnWatch\"},\"image\":{\"@id\":\"https:\/\/rioonwatch.org.br\/#\/schema\/logo\/image\/\"}},{\"@type\":\"Person\",\"@id\":\"https:\/\/rioonwatch.org.br\/#\/schema\/person\/f443c6b55bb6e80842280318076491c5\",\"name\":\"Luisa Fenizola\",\"image\":{\"@type\":\"ImageObject\",\"inLanguage\":\"pt-BR\",\"@id\":\"https:\/\/rioonwatch.org.br\/#\/schema\/person\/image\/\",\"url\":\"https:\/\/secure.gravatar.com\/avatar\/a3d551110162b9f876cbbdaaecf75663?s=96&d=blank&r=g\",\"contentUrl\":\"https:\/\/secure.gravatar.com\/avatar\/a3d551110162b9f876cbbdaaecf75663?s=96&d=blank&r=g\",\"caption\":\"Luisa Fenizola\"},\"url\":\"https:\/\/rioonwatch.org.br\/?author=152\"}]}<\/script>\n<!-- \/ Yoast SEO plugin. -->","yoast_head_json":{"title":"Educa\u00e7\u00e3o Socioambiental\u00a0na CDD:\u00a0A EcoRede do Alfazendo #RedeFavelaSustent\u00e1vel [PERFIL] - RioOnWatch","robots":{"index":"index","follow":"follow","max-snippet":"max-snippet:-1","max-image-preview":"max-image-preview:large","max-video-preview":"max-video-preview:-1"},"canonical":"https:\/\/rioonwatch.org.br\/?p=37757","og_locale":"pt_BR","og_type":"article","og_title":"Educa\u00e7\u00e3o Socioambiental\u00a0na CDD:\u00a0A EcoRede do Alfazendo #RedeFavelaSustent\u00e1vel [PERFIL] - RioOnWatch","og_description":"\u00a0Click Here for English Iniciativa: Alfazendo \/ EcoRede Contato: Facebook\u00a0|\u00a0Email\u00a0 Ano de Funda\u00e7\u00e3o: 1998 \/ 2010 Comunidade: Cidade de Deus (Zona Oeste) Miss\u00e3o: Educa\u00e7\u00e3o para uma vida sustent\u00e1vel envolve uma pedagogia centrada na compreens\u00e3o da [...]","og_url":"https:\/\/rioonwatch.org.br\/?p=37757","og_site_name":"RioOnWatch","article_published_time":"2019-01-30T13:26:18+00:00","article_modified_time":"2020-03-08T00:30:30+00:00","og_image":[{"width":2048,"height":1536,"url":"https:\/\/rioonwatch.org.br\/wp-content\/uploads\/2018\/12\/Eco-Rede-jovens.jpg","type":"image\/jpeg"}],"author":"Luisa Fenizola","twitter_card":"summary_large_image","twitter_misc":{"Escrito por":"Luisa Fenizola","Est. tempo de leitura":"6 minutos"},"schema":{"@context":"https:\/\/schema.org","@graph":[{"@type":"Article","@id":"https:\/\/rioonwatch.org.br\/?p=37757#article","isPartOf":{"@id":"https:\/\/rioonwatch.org.br\/?p=37757"},"author":{"name":"Luisa Fenizola","@id":"https:\/\/rioonwatch.org.br\/#\/schema\/person\/f443c6b55bb6e80842280318076491c5"},"headline":"Educa\u00e7\u00e3o Socioambiental\u00a0na CDD:\u00a0A EcoRede do Alfazendo #RedeFavelaSustent\u00e1vel [PERFIL]","datePublished":"2019-01-30T13:26:18+00:00","dateModified":"2020-03-08T00:30:30+00:00","mainEntityOfPage":{"@id":"https:\/\/rioonwatch.org.br\/?p=37757"},"wordCount":1198,"publisher":{"@id":"https:\/\/rioonwatch.org.br\/#organization"},"image":{"@id":"https:\/\/rioonwatch.org.br\/?p=37757#primaryimage"},"thumbnailUrl":"https:\/\/rioonwatch.org.br\/wp-content\/uploads\/2018\/12\/Eco-Rede-jovens.jpg","keywords":["catadores","Cidade de Deus","coleta de lixo","Complexo da Mar\u00e9","Direito \u00e0 Cidade","educa\u00e7\u00e3o","educa\u00e7\u00e3o ambiental","gest\u00e3o de res\u00edduos","horta comunit\u00e1ria","Instagram","organiza\u00e7\u00e3o comunit\u00e1ria","Perfis Integrantes da Rede Favela Sustent\u00e1vel","reciclagem","sustentabilidade","Zona Norte","Zona Oeste"],"articleSection":["*Destaque","Cultura da Favela","Entrevistas e Perfis","Escrito por Aliados","Qualidades da Favela","Solu\u00e7\u00f5es","Sustentabilidade"],"inLanguage":"pt-BR"},{"@type":"WebPage","@id":"https:\/\/rioonwatch.org.br\/?p=37757","url":"https:\/\/rioonwatch.org.br\/?p=37757","name":"Educa\u00e7\u00e3o Socioambiental\u00a0na CDD:\u00a0A EcoRede do Alfazendo #RedeFavelaSustent\u00e1vel [PERFIL] - RioOnWatch","isPartOf":{"@id":"https:\/\/rioonwatch.org.br\/#website"},"primaryImageOfPage":{"@id":"https:\/\/rioonwatch.org.br\/?p=37757#primaryimage"},"image":{"@id":"https:\/\/rioonwatch.org.br\/?p=37757#primaryimage"},"thumbnailUrl":"https:\/\/rioonwatch.org.br\/wp-content\/uploads\/2018\/12\/Eco-Rede-jovens.jpg","datePublished":"2019-01-30T13:26:18+00:00","dateModified":"2020-03-08T00:30:30+00:00","breadcrumb":{"@id":"https:\/\/rioonwatch.org.br\/?p=37757#breadcrumb"},"inLanguage":"pt-BR","potentialAction":[{"@type":"ReadAction","target":["https:\/\/rioonwatch.org.br\/?p=37757"]}]},{"@type":"ImageObject","inLanguage":"pt-BR","@id":"https:\/\/rioonwatch.org.br\/?p=37757#primaryimage","url":"https:\/\/rioonwatch.org.br\/wp-content\/uploads\/2018\/12\/Eco-Rede-jovens.jpg","contentUrl":"https:\/\/rioonwatch.org.br\/wp-content\/uploads\/2018\/12\/Eco-Rede-jovens.jpg","width":2048,"height":1536},{"@type":"BreadcrumbList","@id":"https:\/\/rioonwatch.org.br\/?p=37757#breadcrumb","itemListElement":[{"@type":"ListItem","position":1,"name":"In\u00edcio","item":"https:\/\/rioonwatch.org.br\/"},{"@type":"ListItem","position":2,"name":"Educa\u00e7\u00e3o Socioambiental\u00a0na CDD:\u00a0A EcoRede do Alfazendo #RedeFavelaSustent\u00e1vel [PERFIL]"}]},{"@type":"WebSite","@id":"https:\/\/rioonwatch.org.br\/#website","url":"https:\/\/rioonwatch.org.br\/","name":"RioOnWatch","description":"relatos das favelas cariocas","publisher":{"@id":"https:\/\/rioonwatch.org.br\/#organization"},"potentialAction":[{"@type":"SearchAction","target":{"@type":"EntryPoint","urlTemplate":"https:\/\/rioonwatch.org.br\/?s={search_term_string}"},"query-input":{"@type":"PropertyValueSpecification","valueRequired":true,"valueName":"search_term_string"}}],"inLanguage":"pt-BR"},{"@type":"Organization","@id":"https:\/\/rioonwatch.org.br\/#organization","name":"RioOnWatch","url":"https:\/\/rioonwatch.org.br\/","logo":{"@type":"ImageObject","inLanguage":"pt-BR","@id":"https:\/\/rioonwatch.org.br\/#\/schema\/logo\/image\/","url":"https:\/\/rioonwatch.org.br\/wp-content\/uploads\/2021\/06\/RioOnWatchcabecalhoPT11anos-2.png","contentUrl":"https:\/\/rioonwatch.org.br\/wp-content\/uploads\/2021\/06\/RioOnWatchcabecalhoPT11anos-2.png","width":779,"height":277,"caption":"RioOnWatch"},"image":{"@id":"https:\/\/rioonwatch.org.br\/#\/schema\/logo\/image\/"}},{"@type":"Person","@id":"https:\/\/rioonwatch.org.br\/#\/schema\/person\/f443c6b55bb6e80842280318076491c5","name":"Luisa Fenizola","image":{"@type":"ImageObject","inLanguage":"pt-BR","@id":"https:\/\/rioonwatch.org.br\/#\/schema\/person\/image\/","url":"https:\/\/secure.gravatar.com\/avatar\/a3d551110162b9f876cbbdaaecf75663?s=96&d=blank&r=g","contentUrl":"https:\/\/secure.gravatar.com\/avatar\/a3d551110162b9f876cbbdaaecf75663?s=96&d=blank&r=g","caption":"Luisa Fenizola"},"url":"https:\/\/rioonwatch.org.br\/?author=152"}]}},"_links":{"self":[{"href":"https:\/\/rioonwatch.org.br\/index.php?rest_route=\/wp\/v2\/posts\/37757"}],"collection":[{"href":"https:\/\/rioonwatch.org.br\/index.php?rest_route=\/wp\/v2\/posts"}],"about":[{"href":"https:\/\/rioonwatch.org.br\/index.php?rest_route=\/wp\/v2\/types\/post"}],"author":[{"embeddable":true,"href":"https:\/\/rioonwatch.org.br\/index.php?rest_route=\/wp\/v2\/users\/152"}],"replies":[{"embeddable":true,"href":"https:\/\/rioonwatch.org.br\/index.php?rest_route=%2Fwp%2Fv2%2Fcomments&post=37757"}],"version-history":[{"count":21,"href":"https:\/\/rioonwatch.org.br\/index.php?rest_route=\/wp\/v2\/posts\/37757\/revisions"}],"predecessor-version":[{"id":45729,"href":"https:\/\/rioonwatch.org.br\/index.php?rest_route=\/wp\/v2\/posts\/37757\/revisions\/45729"}],"wp:featuredmedia":[{"embeddable":true,"href":"https:\/\/rioonwatch.org.br\/index.php?rest_route=\/wp\/v2\/media\/37764"}],"wp:attachment":[{"href":"https:\/\/rioonwatch.org.br\/index.php?rest_route=%2Fwp%2Fv2%2Fmedia&parent=37757"}],"wp:term":[{"taxonomy":"category","embeddable":true,"href":"https:\/\/rioonwatch.org.br\/index.php?rest_route=%2Fwp%2Fv2%2Fcategories&post=37757"},{"taxonomy":"post_tag","embeddable":true,"href":"https:\/\/rioonwatch.org.br\/index.php?rest_route=%2Fwp%2Fv2%2Ftags&post=37757"},{"taxonomy":"writer","embeddable":true,"href":"https:\/\/rioonwatch.org.br\/index.php?rest_route=%2Fwp%2Fv2%2Fwriter&post=37757"},{"taxonomy":"translator","embeddable":true,"href":"https:\/\/rioonwatch.org.br\/index.php?rest_route=%2Fwp%2Fv2%2Ftranslator&post=37757"},{"taxonomy":"source","embeddable":true,"href":"https:\/\/rioonwatch.org.br\/index.php?rest_route=%2Fwp%2Fv2%2Fsource&post=37757"},{"taxonomy":"ilustrador","embeddable":true,"href":"https:\/\/rioonwatch.org.br\/index.php?rest_route=%2Fwp%2Fv2%2Filustrador&post=37757"},{"taxonomy":"fotografo","embeddable":true,"href":"https:\/\/rioonwatch.org.br\/index.php?rest_route=%2Fwp%2Fv2%2Ffotografo&post=37757"}],"curies":[{"name":"wp","href":"https:\/\/api.w.org\/{rel}","templated":true}]}}