{"id":37791,"date":"2018-12-12T09:12:33","date_gmt":"2018-12-12T12:12:33","guid":{"rendered":"http:\/\/rioonwatch.org.br\/?p=37791"},"modified":"2018-12-26T23:19:23","modified_gmt":"2018-12-27T02:19:23","slug":"3o-intercambio-da-rede-favela-sustentavel-agrofloresta-na-zona-norte-do-rio-de-janeiro-imagens","status":"publish","type":"post","link":"https:\/\/rioonwatch.org.br\/?p=37791","title":{"rendered":"3\u00ba Interc\u00e2mbio da Rede Favela Sustent\u00e1vel: Agrofloresta na Zona Norte do Rio de Janeiro [IMAGENS]"},"content":{"rendered":"<p style=\"text-align: right;\"><a href=\"http:\/\/bit.ly\/2PnpR2C\" target=\"_blank\" rel=\"noopener\"><em><strong>Click Here for English<img decoding=\"async\" width=\"20\" height=\"20\" class=\"alignright wp-image-15790\" src=\"http:\/\/rioonwatch.org.br\/wp-content\/uploads\/2012\/08\/EN-standard-e1439583104716.jpg\" \/><\/strong><\/em><\/a><\/p>\n<p><em>A\u00a0<a href=\"http:\/\/www.bit.ly\/RFSMapa\" target=\"_blank\" rel=\"noopener\">Rede Favela Sustent\u00e1vel<\/a>\u00a0(RFS) \u00e9 um projeto da\u00a0<a href=\"http:\/\/comcat.org\/\" target=\"_blank\" rel=\"noopener\">Comunidades Catalisadoras<\/a>\u00a0(ComCat)* desenhado para construir redes de solidariedade, dar visibilidade, e desenvolver a\u00e7\u00f5es conjuntas que apoiem a expans\u00e3o de iniciativas comunit\u00e1rias que fortalecem a sustentabilidade ambiental e\u00a0resili\u00eancia social em favelas de toda a regi\u00e3o metropolitana\u00a0do Rio de Janeiro. O projeto come\u00e7ou em 2012 com a produ\u00e7\u00e3o do filme\u00a0<a href=\"http:\/\/bit.ly\/FavelaModelo\" target=\"_blank\" rel=\"noopener\">Favela como Modelo Sustent\u00e1vel<\/a>. Em 2017 foram\u00a0<a href=\"http:\/\/www.bit.ly\/RFSMapa\" target=\"_blank\" rel=\"noopener\">mapeadas 111 iniciativas sustent\u00e1veis<\/a>\u00a0e foi publicado um\u00a0<a href=\"http:\/\/bit.ly\/RFSRelatorio\" target=\"_blank\" rel=\"noopener\">relat\u00f3rio final<\/a>\u00a0que analisa o processo do mapeamento de 2017.\u00a0<\/em><\/p>\n<p><em>Em 2018 o projeto realizou uma\u00a0<a href=\"http:\/\/bit.ly\/IntercambiosRFS\" target=\"_blank\" rel=\"noopener\">s\u00e9rie de interc\u00e2mbios extensivos<\/a>\u00a0entre oito das mais duradouras e estabelecidas iniciativas mapeadas, que culminou em um\u00a0<a href=\"http:\/\/comcat.org\/rfs-lancamento\/\" target=\"_blank\" rel=\"noopener\">interc\u00e2mbio intensivo com todas as 111 iniciativas em 10 de novembro<\/a>. Entre as oito est\u00e3o seis organiza\u00e7\u00f5es comunit\u00e1rias: a\u00a0<a href=\"http:\/\/bit.ly\/1qm7REb\" target=\"_blank\" rel=\"noopener\">Cooperativa Vale Encantado<\/a>\u00a0no\u00a0<a href=\"http:\/\/bit.ly\/2nysjZt\" target=\"_blank\" rel=\"noopener\">Alto da Boa Vista<\/a>,\u00a0<a href=\"http:\/\/bit.ly\/2LTiq6B\" target=\"_blank\" rel=\"noopener\">Ecco Vida<\/a>\u00a0em\u00a0<a href=\"http:\/\/bit.ly\/2CYWZfe\" target=\"_blank\" rel=\"noopener\">Hon\u00f3rio Gurgel<\/a>,\u00a0<a href=\"http:\/\/bit.ly\/2xNNoER\" target=\"_blank\" rel=\"noopener\">Verdejar<\/a>\u00a0no\u00a0<a href=\"http:\/\/bit.ly\/2eS3YYJ\" target=\"_blank\" rel=\"noopener\">Engenho da Rainha<\/a>\u00a0e\u00a0<a href=\"http:\/\/bit.ly\/U0MiGm\" target=\"_blank\" rel=\"noopener\">Complexo do Alem\u00e3o<\/a>,\u00a0<a href=\"http:\/\/bit.ly\/29HflyR\" target=\"_blank\" rel=\"noopener\">Quilombo do Camorim<\/a>\u00a0em\u00a0<a href=\"http:\/\/bit.ly\/1HgPTzq\" target=\"_blank\" rel=\"noopener\">Jacarepagu\u00e1<\/a>,\u00a0<a href=\"http:\/\/bit.ly\/2gLgo9U\" target=\"_blank\" rel=\"noopener\">ReciclA\u00e7\u00e3o<\/a>\u00a0no\u00a0<a href=\"http:\/\/bit.ly\/1eAan7M\" target=\"_blank\" rel=\"noopener\">Morro dos Prazeres<\/a>, e a\u00a0<a href=\"http:\/\/bit.ly\/1I91GKZ\" target=\"_blank\" rel=\"noopener\">Eco Rede do Alfazendo<\/a>\u00a0na\u00a0<a href=\"http:\/\/bit.ly\/10BzE4e\" target=\"_blank\" rel=\"noopener\">Cidade de Deus<\/a>. Os interc\u00e2mbios tamb\u00e9m inclu\u00edram a visita a duas iniciativas com foco al\u00e9m das favelas, sendo elas a\u00a0<a href=\"http:\/\/bit.ly\/2dkIxmM\" target=\"_blank\" rel=\"noopener\">Onda Verde<\/a>\u00a0em\u00a0<a href=\"http:\/\/bit.ly\/1xgiXjq\" target=\"_blank\" rel=\"noopener\">Nova Igua\u00e7u<\/a>\u00a0e o\u00a0<a href=\"http:\/\/bit.ly\/2yiVC7W\" target=\"_blank\" rel=\"noopener\">Ecomuseu de Sepetiba<\/a>. Os interc\u00e2mbios t\u00eam apoio da\u00a0<a href=\"http:\/\/bit.ly\/1jCIAqW\" target=\"_blank\" rel=\"noopener\">Funda\u00e7\u00e3o Heinrich B\u00f6ll Brasil<\/a>.\u00a0<\/em><\/p>\n<p><em><a href=\"http:\/\/bit.ly\/IntercambiosRFS\" target=\"_blank\" rel=\"noopener\">Os interc\u00e2mbios<\/a>\u00a0t\u00eam a inten\u00e7\u00e3o de conectar diversos projetos de base comunit\u00e1ria que trabalham em quest\u00f5es s\u00f3cioambientais, apoiar o compartilhamento de conhecimento de experi\u00eancias entre os membros dos projetos, e identificar novas oportunidades conjuntas para promover sustentabilidade nas favelas do Rio. As extensas visitas foram realizadas aos s\u00e1bados durante os meses de setembro e outubro e culminaram em um\u00a0<a href=\"http:\/\/comcat.org\/rfs-lancamento\/\" target=\"_blank\" rel=\"noopener\">evento aberto a todas as 111 iniciativas mapeadas pela RFS no dia 10 de novembro<\/a>.\u00a0<\/em><\/p>\n<hr \/>\n<h3>3\u00ba Interc\u00e2mbio Inicia Sob a Sombra da Serra da Miseric\u00f3rdia<\/h3>\n<h3><a href=\"http:\/\/rioonwatch.org.br\/wp-content\/uploads\/2018\/12\/horta.jpg\"><img fetchpriority=\"high\" decoding=\"async\" class=\"aligncenter wp-image-37792 size-content\" title=\"Horta comunit\u00e1ria do Verdejar.\" src=\"http:\/\/rioonwatch.org.br\/wp-content\/uploads\/2018\/12\/horta-620x264.jpg\" alt=\"\" width=\"620\" height=\"264\" srcset=\"https:\/\/rioonwatch.org.br\/wp-content\/uploads\/2018\/12\/horta-620x264.jpg 620w, https:\/\/rioonwatch.org.br\/wp-content\/uploads\/2018\/12\/horta-940x400.jpg 940w\" sizes=\"(max-width: 620px) 100vw, 620px\" \/><\/a><\/h3>\n<p>Enquanto membros da <a href=\"http:\/\/www.bit.ly\/RFSMapa\" target=\"_blank\" rel=\"noopener\">Rede Favela Sustent\u00e1vel<\/a>\u00a0(RFS) chegavam \u00e0 pequena comunidade S\u00e9rgio Silva, no bairro do <a href=\"http:\/\/bit.ly\/2eS3YYJ\" target=\"_blank\" rel=\"noopener\">Engenho da Rainha<\/a>, na manh\u00e3 de s\u00e1bado, 13 de outubro, o sol j\u00e1 come\u00e7ava a bater no asfalto. No momento em que o grupo chegou \u00e0 sede do\u00a0<a href=\"http:\/\/bit.ly\/18qCd1y\" target=\"_blank\" rel=\"noopener\">Verdejar<\/a>, no entanto, uma brisa fresca substituiu o calor sob a sombra da floresta urbana da <a href=\"http:\/\/bit.ly\/1H8ZT7L\" target=\"_blank\" rel=\"noopener\">Serra da Miseric\u00f3rdia<\/a>.<\/p>\n<p>Essa sombra n\u00e3o foi conquistada com facilidade: h\u00e1 mais de vinte anos, o\u00a0Verdejar vem lutando para <a href=\"http:\/\/bit.ly\/MHCswF\" target=\"_blank\" rel=\"noopener\">reflorestar<\/a>, e ent\u00e3o <a href=\"http:\/\/bit.ly\/1KnUGfv\" target=\"_blank\" rel=\"noopener\">proteger<\/a>, a maior \u00e1rea florestal remanescente na <a href=\"http:\/\/bit.ly\/WximDf\" target=\"_blank\" rel=\"noopener\">Zona Norte<\/a> do Rio\u2014uma regi\u00e3o <a href=\"http:\/\/bit.ly\/29Z6okk\" target=\"_blank\" rel=\"noopener\">densamente povoada e com<\/a> o <a href=\"https:\/\/glo.bo\/2v3tjJw\" target=\"_blank\" rel=\"noopener\">menor espa\u00e7o verde per capita<\/a> da cidade.<\/p>\n<p>Patricia Lima, membro do Verdejar, explicou que a organiza\u00e7\u00e3o atualmente &#8220;trabalha em v\u00e1rias linguagens. A gente trabalha com ecologia,\u00a0<a href=\"http:\/\/bit.ly\/2y9noUW\" target=\"_blank\" rel=\"noopener\">audiovisual<\/a>, teatro, fotografia\u2026 [atualmente estamos] focados muito mais na alimenta\u00e7\u00e3o&#8221;, bem como em &#8220;tecnologias de baixo custo socioambientais&#8221;, o que inclui aquecimento de \u00e1gua com base solar e capta\u00e7\u00e3o de \u00e1gua da chuva. A organiza\u00e7\u00e3o est\u00e1 concentrada em reconstruir sua sede depois que seu <a href=\"http:\/\/bit.ly\/1KRDShX\" target=\"_blank\" rel=\"noopener\">centro anterior foi demolido<\/a> pela Light e em \u201cestar mais junto da comunidade\u201d.\u00a0Eles constru\u00edram uma horta comunit\u00e1ria, est\u00e3o em processo de constru\u00e7\u00e3o de um forno e fog\u00e3o para uma cozinha aberta e ao ar livre, e fornecem educa\u00e7\u00e3o ambiental para as crian\u00e7as locais.<\/p>\n<p><a href=\"http:\/\/rioonwatch.org.br\/wp-content\/uploads\/2018\/12\/Rodrigo-fala.jpg\"><img decoding=\"async\" class=\"aligncenter wp-image-37794 size-content\" title=\"Rodrigo Morelato, do Verdejar, descreve o trabalho do projeto com a horta comunit\u00e1ria.\" src=\"http:\/\/rioonwatch.org.br\/wp-content\/uploads\/2018\/12\/Rodrigo-fala-620x264.jpg\" alt=\"\" width=\"620\" height=\"264\" srcset=\"https:\/\/rioonwatch.org.br\/wp-content\/uploads\/2018\/12\/Rodrigo-fala-620x264.jpg 620w, https:\/\/rioonwatch.org.br\/wp-content\/uploads\/2018\/12\/Rodrigo-fala-940x400.jpg 940w\" sizes=\"(max-width: 620px) 100vw, 620px\" \/><\/a><\/p>\n<p>Para come\u00e7ar, os membros da RFS do\u00a0<a href=\"http:\/\/bit.ly\/2gLgo9U\" target=\"_blank\" rel=\"noopener\">ReciclA\u00e7\u00e3o<\/a>\u00a0no\u00a0<a href=\"http:\/\/bit.ly\/1eAan7M\" target=\"_blank\" rel=\"noopener\">Morro dos Prazere<\/a><a href=\"http:\/\/bit.ly\/1eAan7M\" target=\"_blank\" rel=\"noopener\">s<\/a>, da\u00a0<a href=\"http:\/\/bit.ly\/1qm7REb\" target=\"_blank\" rel=\"noopener\">Cooperativa Vale Encantado<\/a>\u00a0no\u00a0<a href=\"http:\/\/bit.ly\/2nysjZt\" target=\"_blank\" rel=\"noopener\">Alto da Boa Vista<\/a>, do\u00a0<a href=\"http:\/\/bit.ly\/2LTiq6B\" target=\"_blank\" rel=\"noopener\">Ecco Vida<\/a>\u00a0em\u00a0<a href=\"http:\/\/bit.ly\/2CYWZfe\" target=\"_blank\" rel=\"noopener\">Hon\u00f3rio Gurgel<\/a>, da\u00a0<a href=\"http:\/\/bit.ly\/2dkIxmM\" target=\"_blank\" rel=\"noopener\">Onda Verde<\/a>\u00a0em\u00a0<a href=\"http:\/\/bit.ly\/1xgiXjq\" target=\"_blank\" rel=\"noopener\">Nova Igua\u00e7u<\/a> e do <a href=\"http:\/\/bit.ly\/2yiVC7W\" target=\"_blank\" rel=\"noopener\">Ecomuseu de Sepetiba<\/a> se apresentaram e compartilharam o que haviam tirado dos <a href=\"http:\/\/bit.ly\/IntercambiosRFS\" target=\"_blank\" rel=\"noopener\">dois primeiros interc\u00e2mbios<\/a>. Ot\u00e1vio Barros, do Vale Encantado, descreveu sua empolga\u00e7\u00e3o ao ver projetos semelhantes aos seus em comunidades por toda a cidade, enquanto Helio Vanderlei, da Onda Verde, observou que \u201c<span lang=\"pt-BR\">tudo come\u00e7a com a resist\u00eancia das pessoas&#8230; as pessoas dedicam suas vidas\u2014seja para a quest\u00e3o ambiental, seja para mobiliza\u00e7\u00e3o, seja para capacita\u00e7\u00e3o de outros atores, seja na educa\u00e7\u00e3o ambiental<\/span>\u201d. Vanderlei elaborou: \u201c<span lang=\"pt-BR\">H\u00e1 uma resist\u00eancia fundamental nessas comunidades&#8230; Ent\u00e3o, a rede \u00e9 fundamental, porque ela constr\u00f3i essa inter-rela\u00e7\u00e3o entre hist\u00f3rias de vidas, historias de transforma\u00e7\u00e3o social, hist\u00f3rias de resist\u00eancia, pol\u00edticas p\u00fablicas inadequadas no territ\u00f3rio, [constru\u00eddas] sem ouvir a sociedade local, sem entender a sociedade local, seja no Alto da Boa Vista, seja no Morro dos Prazeres, seja na Baixada Fluminense, seja no Complexo [do Alem\u00e3o]\u2026\u00a0<\/span><span lang=\"pt-BR\">n\u00f3s somos resistentes, revolucion\u00e1rios comunit\u00e1rios que acreditam na transforma\u00e7\u00e3o social&#8221;.<\/span><\/p>\n<p>O tour de transforma\u00e7\u00e3o social do Verdejar, em S\u00e9rgio Silva, come\u00e7ou na horta comunit\u00e1ria<span lang=\"pt-BR\">\u2014<\/span>onde os moradores podem visitar e coletar alimentos org\u00e2nicos frescos. Todas as manh\u00e3s das quartas-feiras, o Verdejar <a href=\"http:\/\/bit.ly\/2TZIayk\" target=\"_blank\" rel=\"noopener\">convida o p\u00fablico a visitar a horta<\/a>\u00a0e ajudar a manter o espa\u00e7o: qualquer pessoa \u00e9 bem-vinda para levar res\u00edduos org\u00e2nicos para a compostagem do jardim em troca de produtos locais. Rodrigo Morelato, membro do Verdejar, explicou que a organiza\u00e7\u00e3o est\u00e1 planejando realizar um censo comunit\u00e1rio para determinar que tipos de produtos locais os moradores gostariam de ver na horta. Os membros da RFS sugeriram a cria\u00e7\u00e3o de r\u00f3tulos para as plantas, ou at\u00e9 mesmo um registro, a fim de rastrear quais hortali\u00e7as s\u00e3o mais populares entre os moradores. Por tr\u00e1s da horta comunit\u00e1ria fica o espa\u00e7o coletivo do Verdejar, que est\u00e1 atualmente em constru\u00e7\u00e3o, mas que em breve incluir\u00e1 um forno de pizza, fog\u00e3o e atividades para crian\u00e7as. Quando o \u201cespa\u00e7o de conviv\u00eancia\u201d estiver completo, a equipe planeja organizar uma noite de pizza caseira usando ingredientes da horta comunit\u00e1ria.<\/p>\n<h3>Descobrindo a Hist\u00f3ria do Verdejar Atrav\u00e9s de Suas Trilhas<\/h3>\n<h3><a href=\"http:\/\/rioonwatch.org.br\/wp-content\/uploads\/2018\/12\/Zolmir-grupo.jpg\"><img loading=\"lazy\" decoding=\"async\" class=\"aligncenter wp-image-37795 size-content\" title=\"Zolmir Figueiredo, do Verdejar, conta a hist\u00f3ria do projeto\" src=\"http:\/\/rioonwatch.org.br\/wp-content\/uploads\/2018\/12\/Zolmir-grupo-620x264.jpg\" alt=\"\" width=\"620\" height=\"264\" srcset=\"https:\/\/rioonwatch.org.br\/wp-content\/uploads\/2018\/12\/Zolmir-grupo-620x264.jpg 620w, https:\/\/rioonwatch.org.br\/wp-content\/uploads\/2018\/12\/Zolmir-grupo-940x400.jpg 940w\" sizes=\"(max-width: 620px) 100vw, 620px\" \/><\/a><\/h3>\n<p>Nos arredores da sede d0 Verdejar se encontra uma vegeta\u00e7\u00e3o exuberante que a organiza\u00e7\u00e3o plantou em seus prim\u00f3rdios, quando os membros se concentravam em reflorestamento e trilhas que criaram e agora <a href=\"http:\/\/bit.ly\/2xu2H6N\" target=\"_blank\" rel=\"noopener\">mant\u00eam<\/a> para uso local, al\u00e9m de conduzir visitas guiadas aos visitantes. Patr\u00edcia explicou que, devido \u00e0 falta de investimento p\u00fablico na preserva\u00e7\u00e3o da Serra da Miseric\u00f3rdia, proteger o espa\u00e7o verde \u00e9 &#8220;uma luta di\u00e1ria\u201d, mas que &#8220;a gente c<span lang=\"pt-BR\">ontinua aqui, resistindo para poder manter essa \u00e1rea verde viva, bonita,\u00a0<\/span><span lang=\"pt-BR\">e\u00a0<\/span><span lang=\"pt-BR\">preservada<\/span>&#8220;. Altos n\u00edveis de viol\u00eancia na Zona Norte tornaram as trilhas ainda mais dif\u00edceis. Rodrigo contou pelo menos tr\u00eas caminhadas p\u00fablicas nas trilhas que o Verdejar planejou, mas que acabaram canceladas devido a opera\u00e7\u00f5es policiais em \u00e1reas pr\u00f3ximas. O morador de S\u00e9rgio Silva e membro da Verdejar \u00c1lvaro Vinicius Azevedo explicou que ele e seus vizinhos t\u00eam menos contato com a floresta devido a inseguran\u00e7a. Relembrando suas mem\u00f3rias de explorar a floresta quando crian\u00e7a, Vin\u00edcius descreveu: &#8220;C<span lang=\"pt-BR\">om cinco, seis anos, eu j\u00e1 andava isso aqui at\u00e9 l\u00e1 em cima.\u00a0<\/span><span lang=\"pt-BR\">Isso aqui em cima, eu conhe\u00e7o tudo. Aqui \u00e9 como um quintal da nossa casa, uma extens\u00e3o da nossa casa&#8221;.\u00a0<\/span><\/p>\n<p>Nas palavras de Rodrigo, \u201c<span lang=\"pt-BR\">A caminhada era muito importante\u00a0[para o nosso trabalho]. Agora usamos muito pouco por causa da viol\u00eancia. A caminhada \u00e9 magica; conta hist\u00f3rias dos lugares, das \u00e1rvores, \u00e9 [isso] que muda a perspectiva sobre ser humano&#8230;\u00a0<\/span><span lang=\"pt-BR\">\u00c9 o que traz gente [para visitar a Verdejar e a Serra da Miseric\u00f3rdia]\u201d.<\/span><\/p>\n<p>Enquanto Patr\u00edcia e Rodrigo guiavam o grupo para a trilha mais pr\u00f3xima, o antigo membro do Verdejar Zolmir Figueiredo debatia sobre a hist\u00f3ria da Serra da Miseric\u00f3rdia: como sua localiza\u00e7\u00e3o em uma parte do Rio tipicamente negligenciada pelo governo local levou \u00e0 sua explora\u00e7\u00e3o, como grupos como a Verdejar\u2014liderado por seu falecido fundador, <a href=\"http:\/\/bit.ly\/QHchFt\" target=\"_blank\" rel=\"noopener\">Luiz Poeta<\/a><span lang=\"pt-BR\">\u2014<\/span>lutaram para obter o reconhecimento como uma \u00c1rea de Prote\u00e7\u00e3o Ambiental e Recupera\u00e7\u00e3o Urbana (APARU), e como <a href=\"http:\/\/bit.ly\/1Kq48Sn\" target=\"_blank\" rel=\"noopener\">as autoridades p\u00fablicas n\u00e3o conseguiram traduzir essa a\u00e7\u00e3o legal em benef\u00edcios materiais<\/a> para o meio ambiente e comunidades vizinhas.<\/p>\n<h3><a href=\"http:\/\/rioonwatch.org.br\/wp-content\/uploads\/2018\/12\/Alemao-pelas-\u00e1rvore.jpg\"><img loading=\"lazy\" decoding=\"async\" class=\"aligncenter wp-image-37796 size-content\" title=\"Vista da vizinhan\u00e7a na Zona Norte do Rio.\" src=\"http:\/\/rioonwatch.org.br\/wp-content\/uploads\/2018\/12\/Alemao-pelas-\u00e1rvore-620x264.jpg\" alt=\"\" width=\"620\" height=\"264\" srcset=\"https:\/\/rioonwatch.org.br\/wp-content\/uploads\/2018\/12\/Alemao-pelas-\u00e1rvore-620x264.jpg 620w, https:\/\/rioonwatch.org.br\/wp-content\/uploads\/2018\/12\/Alemao-pelas-\u00e1rvore-940x400.jpg 940w\" sizes=\"(max-width: 620px) 100vw, 620px\" \/><\/a><\/h3>\n<p>Nas palavras de Zolmir, antes do Verdejar ser fundado h\u00e1 21 anos, &#8220;a\u00a0<span lang=\"pt-BR\">Serra da Miseric\u00f3rdia n\u00e3o era reconhecida\u2014era uma \u00e1rea esquecida dentro da cidade do Rio de Janeiro\u2026\u00a0<\/span><span lang=\"pt-BR\">Era uma \u00e1rea de explora\u00e7\u00e3o mineral, faveliza\u00e7\u00e3o, \u00e1rea para jogar entulho<\/span>&#8220;. A neglig\u00eancia do governo combinada com a localiza\u00e7\u00e3o da floresta ao lado de um aterro levou-a a frequentes inc\u00eandios. Luiz Poeta criou inicialmente o Verdejar para enfrentar essa amea\u00e7a, atrav\u00e9s do\u00a0<a href=\"http:\/\/bit.ly\/2hID9Lo\" target=\"_blank\" rel=\"noopener\">reflorestamento<\/a> liderado pela comunidade. Foi atrav\u00e9s da defesa feita pelo Verdejar, junto com outras institui\u00e7\u00f5es locais, que o governo do Rio nomeou a Serra da Miseric\u00f3rdia como uma \u00e1rea de prote\u00e7\u00e3o ambiental. No entanto, de acordo com Zolmir, &#8220;Na realidade, os governos nunca fizeram nada\u2026\u00a0<span lang=\"pt-BR\">Ent\u00e3o, tem um plano diretor da \u00e1rea<\/span>\u00a0do <a href=\"http:\/\/bit.ly\/1Kq48Sn\" target=\"_blank\" rel=\"noopener\">Parque Municipal da Serra da Miseric\u00f3rdia<\/a>, mas est\u00e1 tudo no papel. N\u00e3o h\u00e1 interesse do poder p\u00fablico, nem do Estado, nem da prefeitura para impulsionar este projeto&#8230; E a gente aqui [com o Verdejar], j\u00e1 estamos esse tempo todo.&#8221;<\/p>\n<h3>Construindo Espa\u00e7o Verde e Um Futuro Compartilhado<\/h3>\n<h3><a href=\"http:\/\/rioonwatch.org.br\/wp-content\/uploads\/2018\/12\/APARU-placa.jpg\"><img loading=\"lazy\" decoding=\"async\" class=\"aligncenter wp-image-37797 size-content\" title=\"Placa sinalizando a APARU da Serra da Miseric\u00f3rdia.\" src=\"http:\/\/rioonwatch.org.br\/wp-content\/uploads\/2018\/12\/APARU-placa-620x264.jpg\" alt=\"\" width=\"620\" height=\"264\" srcset=\"https:\/\/rioonwatch.org.br\/wp-content\/uploads\/2018\/12\/APARU-placa-620x264.jpg 620w, https:\/\/rioonwatch.org.br\/wp-content\/uploads\/2018\/12\/APARU-placa-940x400.jpg 940w\" sizes=\"(max-width: 620px) 100vw, 620px\" \/><\/a><\/h3>\n<p>A equipe de volunt\u00e1rios do Verdejar trabalha em duas sedes na Zona Norte: uma no Engenho da Rainha\u2014conectada ao <a href=\"http:\/\/bit.ly\/U0MiGm\" target=\"_blank\" rel=\"noopener\">Complexo do Alem\u00e3o<\/a> pela Serra da Miseric\u00f3rdia\u2014e a outra no Morro da Esperan\u00e7a, em <a href=\"http:\/\/bit.ly\/2eUQkrK\" target=\"_blank\" rel=\"noopener\">Olaria<\/a>. Um dos desafios do Verdejar \u00e9 incentivar um envolvimento mais local em seus projetos e construir um senso de conscientiza\u00e7\u00e3o coletiva sobre a import\u00e2ncia da Serra da Miseric\u00f3rdia. Embora muitas vezes a <a href=\"http:\/\/bit.ly\/184DRpn\" target=\"_blank\" rel=\"noopener\">habita\u00e7\u00e3o seja vista como conflitante com a conserva\u00e7\u00e3o ambiental<\/a>, a equipe do Verdejar quer mostrar \u00e0s comunidades no per\u00edmetro da floresta que elas podem de fato coexistir com o ambiente natural, gerando impactos positivos para a sa\u00fade da popula\u00e7\u00e3o local e dos sistemas ecol\u00f3gicos. Enquanto a organiza\u00e7\u00e3o atualmente n\u00e3o tem a for\u00e7a de trabalho e o apoio do governo necess\u00e1rios para administrar a vasta agrofloresta da Serra da Miseric\u00f3rdia, a organiza\u00e7\u00e3o est\u00e1 focada em aumentar o envolvimento da comunidade em seus projetos. Patr\u00edcia explicou que uma s\u00e9rie de oficinas de hortas caseiras ajudou a equipe do Verdejar a conhecer mais os moradores e incentiv\u00e1-los a desenvolver seus pr\u00f3prios espa\u00e7os verdes em casa. Enquanto a equipe do Verdejar est\u00e1 confiante de que os moradores est\u00e3o familiarizados com o Verdejar, eles querem criar um maior senso de propriedade da comunidade. Nas palavras de Patr\u00edcia, &#8220;A gente est\u00e1 criando uma rede da rua&#8230; a gente est\u00e1 aqui [para a comunidade]&#8230; porque a gente est\u00e1 aqui fazendo n\u00e3o para a gente. Estamos fazendo pra todos, pra todos aproveitarem isso aqui&#8221;.<\/p>\n<h3><a href=\"http:\/\/rioonwatch.org.br\/wp-content\/uploads\/2018\/12\/Verdejar-grupo.jpg\"><img loading=\"lazy\" decoding=\"async\" class=\"aligncenter wp-image-37798 size-content\" title=\"Vin\u00edcius, Patr\u00edcia, Rodrigo e Douglas do Verdejar.\" src=\"http:\/\/rioonwatch.org.br\/wp-content\/uploads\/2018\/12\/Verdejar-grupo-620x264.jpg\" alt=\"\" width=\"620\" height=\"264\" srcset=\"https:\/\/rioonwatch.org.br\/wp-content\/uploads\/2018\/12\/Verdejar-grupo-620x264.jpg 620w, https:\/\/rioonwatch.org.br\/wp-content\/uploads\/2018\/12\/Verdejar-grupo-940x400.jpg 940w\" sizes=\"(max-width: 620px) 100vw, 620px\" \/><\/a><\/h3>\n<p>Quando o grupo da RFS retornou da caminhada para a sede do Verdejar, os participantes trocaram id\u00e9ias sobre os objetivos e desafios da organiza\u00e7\u00e3o. A representante da EccoVida, Marcele Ribeiro, se ofereceu para colocar a equipe em contato com um amigo que falou em um recente evento <a href=\"http:\/\/bit.ly\/2eXgNR6\" target=\"_blank\" rel=\"noopener\">Lixo Zero<\/a> sobre gerenciamento agroflorestal, enquanto Ot\u00e1vio Barros, do Vale Encantado, sugeriu que a organiza\u00e7\u00e3o seja parceira de estudantes da <a href=\"http:\/\/bit.ly\/2AImSvj\" target=\"_blank\" rel=\"noopener\">UFRJ<\/a>\u00a0para expandir sua base de volunt\u00e1rios e escopo de especializa\u00e7\u00e3o. Enquanto isso, Helio Vanderlei, da Onda Verde, sugeriu que a equipe criasse uma placa com um mapa descrevendo a floresta, suas comunidades vizinhas e as \u00e1reas onde o Verdejar atua, explicando a import\u00e2ncia de criar uma \u201c<span lang=\"pt-BR\">vis\u00e3o geogr\u00e1fica do territ\u00f3rio\u2026 para\u00a0<\/span><span lang=\"pt-BR\">a gente se localizar. A<\/span><span lang=\"pt-BR\">\u00a0gente valoriza o que a gente v\u00ea\u2014a<\/span><span lang=\"pt-BR\">\u00a0gente n\u00e3o valoriza o que a gente [apenas] ouve&#8221;.<\/span><\/p>\n<h3><a href=\"http:\/\/rioonwatch.org.br\/wp-content\/uploads\/2018\/12\/Vinicius-e-Patricia.jpg\"><img loading=\"lazy\" decoding=\"async\" class=\"aligncenter size-content wp-image-37799\" src=\"http:\/\/rioonwatch.org.br\/wp-content\/uploads\/2018\/12\/Vinicius-e-Patricia-620x264.jpg\" alt=\"\" width=\"620\" height=\"264\" srcset=\"https:\/\/rioonwatch.org.br\/wp-content\/uploads\/2018\/12\/Vinicius-e-Patricia-620x264.jpg 620w, https:\/\/rioonwatch.org.br\/wp-content\/uploads\/2018\/12\/Vinicius-e-Patricia-940x400.jpg 940w\" sizes=\"(max-width: 620px) 100vw, 620px\" \/><\/a><\/h3>\n<p>Id\u00e9ias continuaram a fluir enquanto os participantes da RFS se protegiam na sede florestal do Verdejar do calor do meio-dia, antes de seguir para a EccoVida<span lang=\"pt-BR\">\u2014<\/span>outra iniciativa de base na Zona Norte com uma longa hist\u00f3ria de trabalho para a sustentabilidade socioambiental. Antes de sair, no entanto, representantes da Onda Verde e do Ecomuseu de Sepetiba compartilharam ideias e experi\u00eancias com representantes do Verdejar sobre tudo, desde projetos de fotografia at\u00e9 educa\u00e7\u00e3o ambiental<span lang=\"pt-BR\">\u2014<\/span>conversas que asseguravam que o interc\u00e2mbio de conhecimento estava longe de terminar.<\/p>\n<h3>Veja nossas fotos do interc\u00e2mbio (ou <a href=\"http:\/\/bit.ly\/2QjFb5S\" target=\"_blank\" rel=\"noopener\">clique aqui<\/a> para o \u00e1lbum):<\/h3>\n<p><iframe src=\"http:\/\/www.flickr.com\/slideShow\/index.gne?group_id=&amp;user_id=25093702@N00&amp;set_id=72157701083303672&amp;amp\" width=\"620\" height=\"450\" frameborder=\"0\" scrolling=\"no\" align=\"center\"><span data-mce-type=\"bookmark\" style=\"display: inline-block; width: 0px; overflow: hidden; line-height: 0;\" class=\"mce_SELRES_start\">\ufeff<\/span><span data-mce-type=\"bookmark\" style=\"display: inline-block; width: 0px; overflow: hidden; line-height: 0;\" class=\"mce_SELRES_start\">\ufeff<\/span><\/iframe><\/p>\n<h3>Leia sobre todos os\u00a0<a href=\"http:\/\/bit.ly\/IntercambiosRFS\" target=\"_blank\" rel=\"noopener\">interc\u00e2mbios da Rede Favela Sustent\u00e1vel aqui<\/a>.<\/h3>\n<p>*RioOnWatch \u00e9 um projeto da <a href=\"http:\/\/www.comcat.org\" target=\"_blank\" rel=\"noopener\">Comunidades Catalisadoras<\/a>.<\/p>\n<!-- AddThis Advanced Settings generic via filter on the_content --><!-- AddThis Share Buttons generic via filter on the_content -->","protected":false},"excerpt":{"rendered":"<div class=\"mh-excerpt\"><p>Click Here for English A\u00a0Rede Favela Sustent\u00e1vel\u00a0(RFS) \u00e9 um projeto da\u00a0Comunidades Catalisadoras\u00a0(ComCat)* desenhado para construir redes de solidariedade, dar visibilidade, e desenvolver a\u00e7\u00f5es conjuntas que apoiem a expans\u00e3o de iniciativas comunit\u00e1rias que fortalecem a sustentabilidade <a class=\"mh-excerpt-more\" href=\"https:\/\/rioonwatch.org.br\/?p=37791\" title=\"3\u00ba Interc\u00e2mbio da Rede Favela Sustent\u00e1vel: Agrofloresta na Zona Norte do Rio de Janeiro [IMAGENS]\">[&#8230;]<\/a><!-- AddThis Advanced Settings generic via filter on get_the_excerpt --><!-- AddThis Share Buttons generic via filter on get_the_excerpt --><\/p>\n<\/div>","protected":false},"author":152,"featured_media":37793,"comment_status":"closed","ping_status":"closed","sticky":false,"template":"","format":"standard","meta":{"_acf_changed":false,"_monsterinsights_skip_tracking":false,"_monsterinsights_sitenote_active":false,"_monsterinsights_sitenote_note":"","_monsterinsights_sitenote_category":0,"footnotes":""},"categories":[1621,1627,1626,1616,342,1639],"tags":[302,301,300,1663,1442,316,363,1805,1147,1096,1097,635,106,2245,297,1966,2289,2549,295,1347,476,404,429,218],"writer":[2370],"translator":[1971],"source":[],"ilustrador":[],"fotografo":[],"class_list":{"0":"post-37791","1":"post","2":"type-post","3":"status-publish","4":"format-standard","5":"has-post-thumbnail","7":"category-destaque","8":"category-relato-de-evento","9":"category-por-observadores-internacionais","10":"category-qualidades-da-favela","11":"category-solucoes","12":"category-sustentabilidade","13":"tag-agricultura-urbana","14":"tag-agroecologia","15":"tag-agrofloresta","16":"tag-aparu","17":"tag-compostagem","18":"tag-educacao","19":"tag-educacao-ambiental","20":"tag-engenho-da-rainha","21":"tag-espacos-verdes","22":"tag-favela-como-modelo-sustentavel","23":"tag-horta-comunitaria","24":"tag-light","25":"tag-meio-ambiente","26":"tag-redes","27":"tag-reflorestamento","28":"tag-resiliencia","29":"tag-serie","30":"tag-serie-intercambios-da-rfs","31":"tag-serra-da-misericordia","32":"tag-solucao","33":"tag-solucao-comunitaria","34":"tag-sustentabilidade","35":"tag-verdejar","36":"tag-zona-norte","37":"writer-jessica-depies","38":"translator-geovanna-giannini"},"acf":[],"yoast_head":"<!-- This site is optimized with the Yoast SEO plugin v25.6 - https:\/\/yoast.com\/wordpress\/plugins\/seo\/ -->\n<title>3\u00ba Interc\u00e2mbio da Rede Favela Sustent\u00e1vel: Agrofloresta na Zona Norte do Rio de Janeiro [IMAGENS] - RioOnWatch<\/title>\n<meta name=\"robots\" content=\"index, follow, max-snippet:-1, max-image-preview:large, max-video-preview:-1\" \/>\n<link rel=\"canonical\" href=\"https:\/\/rioonwatch.org.br\/?p=37791\" \/>\n<meta property=\"og:locale\" content=\"pt_BR\" \/>\n<meta property=\"og:type\" content=\"article\" \/>\n<meta property=\"og:title\" content=\"3\u00ba Interc\u00e2mbio da Rede Favela Sustent\u00e1vel: Agrofloresta na Zona Norte do Rio de Janeiro [IMAGENS] - RioOnWatch\" \/>\n<meta property=\"og:description\" content=\"Click Here for English A\u00a0Rede Favela Sustent\u00e1vel\u00a0(RFS) \u00e9 um projeto da\u00a0Comunidades Catalisadoras\u00a0(ComCat)* desenhado para construir redes de solidariedade, dar visibilidade, e desenvolver a\u00e7\u00f5es conjuntas que apoiem a expans\u00e3o de iniciativas comunit\u00e1rias que fortalecem a sustentabilidade [...]\" \/>\n<meta property=\"og:url\" content=\"https:\/\/rioonwatch.org.br\/?p=37791\" \/>\n<meta property=\"og:site_name\" content=\"RioOnWatch\" \/>\n<meta property=\"article:published_time\" content=\"2018-12-12T12:12:33+00:00\" \/>\n<meta property=\"article:modified_time\" content=\"2018-12-27T02:19:23+00:00\" \/>\n<meta property=\"og:image\" content=\"https:\/\/rioonwatch.org.br\/wp-content\/uploads\/2018\/12\/RFS-Verdejar.jpg\" \/>\n\t<meta property=\"og:image:width\" content=\"1500\" \/>\n\t<meta property=\"og:image:height\" content=\"1000\" \/>\n\t<meta property=\"og:image:type\" content=\"image\/jpeg\" \/>\n<meta name=\"author\" content=\"Luisa Fenizola\" \/>\n<meta name=\"twitter:card\" content=\"summary_large_image\" \/>\n<meta name=\"twitter:label1\" content=\"Escrito por\" \/>\n\t<meta name=\"twitter:data1\" content=\"Luisa Fenizola\" \/>\n\t<meta name=\"twitter:label2\" content=\"Est. tempo de leitura\" \/>\n\t<meta name=\"twitter:data2\" content=\"10 minutos\" \/>\n<script type=\"application\/ld+json\" class=\"yoast-schema-graph\">{\"@context\":\"https:\/\/schema.org\",\"@graph\":[{\"@type\":\"Article\",\"@id\":\"https:\/\/rioonwatch.org.br\/?p=37791#article\",\"isPartOf\":{\"@id\":\"https:\/\/rioonwatch.org.br\/?p=37791\"},\"author\":{\"name\":\"Luisa Fenizola\",\"@id\":\"https:\/\/rioonwatch.org.br\/#\/schema\/person\/f443c6b55bb6e80842280318076491c5\"},\"headline\":\"3\u00ba Interc\u00e2mbio da Rede Favela Sustent\u00e1vel: Agrofloresta na Zona Norte do Rio de Janeiro [IMAGENS]\",\"datePublished\":\"2018-12-12T12:12:33+00:00\",\"dateModified\":\"2018-12-27T02:19:23+00:00\",\"mainEntityOfPage\":{\"@id\":\"https:\/\/rioonwatch.org.br\/?p=37791\"},\"wordCount\":2090,\"publisher\":{\"@id\":\"https:\/\/rioonwatch.org.br\/#organization\"},\"image\":{\"@id\":\"https:\/\/rioonwatch.org.br\/?p=37791#primaryimage\"},\"thumbnailUrl\":\"https:\/\/rioonwatch.org.br\/wp-content\/uploads\/2018\/12\/RFS-Verdejar.jpg\",\"keywords\":[\"agricultura urbana\",\"agroecologia\",\"agrofloresta\",\"APARU\",\"compostagem\",\"educa\u00e7\u00e3o\",\"educa\u00e7\u00e3o ambiental\",\"Engenho da Rainha\",\"espa\u00e7os verdes\",\"Favela Como Modelo Sustent\u00e1vel\",\"horta comunit\u00e1ria\",\"Light\",\"meio ambiente\",\"redes\",\"reflorestamento\",\"resili\u00eancia\",\"S\u00e9rie\",\"S\u00e9rie: Interc\u00e2mbios da RFS\",\"Serra da Miseric\u00f3rdia\",\"solu\u00e7\u00e3o\",\"solu\u00e7\u00e3o comunit\u00e1ria\",\"sustentabilidade\",\"Verdejar\",\"Zona Norte\"],\"articleSection\":[\"*Destaque\",\"Cobertura de Eventos\",\"Escrito por Aliados\",\"Qualidades da Favela\",\"Solu\u00e7\u00f5es\",\"Sustentabilidade\"],\"inLanguage\":\"pt-BR\"},{\"@type\":\"WebPage\",\"@id\":\"https:\/\/rioonwatch.org.br\/?p=37791\",\"url\":\"https:\/\/rioonwatch.org.br\/?p=37791\",\"name\":\"3\u00ba Interc\u00e2mbio da Rede Favela Sustent\u00e1vel: Agrofloresta na Zona Norte do Rio de Janeiro [IMAGENS] - RioOnWatch\",\"isPartOf\":{\"@id\":\"https:\/\/rioonwatch.org.br\/#website\"},\"primaryImageOfPage\":{\"@id\":\"https:\/\/rioonwatch.org.br\/?p=37791#primaryimage\"},\"image\":{\"@id\":\"https:\/\/rioonwatch.org.br\/?p=37791#primaryimage\"},\"thumbnailUrl\":\"https:\/\/rioonwatch.org.br\/wp-content\/uploads\/2018\/12\/RFS-Verdejar.jpg\",\"datePublished\":\"2018-12-12T12:12:33+00:00\",\"dateModified\":\"2018-12-27T02:19:23+00:00\",\"breadcrumb\":{\"@id\":\"https:\/\/rioonwatch.org.br\/?p=37791#breadcrumb\"},\"inLanguage\":\"pt-BR\",\"potentialAction\":[{\"@type\":\"ReadAction\",\"target\":[\"https:\/\/rioonwatch.org.br\/?p=37791\"]}]},{\"@type\":\"ImageObject\",\"inLanguage\":\"pt-BR\",\"@id\":\"https:\/\/rioonwatch.org.br\/?p=37791#primaryimage\",\"url\":\"https:\/\/rioonwatch.org.br\/wp-content\/uploads\/2018\/12\/RFS-Verdejar.jpg\",\"contentUrl\":\"https:\/\/rioonwatch.org.br\/wp-content\/uploads\/2018\/12\/RFS-Verdejar.jpg\",\"width\":1500,\"height\":1000},{\"@type\":\"BreadcrumbList\",\"@id\":\"https:\/\/rioonwatch.org.br\/?p=37791#breadcrumb\",\"itemListElement\":[{\"@type\":\"ListItem\",\"position\":1,\"name\":\"In\u00edcio\",\"item\":\"https:\/\/rioonwatch.org.br\/\"},{\"@type\":\"ListItem\",\"position\":2,\"name\":\"3\u00ba Interc\u00e2mbio da Rede Favela Sustent\u00e1vel: Agrofloresta na Zona Norte do Rio de Janeiro [IMAGENS]\"}]},{\"@type\":\"WebSite\",\"@id\":\"https:\/\/rioonwatch.org.br\/#website\",\"url\":\"https:\/\/rioonwatch.org.br\/\",\"name\":\"RioOnWatch\",\"description\":\"relatos das favelas cariocas\",\"publisher\":{\"@id\":\"https:\/\/rioonwatch.org.br\/#organization\"},\"potentialAction\":[{\"@type\":\"SearchAction\",\"target\":{\"@type\":\"EntryPoint\",\"urlTemplate\":\"https:\/\/rioonwatch.org.br\/?s={search_term_string}\"},\"query-input\":{\"@type\":\"PropertyValueSpecification\",\"valueRequired\":true,\"valueName\":\"search_term_string\"}}],\"inLanguage\":\"pt-BR\"},{\"@type\":\"Organization\",\"@id\":\"https:\/\/rioonwatch.org.br\/#organization\",\"name\":\"RioOnWatch\",\"url\":\"https:\/\/rioonwatch.org.br\/\",\"logo\":{\"@type\":\"ImageObject\",\"inLanguage\":\"pt-BR\",\"@id\":\"https:\/\/rioonwatch.org.br\/#\/schema\/logo\/image\/\",\"url\":\"https:\/\/rioonwatch.org.br\/wp-content\/uploads\/2021\/06\/RioOnWatchcabecalhoPT11anos-2.png\",\"contentUrl\":\"https:\/\/rioonwatch.org.br\/wp-content\/uploads\/2021\/06\/RioOnWatchcabecalhoPT11anos-2.png\",\"width\":779,\"height\":277,\"caption\":\"RioOnWatch\"},\"image\":{\"@id\":\"https:\/\/rioonwatch.org.br\/#\/schema\/logo\/image\/\"}},{\"@type\":\"Person\",\"@id\":\"https:\/\/rioonwatch.org.br\/#\/schema\/person\/f443c6b55bb6e80842280318076491c5\",\"name\":\"Luisa Fenizola\",\"image\":{\"@type\":\"ImageObject\",\"inLanguage\":\"pt-BR\",\"@id\":\"https:\/\/rioonwatch.org.br\/#\/schema\/person\/image\/\",\"url\":\"https:\/\/secure.gravatar.com\/avatar\/a3d551110162b9f876cbbdaaecf75663?s=96&d=blank&r=g\",\"contentUrl\":\"https:\/\/secure.gravatar.com\/avatar\/a3d551110162b9f876cbbdaaecf75663?s=96&d=blank&r=g\",\"caption\":\"Luisa Fenizola\"},\"url\":\"https:\/\/rioonwatch.org.br\/?author=152\"}]}<\/script>\n<!-- \/ Yoast SEO plugin. -->","yoast_head_json":{"title":"3\u00ba Interc\u00e2mbio da Rede Favela Sustent\u00e1vel: Agrofloresta na Zona Norte do Rio de Janeiro [IMAGENS] - RioOnWatch","robots":{"index":"index","follow":"follow","max-snippet":"max-snippet:-1","max-image-preview":"max-image-preview:large","max-video-preview":"max-video-preview:-1"},"canonical":"https:\/\/rioonwatch.org.br\/?p=37791","og_locale":"pt_BR","og_type":"article","og_title":"3\u00ba Interc\u00e2mbio da Rede Favela Sustent\u00e1vel: Agrofloresta na Zona Norte do Rio de Janeiro [IMAGENS] - RioOnWatch","og_description":"Click Here for English A\u00a0Rede Favela Sustent\u00e1vel\u00a0(RFS) \u00e9 um projeto da\u00a0Comunidades Catalisadoras\u00a0(ComCat)* desenhado para construir redes de solidariedade, dar visibilidade, e desenvolver a\u00e7\u00f5es conjuntas que apoiem a expans\u00e3o de iniciativas comunit\u00e1rias que fortalecem a sustentabilidade [...]","og_url":"https:\/\/rioonwatch.org.br\/?p=37791","og_site_name":"RioOnWatch","article_published_time":"2018-12-12T12:12:33+00:00","article_modified_time":"2018-12-27T02:19:23+00:00","og_image":[{"width":1500,"height":1000,"url":"https:\/\/rioonwatch.org.br\/wp-content\/uploads\/2018\/12\/RFS-Verdejar.jpg","type":"image\/jpeg"}],"author":"Luisa Fenizola","twitter_card":"summary_large_image","twitter_misc":{"Escrito por":"Luisa Fenizola","Est. tempo de leitura":"10 minutos"},"schema":{"@context":"https:\/\/schema.org","@graph":[{"@type":"Article","@id":"https:\/\/rioonwatch.org.br\/?p=37791#article","isPartOf":{"@id":"https:\/\/rioonwatch.org.br\/?p=37791"},"author":{"name":"Luisa Fenizola","@id":"https:\/\/rioonwatch.org.br\/#\/schema\/person\/f443c6b55bb6e80842280318076491c5"},"headline":"3\u00ba Interc\u00e2mbio da Rede Favela Sustent\u00e1vel: Agrofloresta na Zona Norte do Rio de Janeiro [IMAGENS]","datePublished":"2018-12-12T12:12:33+00:00","dateModified":"2018-12-27T02:19:23+00:00","mainEntityOfPage":{"@id":"https:\/\/rioonwatch.org.br\/?p=37791"},"wordCount":2090,"publisher":{"@id":"https:\/\/rioonwatch.org.br\/#organization"},"image":{"@id":"https:\/\/rioonwatch.org.br\/?p=37791#primaryimage"},"thumbnailUrl":"https:\/\/rioonwatch.org.br\/wp-content\/uploads\/2018\/12\/RFS-Verdejar.jpg","keywords":["agricultura urbana","agroecologia","agrofloresta","APARU","compostagem","educa\u00e7\u00e3o","educa\u00e7\u00e3o ambiental","Engenho da Rainha","espa\u00e7os verdes","Favela Como Modelo Sustent\u00e1vel","horta comunit\u00e1ria","Light","meio ambiente","redes","reflorestamento","resili\u00eancia","S\u00e9rie","S\u00e9rie: Interc\u00e2mbios da RFS","Serra da Miseric\u00f3rdia","solu\u00e7\u00e3o","solu\u00e7\u00e3o comunit\u00e1ria","sustentabilidade","Verdejar","Zona Norte"],"articleSection":["*Destaque","Cobertura de Eventos","Escrito por Aliados","Qualidades da Favela","Solu\u00e7\u00f5es","Sustentabilidade"],"inLanguage":"pt-BR"},{"@type":"WebPage","@id":"https:\/\/rioonwatch.org.br\/?p=37791","url":"https:\/\/rioonwatch.org.br\/?p=37791","name":"3\u00ba Interc\u00e2mbio da Rede Favela Sustent\u00e1vel: Agrofloresta na Zona Norte do Rio de Janeiro [IMAGENS] - RioOnWatch","isPartOf":{"@id":"https:\/\/rioonwatch.org.br\/#website"},"primaryImageOfPage":{"@id":"https:\/\/rioonwatch.org.br\/?p=37791#primaryimage"},"image":{"@id":"https:\/\/rioonwatch.org.br\/?p=37791#primaryimage"},"thumbnailUrl":"https:\/\/rioonwatch.org.br\/wp-content\/uploads\/2018\/12\/RFS-Verdejar.jpg","datePublished":"2018-12-12T12:12:33+00:00","dateModified":"2018-12-27T02:19:23+00:00","breadcrumb":{"@id":"https:\/\/rioonwatch.org.br\/?p=37791#breadcrumb"},"inLanguage":"pt-BR","potentialAction":[{"@type":"ReadAction","target":["https:\/\/rioonwatch.org.br\/?p=37791"]}]},{"@type":"ImageObject","inLanguage":"pt-BR","@id":"https:\/\/rioonwatch.org.br\/?p=37791#primaryimage","url":"https:\/\/rioonwatch.org.br\/wp-content\/uploads\/2018\/12\/RFS-Verdejar.jpg","contentUrl":"https:\/\/rioonwatch.org.br\/wp-content\/uploads\/2018\/12\/RFS-Verdejar.jpg","width":1500,"height":1000},{"@type":"BreadcrumbList","@id":"https:\/\/rioonwatch.org.br\/?p=37791#breadcrumb","itemListElement":[{"@type":"ListItem","position":1,"name":"In\u00edcio","item":"https:\/\/rioonwatch.org.br\/"},{"@type":"ListItem","position":2,"name":"3\u00ba Interc\u00e2mbio da Rede Favela Sustent\u00e1vel: Agrofloresta na Zona Norte do Rio de Janeiro [IMAGENS]"}]},{"@type":"WebSite","@id":"https:\/\/rioonwatch.org.br\/#website","url":"https:\/\/rioonwatch.org.br\/","name":"RioOnWatch","description":"relatos das favelas cariocas","publisher":{"@id":"https:\/\/rioonwatch.org.br\/#organization"},"potentialAction":[{"@type":"SearchAction","target":{"@type":"EntryPoint","urlTemplate":"https:\/\/rioonwatch.org.br\/?s={search_term_string}"},"query-input":{"@type":"PropertyValueSpecification","valueRequired":true,"valueName":"search_term_string"}}],"inLanguage":"pt-BR"},{"@type":"Organization","@id":"https:\/\/rioonwatch.org.br\/#organization","name":"RioOnWatch","url":"https:\/\/rioonwatch.org.br\/","logo":{"@type":"ImageObject","inLanguage":"pt-BR","@id":"https:\/\/rioonwatch.org.br\/#\/schema\/logo\/image\/","url":"https:\/\/rioonwatch.org.br\/wp-content\/uploads\/2021\/06\/RioOnWatchcabecalhoPT11anos-2.png","contentUrl":"https:\/\/rioonwatch.org.br\/wp-content\/uploads\/2021\/06\/RioOnWatchcabecalhoPT11anos-2.png","width":779,"height":277,"caption":"RioOnWatch"},"image":{"@id":"https:\/\/rioonwatch.org.br\/#\/schema\/logo\/image\/"}},{"@type":"Person","@id":"https:\/\/rioonwatch.org.br\/#\/schema\/person\/f443c6b55bb6e80842280318076491c5","name":"Luisa Fenizola","image":{"@type":"ImageObject","inLanguage":"pt-BR","@id":"https:\/\/rioonwatch.org.br\/#\/schema\/person\/image\/","url":"https:\/\/secure.gravatar.com\/avatar\/a3d551110162b9f876cbbdaaecf75663?s=96&d=blank&r=g","contentUrl":"https:\/\/secure.gravatar.com\/avatar\/a3d551110162b9f876cbbdaaecf75663?s=96&d=blank&r=g","caption":"Luisa Fenizola"},"url":"https:\/\/rioonwatch.org.br\/?author=152"}]}},"_links":{"self":[{"href":"https:\/\/rioonwatch.org.br\/index.php?rest_route=\/wp\/v2\/posts\/37791"}],"collection":[{"href":"https:\/\/rioonwatch.org.br\/index.php?rest_route=\/wp\/v2\/posts"}],"about":[{"href":"https:\/\/rioonwatch.org.br\/index.php?rest_route=\/wp\/v2\/types\/post"}],"author":[{"embeddable":true,"href":"https:\/\/rioonwatch.org.br\/index.php?rest_route=\/wp\/v2\/users\/152"}],"replies":[{"embeddable":true,"href":"https:\/\/rioonwatch.org.br\/index.php?rest_route=%2Fwp%2Fv2%2Fcomments&post=37791"}],"version-history":[{"count":16,"href":"https:\/\/rioonwatch.org.br\/index.php?rest_route=\/wp\/v2\/posts\/37791\/revisions"}],"predecessor-version":[{"id":37965,"href":"https:\/\/rioonwatch.org.br\/index.php?rest_route=\/wp\/v2\/posts\/37791\/revisions\/37965"}],"wp:featuredmedia":[{"embeddable":true,"href":"https:\/\/rioonwatch.org.br\/index.php?rest_route=\/wp\/v2\/media\/37793"}],"wp:attachment":[{"href":"https:\/\/rioonwatch.org.br\/index.php?rest_route=%2Fwp%2Fv2%2Fmedia&parent=37791"}],"wp:term":[{"taxonomy":"category","embeddable":true,"href":"https:\/\/rioonwatch.org.br\/index.php?rest_route=%2Fwp%2Fv2%2Fcategories&post=37791"},{"taxonomy":"post_tag","embeddable":true,"href":"https:\/\/rioonwatch.org.br\/index.php?rest_route=%2Fwp%2Fv2%2Ftags&post=37791"},{"taxonomy":"writer","embeddable":true,"href":"https:\/\/rioonwatch.org.br\/index.php?rest_route=%2Fwp%2Fv2%2Fwriter&post=37791"},{"taxonomy":"translator","embeddable":true,"href":"https:\/\/rioonwatch.org.br\/index.php?rest_route=%2Fwp%2Fv2%2Ftranslator&post=37791"},{"taxonomy":"source","embeddable":true,"href":"https:\/\/rioonwatch.org.br\/index.php?rest_route=%2Fwp%2Fv2%2Fsource&post=37791"},{"taxonomy":"ilustrador","embeddable":true,"href":"https:\/\/rioonwatch.org.br\/index.php?rest_route=%2Fwp%2Fv2%2Filustrador&post=37791"},{"taxonomy":"fotografo","embeddable":true,"href":"https:\/\/rioonwatch.org.br\/index.php?rest_route=%2Fwp%2Fv2%2Ffotografo&post=37791"}],"curies":[{"name":"wp","href":"https:\/\/api.w.org\/{rel}","templated":true}]}}