{"id":37883,"date":"2018-12-20T14:19:05","date_gmt":"2018-12-20T17:19:05","guid":{"rendered":"http:\/\/rioonwatch.org.br\/?p=37883"},"modified":"2024-05-24T12:37:08","modified_gmt":"2024-05-24T15:37:08","slug":"a-necropolitica-de-wilson-witzel-analisada-por-movimentos-e-moradores-da-baixada-e-do-rio-parte-1","status":"publish","type":"post","link":"https:\/\/rioonwatch.org.br\/?p=37883","title":{"rendered":"A Baixada Fluminense e a Necropol\u00edtica de Wilson Witzel: Parte 1"},"content":{"rendered":"<p style=\"text-align: right;\"><a href=\"http:\/\/bit.ly\/2LQcYOw\" target=\"_blank\" rel=\"noopener\"><em><strong>Click Here for English<img decoding=\"async\" width=\"20\" height=\"20\" class=\"alignright wp-image-15790\" src=\"http:\/\/rioonwatch.org.br\/wp-content\/uploads\/2012\/08\/EN-standard-e1439583104716.jpg\" \/><\/strong><\/em><\/a><\/p>\n<p><em>Esta \u00e9 a primeira mat\u00e9ria, de uma\u00a0s\u00e9rie\u00a0de duas partes, que traz an\u00e1lises de representantes e moradores da Baixada Fluminense sobre as pol\u00edticas do governador eleito Wilson Witzel.\u00a0Confira a segunda\u00a0<a href=\"http:\/\/bit.ly\/2Q7JrjE\" target=\"_blank\" rel=\"noopener\">aqui<\/a>.<\/em><\/p>\n<p style=\"font-weight: 400;\">A vit\u00f3ria do governador eleito <a href=\"https:\/\/glo.bo\/2CwgP17\" target=\"_blank\" rel=\"noopener\">Wilson Witzel<\/a>, um ex-juiz federal que conquistou <a href=\"https:\/\/glo.bo\/2Bu5VpK\" target=\"_blank\" rel=\"noopener\">exatos 4.675.355 votos<\/a>, resultou em uma trama de preocupa\u00e7\u00f5es, especialmente quando se interpreta de forma cr\u00edtica o planejamento de determinadas pol\u00edticas p\u00fablicas em sua\u00a0gest\u00e3o. Observou-se um candidato\u2014desconhecido\u00a0do\u00a0grande p\u00fablico, que nunca\u00a0ultrapassava\u00a0a marca do 1% das inten\u00e7\u00f5es de voto\u2014afirmar, sem sutilezas,\u00a0que pretende empregar com pragmatismo a pol\u00edtica de seguran\u00e7a p\u00fablica do Rio de Janeiro, de forma que, dentre tantas aberra\u00e7\u00f5es, agentes do Estado <a href=\"https:\/\/glo.bo\/2Rmuvzh\" target=\"_blank\" rel=\"noopener\">teriam permiss\u00e3o t\u00e1cita para matar inimigos<\/a>, caso se sentissem\u00a0amea\u00e7ados. O impacto de suas declara\u00e7\u00f5es, especialmente entre moradores de favelas e outras periferias\u2014hist\u00f3ricas v\u00edtimas dos abusos de poder que quase sempre ocorrem em opera\u00e7\u00f5es militares em seus territ\u00f3rios\u2014\u00e9 mais preocupante quando se descobre que Witzel afinou seu discurso com <a href=\"http:\/\/bit.ly\/2LgbnB1\" target=\"_blank\" rel=\"noopener\">o do presidente eleito Jair Bolsonaro<\/a> (PSL), claramente com um posicionamento pol\u00edtico de extrema-direita.<\/p>\n<h3>O Que Witzel J\u00e1 Vem Sinalizando<\/h3>\n<p style=\"font-weight: 400;\">Dentre os v\u00e1rios entendimentos sobre o que seria uma pol\u00edtica de extrema-direita na \u00e1rea de seguran\u00e7a p\u00fablica, est\u00e1 o aprimoramento do car\u00e1ter conservador ou tradicional no modo de se criar, mudar ou simplesmente interpretar dispositivos jur\u00eddicos na legisla\u00e7\u00e3o, de forma que se autorize, perante uma s\u00e9rie de resultados poss\u00edveis, um embrutecimento de estrat\u00e9gias e t\u00e1ticas de enfrentamento pela corpora\u00e7\u00e3o policial. Como exemplo, h\u00e1 um entusiasmo em rela\u00e7\u00e3o ao <a href=\"http:\/\/bit.ly\/2PPTWIw\" target=\"_blank\" rel=\"noopener\">artigo 23 do C\u00f3digo Penal Brasileiro<\/a>, aquele que trata dos chamados <a href=\"http:\/\/bit.ly\/2ErKjxw\" target=\"_blank\" rel=\"noopener\">excludentes de ilicitude<\/a>.<\/p>\n<p><a href=\"http:\/\/rioonwatch.org.br\/wp-content\/uploads\/2018\/12\/witzel.jpg\"><img fetchpriority=\"high\" decoding=\"async\" class=\"aligncenter size-content wp-image-37899\" src=\"http:\/\/rioonwatch.org.br\/wp-content\/uploads\/2018\/12\/witzel-620x264.jpg\" alt=\"\" width=\"620\" height=\"264\" \/><\/a><\/p>\n<p style=\"font-weight: 400;\">Dos quatro par\u00e1grafos <a href=\"http:\/\/bit.ly\/2rG9h4A\" target=\"_blank\" rel=\"noopener\">apresentados no artigo 23<\/a>, dois se enquadram como potenciais justificativas para o aumento do uso da for\u00e7a dos agentes de seguran\u00e7a ao enfrentar a criminalidade: &#8220;o estado de necessidade&#8221;, quando o autor \u201cpratica o fato para salvar de perigo atual, que n\u00e3o provocou por sua vontade, nem podia de outro modo evitar, direito pr\u00f3prio ou alheio\u201d, e &#8220;a leg\u00edtima defesa&#8221;, que consiste em \u201cquem, usando moderadamente dos meios necess\u00e1rios, repele injusta agress\u00e3o, atual ou iminente, a direito seu ou de outrem\u201d. <a href=\"http:\/\/bit.ly\/2QUdm3g\" target=\"_blank\" rel=\"noopener\">Na opini\u00e3o de v\u00e1rios estudiosos<\/a>, colocar os excludentes de licitude como diretrizes de permiss\u00e3o ajudaria a flexibilizar ainda mais, perante a lei, a justificativa de assassinatos de moradores de \u00e1reas pobres na ocorr\u00eancia de algum confronto. Witzel declarou recentemente, em uma entrevista, que <a href=\"http:\/\/bit.ly\/2ExITlK\" target=\"_blank\" rel=\"noopener\">a PM vai poder mirar na \u201ccabecinha\u201d<\/a> de traficantes e atirar caso algum deles simplesmente esteja armado, mesmo sem a possibilidade de oferecer risco, apesar de que, como j\u00e1 muito bem difundido, muitos moradores de favelas j\u00e1 foram assassinados ao <a href=\"http:\/\/bit.ly\/2Eu6sMp\" target=\"_blank\" rel=\"noopener\">portar objetos que foram confundidos com armas<\/a>.<\/p>\n<p style=\"font-weight: 400;\">Essa evid\u00eancia se transformou em forte possibilidade quando o governador eleito embarcou recentemente em viagem para Israel para <a href=\"https:\/\/glo.bo\/2AIYZWG\" target=\"_blank\" rel=\"noopener\">conhecer modelos de drones munidos de fuzis<\/a> que atiram em alvos baseados em reconhecimento facial eletr\u00f4nico. Esse tipo de equipamento, at\u00e9 ent\u00e3o s\u00f3 foi utilizado em momentos de guerra. Isso sem falar do pouco caso que costuma fazer quando o assunto \u00e9 superpopula\u00e7\u00e3o carcer\u00e1ria. Com a terceira maior popula\u00e7\u00e3o carcer\u00e1ria do mundo, 726.000 presos, ou quase o dobro do n\u00famero de vagas dispon\u00edveis, segundo o <a href=\"http:\/\/bit.ly\/2Evz204\" target=\"_blank\" rel=\"noopener\">Atlas da Viol\u00eancia 2016<\/a>, o Brasil corre o s\u00e9rio risco de\u00a0uma piora do j\u00e1\u00a0colapsado\u00a0sistema. Mas o diagn\u00f3stico de Witzel para um problema extremamente complexo \u00e9 simples: \u201cCova a gente cava e pres\u00eddio, se precisar, a gente bota navio em alto-mar\u201d, <a href=\"http:\/\/bit.ly\/2BhNbtI\" target=\"_blank\" rel=\"noopener\">como discursou em encontro na sede da Associa\u00e7\u00e3o de Oficiais Militares do Rio<\/a>, sob efusivos aplausos da plateia.<\/p>\n<h3>Introdu\u00e7\u00e3o \u00e0 Necropol\u00edtica<\/h3>\n<p style=\"font-weight: 400;\">Todas as circunst\u00e2ncias acima, e levando em considera\u00e7\u00e3o o racismo institucional por tr\u00e1s de algumas proposi\u00e7\u00f5es, levam a crer que o estado do Rio de Janeiro est\u00e1 prestes a sofrer uma atualiza\u00e7\u00e3o daquilo que se chama\u00a0<a href=\"http:\/\/bit.ly\/2Qw5INm\" target=\"_blank\" rel=\"noopener\">necropol\u00edtica<\/a>, uma linha de pensamento desenvolvida pelo fil\u00f3sofo camaron\u00eas <a href=\"http:\/\/bit.ly\/2Qw5INm\" target=\"_blank\" rel=\"noopener\">Achille Mbembe<\/a>, em ensaio hom\u00f4nimo, que ganhou repercuss\u00e3o internacional. A <a href=\"http:\/\/bit.ly\/2PS4dnw\" target=\"_blank\" rel=\"noopener\">necropol\u00edtica<\/a>, segundo Mbembe, seria uma variante do conceito de <a href=\"http:\/\/bit.ly\/2BkoEEk\" target=\"_blank\" rel=\"noopener\">biopol\u00edtica<\/a>, desenvolvido pelo colega franc\u00eas <a href=\"http:\/\/bit.ly\/2SPJHWv\" target=\"_blank\" rel=\"noopener\">Michel Foucault<\/a>.<\/p>\n<p style=\"font-weight: 400;\">A biopol\u00edtica \u00e9 uma forma de governar marcada pelo <a href=\"http:\/\/bit.ly\/2BkoEEk\" target=\"_blank\" rel=\"noopener\">biopoder<\/a>, que \u00e9 um\u00a0<span style=\"font-weight: 400;\">poder produtivo que o Estado ou o governante det\u00e9m, voltado para prolongar a vida, multiplic\u00e1-la, e geri-la. Assim, protege-se a vida porque ela \u00e9 \u00fatil, produz valor. E para ser \u00fatil, a vida precisa ser disciplinada. Mbembe, por sua vez, enxerga que a biopol\u00edtica torna-se cada vez mais uma necropol\u00edtica, marcada pelo poder de tirar a vida, na medida em que os indiv\u00edduos tornam-se sup\u00e9rfluos, e que sua for\u00e7a de trabalho seja n\u00e3o mais rent\u00e1vel e, portanto, dispens\u00e1vel para a reprodu\u00e7\u00e3o do capital. <\/span><\/p>\n<p><a href=\"http:\/\/rioonwatch.org.br\/wp-content\/uploads\/2018\/12\/mbembe.jpg\"><img decoding=\"async\" class=\"aligncenter wp-image-37898 size-content\" title=\"Achille Mbembe. Foto: AFP PHOTO \/ CYRIL FOLLIOT \/ AFP PHOTO \/ CYRIL FOLLIOT\" src=\"http:\/\/rioonwatch.org.br\/wp-content\/uploads\/2018\/12\/mbembe-620x264.jpg\" alt=\"\" width=\"620\" height=\"264\" srcset=\"https:\/\/rioonwatch.org.br\/wp-content\/uploads\/2018\/12\/mbembe-620x264.jpg 620w, https:\/\/rioonwatch.org.br\/wp-content\/uploads\/2018\/12\/mbembe-940x400.jpg 940w\" sizes=\"(max-width: 620px) 100vw, 620px\" \/><\/a><\/p>\n<p style=\"font-weight: 400;\"><span style=\"font-weight: 400;\">O poder e o direito de causar a morte passa a ser cada vez mais dif\u00edcil de conciliar com o poder de causar a vida. Para decidir quem deve viver e quem deve morrer, o Estado define inimigos internos, aqueles que, quando eliminados, tornam a vida dos outros mais saud\u00e1vel. <\/span><a href=\"http:\/\/bit.ly\/2Loqybt\" target=\"_blank\" rel=\"noopener\">Assim escreve Mbembe<\/a>\u00a0quando revela o car\u00e1ter racista dos crit\u00e9rios de defini\u00e7\u00e3o desse inimigo que autoriza a matan\u00e7a tutelada pelo Estado: &#8220;[E]m termos foucaultianos, racismo \u00e9 acima de tudo uma tecnologia destinada a permitir o exerc\u00edcio do biopoder. Na economia do biopoder, a fun\u00e7\u00e3o do racismo \u00e9 regular a distribui\u00e7\u00e3o de morte e tornar poss\u00edvel as fun\u00e7\u00f5es assassinas do Estado. Segundo Foucault, essa \u00e9 &#8216;a condi\u00e7\u00e3o para a aceitabilidade do fazer morrer'&#8221;.<\/p>\n<h3>Reflex\u00f5es Advindas da Baixada Fluminense Sobre Necropol\u00edtica Programada no Governo Witzel<\/h3>\n<p style=\"font-weight: 400;\">Com base em todas essas informa\u00e7\u00f5es, pedimos para que estudiosos, movimentos, ativistas e moradores da Baixada Fluminense e do Rio analisassem o contexto pol\u00edtico do futuro governo Witzel para a seguran\u00e7a p\u00fablica.<\/p>\n<p><a href=\"http:\/\/rioonwatch.org.br\/wp-content\/uploads\/2018\/12\/WhatsApp-Image-2018-12-12-at-14.05.40.jpeg\"><img loading=\"lazy\" decoding=\"async\" class=\"aligncenter size-content wp-image-37893\" src=\"http:\/\/rioonwatch.org.br\/wp-content\/uploads\/2018\/12\/WhatsApp-Image-2018-12-12-at-14.05.40-620x264.jpeg\" alt=\"\" width=\"620\" height=\"264\" \/><\/a><\/p>\n<p style=\"font-weight: 400;\">O coordenador executivo do <a href=\"http:\/\/bit.ly\/2S6SF1n\" target=\"_blank\" rel=\"noopener\">F\u00f3rum Grita Baixada<\/a>, o soci\u00f3logo Adriano de Ara\u00fajo, afirma que o discurso pol\u00edtico do novo governador aponta para mais do mesmo: seguran\u00e7a como caso de pol\u00edcia, ostensividade e repress\u00e3o, contrariando todo um conjunto de experi\u00eancias e\u00a0estudos que evidenciam <a href=\"http:\/\/bit.ly\/2EknRGq\" target=\"_blank\" rel=\"noopener\">a baixa capacidade dessas estrat\u00e9gias de reduzirem a viol\u00eancia<\/a>.<\/p>\n<p style=\"font-weight: 400;\">\u201cCausa-nos grande preocupa\u00e7\u00e3o este tom militarizado e policialesco da seguran\u00e7a p\u00fablica a ser refor\u00e7ado pelo novo governo estadual. Lembramos que, segundo o <a href=\"http:\/\/bit.ly\/2QO3po8\" target=\"_blank\" rel=\"noopener\">plano de governo<\/a>, a responsabilidade pela redu\u00e7\u00e3o da viol\u00eancia cair\u00e1 nos ombros dos pr\u00f3prios comandantes locais dos batalh\u00f5es, como afirma o documento: &#8220;responsabilizando localmente os agentes de comando pelos resultados obtidos no combate e investiga\u00e7\u00e3o criminal, bem como sobre os \u00edndices de seguran\u00e7a p\u00fablica\u201d, diz Adriano. E prossegue: \u201cA pergunta que se imp\u00f5e ent\u00e3o \u00e9: a pol\u00edtica p\u00fablica desse novo governo no campo da seguran\u00e7a ser\u00e1 aumentar ainda mais a morte de corpos pobres, negros e perif\u00e9ricos? As respostas a essa pergunta ir\u00e3o determinar o n\u00edvel dos embates e dos desafios que teremos que enfrentar cada vez mais a partir de janeiro\u201d, afirma o soci\u00f3logo.<\/p>\n<p><a href=\"http:\/\/rioonwatch.org.br\/wp-content\/uploads\/2018\/12\/WhatsApp-Image-2018-12-12-at-14.09.50.jpeg\"><img loading=\"lazy\" decoding=\"async\" class=\"aligncenter wp-image-37894 size-content\" title=\"Frans\u00e9rgio Goulart. Foto: Maz\u00e9 Mixo\" src=\"http:\/\/rioonwatch.org.br\/wp-content\/uploads\/2018\/12\/WhatsApp-Image-2018-12-12-at-14.09.50-620x264.jpeg\" alt=\"\" width=\"620\" height=\"264\" srcset=\"https:\/\/rioonwatch.org.br\/wp-content\/uploads\/2018\/12\/WhatsApp-Image-2018-12-12-at-14.09.50-620x264.jpeg 620w, https:\/\/rioonwatch.org.br\/wp-content\/uploads\/2018\/12\/WhatsApp-Image-2018-12-12-at-14.09.50-940x400.jpeg 940w\" sizes=\"(max-width: 620px) 100vw, 620px\" \/><\/a><\/p>\n<p style=\"font-weight: 400;\">Para o historiador e coordenador do projeto do F\u00f3rum Grita Baixada\u00a0&#8220;<a href=\"http:\/\/bit.ly\/2EvQfpl\" target=\"_blank\" rel=\"noopener\">Direito \u00e0 Mem\u00f3ria e Justi\u00e7a Racial<\/a>&#8220;, Frans\u00e9rgio Goulart, a pol\u00edtica de Witzel e Bolsonaro para a seguran\u00e7a p\u00fablica \u00e9 norma vigente no mundo atual, sempre considerando que a conjuntura do sistema capitalista \u00e9 a \u201cda morte dos indesej\u00e1veis\u201d.<\/p>\n<p style=\"font-weight: 400;\">\u201cNa perspectiva do capitalismo, como aponta o autor <a href=\"http:\/\/bit.ly\/2FAq66C\" target=\"_blank\" rel=\"noopener\">David Harvey<\/a>, que v\u00ea a ascens\u00e3o de pr\u00e1ticas econ\u00f4micas por espolia\u00e7\u00e3o caracterizadas pela privatiza\u00e7\u00e3o de empresas estatais, da moradia popular, dos recursos naturais, al\u00e9m do aprofundamento da mercantiliza\u00e7\u00e3o do trabalho por meio de ataques \u00e0 legisla\u00e7\u00e3o trabalhista e aos direitos previdenci\u00e1rios em escala global, a necropol\u00edtica seguir\u00e1 seu rumo, pois a tal reserva de m\u00e3o de obra n\u00e3o se faz mais necess\u00e1ria para o capitalismo. \u00c9 um poder de determina\u00e7\u00e3o sobre a vida e a morte ao desprover o status pol\u00edtico dos sujeitos. Utilizam-se t\u00e9cnicas e desenvolvem-se aparatos meticulosamente planejados para a execu\u00e7\u00e3o dessa pol\u00edtica de desaparecimento e de morte. Ou seja, n\u00e3o h\u00e1, nessa l\u00f3gica sist\u00eamica, a intencionalidade de controle de determinados corpos de determinados grupos sociais. O processo de explora\u00e7\u00e3o e do ciclo em que se estabelecem as rela\u00e7\u00f5es neoliberais opera pelo exterm\u00ednio dos grupos que n\u00e3o t\u00eam lugar algum no sistema\u201d, explica\u00a0Frans\u00e9rgio.<\/p>\n<p><a href=\"http:\/\/rioonwatch.org.br\/wp-content\/uploads\/2018\/12\/jose-claudio2.jpg\"><img loading=\"lazy\" decoding=\"async\" class=\"aligncenter wp-image-37897 size-content\" title=\"Jos\u00e9 Claudio Sousa Alves. Foto: Facebook\" src=\"http:\/\/rioonwatch.org.br\/wp-content\/uploads\/2018\/12\/jose-claudio2-620x264.jpg\" alt=\"\" width=\"620\" height=\"264\" srcset=\"https:\/\/rioonwatch.org.br\/wp-content\/uploads\/2018\/12\/jose-claudio2-620x264.jpg 620w, https:\/\/rioonwatch.org.br\/wp-content\/uploads\/2018\/12\/jose-claudio2-940x400.jpg 940w\" sizes=\"(max-width: 620px) 100vw, 620px\" \/><\/a><\/p>\n<p>O tamb\u00e9m soci\u00f3logo Jos\u00e9 Claudio Sousa Alves, da <a href=\"http:\/\/bit.ly\/2UVFWQV\" target=\"_blank\" rel=\"noopener\">UFRRJ<\/a>, autor de <a href=\"http:\/\/bit.ly\/2cHLpHs\" target=\"_blank\" rel=\"noopener\"><em>Dos Bar\u00f5es ao Exterm\u00ednio, uma hist\u00f3ria de viol\u00eancia na Baixada<\/em><\/a>, fornece uma an\u00e1lise bem mais cr\u00edtica sobre essa pol\u00edtica de morte. \u201cParece ser uma tentativa de prote\u00e7\u00e3o e preserva\u00e7\u00e3o da pr\u00f3pria seguran\u00e7a p\u00fablica, diante de propostas absolutamente estapaf\u00fardias como a libera\u00e7\u00e3o de armas para a popula\u00e7\u00e3o, o uso de elimina\u00e7\u00e3o de pessoas com armamentos sofisticados e o <a href=\"http:\/\/bit.ly\/2LgbnB1\">excludente de ilicitude<\/a> que ser\u00e1 utilizado pela pol\u00edcia para dar mais letalidade nas suas opera\u00e7\u00f5es, especialmente em \u00e1reas favelizadas, vitimando moradores e principalmente os mais jovens\u201d, diz Jos\u00e9 Claudio. Ele conclui afirmando que haver\u00e1 \u201cmanifesta\u00e7\u00f5es reativas\u201d a essas propostas de governo, em termos do aumento da viol\u00eancia, no descontrole desses armamentos, principalmente num cen\u00e1rio de tr\u00e1fico de armas.<\/p>\n<h4><em>Confira a segunda parte da s\u00e9rie\u00a0<a href=\"http:\/\/bit.ly\/2Q7JrjE\" target=\"_blank\" rel=\"noopener\">aqui<\/a>.<\/em><\/h4>\n<p><em>Mat\u00e9ria escrita por Fabio Leon\u00a0e produzida por parceria entre RioOnWatch e o\u00a0<a href=\"http:\/\/bit.ly\/2uOOkXZ\" target=\"_blank\" rel=\"noopener\">F\u00f3rum Grita Baixada<\/a>. Fabio \u00e9 jornalista e ativista dos direitos humanos e assessor de comunica\u00e7\u00e3o no F\u00f3rum Grita Baixada. O F\u00f3rum Grita Baixada \u00e9 um f\u00f3rum de pessoas e institui\u00e7\u00f5es articuladas em torno da Baixada Fluminense, tendo como foco o desenvolvimento de estrat\u00e9gias, o fomento de articula\u00e7\u00f5es e a incid\u00eancia pol\u00edtica no campo da seguran\u00e7a p\u00fablica, entendida como elemento para a cidadania e efetiva\u00e7\u00e3o do direito \u00e0 cidade.\u00a0Siga o F\u00f3rum Grita Baixada\u00a0pelo\u00a0<a href=\"http:\/\/bit.ly\/2vwxO06\" target=\"_blank\" rel=\"noopener\">Facebook aqui<\/a>.<\/em><\/p>\n<!-- AddThis Advanced Settings generic via filter on the_content --><!-- AddThis Share Buttons generic via filter on the_content -->","protected":false},"excerpt":{"rendered":"<div class=\"mh-excerpt\"><p>Click Here for English Esta \u00e9 a primeira mat\u00e9ria, de uma\u00a0s\u00e9rie\u00a0de duas partes, que traz an\u00e1lises de representantes e moradores da Baixada Fluminense sobre as pol\u00edticas do governador eleito Wilson Witzel.\u00a0Confira a segunda\u00a0aqui. A vit\u00f3ria <a class=\"mh-excerpt-more\" href=\"https:\/\/rioonwatch.org.br\/?p=37883\" title=\"A Baixada Fluminense e a Necropol\u00edtica de Wilson Witzel: Parte 1\">[&#8230;]<\/a><!-- AddThis Advanced Settings generic via filter on get_the_excerpt --><!-- AddThis Share Buttons generic via filter on get_the_excerpt --><\/p>\n<\/div>","protected":false},"author":152,"featured_media":37895,"comment_status":"closed","ping_status":"closed","sticky":false,"template":"","format":"standard","meta":{"_acf_changed":false,"_monsterinsights_skip_tracking":false,"_monsterinsights_sitenote_active":false,"_monsterinsights_sitenote_note":"","_monsterinsights_sitenote_category":0,"footnotes":""},"categories":[1621,1625,344,1620],"tags":[3253,959,1239,457,2179,1227,2561,774,672,2029,2474,920,2560],"writer":[2177],"translator":[],"source":[],"ilustrador":[],"fotografo":[],"class_list":{"0":"post-37883","1":"post","2":"type-post","3":"status-publish","4":"format-standard","5":"has-post-thumbnail","7":"category-destaque","8":"category-por-correspondentes-comunitarios","9":"category-politicas","10":"category-olhonaupp","11":"tag-antirracismo","12":"tag-baixada-fluminense","13":"tag-criminalizacao-da-pobreza","14":"tag-eleicoes","15":"tag-forum-grita-baixada","16":"tag-legislacao","17":"tag-necropolitica","18":"tag-policia-militar","19":"tag-seguranca-publica","20":"tag-teoria-politica","21":"tag-ufrrj","22":"tag-violencia-de-estado","23":"tag-wilson-witzel","24":"writer-fabio-leon"},"acf":[],"yoast_head":"<!-- This site is optimized with the Yoast SEO plugin v25.6 - https:\/\/yoast.com\/wordpress\/plugins\/seo\/ -->\n<title>A Baixada Fluminense e a Necropol\u00edtica de Wilson Witzel: Parte 1 - RioOnWatch<\/title>\n<meta name=\"robots\" content=\"index, follow, max-snippet:-1, max-image-preview:large, max-video-preview:-1\" \/>\n<link rel=\"canonical\" href=\"https:\/\/rioonwatch.org.br\/?p=37883\" \/>\n<meta property=\"og:locale\" content=\"pt_BR\" \/>\n<meta property=\"og:type\" content=\"article\" \/>\n<meta property=\"og:title\" content=\"A Baixada Fluminense e a Necropol\u00edtica de Wilson Witzel: Parte 1 - RioOnWatch\" \/>\n<meta property=\"og:description\" content=\"Click Here for English Esta \u00e9 a primeira mat\u00e9ria, de uma\u00a0s\u00e9rie\u00a0de duas partes, que traz an\u00e1lises de representantes e moradores da Baixada Fluminense sobre as pol\u00edticas do governador eleito Wilson Witzel.\u00a0Confira a segunda\u00a0aqui. A vit\u00f3ria [...]\" \/>\n<meta property=\"og:url\" content=\"https:\/\/rioonwatch.org.br\/?p=37883\" \/>\n<meta property=\"og:site_name\" content=\"RioOnWatch\" \/>\n<meta property=\"article:published_time\" content=\"2018-12-20T17:19:05+00:00\" \/>\n<meta property=\"article:modified_time\" content=\"2024-05-24T15:37:08+00:00\" \/>\n<meta property=\"og:image\" content=\"https:\/\/rioonwatch.org.br\/wp-content\/uploads\/2018\/12\/witzel2.jpg\" \/>\n\t<meta property=\"og:image:width\" content=\"754\" \/>\n\t<meta property=\"og:image:height\" content=\"503\" \/>\n\t<meta property=\"og:image:type\" content=\"image\/jpeg\" \/>\n<meta name=\"author\" content=\"Luisa Fenizola\" \/>\n<meta name=\"twitter:card\" content=\"summary_large_image\" \/>\n<meta name=\"twitter:label1\" content=\"Escrito por\" \/>\n\t<meta name=\"twitter:data1\" content=\"Luisa Fenizola\" \/>\n\t<meta name=\"twitter:label2\" content=\"Est. tempo de leitura\" \/>\n\t<meta name=\"twitter:data2\" content=\"9 minutos\" \/>\n<script type=\"application\/ld+json\" class=\"yoast-schema-graph\">{\"@context\":\"https:\/\/schema.org\",\"@graph\":[{\"@type\":\"Article\",\"@id\":\"https:\/\/rioonwatch.org.br\/?p=37883#article\",\"isPartOf\":{\"@id\":\"https:\/\/rioonwatch.org.br\/?p=37883\"},\"author\":{\"name\":\"Luisa Fenizola\",\"@id\":\"https:\/\/rioonwatch.org.br\/#\/schema\/person\/f443c6b55bb6e80842280318076491c5\"},\"headline\":\"A Baixada Fluminense e a Necropol\u00edtica de Wilson Witzel: Parte 1\",\"datePublished\":\"2018-12-20T17:19:05+00:00\",\"dateModified\":\"2024-05-24T15:37:08+00:00\",\"mainEntityOfPage\":{\"@id\":\"https:\/\/rioonwatch.org.br\/?p=37883\"},\"wordCount\":1729,\"publisher\":{\"@id\":\"https:\/\/rioonwatch.org.br\/#organization\"},\"image\":{\"@id\":\"https:\/\/rioonwatch.org.br\/?p=37883#primaryimage\"},\"thumbnailUrl\":\"https:\/\/rioonwatch.org.br\/wp-content\/uploads\/2018\/12\/witzel2.jpg\",\"keywords\":[\"Antirracismo\",\"Baixada Fluminense\",\"criminaliza\u00e7\u00e3o da pobreza\",\"Elei\u00e7\u00f5es\",\"F\u00f3rum Grita Baixada\",\"legisla\u00e7\u00e3o\",\"necropol\u00edtica\",\"Pol\u00edcia Militar\",\"seguran\u00e7a p\u00fablica\",\"teoria pol\u00edtica\",\"UFRRJ\",\"viol\u00eancia de Estado\",\"Wilson Witzel\"],\"articleSection\":[\"*Destaque\",\"Escrito por Comunicadores Populares\",\"Pol\u00edticas\",\"Seguran\u00e7a P\u00fablica\"],\"inLanguage\":\"pt-BR\"},{\"@type\":\"WebPage\",\"@id\":\"https:\/\/rioonwatch.org.br\/?p=37883\",\"url\":\"https:\/\/rioonwatch.org.br\/?p=37883\",\"name\":\"A Baixada Fluminense e a Necropol\u00edtica de Wilson Witzel: Parte 1 - RioOnWatch\",\"isPartOf\":{\"@id\":\"https:\/\/rioonwatch.org.br\/#website\"},\"primaryImageOfPage\":{\"@id\":\"https:\/\/rioonwatch.org.br\/?p=37883#primaryimage\"},\"image\":{\"@id\":\"https:\/\/rioonwatch.org.br\/?p=37883#primaryimage\"},\"thumbnailUrl\":\"https:\/\/rioonwatch.org.br\/wp-content\/uploads\/2018\/12\/witzel2.jpg\",\"datePublished\":\"2018-12-20T17:19:05+00:00\",\"dateModified\":\"2024-05-24T15:37:08+00:00\",\"breadcrumb\":{\"@id\":\"https:\/\/rioonwatch.org.br\/?p=37883#breadcrumb\"},\"inLanguage\":\"pt-BR\",\"potentialAction\":[{\"@type\":\"ReadAction\",\"target\":[\"https:\/\/rioonwatch.org.br\/?p=37883\"]}]},{\"@type\":\"ImageObject\",\"inLanguage\":\"pt-BR\",\"@id\":\"https:\/\/rioonwatch.org.br\/?p=37883#primaryimage\",\"url\":\"https:\/\/rioonwatch.org.br\/wp-content\/uploads\/2018\/12\/witzel2.jpg\",\"contentUrl\":\"https:\/\/rioonwatch.org.br\/wp-content\/uploads\/2018\/12\/witzel2.jpg\",\"width\":754,\"height\":503},{\"@type\":\"BreadcrumbList\",\"@id\":\"https:\/\/rioonwatch.org.br\/?p=37883#breadcrumb\",\"itemListElement\":[{\"@type\":\"ListItem\",\"position\":1,\"name\":\"In\u00edcio\",\"item\":\"https:\/\/rioonwatch.org.br\/\"},{\"@type\":\"ListItem\",\"position\":2,\"name\":\"A Baixada Fluminense e a Necropol\u00edtica de Wilson Witzel: Parte 1\"}]},{\"@type\":\"WebSite\",\"@id\":\"https:\/\/rioonwatch.org.br\/#website\",\"url\":\"https:\/\/rioonwatch.org.br\/\",\"name\":\"RioOnWatch\",\"description\":\"relatos das favelas cariocas\",\"publisher\":{\"@id\":\"https:\/\/rioonwatch.org.br\/#organization\"},\"potentialAction\":[{\"@type\":\"SearchAction\",\"target\":{\"@type\":\"EntryPoint\",\"urlTemplate\":\"https:\/\/rioonwatch.org.br\/?s={search_term_string}\"},\"query-input\":{\"@type\":\"PropertyValueSpecification\",\"valueRequired\":true,\"valueName\":\"search_term_string\"}}],\"inLanguage\":\"pt-BR\"},{\"@type\":\"Organization\",\"@id\":\"https:\/\/rioonwatch.org.br\/#organization\",\"name\":\"RioOnWatch\",\"url\":\"https:\/\/rioonwatch.org.br\/\",\"logo\":{\"@type\":\"ImageObject\",\"inLanguage\":\"pt-BR\",\"@id\":\"https:\/\/rioonwatch.org.br\/#\/schema\/logo\/image\/\",\"url\":\"https:\/\/rioonwatch.org.br\/wp-content\/uploads\/2021\/06\/RioOnWatchcabecalhoPT11anos-2.png\",\"contentUrl\":\"https:\/\/rioonwatch.org.br\/wp-content\/uploads\/2021\/06\/RioOnWatchcabecalhoPT11anos-2.png\",\"width\":779,\"height\":277,\"caption\":\"RioOnWatch\"},\"image\":{\"@id\":\"https:\/\/rioonwatch.org.br\/#\/schema\/logo\/image\/\"}},{\"@type\":\"Person\",\"@id\":\"https:\/\/rioonwatch.org.br\/#\/schema\/person\/f443c6b55bb6e80842280318076491c5\",\"name\":\"Luisa Fenizola\",\"image\":{\"@type\":\"ImageObject\",\"inLanguage\":\"pt-BR\",\"@id\":\"https:\/\/rioonwatch.org.br\/#\/schema\/person\/image\/\",\"url\":\"https:\/\/secure.gravatar.com\/avatar\/a3d551110162b9f876cbbdaaecf75663?s=96&d=blank&r=g\",\"contentUrl\":\"https:\/\/secure.gravatar.com\/avatar\/a3d551110162b9f876cbbdaaecf75663?s=96&d=blank&r=g\",\"caption\":\"Luisa Fenizola\"},\"url\":\"https:\/\/rioonwatch.org.br\/?author=152\"}]}<\/script>\n<!-- \/ Yoast SEO plugin. -->","yoast_head_json":{"title":"A Baixada Fluminense e a Necropol\u00edtica de Wilson Witzel: Parte 1 - RioOnWatch","robots":{"index":"index","follow":"follow","max-snippet":"max-snippet:-1","max-image-preview":"max-image-preview:large","max-video-preview":"max-video-preview:-1"},"canonical":"https:\/\/rioonwatch.org.br\/?p=37883","og_locale":"pt_BR","og_type":"article","og_title":"A Baixada Fluminense e a Necropol\u00edtica de Wilson Witzel: Parte 1 - RioOnWatch","og_description":"Click Here for English Esta \u00e9 a primeira mat\u00e9ria, de uma\u00a0s\u00e9rie\u00a0de duas partes, que traz an\u00e1lises de representantes e moradores da Baixada Fluminense sobre as pol\u00edticas do governador eleito Wilson Witzel.\u00a0Confira a segunda\u00a0aqui. A vit\u00f3ria [...]","og_url":"https:\/\/rioonwatch.org.br\/?p=37883","og_site_name":"RioOnWatch","article_published_time":"2018-12-20T17:19:05+00:00","article_modified_time":"2024-05-24T15:37:08+00:00","og_image":[{"width":754,"height":503,"url":"https:\/\/rioonwatch.org.br\/wp-content\/uploads\/2018\/12\/witzel2.jpg","type":"image\/jpeg"}],"author":"Luisa Fenizola","twitter_card":"summary_large_image","twitter_misc":{"Escrito por":"Luisa Fenizola","Est. tempo de leitura":"9 minutos"},"schema":{"@context":"https:\/\/schema.org","@graph":[{"@type":"Article","@id":"https:\/\/rioonwatch.org.br\/?p=37883#article","isPartOf":{"@id":"https:\/\/rioonwatch.org.br\/?p=37883"},"author":{"name":"Luisa Fenizola","@id":"https:\/\/rioonwatch.org.br\/#\/schema\/person\/f443c6b55bb6e80842280318076491c5"},"headline":"A Baixada Fluminense e a Necropol\u00edtica de Wilson Witzel: Parte 1","datePublished":"2018-12-20T17:19:05+00:00","dateModified":"2024-05-24T15:37:08+00:00","mainEntityOfPage":{"@id":"https:\/\/rioonwatch.org.br\/?p=37883"},"wordCount":1729,"publisher":{"@id":"https:\/\/rioonwatch.org.br\/#organization"},"image":{"@id":"https:\/\/rioonwatch.org.br\/?p=37883#primaryimage"},"thumbnailUrl":"https:\/\/rioonwatch.org.br\/wp-content\/uploads\/2018\/12\/witzel2.jpg","keywords":["Antirracismo","Baixada Fluminense","criminaliza\u00e7\u00e3o da pobreza","Elei\u00e7\u00f5es","F\u00f3rum Grita Baixada","legisla\u00e7\u00e3o","necropol\u00edtica","Pol\u00edcia Militar","seguran\u00e7a p\u00fablica","teoria pol\u00edtica","UFRRJ","viol\u00eancia de Estado","Wilson Witzel"],"articleSection":["*Destaque","Escrito por Comunicadores Populares","Pol\u00edticas","Seguran\u00e7a P\u00fablica"],"inLanguage":"pt-BR"},{"@type":"WebPage","@id":"https:\/\/rioonwatch.org.br\/?p=37883","url":"https:\/\/rioonwatch.org.br\/?p=37883","name":"A Baixada Fluminense e a Necropol\u00edtica de Wilson Witzel: Parte 1 - RioOnWatch","isPartOf":{"@id":"https:\/\/rioonwatch.org.br\/#website"},"primaryImageOfPage":{"@id":"https:\/\/rioonwatch.org.br\/?p=37883#primaryimage"},"image":{"@id":"https:\/\/rioonwatch.org.br\/?p=37883#primaryimage"},"thumbnailUrl":"https:\/\/rioonwatch.org.br\/wp-content\/uploads\/2018\/12\/witzel2.jpg","datePublished":"2018-12-20T17:19:05+00:00","dateModified":"2024-05-24T15:37:08+00:00","breadcrumb":{"@id":"https:\/\/rioonwatch.org.br\/?p=37883#breadcrumb"},"inLanguage":"pt-BR","potentialAction":[{"@type":"ReadAction","target":["https:\/\/rioonwatch.org.br\/?p=37883"]}]},{"@type":"ImageObject","inLanguage":"pt-BR","@id":"https:\/\/rioonwatch.org.br\/?p=37883#primaryimage","url":"https:\/\/rioonwatch.org.br\/wp-content\/uploads\/2018\/12\/witzel2.jpg","contentUrl":"https:\/\/rioonwatch.org.br\/wp-content\/uploads\/2018\/12\/witzel2.jpg","width":754,"height":503},{"@type":"BreadcrumbList","@id":"https:\/\/rioonwatch.org.br\/?p=37883#breadcrumb","itemListElement":[{"@type":"ListItem","position":1,"name":"In\u00edcio","item":"https:\/\/rioonwatch.org.br\/"},{"@type":"ListItem","position":2,"name":"A Baixada Fluminense e a Necropol\u00edtica de Wilson Witzel: Parte 1"}]},{"@type":"WebSite","@id":"https:\/\/rioonwatch.org.br\/#website","url":"https:\/\/rioonwatch.org.br\/","name":"RioOnWatch","description":"relatos das favelas cariocas","publisher":{"@id":"https:\/\/rioonwatch.org.br\/#organization"},"potentialAction":[{"@type":"SearchAction","target":{"@type":"EntryPoint","urlTemplate":"https:\/\/rioonwatch.org.br\/?s={search_term_string}"},"query-input":{"@type":"PropertyValueSpecification","valueRequired":true,"valueName":"search_term_string"}}],"inLanguage":"pt-BR"},{"@type":"Organization","@id":"https:\/\/rioonwatch.org.br\/#organization","name":"RioOnWatch","url":"https:\/\/rioonwatch.org.br\/","logo":{"@type":"ImageObject","inLanguage":"pt-BR","@id":"https:\/\/rioonwatch.org.br\/#\/schema\/logo\/image\/","url":"https:\/\/rioonwatch.org.br\/wp-content\/uploads\/2021\/06\/RioOnWatchcabecalhoPT11anos-2.png","contentUrl":"https:\/\/rioonwatch.org.br\/wp-content\/uploads\/2021\/06\/RioOnWatchcabecalhoPT11anos-2.png","width":779,"height":277,"caption":"RioOnWatch"},"image":{"@id":"https:\/\/rioonwatch.org.br\/#\/schema\/logo\/image\/"}},{"@type":"Person","@id":"https:\/\/rioonwatch.org.br\/#\/schema\/person\/f443c6b55bb6e80842280318076491c5","name":"Luisa Fenizola","image":{"@type":"ImageObject","inLanguage":"pt-BR","@id":"https:\/\/rioonwatch.org.br\/#\/schema\/person\/image\/","url":"https:\/\/secure.gravatar.com\/avatar\/a3d551110162b9f876cbbdaaecf75663?s=96&d=blank&r=g","contentUrl":"https:\/\/secure.gravatar.com\/avatar\/a3d551110162b9f876cbbdaaecf75663?s=96&d=blank&r=g","caption":"Luisa Fenizola"},"url":"https:\/\/rioonwatch.org.br\/?author=152"}]}},"_links":{"self":[{"href":"https:\/\/rioonwatch.org.br\/index.php?rest_route=\/wp\/v2\/posts\/37883"}],"collection":[{"href":"https:\/\/rioonwatch.org.br\/index.php?rest_route=\/wp\/v2\/posts"}],"about":[{"href":"https:\/\/rioonwatch.org.br\/index.php?rest_route=\/wp\/v2\/types\/post"}],"author":[{"embeddable":true,"href":"https:\/\/rioonwatch.org.br\/index.php?rest_route=\/wp\/v2\/users\/152"}],"replies":[{"embeddable":true,"href":"https:\/\/rioonwatch.org.br\/index.php?rest_route=%2Fwp%2Fv2%2Fcomments&post=37883"}],"version-history":[{"count":26,"href":"https:\/\/rioonwatch.org.br\/index.php?rest_route=\/wp\/v2\/posts\/37883\/revisions"}],"predecessor-version":[{"id":38494,"href":"https:\/\/rioonwatch.org.br\/index.php?rest_route=\/wp\/v2\/posts\/37883\/revisions\/38494"}],"wp:featuredmedia":[{"embeddable":true,"href":"https:\/\/rioonwatch.org.br\/index.php?rest_route=\/wp\/v2\/media\/37895"}],"wp:attachment":[{"href":"https:\/\/rioonwatch.org.br\/index.php?rest_route=%2Fwp%2Fv2%2Fmedia&parent=37883"}],"wp:term":[{"taxonomy":"category","embeddable":true,"href":"https:\/\/rioonwatch.org.br\/index.php?rest_route=%2Fwp%2Fv2%2Fcategories&post=37883"},{"taxonomy":"post_tag","embeddable":true,"href":"https:\/\/rioonwatch.org.br\/index.php?rest_route=%2Fwp%2Fv2%2Ftags&post=37883"},{"taxonomy":"writer","embeddable":true,"href":"https:\/\/rioonwatch.org.br\/index.php?rest_route=%2Fwp%2Fv2%2Fwriter&post=37883"},{"taxonomy":"translator","embeddable":true,"href":"https:\/\/rioonwatch.org.br\/index.php?rest_route=%2Fwp%2Fv2%2Ftranslator&post=37883"},{"taxonomy":"source","embeddable":true,"href":"https:\/\/rioonwatch.org.br\/index.php?rest_route=%2Fwp%2Fv2%2Fsource&post=37883"},{"taxonomy":"ilustrador","embeddable":true,"href":"https:\/\/rioonwatch.org.br\/index.php?rest_route=%2Fwp%2Fv2%2Filustrador&post=37883"},{"taxonomy":"fotografo","embeddable":true,"href":"https:\/\/rioonwatch.org.br\/index.php?rest_route=%2Fwp%2Fv2%2Ffotografo&post=37883"}],"curies":[{"name":"wp","href":"https:\/\/api.w.org\/{rel}","templated":true}]}}