{"id":37984,"date":"2018-12-27T15:36:07","date_gmt":"2018-12-27T18:36:07","guid":{"rendered":"http:\/\/rioonwatch.org.br\/?p=37984"},"modified":"2024-05-24T12:37:08","modified_gmt":"2024-05-24T15:37:08","slug":"a-baixada-fluminense-e-a-necropolitica-de-wilson-witzel-parte-2","status":"publish","type":"post","link":"https:\/\/rioonwatch.org.br\/?p=37984","title":{"rendered":"A Baixada Fluminense e a Necropol\u00edtica de Wilson Witzel: Parte 2"},"content":{"rendered":"<p style=\"text-align: right;\"><a href=\"http:\/\/bit.ly\/2C2PPnt\" target=\"_blank\" rel=\"noopener noreferrer\"><em><strong>Click Here for English<img decoding=\"async\" width=\"20\" height=\"20\" class=\"alignright wp-image-15790\" src=\"http:\/\/rioonwatch.org.br\/wp-content\/uploads\/2012\/08\/EN-standard-e1439583104716.jpg\" \/><\/strong><\/em><\/a><\/p>\n<p><em>Esta \u00e9 a segunda mat\u00e9ria,\u00a0de uma\u00a0s\u00e9rie\u00a0de duas partes, que traz an\u00e1lises de representantes e moradores da Baixada Fluminense sobre as pol\u00edticas do governador eleito Wilson Witzel. Confira a primeira <a href=\"http:\/\/bit.ly\/2R86dfR\" target=\"_blank\" rel=\"noopener noreferrer\">aqui<\/a>.<\/em><\/p>\n<p style=\"font-weight: 400;\">Dando prosseguimento sobre como representantes da <a href=\"http:\/\/bit.ly\/NjmYR6\" target=\"_blank\" rel=\"noopener noreferrer\">Baixada Fluminense<\/a> e do munic\u00edpio do Rio de Janeiro analisam as pol\u00edticas de seguran\u00e7a p\u00fablica do governador eleito <a href=\"https:\/\/glo.bo\/2CwgP17\" target=\"_blank\" rel=\"noopener noreferrer\">Wilson Witzel<\/a>, sob a perspectiva da <a href=\"http:\/\/bit.ly\/2PS4dnw\" target=\"_blank\" rel=\"noopener noreferrer\">necropol\u00edtica<\/a>\u00a0do fil\u00f3sofo camaron\u00eas <a href=\"http:\/\/bit.ly\/2Qw5INm\" target=\"_blank\" rel=\"noopener noreferrer\">Aquile Mbembe<\/a>, iniciamos a segunda mat\u00e9ria da s\u00e9rie.<\/p>\n<h3>Necropol\u00edtica e Neocoloniza\u00e7\u00e3o<\/h3>\n<p style=\"font-weight: 400;\">Mbembe fala no ensaio\u00a0Necropol\u00edtica sobre a \u201cneocoloniza\u00e7\u00e3o\u201d. A compara\u00e7\u00e3o com o per\u00edodo colonial se d\u00e1 porque a pol\u00edtica atual envolve rela\u00e7\u00f5es de subalterniza\u00e7\u00e3o parecidas \u00e0s que os pa\u00edses colonizadores infligiram no passado sobre suas col\u00f4nias. Dito de outra forma e adaptando-se \u00e0 ideia de seguran\u00e7a p\u00fablica: as autoridades demarcam territ\u00f3rios considerados hostis, de acordo com decis\u00f5es pol\u00edticas que atestam que o combate \u00e0 viol\u00eancia sempre demanda mais uso da for\u00e7a. Afinal de contas, a necropol\u00edtica de Mbembe n\u00e3o trata somente dos mecanismos da morte propriamente dita, mas tamb\u00e9m a exposi\u00e7\u00e3o a risco de morte, \u00e0 <a href=\"http:\/\/bit.ly\/2buISj2\" target=\"_blank\" rel=\"noopener noreferrer\">marginaliza\u00e7\u00e3o sociopol\u00edtica<\/a> e dos contextos s\u00f3cio-pol\u00edticos em que <a href=\"http:\/\/bit.ly\/1HShVBX\" target=\"_blank\" rel=\"noopener noreferrer\">matar torna-se uma escolha poss\u00edvel<\/a> considerando o dom\u00ednio do Estado <a href=\"http:\/\/bit.ly\/2GwmWF7\" target=\"_blank\" rel=\"noopener noreferrer\">sobre os corpos pretos<\/a>, pobres e perif\u00e9ricos.<\/p>\n<p><a href=\"http:\/\/rioonwatch.org.br\/wp-content\/uploads\/2018\/12\/mbembe2.jpg\"><img fetchpriority=\"high\" decoding=\"async\" class=\"aligncenter wp-image-37994 size-content\" title=\"Achille Mbembe. Foto: http:\/\/www.futuroanterior.com.ar.\" src=\"http:\/\/rioonwatch.org.br\/wp-content\/uploads\/2018\/12\/mbembe2-620x264.jpg\" alt=\"\" width=\"620\" height=\"264\" \/><\/a><\/p>\n<p style=\"font-weight: 400;\">Como resultado, a ocupa\u00e7\u00e3o neocolonial do espa\u00e7o passa pela afirma\u00e7\u00e3o do controle f\u00edsico e geogr\u00e1fico sobre os corpos daquele territ\u00f3rio, demarca\u00e7\u00e3o de \u00e1reas de perigo, formando um novo conjunto \u201cde rela\u00e7\u00f5es sociais e espaciais\u201d. Esse novo conjunto de rela\u00e7\u00f5es produz fronteiras e hierarquias, zonas e enclaves; a classifica\u00e7\u00e3o das pessoas de acordo com diferentes categorias, segundo Mbembe. A pol\u00edtica beligerante de seguran\u00e7a p\u00fablica do governo Witzel tem potencial para impactar diretamente as favelas e periferias, por meio desse controle dos corpos, da demarca\u00e7\u00e3o do territ\u00f3rio como hostil, e da classifica\u00e7\u00e3o de seus moradores como perigosos.<\/p>\n<h3 class=\"title archive\">Seguran\u00e7a P\u00fablica e Direito \u00e0 Vida no Programa de Witzel<\/h3>\n<p style=\"font-weight: 400;\">Esse receio fica claro nos\u00a0<a href=\"http:\/\/bit.ly\/2rLfrjY\" target=\"_blank\" rel=\"noopener noreferrer\">5 pontos de diverg\u00eancia com o programa de governo de Witzel<\/a>\u00a0apresentados pela <a href=\"http:\/\/bit.ly\/2y8H6kA\" target=\"_blank\" rel=\"noopener noreferrer\">Casa Fluminense<\/a>, organiza\u00e7\u00e3o da sociedade civil que pensa pol\u00edticas p\u00fablicas para todo o <a href=\"http:\/\/bit.ly\/1IuqD7P\" target=\"_blank\" rel=\"noopener noreferrer\">Rio metropolitano<\/a>. No texto, a Casa compara propostas do programa de governo do Witzel com as propostas da <a href=\"http:\/\/bit.ly\/2KbLa9v\" target=\"_blank\" rel=\"noopener noreferrer\">Agenda Rio 2030<\/a>\u2014agenda constru\u00edda em colabora\u00e7\u00e3o com uma rede de pessoas e organiza\u00e7\u00f5es ampla da sociedade civil regional, dentre elas o <em><a href=\"http:\/\/bit.ly\/2uOOkXZ\" target=\"_blank\" rel=\"noopener noreferrer\">F\u00f3rum Grita Baixada<\/a><\/em>\u00a0e pactuadas com diversos candidatos, com o intuito de acompanhar, diagnosticar, propor, mobilizar e incidir sobre as pol\u00edticas p\u00fablicas na regi\u00e3o metropolitana inclusive na Baixada Fluminense.\u00a0No que diz respeito \u00e0s propostas para \u201cSeguran\u00e7a P\u00fablica e Direito \u00e0 Vida&#8221;, a Casa Fluminense enxerga com muita preocupa\u00e7\u00e3o a proposta do governador eleito em autorizar a execu\u00e7\u00e3o de criminosos, baseada nos chamados <a href=\"http:\/\/bit.ly\/2ErKjxw\" target=\"_blank\" rel=\"noopener noreferrer\">excludentes de ilicitude<\/a> do <a href=\"http:\/\/bit.ly\/2PPTWIw\" target=\"_blank\" rel=\"noopener noreferrer\">artigo 23 do C\u00f3digo Penal<\/a>, tamb\u00e9m conhecidos como \u201c<a href=\"http:\/\/bit.ly\/2FQho7y\" target=\"_blank\" rel=\"noopener noreferrer\">Lei do Abate<\/a>\u201d, j\u00e1 mencionados na <a href=\"http:\/\/bit.ly\/2R86dfR\" target=\"_blank\" rel=\"noopener noreferrer\">primeira mat\u00e9ria<\/a> desta s\u00e9rie.<\/p>\n<p><a href=\"http:\/\/rioonwatch.org.br\/wp-content\/uploads\/2018\/12\/marilza2-e1545172323120.jpg\"><img decoding=\"async\" class=\"aligncenter wp-image-37990 size-content\" title=\"Marilza Barbosa segura a Agenda 2030 e a uma cartilha de direitos humanos. Foto: Facebook.\" src=\"http:\/\/rioonwatch.org.br\/wp-content\/uploads\/2018\/12\/marilza2-e1545172323120-620x264.jpg\" alt=\"\" width=\"620\" height=\"264\" srcset=\"https:\/\/rioonwatch.org.br\/wp-content\/uploads\/2018\/12\/marilza2-e1545172323120-620x264.jpg 620w, https:\/\/rioonwatch.org.br\/wp-content\/uploads\/2018\/12\/marilza2-e1545172323120.jpg 765w\" sizes=\"(max-width: 620px) 100vw, 620px\" \/><\/a><\/p>\n<p style=\"font-weight: 400;\"><a href=\"http:\/\/bit.ly\/2rLfrjY\" target=\"_blank\" rel=\"noopener noreferrer\">Segundo a Casa Fluminense<\/a>, al\u00e9m de haver um intenso debate sobre a legalidade deste tipo de medida, acredita-se \u201cque a l\u00f3gica do confronto no enfrentamento do crime vai proporcionar ainda mais viol\u00eancia e mortes, que atingir\u00e1 tanto os moradores de favelas e periferias, quanto os pr\u00f3prios policiais. Se buscarmos no dicion\u00e1rio a defini\u00e7\u00e3o da palavra &#8216;abate&#8217;, encontraremos &#8220;a\u00e7\u00e3o de matar animais para o consumo humano ou processo de cria\u00e7\u00e3o desses animais para serem consumidos: boi para o abate&#8221;. N\u00e3o podemos naturalizar esse tipo de abordagem na seguran\u00e7a p\u00fablica, trazendo uma palavra utilizada para matar bois e frangos como solu\u00e7\u00e3o para a viol\u00eancia urbana. Isso nos desumaniza e nos leva para uma fronteira perigosa, na qual as v\u00edtimas preferenciais ser\u00e3o jovens negros, pobres e moradores da favela\u201d.<\/p>\n<h3><strong>Como as Mil\u00edcias se Inserem Nesse Cen\u00e1rio?<\/strong><\/h3>\n<p style=\"font-weight: 400;\">Al\u00e9m disso, embora demonstre entusiasmo em combater a criminalidade nas favelas, Witzel pouco comenta como seu governo vai enfrentar uma das principais fac\u00e7\u00f5es criminosas em andamento no Estado do Rio, principalmente na Baixada: <a href=\"http:\/\/bit.ly\/2HejQVK\" target=\"_blank\" rel=\"noopener noreferrer\">as mil\u00edcias<\/a>. Com um poderio econ\u00f4mico que conta com o apoio ou <a href=\"http:\/\/bit.ly\/2rUXL5w\" target=\"_blank\" rel=\"noopener noreferrer\">coniv\u00eancia de secret\u00e1rios e outros gestores p\u00fablicos<\/a> de diversos munic\u00edpios da Baixada, as mil\u00edcias empregam um outro tipo de dom\u00ednio territorial em comunidades pobres: pequenas pilhagens na forma de taxas de seguran\u00e7a ou atrav\u00e9s de neg\u00f3cios explorados de forma irregular.<\/p>\n<p style=\"font-weight: 400;\">\u00c9 sabido por muitos moradores da regi\u00e3o que o status de poder alcan\u00e7ado pelos grupos paramilitares que as formam foi constru\u00eddo a base de muitos assassinatos, uma territorializa\u00e7\u00e3o constru\u00edda com sangue. Entretanto, elas est\u00e3o longe de ser uma novidade. Uma gera\u00e7\u00e3o de parlamentares oriundos das for\u00e7as armadas e da pr\u00f3pria rede de seguran\u00e7a p\u00fablica, no poder h\u00e1 anos na <a href=\"http:\/\/bit.ly\/2C4sSSw\" target=\"_blank\" rel=\"noopener noreferrer\">ALERJ<\/a> e nas c\u00e2maras dos vereadores de v\u00e1rias cidades, foi incapaz de impedir a expans\u00e3o das mil\u00edcias ou de diminuir o n\u00famero de chacinas e desaparecimentos for\u00e7ados na regi\u00e3o.<\/p>\n<h3>A Perspectiva dos Moradores da Baixada Fluminense<\/h3>\n<p><a href=\"http:\/\/rioonwatch.org.br\/wp-content\/uploads\/2018\/12\/marta-batista-e1545170644280.jpg\"><img loading=\"lazy\" decoding=\"async\" class=\"aligncenter wp-image-37988 size-content\" title=\"Marta Batista. Foto: Facebook.\" src=\"http:\/\/rioonwatch.org.br\/wp-content\/uploads\/2018\/12\/marta-batista-e1545170644280-620x264.jpg\" alt=\"\" width=\"620\" height=\"264\" srcset=\"https:\/\/rioonwatch.org.br\/wp-content\/uploads\/2018\/12\/marta-batista-e1545170644280-620x264.jpg 620w, https:\/\/rioonwatch.org.br\/wp-content\/uploads\/2018\/12\/marta-batista-e1545170644280-617x264.jpg 617w, https:\/\/rioonwatch.org.br\/wp-content\/uploads\/2018\/12\/marta-batista-e1545170644280.jpg 638w\" sizes=\"(max-width: 620px) 100vw, 620px\" \/><\/a><\/p>\n<p style=\"font-weight: 400;\">Marta Batista, moradora de <a href=\"http:\/\/bit.ly\/2EEBjoV\" target=\"_blank\" rel=\"noopener noreferrer\">Belford Roxo<\/a>, relata um cotidiano de mortes. Segundo ela, basta chegar a sua localidade para ter o risco de receber a not\u00edcia de que mais um jovem foi assassinado por matadores da \u00e1rea. \u201cNa Baixada as chacinas s\u00e3o frequentes, lugares dominados por grupos de exterm\u00ednio, onde as mil\u00edcias v\u00eam ganhando for\u00e7a total. Essa l\u00f3gica de &#8216;limpar o bairro&#8217; infelizmente \u00e9 velha conhecida de quem mora aqui e o discurso do Witzel faz com que os &#8216;donos&#8217; de bairro se sintam empoderados\u201d, diz Marta.<\/p>\n<p style=\"font-weight: 400;\">Para ela, a pol\u00edtica de seguran\u00e7a p\u00fablica determinada pelo novo governador n\u00e3o demonstra preocupa\u00e7\u00e3o com a possibilidade de mais letalidades serem registradas em \u00e1reas perif\u00e9ricas em fun\u00e7\u00e3o de conflitos armados. \u201cIsso indica que vamos continuar numa seguran\u00e7a p\u00fablica que gasta muita bala e n\u00e3o usa a intelig\u00eancia, que gera mortes e traumas e n\u00e3o resolve o problema da viol\u00eancia. Witzel ganhou por ser o candidato do Bolsonaro, e Bolsonaro teve e ainda tem muitos seguidores pela Baixada. O <a href=\"http:\/\/bit.ly\/2Q5gvsR\" target=\"_blank\" rel=\"noopener noreferrer\">discurso f\u00e1cil e raso<\/a> para solucionar os problemas conquistou muitos adeptos que ainda n\u00e3o entenderam que as armas estar\u00e3o apontadas para as periferias e favelas\u201d, diz Marta.<\/p>\n<p><a href=\"http:\/\/rioonwatch.org.br\/wp-content\/uploads\/2018\/12\/N\u00edvea.png\"><img loading=\"lazy\" decoding=\"async\" class=\"aligncenter wp-image-37986 size-content\" title=\"N\u00edvea Raposo\" src=\"http:\/\/rioonwatch.org.br\/wp-content\/uploads\/2018\/12\/N\u00edvea-620x264.png\" alt=\"\" width=\"620\" height=\"264\" srcset=\"https:\/\/rioonwatch.org.br\/wp-content\/uploads\/2018\/12\/N\u00edvea-620x264.png 620w, https:\/\/rioonwatch.org.br\/wp-content\/uploads\/2018\/12\/N\u00edvea-940x400.png 940w\" sizes=\"(max-width: 620px) 100vw, 620px\" \/><\/a><\/p>\n<p style=\"font-weight: 400;\">Quem tamb\u00e9m manifesta bastante receio sobre essa pol\u00edtica da bala \u00e9 a ativista e historiadora Nivea Raposo, integrante da\u00a0<a href=\"http:\/\/bit.ly\/2KutsxD\" target=\"_blank\" rel=\"noopener noreferrer\">Rede de M\u00e3es e Familiares V\u00edtimas da Viol\u00eancia de Estado da Baixada Fluminense<\/a>. Ela teve o filho assassinado por milicianos. O relato de seu luto transformado em luta foi parar nas telas de proje\u00e7\u00e3o gra\u00e7as ao document\u00e1rio <em><a href=\"http:\/\/bit.ly\/2qehpZP\" target=\"_blank\" rel=\"noopener noreferrer\">Nossos Mortos T\u00eam Voz<\/a><\/em>, produzido pela <a href=\"http:\/\/bit.ly\/2H6Hhhk\" target=\"_blank\" rel=\"noopener noreferrer\">Quiproc\u00f3 Filmes<\/a> e apresentado pelo F\u00f3rum Grita Baixada e Centro de Direitos Humanos da Diocese de Nova Igua\u00e7u.<\/p>\n<p style=\"font-weight: 400;\">Al\u00e9m de salientar que a pol\u00edtica de seguran\u00e7a p\u00fablica de Witzel est\u00e1 ancorada no <a href=\"http:\/\/bit.ly\/2buISj2\" target=\"_blank\" rel=\"noopener noreferrer\">racismo institucional camuflado<\/a> de combate \u00e0s drogas, ela afirma que \u00e9 necess\u00e1rio perceber que esse fen\u00f4meno ocorre em <a href=\"http:\/\/bit.ly\/2kaR5hA\" target=\"_blank\" rel=\"noopener noreferrer\">espa\u00e7os que j\u00e1 s\u00e3o criminalizados<\/a> por parte da sociedade. \u201cDessa maneira, essa parte da sociedade cobra do governo uma pol\u00edtica mais repressora. Acredito que se houvesse um investimento na educa\u00e7\u00e3o pol\u00edtica popular, poder\u00edamos come\u00e7ar a sonhar com uma democracia em todos os sentidos\u201d, diz N\u00edvea.<\/p>\n<p style=\"font-weight: 400;\">Marilza Barbosa, representante da <a href=\"http:\/\/bit.ly\/2w01vCH\" target=\"_blank\" rel=\"noopener noreferrer\">Frente Estadual pelo Desencarceramento<\/a>, acredita que Witzel vai legitimar uma pr\u00e1tica que \u00e9 feita desde sempre, principalmente na Baixada Fluminense: o exterm\u00ednio de jovens negros, pobres e favelados. \u201cA elei\u00e7\u00e3o de Witzel e Bolsonaro \u00e9 o resultado sobre como essa sociedade \u00e9, e como ela enxerga a popula\u00e7\u00e3o negra, pobre e perif\u00e9rica. Esse exterm\u00ednio tamb\u00e9m vai se refletir nos pres\u00eddios, pois vai contribuir para o <a href=\"http:\/\/bit.ly\/2EMlJrg\" target=\"_blank\" rel=\"noopener noreferrer\">super encarceramento<\/a> dentro de um espa\u00e7o que \u00e9 uma m\u00e1quina de moer gente, j\u00e1 que produz um grande n\u00famero de mortos, tanto no sistema penitenci\u00e1rio como nas unidades de medidas socioeducativas. Isso sem falar da Justi\u00e7a que tamb\u00e9m \u00e9 omissa\u201d, finaliza ela.<\/p>\n<p><a href=\"http:\/\/rioonwatch.org.br\/wp-content\/uploads\/2018\/12\/marilza3-e1545172347471.jpg\"><img loading=\"lazy\" decoding=\"async\" class=\"aligncenter wp-image-37989 size-content\" src=\"http:\/\/rioonwatch.org.br\/wp-content\/uploads\/2018\/12\/marilza3-e1545172347471-620x264.jpg\" alt=\"\" width=\"620\" height=\"264\" srcset=\"https:\/\/rioonwatch.org.br\/wp-content\/uploads\/2018\/12\/marilza3-e1545172347471-620x264.jpg 620w, https:\/\/rioonwatch.org.br\/wp-content\/uploads\/2018\/12\/marilza3-e1545172347471.jpg 720w\" sizes=\"(max-width: 620px) 100vw, 620px\" \/><\/a><\/p>\n<p><em>Mat\u00e9ria escrita por Fabio Leon\u00a0e produzida por parceria entre RioOnWatch e o\u00a0<a href=\"http:\/\/bit.ly\/2uOOkXZ\" target=\"_blank\" rel=\"noopener noreferrer\">F\u00f3rum Grita Baixada<\/a>. Fabio \u00e9 jornalista e ativista dos direitos humanos e assessor de comunica\u00e7\u00e3o no F\u00f3rum Grita Baixada. O F\u00f3rum Grita Baixada \u00e9 um f\u00f3rum de pessoas e institui\u00e7\u00f5es articuladas em torno da Baixada Fluminense, tendo como foco o desenvolvimento de estrat\u00e9gias, o fomento de articula\u00e7\u00f5es e a incid\u00eancia pol\u00edtica no campo da seguran\u00e7a p\u00fablica, entendida como elemento para a cidadania e efetiva\u00e7\u00e3o do direito \u00e0 cidade.\u00a0Siga o F\u00f3rum Grita Baixada\u00a0pelo\u00a0<a href=\"http:\/\/bit.ly\/2vwxO06\" target=\"_blank\" rel=\"noopener noreferrer\">Facebook aqui<\/a>.<\/em><\/p>\n<!-- AddThis Advanced Settings generic via filter on the_content --><!-- AddThis Share Buttons generic via filter on the_content -->","protected":false},"excerpt":{"rendered":"<div class=\"mh-excerpt\"><p>Click Here for English Esta \u00e9 a segunda mat\u00e9ria,\u00a0de uma\u00a0s\u00e9rie\u00a0de duas partes, que traz an\u00e1lises de representantes e moradores da Baixada Fluminense sobre as pol\u00edticas do governador eleito Wilson Witzel. Confira a primeira aqui. Dando <a class=\"mh-excerpt-more\" href=\"https:\/\/rioonwatch.org.br\/?p=37984\" title=\"A Baixada Fluminense e a Necropol\u00edtica de Wilson Witzel: Parte 2\">[&#8230;]<\/a><!-- AddThis Advanced Settings generic via filter on get_the_excerpt --><!-- AddThis Share Buttons generic via filter on get_the_excerpt --><\/p>\n<\/div>","protected":false},"author":152,"featured_media":37992,"comment_status":"closed","ping_status":"closed","sticky":false,"template":"","format":"standard","meta":{"_acf_changed":false,"_monsterinsights_skip_tracking":false,"_monsterinsights_sitenote_active":false,"_monsterinsights_sitenote_note":"","_monsterinsights_sitenote_category":0,"footnotes":""},"categories":[2089,1632,1625,1630,1620],"tags":[1852,3253,1259,959,1579,1597,787,1239,457,2179,638,1372,2253,1227,482,2561,774,838,1721,672,2474,920,2560],"writer":[2177],"translator":[],"source":[],"ilustrador":[],"fotografo":[],"class_list":{"0":"post-37984","1":"post","2":"type-post","3":"status-publish","4":"format-standard","5":"has-post-thumbnail","7":"category-monitoramento","8":"category-pesquisa-e-analise","9":"category-por-correspondentes-comunitarios","10":"category-opiniao","11":"category-olhonaupp","12":"tag-alerj","13":"tag-antirracismo","14":"tag-assassinato","15":"tag-baixada-fluminense","16":"tag-belford-roxo","17":"tag-casa-fluminense","18":"tag-chacina","19":"tag-criminalizacao-da-pobreza","20":"tag-eleicoes","21":"tag-forum-grita-baixada","22":"tag-governo-do-estado","23":"tag-grande-rio","24":"tag-guerra-as-drogas","25":"tag-legislacao","26":"tag-milicia","27":"tag-necropolitica","28":"tag-policia-militar","29":"tag-politica-publica","30":"tag-prisoes","31":"tag-seguranca-publica","32":"tag-ufrrj","33":"tag-violencia-de-estado","34":"tag-wilson-witzel","35":"writer-fabio-leon"},"acf":[],"yoast_head":"<!-- This site is optimized with the Yoast SEO plugin v25.6 - https:\/\/yoast.com\/wordpress\/plugins\/seo\/ -->\n<title>A Baixada Fluminense e a Necropol\u00edtica de Wilson Witzel: Parte 2 - RioOnWatch<\/title>\n<meta name=\"robots\" content=\"index, follow, max-snippet:-1, max-image-preview:large, max-video-preview:-1\" \/>\n<link rel=\"canonical\" href=\"https:\/\/rioonwatch.org.br\/?p=37984\" \/>\n<meta property=\"og:locale\" content=\"pt_BR\" \/>\n<meta property=\"og:type\" content=\"article\" \/>\n<meta property=\"og:title\" content=\"A Baixada Fluminense e a Necropol\u00edtica de Wilson Witzel: Parte 2 - RioOnWatch\" \/>\n<meta property=\"og:description\" content=\"Click Here for English Esta \u00e9 a segunda mat\u00e9ria,\u00a0de uma\u00a0s\u00e9rie\u00a0de duas partes, que traz an\u00e1lises de representantes e moradores da Baixada Fluminense sobre as pol\u00edticas do governador eleito Wilson Witzel. Confira a primeira aqui. Dando [...]\" \/>\n<meta property=\"og:url\" content=\"https:\/\/rioonwatch.org.br\/?p=37984\" \/>\n<meta property=\"og:site_name\" content=\"RioOnWatch\" \/>\n<meta property=\"article:published_time\" content=\"2018-12-27T18:36:07+00:00\" \/>\n<meta property=\"article:modified_time\" content=\"2024-05-24T15:37:08+00:00\" \/>\n<meta property=\"og:image\" content=\"https:\/\/rioonwatch.org.br\/wp-content\/uploads\/2018\/12\/witzel3.jpg\" \/>\n\t<meta property=\"og:image:width\" content=\"1086\" \/>\n\t<meta property=\"og:image:height\" content=\"652\" \/>\n\t<meta property=\"og:image:type\" content=\"image\/jpeg\" \/>\n<meta name=\"author\" content=\"Luisa Fenizola\" \/>\n<meta name=\"twitter:card\" content=\"summary_large_image\" \/>\n<meta name=\"twitter:label1\" content=\"Escrito por\" \/>\n\t<meta name=\"twitter:data1\" content=\"Luisa Fenizola\" \/>\n\t<meta name=\"twitter:label2\" content=\"Est. tempo de leitura\" \/>\n\t<meta name=\"twitter:data2\" content=\"8 minutos\" \/>\n<script type=\"application\/ld+json\" class=\"yoast-schema-graph\">{\"@context\":\"https:\/\/schema.org\",\"@graph\":[{\"@type\":\"Article\",\"@id\":\"https:\/\/rioonwatch.org.br\/?p=37984#article\",\"isPartOf\":{\"@id\":\"https:\/\/rioonwatch.org.br\/?p=37984\"},\"author\":{\"name\":\"Luisa Fenizola\",\"@id\":\"https:\/\/rioonwatch.org.br\/#\/schema\/person\/f443c6b55bb6e80842280318076491c5\"},\"headline\":\"A Baixada Fluminense e a Necropol\u00edtica de Wilson Witzel: Parte 2\",\"datePublished\":\"2018-12-27T18:36:07+00:00\",\"dateModified\":\"2024-05-24T15:37:08+00:00\",\"mainEntityOfPage\":{\"@id\":\"https:\/\/rioonwatch.org.br\/?p=37984\"},\"wordCount\":1520,\"publisher\":{\"@id\":\"https:\/\/rioonwatch.org.br\/#organization\"},\"image\":{\"@id\":\"https:\/\/rioonwatch.org.br\/?p=37984#primaryimage\"},\"thumbnailUrl\":\"https:\/\/rioonwatch.org.br\/wp-content\/uploads\/2018\/12\/witzel3.jpg\",\"keywords\":[\"Alerj\",\"Antirracismo\",\"assassinato\",\"Baixada Fluminense\",\"Belford Roxo\",\"Casa Fluminense\",\"chacina\",\"criminaliza\u00e7\u00e3o da pobreza\",\"Elei\u00e7\u00f5es\",\"F\u00f3rum Grita Baixada\",\"Governo do Estado\",\"Grande Rio\",\"guerra \u00e0s drogas\",\"legisla\u00e7\u00e3o\",\"Mil\u00edcia\",\"necropol\u00edtica\",\"Pol\u00edcia Militar\",\"pol\u00edtica p\u00fablica\",\"pris\u00f5es\",\"seguran\u00e7a p\u00fablica\",\"UFRRJ\",\"viol\u00eancia de Estado\",\"Wilson Witzel\"],\"articleSection\":[\"#Monitoramento\",\"Dados e Pesquisa\",\"Escrito por Comunicadores Populares\",\"Opini\u00e3o\",\"Seguran\u00e7a P\u00fablica\"],\"inLanguage\":\"pt-BR\"},{\"@type\":\"WebPage\",\"@id\":\"https:\/\/rioonwatch.org.br\/?p=37984\",\"url\":\"https:\/\/rioonwatch.org.br\/?p=37984\",\"name\":\"A Baixada Fluminense e a Necropol\u00edtica de Wilson Witzel: Parte 2 - RioOnWatch\",\"isPartOf\":{\"@id\":\"https:\/\/rioonwatch.org.br\/#website\"},\"primaryImageOfPage\":{\"@id\":\"https:\/\/rioonwatch.org.br\/?p=37984#primaryimage\"},\"image\":{\"@id\":\"https:\/\/rioonwatch.org.br\/?p=37984#primaryimage\"},\"thumbnailUrl\":\"https:\/\/rioonwatch.org.br\/wp-content\/uploads\/2018\/12\/witzel3.jpg\",\"datePublished\":\"2018-12-27T18:36:07+00:00\",\"dateModified\":\"2024-05-24T15:37:08+00:00\",\"breadcrumb\":{\"@id\":\"https:\/\/rioonwatch.org.br\/?p=37984#breadcrumb\"},\"inLanguage\":\"pt-BR\",\"potentialAction\":[{\"@type\":\"ReadAction\",\"target\":[\"https:\/\/rioonwatch.org.br\/?p=37984\"]}]},{\"@type\":\"ImageObject\",\"inLanguage\":\"pt-BR\",\"@id\":\"https:\/\/rioonwatch.org.br\/?p=37984#primaryimage\",\"url\":\"https:\/\/rioonwatch.org.br\/wp-content\/uploads\/2018\/12\/witzel3.jpg\",\"contentUrl\":\"https:\/\/rioonwatch.org.br\/wp-content\/uploads\/2018\/12\/witzel3.jpg\",\"width\":1086,\"height\":652},{\"@type\":\"BreadcrumbList\",\"@id\":\"https:\/\/rioonwatch.org.br\/?p=37984#breadcrumb\",\"itemListElement\":[{\"@type\":\"ListItem\",\"position\":1,\"name\":\"In\u00edcio\",\"item\":\"https:\/\/rioonwatch.org.br\/\"},{\"@type\":\"ListItem\",\"position\":2,\"name\":\"A Baixada Fluminense e a Necropol\u00edtica de Wilson Witzel: Parte 2\"}]},{\"@type\":\"WebSite\",\"@id\":\"https:\/\/rioonwatch.org.br\/#website\",\"url\":\"https:\/\/rioonwatch.org.br\/\",\"name\":\"RioOnWatch\",\"description\":\"relatos das favelas cariocas\",\"publisher\":{\"@id\":\"https:\/\/rioonwatch.org.br\/#organization\"},\"potentialAction\":[{\"@type\":\"SearchAction\",\"target\":{\"@type\":\"EntryPoint\",\"urlTemplate\":\"https:\/\/rioonwatch.org.br\/?s={search_term_string}\"},\"query-input\":{\"@type\":\"PropertyValueSpecification\",\"valueRequired\":true,\"valueName\":\"search_term_string\"}}],\"inLanguage\":\"pt-BR\"},{\"@type\":\"Organization\",\"@id\":\"https:\/\/rioonwatch.org.br\/#organization\",\"name\":\"RioOnWatch\",\"url\":\"https:\/\/rioonwatch.org.br\/\",\"logo\":{\"@type\":\"ImageObject\",\"inLanguage\":\"pt-BR\",\"@id\":\"https:\/\/rioonwatch.org.br\/#\/schema\/logo\/image\/\",\"url\":\"https:\/\/rioonwatch.org.br\/wp-content\/uploads\/2021\/06\/RioOnWatchcabecalhoPT11anos-2.png\",\"contentUrl\":\"https:\/\/rioonwatch.org.br\/wp-content\/uploads\/2021\/06\/RioOnWatchcabecalhoPT11anos-2.png\",\"width\":779,\"height\":277,\"caption\":\"RioOnWatch\"},\"image\":{\"@id\":\"https:\/\/rioonwatch.org.br\/#\/schema\/logo\/image\/\"}},{\"@type\":\"Person\",\"@id\":\"https:\/\/rioonwatch.org.br\/#\/schema\/person\/f443c6b55bb6e80842280318076491c5\",\"name\":\"Luisa Fenizola\",\"image\":{\"@type\":\"ImageObject\",\"inLanguage\":\"pt-BR\",\"@id\":\"https:\/\/rioonwatch.org.br\/#\/schema\/person\/image\/\",\"url\":\"https:\/\/secure.gravatar.com\/avatar\/a3d551110162b9f876cbbdaaecf75663?s=96&d=blank&r=g\",\"contentUrl\":\"https:\/\/secure.gravatar.com\/avatar\/a3d551110162b9f876cbbdaaecf75663?s=96&d=blank&r=g\",\"caption\":\"Luisa Fenizola\"},\"url\":\"https:\/\/rioonwatch.org.br\/?author=152\"}]}<\/script>\n<!-- \/ Yoast SEO plugin. -->","yoast_head_json":{"title":"A Baixada Fluminense e a Necropol\u00edtica de Wilson Witzel: Parte 2 - RioOnWatch","robots":{"index":"index","follow":"follow","max-snippet":"max-snippet:-1","max-image-preview":"max-image-preview:large","max-video-preview":"max-video-preview:-1"},"canonical":"https:\/\/rioonwatch.org.br\/?p=37984","og_locale":"pt_BR","og_type":"article","og_title":"A Baixada Fluminense e a Necropol\u00edtica de Wilson Witzel: Parte 2 - RioOnWatch","og_description":"Click Here for English Esta \u00e9 a segunda mat\u00e9ria,\u00a0de uma\u00a0s\u00e9rie\u00a0de duas partes, que traz an\u00e1lises de representantes e moradores da Baixada Fluminense sobre as pol\u00edticas do governador eleito Wilson Witzel. Confira a primeira aqui. Dando [...]","og_url":"https:\/\/rioonwatch.org.br\/?p=37984","og_site_name":"RioOnWatch","article_published_time":"2018-12-27T18:36:07+00:00","article_modified_time":"2024-05-24T15:37:08+00:00","og_image":[{"width":1086,"height":652,"url":"https:\/\/rioonwatch.org.br\/wp-content\/uploads\/2018\/12\/witzel3.jpg","type":"image\/jpeg"}],"author":"Luisa Fenizola","twitter_card":"summary_large_image","twitter_misc":{"Escrito por":"Luisa Fenizola","Est. tempo de leitura":"8 minutos"},"schema":{"@context":"https:\/\/schema.org","@graph":[{"@type":"Article","@id":"https:\/\/rioonwatch.org.br\/?p=37984#article","isPartOf":{"@id":"https:\/\/rioonwatch.org.br\/?p=37984"},"author":{"name":"Luisa Fenizola","@id":"https:\/\/rioonwatch.org.br\/#\/schema\/person\/f443c6b55bb6e80842280318076491c5"},"headline":"A Baixada Fluminense e a Necropol\u00edtica de Wilson Witzel: Parte 2","datePublished":"2018-12-27T18:36:07+00:00","dateModified":"2024-05-24T15:37:08+00:00","mainEntityOfPage":{"@id":"https:\/\/rioonwatch.org.br\/?p=37984"},"wordCount":1520,"publisher":{"@id":"https:\/\/rioonwatch.org.br\/#organization"},"image":{"@id":"https:\/\/rioonwatch.org.br\/?p=37984#primaryimage"},"thumbnailUrl":"https:\/\/rioonwatch.org.br\/wp-content\/uploads\/2018\/12\/witzel3.jpg","keywords":["Alerj","Antirracismo","assassinato","Baixada Fluminense","Belford Roxo","Casa Fluminense","chacina","criminaliza\u00e7\u00e3o da pobreza","Elei\u00e7\u00f5es","F\u00f3rum Grita Baixada","Governo do Estado","Grande Rio","guerra \u00e0s drogas","legisla\u00e7\u00e3o","Mil\u00edcia","necropol\u00edtica","Pol\u00edcia Militar","pol\u00edtica p\u00fablica","pris\u00f5es","seguran\u00e7a p\u00fablica","UFRRJ","viol\u00eancia de Estado","Wilson Witzel"],"articleSection":["#Monitoramento","Dados e Pesquisa","Escrito por Comunicadores Populares","Opini\u00e3o","Seguran\u00e7a P\u00fablica"],"inLanguage":"pt-BR"},{"@type":"WebPage","@id":"https:\/\/rioonwatch.org.br\/?p=37984","url":"https:\/\/rioonwatch.org.br\/?p=37984","name":"A Baixada Fluminense e a Necropol\u00edtica de Wilson Witzel: Parte 2 - RioOnWatch","isPartOf":{"@id":"https:\/\/rioonwatch.org.br\/#website"},"primaryImageOfPage":{"@id":"https:\/\/rioonwatch.org.br\/?p=37984#primaryimage"},"image":{"@id":"https:\/\/rioonwatch.org.br\/?p=37984#primaryimage"},"thumbnailUrl":"https:\/\/rioonwatch.org.br\/wp-content\/uploads\/2018\/12\/witzel3.jpg","datePublished":"2018-12-27T18:36:07+00:00","dateModified":"2024-05-24T15:37:08+00:00","breadcrumb":{"@id":"https:\/\/rioonwatch.org.br\/?p=37984#breadcrumb"},"inLanguage":"pt-BR","potentialAction":[{"@type":"ReadAction","target":["https:\/\/rioonwatch.org.br\/?p=37984"]}]},{"@type":"ImageObject","inLanguage":"pt-BR","@id":"https:\/\/rioonwatch.org.br\/?p=37984#primaryimage","url":"https:\/\/rioonwatch.org.br\/wp-content\/uploads\/2018\/12\/witzel3.jpg","contentUrl":"https:\/\/rioonwatch.org.br\/wp-content\/uploads\/2018\/12\/witzel3.jpg","width":1086,"height":652},{"@type":"BreadcrumbList","@id":"https:\/\/rioonwatch.org.br\/?p=37984#breadcrumb","itemListElement":[{"@type":"ListItem","position":1,"name":"In\u00edcio","item":"https:\/\/rioonwatch.org.br\/"},{"@type":"ListItem","position":2,"name":"A Baixada Fluminense e a Necropol\u00edtica de Wilson Witzel: Parte 2"}]},{"@type":"WebSite","@id":"https:\/\/rioonwatch.org.br\/#website","url":"https:\/\/rioonwatch.org.br\/","name":"RioOnWatch","description":"relatos das favelas cariocas","publisher":{"@id":"https:\/\/rioonwatch.org.br\/#organization"},"potentialAction":[{"@type":"SearchAction","target":{"@type":"EntryPoint","urlTemplate":"https:\/\/rioonwatch.org.br\/?s={search_term_string}"},"query-input":{"@type":"PropertyValueSpecification","valueRequired":true,"valueName":"search_term_string"}}],"inLanguage":"pt-BR"},{"@type":"Organization","@id":"https:\/\/rioonwatch.org.br\/#organization","name":"RioOnWatch","url":"https:\/\/rioonwatch.org.br\/","logo":{"@type":"ImageObject","inLanguage":"pt-BR","@id":"https:\/\/rioonwatch.org.br\/#\/schema\/logo\/image\/","url":"https:\/\/rioonwatch.org.br\/wp-content\/uploads\/2021\/06\/RioOnWatchcabecalhoPT11anos-2.png","contentUrl":"https:\/\/rioonwatch.org.br\/wp-content\/uploads\/2021\/06\/RioOnWatchcabecalhoPT11anos-2.png","width":779,"height":277,"caption":"RioOnWatch"},"image":{"@id":"https:\/\/rioonwatch.org.br\/#\/schema\/logo\/image\/"}},{"@type":"Person","@id":"https:\/\/rioonwatch.org.br\/#\/schema\/person\/f443c6b55bb6e80842280318076491c5","name":"Luisa Fenizola","image":{"@type":"ImageObject","inLanguage":"pt-BR","@id":"https:\/\/rioonwatch.org.br\/#\/schema\/person\/image\/","url":"https:\/\/secure.gravatar.com\/avatar\/a3d551110162b9f876cbbdaaecf75663?s=96&d=blank&r=g","contentUrl":"https:\/\/secure.gravatar.com\/avatar\/a3d551110162b9f876cbbdaaecf75663?s=96&d=blank&r=g","caption":"Luisa Fenizola"},"url":"https:\/\/rioonwatch.org.br\/?author=152"}]}},"_links":{"self":[{"href":"https:\/\/rioonwatch.org.br\/index.php?rest_route=\/wp\/v2\/posts\/37984"}],"collection":[{"href":"https:\/\/rioonwatch.org.br\/index.php?rest_route=\/wp\/v2\/posts"}],"about":[{"href":"https:\/\/rioonwatch.org.br\/index.php?rest_route=\/wp\/v2\/types\/post"}],"author":[{"embeddable":true,"href":"https:\/\/rioonwatch.org.br\/index.php?rest_route=\/wp\/v2\/users\/152"}],"replies":[{"embeddable":true,"href":"https:\/\/rioonwatch.org.br\/index.php?rest_route=%2Fwp%2Fv2%2Fcomments&post=37984"}],"version-history":[{"count":18,"href":"https:\/\/rioonwatch.org.br\/index.php?rest_route=\/wp\/v2\/posts\/37984\/revisions"}],"predecessor-version":[{"id":42212,"href":"https:\/\/rioonwatch.org.br\/index.php?rest_route=\/wp\/v2\/posts\/37984\/revisions\/42212"}],"wp:featuredmedia":[{"embeddable":true,"href":"https:\/\/rioonwatch.org.br\/index.php?rest_route=\/wp\/v2\/media\/37992"}],"wp:attachment":[{"href":"https:\/\/rioonwatch.org.br\/index.php?rest_route=%2Fwp%2Fv2%2Fmedia&parent=37984"}],"wp:term":[{"taxonomy":"category","embeddable":true,"href":"https:\/\/rioonwatch.org.br\/index.php?rest_route=%2Fwp%2Fv2%2Fcategories&post=37984"},{"taxonomy":"post_tag","embeddable":true,"href":"https:\/\/rioonwatch.org.br\/index.php?rest_route=%2Fwp%2Fv2%2Ftags&post=37984"},{"taxonomy":"writer","embeddable":true,"href":"https:\/\/rioonwatch.org.br\/index.php?rest_route=%2Fwp%2Fv2%2Fwriter&post=37984"},{"taxonomy":"translator","embeddable":true,"href":"https:\/\/rioonwatch.org.br\/index.php?rest_route=%2Fwp%2Fv2%2Ftranslator&post=37984"},{"taxonomy":"source","embeddable":true,"href":"https:\/\/rioonwatch.org.br\/index.php?rest_route=%2Fwp%2Fv2%2Fsource&post=37984"},{"taxonomy":"ilustrador","embeddable":true,"href":"https:\/\/rioonwatch.org.br\/index.php?rest_route=%2Fwp%2Fv2%2Filustrador&post=37984"},{"taxonomy":"fotografo","embeddable":true,"href":"https:\/\/rioonwatch.org.br\/index.php?rest_route=%2Fwp%2Fv2%2Ffotografo&post=37984"}],"curies":[{"name":"wp","href":"https:\/\/api.w.org\/{rel}","templated":true}]}}