{"id":38029,"date":"2019-02-05T10:38:57","date_gmt":"2019-02-05T13:38:57","guid":{"rendered":"http:\/\/rioonwatch.org.br\/?p=38029"},"modified":"2019-02-05T10:38:57","modified_gmt":"2019-02-05T13:38:57","slug":"brasileiros-estudam-a-cartilha-anti-trump-para-lutar-contra-bolsonaro","status":"publish","type":"post","link":"https:\/\/rioonwatch.org.br\/?p=38029","title":{"rendered":"Brasileiros Estudam a Cartilha Anti-Trump para Lutar Contra Bolsonaro"},"content":{"rendered":"<p style=\"text-align: right;\"><em><strong><a href=\"http:\/\/bit.ly\/2PV41UA\" target=\"_blank\" rel=\"noopener noreferrer\">Click Here for English<\/a><a href=\"http:\/\/bit.ly\/2PV41UA\" target=\"_blank\" rel=\"noopener noreferrer\"><img decoding=\"async\" width=\"20\" height=\"20\" class=\"alignright wp-image-15790\" src=\"http:\/\/rioonwatch.org.br\/wp-content\/uploads\/2012\/08\/EN-standard-e1439583104716.jpg\" \/><\/a><\/strong><\/em><\/p>\n<p><em>Leia a mat\u00e9ria original por <a href=\"http:\/\/bit.ly\/2V6vUwy\" target=\"_blank\" rel=\"noopener\">Oliver Stuenkel<\/a>\u00a0em ingl\u00eas na Americas Quarterly\u00a0<a href=\"http:\/\/bit.ly\/2PV41UA\" target=\"_blank\" rel=\"noopener\">aqui<\/a>.\u00a0O RioOnWatch traduz mat\u00e9rias do ingl\u00eas para que brasileiros possam ter acesso e acompanhar temas ou an\u00e1lises cobertos fora do pa\u00eds que nem sempre s\u00e3o cobertos no Brasil.<\/em><\/p>\n<h4><span style=\"font-weight: 400;\">Temendo a eros\u00e3o democr\u00e1tica, jornalistas, pol\u00edticos da oposi\u00e7\u00e3o, acad\u00eamicos e ONGs brasileiras buscam aprender com seus colegas nos Estados Unidos.<\/span><\/h4>\n<p><span style=\"font-weight: 400;\">Como prometido, <a href=\"http:\/\/bit.ly\/2q9148e\" target=\"_blank\" rel=\"noopener\">Jair Bolsonaro<\/a><\/span>\u00a0<span style=\"font-weight: 400;\">fez da imita\u00e7\u00e3o e da aproxima\u00e7\u00e3o<\/span><span style=\"font-weight: 400;\"> junto \u00e0 administra\u00e7\u00e3o\u00a0<a href=\"http:\/\/bit.ly\/2R1i9QL\" target=\"_blank\" rel=\"noopener\">Trump<\/a> o princ\u00edpio orientador da nova pol\u00edtica externa do Brasil. Quando o filho de Jair Bolsonaro, Eduardo Bolsonaro, um poderoso pol\u00edtico com carreira pr\u00f3pria, visitou Washington no m\u00eas passado (novembro de 2018), ele <a href=\"http:\/\/bit.ly\/2T8UHhN\" target=\"_blank\" rel=\"noopener\">orgulhosamente ostentava um bon\u00e9<\/a>\u00a0com os dizeres \u201cTrump 2020\u201d. Internamente, tamb\u00e9m, os estrategistas de Bolsonaro estudam de perto a ret\u00f3rica e as pol\u00edticas adotadas por Donald Trump, <a href=\"http:\/\/bit.ly\/2rOmiZY\" target=\"_blank\" rel=\"noopener\">John Bolton<\/a> e <a href=\"http:\/\/bit.ly\/2CIZOAp\" target=\"_blank\" rel=\"noopener\">Steve Bannon<\/a>, e j\u00e1 agem de acordo\u2014por exemplo,\u00a0<a href=\"http:\/\/bit.ly\/2UTRHrj\" target=\"_blank\" rel=\"noopener\">contornando a m\u00eddia tradicional<\/a>, abra\u00e7ando o nacionalismo, atacando o judici\u00e1rio ou prometendo um retorno \u00e0 gl\u00f3ria do passado.<\/span><\/p>\n<p><span style=\"font-weight: 400;\">Ainda assim, Bolsonaro e seus apoiadores n\u00e3o s\u00e3o os \u00fanicos que buscam inspira\u00e7\u00e3o nos Estados Unidos. Muitos de seus cr\u00edticos tamb\u00e9m come\u00e7aram a estudar intensamente a pol\u00edtica dos EUA para descobrir o que podem aprender com seus colegas norte-americanos quando se trata de proteger a democracia e resistir a um l\u00edder populista com instintos autorit\u00e1rios.<\/span><\/p>\n<p><span style=\"font-weight: 400;\">Jornalistas brasileiros frequentemente discutem como jornais tradicionais, como o<em> <a href=\"https:\/\/nyti.ms\/2EHUKy3\" target=\"_blank\" rel=\"noopener\">New York Times<\/a><\/em>, conseguiram prosperar no governo de um presidente que ataca sistematicamente a m\u00eddia. No Brasil, ao contr\u00e1rio, <a href=\"http:\/\/bit.ly\/2SqW3oh\" target=\"_blank\" rel=\"noopener\">alguns jornalistas j\u00e1 se queixam<\/a>, nos bastidores, sobre <a href=\"http:\/\/bit.ly\/2rLS9uc\" target=\"_blank\" rel=\"noopener\">editores que os desencorajam a criticar o novo governo<\/a>. <\/span>Acad\u00eamicos brasileiros que assistem confer\u00eancias nos Estados Unidos retornam maravilhados dos debates nas universidades norte-americanas, pois est\u00e3o mais vibrantes do que nunca, e sem qualquer ind\u00edcio de que a liberdade de express\u00e3o possa estar em risco.<span style=\"font-weight: 400;\"> Em Compara\u00e7\u00e3o, de volta ao Brasil, <a href=\"https:\/\/youtu.be\/HS-Gsw4r9u4\" target=\"_blank\" rel=\"noopener\">um v\u00eddeo<\/a>, em que Bolsonaro l\u00ea os nomes de oito acad\u00eamicos e os acusa de promover as ideologias de pa\u00edses como a Cor\u00e9ia do Norte e Cuba, causou arrepios na comunidade acad\u00eamica. Um n\u00famero crescente de funcion\u00e1rios do governo brasileiro\u00a0<a href=\"http:\/\/bit.ly\/2Gy64hT\" target=\"_blank\" rel=\"noopener\">decidiu deletar suas contas<\/a> nas redes sociais por medo de serem punidos, com base em coment\u00e1rios cr\u00edticos feitos anteriormente ao presidente eleito. <\/span><\/p>\n<p><span style=\"font-weight: 400;\">Tamb\u00e9m na pol\u00edtica e no ativismo pol\u00edtico, muitos observadores no Brasil analisaram as <a href=\"https:\/\/glo.bo\/2T5TrMe\" target=\"_blank\" rel=\"noopener\">elei\u00e7\u00f5es intermedi\u00e1rias dos EUA<\/a>, em detalhes, de um modo sem precedentes<\/span><span style=\"font-weight: 400;\">\u2014<\/span><span style=\"font-weight: 400;\">por exemplo, discutindo maneiras pelas quais as estrat\u00e9gias de <a href=\"https:\/\/cnb.cx\/2Cqy5np\" target=\"_blank\" rel=\"noopener\">Alexandria Ocasio-Cortez<\/a>, <a href=\"http:\/\/strib.mn\/2LqxjcO\" target=\"_blank\" rel=\"noopener\">Ilhan Omar<\/a> e <a href=\"https:\/\/cnb.cx\/2GvF2HV\" target=\"_blank\" rel=\"noopener\">Ayanna Pressley<\/a>, todos candidatos rec\u00e9m-eleitos representando minorias, poderiam ser aplicadas no Brasil. Da mesma forma, iniciativas como<em> <a href=\"http:\/\/bit.ly\/2uicpUJ\" target=\"_blank\" rel=\"noopener\">Black Lives Matter<\/a><\/em><\/span><em><span style=\"font-weight: 400;\">, <a href=\"http:\/\/bit.ly\/2Lu9bWG\" target=\"_blank\" rel=\"noopener\">Indivisible<\/a> e a <\/span><\/em><span style=\"font-weight: 400;\"><a href=\"http:\/\/bit.ly\/2EDN9Qf\" target=\"_blank\" rel=\"noopener\">Marcha das Mulheres de 2017<\/a><\/span><span style=\"font-weight: 400;\">\u00a0(e sequelas) inspiram muitos ativistas brasileiros.<\/span><\/p>\n<p><a href=\"http:\/\/rioonwatch.org.br\/wp-content\/uploads\/2018\/12\/marcha-das-mulheres.jpg\"><img fetchpriority=\"high\" decoding=\"async\" class=\"aligncenter wp-image-38204 size-content\" title=\"\u00c0 esquerda, 'National Mall' durante a posse Trump; \u00e0 direita a manifesta\u00e7\u00e3o na Marcha das Mulheres em janeiro de 2017. Foto El Pa\u00eds\" src=\"http:\/\/rioonwatch.org.br\/wp-content\/uploads\/2018\/12\/marcha-das-mulheres-620x264.jpg\" alt=\"\" width=\"620\" height=\"264\" srcset=\"https:\/\/rioonwatch.org.br\/wp-content\/uploads\/2018\/12\/marcha-das-mulheres-620x264.jpg 620w, https:\/\/rioonwatch.org.br\/wp-content\/uploads\/2018\/12\/marcha-das-mulheres-940x400.jpg 940w\" sizes=\"(max-width: 620px) 100vw, 620px\" \/><\/a><\/p>\n<p><span style=\"font-weight: 400;\">Tudo isso mostra que, ao contr\u00e1rio do que muitos (<a href=\"http:\/\/bit.ly\/2CytEXN\" target=\"_blank\" rel=\"noopener\">inclusive eu<\/a>) esper\u00e1vamos em 2016, o <\/span><a href=\"http:\/\/bit.ly\/2GAUfqZ\"><i><span style=\"font-weight: 400;\">soft power<\/span><\/i><\/a>\u00a0(poder pela influ\u00eancia ao inv\u00e9s das armas) dos Estados Unidos<span style=\"font-weight: 400;\">\u2014<\/span><span style=\"font-weight: 400;\">por exemplo, sua atratividade para observadores externos<\/span><span style=\"font-weight: 400;\">\u2014<\/span><span style=\"font-weight: 400;\">permanece, sob muitos aspectos, inalterado por Trump. De fato, em alguns aspectos, o presidente dos EUA tornou o pa\u00eds ainda mais atraente. Um ativista pol\u00edtico brasileiro, que frequentemente critica a pol\u00edtica externa dos EUA, recentemente me disse que estava &#8220;impressionado com a forma como a sociedade civil dos EUA respondeu a Trump<\/span><span style=\"font-weight: 400;\">\u2014<\/span><span style=\"font-weight: 400;\">definitivamente um modelo para n\u00f3s&#8221;.<\/span><\/p>\n<p><span style=\"font-weight: 400;\">Estudar a cartilha anti-Trump \u00e9 sem d\u00favida interessante em um momento em que a democracia brasileira enfrenta seu maior desafio em d\u00e9cadas. No entanto, existem ressalvas importantes, limitando o quanto esse manual pode ser reproduzido no Brasil.<\/span><\/p>\n<p><span style=\"font-weight: 400;\">Em primeiro lugar, a ret\u00f3rica anti-democr\u00e1tica de Bolsonaro tem sido muito mais radical desde o in\u00edcio. <a href=\"http:\/\/bit.ly\/2rURTcw\" target=\"_blank\" rel=\"noopener\">Em seu \u00faltimo discurso de campanha na Avenida Paulista<\/a>, ele disse a uma multid\u00e3o fren\u00e9tica que iriam &#8220;<\/span><span style=\"font-weight: 400;\">varrer do mapa os bandidos vermelhos do Brasil<\/span><span style=\"font-weight: 400;\">&#8220;, prometendo &#8220;<\/span><span style=\"font-weight: 400;\">uma limpeza nunca vista na hist\u00f3ria desse Brasil<\/span><span style=\"font-weight: 400;\">&#8220;<\/span><span style=\"font-weight: 400;\">.<\/span><\/p>\n<p><span style=\"font-weight: 400;\">Al\u00e9m disso, permanece duvidoso que as institui\u00e7\u00f5es brasileiras, a m\u00eddia e a sociedade civil possam restringir os instintos autorit\u00e1rios de Bolsonaro. Em um ato sem precedentes, o presidente do <a href=\"https:\/\/glo.bo\/2PUmYqt\" target=\"_blank\" rel=\"noopener\">Supremo Tribunal Federal foi ao ar na televis\u00e3o<\/a> no dia da elei\u00e7\u00e3o para afirmar que o presidente eleito tinha a obriga\u00e7\u00e3o de jurar a Carta Magna, enfatizando a import\u00e2ncia de respeitar <\/span><span style=\"font-weight: 400;\">\u201co Poder Judici\u00e1rio, o Congresso Nacional e o Poder Legislativo\u2026 a pluralidade pol\u00edtica como est\u00e1 na Constitui\u00e7\u00e3o, respeitando tamb\u00e9m a oposi\u00e7\u00e3o que se formar\u00e1&#8221;.<\/span><\/p>\n<p><span style=\"font-weight: 400;\">No entanto, Bolsonaro conseguiu minar a democracia antes mesmo de assumir o cargo. Suas declara\u00e7\u00f5es autorit\u00e1rias antes de seu triunfo eleitoral foram \u00fateis para enviar uma mensagem ao Judici\u00e1rio, ao Congresso, \u00e0 m\u00eddia e \u00e0 sociedade civil de que ele tem o apoio p\u00fablico<\/span><span style=\"font-weight: 400;\">\u2014<\/span><span style=\"font-weight: 400;\">ou pelo menos a aceita\u00e7\u00e3o p\u00fablica<\/span><span style=\"font-weight: 400;\">\u2014<\/span><span style=\"font-weight: 400;\">para agir de acordo com suas amea\u00e7as. Isso far\u00e1 com que ju\u00edzes, congressistas, jornalistas e ativistas pensem duas vezes antes de falar. Apenas dias antes da vota\u00e7\u00e3o, <a href=\"https:\/\/abr.ai\/2CplJfb\" target=\"_blank\" rel=\"noopener\">Eduardo Bolsonaro disse duvidar que muitas pessoas fossem \u00e0s ruas<\/a> se o governo se intrometer no Supremo Tribunal Federal<\/span><span style=\"font-weight: 400;\">\u2014<\/span><span style=\"font-weight: 400;\">uma declara\u00e7\u00e3o extrema, mesmo quando comparada \u00e0 ret\u00f3rica de Trump. Diante dessa situa\u00e7\u00e3o muito mais s\u00e9ria, pode ser importante para os brasileiros tamb\u00e9m estudar casos como Hungria, Turquia, Pol\u00f4nia e Filipinas, onde a democracia est\u00e1 mais em risco do que nos Estados Unidos.<\/span><\/p>\n<p><span style=\"font-weight: 400;\">Ainda assim, tanto Bolsonaro quanto seus oponentes acompanhar\u00e3o de perto a pol\u00edtica dos EUA nos pr\u00f3ximos anos. Afinal, ambos os lados est\u00e3o bem conscientes de que o resultado das elei\u00e7\u00f5es presidenciais americanas em 2020 pode ter um impacto significativo na pol\u00edtica brasileira. Tendo em vista o quanto Bolsonaro associou seu governo a Trump, a vit\u00f3ria de um democrata seria um desastre para o novo presidente do Brasil.<\/span><\/p>\n<!-- AddThis Advanced Settings generic via filter on the_content --><!-- AddThis Share Buttons generic via filter on the_content -->","protected":false},"excerpt":{"rendered":"<div class=\"mh-excerpt\"><p>Click Here for English Leia a mat\u00e9ria original por Oliver Stuenkel\u00a0em ingl\u00eas na Americas Quarterly\u00a0aqui.\u00a0O RioOnWatch traduz mat\u00e9rias do ingl\u00eas para que brasileiros possam ter acesso e acompanhar temas ou an\u00e1lises cobertos fora do pa\u00eds <a class=\"mh-excerpt-more\" href=\"https:\/\/rioonwatch.org.br\/?p=38029\" title=\"Brasileiros Estudam a Cartilha Anti-Trump para Lutar Contra Bolsonaro\">[&#8230;]<\/a><!-- AddThis Advanced Settings generic via filter on get_the_excerpt --><!-- AddThis Share Buttons generic via filter on get_the_excerpt --><\/p>\n<\/div>","protected":false},"author":152,"featured_media":38030,"comment_status":"closed","ping_status":"closed","sticky":false,"template":"","format":"standard","meta":{"_acf_changed":false,"_monsterinsights_skip_tracking":false,"_monsterinsights_sitenote_active":false,"_monsterinsights_sitenote_note":"","_monsterinsights_sitenote_category":0,"footnotes":""},"categories":[344,1634],"tags":[2159,759,1226,479,2541,457,1162,1167,2269,432,1168],"writer":[2564],"translator":[1176],"source":[2565],"ilustrador":[],"fotografo":[],"class_list":{"0":"post-38029","1":"post","2":"type-post","3":"status-publish","4":"format-standard","5":"has-post-thumbnail","7":"category-politicas","8":"category-traducoes","9":"tag-black-lives-matter","10":"tag-comparacao-internacional","11":"tag-constituicao","12":"tag-democracia","13":"tag-donald-trump","14":"tag-eleicoes","15":"tag-governo-federal","16":"tag-grande-midia","17":"tag-jair-bolsonaro","18":"tag-resistencia","19":"tag-traducao","20":"writer-oliver-stuenkel","21":"translator-fernanda-lacerda","22":"source-americas-quarterly"},"acf":[],"yoast_head":"<!-- This site is optimized with the Yoast SEO plugin v25.6 - https:\/\/yoast.com\/wordpress\/plugins\/seo\/ -->\n<title>Brasileiros Estudam a Cartilha Anti-Trump para Lutar Contra Bolsonaro - RioOnWatch<\/title>\n<meta name=\"robots\" content=\"index, follow, max-snippet:-1, max-image-preview:large, max-video-preview:-1\" \/>\n<link rel=\"canonical\" href=\"https:\/\/rioonwatch.org.br\/?p=38029\" \/>\n<meta property=\"og:locale\" content=\"pt_BR\" \/>\n<meta property=\"og:type\" content=\"article\" \/>\n<meta property=\"og:title\" content=\"Brasileiros Estudam a Cartilha Anti-Trump para Lutar Contra Bolsonaro - RioOnWatch\" \/>\n<meta property=\"og:description\" content=\"Click Here for English Leia a mat\u00e9ria original por Oliver Stuenkel\u00a0em ingl\u00eas na Americas Quarterly\u00a0aqui.\u00a0O RioOnWatch traduz mat\u00e9rias do ingl\u00eas para que brasileiros possam ter acesso e acompanhar temas ou an\u00e1lises cobertos fora do pa\u00eds [...]\" \/>\n<meta property=\"og:url\" content=\"https:\/\/rioonwatch.org.br\/?p=38029\" \/>\n<meta property=\"og:site_name\" content=\"RioOnWatch\" \/>\n<meta property=\"article:published_time\" content=\"2019-02-05T13:38:57+00:00\" \/>\n<meta property=\"og:image\" content=\"https:\/\/rioonwatch.org.br\/wp-content\/uploads\/2018\/12\/Evaristo-SA-AFP-Getty-Images.jpg\" \/>\n\t<meta property=\"og:image:width\" content=\"625\" \/>\n\t<meta property=\"og:image:height\" content=\"417\" \/>\n\t<meta property=\"og:image:type\" content=\"image\/jpeg\" \/>\n<meta name=\"author\" content=\"Luisa Fenizola\" \/>\n<meta name=\"twitter:card\" content=\"summary_large_image\" \/>\n<meta name=\"twitter:label1\" content=\"Escrito por\" \/>\n\t<meta name=\"twitter:data1\" content=\"Luisa Fenizola\" \/>\n\t<meta name=\"twitter:label2\" content=\"Est. tempo de leitura\" \/>\n\t<meta name=\"twitter:data2\" content=\"5 minutos\" \/>\n<script type=\"application\/ld+json\" class=\"yoast-schema-graph\">{\"@context\":\"https:\/\/schema.org\",\"@graph\":[{\"@type\":\"Article\",\"@id\":\"https:\/\/rioonwatch.org.br\/?p=38029#article\",\"isPartOf\":{\"@id\":\"https:\/\/rioonwatch.org.br\/?p=38029\"},\"author\":{\"name\":\"Luisa Fenizola\",\"@id\":\"https:\/\/rioonwatch.org.br\/#\/schema\/person\/f443c6b55bb6e80842280318076491c5\"},\"headline\":\"Brasileiros Estudam a Cartilha Anti-Trump para Lutar Contra Bolsonaro\",\"datePublished\":\"2019-02-05T13:38:57+00:00\",\"mainEntityOfPage\":{\"@id\":\"https:\/\/rioonwatch.org.br\/?p=38029\"},\"wordCount\":1022,\"publisher\":{\"@id\":\"https:\/\/rioonwatch.org.br\/#organization\"},\"image\":{\"@id\":\"https:\/\/rioonwatch.org.br\/?p=38029#primaryimage\"},\"thumbnailUrl\":\"https:\/\/rioonwatch.org.br\/wp-content\/uploads\/2018\/12\/Evaristo-SA-AFP-Getty-Images.jpg\",\"keywords\":[\"Black Lives Matter\",\"compara\u00e7\u00e3o internacional\",\"constitui\u00e7\u00e3o\",\"Democracia\",\"Donald Trump\",\"Elei\u00e7\u00f5es\",\"Governo Federal\",\"grande m\u00eddia\",\"Jair Bolsonaro\",\"resist\u00eancia\",\"tradu\u00e7\u00e3o\"],\"articleSection\":[\"Pol\u00edticas\",\"Traduzidas do Ingl\u00eas\"],\"inLanguage\":\"pt-BR\"},{\"@type\":\"WebPage\",\"@id\":\"https:\/\/rioonwatch.org.br\/?p=38029\",\"url\":\"https:\/\/rioonwatch.org.br\/?p=38029\",\"name\":\"Brasileiros Estudam a Cartilha Anti-Trump para Lutar Contra Bolsonaro - RioOnWatch\",\"isPartOf\":{\"@id\":\"https:\/\/rioonwatch.org.br\/#website\"},\"primaryImageOfPage\":{\"@id\":\"https:\/\/rioonwatch.org.br\/?p=38029#primaryimage\"},\"image\":{\"@id\":\"https:\/\/rioonwatch.org.br\/?p=38029#primaryimage\"},\"thumbnailUrl\":\"https:\/\/rioonwatch.org.br\/wp-content\/uploads\/2018\/12\/Evaristo-SA-AFP-Getty-Images.jpg\",\"datePublished\":\"2019-02-05T13:38:57+00:00\",\"breadcrumb\":{\"@id\":\"https:\/\/rioonwatch.org.br\/?p=38029#breadcrumb\"},\"inLanguage\":\"pt-BR\",\"potentialAction\":[{\"@type\":\"ReadAction\",\"target\":[\"https:\/\/rioonwatch.org.br\/?p=38029\"]}]},{\"@type\":\"ImageObject\",\"inLanguage\":\"pt-BR\",\"@id\":\"https:\/\/rioonwatch.org.br\/?p=38029#primaryimage\",\"url\":\"https:\/\/rioonwatch.org.br\/wp-content\/uploads\/2018\/12\/Evaristo-SA-AFP-Getty-Images.jpg\",\"contentUrl\":\"https:\/\/rioonwatch.org.br\/wp-content\/uploads\/2018\/12\/Evaristo-SA-AFP-Getty-Images.jpg\",\"width\":625,\"height\":417},{\"@type\":\"BreadcrumbList\",\"@id\":\"https:\/\/rioonwatch.org.br\/?p=38029#breadcrumb\",\"itemListElement\":[{\"@type\":\"ListItem\",\"position\":1,\"name\":\"In\u00edcio\",\"item\":\"https:\/\/rioonwatch.org.br\/\"},{\"@type\":\"ListItem\",\"position\":2,\"name\":\"Brasileiros Estudam a Cartilha Anti-Trump para Lutar Contra Bolsonaro\"}]},{\"@type\":\"WebSite\",\"@id\":\"https:\/\/rioonwatch.org.br\/#website\",\"url\":\"https:\/\/rioonwatch.org.br\/\",\"name\":\"RioOnWatch\",\"description\":\"relatos das favelas cariocas\",\"publisher\":{\"@id\":\"https:\/\/rioonwatch.org.br\/#organization\"},\"potentialAction\":[{\"@type\":\"SearchAction\",\"target\":{\"@type\":\"EntryPoint\",\"urlTemplate\":\"https:\/\/rioonwatch.org.br\/?s={search_term_string}\"},\"query-input\":{\"@type\":\"PropertyValueSpecification\",\"valueRequired\":true,\"valueName\":\"search_term_string\"}}],\"inLanguage\":\"pt-BR\"},{\"@type\":\"Organization\",\"@id\":\"https:\/\/rioonwatch.org.br\/#organization\",\"name\":\"RioOnWatch\",\"url\":\"https:\/\/rioonwatch.org.br\/\",\"logo\":{\"@type\":\"ImageObject\",\"inLanguage\":\"pt-BR\",\"@id\":\"https:\/\/rioonwatch.org.br\/#\/schema\/logo\/image\/\",\"url\":\"https:\/\/rioonwatch.org.br\/wp-content\/uploads\/2021\/06\/RioOnWatchcabecalhoPT11anos-2.png\",\"contentUrl\":\"https:\/\/rioonwatch.org.br\/wp-content\/uploads\/2021\/06\/RioOnWatchcabecalhoPT11anos-2.png\",\"width\":779,\"height\":277,\"caption\":\"RioOnWatch\"},\"image\":{\"@id\":\"https:\/\/rioonwatch.org.br\/#\/schema\/logo\/image\/\"}},{\"@type\":\"Person\",\"@id\":\"https:\/\/rioonwatch.org.br\/#\/schema\/person\/f443c6b55bb6e80842280318076491c5\",\"name\":\"Luisa Fenizola\",\"image\":{\"@type\":\"ImageObject\",\"inLanguage\":\"pt-BR\",\"@id\":\"https:\/\/rioonwatch.org.br\/#\/schema\/person\/image\/\",\"url\":\"https:\/\/secure.gravatar.com\/avatar\/a3d551110162b9f876cbbdaaecf75663?s=96&d=blank&r=g\",\"contentUrl\":\"https:\/\/secure.gravatar.com\/avatar\/a3d551110162b9f876cbbdaaecf75663?s=96&d=blank&r=g\",\"caption\":\"Luisa Fenizola\"},\"url\":\"https:\/\/rioonwatch.org.br\/?author=152\"}]}<\/script>\n<!-- \/ Yoast SEO plugin. -->","yoast_head_json":{"title":"Brasileiros Estudam a Cartilha Anti-Trump para Lutar Contra Bolsonaro - RioOnWatch","robots":{"index":"index","follow":"follow","max-snippet":"max-snippet:-1","max-image-preview":"max-image-preview:large","max-video-preview":"max-video-preview:-1"},"canonical":"https:\/\/rioonwatch.org.br\/?p=38029","og_locale":"pt_BR","og_type":"article","og_title":"Brasileiros Estudam a Cartilha Anti-Trump para Lutar Contra Bolsonaro - RioOnWatch","og_description":"Click Here for English Leia a mat\u00e9ria original por Oliver Stuenkel\u00a0em ingl\u00eas na Americas Quarterly\u00a0aqui.\u00a0O RioOnWatch traduz mat\u00e9rias do ingl\u00eas para que brasileiros possam ter acesso e acompanhar temas ou an\u00e1lises cobertos fora do pa\u00eds [...]","og_url":"https:\/\/rioonwatch.org.br\/?p=38029","og_site_name":"RioOnWatch","article_published_time":"2019-02-05T13:38:57+00:00","og_image":[{"width":625,"height":417,"url":"https:\/\/rioonwatch.org.br\/wp-content\/uploads\/2018\/12\/Evaristo-SA-AFP-Getty-Images.jpg","type":"image\/jpeg"}],"author":"Luisa Fenizola","twitter_card":"summary_large_image","twitter_misc":{"Escrito por":"Luisa Fenizola","Est. tempo de leitura":"5 minutos"},"schema":{"@context":"https:\/\/schema.org","@graph":[{"@type":"Article","@id":"https:\/\/rioonwatch.org.br\/?p=38029#article","isPartOf":{"@id":"https:\/\/rioonwatch.org.br\/?p=38029"},"author":{"name":"Luisa Fenizola","@id":"https:\/\/rioonwatch.org.br\/#\/schema\/person\/f443c6b55bb6e80842280318076491c5"},"headline":"Brasileiros Estudam a Cartilha Anti-Trump para Lutar Contra Bolsonaro","datePublished":"2019-02-05T13:38:57+00:00","mainEntityOfPage":{"@id":"https:\/\/rioonwatch.org.br\/?p=38029"},"wordCount":1022,"publisher":{"@id":"https:\/\/rioonwatch.org.br\/#organization"},"image":{"@id":"https:\/\/rioonwatch.org.br\/?p=38029#primaryimage"},"thumbnailUrl":"https:\/\/rioonwatch.org.br\/wp-content\/uploads\/2018\/12\/Evaristo-SA-AFP-Getty-Images.jpg","keywords":["Black Lives Matter","compara\u00e7\u00e3o internacional","constitui\u00e7\u00e3o","Democracia","Donald Trump","Elei\u00e7\u00f5es","Governo Federal","grande m\u00eddia","Jair Bolsonaro","resist\u00eancia","tradu\u00e7\u00e3o"],"articleSection":["Pol\u00edticas","Traduzidas do Ingl\u00eas"],"inLanguage":"pt-BR"},{"@type":"WebPage","@id":"https:\/\/rioonwatch.org.br\/?p=38029","url":"https:\/\/rioonwatch.org.br\/?p=38029","name":"Brasileiros Estudam a Cartilha Anti-Trump para Lutar Contra Bolsonaro - RioOnWatch","isPartOf":{"@id":"https:\/\/rioonwatch.org.br\/#website"},"primaryImageOfPage":{"@id":"https:\/\/rioonwatch.org.br\/?p=38029#primaryimage"},"image":{"@id":"https:\/\/rioonwatch.org.br\/?p=38029#primaryimage"},"thumbnailUrl":"https:\/\/rioonwatch.org.br\/wp-content\/uploads\/2018\/12\/Evaristo-SA-AFP-Getty-Images.jpg","datePublished":"2019-02-05T13:38:57+00:00","breadcrumb":{"@id":"https:\/\/rioonwatch.org.br\/?p=38029#breadcrumb"},"inLanguage":"pt-BR","potentialAction":[{"@type":"ReadAction","target":["https:\/\/rioonwatch.org.br\/?p=38029"]}]},{"@type":"ImageObject","inLanguage":"pt-BR","@id":"https:\/\/rioonwatch.org.br\/?p=38029#primaryimage","url":"https:\/\/rioonwatch.org.br\/wp-content\/uploads\/2018\/12\/Evaristo-SA-AFP-Getty-Images.jpg","contentUrl":"https:\/\/rioonwatch.org.br\/wp-content\/uploads\/2018\/12\/Evaristo-SA-AFP-Getty-Images.jpg","width":625,"height":417},{"@type":"BreadcrumbList","@id":"https:\/\/rioonwatch.org.br\/?p=38029#breadcrumb","itemListElement":[{"@type":"ListItem","position":1,"name":"In\u00edcio","item":"https:\/\/rioonwatch.org.br\/"},{"@type":"ListItem","position":2,"name":"Brasileiros Estudam a Cartilha Anti-Trump para Lutar Contra Bolsonaro"}]},{"@type":"WebSite","@id":"https:\/\/rioonwatch.org.br\/#website","url":"https:\/\/rioonwatch.org.br\/","name":"RioOnWatch","description":"relatos das favelas cariocas","publisher":{"@id":"https:\/\/rioonwatch.org.br\/#organization"},"potentialAction":[{"@type":"SearchAction","target":{"@type":"EntryPoint","urlTemplate":"https:\/\/rioonwatch.org.br\/?s={search_term_string}"},"query-input":{"@type":"PropertyValueSpecification","valueRequired":true,"valueName":"search_term_string"}}],"inLanguage":"pt-BR"},{"@type":"Organization","@id":"https:\/\/rioonwatch.org.br\/#organization","name":"RioOnWatch","url":"https:\/\/rioonwatch.org.br\/","logo":{"@type":"ImageObject","inLanguage":"pt-BR","@id":"https:\/\/rioonwatch.org.br\/#\/schema\/logo\/image\/","url":"https:\/\/rioonwatch.org.br\/wp-content\/uploads\/2021\/06\/RioOnWatchcabecalhoPT11anos-2.png","contentUrl":"https:\/\/rioonwatch.org.br\/wp-content\/uploads\/2021\/06\/RioOnWatchcabecalhoPT11anos-2.png","width":779,"height":277,"caption":"RioOnWatch"},"image":{"@id":"https:\/\/rioonwatch.org.br\/#\/schema\/logo\/image\/"}},{"@type":"Person","@id":"https:\/\/rioonwatch.org.br\/#\/schema\/person\/f443c6b55bb6e80842280318076491c5","name":"Luisa Fenizola","image":{"@type":"ImageObject","inLanguage":"pt-BR","@id":"https:\/\/rioonwatch.org.br\/#\/schema\/person\/image\/","url":"https:\/\/secure.gravatar.com\/avatar\/a3d551110162b9f876cbbdaaecf75663?s=96&d=blank&r=g","contentUrl":"https:\/\/secure.gravatar.com\/avatar\/a3d551110162b9f876cbbdaaecf75663?s=96&d=blank&r=g","caption":"Luisa Fenizola"},"url":"https:\/\/rioonwatch.org.br\/?author=152"}]}},"_links":{"self":[{"href":"https:\/\/rioonwatch.org.br\/index.php?rest_route=\/wp\/v2\/posts\/38029"}],"collection":[{"href":"https:\/\/rioonwatch.org.br\/index.php?rest_route=\/wp\/v2\/posts"}],"about":[{"href":"https:\/\/rioonwatch.org.br\/index.php?rest_route=\/wp\/v2\/types\/post"}],"author":[{"embeddable":true,"href":"https:\/\/rioonwatch.org.br\/index.php?rest_route=\/wp\/v2\/users\/152"}],"replies":[{"embeddable":true,"href":"https:\/\/rioonwatch.org.br\/index.php?rest_route=%2Fwp%2Fv2%2Fcomments&post=38029"}],"version-history":[{"count":16,"href":"https:\/\/rioonwatch.org.br\/index.php?rest_route=\/wp\/v2\/posts\/38029\/revisions"}],"predecessor-version":[{"id":38724,"href":"https:\/\/rioonwatch.org.br\/index.php?rest_route=\/wp\/v2\/posts\/38029\/revisions\/38724"}],"wp:featuredmedia":[{"embeddable":true,"href":"https:\/\/rioonwatch.org.br\/index.php?rest_route=\/wp\/v2\/media\/38030"}],"wp:attachment":[{"href":"https:\/\/rioonwatch.org.br\/index.php?rest_route=%2Fwp%2Fv2%2Fmedia&parent=38029"}],"wp:term":[{"taxonomy":"category","embeddable":true,"href":"https:\/\/rioonwatch.org.br\/index.php?rest_route=%2Fwp%2Fv2%2Fcategories&post=38029"},{"taxonomy":"post_tag","embeddable":true,"href":"https:\/\/rioonwatch.org.br\/index.php?rest_route=%2Fwp%2Fv2%2Ftags&post=38029"},{"taxonomy":"writer","embeddable":true,"href":"https:\/\/rioonwatch.org.br\/index.php?rest_route=%2Fwp%2Fv2%2Fwriter&post=38029"},{"taxonomy":"translator","embeddable":true,"href":"https:\/\/rioonwatch.org.br\/index.php?rest_route=%2Fwp%2Fv2%2Ftranslator&post=38029"},{"taxonomy":"source","embeddable":true,"href":"https:\/\/rioonwatch.org.br\/index.php?rest_route=%2Fwp%2Fv2%2Fsource&post=38029"},{"taxonomy":"ilustrador","embeddable":true,"href":"https:\/\/rioonwatch.org.br\/index.php?rest_route=%2Fwp%2Fv2%2Filustrador&post=38029"},{"taxonomy":"fotografo","embeddable":true,"href":"https:\/\/rioonwatch.org.br\/index.php?rest_route=%2Fwp%2Fv2%2Ffotografo&post=38029"}],"curies":[{"name":"wp","href":"https:\/\/api.w.org\/{rel}","templated":true}]}}