{"id":38100,"date":"2018-12-28T19:08:25","date_gmt":"2018-12-28T22:08:25","guid":{"rendered":"http:\/\/rioonwatch.org.br\/?p=38100"},"modified":"2022-09-16T17:14:30","modified_gmt":"2022-09-16T20:14:30","slug":"eco-rede-da-cidade-de-deus-da-aula-de-educacao-socio-ambiental-no-4o-intercambio-da-rede-favela-sustentavel","status":"publish","type":"post","link":"https:\/\/rioonwatch.org.br\/?p=38100","title":{"rendered":"EcoRede CDD d\u00e1 Aula de Educa\u00e7\u00e3o Socioambiental no 4\u00ba Interc\u00e2mbio da Rede Favela Sustent\u00e1vel"},"content":{"rendered":"<p style=\"text-align: right;\"><em><strong><a href=\"http:\/\/bit.ly\/2LsG9ad\" target=\"_blank\" rel=\"noopener noreferrer\">Click Here for English<\/a><a href=\"http:\/\/bit.ly\/2zUExBm\" target=\"_blank\" rel=\"noopener noreferrer\"><img decoding=\"async\" width=\"20\" height=\"20\" class=\"alignright wp-image-15790\" src=\"http:\/\/rioonwatch.org.br\/wp-content\/uploads\/2012\/08\/EN-standard-e1439583104716.jpg\" \/><\/a><\/strong><\/em><\/p>\n<p><em>A\u00a0<a href=\"http:\/\/www.bit.ly\/RFSMapa\" target=\"_blank\" rel=\"noopener\">Rede Favela Sustent\u00e1vel<\/a>\u00a0(RFS) \u00e9 um projeto da\u00a0<a href=\"http:\/\/comcat.org\/\" target=\"_blank\" rel=\"noopener\">Comunidades Catalisadoras<\/a>\u00a0(ComCat)* desenhado para construir redes de solidariedade, dar visibilidade, e desenvolver a\u00e7\u00f5es conjuntas que apoiem a expans\u00e3o de iniciativas comunit\u00e1rias que fortalecem a sustentabilidade ambiental e a resili\u00eancia social em favelas de toda a regi\u00e3o metropolitana\u00a0do Rio de Janeiro. O projeto come\u00e7ou em 2012 com a produ\u00e7\u00e3o do filme\u00a0<a href=\"http:\/\/bit.ly\/FavelaModelo\" target=\"_blank\" rel=\"noopener\">Favela como Modelo Sustent\u00e1vel<\/a>,\u00a0tendo continuidade em 2017, quando foram\u00a0<a href=\"http:\/\/www.bit.ly\/RFSMapa\" target=\"_blank\" rel=\"noopener\">mapeadas 111 iniciativas sustent\u00e1veis<\/a>\u00a0e foi publicado um\u00a0<a href=\"http:\/\/bit.ly\/RFSRelatorio\" target=\"_blank\" rel=\"noopener\">relat\u00f3rio final<\/a>\u00a0que analisa os resultados.\u00a0<\/em><\/p>\n<p><em>Em 2018 o projeto realizou <a href=\"http:\/\/bit.ly\/IntercambiosRFS\" target=\"_blank\" rel=\"noopener\">uma\u00a0s\u00e9rie de interc\u00e2mbios entre oito das mais duradouras e estabelecidas iniciativas<\/a> que foram mapeadas na Rede Favela Sustent\u00e1vel (uma delas \u00e9 o tema desta mat\u00e9ria), e em seguida foi realizado, no dia 10 de novembro, um dia inteiro de interc\u00e2mbio com toda a Rede Favela Sustent\u00e1vel. As oito iniciativas participantes dos interc\u00e2mbios, em campo, apresentadas nesta s\u00e9rie incluem seis iniciativas comunit\u00e1rias, sendo elas: a\u00a0<a href=\"http:\/\/bit.ly\/1qm7REb\" target=\"_blank\" rel=\"noopener\">Cooperativa Vale Encantado<\/a>\u00a0no\u00a0<a href=\"http:\/\/bit.ly\/2nysjZt\" target=\"_blank\" rel=\"noopener\">Alto da Boa Vista<\/a>, o\u00a0<a href=\"http:\/\/bit.ly\/2LTiq6B\" target=\"_blank\" rel=\"noopener\">Ecco Vida<\/a>\u00a0em\u00a0<a href=\"http:\/\/bit.ly\/2CYWZfe\" target=\"_blank\" rel=\"noopener\">Hon\u00f3rio Gurgel<\/a>, o\u00a0<a href=\"http:\/\/bit.ly\/2xNNoER\" target=\"_blank\" rel=\"noopener\">Verdejar<\/a>\u00a0no\u00a0<a href=\"http:\/\/bit.ly\/2eS3YYJ\" target=\"_blank\" rel=\"noopener\">Engenho da Rainha<\/a>\u00a0e\u00a0<a href=\"http:\/\/bit.ly\/U0MiGm\" target=\"_blank\" rel=\"noopener\">Complexo do Alem\u00e3o<\/a>, o\u00a0<a href=\"http:\/\/bit.ly\/29HflyR\" target=\"_blank\" rel=\"noopener\">Quilombo do Camorim<\/a>\u00a0em <a href=\"http:\/\/bit.ly\/1HgPTzq\" target=\"_blank\" rel=\"noopener\">Jacarepagu\u00e1<\/a>, o\u00a0<a href=\"http:\/\/bit.ly\/2gLgo9U\" target=\"_blank\" rel=\"noopener\">ReciclA\u00e7\u00e3o<\/a>\u00a0no\u00a0<a href=\"http:\/\/bit.ly\/1eAan7M\" target=\"_blank\" rel=\"noopener\">Morro dos Prazeres<\/a>, e a\u00a0<a href=\"http:\/\/bit.ly\/1I91GKZ\" target=\"_blank\" rel=\"noopener\">Eco Rede do Alfazendo<\/a>\u00a0na\u00a0<a href=\"http:\/\/bit.ly\/10BzE4e\" target=\"_blank\" rel=\"noopener\">Cidade de Deus<\/a>. Al\u00e9m disso, os integrantes dos interc\u00e2mbios visitaram duas iniciativas com foco al\u00e9m das favelas, com vasta experi\u00eancia em sustentabilidade, sendo elas: a <a href=\"http:\/\/bit.ly\/2dkIxmM\" target=\"_blank\" rel=\"noopener\">Onda Verde<\/a>\u00a0em\u00a0<a href=\"http:\/\/bit.ly\/1xgiXjq\" target=\"_blank\" rel=\"noopener\">Nova Igua\u00e7u<\/a>\u00a0e o\u00a0<a href=\"http:\/\/bit.ly\/2yiVC7W\" target=\"_blank\" rel=\"noopener\">Ecomuseu de Sepetiba<\/a>. Os interc\u00e2mbios t\u00eam apoio da\u00a0<a href=\"http:\/\/bit.ly\/1jCIAqW\" target=\"_blank\" rel=\"noopener\">Funda\u00e7\u00e3o Heinrich B\u00f6ll Brasil<\/a>.\u00a0<\/em><\/p>\n<p><em>Assista ao v\u00eddeo que acompanha os interc\u00e2mbios apresentados <\/em><a href=\"http:\/\/bit.ly\/IntercambiosRFS\" target=\"_blank\" rel=\"noopener\"><em>nesta s\u00e9rie<\/em><\/a><em>\u00a0clicando <\/em><a href=\"http:\/\/bit.ly\/TecendoRFS\" target=\"_blank\" rel=\"noopener\"><em>aqui<\/em><\/a><em>.<\/em><\/p>\n<hr \/>\n<h3>A Tarde do Quarto Interc\u00e2mbio: Eco Rede do Alfazendo<\/h3>\n<p><a href=\"http:\/\/rioonwatch.org.br\/wp-content\/uploads\/2018\/12\/Instala\u00e7\u00e3o-do-Eco-Rede-a-partir-de-materiais-reciclados-para-crian\u00e7as-que-brincam-no-festival.jpg\"><img fetchpriority=\"high\" decoding=\"async\" class=\"aligncenter wp-image-38110 size-content\" title=\"Instala\u00e7\u00e3o do Eco Rede, com materiais reciclados, para crian\u00e7as que brincam no festival.\" src=\"http:\/\/rioonwatch.org.br\/wp-content\/uploads\/2018\/12\/Instala\u00e7\u00e3o-do-Eco-Rede-a-partir-de-materiais-reciclados-para-crian\u00e7as-que-brincam-no-festival-620x264.jpg\" alt=\"\" width=\"620\" height=\"264\" srcset=\"https:\/\/rioonwatch.org.br\/wp-content\/uploads\/2018\/12\/Instala\u00e7\u00e3o-do-Eco-Rede-a-partir-de-materiais-reciclados-para-crian\u00e7as-que-brincam-no-festival-620x264.jpg 620w, https:\/\/rioonwatch.org.br\/wp-content\/uploads\/2018\/12\/Instala\u00e7\u00e3o-do-Eco-Rede-a-partir-de-materiais-reciclados-para-crian\u00e7as-que-brincam-no-festival-940x400.jpg 940w\" sizes=\"(max-width: 620px) 100vw, 620px\" \/><\/a><\/p>\n<p>A <a href=\"http:\/\/bit.ly\/11tBmFR\" target=\"_blank\" rel=\"noopener\">Zona Oeste<\/a> do Rio de Janeiro compreende <a href=\"http:\/\/bit.ly\/2LjXAK5\" target=\"_blank\" rel=\"noopener\">aproximadamente 70%<\/a> da \u00e1rea da cidade, resultando em uma grande variedade de bairros\u2014da <a href=\"http:\/\/bit.ly\/19BBUhf\" target=\"_blank\" rel=\"noopener\">Barra da Tijuca<\/a>, em r\u00e1pida expans\u00e3o, ao densamente povoado <a href=\"http:\/\/bit.ly\/1m4QAQR\" target=\"_blank\" rel=\"noopener\">Campo Grande<\/a>, localizado a tr\u00eas horas de dist\u00e2ncia do Centro do Rio por transporte p\u00fablico. Durante o quarto interc\u00e2mbio da <a href=\"http:\/\/bit.ly\/2B9GJ6R\" target=\"_blank\" rel=\"noopener\">Rede Favela Sustent\u00e1vel<\/a>, os participantes testemunharam essa diversidade claramente, <a href=\"http:\/\/bit.ly\/2EHGHYc\" target=\"_blank\" rel=\"noopener\">come\u00e7ando o dia na floresta urbana<\/a> ao redor do <a href=\"http:\/\/bit.ly\/2r4dXBb\" target=\"_blank\" rel=\"noopener\">Quilombo do Camorim<\/a> e concluindo na <a href=\"http:\/\/bit.ly\/2xS0izO\" target=\"_blank\" rel=\"noopener\">Cidade de Deus<\/a>\u2014favela conhecida por uma s\u00e9rie de problemas oriundos de\u00a0<a href=\"http:\/\/bit.ly\/2qjMScT\" target=\"_blank\" rel=\"noopener\">investimentos p\u00fablicos inadequados<\/a>, mas tamb\u00e9m por sua <a href=\"http:\/\/bit.ly\/2ILE6MN\" target=\"_blank\" rel=\"noopener\">poderosa rede de institui\u00e7\u00f5es locais<\/a> comprometida em confrontar esses obst\u00e1culos.<\/p>\n<h3>Juventude da Favela Brilha no Festival da Cidade de Deus<\/h3>\n<p>Ap\u00f3s a <a href=\"http:\/\/bit.ly\/2EHGHYc\" target=\"_blank\" rel=\"noopener\">visita matinal ao Quilombo do Camorim<\/a>, o quarto interc\u00e2mbio da RFS foi conclu\u00eddo no <a href=\"http:\/\/bit.ly\/2UKbiKy\" target=\"_blank\" rel=\"noopener\">Festival Juventude na Favela<\/a>, realizado na Escola Municipal Alphonsus de Guimar\u00e3es, na Cidade de Deus, onde a organiza\u00e7\u00e3o anfitri\u00e3 da visita, o Alfazendo, trabalhou intensamente com outros parceiros em um dia de apresenta\u00e7\u00f5es, oficinas, grupos de conversa\u00e7\u00e3o e outras atividades. O grupo da RFS chegou a tempo de assistir a uma apresenta\u00e7\u00e3o do AIACOM, um grupo de dan\u00e7a africana composto por jovens; ver as exposi\u00e7\u00f5es com cria\u00e7\u00f5es de artistas da Cidade de Deus; e visitar a \u201cTenda Identidade\u201d, que ofereceu oficinas de tran\u00e7a e penteados africanos.<\/p>\n<p><a href=\"http:\/\/rioonwatch.org.br\/wp-content\/uploads\/2018\/12\/CDD.jpg\"><img decoding=\"async\" class=\"aligncenter wp-image-38115 size-content\" title=\"Grupo de dan\u00e7a africana, AIACOM, se apresenta no Festival Juventude na Favela,\" src=\"http:\/\/rioonwatch.org.br\/wp-content\/uploads\/2018\/12\/CDD-620x264.jpg\" alt=\"\" width=\"620\" height=\"264\" srcset=\"https:\/\/rioonwatch.org.br\/wp-content\/uploads\/2018\/12\/CDD-620x264.jpg 620w, https:\/\/rioonwatch.org.br\/wp-content\/uploads\/2018\/12\/CDD-940x400.jpg 940w\" sizes=\"(max-width: 620px) 100vw, 620px\" \/><\/a><\/p>\n<div>Ao som de risadas ao fundo e com crian\u00e7as correndo entre as exposi\u00e7\u00f5es, a fundadora do <a href=\"http:\/\/bit.ly\/2EI08QK\" target=\"_blank\" rel=\"noopener\">Alfazendo<\/a> e coordenadora do festival, <a href=\"http:\/\/bit.ly\/2PZabmC\" target=\"_blank\" rel=\"noopener\">Iara Oliveira<\/a>, descreveu o trabalho da organiza\u00e7\u00e3o, que inclui educa\u00e7\u00e3o socioambiental em dezenas de escolas na Cidade de Deus atrav\u00e9s do programa <a href=\"http:\/\/bit.ly\/2EI08QK\" target=\"_blank\" rel=\"noopener\">Eco Rede<\/a>. Para al\u00e9m da Cidade de Deus, a Eco Rede do Alfazendo se expandiu recentemente \u00e0\u00a0<a href=\"http:\/\/bit.ly\/WximDf\" target=\"_blank\" rel=\"noopener\">Zona Norte<\/a>, no Morro do Timbau do\u00a0<a href=\"http:\/\/bit.ly\/10BvARw\" target=\"_blank\" rel=\"noopener\">Complexo da Mar\u00e9<\/a>.<\/div>\n<p>Um aspecto fundamental do modelo da iniciativa \u00e9 seu foco na educa\u00e7\u00e3o socioambiental\u2014que entrela\u00e7a aos ensinamentos de educa\u00e7\u00e3o ambiental quest\u00f5es sociais e de ra\u00e7a\u2014concentrando-se na forma\u00e7\u00e3o de jovens\u2014que Iara chama de \u201co futuro\u201d\u2014para servir como educadores socioambientais. Ao assistir, no festival, jovens de todas as idades participando de apresenta\u00e7\u00f5es art\u00edsticas, atividades culturais e conversas sobre o potencial de sua comunidade, fica vis\u00edvel que o impacto dessa metodologia floresceu.<\/p>\n<p><a href=\"http:\/\/rioonwatch.org.br\/wp-content\/uploads\/2018\/12\/Performance-at-City-of-God-youth-festival.jpg\"><img loading=\"lazy\" decoding=\"async\" class=\"aligncenter wp-image-38119 size-medium\" title=\"Grupo de dan\u00e7a africana AIACOM se apresenta no Festival Juventude na Favela.\" src=\"http:\/\/rioonwatch.org.br\/wp-content\/uploads\/2018\/12\/Performance-at-City-of-God-youth-festival-620x348.jpg\" alt=\"\" width=\"620\" height=\"348\" srcset=\"https:\/\/rioonwatch.org.br\/wp-content\/uploads\/2018\/12\/Performance-at-City-of-God-youth-festival-620x348.jpg 620w, https:\/\/rioonwatch.org.br\/wp-content\/uploads\/2018\/12\/Performance-at-City-of-God-youth-festival-470x264.jpg 470w, https:\/\/rioonwatch.org.br\/wp-content\/uploads\/2018\/12\/Performance-at-City-of-God-youth-festival-768x432.jpg 768w, https:\/\/rioonwatch.org.br\/wp-content\/uploads\/2018\/12\/Performance-at-City-of-God-youth-festival-1024x575.jpg 1024w, https:\/\/rioonwatch.org.br\/wp-content\/uploads\/2018\/12\/Performance-at-City-of-God-youth-festival-580x326.jpg 580w, https:\/\/rioonwatch.org.br\/wp-content\/uploads\/2018\/12\/Performance-at-City-of-God-youth-festival-174x98.jpg 174w, https:\/\/rioonwatch.org.br\/wp-content\/uploads\/2018\/12\/Performance-at-City-of-God-youth-festival.jpg 2000w\" sizes=\"(max-width: 620px) 100vw, 620px\" \/><\/a><\/p>\n<h3>Mobiliza\u00e7\u00e3o para Apoiar o Desenvolvimento Local<\/h3>\n<p>Na semana seguinte, Iara falou mais sobre a hist\u00f3ria e a miss\u00e3o da organiza\u00e7\u00e3o durante o extenso interc\u00e2mbio final da RFS no <a href=\"http:\/\/bit.ly\/2yiVC7W\" target=\"_blank\" rel=\"noopener\">Ecomuseu de Sepetiba<\/a>. Nascida e criada na Cidade de Deus, Iara <a href=\"http:\/\/bit.ly\/2h9S7sU\" target=\"_blank\" rel=\"noopener\">fundou o Alfazendo<\/a> em 1998 como uma rede inspirada nas metodologias de liberta\u00e7\u00e3o do renomado te\u00f3rico social e educador <a href=\"http:\/\/bit.ly\/2kT3C9s\" target=\"_blank\" rel=\"noopener\">Paulo Freire<\/a>. Anos depois, aplicou estes m\u00e9todos pedag\u00f3gicos do Alfazendo para enfrentar os desafios socioambientais da comunidade, lan\u00e7ando o\u00a0<a href=\"http:\/\/bit.ly\/1Rkm8lR\" target=\"_blank\" rel=\"noopener\">Eco Rede<\/a> em 2010. \u201cA gente [estava] incomodado, porque a gente olhava de uma ponte que temos na Cidade de Deus, e a Barra estava cada vez mais pr\u00f3xima\u2014e a gente n\u00e3o tinha nenhuma pol\u00edtica p\u00fablica que de fato melhorasse a qualidade de vida dos moradores\u201d, disse ela aos integrantes da RFS.<\/p>\n<p><a href=\"http:\/\/rioonwatch.org.br\/wp-content\/uploads\/2018\/12\/Eco-Rede-crian\u00e7as.jpg\"><img loading=\"lazy\" decoding=\"async\" class=\"aligncenter wp-image-38121 size-medium\" title=\"Crian\u00e7as brincam na instala\u00e7\u00e3o da Eco Rede feita a partir de materiais reciclados.\" src=\"http:\/\/rioonwatch.org.br\/wp-content\/uploads\/2018\/12\/Eco-Rede-crian\u00e7as-620x348.jpg\" alt=\"\" width=\"620\" height=\"348\" srcset=\"https:\/\/rioonwatch.org.br\/wp-content\/uploads\/2018\/12\/Eco-Rede-crian\u00e7as-620x348.jpg 620w, https:\/\/rioonwatch.org.br\/wp-content\/uploads\/2018\/12\/Eco-Rede-crian\u00e7as-470x264.jpg 470w, https:\/\/rioonwatch.org.br\/wp-content\/uploads\/2018\/12\/Eco-Rede-crian\u00e7as-768x432.jpg 768w, https:\/\/rioonwatch.org.br\/wp-content\/uploads\/2018\/12\/Eco-Rede-crian\u00e7as-1024x575.jpg 1024w, https:\/\/rioonwatch.org.br\/wp-content\/uploads\/2018\/12\/Eco-Rede-crian\u00e7as-580x326.jpg 580w, https:\/\/rioonwatch.org.br\/wp-content\/uploads\/2018\/12\/Eco-Rede-crian\u00e7as-174x98.jpg 174w, https:\/\/rioonwatch.org.br\/wp-content\/uploads\/2018\/12\/Eco-Rede-crian\u00e7as.jpg 2000w\" sizes=\"(max-width: 620px) 100vw, 620px\" \/><\/a><\/p>\n<p>Como Iara explicou, a Cidade de Deus \u00e9 composta por 57 pequenas favelas divididas em 14 \u00e1reas diferentes. Para atender efetivamente essa complexidade, Alfazendo e outros parceiros locais se propuseram a criar um Plano de Desenvolvimento Local (PDL) que inclu\u00edsse &#8220;nove \u00e1reas tem\u00e1ticas para que as institui\u00e7\u00f5es na Cidade de Deus briguem por pol\u00edtica p\u00fablica <em>para<\/em> a Cidade de Deus\u201d. Iara enfatizou a import\u00e2ncia de trabalhar em conjunto, em rede: \u201cO Alfazendo sozinho\u00a0n\u00e3o faz nada. Ent\u00e3o se a gente n\u00e3o faz nada sozinho, a gente precisa das escolas, a gente precisa do morador, a gente precisa das institui\u00e7\u00f5es de base, do jovem qualificado, para brigar e disputar poder. Ent\u00e3o \u00e9 isso que a gente faz: n\u00f3s somos um grupo de forma\u00e7\u00e3o&#8221;.<\/p>\n<p><a href=\"http:\/\/rioonwatch.org.br\/wp-content\/uploads\/2018\/12\/Exposi\u00e7\u00e3o-de-fotografia-mostra-a-hist\u00f3ria-da-cidade-de-Deus-que-completou-50-anos-no-ano-passado..jpg\"><img loading=\"lazy\" decoding=\"async\" class=\"aligncenter wp-image-38129 size-medium\" title=\"Exposi\u00e7\u00e3o de fotografia mostra a hist\u00f3ria da cidade de Deus, que completou 50 anos no ano passado.\" src=\"http:\/\/rioonwatch.org.br\/wp-content\/uploads\/2018\/12\/Exposi\u00e7\u00e3o-de-fotografia-mostra-a-hist\u00f3ria-da-cidade-de-Deus-que-completou-50-anos-no-ano-passado.-620x348.jpg\" alt=\"\" width=\"620\" height=\"348\" srcset=\"https:\/\/rioonwatch.org.br\/wp-content\/uploads\/2018\/12\/Exposi\u00e7\u00e3o-de-fotografia-mostra-a-hist\u00f3ria-da-cidade-de-Deus-que-completou-50-anos-no-ano-passado.-620x348.jpg 620w, https:\/\/rioonwatch.org.br\/wp-content\/uploads\/2018\/12\/Exposi\u00e7\u00e3o-de-fotografia-mostra-a-hist\u00f3ria-da-cidade-de-Deus-que-completou-50-anos-no-ano-passado.-470x264.jpg 470w, https:\/\/rioonwatch.org.br\/wp-content\/uploads\/2018\/12\/Exposi\u00e7\u00e3o-de-fotografia-mostra-a-hist\u00f3ria-da-cidade-de-Deus-que-completou-50-anos-no-ano-passado.-768x432.jpg 768w, https:\/\/rioonwatch.org.br\/wp-content\/uploads\/2018\/12\/Exposi\u00e7\u00e3o-de-fotografia-mostra-a-hist\u00f3ria-da-cidade-de-Deus-que-completou-50-anos-no-ano-passado.-1024x575.jpg 1024w, https:\/\/rioonwatch.org.br\/wp-content\/uploads\/2018\/12\/Exposi\u00e7\u00e3o-de-fotografia-mostra-a-hist\u00f3ria-da-cidade-de-Deus-que-completou-50-anos-no-ano-passado.-580x326.jpg 580w, https:\/\/rioonwatch.org.br\/wp-content\/uploads\/2018\/12\/Exposi\u00e7\u00e3o-de-fotografia-mostra-a-hist\u00f3ria-da-cidade-de-Deus-que-completou-50-anos-no-ano-passado.-174x98.jpg 174w, https:\/\/rioonwatch.org.br\/wp-content\/uploads\/2018\/12\/Exposi\u00e7\u00e3o-de-fotografia-mostra-a-hist\u00f3ria-da-cidade-de-Deus-que-completou-50-anos-no-ano-passado..jpg 2000w\" sizes=\"(max-width: 620px) 100vw, 620px\" \/><\/a><\/p>\n<p>O processo de mapeamento e o Plano de Desenvolvimento Local ajudaram o grupo a determinar necessidades e reconhecer refer\u00eancias importantes dentro da comunidade. &#8220;Se a gente\u00a0n\u00e3o tem\u00a0desenvolvimento local, se as pessoas n\u00e3o tiverem uma identidade\u00a0com o local, a gente\u00a0n\u00e3o faz um movimento local&#8221;, afirmou Iara. A cria\u00e7\u00e3o do PDL incluiu as perguntas: \u201cQu<span lang=\"pt-BR\">em pode contribuir? Apoiar? Quem tem um projeto ligado? Em qual institui\u00e7\u00e3o podemos contar, ou n\u00e3o?<\/span>\u201d, disse Iara. A partir da\u00ed, o Alfazendo decidiu trabalhar com professores para apoiar a educa\u00e7\u00e3o socioambiental nas escolas locais, e organizar atividades relacionadas, como o desenvolvimento de hortas comunit\u00e1rias, e criar um sistema de apoio e treinamento para os catadores de materiais recicl\u00e1veis \u200b\u200bda comunidade.<\/p>\n<h3>&#8220;Lutando por Este Territ\u00f3rio&#8221; Atrav\u00e9s da Educa\u00e7\u00e3o Socioambiental<\/h3>\n<p><a href=\"http:\/\/rioonwatch.org.br\/wp-content\/uploads\/2018\/12\/Festival-na-CD.jpg\"><img loading=\"lazy\" decoding=\"async\" class=\"aligncenter wp-image-38131 size-medium\" title=\"Cabeleireiras tran\u00e7am cabelos de participantes.\" src=\"http:\/\/rioonwatch.org.br\/wp-content\/uploads\/2018\/12\/Festival-na-CD-620x379.jpg\" alt=\"\" width=\"620\" height=\"379\" srcset=\"https:\/\/rioonwatch.org.br\/wp-content\/uploads\/2018\/12\/Festival-na-CD-620x379.jpg 620w, https:\/\/rioonwatch.org.br\/wp-content\/uploads\/2018\/12\/Festival-na-CD-432x264.jpg 432w, https:\/\/rioonwatch.org.br\/wp-content\/uploads\/2018\/12\/Festival-na-CD-768x470.jpg 768w, https:\/\/rioonwatch.org.br\/wp-content\/uploads\/2018\/12\/Festival-na-CD-1024x626.jpg 1024w, https:\/\/rioonwatch.org.br\/wp-content\/uploads\/2018\/12\/Festival-na-CD.jpg 2000w\" sizes=\"(max-width: 620px) 100vw, 620px\" \/><\/a><\/p>\n<p>O Eco Rede, que Iara descreve como \u201cuma tecnologia social para apoiar o desenvolvimento socioambiental\u201d, complementa o curr\u00edculo de aula em 28 escolas locais. O Eco Rede enfatiza a educa\u00e7\u00e3o ambiental que aborda a realidade dos alunos, adaptando as aulas com base nas necessidades locais e incluindo discuss\u00f5es sobre quest\u00f5es sociais relacionadas a ra\u00e7a e g\u00eanero.<\/p>\n<p>Iara compartilhou dados de atividades realizadas pelo Eco Rede nos \u00faltimos seis anos: de 2011 a 2017, a iniciativa deu 316 horas de treinamento para catadores de materiais recicl\u00e1veis, 1.666 diferentes oficinas e 1.916 horas de atividades educacionais, juntamente com 350 professores participantes.<\/p>\n<p>\u201cCada vez que a gente coloca um jovem na universidade, cada vez que a gente coloca um jovem terminando o ensino m\u00e9dio, a gente est\u00e1 brigando pelo territ\u00f3rio\u201d, disse Iara. Ao mesmo tempo, ela enfatizou que \u201cn\u00e3o existe uma solu\u00e7\u00e3o individual\u201d, conectando a import\u00e2ncia das redes intra-comunit\u00e1rias com a necessidade de redes entre comunidades, como a Rede Favela Sustent\u00e1vel.<\/p>\n<h4><a href=\"http:\/\/bit.ly\/IntercambiosRFS\" target=\"_blank\" rel=\"noopener\">Leia sobre todos os interc\u00e2mbios da Rede Favela Sustent\u00e1vel\u00a02018 aqui<\/a>.<\/h4>\n<p>*<em>RioOnWatch<\/em>\u00a0\u00e9 um projeto da Comunidades Catalisadoras<\/p>\n<!-- AddThis Advanced Settings generic via filter on the_content --><!-- AddThis Share Buttons generic via filter on the_content -->","protected":false},"excerpt":{"rendered":"<div class=\"mh-excerpt\"><p>Click Here for English A\u00a0Rede Favela Sustent\u00e1vel\u00a0(RFS) \u00e9 um projeto da\u00a0Comunidades Catalisadoras\u00a0(ComCat)* desenhado para construir redes de solidariedade, dar visibilidade, e desenvolver a\u00e7\u00f5es conjuntas que apoiem a expans\u00e3o de iniciativas comunit\u00e1rias que fortalecem a sustentabilidade <a class=\"mh-excerpt-more\" href=\"https:\/\/rioonwatch.org.br\/?p=38100\" title=\"EcoRede CDD d\u00e1 Aula de Educa\u00e7\u00e3o Socioambiental no 4\u00ba Interc\u00e2mbio da Rede Favela Sustent\u00e1vel\">[&#8230;]<\/a><!-- AddThis Advanced Settings generic via filter on get_the_excerpt --><!-- AddThis Share Buttons generic via filter on get_the_excerpt --><\/p>\n<\/div>","protected":false},"author":129,"featured_media":38106,"comment_status":"closed","ping_status":"closed","sticky":false,"template":"","format":"standard","meta":{"_acf_changed":false,"_monsterinsights_skip_tracking":false,"_monsterinsights_sitenote_active":false,"_monsterinsights_sitenote_note":"","_monsterinsights_sitenote_category":0,"footnotes":""},"categories":[1621,1627,1615,1626,1616,1612,342,1639],"tags":[103,554,2553,332,513,421,316,363,1096,1554,1097,358,2431,361,2289,2549,404,218,184],"writer":[2370],"translator":[1491],"source":[],"ilustrador":[],"fotografo":[],"class_list":{"0":"post-38100","1":"post","2":"type-post","3":"status-publish","4":"format-standard","5":"has-post-thumbnail","7":"category-destaque","8":"category-relato-de-evento","9":"category-cultura-da-favela","10":"category-por-observadores-internacionais","11":"category-qualidades-da-favela","12":"category-sociedade-civil","13":"category-solucoes","14":"category-sustentabilidade","15":"tag-catadores","16":"tag-cidade-de-deus","17":"tag-coleta-de-lixo","18":"tag-complexo-da-mare","19":"tag-cultura-afro-brasileira","20":"tag-cultura-da-favela","21":"tag-educacao","22":"tag-educacao-ambiental","23":"tag-favela-como-modelo-sustentavel","24":"tag-gestao-de-residuos","25":"tag-horta-comunitaria","26":"tag-organizacao-comunitaria","27":"tag-pedagogia","28":"tag-reciclagem","29":"tag-serie","30":"tag-serie-intercambios-da-rfs","31":"tag-sustentabilidade","32":"tag-zona-norte","33":"tag-zona-oeste","34":"writer-jessica-depies","35":"translator-patricia-gomes"},"acf":[],"yoast_head":"<!-- This site is optimized with the Yoast SEO plugin v25.6 - https:\/\/yoast.com\/wordpress\/plugins\/seo\/ -->\n<title>EcoRede CDD d\u00e1 Aula de Educa\u00e7\u00e3o Socioambiental no 4\u00ba Interc\u00e2mbio da Rede Favela Sustent\u00e1vel - RioOnWatch<\/title>\n<meta name=\"robots\" content=\"index, follow, max-snippet:-1, max-image-preview:large, max-video-preview:-1\" \/>\n<link rel=\"canonical\" href=\"https:\/\/rioonwatch.org.br\/?p=38100\" \/>\n<meta property=\"og:locale\" content=\"pt_BR\" \/>\n<meta property=\"og:type\" content=\"article\" \/>\n<meta property=\"og:title\" content=\"EcoRede CDD d\u00e1 Aula de Educa\u00e7\u00e3o Socioambiental no 4\u00ba Interc\u00e2mbio da Rede Favela Sustent\u00e1vel - RioOnWatch\" \/>\n<meta property=\"og:description\" content=\"Click Here for English A\u00a0Rede Favela Sustent\u00e1vel\u00a0(RFS) \u00e9 um projeto da\u00a0Comunidades Catalisadoras\u00a0(ComCat)* desenhado para construir redes de solidariedade, dar visibilidade, e desenvolver a\u00e7\u00f5es conjuntas que apoiem a expans\u00e3o de iniciativas comunit\u00e1rias que fortalecem a sustentabilidade [...]\" \/>\n<meta property=\"og:url\" content=\"https:\/\/rioonwatch.org.br\/?p=38100\" \/>\n<meta property=\"og:site_name\" content=\"RioOnWatch\" \/>\n<meta property=\"article:published_time\" content=\"2018-12-28T22:08:25+00:00\" \/>\n<meta property=\"article:modified_time\" content=\"2022-09-16T20:14:30+00:00\" \/>\n<meta property=\"og:image\" content=\"https:\/\/rioonwatch.org.br\/wp-content\/uploads\/2018\/12\/Iara-Eco-rede.jpg\" \/>\n\t<meta property=\"og:image:width\" content=\"2000\" \/>\n\t<meta property=\"og:image:height\" content=\"1124\" \/>\n\t<meta property=\"og:image:type\" content=\"image\/jpeg\" \/>\n<meta name=\"author\" content=\"Admin\" \/>\n<meta name=\"twitter:card\" content=\"summary_large_image\" \/>\n<meta name=\"twitter:label1\" content=\"Escrito por\" \/>\n\t<meta name=\"twitter:data1\" content=\"Admin\" \/>\n\t<meta name=\"twitter:label2\" content=\"Est. tempo de leitura\" \/>\n\t<meta name=\"twitter:data2\" content=\"8 minutos\" \/>\n<script type=\"application\/ld+json\" class=\"yoast-schema-graph\">{\"@context\":\"https:\/\/schema.org\",\"@graph\":[{\"@type\":\"Article\",\"@id\":\"https:\/\/rioonwatch.org.br\/?p=38100#article\",\"isPartOf\":{\"@id\":\"https:\/\/rioonwatch.org.br\/?p=38100\"},\"author\":{\"name\":\"Admin\",\"@id\":\"https:\/\/rioonwatch.org.br\/#\/schema\/person\/11d64c290506f9df50c71b850c473f68\"},\"headline\":\"EcoRede CDD d\u00e1 Aula de Educa\u00e7\u00e3o Socioambiental no 4\u00ba Interc\u00e2mbio da Rede Favela Sustent\u00e1vel\",\"datePublished\":\"2018-12-28T22:08:25+00:00\",\"dateModified\":\"2022-09-16T20:14:30+00:00\",\"mainEntityOfPage\":{\"@id\":\"https:\/\/rioonwatch.org.br\/?p=38100\"},\"wordCount\":1301,\"publisher\":{\"@id\":\"https:\/\/rioonwatch.org.br\/#organization\"},\"image\":{\"@id\":\"https:\/\/rioonwatch.org.br\/?p=38100#primaryimage\"},\"thumbnailUrl\":\"https:\/\/rioonwatch.org.br\/wp-content\/uploads\/2018\/12\/Iara-Eco-rede.jpg\",\"keywords\":[\"catadores\",\"Cidade de Deus\",\"coleta de lixo\",\"Complexo da Mar\u00e9\",\"Cultura Afro-brasileira\",\"cultura da favela\",\"educa\u00e7\u00e3o\",\"educa\u00e7\u00e3o ambiental\",\"Favela Como Modelo Sustent\u00e1vel\",\"gest\u00e3o de res\u00edduos\",\"horta comunit\u00e1ria\",\"organiza\u00e7\u00e3o comunit\u00e1ria\",\"pedagogia\",\"reciclagem\",\"S\u00e9rie\",\"S\u00e9rie: Interc\u00e2mbios da RFS\",\"sustentabilidade\",\"Zona Norte\",\"Zona Oeste\"],\"articleSection\":[\"*Destaque\",\"Cobertura de Eventos\",\"Cultura da Favela\",\"Escrito por Aliados\",\"Qualidades da Favela\",\"Sociedade Civil\",\"Solu\u00e7\u00f5es\",\"Sustentabilidade\"],\"inLanguage\":\"pt-BR\"},{\"@type\":\"WebPage\",\"@id\":\"https:\/\/rioonwatch.org.br\/?p=38100\",\"url\":\"https:\/\/rioonwatch.org.br\/?p=38100\",\"name\":\"EcoRede CDD d\u00e1 Aula de Educa\u00e7\u00e3o Socioambiental no 4\u00ba Interc\u00e2mbio da Rede Favela Sustent\u00e1vel - RioOnWatch\",\"isPartOf\":{\"@id\":\"https:\/\/rioonwatch.org.br\/#website\"},\"primaryImageOfPage\":{\"@id\":\"https:\/\/rioonwatch.org.br\/?p=38100#primaryimage\"},\"image\":{\"@id\":\"https:\/\/rioonwatch.org.br\/?p=38100#primaryimage\"},\"thumbnailUrl\":\"https:\/\/rioonwatch.org.br\/wp-content\/uploads\/2018\/12\/Iara-Eco-rede.jpg\",\"datePublished\":\"2018-12-28T22:08:25+00:00\",\"dateModified\":\"2022-09-16T20:14:30+00:00\",\"breadcrumb\":{\"@id\":\"https:\/\/rioonwatch.org.br\/?p=38100#breadcrumb\"},\"inLanguage\":\"pt-BR\",\"potentialAction\":[{\"@type\":\"ReadAction\",\"target\":[\"https:\/\/rioonwatch.org.br\/?p=38100\"]}]},{\"@type\":\"ImageObject\",\"inLanguage\":\"pt-BR\",\"@id\":\"https:\/\/rioonwatch.org.br\/?p=38100#primaryimage\",\"url\":\"https:\/\/rioonwatch.org.br\/wp-content\/uploads\/2018\/12\/Iara-Eco-rede.jpg\",\"contentUrl\":\"https:\/\/rioonwatch.org.br\/wp-content\/uploads\/2018\/12\/Iara-Eco-rede.jpg\",\"width\":2000,\"height\":1124},{\"@type\":\"BreadcrumbList\",\"@id\":\"https:\/\/rioonwatch.org.br\/?p=38100#breadcrumb\",\"itemListElement\":[{\"@type\":\"ListItem\",\"position\":1,\"name\":\"In\u00edcio\",\"item\":\"https:\/\/rioonwatch.org.br\/\"},{\"@type\":\"ListItem\",\"position\":2,\"name\":\"EcoRede CDD d\u00e1 Aula de Educa\u00e7\u00e3o Socioambiental no 4\u00ba Interc\u00e2mbio da Rede Favela Sustent\u00e1vel\"}]},{\"@type\":\"WebSite\",\"@id\":\"https:\/\/rioonwatch.org.br\/#website\",\"url\":\"https:\/\/rioonwatch.org.br\/\",\"name\":\"RioOnWatch\",\"description\":\"relatos das favelas cariocas\",\"publisher\":{\"@id\":\"https:\/\/rioonwatch.org.br\/#organization\"},\"potentialAction\":[{\"@type\":\"SearchAction\",\"target\":{\"@type\":\"EntryPoint\",\"urlTemplate\":\"https:\/\/rioonwatch.org.br\/?s={search_term_string}\"},\"query-input\":{\"@type\":\"PropertyValueSpecification\",\"valueRequired\":true,\"valueName\":\"search_term_string\"}}],\"inLanguage\":\"pt-BR\"},{\"@type\":\"Organization\",\"@id\":\"https:\/\/rioonwatch.org.br\/#organization\",\"name\":\"RioOnWatch\",\"url\":\"https:\/\/rioonwatch.org.br\/\",\"logo\":{\"@type\":\"ImageObject\",\"inLanguage\":\"pt-BR\",\"@id\":\"https:\/\/rioonwatch.org.br\/#\/schema\/logo\/image\/\",\"url\":\"https:\/\/rioonwatch.org.br\/wp-content\/uploads\/2021\/06\/RioOnWatchcabecalhoPT11anos-2.png\",\"contentUrl\":\"https:\/\/rioonwatch.org.br\/wp-content\/uploads\/2021\/06\/RioOnWatchcabecalhoPT11anos-2.png\",\"width\":779,\"height\":277,\"caption\":\"RioOnWatch\"},\"image\":{\"@id\":\"https:\/\/rioonwatch.org.br\/#\/schema\/logo\/image\/\"}},{\"@type\":\"Person\",\"@id\":\"https:\/\/rioonwatch.org.br\/#\/schema\/person\/11d64c290506f9df50c71b850c473f68\",\"name\":\"Admin\",\"image\":{\"@type\":\"ImageObject\",\"inLanguage\":\"pt-BR\",\"@id\":\"https:\/\/rioonwatch.org.br\/#\/schema\/person\/image\/\",\"url\":\"https:\/\/secure.gravatar.com\/avatar\/56211ac74568383903349a1485e3c325?s=96&d=blank&r=g\",\"contentUrl\":\"https:\/\/secure.gravatar.com\/avatar\/56211ac74568383903349a1485e3c325?s=96&d=blank&r=g\",\"caption\":\"Admin\"},\"url\":\"https:\/\/rioonwatch.org.br\/?author=129\"}]}<\/script>\n<!-- \/ Yoast SEO plugin. -->","yoast_head_json":{"title":"EcoRede CDD d\u00e1 Aula de Educa\u00e7\u00e3o Socioambiental no 4\u00ba Interc\u00e2mbio da Rede Favela Sustent\u00e1vel - RioOnWatch","robots":{"index":"index","follow":"follow","max-snippet":"max-snippet:-1","max-image-preview":"max-image-preview:large","max-video-preview":"max-video-preview:-1"},"canonical":"https:\/\/rioonwatch.org.br\/?p=38100","og_locale":"pt_BR","og_type":"article","og_title":"EcoRede CDD d\u00e1 Aula de Educa\u00e7\u00e3o Socioambiental no 4\u00ba Interc\u00e2mbio da Rede Favela Sustent\u00e1vel - RioOnWatch","og_description":"Click Here for English A\u00a0Rede Favela Sustent\u00e1vel\u00a0(RFS) \u00e9 um projeto da\u00a0Comunidades Catalisadoras\u00a0(ComCat)* desenhado para construir redes de solidariedade, dar visibilidade, e desenvolver a\u00e7\u00f5es conjuntas que apoiem a expans\u00e3o de iniciativas comunit\u00e1rias que fortalecem a sustentabilidade [...]","og_url":"https:\/\/rioonwatch.org.br\/?p=38100","og_site_name":"RioOnWatch","article_published_time":"2018-12-28T22:08:25+00:00","article_modified_time":"2022-09-16T20:14:30+00:00","og_image":[{"width":2000,"height":1124,"url":"https:\/\/rioonwatch.org.br\/wp-content\/uploads\/2018\/12\/Iara-Eco-rede.jpg","type":"image\/jpeg"}],"author":"Admin","twitter_card":"summary_large_image","twitter_misc":{"Escrito por":"Admin","Est. tempo de leitura":"8 minutos"},"schema":{"@context":"https:\/\/schema.org","@graph":[{"@type":"Article","@id":"https:\/\/rioonwatch.org.br\/?p=38100#article","isPartOf":{"@id":"https:\/\/rioonwatch.org.br\/?p=38100"},"author":{"name":"Admin","@id":"https:\/\/rioonwatch.org.br\/#\/schema\/person\/11d64c290506f9df50c71b850c473f68"},"headline":"EcoRede CDD d\u00e1 Aula de Educa\u00e7\u00e3o Socioambiental no 4\u00ba Interc\u00e2mbio da Rede Favela Sustent\u00e1vel","datePublished":"2018-12-28T22:08:25+00:00","dateModified":"2022-09-16T20:14:30+00:00","mainEntityOfPage":{"@id":"https:\/\/rioonwatch.org.br\/?p=38100"},"wordCount":1301,"publisher":{"@id":"https:\/\/rioonwatch.org.br\/#organization"},"image":{"@id":"https:\/\/rioonwatch.org.br\/?p=38100#primaryimage"},"thumbnailUrl":"https:\/\/rioonwatch.org.br\/wp-content\/uploads\/2018\/12\/Iara-Eco-rede.jpg","keywords":["catadores","Cidade de Deus","coleta de lixo","Complexo da Mar\u00e9","Cultura Afro-brasileira","cultura da favela","educa\u00e7\u00e3o","educa\u00e7\u00e3o ambiental","Favela Como Modelo Sustent\u00e1vel","gest\u00e3o de res\u00edduos","horta comunit\u00e1ria","organiza\u00e7\u00e3o comunit\u00e1ria","pedagogia","reciclagem","S\u00e9rie","S\u00e9rie: Interc\u00e2mbios da RFS","sustentabilidade","Zona Norte","Zona Oeste"],"articleSection":["*Destaque","Cobertura de Eventos","Cultura da Favela","Escrito por Aliados","Qualidades da Favela","Sociedade Civil","Solu\u00e7\u00f5es","Sustentabilidade"],"inLanguage":"pt-BR"},{"@type":"WebPage","@id":"https:\/\/rioonwatch.org.br\/?p=38100","url":"https:\/\/rioonwatch.org.br\/?p=38100","name":"EcoRede CDD d\u00e1 Aula de Educa\u00e7\u00e3o Socioambiental no 4\u00ba Interc\u00e2mbio da Rede Favela Sustent\u00e1vel - RioOnWatch","isPartOf":{"@id":"https:\/\/rioonwatch.org.br\/#website"},"primaryImageOfPage":{"@id":"https:\/\/rioonwatch.org.br\/?p=38100#primaryimage"},"image":{"@id":"https:\/\/rioonwatch.org.br\/?p=38100#primaryimage"},"thumbnailUrl":"https:\/\/rioonwatch.org.br\/wp-content\/uploads\/2018\/12\/Iara-Eco-rede.jpg","datePublished":"2018-12-28T22:08:25+00:00","dateModified":"2022-09-16T20:14:30+00:00","breadcrumb":{"@id":"https:\/\/rioonwatch.org.br\/?p=38100#breadcrumb"},"inLanguage":"pt-BR","potentialAction":[{"@type":"ReadAction","target":["https:\/\/rioonwatch.org.br\/?p=38100"]}]},{"@type":"ImageObject","inLanguage":"pt-BR","@id":"https:\/\/rioonwatch.org.br\/?p=38100#primaryimage","url":"https:\/\/rioonwatch.org.br\/wp-content\/uploads\/2018\/12\/Iara-Eco-rede.jpg","contentUrl":"https:\/\/rioonwatch.org.br\/wp-content\/uploads\/2018\/12\/Iara-Eco-rede.jpg","width":2000,"height":1124},{"@type":"BreadcrumbList","@id":"https:\/\/rioonwatch.org.br\/?p=38100#breadcrumb","itemListElement":[{"@type":"ListItem","position":1,"name":"In\u00edcio","item":"https:\/\/rioonwatch.org.br\/"},{"@type":"ListItem","position":2,"name":"EcoRede CDD d\u00e1 Aula de Educa\u00e7\u00e3o Socioambiental no 4\u00ba Interc\u00e2mbio da Rede Favela Sustent\u00e1vel"}]},{"@type":"WebSite","@id":"https:\/\/rioonwatch.org.br\/#website","url":"https:\/\/rioonwatch.org.br\/","name":"RioOnWatch","description":"relatos das favelas cariocas","publisher":{"@id":"https:\/\/rioonwatch.org.br\/#organization"},"potentialAction":[{"@type":"SearchAction","target":{"@type":"EntryPoint","urlTemplate":"https:\/\/rioonwatch.org.br\/?s={search_term_string}"},"query-input":{"@type":"PropertyValueSpecification","valueRequired":true,"valueName":"search_term_string"}}],"inLanguage":"pt-BR"},{"@type":"Organization","@id":"https:\/\/rioonwatch.org.br\/#organization","name":"RioOnWatch","url":"https:\/\/rioonwatch.org.br\/","logo":{"@type":"ImageObject","inLanguage":"pt-BR","@id":"https:\/\/rioonwatch.org.br\/#\/schema\/logo\/image\/","url":"https:\/\/rioonwatch.org.br\/wp-content\/uploads\/2021\/06\/RioOnWatchcabecalhoPT11anos-2.png","contentUrl":"https:\/\/rioonwatch.org.br\/wp-content\/uploads\/2021\/06\/RioOnWatchcabecalhoPT11anos-2.png","width":779,"height":277,"caption":"RioOnWatch"},"image":{"@id":"https:\/\/rioonwatch.org.br\/#\/schema\/logo\/image\/"}},{"@type":"Person","@id":"https:\/\/rioonwatch.org.br\/#\/schema\/person\/11d64c290506f9df50c71b850c473f68","name":"Admin","image":{"@type":"ImageObject","inLanguage":"pt-BR","@id":"https:\/\/rioonwatch.org.br\/#\/schema\/person\/image\/","url":"https:\/\/secure.gravatar.com\/avatar\/56211ac74568383903349a1485e3c325?s=96&d=blank&r=g","contentUrl":"https:\/\/secure.gravatar.com\/avatar\/56211ac74568383903349a1485e3c325?s=96&d=blank&r=g","caption":"Admin"},"url":"https:\/\/rioonwatch.org.br\/?author=129"}]}},"_links":{"self":[{"href":"https:\/\/rioonwatch.org.br\/index.php?rest_route=\/wp\/v2\/posts\/38100"}],"collection":[{"href":"https:\/\/rioonwatch.org.br\/index.php?rest_route=\/wp\/v2\/posts"}],"about":[{"href":"https:\/\/rioonwatch.org.br\/index.php?rest_route=\/wp\/v2\/types\/post"}],"author":[{"embeddable":true,"href":"https:\/\/rioonwatch.org.br\/index.php?rest_route=\/wp\/v2\/users\/129"}],"replies":[{"embeddable":true,"href":"https:\/\/rioonwatch.org.br\/index.php?rest_route=%2Fwp%2Fv2%2Fcomments&post=38100"}],"version-history":[{"count":42,"href":"https:\/\/rioonwatch.org.br\/index.php?rest_route=\/wp\/v2\/posts\/38100\/revisions"}],"predecessor-version":[{"id":62773,"href":"https:\/\/rioonwatch.org.br\/index.php?rest_route=\/wp\/v2\/posts\/38100\/revisions\/62773"}],"wp:featuredmedia":[{"embeddable":true,"href":"https:\/\/rioonwatch.org.br\/index.php?rest_route=\/wp\/v2\/media\/38106"}],"wp:attachment":[{"href":"https:\/\/rioonwatch.org.br\/index.php?rest_route=%2Fwp%2Fv2%2Fmedia&parent=38100"}],"wp:term":[{"taxonomy":"category","embeddable":true,"href":"https:\/\/rioonwatch.org.br\/index.php?rest_route=%2Fwp%2Fv2%2Fcategories&post=38100"},{"taxonomy":"post_tag","embeddable":true,"href":"https:\/\/rioonwatch.org.br\/index.php?rest_route=%2Fwp%2Fv2%2Ftags&post=38100"},{"taxonomy":"writer","embeddable":true,"href":"https:\/\/rioonwatch.org.br\/index.php?rest_route=%2Fwp%2Fv2%2Fwriter&post=38100"},{"taxonomy":"translator","embeddable":true,"href":"https:\/\/rioonwatch.org.br\/index.php?rest_route=%2Fwp%2Fv2%2Ftranslator&post=38100"},{"taxonomy":"source","embeddable":true,"href":"https:\/\/rioonwatch.org.br\/index.php?rest_route=%2Fwp%2Fv2%2Fsource&post=38100"},{"taxonomy":"ilustrador","embeddable":true,"href":"https:\/\/rioonwatch.org.br\/index.php?rest_route=%2Fwp%2Fv2%2Filustrador&post=38100"},{"taxonomy":"fotografo","embeddable":true,"href":"https:\/\/rioonwatch.org.br\/index.php?rest_route=%2Fwp%2Fv2%2Ffotografo&post=38100"}],"curies":[{"name":"wp","href":"https:\/\/api.w.org\/{rel}","templated":true}]}}