{"id":38220,"date":"2019-01-11T11:53:14","date_gmt":"2019-01-11T14:53:14","guid":{"rendered":"http:\/\/rioonwatch.org.br\/?p=38220"},"modified":"2024-06-20T16:23:41","modified_gmt":"2024-06-20T19:23:41","slug":"a-violencia-contra-a-mulher-no-rio-de-janeiro-parte-1-introducao","status":"publish","type":"post","link":"https:\/\/rioonwatch.org.br\/?p=38220","title":{"rendered":"A Viol\u00eancia Contra a Mulher no Contexto das Remo\u00e7\u00f5es no Rio de Janeiro, Parte 1: Introdu\u00e7\u00e3o"},"content":{"rendered":"<p style=\"text-align: right;\"><em><strong><a href=\"http:\/\/bit.ly\/2AUAiq7\" target=\"_blank\" rel=\"noopener noreferrer\">Click Here for English<\/a><\/strong><\/em><strong><a href=\"http:\/\/bit.ly\/2AUAiq7\" target=\"_blank\" rel=\"noopener noreferrer\"><img decoding=\"async\" width=\"20\" height=\"20\" class=\"alignright wp-image-15790\" src=\"http:\/\/rioonwatch.org.br\/wp-content\/uploads\/2012\/08\/EN-standard-e1439583104716.jpg\" \/><\/a><\/strong><\/p>\n<p><em>Esta \u00e9 a primeira de uma <a href=\"http:\/\/bit.ly\/SerieMulherXRemocao\" target=\"_blank\" rel=\"noopener\">s\u00e9rie de quatro mat\u00e9rias<\/a> que\u00a0traz \u00e0 luz uma pesquisa que evidencia o padr\u00e3o territorial desigual no qual a viol\u00eancia contra a mulher se materializa na cidade do Rio de Janeiro.<\/em><\/p>\n<p>A viol\u00eancia contra a mulher \u00e9 sist\u00eamica e estrutura brutalmente a realidade\u00a0e sua materializa\u00e7\u00e3o no espa\u00e7o, que se d\u00e1 sempre de forma seletiva. Assim, \u00e9 fundamental compreender como esse fen\u00f4meno se fixa em alguns espa\u00e7os e se distribui de forma desigual na cidade, para conceber pol\u00edticas p\u00fablicas de <a href=\"http:\/\/bit.ly\/2QRJVQ7\" target=\"_blank\" rel=\"noopener\">habita\u00e7\u00e3o de interesse social<\/a>, mobilidade, educa\u00e7\u00e3o e sa\u00fade que incorporem a dimens\u00e3o da seguran\u00e7a p\u00fablica, especialmente da seguran\u00e7a da mulher. A pesquisa territorializada dos dados sobre viol\u00eancia contra a mulher \u00e9, portanto, urgente.<\/p>\n<p>As grandes transforma\u00e7\u00f5es urbanas operadas pelo poder p\u00fablico em parceria com as grandes empreiteiras ampliaram gravemente <a href=\"http:\/\/bit.ly\/2dqkrAR\" target=\"_blank\" rel=\"noopener\">a segrega\u00e7\u00e3o e a desigualdade social<\/a> na cidade do Rio de Janeiro nos \u00faltimos anos e com isso ampliaram a vulnerabilidade de milhares de fam\u00edlias. Nesse processo, muitas mulheres, por meio do engajamento e da viv\u00eancia no processo de resist\u00eancia \u00e0 remo\u00e7\u00e3o, <a href=\"http:\/\/bit.ly\/1THCRjN\" target=\"_blank\" rel=\"noopener\">tornaram-se bravas guerreiras<\/a> que transcenderam a luta por suas pr\u00f3prias moradias para lutar pela comunidade, pelo direito ao territ\u00f3rio.<\/p>\n<p><a href=\"http:\/\/rioonwatch.org.br\/wp-content\/uploads\/2019\/01\/1.1.jpg\"><img fetchpriority=\"high\" decoding=\"async\" class=\"aligncenter wp-image-38304 size-content\" title=\"A tentativa de manuten\u00e7\u00e3o da vida cotidiana apesar do caos das demoli\u00e7\u00f5es na Vila Aut\u00f3dromo em 2015.\" src=\"http:\/\/rioonwatch.org.br\/wp-content\/uploads\/2019\/01\/1.1-620x264.jpg\" alt=\"\" width=\"620\" height=\"264\" srcset=\"https:\/\/rioonwatch.org.br\/wp-content\/uploads\/2019\/01\/1.1-620x264.jpg 620w, https:\/\/rioonwatch.org.br\/wp-content\/uploads\/2019\/01\/1.1-940x400.jpg 940w\" sizes=\"(max-width: 620px) 100vw, 620px\" \/><\/a><\/p>\n<p>A realidade cotidiana dos <a href=\"http:\/\/bit.ly\/1BPonlt\" target=\"_blank\" rel=\"noopener\">perif\u00e9ricos conjuntos habitacionais<\/a> do programa Minha Casa Minha Vida (<a href=\"http:\/\/bit.ly\/Y4U9oJ\" target=\"_blank\" rel=\"noopener\">MCMV<\/a>) se apresenta de forma mais aguda para as mulheres. O <a href=\"http:\/\/bit.ly\/2ijZ1YZ\" target=\"_blank\" rel=\"noopener\">processo de remo\u00e7\u00f5es massivas<\/a> efetivado nos \u00faltimos anos implicou na <a href=\"http:\/\/bit.ly\/19kjZ0Z\" target=\"_blank\" rel=\"noopener\">desconex\u00e3o com as antigas localidades<\/a> e na <a href=\"http:\/\/bit.ly\/10TUTCw\" target=\"_blank\" rel=\"noopener\">ruptura dos la\u00e7os de solidariedade<\/a> que possibilitavam o trabalho feminino diante da escassez de institui\u00e7\u00f5es p\u00fablicas dedicadas ao cuidado infantil, por exemplo. Outro exemplo \u00e9 a insufici\u00eancia dos servi\u00e7os p\u00fablicos, que dificulta o atendimento m\u00e9dico cotidiano e a manuten\u00e7\u00e3o das crian\u00e7as na escola, condicionantes para o <a href=\"http:\/\/bit.ly\/2EQkicg\" target=\"_blank\" rel=\"noopener\">recebimento do Bolsa Fam\u00edlia<\/a>. A localiza\u00e7\u00e3o perif\u00e9rica posiciona ainda as mulheres em localidades onde as oportunidades de trabalho s\u00e3o mais escassas e precarizadas, refor\u00e7ando a presen\u00e7a feminina nas estat\u00edsticas de desemprego e informalidade\u2014<a href=\"https:\/\/abr.ai\/2Rn4cwm\" target=\"_blank\" rel=\"noopener\">uma pesquisa recente demonstra<\/a> que o padr\u00e3o da pessoa desempregada no Brasil em 2018 \u00e9 uma mulher de 34 anos, com filhos e ensino m\u00e9dio completo.<\/p>\n<p><a href=\"http:\/\/rioonwatch.org.br\/wp-content\/uploads\/2018\/12\/Roda-de-conversa.jpg\"><img decoding=\"async\" class=\"aligncenter wp-image-38227 size-content\" title=\" 2\u00aa Roda de Conversa de Mulheres Atingidas por Processo de Remo\u00e7\u00e3o realizado em 2017 na Ocupa\u00e7\u00e3o Mariana Crioula. Foto por Luiza Andrade.\" src=\"http:\/\/rioonwatch.org.br\/wp-content\/uploads\/2018\/12\/Roda-de-conversa-620x264.jpg\" alt=\"\" width=\"620\" height=\"264\" srcset=\"https:\/\/rioonwatch.org.br\/wp-content\/uploads\/2018\/12\/Roda-de-conversa-620x264.jpg 620w, https:\/\/rioonwatch.org.br\/wp-content\/uploads\/2018\/12\/Roda-de-conversa-940x400.jpg 940w\" sizes=\"(max-width: 620px) 100vw, 620px\" \/><\/a><\/p>\n<p>A complexidade que envolve a defini\u00e7\u00e3o das diretrizes de uma pol\u00edtica p\u00fablica se relaciona com os m\u00faltiplos objetivos e interesses pretendidos. O programa Minha Casa Minha Vida,\u00a0em seu desenho, concentrou-se na provis\u00e3o de habita\u00e7\u00e3o de interesse social, na produ\u00e7\u00e3o habitacional de mercado e em uma <a href=\"http:\/\/bit.ly\/2FdzOil\" target=\"_blank\" rel=\"noopener\">a\u00e7\u00e3o pretensamente antic\u00edclica<\/a>\u2014isto \u00e9, uma a\u00e7\u00e3o por parte do governo que visa minimizar os efeitos nocivos do ciclo econ\u00f4mico em curso\u2014<a href=\"http:\/\/bit.ly\/2CUKFLQ\" target=\"_blank\" rel=\"noopener\">cujo objetivo era criar empregos por meio do investimento na constru\u00e7\u00e3o civil<\/a>. Assim, o car\u00e1ter mercadol\u00f3gico assumido pelo programa influencia negativamente o seu potencial de prover o \u201cdireito \u00e0 cidade\u201d. Para al\u00e9m disso, um dado foi completamente invisibilizado e desconsiderado na defini\u00e7\u00e3o da l\u00f3gica de localiza\u00e7\u00e3o dos conjuntos habitacionais: a viol\u00eancia contra a mulher.<\/p>\n<p>A evidente inadequa\u00e7\u00e3o de localizar habita\u00e7\u00e3o de interesse social predominantemente na <a href=\"http:\/\/bit.ly\/11tBmFR\" target=\"_blank\" rel=\"noopener\">Zona Oeste<\/a>, em especial na <a href=\"http:\/\/bit.ly\/2RUKk0R\" target=\"_blank\" rel=\"noopener\">AP5<\/a>, pode ser comprovada pelos \u00edndices de expans\u00e3o urbana desordenada e descont\u00ednua na regi\u00e3o, pela insufici\u00eancia de infraestrutura e servi\u00e7os, al\u00e9m do baixo \u00cdndice de Desenvolvimento Social (<a href=\"http:\/\/bit.ly\/2BCRz6s\" target=\"_blank\" rel=\"noopener\">IDS<\/a>) dos bairros do local. Os dados sobre viol\u00eancia contra a mulher, por sua vez, evidenciam que viol\u00eancia, car\u00eancia e vulnerabilidade caminham juntas.<\/p>\n<p><a href=\"http:\/\/rioonwatch.org.br\/wp-content\/uploads\/2019\/01\/1.3.jpg\"><img loading=\"lazy\" decoding=\"async\" class=\"aligncenter wp-image-38305 size-large\" title=\"Ato de mulheres no Rio de Janeiro pede o fim da cultura do estupro 2016. Foto: Tomaz Silva\/Ag\u00eancia Brasil.\" src=\"http:\/\/rioonwatch.org.br\/wp-content\/uploads\/2019\/01\/1.3-1024x750.jpg\" alt=\"\" width=\"620\" height=\"454\" srcset=\"https:\/\/rioonwatch.org.br\/wp-content\/uploads\/2019\/01\/1.3-1024x750.jpg 1024w, https:\/\/rioonwatch.org.br\/wp-content\/uploads\/2019\/01\/1.3-360x264.jpg 360w, https:\/\/rioonwatch.org.br\/wp-content\/uploads\/2019\/01\/1.3-620x454.jpg 620w, https:\/\/rioonwatch.org.br\/wp-content\/uploads\/2019\/01\/1.3-768x563.jpg 768w\" sizes=\"(max-width: 620px) 100vw, 620px\" \/><\/a><\/p>\n<p>A presente pesquisa acerca da viol\u00eancia contra a mulher no Rio de Janeiro baseia-se nas ocorr\u00eancias de estupro, de les\u00e3o corporal dolosa e homic\u00eddio doloso contra mulheres e abrange o per\u00edodo entre 2009\u2014ano em que o MCMV come\u00e7a a ser implementado e o Rio de Janeiro \u00e9 escolhido como sede dos Jogos Ol\u00edmpicos\u2014e 2016\u2014ano que encerra o ciclo dos megaeventos que legitimaram as transforma\u00e7\u00f5es urbanas segregadoras e que o MCMV direcionado \u00e0 habita\u00e7\u00e3o social, <a href=\"http:\/\/bit.ly\/2CywsUK\" target=\"_blank\" rel=\"noopener\">na pr\u00e1tica, foi suspenso<\/a>. O padr\u00e3o territorial excludente e racista ficou evidente em todos os tipos de crime analisados.<\/p>\n<p>Os dados sobre viol\u00eancia contra a mulher aqui apresentados foram disponibilizados pelo Instituto de Seguran\u00e7a P\u00fablica (<a href=\"http:\/\/bit.ly\/2FXXOCe\" target=\"_blank\" rel=\"noopener\">ISP<\/a>) e t\u00eam como fonte o <a href=\"http:\/\/bit.ly\/2CUTYLL\" target=\"_blank\" rel=\"noopener\">banco de dados<\/a> dos registros de ocorr\u00eancia (RO) das Delegacias de Pol\u00edcia do Estado do Rio de Janeiro, disponibilizado pelo Departamento Geral de Tecnologia da Informa\u00e7\u00e3o e Telecomunica\u00e7\u00f5es (DGTIT). O ISP produz anualmente o <a href=\"http:\/\/bit.ly\/2QT37wQ\" target=\"_blank\" rel=\"noopener\">Dossi\u00ea Mulher<\/a>, apresentando dados sobre viol\u00eancia contra a mulher no estado do Rio de Janeiro.<\/p>\n<p>Aqui, os dados foram tratados destacando seu aspecto territorial e os tipos de crime mais significativos para a compreens\u00e3o do padr\u00e3o territorial excludente na cidade do Rio de Janeiro. Os dados dos ISP utilizam as Circunscri\u00e7\u00f5es Integradas de Seguran\u00e7a P\u00fablica (<a href=\"http:\/\/bit.ly\/2NHQ1NZ\" target=\"_blank\" rel=\"noopener\">CISP<\/a>), que compreendem bairros ou parte de bairros da cidade, como unidades territoriais de an\u00e1lise. As 32\u00aa, 35\u00aa e 36\u00aa CISPs, compostas por bairros da Zona Oeste do Rio, s\u00e3o as localidades que apresentam mais ocorr\u00eancias em valores absolutos e figuram entre as CISPs com as taxas de viol\u00eancia mais altas.<\/p>\n<p>A an\u00e1lise dos registros de ocorr\u00eancias da viol\u00eancia apresenta limites e n\u00e3o apreende o universo dos crimes cometidos em determinado local, mas \u00e9 importante como uma ferramenta para conceber pol\u00edticas p\u00fablicas integradas que rompam com o ciclo de viol\u00eancia contra a mulher. Os registros policiais s\u00e3o apenas uma estimativa dos crimes ocorridos, reconhecidamente subestimada, j\u00e1 que grande parte dos crimes n\u00e3o s\u00e3o reportados. Assim, os dados oficiais de criminalidade est\u00e3o sujeitos a uma s\u00e9rie de limitantes, refletindo o processo social de notifica\u00e7\u00e3o de crimes e n\u00e3o o universo dos crimes realmente cometidos em determinado local. A quest\u00e3o da subnotifica\u00e7\u00e3o \u00e9 amplamente reconhecida\u2014<a href=\"http:\/\/bit.ly\/2EPgMyJ\" target=\"_blank\" rel=\"noopener\">segundo estudos<\/a>, apenas 10% dos casos s\u00e3o notificados.<\/p>\n<p><a href=\"http:\/\/rioonwatch.org.br\/wp-content\/uploads\/2019\/01\/1.4.jpg\"><img loading=\"lazy\" decoding=\"async\" class=\"aligncenter wp-image-38306 size-content\" title=\"Marcha \u201cNenhuma a Menos\u201d realizada em 2017 em Buenos Aires\/Argentina. Foto: TitiNicola.\" src=\"http:\/\/rioonwatch.org.br\/wp-content\/uploads\/2019\/01\/1.4-620x264.jpg\" alt=\"\" width=\"620\" height=\"264\" srcset=\"https:\/\/rioonwatch.org.br\/wp-content\/uploads\/2019\/01\/1.4-620x264.jpg 620w, https:\/\/rioonwatch.org.br\/wp-content\/uploads\/2019\/01\/1.4-940x400.jpg 940w\" sizes=\"(max-width: 620px) 100vw, 620px\" \/><\/a><\/p>\n<p>Nas pr\u00f3ximas mat\u00e9rias os dados sobre estupro, les\u00e3o corporal dolosa, que engloba a quest\u00e3o da viol\u00eancia dom\u00e9stica, e as informa\u00e7\u00f5es sobre morte violenta de mulheres e feminic\u00eddio ser\u00e3o apresentados com o intuito de debater a rela\u00e7\u00e3o entre pol\u00edticas p\u00fablicas, territ\u00f3rio e viol\u00eancia contra a mulher.<\/p>\n<hr \/>\n<h3><em>S\u00e9rie Completa:\u00a0<a href=\"http:\/\/bit.ly\/SerieMulherXRemocao\" target=\"_blank\" rel=\"noopener\">A Viol\u00eancia Contra a Mulher no Contexto das Remo\u00e7\u00f5es<\/a><\/em><\/h3>\n<p><a href=\"http:\/\/bit.ly\/2QIIajC\" target=\"_blank\" rel=\"noopener\">Parte 1<\/a>: Introdu\u00e7\u00e3o<br \/>\n<a href=\"http:\/\/bit.ly\/2R4who3\" target=\"_blank\" rel=\"noopener\">Parte 2<\/a>: Viol\u00eancia como Pol\u00edtica de Controle<br \/>\n<a href=\"http:\/\/bit.ly\/2sZxx29\" target=\"_blank\" rel=\"noopener\">Parte 3<\/a>: Onde Mais se Bate, Mais se Mata?<br \/>\n<a href=\"http:\/\/bit.ly\/2WSrvhR\" target=\"_blank\" rel=\"noopener\">Parte 4<\/a>: O Machismo Institucional na Cidade Patriarcal<\/p>\n<!-- AddThis Advanced Settings generic via filter on the_content --><!-- AddThis Share Buttons generic via filter on the_content -->","protected":false},"excerpt":{"rendered":"<div class=\"mh-excerpt\"><p>Click Here for English Esta \u00e9 a primeira de uma s\u00e9rie de quatro mat\u00e9rias que\u00a0traz \u00e0 luz uma pesquisa que evidencia o padr\u00e3o territorial desigual no qual a viol\u00eancia contra a mulher se materializa na <a class=\"mh-excerpt-more\" href=\"https:\/\/rioonwatch.org.br\/?p=38220\" title=\"A Viol\u00eancia Contra a Mulher no Contexto das Remo\u00e7\u00f5es no Rio de Janeiro, Parte 1: Introdu\u00e7\u00e3o\">[&#8230;]<\/a><!-- AddThis Advanced Settings generic via filter on get_the_excerpt --><!-- AddThis Share Buttons generic via filter on get_the_excerpt --><\/p>\n<\/div>","protected":false},"author":129,"featured_media":38224,"comment_status":"closed","ping_status":"closed","sticky":false,"template":"","format":"standard","meta":{"_acf_changed":false,"_monsterinsights_skip_tracking":false,"_monsterinsights_sitenote_active":false,"_monsterinsights_sitenote_note":"","_monsterinsights_sitenote_category":0,"footnotes":""},"categories":[1621,1632,1631,1620],"tags":[893,831,424,316,42,324,722,2570,1240,246,560,1037,78,2451,839,14,294,672,2289,2572,30,2387,1864,184],"writer":[2566],"translator":[],"source":[],"ilustrador":[],"fotografo":[],"class_list":{"0":"post-38220","1":"post","2":"type-post","3":"status-publish","4":"format-standard","5":"has-post-thumbnail","7":"category-destaque","8":"category-pesquisa-e-analise","9":"category-entendendo-o-rio","10":"category-olhonaupp","11":"tag-bolsa-familia","12":"tag-direito-a-cidade","13":"tag-direito-a-moradia","14":"tag-educacao","15":"tag-genero","16":"tag-infraestrutura","17":"tag-legado","18":"tag-logica-mercadologica","19":"tag-megaeventos","20":"tag-minha-casa-minha-vida","21":"tag-mobilidade","22":"tag-moradia","23":"tag-olimpiadas","24":"tag-politicas-publicas","25":"tag-prioridades-publicas-equivocadas","26":"tag-remocao","27":"tag-saude","28":"tag-seguranca-publica","29":"tag-serie","30":"tag-serie-violencia-contra-a-mulher-x-remocoes","31":"tag-violencia","32":"tag-violencia-contra-a-mulher","33":"tag-violencia-sexual","34":"tag-zona-oeste","35":"writer-poliana-monteiro"},"acf":[],"yoast_head":"<!-- This site is optimized with the Yoast SEO plugin v25.6 - https:\/\/yoast.com\/wordpress\/plugins\/seo\/ -->\n<title>A Viol\u00eancia Contra a Mulher no Contexto das Remo\u00e7\u00f5es no Rio de Janeiro, Parte 1: Introdu\u00e7\u00e3o - RioOnWatch<\/title>\n<meta name=\"robots\" content=\"index, follow, max-snippet:-1, max-image-preview:large, max-video-preview:-1\" \/>\n<link rel=\"canonical\" href=\"https:\/\/rioonwatch.org.br\/?p=38220\" \/>\n<meta property=\"og:locale\" content=\"pt_BR\" \/>\n<meta property=\"og:type\" content=\"article\" \/>\n<meta property=\"og:title\" content=\"A Viol\u00eancia Contra a Mulher no Contexto das Remo\u00e7\u00f5es no Rio de Janeiro, Parte 1: Introdu\u00e7\u00e3o - RioOnWatch\" \/>\n<meta property=\"og:description\" content=\"Click Here for English Esta \u00e9 a primeira de uma s\u00e9rie de quatro mat\u00e9rias que\u00a0traz \u00e0 luz uma pesquisa que evidencia o padr\u00e3o territorial desigual no qual a viol\u00eancia contra a mulher se materializa na [...]\" \/>\n<meta property=\"og:url\" content=\"https:\/\/rioonwatch.org.br\/?p=38220\" \/>\n<meta property=\"og:site_name\" content=\"RioOnWatch\" \/>\n<meta property=\"article:published_time\" content=\"2019-01-11T14:53:14+00:00\" \/>\n<meta property=\"article:modified_time\" content=\"2024-06-20T19:23:41+00:00\" \/>\n<meta property=\"og:image\" content=\"https:\/\/rioonwatch.org.br\/wp-content\/uploads\/2018\/12\/machismo-mata.jpg\" \/>\n\t<meta property=\"og:image:width\" content=\"1600\" \/>\n\t<meta property=\"og:image:height\" content=\"820\" \/>\n\t<meta property=\"og:image:type\" content=\"image\/jpeg\" \/>\n<meta name=\"author\" content=\"Admin\" \/>\n<meta name=\"twitter:card\" content=\"summary_large_image\" \/>\n<meta name=\"twitter:label1\" content=\"Escrito por\" \/>\n\t<meta name=\"twitter:data1\" content=\"Admin\" \/>\n\t<meta name=\"twitter:label2\" content=\"Est. tempo de leitura\" \/>\n\t<meta name=\"twitter:data2\" content=\"6 minutos\" \/>\n<script type=\"application\/ld+json\" class=\"yoast-schema-graph\">{\"@context\":\"https:\/\/schema.org\",\"@graph\":[{\"@type\":\"Article\",\"@id\":\"https:\/\/rioonwatch.org.br\/?p=38220#article\",\"isPartOf\":{\"@id\":\"https:\/\/rioonwatch.org.br\/?p=38220\"},\"author\":{\"name\":\"Admin\",\"@id\":\"https:\/\/rioonwatch.org.br\/#\/schema\/person\/11d64c290506f9df50c71b850c473f68\"},\"headline\":\"A Viol\u00eancia Contra a Mulher no Contexto das Remo\u00e7\u00f5es no Rio de Janeiro, Parte 1: Introdu\u00e7\u00e3o\",\"datePublished\":\"2019-01-11T14:53:14+00:00\",\"dateModified\":\"2024-06-20T19:23:41+00:00\",\"mainEntityOfPage\":{\"@id\":\"https:\/\/rioonwatch.org.br\/?p=38220\"},\"wordCount\":1123,\"publisher\":{\"@id\":\"https:\/\/rioonwatch.org.br\/#organization\"},\"image\":{\"@id\":\"https:\/\/rioonwatch.org.br\/?p=38220#primaryimage\"},\"thumbnailUrl\":\"https:\/\/rioonwatch.org.br\/wp-content\/uploads\/2018\/12\/machismo-mata.jpg\",\"keywords\":[\"Bolsa Fam\u00edlia\",\"Direito \u00e0 Cidade\",\"Direito \u00e0 Moradia\",\"educa\u00e7\u00e3o\",\"g\u00eanero\",\"infraestrutura\",\"Legado Ol\u00edmpico\",\"l\u00f3gica mercadol\u00f3gica\",\"Megaeventos\",\"Minha Casa Minha Vida\",\"mobilidade\",\"moradia\",\"Olimp\u00edadas\",\"pol\u00edticas p\u00fablicas\",\"prioridades p\u00fablicas equivocadas\",\"Remo\u00e7\u00e3o\",\"sa\u00fade\",\"seguran\u00e7a p\u00fablica\",\"S\u00e9rie\",\"S\u00e9rie: Viol\u00eancia Contra a Mulher x Remo\u00e7\u00f5es\",\"viol\u00eancia\",\"viol\u00eancia contra a mulher\",\"viol\u00eancia sexual\",\"Zona Oeste\"],\"articleSection\":[\"*Destaque\",\"Dados e Pesquisa\",\"Entendendo o Rio\",\"Seguran\u00e7a P\u00fablica\"],\"inLanguage\":\"pt-BR\"},{\"@type\":\"WebPage\",\"@id\":\"https:\/\/rioonwatch.org.br\/?p=38220\",\"url\":\"https:\/\/rioonwatch.org.br\/?p=38220\",\"name\":\"A Viol\u00eancia Contra a Mulher no Contexto das Remo\u00e7\u00f5es no Rio de Janeiro, Parte 1: Introdu\u00e7\u00e3o - RioOnWatch\",\"isPartOf\":{\"@id\":\"https:\/\/rioonwatch.org.br\/#website\"},\"primaryImageOfPage\":{\"@id\":\"https:\/\/rioonwatch.org.br\/?p=38220#primaryimage\"},\"image\":{\"@id\":\"https:\/\/rioonwatch.org.br\/?p=38220#primaryimage\"},\"thumbnailUrl\":\"https:\/\/rioonwatch.org.br\/wp-content\/uploads\/2018\/12\/machismo-mata.jpg\",\"datePublished\":\"2019-01-11T14:53:14+00:00\",\"dateModified\":\"2024-06-20T19:23:41+00:00\",\"breadcrumb\":{\"@id\":\"https:\/\/rioonwatch.org.br\/?p=38220#breadcrumb\"},\"inLanguage\":\"pt-BR\",\"potentialAction\":[{\"@type\":\"ReadAction\",\"target\":[\"https:\/\/rioonwatch.org.br\/?p=38220\"]}]},{\"@type\":\"ImageObject\",\"inLanguage\":\"pt-BR\",\"@id\":\"https:\/\/rioonwatch.org.br\/?p=38220#primaryimage\",\"url\":\"https:\/\/rioonwatch.org.br\/wp-content\/uploads\/2018\/12\/machismo-mata.jpg\",\"contentUrl\":\"https:\/\/rioonwatch.org.br\/wp-content\/uploads\/2018\/12\/machismo-mata.jpg\",\"width\":1600,\"height\":820},{\"@type\":\"BreadcrumbList\",\"@id\":\"https:\/\/rioonwatch.org.br\/?p=38220#breadcrumb\",\"itemListElement\":[{\"@type\":\"ListItem\",\"position\":1,\"name\":\"In\u00edcio\",\"item\":\"https:\/\/rioonwatch.org.br\/\"},{\"@type\":\"ListItem\",\"position\":2,\"name\":\"A Viol\u00eancia Contra a Mulher no Contexto das Remo\u00e7\u00f5es no Rio de Janeiro, Parte 1: Introdu\u00e7\u00e3o\"}]},{\"@type\":\"WebSite\",\"@id\":\"https:\/\/rioonwatch.org.br\/#website\",\"url\":\"https:\/\/rioonwatch.org.br\/\",\"name\":\"RioOnWatch\",\"description\":\"relatos das favelas cariocas\",\"publisher\":{\"@id\":\"https:\/\/rioonwatch.org.br\/#organization\"},\"potentialAction\":[{\"@type\":\"SearchAction\",\"target\":{\"@type\":\"EntryPoint\",\"urlTemplate\":\"https:\/\/rioonwatch.org.br\/?s={search_term_string}\"},\"query-input\":{\"@type\":\"PropertyValueSpecification\",\"valueRequired\":true,\"valueName\":\"search_term_string\"}}],\"inLanguage\":\"pt-BR\"},{\"@type\":\"Organization\",\"@id\":\"https:\/\/rioonwatch.org.br\/#organization\",\"name\":\"RioOnWatch\",\"url\":\"https:\/\/rioonwatch.org.br\/\",\"logo\":{\"@type\":\"ImageObject\",\"inLanguage\":\"pt-BR\",\"@id\":\"https:\/\/rioonwatch.org.br\/#\/schema\/logo\/image\/\",\"url\":\"https:\/\/rioonwatch.org.br\/wp-content\/uploads\/2021\/06\/RioOnWatchcabecalhoPT11anos-2.png\",\"contentUrl\":\"https:\/\/rioonwatch.org.br\/wp-content\/uploads\/2021\/06\/RioOnWatchcabecalhoPT11anos-2.png\",\"width\":779,\"height\":277,\"caption\":\"RioOnWatch\"},\"image\":{\"@id\":\"https:\/\/rioonwatch.org.br\/#\/schema\/logo\/image\/\"}},{\"@type\":\"Person\",\"@id\":\"https:\/\/rioonwatch.org.br\/#\/schema\/person\/11d64c290506f9df50c71b850c473f68\",\"name\":\"Admin\",\"image\":{\"@type\":\"ImageObject\",\"inLanguage\":\"pt-BR\",\"@id\":\"https:\/\/rioonwatch.org.br\/#\/schema\/person\/image\/\",\"url\":\"https:\/\/secure.gravatar.com\/avatar\/56211ac74568383903349a1485e3c325?s=96&d=blank&r=g\",\"contentUrl\":\"https:\/\/secure.gravatar.com\/avatar\/56211ac74568383903349a1485e3c325?s=96&d=blank&r=g\",\"caption\":\"Admin\"},\"url\":\"https:\/\/rioonwatch.org.br\/?author=129\"}]}<\/script>\n<!-- \/ Yoast SEO plugin. -->","yoast_head_json":{"title":"A Viol\u00eancia Contra a Mulher no Contexto das Remo\u00e7\u00f5es no Rio de Janeiro, Parte 1: Introdu\u00e7\u00e3o - RioOnWatch","robots":{"index":"index","follow":"follow","max-snippet":"max-snippet:-1","max-image-preview":"max-image-preview:large","max-video-preview":"max-video-preview:-1"},"canonical":"https:\/\/rioonwatch.org.br\/?p=38220","og_locale":"pt_BR","og_type":"article","og_title":"A Viol\u00eancia Contra a Mulher no Contexto das Remo\u00e7\u00f5es no Rio de Janeiro, Parte 1: Introdu\u00e7\u00e3o - RioOnWatch","og_description":"Click Here for English Esta \u00e9 a primeira de uma s\u00e9rie de quatro mat\u00e9rias que\u00a0traz \u00e0 luz uma pesquisa que evidencia o padr\u00e3o territorial desigual no qual a viol\u00eancia contra a mulher se materializa na [...]","og_url":"https:\/\/rioonwatch.org.br\/?p=38220","og_site_name":"RioOnWatch","article_published_time":"2019-01-11T14:53:14+00:00","article_modified_time":"2024-06-20T19:23:41+00:00","og_image":[{"width":1600,"height":820,"url":"https:\/\/rioonwatch.org.br\/wp-content\/uploads\/2018\/12\/machismo-mata.jpg","type":"image\/jpeg"}],"author":"Admin","twitter_card":"summary_large_image","twitter_misc":{"Escrito por":"Admin","Est. tempo de leitura":"6 minutos"},"schema":{"@context":"https:\/\/schema.org","@graph":[{"@type":"Article","@id":"https:\/\/rioonwatch.org.br\/?p=38220#article","isPartOf":{"@id":"https:\/\/rioonwatch.org.br\/?p=38220"},"author":{"name":"Admin","@id":"https:\/\/rioonwatch.org.br\/#\/schema\/person\/11d64c290506f9df50c71b850c473f68"},"headline":"A Viol\u00eancia Contra a Mulher no Contexto das Remo\u00e7\u00f5es no Rio de Janeiro, Parte 1: Introdu\u00e7\u00e3o","datePublished":"2019-01-11T14:53:14+00:00","dateModified":"2024-06-20T19:23:41+00:00","mainEntityOfPage":{"@id":"https:\/\/rioonwatch.org.br\/?p=38220"},"wordCount":1123,"publisher":{"@id":"https:\/\/rioonwatch.org.br\/#organization"},"image":{"@id":"https:\/\/rioonwatch.org.br\/?p=38220#primaryimage"},"thumbnailUrl":"https:\/\/rioonwatch.org.br\/wp-content\/uploads\/2018\/12\/machismo-mata.jpg","keywords":["Bolsa Fam\u00edlia","Direito \u00e0 Cidade","Direito \u00e0 Moradia","educa\u00e7\u00e3o","g\u00eanero","infraestrutura","Legado Ol\u00edmpico","l\u00f3gica mercadol\u00f3gica","Megaeventos","Minha Casa Minha Vida","mobilidade","moradia","Olimp\u00edadas","pol\u00edticas p\u00fablicas","prioridades p\u00fablicas equivocadas","Remo\u00e7\u00e3o","sa\u00fade","seguran\u00e7a p\u00fablica","S\u00e9rie","S\u00e9rie: Viol\u00eancia Contra a Mulher x Remo\u00e7\u00f5es","viol\u00eancia","viol\u00eancia contra a mulher","viol\u00eancia sexual","Zona Oeste"],"articleSection":["*Destaque","Dados e Pesquisa","Entendendo o Rio","Seguran\u00e7a P\u00fablica"],"inLanguage":"pt-BR"},{"@type":"WebPage","@id":"https:\/\/rioonwatch.org.br\/?p=38220","url":"https:\/\/rioonwatch.org.br\/?p=38220","name":"A Viol\u00eancia Contra a Mulher no Contexto das Remo\u00e7\u00f5es no Rio de Janeiro, Parte 1: Introdu\u00e7\u00e3o - RioOnWatch","isPartOf":{"@id":"https:\/\/rioonwatch.org.br\/#website"},"primaryImageOfPage":{"@id":"https:\/\/rioonwatch.org.br\/?p=38220#primaryimage"},"image":{"@id":"https:\/\/rioonwatch.org.br\/?p=38220#primaryimage"},"thumbnailUrl":"https:\/\/rioonwatch.org.br\/wp-content\/uploads\/2018\/12\/machismo-mata.jpg","datePublished":"2019-01-11T14:53:14+00:00","dateModified":"2024-06-20T19:23:41+00:00","breadcrumb":{"@id":"https:\/\/rioonwatch.org.br\/?p=38220#breadcrumb"},"inLanguage":"pt-BR","potentialAction":[{"@type":"ReadAction","target":["https:\/\/rioonwatch.org.br\/?p=38220"]}]},{"@type":"ImageObject","inLanguage":"pt-BR","@id":"https:\/\/rioonwatch.org.br\/?p=38220#primaryimage","url":"https:\/\/rioonwatch.org.br\/wp-content\/uploads\/2018\/12\/machismo-mata.jpg","contentUrl":"https:\/\/rioonwatch.org.br\/wp-content\/uploads\/2018\/12\/machismo-mata.jpg","width":1600,"height":820},{"@type":"BreadcrumbList","@id":"https:\/\/rioonwatch.org.br\/?p=38220#breadcrumb","itemListElement":[{"@type":"ListItem","position":1,"name":"In\u00edcio","item":"https:\/\/rioonwatch.org.br\/"},{"@type":"ListItem","position":2,"name":"A Viol\u00eancia Contra a Mulher no Contexto das Remo\u00e7\u00f5es no Rio de Janeiro, Parte 1: Introdu\u00e7\u00e3o"}]},{"@type":"WebSite","@id":"https:\/\/rioonwatch.org.br\/#website","url":"https:\/\/rioonwatch.org.br\/","name":"RioOnWatch","description":"relatos das favelas cariocas","publisher":{"@id":"https:\/\/rioonwatch.org.br\/#organization"},"potentialAction":[{"@type":"SearchAction","target":{"@type":"EntryPoint","urlTemplate":"https:\/\/rioonwatch.org.br\/?s={search_term_string}"},"query-input":{"@type":"PropertyValueSpecification","valueRequired":true,"valueName":"search_term_string"}}],"inLanguage":"pt-BR"},{"@type":"Organization","@id":"https:\/\/rioonwatch.org.br\/#organization","name":"RioOnWatch","url":"https:\/\/rioonwatch.org.br\/","logo":{"@type":"ImageObject","inLanguage":"pt-BR","@id":"https:\/\/rioonwatch.org.br\/#\/schema\/logo\/image\/","url":"https:\/\/rioonwatch.org.br\/wp-content\/uploads\/2021\/06\/RioOnWatchcabecalhoPT11anos-2.png","contentUrl":"https:\/\/rioonwatch.org.br\/wp-content\/uploads\/2021\/06\/RioOnWatchcabecalhoPT11anos-2.png","width":779,"height":277,"caption":"RioOnWatch"},"image":{"@id":"https:\/\/rioonwatch.org.br\/#\/schema\/logo\/image\/"}},{"@type":"Person","@id":"https:\/\/rioonwatch.org.br\/#\/schema\/person\/11d64c290506f9df50c71b850c473f68","name":"Admin","image":{"@type":"ImageObject","inLanguage":"pt-BR","@id":"https:\/\/rioonwatch.org.br\/#\/schema\/person\/image\/","url":"https:\/\/secure.gravatar.com\/avatar\/56211ac74568383903349a1485e3c325?s=96&d=blank&r=g","contentUrl":"https:\/\/secure.gravatar.com\/avatar\/56211ac74568383903349a1485e3c325?s=96&d=blank&r=g","caption":"Admin"},"url":"https:\/\/rioonwatch.org.br\/?author=129"}]}},"_links":{"self":[{"href":"https:\/\/rioonwatch.org.br\/index.php?rest_route=\/wp\/v2\/posts\/38220"}],"collection":[{"href":"https:\/\/rioonwatch.org.br\/index.php?rest_route=\/wp\/v2\/posts"}],"about":[{"href":"https:\/\/rioonwatch.org.br\/index.php?rest_route=\/wp\/v2\/types\/post"}],"author":[{"embeddable":true,"href":"https:\/\/rioonwatch.org.br\/index.php?rest_route=\/wp\/v2\/users\/129"}],"replies":[{"embeddable":true,"href":"https:\/\/rioonwatch.org.br\/index.php?rest_route=%2Fwp%2Fv2%2Fcomments&post=38220"}],"version-history":[{"count":26,"href":"https:\/\/rioonwatch.org.br\/index.php?rest_route=\/wp\/v2\/posts\/38220\/revisions"}],"predecessor-version":[{"id":38797,"href":"https:\/\/rioonwatch.org.br\/index.php?rest_route=\/wp\/v2\/posts\/38220\/revisions\/38797"}],"wp:featuredmedia":[{"embeddable":true,"href":"https:\/\/rioonwatch.org.br\/index.php?rest_route=\/wp\/v2\/media\/38224"}],"wp:attachment":[{"href":"https:\/\/rioonwatch.org.br\/index.php?rest_route=%2Fwp%2Fv2%2Fmedia&parent=38220"}],"wp:term":[{"taxonomy":"category","embeddable":true,"href":"https:\/\/rioonwatch.org.br\/index.php?rest_route=%2Fwp%2Fv2%2Fcategories&post=38220"},{"taxonomy":"post_tag","embeddable":true,"href":"https:\/\/rioonwatch.org.br\/index.php?rest_route=%2Fwp%2Fv2%2Ftags&post=38220"},{"taxonomy":"writer","embeddable":true,"href":"https:\/\/rioonwatch.org.br\/index.php?rest_route=%2Fwp%2Fv2%2Fwriter&post=38220"},{"taxonomy":"translator","embeddable":true,"href":"https:\/\/rioonwatch.org.br\/index.php?rest_route=%2Fwp%2Fv2%2Ftranslator&post=38220"},{"taxonomy":"source","embeddable":true,"href":"https:\/\/rioonwatch.org.br\/index.php?rest_route=%2Fwp%2Fv2%2Fsource&post=38220"},{"taxonomy":"ilustrador","embeddable":true,"href":"https:\/\/rioonwatch.org.br\/index.php?rest_route=%2Fwp%2Fv2%2Filustrador&post=38220"},{"taxonomy":"fotografo","embeddable":true,"href":"https:\/\/rioonwatch.org.br\/index.php?rest_route=%2Fwp%2Fv2%2Ffotografo&post=38220"}],"curies":[{"name":"wp","href":"https:\/\/api.w.org\/{rel}","templated":true}]}}