{"id":38245,"date":"2019-02-11T09:18:54","date_gmt":"2019-02-11T12:18:54","guid":{"rendered":"http:\/\/rioonwatch.org.br\/?p=38245"},"modified":"2022-04-27T07:50:47","modified_gmt":"2022-04-27T10:50:47","slug":"a-historia-de-joao-victor-que-via-fies-cursa-relacoes-internacionais-para-entender-o-mundo-e-ajudar-as-pessoas","status":"publish","type":"post","link":"https:\/\/rioonwatch.org.br\/?p=38245","title":{"rendered":"A Hist\u00f3ria de Jo\u00e3o Victor Teodoro, Que Via FIES Cursa Rela\u00e7\u00f5es Internacionais"},"content":{"rendered":"<p style=\"text-align: right;\"><em><strong><a href=\"http:\/\/bit.ly\/2XkSW47\" target=\"_blank\" rel=\"noopener noreferrer\">Click Here for English<\/a><a href=\"http:\/\/bit.ly\/2XkSW47\" target=\"_blank\" rel=\"noopener noreferrer\"><img decoding=\"async\" width=\"20\" height=\"20\" class=\"alignright wp-image-15790\" src=\"http:\/\/rioonwatch.org.br\/wp-content\/uploads\/2012\/08\/EN-standard-e1439583104716.jpg\" \/><\/a><\/strong><\/em><\/p>\n<p><em><span style=\"font-weight: 400;\">Jo\u00e3o Victor Teodoro, morador do <a href=\"http:\/\/bit.ly\/11x89ZX\" target=\"_blank\" rel=\"noopener\">Pav\u00e3o-Pav\u00e3ozinho<\/a>, tem trabalhado ativamente em sua comunidade, para tornar o mundo um pouco melhor. Atrav\u00e9s do Fundo\u00a0de Financiamento Estudantil (<a href=\"http:\/\/bit.ly\/2VDp8yE\" target=\"_blank\" rel=\"noopener\">FIES<\/a>) ele ingressou no Curso de Rela\u00e7\u00f5es Internacionais na Faculdade Est\u00e1cio, o que veio a ampliar cada vez mais seu horizonte de a\u00e7\u00e3o. Conhe\u00e7a neste perfil um pouco da hist\u00f3ria de Jo\u00e3o Victor. Conhe\u00e7a perfis de outros cotistas publicados no RioOnWatch\u00a0<a href=\"http:\/\/bit.ly\/2UaMXMJ\" rel=\"noopener\">aqui<\/a>.<\/span><\/em><\/p>\n<p><span style=\"font-weight: 400;\">O jovem de 26 anos nasceu no Pav\u00e3o-Pav\u00e3ozinho,\u00a0na\u00a0<a href=\"http:\/\/bit.ly\/1mNsDyk\" target=\"_blank\" rel=\"noopener\">Zona Sul<\/a>\u00a0do Rio, mas aos dois anos sua fam\u00edlia se mudou para <a href=\"http:\/\/bit.ly\/2uiwjQ4\" target=\"_blank\" rel=\"noopener\">Botafogo<\/a>, bairro de classe m\u00e9dia. Filho de l\u00edder comunit\u00e1rio, Jo\u00e3o decidiu voltar a morar no morro aos 20 anos, quando saiu de casa devido a conflitos com familiares. O pai de Jo\u00e3o j\u00e1 havia falecido, mas ainda era muito querido no Pav\u00e3o-Pav\u00e3ozinho e <a href=\"http:\/\/bit.ly\/2R0DzKR\" target=\"_blank\" rel=\"noopener\">Cantagalo<\/a>, por ter tentando unir a favela durante seus anos na frente da Associa\u00e7\u00e3o de Moradores.<\/span><\/p>\n<p><span style=\"font-weight: 400;\">Foi quando se mudou para o Pav\u00e3o-Pav\u00e3ozinho em 2012 que Jo\u00e3o percebeu os problemas que existiam na comunidade: \u201cQuando eu vim morar aqui, eu falei: \u2018Caramba, esse povo sofre h\u00e1 tanto tempo, algu\u00e9m tem que fazer alguma coisa\u2019\u201d. Ent\u00e3o, come\u00e7ou a fazer cr\u00edticas pelo Facebook reivindicando direitos e melhorias de infraestrutura e saneamento b\u00e1sico, e a promover reuni\u00f5es comunit\u00e1rias e eventos culturais nas favelas. O objetivo, segundo Jo\u00e3o, tamb\u00e9m era de unir pessoas de diferentes lugares: \u201cEu sou muito morro e sou muito asfalto, por conta da minha cria\u00e7\u00e3o, ent\u00e3o tento sempre ir linkando as duas coisas\u00a0e quebrar a n\u00edtida barreira invis\u00edvel que ainda existe entre os dois ambientes\u201d.\u00a0<\/span><\/p>\n<p><span style=\"font-weight: 400;\">Mas um projeto social n\u00e3o foi o suficiente para Jo\u00e3o.\u00a0Por isso, no ano seguinte ele decidiu criar uma p\u00e1gina no Facebook com o objetivo de ajudar trabalhadores que n\u00e3o possuem estabelecimento pr\u00f3prio e de promover algumas discuss\u00f5es sobre o despejo irregular do lixo e gerar conscientiz\u00e7\u00e3o coletiva. Neste mesmo per\u00edodo ele trabalhou como articulador em um projeto promovido pelo <\/span><span style=\"font-weight: 400;\"><a href=\"http:\/\/bit.ly\/2BFvw0v\" target=\"_blank\" rel=\"noopener\">Museu de Favela<\/a>\u00a0(MUF). Depois, em 2016, Jo\u00e3o trabalhou para a <a href=\"http:\/\/bit.ly\/2cX1tSh\" target=\"_blank\" rel=\"noopener\">Secretaria de Estado de Esporte, Lazer e Juventude<\/a>\u00a0no programa <a href=\"http:\/\/bit.ly\/1LC7T89\" target=\"_blank\" rel=\"noopener\">Caminho Melhor Jovem<\/a>, que trabalhava com jovens em situa\u00e7\u00e3o de vulnerabilidade social. \u201cMuitos sa\u00edram do tr\u00e1fico, muitos abriram o pr\u00f3prio neg\u00f3cio\u201d, conta, \u201ctanto que quando o Estado acabou com o programa, nossa, foi horr\u00edvel! Porque alguns voltaram ao tr\u00e1fico, outros ficaram perdidos&#8221;. Mas esses jovens n\u00e3o eram os \u00fanicos: Jo\u00e3o ficou desempregado, entrou em uma crise financeira e em depress\u00e3o: \u201cEu via pessoas, que a gente conseguiu arrancar do tr\u00e1fico, voltando [ao tr\u00e1fico] e parecia que o nosso trabalho tinha sido jogado no lixo\u201d. Ap\u00f3s o primeiro semestre de 2016, Jo\u00e3o ficou sem trabalho fixo durante dois anos.\u00a0Por\u00e9m, foi convidado a ser colaborador na m\u00eddia comunit\u00e1ria <a href=\"http:\/\/bit.ly\/18u3bEe\" target=\"_blank\" rel=\"noopener\">Voz das Comunidades<\/a>.<\/span><\/p>\n<p><span style=\"font-weight: 400;\"><a href=\"http:\/\/rioonwatch.org.br\/wp-content\/uploads\/2018\/12\/20181226_180638-e1546963548623.jpg\"><img fetchpriority=\"high\" decoding=\"async\" class=\"aligncenter wp-image-38248 size-content\" title=\"Jo\u00e3o no seu novo trabalho, no Favela Hub, no Cantagalo.\" src=\"http:\/\/rioonwatch.org.br\/wp-content\/uploads\/2018\/12\/20181226_180638-e1546963548623-620x264.jpg\" alt=\"\" width=\"620\" height=\"264\" srcset=\"https:\/\/rioonwatch.org.br\/wp-content\/uploads\/2018\/12\/20181226_180638-e1546963548623-620x264.jpg 620w, https:\/\/rioonwatch.org.br\/wp-content\/uploads\/2018\/12\/20181226_180638-e1546963548623-768x328.jpg 768w, https:\/\/rioonwatch.org.br\/wp-content\/uploads\/2018\/12\/20181226_180638-e1546963548623-1024x437.jpg 1024w, https:\/\/rioonwatch.org.br\/wp-content\/uploads\/2018\/12\/20181226_180638-e1546963548623-940x400.jpg 940w\" sizes=\"(max-width: 620px) 100vw, 620px\" \/><\/a><\/span><\/p>\n<p><span style=\"font-weight: 400;\">Enquanto trabalhava informalmente e se candidatava a outras vagas, Jo\u00e3o ingressou em julho de 2017 no curso de Rela\u00e7\u00f5es Internacionais, com o objetivo de se aproximar de sua meta de vida: \u201cEu quero entender como acontecem os conflitos em outras partes do mundo. Eu acho que a minha miss\u00e3o de vida \u00e9 ajudar pessoas\u201d. O ingresso na <a href=\"http:\/\/bit.ly\/2shRr8e\" target=\"_blank\" rel=\"noopener\">Est\u00e1cio<\/a>, que \u00e9 uma faculdade privada, foi possibilitado pelo\u00a0FIES, um programa de financiamento estudantil do Minist\u00e9rio da Educa\u00e7\u00e3o, que arca com 80% dos custos da mensalidade, valor que ele precisa devolver depois que terminar os estudos. Jo\u00e3o \u00e9 grato pelo apoio do governo e o considera fundamental: \u201cO m\u00ednimo \u00e9 oferecer uma ajuda financeira porque assim todo mundo cresce\u2014as pessoas e o Estado\u201d.<\/span><\/p>\n<p><span style=\"font-weight: 400;\">No seu curso universit\u00e1rio, Jo\u00e3o encontrou exatamente o que lhe conv\u00e9m: \u201c<\/span>Minhas mat\u00e9rias preferidas s\u00e3o Integra\u00e7\u00e3o regional na \u00c1frica e Resolu\u00e7\u00e3o de Conflitos\u201d, diz. Ainda passou em um processo seletivo das\u00a0<span style=\"font-weight: 400;\"><a href=\"http:\/\/bit.ly\/2seqRgl\" target=\"_blank\" rel=\"noopener\">Na\u00e7\u00f5es Unidas<\/a><\/span>, para fazer parte da delega\u00e7\u00e3o do Brasil no The Global Festival of Action, onde participaria de debates entre jovens sobre sustentabilidade e desenvolvimento global em Bonn, Alemanha. Infelizmente, por n\u00e3o ter condi\u00e7\u00f5es de pagar a passagem a\u00e9rea, n\u00e3o conseguiu ir.<\/p>\n<p><span style=\"font-weight: 400;\">A falta de dinheiro tamb\u00e9m afeta sua vida cotidiana: apesar da ajuda financeira do Estado, sua vida de estudante foi inicialmente muito dif\u00edcil, porque Jo\u00e3o n\u00e3o tinha dinheiro suficiente para pagar os 20% restantes da mensalidade e os demais custos de vida. Hoje ele lembra: \u201cSe n\u00e3o fosse minha fam\u00edlia, nem sei como teria sido, talvez at\u00e9 acho que teria passado fome\u201d. <\/span><span style=\"font-weight: 400;\">Jo\u00e3o relata outra dificuldade \u00e0 seu acesso \u00e0 universidade: \u201cPensei em parar os estudos por causa dos <a href=\"https:\/\/glo.bo\/2VbVErd\" target=\"_blank\" rel=\"noopener\">tiroteios regulares no Pav\u00e3o-Pav\u00e3ozinho<\/a>\u201d. Mesmo assim, ele n\u00e3o desistiu.<\/span><\/p>\n<p><span style=\"font-weight: 400;\">Em outubro de 2018, Jo\u00e3o finalmente encontrou um novo emprego. Agora ele trabalha no <a href=\"http:\/\/bit.ly\/2GlRKrY\" target=\"_blank\" rel=\"noopener\">Favela Hub<\/a>, no Cantagalo, que desenvolve atividades sociais para crian\u00e7as e jovens da favela e do asfalto. \u201cBati muito na porta para conseguir esse emprego aqui, fiz amizade com porteiro, fiz amizade com faxineiro, fiz amizade com a recepcionista. Vinha todo dia aqui, at\u00e9 que surgiu uma oportunidade de entrevista e acabei passando\u201d, conta. Agora ele \u00e9 o \u201cgaroto do <em>networking<\/em>\u201d, visita lugares para falar do projeto e traz moradores da favela para o espa\u00e7o. Jo\u00e3o ficou muito emocionado quando percebeu que tinha um chefe preto: \u201cEu falei para ele: \u2018Voc\u00ea \u00e9 meu primeiro chefe negro, se voc\u00ea conseguiu, eu vou conseguir tamb\u00e9m\u2019\u201d.<\/span><\/p>\n<p><span style=\"font-weight: 400;\">Um dos objetivos principais de Jo\u00e3o \u00e9 trabalhar na organiza\u00e7\u00e3o\u00a0<a href=\"http:\/\/bit.ly\/2CY9uGZ\" target=\"_blank\" rel=\"noopener\">M\u00e9dicos Sem Fronteiras<\/a> at\u00e9 o final do curso da faculdade. <\/span><span style=\"font-weight: 400;\">Conhecendo Jo\u00e3o, essa meta n\u00e3o parece imposs\u00edvel, pois, como ele reafirma: \u201cO \u2018n\u00e3o\u2019 n\u00e3o existe no meu vocabul\u00e1rio\u201d.<\/span><\/p>\n<div class=\"entry clearfix\">\n<div>\n<div>\n<h3><em>Conhe\u00e7a perfis de outros cotistas publicados no RioOnWatch\u00a0<a href=\"http:\/\/bit.ly\/2UaMXMJ\" target=\"_blank\" rel=\"noopener\">aqui<\/a>.<\/em><\/h3>\n<\/div>\n<\/div>\n<\/div>\n<!-- AddThis Advanced Settings generic via filter on the_content --><!-- AddThis Share Buttons generic via filter on the_content -->","protected":false},"excerpt":{"rendered":"<div class=\"mh-excerpt\"><p>Click Here for English Jo\u00e3o Victor Teodoro, morador do Pav\u00e3o-Pav\u00e3ozinho, tem trabalhado ativamente em sua comunidade, para tornar o mundo um pouco melhor. Atrav\u00e9s do Fundo\u00a0de Financiamento Estudantil (FIES) ele ingressou no Curso de Rela\u00e7\u00f5es <a class=\"mh-excerpt-more\" href=\"https:\/\/rioonwatch.org.br\/?p=38245\" title=\"A Hist\u00f3ria de Jo\u00e3o Victor Teodoro, Que Via FIES Cursa Rela\u00e7\u00f5es Internacionais\">[&#8230;]<\/a><!-- AddThis Advanced Settings generic via filter on get_the_excerpt --><!-- AddThis Share Buttons generic via filter on get_the_excerpt --><\/p>\n<\/div>","protected":false},"author":161,"featured_media":38386,"comment_status":"closed","ping_status":"closed","sticky":false,"template":"","format":"standard","meta":{"_acf_changed":false,"_monsterinsights_skip_tracking":false,"_monsterinsights_sitenote_active":false,"_monsterinsights_sitenote_note":"","_monsterinsights_sitenote_category":0,"footnotes":""},"categories":[1621,1629,1626,1616],"tags":[2402,1006,1696,229,1642,2070,316,2585,1162,1307,1398,1193,1722,439,2245,2289,2573,239,2003],"writer":[2545],"translator":[],"source":[],"ilustrador":[],"fotografo":[],"class_list":{"0":"post-38245","1":"post","2":"type-post","3":"status-publish","4":"format-standard","5":"has-post-thumbnail","7":"category-destaque","8":"category-entrevistas-e-perfis","9":"category-por-observadores-internacionais","10":"category-qualidades-da-favela","11":"tag-acesso-a-universidade","12":"tag-asfalto-x-favela","13":"tag-botafogo","14":"tag-cantagalo","15":"tag-cotas","16":"tag-direito-a-educacao","17":"tag-educacao","18":"tag-fies","19":"tag-governo-federal","20":"tag-inclusao","21":"tag-lgbt","22":"tag-museu-de-favela","23":"tag-onu","24":"tag-pavao-pavaozinho","25":"tag-redes","26":"tag-serie","27":"tag-serie-cotistas-e-suas-historias-de-luta","28":"tag-universidade","29":"tag-voz-das-comunidades","30":"writer-mareen-butter"},"acf":[],"yoast_head":"<!-- This site is optimized with the Yoast SEO plugin v25.6 - https:\/\/yoast.com\/wordpress\/plugins\/seo\/ -->\n<title>A Hist\u00f3ria de Jo\u00e3o Victor Teodoro, Que Via FIES Cursa Rela\u00e7\u00f5es Internacionais - RioOnWatch<\/title>\n<meta name=\"robots\" content=\"index, follow, max-snippet:-1, max-image-preview:large, max-video-preview:-1\" \/>\n<link rel=\"canonical\" href=\"https:\/\/rioonwatch.org.br\/?p=38245\" \/>\n<meta property=\"og:locale\" content=\"pt_BR\" \/>\n<meta property=\"og:type\" content=\"article\" \/>\n<meta property=\"og:title\" content=\"A Hist\u00f3ria de Jo\u00e3o Victor Teodoro, Que Via FIES Cursa Rela\u00e7\u00f5es Internacionais - RioOnWatch\" \/>\n<meta property=\"og:description\" content=\"Click Here for English Jo\u00e3o Victor Teodoro, morador do Pav\u00e3o-Pav\u00e3ozinho, tem trabalhado ativamente em sua comunidade, para tornar o mundo um pouco melhor. Atrav\u00e9s do Fundo\u00a0de Financiamento Estudantil (FIES) ele ingressou no Curso de Rela\u00e7\u00f5es [...]\" \/>\n<meta property=\"og:url\" content=\"https:\/\/rioonwatch.org.br\/?p=38245\" \/>\n<meta property=\"og:site_name\" content=\"RioOnWatch\" \/>\n<meta property=\"article:published_time\" content=\"2019-02-11T12:18:54+00:00\" \/>\n<meta property=\"article:modified_time\" content=\"2022-04-27T10:50:47+00:00\" \/>\n<meta property=\"og:image\" content=\"https:\/\/rioonwatch.org.br\/wp-content\/uploads\/2019\/01\/jo\u00e3o-scaled.jpg\" \/>\n\t<meta property=\"og:image:width\" content=\"2560\" \/>\n\t<meta property=\"og:image:height\" content=\"1707\" \/>\n\t<meta property=\"og:image:type\" content=\"image\/jpeg\" \/>\n<meta name=\"author\" content=\"Mareen Butter\" \/>\n<meta name=\"twitter:card\" content=\"summary_large_image\" \/>\n<meta name=\"twitter:label1\" content=\"Escrito por\" \/>\n\t<meta name=\"twitter:data1\" content=\"Mareen Butter\" \/>\n\t<meta name=\"twitter:label2\" content=\"Est. tempo de leitura\" \/>\n\t<meta name=\"twitter:data2\" content=\"5 minutos\" \/>\n<script type=\"application\/ld+json\" class=\"yoast-schema-graph\">{\"@context\":\"https:\/\/schema.org\",\"@graph\":[{\"@type\":\"Article\",\"@id\":\"https:\/\/rioonwatch.org.br\/?p=38245#article\",\"isPartOf\":{\"@id\":\"https:\/\/rioonwatch.org.br\/?p=38245\"},\"author\":{\"name\":\"Mareen Butter\",\"@id\":\"https:\/\/rioonwatch.org.br\/#\/schema\/person\/f1bea6ef98cd32c5a57844943e40e462\"},\"headline\":\"A Hist\u00f3ria de Jo\u00e3o Victor Teodoro, Que Via FIES Cursa Rela\u00e7\u00f5es Internacionais\",\"datePublished\":\"2019-02-11T12:18:54+00:00\",\"dateModified\":\"2022-04-27T10:50:47+00:00\",\"mainEntityOfPage\":{\"@id\":\"https:\/\/rioonwatch.org.br\/?p=38245\"},\"wordCount\":1007,\"publisher\":{\"@id\":\"https:\/\/rioonwatch.org.br\/#organization\"},\"image\":{\"@id\":\"https:\/\/rioonwatch.org.br\/?p=38245#primaryimage\"},\"thumbnailUrl\":\"https:\/\/rioonwatch.org.br\/wp-content\/uploads\/2019\/01\/jo\u00e3o-scaled.jpg\",\"keywords\":[\"acesso \u00e0 universidade\",\"asfalto x favela\",\"Botafogo\",\"Cantagalo\",\"cotas\",\"direito \u00e0 educa\u00e7\u00e3o\",\"educa\u00e7\u00e3o\",\"FIES\",\"Governo Federal\",\"inclus\u00e3o\",\"LGBTQIAPN+\",\"Museu de Favela\",\"ONU\",\"Pav\u00e3o-Pav\u00e3ozinho\",\"redes\",\"S\u00e9rie\",\"S\u00e9rie: Cotistas e Suas Hist\u00f3rias de Luta\",\"universidade\",\"Voz das Comunidades\"],\"articleSection\":[\"*Destaque\",\"Entrevistas e Perfis\",\"Escrito por Aliados\",\"Qualidades da Favela\"],\"inLanguage\":\"pt-BR\"},{\"@type\":\"WebPage\",\"@id\":\"https:\/\/rioonwatch.org.br\/?p=38245\",\"url\":\"https:\/\/rioonwatch.org.br\/?p=38245\",\"name\":\"A Hist\u00f3ria de Jo\u00e3o Victor Teodoro, Que Via FIES Cursa Rela\u00e7\u00f5es Internacionais - RioOnWatch\",\"isPartOf\":{\"@id\":\"https:\/\/rioonwatch.org.br\/#website\"},\"primaryImageOfPage\":{\"@id\":\"https:\/\/rioonwatch.org.br\/?p=38245#primaryimage\"},\"image\":{\"@id\":\"https:\/\/rioonwatch.org.br\/?p=38245#primaryimage\"},\"thumbnailUrl\":\"https:\/\/rioonwatch.org.br\/wp-content\/uploads\/2019\/01\/jo\u00e3o-scaled.jpg\",\"datePublished\":\"2019-02-11T12:18:54+00:00\",\"dateModified\":\"2022-04-27T10:50:47+00:00\",\"breadcrumb\":{\"@id\":\"https:\/\/rioonwatch.org.br\/?p=38245#breadcrumb\"},\"inLanguage\":\"pt-BR\",\"potentialAction\":[{\"@type\":\"ReadAction\",\"target\":[\"https:\/\/rioonwatch.org.br\/?p=38245\"]}]},{\"@type\":\"ImageObject\",\"inLanguage\":\"pt-BR\",\"@id\":\"https:\/\/rioonwatch.org.br\/?p=38245#primaryimage\",\"url\":\"https:\/\/rioonwatch.org.br\/wp-content\/uploads\/2019\/01\/jo\u00e3o-scaled.jpg\",\"contentUrl\":\"https:\/\/rioonwatch.org.br\/wp-content\/uploads\/2019\/01\/jo\u00e3o-scaled.jpg\",\"width\":2560,\"height\":1707},{\"@type\":\"BreadcrumbList\",\"@id\":\"https:\/\/rioonwatch.org.br\/?p=38245#breadcrumb\",\"itemListElement\":[{\"@type\":\"ListItem\",\"position\":1,\"name\":\"In\u00edcio\",\"item\":\"https:\/\/rioonwatch.org.br\/\"},{\"@type\":\"ListItem\",\"position\":2,\"name\":\"A Hist\u00f3ria de Jo\u00e3o Victor Teodoro, Que Via FIES Cursa Rela\u00e7\u00f5es Internacionais\"}]},{\"@type\":\"WebSite\",\"@id\":\"https:\/\/rioonwatch.org.br\/#website\",\"url\":\"https:\/\/rioonwatch.org.br\/\",\"name\":\"RioOnWatch\",\"description\":\"relatos das favelas cariocas\",\"publisher\":{\"@id\":\"https:\/\/rioonwatch.org.br\/#organization\"},\"potentialAction\":[{\"@type\":\"SearchAction\",\"target\":{\"@type\":\"EntryPoint\",\"urlTemplate\":\"https:\/\/rioonwatch.org.br\/?s={search_term_string}\"},\"query-input\":{\"@type\":\"PropertyValueSpecification\",\"valueRequired\":true,\"valueName\":\"search_term_string\"}}],\"inLanguage\":\"pt-BR\"},{\"@type\":\"Organization\",\"@id\":\"https:\/\/rioonwatch.org.br\/#organization\",\"name\":\"RioOnWatch\",\"url\":\"https:\/\/rioonwatch.org.br\/\",\"logo\":{\"@type\":\"ImageObject\",\"inLanguage\":\"pt-BR\",\"@id\":\"https:\/\/rioonwatch.org.br\/#\/schema\/logo\/image\/\",\"url\":\"https:\/\/rioonwatch.org.br\/wp-content\/uploads\/2021\/06\/RioOnWatchcabecalhoPT11anos-2.png\",\"contentUrl\":\"https:\/\/rioonwatch.org.br\/wp-content\/uploads\/2021\/06\/RioOnWatchcabecalhoPT11anos-2.png\",\"width\":779,\"height\":277,\"caption\":\"RioOnWatch\"},\"image\":{\"@id\":\"https:\/\/rioonwatch.org.br\/#\/schema\/logo\/image\/\"}},{\"@type\":\"Person\",\"@id\":\"https:\/\/rioonwatch.org.br\/#\/schema\/person\/f1bea6ef98cd32c5a57844943e40e462\",\"name\":\"Mareen Butter\",\"image\":{\"@type\":\"ImageObject\",\"inLanguage\":\"pt-BR\",\"@id\":\"https:\/\/rioonwatch.org.br\/#\/schema\/person\/image\/\",\"url\":\"https:\/\/secure.gravatar.com\/avatar\/b2ae4d68f7bf56098ff20dd69d8abc1a?s=96&d=blank&r=g\",\"contentUrl\":\"https:\/\/secure.gravatar.com\/avatar\/b2ae4d68f7bf56098ff20dd69d8abc1a?s=96&d=blank&r=g\",\"caption\":\"Mareen Butter\"},\"url\":\"https:\/\/rioonwatch.org.br\/?author=161\"}]}<\/script>\n<!-- \/ Yoast SEO plugin. -->","yoast_head_json":{"title":"A Hist\u00f3ria de Jo\u00e3o Victor Teodoro, Que Via FIES Cursa Rela\u00e7\u00f5es Internacionais - RioOnWatch","robots":{"index":"index","follow":"follow","max-snippet":"max-snippet:-1","max-image-preview":"max-image-preview:large","max-video-preview":"max-video-preview:-1"},"canonical":"https:\/\/rioonwatch.org.br\/?p=38245","og_locale":"pt_BR","og_type":"article","og_title":"A Hist\u00f3ria de Jo\u00e3o Victor Teodoro, Que Via FIES Cursa Rela\u00e7\u00f5es Internacionais - RioOnWatch","og_description":"Click Here for English Jo\u00e3o Victor Teodoro, morador do Pav\u00e3o-Pav\u00e3ozinho, tem trabalhado ativamente em sua comunidade, para tornar o mundo um pouco melhor. Atrav\u00e9s do Fundo\u00a0de Financiamento Estudantil (FIES) ele ingressou no Curso de Rela\u00e7\u00f5es [...]","og_url":"https:\/\/rioonwatch.org.br\/?p=38245","og_site_name":"RioOnWatch","article_published_time":"2019-02-11T12:18:54+00:00","article_modified_time":"2022-04-27T10:50:47+00:00","og_image":[{"width":2560,"height":1707,"url":"https:\/\/rioonwatch.org.br\/wp-content\/uploads\/2019\/01\/jo\u00e3o-scaled.jpg","type":"image\/jpeg"}],"author":"Mareen Butter","twitter_card":"summary_large_image","twitter_misc":{"Escrito por":"Mareen Butter","Est. tempo de leitura":"5 minutos"},"schema":{"@context":"https:\/\/schema.org","@graph":[{"@type":"Article","@id":"https:\/\/rioonwatch.org.br\/?p=38245#article","isPartOf":{"@id":"https:\/\/rioonwatch.org.br\/?p=38245"},"author":{"name":"Mareen Butter","@id":"https:\/\/rioonwatch.org.br\/#\/schema\/person\/f1bea6ef98cd32c5a57844943e40e462"},"headline":"A Hist\u00f3ria de Jo\u00e3o Victor Teodoro, Que Via FIES Cursa Rela\u00e7\u00f5es Internacionais","datePublished":"2019-02-11T12:18:54+00:00","dateModified":"2022-04-27T10:50:47+00:00","mainEntityOfPage":{"@id":"https:\/\/rioonwatch.org.br\/?p=38245"},"wordCount":1007,"publisher":{"@id":"https:\/\/rioonwatch.org.br\/#organization"},"image":{"@id":"https:\/\/rioonwatch.org.br\/?p=38245#primaryimage"},"thumbnailUrl":"https:\/\/rioonwatch.org.br\/wp-content\/uploads\/2019\/01\/jo\u00e3o-scaled.jpg","keywords":["acesso \u00e0 universidade","asfalto x favela","Botafogo","Cantagalo","cotas","direito \u00e0 educa\u00e7\u00e3o","educa\u00e7\u00e3o","FIES","Governo Federal","inclus\u00e3o","LGBTQIAPN+","Museu de Favela","ONU","Pav\u00e3o-Pav\u00e3ozinho","redes","S\u00e9rie","S\u00e9rie: Cotistas e Suas Hist\u00f3rias de Luta","universidade","Voz das Comunidades"],"articleSection":["*Destaque","Entrevistas e Perfis","Escrito por Aliados","Qualidades da Favela"],"inLanguage":"pt-BR"},{"@type":"WebPage","@id":"https:\/\/rioonwatch.org.br\/?p=38245","url":"https:\/\/rioonwatch.org.br\/?p=38245","name":"A Hist\u00f3ria de Jo\u00e3o Victor Teodoro, Que Via FIES Cursa Rela\u00e7\u00f5es Internacionais - RioOnWatch","isPartOf":{"@id":"https:\/\/rioonwatch.org.br\/#website"},"primaryImageOfPage":{"@id":"https:\/\/rioonwatch.org.br\/?p=38245#primaryimage"},"image":{"@id":"https:\/\/rioonwatch.org.br\/?p=38245#primaryimage"},"thumbnailUrl":"https:\/\/rioonwatch.org.br\/wp-content\/uploads\/2019\/01\/jo\u00e3o-scaled.jpg","datePublished":"2019-02-11T12:18:54+00:00","dateModified":"2022-04-27T10:50:47+00:00","breadcrumb":{"@id":"https:\/\/rioonwatch.org.br\/?p=38245#breadcrumb"},"inLanguage":"pt-BR","potentialAction":[{"@type":"ReadAction","target":["https:\/\/rioonwatch.org.br\/?p=38245"]}]},{"@type":"ImageObject","inLanguage":"pt-BR","@id":"https:\/\/rioonwatch.org.br\/?p=38245#primaryimage","url":"https:\/\/rioonwatch.org.br\/wp-content\/uploads\/2019\/01\/jo\u00e3o-scaled.jpg","contentUrl":"https:\/\/rioonwatch.org.br\/wp-content\/uploads\/2019\/01\/jo\u00e3o-scaled.jpg","width":2560,"height":1707},{"@type":"BreadcrumbList","@id":"https:\/\/rioonwatch.org.br\/?p=38245#breadcrumb","itemListElement":[{"@type":"ListItem","position":1,"name":"In\u00edcio","item":"https:\/\/rioonwatch.org.br\/"},{"@type":"ListItem","position":2,"name":"A Hist\u00f3ria de Jo\u00e3o Victor Teodoro, Que Via FIES Cursa Rela\u00e7\u00f5es Internacionais"}]},{"@type":"WebSite","@id":"https:\/\/rioonwatch.org.br\/#website","url":"https:\/\/rioonwatch.org.br\/","name":"RioOnWatch","description":"relatos das favelas cariocas","publisher":{"@id":"https:\/\/rioonwatch.org.br\/#organization"},"potentialAction":[{"@type":"SearchAction","target":{"@type":"EntryPoint","urlTemplate":"https:\/\/rioonwatch.org.br\/?s={search_term_string}"},"query-input":{"@type":"PropertyValueSpecification","valueRequired":true,"valueName":"search_term_string"}}],"inLanguage":"pt-BR"},{"@type":"Organization","@id":"https:\/\/rioonwatch.org.br\/#organization","name":"RioOnWatch","url":"https:\/\/rioonwatch.org.br\/","logo":{"@type":"ImageObject","inLanguage":"pt-BR","@id":"https:\/\/rioonwatch.org.br\/#\/schema\/logo\/image\/","url":"https:\/\/rioonwatch.org.br\/wp-content\/uploads\/2021\/06\/RioOnWatchcabecalhoPT11anos-2.png","contentUrl":"https:\/\/rioonwatch.org.br\/wp-content\/uploads\/2021\/06\/RioOnWatchcabecalhoPT11anos-2.png","width":779,"height":277,"caption":"RioOnWatch"},"image":{"@id":"https:\/\/rioonwatch.org.br\/#\/schema\/logo\/image\/"}},{"@type":"Person","@id":"https:\/\/rioonwatch.org.br\/#\/schema\/person\/f1bea6ef98cd32c5a57844943e40e462","name":"Mareen Butter","image":{"@type":"ImageObject","inLanguage":"pt-BR","@id":"https:\/\/rioonwatch.org.br\/#\/schema\/person\/image\/","url":"https:\/\/secure.gravatar.com\/avatar\/b2ae4d68f7bf56098ff20dd69d8abc1a?s=96&d=blank&r=g","contentUrl":"https:\/\/secure.gravatar.com\/avatar\/b2ae4d68f7bf56098ff20dd69d8abc1a?s=96&d=blank&r=g","caption":"Mareen Butter"},"url":"https:\/\/rioonwatch.org.br\/?author=161"}]}},"_links":{"self":[{"href":"https:\/\/rioonwatch.org.br\/index.php?rest_route=\/wp\/v2\/posts\/38245"}],"collection":[{"href":"https:\/\/rioonwatch.org.br\/index.php?rest_route=\/wp\/v2\/posts"}],"about":[{"href":"https:\/\/rioonwatch.org.br\/index.php?rest_route=\/wp\/v2\/types\/post"}],"author":[{"embeddable":true,"href":"https:\/\/rioonwatch.org.br\/index.php?rest_route=\/wp\/v2\/users\/161"}],"replies":[{"embeddable":true,"href":"https:\/\/rioonwatch.org.br\/index.php?rest_route=%2Fwp%2Fv2%2Fcomments&post=38245"}],"version-history":[{"count":51,"href":"https:\/\/rioonwatch.org.br\/index.php?rest_route=\/wp\/v2\/posts\/38245\/revisions"}],"predecessor-version":[{"id":61422,"href":"https:\/\/rioonwatch.org.br\/index.php?rest_route=\/wp\/v2\/posts\/38245\/revisions\/61422"}],"wp:featuredmedia":[{"embeddable":true,"href":"https:\/\/rioonwatch.org.br\/index.php?rest_route=\/wp\/v2\/media\/38386"}],"wp:attachment":[{"href":"https:\/\/rioonwatch.org.br\/index.php?rest_route=%2Fwp%2Fv2%2Fmedia&parent=38245"}],"wp:term":[{"taxonomy":"category","embeddable":true,"href":"https:\/\/rioonwatch.org.br\/index.php?rest_route=%2Fwp%2Fv2%2Fcategories&post=38245"},{"taxonomy":"post_tag","embeddable":true,"href":"https:\/\/rioonwatch.org.br\/index.php?rest_route=%2Fwp%2Fv2%2Ftags&post=38245"},{"taxonomy":"writer","embeddable":true,"href":"https:\/\/rioonwatch.org.br\/index.php?rest_route=%2Fwp%2Fv2%2Fwriter&post=38245"},{"taxonomy":"translator","embeddable":true,"href":"https:\/\/rioonwatch.org.br\/index.php?rest_route=%2Fwp%2Fv2%2Ftranslator&post=38245"},{"taxonomy":"source","embeddable":true,"href":"https:\/\/rioonwatch.org.br\/index.php?rest_route=%2Fwp%2Fv2%2Fsource&post=38245"},{"taxonomy":"ilustrador","embeddable":true,"href":"https:\/\/rioonwatch.org.br\/index.php?rest_route=%2Fwp%2Fv2%2Filustrador&post=38245"},{"taxonomy":"fotografo","embeddable":true,"href":"https:\/\/rioonwatch.org.br\/index.php?rest_route=%2Fwp%2Fv2%2Ffotografo&post=38245"}],"curies":[{"name":"wp","href":"https:\/\/api.w.org\/{rel}","templated":true}]}}