{"id":38291,"date":"2019-01-21T12:10:23","date_gmt":"2019-01-21T15:10:23","guid":{"rendered":"http:\/\/rioonwatch.org.br\/?p=38291"},"modified":"2019-02-08T10:04:03","modified_gmt":"2019-02-08T13:04:03","slug":"a-violencia-contra-a-mulher-no-contexto-das-remocoes-no-rio-de-janeiro-parte-2-violencia-como-politica-de-controle","status":"publish","type":"post","link":"https:\/\/rioonwatch.org.br\/?p=38291","title":{"rendered":"A Viol\u00eancia Contra a Mulher no Contexto das Remo\u00e7\u00f5es, Parte 2: Viol\u00eancia como Pol\u00edtica de Controle"},"content":{"rendered":"<p style=\"text-align: right;\"><span data-ccp-props=\"{&quot;201341983&quot;:0,&quot;335559739&quot;:160,&quot;335559740&quot;:259}\">\u00a0<\/span><em><strong><a href=\"http:\/\/bit.ly\/2Gl7Pxc\" target=\"_blank\" rel=\"noopener noreferrer\">Click Here for English<\/a><a href=\"http:\/\/bit.ly\/2Gl7Pxc\" target=\"_blank\" rel=\"noopener noreferrer\"><img decoding=\"async\" width=\"20\" height=\"20\" class=\"alignright wp-image-15790\" src=\"http:\/\/rioonwatch.org.br\/wp-content\/uploads\/2012\/08\/EN-standard-e1439583104716.jpg\" \/><\/a><\/strong><\/em><\/p>\n<p><em>Esta \u00e9 a segunda de uma <a href=\"http:\/\/bit.ly\/SerieMulherXRemocao\" target=\"_blank\" rel=\"noopener\">s\u00e9rie de quatro mat\u00e9rias<\/a> que\u00a0traz \u00e0 luz uma pesquisa que evidencia o padr\u00e3o territorial desigual no qual a viol\u00eancia contra a mulher se materializa na cidade do Rio de Janeiro.<\/em><\/p>\n<p>Como mencionado na <a href=\"http:\/\/bit.ly\/2QIIajC\" target=\"_blank\" rel=\"noopener\">primeira mat\u00e9ria da s\u00e9rie<\/a>, o programa Minha Casa Minha Vida (<a href=\"http:\/\/bit.ly\/Y4U9oJ\" target=\"_blank\" rel=\"noopener\">MCMV<\/a>) materializou-se mais fortemente na\u00a0<a href=\"http:\/\/bit.ly\/11tBmFR\">Zona Oeste<\/a> da cidade do Rio de Janeiro, regi\u00e3o que j\u00e1 contava com uma insufici\u00eancia de infraestrutura e servi\u00e7os, e resultou em uma aguda amplia\u00e7\u00e3o do contingente populacional na \u00e1rea, que pressionou ainda mais a expans\u00e3o urbana desordenada no local. Aliado a isso, a expans\u00e3o do dom\u00ednio das <a href=\"http:\/\/bit.ly\/2EMciZ5\" target=\"_blank\" rel=\"noopener\">mil\u00edcias<\/a> amplia as graves consequ\u00eancias da aus\u00eancia do <a href=\"http:\/\/bit.ly\/2GWSt3C\" target=\"_blank\" rel=\"noopener\">estado democr\u00e1tico de direito<\/a>, agravando a viol\u00eancia nessa regi\u00e3o, e evidencia a parcialidade da <a href=\"http:\/\/bit.ly\/2buISj2\" target=\"_blank\" rel=\"noopener\">associa\u00e7\u00e3o entre viol\u00eancia e pobreza<\/a>.<\/p>\n<p>Em entrevista, um morador de um conjunto habitacional na Zona Oeste afirmou que &#8220;todo lugar tem um dono, cada um deve ficar no seu quadrado e andar na linha&#8221;. Essa afirma\u00e7\u00e3o, mais do que uma percep\u00e7\u00e3o da realidade, materializa-se de forma profunda como estrat\u00e9gia de sobreviv\u00eancia. Por esse motivo, e devido \u00e0 percep\u00e7\u00e3o difundida que em \u201cbriga de marido e mulher n\u00e3o se mete a colher\u201d, a viol\u00eancia contra a mulher encontra terreno livre para se alastrar. Afinal, quem viria prestar socorro? A pol\u00edcia? A mil\u00edcia? Algu\u00e9m?<\/p>\n<p><a href=\"http:\/\/rioonwatch.org.br\/wp-content\/uploads\/2019\/01\/2.1.jpg\"><img fetchpriority=\"high\" decoding=\"async\" class=\"aligncenter wp-image-38310 size-content\" title=\"Manifesta\u00e7\u00e3o de mulheres contra o machismo e a cultura do estupro na Avenida Paulista, regi\u00e3o central da cidade. Foto: Rovena Rosa\/Ag\u00eancia Brasil.\" src=\"http:\/\/rioonwatch.org.br\/wp-content\/uploads\/2019\/01\/2.1-620x264.jpg\" alt=\"\" width=\"620\" height=\"264\" srcset=\"https:\/\/rioonwatch.org.br\/wp-content\/uploads\/2019\/01\/2.1-620x264.jpg 620w, https:\/\/rioonwatch.org.br\/wp-content\/uploads\/2019\/01\/2.1-940x400.jpg 940w\" sizes=\"(max-width: 620px) 100vw, 620px\" \/><\/a><\/p>\n<p><span style=\"font-weight: 400;\">A compreens\u00e3o de como a viol\u00eancia \u00e9 vivenciada pelas mulheres na esfera individual demanda a percep\u00e7\u00e3o de suas media\u00e7\u00f5es sociais. Assim, as manifesta\u00e7\u00f5es individuais de viol\u00eancia contra a mulher devem ser analisadas em uma perspectiva mais ampla de viol\u00eancia socialmente produzida, que viola sistematicamente os direitos econ\u00f4micos e pol\u00edticos das mulheres<\/span><span style=\"font-weight: 400;\">. A press\u00e3o econ\u00f4mica, social e pol\u00edtica que determina a viv\u00eancia em situa\u00e7\u00e3o de viol\u00eancia generalizada, assim como a impunidade relacionada \u00e0 aus\u00eancia do estado democr\u00e1tico de direito e ainda \u00e0 mistifica\u00e7\u00e3o machista do estupro, que ainda hoje permite a <a href=\"http:\/\/bit.ly\/1TFC3r7\" target=\"_blank\" rel=\"noopener\">culpabiliza\u00e7\u00e3o da v\u00edtima<\/a>, determinam os \u00edndices alarmantes de estupro, por exemplo.<\/span><\/p>\n<p><span style=\"font-weight: 400;\">A concentra\u00e7\u00e3o de ocorr\u00eancias de estupro na Zona Oeste da cidade e a amplia\u00e7\u00e3o dos casos nessa regi\u00e3o, a partir de 2009<\/span><span style=\"font-weight: 400;\">, sugere que o excessivo e desordenado aumento populacional determinado pela l\u00f3gica de localiza\u00e7\u00e3o do MCMV e pela pol\u00edtica de remo\u00e7\u00e3o podem ter influenciado nesse \u00edndice. O quadro e tabela abaixo sintetiza essa potencial rela\u00e7\u00e3o.<\/span><\/p>\n<p><a href=\"http:\/\/rioonwatch.org.br\/wp-content\/uploads\/2019\/01\/gr\u00e1fico-poliana.png\"><img decoding=\"async\" class=\"aligncenter wp-image-38312 size-large\" title=\"Evolu\u00e7\u00e3o das ocorr\u00eancias de estupro de mulheres no Rio de Janeiro por zona em valores absolutos. Elaborado pela autora.\" src=\"http:\/\/rioonwatch.org.br\/wp-content\/uploads\/2019\/01\/gr\u00e1fico-poliana-1024x556.png\" alt=\"\" width=\"620\" height=\"337\" srcset=\"https:\/\/rioonwatch.org.br\/wp-content\/uploads\/2019\/01\/gr\u00e1fico-poliana-1024x556.png 1024w, https:\/\/rioonwatch.org.br\/wp-content\/uploads\/2019\/01\/gr\u00e1fico-poliana-486x264.png 486w, https:\/\/rioonwatch.org.br\/wp-content\/uploads\/2019\/01\/gr\u00e1fico-poliana-620x337.png 620w, https:\/\/rioonwatch.org.br\/wp-content\/uploads\/2019\/01\/gr\u00e1fico-poliana-768x417.png 768w, https:\/\/rioonwatch.org.br\/wp-content\/uploads\/2019\/01\/gr\u00e1fico-poliana.png 1144w\" sizes=\"(max-width: 620px) 100vw, 620px\" \/><\/a><\/p>\n<p><b>Tabela 1:<\/b><span style=\"font-weight: 400;\"> Caracter\u00edstica das ocorr\u00eancias de estupro por zona (elaborado pela autora):<\/span><\/p>\n<table style=\"height: 232px;\" width=\"742\">\n<tbody>\n<tr>\n<td rowspan=\"2\"><i><span style=\"font-weight: 400;\">ZONA<\/span><\/i><\/td>\n<td colspan=\"3\"><i><span style=\"font-weight: 400;\">COR*<\/span><\/i><\/td>\n<td colspan=\"2\"><i><span style=\"font-weight: 400;\">LOCAL*<\/span><\/i><\/td>\n<td colspan=\"3\"><i><span style=\"font-weight: 400;\">IDADE*<\/span><\/i><\/td>\n<\/tr>\n<tr>\n<td><b>Branca<\/b><\/td>\n<td><b>Negra<\/b><\/td>\n<td><b>Parda<\/b><\/td>\n<td><b>Moradia<\/b><\/td>\n<td><b>Local P\u00fablico<\/b><\/td>\n<td><b>Crian\u00e7a<\/b><\/td>\n<td><b>Adolescente<\/b><\/td>\n<td><b>Adulta<\/b><\/td>\n<\/tr>\n<tr>\n<td><b>Oeste<\/b><\/td>\n<td><span style=\"font-weight: 400;\">38%<\/span><\/td>\n<td><span style=\"font-weight: 400;\">12%<\/span><\/td>\n<td><span style=\"font-weight: 400;\">45%<\/span><\/td>\n<td><span style=\"font-weight: 400;\">72%<\/span><\/td>\n<td><span style=\"font-weight: 400;\">19%<\/span><\/td>\n<td><span style=\"font-weight: 400;\">52%<\/span><\/td>\n<td><span style=\"font-weight: 400;\">16%<\/span><\/td>\n<td><span style=\"font-weight: 400;\">24%<\/span><\/td>\n<\/tr>\n<tr>\n<td><b>Norte<\/b><\/td>\n<td><span style=\"font-weight: 400;\">43%<\/span><\/td>\n<td><span style=\"font-weight: 400;\">13%<\/span><\/td>\n<td><span style=\"font-weight: 400;\">39%<\/span><\/td>\n<td><span style=\"font-weight: 400;\">66%<\/span><\/td>\n<td><span style=\"font-weight: 400;\">24%<\/span><\/td>\n<td><span style=\"font-weight: 400;\">50%<\/span><\/td>\n<td><span style=\"font-weight: 400;\">15%<\/span><\/td>\n<td><span style=\"font-weight: 400;\">30%<\/span><\/td>\n<\/tr>\n<tr>\n<td><b>Centro<\/b><\/td>\n<td><span style=\"font-weight: 400;\">49%<\/span><\/td>\n<td><span style=\"font-weight: 400;\">13%<\/span><\/td>\n<td><span style=\"font-weight: 400;\">34%<\/span><\/td>\n<td><span style=\"font-weight: 400;\">42%<\/span><\/td>\n<td><span style=\"font-weight: 400;\">45%<\/span><\/td>\n<td><span style=\"font-weight: 400;\">31%<\/span><\/td>\n<td><span style=\"font-weight: 400;\">10%<\/span><\/td>\n<td><span style=\"font-weight: 400;\">53%<\/span><\/td>\n<\/tr>\n<tr>\n<td><b>Sul<\/b><\/td>\n<td><span style=\"font-weight: 400;\">57%<\/span><\/td>\n<td><span style=\"font-weight: 400;\">11%<\/span><\/td>\n<td><span style=\"font-weight: 400;\">28%<\/span><\/td>\n<td><span style=\"font-weight: 400;\">55%<\/span><\/td>\n<td><span style=\"font-weight: 400;\">32%<\/span><\/td>\n<td><span style=\"font-weight: 400;\">37%<\/span><\/td>\n<td><span style=\"font-weight: 400;\">12%<\/span><\/td>\n<td><span style=\"font-weight: 400;\">44%<\/span><\/td>\n<\/tr>\n<tr>\n<td colspan=\"9\"><i><span style=\"font-weight: 400;\">*A identifica\u00e7\u00e3o de cor, local e idade n\u00e3o ocorre em todos os casos notificados, por esse motivo o percentual n\u00e3o totaliza 100%.<\/span><\/i><\/td>\n<\/tr>\n<\/tbody>\n<\/table>\n<p><span style=\"font-weight: 400;\">As ocorr\u00eancias de estupro registradas demonstram um padr\u00e3o territorial diferenciado nas caracter\u00edsticas desse tipo de crime. Nela podemos observar que a cor das v\u00edtimas, por exemplo, \u00e9 distintivo e sintom\u00e1tico do padr\u00e3o de periferiza\u00e7\u00e3o racista da produ\u00e7\u00e3o do espa\u00e7o capitalista e patriarcal. O percentual de mulheres negras ou pardas vitimadas pelo estupro \u00e9 superior na Zona Oeste. A segrega\u00e7\u00e3o territorial tamb\u00e9m determina especificidades em rela\u00e7\u00e3o ao local do crime. Na Zona Oeste da cidade, o estupro \u00e9 um crime majoritariamente domiciliar, representando 72% dos casos. O <\/span><span style=\"font-weight: 400;\">sombrio padr\u00e3o de vitimiza\u00e7\u00e3o do estupro <a href=\"http:\/\/bit.ly\/2L9kKVT\" target=\"_blank\" rel=\"noopener\">que atinge mais crian\u00e7as e adolescentes<\/a><\/span><span style=\"font-weight: 400;\"> se verifica na Zona Oeste, enquanto na Zona Sul e no Centro, esse padr\u00e3o n\u00e3o se evidencia. <\/span><\/p>\n<p><span style=\"font-weight: 400;\">O Centro da cidade, por seu padr\u00e3o de uso e ocupa\u00e7\u00e3o diferenciado, \u00e9 a regi\u00e3o onde mais foram notificados casos de estupro em locais p\u00fablicos. Na Zona Oeste, por outro lado, a ocorr\u00eancia de estupros em transporte p\u00fablico representa 43,1% dos casos da cidade<\/span><span style=\"font-weight: 400;\">, sendo que boa parte dos crimes ocorreram dentro de vans do transporte alternativo. \u00c9 importante lembrar que a circula\u00e7\u00e3o de vans foi <\/span><a href=\"https:\/\/bbc.in\/2CUcBiV\" target=\"_blank\" rel=\"noopener\"><span style=\"font-weight: 400;\">proibida na Zona Sul pela Prefeitura<\/span><\/a><span style=\"font-weight: 400;\"> ap\u00f3s a repercuss\u00e3o gerada pelo caso de uma <a href=\"https:\/\/abr.ai\/2SIE5xu\" target=\"_blank\" rel=\"noopener\">turista americana brutalmente estuprada dentro de uma van em 2013<\/a>. No restante da cidade as vans continuaram a circular apenas com a <\/span><a href=\"http:\/\/doweb.rio.rj.gov.br\/portal\/visualizacoes\/pdf\/2040\/#\/p:1\/e:2040\"><span style=\"font-weight: 400;\">restri\u00e7\u00e3o ao uso de pel\u00edcula nos vidro<\/span><\/a><span style=\"font-weight: 400;\">.<\/span><\/p>\n<p><span style=\"font-weight: 400;\"><a href=\"http:\/\/rioonwatch.org.br\/wp-content\/uploads\/2019\/01\/2.4-Estupro.jpg\"><img loading=\"lazy\" decoding=\"async\" class=\"aligncenter wp-image-38313 size-medium\" title=\"Ocorr\u00eancias de estupro no Rio de Janeiro (valores absolutos\/2009-2016), localiza\u00e7\u00e3o dos empreendimentos do MCMV para Habita\u00e7\u00e3o de Interesse Social e remo\u00e7\u00f5es. Elaborado pela autora.\" src=\"http:\/\/rioonwatch.org.br\/wp-content\/uploads\/2019\/01\/2.4-Estupro-620x377.jpg\" alt=\"\" width=\"620\" height=\"377\" srcset=\"https:\/\/rioonwatch.org.br\/wp-content\/uploads\/2019\/01\/2.4-Estupro-620x377.jpg 620w, https:\/\/rioonwatch.org.br\/wp-content\/uploads\/2019\/01\/2.4-Estupro-434x264.jpg 434w, https:\/\/rioonwatch.org.br\/wp-content\/uploads\/2019\/01\/2.4-Estupro-768x467.jpg 768w, https:\/\/rioonwatch.org.br\/wp-content\/uploads\/2019\/01\/2.4-Estupro-1024x623.jpg 1024w\" sizes=\"(max-width: 620px) 100vw, 620px\" \/><\/a><\/span><\/p>\n<p><span style=\"font-weight: 400;\">A moradia popular foi utilizada historicamente como <a href=\"http:\/\/bit.ly\/2SBO1c5\" target=\"_blank\" rel=\"noopener\">pol\u00edtica de controle social visando fixar o trabalhador e moralizar seus h\u00e1bitos<\/a><\/span><span style=\"font-weight: 400;\">. O estupro, por sua vez, sempre foi utilizado como arma de terror pol\u00edtico, e <a href=\"http:\/\/bit.ly\/2Qsu7OP\" target=\"_blank\" rel=\"noopener\">com frequ\u00eancia emanou diretamente da pol\u00edtica oficial<\/a><\/span><span style=\"font-weight: 400;\">. No Rio de Janeiro essa estrat\u00e9gia se evidencia, mas dessa vez a pol\u00edtica de controle viabilizado com o MCMV recai gravemente sobre mulheres por meio da viol\u00eancia estrutural e institucionalizada.<\/span><\/p>\n<p><b>Tabela 2:<\/b><span style=\"font-weight: 400;\"> Estupro por Zona em valores absolutos (2009-2016) e por taxa de 10.000 mulheres (2010) (elaborado pela autora).<\/span><\/p>\n<table>\n<tbody>\n<tr>\n<td colspan=\"4\"><b>% valores absolutos \u2013 2009-2016<\/b><\/td>\n<\/tr>\n<tr>\n<td><i><span style=\"font-weight: 400;\">Zona Oeste<\/span><\/i><\/td>\n<td><i><span style=\"font-weight: 400;\">Zona Norte<\/span><\/i><\/td>\n<td><i><span style=\"font-weight: 400;\">Zona Sul<\/span><\/i><\/td>\n<td><i><span style=\"font-weight: 400;\">Centro<\/span><\/i><\/td>\n<\/tr>\n<tr>\n<td><span style=\"font-weight: 400;\">58,1%<\/span><\/td>\n<td><span style=\"font-weight: 400;\">32,6%<\/span><\/td>\n<td><span style=\"font-weight: 400;\">6,2%<\/span><\/td>\n<td><span style=\"font-weight: 400;\">3,1%<\/span><\/td>\n<\/tr>\n<tr>\n<td colspan=\"4\"><b>Taxa de 10 mil mulheres \u2013 Censo 2010<\/b><\/td>\n<\/tr>\n<tr>\n<td><i><span style=\"font-weight: 400;\">Zona Oeste<\/span><\/i><\/td>\n<td><i><span style=\"font-weight: 400;\">Zona Norte<\/span><\/i><\/td>\n<td><i><span style=\"font-weight: 400;\">Zona Sul<\/span><\/i><\/td>\n<td><i><span style=\"font-weight: 400;\">Centro<\/span><\/i><\/td>\n<\/tr>\n<tr>\n<td><span style=\"font-weight: 400;\">4,09<\/span><\/td>\n<td><span style=\"font-weight: 400;\">2,71<\/span><\/td>\n<td><span style=\"font-weight: 400;\">2,23<\/span><\/td>\n<td><span style=\"font-weight: 400;\">5,35<\/span><\/td>\n<\/tr>\n<\/tbody>\n<\/table>\n<p><span style=\"font-weight: 400;\">Assim, quando considerados os valores absolutos, a Zona Oeste figura como a \u00e1rea que concentra mais ocorr\u00eancias de estupro. A Comiss\u00e3o Econ\u00f4mica para a Am\u00e9rica Latina e Caribe (<a href=\"http:\/\/bit.ly\/2AyEnjz\" target=\"_blank\" rel=\"noopener\">CEPAL<\/a>), no entanto, recomenda que a produ\u00e7\u00e3o de estat\u00edsticas de g\u00eanero seja padronizada, indicando a produ\u00e7\u00e3o de indicadores de viol\u00eancia por meio de taxas por 100 mil e por 10 mil mulheres. Assim, o c\u00e1lculo por taxa em rela\u00e7\u00e3o ao Censo 2010 tem o intuito de verificar a tend\u00eancia dos dados, ainda que a dist\u00e2ncia temporal em rela\u00e7\u00e3o ao censo e as grandes transforma\u00e7\u00f5es urbanas dificultem a realiza\u00e7\u00e3o de proje\u00e7\u00f5es. Nesse caso<\/span><span style=\"font-weight: 400;\">, o c\u00e1lculo das taxas por 10 mil mulheres para 2010 atribui ao Centro os \u00edndices mais elevados, devido ao n\u00famero relativamente grande de ocorr\u00eancias, inflado pela <a href=\"http:\/\/bit.ly\/2LU20Y9\" target=\"_blank\" rel=\"noopener\">popula\u00e7\u00e3o flutuante<\/a> que circula pelo Centro, frente ao n\u00famero reduzido de residentes. <\/span><\/p>\n<p><span style=\"font-weight: 400;\">A an\u00e1lise tanto por valores absolutos quanto por taxas demonstra os limites e as potencialidades da pesquisa territorializada sobre viol\u00eancia contra a mulher e evidencia a necessidade de a\u00e7\u00f5es integradas e inclusivas de planejamento urbano e de pol\u00edticas p\u00fablicas. A afirma\u00e7\u00e3o da responsabilidade do Estado na viol\u00eancia cometida contra mulheres \u00e9 fundamental na luta contra a desigualdade de g\u00eanero.<\/span><\/p>\n<hr \/>\n<h3><em>S\u00e9rie Completa:\u00a0<a href=\"http:\/\/bit.ly\/SerieMulherXRemocao\" target=\"_blank\" rel=\"noopener\">A Viol\u00eancia Contra a Mulher no Contexto das Remo\u00e7\u00f5es<\/a><\/em><\/h3>\n<p><a href=\"http:\/\/bit.ly\/2QIIajC\" target=\"_blank\" rel=\"noopener\">Parte 1<\/a>: Introdu\u00e7\u00e3o<br \/>\n<a href=\"http:\/\/bit.ly\/2R4who3\" target=\"_blank\" rel=\"noopener\">Parte 2<\/a>: Viol\u00eancia como Pol\u00edtica de Controle<br \/>\n<a href=\"http:\/\/bit.ly\/2sZxx29\" target=\"_blank\" rel=\"noopener\">Parte 3<\/a>: Onde Mais se Bate, Mais se Mata?<br \/>\n<a href=\"http:\/\/bit.ly\/2WSrvhR\" target=\"_blank\" rel=\"noopener\">Parte 4<\/a>: O Machismo Institucional na Cidade Patriarcal<\/p>\n<!-- AddThis Advanced Settings generic via filter on the_content --><!-- AddThis Share Buttons generic via filter on the_content -->","protected":false},"excerpt":{"rendered":"<div class=\"mh-excerpt\"><p>\u00a0Click Here for English Esta \u00e9 a segunda de uma s\u00e9rie de quatro mat\u00e9rias que\u00a0traz \u00e0 luz uma pesquisa que evidencia o padr\u00e3o territorial desigual no qual a viol\u00eancia contra a mulher se materializa na <a class=\"mh-excerpt-more\" href=\"https:\/\/rioonwatch.org.br\/?p=38291\" title=\"A Viol\u00eancia Contra a Mulher no Contexto das Remo\u00e7\u00f5es, Parte 2: Viol\u00eancia como Pol\u00edtica de Controle\">[&#8230;]<\/a><!-- AddThis Advanced Settings generic via filter on get_the_excerpt --><!-- AddThis Share Buttons generic via filter on get_the_excerpt --><\/p>\n<\/div>","protected":false},"author":152,"featured_media":38311,"comment_status":"closed","ping_status":"closed","sticky":false,"template":"","format":"standard","meta":{"_acf_changed":false,"_monsterinsights_skip_tracking":false,"_monsterinsights_sitenote_active":false,"_monsterinsights_sitenote_note":"","_monsterinsights_sitenote_category":0,"footnotes":""},"categories":[1621,1632,346,1631,1620],"tags":[413,424,42,482,246,1037,812,31,2451,839,14,2289,2572,370,2387,1864,1144,184],"writer":[2566],"translator":[],"source":[],"ilustrador":[],"fotografo":[],"class_list":{"0":"post-38291","1":"post","2":"type-post","3":"status-publish","4":"format-standard","5":"has-post-thumbnail","7":"category-destaque","8":"category-pesquisa-e-analise","9":"category-denuncias","10":"category-entendendo-o-rio","11":"category-olhonaupp","12":"tag-desigualdade","13":"tag-direito-a-moradia","14":"tag-genero","15":"tag-milicia","16":"tag-minha-casa-minha-vida","17":"tag-moradia","18":"tag-planejamento-urbano","19":"tag-policia","20":"tag-politicas-publicas","21":"tag-prioridades-publicas-equivocadas","22":"tag-remocao","23":"tag-serie","24":"tag-serie-violencia-contra-a-mulher-x-remocoes","25":"tag-transporte-publico","26":"tag-violencia-contra-a-mulher","27":"tag-violencia-sexual","28":"tag-violencia-urbana","29":"tag-zona-oeste","30":"writer-poliana-monteiro"},"acf":[],"yoast_head":"<!-- This site is optimized with the Yoast SEO plugin v25.6 - https:\/\/yoast.com\/wordpress\/plugins\/seo\/ -->\n<title>A Viol\u00eancia Contra a Mulher no Contexto das Remo\u00e7\u00f5es, Parte 2: Viol\u00eancia como Pol\u00edtica de Controle - RioOnWatch<\/title>\n<meta name=\"robots\" content=\"index, follow, max-snippet:-1, max-image-preview:large, max-video-preview:-1\" \/>\n<link rel=\"canonical\" href=\"https:\/\/rioonwatch.org.br\/?p=38291\" \/>\n<meta property=\"og:locale\" content=\"pt_BR\" \/>\n<meta property=\"og:type\" content=\"article\" \/>\n<meta property=\"og:title\" content=\"A Viol\u00eancia Contra a Mulher no Contexto das Remo\u00e7\u00f5es, Parte 2: Viol\u00eancia como Pol\u00edtica de Controle - RioOnWatch\" \/>\n<meta property=\"og:description\" content=\"\u00a0Click Here for English Esta \u00e9 a segunda de uma s\u00e9rie de quatro mat\u00e9rias que\u00a0traz \u00e0 luz uma pesquisa que evidencia o padr\u00e3o territorial desigual no qual a viol\u00eancia contra a mulher se materializa na [...]\" \/>\n<meta property=\"og:url\" content=\"https:\/\/rioonwatch.org.br\/?p=38291\" \/>\n<meta property=\"og:site_name\" content=\"RioOnWatch\" \/>\n<meta property=\"article:published_time\" content=\"2019-01-21T15:10:23+00:00\" \/>\n<meta property=\"article:modified_time\" content=\"2019-02-08T13:04:03+00:00\" \/>\n<meta property=\"og:image\" content=\"https:\/\/rioonwatch.org.br\/wp-content\/uploads\/2019\/01\/2.2.jpg\" \/>\n\t<meta property=\"og:image:width\" content=\"1600\" \/>\n\t<meta property=\"og:image:height\" content=\"1067\" \/>\n\t<meta property=\"og:image:type\" content=\"image\/jpeg\" \/>\n<meta name=\"author\" content=\"Luisa Fenizola\" \/>\n<meta name=\"twitter:card\" content=\"summary_large_image\" \/>\n<meta name=\"twitter:label1\" content=\"Escrito por\" \/>\n\t<meta name=\"twitter:data1\" content=\"Luisa Fenizola\" \/>\n\t<meta name=\"twitter:label2\" content=\"Est. tempo de leitura\" \/>\n\t<meta name=\"twitter:data2\" content=\"6 minutos\" \/>\n<script type=\"application\/ld+json\" class=\"yoast-schema-graph\">{\"@context\":\"https:\/\/schema.org\",\"@graph\":[{\"@type\":\"Article\",\"@id\":\"https:\/\/rioonwatch.org.br\/?p=38291#article\",\"isPartOf\":{\"@id\":\"https:\/\/rioonwatch.org.br\/?p=38291\"},\"author\":{\"name\":\"Luisa Fenizola\",\"@id\":\"https:\/\/rioonwatch.org.br\/#\/schema\/person\/f443c6b55bb6e80842280318076491c5\"},\"headline\":\"A Viol\u00eancia Contra a Mulher no Contexto das Remo\u00e7\u00f5es, Parte 2: Viol\u00eancia como Pol\u00edtica de Controle\",\"datePublished\":\"2019-01-21T15:10:23+00:00\",\"dateModified\":\"2019-02-08T13:04:03+00:00\",\"mainEntityOfPage\":{\"@id\":\"https:\/\/rioonwatch.org.br\/?p=38291\"},\"wordCount\":1127,\"publisher\":{\"@id\":\"https:\/\/rioonwatch.org.br\/#organization\"},\"image\":{\"@id\":\"https:\/\/rioonwatch.org.br\/?p=38291#primaryimage\"},\"thumbnailUrl\":\"https:\/\/rioonwatch.org.br\/wp-content\/uploads\/2019\/01\/2.2.jpg\",\"keywords\":[\"desigualdade\",\"Direito \u00e0 Moradia\",\"g\u00eanero\",\"Mil\u00edcia\",\"Minha Casa Minha Vida\",\"moradia\",\"planejamento urbano\",\"pol\u00edcia\",\"pol\u00edticas p\u00fablicas\",\"prioridades p\u00fablicas equivocadas\",\"Remo\u00e7\u00e3o\",\"S\u00e9rie\",\"S\u00e9rie: Viol\u00eancia Contra a Mulher x Remo\u00e7\u00f5es\",\"transporte p\u00fablico\",\"viol\u00eancia contra a mulher\",\"viol\u00eancia sexual\",\"viol\u00eancia urbana\",\"Zona Oeste\"],\"articleSection\":[\"*Destaque\",\"Dados e Pesquisa\",\"Den\u00fancias\",\"Entendendo o Rio\",\"Seguran\u00e7a P\u00fablica\"],\"inLanguage\":\"pt-BR\"},{\"@type\":\"WebPage\",\"@id\":\"https:\/\/rioonwatch.org.br\/?p=38291\",\"url\":\"https:\/\/rioonwatch.org.br\/?p=38291\",\"name\":\"A Viol\u00eancia Contra a Mulher no Contexto das Remo\u00e7\u00f5es, Parte 2: Viol\u00eancia como Pol\u00edtica de Controle - RioOnWatch\",\"isPartOf\":{\"@id\":\"https:\/\/rioonwatch.org.br\/#website\"},\"primaryImageOfPage\":{\"@id\":\"https:\/\/rioonwatch.org.br\/?p=38291#primaryimage\"},\"image\":{\"@id\":\"https:\/\/rioonwatch.org.br\/?p=38291#primaryimage\"},\"thumbnailUrl\":\"https:\/\/rioonwatch.org.br\/wp-content\/uploads\/2019\/01\/2.2.jpg\",\"datePublished\":\"2019-01-21T15:10:23+00:00\",\"dateModified\":\"2019-02-08T13:04:03+00:00\",\"breadcrumb\":{\"@id\":\"https:\/\/rioonwatch.org.br\/?p=38291#breadcrumb\"},\"inLanguage\":\"pt-BR\",\"potentialAction\":[{\"@type\":\"ReadAction\",\"target\":[\"https:\/\/rioonwatch.org.br\/?p=38291\"]}]},{\"@type\":\"ImageObject\",\"inLanguage\":\"pt-BR\",\"@id\":\"https:\/\/rioonwatch.org.br\/?p=38291#primaryimage\",\"url\":\"https:\/\/rioonwatch.org.br\/wp-content\/uploads\/2019\/01\/2.2.jpg\",\"contentUrl\":\"https:\/\/rioonwatch.org.br\/wp-content\/uploads\/2019\/01\/2.2.jpg\",\"width\":1600,\"height\":1067},{\"@type\":\"BreadcrumbList\",\"@id\":\"https:\/\/rioonwatch.org.br\/?p=38291#breadcrumb\",\"itemListElement\":[{\"@type\":\"ListItem\",\"position\":1,\"name\":\"In\u00edcio\",\"item\":\"https:\/\/rioonwatch.org.br\/\"},{\"@type\":\"ListItem\",\"position\":2,\"name\":\"A Viol\u00eancia Contra a Mulher no Contexto das Remo\u00e7\u00f5es, Parte 2: Viol\u00eancia como Pol\u00edtica de Controle\"}]},{\"@type\":\"WebSite\",\"@id\":\"https:\/\/rioonwatch.org.br\/#website\",\"url\":\"https:\/\/rioonwatch.org.br\/\",\"name\":\"RioOnWatch\",\"description\":\"relatos das favelas cariocas\",\"publisher\":{\"@id\":\"https:\/\/rioonwatch.org.br\/#organization\"},\"potentialAction\":[{\"@type\":\"SearchAction\",\"target\":{\"@type\":\"EntryPoint\",\"urlTemplate\":\"https:\/\/rioonwatch.org.br\/?s={search_term_string}\"},\"query-input\":{\"@type\":\"PropertyValueSpecification\",\"valueRequired\":true,\"valueName\":\"search_term_string\"}}],\"inLanguage\":\"pt-BR\"},{\"@type\":\"Organization\",\"@id\":\"https:\/\/rioonwatch.org.br\/#organization\",\"name\":\"RioOnWatch\",\"url\":\"https:\/\/rioonwatch.org.br\/\",\"logo\":{\"@type\":\"ImageObject\",\"inLanguage\":\"pt-BR\",\"@id\":\"https:\/\/rioonwatch.org.br\/#\/schema\/logo\/image\/\",\"url\":\"https:\/\/rioonwatch.org.br\/wp-content\/uploads\/2021\/06\/RioOnWatchcabecalhoPT11anos-2.png\",\"contentUrl\":\"https:\/\/rioonwatch.org.br\/wp-content\/uploads\/2021\/06\/RioOnWatchcabecalhoPT11anos-2.png\",\"width\":779,\"height\":277,\"caption\":\"RioOnWatch\"},\"image\":{\"@id\":\"https:\/\/rioonwatch.org.br\/#\/schema\/logo\/image\/\"}},{\"@type\":\"Person\",\"@id\":\"https:\/\/rioonwatch.org.br\/#\/schema\/person\/f443c6b55bb6e80842280318076491c5\",\"name\":\"Luisa Fenizola\",\"image\":{\"@type\":\"ImageObject\",\"inLanguage\":\"pt-BR\",\"@id\":\"https:\/\/rioonwatch.org.br\/#\/schema\/person\/image\/\",\"url\":\"https:\/\/secure.gravatar.com\/avatar\/a3d551110162b9f876cbbdaaecf75663?s=96&d=blank&r=g\",\"contentUrl\":\"https:\/\/secure.gravatar.com\/avatar\/a3d551110162b9f876cbbdaaecf75663?s=96&d=blank&r=g\",\"caption\":\"Luisa Fenizola\"},\"url\":\"https:\/\/rioonwatch.org.br\/?author=152\"}]}<\/script>\n<!-- \/ Yoast SEO plugin. -->","yoast_head_json":{"title":"A Viol\u00eancia Contra a Mulher no Contexto das Remo\u00e7\u00f5es, Parte 2: Viol\u00eancia como Pol\u00edtica de Controle - RioOnWatch","robots":{"index":"index","follow":"follow","max-snippet":"max-snippet:-1","max-image-preview":"max-image-preview:large","max-video-preview":"max-video-preview:-1"},"canonical":"https:\/\/rioonwatch.org.br\/?p=38291","og_locale":"pt_BR","og_type":"article","og_title":"A Viol\u00eancia Contra a Mulher no Contexto das Remo\u00e7\u00f5es, Parte 2: Viol\u00eancia como Pol\u00edtica de Controle - RioOnWatch","og_description":"\u00a0Click Here for English Esta \u00e9 a segunda de uma s\u00e9rie de quatro mat\u00e9rias que\u00a0traz \u00e0 luz uma pesquisa que evidencia o padr\u00e3o territorial desigual no qual a viol\u00eancia contra a mulher se materializa na [...]","og_url":"https:\/\/rioonwatch.org.br\/?p=38291","og_site_name":"RioOnWatch","article_published_time":"2019-01-21T15:10:23+00:00","article_modified_time":"2019-02-08T13:04:03+00:00","og_image":[{"width":1600,"height":1067,"url":"https:\/\/rioonwatch.org.br\/wp-content\/uploads\/2019\/01\/2.2.jpg","type":"image\/jpeg"}],"author":"Luisa Fenizola","twitter_card":"summary_large_image","twitter_misc":{"Escrito por":"Luisa Fenizola","Est. tempo de leitura":"6 minutos"},"schema":{"@context":"https:\/\/schema.org","@graph":[{"@type":"Article","@id":"https:\/\/rioonwatch.org.br\/?p=38291#article","isPartOf":{"@id":"https:\/\/rioonwatch.org.br\/?p=38291"},"author":{"name":"Luisa Fenizola","@id":"https:\/\/rioonwatch.org.br\/#\/schema\/person\/f443c6b55bb6e80842280318076491c5"},"headline":"A Viol\u00eancia Contra a Mulher no Contexto das Remo\u00e7\u00f5es, Parte 2: Viol\u00eancia como Pol\u00edtica de Controle","datePublished":"2019-01-21T15:10:23+00:00","dateModified":"2019-02-08T13:04:03+00:00","mainEntityOfPage":{"@id":"https:\/\/rioonwatch.org.br\/?p=38291"},"wordCount":1127,"publisher":{"@id":"https:\/\/rioonwatch.org.br\/#organization"},"image":{"@id":"https:\/\/rioonwatch.org.br\/?p=38291#primaryimage"},"thumbnailUrl":"https:\/\/rioonwatch.org.br\/wp-content\/uploads\/2019\/01\/2.2.jpg","keywords":["desigualdade","Direito \u00e0 Moradia","g\u00eanero","Mil\u00edcia","Minha Casa Minha Vida","moradia","planejamento urbano","pol\u00edcia","pol\u00edticas p\u00fablicas","prioridades p\u00fablicas equivocadas","Remo\u00e7\u00e3o","S\u00e9rie","S\u00e9rie: Viol\u00eancia Contra a Mulher x Remo\u00e7\u00f5es","transporte p\u00fablico","viol\u00eancia contra a mulher","viol\u00eancia sexual","viol\u00eancia urbana","Zona Oeste"],"articleSection":["*Destaque","Dados e Pesquisa","Den\u00fancias","Entendendo o Rio","Seguran\u00e7a P\u00fablica"],"inLanguage":"pt-BR"},{"@type":"WebPage","@id":"https:\/\/rioonwatch.org.br\/?p=38291","url":"https:\/\/rioonwatch.org.br\/?p=38291","name":"A Viol\u00eancia Contra a Mulher no Contexto das Remo\u00e7\u00f5es, Parte 2: Viol\u00eancia como Pol\u00edtica de Controle - RioOnWatch","isPartOf":{"@id":"https:\/\/rioonwatch.org.br\/#website"},"primaryImageOfPage":{"@id":"https:\/\/rioonwatch.org.br\/?p=38291#primaryimage"},"image":{"@id":"https:\/\/rioonwatch.org.br\/?p=38291#primaryimage"},"thumbnailUrl":"https:\/\/rioonwatch.org.br\/wp-content\/uploads\/2019\/01\/2.2.jpg","datePublished":"2019-01-21T15:10:23+00:00","dateModified":"2019-02-08T13:04:03+00:00","breadcrumb":{"@id":"https:\/\/rioonwatch.org.br\/?p=38291#breadcrumb"},"inLanguage":"pt-BR","potentialAction":[{"@type":"ReadAction","target":["https:\/\/rioonwatch.org.br\/?p=38291"]}]},{"@type":"ImageObject","inLanguage":"pt-BR","@id":"https:\/\/rioonwatch.org.br\/?p=38291#primaryimage","url":"https:\/\/rioonwatch.org.br\/wp-content\/uploads\/2019\/01\/2.2.jpg","contentUrl":"https:\/\/rioonwatch.org.br\/wp-content\/uploads\/2019\/01\/2.2.jpg","width":1600,"height":1067},{"@type":"BreadcrumbList","@id":"https:\/\/rioonwatch.org.br\/?p=38291#breadcrumb","itemListElement":[{"@type":"ListItem","position":1,"name":"In\u00edcio","item":"https:\/\/rioonwatch.org.br\/"},{"@type":"ListItem","position":2,"name":"A Viol\u00eancia Contra a Mulher no Contexto das Remo\u00e7\u00f5es, Parte 2: Viol\u00eancia como Pol\u00edtica de Controle"}]},{"@type":"WebSite","@id":"https:\/\/rioonwatch.org.br\/#website","url":"https:\/\/rioonwatch.org.br\/","name":"RioOnWatch","description":"relatos das favelas cariocas","publisher":{"@id":"https:\/\/rioonwatch.org.br\/#organization"},"potentialAction":[{"@type":"SearchAction","target":{"@type":"EntryPoint","urlTemplate":"https:\/\/rioonwatch.org.br\/?s={search_term_string}"},"query-input":{"@type":"PropertyValueSpecification","valueRequired":true,"valueName":"search_term_string"}}],"inLanguage":"pt-BR"},{"@type":"Organization","@id":"https:\/\/rioonwatch.org.br\/#organization","name":"RioOnWatch","url":"https:\/\/rioonwatch.org.br\/","logo":{"@type":"ImageObject","inLanguage":"pt-BR","@id":"https:\/\/rioonwatch.org.br\/#\/schema\/logo\/image\/","url":"https:\/\/rioonwatch.org.br\/wp-content\/uploads\/2021\/06\/RioOnWatchcabecalhoPT11anos-2.png","contentUrl":"https:\/\/rioonwatch.org.br\/wp-content\/uploads\/2021\/06\/RioOnWatchcabecalhoPT11anos-2.png","width":779,"height":277,"caption":"RioOnWatch"},"image":{"@id":"https:\/\/rioonwatch.org.br\/#\/schema\/logo\/image\/"}},{"@type":"Person","@id":"https:\/\/rioonwatch.org.br\/#\/schema\/person\/f443c6b55bb6e80842280318076491c5","name":"Luisa Fenizola","image":{"@type":"ImageObject","inLanguage":"pt-BR","@id":"https:\/\/rioonwatch.org.br\/#\/schema\/person\/image\/","url":"https:\/\/secure.gravatar.com\/avatar\/a3d551110162b9f876cbbdaaecf75663?s=96&d=blank&r=g","contentUrl":"https:\/\/secure.gravatar.com\/avatar\/a3d551110162b9f876cbbdaaecf75663?s=96&d=blank&r=g","caption":"Luisa Fenizola"},"url":"https:\/\/rioonwatch.org.br\/?author=152"}]}},"_links":{"self":[{"href":"https:\/\/rioonwatch.org.br\/index.php?rest_route=\/wp\/v2\/posts\/38291"}],"collection":[{"href":"https:\/\/rioonwatch.org.br\/index.php?rest_route=\/wp\/v2\/posts"}],"about":[{"href":"https:\/\/rioonwatch.org.br\/index.php?rest_route=\/wp\/v2\/types\/post"}],"author":[{"embeddable":true,"href":"https:\/\/rioonwatch.org.br\/index.php?rest_route=\/wp\/v2\/users\/152"}],"replies":[{"embeddable":true,"href":"https:\/\/rioonwatch.org.br\/index.php?rest_route=%2Fwp%2Fv2%2Fcomments&post=38291"}],"version-history":[{"count":16,"href":"https:\/\/rioonwatch.org.br\/index.php?rest_route=\/wp\/v2\/posts\/38291\/revisions"}],"predecessor-version":[{"id":38796,"href":"https:\/\/rioonwatch.org.br\/index.php?rest_route=\/wp\/v2\/posts\/38291\/revisions\/38796"}],"wp:featuredmedia":[{"embeddable":true,"href":"https:\/\/rioonwatch.org.br\/index.php?rest_route=\/wp\/v2\/media\/38311"}],"wp:attachment":[{"href":"https:\/\/rioonwatch.org.br\/index.php?rest_route=%2Fwp%2Fv2%2Fmedia&parent=38291"}],"wp:term":[{"taxonomy":"category","embeddable":true,"href":"https:\/\/rioonwatch.org.br\/index.php?rest_route=%2Fwp%2Fv2%2Fcategories&post=38291"},{"taxonomy":"post_tag","embeddable":true,"href":"https:\/\/rioonwatch.org.br\/index.php?rest_route=%2Fwp%2Fv2%2Ftags&post=38291"},{"taxonomy":"writer","embeddable":true,"href":"https:\/\/rioonwatch.org.br\/index.php?rest_route=%2Fwp%2Fv2%2Fwriter&post=38291"},{"taxonomy":"translator","embeddable":true,"href":"https:\/\/rioonwatch.org.br\/index.php?rest_route=%2Fwp%2Fv2%2Ftranslator&post=38291"},{"taxonomy":"source","embeddable":true,"href":"https:\/\/rioonwatch.org.br\/index.php?rest_route=%2Fwp%2Fv2%2Fsource&post=38291"},{"taxonomy":"ilustrador","embeddable":true,"href":"https:\/\/rioonwatch.org.br\/index.php?rest_route=%2Fwp%2Fv2%2Filustrador&post=38291"},{"taxonomy":"fotografo","embeddable":true,"href":"https:\/\/rioonwatch.org.br\/index.php?rest_route=%2Fwp%2Fv2%2Ffotografo&post=38291"}],"curies":[{"name":"wp","href":"https:\/\/api.w.org\/{rel}","templated":true}]}}