{"id":38392,"date":"2019-01-14T09:23:58","date_gmt":"2019-01-14T12:23:58","guid":{"rendered":"http:\/\/rioonwatch.org.br\/?p=38392"},"modified":"2023-05-09T09:56:24","modified_gmt":"2023-05-09T12:56:24","slug":"__trashed-5","status":"publish","type":"post","link":"https:\/\/rioonwatch.org.br\/?p=38392","title":{"rendered":"Oficinas do TTC, Parte 3: Apresenta\u00e7\u00e3o para Autoridades e Reflex\u00f5es Finais"},"content":{"rendered":"\r\n<div class=\"wp-block-image\">\r\n<figure class=\"alignright\"><a href=\"http:\/\/bit.ly\/2QzhW33\" target=\"_blank\" rel=\"noreferrer noopener\"><img decoding=\"async\" width=\"20\" height=\"20\" class=\"wp-image-15790\" src=\"http:\/\/rioonwatch.org.br\/wp-content\/uploads\/2012\/08\/EN-standard-e1439583104716.jpg\" alt=\"\" \/><\/a><\/figure>\r\n<\/div>\r\n\r\n\r\n\r\n<p style=\"text-align: right;\"><em><strong><a href=\"http:\/\/bit.ly\/2rWGby0\" target=\"_blank\" rel=\"noreferrer noopener\" aria-label=\"Click Here for English (abre em uma nova aba)\">Click Here for English<\/a><\/strong><\/em><\/p>\r\n\r\n\r\n\r\n<p><em>Entre os dias 23 e 27 de agosto a\u00a0<a href=\"http:\/\/bit.ly\/1aI.gif\">Comunidades Catalisadoras<\/a>\u00a0(ComCat)* organizou uma\u00a0<a href=\"http:\/\/bit.ly\/OficinasTTCPortoRico\" target=\"_blank\" rel=\"noreferrer noopener\">s\u00e9rie de oficinas<\/a>\u00a0sobre o\u00a0<a href=\"http:\/\/bit.ly\/2BhIYcD\" target=\"_blank\" rel=\"noreferrer noopener\">Termo Territorial Coletivo (TTC)<\/a>, com uma delega\u00e7\u00e3o especial do TTC das favelas do\u00a0<a href=\"http:\/\/bit.ly\/2F4A68a\" target=\"_blank\" rel=\"noreferrer noopener\">Ca\u00f1o Mart\u00edn Pe\u00f1a<\/a>, de\u00a0<a href=\"http:\/\/bit.ly\/2D2Z06S\" target=\"_blank\" rel=\"noreferrer noopener\">Porto Rico,<\/a>\u00a0para apresentar e debater este modelo de ferramenta de seguran\u00e7a fundi\u00e1ria, no intuito de\u00a0<a href=\"http:\/\/bit.ly\/2vFsyFG\" target=\"_blank\" rel=\"noreferrer noopener\">refletir sobre o TTC no contexto das favelas<\/a>\u00a0brasileiras. Durante os cinco dias de oficinas, 130 pessoas participaram, inclusive 50 lideran\u00e7as ou moradores de favelas fluminenses. As oficinas foram organizadas em parceria com a Defensoria P\u00fablica do Estado do Rio de Janeiro, a Pastoral de Favelas, o Conselho de Arquitetura e Urbanismo do Rio (CAU), o Laborat\u00f3rio de Estudos das Transforma\u00e7\u00f5es do Direito Urban\u00edstico Brasileiro (LEDUB), o Instituto Lincoln de Pol\u00edticas de Terra (LILP), e o Global Land Alliance.\u00a0Esta mat\u00e9ria faz parte de uma s\u00e9rie de tr\u00eas que relata as oficinas. Leia sobre todas as oficinas realizadas\u00a0<a href=\"http:\/\/bit.ly\/OficinasTTCPortoRico\" target=\"_blank\" rel=\"noreferrer noopener\">aqui<\/a>.<\/em><\/p>\r\n\r\n\r\n\r\n<p><em>O \u00faltimo dia de oficinas aconteceu na segunda-feira, dia 27 de agosto, no <a href=\"http:\/\/bit.ly\/2xEeEDK\" target=\"_blank\" rel=\"noreferrer noopener\">Conselho de Arquitetura e Urbanismo<\/a>\u00a0(CAU) do Rio de Janeiro. A parte da manh\u00e3 foi direcionada a representantes de \u00f3rg\u00e3os p\u00fablicos, para apresentar o estudo de caso do Ca\u00f1o Mart\u00edn Pe\u00f1a de forma abrangente e sistem\u00e1tica, para que eles pudessem tomar conhecimento da ferramenta <\/em><em>e lev\u00e1-la de volta para seus respectivos gabinetes, na medida que esfor\u00e7os para estabelecer TTCs se aprofundam no Rio. A parte da tarde marcou a reflex\u00e3o final dos cinco dias de atividades e foi aberta ao p\u00fablico, especialmente aqueles que participaram ao longo dos cinco dias.<\/em><\/p>\r\n\r\n\r\n<hr class=\"wp-block-separator\" \/>\r\n\r\n\r\n<h3 class=\"wp-block-heading\">Apresenta\u00e7\u00f5es da manh\u00e3 para autoridades do Rio<\/h3>\r\n\r\n\r\n\r\n<div class=\"wp-block-image\">\r\n<figure class=\"aligncenter\"><a href=\"http:\/\/rioonwatch.org.br\/wp-content\/uploads\/2019\/01\/Theresa-Williamson.jpg\"><img fetchpriority=\"high\" decoding=\"async\" width=\"620\" height=\"264\" class=\"wp-image-38394 aligncenter\" src=\"http:\/\/rioonwatch.org.br\/wp-content\/uploads\/2019\/01\/Theresa-Williamson-620x264.jpg\" alt=\"\" srcset=\"https:\/\/rioonwatch.org.br\/wp-content\/uploads\/2019\/01\/Theresa-Williamson-620x264.jpg 620w, https:\/\/rioonwatch.org.br\/wp-content\/uploads\/2019\/01\/Theresa-Williamson-940x400.jpg 940w\" sizes=\"(max-width: 620px) 100vw, 620px\" \/><\/a><\/figure>\r\n<\/div>\r\n\r\n\r\n\r\n<p>As atividades da manh\u00e3 come\u00e7aram com uma breve apresenta\u00e7\u00e3o da diretora executiva da Comunidades Catalisadoras, <a href=\"http:\/\/bit.ly\/1e6dek1\" target=\"_blank\" rel=\"noreferrer noopener\">Theresa Williamson<\/a>, situando o modelo do Termo Territorial Coletivo (TTC) no contexto da <a href=\"http:\/\/bit.ly\/2P6TvdI\" target=\"_blank\" rel=\"noopener\">crise global de moradias a pre\u00e7os acess\u00edveis<\/a>. A delega\u00e7\u00e3o porto-riquenha, em seguida, <a href=\"http:\/\/bit.ly\/2OEWx7Y\">contou sua hist\u00f3ria<\/a>\u00a0em profundidade, explicando completamente o processo de cria\u00e7\u00e3o do TTC do Ca\u00f1o Mart\u00edn Pe\u00f1a, localmente conhecido como o Fideicomiso de la Tierra del Ca\u00f1o Mart\u00edn Pe\u00f1a.<\/p>\r\n\r\n\r\n\r\n\r\n\r\n<p><iframe src=\"https:\/\/www.youtube.com\/embed\/HL14rT5FVy8\" width=\"620\" height=\"349\" frameborder=\"0\" allowfullscreen=\"allowfullscreen\"><span data-mce-type=\"bookmark\" style=\"display: inline-block; width: 0px; overflow: hidden; line-height: 0;\" class=\"mce_SELRES_start\">\ufeff<\/span><\/iframe><\/p>\r\n<p>Lyvia Rodr\u00edguez del Valle, Diretora Executiva do TTC do Ca\u00f1o, fez sua apresenta\u00e7\u00e3o mais completa de todos os cinco dias naquela manh\u00e3 com as autoridades do Rio. Representantes de institui\u00e7\u00f5es p\u00fablicas do Rio presentes no evento tiveram muitas d\u00favidas sobre o caso de Porto Rico, especificamente sobre como o plano foi implementado e quem estava envolvido no processo. Membros da delega\u00e7\u00e3o porto-riquenha explicaram que a maioria dos moradores das oito comunidades situadas ao longo do canal n\u00e3o vivem dentro do TTC, mas \u00e9 afetada por suas decis\u00f5es. Os participantes perguntaram sobre a rela\u00e7\u00e3o entre esses dois grupos de residentes, se inquilinos poderiam ou n\u00e3o ser inclu\u00eddos no TTC, e o que acontece quando as fam\u00edlias decidem passar seus t\u00edtulos para v\u00e1rios filhos. Representantes do <a href=\"http:\/\/bit.ly\/2qycUcE\">Instituto de Terras e Cartografia do Estado do Rio de Janeiro<\/a> (ITERJ) perguntaram como o TTC decidiu sobre os regulamentos de constru\u00e7\u00e3o. Os participantes tamb\u00e9m estavam interessados em como a delega\u00e7\u00e3o de Porto Rico aprovou a lei que os ajudou a instituir seu TTC.<\/p>\r\n\r\n\r\n\r\n<h3 class=\"wp-block-heading\">Sess\u00e3o de encerramento da tarde<\/h3>\r\n\r\n\r\n\r\n<figure class=\"wp-block-image\"><a href=\"http:\/\/rioonwatch.org.br\/wp-content\/uploads\/2019\/01\/p\u00fablico.png\"><img decoding=\"async\" width=\"620\" height=\"264\" class=\"wp-image-38396 aligncenter\" src=\"http:\/\/rioonwatch.org.br\/wp-content\/uploads\/2019\/01\/p\u00fablico-620x264.png\" alt=\"\" srcset=\"https:\/\/rioonwatch.org.br\/wp-content\/uploads\/2019\/01\/p\u00fablico-620x264.png 620w, https:\/\/rioonwatch.org.br\/wp-content\/uploads\/2019\/01\/p\u00fablico-940x400.png 940w\" sizes=\"(max-width: 620px) 100vw, 620px\" \/><\/a><\/figure>\r\n\r\n\r\n\r\n<p>A sess\u00e3o da tarde foi liderada por Lyvia Rodr\u00edguez del Valle, Alejandro Cott\u00e9 Morales, Evelyn Qui\u00f1ones Ortiz e Mario Nu\u00f1ez Mercado, representando as tr\u00eas institui\u00e7\u00f5es que formam o TTC: o <a href=\"http:\/\/bit.ly\/2p14rxx\">Fideicomiso de la Tierra del Ca\u00f1o Mart\u00edn Pe\u00f1a<\/a>, o <a href=\"http:\/\/bit.ly\/2NkyyhX\">Grupo das Oito Comunidades<\/a> (G -8), e a empresa p\u00fablica <a href=\"http:\/\/bit.ly\/2NFD75R\">ENLACE<\/a>. Ap\u00f3s breves coment\u00e1rios introdut\u00f3rios, os participantes da oficina dividiram-se em dois grupos: moradores de favelas interessados no modelo TTC como uma <a href=\"http:\/\/bit.ly\/2CEtnVd\">forma de regulariza\u00e7\u00e3o fundi\u00e1ria atrav\u00e9s da propriedade coletiva de terra<\/a>, e t\u00e9cnicos interessados em apoiar a implementa\u00e7\u00e3o de um TTC no Rio. O grupo de apoio t\u00e9cnico foi facilitado por Lyvia, diretora executiva do ENLACE. O grupo comunit\u00e1rio foi facilitado por Alejandro, diretor de participa\u00e7\u00e3o cidad\u00e3 e desenvolvimento social do ENLACE, ao lado dos l\u00edderes comunit\u00e1rios Evelyn (vice-presidente do G-8) e Mario (tesoureiro e representante p\u00fablico do G-8).<\/p>\r\n\r\n\r\n\r\n<figure class=\"wp-block-image\"><a href=\"http:\/\/rioonwatch.org.br\/wp-content\/uploads\/2019\/01\/In\u00e9s-Indiana.jpg\"><img loading=\"lazy\" decoding=\"async\" width=\"620\" height=\"264\" class=\"wp-image-38397 aligncenter\" src=\"http:\/\/rioonwatch.org.br\/wp-content\/uploads\/2019\/01\/In\u00e9s-Indiana-620x264.jpg\" alt=\"\" srcset=\"https:\/\/rioonwatch.org.br\/wp-content\/uploads\/2019\/01\/In\u00e9s-Indiana-620x264.jpg 620w, https:\/\/rioonwatch.org.br\/wp-content\/uploads\/2019\/01\/In\u00e9s-Indiana-940x400.jpg 940w\" sizes=\"(max-width: 620px) 100vw, 620px\" \/><\/a><\/figure>\r\n\r\n\r\n\r\n<p>Enquanto os moradores e lideran\u00e7as de favelas do Rio compartilhavam seus pensamentos e preocupa\u00e7\u00f5es sobre os TTCs com os representantes comunit\u00e1rios porto-riquenhos, no grupo t\u00e9cnico a Lyvia, urbanista e servidora p\u00fablica respons\u00e1vel pela atua\u00e7\u00e3o do governo no projeto, discutia as melhores pr\u00e1ticas na parte dos aliados t\u00e9cnicos para apoiar as comunidades no processo de implementa\u00e7\u00e3o de um TTC. Em ambos os grupos, Lyvia e Alejandro enfatizaram que \u00e9 importante que a comunidade lidere o projeto; por mais que t\u00e9cnicos tenham boas inten\u00e7\u00f5es, \u00e0s vezes chegam e criam projetos e regulamentos que a pr\u00f3pria comunidade n\u00e3o quer ou precisa. O grupo das comunidades debateu solu\u00e7\u00f5es para essa quest\u00e3o com base na experi\u00eancia do Ca\u00f1o Mart\u00edn Pe\u00f1a: contratar especialistas da comunidade, se poss\u00edvel, e consultar tantos t\u00e9cnicos quanto poss\u00edvel para obter uma variedade de ideias e opini\u00f5es.<\/p>\r\n\r\n\r\n\r\n<figure class=\"wp-block-image\"><a href=\"http:\/\/rioonwatch.org.br\/wp-content\/uploads\/2019\/01\/discuss\u00e3o-grupo-comunit\u00e1rio.png\"><img loading=\"lazy\" decoding=\"async\" width=\"620\" height=\"264\" class=\"wp-image-38398 aligncenter\" src=\"http:\/\/rioonwatch.org.br\/wp-content\/uploads\/2019\/01\/discuss\u00e3o-grupo-comunit\u00e1rio-620x264.png\" alt=\"\" srcset=\"https:\/\/rioonwatch.org.br\/wp-content\/uploads\/2019\/01\/discuss\u00e3o-grupo-comunit\u00e1rio-620x264.png 620w, https:\/\/rioonwatch.org.br\/wp-content\/uploads\/2019\/01\/discuss\u00e3o-grupo-comunit\u00e1rio-940x400.png 940w\" sizes=\"(max-width: 620px) 100vw, 620px\" \/><\/a><\/figure>\r\n\r\n\r\n\r\n<p>Al\u00e9m disso, o grupo das comunidades debateu sobre v\u00e1rias preocupa\u00e7\u00f5es locais relacionadas \u00e0 implementa\u00e7\u00e3o de TTCs, como desafios que surgem no contexto de viol\u00eancia e tr\u00e1fico de drogas, bem como estrat\u00e9gias de organiza\u00e7\u00e3o da comunidade, como formas de disseminar informa\u00e7\u00f5es (e evitar desinforma\u00e7\u00e3o) e desenvolvimento de projetos sociais. Alejandro foi r\u00e1pido em notar que todas essas preocupa\u00e7\u00f5es s\u00e3o reais e cont\u00ednuas nas comunidades do Ca\u00f1o Mart\u00edn Pe\u00f1a. Uma sugest\u00e3o importante foi <a href=\"http:\/\/bit.ly\/2D8WKz5\" target=\"_blank\" rel=\"noreferrer noopener\" aria-label=\"envolver tanto quanto poss\u00edvel crian\u00e7as e jovens (abre em uma nova aba)\">envolver tanto quanto poss\u00edvel crian\u00e7as e jovens<\/a>. O envolvimento dos jovens no planejamento de projetos sociais n\u00e3o apenas aumenta a participa\u00e7\u00e3o, mas tamb\u00e9m ajuda a prevenir a viol\u00eancia e dissemina,\u00a0boca a boca, informa\u00e7\u00f5es precisas sobre o projeto por toda a comunidade\u2014tudo em um n\u00edvel que qualquer cidad\u00e3o possa entender. Os moradores de favelas presentes no evento compartilharam experi\u00eancias de suas pr\u00f3prias comunidades e encontraram muitos paralelos entre o Rio de Janeiro e San Juan, Porto Rico.<\/p>\r\n\r\n\r\n\r\n<p>Enquanto isso, Lyvia solicitou ao grupo t\u00e9cnico que se concentrasse na pergunta: \u201cO que posso fazer agora para apoiar um TTC em uma favela no Rio?\u201d, o que estimulou incr\u00edveis declara\u00e7\u00f5es de inten\u00e7\u00e3o e potenciais contribui\u00e7\u00f5es dos profissionais t\u00e9cnicos presentes. Esses iam desde profissionais do ITERJ, demonstrando o compromisso de colocar funcion\u00e1rios em posi\u00e7\u00f5es de engajamento para debater os TTCs com as comunidades interessadas, at\u00e9 arquitetos e urbanistas comprometidos em apoiar um potencial TTC em seus exerc\u00edcios de planejamento participativo de longo prazo. Lyvia foi at\u00e9 mais longe, fazendo uma s\u00e9rie de perguntas para explorar melhor seus interesses e sugerindo como eles poderiam se envolver mais no apoio \u00e0s comunidades interessadas. Afinal, esse processo deve ser liderado pela comunidade.<\/p>\r\n\r\n\r\n\r\n<figure class=\"wp-block-image\"><a href=\"http:\/\/rioonwatch.org.br\/wp-content\/uploads\/2019\/01\/discuss\u00e3o-grupo-t\u00e9cnico.jpg\"><img loading=\"lazy\" decoding=\"async\" width=\"620\" height=\"264\" class=\"wp-image-38399 aligncenter\" src=\"http:\/\/rioonwatch.org.br\/wp-content\/uploads\/2019\/01\/discuss\u00e3o-grupo-t\u00e9cnico-620x264.jpg\" alt=\"\" srcset=\"https:\/\/rioonwatch.org.br\/wp-content\/uploads\/2019\/01\/discuss\u00e3o-grupo-t\u00e9cnico-620x264.jpg 620w, https:\/\/rioonwatch.org.br\/wp-content\/uploads\/2019\/01\/discuss\u00e3o-grupo-t\u00e9cnico-940x400.jpg 940w\" sizes=\"(max-width: 620px) 100vw, 620px\" \/><\/a><\/figure>\r\n\r\n\r\n\r\n<p>Finalmente, os dois grupos se juntaram para discutir os desafios potenciais da implementa\u00e7\u00e3o de um TTC no Rio e compartilhar reflex\u00f5es sobre os cinco dias de oficinas. L\u00edderes comunit\u00e1rios e aliados t\u00e9cnicos puderam ouvir diretamente uns aos outros sobre suas expectativas e preocupa\u00e7\u00f5es acerca do desenvolvimento de um TTC no Rio. No geral, ambos os grupos pareciam otimistas sobre a possibilidade de criar e implementar com sucesso um projeto de TTC no Rio e agradeceram \u00e0 delega\u00e7\u00e3o porto-riquenha por seu trabalho \u00e1rduo e dedica\u00e7\u00e3o.<\/p>\r\n\r\n\r\n\r\n<figure class=\"wp-block-image\"><a href=\"http:\/\/rioonwatch.org.br\/wp-content\/uploads\/2019\/01\/mesa-redonda.png\"><img loading=\"lazy\" decoding=\"async\" width=\"620\" height=\"264\" class=\"wp-image-38400 aligncenter\" src=\"http:\/\/rioonwatch.org.br\/wp-content\/uploads\/2019\/01\/mesa-redonda-620x264.png\" alt=\"\" srcset=\"https:\/\/rioonwatch.org.br\/wp-content\/uploads\/2019\/01\/mesa-redonda-620x264.png 620w, https:\/\/rioonwatch.org.br\/wp-content\/uploads\/2019\/01\/mesa-redonda-940x400.png 940w\" sizes=\"(max-width: 620px) 100vw, 620px\" \/><\/a><\/figure>\r\n\r\n\r\n\r\n<p>Completando as atividades da semana, a delega\u00e7\u00e3o de Porto Rico compartilhou suas reflex\u00f5es e esperan\u00e7as para o grupo. Para encerrar a experi\u00eancia, a l\u00edder comunit\u00e1ria Evelyn Qui\u00f1ones Ortiz disse: \u201cEu vou embora amanh\u00e3. Espero que antes de deixar este mundo, eu saiba que voc\u00eas nas favelas [do Rio] tamb\u00e9m se tornaram donos da terra. Lembre-se sempre que a terra \u00e9 sua e que a terra n\u00e3o est\u00e1 \u00e0 venda\u201d.<\/p>\r\n\r\n\r\n\r\n<p><em>Para maiores informa\u00e7\u00f5es sobre o modelo TTC ou se integrar no GT do TTC, entre em contato pelo email ttc@comcat.org.\u00a0Leia sobre todas as oficinas realizadas\u00a0<a href=\"http:\/\/bit.ly\/OficinasTTCPortoRico\" target=\"_blank\" rel=\"noopener\">aqui<\/a>.<\/em><\/p>\r\n\r\n\r\n\r\n<p><em>*<a href=\"http:\/\/comcat.org\/\" target=\"_blank\" rel=\"noreferrer noopener\">Comunidades Catalisadoras<\/a>\u00a0(ComCat) \u00e9 a organiza\u00e7\u00e3o que publica o\u00a0RioOnWatch.<\/em><\/p>\r\n<!-- AddThis Advanced Settings generic via filter on the_content --><!-- AddThis Share Buttons generic via filter on the_content -->","protected":false},"excerpt":{"rendered":"<div class=\"mh-excerpt\"><p>Click Here for English Entre os dias 23 e 27 de agosto a\u00a0Comunidades Catalisadoras\u00a0(ComCat)* organizou uma\u00a0s\u00e9rie de oficinas\u00a0sobre o\u00a0Termo Territorial Coletivo (TTC), com uma delega\u00e7\u00e3o especial do TTC das favelas do\u00a0Ca\u00f1o Mart\u00edn Pe\u00f1a, de\u00a0Porto Rico,\u00a0para <a class=\"mh-excerpt-more\" href=\"https:\/\/rioonwatch.org.br\/?p=38392\" title=\"Oficinas do TTC, Parte 3: Apresenta\u00e7\u00e3o para Autoridades e Reflex\u00f5es Finais\">[&#8230;]<\/a><!-- AddThis Advanced Settings generic via filter on get_the_excerpt --><!-- AddThis Share Buttons generic via filter on get_the_excerpt --><\/p>\n<\/div>","protected":false},"author":152,"featured_media":38401,"comment_status":"closed","ping_status":"closed","sticky":false,"template":"","format":"standard","meta":{"_acf_changed":false,"_monsterinsights_skip_tracking":false,"_monsterinsights_sitenote_active":false,"_monsterinsights_sitenote_note":"","_monsterinsights_sitenote_category":0,"footnotes":""},"categories":[1621,1627,1626,1616,1612,342],"tags":[759,1917,550,909,2039,1037,358,304,2400,838,2138,2289,2554,476,1132,711],"writer":[2133],"translator":[1971],"source":[],"ilustrador":[],"fotografo":[],"class_list":{"0":"post-38392","1":"post","2":"type-post","3":"status-publish","4":"format-standard","5":"has-post-thumbnail","7":"category-destaque","8":"category-relato-de-evento","9":"category-por-observadores-internacionais","10":"category-qualidades-da-favela","11":"category-sociedade-civil","12":"category-solucoes","13":"tag-comparacao-internacional","14":"tag-comunidade-x-academia","15":"tag-direito-a-terra","16":"tag-habitacao-acessivel","17":"tag-iterj","18":"tag-moradia","19":"tag-organizacao-comunitaria","20":"tag-participacao","21":"tag-planejamento-participativo","22":"tag-politica-publica","23":"tag-porto-rico","24":"tag-serie","25":"tag-serie-oficinas-ttc","26":"tag-solucao-comunitaria","27":"tag-suporte-tecnico","28":"tag-clt","29":"writer-tyler-strobl","30":"translator-geovanna-giannini"},"acf":[],"yoast_head":"<!-- This site is optimized with the Yoast SEO plugin v25.6 - https:\/\/yoast.com\/wordpress\/plugins\/seo\/ -->\n<title>Oficinas do TTC, Parte 3: Apresenta\u00e7\u00e3o para Autoridades e Reflex\u00f5es Finais - RioOnWatch<\/title>\n<meta name=\"robots\" content=\"index, follow, max-snippet:-1, max-image-preview:large, max-video-preview:-1\" \/>\n<link rel=\"canonical\" href=\"https:\/\/rioonwatch.org.br\/?p=38392\" \/>\n<meta property=\"og:locale\" content=\"pt_BR\" \/>\n<meta property=\"og:type\" content=\"article\" \/>\n<meta property=\"og:title\" content=\"Oficinas do TTC, Parte 3: Apresenta\u00e7\u00e3o para Autoridades e Reflex\u00f5es Finais - RioOnWatch\" \/>\n<meta property=\"og:description\" content=\"Click Here for English Entre os dias 23 e 27 de agosto a\u00a0Comunidades Catalisadoras\u00a0(ComCat)* organizou uma\u00a0s\u00e9rie de oficinas\u00a0sobre o\u00a0Termo Territorial Coletivo (TTC), com uma delega\u00e7\u00e3o especial do TTC das favelas do\u00a0Ca\u00f1o Mart\u00edn Pe\u00f1a, de\u00a0Porto Rico,\u00a0para [...]\" \/>\n<meta property=\"og:url\" content=\"https:\/\/rioonwatch.org.br\/?p=38392\" \/>\n<meta property=\"og:site_name\" content=\"RioOnWatch\" \/>\n<meta property=\"article:published_time\" content=\"2019-01-14T12:23:58+00:00\" \/>\n<meta property=\"article:modified_time\" content=\"2023-05-09T12:56:24+00:00\" \/>\n<meta property=\"og:image\" content=\"https:\/\/rioonwatch.org.br\/wp-content\/uploads\/2019\/01\/TTC-ultimo1-1415x629.png\" \/>\n\t<meta property=\"og:image:width\" content=\"1415\" \/>\n\t<meta property=\"og:image:height\" content=\"629\" \/>\n\t<meta property=\"og:image:type\" content=\"image\/png\" \/>\n<meta name=\"author\" content=\"Luisa Fenizola\" \/>\n<meta name=\"twitter:card\" content=\"summary_large_image\" \/>\n<meta name=\"twitter:label1\" content=\"Escrito por\" \/>\n\t<meta name=\"twitter:data1\" content=\"Luisa Fenizola\" \/>\n\t<meta name=\"twitter:label2\" content=\"Est. tempo de leitura\" \/>\n\t<meta name=\"twitter:data2\" content=\"7 minutos\" \/>\n<script type=\"application\/ld+json\" class=\"yoast-schema-graph\">{\"@context\":\"https:\/\/schema.org\",\"@graph\":[{\"@type\":\"Article\",\"@id\":\"https:\/\/rioonwatch.org.br\/?p=38392#article\",\"isPartOf\":{\"@id\":\"https:\/\/rioonwatch.org.br\/?p=38392\"},\"author\":{\"name\":\"Luisa Fenizola\",\"@id\":\"https:\/\/rioonwatch.org.br\/#\/schema\/person\/f443c6b55bb6e80842280318076491c5\"},\"headline\":\"Oficinas do TTC, Parte 3: Apresenta\u00e7\u00e3o para Autoridades e Reflex\u00f5es Finais\",\"datePublished\":\"2019-01-14T12:23:58+00:00\",\"dateModified\":\"2023-05-09T12:56:24+00:00\",\"mainEntityOfPage\":{\"@id\":\"https:\/\/rioonwatch.org.br\/?p=38392\"},\"wordCount\":1407,\"publisher\":{\"@id\":\"https:\/\/rioonwatch.org.br\/#organization\"},\"image\":{\"@id\":\"https:\/\/rioonwatch.org.br\/?p=38392#primaryimage\"},\"thumbnailUrl\":\"https:\/\/rioonwatch.org.br\/wp-content\/uploads\/2019\/01\/TTC-ultimo1.png\",\"keywords\":[\"compara\u00e7\u00e3o internacional\",\"comunidade x academia\",\"direito \u00e0 terra\",\"habita\u00e7\u00e3o acess\u00edvel\",\"ITERJ\",\"moradia\",\"organiza\u00e7\u00e3o comunit\u00e1ria\",\"participa\u00e7\u00e3o\",\"planejamento participativo\",\"pol\u00edtica p\u00fablica\",\"Porto Rico\",\"S\u00e9rie\",\"S\u00e9rie: Oficinas TTC\",\"solu\u00e7\u00e3o comunit\u00e1ria\",\"suporte t\u00e9cnico\",\"Termo Territorial Coletivo (TTC) \/ Community Land Trust (CLT)\"],\"articleSection\":[\"*Destaque\",\"Cobertura de Eventos\",\"Escrito por Aliados\",\"Qualidades da Favela\",\"Sociedade Civil\",\"Solu\u00e7\u00f5es\"],\"inLanguage\":\"pt-BR\"},{\"@type\":\"WebPage\",\"@id\":\"https:\/\/rioonwatch.org.br\/?p=38392\",\"url\":\"https:\/\/rioonwatch.org.br\/?p=38392\",\"name\":\"Oficinas do TTC, Parte 3: Apresenta\u00e7\u00e3o para Autoridades e Reflex\u00f5es Finais - RioOnWatch\",\"isPartOf\":{\"@id\":\"https:\/\/rioonwatch.org.br\/#website\"},\"primaryImageOfPage\":{\"@id\":\"https:\/\/rioonwatch.org.br\/?p=38392#primaryimage\"},\"image\":{\"@id\":\"https:\/\/rioonwatch.org.br\/?p=38392#primaryimage\"},\"thumbnailUrl\":\"https:\/\/rioonwatch.org.br\/wp-content\/uploads\/2019\/01\/TTC-ultimo1.png\",\"datePublished\":\"2019-01-14T12:23:58+00:00\",\"dateModified\":\"2023-05-09T12:56:24+00:00\",\"breadcrumb\":{\"@id\":\"https:\/\/rioonwatch.org.br\/?p=38392#breadcrumb\"},\"inLanguage\":\"pt-BR\",\"potentialAction\":[{\"@type\":\"ReadAction\",\"target\":[\"https:\/\/rioonwatch.org.br\/?p=38392\"]}]},{\"@type\":\"ImageObject\",\"inLanguage\":\"pt-BR\",\"@id\":\"https:\/\/rioonwatch.org.br\/?p=38392#primaryimage\",\"url\":\"https:\/\/rioonwatch.org.br\/wp-content\/uploads\/2019\/01\/TTC-ultimo1.png\",\"contentUrl\":\"https:\/\/rioonwatch.org.br\/wp-content\/uploads\/2019\/01\/TTC-ultimo1.png\",\"width\":2000,\"height\":889},{\"@type\":\"BreadcrumbList\",\"@id\":\"https:\/\/rioonwatch.org.br\/?p=38392#breadcrumb\",\"itemListElement\":[{\"@type\":\"ListItem\",\"position\":1,\"name\":\"In\u00edcio\",\"item\":\"https:\/\/rioonwatch.org.br\/\"},{\"@type\":\"ListItem\",\"position\":2,\"name\":\"Oficinas do TTC, Parte 3: Apresenta\u00e7\u00e3o para Autoridades e Reflex\u00f5es Finais\"}]},{\"@type\":\"WebSite\",\"@id\":\"https:\/\/rioonwatch.org.br\/#website\",\"url\":\"https:\/\/rioonwatch.org.br\/\",\"name\":\"RioOnWatch\",\"description\":\"relatos das favelas cariocas\",\"publisher\":{\"@id\":\"https:\/\/rioonwatch.org.br\/#organization\"},\"potentialAction\":[{\"@type\":\"SearchAction\",\"target\":{\"@type\":\"EntryPoint\",\"urlTemplate\":\"https:\/\/rioonwatch.org.br\/?s={search_term_string}\"},\"query-input\":{\"@type\":\"PropertyValueSpecification\",\"valueRequired\":true,\"valueName\":\"search_term_string\"}}],\"inLanguage\":\"pt-BR\"},{\"@type\":\"Organization\",\"@id\":\"https:\/\/rioonwatch.org.br\/#organization\",\"name\":\"RioOnWatch\",\"url\":\"https:\/\/rioonwatch.org.br\/\",\"logo\":{\"@type\":\"ImageObject\",\"inLanguage\":\"pt-BR\",\"@id\":\"https:\/\/rioonwatch.org.br\/#\/schema\/logo\/image\/\",\"url\":\"https:\/\/rioonwatch.org.br\/wp-content\/uploads\/2021\/06\/RioOnWatchcabecalhoPT11anos-2.png\",\"contentUrl\":\"https:\/\/rioonwatch.org.br\/wp-content\/uploads\/2021\/06\/RioOnWatchcabecalhoPT11anos-2.png\",\"width\":779,\"height\":277,\"caption\":\"RioOnWatch\"},\"image\":{\"@id\":\"https:\/\/rioonwatch.org.br\/#\/schema\/logo\/image\/\"}},{\"@type\":\"Person\",\"@id\":\"https:\/\/rioonwatch.org.br\/#\/schema\/person\/f443c6b55bb6e80842280318076491c5\",\"name\":\"Luisa Fenizola\",\"image\":{\"@type\":\"ImageObject\",\"inLanguage\":\"pt-BR\",\"@id\":\"https:\/\/rioonwatch.org.br\/#\/schema\/person\/image\/\",\"url\":\"https:\/\/secure.gravatar.com\/avatar\/a3d551110162b9f876cbbdaaecf75663?s=96&d=blank&r=g\",\"contentUrl\":\"https:\/\/secure.gravatar.com\/avatar\/a3d551110162b9f876cbbdaaecf75663?s=96&d=blank&r=g\",\"caption\":\"Luisa Fenizola\"},\"url\":\"https:\/\/rioonwatch.org.br\/?author=152\"}]}<\/script>\n<!-- \/ Yoast SEO plugin. -->","yoast_head_json":{"title":"Oficinas do TTC, Parte 3: Apresenta\u00e7\u00e3o para Autoridades e Reflex\u00f5es Finais - RioOnWatch","robots":{"index":"index","follow":"follow","max-snippet":"max-snippet:-1","max-image-preview":"max-image-preview:large","max-video-preview":"max-video-preview:-1"},"canonical":"https:\/\/rioonwatch.org.br\/?p=38392","og_locale":"pt_BR","og_type":"article","og_title":"Oficinas do TTC, Parte 3: Apresenta\u00e7\u00e3o para Autoridades e Reflex\u00f5es Finais - RioOnWatch","og_description":"Click Here for English Entre os dias 23 e 27 de agosto a\u00a0Comunidades Catalisadoras\u00a0(ComCat)* organizou uma\u00a0s\u00e9rie de oficinas\u00a0sobre o\u00a0Termo Territorial Coletivo (TTC), com uma delega\u00e7\u00e3o especial do TTC das favelas do\u00a0Ca\u00f1o Mart\u00edn Pe\u00f1a, de\u00a0Porto Rico,\u00a0para [...]","og_url":"https:\/\/rioonwatch.org.br\/?p=38392","og_site_name":"RioOnWatch","article_published_time":"2019-01-14T12:23:58+00:00","article_modified_time":"2023-05-09T12:56:24+00:00","og_image":[{"width":1415,"height":629,"url":"https:\/\/rioonwatch.org.br\/wp-content\/uploads\/2019\/01\/TTC-ultimo1-1415x629.png","type":"image\/png"}],"author":"Luisa Fenizola","twitter_card":"summary_large_image","twitter_misc":{"Escrito por":"Luisa Fenizola","Est. tempo de leitura":"7 minutos"},"schema":{"@context":"https:\/\/schema.org","@graph":[{"@type":"Article","@id":"https:\/\/rioonwatch.org.br\/?p=38392#article","isPartOf":{"@id":"https:\/\/rioonwatch.org.br\/?p=38392"},"author":{"name":"Luisa Fenizola","@id":"https:\/\/rioonwatch.org.br\/#\/schema\/person\/f443c6b55bb6e80842280318076491c5"},"headline":"Oficinas do TTC, Parte 3: Apresenta\u00e7\u00e3o para Autoridades e Reflex\u00f5es Finais","datePublished":"2019-01-14T12:23:58+00:00","dateModified":"2023-05-09T12:56:24+00:00","mainEntityOfPage":{"@id":"https:\/\/rioonwatch.org.br\/?p=38392"},"wordCount":1407,"publisher":{"@id":"https:\/\/rioonwatch.org.br\/#organization"},"image":{"@id":"https:\/\/rioonwatch.org.br\/?p=38392#primaryimage"},"thumbnailUrl":"https:\/\/rioonwatch.org.br\/wp-content\/uploads\/2019\/01\/TTC-ultimo1.png","keywords":["compara\u00e7\u00e3o internacional","comunidade x academia","direito \u00e0 terra","habita\u00e7\u00e3o acess\u00edvel","ITERJ","moradia","organiza\u00e7\u00e3o comunit\u00e1ria","participa\u00e7\u00e3o","planejamento participativo","pol\u00edtica p\u00fablica","Porto Rico","S\u00e9rie","S\u00e9rie: Oficinas TTC","solu\u00e7\u00e3o comunit\u00e1ria","suporte t\u00e9cnico","Termo Territorial Coletivo (TTC) \/ Community Land Trust (CLT)"],"articleSection":["*Destaque","Cobertura de Eventos","Escrito por Aliados","Qualidades da Favela","Sociedade Civil","Solu\u00e7\u00f5es"],"inLanguage":"pt-BR"},{"@type":"WebPage","@id":"https:\/\/rioonwatch.org.br\/?p=38392","url":"https:\/\/rioonwatch.org.br\/?p=38392","name":"Oficinas do TTC, Parte 3: Apresenta\u00e7\u00e3o para Autoridades e Reflex\u00f5es Finais - RioOnWatch","isPartOf":{"@id":"https:\/\/rioonwatch.org.br\/#website"},"primaryImageOfPage":{"@id":"https:\/\/rioonwatch.org.br\/?p=38392#primaryimage"},"image":{"@id":"https:\/\/rioonwatch.org.br\/?p=38392#primaryimage"},"thumbnailUrl":"https:\/\/rioonwatch.org.br\/wp-content\/uploads\/2019\/01\/TTC-ultimo1.png","datePublished":"2019-01-14T12:23:58+00:00","dateModified":"2023-05-09T12:56:24+00:00","breadcrumb":{"@id":"https:\/\/rioonwatch.org.br\/?p=38392#breadcrumb"},"inLanguage":"pt-BR","potentialAction":[{"@type":"ReadAction","target":["https:\/\/rioonwatch.org.br\/?p=38392"]}]},{"@type":"ImageObject","inLanguage":"pt-BR","@id":"https:\/\/rioonwatch.org.br\/?p=38392#primaryimage","url":"https:\/\/rioonwatch.org.br\/wp-content\/uploads\/2019\/01\/TTC-ultimo1.png","contentUrl":"https:\/\/rioonwatch.org.br\/wp-content\/uploads\/2019\/01\/TTC-ultimo1.png","width":2000,"height":889},{"@type":"BreadcrumbList","@id":"https:\/\/rioonwatch.org.br\/?p=38392#breadcrumb","itemListElement":[{"@type":"ListItem","position":1,"name":"In\u00edcio","item":"https:\/\/rioonwatch.org.br\/"},{"@type":"ListItem","position":2,"name":"Oficinas do TTC, Parte 3: Apresenta\u00e7\u00e3o para Autoridades e Reflex\u00f5es Finais"}]},{"@type":"WebSite","@id":"https:\/\/rioonwatch.org.br\/#website","url":"https:\/\/rioonwatch.org.br\/","name":"RioOnWatch","description":"relatos das favelas cariocas","publisher":{"@id":"https:\/\/rioonwatch.org.br\/#organization"},"potentialAction":[{"@type":"SearchAction","target":{"@type":"EntryPoint","urlTemplate":"https:\/\/rioonwatch.org.br\/?s={search_term_string}"},"query-input":{"@type":"PropertyValueSpecification","valueRequired":true,"valueName":"search_term_string"}}],"inLanguage":"pt-BR"},{"@type":"Organization","@id":"https:\/\/rioonwatch.org.br\/#organization","name":"RioOnWatch","url":"https:\/\/rioonwatch.org.br\/","logo":{"@type":"ImageObject","inLanguage":"pt-BR","@id":"https:\/\/rioonwatch.org.br\/#\/schema\/logo\/image\/","url":"https:\/\/rioonwatch.org.br\/wp-content\/uploads\/2021\/06\/RioOnWatchcabecalhoPT11anos-2.png","contentUrl":"https:\/\/rioonwatch.org.br\/wp-content\/uploads\/2021\/06\/RioOnWatchcabecalhoPT11anos-2.png","width":779,"height":277,"caption":"RioOnWatch"},"image":{"@id":"https:\/\/rioonwatch.org.br\/#\/schema\/logo\/image\/"}},{"@type":"Person","@id":"https:\/\/rioonwatch.org.br\/#\/schema\/person\/f443c6b55bb6e80842280318076491c5","name":"Luisa Fenizola","image":{"@type":"ImageObject","inLanguage":"pt-BR","@id":"https:\/\/rioonwatch.org.br\/#\/schema\/person\/image\/","url":"https:\/\/secure.gravatar.com\/avatar\/a3d551110162b9f876cbbdaaecf75663?s=96&d=blank&r=g","contentUrl":"https:\/\/secure.gravatar.com\/avatar\/a3d551110162b9f876cbbdaaecf75663?s=96&d=blank&r=g","caption":"Luisa Fenizola"},"url":"https:\/\/rioonwatch.org.br\/?author=152"}]}},"_links":{"self":[{"href":"https:\/\/rioonwatch.org.br\/index.php?rest_route=\/wp\/v2\/posts\/38392"}],"collection":[{"href":"https:\/\/rioonwatch.org.br\/index.php?rest_route=\/wp\/v2\/posts"}],"about":[{"href":"https:\/\/rioonwatch.org.br\/index.php?rest_route=\/wp\/v2\/types\/post"}],"author":[{"embeddable":true,"href":"https:\/\/rioonwatch.org.br\/index.php?rest_route=\/wp\/v2\/users\/152"}],"replies":[{"embeddable":true,"href":"https:\/\/rioonwatch.org.br\/index.php?rest_route=%2Fwp%2Fv2%2Fcomments&post=38392"}],"version-history":[{"count":18,"href":"https:\/\/rioonwatch.org.br\/index.php?rest_route=\/wp\/v2\/posts\/38392\/revisions"}],"predecessor-version":[{"id":38485,"href":"https:\/\/rioonwatch.org.br\/index.php?rest_route=\/wp\/v2\/posts\/38392\/revisions\/38485"}],"wp:featuredmedia":[{"embeddable":true,"href":"https:\/\/rioonwatch.org.br\/index.php?rest_route=\/wp\/v2\/media\/38401"}],"wp:attachment":[{"href":"https:\/\/rioonwatch.org.br\/index.php?rest_route=%2Fwp%2Fv2%2Fmedia&parent=38392"}],"wp:term":[{"taxonomy":"category","embeddable":true,"href":"https:\/\/rioonwatch.org.br\/index.php?rest_route=%2Fwp%2Fv2%2Fcategories&post=38392"},{"taxonomy":"post_tag","embeddable":true,"href":"https:\/\/rioonwatch.org.br\/index.php?rest_route=%2Fwp%2Fv2%2Ftags&post=38392"},{"taxonomy":"writer","embeddable":true,"href":"https:\/\/rioonwatch.org.br\/index.php?rest_route=%2Fwp%2Fv2%2Fwriter&post=38392"},{"taxonomy":"translator","embeddable":true,"href":"https:\/\/rioonwatch.org.br\/index.php?rest_route=%2Fwp%2Fv2%2Ftranslator&post=38392"},{"taxonomy":"source","embeddable":true,"href":"https:\/\/rioonwatch.org.br\/index.php?rest_route=%2Fwp%2Fv2%2Fsource&post=38392"},{"taxonomy":"ilustrador","embeddable":true,"href":"https:\/\/rioonwatch.org.br\/index.php?rest_route=%2Fwp%2Fv2%2Filustrador&post=38392"},{"taxonomy":"fotografo","embeddable":true,"href":"https:\/\/rioonwatch.org.br\/index.php?rest_route=%2Fwp%2Fv2%2Ffotografo&post=38392"}],"curies":[{"name":"wp","href":"https:\/\/api.w.org\/{rel}","templated":true}]}}