{"id":38410,"date":"2019-01-15T06:00:47","date_gmt":"2019-01-15T09:00:47","guid":{"rendered":"http:\/\/rioonwatch.org.br\/?p=38410"},"modified":"2024-06-20T16:16:56","modified_gmt":"2024-06-20T19:16:56","slug":"retrospectiva-2018-melhores-e-piores-reportagens-internacionais-sobre-as-favelas-do-rio","status":"publish","type":"post","link":"https:\/\/rioonwatch.org.br\/?p=38410","title":{"rendered":"Retrospectiva 2018: Melhores e Piores Reportagens Internacionais sobre as Favelas do Rio"},"content":{"rendered":"<div class=\"gmail_quote\">\n<div dir=\"ltr\">\n<p style=\"text-align: right;\"><a href=\"http:\/\/bit.ly\/BestWorstFavelaReporting2018\" target=\"_blank\" rel=\"noopener noreferrer\"><em><strong>Click Here for English<img decoding=\"async\" width=\"20\" height=\"20\" class=\"alignright wp-image-15790\" src=\"http:\/\/rioonwatch.org.br\/wp-content\/uploads\/2012\/08\/EN-standard-e1439583104716.jpg\" \/><\/strong><\/em><\/a><\/p>\n<p class=\"m_-9129955627584426611m_4505248169288868152gmail-MsoNoSpacing\"><i>Esta \u00e9 a contribui\u00e7\u00e3o\u00a0mais recente da nossa s\u00e9rie de mat\u00e9rias analisando\u00a0as\u00a0<a href=\"http:\/\/bit.ly\/FavelasNaMidiaInternacional\" target=\"_blank\" rel=\"noopener noreferrer\">Melhores e Piores Reportagens Internacionais sobre Favelas do Rio<\/a>, que faz\u00a0<em>parte do debate promovido pelo RioOnWatch sobre a\u00a0<a href=\"http:\/\/bit.ly\/1ZVXkRS\" target=\"_blank\" rel=\"noopener noreferrer\">narrativa<\/a>\u00a0e os\u00a0<a href=\"http:\/\/bit.ly\/1OKE065\" target=\"_blank\" rel=\"noopener noreferrer\">retratos midi\u00e1ticos<\/a>\u00a0acerca das favelas cariocas<\/em>.<\/i><\/p>\n<p class=\"m_-9129955627584426611m_4505248169288868152gmail-MsoNoSpacing\">A cobertura da m\u00eddia internacional das favelas, em 2018, teve tr\u00eas marcos importantes: a <a href=\"http:\/\/bit.ly\/2t2ARfU\" target=\"_blank\" rel=\"noopener noreferrer\">interven\u00e7\u00e3o militar no Rio<\/a>, o <a href=\"http:\/\/bit.ly\/2Gp2OnO\" target=\"_blank\" rel=\"noopener noreferrer\">assassinato da vereadora Marielle Franco<\/a>, e <a href=\"http:\/\/bit.ly\/2ym5qwk\" target=\"_blank\" rel=\"noopener noreferrer\">as elei\u00e7\u00f5es de 2018<\/a>. Como esperado, os direitos humanos (ou, mais precisamente, a sua dissolu\u00e7\u00e3o e viola\u00e7\u00e3o) foram destaque na cobertura das publica\u00e7\u00f5es<em>\u2014<\/em>muitas das quais exploraram de maneira perspicaz quest\u00f5es complexas, impulsionando o debate de maneira produtiva, enquanto outras confundiram vis\u00f5es sobre a viol\u00eancia no Rio e reca\u00edram em\u00a0<a href=\"http:\/\/bit.ly\/1Ir1zOL\" target=\"_blank\" rel=\"noopener noreferrer\">estere\u00f3tipos previs\u00edveis<\/a> na aus\u00eancia de uma an\u00e1lise mais criteriosa.<\/p>\n<p class=\"m_-9129955627584426611m_4505248169288868152gmail-MsoNoSpacing\">Sem subestimar a gravidade desses tr\u00eas momentos da hist\u00f3ria do Brasil, vale a pena destacar o v\u00e1cuo na cobertura de outros t\u00f3picos<em>\u2014<\/em>o que significa que as narrativas de viol\u00eancia e a preocupa\u00e7\u00e3o geral com a seguran\u00e7a p\u00fablica inundaram fortemente o cen\u00e1rio midi\u00e1tico de 2018 sobre o Brasil. Dito isso, neste momento cr\u00edtico do Brasil, a centralidade da viol\u00eancia na m\u00eddia internacional n\u00e3o est\u00e1 de todo equivocada. Estando as favelas cada vez mais sujeitas a pol\u00edticas de repress\u00e3o, \u00e9 absolutamente essencial manter um foco nas viola\u00e7\u00f5es dos direitos humanos e alertar a comunidade internacional para essas viola\u00e7\u00f5es. No entanto, a \u00eanfase \u00fanica na viol\u00eancia (e sua <a href=\"http:\/\/bit.ly\/1MhLewt\" target=\"_blank\" rel=\"noopener noreferrer\">representa\u00e7\u00e3o sensacionalista para atrair a audi\u00eancia<\/a>) frequentemente leva \u00e0 <a href=\"http:\/\/bit.ly\/2aSU5sp\" target=\"_blank\" rel=\"noopener noreferrer\">cristaliza\u00e7\u00e3o de estigmas existentes e percep\u00e7\u00f5es err\u00f4neas<\/a> das favelas como espa\u00e7os urbanos intrinsecamente violentos e criminosos, de baixo valor. Representa\u00e7\u00f5es sensacionalistas da viol\u00eancia n\u00e3o foram as \u00fanicas interpreta\u00e7\u00f5es ruins observadas no cen\u00e1rio de artigos sobre favelas neste ano; foi not\u00e1vel o n\u00famero de mat\u00e9rias longas e profundas, por publica\u00e7\u00f5es respeit\u00e1veis, que se basearam em argumentos falaciosos.<\/p>\n<p class=\"m_-9129955627584426611m_4505248169288868152gmail-MsoNoSpacing\">Em vez desse ciclo de not\u00edcias negativas que inunda nossos feeds e m\u00eddias sociais 24h por dia<em>\u2014<\/em>muitas vezes levando ao desinteresse e dessensibiliza\u00e7\u00e3o do p\u00fablico, em vez de empoderamento e a\u00e7\u00e3o<em>\u2014<\/em>\u00e9 preciso haver uma mudan\u00e7a para <a href=\"http:\/\/bit.ly\/2neW6Vx\" target=\"_blank\" rel=\"noopener noreferrer\">not\u00edcias positivas e um jornalismo orientado para solu\u00e7\u00f5es<\/a>. Com isso em mente, os destaques desta lista s\u00e3o artigos que evidenciam mobilizadores comunit\u00e1rios inspiradores e iniciativas de base comunit\u00e1ria, e que trabalham ativamente para desconstruir os estigmas negativos que s\u00e3o frequentemente associados a essas comunidades.<\/p>\n<p class=\"m_-9129955627584426611m_4505248169288868152gmail-MsoNoSpacing\">Esse trabalho \u00e9 mais necess\u00e1rio do que nunca, j\u00e1 que a linguagem estigmatizante permanece comum<em>\u2014<\/em>dificultando debates produtivos sobre as favelas. Utilizar termos pejorativos como &#8216;slum&#8217;\u00a0ou &#8216;shantytown&#8217; em ingl\u00eas para se referir \u00e0s favelas \u00e9 uma posi\u00e7\u00e3o <a href=\"http:\/\/bit.ly\/1Ir1zOL\" target=\"_blank\" rel=\"noopener noreferrer\">pregui\u00e7osa<\/a>, desnecess\u00e1ria e inconsistente com a realidade. Apesar do subinvestimento cr\u00f4nico nos servi\u00e7os b\u00e1sicos, as favelas s\u00e3o, em geral, comunidades culturalmente vibrantes,\u00a0<a href=\"http:\/\/bit.ly\/1vkaXsB\" target=\"_blank\" rel=\"noopener noreferrer\">centrais para a economia da cidade<\/a>\u00a0abrigando uma popula\u00e7\u00e3o trabalhadora e\u00a0<a href=\"https:\/\/glo.bo\/2nc7wcp\" target=\"_blank\" rel=\"noopener noreferrer\">predominantemente de classe m\u00e9dia<\/a>. As consequ\u00eancias negativas do estigma sobre a favela n\u00e3o s\u00e3o apenas uma teoria: narrativas unilaterais preconceituosas acerca das favelas, vistas como locais de pobreza reduzidos \u00e0 precariedade e viol\u00eancia, colocam barreiras concretas \u00e0 inclus\u00e3o dos moradores, encorajando as pr\u00f3prias pol\u00edticas de repress\u00e3o e neglig\u00eancia que d\u00e3o origem (e perpetuam) a estigmatiza\u00e7\u00e3o das favelas. Dessa forma, h\u00e1 muito tempo estimulamos a m\u00eddia internacional a <a href=\"http:\/\/bit.ly\/1SkTBus\" target=\"_blank\" rel=\"noopener noreferrer\">introduzir mais nuance<\/a> em suas reportagens sobre as favelas, <a href=\"http:\/\/bit.ly\/2d30Pnn\" target=\"_blank\" rel=\"noopener noreferrer\">combatendo o estigma<\/a>, e a\u00a0<a href=\"http:\/\/bit.ly\/1Ir1zOL\" target=\"_blank\" rel=\"noopener noreferrer\">chamando as favelas simplesmente de favelas<\/a>.<\/p>\n<p class=\"m_-9129955627584426611m_4505248169288868152gmail-MsoNoSpacing\">Aqui apresentamos as melhores e piores an\u00e1lises internacionais sobre as favelas feitas em 2018.<\/p>\n<h2 class=\"m_-9129955627584426611m_4505248169288868152gmail-MsoNoSpacing\"><span lang=\"PT\">Melhores Reportagens<\/span><\/h2>\n<h3 class=\"m_-9129955627584426611m_4505248169288868152gmail-MsoNoSpacing\"><span lang=\"PT\">Interven\u00e7\u00e3o militar<\/span><\/h3>\n<p class=\"m_-9129955627584426611m_4505248169288868152gmail-MsoNoSpacing\"><span lang=\"PT\">Com sensibilidade, o <a href=\"http:\/\/bit.ly\/2GvyX9x\" target=\"_blank\" rel=\"noopener noreferrer\"><em>Huffington Post<\/em> situa<\/a> a atual interven\u00e7\u00e3o militar no Rio no contexto da forma\u00e7\u00e3o, ao longo de uma d\u00e9cada, do aparato repressivo de seguran\u00e7a p\u00fablica. Ao redigir seu argumento, o autor se encarrega cuidadosamente de cada alega\u00e7\u00e3o a partir de dados confi\u00e1veis e de depoimentos pessoais convincentes de grupos de direitos humanos e pol\u00edticos e, o mais importante, de relatos de moradores de favelas. Entrevistada para a mat\u00e9ria, a jornalista comunit\u00e1ria e moradora da <a href=\"http:\/\/bit.ly\/10BvARw\" target=\"_blank\" rel=\"noopener noreferrer\">Mar\u00e9<\/a>, <a href=\"http:\/\/bit.ly\/2up4hR1\" target=\"_blank\" rel=\"noopener noreferrer\">Gizele Martins<\/a>, descreve as prioridades equivocadas do governo ao trazer tanques em vez de servi\u00e7os sociais para sua comunidade: \u201cEm nossa hist\u00f3ria, tivemos um soldado para cada 55 habitantes, mas nunca tivemos um m\u00e9dico ou um professor para cada 55 habitantes\u201d.<\/span><\/p>\n<p class=\"m_-9129955627584426611m_4505248169288868152gmail-MsoNoSpacing\">O jornal<em> The Guardian<\/em><span lang=\"PT\">\u00a0forneceu, de forma consistente, algumas das melhores e mais variadas coberturas da interven\u00e7\u00e3o militar no Rio. Contou, por exemplo, a narrativa de uma fam\u00edlia cuja vida foi atravessada pela morte violenta de M\u00e1rcio Sabino, de 21 anos. <a href=\"http:\/\/bit.ly\/2F7R0W9\" target=\"_blank\" rel=\"noopener noreferrer\">Este artigo do <em>The Guardian<\/em><\/a> faz a liga\u00e7\u00e3o, de forma eficiente, de um ato de viol\u00eancia grave com os problemas estruturais que a interven\u00e7\u00e3o militar n\u00e3o consegue erradicar. Al\u00e9m de denunciar os abusos de direitos humanos cometidos pela pol\u00edcia e pelos militares, o <a href=\"http:\/\/bit.ly\/2maYc8K\" target=\"_blank\" rel=\"noopener noreferrer\"><em>The Guardian<\/em> forneceu excelente cobertura sobre a mil\u00edcia<\/a>, organiza\u00e7\u00e3o paramilitar composta de policiais e bombeiros aposentados ou fora de servi\u00e7o, com amplo alcance na Zona Oeste do Rio, cujos membros incluem indiv\u00edduos <a href=\"http:\/\/bit.ly\/2SF19gD\" target=\"_blank\" rel=\"noopener noreferrer\">envolvidos no assassinato<\/a> de Marielle Franco.<\/span><\/p>\n<h3 class=\"m_-9129955627584426611m_4505248169288868152gmail-MsoNoSpacing\"><span lang=\"PT\">O legado de Marielle<\/span><\/h3>\n<p class=\"m_-9129955627584426611m_4505248169288868152gmail-MsoNoSpacing\"><span lang=\"PT\">A not\u00edcia do assassinato de Marielle reverberou em todo o mundo e a quantidade de artigos produzidos sobre o tema atesta a magnitude de seu legado. O<em>\u00a0The Intercept<\/em> se destacou de forma consistente por suas reportagens detalhadas sobre a vida, a morte e o legado de Marielle. <a href=\"http:\/\/bit.ly\/2QFbbN7\" target=\"_blank\" rel=\"noopener noreferrer\">Esta reportagem do <em>The<\/em>\u00a0<em>Intercept<\/em> oferece<\/a>\u00a0explica\u00e7\u00f5es sobre o aparato de seguran\u00e7a profundamente falho que Marielle tentou transformar, concentrando-se em um de seus projetos mais importantes: denunciar as mortes de jovens negros nas favelas. O artigo representa o jornalismo ativista no que h\u00e1 de melhor, detalhando cuidadosamente o que \u00e9 conhecido sobre as vidas e mortes desses jovens e destacando o movimento de solidariedade que foi desencadeado ap\u00f3s o assassinato de Marielle: levando implicitamente os leitores a dizerem os nomes dessas v\u00edtimas e se recusando a deixar os ideais pelos quais Marielle lutou morrerem com ela.<\/span><\/p>\n<p><a href=\"http:\/\/rioonwatch.org.br\/wp-content\/uploads\/2019\/01\/Fantastico-Marielle.jpeg\"><img fetchpriority=\"high\" decoding=\"async\" class=\"aligncenter wp-image-38414 size-content\" title=\"Reportagem do Fant\u00e1stico, da Globo, sobre Marielle. Foto: Fant\u00e1stico\/Youtube\" src=\"http:\/\/rioonwatch.org.br\/wp-content\/uploads\/2019\/01\/Fantastico-Marielle-620x264.jpeg\" alt=\"\" width=\"620\" height=\"264\" srcset=\"https:\/\/rioonwatch.org.br\/wp-content\/uploads\/2019\/01\/Fantastico-Marielle-620x264.jpeg 620w, https:\/\/rioonwatch.org.br\/wp-content\/uploads\/2019\/01\/Fantastico-Marielle-940x400.jpeg 940w\" sizes=\"(max-width: 620px) 100vw, 620px\" \/><\/a><\/p>\n<p class=\"m_-9129955627584426611m_4505248169288868152gmail-MsoNoSpacing\">Em meio a um frenesi da m\u00eddia ap\u00f3s o assassinato de Marielle, <a href=\"http:\/\/bit.ly\/2HIKd2I\" target=\"_blank\" rel=\"noopener noreferrer\">tamb\u00e9m no <em>The Intercept<\/em>, Glenn Greenwald alerta<\/a> sobre a tentativa da m\u00eddia nacional brasileira de encobrir e explorar o radicalismo pol\u00edtico de Marielle<em>\u2014<\/em>fazendo uma analogia \u00e0s t\u00e1ticas usadas pela m\u00eddia americana para apagar o verdadeiro legado de Martin Luther King Jr. como um opositor pol\u00edtico radical. Embora reconhe\u00e7a o significado da proemin\u00eancia de Marielle na grande m\u00eddia brasileira, Greenwald identificou de forma pungente a distor\u00e7\u00e3o de sua vida e legado na narrativa da <em>Globo\u2014<\/em>que encobriu a natureza profundamente pol\u00edtica do brutal assassinato de uma incans\u00e1vel ativista pelos direitos humanos determinada a mudar as estruturas de poder. A <a href=\"http:\/\/bit.ly\/2Rh3l14\" target=\"_blank\" rel=\"noopener noreferrer\">mat\u00e9ria do ativista americano Shaun King para o\u00a0<em>The Intercept<\/em><\/a> tamb\u00e9m se apresenta como uma contribui\u00e7\u00e3o perspicaz para o debate, pois tra\u00e7a <a href=\"http:\/\/bit.ly\/29GfPqt\" target=\"_blank\" rel=\"noopener noreferrer\">paralelos interessantes entre a viol\u00eancia policial nos EUA e no Brasil<\/a> e aponta para a urg\u00eancia de cultivar a solidariedade internacional, \u201cconectando [as] lutas nos EUA \u00e0quelas no Brasil.&#8221;<\/p>\n<p class=\"m_-9129955627584426611m_4505248169288868152gmail-MsoNoSpacing\">Tra\u00e7ando a trajet\u00f3ria de Marielle, da Mar\u00e9 at\u00e9 a C\u00e2mara Municipal do Rio de Janeiro, a <a href=\"http:\/\/bit.ly\/2HpLlMp\" target=\"_blank\" rel=\"noopener noreferrer\"><em>Next City<\/em> detalha v\u00e1rias de suas principais propostas e posi\u00e7\u00f5es pol\u00edticas<\/a>. O <a href=\"http:\/\/bit.ly\/2DGgTaN\" target=\"_blank\" rel=\"noopener noreferrer\"><em>City Lab<\/em> situa de maneira apropriada a interven\u00e7\u00e3o militar<\/a> no contexto dos pr\u00f3prios sistemas a que Marielle dedicou sua luta: o racismo institucionalizado e a <a href=\"http:\/\/bit.ly\/2buISj2\" target=\"_blank\" rel=\"noopener noreferrer\">criminaliza\u00e7\u00e3o da pobreza<\/a>. Em <a href=\"http:\/\/bit.ly\/AQOpEdPT\" target=\"_blank\" rel=\"noopener noreferrer\">artigo para a <em>Americas Quarterly<\/em><\/a>, Theresa Williamson<em>\u2014<\/em>fundadora e diretora executiva da Comunidades Catalisadoras*<em>\u2014<\/em>destaca a coragem e persist\u00eancia dos l\u00edderes comunit\u00e1rios determinados a continuar a luta de Marielle contra a viola\u00e7\u00e3o sistem\u00e1tica dos direitos dos moradores das favelas.<\/p>\n<p class=\"m_-9129955627584426611m_4505248169288868152gmail-MsoNoSpacing\">Por fim, <a href=\"http:\/\/bit.ly\/2GDOdpN\" target=\"_blank\" rel=\"noopener noreferrer\">essa reportagem da <em>TIME<\/em><\/a>, que concedeu \u00e0 m\u00e3e de Marielle, Marinete da Silva, espa\u00e7o direto de reflex\u00e3o acerca da mem\u00f3ria da filha, em suas pr\u00f3prios palavras e em uma grande publica\u00e7\u00e3o internacional, n\u00e3o deve passar desapercebida. A mensagem de Marinete \u00e9 ao mesmo tempo uma mensagem sobre perda e esperan\u00e7a. Devastada pelo sil\u00eancio ensurdecedor das autoridades acerca do assassinato de sua filha, mas fortalecida pela solidariedade gerada ap\u00f3s o trauma, ela descreve: \u201cEu sinto a presen\u00e7a de Marielle em cada gesto de solidariedade<em>\u2014<\/em>solidariedade que leva \u00e0 esperan\u00e7a de esclarecerem o que levou algu\u00e9m a cometer tal atrocidade naquela noite. Marielle trabalhou para responsabilizar o sistema e incomodou as pessoas por ser uma mulher negra da favela que ousou estar em um espa\u00e7o que historicamente n\u00e3o era ocupado por pessoas como ela\u201d.<\/p>\n<h3 class=\"m_-9129955627584426611m_4505248169288868152gmail-MsoNoSpacing\"><span lang=\"PT\">Elei\u00e7\u00f5es de 2018<\/span><\/h3>\n<p class=\"m_-9129955627584426611m_4505248169288868152gmail-MsoNoSpacing\"><span lang=\"PT\">Uma dessas manifesta\u00e7\u00f5es de solidariedade foi a <a href=\"http:\/\/bit.ly\/2QoPhyv\" target=\"_blank\" rel=\"noopener noreferrer\">prolifera\u00e7\u00e3o de candidatos de favelas<\/a> determinados a reivindicar espa\u00e7os dos quais historicamente foram barrados. Enquanto grande parte da cobertura estava centrada na narrativa do \u201c<a href=\"https:\/\/bbc.in\/2SnPPW2\" target=\"_blank\" rel=\"noopener noreferrer\">Trump tropical<\/a>\u201d em ascens\u00e3o e <a href=\"http:\/\/bit.ly\/2RuuHg7\" target=\"_blank\" rel=\"noopener noreferrer\">na preval\u00eancia de not\u00edcias falsas<\/a>, <em><a href=\"https:\/\/bloom.bg\/2M0oypP\" target=\"_blank\" rel=\"noopener noreferrer\">Bloomberg<\/a><\/em>, <em><a href=\"http:\/\/bit.ly\/2Vb6ttG\" target=\"_blank\" rel=\"noopener noreferrer\">The Guardian<\/a><\/em> e <em><a href=\"http:\/\/bit.ly\/2VbcbvJ\" target=\"_blank\" rel=\"noopener noreferrer\">Okay Africa<\/a><\/em> produziram excelentes perfis com novas facetas da resist\u00eancia<em>\u2014<\/em>as candidatas negras das favelas. A <a href=\"http:\/\/bit.ly\/2JK8UwD\" target=\"_blank\" rel=\"noopener noreferrer\"><em>OZY<\/em> tamb\u00e9m contou<\/a> sobre o surgimento de novas plataformas de representa\u00e7\u00e3o, como o partido pol\u00edtico Favela Frente Brasil, voltado abertamente para as favelas.<\/span><\/p>\n<p><a href=\"http:\/\/rioonwatch.org.br\/wp-content\/uploads\/2019\/01\/Marielle-e-deputadas.jpg\"><img decoding=\"async\" class=\"aligncenter wp-image-38415 size-content\" title=\"Marielle e suas assessoras e colegas de partido, que foram eleitas deputadas. Montagem: Diego Pedrosa Cavalcante.\" src=\"http:\/\/rioonwatch.org.br\/wp-content\/uploads\/2019\/01\/Marielle-e-deputadas-620x264.jpg\" alt=\"\" width=\"620\" height=\"264\" srcset=\"https:\/\/rioonwatch.org.br\/wp-content\/uploads\/2019\/01\/Marielle-e-deputadas-620x264.jpg 620w, https:\/\/rioonwatch.org.br\/wp-content\/uploads\/2019\/01\/Marielle-e-deputadas-940x400.jpg 940w\" sizes=\"(max-width: 620px) 100vw, 620px\" \/><\/a><\/p>\n<p class=\"m_-9129955627584426611m_4505248169288868152gmail-MsoNoSpacing\">Por fim, fornecendo uma an\u00e1lise sutil da ascens\u00e3o pol\u00edtica da extrema-direita e desmentindo as percep\u00e7\u00f5es err\u00f4neas comuns acerca da popularidade do presidente eleito entre as popula\u00e7\u00f5es de baixa renda e de favelas, est\u00e1 a <a href=\"http:\/\/bit.ly\/2ENLDfU\" target=\"_blank\" rel=\"noopener noreferrer\">contribui\u00e7\u00e3o de Matthew Richmond para o <em>Jacobin<\/em><\/a>\u00a0(traduzida para o portugu\u00eas <a href=\"http:\/\/bit.ly\/2PVezDK\" target=\"_blank\" rel=\"noopener noreferrer\">aqui<\/a>), cuja leitura \u00e9 obrigat\u00f3ria.<\/p>\n<h3 class=\"m_-9129955627584426611m_4505248169288868152gmail-MsoNoSpacing\">Not\u00edcias Positivas<\/h3>\n<p class=\"m_-9129955627584426611m_4505248169288868152gmail-MsoNoSpacing\">Na Ponta dos P\u00e9s<em>\u2014<\/em>projeto de bal\u00e9 no <a href=\"http:\/\/bit.ly\/U0MiGm\" target=\"_blank\" rel=\"noopener noreferrer\">Complexo do Alem\u00e3o<\/a>, na Zona Norte do Rio<em>\u2014<\/em>foi destaque no curta-metragem da <em>Vice<\/em> \u201c<a href=\"http:\/\/bit.ly\/2SnLSkj\" target=\"_blank\" rel=\"noopener noreferrer\">Bal\u00e9 e Balas: Dan\u00e7ando para Fora da Favela<\/a>\u201d. Ainda que o t\u00edtulo flerte com o sensacionalismo, tanto o filme quanto <a href=\"http:\/\/bit.ly\/2RchNH1\" target=\"_blank\" rel=\"noopener noreferrer\">o artigo da\u00a0<em>Vice<\/em> que o acompanha<\/a> atestam o papel das favelas como incubadoras culturais vibrantes<em>\u2014<\/em>reconhecendo a \u201cforte tradi\u00e7\u00e3o de a\u00e7\u00e3o c\u00edvica\u201d das favelas e apontando para o \u201cpoder da <a href=\"http:\/\/bit.ly\/1LiSfzK\" target=\"_blank\" rel=\"noopener noreferrer\">cultura como for\u00e7a de resist\u00eancia e mudan\u00e7a<\/a>\u201d, especialmente no atual clima pol\u00edtico.<\/p>\n<p><a href=\"http:\/\/rioonwatch.org.br\/wp-content\/uploads\/2019\/01\/NY-Times-Ballet-Manguinhos.jpg\"><img loading=\"lazy\" decoding=\"async\" class=\"aligncenter wp-image-38416 size-content\" title=\"Foto: Dado Galdieri \/ New York Times\" src=\"http:\/\/rioonwatch.org.br\/wp-content\/uploads\/2019\/01\/NY-Times-Ballet-Manguinhos-620x264.jpg\" alt=\"\" width=\"620\" height=\"264\" srcset=\"https:\/\/rioonwatch.org.br\/wp-content\/uploads\/2019\/01\/NY-Times-Ballet-Manguinhos-620x264.jpg 620w, https:\/\/rioonwatch.org.br\/wp-content\/uploads\/2019\/01\/NY-Times-Ballet-Manguinhos-940x400.jpg 940w\" sizes=\"(max-width: 620px) 100vw, 620px\" \/><\/a><\/p>\n<p class=\"m_-9129955627584426611m_4505248169288868152gmail-MsoNoSpacing\"><span lang=\"PT\"><a href=\"https:\/\/nyti.ms\/2GEApLz\" target=\"_blank\" rel=\"noopener noreferrer\">O <em>New York Times<\/em> apresentou lindamente outro projeto<\/a> inspirador de dan\u00e7a da comunidade, o Ballet Manguinhos. Ao destacar o bal\u00e9 como uma fuga da realidade cotidiana dos estudantes numa comunidade onde os investimentos n\u00e3o chegam, o autor destaca o potencial transformador da dan\u00e7a como porta de entrada para a consci\u00eancia social e pol\u00edtica<em>\u2014<\/em>destacando uma apresenta\u00e7\u00e3o da coordenadora do projeto, Daiana Ferreira de Oliveira, cuja <a href=\"https:\/\/glo.bo\/2Gr1QYR\" target=\"_blank\" rel=\"noopener noreferrer\">performance transgressiva<\/a> \u00e9 denuncia \u00e0s autoridades a nega\u00e7\u00e3o aos moradores da favela do direito \u00e0 cultura.<\/span><\/p>\n<p class=\"m_-9129955627584426611m_4505248169288868152gmail-MsoNoSpacing\"><span lang=\"PT\">O jornal <a href=\"http:\/\/bit.ly\/2J3pszn\" target=\"_blank\" rel=\"noopener noreferrer\"><em>The Guardian<\/em> celebra a publica\u00e7\u00e3o<\/a> da cole\u00e7\u00e3o de contos aclamados pela cr\u00edtica \u201c<a href=\"https:\/\/amzn.to\/2Qxys3n\" target=\"_blank\" rel=\"noopener noreferrer\">O Sol na Cabe\u00e7a<\/a>\u201d, de Geovani Martins, da Rocinha. Elogiando o <a href=\"http:\/\/bit.ly\/2J79QdY\" target=\"_blank\" rel=\"noopener noreferrer\">manejo delicado e matizado de Geovani no trato das quest\u00f5es de racismo e viol\u00eancia<\/a>, o artigo descreve que \u201cnas m\u00e3os de um autor menor\u201d, essas narrativas \u201cpoderiam ser sombrias e implac\u00e1veis. Mas Martins os transforma em tensos e coloridos retratos da vida nessas comunidades movimentadas\u201d.<\/span><\/p>\n<p><a href=\"http:\/\/rioonwatch.org.br\/wp-content\/uploads\/2019\/01\/Guardian-Martins.jpg\"><img loading=\"lazy\" decoding=\"async\" class=\"aligncenter wp-image-38417\" title=\"Homens olham a cidade a partir da favela do Vidigal. Foto: Renata Brito\/AP;\" src=\"http:\/\/rioonwatch.org.br\/wp-content\/uploads\/2019\/01\/Guardian-Martins.jpg\" alt=\"\" width=\"620\" height=\"372\" srcset=\"https:\/\/rioonwatch.org.br\/wp-content\/uploads\/2019\/01\/Guardian-Martins.jpg 1920w, https:\/\/rioonwatch.org.br\/wp-content\/uploads\/2019\/01\/Guardian-Martins-440x264.jpg 440w, https:\/\/rioonwatch.org.br\/wp-content\/uploads\/2019\/01\/Guardian-Martins-620x372.jpg 620w, https:\/\/rioonwatch.org.br\/wp-content\/uploads\/2019\/01\/Guardian-Martins-768x461.jpg 768w, https:\/\/rioonwatch.org.br\/wp-content\/uploads\/2019\/01\/Guardian-Martins-1024x614.jpg 1024w\" sizes=\"(max-width: 620px) 100vw, 620px\" \/><\/a><\/p>\n<p class=\"m_-9129955627584426611m_4505248169288868152gmail-MsoNoSpacing\"><span lang=\"PT\">O <a href=\"http:\/\/bit.ly\/2GEDzyV\" target=\"_blank\" rel=\"noopener noreferrer\">filme \u201cResist\u00eancia: Outra Cara da Moda no Rio de Janeiro\u201d, de Geoff Levy<\/a>, inclu\u00eddo na sele\u00e7\u00e3o de <a href=\"http:\/\/theatln.tc\/2DEHdns\" target=\"_blank\" rel=\"noopener noreferrer\">curtas do <em>The Atlantic<\/em><\/a>, representa ainda outra entrada para as diversas iniciativas criativas nascidas nas favelas. O filme aborda o estigma da favela de frente, destacando a ag\u00eancia de modelos <a href=\"http:\/\/bit.ly\/2arBhQm\" target=\"_blank\" rel=\"noopener noreferrer\">Jacar\u00e9 Moda<\/a><em>\u2014<\/em>com sede no <a href=\"http:\/\/bit.ly\/2OECuql\" target=\"_blank\" rel=\"noopener noreferrer\">Jacarezinho<\/a>, na Zona Norte do Rio de Janeiro. A breve nota do <em>The Atlantic<\/em> elogia o \u201cethos engenhoso da comunidade\u201d e reconhece o poder transformador de iniciativas comunit\u00e1rias como a Jacar\u00e9 Moda<em>\u2014<\/em>ampliando o horizonte de possibilidades para jovens negros de favelas e periferias ao introduzi-los em uma ind\u00fastria em que falta representatividade. Nas palavras de Natalia Sant&#8217;anna, modelo apresentada no filme: &#8220;Quando dizemos \u00e0s pessoas que somos da favela, elas automaticamente pensam em perigo, viol\u00eancia, confus\u00e3o ou desvaloriza\u00e7\u00e3o&#8230; Claro, h\u00e1 coisas ruins, mas h\u00e1 muitas coisas boas tamb\u00e9m. \u00c9 um mundo m\u00e1gico&#8221;.<\/span><\/p>\n<p><a href=\"http:\/\/rioonwatch.org.br\/wp-content\/uploads\/2019\/01\/Rios-Different-Face-of-Fashion.png\"><img loading=\"lazy\" decoding=\"async\" class=\"aligncenter wp-image-38418 size-content\" title=\"Foto: Geoff Levy \/ 'Rio's Different Face of Fashion'\" src=\"http:\/\/rioonwatch.org.br\/wp-content\/uploads\/2019\/01\/Rios-Different-Face-of-Fashion-620x264.png\" alt=\"\" width=\"620\" height=\"264\" srcset=\"https:\/\/rioonwatch.org.br\/wp-content\/uploads\/2019\/01\/Rios-Different-Face-of-Fashion-620x264.png 620w, https:\/\/rioonwatch.org.br\/wp-content\/uploads\/2019\/01\/Rios-Different-Face-of-Fashion-940x400.png 940w\" sizes=\"(max-width: 620px) 100vw, 620px\" \/><\/a><\/p>\n<p class=\"m_-9129955627584426611m_4505248169288868152gmail-MsoNoSpacing\"><span lang=\"PT\">Finalmente, <a href=\"http:\/\/bit.ly\/2Jlm1Vh\" target=\"_blank\" rel=\"noopener noreferrer\">o <em>City Lab<\/em> destacou o pr\u00f3spero movimento de sustentabilidade<\/a> nas favelas do Rio, apresentando iniciativas de hortas comunit\u00e1rias nas comunidades da Zona Sul, <a href=\"http:\/\/bit.ly\/2vXKj2m\" target=\"_blank\" rel=\"noopener noreferrer\">Vidigal<\/a> e <a href=\"http:\/\/bit.ly\/2R0DzKR\" target=\"_blank\" rel=\"noopener noreferrer\">Cantagalo<\/a><em>\u2014<\/em>iniciativas que geram n\u00e3o s\u00f3 produtos org\u00e2nicos, mas tamb\u00e9m ambientes saud\u00e1veis e um sentimento de orgulho para a comunidade.<\/span><\/p>\n<h2 class=\"m_-9129955627584426611m_4505248169288868152gmail-MsoNoSpacing\"><span lang=\"PT\">Piores Reportagens<\/span><\/h2>\n<p class=\"m_-9129955627584426611m_4505248169288868152gmail-MsoNoSpacing\"><span lang=\"PT\">A <a href=\"http:\/\/bit.ly\/2GFHjjE\" target=\"_blank\" rel=\"noopener noreferrer\">cobertura da<em> Associated Press<\/em><\/a> sobre a candidatura de <a href=\"http:\/\/bit.ly\/2VBv2Ae\" target=\"_blank\" rel=\"noopener noreferrer\">Rom\u00e1rio<\/a> ao governo do Estado se destacou pelas alega\u00e7\u00f5es escandalosas, pela linguagem estigmatizante e por caracteriza\u00e7\u00f5es gen\u00e9ricas sobre as favelas, retratadas como locais de viol\u00eancia, todas dominadas por poderes paralelos. Segundo a an\u00e1lise acerca da recep\u00e7\u00e3o das favelas (nenhuma favela espec\u00edfica dentre as mais de 1000 favelas do Rio \u00e9 denominada) ao ex-astro de futebol, &#8220;mulheres em seus barracos sopravam beijos de varandas improvisadas e homens armados acenavam&#8221;.<\/span><\/p>\n<p class=\"m_-9129955627584426611m_4505248169288868152gmail-MsoNoSpacing\"><span lang=\"PT\"><a href=\"http:\/\/rioonwatch.org.br\/wp-content\/uploads\/2019\/01\/The-Sun-Carnaval-Float.png\"><img loading=\"lazy\" decoding=\"async\" class=\"aligncenter wp-image-38419 size-content\" title=\"Foto: EPA\/The Sun\" src=\"http:\/\/rioonwatch.org.br\/wp-content\/uploads\/2019\/01\/The-Sun-Carnaval-Float-620x264.png\" alt=\"\" width=\"620\" height=\"264\" srcset=\"https:\/\/rioonwatch.org.br\/wp-content\/uploads\/2019\/01\/The-Sun-Carnaval-Float-620x264.png 620w, https:\/\/rioonwatch.org.br\/wp-content\/uploads\/2019\/01\/The-Sun-Carnaval-Float-940x400.png 940w\" sizes=\"(max-width: 620px) 100vw, 620px\" \/><\/a><\/span><\/p>\n<p class=\"m_-9129955627584426611m_4505248169288868152gmail-MsoNoSpacing\"><span lang=\"PT\"><a href=\"http:\/\/bit.ly\/2Hf8Uoi\" target=\"_blank\" rel=\"noopener noreferrer\">O tabl\u00f3ide brit\u00e2nico <em>The Sun<\/em> n\u00e3o conseguiu<\/a>, em sua mat\u00e9ria cheia de legendas acr\u00edticas, dar conta da performance de carnaval da escola de samba Beija-Flor, um <a href=\"http:\/\/bit.ly\/2SCeJBn\" target=\"_blank\" rel=\"noopener noreferrer\">ato pol\u00edtico<\/a> que denunciava as pol\u00edticas fracassadas de seguran\u00e7a p\u00fablica. Em uma das legendas, sem contexto, se l\u00ea: \u201c&#8217;Slums it up\u2019\u2026 Este carro aleg\u00f3rico chocante apresenta uma mini favela completa, com g\u00e2ngsteres armados\u201d.<\/span><\/p>\n<p class=\"m_-9129955627584426611m_4505248169288868152gmail-MsoNoSpacing\"><span lang=\"PT\">As men\u00e7\u00f5es (des)honrosas incluem <a href=\"https:\/\/yhoo.it\/2RkDILW\" target=\"_blank\" rel=\"noopener noreferrer\">esta reportagem da<em> Agence France-Presse<\/em><\/a>, coletada pelo<em> Yahoo News<\/em>, que tipifica favelas como \u201ccomunidades assoladas pelo crime\u201d e as supostas Unidades de Pol\u00edcia Pacificadora (UPPs) como \u201cunidades de paz\u201d; <a href=\"http:\/\/bit.ly\/2GFDKu0\" target=\"_blank\" rel=\"noopener noreferrer\">este artigo do <em>Rio Times<\/em><\/a>, que propaga a narrativa enganosa de que as favelas desfrutavam de \u201cpaz e prosperidade\u201d sob o controle das UPPs antes dos megaeventos; e <a href=\"http:\/\/bit.ly\/2IcqJEH\" target=\"_blank\" rel=\"noopener noreferrer\">este artigo do <em>Urdu Point<\/em><\/a>, que come\u00e7a com a afirma\u00e7\u00e3o de que as favelas s\u00e3o \u201cdevastadas pelo crime\u201d, seguidas por um relato amplamente simplificado da interven\u00e7\u00e3o militar.<\/span><\/p>\n<h3 class=\"m_-9129955627584426611m_4505248169288868152gmail-MsoNoSpacing\"><span lang=\"PT\">Margem para Melhorias<\/span><\/h3>\n<p class=\"m_-9129955627584426611m_4505248169288868152gmail-MsoNoSpacing\"><span lang=\"PT\">\u00c0 primeira vista, <a href=\"http:\/\/bit.ly\/2FRXmcH\" target=\"_blank\" rel=\"noopener noreferrer\">a <em>Reuters<\/em> conta uma hist\u00f3ria<\/a> sobre transforma\u00e7\u00e3o, liderada pela comunidade diante da neglig\u00eancia do governo, concentrando-se nos desafios da posse de terra na favela de Cana\u00e3, no Complexo do Alem\u00e3o, na Zona Norte do Rio. Apesar dessa promessa, o artigo est\u00e1 repleto de uma linguagem estigmatizante<em>\u2014<\/em>reduzindo o inspirador l\u00edder comunit\u00e1rio, central para a hist\u00f3ria, a uma caricatura, chamando-o de \u201cguerreiro do <em>slum<\/em>\u201d e insistindo na precariedade da comunidade, considerando-a um \u201cassentamento desmoronado\u201d.<\/span><\/p>\n<p class=\"m_-9129955627584426611m_4505248169288868152gmail-MsoNoSpacing\"><a href=\"http:\/\/rioonwatch.org.br\/wp-content\/uploads\/2019\/01\/Rocinha.jpg\"><img loading=\"lazy\" decoding=\"async\" class=\"aligncenter wp-image-38420 size-content\" title=\"Rocinha.\" src=\"http:\/\/rioonwatch.org.br\/wp-content\/uploads\/2019\/01\/Rocinha-620x264.jpg\" alt=\"\" width=\"620\" height=\"264\" srcset=\"https:\/\/rioonwatch.org.br\/wp-content\/uploads\/2019\/01\/Rocinha-620x264.jpg 620w, https:\/\/rioonwatch.org.br\/wp-content\/uploads\/2019\/01\/Rocinha-940x400.jpg 940w\" sizes=\"(max-width: 620px) 100vw, 620px\" \/><\/a><\/p>\n<p class=\"m_-9129955627584426611m_4505248169288868152gmail-MsoNoSpacing\"><span lang=\"PT\">Fazendo da favela da Rocinha um s\u00edmbolo dos altos e baixos da economia brasileira, <a href=\"https:\/\/wapo.st\/2SnOuhY\" target=\"_blank\" rel=\"noopener noreferrer\">este artigo do <em>Washington Post<\/em>, em grande parte bem escrito, ficou aqu\u00e9m do seu potencial<\/a> ao incluir uma linguagem simplista (e incorreta) em uma reportagem de alta qualidade. Baseia-se lindamente na narrativa pessoal de uma fam\u00edlia afetada diretamente pela viol\u00eancia armada no contexto pol\u00edtico e econ\u00f4mico mais amplo que sustenta o atual estado de seguran\u00e7a p\u00fablica no Rio. No entanto, o foco na perda de status da Rocinha<em>\u2014<\/em>chamando a comunidade de &#8220;uma favela que uma vez foi moda&#8221; e &#8220;outrora a favela vitrine da cidade brasileira&#8221;<em>\u2014<\/em>n\u00e3o revela o que realmente est\u00e1 em jogo: os direitos fundamentais e a vida da popula\u00e7\u00e3o local. Mais ainda, o artigo ancora sua descri\u00e7\u00e3o da comunidade no paradigma estigmatizante da precariedade e deprava\u00e7\u00e3o, descrevendo a Rocinha como uma \u201cfavela nas encostas\u201d, cheia de \u201ccabanas em ru\u00ednas\u201d<em>\u2014<\/em>afirma\u00e7\u00f5es que s\u00e3o simplesmente inconsistentes com a realidade desenvolvida da comunidade. As lentes acr\u00edticas pelas quais os autores pintam a <a href=\"http:\/\/bit.ly\/2wQeHPh\" target=\"_blank\" rel=\"noopener noreferrer\">especula\u00e7\u00e3o imobili\u00e1ria<\/a> e a <a href=\"http:\/\/bit.ly\/2mBfyO8\" target=\"_blank\" rel=\"noopener noreferrer\">apropria\u00e7\u00e3o da est\u00e9tica da favela<\/a> tamb\u00e9m chamam a aten\u00e7\u00e3o, descrevendo o aumento dos &#8220;valores das propriedades onde est\u00e3o localizados os barracos da Rocinha<em>\u2014<\/em>alguns com vistas milion\u00e1rias da est\u00e1tua do Cristo Redentor no Corcovado\u201d, como uma indica\u00e7\u00e3o da prosperidade da comunidade em anos anteriores.<\/span><\/p>\n<p class=\"m_-9129955627584426611m_4505248169288868152gmail-MsoNoSpacing\"><span lang=\"PT\"><a href=\"http:\/\/rioonwatch.org.br\/wp-content\/uploads\/2019\/01\/Vila-Kennedy.png\"><img loading=\"lazy\" decoding=\"async\" class=\"aligncenter wp-image-38421 size-content\" title=\"Vista a\u00e9rea da Vila Kennedy. Foto: Voz da Vila Kennedy.\" src=\"http:\/\/rioonwatch.org.br\/wp-content\/uploads\/2019\/01\/Vila-Kennedy-620x264.png\" alt=\"\" width=\"620\" height=\"264\" srcset=\"https:\/\/rioonwatch.org.br\/wp-content\/uploads\/2019\/01\/Vila-Kennedy-620x264.png 620w, https:\/\/rioonwatch.org.br\/wp-content\/uploads\/2019\/01\/Vila-Kennedy-940x400.png 940w\" sizes=\"(max-width: 620px) 100vw, 620px\" \/><\/a><\/span><\/p>\n<p class=\"m_-9129955627584426611m_4505248169288868152gmail-MsoNoSpacing\"><span lang=\"PT\"><a href=\"https:\/\/wapo.st\/2GIEkXN\" target=\"_blank\" rel=\"noopener noreferrer\">Outro artigo do <em>Washington Post<\/em><\/a> fornece um not\u00e1vel e profundo exame da interven\u00e7\u00e3o militar na <a href=\"http:\/\/bit.ly\/1g63Krv\" target=\"_blank\" rel=\"noopener noreferrer\">Vila Kennedy<\/a>, na Zona Oeste do Rio<em>\u2014<\/em>mas, manchada pela linguagem estigmatizante e repleta de generaliza\u00e7\u00f5es, deixa muito a desejar. Intitulado \u201cParar e revistar? Essa pobre comunidade no Rio diz sim, por favor\u201d, o artigo <a href=\"http:\/\/bit.ly\/2F5XxkV\" target=\"_blank\" rel=\"noopener noreferrer\">reduz a diversidade de perspectivas da favela<\/a> ao sugerir que a comunidade ap\u00f3ia unanimemente a interven\u00e7\u00e3o. A pr\u00f3pria Vila Kennedy \u00e9 estereotipada como \u201cuma violenta <em>shantytown<\/em> de casas de alvenaria\u201d<em>\u2014<\/em>uma acusa\u00e7\u00e3o mal colocada, visto que &#8220;shantytown&#8221; faz alus\u00e3o \u00e0 precariedade de estruturas constru\u00eddas de materiais como madeira e metal corrugado\u2013e n\u00e3o a alvenaria (<a href=\"http:\/\/bit.ly\/Q1KdxN\" target=\"_blank\" rel=\"noopener noreferrer\">originalmente constru\u00eddos<\/a> como parte de um plano de desenvolvimento habitacional planejado pelo governo). Al\u00e9m da Vila Kennedy, os autores atribuem essa vis\u00e3o singular a grandes parcelas da popula\u00e7\u00e3o que moram em favelas em toda a cidade: \u201cEm vez de ver a mudan\u00e7a como uma invas\u00e3o, moradores cansados da viol\u00eancia das favelas a saudaram como uma liberta\u00e7\u00e3o\u201d. Outra declara\u00e7\u00e3o sem fundamento se destaca: \u201cNo Rio, a cidade dos Jogos Ol\u00edmpicos de 2016 \u00e9 agora uma mem\u00f3ria distante.\u201d Ao contr\u00e1rio da alega\u00e7\u00e3o dos autores, a \u201ccidade ol\u00edmpica de vitrine\u201d n\u00e3o \u00e9 uma mem\u00f3ria distante<em>\u2014<\/em>simplesmente <a href=\"http:\/\/bit.ly\/1h0px8P\" target=\"_blank\" rel=\"noopener noreferrer\">nunca se concretizou em realidade<\/a> para os moradores das favelas. Por tr\u00e1s da cortina de fuma\u00e7a do j\u00fabilo ol\u00edmpico em determinados espa\u00e7os da cidade (ou seja, aqueles sujeitos ao olhar do turista), favelas e periferias em toda a cidade foram alvo de pol\u00edticas de intensa repress\u00e3o com <a href=\"http:\/\/bit.ly\/2cjoeB8\" target=\"_blank\" rel=\"noopener noreferrer\">consequ\u00eancias fatais<\/a> ao longo do per\u00edodo dos megaeventos.<\/span><\/p>\n<p class=\"m_-9129955627584426611m_4505248169288868152gmail-MsoNoSpacing\"><span lang=\"PT\"><a href=\"http:\/\/bit.ly\/2QoRKca\" target=\"_blank\" rel=\"noopener noreferrer\">O<em> Globe Post<\/em> segue o mesmo exemplo<\/a> com a sua an\u00e1lise da interven\u00e7\u00e3o militar. A apar\u00eancia de um artigo leg\u00edtimo e bem fundamentado esconde seus in\u00fameros equ\u00edvocos, imprecis\u00f5es e fal\u00e1cias l\u00f3gicas. Com base na no\u00e7\u00e3o de que o problema da viol\u00eancia est\u00e1 na presen\u00e7a de poderes paralelos nas favelas, onde \u201cuma ordem alternativa foi constru\u00edda\u201d e organiza\u00e7\u00f5es criminosas se tornaram \u201cos &#8216;donos&#8217; do territ\u00f3rio\u201d, o autor argumenta que a viol\u00eancia \u00e9 um problema da \u201cfraqueza institucional\u201d. A narrativa \u00e9 desinformada: atribuindo a viol\u00eancia do Rio a uma \u201cfalta de reconhecimento da legitimidade do Estado e da pol\u00edcia\u201d, o autor falha em contemplar as condi\u00e7\u00f5es estruturais<em>\u2014<\/em>desigualdades sist\u00eamicas, racismo institucional e criminaliza\u00e7\u00e3o da pobreza<em>\u2014<\/em>que aludem n\u00e3o \u00e0 aus\u00eancia do governo, mas sim \u00e0 sua presen\u00e7a seletiva.<\/span><\/p>\n<p><em>*RioOnWatch \u00e9 um projeto da\u00a0<a href=\"http:\/\/comcat.org\/\" target=\"_blank\" rel=\"noreferrer noopener\">Comunidades Catalisadoras<\/a>\u00a0(ComCat).<\/em><\/p>\n<\/div>\n<\/div>\n<!-- AddThis Advanced Settings generic via filter on the_content --><!-- AddThis Share Buttons generic via filter on the_content -->","protected":false},"excerpt":{"rendered":"<div class=\"mh-excerpt\"><p>Click Here for English Esta \u00e9 a contribui\u00e7\u00e3o\u00a0mais recente da nossa s\u00e9rie de mat\u00e9rias analisando\u00a0as\u00a0Melhores e Piores Reportagens Internacionais sobre Favelas do Rio, que faz\u00a0parte do debate promovido pelo RioOnWatch sobre a\u00a0narrativa\u00a0e os\u00a0retratos midi\u00e1ticos\u00a0acerca das <a class=\"mh-excerpt-more\" href=\"https:\/\/rioonwatch.org.br\/?p=38410\" title=\"Retrospectiva 2018: Melhores e Piores Reportagens Internacionais sobre as Favelas do Rio\">[&#8230;]<\/a><!-- AddThis Advanced Settings generic via filter on get_the_excerpt --><!-- AddThis Share Buttons generic via filter on get_the_excerpt --><\/p>\n<\/div>","protected":false},"author":152,"featured_media":38412,"comment_status":"closed","ping_status":"closed","sticky":false,"template":"","format":"standard","meta":{"_acf_changed":false,"_monsterinsights_skip_tracking":false,"_monsterinsights_sitenote_active":false,"_monsterinsights_sitenote_note":"","_monsterinsights_sitenote_category":0,"footnotes":""},"categories":[1621,1632,1631,345,1616],"tags":[386,1212,1676,229,759,332,217,421,457,1167,2348,722,1208,2033,482,1760,1033,839,432,16,672,2289,1759,1109,404,92,354,544,1364,30,218,184,383],"writer":[777],"translator":[1176],"source":[],"ilustrador":[],"fotografo":[],"class_list":{"0":"post-38410","1":"post","2":"type-post","3":"status-publish","4":"format-standard","5":"has-post-thumbnail","7":"category-destaque","8":"category-pesquisa-e-analise","9":"category-entendendo-o-rio","10":"category-favela-e","11":"category-qualidades-da-favela","12":"tag-estigma","13":"tag-slum","14":"tag-analise-cobertura-de-favelas","15":"tag-cantagalo","16":"tag-comparacao-internacional","17":"tag-complexo-da-mare","18":"tag-complexo-do-alemao","19":"tag-cultura-da-favela","20":"tag-eleicoes","21":"tag-grande-midia","22":"tag-intervencao-militar","23":"tag-legado","24":"tag-linguagem","25":"tag-marielle-franco","26":"tag-milicia","27":"tag-narrativa-midiatica","28":"tag-politica","29":"tag-prioridades-publicas-equivocadas","30":"tag-resistencia","31":"tag-rocinha","32":"tag-seguranca-publica","33":"tag-serie","34":"tag-serie-melhores-e-piores-reportagens","35":"tag-sociedade-civil","36":"tag-sustentabilidade","37":"tag-upp","38":"tag-vidigal","39":"tag-vila-kennedy","40":"tag-violacoes","41":"tag-violencia","42":"tag-zona-norte","43":"tag-zona-oeste","44":"tag-zona-sul","45":"writer-rioonwatch","46":"translator-fernanda-lacerda"},"acf":[],"yoast_head":"<!-- This site is optimized with the Yoast SEO plugin v25.6 - https:\/\/yoast.com\/wordpress\/plugins\/seo\/ -->\n<title>Retrospectiva 2018: Melhores e Piores Reportagens Internacionais sobre as Favelas do Rio - RioOnWatch<\/title>\n<meta name=\"robots\" content=\"index, follow, max-snippet:-1, max-image-preview:large, max-video-preview:-1\" \/>\n<link rel=\"canonical\" href=\"https:\/\/rioonwatch.org.br\/?p=38410\" \/>\n<meta property=\"og:locale\" content=\"pt_BR\" \/>\n<meta property=\"og:type\" content=\"article\" \/>\n<meta property=\"og:title\" content=\"Retrospectiva 2018: Melhores e Piores Reportagens Internacionais sobre as Favelas do Rio - RioOnWatch\" \/>\n<meta property=\"og:description\" content=\"Click Here for English Esta \u00e9 a contribui\u00e7\u00e3o\u00a0mais recente da nossa s\u00e9rie de mat\u00e9rias analisando\u00a0as\u00a0Melhores e Piores Reportagens Internacionais sobre Favelas do Rio, que faz\u00a0parte do debate promovido pelo RioOnWatch sobre a\u00a0narrativa\u00a0e os\u00a0retratos midi\u00e1ticos\u00a0acerca das [...]\" \/>\n<meta property=\"og:url\" content=\"https:\/\/rioonwatch.org.br\/?p=38410\" \/>\n<meta property=\"og:site_name\" content=\"RioOnWatch\" \/>\n<meta property=\"article:published_time\" content=\"2019-01-15T09:00:47+00:00\" \/>\n<meta property=\"article:modified_time\" content=\"2024-06-20T19:16:56+00:00\" \/>\n<meta property=\"og:image\" content=\"https:\/\/rioonwatch.org.br\/wp-content\/uploads\/2019\/01\/Tijuca-favela.jpg\" \/>\n\t<meta property=\"og:image:width\" content=\"1000\" \/>\n\t<meta property=\"og:image:height\" content=\"667\" \/>\n\t<meta property=\"og:image:type\" content=\"image\/jpeg\" \/>\n<meta name=\"author\" content=\"Luisa Fenizola\" \/>\n<meta name=\"twitter:card\" content=\"summary_large_image\" \/>\n<meta name=\"twitter:label1\" content=\"Escrito por\" \/>\n\t<meta name=\"twitter:data1\" content=\"Luisa Fenizola\" \/>\n\t<meta name=\"twitter:label2\" content=\"Est. tempo de leitura\" \/>\n\t<meta name=\"twitter:data2\" content=\"18 minutos\" \/>\n<script type=\"application\/ld+json\" class=\"yoast-schema-graph\">{\"@context\":\"https:\/\/schema.org\",\"@graph\":[{\"@type\":\"Article\",\"@id\":\"https:\/\/rioonwatch.org.br\/?p=38410#article\",\"isPartOf\":{\"@id\":\"https:\/\/rioonwatch.org.br\/?p=38410\"},\"author\":{\"name\":\"Luisa Fenizola\",\"@id\":\"https:\/\/rioonwatch.org.br\/#\/schema\/person\/f443c6b55bb6e80842280318076491c5\"},\"headline\":\"Retrospectiva 2018: Melhores e Piores Reportagens Internacionais sobre as Favelas do Rio\",\"datePublished\":\"2019-01-15T09:00:47+00:00\",\"dateModified\":\"2024-06-20T19:16:56+00:00\",\"mainEntityOfPage\":{\"@id\":\"https:\/\/rioonwatch.org.br\/?p=38410\"},\"wordCount\":3139,\"publisher\":{\"@id\":\"https:\/\/rioonwatch.org.br\/#organization\"},\"image\":{\"@id\":\"https:\/\/rioonwatch.org.br\/?p=38410#primaryimage\"},\"thumbnailUrl\":\"https:\/\/rioonwatch.org.br\/wp-content\/uploads\/2019\/01\/Tijuca-favela.jpg\",\"keywords\":[\"#StopFavelaStigma\",\"'slum'\",\"an\u00e1lise cobertura de favelas\",\"Cantagalo\",\"compara\u00e7\u00e3o internacional\",\"Complexo da Mar\u00e9\",\"Complexo do Alem\u00e3o\",\"cultura da favela\",\"Elei\u00e7\u00f5es\",\"grande m\u00eddia\",\"interven\u00e7\u00e3o militar\",\"Legado Ol\u00edmpico\",\"linguagem\",\"Marielle Franco\",\"Mil\u00edcia\",\"narrativa midi\u00e1tica\",\"pol\u00edtica\",\"prioridades p\u00fablicas equivocadas\",\"resist\u00eancia\",\"Rocinha\",\"seguran\u00e7a p\u00fablica\",\"S\u00e9rie\",\"S\u00e9rie: Melhores e Piores Reportagens\",\"sociedade civil\",\"sustentabilidade\",\"UPP\",\"Vidigal\",\"Vila Kennedy\",\"viola\u00e7\u00f5es\",\"viol\u00eancia\",\"Zona Norte\",\"Zona Oeste\",\"Zona Sul\"],\"articleSection\":[\"*Destaque\",\"Dados e Pesquisa\",\"Entendendo o Rio\",\"Favela \u00e9\",\"Qualidades da Favela\"],\"inLanguage\":\"pt-BR\"},{\"@type\":\"WebPage\",\"@id\":\"https:\/\/rioonwatch.org.br\/?p=38410\",\"url\":\"https:\/\/rioonwatch.org.br\/?p=38410\",\"name\":\"Retrospectiva 2018: Melhores e Piores Reportagens Internacionais sobre as Favelas do Rio - RioOnWatch\",\"isPartOf\":{\"@id\":\"https:\/\/rioonwatch.org.br\/#website\"},\"primaryImageOfPage\":{\"@id\":\"https:\/\/rioonwatch.org.br\/?p=38410#primaryimage\"},\"image\":{\"@id\":\"https:\/\/rioonwatch.org.br\/?p=38410#primaryimage\"},\"thumbnailUrl\":\"https:\/\/rioonwatch.org.br\/wp-content\/uploads\/2019\/01\/Tijuca-favela.jpg\",\"datePublished\":\"2019-01-15T09:00:47+00:00\",\"dateModified\":\"2024-06-20T19:16:56+00:00\",\"breadcrumb\":{\"@id\":\"https:\/\/rioonwatch.org.br\/?p=38410#breadcrumb\"},\"inLanguage\":\"pt-BR\",\"potentialAction\":[{\"@type\":\"ReadAction\",\"target\":[\"https:\/\/rioonwatch.org.br\/?p=38410\"]}]},{\"@type\":\"ImageObject\",\"inLanguage\":\"pt-BR\",\"@id\":\"https:\/\/rioonwatch.org.br\/?p=38410#primaryimage\",\"url\":\"https:\/\/rioonwatch.org.br\/wp-content\/uploads\/2019\/01\/Tijuca-favela.jpg\",\"contentUrl\":\"https:\/\/rioonwatch.org.br\/wp-content\/uploads\/2019\/01\/Tijuca-favela.jpg\",\"width\":1000,\"height\":667},{\"@type\":\"BreadcrumbList\",\"@id\":\"https:\/\/rioonwatch.org.br\/?p=38410#breadcrumb\",\"itemListElement\":[{\"@type\":\"ListItem\",\"position\":1,\"name\":\"In\u00edcio\",\"item\":\"https:\/\/rioonwatch.org.br\/\"},{\"@type\":\"ListItem\",\"position\":2,\"name\":\"Retrospectiva 2018: Melhores e Piores Reportagens Internacionais sobre as Favelas do Rio\"}]},{\"@type\":\"WebSite\",\"@id\":\"https:\/\/rioonwatch.org.br\/#website\",\"url\":\"https:\/\/rioonwatch.org.br\/\",\"name\":\"RioOnWatch\",\"description\":\"relatos das favelas cariocas\",\"publisher\":{\"@id\":\"https:\/\/rioonwatch.org.br\/#organization\"},\"potentialAction\":[{\"@type\":\"SearchAction\",\"target\":{\"@type\":\"EntryPoint\",\"urlTemplate\":\"https:\/\/rioonwatch.org.br\/?s={search_term_string}\"},\"query-input\":{\"@type\":\"PropertyValueSpecification\",\"valueRequired\":true,\"valueName\":\"search_term_string\"}}],\"inLanguage\":\"pt-BR\"},{\"@type\":\"Organization\",\"@id\":\"https:\/\/rioonwatch.org.br\/#organization\",\"name\":\"RioOnWatch\",\"url\":\"https:\/\/rioonwatch.org.br\/\",\"logo\":{\"@type\":\"ImageObject\",\"inLanguage\":\"pt-BR\",\"@id\":\"https:\/\/rioonwatch.org.br\/#\/schema\/logo\/image\/\",\"url\":\"https:\/\/rioonwatch.org.br\/wp-content\/uploads\/2021\/06\/RioOnWatchcabecalhoPT11anos-2.png\",\"contentUrl\":\"https:\/\/rioonwatch.org.br\/wp-content\/uploads\/2021\/06\/RioOnWatchcabecalhoPT11anos-2.png\",\"width\":779,\"height\":277,\"caption\":\"RioOnWatch\"},\"image\":{\"@id\":\"https:\/\/rioonwatch.org.br\/#\/schema\/logo\/image\/\"}},{\"@type\":\"Person\",\"@id\":\"https:\/\/rioonwatch.org.br\/#\/schema\/person\/f443c6b55bb6e80842280318076491c5\",\"name\":\"Luisa Fenizola\",\"image\":{\"@type\":\"ImageObject\",\"inLanguage\":\"pt-BR\",\"@id\":\"https:\/\/rioonwatch.org.br\/#\/schema\/person\/image\/\",\"url\":\"https:\/\/secure.gravatar.com\/avatar\/a3d551110162b9f876cbbdaaecf75663?s=96&d=blank&r=g\",\"contentUrl\":\"https:\/\/secure.gravatar.com\/avatar\/a3d551110162b9f876cbbdaaecf75663?s=96&d=blank&r=g\",\"caption\":\"Luisa Fenizola\"},\"url\":\"https:\/\/rioonwatch.org.br\/?author=152\"}]}<\/script>\n<!-- \/ Yoast SEO plugin. -->","yoast_head_json":{"title":"Retrospectiva 2018: Melhores e Piores Reportagens Internacionais sobre as Favelas do Rio - RioOnWatch","robots":{"index":"index","follow":"follow","max-snippet":"max-snippet:-1","max-image-preview":"max-image-preview:large","max-video-preview":"max-video-preview:-1"},"canonical":"https:\/\/rioonwatch.org.br\/?p=38410","og_locale":"pt_BR","og_type":"article","og_title":"Retrospectiva 2018: Melhores e Piores Reportagens Internacionais sobre as Favelas do Rio - RioOnWatch","og_description":"Click Here for English Esta \u00e9 a contribui\u00e7\u00e3o\u00a0mais recente da nossa s\u00e9rie de mat\u00e9rias analisando\u00a0as\u00a0Melhores e Piores Reportagens Internacionais sobre Favelas do Rio, que faz\u00a0parte do debate promovido pelo RioOnWatch sobre a\u00a0narrativa\u00a0e os\u00a0retratos midi\u00e1ticos\u00a0acerca das [...]","og_url":"https:\/\/rioonwatch.org.br\/?p=38410","og_site_name":"RioOnWatch","article_published_time":"2019-01-15T09:00:47+00:00","article_modified_time":"2024-06-20T19:16:56+00:00","og_image":[{"width":1000,"height":667,"url":"https:\/\/rioonwatch.org.br\/wp-content\/uploads\/2019\/01\/Tijuca-favela.jpg","type":"image\/jpeg"}],"author":"Luisa Fenizola","twitter_card":"summary_large_image","twitter_misc":{"Escrito por":"Luisa Fenizola","Est. tempo de leitura":"18 minutos"},"schema":{"@context":"https:\/\/schema.org","@graph":[{"@type":"Article","@id":"https:\/\/rioonwatch.org.br\/?p=38410#article","isPartOf":{"@id":"https:\/\/rioonwatch.org.br\/?p=38410"},"author":{"name":"Luisa Fenizola","@id":"https:\/\/rioonwatch.org.br\/#\/schema\/person\/f443c6b55bb6e80842280318076491c5"},"headline":"Retrospectiva 2018: Melhores e Piores Reportagens Internacionais sobre as Favelas do Rio","datePublished":"2019-01-15T09:00:47+00:00","dateModified":"2024-06-20T19:16:56+00:00","mainEntityOfPage":{"@id":"https:\/\/rioonwatch.org.br\/?p=38410"},"wordCount":3139,"publisher":{"@id":"https:\/\/rioonwatch.org.br\/#organization"},"image":{"@id":"https:\/\/rioonwatch.org.br\/?p=38410#primaryimage"},"thumbnailUrl":"https:\/\/rioonwatch.org.br\/wp-content\/uploads\/2019\/01\/Tijuca-favela.jpg","keywords":["#StopFavelaStigma","'slum'","an\u00e1lise cobertura de favelas","Cantagalo","compara\u00e7\u00e3o internacional","Complexo da Mar\u00e9","Complexo do Alem\u00e3o","cultura da favela","Elei\u00e7\u00f5es","grande m\u00eddia","interven\u00e7\u00e3o militar","Legado Ol\u00edmpico","linguagem","Marielle Franco","Mil\u00edcia","narrativa midi\u00e1tica","pol\u00edtica","prioridades p\u00fablicas equivocadas","resist\u00eancia","Rocinha","seguran\u00e7a p\u00fablica","S\u00e9rie","S\u00e9rie: Melhores e Piores Reportagens","sociedade civil","sustentabilidade","UPP","Vidigal","Vila Kennedy","viola\u00e7\u00f5es","viol\u00eancia","Zona Norte","Zona Oeste","Zona Sul"],"articleSection":["*Destaque","Dados e Pesquisa","Entendendo o Rio","Favela \u00e9","Qualidades da Favela"],"inLanguage":"pt-BR"},{"@type":"WebPage","@id":"https:\/\/rioonwatch.org.br\/?p=38410","url":"https:\/\/rioonwatch.org.br\/?p=38410","name":"Retrospectiva 2018: Melhores e Piores Reportagens Internacionais sobre as Favelas do Rio - RioOnWatch","isPartOf":{"@id":"https:\/\/rioonwatch.org.br\/#website"},"primaryImageOfPage":{"@id":"https:\/\/rioonwatch.org.br\/?p=38410#primaryimage"},"image":{"@id":"https:\/\/rioonwatch.org.br\/?p=38410#primaryimage"},"thumbnailUrl":"https:\/\/rioonwatch.org.br\/wp-content\/uploads\/2019\/01\/Tijuca-favela.jpg","datePublished":"2019-01-15T09:00:47+00:00","dateModified":"2024-06-20T19:16:56+00:00","breadcrumb":{"@id":"https:\/\/rioonwatch.org.br\/?p=38410#breadcrumb"},"inLanguage":"pt-BR","potentialAction":[{"@type":"ReadAction","target":["https:\/\/rioonwatch.org.br\/?p=38410"]}]},{"@type":"ImageObject","inLanguage":"pt-BR","@id":"https:\/\/rioonwatch.org.br\/?p=38410#primaryimage","url":"https:\/\/rioonwatch.org.br\/wp-content\/uploads\/2019\/01\/Tijuca-favela.jpg","contentUrl":"https:\/\/rioonwatch.org.br\/wp-content\/uploads\/2019\/01\/Tijuca-favela.jpg","width":1000,"height":667},{"@type":"BreadcrumbList","@id":"https:\/\/rioonwatch.org.br\/?p=38410#breadcrumb","itemListElement":[{"@type":"ListItem","position":1,"name":"In\u00edcio","item":"https:\/\/rioonwatch.org.br\/"},{"@type":"ListItem","position":2,"name":"Retrospectiva 2018: Melhores e Piores Reportagens Internacionais sobre as Favelas do Rio"}]},{"@type":"WebSite","@id":"https:\/\/rioonwatch.org.br\/#website","url":"https:\/\/rioonwatch.org.br\/","name":"RioOnWatch","description":"relatos das favelas cariocas","publisher":{"@id":"https:\/\/rioonwatch.org.br\/#organization"},"potentialAction":[{"@type":"SearchAction","target":{"@type":"EntryPoint","urlTemplate":"https:\/\/rioonwatch.org.br\/?s={search_term_string}"},"query-input":{"@type":"PropertyValueSpecification","valueRequired":true,"valueName":"search_term_string"}}],"inLanguage":"pt-BR"},{"@type":"Organization","@id":"https:\/\/rioonwatch.org.br\/#organization","name":"RioOnWatch","url":"https:\/\/rioonwatch.org.br\/","logo":{"@type":"ImageObject","inLanguage":"pt-BR","@id":"https:\/\/rioonwatch.org.br\/#\/schema\/logo\/image\/","url":"https:\/\/rioonwatch.org.br\/wp-content\/uploads\/2021\/06\/RioOnWatchcabecalhoPT11anos-2.png","contentUrl":"https:\/\/rioonwatch.org.br\/wp-content\/uploads\/2021\/06\/RioOnWatchcabecalhoPT11anos-2.png","width":779,"height":277,"caption":"RioOnWatch"},"image":{"@id":"https:\/\/rioonwatch.org.br\/#\/schema\/logo\/image\/"}},{"@type":"Person","@id":"https:\/\/rioonwatch.org.br\/#\/schema\/person\/f443c6b55bb6e80842280318076491c5","name":"Luisa Fenizola","image":{"@type":"ImageObject","inLanguage":"pt-BR","@id":"https:\/\/rioonwatch.org.br\/#\/schema\/person\/image\/","url":"https:\/\/secure.gravatar.com\/avatar\/a3d551110162b9f876cbbdaaecf75663?s=96&d=blank&r=g","contentUrl":"https:\/\/secure.gravatar.com\/avatar\/a3d551110162b9f876cbbdaaecf75663?s=96&d=blank&r=g","caption":"Luisa Fenizola"},"url":"https:\/\/rioonwatch.org.br\/?author=152"}]}},"_links":{"self":[{"href":"https:\/\/rioonwatch.org.br\/index.php?rest_route=\/wp\/v2\/posts\/38410"}],"collection":[{"href":"https:\/\/rioonwatch.org.br\/index.php?rest_route=\/wp\/v2\/posts"}],"about":[{"href":"https:\/\/rioonwatch.org.br\/index.php?rest_route=\/wp\/v2\/types\/post"}],"author":[{"embeddable":true,"href":"https:\/\/rioonwatch.org.br\/index.php?rest_route=\/wp\/v2\/users\/152"}],"replies":[{"embeddable":true,"href":"https:\/\/rioonwatch.org.br\/index.php?rest_route=%2Fwp%2Fv2%2Fcomments&post=38410"}],"version-history":[{"count":11,"href":"https:\/\/rioonwatch.org.br\/index.php?rest_route=\/wp\/v2\/posts\/38410\/revisions"}],"predecessor-version":[{"id":69942,"href":"https:\/\/rioonwatch.org.br\/index.php?rest_route=\/wp\/v2\/posts\/38410\/revisions\/69942"}],"wp:featuredmedia":[{"embeddable":true,"href":"https:\/\/rioonwatch.org.br\/index.php?rest_route=\/wp\/v2\/media\/38412"}],"wp:attachment":[{"href":"https:\/\/rioonwatch.org.br\/index.php?rest_route=%2Fwp%2Fv2%2Fmedia&parent=38410"}],"wp:term":[{"taxonomy":"category","embeddable":true,"href":"https:\/\/rioonwatch.org.br\/index.php?rest_route=%2Fwp%2Fv2%2Fcategories&post=38410"},{"taxonomy":"post_tag","embeddable":true,"href":"https:\/\/rioonwatch.org.br\/index.php?rest_route=%2Fwp%2Fv2%2Ftags&post=38410"},{"taxonomy":"writer","embeddable":true,"href":"https:\/\/rioonwatch.org.br\/index.php?rest_route=%2Fwp%2Fv2%2Fwriter&post=38410"},{"taxonomy":"translator","embeddable":true,"href":"https:\/\/rioonwatch.org.br\/index.php?rest_route=%2Fwp%2Fv2%2Ftranslator&post=38410"},{"taxonomy":"source","embeddable":true,"href":"https:\/\/rioonwatch.org.br\/index.php?rest_route=%2Fwp%2Fv2%2Fsource&post=38410"},{"taxonomy":"ilustrador","embeddable":true,"href":"https:\/\/rioonwatch.org.br\/index.php?rest_route=%2Fwp%2Fv2%2Filustrador&post=38410"},{"taxonomy":"fotografo","embeddable":true,"href":"https:\/\/rioonwatch.org.br\/index.php?rest_route=%2Fwp%2Fv2%2Ffotografo&post=38410"}],"curies":[{"name":"wp","href":"https:\/\/api.w.org\/{rel}","templated":true}]}}