{"id":38452,"date":"2019-01-19T13:11:07","date_gmt":"2019-01-19T16:11:07","guid":{"rendered":"http:\/\/rioonwatch.org.br\/?p=38452"},"modified":"2023-03-26T20:19:19","modified_gmt":"2023-03-26T23:19:19","slug":"voce-sabe-o-que-e-soberania-alimentar-evento-na-mare-discute-caminhos-para-a-agroecologia-nas-favelas","status":"publish","type":"post","link":"https:\/\/rioonwatch.org.br\/?p=38452","title":{"rendered":"Voc\u00ea Sabe o que \u00e9 Soberania Alimentar? Mar\u00e9 Discute Caminhos para a Agroecologia nas Favelas"},"content":{"rendered":"<p style=\"text-align: right;\"><em><strong><a href=\"http:\/\/bit.ly\/2CIugsO\" target=\"_blank\" rel=\"noopener noreferrer\">Click Here for English<\/a><\/strong><\/em><strong><a href=\"http:\/\/bit.ly\/2CIugsO\" target=\"_blank\" rel=\"noopener noreferrer\"><img decoding=\"async\" width=\"20\" height=\"20\" class=\"alignright wp-image-15790\" src=\"http:\/\/rioonwatch.org.br\/wp-content\/uploads\/2012\/08\/EN-standard-e1439583104716.jpg\" \/><\/a><\/strong><\/p>\n<p><span style=\"font-weight: 400;\">Em\u00a0<\/span><a href=\"http:\/\/bit.ly\/2Fvqkyj\" target=\"_blank\" rel=\"noopener\"><span style=\"font-weight: 400;\">evento<\/span><\/a><span style=\"font-weight: 400;\"> realizado dos dias 9 ao 15 de dezembro no\u00a0<\/span><a href=\"http:\/\/bit.ly\/2rQ2UMG\" target=\"_blank\" rel=\"noopener\"><span style=\"font-weight: 400;\">Museu da Mar\u00e9<\/span><\/a><span style=\"font-weight: 400;\"> e no\u00a0<\/span><a href=\"http:\/\/bit.ly\/2IG6TWD\" target=\"_blank\" rel=\"noopener\"><span style=\"font-weight: 400;\">Centro de Estudos e A\u00e7\u00f5es Solid\u00e1rias da Mar\u00e9 (CEASM)<\/span><\/a><span style=\"font-weight: 400;\">, foi discutido o significado do conceito de <\/span><a href=\"http:\/\/bit.ly\/2HjjQp4\" target=\"_blank\" rel=\"noopener\"><span style=\"font-weight: 400;\">&#8216;soberania alimentar&#8217;<\/span><\/a><span style=\"font-weight: 400;\"> com foco nas periferias. A soberania alimentar \u00e9 o direito dos povos \u00e0 participa\u00e7\u00e3o na constru\u00e7\u00e3o de pol\u00edticas e nas decis\u00f5es sobre modos de produ\u00e7\u00e3o dos alimentos, sendo pe\u00e7a fundamental de uma\u00a0<a href=\"http:\/\/bit.ly\/2FxoXzm\" target=\"_blank\" rel=\"noopener\">pol\u00edtica de seguran\u00e7a alimentar e nutricional<\/a>. Assim, palestrantes comentaram experi\u00eancias e caminhos j\u00e1 percorridos nesse sentido atrav\u00e9s de iniciativas comunit\u00e1rias em diversas favelas do Rio de Janeiro, com discuss\u00f5es guiadas por Timo Bartholl, do\u00a0<\/span><a href=\"http:\/\/bit.ly\/2ChmLc2\" target=\"_blank\" rel=\"noopener\"><span style=\"font-weight: 400;\">Coletivo Ro\u00e7a<\/span><\/a>.<span style=\"font-weight: 400;\">\u00a0Em alguns momentos da programa\u00e7\u00e3o foram realizadas atividades externas na\u00a0<\/span><a href=\"http:\/\/bit.ly\/2QG0mtY\" target=\"_blank\" rel=\"noopener\"><span style=\"font-weight: 400;\">Horta do Parque Ecol\u00f3gico da Mar\u00e9<\/span><\/a><span style=\"font-weight: 400;\"> e no\u00a0<\/span><a href=\"http:\/\/bit.ly\/2CmeDqH\" target=\"_blank\" rel=\"noopener\"><span style=\"font-weight: 400;\">Laborat\u00f3rio Vivo de Agroecologia e Permacultura (LaVAPer)<\/span><\/a>,<span style=\"font-weight: 400;\"> na\u00a0<\/span><a href=\"http:\/\/bit.ly\/2Q3NeyJ\" target=\"_blank\" rel=\"noopener\"><span style=\"font-weight: 400;\">Ilha do Fund\u00e3o\/UFRJ<\/span><\/a><span style=\"font-weight: 400;\">.<\/span><\/p>\n<p><a href=\"http:\/\/rioonwatch.org.br\/wp-content\/uploads\/2019\/01\/Soberania-Alimentar-2.png\"><img fetchpriority=\"high\" decoding=\"async\" class=\"aligncenter wp-image-38455 size-content\" title=\"Timo Bartholl e Paulo Mesquita numa das atividades da Semana da Soberania Alimentar.\" src=\"http:\/\/rioonwatch.org.br\/wp-content\/uploads\/2019\/01\/Soberania-Alimentar-2-620x264.png\" alt=\"\" width=\"620\" height=\"264\" srcset=\"https:\/\/rioonwatch.org.br\/wp-content\/uploads\/2019\/01\/Soberania-Alimentar-2-620x264.png 620w, https:\/\/rioonwatch.org.br\/wp-content\/uploads\/2019\/01\/Soberania-Alimentar-2-940x400.png 940w\" sizes=\"(max-width: 620px) 100vw, 620px\" \/><\/a><\/p>\n<h3><b>As origens das pr\u00e1ticas comunit\u00e1rias de agroecologia e soberania alimentar<\/b><\/h3>\n<p><span style=\"font-weight: 400;\">Uma das mesas do evento abordou os \u201cdesafios agroecol\u00f3gicos nas periferias urbanas: pr\u00e1ticas e perspectivas\u201d, contando com a media\u00e7\u00e3o de\u00a0<\/span><a href=\"http:\/\/bit.ly\/1McM8XD\" target=\"_blank\" rel=\"noopener\"><span style=\"font-weight: 400;\">Naldinho Louren\u00e7o<\/span><\/a><span style=\"font-weight: 400;\"> e com relatos de experi\u00eancias de Marcelle Felippe, representante do projeto\u00a0<\/span><a href=\"http:\/\/bit.ly\/2Bgscrg\" target=\"_blank\" rel=\"noopener\"><span style=\"font-weight: 400;\">Verdejar<\/span><\/a><span style=\"font-weight: 400;\"> e da\u00a0<\/span><a href=\"http:\/\/bit.ly\/2FopbJV\" target=\"_blank\" rel=\"noopener\"><span style=\"font-weight: 400;\">Articula\u00e7\u00e3o de Agroecologia do Rio de Janeiro (AARJ)<\/span><\/a><span style=\"font-weight: 400;\">, de Paulo Mesquita, do\u00a0<\/span><a href=\"http:\/\/bit.ly\/2D7PjWT\" target=\"_blank\" rel=\"noopener\"><span style=\"font-weight: 400;\">Quilombo Cafund\u00e1 Astrogilda<\/span><\/a><span style=\"font-weight: 400;\"> localizado no\u00a0<\/span><a href=\"http:\/\/bit.ly\/1YtgZcu\" target=\"_blank\" rel=\"noopener\"><span style=\"font-weight: 400;\">Parque Estadual da Pedra Branca<\/span><\/a>,<span style=\"font-weight: 400;\"> e Alessandra de Lima, do GT Hortas do Coletivo Minhocas Urbanas.<\/span><\/p>\n<p><span style=\"font-weight: 400;\">Em sua fala, Marcelle ressalta o papel imprescind\u00edvel das\u00a0<\/span><a href=\"http:\/\/bit.ly\/2Bgscrg\" target=\"_blank\" rel=\"noopener\"><span style=\"font-weight: 400;\">iniciativas comunit\u00e1rias<\/span><\/a><span style=\"font-weight: 400;\"> que deram in\u00edcio ao projeto Verdejar na\u00a0<\/span><a href=\"http:\/\/bit.ly\/1Kq48Sn\" target=\"_blank\" rel=\"noopener\"><span style=\"font-weight: 400;\">Serra da Miseric\u00f3rdia<\/span><\/a><span style=\"font-weight: 400;\">. Ela destaca que \u201ca agroecologia nas periferias e nas favelas ainda \u00e9 muito marginalizada, pois n\u00e3o se pensa no grande potencial que a agricultura na cidade pode ter. [&#8230;] Grande parte dos alimentos que consumimos hoje vem de fora da cidade, o que significa que estamos gastando mais com transporte e contribuindo para o aumento dos efeitos do aquecimento global\u201d.<\/span><\/p>\n<p><span style=\"font-weight: 400;\">Outro ponto \u00e9 a import\u00e2ncia da valoriza\u00e7\u00e3o dos saberes locais para a constru\u00e7\u00e3o da soberania alimentar, uma vez que essa caminha ao lado da autogest\u00e3o comunit\u00e1ria sobre quais alimentos ser\u00e3o plantados, como o solo ser\u00e1 cuidado e como reaproveitar res\u00edduos org\u00e2nicos. Segundo ela, a <\/span><a href=\"http:\/\/bit.ly\/2QQLr0k\" target=\"_blank\" rel=\"noopener\"><span style=\"font-weight: 400;\">Rede Carioca de Agricultura Urbana<\/span><\/a><span style=\"font-weight: 400;\">\u00a0fortaleceu muito as a\u00e7\u00f5es de coletivos, reconhecendo pequenas iniciativas de agricultores e dando seguran\u00e7a na certifica\u00e7\u00e3o de alimentos org\u00e2nicos produzidos ali, possibilitando que os moradores tenham tamb\u00e9m outra fonte de renda.<\/span><\/p>\n<p><a href=\"http:\/\/rioonwatch.org.br\/wp-content\/uploads\/2019\/01\/Soberania-Alimentar-3.png\"><img decoding=\"async\" class=\"aligncenter wp-image-38456 size-content\" title=\"Da esquerda para a direita: Marcelle Felippe, Paulo Mesquita, Naldinho Louren\u00e7o e Alessandra de Lima.\" src=\"http:\/\/rioonwatch.org.br\/wp-content\/uploads\/2019\/01\/Soberania-Alimentar-3-620x264.png\" alt=\"\" width=\"620\" height=\"264\" srcset=\"https:\/\/rioonwatch.org.br\/wp-content\/uploads\/2019\/01\/Soberania-Alimentar-3-620x264.png 620w, https:\/\/rioonwatch.org.br\/wp-content\/uploads\/2019\/01\/Soberania-Alimentar-3-940x400.png 940w\" sizes=\"(max-width: 620px) 100vw, 620px\" \/><\/a><\/p>\n<p><span style=\"font-weight: 400;\">O convidado Paulo Mesquita trouxe em sua fala a necessidade do resgate de pr\u00e1ticas e concep\u00e7\u00f5es de utiliza\u00e7\u00e3o do solo mais antigas, que visavam \u00e0 preserva\u00e7\u00e3o da terra e que eram a base do sustento alimentar. Nesse sentido, s\u00e3o realizadas no Quilombo Cafund\u00e1 Astrogilda atividades agroecol\u00f3gicas nas hortas em parceria com as escolas, resgatando a hist\u00f3ria e a mem\u00f3ria na constru\u00e7\u00e3o dessas pr\u00e1ticas e ensinando outras maneiras de se relacionar com a terra.<\/span><\/p>\n<p><span style=\"font-weight: 400;\">Encerrando a mesa, Alessandra de Lima contou sobre suas experi\u00eancias no GT Hortas, e frisou a import\u00e2ncia de trazer os jovens para o trabalho nas hortas comunit\u00e1rias. \u201cAs crian\u00e7as est\u00e3o sempre presentes em nossas atividades e se interessam muito por ajudar a cuidar da horta. [&#8230;] Talvez esse trabalho desde a base nos ajude a conscientizar novas gera\u00e7\u00f5es sobre a import\u00e2ncia da agroecologia\u201d.<\/span><\/p>\n<h3><b>Principais desafios<\/b><\/h3>\n<p><span style=\"font-weight: 400;\">Algumas das dificuldades encontradas pelo Verdejar s\u00e3o a quest\u00e3o da viol\u00eancia dos confrontos na regi\u00e3o, que j\u00e1 chegou a interromper a\u00e7\u00f5es do projeto por dois anos, do saneamento b\u00e1sico e abastecimento de \u00e1gua nas comunidades, e do engajamento do p\u00fablico jovem nas atividades. J\u00e1 Paulo Mesquita chama a aten\u00e7\u00e3o para a quest\u00e3o da preserva\u00e7\u00e3o e do <a href=\"http:\/\/bit.ly\/2dFwbV4\" target=\"_blank\" rel=\"noopener\">direito \u00e0s terras<\/a> quilombolas, que constantemente tornam-se alvo de <a href=\"http:\/\/bit.ly\/WaWVbO\" target=\"_blank\" rel=\"noopener\">disputa pelo\u00a0<\/a><\/span><span style=\"font-weight: 400;\">poder p\u00fablico<\/span><span style=\"font-weight: 400;\">.<\/span><\/p>\n<p><span style=\"font-weight: 400;\">Justamente nesse sentido, a espectadora Geandra Nobre discorreu sobre a necessidade das iniciativas comunit\u00e1rias pressionarem o poder p\u00fablico, pois a responsabilidade deve ser compartilhada entre ambos. \u201cPrecisamos de mobiliza\u00e7\u00e3o das comunidades, utilizando nossa pr\u00f3pria for\u00e7a de trabalho, mas tamb\u00e9m precisamos de investimentos que est\u00e3o ausentes\u201d.<\/span><\/p>\n<p><a href=\"http:\/\/rioonwatch.org.br\/wp-content\/uploads\/2019\/01\/Soberania-Alimentar-4.png\"><img loading=\"lazy\" decoding=\"async\" class=\"aligncenter wp-image-38457 size-content\" title=\"Geandra Nobre discorre sobre a necessidade das iniciativas comunit\u00e1rias pressionarem o poder p\u00fablico.\" src=\"http:\/\/rioonwatch.org.br\/wp-content\/uploads\/2019\/01\/Soberania-Alimentar-4-620x264.png\" alt=\"\" width=\"620\" height=\"264\" srcset=\"https:\/\/rioonwatch.org.br\/wp-content\/uploads\/2019\/01\/Soberania-Alimentar-4-620x264.png 620w, https:\/\/rioonwatch.org.br\/wp-content\/uploads\/2019\/01\/Soberania-Alimentar-4-940x400.png 940w\" sizes=\"(max-width: 620px) 100vw, 620px\" \/><\/a><\/p>\n<h3><b>Visita \u00e0 Horta do Pinheiro<\/b><\/h3>\n<p><span style=\"font-weight: 400;\">As atividades externas inclu\u00edram uma visita \u00e0 Horta do Pinheiro, no Parque Ecol\u00f3gico da Mar\u00e9,\u00a0situado em um terreno aterrado onde era antigamente a Ilha dos Macacos.\u00a0<\/span><span style=\"font-weight: 400;\">\u201cQuando respeito a natureza, respeito a vida, e assim coisas boas vou colhendo\u2026\u201d diz uma cita\u00e7\u00e3o, de autoria de <a href=\"http:\/\/bit.ly\/2HcB6fk\" target=\"_blank\" rel=\"noopener\">Helder Marcus<\/a>, exibida em uma parede do Parque.\u00a0<\/span><span style=\"font-weight: 400;\">Nesse esp\u00edrito a comunidade tem se organizado para preservar e cultivar a \u00fanica \u00e1rea verde no\u00a0<a href=\"http:\/\/bit.ly\/10BvARw\" target=\"_blank\" rel=\"noopener\">Complexo da Mar\u00e9<\/a><\/span><span style=\"font-weight: 400;\">.<\/span><\/p>\n<p><a href=\"http:\/\/rioonwatch.org.br\/wp-content\/uploads\/2019\/01\/Soberania-Alimentar-5.jpg\"><img loading=\"lazy\" decoding=\"async\" class=\"aligncenter wp-image-38458 size-content\" title=\"Seu Bolado tem sido o supervisor da horta na comunidade por 14 anos. \" src=\"http:\/\/rioonwatch.org.br\/wp-content\/uploads\/2019\/01\/Soberania-Alimentar-5-620x264.jpg\" alt=\"\" width=\"620\" height=\"264\" srcset=\"https:\/\/rioonwatch.org.br\/wp-content\/uploads\/2019\/01\/Soberania-Alimentar-5-620x264.jpg 620w, https:\/\/rioonwatch.org.br\/wp-content\/uploads\/2019\/01\/Soberania-Alimentar-5-940x400.jpg 940w\" sizes=\"(max-width: 620px) 100vw, 620px\" \/><\/a><\/p>\n<p><span style=\"font-weight: 400;\">Com a implementa\u00e7\u00e3o do projeto\u00a0<\/span><a href=\"http:\/\/bit.ly\/2AK43to\" target=\"_blank\" rel=\"noopener\"><span style=\"font-weight: 400;\">Hortas Cariocas<\/span><\/a><span style=\"font-weight: 400;\"> pela prefeitura, o Parque Ecol\u00f3gico foi reformado em 2002 para receber uma horta. Ela funciona para fomentar o cultivo de alimentos org\u00e2nicos, aumentar o acesso a alimentos saud\u00e1veis e gerar renda na favela. Gra\u00e7as ao trabalho do Seu Bolado\u2014supervisor da horta h\u00e1 14 anos\u2014o espa\u00e7o tem fornecido frutos como acerola, manga, berinjela e aipim.<\/span><\/p>\n<p><span style=\"font-weight: 400;\">Mas isso s\u00f3 representa uma metade da horta. A outra metade da horta vem sendo reformada e cuidada por v\u00e1rios grupos da Mar\u00e9 em esfor\u00e7os de mutir\u00e3o, mas ainda enfrenta grandes obst\u00e1culos para atingir a sustentabilidade.<\/span><\/p>\n<p><span style=\"font-weight: 400;\">Primeiramente, os mutir\u00f5es n\u00e3o s\u00e3o suficientes para dar conta da manuten\u00e7\u00e3o do espa\u00e7o. \u00c9 necess\u00e1rio que a prefeitura contrate um outro supervisor, como o Seu Bolado, para tomar conta dessa outra parte da horta.\u00a0Segundo, a horta carece da infraestrutura para se manter. N\u00e3o tem uma mangueira comprida que atinja todo o espa\u00e7o e necessita de um sistema eficiente de conten\u00e7\u00e3o para evitar a entrada de animais, como cavalos e porcos.\u00a0Al\u00e9m disso, o solo fornecido pela prefeitura cont\u00e9m uma grande quantidade de vidro triturado, dificultando o trabalho e impossibilitando que as crian\u00e7as participem das a\u00e7\u00f5es.<\/span><\/p>\n<p><a href=\"http:\/\/rioonwatch.org.br\/wp-content\/uploads\/2019\/01\/Soberania-Alimentar-6.jpg\"><img loading=\"lazy\" decoding=\"async\" class=\"aligncenter wp-image-38459 size-content\" title=\"Grupos como Muda Mar\u00e9 e Coletivo Ro\u00e7a tamb\u00e9m contribuem ao desenvolvimento da horta.\" src=\"http:\/\/rioonwatch.org.br\/wp-content\/uploads\/2019\/01\/Soberania-Alimentar-6-620x264.jpg\" alt=\"\" width=\"620\" height=\"264\" srcset=\"https:\/\/rioonwatch.org.br\/wp-content\/uploads\/2019\/01\/Soberania-Alimentar-6-620x264.jpg 620w, https:\/\/rioonwatch.org.br\/wp-content\/uploads\/2019\/01\/Soberania-Alimentar-6-940x400.jpg 940w\" sizes=\"(max-width: 620px) 100vw, 620px\" \/><\/a><\/p>\n<p><span style=\"font-weight: 400;\">Mesmo assim, v\u00e1rios grupos da comunidade j\u00e1 contribu\u00edram e utilizaram o espa\u00e7o. Essa metade j\u00e1 deu vinagreira, uma planta medicinal, manjeric\u00e3o, hortel\u00e3, alecrim, pimenta rosa e girassol, e o Coletivo Ro\u00e7a usou parte dessa produ\u00e7\u00e3o na confec\u00e7\u00e3o de cervejas artesanais. O grupo Muda Mar\u00e9 construiu tamb\u00e9m uma composteira no local e tem planos para fazer um banheiro seco. S\u00f3 falta um maior apoio financeiro para que a horta flores\u00e7a e amplie o seu impacto na Mar\u00e9.<\/span><\/p>\n<!-- AddThis Advanced Settings generic via filter on the_content --><!-- AddThis Share Buttons generic via filter on the_content -->","protected":false},"excerpt":{"rendered":"<div class=\"mh-excerpt\"><p>Click Here for English Em\u00a0evento realizado dos dias 9 ao 15 de dezembro no\u00a0Museu da Mar\u00e9 e no\u00a0Centro de Estudos e A\u00e7\u00f5es Solid\u00e1rias da Mar\u00e9 (CEASM), foi discutido o significado do conceito de &#8216;soberania alimentar&#8217; <a class=\"mh-excerpt-more\" href=\"https:\/\/rioonwatch.org.br\/?p=38452\" title=\"Voc\u00ea Sabe o que \u00e9 Soberania Alimentar? Mar\u00e9 Discute Caminhos para a Agroecologia nas Favelas\">[&#8230;]<\/a><!-- AddThis Advanced Settings generic via filter on get_the_excerpt --><!-- AddThis Share Buttons generic via filter on get_the_excerpt --><\/p>\n<\/div>","protected":false},"author":152,"featured_media":38460,"comment_status":"closed","ping_status":"closed","sticky":false,"template":"","format":"standard","meta":{"_acf_changed":false,"_monsterinsights_skip_tracking":false,"_monsterinsights_sitenote_active":false,"_monsterinsights_sitenote_note":"","_monsterinsights_sitenote_category":0,"footnotes":""},"categories":[2323,1621,1626,1388,1616,1612,342,1639],"tags":[302,301,510,299,2357,332,1442,421,550,1097,113,469,1151,1106,276,358,566,1297,567,2571,492,295,476,404,578,2193,429,30,218],"writer":[2552,2537],"translator":[],"source":[],"ilustrador":[],"fotografo":[],"class_list":{"0":"post-38452","1":"post","2":"type-post","3":"status-publish","4":"format-standard","5":"has-post-thumbnail","7":"category-urbanismopopular","8":"category-destaque","9":"category-por-observadores-internacionais","10":"category-formas-de-apoiar","11":"category-qualidades-da-favela","12":"category-sociedade-civil","13":"category-solucoes","14":"category-sustentabilidade","15":"tag-agricultura-urbana","16":"tag-agroecologia","17":"tag-agua","18":"tag-alimentacao","19":"tag-ceasm","20":"tag-complexo-da-mare","21":"tag-compostagem","22":"tag-cultura-da-favela","23":"tag-direito-a-terra","24":"tag-horta-comunitaria","25":"tag-juventude","26":"tag-memoria","27":"tag-organizacao","28":"tag-museu-da-mare","29":"tag-mutirao","30":"tag-organizacao-comunitaria","31":"tag-parque-estadual-da-pedra-branca","32":"tag-preservacao-historica","33":"tag-quilombo","34":"tag-quilombo-cafunda-astrogilda","35":"tag-saneamento","36":"tag-serra-da-misericordia","37":"tag-solucao-comunitaria","38":"tag-sustentabilidade","39":"tag-trabalho-e-renda","40":"tag-ufrj","41":"tag-verdejar","42":"tag-violencia","43":"tag-zona-norte","44":"writer-jorge-sanchez-garcia","45":"writer-renata-queiroz-ramos"},"acf":[],"yoast_head":"<!-- This site is optimized with the Yoast SEO plugin v25.6 - https:\/\/yoast.com\/wordpress\/plugins\/seo\/ -->\n<title>Voc\u00ea Sabe o que \u00e9 Soberania Alimentar? Mar\u00e9 Discute Caminhos para a Agroecologia nas Favelas - RioOnWatch<\/title>\n<meta name=\"robots\" content=\"index, follow, max-snippet:-1, max-image-preview:large, max-video-preview:-1\" \/>\n<link rel=\"canonical\" href=\"https:\/\/rioonwatch.org.br\/?p=38452\" \/>\n<meta property=\"og:locale\" content=\"pt_BR\" \/>\n<meta property=\"og:type\" content=\"article\" \/>\n<meta property=\"og:title\" content=\"Voc\u00ea Sabe o que \u00e9 Soberania Alimentar? Mar\u00e9 Discute Caminhos para a Agroecologia nas Favelas - RioOnWatch\" \/>\n<meta property=\"og:description\" content=\"Click Here for English Em\u00a0evento realizado dos dias 9 ao 15 de dezembro no\u00a0Museu da Mar\u00e9 e no\u00a0Centro de Estudos e A\u00e7\u00f5es Solid\u00e1rias da Mar\u00e9 (CEASM), foi discutido o significado do conceito de &#8216;soberania alimentar&#8217; [...]\" \/>\n<meta property=\"og:url\" content=\"https:\/\/rioonwatch.org.br\/?p=38452\" \/>\n<meta property=\"og:site_name\" content=\"RioOnWatch\" \/>\n<meta property=\"article:published_time\" content=\"2019-01-19T16:11:07+00:00\" \/>\n<meta property=\"article:modified_time\" content=\"2023-03-26T23:19:19+00:00\" \/>\n<meta property=\"og:image\" content=\"https:\/\/rioonwatch.org.br\/wp-content\/uploads\/2019\/01\/Soberania-Alimentar-1-scaled.jpg\" \/>\n\t<meta property=\"og:image:width\" content=\"2560\" \/>\n\t<meta property=\"og:image:height\" content=\"1707\" \/>\n\t<meta property=\"og:image:type\" content=\"image\/jpeg\" \/>\n<meta name=\"author\" content=\"Luisa Fenizola\" \/>\n<meta name=\"twitter:card\" content=\"summary_large_image\" \/>\n<meta name=\"twitter:label1\" content=\"Escrito por\" \/>\n\t<meta name=\"twitter:data1\" content=\"Luisa Fenizola\" \/>\n\t<meta name=\"twitter:label2\" content=\"Est. tempo de leitura\" \/>\n\t<meta name=\"twitter:data2\" content=\"5 minutos\" \/>\n<script type=\"application\/ld+json\" class=\"yoast-schema-graph\">{\"@context\":\"https:\/\/schema.org\",\"@graph\":[{\"@type\":\"Article\",\"@id\":\"https:\/\/rioonwatch.org.br\/?p=38452#article\",\"isPartOf\":{\"@id\":\"https:\/\/rioonwatch.org.br\/?p=38452\"},\"author\":{\"name\":\"Luisa Fenizola\",\"@id\":\"https:\/\/rioonwatch.org.br\/#\/schema\/person\/f443c6b55bb6e80842280318076491c5\"},\"headline\":\"Voc\u00ea Sabe o que \u00e9 Soberania Alimentar? Mar\u00e9 Discute Caminhos para a Agroecologia nas Favelas\",\"datePublished\":\"2019-01-19T16:11:07+00:00\",\"dateModified\":\"2023-03-26T23:19:19+00:00\",\"mainEntityOfPage\":{\"@id\":\"https:\/\/rioonwatch.org.br\/?p=38452\"},\"wordCount\":1093,\"publisher\":{\"@id\":\"https:\/\/rioonwatch.org.br\/#organization\"},\"image\":{\"@id\":\"https:\/\/rioonwatch.org.br\/?p=38452#primaryimage\"},\"thumbnailUrl\":\"https:\/\/rioonwatch.org.br\/wp-content\/uploads\/2019\/01\/Soberania-Alimentar-1-scaled.jpg\",\"keywords\":[\"agricultura urbana\",\"agroecologia\",\"\u00e1gua\",\"alimenta\u00e7\u00e3o\",\"CEASM\",\"Complexo da Mar\u00e9\",\"compostagem\",\"cultura da favela\",\"direito \u00e0 terra\",\"horta comunit\u00e1ria\",\"juventude\",\"Mem\u00f3rias Faveladas\",\"mobiliza\u00e7\u00e3o\",\"Museu da Mar\u00e9\",\"mutir\u00e3o\",\"organiza\u00e7\u00e3o comunit\u00e1ria\",\"Parque Estadual da Pedra Branca\",\"preserva\u00e7\u00e3o hist\u00f3rica\",\"Quilombo\",\"Quilombo Cafund\u00e1 Astrogilda\",\"saneamento\",\"Serra da Miseric\u00f3rdia\",\"solu\u00e7\u00e3o comunit\u00e1ria\",\"sustentabilidade\",\"Trabalho e renda\",\"UFRJ\",\"Verdejar\",\"viol\u00eancia\",\"Zona Norte\"],\"articleSection\":[\"#UrbanismoPopular\",\"*Destaque\",\"Escrito por Aliados\",\"Formas de Apoiar\",\"Qualidades da Favela\",\"Sociedade Civil\",\"Solu\u00e7\u00f5es\",\"Sustentabilidade\"],\"inLanguage\":\"pt-BR\"},{\"@type\":\"WebPage\",\"@id\":\"https:\/\/rioonwatch.org.br\/?p=38452\",\"url\":\"https:\/\/rioonwatch.org.br\/?p=38452\",\"name\":\"Voc\u00ea Sabe o que \u00e9 Soberania Alimentar? Mar\u00e9 Discute Caminhos para a Agroecologia nas Favelas - RioOnWatch\",\"isPartOf\":{\"@id\":\"https:\/\/rioonwatch.org.br\/#website\"},\"primaryImageOfPage\":{\"@id\":\"https:\/\/rioonwatch.org.br\/?p=38452#primaryimage\"},\"image\":{\"@id\":\"https:\/\/rioonwatch.org.br\/?p=38452#primaryimage\"},\"thumbnailUrl\":\"https:\/\/rioonwatch.org.br\/wp-content\/uploads\/2019\/01\/Soberania-Alimentar-1-scaled.jpg\",\"datePublished\":\"2019-01-19T16:11:07+00:00\",\"dateModified\":\"2023-03-26T23:19:19+00:00\",\"breadcrumb\":{\"@id\":\"https:\/\/rioonwatch.org.br\/?p=38452#breadcrumb\"},\"inLanguage\":\"pt-BR\",\"potentialAction\":[{\"@type\":\"ReadAction\",\"target\":[\"https:\/\/rioonwatch.org.br\/?p=38452\"]}]},{\"@type\":\"ImageObject\",\"inLanguage\":\"pt-BR\",\"@id\":\"https:\/\/rioonwatch.org.br\/?p=38452#primaryimage\",\"url\":\"https:\/\/rioonwatch.org.br\/wp-content\/uploads\/2019\/01\/Soberania-Alimentar-1-scaled.jpg\",\"contentUrl\":\"https:\/\/rioonwatch.org.br\/wp-content\/uploads\/2019\/01\/Soberania-Alimentar-1-scaled.jpg\",\"width\":2560,\"height\":1707},{\"@type\":\"BreadcrumbList\",\"@id\":\"https:\/\/rioonwatch.org.br\/?p=38452#breadcrumb\",\"itemListElement\":[{\"@type\":\"ListItem\",\"position\":1,\"name\":\"In\u00edcio\",\"item\":\"https:\/\/rioonwatch.org.br\/\"},{\"@type\":\"ListItem\",\"position\":2,\"name\":\"Voc\u00ea Sabe o que \u00e9 Soberania Alimentar? Mar\u00e9 Discute Caminhos para a Agroecologia nas Favelas\"}]},{\"@type\":\"WebSite\",\"@id\":\"https:\/\/rioonwatch.org.br\/#website\",\"url\":\"https:\/\/rioonwatch.org.br\/\",\"name\":\"RioOnWatch\",\"description\":\"relatos das favelas cariocas\",\"publisher\":{\"@id\":\"https:\/\/rioonwatch.org.br\/#organization\"},\"potentialAction\":[{\"@type\":\"SearchAction\",\"target\":{\"@type\":\"EntryPoint\",\"urlTemplate\":\"https:\/\/rioonwatch.org.br\/?s={search_term_string}\"},\"query-input\":{\"@type\":\"PropertyValueSpecification\",\"valueRequired\":true,\"valueName\":\"search_term_string\"}}],\"inLanguage\":\"pt-BR\"},{\"@type\":\"Organization\",\"@id\":\"https:\/\/rioonwatch.org.br\/#organization\",\"name\":\"RioOnWatch\",\"url\":\"https:\/\/rioonwatch.org.br\/\",\"logo\":{\"@type\":\"ImageObject\",\"inLanguage\":\"pt-BR\",\"@id\":\"https:\/\/rioonwatch.org.br\/#\/schema\/logo\/image\/\",\"url\":\"https:\/\/rioonwatch.org.br\/wp-content\/uploads\/2021\/06\/RioOnWatchcabecalhoPT11anos-2.png\",\"contentUrl\":\"https:\/\/rioonwatch.org.br\/wp-content\/uploads\/2021\/06\/RioOnWatchcabecalhoPT11anos-2.png\",\"width\":779,\"height\":277,\"caption\":\"RioOnWatch\"},\"image\":{\"@id\":\"https:\/\/rioonwatch.org.br\/#\/schema\/logo\/image\/\"}},{\"@type\":\"Person\",\"@id\":\"https:\/\/rioonwatch.org.br\/#\/schema\/person\/f443c6b55bb6e80842280318076491c5\",\"name\":\"Luisa Fenizola\",\"image\":{\"@type\":\"ImageObject\",\"inLanguage\":\"pt-BR\",\"@id\":\"https:\/\/rioonwatch.org.br\/#\/schema\/person\/image\/\",\"url\":\"https:\/\/secure.gravatar.com\/avatar\/a3d551110162b9f876cbbdaaecf75663?s=96&d=blank&r=g\",\"contentUrl\":\"https:\/\/secure.gravatar.com\/avatar\/a3d551110162b9f876cbbdaaecf75663?s=96&d=blank&r=g\",\"caption\":\"Luisa Fenizola\"},\"url\":\"https:\/\/rioonwatch.org.br\/?author=152\"}]}<\/script>\n<!-- \/ Yoast SEO plugin. -->","yoast_head_json":{"title":"Voc\u00ea Sabe o que \u00e9 Soberania Alimentar? Mar\u00e9 Discute Caminhos para a Agroecologia nas Favelas - RioOnWatch","robots":{"index":"index","follow":"follow","max-snippet":"max-snippet:-1","max-image-preview":"max-image-preview:large","max-video-preview":"max-video-preview:-1"},"canonical":"https:\/\/rioonwatch.org.br\/?p=38452","og_locale":"pt_BR","og_type":"article","og_title":"Voc\u00ea Sabe o que \u00e9 Soberania Alimentar? Mar\u00e9 Discute Caminhos para a Agroecologia nas Favelas - RioOnWatch","og_description":"Click Here for English Em\u00a0evento realizado dos dias 9 ao 15 de dezembro no\u00a0Museu da Mar\u00e9 e no\u00a0Centro de Estudos e A\u00e7\u00f5es Solid\u00e1rias da Mar\u00e9 (CEASM), foi discutido o significado do conceito de &#8216;soberania alimentar&#8217; [...]","og_url":"https:\/\/rioonwatch.org.br\/?p=38452","og_site_name":"RioOnWatch","article_published_time":"2019-01-19T16:11:07+00:00","article_modified_time":"2023-03-26T23:19:19+00:00","og_image":[{"width":2560,"height":1707,"url":"https:\/\/rioonwatch.org.br\/wp-content\/uploads\/2019\/01\/Soberania-Alimentar-1-scaled.jpg","type":"image\/jpeg"}],"author":"Luisa Fenizola","twitter_card":"summary_large_image","twitter_misc":{"Escrito por":"Luisa Fenizola","Est. tempo de leitura":"5 minutos"},"schema":{"@context":"https:\/\/schema.org","@graph":[{"@type":"Article","@id":"https:\/\/rioonwatch.org.br\/?p=38452#article","isPartOf":{"@id":"https:\/\/rioonwatch.org.br\/?p=38452"},"author":{"name":"Luisa Fenizola","@id":"https:\/\/rioonwatch.org.br\/#\/schema\/person\/f443c6b55bb6e80842280318076491c5"},"headline":"Voc\u00ea Sabe o que \u00e9 Soberania Alimentar? Mar\u00e9 Discute Caminhos para a Agroecologia nas Favelas","datePublished":"2019-01-19T16:11:07+00:00","dateModified":"2023-03-26T23:19:19+00:00","mainEntityOfPage":{"@id":"https:\/\/rioonwatch.org.br\/?p=38452"},"wordCount":1093,"publisher":{"@id":"https:\/\/rioonwatch.org.br\/#organization"},"image":{"@id":"https:\/\/rioonwatch.org.br\/?p=38452#primaryimage"},"thumbnailUrl":"https:\/\/rioonwatch.org.br\/wp-content\/uploads\/2019\/01\/Soberania-Alimentar-1-scaled.jpg","keywords":["agricultura urbana","agroecologia","\u00e1gua","alimenta\u00e7\u00e3o","CEASM","Complexo da Mar\u00e9","compostagem","cultura da favela","direito \u00e0 terra","horta comunit\u00e1ria","juventude","Mem\u00f3rias Faveladas","mobiliza\u00e7\u00e3o","Museu da Mar\u00e9","mutir\u00e3o","organiza\u00e7\u00e3o comunit\u00e1ria","Parque Estadual da Pedra Branca","preserva\u00e7\u00e3o hist\u00f3rica","Quilombo","Quilombo Cafund\u00e1 Astrogilda","saneamento","Serra da Miseric\u00f3rdia","solu\u00e7\u00e3o comunit\u00e1ria","sustentabilidade","Trabalho e renda","UFRJ","Verdejar","viol\u00eancia","Zona Norte"],"articleSection":["#UrbanismoPopular","*Destaque","Escrito por Aliados","Formas de Apoiar","Qualidades da Favela","Sociedade Civil","Solu\u00e7\u00f5es","Sustentabilidade"],"inLanguage":"pt-BR"},{"@type":"WebPage","@id":"https:\/\/rioonwatch.org.br\/?p=38452","url":"https:\/\/rioonwatch.org.br\/?p=38452","name":"Voc\u00ea Sabe o que \u00e9 Soberania Alimentar? Mar\u00e9 Discute Caminhos para a Agroecologia nas Favelas - RioOnWatch","isPartOf":{"@id":"https:\/\/rioonwatch.org.br\/#website"},"primaryImageOfPage":{"@id":"https:\/\/rioonwatch.org.br\/?p=38452#primaryimage"},"image":{"@id":"https:\/\/rioonwatch.org.br\/?p=38452#primaryimage"},"thumbnailUrl":"https:\/\/rioonwatch.org.br\/wp-content\/uploads\/2019\/01\/Soberania-Alimentar-1-scaled.jpg","datePublished":"2019-01-19T16:11:07+00:00","dateModified":"2023-03-26T23:19:19+00:00","breadcrumb":{"@id":"https:\/\/rioonwatch.org.br\/?p=38452#breadcrumb"},"inLanguage":"pt-BR","potentialAction":[{"@type":"ReadAction","target":["https:\/\/rioonwatch.org.br\/?p=38452"]}]},{"@type":"ImageObject","inLanguage":"pt-BR","@id":"https:\/\/rioonwatch.org.br\/?p=38452#primaryimage","url":"https:\/\/rioonwatch.org.br\/wp-content\/uploads\/2019\/01\/Soberania-Alimentar-1-scaled.jpg","contentUrl":"https:\/\/rioonwatch.org.br\/wp-content\/uploads\/2019\/01\/Soberania-Alimentar-1-scaled.jpg","width":2560,"height":1707},{"@type":"BreadcrumbList","@id":"https:\/\/rioonwatch.org.br\/?p=38452#breadcrumb","itemListElement":[{"@type":"ListItem","position":1,"name":"In\u00edcio","item":"https:\/\/rioonwatch.org.br\/"},{"@type":"ListItem","position":2,"name":"Voc\u00ea Sabe o que \u00e9 Soberania Alimentar? Mar\u00e9 Discute Caminhos para a Agroecologia nas Favelas"}]},{"@type":"WebSite","@id":"https:\/\/rioonwatch.org.br\/#website","url":"https:\/\/rioonwatch.org.br\/","name":"RioOnWatch","description":"relatos das favelas cariocas","publisher":{"@id":"https:\/\/rioonwatch.org.br\/#organization"},"potentialAction":[{"@type":"SearchAction","target":{"@type":"EntryPoint","urlTemplate":"https:\/\/rioonwatch.org.br\/?s={search_term_string}"},"query-input":{"@type":"PropertyValueSpecification","valueRequired":true,"valueName":"search_term_string"}}],"inLanguage":"pt-BR"},{"@type":"Organization","@id":"https:\/\/rioonwatch.org.br\/#organization","name":"RioOnWatch","url":"https:\/\/rioonwatch.org.br\/","logo":{"@type":"ImageObject","inLanguage":"pt-BR","@id":"https:\/\/rioonwatch.org.br\/#\/schema\/logo\/image\/","url":"https:\/\/rioonwatch.org.br\/wp-content\/uploads\/2021\/06\/RioOnWatchcabecalhoPT11anos-2.png","contentUrl":"https:\/\/rioonwatch.org.br\/wp-content\/uploads\/2021\/06\/RioOnWatchcabecalhoPT11anos-2.png","width":779,"height":277,"caption":"RioOnWatch"},"image":{"@id":"https:\/\/rioonwatch.org.br\/#\/schema\/logo\/image\/"}},{"@type":"Person","@id":"https:\/\/rioonwatch.org.br\/#\/schema\/person\/f443c6b55bb6e80842280318076491c5","name":"Luisa Fenizola","image":{"@type":"ImageObject","inLanguage":"pt-BR","@id":"https:\/\/rioonwatch.org.br\/#\/schema\/person\/image\/","url":"https:\/\/secure.gravatar.com\/avatar\/a3d551110162b9f876cbbdaaecf75663?s=96&d=blank&r=g","contentUrl":"https:\/\/secure.gravatar.com\/avatar\/a3d551110162b9f876cbbdaaecf75663?s=96&d=blank&r=g","caption":"Luisa Fenizola"},"url":"https:\/\/rioonwatch.org.br\/?author=152"}]}},"_links":{"self":[{"href":"https:\/\/rioonwatch.org.br\/index.php?rest_route=\/wp\/v2\/posts\/38452"}],"collection":[{"href":"https:\/\/rioonwatch.org.br\/index.php?rest_route=\/wp\/v2\/posts"}],"about":[{"href":"https:\/\/rioonwatch.org.br\/index.php?rest_route=\/wp\/v2\/types\/post"}],"author":[{"embeddable":true,"href":"https:\/\/rioonwatch.org.br\/index.php?rest_route=\/wp\/v2\/users\/152"}],"replies":[{"embeddable":true,"href":"https:\/\/rioonwatch.org.br\/index.php?rest_route=%2Fwp%2Fv2%2Fcomments&post=38452"}],"version-history":[{"count":9,"href":"https:\/\/rioonwatch.org.br\/index.php?rest_route=\/wp\/v2\/posts\/38452\/revisions"}],"predecessor-version":[{"id":38672,"href":"https:\/\/rioonwatch.org.br\/index.php?rest_route=\/wp\/v2\/posts\/38452\/revisions\/38672"}],"wp:featuredmedia":[{"embeddable":true,"href":"https:\/\/rioonwatch.org.br\/index.php?rest_route=\/wp\/v2\/media\/38460"}],"wp:attachment":[{"href":"https:\/\/rioonwatch.org.br\/index.php?rest_route=%2Fwp%2Fv2%2Fmedia&parent=38452"}],"wp:term":[{"taxonomy":"category","embeddable":true,"href":"https:\/\/rioonwatch.org.br\/index.php?rest_route=%2Fwp%2Fv2%2Fcategories&post=38452"},{"taxonomy":"post_tag","embeddable":true,"href":"https:\/\/rioonwatch.org.br\/index.php?rest_route=%2Fwp%2Fv2%2Ftags&post=38452"},{"taxonomy":"writer","embeddable":true,"href":"https:\/\/rioonwatch.org.br\/index.php?rest_route=%2Fwp%2Fv2%2Fwriter&post=38452"},{"taxonomy":"translator","embeddable":true,"href":"https:\/\/rioonwatch.org.br\/index.php?rest_route=%2Fwp%2Fv2%2Ftranslator&post=38452"},{"taxonomy":"source","embeddable":true,"href":"https:\/\/rioonwatch.org.br\/index.php?rest_route=%2Fwp%2Fv2%2Fsource&post=38452"},{"taxonomy":"ilustrador","embeddable":true,"href":"https:\/\/rioonwatch.org.br\/index.php?rest_route=%2Fwp%2Fv2%2Filustrador&post=38452"},{"taxonomy":"fotografo","embeddable":true,"href":"https:\/\/rioonwatch.org.br\/index.php?rest_route=%2Fwp%2Fv2%2Ffotografo&post=38452"}],"curies":[{"name":"wp","href":"https:\/\/api.w.org\/{rel}","templated":true}]}}