{"id":38600,"date":"2019-02-01T08:30:07","date_gmt":"2019-02-01T11:30:07","guid":{"rendered":"http:\/\/rioonwatch.org.br\/?p=38600"},"modified":"2023-05-09T09:56:23","modified_gmt":"2023-05-09T12:56:23","slug":"moradores-convidam-para-ocupacao-de-brt-e-demandam-sua-renomeacao-para-vila-autodromo","status":"publish","type":"post","link":"https:\/\/rioonwatch.org.br\/?p=38600","title":{"rendered":"Vila Aut\u00f3dromo Convida: Ocupa\u00e7\u00e3o pela Renomea\u00e7\u00e3o de BRT e Cumprimento de Promessas"},"content":{"rendered":"<p style=\"text-align: right;\"><span data-ccp-props=\"{&quot;201341983&quot;:0,&quot;335559739&quot;:160,&quot;335559740&quot;:259}\">\u00a0<\/span><em><strong><a href=\"http:\/\/bit.ly\/2S2aId6\" target=\"_blank\" rel=\"noopener noreferrer\">Click Here for English<\/a><a href=\"http:\/\/bit.ly\/2S2aId6\" target=\"_blank\" rel=\"noopener noreferrer\"><img decoding=\"async\" width=\"20\" height=\"20\" class=\"alignright wp-image-15790\" src=\"http:\/\/rioonwatch.org.br\/wp-content\/uploads\/2012\/08\/EN-standard-e1439583104716.jpg\" \/><\/a><\/strong><\/em><\/p>\n<p>A comunidade Vila Aut\u00f3dromo est\u00e1 organizando para o dia 9 de fevereiro uma <a href=\"http:\/\/bit.ly\/2G7eDy9\" target=\"_blank\" rel=\"noopener\">ocupa\u00e7\u00e3o cultural na esta\u00e7\u00e3o do BRT<\/a> localizada em frente \u00e0 comunidade. A ocupa\u00e7\u00e3o surge como forma de reivindica\u00e7\u00e3o de duas demandas antigas: o cumprimento da totalidade do acordo firmado com a gest\u00e3o municipal do <a href=\"http:\/\/bit.ly\/1k4eA6c\" target=\"_blank\" rel=\"noopener\">Eduardo Paes<\/a> em 2016 e a renomea\u00e7\u00e3o da esta\u00e7\u00e3o de BRT \u201cCentro Ol\u00edmpico\u201d para BRT \u201cVila Aut\u00f3dromo\u201d. A ocupa\u00e7\u00e3o est\u00e1 inserida em uma <a href=\"http:\/\/on.fb.me\/1Ns8hX4\">s\u00e9rie de ocupa\u00e7\u00f5es<\/a> ao longo dos anos, que servem como ferramenta para dar visibilidade e reunir esfor\u00e7os e apoiadores em torno da luta pela perman\u00eancia e reconhecimento simb\u00f3lico da Vila Aut\u00f3dromo.<\/p>\n<p><img fetchpriority=\"high\" decoding=\"async\" class=\"aligncenter size-content wp-image-38613\" src=\"http:\/\/rioonwatch.org.br\/wp-content\/uploads\/2019\/01\/29128117366_9e97bc139b_z-620x264.jpg\" alt=\"\" width=\"620\" height=\"264\" \/><\/p>\n<p>Ap\u00f3s dois anos e meio da realiza\u00e7\u00e3o dos Jogos Ol\u00edmpicos, a Vila Aut\u00f3dromo permanece sem o t\u00edtulo de posse de terra prometido pelo ex-prefeito Eduardo Paes ap\u00f3s a realiza\u00e7\u00e3o do projeto de urbaniza\u00e7\u00e3o. Al\u00e9m disso, a prefeitura ainda n\u00e3o honrou com a constru\u00e7\u00e3o de uma quadra poliesportiva, nem com a reconstru\u00e7\u00e3o da Associa\u00e7\u00e3o de Moradores e do parquinho infantil, ambos demolidos durante o processo de remo\u00e7\u00e3o.<\/p>\n<p>O <a href=\"http:\/\/bit.ly\/1XpfSbp\" target=\"_blank\" rel=\"noopener\">Termo de Acordo Administrativo<\/a>, firmado entre a\u00a0<a href=\"http:\/\/bit.ly\/1kcl02n\" target=\"_blank\" rel=\"noopener\">Defensoria P\u00fablica do Rio de Janeiro<\/a> e a gest\u00e3o municipal do Paes, no dia 13 de abril de 2016, foi fruto de 20 anos de luta dos moradores pelo direito \u00e0 moradia na cidade do Rio de Janeiro. \u00c9 importante lembrar que a Vila Aut\u00f3dromo, comunidade localizada na<span style=\"font-weight: 400;\"> <a href=\"http:\/\/bit.ly\/11tBmFR\" target=\"_blank\" rel=\"noopener\">Zona Oeste<\/a><\/span> do Rio de Janeiro, atualmente vizinha do Parque Ol\u00edmpico, sofreu <a href=\"http:\/\/bit.ly\/VilaNo7\" target=\"_blank\" rel=\"noopener\">diversas ondas de remo\u00e7\u00f5es<\/a> ao longo da hist\u00f3ria da constru\u00e7\u00e3o do Parque.<\/p>\n<p><a href=\"http:\/\/rioonwatch.org.br\/wp-content\/uploads\/2019\/01\/Vila-Autodromo-remo\u00e7\u00e3o.jpg\"><img decoding=\"async\" class=\"aligncenter size-content wp-image-38279\" src=\"http:\/\/rioonwatch.org.br\/wp-content\/uploads\/2019\/01\/Vila-Autodromo-remo\u00e7\u00e3o-620x264.jpg\" alt=\"\" width=\"620\" height=\"264\" srcset=\"https:\/\/rioonwatch.org.br\/wp-content\/uploads\/2019\/01\/Vila-Autodromo-remo\u00e7\u00e3o-620x264.jpg 620w, https:\/\/rioonwatch.org.br\/wp-content\/uploads\/2019\/01\/Vila-Autodromo-remo\u00e7\u00e3o-940x400.jpg 940w\" sizes=\"(max-width: 620px) 100vw, 620px\" \/><\/a><\/p>\n<p>Contudo, a prefeitura de Eduardo Paes n\u00e3o honrou com todos os pontos previstos no acordo e os moradores da Vila Aut\u00f3dromo seguem reivindicando seus direitos legais. De acordo com <a href=\"http:\/\/bit.ly\/1THCRjN\" target=\"_blank\" rel=\"noopener\">Sandra Maria<\/a>, moradora da comunidade e s\u00edmbolo da luta pela perman\u00eancia, logo ap\u00f3s a realiza\u00e7\u00e3o das obras municipais que constru\u00edram a Rua Vila Aut\u00f3dromo e as 20 casas prometidas, a prefeitura deveria ter emitido o <a href=\"http:\/\/bit.ly\/2DIrUvE\" target=\"_blank\" rel=\"noopener\">Habite-se<\/a>, documento que autoriza a ocupa\u00e7\u00e3o da casa rec\u00e9m-constru\u00edda ou que sofreu obra. Esse documento \u00e9 fundamental na garantia legal da perman\u00eancia dos moradores no local.<\/p>\n<p>Os conflitos jur\u00eddicos referentes \u00e0 terra onde localiza-se a Vila Aut\u00f3dromo remontam \u00e0 \u00e9poca que o Rio de Janeiro ainda era Estado da Guanabara, quando as terras privadas foram desapropriadas pelo Estado e se tornaram p\u00fablicas. Como explicado pela defensora p\u00fablica Adriana Bevil\u00e1qua, at\u00e9 2007 a \u00e1rea pertencia ao estado do Rio de Janeiro, mas por um decreto de ato administrativo, as terras passaram para a posse do munic\u00edpio do Rio de Janeiro. Atualmente, existem por\u00e7\u00f5es dessas terras que pertencem inclusive \u00e0 iniciativa privada. Essas disputas fundi\u00e1rias embara\u00e7am o processo e prolongam a inseguran\u00e7a jur\u00eddica da Vila.<\/p>\n<p>Diante disso, os moradores exigem que a urbaniza\u00e7\u00e3o seja completada. Durante o <a href=\"http:\/\/bit.ly\/VilaNo5\" target=\"_blank\" rel=\"noopener\">violento processo de remo\u00e7\u00e3o<\/a>, a prefeitura demoliu o <a href=\"http:\/\/bit.ly\/1khmTxR\" target=\"_blank\" rel=\"noopener\">parquinho infantil<\/a> que existia na entrada da comunidade e o <a href=\"http:\/\/bit.ly\/1WLtygo\" target=\"_blank\" rel=\"noopener\">pr\u00e9dio da Associa\u00e7\u00e3o de Moradores<\/a>. Foi prometido n\u00e3o somente a reconstru\u00e7\u00e3o destes, como tamb\u00e9m a inaugura\u00e7\u00e3o de uma quadra poliesportiva e um centro cultural. Sandra Maria frisa a import\u00e2ncia dessas constru\u00e7\u00f5es para <a href=\"http:\/\/bit.ly\/2LbmJpA\" target=\"_blank\" rel=\"noopener\">lutar contra o apagamento simb\u00f3lico e material da Vila Aut\u00f3dromo<\/a> na cidade.<\/p>\n<p><a href=\"http:\/\/rioonwatch.org.br\/wp-content\/uploads\/2019\/01\/28874070270_00e476685c_z.jpg\"><img loading=\"lazy\" decoding=\"async\" class=\"aligncenter wp-image-38612 size-content\" title=\"Terminal BRT Centro Ol\u00edmpico. Foto: Alexandre Macieira | Riotur\" src=\"http:\/\/rioonwatch.org.br\/wp-content\/uploads\/2019\/01\/28874070270_00e476685c_z-e1548944241711-620x264.jpg\" alt=\"\" width=\"620\" height=\"264\" srcset=\"https:\/\/rioonwatch.org.br\/wp-content\/uploads\/2019\/01\/28874070270_00e476685c_z-e1548944241711-620x264.jpg 620w, https:\/\/rioonwatch.org.br\/wp-content\/uploads\/2019\/01\/28874070270_00e476685c_z-e1548944241711.jpg 640w\" sizes=\"(max-width: 620px) 100vw, 620px\" \/><\/a><\/p>\n<p>A demanda pela renomea\u00e7\u00e3o da esta\u00e7\u00e3o do BRT de Centro Ol\u00edmpico para BRT Vila Aut\u00f3dromo segue a linha exposta por Sandra Maria: \u00e9 necess\u00e1rio que a Vila Aut\u00f3dromo exista no espa\u00e7o urbano carioca. Se observarmos bem, \u00e9 comum que as esta\u00e7\u00f5es de BRT sejam nomeadas de acordo com os condom\u00ednios \u00e0s quais elas servem, como podemos ver no caso do Terminal Rio 2 e do Terminal Ilha Pura. Nesse sentido, a reivindica\u00e7\u00e3o dos moradores \u00e9 simples: eles querem que a esta\u00e7\u00e3o seja nomeada de acordo com quem utiliza essa esta\u00e7\u00e3o. Al\u00e9m do mais, a esta\u00e7\u00e3o de BRT anterior ao Centro Ol\u00edmpico \u00e9 nomeada Parque Ol\u00edmpico, o que gera uma constante confus\u00e3o entre visitantes.<\/p>\n<p>Sandra Maria tamb\u00e9m exp\u00f4s que a arquitetura dessa esta\u00e7\u00e3o de BRT foge \u00e0 normalidade de qualquer outra. \u00c9 evidente para os moradores que o projeto dessa esta\u00e7\u00e3o colaborou com a remo\u00e7\u00e3o de uma por\u00e7\u00e3o da Vila Aut\u00f3dromo e portanto, nomear a esta\u00e7\u00e3o homenageando a comunidade \u00e9 o m\u00ednimo para reverter esse processo de apagamento.<\/p>\n<p><a href=\"http:\/\/rioonwatch.org.br\/wp-content\/uploads\/2019\/01\/placa-17-de-junho-de-2017.jpg\"><img loading=\"lazy\" decoding=\"async\" class=\"aligncenter wp-image-38602 size-content\" title=\"Foto: Museu das Remo\u00e7\u00f5es\" src=\"http:\/\/rioonwatch.org.br\/wp-content\/uploads\/2019\/01\/placa-17-de-junho-de-2017-620x264.jpg\" alt=\"\" width=\"620\" height=\"264\" \/><\/a><\/p>\n<p>A troca de gest\u00e3o municipal \u00e9 apontado pelos moradores como um dos maiores desafios do momento. O acordo foi feito com o antigo prefeito Eduardo Paes, e a desconfian\u00e7a no aparato jur\u00eddico-legal revive o medo do acordo n\u00e3o ser cumprido por inteiro.<\/p>\n<h3>Os moradores da Vila Aut\u00f3dromo portanto convidam todas e todos para comparecer \u00e0 ocupa\u00e7\u00e3o cultural do dia 9 de fevereiro, a partir das 14 horas, re-ocupando esse espa\u00e7o. Ser\u00e1 um dia de m\u00fasica, arte e resist\u00eancia\u00a0e o apoio de todas e todos \u00e9 fundamental. <a href=\"http:\/\/bit.ly\/2G7eDy9\" target=\"_blank\" rel=\"noopener\">Veja o convite para o evento no Facebook aqui<\/a>.<\/h3>\n<!-- AddThis Advanced Settings generic via filter on the_content --><!-- AddThis Share Buttons generic via filter on the_content -->","protected":false},"excerpt":{"rendered":"<div class=\"mh-excerpt\"><p>\u00a0Click Here for English A comunidade Vila Aut\u00f3dromo est\u00e1 organizando para o dia 9 de fevereiro uma ocupa\u00e7\u00e3o cultural na esta\u00e7\u00e3o do BRT localizada em frente \u00e0 comunidade. A ocupa\u00e7\u00e3o surge como forma de reivindica\u00e7\u00e3o <a class=\"mh-excerpt-more\" href=\"https:\/\/rioonwatch.org.br\/?p=38600\" title=\"Vila Aut\u00f3dromo Convida: Ocupa\u00e7\u00e3o pela Renomea\u00e7\u00e3o de BRT e Cumprimento de Promessas\">[&#8230;]<\/a><!-- AddThis Advanced Settings generic via filter on get_the_excerpt --><!-- AddThis Share Buttons generic via filter on get_the_excerpt --><\/p>\n<\/div>","protected":false},"author":162,"featured_media":38680,"comment_status":"closed","ping_status":"closed","sticky":false,"template":"","format":"standard","meta":{"_acf_changed":false,"_monsterinsights_skip_tracking":false,"_monsterinsights_sitenote_active":false,"_monsterinsights_sitenote_note":"","_monsterinsights_sitenote_category":0,"footnotes":""},"categories":[2051,1635,2323,1621],"tags":[274,90,424,484,396,395,1240,1151,1037,407,358,838,14,432,55,184],"writer":[2578],"translator":[],"source":[],"ilustrador":[],"fotografo":[],"class_list":{"0":"post-38600","1":"post","2":"type-post","3":"status-publish","4":"format-standard","5":"has-post-thumbnail","7":"category-olhonolegado","8":"category-1635","9":"category-urbanismopopular","10":"category-destaque","11":"tag-barra-da-tijuca","12":"tag-defensoria-publica","13":"tag-direito-a-moradia","14":"tag-prefeito-eduardo-paes","15":"tag-especulacao-imobiliaria","16":"tag-gentrificacao-remocao-branca","17":"tag-megaeventos","18":"tag-organizacao","19":"tag-moradia","20":"tag-ocupacao","21":"tag-organizacao-comunitaria","22":"tag-politica-publica","23":"tag-remocao","24":"tag-resistencia","25":"tag-vila-autodromo","26":"tag-zona-oeste","27":"writer-maria-luiza-belo"},"acf":[],"yoast_head":"<!-- This site is optimized with the Yoast SEO plugin v25.6 - https:\/\/yoast.com\/wordpress\/plugins\/seo\/ -->\n<title>Vila Aut\u00f3dromo Convida: Ocupa\u00e7\u00e3o pela Renomea\u00e7\u00e3o de BRT e Cumprimento de Promessas - RioOnWatch<\/title>\n<meta name=\"robots\" content=\"index, follow, max-snippet:-1, max-image-preview:large, max-video-preview:-1\" \/>\n<link rel=\"canonical\" href=\"https:\/\/rioonwatch.org.br\/?p=38600\" \/>\n<meta property=\"og:locale\" content=\"pt_BR\" \/>\n<meta property=\"og:type\" content=\"article\" \/>\n<meta property=\"og:title\" content=\"Vila Aut\u00f3dromo Convida: Ocupa\u00e7\u00e3o pela Renomea\u00e7\u00e3o de BRT e Cumprimento de Promessas - RioOnWatch\" \/>\n<meta property=\"og:description\" content=\"\u00a0Click Here for English A comunidade Vila Aut\u00f3dromo est\u00e1 organizando para o dia 9 de fevereiro uma ocupa\u00e7\u00e3o cultural na esta\u00e7\u00e3o do BRT localizada em frente \u00e0 comunidade. A ocupa\u00e7\u00e3o surge como forma de reivindica\u00e7\u00e3o [...]\" \/>\n<meta property=\"og:url\" content=\"https:\/\/rioonwatch.org.br\/?p=38600\" \/>\n<meta property=\"og:site_name\" content=\"RioOnWatch\" \/>\n<meta property=\"article:published_time\" content=\"2019-02-01T11:30:07+00:00\" \/>\n<meta property=\"article:modified_time\" content=\"2023-05-09T12:56:23+00:00\" \/>\n<meta property=\"og:image\" content=\"https:\/\/rioonwatch.org.br\/wp-content\/uploads\/2019\/02\/Memoria.png\" \/>\n\t<meta property=\"og:image:width\" content=\"850\" \/>\n\t<meta property=\"og:image:height\" content=\"466\" \/>\n\t<meta property=\"og:image:type\" content=\"image\/png\" \/>\n<meta name=\"author\" content=\"Maria Luiza Belo\" \/>\n<meta name=\"twitter:card\" content=\"summary_large_image\" \/>\n<meta name=\"twitter:label1\" content=\"Escrito por\" \/>\n\t<meta name=\"twitter:data1\" content=\"Maria Luiza Belo\" \/>\n\t<meta name=\"twitter:label2\" content=\"Est. tempo de leitura\" \/>\n\t<meta name=\"twitter:data2\" content=\"4 minutos\" \/>\n<script type=\"application\/ld+json\" class=\"yoast-schema-graph\">{\"@context\":\"https:\/\/schema.org\",\"@graph\":[{\"@type\":\"Article\",\"@id\":\"https:\/\/rioonwatch.org.br\/?p=38600#article\",\"isPartOf\":{\"@id\":\"https:\/\/rioonwatch.org.br\/?p=38600\"},\"author\":{\"name\":\"Maria Luiza Belo\",\"@id\":\"https:\/\/rioonwatch.org.br\/#\/schema\/person\/3783f158dc82de4eabdf71efc959d6ba\"},\"headline\":\"Vila Aut\u00f3dromo Convida: Ocupa\u00e7\u00e3o pela Renomea\u00e7\u00e3o de BRT e Cumprimento de Promessas\",\"datePublished\":\"2019-02-01T11:30:07+00:00\",\"dateModified\":\"2023-05-09T12:56:23+00:00\",\"mainEntityOfPage\":{\"@id\":\"https:\/\/rioonwatch.org.br\/?p=38600\"},\"wordCount\":871,\"publisher\":{\"@id\":\"https:\/\/rioonwatch.org.br\/#organization\"},\"image\":{\"@id\":\"https:\/\/rioonwatch.org.br\/?p=38600#primaryimage\"},\"thumbnailUrl\":\"https:\/\/rioonwatch.org.br\/wp-content\/uploads\/2019\/02\/Memoria.png\",\"keywords\":[\"Barra da Tijuca\",\"Defensoria P\u00fablica\",\"Direito \u00e0 Moradia\",\"Eduardo Paes\",\"especula\u00e7\u00e3o imobili\u00e1ria\",\"gentrifica\u00e7\u00e3o\",\"Megaeventos\",\"mobiliza\u00e7\u00e3o\",\"moradia\",\"Ocupa\u00e7\u00e3o\",\"organiza\u00e7\u00e3o comunit\u00e1ria\",\"pol\u00edtica p\u00fablica\",\"Remo\u00e7\u00e3o\",\"resist\u00eancia\",\"Vila Aut\u00f3dromo\",\"Zona Oeste\"],\"articleSection\":[\"#OlhoNoLegado\",\"#Rio2016\",\"#UrbanismoPopular\",\"*Destaque\"],\"inLanguage\":\"pt-BR\"},{\"@type\":\"WebPage\",\"@id\":\"https:\/\/rioonwatch.org.br\/?p=38600\",\"url\":\"https:\/\/rioonwatch.org.br\/?p=38600\",\"name\":\"Vila Aut\u00f3dromo Convida: Ocupa\u00e7\u00e3o pela Renomea\u00e7\u00e3o de BRT e Cumprimento de Promessas - RioOnWatch\",\"isPartOf\":{\"@id\":\"https:\/\/rioonwatch.org.br\/#website\"},\"primaryImageOfPage\":{\"@id\":\"https:\/\/rioonwatch.org.br\/?p=38600#primaryimage\"},\"image\":{\"@id\":\"https:\/\/rioonwatch.org.br\/?p=38600#primaryimage\"},\"thumbnailUrl\":\"https:\/\/rioonwatch.org.br\/wp-content\/uploads\/2019\/02\/Memoria.png\",\"datePublished\":\"2019-02-01T11:30:07+00:00\",\"dateModified\":\"2023-05-09T12:56:23+00:00\",\"breadcrumb\":{\"@id\":\"https:\/\/rioonwatch.org.br\/?p=38600#breadcrumb\"},\"inLanguage\":\"pt-BR\",\"potentialAction\":[{\"@type\":\"ReadAction\",\"target\":[\"https:\/\/rioonwatch.org.br\/?p=38600\"]}]},{\"@type\":\"ImageObject\",\"inLanguage\":\"pt-BR\",\"@id\":\"https:\/\/rioonwatch.org.br\/?p=38600#primaryimage\",\"url\":\"https:\/\/rioonwatch.org.br\/wp-content\/uploads\/2019\/02\/Memoria.png\",\"contentUrl\":\"https:\/\/rioonwatch.org.br\/wp-content\/uploads\/2019\/02\/Memoria.png\",\"width\":850,\"height\":466},{\"@type\":\"BreadcrumbList\",\"@id\":\"https:\/\/rioonwatch.org.br\/?p=38600#breadcrumb\",\"itemListElement\":[{\"@type\":\"ListItem\",\"position\":1,\"name\":\"In\u00edcio\",\"item\":\"https:\/\/rioonwatch.org.br\/\"},{\"@type\":\"ListItem\",\"position\":2,\"name\":\"Vila Aut\u00f3dromo Convida: Ocupa\u00e7\u00e3o pela Renomea\u00e7\u00e3o de BRT e Cumprimento de Promessas\"}]},{\"@type\":\"WebSite\",\"@id\":\"https:\/\/rioonwatch.org.br\/#website\",\"url\":\"https:\/\/rioonwatch.org.br\/\",\"name\":\"RioOnWatch\",\"description\":\"relatos das favelas cariocas\",\"publisher\":{\"@id\":\"https:\/\/rioonwatch.org.br\/#organization\"},\"potentialAction\":[{\"@type\":\"SearchAction\",\"target\":{\"@type\":\"EntryPoint\",\"urlTemplate\":\"https:\/\/rioonwatch.org.br\/?s={search_term_string}\"},\"query-input\":{\"@type\":\"PropertyValueSpecification\",\"valueRequired\":true,\"valueName\":\"search_term_string\"}}],\"inLanguage\":\"pt-BR\"},{\"@type\":\"Organization\",\"@id\":\"https:\/\/rioonwatch.org.br\/#organization\",\"name\":\"RioOnWatch\",\"url\":\"https:\/\/rioonwatch.org.br\/\",\"logo\":{\"@type\":\"ImageObject\",\"inLanguage\":\"pt-BR\",\"@id\":\"https:\/\/rioonwatch.org.br\/#\/schema\/logo\/image\/\",\"url\":\"https:\/\/rioonwatch.org.br\/wp-content\/uploads\/2021\/06\/RioOnWatchcabecalhoPT11anos-2.png\",\"contentUrl\":\"https:\/\/rioonwatch.org.br\/wp-content\/uploads\/2021\/06\/RioOnWatchcabecalhoPT11anos-2.png\",\"width\":779,\"height\":277,\"caption\":\"RioOnWatch\"},\"image\":{\"@id\":\"https:\/\/rioonwatch.org.br\/#\/schema\/logo\/image\/\"}},{\"@type\":\"Person\",\"@id\":\"https:\/\/rioonwatch.org.br\/#\/schema\/person\/3783f158dc82de4eabdf71efc959d6ba\",\"name\":\"Maria Luiza Belo\",\"image\":{\"@type\":\"ImageObject\",\"inLanguage\":\"pt-BR\",\"@id\":\"https:\/\/rioonwatch.org.br\/#\/schema\/person\/image\/\",\"url\":\"https:\/\/secure.gravatar.com\/avatar\/5c21aab278b08fd06edd8efd8b4a56f7?s=96&d=blank&r=g\",\"contentUrl\":\"https:\/\/secure.gravatar.com\/avatar\/5c21aab278b08fd06edd8efd8b4a56f7?s=96&d=blank&r=g\",\"caption\":\"Maria Luiza Belo\"},\"url\":\"https:\/\/rioonwatch.org.br\/?author=162\"}]}<\/script>\n<!-- \/ Yoast SEO plugin. -->","yoast_head_json":{"title":"Vila Aut\u00f3dromo Convida: Ocupa\u00e7\u00e3o pela Renomea\u00e7\u00e3o de BRT e Cumprimento de Promessas - RioOnWatch","robots":{"index":"index","follow":"follow","max-snippet":"max-snippet:-1","max-image-preview":"max-image-preview:large","max-video-preview":"max-video-preview:-1"},"canonical":"https:\/\/rioonwatch.org.br\/?p=38600","og_locale":"pt_BR","og_type":"article","og_title":"Vila Aut\u00f3dromo Convida: Ocupa\u00e7\u00e3o pela Renomea\u00e7\u00e3o de BRT e Cumprimento de Promessas - RioOnWatch","og_description":"\u00a0Click Here for English A comunidade Vila Aut\u00f3dromo est\u00e1 organizando para o dia 9 de fevereiro uma ocupa\u00e7\u00e3o cultural na esta\u00e7\u00e3o do BRT localizada em frente \u00e0 comunidade. A ocupa\u00e7\u00e3o surge como forma de reivindica\u00e7\u00e3o [...]","og_url":"https:\/\/rioonwatch.org.br\/?p=38600","og_site_name":"RioOnWatch","article_published_time":"2019-02-01T11:30:07+00:00","article_modified_time":"2023-05-09T12:56:23+00:00","og_image":[{"width":850,"height":466,"url":"https:\/\/rioonwatch.org.br\/wp-content\/uploads\/2019\/02\/Memoria.png","type":"image\/png"}],"author":"Maria Luiza Belo","twitter_card":"summary_large_image","twitter_misc":{"Escrito por":"Maria Luiza Belo","Est. tempo de leitura":"4 minutos"},"schema":{"@context":"https:\/\/schema.org","@graph":[{"@type":"Article","@id":"https:\/\/rioonwatch.org.br\/?p=38600#article","isPartOf":{"@id":"https:\/\/rioonwatch.org.br\/?p=38600"},"author":{"name":"Maria Luiza Belo","@id":"https:\/\/rioonwatch.org.br\/#\/schema\/person\/3783f158dc82de4eabdf71efc959d6ba"},"headline":"Vila Aut\u00f3dromo Convida: Ocupa\u00e7\u00e3o pela Renomea\u00e7\u00e3o de BRT e Cumprimento de Promessas","datePublished":"2019-02-01T11:30:07+00:00","dateModified":"2023-05-09T12:56:23+00:00","mainEntityOfPage":{"@id":"https:\/\/rioonwatch.org.br\/?p=38600"},"wordCount":871,"publisher":{"@id":"https:\/\/rioonwatch.org.br\/#organization"},"image":{"@id":"https:\/\/rioonwatch.org.br\/?p=38600#primaryimage"},"thumbnailUrl":"https:\/\/rioonwatch.org.br\/wp-content\/uploads\/2019\/02\/Memoria.png","keywords":["Barra da Tijuca","Defensoria P\u00fablica","Direito \u00e0 Moradia","Eduardo Paes","especula\u00e7\u00e3o imobili\u00e1ria","gentrifica\u00e7\u00e3o","Megaeventos","mobiliza\u00e7\u00e3o","moradia","Ocupa\u00e7\u00e3o","organiza\u00e7\u00e3o comunit\u00e1ria","pol\u00edtica p\u00fablica","Remo\u00e7\u00e3o","resist\u00eancia","Vila Aut\u00f3dromo","Zona Oeste"],"articleSection":["#OlhoNoLegado","#Rio2016","#UrbanismoPopular","*Destaque"],"inLanguage":"pt-BR"},{"@type":"WebPage","@id":"https:\/\/rioonwatch.org.br\/?p=38600","url":"https:\/\/rioonwatch.org.br\/?p=38600","name":"Vila Aut\u00f3dromo Convida: Ocupa\u00e7\u00e3o pela Renomea\u00e7\u00e3o de BRT e Cumprimento de Promessas - RioOnWatch","isPartOf":{"@id":"https:\/\/rioonwatch.org.br\/#website"},"primaryImageOfPage":{"@id":"https:\/\/rioonwatch.org.br\/?p=38600#primaryimage"},"image":{"@id":"https:\/\/rioonwatch.org.br\/?p=38600#primaryimage"},"thumbnailUrl":"https:\/\/rioonwatch.org.br\/wp-content\/uploads\/2019\/02\/Memoria.png","datePublished":"2019-02-01T11:30:07+00:00","dateModified":"2023-05-09T12:56:23+00:00","breadcrumb":{"@id":"https:\/\/rioonwatch.org.br\/?p=38600#breadcrumb"},"inLanguage":"pt-BR","potentialAction":[{"@type":"ReadAction","target":["https:\/\/rioonwatch.org.br\/?p=38600"]}]},{"@type":"ImageObject","inLanguage":"pt-BR","@id":"https:\/\/rioonwatch.org.br\/?p=38600#primaryimage","url":"https:\/\/rioonwatch.org.br\/wp-content\/uploads\/2019\/02\/Memoria.png","contentUrl":"https:\/\/rioonwatch.org.br\/wp-content\/uploads\/2019\/02\/Memoria.png","width":850,"height":466},{"@type":"BreadcrumbList","@id":"https:\/\/rioonwatch.org.br\/?p=38600#breadcrumb","itemListElement":[{"@type":"ListItem","position":1,"name":"In\u00edcio","item":"https:\/\/rioonwatch.org.br\/"},{"@type":"ListItem","position":2,"name":"Vila Aut\u00f3dromo Convida: Ocupa\u00e7\u00e3o pela Renomea\u00e7\u00e3o de BRT e Cumprimento de Promessas"}]},{"@type":"WebSite","@id":"https:\/\/rioonwatch.org.br\/#website","url":"https:\/\/rioonwatch.org.br\/","name":"RioOnWatch","description":"relatos das favelas cariocas","publisher":{"@id":"https:\/\/rioonwatch.org.br\/#organization"},"potentialAction":[{"@type":"SearchAction","target":{"@type":"EntryPoint","urlTemplate":"https:\/\/rioonwatch.org.br\/?s={search_term_string}"},"query-input":{"@type":"PropertyValueSpecification","valueRequired":true,"valueName":"search_term_string"}}],"inLanguage":"pt-BR"},{"@type":"Organization","@id":"https:\/\/rioonwatch.org.br\/#organization","name":"RioOnWatch","url":"https:\/\/rioonwatch.org.br\/","logo":{"@type":"ImageObject","inLanguage":"pt-BR","@id":"https:\/\/rioonwatch.org.br\/#\/schema\/logo\/image\/","url":"https:\/\/rioonwatch.org.br\/wp-content\/uploads\/2021\/06\/RioOnWatchcabecalhoPT11anos-2.png","contentUrl":"https:\/\/rioonwatch.org.br\/wp-content\/uploads\/2021\/06\/RioOnWatchcabecalhoPT11anos-2.png","width":779,"height":277,"caption":"RioOnWatch"},"image":{"@id":"https:\/\/rioonwatch.org.br\/#\/schema\/logo\/image\/"}},{"@type":"Person","@id":"https:\/\/rioonwatch.org.br\/#\/schema\/person\/3783f158dc82de4eabdf71efc959d6ba","name":"Maria Luiza Belo","image":{"@type":"ImageObject","inLanguage":"pt-BR","@id":"https:\/\/rioonwatch.org.br\/#\/schema\/person\/image\/","url":"https:\/\/secure.gravatar.com\/avatar\/5c21aab278b08fd06edd8efd8b4a56f7?s=96&d=blank&r=g","contentUrl":"https:\/\/secure.gravatar.com\/avatar\/5c21aab278b08fd06edd8efd8b4a56f7?s=96&d=blank&r=g","caption":"Maria Luiza Belo"},"url":"https:\/\/rioonwatch.org.br\/?author=162"}]}},"_links":{"self":[{"href":"https:\/\/rioonwatch.org.br\/index.php?rest_route=\/wp\/v2\/posts\/38600"}],"collection":[{"href":"https:\/\/rioonwatch.org.br\/index.php?rest_route=\/wp\/v2\/posts"}],"about":[{"href":"https:\/\/rioonwatch.org.br\/index.php?rest_route=\/wp\/v2\/types\/post"}],"author":[{"embeddable":true,"href":"https:\/\/rioonwatch.org.br\/index.php?rest_route=\/wp\/v2\/users\/162"}],"replies":[{"embeddable":true,"href":"https:\/\/rioonwatch.org.br\/index.php?rest_route=%2Fwp%2Fv2%2Fcomments&post=38600"}],"version-history":[{"count":22,"href":"https:\/\/rioonwatch.org.br\/index.php?rest_route=\/wp\/v2\/posts\/38600\/revisions"}],"predecessor-version":[{"id":38715,"href":"https:\/\/rioonwatch.org.br\/index.php?rest_route=\/wp\/v2\/posts\/38600\/revisions\/38715"}],"wp:featuredmedia":[{"embeddable":true,"href":"https:\/\/rioonwatch.org.br\/index.php?rest_route=\/wp\/v2\/media\/38680"}],"wp:attachment":[{"href":"https:\/\/rioonwatch.org.br\/index.php?rest_route=%2Fwp%2Fv2%2Fmedia&parent=38600"}],"wp:term":[{"taxonomy":"category","embeddable":true,"href":"https:\/\/rioonwatch.org.br\/index.php?rest_route=%2Fwp%2Fv2%2Fcategories&post=38600"},{"taxonomy":"post_tag","embeddable":true,"href":"https:\/\/rioonwatch.org.br\/index.php?rest_route=%2Fwp%2Fv2%2Ftags&post=38600"},{"taxonomy":"writer","embeddable":true,"href":"https:\/\/rioonwatch.org.br\/index.php?rest_route=%2Fwp%2Fv2%2Fwriter&post=38600"},{"taxonomy":"translator","embeddable":true,"href":"https:\/\/rioonwatch.org.br\/index.php?rest_route=%2Fwp%2Fv2%2Ftranslator&post=38600"},{"taxonomy":"source","embeddable":true,"href":"https:\/\/rioonwatch.org.br\/index.php?rest_route=%2Fwp%2Fv2%2Fsource&post=38600"},{"taxonomy":"ilustrador","embeddable":true,"href":"https:\/\/rioonwatch.org.br\/index.php?rest_route=%2Fwp%2Fv2%2Filustrador&post=38600"},{"taxonomy":"fotografo","embeddable":true,"href":"https:\/\/rioonwatch.org.br\/index.php?rest_route=%2Fwp%2Fv2%2Ffotografo&post=38600"}],"curies":[{"name":"wp","href":"https:\/\/api.w.org\/{rel}","templated":true}]}}