{"id":38731,"date":"2019-03-25T08:47:24","date_gmt":"2019-03-25T11:47:24","guid":{"rendered":"http:\/\/rioonwatch.org.br\/?p=38731"},"modified":"2023-04-19T22:48:44","modified_gmt":"2023-04-20T01:48:44","slug":"o-que-termos-territoriais-coletivos-aprenderam-com-o-movimento-dos-direitos-civis-tecendo-o-c-no-ttc","status":"publish","type":"post","link":"https:\/\/rioonwatch.org.br\/?p=38731","title":{"rendered":"O Que Termos Territoriais Coletivos Aprenderam com o Movimento dos Direitos Civis: Tecendo o &#8220;C&#8221; no TTC"},"content":{"rendered":"<p style=\"text-align: right;\"><span data-ccp-props=\"{&quot;201341983&quot;:0,&quot;335559739&quot;:160,&quot;335559740&quot;:259}\">\u00a0<\/span><em><strong><a href=\"http:\/\/bit.ly\/2RSOHIX\" target=\"_blank\" rel=\"noopener noreferrer\">Click Here for English<\/a><a href=\"http:\/\/bit.ly\/2RSOHIX\" target=\"_blank\" rel=\"noopener noreferrer\"><img decoding=\"async\" width=\"20\" height=\"20\" class=\"alignright wp-image-15790\" src=\"http:\/\/rioonwatch.org.br\/wp-content\/uploads\/2012\/08\/EN-standard-e1439583104716.jpg\" \/><\/a><\/strong><\/em><\/p>\n<p><em>Leia a mat\u00e9ria original por <a href=\"http:\/\/bit.ly\/2SsrsK9\" target=\"_blank\" rel=\"noopener\">John Emmeus Davis<\/a>* em ingl\u00eas no\u00a0boletim do\u00a0Kulshan CLT<\/em>\u00a0<em><a href=\"http:\/\/bit.ly\/2RSOHIX\" target=\"_blank\" rel=\"noopener\">aqui<\/a>.<\/em>\u00a0<em>O RioOnWatch traduz mat\u00e9rias do ingl\u00eas para que brasileiros possam ter acesso e acompanhar temas ou an\u00e1lises cobertos fora do pa\u00eds que nem sempre s\u00e3o cobertos no Brasil.<\/em><\/p>\n<p>Existem atualmente cerca de 280 <a href=\"http:\/\/bit.ly\/2vOoqmT\" target=\"_blank\" rel=\"noopener\">Termos Territoriais Coletivos<\/a> nos <a href=\"http:\/\/bit.ly\/2rfjUM8\" target=\"_blank\" rel=\"noopener\">Estados Unidos<\/a>, mais de 100 na <a href=\"http:\/\/bit.ly\/2CugwSV\" target=\"_blank\" rel=\"noopener\">Inglaterra<\/a> e novos movimentos de <a href=\"http:\/\/bit.ly\/1mig1hx\" target=\"_blank\" rel=\"noopener\">TTC<\/a> na <a href=\"http:\/\/bit.ly\/2UP42wo\" target=\"_blank\" rel=\"noopener\">Austr\u00e1lia<\/a>, B\u00e9lgica e Canad\u00e1. Eles compartilham uma hist\u00f3ria comum. Todos est\u00e3o enraizados em uma rica tradi\u00e7\u00e3o de oposi\u00e7\u00e3o e inova\u00e7\u00e3o: uma que desafia a cren\u00e7a dominante de que a terra s\u00f3 pode ser possu\u00edda como uma mercadoria especulativa, servindo como um ve\u00edculo para o enriquecimento pessoal; e outra que coloca, como uma alternativa pr\u00e1tica, a propriedade da terra como um bem da comunidade, servindo como uma plataforma para o desenvolvimento liderado pela comunidade que \u00e9 tanto equitativo quanto sustent\u00e1vel.<\/p>\n<p>Esta \u00e9 uma hist\u00f3ria muito longa e variada para ser pintada aqui, exceto no mais amplo dos tra\u00e7os. Mas alguns marcos podem ser destacados.<\/p>\n<p>A organiza\u00e7\u00e3o creditada como sendo o \u201cprimeiro TTC\u201d emergiu do movimento dos <a href=\"http:\/\/bit.ly\/2ArWoBB\" target=\"_blank\" rel=\"noopener\">direitos civis<\/a> no sul dos EUA dos anos 60. A <em><a href=\"http:\/\/bit.ly\/2KTUN8f\" target=\"_blank\" rel=\"noopener\">New Communities Inc.<\/a><\/em>\u00a0foi <a href=\"http:\/\/bit.ly\/2CEtnVd\" target=\"_blank\" rel=\"noopener\">estabelecida no sudoeste da Ge\u00f3rgia<\/a> por veteranos da luta pelo direito de voto e igualdade racial. Ativistas como <a href=\"http:\/\/bit.ly\/2TOvSMP\" target=\"_blank\" rel=\"noopener\">John Lewis<\/a>, <a href=\"http:\/\/bit.ly\/2Yde8sT\" target=\"_blank\" rel=\"noopener\">Slater King<\/a> e <a href=\"http:\/\/bit.ly\/2TWToGN\" target=\"_blank\" rel=\"noopener\">Charles<\/a> e <a href=\"http:\/\/bit.ly\/2UMzvPG\" target=\"_blank\" rel=\"noopener\">Shirley Sherrod<\/a> passaram a acreditar que uma das chaves para garantir a independ\u00eancia pol\u00edtica e econ\u00f4mica dos afro-americanos era que eles possu\u00edssem terras. Mas a propriedade individual estava fora do alcance da maioria dos afro-americanos no sul profundo e era facilmente perdida quando eles adquiriam um terreno, uma casa ou uma fazenda. A posse em comum da terra parecia uma forma mais segura de posse para pessoas exclu\u00eddas da pol\u00edtica e da econ\u00f4mica tradicionais, especialmente quando combinadas com a propriedade individual de casas rec\u00e9m-constru\u00eddas e a organiza\u00e7\u00e3o cooperativa de agricultura e outros empreendimentos, um h\u00edbrido engenhoso que eles chamavam de \u201c<em>community land trust&#8221;<\/em>\u00a0(termo territorial coletivo).<\/p>\n<p><a href=\"http:\/\/rioonwatch.org.br\/wp-content\/uploads\/2019\/02\/charlie-shirley-sherod.png\"><img fetchpriority=\"high\" decoding=\"async\" class=\"aligncenter wp-image-38733 size-content\" title=\"Charles and Shirley Sherrod em 1960.\" src=\"http:\/\/rioonwatch.org.br\/wp-content\/uploads\/2019\/02\/charlie-shirley-sherod-620x264.png\" alt=\"\" width=\"620\" height=\"264\" srcset=\"https:\/\/rioonwatch.org.br\/wp-content\/uploads\/2019\/02\/charlie-shirley-sherod-620x264.png 620w, https:\/\/rioonwatch.org.br\/wp-content\/uploads\/2019\/02\/charlie-shirley-sherod-940x400.png 940w\" sizes=\"(max-width: 620px) 100vw, 620px\" \/><\/a><\/p>\n<p>Esse modelo misto de propriedade existe h\u00e1 d\u00e9cadas, muito antes de sua ado\u00e7\u00e3o pela\u00a0<em>New Communities<\/em>. Foi um dos pilares das cidades-jardins da Inglaterra, das vilas de Gramdan da \u00cdndia, dos <em><a href=\"http:\/\/bit.ly\/2WDVCcF\" target=\"_blank\" rel=\"noopener\">ejidos<\/a> <\/em>do M\u00e9xico e dos assentamentos agr\u00edcolas cooperativos em Israel, conhecidos como <a href=\"http:\/\/bit.ly\/2DTXlmB\" target=\"_blank\" rel=\"noopener\">kibutzim<\/a> e <a href=\"http:\/\/bit.ly\/2REA1Ny\" target=\"_blank\" rel=\"noopener\">moshavim<\/a>. Tamb\u00e9m foi uma caracter\u00edstica de muitas comunidades intencionais estabelecidas nos Estados Unidos durante a primeira metade do s\u00e9culo XX. Os fios mais brilhantes de cada um desses precursores se entrela\u00e7aram na\u00a0<em>New Communities<\/em>, cujos fundadores vision\u00e1rios acrescentaram um colorido pr\u00f3prio.<\/p>\n<p>Filosoficamente, tudo come\u00e7ou com um ingl\u00eas, <a href=\"http:\/\/bit.ly\/2WKu2KB\" target=\"_blank\" rel=\"noopener\">John Stuart Mill<\/a>. Em 1848, Mill observou que o &#8220;progresso comum da sociedade&#8221; faz com que o valor da terra aumente. Ele questionou, no entanto, por que esse &#8220;incremento social&#8221; deveria pertencer a propriet\u00e1rios privados que podem ter feito pouco para obt\u00ea-lo. \u201cEles ficam mais ricos, como se estivessem dormindo, sem trabalhar, arriscar ou economizar. Qual \u00e9 a alega\u00e7\u00e3o deles, sobre o princ\u00edpio geral da justi\u00e7a social, para essa ascens\u00e3o de riquezas?\u201dA resposta de Mill foi que essas riquezas eram \u201cn\u00e3o merecidas\u201d e deveriam ser capturadas em benef\u00edcio da sociedade.<\/p>\n<p><a href=\"http:\/\/rioonwatch.org.br\/wp-content\/uploads\/2019\/02\/PP-cover.jpg\"><img decoding=\"async\" class=\"alignright wp-image-38735 size-thumbnail\" src=\"http:\/\/rioonwatch.org.br\/wp-content\/uploads\/2019\/02\/PP-cover-168x264.jpg\" alt=\"\" width=\"168\" height=\"264\" srcset=\"https:\/\/rioonwatch.org.br\/wp-content\/uploads\/2019\/02\/PP-cover-168x264.jpg 168w, https:\/\/rioonwatch.org.br\/wp-content\/uploads\/2019\/02\/PP-cover-394x620.jpg 394w, https:\/\/rioonwatch.org.br\/wp-content\/uploads\/2019\/02\/PP-cover.jpg 600w\" sizes=\"(max-width: 168px) 100vw, 168px\" \/><\/a><\/p>\n<p>Trinta anos depois, um editor de jornal em S\u00e3o Francisco chamado <a href=\"http:\/\/bit.ly\/2WV6HWT\" target=\"_blank\" rel=\"noopener\">Henry George<\/a> estava tentando desvendar o que ele chamava de &#8220;Grande Enigma&#8221;. Por que, segundo George, h\u00e1 tanta pobreza em meio a tanta riqueza\u2014pobreza que persiste apesar de progresso social, econ\u00f4mico e tecnol\u00f3gico? Ele trope\u00e7ou na teoria de Mill do incremento n\u00e3o ganho. Este foi o momento <em>eureka<\/em> da vida intelectual de George, permitindo-lhe decifrar o c\u00f3digo do Grande Enigma. De repente, George viu os latifundi\u00e1rios como sendo pouco mais do que parasitas alimentando-se da produtividade dos outros, impondo \u201cum imposto invis\u00edvel pelos empreendimentos\u201d. A solu\u00e7\u00e3o que ele prop\u00f4s em um livro intitulado <em>Progresso e Pobreza<\/em> foi capturar todos os ganhos de terra por meio de impostos. Nas palavras de George, \u201c\u00e9 a tomada pela comunidade, pelo uso da comunidade, desse valor que \u00e9 a cria\u00e7\u00e3o da comunidade\u201d.<\/p>\n<p>As id\u00e9ias de George voltaram para a Inglaterra, onde influenciaram um sujeito reformista chamado <a href=\"http:\/\/bit.ly\/2CuOR4q\" target=\"_blank\" rel=\"noopener\">Ebenezer Howard<\/a>. Howard publicou seu pr\u00f3prio best-seller em 1898, <a href=\"http:\/\/bit.ly\/2N3arRG\" target=\"_blank\" rel=\"noopener\">Cidades-jardins de Amanh\u00e3<\/a>. Howard era realista pol\u00edtico demais para acreditar que tributar todos os ganhos de terra era uma estrat\u00e9gia vencedora. Seu mecanismo de escolha para captar o \u201cincremento social\u201d n\u00e3o era a taxa\u00e7\u00e3o, mas um modelo de posse mista. Ela incentivaria a iniciativa privada e a propriedade individual (bem como a propriedade cooperativa) de casas, lojas, f\u00e1bricas e fazendas, mas localizaria todas essas atividades em terras arrendadas dos administradores\u00a0das novas cidades que ele propusera construir. A comunidade seria a propriet\u00e1ria de terras nas cidades-jardins de Howard, come\u00e7ando com <a href=\"http:\/\/bit.ly\/2Hyr6fK\" target=\"_blank\" rel=\"noopener\">Letchworth em 1903<\/a>.<\/p>\n<p>Nos Estados Unidos, n\u00e3o foi antes dos anos 1920 e 1930 que os assentamentos planejados surgiram na tentativa norte-americana de aplicar os princ\u00edpios da cidade-jardim inglesa. Por\u00e9m quando o fizeram, foi o design das cidades-jardins que influenciaram os planejadores urbanos e arquitetos americanos. Os aspectos sociais da vis\u00e3o de Howard foram deixados para tr\u00e1s, especialmente sua defesa de terras de propriedade comunit\u00e1ria.<\/p>\n<p>Houve duas exce\u00e7\u00f5es. <a href=\"http:\/\/bit.ly\/2HLdrl8\" target=\"_blank\" rel=\"noopener\">Arthur Morgan<\/a> e <a href=\"http:\/\/bit.ly\/2uh0PtT\" target=\"_blank\" rel=\"noopener\">Ralph Borsodi<\/a> estabeleceram comunidades na d\u00e9cada de 1930, nas quais casas e empresas eram de propriedade individual em terras que eram mantidas por uma corpora\u00e7\u00e3o sem fins lucrativos. Eles inspiraram uma nova gera\u00e7\u00e3o de pioneiros a criar o que Borsodi chamara de \u201c<em>land trusts<\/em>\u201d (termos territoriais).<\/p>\n<p>Na maioria dessas comunidades de arrendamento iniciais, a governan\u00e7a da organiza\u00e7\u00e3o propriet\u00e1ria da terra era mantida por um c\u00edrculo interno, semelhante ao que Howard chamava de \u201csenhores de posi\u00e7\u00e3o respons\u00e1vel e de indubit\u00e1vel probidade\u201d. Havia propriedade comum sem cidadania inclusiva.<\/p>\n<p><a href=\"http:\/\/rioonwatch.org.br\/wp-content\/uploads\/2019\/02\/farming-new-communities.png\"><img loading=\"lazy\" decoding=\"async\" class=\"aligncenter wp-image-38734 size-large\" title=\"Atividade agr\u00edcola em New Communities, em torno de 1980.\" src=\"http:\/\/rioonwatch.org.br\/wp-content\/uploads\/2019\/02\/farming-new-communities-1024x609.png\" alt=\"\" width=\"620\" height=\"369\" srcset=\"https:\/\/rioonwatch.org.br\/wp-content\/uploads\/2019\/02\/farming-new-communities-1024x609.png 1024w, https:\/\/rioonwatch.org.br\/wp-content\/uploads\/2019\/02\/farming-new-communities-444x264.png 444w, https:\/\/rioonwatch.org.br\/wp-content\/uploads\/2019\/02\/farming-new-communities-620x369.png 620w, https:\/\/rioonwatch.org.br\/wp-content\/uploads\/2019\/02\/farming-new-communities-768x457.png 768w, https:\/\/rioonwatch.org.br\/wp-content\/uploads\/2019\/02\/farming-new-communities.png 1059w\" sizes=\"(max-width: 620px) 100vw, 620px\" \/><\/a><\/p>\n<p>Foi na\u00a0<em>New Communities<\/em> que esses elementos foram finalmente combinados. Em 1970, essa rec\u00e9m-formada organiza\u00e7\u00e3o sem fins lucrativos adquiriu quase 6.000 hectares de terras agr\u00edcolas perto de Albany, Georgia\u2014a maior extens\u00e3o de terras de propriedade dos afro-americanos na \u00e9poca. Eles encontraram uma resist\u00eancia feroz do <em>establishment<\/em> branco. Nos 15 anos seguintes, a\u00a0<em>New Communities<\/em> foi submetida a uma campanha de ass\u00e9dio constante, marcada por vandalismo, viol\u00eancia e a recusa de ag\u00eancias governamentais em conceder subs\u00eddios e empr\u00e9stimos.<\/p>\n<p>Uma importante li\u00e7\u00e3o dessa experi\u00eancia foi que a propriedade comum da terra n\u00e3o era suficiente. &#8220;<a href=\"http:\/\/bit.ly\/2ByPV8c\" target=\"_blank\" rel=\"noopener\">Construir a amada comunidade<\/a>&#8220;, no l\u00e9xico do <a href=\"http:\/\/bit.ly\/2Wdwfgx\" target=\"_blank\" rel=\"noopener\">Movimento dos Direitos Civis do Sul<\/a>, s\u00f3 poderia ter sucesso se um grupo maior de pessoas, al\u00e9m das pessoas que vivem na terra, participassem ativamente do planejamento, apoio, orienta\u00e7\u00e3o e governan\u00e7a da organiza\u00e7\u00e3o sem fins lucrativos que detinha e administrava a terra. Tinha que haver um &#8220;C&#8221; no TTC.<\/p>\n<p>A hist\u00f3ria de <em>New Communities<\/em> foi apresentada em <a href=\"http:\/\/bit.ly\/2GnaHtc\" target=\"_blank\" rel=\"noopener\"><em>The Community Land Trust: A Guide to a New Model for Land Tenure in America<\/em><\/a>\u00a0(Termos Territoriais Coletivos: Um Guia para um Novo Modelo para a Posse da Terra na Am\u00e9rica), publicado em 1972. Esse livro\u2014e um que apareceu dez anos depois, <em><a href=\"https:\/\/amzn.to\/2t8pFvy\" target=\"_blank\" rel=\"noopener\">The Community Land Trust Handbook<\/a><\/em>\u00a0(Manual do Termo Territorial Coletivo)\u2014prestou homenagem aos <em>land trusts<\/em>\u00a0de uma era anterior, ao mesmo tempo em que agregava recursos organizacionais e operacionais que colocaram a \u201ccomunidade\u201d ou o &#8220;coletivo&#8221; \u00e0 frente e no centro. Esses livros, juntamente com o exemplo inspirador fornecido por <em>New Communities<\/em> e por ativistas que iniciaram os primeiros TTCs urbanos na d\u00e9cada de 1980, lan\u00e7aram as sementes para a dissemina\u00e7\u00e3o do modelo que est\u00e1 havendo hoje em todo o pa\u00eds e ao redor do mundo.<\/p>\n<p><u>Fontes<\/u>:<\/p>\n<p>Uma hist\u00f3ria mais detalhada dos TTCs \u00e9 apresentada no <em><a href=\"http:\/\/bit.ly\/2Go07lY\" target=\"_blank\" rel=\"noopener\">Roots &amp; Branches<\/a>,<\/em> um website que tra\u00e7a as origens e evolu\u00e7\u00e3o do modelo.<\/p>\n<p>A hist\u00f3ria da\u00a0<em>New Communities<\/em> \u00e9 contada em um novo document\u00e1rio\u00a0<em><a href=\"http:\/\/bit.ly\/2RFYpOT\" target=\"_blank\" rel=\"noopener\">Arc of Justice: The Rise, Fall and Rebirth of a Beloved Community<\/a>.<\/em><\/p>\n<p>Um resumo dos argumentos econ\u00f4micos, pol\u00edticos e legais para a constru\u00e7\u00e3o de revitaliza\u00e7\u00e3o de moradias populares e vizinhan\u00e7as no \u201cterreno comum\u201d dos TTCs pode ser encontrado <a href=\"http:\/\/bit.ly\/2t88CJP\" target=\"_blank\" rel=\"noopener\">em um artigo recente de revis\u00e3o de leis<\/a>.<\/p>\n<p><a href=\"http:\/\/rioonwatch.org.br\/wp-content\/uploads\/2019\/02\/john-emmeus-davis.jpg\"><img loading=\"lazy\" decoding=\"async\" class=\"aligncenter size-content wp-image-38732\" src=\"http:\/\/rioonwatch.org.br\/wp-content\/uploads\/2019\/02\/john-emmeus-davis-500x264.jpg\" alt=\"\" width=\"500\" height=\"264\" \/><\/a><\/p>\n<p><em>*<a href=\"http:\/\/bit.ly\/2SsrsK9\" target=\"_blank\" rel=\"noopener\">John Emmeus Davis<\/a> \u00e9 um defensor do desenvolvimento liderado pela comunidade em terras de propriedade comunit\u00e1ria desde 1981, ano em que ele se uniu a um grupo de acad\u00eamicos e ativistas para escrever The Community Land Trust Handbook. Ele passou a produzir muitos outros livros, relat\u00f3rios e artigos sobre o modelo e a fornecer assist\u00eancia t\u00e9cnica a dezenas de TTCs nos Estados Unidos, Inglaterra, Austr\u00e1lia, B\u00e9lgica e Canad\u00e1. Ele foi o diretor de habita\u00e7\u00e3o da cidade de Burlington, VT sob os prefeitos Bernie Sanders e Peter Clavelle. Depois, ele co-fundou a Burlington Associates in Community Development, uma cooperativa nacional de consultoria sobre TTCs. Ele \u00e9 o jardineiro mestre da Roots &amp; Branches, um co-produtor do filme sobre TTCs, Arc of Justice, e autor do Affordable for Good, Habitat for Humanity International\u2019s 2017 Shelter Report (Moradia Acess\u00edvel para o Bem, Relat\u00f3rio da Moradia 2017 da Habitat Para a Humanidade). Saiba mais <a href=\"http:\/\/bit.ly\/2TxEwLD\" target=\"_blank\" rel=\"noopener\">aqui<\/a>.<\/em><\/p>\n<!-- AddThis Advanced Settings generic via filter on the_content --><!-- AddThis Share Buttons generic via filter on the_content -->","protected":false},"excerpt":{"rendered":"<div class=\"mh-excerpt\"><p>\u00a0Click Here for English Leia a mat\u00e9ria original por John Emmeus Davis* em ingl\u00eas no\u00a0boletim do\u00a0Kulshan CLT\u00a0aqui.\u00a0O RioOnWatch traduz mat\u00e9rias do ingl\u00eas para que brasileiros possam ter acesso e acompanhar temas ou an\u00e1lises cobertos fora <a class=\"mh-excerpt-more\" href=\"https:\/\/rioonwatch.org.br\/?p=38731\" title=\"O Que Termos Territoriais Coletivos Aprenderam com o Movimento dos Direitos Civis: Tecendo o &#8220;C&#8221; no TTC\">[&#8230;]<\/a><!-- AddThis Advanced Settings generic via filter on get_the_excerpt --><!-- AddThis Share Buttons generic via filter on get_the_excerpt --><\/p>\n<\/div>","protected":false},"author":152,"featured_media":38738,"comment_status":"closed","ping_status":"closed","sticky":false,"template":"","format":"standard","meta":{"_acf_changed":false,"_monsterinsights_skip_tracking":false,"_monsterinsights_sitenote_active":false,"_monsterinsights_sitenote_note":"","_monsterinsights_sitenote_category":0,"footnotes":""},"categories":[1614,1857,2323,1626,342],"tags":[1826,759,550,514,396,818,909,1307,1037,358,1347,476,404,711,900,2352],"writer":[2590],"translator":[1971],"source":[2608],"ilustrador":[],"fotografo":[],"class_list":{"0":"post-38731","1":"post","2":"type-post","3":"status-publish","4":"format-standard","5":"has-post-thumbnail","7":"category-olhonasremocoes","8":"category-olhonaurbanizacao","9":"category-urbanismopopular","10":"category-por-observadores-internacionais","11":"category-solucoes","12":"tag-australia","13":"tag-comparacao-internacional","14":"tag-direito-a-terra","15":"tag-escravidao","16":"tag-especulacao-imobiliaria","17":"tag-eua","18":"tag-habitacao-acessivel","19":"tag-inclusao","20":"tag-moradia","21":"tag-organizacao-comunitaria","22":"tag-solucao","23":"tag-solucao-comunitaria","24":"tag-sustentabilidade","25":"tag-clt","26":"tag-titulacao-de-terras","27":"tag-uk","28":"writer-john-emmeus-davis","29":"translator-geovanna-giannini","30":"source-kulshan-clt"},"acf":[],"yoast_head":"<!-- This site is optimized with the Yoast SEO plugin v25.6 - https:\/\/yoast.com\/wordpress\/plugins\/seo\/ -->\n<title>O Que Termos Territoriais Coletivos Aprenderam com o Movimento dos Direitos Civis: Tecendo o &quot;C&quot; no TTC - RioOnWatch<\/title>\n<meta name=\"robots\" content=\"index, follow, max-snippet:-1, max-image-preview:large, max-video-preview:-1\" \/>\n<link rel=\"canonical\" href=\"https:\/\/rioonwatch.org.br\/?p=38731\" \/>\n<meta property=\"og:locale\" content=\"pt_BR\" \/>\n<meta property=\"og:type\" content=\"article\" \/>\n<meta property=\"og:title\" content=\"O Que Termos Territoriais Coletivos Aprenderam com o Movimento dos Direitos Civis: Tecendo o &quot;C&quot; no TTC - RioOnWatch\" \/>\n<meta property=\"og:description\" content=\"\u00a0Click Here for English Leia a mat\u00e9ria original por John Emmeus Davis* em ingl\u00eas no\u00a0boletim do\u00a0Kulshan CLT\u00a0aqui.\u00a0O RioOnWatch traduz mat\u00e9rias do ingl\u00eas para que brasileiros possam ter acesso e acompanhar temas ou an\u00e1lises cobertos fora [...]\" \/>\n<meta property=\"og:url\" content=\"https:\/\/rioonwatch.org.br\/?p=38731\" \/>\n<meta property=\"og:site_name\" content=\"RioOnWatch\" \/>\n<meta property=\"article:published_time\" content=\"2019-03-25T11:47:24+00:00\" \/>\n<meta property=\"article:modified_time\" content=\"2023-04-20T01:48:44+00:00\" \/>\n<meta property=\"og:image\" content=\"https:\/\/rioonwatch.org.br\/wp-content\/uploads\/2019\/02\/john-davis-e1549393151595-scaled.jpg\" \/>\n\t<meta property=\"og:image:width\" content=\"2560\" \/>\n\t<meta property=\"og:image:height\" content=\"1198\" \/>\n\t<meta property=\"og:image:type\" content=\"image\/jpeg\" \/>\n<meta name=\"author\" content=\"Luisa Fenizola\" \/>\n<meta name=\"twitter:card\" content=\"summary_large_image\" \/>\n<meta name=\"twitter:label1\" content=\"Escrito por\" \/>\n\t<meta name=\"twitter:data1\" content=\"Luisa Fenizola\" \/>\n\t<meta name=\"twitter:label2\" content=\"Est. tempo de leitura\" \/>\n\t<meta name=\"twitter:data2\" content=\"8 minutos\" \/>\n<script type=\"application\/ld+json\" class=\"yoast-schema-graph\">{\"@context\":\"https:\/\/schema.org\",\"@graph\":[{\"@type\":\"Article\",\"@id\":\"https:\/\/rioonwatch.org.br\/?p=38731#article\",\"isPartOf\":{\"@id\":\"https:\/\/rioonwatch.org.br\/?p=38731\"},\"author\":{\"name\":\"Luisa Fenizola\",\"@id\":\"https:\/\/rioonwatch.org.br\/#\/schema\/person\/f443c6b55bb6e80842280318076491c5\"},\"headline\":\"O Que Termos Territoriais Coletivos Aprenderam com o Movimento dos Direitos Civis: Tecendo o &#8220;C&#8221; no TTC\",\"datePublished\":\"2019-03-25T11:47:24+00:00\",\"dateModified\":\"2023-04-20T01:48:44+00:00\",\"mainEntityOfPage\":{\"@id\":\"https:\/\/rioonwatch.org.br\/?p=38731\"},\"wordCount\":1567,\"publisher\":{\"@id\":\"https:\/\/rioonwatch.org.br\/#organization\"},\"image\":{\"@id\":\"https:\/\/rioonwatch.org.br\/?p=38731#primaryimage\"},\"thumbnailUrl\":\"https:\/\/rioonwatch.org.br\/wp-content\/uploads\/2019\/02\/john-davis-e1549393151595-scaled.jpg\",\"keywords\":[\"Austr\u00e1lia\",\"compara\u00e7\u00e3o internacional\",\"direito \u00e0 terra\",\"escravid\u00e3o\",\"especula\u00e7\u00e3o imobili\u00e1ria\",\"EUA\",\"habita\u00e7\u00e3o acess\u00edvel\",\"inclus\u00e3o\",\"moradia\",\"organiza\u00e7\u00e3o comunit\u00e1ria\",\"solu\u00e7\u00e3o\",\"solu\u00e7\u00e3o comunit\u00e1ria\",\"sustentabilidade\",\"Termo Territorial Coletivo (TTC) \/ Community Land Trust (CLT)\",\"titula\u00e7\u00e3o de terras\",\"UK\"],\"articleSection\":[\"#OlhoNasRemo\u00e7\u00f5es\",\"#OlhoNaUrbaniza\u00e7\u00e3o\",\"#UrbanismoPopular\",\"Escrito por Aliados\",\"Solu\u00e7\u00f5es\"],\"inLanguage\":\"pt-BR\"},{\"@type\":\"WebPage\",\"@id\":\"https:\/\/rioonwatch.org.br\/?p=38731\",\"url\":\"https:\/\/rioonwatch.org.br\/?p=38731\",\"name\":\"O Que Termos Territoriais Coletivos Aprenderam com o Movimento dos Direitos Civis: Tecendo o \\\"C\\\" no TTC - RioOnWatch\",\"isPartOf\":{\"@id\":\"https:\/\/rioonwatch.org.br\/#website\"},\"primaryImageOfPage\":{\"@id\":\"https:\/\/rioonwatch.org.br\/?p=38731#primaryimage\"},\"image\":{\"@id\":\"https:\/\/rioonwatch.org.br\/?p=38731#primaryimage\"},\"thumbnailUrl\":\"https:\/\/rioonwatch.org.br\/wp-content\/uploads\/2019\/02\/john-davis-e1549393151595-scaled.jpg\",\"datePublished\":\"2019-03-25T11:47:24+00:00\",\"dateModified\":\"2023-04-20T01:48:44+00:00\",\"breadcrumb\":{\"@id\":\"https:\/\/rioonwatch.org.br\/?p=38731#breadcrumb\"},\"inLanguage\":\"pt-BR\",\"potentialAction\":[{\"@type\":\"ReadAction\",\"target\":[\"https:\/\/rioonwatch.org.br\/?p=38731\"]}]},{\"@type\":\"ImageObject\",\"inLanguage\":\"pt-BR\",\"@id\":\"https:\/\/rioonwatch.org.br\/?p=38731#primaryimage\",\"url\":\"https:\/\/rioonwatch.org.br\/wp-content\/uploads\/2019\/02\/john-davis-e1549393151595-scaled.jpg\",\"contentUrl\":\"https:\/\/rioonwatch.org.br\/wp-content\/uploads\/2019\/02\/john-davis-e1549393151595-scaled.jpg\",\"width\":2560,\"height\":1198},{\"@type\":\"BreadcrumbList\",\"@id\":\"https:\/\/rioonwatch.org.br\/?p=38731#breadcrumb\",\"itemListElement\":[{\"@type\":\"ListItem\",\"position\":1,\"name\":\"In\u00edcio\",\"item\":\"https:\/\/rioonwatch.org.br\/\"},{\"@type\":\"ListItem\",\"position\":2,\"name\":\"O Que Termos Territoriais Coletivos Aprenderam com o Movimento dos Direitos Civis: Tecendo o &#8220;C&#8221; no TTC\"}]},{\"@type\":\"WebSite\",\"@id\":\"https:\/\/rioonwatch.org.br\/#website\",\"url\":\"https:\/\/rioonwatch.org.br\/\",\"name\":\"RioOnWatch\",\"description\":\"relatos das favelas cariocas\",\"publisher\":{\"@id\":\"https:\/\/rioonwatch.org.br\/#organization\"},\"potentialAction\":[{\"@type\":\"SearchAction\",\"target\":{\"@type\":\"EntryPoint\",\"urlTemplate\":\"https:\/\/rioonwatch.org.br\/?s={search_term_string}\"},\"query-input\":{\"@type\":\"PropertyValueSpecification\",\"valueRequired\":true,\"valueName\":\"search_term_string\"}}],\"inLanguage\":\"pt-BR\"},{\"@type\":\"Organization\",\"@id\":\"https:\/\/rioonwatch.org.br\/#organization\",\"name\":\"RioOnWatch\",\"url\":\"https:\/\/rioonwatch.org.br\/\",\"logo\":{\"@type\":\"ImageObject\",\"inLanguage\":\"pt-BR\",\"@id\":\"https:\/\/rioonwatch.org.br\/#\/schema\/logo\/image\/\",\"url\":\"https:\/\/rioonwatch.org.br\/wp-content\/uploads\/2021\/06\/RioOnWatchcabecalhoPT11anos-2.png\",\"contentUrl\":\"https:\/\/rioonwatch.org.br\/wp-content\/uploads\/2021\/06\/RioOnWatchcabecalhoPT11anos-2.png\",\"width\":779,\"height\":277,\"caption\":\"RioOnWatch\"},\"image\":{\"@id\":\"https:\/\/rioonwatch.org.br\/#\/schema\/logo\/image\/\"}},{\"@type\":\"Person\",\"@id\":\"https:\/\/rioonwatch.org.br\/#\/schema\/person\/f443c6b55bb6e80842280318076491c5\",\"name\":\"Luisa Fenizola\",\"image\":{\"@type\":\"ImageObject\",\"inLanguage\":\"pt-BR\",\"@id\":\"https:\/\/rioonwatch.org.br\/#\/schema\/person\/image\/\",\"url\":\"https:\/\/secure.gravatar.com\/avatar\/a3d551110162b9f876cbbdaaecf75663?s=96&d=blank&r=g\",\"contentUrl\":\"https:\/\/secure.gravatar.com\/avatar\/a3d551110162b9f876cbbdaaecf75663?s=96&d=blank&r=g\",\"caption\":\"Luisa Fenizola\"},\"url\":\"https:\/\/rioonwatch.org.br\/?author=152\"}]}<\/script>\n<!-- \/ Yoast SEO plugin. -->","yoast_head_json":{"title":"O Que Termos Territoriais Coletivos Aprenderam com o Movimento dos Direitos Civis: Tecendo o \"C\" no TTC - RioOnWatch","robots":{"index":"index","follow":"follow","max-snippet":"max-snippet:-1","max-image-preview":"max-image-preview:large","max-video-preview":"max-video-preview:-1"},"canonical":"https:\/\/rioonwatch.org.br\/?p=38731","og_locale":"pt_BR","og_type":"article","og_title":"O Que Termos Territoriais Coletivos Aprenderam com o Movimento dos Direitos Civis: Tecendo o \"C\" no TTC - RioOnWatch","og_description":"\u00a0Click Here for English Leia a mat\u00e9ria original por John Emmeus Davis* em ingl\u00eas no\u00a0boletim do\u00a0Kulshan CLT\u00a0aqui.\u00a0O RioOnWatch traduz mat\u00e9rias do ingl\u00eas para que brasileiros possam ter acesso e acompanhar temas ou an\u00e1lises cobertos fora [...]","og_url":"https:\/\/rioonwatch.org.br\/?p=38731","og_site_name":"RioOnWatch","article_published_time":"2019-03-25T11:47:24+00:00","article_modified_time":"2023-04-20T01:48:44+00:00","og_image":[{"width":2560,"height":1198,"url":"https:\/\/rioonwatch.org.br\/wp-content\/uploads\/2019\/02\/john-davis-e1549393151595-scaled.jpg","type":"image\/jpeg"}],"author":"Luisa Fenizola","twitter_card":"summary_large_image","twitter_misc":{"Escrito por":"Luisa Fenizola","Est. tempo de leitura":"8 minutos"},"schema":{"@context":"https:\/\/schema.org","@graph":[{"@type":"Article","@id":"https:\/\/rioonwatch.org.br\/?p=38731#article","isPartOf":{"@id":"https:\/\/rioonwatch.org.br\/?p=38731"},"author":{"name":"Luisa Fenizola","@id":"https:\/\/rioonwatch.org.br\/#\/schema\/person\/f443c6b55bb6e80842280318076491c5"},"headline":"O Que Termos Territoriais Coletivos Aprenderam com o Movimento dos Direitos Civis: Tecendo o &#8220;C&#8221; no TTC","datePublished":"2019-03-25T11:47:24+00:00","dateModified":"2023-04-20T01:48:44+00:00","mainEntityOfPage":{"@id":"https:\/\/rioonwatch.org.br\/?p=38731"},"wordCount":1567,"publisher":{"@id":"https:\/\/rioonwatch.org.br\/#organization"},"image":{"@id":"https:\/\/rioonwatch.org.br\/?p=38731#primaryimage"},"thumbnailUrl":"https:\/\/rioonwatch.org.br\/wp-content\/uploads\/2019\/02\/john-davis-e1549393151595-scaled.jpg","keywords":["Austr\u00e1lia","compara\u00e7\u00e3o internacional","direito \u00e0 terra","escravid\u00e3o","especula\u00e7\u00e3o imobili\u00e1ria","EUA","habita\u00e7\u00e3o acess\u00edvel","inclus\u00e3o","moradia","organiza\u00e7\u00e3o comunit\u00e1ria","solu\u00e7\u00e3o","solu\u00e7\u00e3o comunit\u00e1ria","sustentabilidade","Termo Territorial Coletivo (TTC) \/ Community Land Trust (CLT)","titula\u00e7\u00e3o de terras","UK"],"articleSection":["#OlhoNasRemo\u00e7\u00f5es","#OlhoNaUrbaniza\u00e7\u00e3o","#UrbanismoPopular","Escrito por Aliados","Solu\u00e7\u00f5es"],"inLanguage":"pt-BR"},{"@type":"WebPage","@id":"https:\/\/rioonwatch.org.br\/?p=38731","url":"https:\/\/rioonwatch.org.br\/?p=38731","name":"O Que Termos Territoriais Coletivos Aprenderam com o Movimento dos Direitos Civis: Tecendo o \"C\" no TTC - RioOnWatch","isPartOf":{"@id":"https:\/\/rioonwatch.org.br\/#website"},"primaryImageOfPage":{"@id":"https:\/\/rioonwatch.org.br\/?p=38731#primaryimage"},"image":{"@id":"https:\/\/rioonwatch.org.br\/?p=38731#primaryimage"},"thumbnailUrl":"https:\/\/rioonwatch.org.br\/wp-content\/uploads\/2019\/02\/john-davis-e1549393151595-scaled.jpg","datePublished":"2019-03-25T11:47:24+00:00","dateModified":"2023-04-20T01:48:44+00:00","breadcrumb":{"@id":"https:\/\/rioonwatch.org.br\/?p=38731#breadcrumb"},"inLanguage":"pt-BR","potentialAction":[{"@type":"ReadAction","target":["https:\/\/rioonwatch.org.br\/?p=38731"]}]},{"@type":"ImageObject","inLanguage":"pt-BR","@id":"https:\/\/rioonwatch.org.br\/?p=38731#primaryimage","url":"https:\/\/rioonwatch.org.br\/wp-content\/uploads\/2019\/02\/john-davis-e1549393151595-scaled.jpg","contentUrl":"https:\/\/rioonwatch.org.br\/wp-content\/uploads\/2019\/02\/john-davis-e1549393151595-scaled.jpg","width":2560,"height":1198},{"@type":"BreadcrumbList","@id":"https:\/\/rioonwatch.org.br\/?p=38731#breadcrumb","itemListElement":[{"@type":"ListItem","position":1,"name":"In\u00edcio","item":"https:\/\/rioonwatch.org.br\/"},{"@type":"ListItem","position":2,"name":"O Que Termos Territoriais Coletivos Aprenderam com o Movimento dos Direitos Civis: Tecendo o &#8220;C&#8221; no TTC"}]},{"@type":"WebSite","@id":"https:\/\/rioonwatch.org.br\/#website","url":"https:\/\/rioonwatch.org.br\/","name":"RioOnWatch","description":"relatos das favelas cariocas","publisher":{"@id":"https:\/\/rioonwatch.org.br\/#organization"},"potentialAction":[{"@type":"SearchAction","target":{"@type":"EntryPoint","urlTemplate":"https:\/\/rioonwatch.org.br\/?s={search_term_string}"},"query-input":{"@type":"PropertyValueSpecification","valueRequired":true,"valueName":"search_term_string"}}],"inLanguage":"pt-BR"},{"@type":"Organization","@id":"https:\/\/rioonwatch.org.br\/#organization","name":"RioOnWatch","url":"https:\/\/rioonwatch.org.br\/","logo":{"@type":"ImageObject","inLanguage":"pt-BR","@id":"https:\/\/rioonwatch.org.br\/#\/schema\/logo\/image\/","url":"https:\/\/rioonwatch.org.br\/wp-content\/uploads\/2021\/06\/RioOnWatchcabecalhoPT11anos-2.png","contentUrl":"https:\/\/rioonwatch.org.br\/wp-content\/uploads\/2021\/06\/RioOnWatchcabecalhoPT11anos-2.png","width":779,"height":277,"caption":"RioOnWatch"},"image":{"@id":"https:\/\/rioonwatch.org.br\/#\/schema\/logo\/image\/"}},{"@type":"Person","@id":"https:\/\/rioonwatch.org.br\/#\/schema\/person\/f443c6b55bb6e80842280318076491c5","name":"Luisa Fenizola","image":{"@type":"ImageObject","inLanguage":"pt-BR","@id":"https:\/\/rioonwatch.org.br\/#\/schema\/person\/image\/","url":"https:\/\/secure.gravatar.com\/avatar\/a3d551110162b9f876cbbdaaecf75663?s=96&d=blank&r=g","contentUrl":"https:\/\/secure.gravatar.com\/avatar\/a3d551110162b9f876cbbdaaecf75663?s=96&d=blank&r=g","caption":"Luisa Fenizola"},"url":"https:\/\/rioonwatch.org.br\/?author=152"}]}},"_links":{"self":[{"href":"https:\/\/rioonwatch.org.br\/index.php?rest_route=\/wp\/v2\/posts\/38731"}],"collection":[{"href":"https:\/\/rioonwatch.org.br\/index.php?rest_route=\/wp\/v2\/posts"}],"about":[{"href":"https:\/\/rioonwatch.org.br\/index.php?rest_route=\/wp\/v2\/types\/post"}],"author":[{"embeddable":true,"href":"https:\/\/rioonwatch.org.br\/index.php?rest_route=\/wp\/v2\/users\/152"}],"replies":[{"embeddable":true,"href":"https:\/\/rioonwatch.org.br\/index.php?rest_route=%2Fwp%2Fv2%2Fcomments&post=38731"}],"version-history":[{"count":21,"href":"https:\/\/rioonwatch.org.br\/index.php?rest_route=\/wp\/v2\/posts\/38731\/revisions"}],"predecessor-version":[{"id":39632,"href":"https:\/\/rioonwatch.org.br\/index.php?rest_route=\/wp\/v2\/posts\/38731\/revisions\/39632"}],"wp:featuredmedia":[{"embeddable":true,"href":"https:\/\/rioonwatch.org.br\/index.php?rest_route=\/wp\/v2\/media\/38738"}],"wp:attachment":[{"href":"https:\/\/rioonwatch.org.br\/index.php?rest_route=%2Fwp%2Fv2%2Fmedia&parent=38731"}],"wp:term":[{"taxonomy":"category","embeddable":true,"href":"https:\/\/rioonwatch.org.br\/index.php?rest_route=%2Fwp%2Fv2%2Fcategories&post=38731"},{"taxonomy":"post_tag","embeddable":true,"href":"https:\/\/rioonwatch.org.br\/index.php?rest_route=%2Fwp%2Fv2%2Ftags&post=38731"},{"taxonomy":"writer","embeddable":true,"href":"https:\/\/rioonwatch.org.br\/index.php?rest_route=%2Fwp%2Fv2%2Fwriter&post=38731"},{"taxonomy":"translator","embeddable":true,"href":"https:\/\/rioonwatch.org.br\/index.php?rest_route=%2Fwp%2Fv2%2Ftranslator&post=38731"},{"taxonomy":"source","embeddable":true,"href":"https:\/\/rioonwatch.org.br\/index.php?rest_route=%2Fwp%2Fv2%2Fsource&post=38731"},{"taxonomy":"ilustrador","embeddable":true,"href":"https:\/\/rioonwatch.org.br\/index.php?rest_route=%2Fwp%2Fv2%2Filustrador&post=38731"},{"taxonomy":"fotografo","embeddable":true,"href":"https:\/\/rioonwatch.org.br\/index.php?rest_route=%2Fwp%2Fv2%2Ffotografo&post=38731"}],"curies":[{"name":"wp","href":"https:\/\/api.w.org\/{rel}","templated":true}]}}