{"id":38783,"date":"2019-02-09T12:26:33","date_gmt":"2019-02-09T15:26:33","guid":{"rendered":"http:\/\/rioonwatch.org.br\/?p=38783"},"modified":"2019-02-16T09:27:32","modified_gmt":"2019-02-16T12:27:32","slug":"como-prefeitura-e-governo-responderam-a-chuva-no-rio-e-como-moradores-a-viveram-e-relataram","status":"publish","type":"post","link":"https:\/\/rioonwatch.org.br\/?p=38783","title":{"rendered":"Como Crivella e Witzel Responderam \u00e0 Chuva no Rio e como Moradores a Viveram"},"content":{"rendered":"<p style=\"text-align: right;\"><span data-ccp-props=\"{&quot;201341983&quot;:0,&quot;335559739&quot;:160,&quot;335559740&quot;:259}\">\u00a0<\/span><em><strong><a href=\"http:\/\/bit.ly\/2N02EUB\" target=\"_blank\" rel=\"noopener noreferrer\">Click Here for English<\/a><a href=\"http:\/\/bit.ly\/2N02EUB\" target=\"_blank\" rel=\"noopener noreferrer\"><img decoding=\"async\" width=\"20\" height=\"20\" class=\"alignright wp-image-15790\" src=\"http:\/\/rioonwatch.org.br\/wp-content\/uploads\/2012\/08\/EN-standard-e1439583104716.jpg\" \/><\/a><\/strong><\/em><\/p>\n<p>Um ano e um dia ap\u00f3s o <a href=\"http:\/\/bit.ly\/2qjMScT\" target=\"_blank\" rel=\"noopener\">in\u00edcio das chuvas de ver\u00e3o de 2018<\/a>, a cidade do Rio de Janeiro foi assolada por uma tempestade na \u00faltima quarta-feira, dia 6 de fevereiro. As chuvas de ver\u00e3o foram &#8220;<a href=\"http:\/\/bit.ly\/2GeU6Zv\" target=\"_blank\" rel=\"noopener\">uma coisa inesperada<\/a>&#8221; e consistiram de &#8220;<a href=\"http:\/\/bit.ly\/2GeU6Zv\" target=\"_blank\" rel=\"noopener\">surpreendentemente [&#8230;] uma grande quantidade de \u00e1gua<\/a>&#8221; para o prefeito,\u00a0<a href=\"http:\/\/bit.ly\/2cIlnDw\" target=\"_blank\" rel=\"noopener\">Marcelo Crivella<\/a>.<\/p>\n<p>Se ano passado o prefeito estava <a href=\"https:\/\/glo.bo\/2uRcHG7\" target=\"_blank\" rel=\"noopener\">em viagem pol\u00eamica \u00e0 Europa<\/a>\u00a0e\u00a0<a href=\"http:\/\/bit.ly\/2GEkRqW\" target=\"_blank\" rel=\"noopener\">acompanhando a situa\u00e7\u00e3o \u00e0 dist\u00e2ncia<\/a>,\u00a0<a href=\"https:\/\/glo.bo\/2Hh8oqk\" target=\"_blank\" rel=\"noopener\">fazendo at\u00e9 piada<\/a> com um suposto &#8220;Balsa Fam\u00edlia&#8221;, esse ano o prefeito prontamente <a href=\"http:\/\/bit.ly\/2GeU6Zv\" target=\"_blank\" rel=\"noopener\">deslocou-se para a Niemeyer<\/a>, rodovia que liga a <a href=\"http:\/\/bit.ly\/1mNsDyk\" target=\"_blank\" rel=\"noopener\">Zona Sul<\/a> \u00e0 <a href=\"http:\/\/bit.ly\/11tBmFR\" target=\"_blank\" rel=\"noopener\">Zona Oeste<\/a>, onde deslizamentos atingiram um \u00f4nibus, matando duas pessoas, e onde trechos da ciclovia Tim Maia, <a href=\"http:\/\/bit.ly\/2tb1YCP\" target=\"_blank\" rel=\"noopener\">inspecionada pessoalmente pelo prefeito ha menos de duas semanas<\/a>, <a href=\"http:\/\/bit.ly\/2TDgRtd\" target=\"_blank\" rel=\"noopener\">vieram abaixo<\/a>.<\/p>\n<p><a href=\"http:\/\/rioonwatch.org.br\/wp-content\/uploads\/2019\/02\/ciclovia-tim-maia-Imagem-Reprodu\u00e7\u00e3o-Band.png\"><img fetchpriority=\"high\" decoding=\"async\" class=\"aligncenter wp-image-38801 size-medium\" title=\"Trecho destru\u00eddo da Ciclovia Tim Maia -Imagem Reprodu\u00e7\u00e3o Band\" src=\"http:\/\/rioonwatch.org.br\/wp-content\/uploads\/2019\/02\/ciclovia-tim-maia-Imagem-Reprodu\u00e7\u00e3o-Band-620x410.png\" alt=\"\" width=\"620\" height=\"410\" srcset=\"https:\/\/rioonwatch.org.br\/wp-content\/uploads\/2019\/02\/ciclovia-tim-maia-Imagem-Reprodu\u00e7\u00e3o-Band-620x410.png 620w, https:\/\/rioonwatch.org.br\/wp-content\/uploads\/2019\/02\/ciclovia-tim-maia-Imagem-Reprodu\u00e7\u00e3o-Band-399x264.png 399w, https:\/\/rioonwatch.org.br\/wp-content\/uploads\/2019\/02\/ciclovia-tim-maia-Imagem-Reprodu\u00e7\u00e3o-Band-768x508.png 768w, https:\/\/rioonwatch.org.br\/wp-content\/uploads\/2019\/02\/ciclovia-tim-maia-Imagem-Reprodu\u00e7\u00e3o-Band.png 898w\" sizes=\"(max-width: 620px) 100vw, 620px\" \/><\/a><\/p>\n<p>Diante disso, <a href=\"http:\/\/bit.ly\/2GeU6Zv\" target=\"_blank\" rel=\"noopener\">Crivella culpou a legisla\u00e7\u00e3o ambiental<\/a>: &#8220;Se tiv\u00e9ssemos vindo aqui na Niemeyer com os t\u00e9cnicos da Geo-Rio h\u00e1 tr\u00eas dias e eles dissessem que precisavam remover uma \u00e1rvore, certamente teriam problemas com o meio ambiente&#8221;. Al\u00e9m da culpabiliza\u00e7\u00e3o equivocada,\u00a0<span style=\"font-weight: 400;\">Crivella parece n\u00e3o ter consci\u00eancia de que\u00a0<a href=\"http:\/\/bit.ly\/2UQNgMX\" target=\"_blank\" rel=\"noopener\">\u00e1rvores s\u00e3o de fato a primeira defesa<\/a> da natureza <a href=\"http:\/\/bit.ly\/2SIykmL\" target=\"_blank\" rel=\"noopener\">contra deslizamentos<\/a> de terra.<\/span><\/p>\n<p><a href=\"http:\/\/rioonwatch.org.br\/wp-content\/uploads\/2019\/02\/niemeyer-WILTON-JUNIOR-ESTAD\u00c3O-CONTE\u00daDO.png\"><img decoding=\"async\" class=\"aligncenter wp-image-38803 size-medium\" title=\"\u00d4nibus soterrado na Av. Niemeyer. Foto por Wilton Junior\/Estad\u00e3o\" src=\"http:\/\/rioonwatch.org.br\/wp-content\/uploads\/2019\/02\/niemeyer-WILTON-JUNIOR-ESTAD\u00c3O-CONTE\u00daDO-620x412.png\" alt=\"\" width=\"620\" height=\"412\" srcset=\"https:\/\/rioonwatch.org.br\/wp-content\/uploads\/2019\/02\/niemeyer-WILTON-JUNIOR-ESTAD\u00c3O-CONTE\u00daDO-620x412.png 620w, https:\/\/rioonwatch.org.br\/wp-content\/uploads\/2019\/02\/niemeyer-WILTON-JUNIOR-ESTAD\u00c3O-CONTE\u00daDO-397x264.png 397w, https:\/\/rioonwatch.org.br\/wp-content\/uploads\/2019\/02\/niemeyer-WILTON-JUNIOR-ESTAD\u00c3O-CONTE\u00daDO-768x511.png 768w, https:\/\/rioonwatch.org.br\/wp-content\/uploads\/2019\/02\/niemeyer-WILTON-JUNIOR-ESTAD\u00c3O-CONTE\u00daDO.png 899w\" sizes=\"(max-width: 620px) 100vw, 620px\" \/><\/a><\/p>\n<p>J\u00e1 o novo governador do Rio, <a href=\"http:\/\/bit.ly\/2URrQPY\" target=\"_blank\" rel=\"noopener\">Wilson Witzel<\/a>,\u00a0<a href=\"http:\/\/bit.ly\/2UQ1U7o\" target=\"_blank\" rel=\"noopener\">culpou a prefeitura e a ocupa\u00e7\u00e3o desordenada de encostas<\/a>. A primeira certamente tem culpa: a verba empregada em a\u00e7\u00f5es de controle de enchentes foi de apenas R$14,5 milh\u00f5es em 2017, in\u00edcio da gest\u00e3o de Crivella, e R$66 milh\u00f5es em 2018,\u00a0<a href=\"https:\/\/abr.ai\/2RNXDiO\" target=\"_blank\" rel=\"noopener\">valor ainda quase 80% inferior ao empregado em 2014<\/a>\u00a0pela gest\u00e3o anterior (conforme tabela abaixo). E foram gastos em 2018 apenas R$35 milh\u00f5es dos R$265 milh\u00f5es autorizados pelo or\u00e7amento para a prote\u00e7\u00e3o de encostas, or\u00e7amento esse que para 2019 foi reduzido para R$72 milh\u00f5es.\u00a0<span style=\"font-weight: 400;\">Estes dados fazem parte de uma maior, desconcertante, tend\u00eancia: <a href=\"https:\/\/glo.bo\/2BseDG3\" target=\"_blank\" rel=\"noopener\">verbas p\u00fablicas para comunidades do Rio ca\u00edram 69% desde 2013<\/a>.<\/span><\/p>\n<p><a href=\"http:\/\/rioonwatch.org.br\/wp-content\/uploads\/2019\/02\/or\u00e7amento-enchente-veja.jpg\"><img loading=\"lazy\" decoding=\"async\" class=\"aligncenter wp-image-38805 size-medium\" src=\"http:\/\/rioonwatch.org.br\/wp-content\/uploads\/2019\/02\/or\u00e7amento-enchente-veja-620x413.jpg\" alt=\"\" width=\"620\" height=\"413\" srcset=\"https:\/\/rioonwatch.org.br\/wp-content\/uploads\/2019\/02\/or\u00e7amento-enchente-veja-620x413.jpg 620w, https:\/\/rioonwatch.org.br\/wp-content\/uploads\/2019\/02\/or\u00e7amento-enchente-veja-396x264.jpg 396w, https:\/\/rioonwatch.org.br\/wp-content\/uploads\/2019\/02\/or\u00e7amento-enchente-veja.jpg 650w\" sizes=\"(max-width: 620px) 100vw, 620px\" \/><\/a><\/p>\n<p>Por\u00e9m, a culpa colocada na &#8220;ocupa\u00e7\u00e3o desordenada&#8221; \u00e9 tradi\u00e7\u00e3o antiga, claramente equivocada. Essa tradi\u00e7\u00e3o consiste em tratar as favelas como problema e n\u00e3o <a href=\"http:\/\/bit.ly\/1uRzOcM\" target=\"_blank\" rel=\"noopener\">uma solu\u00e7\u00e3o para as quest\u00f5es<\/a>, dentre outras coisas, do d\u00e9ficit habitacional e das falhas da mobilidade urbana. No lugar de tratar como problema a neglig\u00eancia hist\u00f3rica do Estado e <a href=\"https:\/\/glo.bo\/2BseDG3\" target=\"_blank\" rel=\"noopener\">inefici\u00eancia na provis\u00e3o dos servi\u00e7os p\u00fablicos<\/a>, e de finalmente <a href=\"http:\/\/bit.ly\/JHwxqj\" target=\"_blank\" rel=\"noopener\">retirar o risco que assola a moradia<\/a> das pessoas, o governador, em tend\u00eancia <a href=\"http:\/\/bit.ly\/2tPJMzV\" target=\"_blank\" rel=\"noopener\">j\u00e1 sinalizada por Crivella<\/a>, insiste na necessidade de &#8220;<a href=\"http:\/\/bit.ly\/2WMvSeh\" target=\"_blank\" rel=\"noopener\">retirar as pessoas de \u00e1reas de alto risco<\/a>&#8220;.\u00a0De forma conveniente, ele ignora o fato de que as chuvas causaram estragos em lugares em que n\u00e3o h\u00e1 encostas, como Barra de Guaratiba, em bairros nobres da cidade, como o <a href=\"http:\/\/bit.ly\/2RPR3bi\" target=\"_blank\" rel=\"noopener\">Jardim Bot\u00e2nico<\/a>, e que a ocupa\u00e7\u00e3o das encostas n\u00e3o se d\u00e1 apenas por moradores de favelas, mas tamb\u00e9m por pessoas abastadas em casas luxuosas como ocorre na regi\u00e3o de <a href=\"http:\/\/rioonwatch.org.br\/?p=38617\" target=\"_blank\" rel=\"noopener\">S\u00e3o Conrado<\/a>, onde os deslizamentos aconteceram, como mostra a foto abaixo.<\/p>\n<p><a href=\"http:\/\/rioonwatch.org.br\/wp-content\/uploads\/2019\/02\/origem-deslizamento-niemeyer-Imagem-Luis-Kawaguti-UOL.png\"><img loading=\"lazy\" decoding=\"async\" class=\"aligncenter wp-image-38806 size-medium\" title=\"Origem do deslizamento que atingiu a Av. Niemeyer. Foto por Luis Kawaguti\/UOL\" src=\"http:\/\/rioonwatch.org.br\/wp-content\/uploads\/2019\/02\/origem-deslizamento-niemeyer-Imagem-Luis-Kawaguti-UOL-e1549652281474-620x455.png\" alt=\"\" width=\"620\" height=\"455\" srcset=\"https:\/\/rioonwatch.org.br\/wp-content\/uploads\/2019\/02\/origem-deslizamento-niemeyer-Imagem-Luis-Kawaguti-UOL-e1549652281474-620x455.png 620w, https:\/\/rioonwatch.org.br\/wp-content\/uploads\/2019\/02\/origem-deslizamento-niemeyer-Imagem-Luis-Kawaguti-UOL-e1549652281474-360x264.png 360w, https:\/\/rioonwatch.org.br\/wp-content\/uploads\/2019\/02\/origem-deslizamento-niemeyer-Imagem-Luis-Kawaguti-UOL-e1549652281474-768x563.png 768w, https:\/\/rioonwatch.org.br\/wp-content\/uploads\/2019\/02\/origem-deslizamento-niemeyer-Imagem-Luis-Kawaguti-UOL-e1549652281474.png 795w\" sizes=\"(max-width: 620px) 100vw, 620px\" \/><\/a><\/p>\n<p>Witzel prometeu um\u00a0programa chamado <a href=\"http:\/\/bit.ly\/2DI8vft\" target=\"_blank\" rel=\"noopener\">Comunidade Cidade<\/a> para atender as favelas mais atingidas pelas chuvas, nominalmente o Vidigal e a Rocinha. &#8220;A CEDAE vai alocar R$500 milh\u00f5es em recursos para que possamos abrir ruas com saneamento b\u00e1sico naquela regi\u00e3o, fazer a remo\u00e7\u00e3o das \u00e1reas mais criticas e contar com a colabora\u00e7\u00e3o da pr\u00f3pria comunidade para construir essas edifica\u00e7\u00f5es ao longo da Rocinha&#8221;, <a href=\"http:\/\/bit.ly\/2GvaWmc\" target=\"_blank\" rel=\"noopener\">disse o governador \u00e0 <em>Ag\u00eancia Brasil<\/em><\/a>.\u00a0Al\u00e9m disso, <a href=\"https:\/\/glo.bo\/2WVZ2HF\" target=\"_blank\" rel=\"noopener\">ele anunciou<\/a> uma reuni\u00e3o ainda esse m\u00eas da C\u00e2mara Metropolitana, que re\u00fane prefeitos de 22 munic\u00edpios do estado, para &#8220;achar \u00e1reas que possam ser feitas resid\u00eancias para fam\u00edlias de baixa renda que moram em \u00e1reas de risco&#8221;, em vez de coordenar esfor\u00e7os e a\u00e7\u00f5es de planejamento urbano entre os munic\u00edpios que reduzam o impacto das enchentes recorrentes e provejam moradia digna aos seus habitantes.<\/p>\n<p>Longe de culpada, a favela \u00e9 v\u00edtima das enchentes. Os maiores danos foram sentidos na Rocinha, <a href=\"https:\/\/glo.bo\/2DlpEZK\" target=\"_blank\" rel=\"noopener\">onde uma mulher morreu v\u00edtima de um deslizamento de terra<\/a>, e no <a href=\"http:\/\/bit.ly\/2vXKj2m\" target=\"_blank\" rel=\"noopener\">Vidigal<\/a>, onde a queda de um muro vitimou uma mulher, e seis pessoas feridas por desabamento de casas e deslizamento de terras foram resgatadas por um helic\u00f3ptero do corpo de bombeiros. No <a href=\"http:\/\/bit.ly\/ZC9b6z\" target=\"_blank\" rel=\"noopener\">Complexo de Manguinhos<\/a>, o transbordamento do <a href=\"http:\/\/bit.ly\/2zbNBj9\" target=\"_blank\" rel=\"noopener\">Canal do Cunha<\/a> impossibilitava a circula\u00e7\u00e3o. J\u00e1 em <a href=\"http:\/\/bit.ly\/13ZsHgY\" target=\"_blank\" rel=\"noopener noreferrer\">Acari<\/a>, a \u00e1gua na altura dos pneus n\u00e3o impossibilitou o Caveir\u00e3o de circular, <a href=\"http:\/\/bit.ly\/2TLHeNm\" target=\"_blank\" rel=\"noopener\">conforme registrou<\/a> o <a href=\"http:\/\/bit.ly\/2Dx68rd\" target=\"_blank\" rel=\"noopener\">Coletivo Fala Akari<\/a>.<\/p>\n<p><a href=\"http:\/\/rioonwatch.org.br\/wp-content\/uploads\/2019\/02\/manguinhos.jpg\"><img loading=\"lazy\" decoding=\"async\" class=\"aligncenter wp-image-38812 size-medium\" title=\"Rua alagada em Manguinhos.\" src=\"http:\/\/rioonwatch.org.br\/wp-content\/uploads\/2019\/02\/manguinhos-620x349.jpg\" alt=\"\" width=\"620\" height=\"349\" srcset=\"https:\/\/rioonwatch.org.br\/wp-content\/uploads\/2019\/02\/manguinhos-620x349.jpg 620w, https:\/\/rioonwatch.org.br\/wp-content\/uploads\/2019\/02\/manguinhos-469x264.jpg 469w, https:\/\/rioonwatch.org.br\/wp-content\/uploads\/2019\/02\/manguinhos-580x326.jpg 580w, https:\/\/rioonwatch.org.br\/wp-content\/uploads\/2019\/02\/manguinhos-174x98.jpg 174w, https:\/\/rioonwatch.org.br\/wp-content\/uploads\/2019\/02\/manguinhos.jpg 696w\" sizes=\"(max-width: 620px) 100vw, 620px\" \/><\/a><\/p>\n<p>J\u00e1 no\u00a0<a href=\"http:\/\/bit.ly\/U0MiGm\" target=\"_blank\" rel=\"noopener\">Complexo do Alem\u00e3o<\/a>, na localidade do\u00a0<a href=\"http:\/\/bit.ly\/21Aw5hK\" target=\"_blank\" rel=\"noopener\">Morro do Adeus<\/a>, um cabo energizado do telef\u00e9rico (que encontra-se fora de funcionamento desde 2016)\u00a0<a href=\"http:\/\/bit.ly\/2TJ3PKR\" target=\"_blank\" rel=\"noopener\">caiu pela segunda vez<\/a>\u2014a primeira havia sido em 2013, quando ainda estava em funcionamento\u2014devido aos ventos fortes, que chegaram a mais de 100 km\/h, deixando um morador ferido. Diversas comunidades est\u00e3o sem o fornecimento normal de luz\u2014<a href=\"http:\/\/bit.ly\/2TEGUAa\" target=\"_blank\" rel=\"noopener\">no Alem\u00e3o, o problema \u00e9 anterior \u00e0s chuvas e j\u00e1 dura seis dias<\/a>. Outras duas mortes aconteceram em\u00a0Barra de Guaratiba,\u00a0<a href=\"http:\/\/bit.ly\/11tBmFR\" target=\"_blank\" rel=\"noopener\">Zona Oeste<\/a>\u00a0da cidade, onde o\u00a0<a href=\"http:\/\/bit.ly\/2GtCp7Q\" target=\"_blank\" rel=\"noopener\">desabamento de \u00e1rvores sobre uma casa<\/a> soterrou uma m\u00e3e e um filho.<\/p>\n<p><a href=\"http:\/\/rioonwatch.org.br\/wp-content\/uploads\/2019\/02\/Guaratiba-Ricardo-Moraes-Reuters.png\"><img loading=\"lazy\" decoding=\"async\" class=\"aligncenter wp-image-38802 size-medium\" title=\"Casa atingida em Barra de Guaratiba. Foto Ricardo Moraes\/Reuters\" src=\"http:\/\/rioonwatch.org.br\/wp-content\/uploads\/2019\/02\/Guaratiba-Ricardo-Moraes-Reuters-620x416.png\" alt=\"\" width=\"620\" height=\"416\" srcset=\"https:\/\/rioonwatch.org.br\/wp-content\/uploads\/2019\/02\/Guaratiba-Ricardo-Moraes-Reuters-620x416.png 620w, https:\/\/rioonwatch.org.br\/wp-content\/uploads\/2019\/02\/Guaratiba-Ricardo-Moraes-Reuters-394x264.png 394w, https:\/\/rioonwatch.org.br\/wp-content\/uploads\/2019\/02\/Guaratiba-Ricardo-Moraes-Reuters-768x515.png 768w, https:\/\/rioonwatch.org.br\/wp-content\/uploads\/2019\/02\/Guaratiba-Ricardo-Moraes-Reuters.png 896w\" sizes=\"(max-width: 620px) 100vw, 620px\" \/><\/a><\/p>\n<h3>Resgate no Vidigal<\/h3>\n<p>Uma das resgatadas de helic\u00f3ptero pelos bombeiros no Vidigal foi Thalita, de 21 anos, que estava com seu filho Bernardo, de apenas tr\u00eas meses, quando a \u00e1gua come\u00e7ou a entrar\u00a0pela janela da casa onde Thalita mora e a arrombou.\u00a0Wellington, pai do Bernardo, conta que quando a casa come\u00e7ou a encher, ela enrolou Bernardo em um cobertor e levou ele para a casa de cima: &#8220;Alguns minutos depois dela levar ele para a casa de cima e a av\u00f3 da Talita tamb\u00e9m subir, rolou uma pedra pelo morro e caiu no meio da sala, entre todo mundo, imprensando elas na parede. Tiveram v\u00e1rios estilha\u00e7os, de cabos, de tijolos. Feriu ela, a irm\u00e3zinha dela, a av\u00f3. Por esse rombo feito atrav\u00e9s da pedra o nosso vizinho colocou uma escada para ajudar a resgatar todo mundo e a Thalita e os mais feridos foram levados de helic\u00f3ptero para um hospital&#8221;.<\/p>\n<p><a href=\"http:\/\/rioonwatch.org.br\/wp-content\/uploads\/2019\/02\/WhatsApp-Image-2019-02-08-at-15.43.08-e1549651881598.jpeg\"><img loading=\"lazy\" decoding=\"async\" class=\"aligncenter wp-image-38808 size-medium\" title=\"Deslizamento no Vidigal.\" src=\"http:\/\/rioonwatch.org.br\/wp-content\/uploads\/2019\/02\/WhatsApp-Image-2019-02-08-at-15.43.08-e1549651881598-620x414.jpeg\" alt=\"\" width=\"620\" height=\"414\" srcset=\"https:\/\/rioonwatch.org.br\/wp-content\/uploads\/2019\/02\/WhatsApp-Image-2019-02-08-at-15.43.08-e1549651881598-620x414.jpeg 620w, https:\/\/rioonwatch.org.br\/wp-content\/uploads\/2019\/02\/WhatsApp-Image-2019-02-08-at-15.43.08-e1549651881598-395x264.jpeg 395w, https:\/\/rioonwatch.org.br\/wp-content\/uploads\/2019\/02\/WhatsApp-Image-2019-02-08-at-15.43.08-e1549651881598.jpeg 712w\" sizes=\"(max-width: 620px) 100vw, 620px\" \/><\/a><\/p>\n<p>Wellington estava na Floricultura onde trabalha no momento do incidente e seu amigo falou que algumas casas haviam desabado em uma \u00e1rea do Vidigal conhecida como Jaqueira. Com os acessos ao Vidigal fechados e com os deslizamentos ele sabia que n\u00e3o tinha como ir \u00e0 casa de Thalita. &#8220;Estava tudo um breu, ningu\u00e9m enxergava muita coisa.\u00a0Se eu estivesse presente, seria mais uma v\u00edtima fatal deste desastre pois n\u00e3o ia conseguir ficar de m\u00e3os atadas com um vizinho pedindo socorro&#8221;.<\/p>\n<p><a href=\"http:\/\/rioonwatch.org.br\/wp-content\/uploads\/2019\/02\/WhatsApp-Image-2019-02-07-at-23.43.23-e1549651835368.jpeg\"><img loading=\"lazy\" decoding=\"async\" class=\"aligncenter wp-image-38809 size-medium\" title=\"Wellington, Thalita e Bernado, filho do casal.\" src=\"http:\/\/rioonwatch.org.br\/wp-content\/uploads\/2019\/02\/WhatsApp-Image-2019-02-07-at-23.43.23-e1549651835368-620x558.jpeg\" alt=\"\" width=\"620\" height=\"558\" srcset=\"https:\/\/rioonwatch.org.br\/wp-content\/uploads\/2019\/02\/WhatsApp-Image-2019-02-07-at-23.43.23-e1549651835368-620x558.jpeg 620w, https:\/\/rioonwatch.org.br\/wp-content\/uploads\/2019\/02\/WhatsApp-Image-2019-02-07-at-23.43.23-e1549651835368-294x264.jpeg 294w, https:\/\/rioonwatch.org.br\/wp-content\/uploads\/2019\/02\/WhatsApp-Image-2019-02-07-at-23.43.23-e1549651835368-768x691.jpeg 768w, https:\/\/rioonwatch.org.br\/wp-content\/uploads\/2019\/02\/WhatsApp-Image-2019-02-07-at-23.43.23-e1549651835368.jpeg 865w\" sizes=\"(max-width: 620px) 100vw, 620px\" \/><\/a><\/p>\n<p>Ainda sem not\u00edcias dela e do filho, Wellington procurou ficar tranquilo e preparar-se para busc\u00e1-los no dia seguinte. Na manh\u00e3 seguinte, decidiu ir at\u00e9 o Vidigal, mas foi impedido de prosseguir pela Defesa Civil. &#8220;Desbravei a descida pelas pedras at\u00e9 ter acesso a sa\u00edda da prainha&#8221;, disse ele, mostrando como conseguiu subir o morro. &#8220;Agora me sinto na obriga\u00e7\u00e3o de ajudar toda a fam\u00edlia a se reerguer&#8221;, disse o jovem de 23 anos, que recentemente foi vice-campe\u00e3o da primeira edi\u00e7\u00e3o do\u00a0<a href=\"http:\/\/bit.ly\/2Ggzos7\" target=\"_blank\" rel=\"noopener\">Desafio Seu Amanh\u00e3<\/a>, voltado para o compartilhamento de conhecimentos e oportunidades para jovens de favelas.\u00a0Wellington criou uma <a href=\"http:\/\/bit.ly\/2MZgWET\" target=\"_blank\" rel=\"noopener\">vakinha online<\/a> para arrecadar apoios para a reconstru\u00e7\u00e3o.<\/p>\n<p>Ele pretende fazer isso n\u00e3o s\u00f3 com seu trabalho na floricultura, mas com o seu sonho de ter uma empresa que ajude os jovens a fazer arte e cultura. &#8220;Na inf\u00e2ncia eu n\u00e3o pude ser ator. Meu pai j\u00e1 me avisava que era quase imposs\u00edvel na Baixada&#8221;, diz Wellington, que cresceu em Jardim Metr\u00f3poles, <a href=\"http:\/\/bit.ly\/2TAUGUw\" target=\"_blank\" rel=\"noopener\">S\u00e3o Jo\u00e3o de Meriti<\/a>. &#8220;Ent\u00e3o n\u00e3o quero que outras crian\u00e7as percam os seus sonhos por n\u00e3o terem o dinheiro da passagem,\u00a0n\u00e3o quero que os novos MCs n\u00e3o participem das rodas culturais por n\u00e3o terem dinheiro para se locomover e comer&#8221;.<\/p>\n<h3>Cobertura alternativa na Rocinha<\/h3>\n<p>O jornalista e morador da Rocinha Michel Silva fez uma s\u00e9rie de relatos em suas redes sociais sobre a situa\u00e7\u00e3o no local. \u00c0s 2:36h da manh\u00e3, <a href=\"http:\/\/bit.ly\/2TFknmO\" target=\"_blank\" rel=\"noopener\">postou<\/a>:<\/p>\n<blockquote><p>Estou caminhando agora na Rocinha. Muitos moradores perderam m\u00f3veis, os comerciantes est\u00e3o limpando lojas e s\u00e3o v\u00e1rios rastros de destrui\u00e7\u00e3o nos becos. Uma mo\u00e7a morreu soterrada na parte alta do morro. <a href=\"http:\/\/bit.ly\/2GfLGRv\" target=\"_blank\" rel=\"noopener\">O homem carregado pela \u00e1gua<\/a> sobreviveu e ainda h\u00e1 outros pontos com amea\u00e7a de deslizamento.<\/p><\/blockquote>\n<p>J\u00e1 na manh\u00e3 seguinte, <a href=\"http:\/\/bit.ly\/2teKDIZ\" target=\"_blank\" rel=\"noopener\">fez alguns balan\u00e7os dos estragos<\/a>:<\/p>\n<blockquote><p>Estou desde 5:00h da madrugada nas ruas. T\u00eam deslizamentos em pelo menos 4 localidades da Rocinha. O mais grave foi na Dioneia, na parte alta da Rocinha, onde uma casa foi engolida pelo barro. Os moradores sa\u00edram com a \u00e1gua no pesco\u00e7o. Alguns barracos de madeira foram atingidos pr\u00f3ximo a encosta do Morro Dois Irm\u00e3os, n\u00e3o h\u00e1 feridos. Tem um rastro de destrui\u00e7\u00e3o pela Estrada da G\u00e1vea. Centenas de casas est\u00e3o sem energia el\u00e9trica e sem previs\u00e3o de retorno. H\u00e1 relatos de muitas casas que foram alagadas.<\/p><\/blockquote>\n<p><a href=\"http:\/\/rioonwatch.org.br\/wp-content\/uploads\/2019\/02\/fala-ro\u00e7a-rocinha.jpg\"><img loading=\"lazy\" decoding=\"async\" class=\"aligncenter wp-image-38813 size-content\" title=\"Rocinha ap\u00f3s a chuva. Foto da p\u00e1gina Jornal Fala Ro\u00e7a no Facebook\" src=\"http:\/\/rioonwatch.org.br\/wp-content\/uploads\/2019\/02\/fala-ro\u00e7a-rocinha-620x264.jpg\" alt=\"\" width=\"620\" height=\"264\" srcset=\"https:\/\/rioonwatch.org.br\/wp-content\/uploads\/2019\/02\/fala-ro\u00e7a-rocinha-620x264.jpg 620w, https:\/\/rioonwatch.org.br\/wp-content\/uploads\/2019\/02\/fala-ro\u00e7a-rocinha-940x400.jpg 940w\" sizes=\"(max-width: 620px) 100vw, 620px\" \/><\/a><\/p>\n<p>No final da tarde no dia seguinte pela manh\u00e3, Michel\u00a0<a href=\"http:\/\/bit.ly\/2MXJAqa\" target=\"_blank\" rel=\"noopener\">continuou a den\u00fancia<\/a>:<\/p>\n<blockquote><p>A Defesa Civil tem apenas uma equipe atuando na Rocinha. Favela mais atingida pelo temporal e com v\u00e1rios pontos de deslizamentos. A pr\u00f3xima chuva que vier vai piorar a situa\u00e7\u00e3o das encostas. \u00c9 muito barro. Muitas \u00e1rvores precisam de poda e muitas fam\u00edlias est\u00e3o desassistidas por \u00f3rg\u00e3os p\u00fablicos assistenciais. Se nada for feito, a trag\u00e9dia j\u00e1 est\u00e1 anunciada.<\/p><\/blockquote>\n<p><a href=\"http:\/\/rioonwatch.org.br\/wp-content\/uploads\/2019\/02\/barro-rocinha-R7.jpg\"><img loading=\"lazy\" decoding=\"async\" class=\"aligncenter wp-image-38814 size-content\" title=\"Ruas tomadas por barro na Rocinha. Foto: R7.\" src=\"http:\/\/rioonwatch.org.br\/wp-content\/uploads\/2019\/02\/barro-rocinha-R7-620x264.jpg\" alt=\"\" width=\"620\" height=\"264\" \/><\/a><\/p>\n<p>Moradores relataram que n\u00e3o conseguiram sair para trabalhar ou para levar os filhos para a escola. Muitos passaram o dia <a href=\"https:\/\/glo.bo\/2IeiKvh\" target=\"_blank\" rel=\"noopener\">retirando a lama<\/a>, o lixo e os escombros das casas e os <a href=\"https:\/\/glo.bo\/2IeiKvh\" target=\"_blank\" rel=\"noopener\">eletrodom\u00e9sticos<\/a>, <a href=\"https:\/\/glo.bo\/2Gg5jsT\" target=\"_blank\" rel=\"noopener\">motos<\/a> e carros que haviam sido arrastados pelas chuvas. Uma moradora relatou ter que quebrar o muro da sua casa para que a \u00e1gua escoasse de dentro.\u00a0<a href=\"http:\/\/bit.ly\/2HTfTaG\" target=\"_blank\" rel=\"noopener\">Garis e agentes socioambientais<\/a> do projeto <a href=\"http:\/\/bit.ly\/2UIrTxg\">De Olho no Lixo<\/a> refor\u00e7avam as a\u00e7\u00f5es dos moradores.<\/p>\n<p><a href=\"http:\/\/rioonwatch.org.br\/wp-content\/uploads\/2019\/02\/rocinha-em-foco.jpg\"><img loading=\"lazy\" decoding=\"async\" class=\"aligncenter wp-image-38824 size-medium\" title=\"Lixo na Rocinha. Foto: Rocinha em Foco.\" src=\"http:\/\/rioonwatch.org.br\/wp-content\/uploads\/2019\/02\/rocinha-em-foco-301x620.jpg\" alt=\"\" width=\"301\" height=\"620\" srcset=\"https:\/\/rioonwatch.org.br\/wp-content\/uploads\/2019\/02\/rocinha-em-foco-301x620.jpg 301w, https:\/\/rioonwatch.org.br\/wp-content\/uploads\/2019\/02\/rocinha-em-foco-128x264.jpg 128w, https:\/\/rioonwatch.org.br\/wp-content\/uploads\/2019\/02\/rocinha-em-foco.jpg 466w\" sizes=\"(max-width: 301px) 100vw, 301px\" \/><\/a><\/p>\n<p>Diante de imagens de muito lixo nas ruas ap\u00f3s as chuvas, muitos moradores manifestaram-se acerca da educa\u00e7\u00e3o dos vizinhos que n\u00e3o fazem o descarte correto do material. Na <a href=\"http:\/\/bit.ly\/2BBNsbZ\" target=\"_blank\" rel=\"noopener\">p\u00e1gina do <em>Rocinha em Foco<\/em><\/a>, uma moradora se posicionou a respeito:<\/p>\n<blockquote><p>Gente, a culpa \u00e9 do govern\u00e3o a partir do momento q n\u00e3o existe tratamento de lixo, saneamento b\u00e1sico e sistema de esgoto decente. A popula\u00e7\u00e3o n\u00e3o tem aonde por o lixo.<br \/>\nTemos q ter consci\u00eancia e perceber q sem conscientiza\u00e7\u00e3o ningu\u00e9m vai saber o q fazer. O prefeito abandonou essa cidade. Se realmente tivessem interessado em resolver, teriam colocado um sistema de recolhimento de lixo. Mas pro Crivella <a href=\"http:\/\/bit.ly\/2fhyVEk\" target=\"_blank\" rel=\"noopener\">pobre s\u00f3 serve pra pagar imposto<\/a>.<\/p><\/blockquote>\n<p>Outra reclamou:<\/p>\n<blockquote><p>Mas, gente!? Vcs jogam o lixo onde, ent\u00e3o??? Na minha rua n\u00e3o tem NENHUM local decente para isso. Se n\u00e3o for na rua \u00e9 ficar esperando a Comlurb passar e entrega em m\u00e3os para os garis, por\u00e9m tenho que trabalha, n\u00e9?!<\/p><\/blockquote>\n<p><a href=\"http:\/\/rioonwatch.org.br\/wp-content\/uploads\/2019\/02\/lixo-rocinha.jpg\"><img loading=\"lazy\" decoding=\"async\" class=\"aligncenter wp-image-38828 size-medium\" src=\"http:\/\/rioonwatch.org.br\/wp-content\/uploads\/2019\/02\/lixo-rocinha-349x620.jpg\" alt=\"\" width=\"349\" height=\"620\" srcset=\"https:\/\/rioonwatch.org.br\/wp-content\/uploads\/2019\/02\/lixo-rocinha-349x620.jpg 349w, https:\/\/rioonwatch.org.br\/wp-content\/uploads\/2019\/02\/lixo-rocinha-149x264.jpg 149w, https:\/\/rioonwatch.org.br\/wp-content\/uploads\/2019\/02\/lixo-rocinha.jpg 540w\" sizes=\"(max-width: 349px) 100vw, 349px\" \/><\/a><\/p>\n<p>Diante disso, uma rep\u00f3rter do <em><a href=\"http:\/\/bit.ly\/2SEfJrQ\" target=\"_blank\" rel=\"noopener\">Voz das Comunidades<\/a>\u00a0<\/em>fez <a href=\"http:\/\/bit.ly\/2SEfJrQ\" target=\"_blank\" rel=\"noopener\">um apelo<\/a> aos usu\u00e1rios das redes sociais:<\/p>\n<blockquote><p>AMIGXS COMUNICADORES DO RIO DE JANEIRO!<\/p>\n<p>Bora noticiar e compartilhar tudo que est\u00e1 acontecendo na Rocinha e no Vidigal, cobrar as autoridades e ajudar os moradores dessas favelas. Pessoas perderam suas casas, algumas morreram, tem muito entulho e lama nas ruas&#8230; E AT\u00c9 RISCO DE DUAS PEDRAS ENORMES CA\u00cdREM NAS CASAS DE MORADORES DO VIDIGAL.<\/p>\n<p>Redes sociais de pessoas que voc\u00eas podem entrar em contato e acompanhar tudo que est\u00e1 acontecendo nas duas favelas:\u00a0<a class=\"profileLink\" href=\"https:\/\/www.facebook.com\/eduardo.carvalho.942?__tn__=%2CdK-R-R&amp;eid=ARDtwS3C74mkKce941qeE70SPx00LdtSyIv7y4GCYZWpKYDcZSaAX6WxMv66sQmtP1Spj_v479gNyyqi&amp;fref=mentions\" data-hovercard=\"\/ajax\/hovercard\/user.php?id=100002215754427&amp;extragetparams=%7B%22__tn__%22%3A%22%2CdK-R-R%22%2C%22eid%22%3A%22ARDtwS3C74mkKce941qeE70SPx00LdtSyIv7y4GCYZWpKYDcZSaAX6WxMv66sQmtP1Spj_v479gNyyqi%22%2C%22fref%22%3A%22mentions%22%7D\" data-hovercard-prefer-more-content-show=\"1\">Edu Carvalho<\/a>,\u00a0<a class=\"profileLink\" href=\"https:\/\/www.facebook.com\/micheleps89?__tn__=%2CdK-R-R&amp;eid=ARATEIXvYZAGy9H6I-4baYk9J9i1U0kanhrpT9ImFSK_4w5jPjh1kW1UAmx3zEdVgQwgGqvMjydzf8up&amp;fref=mentions\" data-hovercard=\"\/ajax\/hovercard\/user.php?id=100002164055471&amp;extragetparams=%7B%22__tn__%22%3A%22%2CdK-R-R%22%2C%22eid%22%3A%22ARATEIXvYZAGy9H6I-4baYk9J9i1U0kanhrpT9ImFSK_4w5jPjh1kW1UAmx3zEdVgQwgGqvMjydzf8up%22%2C%22fref%22%3A%22mentions%22%7D\" data-hovercard-prefer-more-content-show=\"1\">Michele Silva<\/a>,\u00a0<a class=\"profileLink\" href=\"https:\/\/www.facebook.com\/michelsrn?__tn__=%2CdK-R-R&amp;eid=ARCdn-Eb8rjDw180bzeIHHGCQ8PNY-9b3iTw6tnWQ9USeoY1F_bUmFy4A9vd6OqbbSmx3bNH2jQHDOan&amp;fref=mentions\" data-hovercard=\"\/ajax\/hovercard\/user.php?id=100001840208549&amp;extragetparams=%7B%22__tn__%22%3A%22%2CdK-R-R%22%2C%22eid%22%3A%22ARCdn-Eb8rjDw180bzeIHHGCQ8PNY-9b3iTw6tnWQ9USeoY1F_bUmFy4A9vd6OqbbSmx3bNH2jQHDOan%22%2C%22fref%22%3A%22mentions%22%7D\" data-hovercard-prefer-more-content-show=\"1\">Michel Silva<\/a>\u00a0e\u00a0<a class=\"profileLink\" href=\"https:\/\/www.facebook.com\/profile.php?id=100003975705348&amp;__tn__=%2CdK-R-R&amp;eid=ARDO6hc1bWsVTkV3lSvJE4qhtc8TPPad80K5DsyeFWy6k_8Mz82YmRbkbtjytp4FO4jfKDdLq8Zut2jR&amp;fref=mentions\" data-hovercard=\"\/ajax\/hovercard\/user.php?id=100003975705348&amp;extragetparams=%7B%22__tn__%22%3A%22%2CdK-R-R%22%2C%22eid%22%3A%22ARDO6hc1bWsVTkV3lSvJE4qhtc8TPPad80K5DsyeFWy6k_8Mz82YmRbkbtjytp4FO4jfKDdLq8Zut2jR%22%2C%22fref%22%3A%22mentions%22%7D\" data-hovercard-prefer-more-content-show=\"1\">Roberta Rodrigues<\/a>.<\/p><\/blockquote>\n<p><strong>FORMUL\u00c1RIO PARA DOA\u00c7\u00c3O DE M\u00d3VEIS E UTENS\u00cdLIOS<\/strong><\/p>\n<p><a href=\"http:\/\/www.bit.ly\/chuvasrocinha\" target=\"_blank\" rel=\"noopener\">Preencha este formul\u00e1rio<\/a> e seus organizadores far\u00e3o o poss\u00edvel para conectar voc\u00ea com uma pessoa que vai amar receber sua doa\u00e7\u00e3o.<\/p>\n<p><strong>PONTOS DE ARRECADA\u00c7\u00c3O NA ROCINHA<\/strong><\/p>\n<p>&#x1f4cd; Igreja Batista<br \/>\nEstrada da G\u00e1vea, n\u00b0 436, telefone 2420-4743<br \/>\nLocalizado em frente aos pr\u00e9dios do PAC. Recolhendo doa\u00e7\u00f5es de \u00e1gua, alimentos n\u00e3o perec\u00edveis, produtos de higiene pessoal e de limpeza para os moradores atingidos, al\u00e9m de aceitar volunt\u00e1rios para ajudar pessoalmente na limpeza das casas. Sem hor\u00e1rios definidos.<\/p>\n<p>&#x1f4cd; Pizza Lit<br \/>\nLocalizado na Curva do S.<br \/>\nA partir das 17h.<\/p>\n<p>&#x1f4cd; Dep\u00f3sito Viniciu&#8217;s<br \/>\nLocalizado na Roupa Suja.<br \/>\nA partir da 12h.<\/p>\n<p><strong>PONTO DE ARRECADA\u00c7\u00c3O NO VIDIGAL<\/strong><\/p>\n<p>&#x1f4cd; Doa\u00e7\u00f5es na Associa\u00e7\u00e3o de Moradores: Av. Presidente Jo\u00e3o Goulart, 737 &#8211; Os motoboys tamb\u00e9m est\u00e3o ajudando<\/p>\n<p><strong>PONTOS DE ARRECADA\u00c7\u00c3O FORA DA ROCINHA<\/strong><\/p>\n<p>At\u00e9 o primeiro momento, temos confirmado quatros locais que est\u00e3o recebendo doa\u00e7\u00f5es FORA da comunidade para os moradores da Rocinha, confira abaixo:<\/p>\n<p>&#x1f4cd; Oi Kabum Lab &#8211; localizado no Centro.<br \/>\nR. Benedito Hip\u00f3lito, 125<br \/>\n3\u00b0 Andar &#8211; em frente ao Terreir\u00e3o do Samba.<\/p>\n<p>&#x1f4cd; Cultura Inglesa &#8211; localizado no Jardim Bot\u00e2nico.<br \/>\nRua Saturnino de Brito, 74<\/p>\n<p>&#x1f4cd; Associa\u00e7\u00e3o de Funcion\u00e1rios da PUC &#8211; localizado na G\u00e1vea.<br \/>\nRua Marqu\u00eas de S\u00e3o Vicente, 225<\/p>\n<p>&#x1f4cd; Autoescola S\u00e3o Conrado<br \/>\nEstrada da G\u00e1vea, 847 &#8211; Loja C<\/p>\n<!-- AddThis Advanced Settings generic via filter on the_content --><!-- AddThis Share Buttons generic via filter on the_content -->","protected":false},"excerpt":{"rendered":"<div class=\"mh-excerpt\"><p>\u00a0Click Here for English Um ano e um dia ap\u00f3s o in\u00edcio das chuvas de ver\u00e3o de 2018, a cidade do Rio de Janeiro foi assolada por uma tempestade na \u00faltima quarta-feira, dia 6 de <a class=\"mh-excerpt-more\" href=\"https:\/\/rioonwatch.org.br\/?p=38783\" title=\"Como Crivella e Witzel Responderam \u00e0 Chuva no Rio e como Moradores a Viveram\">[&#8230;]<\/a><!-- AddThis Advanced Settings generic via filter on get_the_excerpt --><!-- AddThis Share Buttons generic via filter on get_the_excerpt --><\/p>\n<\/div>","protected":false},"author":152,"featured_media":38826,"comment_status":"closed","ping_status":"closed","sticky":false,"template":"","format":"standard","meta":{"_acf_changed":false,"_monsterinsights_skip_tracking":false,"_monsterinsights_sitenote_active":false,"_monsterinsights_sitenote_note":"","_monsterinsights_sitenote_category":0,"footnotes":""},"categories":[2089,1621,346,1631,1388,1613,344,1639],"tags":[911,592,959,2586,620,11,1853,623,217,1530,734,635,636,1982,2057,1466,1719,417,427,16,2369,112,354,2560,218,184,383],"writer":[1994],"translator":[],"source":[],"ilustrador":[],"fotografo":[],"class_list":{"0":"post-38783","1":"post","2":"type-post","3":"status-publish","4":"format-standard","5":"has-post-thumbnail","7":"category-monitoramento","8":"category-destaque","9":"category-denuncias","10":"category-entendendo-o-rio","11":"category-formas-de-apoiar","12":"category-midia-comunitaria","13":"category-politicas","14":"category-sustentabilidade","15":"tag-area-de-risco","16":"tag-acari","17":"tag-baixada-fluminense","18":"tag-barra-de-guaratiba","19":"tag-cedae","20":"tag-chuvas","21":"tag-ciclovia","22":"tag-comlurb","23":"tag-complexo-do-alemao","24":"tag-midia-comunitaria","25":"tag-jardim-botanico","26":"tag-light","27":"tag-manguinhos","28":"tag-marcelo-crivella","29":"tag-midia-alternativa","30":"tag-morro-do-adeus","31":"tag-mudancas-climaticas","32":"tag-negligencia-do-estado","33":"tag-risco-de-deslizamento","34":"tag-rocinha","35":"tag-sao-conrado","36":"tag-sao-joao-de-meriti","37":"tag-vidigal","38":"tag-wilson-witzel","39":"tag-zona-norte","40":"tag-zona-oeste","41":"tag-zona-sul","42":"writer-luisa-fenizola"},"acf":[],"yoast_head":"<!-- This site is optimized with the Yoast SEO plugin v25.6 - https:\/\/yoast.com\/wordpress\/plugins\/seo\/ -->\n<title>Como Crivella e Witzel Responderam \u00e0 Chuva no Rio e como Moradores a Viveram - RioOnWatch<\/title>\n<meta name=\"robots\" content=\"index, follow, max-snippet:-1, max-image-preview:large, max-video-preview:-1\" \/>\n<link rel=\"canonical\" href=\"https:\/\/rioonwatch.org.br\/?p=38783\" \/>\n<meta property=\"og:locale\" content=\"pt_BR\" \/>\n<meta property=\"og:type\" content=\"article\" \/>\n<meta property=\"og:title\" content=\"Como Crivella e Witzel Responderam \u00e0 Chuva no Rio e como Moradores a Viveram - RioOnWatch\" \/>\n<meta property=\"og:description\" content=\"\u00a0Click Here for English Um ano e um dia ap\u00f3s o in\u00edcio das chuvas de ver\u00e3o de 2018, a cidade do Rio de Janeiro foi assolada por uma tempestade na \u00faltima quarta-feira, dia 6 de [...]\" \/>\n<meta property=\"og:url\" content=\"https:\/\/rioonwatch.org.br\/?p=38783\" \/>\n<meta property=\"og:site_name\" content=\"RioOnWatch\" \/>\n<meta property=\"article:published_time\" content=\"2019-02-09T15:26:33+00:00\" \/>\n<meta property=\"article:modified_time\" content=\"2019-02-16T12:27:32+00:00\" \/>\n<meta property=\"og:image\" content=\"https:\/\/rioonwatch.org.br\/wp-content\/uploads\/2019\/02\/rocinha-leonardo-souza-1.jpg\" \/>\n\t<meta property=\"og:image:width\" content=\"903\" \/>\n\t<meta property=\"og:image:height\" content=\"678\" \/>\n\t<meta property=\"og:image:type\" content=\"image\/jpeg\" \/>\n<meta name=\"author\" content=\"Luisa Fenizola\" \/>\n<meta name=\"twitter:card\" content=\"summary_large_image\" \/>\n<meta name=\"twitter:label1\" content=\"Escrito por\" \/>\n\t<meta name=\"twitter:data1\" content=\"Luisa Fenizola\" \/>\n\t<meta name=\"twitter:label2\" content=\"Est. tempo de leitura\" \/>\n\t<meta name=\"twitter:data2\" content=\"11 minutos\" \/>\n<script type=\"application\/ld+json\" class=\"yoast-schema-graph\">{\"@context\":\"https:\/\/schema.org\",\"@graph\":[{\"@type\":\"Article\",\"@id\":\"https:\/\/rioonwatch.org.br\/?p=38783#article\",\"isPartOf\":{\"@id\":\"https:\/\/rioonwatch.org.br\/?p=38783\"},\"author\":{\"name\":\"Luisa Fenizola\",\"@id\":\"https:\/\/rioonwatch.org.br\/#\/schema\/person\/f443c6b55bb6e80842280318076491c5\"},\"headline\":\"Como Crivella e Witzel Responderam \u00e0 Chuva no Rio e como Moradores a Viveram\",\"datePublished\":\"2019-02-09T15:26:33+00:00\",\"dateModified\":\"2019-02-16T12:27:32+00:00\",\"mainEntityOfPage\":{\"@id\":\"https:\/\/rioonwatch.org.br\/?p=38783\"},\"wordCount\":2220,\"publisher\":{\"@id\":\"https:\/\/rioonwatch.org.br\/#organization\"},\"image\":{\"@id\":\"https:\/\/rioonwatch.org.br\/?p=38783#primaryimage\"},\"thumbnailUrl\":\"https:\/\/rioonwatch.org.br\/wp-content\/uploads\/2019\/02\/rocinha-leonardo-souza-1.jpg\",\"keywords\":[\"\\\"\u00e1rea de risco\\\"\",\"Acari\",\"Baixada Fluminense\",\"Barra de Guaratiba\",\"CEDAE\",\"chuvas\",\"ciclovia\",\"COMLURB\",\"Complexo do Alem\u00e3o\",\"Comunica\u00e7\u00e3o Comunit\u00e1ria\",\"Jardim Bot\u00e2nico\",\"Light\",\"Manguinhos\",\"Marcelo Crivella\",\"m\u00eddia alternativa\",\"Morro do Adeus\",\"mudan\u00e7as clim\u00e1ticas\",\"Neglig\u00eancia do Estado\",\"risco de deslizamento\",\"Rocinha\",\"S\u00e3o Conrado\",\"S\u00e3o Jo\u00e3o de Meriti\",\"Vidigal\",\"Wilson Witzel\",\"Zona Norte\",\"Zona Oeste\",\"Zona Sul\"],\"articleSection\":[\"#Monitoramento\",\"*Destaque\",\"Den\u00fancias\",\"Entendendo o Rio\",\"Formas de Apoiar\",\"M\u00eddia Comunit\u00e1ria\",\"Pol\u00edticas\",\"Sustentabilidade\"],\"inLanguage\":\"pt-BR\"},{\"@type\":\"WebPage\",\"@id\":\"https:\/\/rioonwatch.org.br\/?p=38783\",\"url\":\"https:\/\/rioonwatch.org.br\/?p=38783\",\"name\":\"Como Crivella e Witzel Responderam \u00e0 Chuva no Rio e como Moradores a Viveram - RioOnWatch\",\"isPartOf\":{\"@id\":\"https:\/\/rioonwatch.org.br\/#website\"},\"primaryImageOfPage\":{\"@id\":\"https:\/\/rioonwatch.org.br\/?p=38783#primaryimage\"},\"image\":{\"@id\":\"https:\/\/rioonwatch.org.br\/?p=38783#primaryimage\"},\"thumbnailUrl\":\"https:\/\/rioonwatch.org.br\/wp-content\/uploads\/2019\/02\/rocinha-leonardo-souza-1.jpg\",\"datePublished\":\"2019-02-09T15:26:33+00:00\",\"dateModified\":\"2019-02-16T12:27:32+00:00\",\"breadcrumb\":{\"@id\":\"https:\/\/rioonwatch.org.br\/?p=38783#breadcrumb\"},\"inLanguage\":\"pt-BR\",\"potentialAction\":[{\"@type\":\"ReadAction\",\"target\":[\"https:\/\/rioonwatch.org.br\/?p=38783\"]}]},{\"@type\":\"ImageObject\",\"inLanguage\":\"pt-BR\",\"@id\":\"https:\/\/rioonwatch.org.br\/?p=38783#primaryimage\",\"url\":\"https:\/\/rioonwatch.org.br\/wp-content\/uploads\/2019\/02\/rocinha-leonardo-souza-1.jpg\",\"contentUrl\":\"https:\/\/rioonwatch.org.br\/wp-content\/uploads\/2019\/02\/rocinha-leonardo-souza-1.jpg\",\"width\":903,\"height\":678},{\"@type\":\"BreadcrumbList\",\"@id\":\"https:\/\/rioonwatch.org.br\/?p=38783#breadcrumb\",\"itemListElement\":[{\"@type\":\"ListItem\",\"position\":1,\"name\":\"In\u00edcio\",\"item\":\"https:\/\/rioonwatch.org.br\/\"},{\"@type\":\"ListItem\",\"position\":2,\"name\":\"Como Crivella e Witzel Responderam \u00e0 Chuva no Rio e como Moradores a Viveram\"}]},{\"@type\":\"WebSite\",\"@id\":\"https:\/\/rioonwatch.org.br\/#website\",\"url\":\"https:\/\/rioonwatch.org.br\/\",\"name\":\"RioOnWatch\",\"description\":\"relatos das favelas cariocas\",\"publisher\":{\"@id\":\"https:\/\/rioonwatch.org.br\/#organization\"},\"potentialAction\":[{\"@type\":\"SearchAction\",\"target\":{\"@type\":\"EntryPoint\",\"urlTemplate\":\"https:\/\/rioonwatch.org.br\/?s={search_term_string}\"},\"query-input\":{\"@type\":\"PropertyValueSpecification\",\"valueRequired\":true,\"valueName\":\"search_term_string\"}}],\"inLanguage\":\"pt-BR\"},{\"@type\":\"Organization\",\"@id\":\"https:\/\/rioonwatch.org.br\/#organization\",\"name\":\"RioOnWatch\",\"url\":\"https:\/\/rioonwatch.org.br\/\",\"logo\":{\"@type\":\"ImageObject\",\"inLanguage\":\"pt-BR\",\"@id\":\"https:\/\/rioonwatch.org.br\/#\/schema\/logo\/image\/\",\"url\":\"https:\/\/rioonwatch.org.br\/wp-content\/uploads\/2021\/06\/RioOnWatchcabecalhoPT11anos-2.png\",\"contentUrl\":\"https:\/\/rioonwatch.org.br\/wp-content\/uploads\/2021\/06\/RioOnWatchcabecalhoPT11anos-2.png\",\"width\":779,\"height\":277,\"caption\":\"RioOnWatch\"},\"image\":{\"@id\":\"https:\/\/rioonwatch.org.br\/#\/schema\/logo\/image\/\"}},{\"@type\":\"Person\",\"@id\":\"https:\/\/rioonwatch.org.br\/#\/schema\/person\/f443c6b55bb6e80842280318076491c5\",\"name\":\"Luisa Fenizola\",\"image\":{\"@type\":\"ImageObject\",\"inLanguage\":\"pt-BR\",\"@id\":\"https:\/\/rioonwatch.org.br\/#\/schema\/person\/image\/\",\"url\":\"https:\/\/secure.gravatar.com\/avatar\/a3d551110162b9f876cbbdaaecf75663?s=96&d=blank&r=g\",\"contentUrl\":\"https:\/\/secure.gravatar.com\/avatar\/a3d551110162b9f876cbbdaaecf75663?s=96&d=blank&r=g\",\"caption\":\"Luisa Fenizola\"},\"url\":\"https:\/\/rioonwatch.org.br\/?author=152\"}]}<\/script>\n<!-- \/ Yoast SEO plugin. -->","yoast_head_json":{"title":"Como Crivella e Witzel Responderam \u00e0 Chuva no Rio e como Moradores a Viveram - RioOnWatch","robots":{"index":"index","follow":"follow","max-snippet":"max-snippet:-1","max-image-preview":"max-image-preview:large","max-video-preview":"max-video-preview:-1"},"canonical":"https:\/\/rioonwatch.org.br\/?p=38783","og_locale":"pt_BR","og_type":"article","og_title":"Como Crivella e Witzel Responderam \u00e0 Chuva no Rio e como Moradores a Viveram - RioOnWatch","og_description":"\u00a0Click Here for English Um ano e um dia ap\u00f3s o in\u00edcio das chuvas de ver\u00e3o de 2018, a cidade do Rio de Janeiro foi assolada por uma tempestade na \u00faltima quarta-feira, dia 6 de [...]","og_url":"https:\/\/rioonwatch.org.br\/?p=38783","og_site_name":"RioOnWatch","article_published_time":"2019-02-09T15:26:33+00:00","article_modified_time":"2019-02-16T12:27:32+00:00","og_image":[{"width":903,"height":678,"url":"https:\/\/rioonwatch.org.br\/wp-content\/uploads\/2019\/02\/rocinha-leonardo-souza-1.jpg","type":"image\/jpeg"}],"author":"Luisa Fenizola","twitter_card":"summary_large_image","twitter_misc":{"Escrito por":"Luisa Fenizola","Est. tempo de leitura":"11 minutos"},"schema":{"@context":"https:\/\/schema.org","@graph":[{"@type":"Article","@id":"https:\/\/rioonwatch.org.br\/?p=38783#article","isPartOf":{"@id":"https:\/\/rioonwatch.org.br\/?p=38783"},"author":{"name":"Luisa Fenizola","@id":"https:\/\/rioonwatch.org.br\/#\/schema\/person\/f443c6b55bb6e80842280318076491c5"},"headline":"Como Crivella e Witzel Responderam \u00e0 Chuva no Rio e como Moradores a Viveram","datePublished":"2019-02-09T15:26:33+00:00","dateModified":"2019-02-16T12:27:32+00:00","mainEntityOfPage":{"@id":"https:\/\/rioonwatch.org.br\/?p=38783"},"wordCount":2220,"publisher":{"@id":"https:\/\/rioonwatch.org.br\/#organization"},"image":{"@id":"https:\/\/rioonwatch.org.br\/?p=38783#primaryimage"},"thumbnailUrl":"https:\/\/rioonwatch.org.br\/wp-content\/uploads\/2019\/02\/rocinha-leonardo-souza-1.jpg","keywords":["\"\u00e1rea de risco\"","Acari","Baixada Fluminense","Barra de Guaratiba","CEDAE","chuvas","ciclovia","COMLURB","Complexo do Alem\u00e3o","Comunica\u00e7\u00e3o Comunit\u00e1ria","Jardim Bot\u00e2nico","Light","Manguinhos","Marcelo Crivella","m\u00eddia alternativa","Morro do Adeus","mudan\u00e7as clim\u00e1ticas","Neglig\u00eancia do Estado","risco de deslizamento","Rocinha","S\u00e3o Conrado","S\u00e3o Jo\u00e3o de Meriti","Vidigal","Wilson Witzel","Zona Norte","Zona Oeste","Zona Sul"],"articleSection":["#Monitoramento","*Destaque","Den\u00fancias","Entendendo o Rio","Formas de Apoiar","M\u00eddia Comunit\u00e1ria","Pol\u00edticas","Sustentabilidade"],"inLanguage":"pt-BR"},{"@type":"WebPage","@id":"https:\/\/rioonwatch.org.br\/?p=38783","url":"https:\/\/rioonwatch.org.br\/?p=38783","name":"Como Crivella e Witzel Responderam \u00e0 Chuva no Rio e como Moradores a Viveram - RioOnWatch","isPartOf":{"@id":"https:\/\/rioonwatch.org.br\/#website"},"primaryImageOfPage":{"@id":"https:\/\/rioonwatch.org.br\/?p=38783#primaryimage"},"image":{"@id":"https:\/\/rioonwatch.org.br\/?p=38783#primaryimage"},"thumbnailUrl":"https:\/\/rioonwatch.org.br\/wp-content\/uploads\/2019\/02\/rocinha-leonardo-souza-1.jpg","datePublished":"2019-02-09T15:26:33+00:00","dateModified":"2019-02-16T12:27:32+00:00","breadcrumb":{"@id":"https:\/\/rioonwatch.org.br\/?p=38783#breadcrumb"},"inLanguage":"pt-BR","potentialAction":[{"@type":"ReadAction","target":["https:\/\/rioonwatch.org.br\/?p=38783"]}]},{"@type":"ImageObject","inLanguage":"pt-BR","@id":"https:\/\/rioonwatch.org.br\/?p=38783#primaryimage","url":"https:\/\/rioonwatch.org.br\/wp-content\/uploads\/2019\/02\/rocinha-leonardo-souza-1.jpg","contentUrl":"https:\/\/rioonwatch.org.br\/wp-content\/uploads\/2019\/02\/rocinha-leonardo-souza-1.jpg","width":903,"height":678},{"@type":"BreadcrumbList","@id":"https:\/\/rioonwatch.org.br\/?p=38783#breadcrumb","itemListElement":[{"@type":"ListItem","position":1,"name":"In\u00edcio","item":"https:\/\/rioonwatch.org.br\/"},{"@type":"ListItem","position":2,"name":"Como Crivella e Witzel Responderam \u00e0 Chuva no Rio e como Moradores a Viveram"}]},{"@type":"WebSite","@id":"https:\/\/rioonwatch.org.br\/#website","url":"https:\/\/rioonwatch.org.br\/","name":"RioOnWatch","description":"relatos das favelas cariocas","publisher":{"@id":"https:\/\/rioonwatch.org.br\/#organization"},"potentialAction":[{"@type":"SearchAction","target":{"@type":"EntryPoint","urlTemplate":"https:\/\/rioonwatch.org.br\/?s={search_term_string}"},"query-input":{"@type":"PropertyValueSpecification","valueRequired":true,"valueName":"search_term_string"}}],"inLanguage":"pt-BR"},{"@type":"Organization","@id":"https:\/\/rioonwatch.org.br\/#organization","name":"RioOnWatch","url":"https:\/\/rioonwatch.org.br\/","logo":{"@type":"ImageObject","inLanguage":"pt-BR","@id":"https:\/\/rioonwatch.org.br\/#\/schema\/logo\/image\/","url":"https:\/\/rioonwatch.org.br\/wp-content\/uploads\/2021\/06\/RioOnWatchcabecalhoPT11anos-2.png","contentUrl":"https:\/\/rioonwatch.org.br\/wp-content\/uploads\/2021\/06\/RioOnWatchcabecalhoPT11anos-2.png","width":779,"height":277,"caption":"RioOnWatch"},"image":{"@id":"https:\/\/rioonwatch.org.br\/#\/schema\/logo\/image\/"}},{"@type":"Person","@id":"https:\/\/rioonwatch.org.br\/#\/schema\/person\/f443c6b55bb6e80842280318076491c5","name":"Luisa Fenizola","image":{"@type":"ImageObject","inLanguage":"pt-BR","@id":"https:\/\/rioonwatch.org.br\/#\/schema\/person\/image\/","url":"https:\/\/secure.gravatar.com\/avatar\/a3d551110162b9f876cbbdaaecf75663?s=96&d=blank&r=g","contentUrl":"https:\/\/secure.gravatar.com\/avatar\/a3d551110162b9f876cbbdaaecf75663?s=96&d=blank&r=g","caption":"Luisa Fenizola"},"url":"https:\/\/rioonwatch.org.br\/?author=152"}]}},"_links":{"self":[{"href":"https:\/\/rioonwatch.org.br\/index.php?rest_route=\/wp\/v2\/posts\/38783"}],"collection":[{"href":"https:\/\/rioonwatch.org.br\/index.php?rest_route=\/wp\/v2\/posts"}],"about":[{"href":"https:\/\/rioonwatch.org.br\/index.php?rest_route=\/wp\/v2\/types\/post"}],"author":[{"embeddable":true,"href":"https:\/\/rioonwatch.org.br\/index.php?rest_route=\/wp\/v2\/users\/152"}],"replies":[{"embeddable":true,"href":"https:\/\/rioonwatch.org.br\/index.php?rest_route=%2Fwp%2Fv2%2Fcomments&post=38783"}],"version-history":[{"count":32,"href":"https:\/\/rioonwatch.org.br\/index.php?rest_route=\/wp\/v2\/posts\/38783\/revisions"}],"predecessor-version":[{"id":38957,"href":"https:\/\/rioonwatch.org.br\/index.php?rest_route=\/wp\/v2\/posts\/38783\/revisions\/38957"}],"wp:featuredmedia":[{"embeddable":true,"href":"https:\/\/rioonwatch.org.br\/index.php?rest_route=\/wp\/v2\/media\/38826"}],"wp:attachment":[{"href":"https:\/\/rioonwatch.org.br\/index.php?rest_route=%2Fwp%2Fv2%2Fmedia&parent=38783"}],"wp:term":[{"taxonomy":"category","embeddable":true,"href":"https:\/\/rioonwatch.org.br\/index.php?rest_route=%2Fwp%2Fv2%2Fcategories&post=38783"},{"taxonomy":"post_tag","embeddable":true,"href":"https:\/\/rioonwatch.org.br\/index.php?rest_route=%2Fwp%2Fv2%2Ftags&post=38783"},{"taxonomy":"writer","embeddable":true,"href":"https:\/\/rioonwatch.org.br\/index.php?rest_route=%2Fwp%2Fv2%2Fwriter&post=38783"},{"taxonomy":"translator","embeddable":true,"href":"https:\/\/rioonwatch.org.br\/index.php?rest_route=%2Fwp%2Fv2%2Ftranslator&post=38783"},{"taxonomy":"source","embeddable":true,"href":"https:\/\/rioonwatch.org.br\/index.php?rest_route=%2Fwp%2Fv2%2Fsource&post=38783"},{"taxonomy":"ilustrador","embeddable":true,"href":"https:\/\/rioonwatch.org.br\/index.php?rest_route=%2Fwp%2Fv2%2Filustrador&post=38783"},{"taxonomy":"fotografo","embeddable":true,"href":"https:\/\/rioonwatch.org.br\/index.php?rest_route=%2Fwp%2Fv2%2Ffotografo&post=38783"}],"curies":[{"name":"wp","href":"https:\/\/api.w.org\/{rel}","templated":true}]}}