{"id":38913,"date":"2019-02-16T09:26:35","date_gmt":"2019-02-16T12:26:35","guid":{"rendered":"http:\/\/rioonwatch.org.br\/?p=38913"},"modified":"2019-02-19T13:50:49","modified_gmt":"2019-02-19T16:50:49","slug":"ocupa-brt-vila-autodromo-imagens","status":"publish","type":"post","link":"https:\/\/rioonwatch.org.br\/?p=38913","title":{"rendered":"Ocupa BRT Vila Aut\u00f3dromo [IMAGENS]"},"content":{"rendered":"<p style=\"text-align: right;\"><span data-ccp-props=\"{&quot;201341983&quot;:0,&quot;335559739&quot;:160,&quot;335559740&quot;:259}\">\u00a0<\/span><em><strong><a href=\"http:\/\/bit.ly\/2Gw59gQ\" target=\"_blank\" rel=\"noopener noreferrer\">Click Here for English<\/a><a href=\"http:\/\/bit.ly\/2Gw59gQ\" target=\"_blank\" rel=\"noopener noreferrer\"><img decoding=\"async\" width=\"20\" height=\"20\" class=\"alignright wp-image-15790\" src=\"http:\/\/rioonwatch.org.br\/wp-content\/uploads\/2012\/08\/EN-standard-e1439583104716.jpg\" \/><\/a><\/strong><\/em><\/p>\n<p><em>S\u00e1bado, dia 9 de fevereiro,\u00a0foi dia de festa e luta para a Vila Aut\u00f3dromo. A <a href=\"http:\/\/bit.ly\/2DNC0eu\" target=\"_blank\" rel=\"noopener\">ocupa\u00e7\u00e3o cultural<\/a>\u00a0 foi organizada com o intuito de pressionar o Prefeito Marcelo Crivella a cumprir o <a href=\"http:\/\/bit.ly\/1XpfSbp\" target=\"_blank\" rel=\"noopener\">acordo de urbaniza\u00e7\u00e3o<\/a> da comunidade firmado em 2016, e demandar que mudem o nome da esta\u00e7\u00e3o de BRT &#8220;Centro Ol\u00edmpico&#8221; para BRT &#8220;Vila Aut\u00f3dromo&#8221;.<\/em><\/p>\n<h1 id=\"title_div\">O Desfile pela Esta\u00e7\u00e3o BRT<\/h1>\n<p><a href=\"http:\/\/rioonwatch.org.br\/wp-content\/uploads\/2019\/02\/00550011-2.jpg\"><img fetchpriority=\"high\" decoding=\"async\" class=\"aligncenter wp-image-38914\" title=\"Foto por Mateus Augusto Rubim\" src=\"http:\/\/rioonwatch.org.br\/wp-content\/uploads\/2019\/02\/00550011-2.jpg\" alt=\"Foto por Mateus Augusto Rubim\" width=\"620\" height=\"936\" srcset=\"https:\/\/rioonwatch.org.br\/wp-content\/uploads\/2019\/02\/00550011-2.jpg 1882w, https:\/\/rioonwatch.org.br\/wp-content\/uploads\/2019\/02\/00550011-2-175x264.jpg 175w, https:\/\/rioonwatch.org.br\/wp-content\/uploads\/2019\/02\/00550011-2-411x620.jpg 411w, https:\/\/rioonwatch.org.br\/wp-content\/uploads\/2019\/02\/00550011-2-768x1159.jpg 768w, https:\/\/rioonwatch.org.br\/wp-content\/uploads\/2019\/02\/00550011-2-679x1024.jpg 679w\" sizes=\"(max-width: 620px) 100vw, 620px\" \/><\/a><\/p>\n<p>O <a href=\"http:\/\/bit.ly\/1NB3l2b\" target=\"_blank\" rel=\"noopener\">lema da Vila<\/a> j\u00e1 diz: &#8220;A <a href=\"http:\/\/bit.ly\/Nfddvg\" target=\"_blank\" rel=\"noopener\">Vila Aut\u00f3dromo<\/a> existe, resiste, insiste e re-existe&#8221;. A comunidade que come\u00e7ou a ser constru\u00edda <a href=\"http:\/\/bit.ly\/2HqPRKk\" target=\"_blank\" rel=\"noopener\">na d\u00e9cada de 1960<\/a>, na beira da Lagoa de Jacarepagu\u00e1, na <a href=\"http:\/\/bit.ly\/11tBmFR\" target=\"_blank\" rel=\"noopener\">Zona Oeste<\/a> da cidade, sofreu in\u00fameras tentativas de remo\u00e7\u00e3o ao longo de sua hist\u00f3ria. A urg\u00eancia de permanecer em suas terras e de lutar por habitarem dignamente o espa\u00e7o da cidade do Rio de Janeiro, fez da Vila Aut\u00f3dromo um s\u00edmbolo internacional de luta pelo Direito \u00e0 Moradia. Os eventos culturais organizados pelos moradores da Vila foram a forma encontrada para &#8220;insistir&#8221; e &#8220;resistir&#8221; perante o poder p\u00fablico.<\/p>\n<p><a href=\"http:\/\/rioonwatch.org.br\/wp-content\/uploads\/2019\/02\/BRT-Vila-Autodromo.jpg\"><img decoding=\"async\" class=\"aligncenter wp-image-38932\" src=\"http:\/\/rioonwatch.org.br\/wp-content\/uploads\/2019\/02\/BRT-Vila-Autodromo.jpg\" alt=\"\" width=\"620\" height=\"348\" srcset=\"https:\/\/rioonwatch.org.br\/wp-content\/uploads\/2019\/02\/BRT-Vila-Autodromo.jpg 2000w, https:\/\/rioonwatch.org.br\/wp-content\/uploads\/2019\/02\/BRT-Vila-Autodromo-470x264.jpg 470w, https:\/\/rioonwatch.org.br\/wp-content\/uploads\/2019\/02\/BRT-Vila-Autodromo-620x348.jpg 620w, https:\/\/rioonwatch.org.br\/wp-content\/uploads\/2019\/02\/BRT-Vila-Autodromo-768x432.jpg 768w, https:\/\/rioonwatch.org.br\/wp-content\/uploads\/2019\/02\/BRT-Vila-Autodromo-1024x575.jpg 1024w, https:\/\/rioonwatch.org.br\/wp-content\/uploads\/2019\/02\/BRT-Vila-Autodromo-580x326.jpg 580w, https:\/\/rioonwatch.org.br\/wp-content\/uploads\/2019\/02\/BRT-Vila-Autodromo-174x98.jpg 174w\" sizes=\"(max-width: 620px) 100vw, 620px\" \/><\/a><\/p>\n<p><a href=\"http:\/\/rioonwatch.org.br\/wp-content\/uploads\/2019\/02\/Ocupa-BRT.jpg\"><img loading=\"lazy\" decoding=\"async\" class=\"aligncenter wp-image-38933\" src=\"http:\/\/rioonwatch.org.br\/wp-content\/uploads\/2019\/02\/Ocupa-BRT.jpg\" alt=\"\" width=\"620\" height=\"374\" srcset=\"https:\/\/rioonwatch.org.br\/wp-content\/uploads\/2019\/02\/Ocupa-BRT.jpg 2000w, https:\/\/rioonwatch.org.br\/wp-content\/uploads\/2019\/02\/Ocupa-BRT-437x264.jpg 437w, https:\/\/rioonwatch.org.br\/wp-content\/uploads\/2019\/02\/Ocupa-BRT-620x374.jpg 620w, https:\/\/rioonwatch.org.br\/wp-content\/uploads\/2019\/02\/Ocupa-BRT-768x463.jpg 768w, https:\/\/rioonwatch.org.br\/wp-content\/uploads\/2019\/02\/Ocupa-BRT-1024x618.jpg 1024w\" sizes=\"(max-width: 620px) 100vw, 620px\" \/><\/a><\/p>\n<p>O BRT Centro Ol\u00edmpico foi o pano de fundo da primeira parte do evento por uma quest\u00e3o de mem\u00f3ria. Como afirmou a moradora Sandra Maria em sua fala: &#8220;A pessoa que chega aqui e n\u00e3o conhece a hist\u00f3ria do local n\u00e3o entende o que se passou aqui. O que se passou \u00e9 da a cabe\u00e7a do cara [arquiteto] quando ele projetou um absurdo desse. Mas eu vou explicar porque eles fizeram isso, porque eles fizeram essa arquitetura: [foi] para justificar a remo\u00e7\u00e3o de um monte de gente. Essa arquitetura justificou a remo\u00e7\u00e3o de uma rua inteira de casas, pessoas.&#8221;<\/p>\n<p><a href=\"http:\/\/rioonwatch.org.br\/wp-content\/uploads\/2019\/02\/Perna-de-pau-chega-na-Vila-pelo-Mariott.jpg\"><img loading=\"lazy\" decoding=\"async\" class=\"aligncenter wp-image-38935\" src=\"http:\/\/rioonwatch.org.br\/wp-content\/uploads\/2019\/02\/Perna-de-pau-chega-na-Vila-pelo-Mariott.jpg\" alt=\"\" width=\"620\" height=\"1103\" srcset=\"https:\/\/rioonwatch.org.br\/wp-content\/uploads\/2019\/02\/Perna-de-pau-chega-na-Vila-pelo-Mariott.jpg 1500w, https:\/\/rioonwatch.org.br\/wp-content\/uploads\/2019\/02\/Perna-de-pau-chega-na-Vila-pelo-Mariott-148x264.jpg 148w, https:\/\/rioonwatch.org.br\/wp-content\/uploads\/2019\/02\/Perna-de-pau-chega-na-Vila-pelo-Mariott-348x620.jpg 348w, https:\/\/rioonwatch.org.br\/wp-content\/uploads\/2019\/02\/Perna-de-pau-chega-na-Vila-pelo-Mariott-768x1367.jpg 768w, https:\/\/rioonwatch.org.br\/wp-content\/uploads\/2019\/02\/Perna-de-pau-chega-na-Vila-pelo-Mariott-575x1024.jpg 575w\" sizes=\"(max-width: 620px) 100vw, 620px\" \/><\/a><\/p>\n<h1 id=\"title_div\">Chegando na Vila<\/h1>\n<p>A ocupa\u00e7\u00e3o do BRT se transformou em um belo cortejo em dire\u00e7\u00e3o \u00e0 comunidade Vila Aut\u00f3dromo. Ao ritmo de carnaval, a fanfarra &#8220;Os Biquinis de Ogod\u00f4 convidam as Sungas de Odara&#8221;, levou todos presentes \u00e0 atravessar a passarela at\u00e9 chegar na comunidade.<\/p>\n<p><a href=\"http:\/\/rioonwatch.org.br\/wp-content\/uploads\/2019\/02\/Musicos-chegando.jpg\"><img loading=\"lazy\" decoding=\"async\" class=\"aligncenter wp-image-38934\" src=\"http:\/\/rioonwatch.org.br\/wp-content\/uploads\/2019\/02\/Musicos-chegando.jpg\" alt=\"\" width=\"619\" height=\"348\" srcset=\"https:\/\/rioonwatch.org.br\/wp-content\/uploads\/2019\/02\/Musicos-chegando.jpg 2000w, https:\/\/rioonwatch.org.br\/wp-content\/uploads\/2019\/02\/Musicos-chegando-470x264.jpg 470w, https:\/\/rioonwatch.org.br\/wp-content\/uploads\/2019\/02\/Musicos-chegando-620x348.jpg 620w, https:\/\/rioonwatch.org.br\/wp-content\/uploads\/2019\/02\/Musicos-chegando-768x432.jpg 768w, https:\/\/rioonwatch.org.br\/wp-content\/uploads\/2019\/02\/Musicos-chegando-1024x575.jpg 1024w, https:\/\/rioonwatch.org.br\/wp-content\/uploads\/2019\/02\/Musicos-chegando-580x326.jpg 580w, https:\/\/rioonwatch.org.br\/wp-content\/uploads\/2019\/02\/Musicos-chegando-174x98.jpg 174w\" sizes=\"(max-width: 619px) 100vw, 619px\" \/><\/a><\/p>\n<p><a href=\"http:\/\/rioonwatch.org.br\/wp-content\/uploads\/2019\/02\/Marcha-chegando-na-Vila.jpg\"><img loading=\"lazy\" decoding=\"async\" class=\"aligncenter wp-image-38937\" src=\"http:\/\/rioonwatch.org.br\/wp-content\/uploads\/2019\/02\/Marcha-chegando-na-Vila.jpg\" alt=\"\" width=\"619\" height=\"348\" srcset=\"https:\/\/rioonwatch.org.br\/wp-content\/uploads\/2019\/02\/Marcha-chegando-na-Vila.jpg 2000w, https:\/\/rioonwatch.org.br\/wp-content\/uploads\/2019\/02\/Marcha-chegando-na-Vila-470x264.jpg 470w, https:\/\/rioonwatch.org.br\/wp-content\/uploads\/2019\/02\/Marcha-chegando-na-Vila-620x348.jpg 620w, https:\/\/rioonwatch.org.br\/wp-content\/uploads\/2019\/02\/Marcha-chegando-na-Vila-768x432.jpg 768w, https:\/\/rioonwatch.org.br\/wp-content\/uploads\/2019\/02\/Marcha-chegando-na-Vila-1024x575.jpg 1024w, https:\/\/rioonwatch.org.br\/wp-content\/uploads\/2019\/02\/Marcha-chegando-na-Vila-580x326.jpg 580w, https:\/\/rioonwatch.org.br\/wp-content\/uploads\/2019\/02\/Marcha-chegando-na-Vila-174x98.jpg 174w\" sizes=\"(max-width: 619px) 100vw, 619px\" \/><\/a><\/p>\n<p><a href=\"http:\/\/rioonwatch.org.br\/wp-content\/uploads\/2019\/02\/Vila-vista-de-cima-2019.jpg\"><img loading=\"lazy\" decoding=\"async\" class=\"aligncenter wp-image-38936\" src=\"http:\/\/rioonwatch.org.br\/wp-content\/uploads\/2019\/02\/Vila-vista-de-cima-2019.jpg\" alt=\"\" width=\"619\" height=\"348\" srcset=\"https:\/\/rioonwatch.org.br\/wp-content\/uploads\/2019\/02\/Vila-vista-de-cima-2019.jpg 2000w, https:\/\/rioonwatch.org.br\/wp-content\/uploads\/2019\/02\/Vila-vista-de-cima-2019-470x264.jpg 470w, https:\/\/rioonwatch.org.br\/wp-content\/uploads\/2019\/02\/Vila-vista-de-cima-2019-620x348.jpg 620w, https:\/\/rioonwatch.org.br\/wp-content\/uploads\/2019\/02\/Vila-vista-de-cima-2019-768x432.jpg 768w, https:\/\/rioonwatch.org.br\/wp-content\/uploads\/2019\/02\/Vila-vista-de-cima-2019-1024x575.jpg 1024w, https:\/\/rioonwatch.org.br\/wp-content\/uploads\/2019\/02\/Vila-vista-de-cima-2019-580x326.jpg 580w, https:\/\/rioonwatch.org.br\/wp-content\/uploads\/2019\/02\/Vila-vista-de-cima-2019-174x98.jpg 174w\" sizes=\"(max-width: 619px) 100vw, 619px\" \/><\/a><\/p>\n<p><a href=\"http:\/\/rioonwatch.org.br\/wp-content\/uploads\/2019\/02\/Placa-Vila-Autodromo-2019.jpg\"><img loading=\"lazy\" decoding=\"async\" class=\"aligncenter wp-image-38938\" src=\"http:\/\/rioonwatch.org.br\/wp-content\/uploads\/2019\/02\/Placa-Vila-Autodromo-2019.jpg\" alt=\"\" width=\"619\" height=\"348\" srcset=\"https:\/\/rioonwatch.org.br\/wp-content\/uploads\/2019\/02\/Placa-Vila-Autodromo-2019.jpg 2000w, https:\/\/rioonwatch.org.br\/wp-content\/uploads\/2019\/02\/Placa-Vila-Autodromo-2019-470x264.jpg 470w, https:\/\/rioonwatch.org.br\/wp-content\/uploads\/2019\/02\/Placa-Vila-Autodromo-2019-620x348.jpg 620w, https:\/\/rioonwatch.org.br\/wp-content\/uploads\/2019\/02\/Placa-Vila-Autodromo-2019-768x432.jpg 768w, https:\/\/rioonwatch.org.br\/wp-content\/uploads\/2019\/02\/Placa-Vila-Autodromo-2019-1024x575.jpg 1024w, https:\/\/rioonwatch.org.br\/wp-content\/uploads\/2019\/02\/Placa-Vila-Autodromo-2019-580x326.jpg 580w, https:\/\/rioonwatch.org.br\/wp-content\/uploads\/2019\/02\/Placa-Vila-Autodromo-2019-174x98.jpg 174w\" sizes=\"(max-width: 619px) 100vw, 619px\" \/><\/a><\/p>\n<p><a href=\"http:\/\/rioonwatch.org.br\/wp-content\/uploads\/2019\/02\/Casa-na-Vila.jpg\"><img loading=\"lazy\" decoding=\"async\" class=\"aligncenter wp-image-38939\" src=\"http:\/\/rioonwatch.org.br\/wp-content\/uploads\/2019\/02\/Casa-na-Vila.jpg\" alt=\"\" width=\"619\" height=\"348\" srcset=\"https:\/\/rioonwatch.org.br\/wp-content\/uploads\/2019\/02\/Casa-na-Vila.jpg 2000w, https:\/\/rioonwatch.org.br\/wp-content\/uploads\/2019\/02\/Casa-na-Vila-470x264.jpg 470w, https:\/\/rioonwatch.org.br\/wp-content\/uploads\/2019\/02\/Casa-na-Vila-620x348.jpg 620w, https:\/\/rioonwatch.org.br\/wp-content\/uploads\/2019\/02\/Casa-na-Vila-768x432.jpg 768w, https:\/\/rioonwatch.org.br\/wp-content\/uploads\/2019\/02\/Casa-na-Vila-1024x575.jpg 1024w, https:\/\/rioonwatch.org.br\/wp-content\/uploads\/2019\/02\/Casa-na-Vila-580x326.jpg 580w, https:\/\/rioonwatch.org.br\/wp-content\/uploads\/2019\/02\/Casa-na-Vila-174x98.jpg 174w\" sizes=\"(max-width: 619px) 100vw, 619px\" \/><\/a><\/p>\n<h1 id=\"title_div\">Guerreiras da Vila<\/h1>\n<p>Entre os presentes estavam moradores removidos da Vila, que vieram dar depoimentos da luta e compartilhar na resist\u00eancia cont\u00ednua. Jane Nascimento e Jacilia dos Santos estavam entre os ex-moradores presentes.<\/p>\n<p><a href=\"http:\/\/rioonwatch.org.br\/wp-content\/uploads\/2019\/02\/Jane-Nascimento-e-Jacilia-dos-Santos.jpg\"><img loading=\"lazy\" decoding=\"async\" class=\"aligncenter wp-image-38940\" src=\"http:\/\/rioonwatch.org.br\/wp-content\/uploads\/2019\/02\/Jane-Nascimento-e-Jacilia-dos-Santos.jpg\" alt=\"\" width=\"619\" height=\"348\" srcset=\"https:\/\/rioonwatch.org.br\/wp-content\/uploads\/2019\/02\/Jane-Nascimento-e-Jacilia-dos-Santos.jpg 2000w, https:\/\/rioonwatch.org.br\/wp-content\/uploads\/2019\/02\/Jane-Nascimento-e-Jacilia-dos-Santos-470x264.jpg 470w, https:\/\/rioonwatch.org.br\/wp-content\/uploads\/2019\/02\/Jane-Nascimento-e-Jacilia-dos-Santos-620x348.jpg 620w, https:\/\/rioonwatch.org.br\/wp-content\/uploads\/2019\/02\/Jane-Nascimento-e-Jacilia-dos-Santos-768x432.jpg 768w, https:\/\/rioonwatch.org.br\/wp-content\/uploads\/2019\/02\/Jane-Nascimento-e-Jacilia-dos-Santos-1024x575.jpg 1024w, https:\/\/rioonwatch.org.br\/wp-content\/uploads\/2019\/02\/Jane-Nascimento-e-Jacilia-dos-Santos-580x326.jpg 580w, https:\/\/rioonwatch.org.br\/wp-content\/uploads\/2019\/02\/Jane-Nascimento-e-Jacilia-dos-Santos-174x98.jpg 174w\" sizes=\"(max-width: 619px) 100vw, 619px\" \/><\/a><\/p>\n<p>\u00cdcones da resist\u00eancia que conseguiram permanecer, Maria da Penha Macedo mostrou seu jardim de maracuj\u00e1 aos aliados visitantes, enquanto Sandra Maria coordenava as atividades seguintes ao lado da igreja.<\/p>\n<p><a href=\"http:\/\/rioonwatch.org.br\/wp-content\/uploads\/2019\/02\/Maria-da-Penha-em-seu-jardim.jpg\"><img loading=\"lazy\" decoding=\"async\" class=\"aligncenter wp-image-38941\" src=\"http:\/\/rioonwatch.org.br\/wp-content\/uploads\/2019\/02\/Maria-da-Penha-em-seu-jardim.jpg\" alt=\"\" width=\"620\" height=\"1103\" srcset=\"https:\/\/rioonwatch.org.br\/wp-content\/uploads\/2019\/02\/Maria-da-Penha-em-seu-jardim.jpg 1500w, https:\/\/rioonwatch.org.br\/wp-content\/uploads\/2019\/02\/Maria-da-Penha-em-seu-jardim-148x264.jpg 148w, https:\/\/rioonwatch.org.br\/wp-content\/uploads\/2019\/02\/Maria-da-Penha-em-seu-jardim-348x620.jpg 348w, https:\/\/rioonwatch.org.br\/wp-content\/uploads\/2019\/02\/Maria-da-Penha-em-seu-jardim-768x1367.jpg 768w, https:\/\/rioonwatch.org.br\/wp-content\/uploads\/2019\/02\/Maria-da-Penha-em-seu-jardim-575x1024.jpg 575w\" sizes=\"(max-width: 620px) 100vw, 620px\" \/><\/a><\/p>\n<p><a href=\"http:\/\/rioonwatch.org.br\/wp-content\/uploads\/2019\/02\/Sandra-Maria-entre-participantes.jpg\"><img loading=\"lazy\" decoding=\"async\" class=\"aligncenter wp-image-38942\" src=\"http:\/\/rioonwatch.org.br\/wp-content\/uploads\/2019\/02\/Sandra-Maria-entre-participantes.jpg\" alt=\"\" width=\"619\" height=\"348\" srcset=\"https:\/\/rioonwatch.org.br\/wp-content\/uploads\/2019\/02\/Sandra-Maria-entre-participantes.jpg 2000w, https:\/\/rioonwatch.org.br\/wp-content\/uploads\/2019\/02\/Sandra-Maria-entre-participantes-470x264.jpg 470w, https:\/\/rioonwatch.org.br\/wp-content\/uploads\/2019\/02\/Sandra-Maria-entre-participantes-620x348.jpg 620w, https:\/\/rioonwatch.org.br\/wp-content\/uploads\/2019\/02\/Sandra-Maria-entre-participantes-768x432.jpg 768w, https:\/\/rioonwatch.org.br\/wp-content\/uploads\/2019\/02\/Sandra-Maria-entre-participantes-1024x575.jpg 1024w, https:\/\/rioonwatch.org.br\/wp-content\/uploads\/2019\/02\/Sandra-Maria-entre-participantes-580x326.jpg 580w, https:\/\/rioonwatch.org.br\/wp-content\/uploads\/2019\/02\/Sandra-Maria-entre-participantes-174x98.jpg 174w\" sizes=\"(max-width: 619px) 100vw, 619px\" \/><\/a><\/p>\n<h1 id=\"title_div\">Performance<\/h1>\n<p>O evento contou com a participa\u00e7\u00e3o volunt\u00e1ria de diversos grupos e artistas. Houve uma\u00a0<a href=\"http:\/\/bit.ly\/2N9dWWH\" target=\"_blank\" rel=\"noopener\">performance da pe\u00e7a<\/a> &#8220;Amazona&#8221;, que conta a hist\u00f3ria da vingan\u00e7a da terra sobre a cidade. A apresenta\u00e7\u00e3o terminou com cada espectador recebendo um punhado de terra e uma semente. A ideia era plantar vida de novo onde o asfalto tomou conta, vendo os buracos, as frestas, as rachaduras no concreto que poderiam abrigar o crescimento da natureza mais uma vez.<\/p>\n<p><a href=\"http:\/\/rioonwatch.org.br\/wp-content\/uploads\/2019\/02\/Performance.jpg\"><img loading=\"lazy\" decoding=\"async\" class=\"aligncenter wp-image-38943\" src=\"http:\/\/rioonwatch.org.br\/wp-content\/uploads\/2019\/02\/Performance.jpg\" alt=\"\" width=\"619\" height=\"348\" srcset=\"https:\/\/rioonwatch.org.br\/wp-content\/uploads\/2019\/02\/Performance.jpg 2000w, https:\/\/rioonwatch.org.br\/wp-content\/uploads\/2019\/02\/Performance-470x264.jpg 470w, https:\/\/rioonwatch.org.br\/wp-content\/uploads\/2019\/02\/Performance-620x348.jpg 620w, https:\/\/rioonwatch.org.br\/wp-content\/uploads\/2019\/02\/Performance-768x432.jpg 768w, https:\/\/rioonwatch.org.br\/wp-content\/uploads\/2019\/02\/Performance-1024x575.jpg 1024w, https:\/\/rioonwatch.org.br\/wp-content\/uploads\/2019\/02\/Performance-580x326.jpg 580w, https:\/\/rioonwatch.org.br\/wp-content\/uploads\/2019\/02\/Performance-174x98.jpg 174w\" sizes=\"(max-width: 619px) 100vw, 619px\" \/><\/a><\/p>\n<h1 id=\"title_div\">Um Plano Popular Que Resiste<\/h1>\n<p>O dia de atividades se encerrou com o <a href=\"http:\/\/bit.ly\/2V3oc5D\" target=\"_blank\" rel=\"noopener\">lan\u00e7amento do livro<\/a> &#8220;Viva a Vila Aut\u00f3dromo. O Plano Popular e a luta contra a remo\u00e7\u00e3o&#8221;, organizado pelo ETTERN (Laborat\u00f3rio Estado, Trabalho, Territ\u00f3rio e Natureza). O momento final contou com o discurso de alguns professores e moradores envolvidos na elabora\u00e7\u00e3o do Plano Popular.<\/p>\n<p><a href=\"http:\/\/rioonwatch.org.br\/wp-content\/uploads\/2019\/02\/Livros-da-Vila.jpg\"><img loading=\"lazy\" decoding=\"async\" class=\"aligncenter wp-image-38946\" src=\"http:\/\/rioonwatch.org.br\/wp-content\/uploads\/2019\/02\/Livros-da-Vila.jpg\" alt=\"\" width=\"619\" height=\"348\" srcset=\"https:\/\/rioonwatch.org.br\/wp-content\/uploads\/2019\/02\/Livros-da-Vila.jpg 2000w, https:\/\/rioonwatch.org.br\/wp-content\/uploads\/2019\/02\/Livros-da-Vila-470x264.jpg 470w, https:\/\/rioonwatch.org.br\/wp-content\/uploads\/2019\/02\/Livros-da-Vila-620x348.jpg 620w, https:\/\/rioonwatch.org.br\/wp-content\/uploads\/2019\/02\/Livros-da-Vila-768x432.jpg 768w, https:\/\/rioonwatch.org.br\/wp-content\/uploads\/2019\/02\/Livros-da-Vila-1024x575.jpg 1024w, https:\/\/rioonwatch.org.br\/wp-content\/uploads\/2019\/02\/Livros-da-Vila-580x326.jpg 580w, https:\/\/rioonwatch.org.br\/wp-content\/uploads\/2019\/02\/Livros-da-Vila-174x98.jpg 174w\" sizes=\"(max-width: 619px) 100vw, 619px\" \/><\/a><\/p>\n<p>Dona Inalva, ex-moradora da Vila Aut\u00f3dromo e uma das idealizadoras do Plano Popular frisou que sempre defendeu que os t\u00edtulos de posse de terra deviam ser no nome das mulheres. &#8220;Enquanto os homens partem, viajam, as mulheres est\u00e3o sempre ali na luta. \u00c9 assim que reivindicamos o direito \u00e0 casa, ao lar.&#8221;<\/p>\n<p><a href=\"http:\/\/rioonwatch.org.br\/wp-content\/uploads\/2019\/02\/Inalva.jpg\"><img loading=\"lazy\" decoding=\"async\" class=\"aligncenter wp-image-38945\" src=\"http:\/\/rioonwatch.org.br\/wp-content\/uploads\/2019\/02\/Inalva.jpg\" alt=\"\" width=\"619\" height=\"348\" srcset=\"https:\/\/rioonwatch.org.br\/wp-content\/uploads\/2019\/02\/Inalva.jpg 2000w, https:\/\/rioonwatch.org.br\/wp-content\/uploads\/2019\/02\/Inalva-470x264.jpg 470w, https:\/\/rioonwatch.org.br\/wp-content\/uploads\/2019\/02\/Inalva-620x348.jpg 620w, https:\/\/rioonwatch.org.br\/wp-content\/uploads\/2019\/02\/Inalva-768x432.jpg 768w, https:\/\/rioonwatch.org.br\/wp-content\/uploads\/2019\/02\/Inalva-1024x575.jpg 1024w, https:\/\/rioonwatch.org.br\/wp-content\/uploads\/2019\/02\/Inalva-580x326.jpg 580w, https:\/\/rioonwatch.org.br\/wp-content\/uploads\/2019\/02\/Inalva-174x98.jpg 174w\" sizes=\"(max-width: 619px) 100vw, 619px\" \/><\/a><\/p>\n<p>O dia terminou em clima de otimismo. A Vila Aut\u00f3dromo permanece viva e lutando pela consolida\u00e7\u00e3o de seus direitos.<\/p>\n<p><a href=\"http:\/\/rioonwatch.org.br\/wp-content\/uploads\/2019\/02\/Vila-a-noite.jpg\"><img loading=\"lazy\" decoding=\"async\" class=\"aligncenter wp-image-38947\" src=\"http:\/\/rioonwatch.org.br\/wp-content\/uploads\/2019\/02\/Vila-a-noite.jpg\" alt=\"\" width=\"619\" height=\"348\" srcset=\"https:\/\/rioonwatch.org.br\/wp-content\/uploads\/2019\/02\/Vila-a-noite.jpg 2000w, https:\/\/rioonwatch.org.br\/wp-content\/uploads\/2019\/02\/Vila-a-noite-470x264.jpg 470w, https:\/\/rioonwatch.org.br\/wp-content\/uploads\/2019\/02\/Vila-a-noite-620x348.jpg 620w, https:\/\/rioonwatch.org.br\/wp-content\/uploads\/2019\/02\/Vila-a-noite-768x432.jpg 768w, https:\/\/rioonwatch.org.br\/wp-content\/uploads\/2019\/02\/Vila-a-noite-1024x575.jpg 1024w, https:\/\/rioonwatch.org.br\/wp-content\/uploads\/2019\/02\/Vila-a-noite-580x326.jpg 580w, https:\/\/rioonwatch.org.br\/wp-content\/uploads\/2019\/02\/Vila-a-noite-174x98.jpg 174w\" sizes=\"(max-width: 619px) 100vw, 619px\" \/><\/a><\/p>\n<h3>Veja as fotos da Ocupa\u00e7\u00e3o no Flickr abaixo (ou <a href=\"http:\/\/bit.ly\/2SBSmQK\" target=\"_blank\" rel=\"noopener\">clique aqui<\/a>):<\/h3>\n<p><iframe src=\"http:\/\/www.flickr.com\/slideShow\/index.gne?group_id=&amp;user_id=25093702@N00&amp;set_id=72157705295580621&amp;amp\" width=\"620\" height=\"450\" frameborder=\"0\" scrolling=\"no\" align=\"center\"><span data-mce-type=\"bookmark\" style=\"display: inline-block; width: 0px; overflow: hidden; line-height: 0;\" class=\"mce_SELRES_start\"><span data-mce-type=\"bookmark\" style=\"display: inline-block; width: 0px; overflow: hidden; line-height: 0;\" class=\"mce_SELRES_end\">\ufeff<\/span>\ufeff<\/span><span data-mce-type=\"bookmark\" style=\"display: inline-block; width: 0px; overflow: hidden; line-height: 0;\" class=\"mce_SELRES_start\">\ufeff<\/span><span data-mce-type=\"bookmark\" style=\"display: inline-block; width: 0px; overflow: hidden; line-height: 0;\" class=\"mce_SELRES_start\">\ufeff<\/span><span data-mce-type=\"bookmark\" style=\"display: inline-block; width: 0px; overflow: hidden; line-height: 0;\" class=\"mce_SELRES_start\">\ufeff<\/span><span data-mce-type=\"bookmark\" style=\"display: inline-block; width: 0px; overflow: hidden; line-height: 0;\" class=\"mce_SELRES_start\">\ufeff<\/span><span data-mce-type=\"bookmark\" style=\"display: inline-block; width: 0px; overflow: hidden; line-height: 0;\" class=\"mce_SELRES_start\">\ufeff<\/span><span data-mce-type=\"bookmark\" style=\"display: inline-block; width: 0px; overflow: hidden; line-height: 0;\" class=\"mce_SELRES_start\">\ufeff<\/span><\/iframe><\/p>\n<!-- AddThis Advanced Settings generic via filter on the_content --><!-- AddThis Share Buttons generic via filter on the_content -->","protected":false},"excerpt":{"rendered":"<div class=\"mh-excerpt\"><p>\u00a0Click Here for English S\u00e1bado, dia 9 de fevereiro,\u00a0foi dia de festa e luta para a Vila Aut\u00f3dromo. A ocupa\u00e7\u00e3o cultural\u00a0 foi organizada com o intuito de pressionar o Prefeito Marcelo Crivella a cumprir o <a class=\"mh-excerpt-more\" href=\"https:\/\/rioonwatch.org.br\/?p=38913\" title=\"Ocupa BRT Vila Aut\u00f3dromo [IMAGENS]\">[&#8230;]<\/a><!-- AddThis Advanced Settings generic via filter on get_the_excerpt --><!-- AddThis Share Buttons generic via filter on get_the_excerpt --><\/p>\n<\/div>","protected":false},"author":162,"featured_media":38921,"comment_status":"closed","ping_status":"closed","sticky":false,"template":"","format":"standard","meta":{"_acf_changed":false,"_monsterinsights_skip_tracking":false,"_monsterinsights_sitenote_active":false,"_monsterinsights_sitenote_note":"","_monsterinsights_sitenote_category":0,"footnotes":""},"categories":[1614,2051,1635,1621,1627,1633],"tags":[497,922,407,763,432,55,184],"writer":[2578,2592],"translator":[],"source":[],"ilustrador":[],"fotografo":[],"class_list":{"0":"post-38913","1":"post","2":"type-post","3":"status-publish","4":"format-standard","5":"has-post-thumbnail","7":"category-olhonasremocoes","8":"category-olhonolegado","9":"category-1635","10":"category-destaque","11":"category-relato-de-evento","12":"category-foto-reportagens","13":"tag-brt","14":"tag-evento","15":"tag-ocupacao","16":"tag-protesto","17":"tag-resistencia","18":"tag-vila-autodromo","19":"tag-zona-oeste","20":"writer-maria-luiza-belo","21":"writer-mateus-augusto-rubim"},"acf":[],"yoast_head":"<!-- This site is optimized with the Yoast SEO plugin v25.6 - https:\/\/yoast.com\/wordpress\/plugins\/seo\/ -->\n<title>Ocupa BRT Vila Aut\u00f3dromo [IMAGENS] - RioOnWatch<\/title>\n<meta name=\"robots\" content=\"index, follow, max-snippet:-1, max-image-preview:large, max-video-preview:-1\" \/>\n<link rel=\"canonical\" href=\"https:\/\/rioonwatch.org.br\/?p=38913\" \/>\n<meta property=\"og:locale\" content=\"pt_BR\" \/>\n<meta property=\"og:type\" content=\"article\" \/>\n<meta property=\"og:title\" content=\"Ocupa BRT Vila Aut\u00f3dromo [IMAGENS] - RioOnWatch\" \/>\n<meta property=\"og:description\" content=\"\u00a0Click Here for English S\u00e1bado, dia 9 de fevereiro,\u00a0foi dia de festa e luta para a Vila Aut\u00f3dromo. A ocupa\u00e7\u00e3o cultural\u00a0 foi organizada com o intuito de pressionar o Prefeito Marcelo Crivella a cumprir o [...]\" \/>\n<meta property=\"og:url\" content=\"https:\/\/rioonwatch.org.br\/?p=38913\" \/>\n<meta property=\"og:site_name\" content=\"RioOnWatch\" \/>\n<meta property=\"article:published_time\" content=\"2019-02-16T12:26:35+00:00\" \/>\n<meta property=\"article:modified_time\" content=\"2019-02-19T16:50:49+00:00\" \/>\n<meta property=\"og:image\" content=\"https:\/\/rioonwatch.org.br\/wp-content\/uploads\/2019\/02\/00550026-2-scaled.jpg\" \/>\n\t<meta property=\"og:image:width\" content=\"1697\" \/>\n\t<meta property=\"og:image:height\" content=\"2560\" \/>\n\t<meta property=\"og:image:type\" content=\"image\/jpeg\" \/>\n<meta name=\"author\" content=\"Maria Luiza Belo\" \/>\n<meta name=\"twitter:card\" content=\"summary_large_image\" \/>\n<meta name=\"twitter:label1\" content=\"Escrito por\" \/>\n\t<meta name=\"twitter:data1\" content=\"Maria Luiza Belo\" \/>\n\t<meta name=\"twitter:label2\" content=\"Est. tempo de leitura\" \/>\n\t<meta name=\"twitter:data2\" content=\"3 minutos\" \/>\n<script type=\"application\/ld+json\" class=\"yoast-schema-graph\">{\"@context\":\"https:\/\/schema.org\",\"@graph\":[{\"@type\":\"Article\",\"@id\":\"https:\/\/rioonwatch.org.br\/?p=38913#article\",\"isPartOf\":{\"@id\":\"https:\/\/rioonwatch.org.br\/?p=38913\"},\"author\":{\"name\":\"Maria Luiza Belo\",\"@id\":\"https:\/\/rioonwatch.org.br\/#\/schema\/person\/3783f158dc82de4eabdf71efc959d6ba\"},\"headline\":\"Ocupa BRT Vila Aut\u00f3dromo [IMAGENS]\",\"datePublished\":\"2019-02-16T12:26:35+00:00\",\"dateModified\":\"2019-02-19T16:50:49+00:00\",\"mainEntityOfPage\":{\"@id\":\"https:\/\/rioonwatch.org.br\/?p=38913\"},\"wordCount\":634,\"publisher\":{\"@id\":\"https:\/\/rioonwatch.org.br\/#organization\"},\"image\":{\"@id\":\"https:\/\/rioonwatch.org.br\/?p=38913#primaryimage\"},\"thumbnailUrl\":\"https:\/\/rioonwatch.org.br\/wp-content\/uploads\/2019\/02\/00550026-2-scaled.jpg\",\"keywords\":[\"BRT\",\"evento\",\"Ocupa\u00e7\u00e3o\",\"protesto\",\"resist\u00eancia\",\"Vila Aut\u00f3dromo\",\"Zona Oeste\"],\"articleSection\":[\"#OlhoNasRemo\u00e7\u00f5es\",\"#OlhoNoLegado\",\"#Rio2016\",\"*Destaque\",\"Cobertura de Eventos\",\"Fotorreportagens\"],\"inLanguage\":\"pt-BR\"},{\"@type\":\"WebPage\",\"@id\":\"https:\/\/rioonwatch.org.br\/?p=38913\",\"url\":\"https:\/\/rioonwatch.org.br\/?p=38913\",\"name\":\"Ocupa BRT Vila Aut\u00f3dromo [IMAGENS] - RioOnWatch\",\"isPartOf\":{\"@id\":\"https:\/\/rioonwatch.org.br\/#website\"},\"primaryImageOfPage\":{\"@id\":\"https:\/\/rioonwatch.org.br\/?p=38913#primaryimage\"},\"image\":{\"@id\":\"https:\/\/rioonwatch.org.br\/?p=38913#primaryimage\"},\"thumbnailUrl\":\"https:\/\/rioonwatch.org.br\/wp-content\/uploads\/2019\/02\/00550026-2-scaled.jpg\",\"datePublished\":\"2019-02-16T12:26:35+00:00\",\"dateModified\":\"2019-02-19T16:50:49+00:00\",\"breadcrumb\":{\"@id\":\"https:\/\/rioonwatch.org.br\/?p=38913#breadcrumb\"},\"inLanguage\":\"pt-BR\",\"potentialAction\":[{\"@type\":\"ReadAction\",\"target\":[\"https:\/\/rioonwatch.org.br\/?p=38913\"]}]},{\"@type\":\"ImageObject\",\"inLanguage\":\"pt-BR\",\"@id\":\"https:\/\/rioonwatch.org.br\/?p=38913#primaryimage\",\"url\":\"https:\/\/rioonwatch.org.br\/wp-content\/uploads\/2019\/02\/00550026-2-scaled.jpg\",\"contentUrl\":\"https:\/\/rioonwatch.org.br\/wp-content\/uploads\/2019\/02\/00550026-2-scaled.jpg\",\"width\":1697,\"height\":2560,\"caption\":\"Foto por Mateus Augusto Rubim\"},{\"@type\":\"BreadcrumbList\",\"@id\":\"https:\/\/rioonwatch.org.br\/?p=38913#breadcrumb\",\"itemListElement\":[{\"@type\":\"ListItem\",\"position\":1,\"name\":\"In\u00edcio\",\"item\":\"https:\/\/rioonwatch.org.br\/\"},{\"@type\":\"ListItem\",\"position\":2,\"name\":\"Ocupa BRT Vila Aut\u00f3dromo [IMAGENS]\"}]},{\"@type\":\"WebSite\",\"@id\":\"https:\/\/rioonwatch.org.br\/#website\",\"url\":\"https:\/\/rioonwatch.org.br\/\",\"name\":\"RioOnWatch\",\"description\":\"relatos das favelas cariocas\",\"publisher\":{\"@id\":\"https:\/\/rioonwatch.org.br\/#organization\"},\"potentialAction\":[{\"@type\":\"SearchAction\",\"target\":{\"@type\":\"EntryPoint\",\"urlTemplate\":\"https:\/\/rioonwatch.org.br\/?s={search_term_string}\"},\"query-input\":{\"@type\":\"PropertyValueSpecification\",\"valueRequired\":true,\"valueName\":\"search_term_string\"}}],\"inLanguage\":\"pt-BR\"},{\"@type\":\"Organization\",\"@id\":\"https:\/\/rioonwatch.org.br\/#organization\",\"name\":\"RioOnWatch\",\"url\":\"https:\/\/rioonwatch.org.br\/\",\"logo\":{\"@type\":\"ImageObject\",\"inLanguage\":\"pt-BR\",\"@id\":\"https:\/\/rioonwatch.org.br\/#\/schema\/logo\/image\/\",\"url\":\"https:\/\/rioonwatch.org.br\/wp-content\/uploads\/2021\/06\/RioOnWatchcabecalhoPT11anos-2.png\",\"contentUrl\":\"https:\/\/rioonwatch.org.br\/wp-content\/uploads\/2021\/06\/RioOnWatchcabecalhoPT11anos-2.png\",\"width\":779,\"height\":277,\"caption\":\"RioOnWatch\"},\"image\":{\"@id\":\"https:\/\/rioonwatch.org.br\/#\/schema\/logo\/image\/\"}},{\"@type\":\"Person\",\"@id\":\"https:\/\/rioonwatch.org.br\/#\/schema\/person\/3783f158dc82de4eabdf71efc959d6ba\",\"name\":\"Maria Luiza Belo\",\"image\":{\"@type\":\"ImageObject\",\"inLanguage\":\"pt-BR\",\"@id\":\"https:\/\/rioonwatch.org.br\/#\/schema\/person\/image\/\",\"url\":\"https:\/\/secure.gravatar.com\/avatar\/5c21aab278b08fd06edd8efd8b4a56f7?s=96&d=blank&r=g\",\"contentUrl\":\"https:\/\/secure.gravatar.com\/avatar\/5c21aab278b08fd06edd8efd8b4a56f7?s=96&d=blank&r=g\",\"caption\":\"Maria Luiza Belo\"},\"url\":\"https:\/\/rioonwatch.org.br\/?author=162\"}]}<\/script>\n<!-- \/ Yoast SEO plugin. -->","yoast_head_json":{"title":"Ocupa BRT Vila Aut\u00f3dromo [IMAGENS] - RioOnWatch","robots":{"index":"index","follow":"follow","max-snippet":"max-snippet:-1","max-image-preview":"max-image-preview:large","max-video-preview":"max-video-preview:-1"},"canonical":"https:\/\/rioonwatch.org.br\/?p=38913","og_locale":"pt_BR","og_type":"article","og_title":"Ocupa BRT Vila Aut\u00f3dromo [IMAGENS] - RioOnWatch","og_description":"\u00a0Click Here for English S\u00e1bado, dia 9 de fevereiro,\u00a0foi dia de festa e luta para a Vila Aut\u00f3dromo. A ocupa\u00e7\u00e3o cultural\u00a0 foi organizada com o intuito de pressionar o Prefeito Marcelo Crivella a cumprir o [...]","og_url":"https:\/\/rioonwatch.org.br\/?p=38913","og_site_name":"RioOnWatch","article_published_time":"2019-02-16T12:26:35+00:00","article_modified_time":"2019-02-19T16:50:49+00:00","og_image":[{"width":1697,"height":2560,"url":"https:\/\/rioonwatch.org.br\/wp-content\/uploads\/2019\/02\/00550026-2-scaled.jpg","type":"image\/jpeg"}],"author":"Maria Luiza Belo","twitter_card":"summary_large_image","twitter_misc":{"Escrito por":"Maria Luiza Belo","Est. tempo de leitura":"3 minutos"},"schema":{"@context":"https:\/\/schema.org","@graph":[{"@type":"Article","@id":"https:\/\/rioonwatch.org.br\/?p=38913#article","isPartOf":{"@id":"https:\/\/rioonwatch.org.br\/?p=38913"},"author":{"name":"Maria Luiza Belo","@id":"https:\/\/rioonwatch.org.br\/#\/schema\/person\/3783f158dc82de4eabdf71efc959d6ba"},"headline":"Ocupa BRT Vila Aut\u00f3dromo [IMAGENS]","datePublished":"2019-02-16T12:26:35+00:00","dateModified":"2019-02-19T16:50:49+00:00","mainEntityOfPage":{"@id":"https:\/\/rioonwatch.org.br\/?p=38913"},"wordCount":634,"publisher":{"@id":"https:\/\/rioonwatch.org.br\/#organization"},"image":{"@id":"https:\/\/rioonwatch.org.br\/?p=38913#primaryimage"},"thumbnailUrl":"https:\/\/rioonwatch.org.br\/wp-content\/uploads\/2019\/02\/00550026-2-scaled.jpg","keywords":["BRT","evento","Ocupa\u00e7\u00e3o","protesto","resist\u00eancia","Vila Aut\u00f3dromo","Zona Oeste"],"articleSection":["#OlhoNasRemo\u00e7\u00f5es","#OlhoNoLegado","#Rio2016","*Destaque","Cobertura de Eventos","Fotorreportagens"],"inLanguage":"pt-BR"},{"@type":"WebPage","@id":"https:\/\/rioonwatch.org.br\/?p=38913","url":"https:\/\/rioonwatch.org.br\/?p=38913","name":"Ocupa BRT Vila Aut\u00f3dromo [IMAGENS] - RioOnWatch","isPartOf":{"@id":"https:\/\/rioonwatch.org.br\/#website"},"primaryImageOfPage":{"@id":"https:\/\/rioonwatch.org.br\/?p=38913#primaryimage"},"image":{"@id":"https:\/\/rioonwatch.org.br\/?p=38913#primaryimage"},"thumbnailUrl":"https:\/\/rioonwatch.org.br\/wp-content\/uploads\/2019\/02\/00550026-2-scaled.jpg","datePublished":"2019-02-16T12:26:35+00:00","dateModified":"2019-02-19T16:50:49+00:00","breadcrumb":{"@id":"https:\/\/rioonwatch.org.br\/?p=38913#breadcrumb"},"inLanguage":"pt-BR","potentialAction":[{"@type":"ReadAction","target":["https:\/\/rioonwatch.org.br\/?p=38913"]}]},{"@type":"ImageObject","inLanguage":"pt-BR","@id":"https:\/\/rioonwatch.org.br\/?p=38913#primaryimage","url":"https:\/\/rioonwatch.org.br\/wp-content\/uploads\/2019\/02\/00550026-2-scaled.jpg","contentUrl":"https:\/\/rioonwatch.org.br\/wp-content\/uploads\/2019\/02\/00550026-2-scaled.jpg","width":1697,"height":2560,"caption":"Foto por Mateus Augusto Rubim"},{"@type":"BreadcrumbList","@id":"https:\/\/rioonwatch.org.br\/?p=38913#breadcrumb","itemListElement":[{"@type":"ListItem","position":1,"name":"In\u00edcio","item":"https:\/\/rioonwatch.org.br\/"},{"@type":"ListItem","position":2,"name":"Ocupa BRT Vila Aut\u00f3dromo [IMAGENS]"}]},{"@type":"WebSite","@id":"https:\/\/rioonwatch.org.br\/#website","url":"https:\/\/rioonwatch.org.br\/","name":"RioOnWatch","description":"relatos das favelas cariocas","publisher":{"@id":"https:\/\/rioonwatch.org.br\/#organization"},"potentialAction":[{"@type":"SearchAction","target":{"@type":"EntryPoint","urlTemplate":"https:\/\/rioonwatch.org.br\/?s={search_term_string}"},"query-input":{"@type":"PropertyValueSpecification","valueRequired":true,"valueName":"search_term_string"}}],"inLanguage":"pt-BR"},{"@type":"Organization","@id":"https:\/\/rioonwatch.org.br\/#organization","name":"RioOnWatch","url":"https:\/\/rioonwatch.org.br\/","logo":{"@type":"ImageObject","inLanguage":"pt-BR","@id":"https:\/\/rioonwatch.org.br\/#\/schema\/logo\/image\/","url":"https:\/\/rioonwatch.org.br\/wp-content\/uploads\/2021\/06\/RioOnWatchcabecalhoPT11anos-2.png","contentUrl":"https:\/\/rioonwatch.org.br\/wp-content\/uploads\/2021\/06\/RioOnWatchcabecalhoPT11anos-2.png","width":779,"height":277,"caption":"RioOnWatch"},"image":{"@id":"https:\/\/rioonwatch.org.br\/#\/schema\/logo\/image\/"}},{"@type":"Person","@id":"https:\/\/rioonwatch.org.br\/#\/schema\/person\/3783f158dc82de4eabdf71efc959d6ba","name":"Maria Luiza Belo","image":{"@type":"ImageObject","inLanguage":"pt-BR","@id":"https:\/\/rioonwatch.org.br\/#\/schema\/person\/image\/","url":"https:\/\/secure.gravatar.com\/avatar\/5c21aab278b08fd06edd8efd8b4a56f7?s=96&d=blank&r=g","contentUrl":"https:\/\/secure.gravatar.com\/avatar\/5c21aab278b08fd06edd8efd8b4a56f7?s=96&d=blank&r=g","caption":"Maria Luiza Belo"},"url":"https:\/\/rioonwatch.org.br\/?author=162"}]}},"_links":{"self":[{"href":"https:\/\/rioonwatch.org.br\/index.php?rest_route=\/wp\/v2\/posts\/38913"}],"collection":[{"href":"https:\/\/rioonwatch.org.br\/index.php?rest_route=\/wp\/v2\/posts"}],"about":[{"href":"https:\/\/rioonwatch.org.br\/index.php?rest_route=\/wp\/v2\/types\/post"}],"author":[{"embeddable":true,"href":"https:\/\/rioonwatch.org.br\/index.php?rest_route=\/wp\/v2\/users\/162"}],"replies":[{"embeddable":true,"href":"https:\/\/rioonwatch.org.br\/index.php?rest_route=%2Fwp%2Fv2%2Fcomments&post=38913"}],"version-history":[{"count":14,"href":"https:\/\/rioonwatch.org.br\/index.php?rest_route=\/wp\/v2\/posts\/38913\/revisions"}],"predecessor-version":[{"id":39002,"href":"https:\/\/rioonwatch.org.br\/index.php?rest_route=\/wp\/v2\/posts\/38913\/revisions\/39002"}],"wp:featuredmedia":[{"embeddable":true,"href":"https:\/\/rioonwatch.org.br\/index.php?rest_route=\/wp\/v2\/media\/38921"}],"wp:attachment":[{"href":"https:\/\/rioonwatch.org.br\/index.php?rest_route=%2Fwp%2Fv2%2Fmedia&parent=38913"}],"wp:term":[{"taxonomy":"category","embeddable":true,"href":"https:\/\/rioonwatch.org.br\/index.php?rest_route=%2Fwp%2Fv2%2Fcategories&post=38913"},{"taxonomy":"post_tag","embeddable":true,"href":"https:\/\/rioonwatch.org.br\/index.php?rest_route=%2Fwp%2Fv2%2Ftags&post=38913"},{"taxonomy":"writer","embeddable":true,"href":"https:\/\/rioonwatch.org.br\/index.php?rest_route=%2Fwp%2Fv2%2Fwriter&post=38913"},{"taxonomy":"translator","embeddable":true,"href":"https:\/\/rioonwatch.org.br\/index.php?rest_route=%2Fwp%2Fv2%2Ftranslator&post=38913"},{"taxonomy":"source","embeddable":true,"href":"https:\/\/rioonwatch.org.br\/index.php?rest_route=%2Fwp%2Fv2%2Fsource&post=38913"},{"taxonomy":"ilustrador","embeddable":true,"href":"https:\/\/rioonwatch.org.br\/index.php?rest_route=%2Fwp%2Fv2%2Filustrador&post=38913"},{"taxonomy":"fotografo","embeddable":true,"href":"https:\/\/rioonwatch.org.br\/index.php?rest_route=%2Fwp%2Fv2%2Ffotografo&post=38913"}],"curies":[{"name":"wp","href":"https:\/\/api.w.org\/{rel}","templated":true}]}}