{"id":38962,"date":"2019-02-19T10:58:56","date_gmt":"2019-02-19T13:58:56","guid":{"rendered":"http:\/\/rioonwatch.org.br\/?p=38962"},"modified":"2023-05-09T09:56:21","modified_gmt":"2023-05-09T12:56:21","slug":"chamados-de-invasores-moradores-da-centenaria-favela-trapicheiros-se-mobilizam-para-mudar-a-narrativa-e-afirmar-seus-direitos","status":"publish","type":"post","link":"https:\/\/rioonwatch.org.br\/?p=38962","title":{"rendered":"Chamados de &#8216;Invasores&#8217;, Moradores da Centen\u00e1ria Favela Trapicheiros na Tijuca se Mobilizam"},"content":{"rendered":"<p style=\"text-align: right;\"><span data-ccp-props=\"{&quot;201341983&quot;:0,&quot;335559739&quot;:160,&quot;335559740&quot;:259}\">\u00a0<\/span><em><strong><a href=\"http:\/\/bit.ly\/2StQk51\" target=\"_blank\" rel=\"noopener noreferrer\">Click Here for English<\/a><a href=\"http:\/\/bit.ly\/2StQk51\" target=\"_blank\" rel=\"noopener noreferrer\"><img decoding=\"async\" width=\"20\" height=\"20\" class=\"alignright wp-image-15790\" src=\"http:\/\/rioonwatch.org.br\/wp-content\/uploads\/2012\/08\/EN-standard-e1439583104716.jpg\" \/><\/a><\/strong><\/em><\/p>\n<p>No in\u00edcio de outubro de 2018, os moradores do Trapicheiros\u2014uma pequena favela de 52 fam\u00edlias situada perto do\u00a0<a href=\"http:\/\/bit.ly\/2abkxku\" target=\"_blank\" rel=\"noopener noreferrer\">Morro do Salgueiro<\/a> na <a href=\"http:\/\/bit.ly\/2agWKNB\" target=\"_blank\" rel=\"noopener noreferrer\">Tijuca<\/a>, <a href=\"http:\/\/bit.ly\/2a9pxBf\" target=\"_blank\" rel=\"noopener noreferrer\">Zona Norte<\/a> do Rio\u2014come\u00e7ou a receber mensagens de ass\u00e9dio de estranhos na internet. <a href=\"https:\/\/glo.bo\/2QtQROT\" target=\"_blank\" rel=\"noopener noreferrer\">Uma mat\u00e9ria<\/a> publicada em 5 de outubro no <em>O Globo<\/em> e compartilhada pelo grupo <a href=\"http:\/\/bit.ly\/2QJnPPG\" target=\"_blank\" rel=\"noopener noreferrer\">Alerta Tijucano<\/a> no Facebook viralizou e levou a pac\u00edfica comunidade \u00e0s manchetes de not\u00edcias. \u201cQuando fui ler a mat\u00e9ria, fiquei muito entristecido com a forma que a mat\u00e9ria foi lan\u00e7ada, sem nenhum tipo de apura\u00e7\u00e3o. Isso foi divulgado de uma forma t\u00e3o grande, a ponto de pessoas que participam desse grupo [do Facebook] chamarem a gente de vagabundos\u201d, relembra A\u00edlton Gon\u00e7alves Lopes, segundo secret\u00e1rio da Associa\u00e7\u00e3o de Moradores do Trapicheiros.<\/p>\n<p><a href=\"http:\/\/rioonwatch.org.br\/wp-content\/uploads\/2019\/02\/Ailton-Lopes.png\"><img fetchpriority=\"high\" decoding=\"async\" class=\"aligncenter wp-image-38971 size-medium\" title=\"Ailton Gon\u00e7alves Lopes, segundo secret\u00e1rio da Associa\u00e7\u00e3o de Moradores de Trapicheiros\" src=\"http:\/\/rioonwatch.org.br\/wp-content\/uploads\/2019\/02\/Ailton-Lopes-620x357.png\" alt=\"\" width=\"620\" height=\"357\" srcset=\"https:\/\/rioonwatch.org.br\/wp-content\/uploads\/2019\/02\/Ailton-Lopes-620x357.png 620w, https:\/\/rioonwatch.org.br\/wp-content\/uploads\/2019\/02\/Ailton-Lopes-459x264.png 459w, https:\/\/rioonwatch.org.br\/wp-content\/uploads\/2019\/02\/Ailton-Lopes-768x442.png 768w, https:\/\/rioonwatch.org.br\/wp-content\/uploads\/2019\/02\/Ailton-Lopes-1024x589.png 1024w, https:\/\/rioonwatch.org.br\/wp-content\/uploads\/2019\/02\/Ailton-Lopes.png 2000w\" sizes=\"(max-width: 620px) 100vw, 620px\" \/><\/a><\/p>\n<p>A mat\u00e9ria afirmava que uma nova favela estava sendo constru\u00edda entre tr\u00eas favelas vizinhas\u2014Trapicheiros, Coreia e Salgueiro\u2014o que, com o tempo, poderia eventualmente levar \u00e0 forma\u00e7\u00e3o de uma \u201csuperfavela\u201d. O p\u00e2nico se instaurou. Acompanhando a mat\u00e9ria havia uma <a href=\"http:\/\/bit.ly\/2V1Pzh0\" target=\"_blank\" rel=\"noopener noreferrer\">foto<\/a> que, de fato, mostra um peda\u00e7o do Trapicheiros\u2014explicando, em parte, porque os moradores receberam tantas mensagens de ass\u00e9dio conforme a mat\u00e9ria ganhava notoriedade. Em primeiro lugar, a mat\u00e9ria sugere que a comunidade est\u00e1 situada em uma \u00e1rea de prote\u00e7\u00e3o ambiental e que os moradores estavam queimando a vegeta\u00e7\u00e3o para abrir espa\u00e7o\u2014ambas alega\u00e7\u00f5es falsas. Em segundo lugar, o artigo fundamenta as alega\u00e7\u00f5es especulativas dos moradores do condom\u00ednio vizinho\u2014um condom\u00ednio que por sua vez tem apenas alguns anos de funcionamento\u2014no simples fato da exist\u00eancia de\u00a0materiais de constru\u00e7\u00e3o no local. De acordo com moradores, um membro da comunidade estava apenas terminando obras no piso de sua casa j\u00e1 existente quando as fotos invasivas foram tiradas.<\/p>\n<p><a href=\"http:\/\/rioonwatch.org.br\/wp-content\/uploads\/2019\/02\/Limites-do-Condom\u00ednio-Trapicheiros.jpg\"><img decoding=\"async\" class=\"aligncenter wp-image-38974 size-medium\" title=\"Muro constru\u00eddo pelo condom\u00ednio entre o condom\u00ednio e a comunidade.\" src=\"http:\/\/rioonwatch.org.br\/wp-content\/uploads\/2019\/02\/Limites-do-Condom\u00ednio-Trapicheiros-620x348.jpg\" alt=\"\" width=\"620\" height=\"348\" srcset=\"https:\/\/rioonwatch.org.br\/wp-content\/uploads\/2019\/02\/Limites-do-Condom\u00ednio-Trapicheiros-620x348.jpg 620w, https:\/\/rioonwatch.org.br\/wp-content\/uploads\/2019\/02\/Limites-do-Condom\u00ednio-Trapicheiros-470x264.jpg 470w, https:\/\/rioonwatch.org.br\/wp-content\/uploads\/2019\/02\/Limites-do-Condom\u00ednio-Trapicheiros-768x432.jpg 768w, https:\/\/rioonwatch.org.br\/wp-content\/uploads\/2019\/02\/Limites-do-Condom\u00ednio-Trapicheiros-1024x575.jpg 1024w, https:\/\/rioonwatch.org.br\/wp-content\/uploads\/2019\/02\/Limites-do-Condom\u00ednio-Trapicheiros-580x326.jpg 580w, https:\/\/rioonwatch.org.br\/wp-content\/uploads\/2019\/02\/Limites-do-Condom\u00ednio-Trapicheiros-174x98.jpg 174w, https:\/\/rioonwatch.org.br\/wp-content\/uploads\/2019\/02\/Limites-do-Condom\u00ednio-Trapicheiros.jpg 2000w\" sizes=\"(max-width: 620px) 100vw, 620px\" \/><\/a><\/p>\n<p>Sendo assim, <em>O Globo<\/em> publicou informa\u00e7\u00f5es sem fundamento, possivelmente a mando dos moradores do condom\u00ednio vizinho, o que pode ser considerado uma tentativa de prejudicar moradores do Trapicheiros a partir da condu\u00e7\u00e3o de uma narrativa falsa sobre a comunidade, ap\u00f3s diversos anos de press\u00e3o para sua remo\u00e7\u00e3o. Sem nenhuma voz que seja do Trapicheiros, a mat\u00e9ria \u00e9 emblem\u00e1tica, pois demostra a necessidade da luta da comunidade para garantir o direito \u00e0 terra e viver em paz. Com a esperan\u00e7a de seguir em frente, ao longo dos \u00faltimos meses, moradores do Trapicheiros t\u00eam se reunido e se mobilizado para desconstruir a narrativa negativa imposta sobre eles.<\/p>\n<p><a href=\"http:\/\/rioonwatch.org.br\/wp-content\/uploads\/2019\/02\/Trapicheiros-casas.jpg\"><img loading=\"lazy\" decoding=\"async\" class=\"aligncenter wp-image-38972 size-medium\" title=\"Casas na comunidade.\" src=\"http:\/\/rioonwatch.org.br\/wp-content\/uploads\/2019\/02\/Trapicheiros-casas-620x348.jpg\" alt=\"\" width=\"620\" height=\"348\" srcset=\"https:\/\/rioonwatch.org.br\/wp-content\/uploads\/2019\/02\/Trapicheiros-casas-620x348.jpg 620w, https:\/\/rioonwatch.org.br\/wp-content\/uploads\/2019\/02\/Trapicheiros-casas-470x264.jpg 470w, https:\/\/rioonwatch.org.br\/wp-content\/uploads\/2019\/02\/Trapicheiros-casas-768x432.jpg 768w, https:\/\/rioonwatch.org.br\/wp-content\/uploads\/2019\/02\/Trapicheiros-casas-1024x575.jpg 1024w, https:\/\/rioonwatch.org.br\/wp-content\/uploads\/2019\/02\/Trapicheiros-casas-580x326.jpg 580w, https:\/\/rioonwatch.org.br\/wp-content\/uploads\/2019\/02\/Trapicheiros-casas-174x98.jpg 174w, https:\/\/rioonwatch.org.br\/wp-content\/uploads\/2019\/02\/Trapicheiros-casas.jpg 2000w\" sizes=\"(max-width: 620px) 100vw, 620px\" \/><\/a><\/p>\n<p>De acordo com a mat\u00e9ria do\u00a0<em>O Globo<\/em>, a hist\u00f3ria da comunidade se inicia quarenta anos atr\u00e1s. Na realidade, a hist\u00f3ria do Trapicheiros se iniciou h\u00e1 mais de um s\u00e9culo, quando as primeiras casas foram constru\u00eddas de madeira e lat\u00e3o. Conforme identificado pelos historiadores Lilian Vaz e Maur\u00edcio Abreu, <a href=\"http:\/\/bit.ly\/2GyKQAu\" target=\"_blank\" rel=\"noopener noreferrer\">um dos registros mais antigos<\/a> da comunidade que mais tarde se tornaria Trapicheiros pode ser encontrado no C\u00f3digo Sanit\u00e1rio Municipal do Rio de Janeiro de 1881 (publicamente acess\u00edvel no <a href=\"http:\/\/bit.ly\/2MUOfZK\" target=\"_blank\" rel=\"noopener noreferrer\">Arquivo Geral da Cidade do Rio de Janeiro<\/a>), no qual autoridades documentaram a presen\u00e7a de 12 pequenos casebres. Enquanto a comunidade s\u00f3 se consolidou no in\u00edcio do s\u00e9culo XX\u2014a maioria dos moradores afirma que sua hist\u00f3ria remonta a aproximadamente 80-100 anos\u2014essas origens remotas, descritas como uma \u201cfavela embrion\u00e1ria\u201d por Lilian e Maur\u00edcio, indica que Trapicheiros est\u00e1 <a href=\"http:\/\/bit.ly\/2cUojex\" target=\"_blank\" rel=\"noopener noreferrer\">entre as favelas mais antigas de toda a cidade<\/a> do Rio (<a href=\"http:\/\/bit.ly\/1FM0mN6\" target=\"_blank\" rel=\"noopener noreferrer\">antecedendo inclusive a aboli\u00e7\u00e3o da escravatura no Brasil<\/a>). Anteriormente, a \u00e1rea era propriedade de um dono de terras, que a dividiu e alugou \u00e0s fam\u00edlias\u2014uma pr\u00e1tica historicamente comum no desenvolvimento dos bairros do Rio\u2014muitas das quais trabalhavam para as fam\u00edlias abastadas da regi\u00e3o que hoje \u00e9 a Tijuca. D\u00e9cadas depois, o dono desapareceu completamente.<\/p>\n<p>\u201cNossa hist\u00f3ria aqui sempre foi uma hist\u00f3ria muito bonita\u201d, descreveu Ana Cristina Fel\u00edcio Lopes, secret\u00e1ria da Associa\u00e7\u00e3o de Moradores. &#8220;Quando\u00a0crian\u00e7as, n\u00f3s n\u00e3o vimos o sacrif\u00edcio dos nossos av\u00f3s. A gente entendia que aqui era o melhor lugar para se viver, porque est\u00e1vamos em fam\u00edlia, est\u00e1vamos perto de pessoas que nos am\u00e1vamos. S\u00f3 que era uma vida de muito esfor\u00e7o\u201d, conta A\u00edlton. Diversos moradores mais velhos do Trapicheiros trabalhavam lavando as roupas de fam\u00edlias que moravam perto. \u201cElas iam muito cedo para cuidar das roupas das madames, que s\u00e3o as pessoas que continuam com suas fam\u00edlias na rua [do lado]. S\u00e3o as mesmas pessoas, talvez uma outra gera\u00e7\u00e3o, mas as mesmas fam\u00edlias; permanecem os mesmos sobrenomes\u201d,\u00a0A\u00edlton continuou. As crian\u00e7as ajudavam, carregando \u00e1gua em pequenas latas, desde o Rio Trapicheiros nas redondezas: \u201cCheg\u00e1vamos em casa e n\u00e3o tinha mais \u00e1gua, porque [a \u00e1gua] entornava no meio do caminho\u201d, relembrou Selma Maria da Silva Santos, vice presidente da Associa\u00e7\u00e3o de Moradores.<\/p>\n<p>Ao longo do tempo, a comunidade se desenvolveu. A madeira deu lugar ao tijolo, fam\u00edlias cresceram, e um andar expandiu para dois. Hoje em dia, apesar dos desafios, as fam\u00edlias do Trapicheiros continuam com o mesmo esp\u00edrito: trabalhando duro para construir vidas melhores para a pr\u00f3xima gera\u00e7\u00e3o.\u00a0A\u00edlton reafirmou: \u201c\u00c9\u00a0uma comunidade de fam\u00edlias, estamos praticamente na quinta gera\u00e7\u00e3o. \u00c9 uma comunidade muita tranquila, n\u00e3o tem o poder do tr\u00e1fico. S\u00f3 temos um objetivo, melhorar [a comunidade], para que as novas gera\u00e7\u00f5es possam ter um lugar legal [para morar]&#8221;.<\/p>\n<p><a href=\"http:\/\/rioonwatch.org.br\/wp-content\/uploads\/2019\/02\/Trapicheiros-Placa.jpg\"><img loading=\"lazy\" decoding=\"async\" class=\"aligncenter wp-image-38969 size-content\" title=\"Placa na entrada da comunidade.\" src=\"http:\/\/rioonwatch.org.br\/wp-content\/uploads\/2019\/02\/Trapicheiros-Placa-620x264.jpg\" alt=\"\" width=\"620\" height=\"264\" srcset=\"https:\/\/rioonwatch.org.br\/wp-content\/uploads\/2019\/02\/Trapicheiros-Placa-620x264.jpg 620w, https:\/\/rioonwatch.org.br\/wp-content\/uploads\/2019\/02\/Trapicheiros-Placa-940x400.jpg 940w\" sizes=\"(max-width: 620px) 100vw, 620px\" \/><\/a><\/p>\n<p>O caso do Trapicheiros \u00e9 ao mesmo tempo simples e confuso. Por um lado, h\u00e1 a reivindica\u00e7\u00e3o da comunidade pela terra. Cinco gera\u00e7\u00f5es depois\u2014mais de um s\u00e9culo desde que a terra foi ocupada pela primeira vez sem nenhum sinal do propriet\u00e1rio original\u2014a comunidade do Trapicheiros tem um caso extremamente forte para afirmar seu direito \u00e0 terra sob a <a href=\"http:\/\/bit.ly\/2JvN7g4\" target=\"_blank\" rel=\"noopener noreferrer\">Constitui\u00e7\u00e3o brasileira<\/a>, que garante a\u00a0<a href=\"http:\/\/bit.ly\/2gQ5jz4\" target=\"_blank\" rel=\"noopener noreferrer\">usucapi\u00e3o<\/a> em \u00e1reas urbanas ap\u00f3s um per\u00edodo de cinco anos de ocupa\u00e7\u00e3o.<\/p>\n<p>Por outro lado, h\u00e1 apenas cinco anos um novo condom\u00ednio de luxo de dois edif\u00edcios foi constru\u00eddo ao lado. \u201cQuando veio a constru\u00e7\u00e3o de um empreendimento imobili\u00e1rio, eles come\u00e7aram a criar pol\u00eamica com a comunidade. Dizendo que n\u00f3s \u00e9ramos invasores, que est\u00e1vamos desmatando, criando \u00e1rea para prote\u00e7\u00e3o e abrigo de bandidos. Alguns moradores [de l\u00e1] xingavam moradores daqui, filmavam alguns moradores, e isso n\u00e3o \u00e9 legal. Um morador chamava a gente de &#8216;polui\u00e7\u00e3o visual&#8217;\u2014falava que a gente era polui\u00e7\u00e3o visual para eles. Foi quando come\u00e7ou esse embate&#8221;, lembrou A\u00edlton.<\/p>\n<p><a href=\"http:\/\/rioonwatch.org.br\/wp-content\/uploads\/2019\/02\/Condom\u00ednio.jpg\"><img loading=\"lazy\" decoding=\"async\" class=\"aligncenter wp-image-38968 size-content\" title=\"O condom\u00ednio de luxo Atrium Residences &amp; Loft, finalizado em 2014.\" src=\"http:\/\/rioonwatch.org.br\/wp-content\/uploads\/2019\/02\/Condom\u00ednio-620x264.jpg\" alt=\"\" width=\"620\" height=\"264\" srcset=\"https:\/\/rioonwatch.org.br\/wp-content\/uploads\/2019\/02\/Condom\u00ednio-620x264.jpg 620w, https:\/\/rioonwatch.org.br\/wp-content\/uploads\/2019\/02\/Condom\u00ednio-940x400.jpg 940w\" sizes=\"(max-width: 620px) 100vw, 620px\" \/><\/a><\/p>\n<p>O projeto da constru\u00e7\u00e3o foi completado em 2014, por\u00e9m os problemas que acompanham o novo Atrium Residences e Loft j\u00e1 vinham de v\u00e1rios anos antes. \u201cEm 2010, a prefeitura entrou na comunidade demolindo algumas obras. E a\u00ed o <a href=\"http:\/\/bit.ly\/2zPCgW3\" target=\"_blank\" rel=\"noopener noreferrer\">N\u00facleo de Terras e Habita\u00e7\u00e3o<\/a>\u00a0[NUTH, da Defensoria P\u00fablica do Estado], procurado pelos moradores, entrou com a\u00e7\u00e3o judicial para impedir as demoli\u00e7\u00f5es\u201d, afirmou a defensora p\u00fablica do Trapicheiros, Dr\u00aa Adriana Bevilaqua. Entretanto, n\u00e3o parou por a\u00ed. Ap\u00f3s a solicita\u00e7\u00e3o bem-sucedida de uma liminar judicial, os membros da comunidade se recordam que foram abordados por autoridades do governo na tentativa de persuadi-los a aceitar unidades habitacionais p\u00fablicas atrav\u00e9s do programa Minha Casa Minha Vida (<a href=\"http:\/\/bit.ly\/Y4U9oJ\" target=\"_blank\" rel=\"noopener noreferrer\">MCMV<\/a>). Nenhum dos moradores aceitou a oferta, mas a mensagem ficou clara: com a constru\u00e7\u00e3o do novo condom\u00ednio, os la\u00e7os centen\u00e1rios da comunidade do Trapicheiros com sua terra agora estavam em quest\u00e3o, e eles teriam que agir.<\/p>\n<p>O caso do Trapicheiros deixa claro o relacionamento entre as autoridades da prefeitura e interesses privados, especialmente agentes imobili\u00e1rios. A favela Trapicheiros n\u00e3o est\u00e1 dentro da\u00a0<a href=\"http:\/\/bit.ly\/1CGbQBS\" target=\"_blank\" rel=\"noopener noreferrer\">Floresta da Tijuca<\/a>, nem est\u00e1 em uma <a href=\"http:\/\/bit.ly\/2GPlGh9\" target=\"_blank\" rel=\"noopener noreferrer\">\u00e1rea de risco<\/a>; isto foi oficialmente avaliado pelo\u00a0<a href=\"http:\/\/bit.ly\/2qycUcE\">Instituto de Terras e Cartografia do Estado do Rio de Janeiro<\/a>\u00a0(ITERJ), a institui\u00e7\u00e3o estadual respons\u00e1vel por titula\u00e7\u00f5es de terras. No entanto, autoridades ainda tentaram pressionar para a remo\u00e7\u00e3o e, quando mal sucedidos, para o reassentamento das fam\u00edlias sem nenhuma justificativa legal. Os moradores dizem que o conselho administrativo e os propriet\u00e1rios do condom\u00ednio s\u00e3o pr\u00f3ximos do <a href=\"https:\/\/glo.bo\/2MVgTKi\" target=\"_blank\" rel=\"noopener noreferrer\">Superintendente da Tijuca Anderson Carvalho<\/a>. &#8220;Nossa luta n\u00e3o \u00e9 nada mais do que permanecer no lugar onde n\u00f3s temos uma hist\u00f3ria. N\u00e3o podemos deixar que algu\u00e9m chegue [aqui] por causa da especula\u00e7\u00e3o imobili\u00e1ria, e apague a hist\u00f3ria de uma comunidade que j\u00e1 existe h\u00e1 [mais de] 80 anos. A gente nunca ofereceu nenhum tipo de risco para o condom\u00ednio&#8221;,\u00a0diz A\u00edlton. Enquanto os moradores do Atrium Residences e Loft possuem acesso f\u00e1cil tanto \u00e0s autoridades do governo quanto aos principais meios de comunica\u00e7\u00e3o, Trapicheiros n\u00e3o possui esse apoio das autoridades ou m\u00eddia tradicional em sua luta para concretizar seus direitos garantidos constitucionalmente. O presidente da Associa\u00e7\u00e3o de Moradores do Trapicheiros, Paulo Roberto da Silva Machado, adicionou: &#8220;[Mesmo] morando aqui tantos anos, a comunidade sendo centen\u00e1ria, a gente est\u00e1 tendo sempre que provar que a gente pode ficar aqui\u2014que a gente deve ficar aqui, que a gente t\u00eam direito a essa terra&#8221;.<\/p>\n<p><a href=\"http:\/\/rioonwatch.org.br\/wp-content\/uploads\/2019\/02\/Trapicheiros-e-condom\u00ednio2.jpg\"><img loading=\"lazy\" decoding=\"async\" class=\"aligncenter wp-image-38967 size-medium\" title=\"Casa da comunidade \u00e0 esquerda e condom\u00ednio \u00e0 direita.\" src=\"http:\/\/rioonwatch.org.br\/wp-content\/uploads\/2019\/02\/Trapicheiros-e-condom\u00ednio2-620x348.jpg\" alt=\"\" width=\"620\" height=\"348\" srcset=\"https:\/\/rioonwatch.org.br\/wp-content\/uploads\/2019\/02\/Trapicheiros-e-condom\u00ednio2-620x348.jpg 620w, https:\/\/rioonwatch.org.br\/wp-content\/uploads\/2019\/02\/Trapicheiros-e-condom\u00ednio2-470x264.jpg 470w, https:\/\/rioonwatch.org.br\/wp-content\/uploads\/2019\/02\/Trapicheiros-e-condom\u00ednio2-768x432.jpg 768w, https:\/\/rioonwatch.org.br\/wp-content\/uploads\/2019\/02\/Trapicheiros-e-condom\u00ednio2-1024x575.jpg 1024w, https:\/\/rioonwatch.org.br\/wp-content\/uploads\/2019\/02\/Trapicheiros-e-condom\u00ednio2-580x326.jpg 580w, https:\/\/rioonwatch.org.br\/wp-content\/uploads\/2019\/02\/Trapicheiros-e-condom\u00ednio2-174x98.jpg 174w, https:\/\/rioonwatch.org.br\/wp-content\/uploads\/2019\/02\/Trapicheiros-e-condom\u00ednio2.jpg 2000w\" sizes=\"(max-width: 620px) 100vw, 620px\" \/><\/a><\/p>\n<p>Muitos dos servi\u00e7os recentemente oferecidos \u00e0 comunidade t\u00eam vindo no contexto dos esfor\u00e7os para reduzir a \u201cpolui\u00e7\u00e3o visual\u201d percebida pelos moradores do condom\u00ednio, de acordo com os moradores da comunidade do Trapicheiros. Alguns anos antes da inaugura\u00e7\u00e3o do condom\u00ednio, uma equipe de constru\u00e7\u00e3o pintou diversas casas no Trapicheiros e instalou tubula\u00e7\u00f5es novas para o sistema de esgoto da comunidade. Os moradores est\u00e3o convencidos de que isso s\u00f3 foi feito para apaziguar os cond\u00f4minos, com pouca ou nenhuma considera\u00e7\u00e3o \u00e0 comunidade em si. (Notavelmente, a Prefeitura nunca instalou uma infraestrutura de saneamento b\u00e1sico na comunidade em toda sua exist\u00eancia de cem anos.) Al\u00e9m disso, Carvalho (que foi nomeado Superintendente da Tijuca pelo Prefeito <a href=\"http:\/\/bit.ly\/2cIlnDw\" target=\"_blank\" rel=\"noopener noreferrer\">Marcelo Crivella<\/a>) fez v\u00e1rias promessas de ajuda \u00e0 comunidade, mas mais tarde foi tudo negado devido \u00e0s <a href=\"http:\/\/bit.ly\/2JhrJXy\" target=\"_blank\" rel=\"noopener noreferrer\">not\u00edcias de que os membros da comunidade n\u00e3o planejavam<\/a> votar nos pol\u00edticos alinhados com a administra\u00e7\u00e3o do prefeito.<\/p>\n<p><a href=\"http:\/\/rioonwatch.org.br\/wp-content\/uploads\/2019\/02\/Trapicheiros-esgoto.jpg\"><img loading=\"lazy\" decoding=\"async\" class=\"aligncenter wp-image-38966 size-medium\" src=\"http:\/\/rioonwatch.org.br\/wp-content\/uploads\/2019\/02\/Trapicheiros-esgoto-620x348.jpg\" alt=\"\" width=\"620\" height=\"348\" srcset=\"https:\/\/rioonwatch.org.br\/wp-content\/uploads\/2019\/02\/Trapicheiros-esgoto-620x348.jpg 620w, https:\/\/rioonwatch.org.br\/wp-content\/uploads\/2019\/02\/Trapicheiros-esgoto-470x264.jpg 470w, https:\/\/rioonwatch.org.br\/wp-content\/uploads\/2019\/02\/Trapicheiros-esgoto-768x432.jpg 768w, https:\/\/rioonwatch.org.br\/wp-content\/uploads\/2019\/02\/Trapicheiros-esgoto-1024x575.jpg 1024w, https:\/\/rioonwatch.org.br\/wp-content\/uploads\/2019\/02\/Trapicheiros-esgoto-580x326.jpg 580w, https:\/\/rioonwatch.org.br\/wp-content\/uploads\/2019\/02\/Trapicheiros-esgoto-174x98.jpg 174w, https:\/\/rioonwatch.org.br\/wp-content\/uploads\/2019\/02\/Trapicheiros-esgoto.jpg 2000w\" sizes=\"(max-width: 620px) 100vw, 620px\" \/><\/a><\/p>\n<p>Os moradores do condom\u00ednio tamb\u00e9m se revezaram em ataques aos moradores do Trapicheiros, infringindo a lei em processo. Em resposta \u00e0s reclama\u00e7\u00f5es de polui\u00e7\u00e3o visual por parte dos cond\u00f4minos, um grande muro separando o complexo da comunidade foi constru\u00eddo. Quando os moradores do condom\u00ednio reclamaram que o muro n\u00e3o era alto o suficiente, triplicaram seu tamanho\u2014destruindo a vis\u00e3o que a comunidade do Trapicheiros sempre apreciou e a qual as 52 casas da comunidade haviam sido projetadas para desfrutar.<\/p>\n<p><a href=\"http:\/\/rioonwatch.org.br\/wp-content\/uploads\/2019\/02\/Trapicheiros-e-muro.jpg\"><img loading=\"lazy\" decoding=\"async\" class=\"aligncenter wp-image-38965 size-medium\" title=\"Muro que divide a comunidade e o condom\u00ednio.\" src=\"http:\/\/rioonwatch.org.br\/wp-content\/uploads\/2019\/02\/Trapicheiros-e-muro-620x348.jpg\" alt=\"\" width=\"620\" height=\"348\" srcset=\"https:\/\/rioonwatch.org.br\/wp-content\/uploads\/2019\/02\/Trapicheiros-e-muro-620x348.jpg 620w, https:\/\/rioonwatch.org.br\/wp-content\/uploads\/2019\/02\/Trapicheiros-e-muro-470x264.jpg 470w, https:\/\/rioonwatch.org.br\/wp-content\/uploads\/2019\/02\/Trapicheiros-e-muro-768x432.jpg 768w, https:\/\/rioonwatch.org.br\/wp-content\/uploads\/2019\/02\/Trapicheiros-e-muro-1024x575.jpg 1024w, https:\/\/rioonwatch.org.br\/wp-content\/uploads\/2019\/02\/Trapicheiros-e-muro-580x326.jpg 580w, https:\/\/rioonwatch.org.br\/wp-content\/uploads\/2019\/02\/Trapicheiros-e-muro-174x98.jpg 174w, https:\/\/rioonwatch.org.br\/wp-content\/uploads\/2019\/02\/Trapicheiros-e-muro.jpg 2000w\" sizes=\"(max-width: 620px) 100vw, 620px\" \/><\/a><\/p>\n<p>Mais al\u00e9m, em 2018, os moradores do condom\u00ednio filmaram e fotografaram a favela do Trapicheiros usando drones particulares (o que \u00e9 ilegal) e ent\u00e3o denunciaram membros da comunidade para <em>O Globo<\/em>, o que levou \u00e0 publica\u00e7\u00e3o da mat\u00e9ria previamente citada. A mat\u00e9ria de 2018 \u00e9 pelo menos a terceira publicada pelo <em>O Globo<\/em> taxando os moradores de Trapicheiros como \u201cilegais\u201d ou \u201cinvasores\u201d. Em 15 de outubro, de 2005, uma mat\u00e9ria intitulada \u201c<a href=\"http:\/\/bit.ly\/2PR4x5N\" target=\"_blank\" rel=\"noopener noreferrer\">Tijuca, um bairro degradado pela faveliza\u00e7\u00e3o<\/a>\u201d foi publicada sobre os danos causados pelo crescimento de favelas na regi\u00e3o mais ampla da Tijuca, na qual Trapicheiros foi tamb\u00e9m erroneamente chamada de uma \u201cnova\u201d favela. Dez anos depois, em 2 de julho de 2015, <a href=\"https:\/\/glo.bo\/2R8iFMK\" target=\"_blank\" rel=\"noopener noreferrer\">outra mat\u00e9ria<\/a> foi publicada pelo <em>O Globo<\/em>, essa focando nas preocupa\u00e7\u00f5es dos moradores de \u00e1reas formais da Tijuca em rela\u00e7\u00e3o \u00e0s favelas, especificamente focando na favela Trapicheiros e no <a href=\"http:\/\/bit.ly\/1fyVkei\" target=\"_blank\" rel=\"noopener noreferrer\">Morro da Formiga<\/a>. Um homem entrevistado para a mat\u00e9ria afirmou que Trapicheiros havia duplicado de tamanho em dez anos, o que \u00e9 falso tendo em vista a ordem judicial emitida anos antes para conter maiores crescimentos (A Superintend\u00eancia Regional da\u00a0Tijuca na \u00e9poca confirmou que n\u00e3o havia nenhuma evidencia de crescimento).<\/p>\n<p>Embora problem\u00e1ticas em m\u00faltiplas frentes, essas mat\u00e9rias levantam \u00e0s quest\u00f5es: por que alega\u00e7\u00f5es falsas sobre Trapicheiros e outras comunidades t\u00eam sido <a href=\"http:\/\/bit.ly\/2cUtiMY\" target=\"_blank\" rel=\"noopener noreferrer\">repetidamente publicadas no meio de comunica\u00e7\u00e3o mais proeminente da cidade<\/a>? Por que essas mat\u00e9rias t\u00eam reiteradamente for\u00e7ado a narrativa de um crescimento r\u00e1pido e desenfreado de favelas na cidade, mesmo quando o crescimento \u00e9 insignificante\u2014ou, como no caso do Trapicheiros, inexistente? Como\u00a0Paulo Roberto coloca, \u201cO pessoal de fora julga a gente como se fossemos de uma comunidade que nasceu ontem. A hist\u00f3ria vai muito mais al\u00e9m do que o pessoal de fora julga. Nossa comunidade \u00e9 centen\u00e1ria!&#8221;<\/p>\n<p>https:\/\/www.facebook.com\/projetomanivela\/videos\/292125088299187\/<\/p>\n<p>A comunidade do Trapicheiros n\u00e3o est\u00e1 simplesmente esperando. Em coopera\u00e7\u00e3o com a Defensoria P\u00fablica do Estado do Rio e o ITERJ, a comunidade passou por um mapeamento participativo da \u00e1rea e completou um censo, ambos passos necess\u00e1rios para a titula\u00e7\u00e3o futura da terra. A defensora p\u00fablica Adriana Bevilaqua afirmou que essa quest\u00e3o agora est\u00e1 nas m\u00e3os das autoridades da prefeitura, que est\u00e3o unicamente respons\u00e1veis por dar o sinal verde para que se siga o processo de titula\u00e7\u00e3o. A comunidade tamb\u00e9m elegeu um novo conselho na Associa\u00e7\u00e3o de Moradores este ano e trabalhou com o projeto social <a href=\"http:\/\/bit.ly\/2Bv61h5\" target=\"_blank\" rel=\"noopener noreferrer\">Manivela<\/a> para realizar pequenos projetos de desenvolvimento na comunidade. Em parceria com o Projeto Manivela, a comunidade tamb\u00e9m divulgou o <a href=\"http:\/\/bit.ly\/2MW6spL\" target=\"_blank\" rel=\"noopener noreferrer\">v\u00eddeo<\/a> acima narrando a hist\u00f3ria da comunidade com o objetivo de combater as falsidades espalhadas, online, e at\u00e9 apresentou a perspectiva de um morador do condom\u00ednio Atrium que expressa sua opini\u00e3o a favor da comunidade.<\/p>\n<p><a href=\"http:\/\/rioonwatch.org.br\/wp-content\/uploads\/2019\/02\/Trapicheiros-moradoras.png\"><img loading=\"lazy\" decoding=\"async\" class=\"aligncenter wp-image-38964\" title=\"Moradoras antigas da comunidade em uma reuni\u00e3o.\" src=\"http:\/\/rioonwatch.org.br\/wp-content\/uploads\/2019\/02\/Trapicheiros-moradoras.png\" alt=\"\" width=\"620\" height=\"421\" srcset=\"https:\/\/rioonwatch.org.br\/wp-content\/uploads\/2019\/02\/Trapicheiros-moradoras.png 2000w, https:\/\/rioonwatch.org.br\/wp-content\/uploads\/2019\/02\/Trapicheiros-moradoras-389x264.png 389w, https:\/\/rioonwatch.org.br\/wp-content\/uploads\/2019\/02\/Trapicheiros-moradoras-620x421.png 620w, https:\/\/rioonwatch.org.br\/wp-content\/uploads\/2019\/02\/Trapicheiros-moradoras-768x521.png 768w, https:\/\/rioonwatch.org.br\/wp-content\/uploads\/2019\/02\/Trapicheiros-moradoras-1024x695.png 1024w\" sizes=\"(max-width: 620px) 100vw, 620px\" \/><\/a><\/p>\n<p>Quando solicitados a comentar sobre a recente mat\u00e9ria do\u00a0<em>O Globo<\/em>, o vice-secret\u00e1rio da Associa\u00e7\u00e3o de Moradores Ailton Gon\u00e7alves Lopes expressou essas observa\u00e7\u00f5es finais: \u201cA gente rebate isso. Tudo isso n\u00e3o \u00e9 verdadeiro. Isso nos ofendeu. Temos jovens aqui\u2014como meu filho que se formou agora na IBMEC, como bolsista cem por cento do governo. Minha sobrinha \u00e9 bolsista de direito na UniCarioca. Est\u00e3o estudando, querendo um futuro melhor. Ent\u00e3o aqui na comunidade realmente n\u00e3o existem vagabundos, n\u00e3o existem pessoas que s\u00e3o invasoras. S\u00e3o pessoas trabalhadoras, pessoas que querem melhorias para sua fam\u00edlia\u201d. Com sorte, o novo ano trar\u00e1 exatamente isso.<\/p>\n<p><a href=\"http:\/\/rioonwatch.org.br\/wp-content\/uploads\/2019\/02\/Trapicheiros-Moradores-reuni\u00e3o.jpg\"><img loading=\"lazy\" decoding=\"async\" class=\"aligncenter wp-image-38963 size-content\" title=\"Encontro entre moradores da comunidade, ITERJ, defensores p\u00fablicos, universidade e outros aliados.\" src=\"http:\/\/rioonwatch.org.br\/wp-content\/uploads\/2019\/02\/Trapicheiros-Moradores-reuni\u00e3o-620x264.jpg\" alt=\"\" width=\"620\" height=\"264\" srcset=\"https:\/\/rioonwatch.org.br\/wp-content\/uploads\/2019\/02\/Trapicheiros-Moradores-reuni\u00e3o-620x264.jpg 620w, https:\/\/rioonwatch.org.br\/wp-content\/uploads\/2019\/02\/Trapicheiros-Moradores-reuni\u00e3o-940x400.jpg 940w\" sizes=\"(max-width: 620px) 100vw, 620px\" \/><\/a><\/p>\n<!-- AddThis Advanced Settings generic via filter on the_content --><!-- AddThis Share Buttons generic via filter on the_content -->","protected":false},"excerpt":{"rendered":"<div class=\"mh-excerpt\"><p>\u00a0Click Here for English No in\u00edcio de outubro de 2018, os moradores do Trapicheiros\u2014uma pequena favela de 52 fam\u00edlias situada perto do\u00a0Morro do Salgueiro na Tijuca, Zona Norte do Rio\u2014come\u00e7ou a receber mensagens de ass\u00e9dio <a class=\"mh-excerpt-more\" href=\"https:\/\/rioonwatch.org.br\/?p=38962\" title=\"Chamados de &#8216;Invasores&#8217;, Moradores da Centen\u00e1ria Favela Trapicheiros na Tijuca se Mobilizam\">[&#8230;]<\/a><!-- AddThis Advanced Settings generic via filter on get_the_excerpt --><!-- AddThis Share Buttons generic via filter on get_the_excerpt --><\/p>\n<\/div>","protected":false},"author":152,"featured_media":38970,"comment_status":"closed","ping_status":"closed","sticky":false,"template":"","format":"standard","meta":{"_acf_changed":false,"_monsterinsights_skip_tracking":false,"_monsterinsights_sitenote_active":false,"_monsterinsights_sitenote_note":"","_monsterinsights_sitenote_category":0,"footnotes":""},"categories":[1617,1614,1621,346,1626,1616,1638],"tags":[911,386,894,90,424,550,88,396,735,395,732,128,1982,246,1037,1760,2216,358,839,82,14,754,900,2679,339,218],"writer":[2133],"translator":[2238],"source":[],"ilustrador":[],"fotografo":[],"class_list":{"0":"post-38962","1":"post","2":"type-post","3":"status-publish","4":"format-standard","5":"has-post-thumbnail","7":"category-olhonagentrificacao","8":"category-olhonasremocoes","9":"category-destaque","10":"category-denuncias","11":"category-por-observadores-internacionais","12":"category-qualidades-da-favela","13":"category-video","14":"tag-area-de-risco","15":"tag-estigma","16":"tag-baixa-qualidade-dos-servicos","17":"tag-defensoria-publica","18":"tag-direito-a-moradia","19":"tag-direito-a-terra","20":"tag-direitos-humanos","21":"tag-especulacao-imobiliaria","22":"tag-floresta-da-tijuca","23":"tag-gentrificacao-remocao-branca","24":"tag-globo","25":"tag-historia","26":"tag-marcelo-crivella","27":"tag-minha-casa-minha-vida","28":"tag-moradia","29":"tag-narrativa-midiatica","30":"tag-nuth","31":"tag-organizacao-comunitaria","32":"tag-prioridades-publicas-equivocadas","33":"tag-regularizacao-fundiaria","34":"tag-remocao","35":"tag-salgueiro","36":"tag-titulacao-de-terras","37":"tag-trapicheiros","38":"tag-usucapiao","39":"tag-zona-norte","40":"writer-tyler-strobl","41":"translator-julia-hara-medeiros"},"acf":[],"yoast_head":"<!-- This site is optimized with the Yoast SEO plugin v25.6 - https:\/\/yoast.com\/wordpress\/plugins\/seo\/ -->\n<title>Chamados de &#039;Invasores&#039;, Moradores da Centen\u00e1ria Favela Trapicheiros na Tijuca se Mobilizam - RioOnWatch<\/title>\n<meta name=\"robots\" content=\"index, follow, max-snippet:-1, max-image-preview:large, max-video-preview:-1\" \/>\n<link rel=\"canonical\" href=\"https:\/\/rioonwatch.org.br\/?p=38962\" \/>\n<meta property=\"og:locale\" content=\"pt_BR\" \/>\n<meta property=\"og:type\" content=\"article\" \/>\n<meta property=\"og:title\" content=\"Chamados de &#039;Invasores&#039;, Moradores da Centen\u00e1ria Favela Trapicheiros na Tijuca se Mobilizam - RioOnWatch\" \/>\n<meta property=\"og:description\" content=\"\u00a0Click Here for English No in\u00edcio de outubro de 2018, os moradores do Trapicheiros\u2014uma pequena favela de 52 fam\u00edlias situada perto do\u00a0Morro do Salgueiro na Tijuca, Zona Norte do Rio\u2014come\u00e7ou a receber mensagens de ass\u00e9dio [...]\" \/>\n<meta property=\"og:url\" content=\"https:\/\/rioonwatch.org.br\/?p=38962\" \/>\n<meta property=\"og:site_name\" content=\"RioOnWatch\" \/>\n<meta property=\"article:published_time\" content=\"2019-02-19T13:58:56+00:00\" \/>\n<meta property=\"article:modified_time\" content=\"2023-05-09T12:56:21+00:00\" \/>\n<meta property=\"og:image\" content=\"https:\/\/rioonwatch.org.br\/wp-content\/uploads\/2019\/02\/Trapicheiros-e-condom\u00ednio.jpg\" \/>\n\t<meta property=\"og:image:width\" content=\"2000\" \/>\n\t<meta property=\"og:image:height\" content=\"1124\" \/>\n\t<meta property=\"og:image:type\" content=\"image\/jpeg\" \/>\n<meta name=\"author\" content=\"Luisa Fenizola\" \/>\n<meta name=\"twitter:card\" content=\"summary_large_image\" \/>\n<meta name=\"twitter:label1\" content=\"Escrito por\" \/>\n\t<meta name=\"twitter:data1\" content=\"Luisa Fenizola\" \/>\n\t<meta name=\"twitter:label2\" content=\"Est. tempo de leitura\" \/>\n\t<meta name=\"twitter:data2\" content=\"12 minutos\" \/>\n<script type=\"application\/ld+json\" class=\"yoast-schema-graph\">{\"@context\":\"https:\/\/schema.org\",\"@graph\":[{\"@type\":\"Article\",\"@id\":\"https:\/\/rioonwatch.org.br\/?p=38962#article\",\"isPartOf\":{\"@id\":\"https:\/\/rioonwatch.org.br\/?p=38962\"},\"author\":{\"name\":\"Luisa Fenizola\",\"@id\":\"https:\/\/rioonwatch.org.br\/#\/schema\/person\/f443c6b55bb6e80842280318076491c5\"},\"headline\":\"Chamados de &#8216;Invasores&#8217;, Moradores da Centen\u00e1ria Favela Trapicheiros na Tijuca se Mobilizam\",\"datePublished\":\"2019-02-19T13:58:56+00:00\",\"dateModified\":\"2023-05-09T12:56:21+00:00\",\"mainEntityOfPage\":{\"@id\":\"https:\/\/rioonwatch.org.br\/?p=38962\"},\"wordCount\":2427,\"publisher\":{\"@id\":\"https:\/\/rioonwatch.org.br\/#organization\"},\"image\":{\"@id\":\"https:\/\/rioonwatch.org.br\/?p=38962#primaryimage\"},\"thumbnailUrl\":\"https:\/\/rioonwatch.org.br\/wp-content\/uploads\/2019\/02\/Trapicheiros-e-condom\u00ednio.jpg\",\"keywords\":[\"\\\"\u00e1rea de risco\\\"\",\"#StopFavelaStigma\",\"baixa qualidade dos servi\u00e7os\",\"Defensoria P\u00fablica\",\"Direito \u00e0 Moradia\",\"direito \u00e0 terra\",\"Direitos Humanos\",\"especula\u00e7\u00e3o imobili\u00e1ria\",\"Floresta da Tijuca\",\"gentrifica\u00e7\u00e3o\",\"Globo\",\"hist\u00f3ria\",\"Marcelo Crivella\",\"Minha Casa Minha Vida\",\"moradia\",\"narrativa midi\u00e1tica\",\"NUTH\",\"organiza\u00e7\u00e3o comunit\u00e1ria\",\"prioridades p\u00fablicas equivocadas\",\"regulariza\u00e7\u00e3o fundi\u00e1ria\",\"Remo\u00e7\u00e3o\",\"Salgueiro\",\"titula\u00e7\u00e3o de terras\",\"Trapicheiros\",\"usucapi\u00e3o\",\"Zona Norte\"],\"articleSection\":[\"#OlhoNaGentrifica\u00e7\u00e3o\",\"#OlhoNasRemo\u00e7\u00f5es\",\"*Destaque\",\"Den\u00fancias\",\"Escrito por Aliados\",\"Qualidades da Favela\",\"V\u00eddeo\"],\"inLanguage\":\"pt-BR\"},{\"@type\":\"WebPage\",\"@id\":\"https:\/\/rioonwatch.org.br\/?p=38962\",\"url\":\"https:\/\/rioonwatch.org.br\/?p=38962\",\"name\":\"Chamados de 'Invasores', Moradores da Centen\u00e1ria Favela Trapicheiros na Tijuca se Mobilizam - RioOnWatch\",\"isPartOf\":{\"@id\":\"https:\/\/rioonwatch.org.br\/#website\"},\"primaryImageOfPage\":{\"@id\":\"https:\/\/rioonwatch.org.br\/?p=38962#primaryimage\"},\"image\":{\"@id\":\"https:\/\/rioonwatch.org.br\/?p=38962#primaryimage\"},\"thumbnailUrl\":\"https:\/\/rioonwatch.org.br\/wp-content\/uploads\/2019\/02\/Trapicheiros-e-condom\u00ednio.jpg\",\"datePublished\":\"2019-02-19T13:58:56+00:00\",\"dateModified\":\"2023-05-09T12:56:21+00:00\",\"breadcrumb\":{\"@id\":\"https:\/\/rioonwatch.org.br\/?p=38962#breadcrumb\"},\"inLanguage\":\"pt-BR\",\"potentialAction\":[{\"@type\":\"ReadAction\",\"target\":[\"https:\/\/rioonwatch.org.br\/?p=38962\"]}]},{\"@type\":\"ImageObject\",\"inLanguage\":\"pt-BR\",\"@id\":\"https:\/\/rioonwatch.org.br\/?p=38962#primaryimage\",\"url\":\"https:\/\/rioonwatch.org.br\/wp-content\/uploads\/2019\/02\/Trapicheiros-e-condom\u00ednio.jpg\",\"contentUrl\":\"https:\/\/rioonwatch.org.br\/wp-content\/uploads\/2019\/02\/Trapicheiros-e-condom\u00ednio.jpg\",\"width\":2000,\"height\":1124},{\"@type\":\"BreadcrumbList\",\"@id\":\"https:\/\/rioonwatch.org.br\/?p=38962#breadcrumb\",\"itemListElement\":[{\"@type\":\"ListItem\",\"position\":1,\"name\":\"In\u00edcio\",\"item\":\"https:\/\/rioonwatch.org.br\/\"},{\"@type\":\"ListItem\",\"position\":2,\"name\":\"Chamados de &#8216;Invasores&#8217;, Moradores da Centen\u00e1ria Favela Trapicheiros na Tijuca se Mobilizam\"}]},{\"@type\":\"WebSite\",\"@id\":\"https:\/\/rioonwatch.org.br\/#website\",\"url\":\"https:\/\/rioonwatch.org.br\/\",\"name\":\"RioOnWatch\",\"description\":\"relatos das favelas cariocas\",\"publisher\":{\"@id\":\"https:\/\/rioonwatch.org.br\/#organization\"},\"potentialAction\":[{\"@type\":\"SearchAction\",\"target\":{\"@type\":\"EntryPoint\",\"urlTemplate\":\"https:\/\/rioonwatch.org.br\/?s={search_term_string}\"},\"query-input\":{\"@type\":\"PropertyValueSpecification\",\"valueRequired\":true,\"valueName\":\"search_term_string\"}}],\"inLanguage\":\"pt-BR\"},{\"@type\":\"Organization\",\"@id\":\"https:\/\/rioonwatch.org.br\/#organization\",\"name\":\"RioOnWatch\",\"url\":\"https:\/\/rioonwatch.org.br\/\",\"logo\":{\"@type\":\"ImageObject\",\"inLanguage\":\"pt-BR\",\"@id\":\"https:\/\/rioonwatch.org.br\/#\/schema\/logo\/image\/\",\"url\":\"https:\/\/rioonwatch.org.br\/wp-content\/uploads\/2021\/06\/RioOnWatchcabecalhoPT11anos-2.png\",\"contentUrl\":\"https:\/\/rioonwatch.org.br\/wp-content\/uploads\/2021\/06\/RioOnWatchcabecalhoPT11anos-2.png\",\"width\":779,\"height\":277,\"caption\":\"RioOnWatch\"},\"image\":{\"@id\":\"https:\/\/rioonwatch.org.br\/#\/schema\/logo\/image\/\"}},{\"@type\":\"Person\",\"@id\":\"https:\/\/rioonwatch.org.br\/#\/schema\/person\/f443c6b55bb6e80842280318076491c5\",\"name\":\"Luisa Fenizola\",\"image\":{\"@type\":\"ImageObject\",\"inLanguage\":\"pt-BR\",\"@id\":\"https:\/\/rioonwatch.org.br\/#\/schema\/person\/image\/\",\"url\":\"https:\/\/secure.gravatar.com\/avatar\/a3d551110162b9f876cbbdaaecf75663?s=96&d=blank&r=g\",\"contentUrl\":\"https:\/\/secure.gravatar.com\/avatar\/a3d551110162b9f876cbbdaaecf75663?s=96&d=blank&r=g\",\"caption\":\"Luisa Fenizola\"},\"url\":\"https:\/\/rioonwatch.org.br\/?author=152\"}]}<\/script>\n<!-- \/ Yoast SEO plugin. -->","yoast_head_json":{"title":"Chamados de 'Invasores', Moradores da Centen\u00e1ria Favela Trapicheiros na Tijuca se Mobilizam - RioOnWatch","robots":{"index":"index","follow":"follow","max-snippet":"max-snippet:-1","max-image-preview":"max-image-preview:large","max-video-preview":"max-video-preview:-1"},"canonical":"https:\/\/rioonwatch.org.br\/?p=38962","og_locale":"pt_BR","og_type":"article","og_title":"Chamados de 'Invasores', Moradores da Centen\u00e1ria Favela Trapicheiros na Tijuca se Mobilizam - RioOnWatch","og_description":"\u00a0Click Here for English No in\u00edcio de outubro de 2018, os moradores do Trapicheiros\u2014uma pequena favela de 52 fam\u00edlias situada perto do\u00a0Morro do Salgueiro na Tijuca, Zona Norte do Rio\u2014come\u00e7ou a receber mensagens de ass\u00e9dio [...]","og_url":"https:\/\/rioonwatch.org.br\/?p=38962","og_site_name":"RioOnWatch","article_published_time":"2019-02-19T13:58:56+00:00","article_modified_time":"2023-05-09T12:56:21+00:00","og_image":[{"width":2000,"height":1124,"url":"https:\/\/rioonwatch.org.br\/wp-content\/uploads\/2019\/02\/Trapicheiros-e-condom\u00ednio.jpg","type":"image\/jpeg"}],"author":"Luisa Fenizola","twitter_card":"summary_large_image","twitter_misc":{"Escrito por":"Luisa Fenizola","Est. tempo de leitura":"12 minutos"},"schema":{"@context":"https:\/\/schema.org","@graph":[{"@type":"Article","@id":"https:\/\/rioonwatch.org.br\/?p=38962#article","isPartOf":{"@id":"https:\/\/rioonwatch.org.br\/?p=38962"},"author":{"name":"Luisa Fenizola","@id":"https:\/\/rioonwatch.org.br\/#\/schema\/person\/f443c6b55bb6e80842280318076491c5"},"headline":"Chamados de &#8216;Invasores&#8217;, Moradores da Centen\u00e1ria Favela Trapicheiros na Tijuca se Mobilizam","datePublished":"2019-02-19T13:58:56+00:00","dateModified":"2023-05-09T12:56:21+00:00","mainEntityOfPage":{"@id":"https:\/\/rioonwatch.org.br\/?p=38962"},"wordCount":2427,"publisher":{"@id":"https:\/\/rioonwatch.org.br\/#organization"},"image":{"@id":"https:\/\/rioonwatch.org.br\/?p=38962#primaryimage"},"thumbnailUrl":"https:\/\/rioonwatch.org.br\/wp-content\/uploads\/2019\/02\/Trapicheiros-e-condom\u00ednio.jpg","keywords":["\"\u00e1rea de risco\"","#StopFavelaStigma","baixa qualidade dos servi\u00e7os","Defensoria P\u00fablica","Direito \u00e0 Moradia","direito \u00e0 terra","Direitos Humanos","especula\u00e7\u00e3o imobili\u00e1ria","Floresta da Tijuca","gentrifica\u00e7\u00e3o","Globo","hist\u00f3ria","Marcelo Crivella","Minha Casa Minha Vida","moradia","narrativa midi\u00e1tica","NUTH","organiza\u00e7\u00e3o comunit\u00e1ria","prioridades p\u00fablicas equivocadas","regulariza\u00e7\u00e3o fundi\u00e1ria","Remo\u00e7\u00e3o","Salgueiro","titula\u00e7\u00e3o de terras","Trapicheiros","usucapi\u00e3o","Zona Norte"],"articleSection":["#OlhoNaGentrifica\u00e7\u00e3o","#OlhoNasRemo\u00e7\u00f5es","*Destaque","Den\u00fancias","Escrito por Aliados","Qualidades da Favela","V\u00eddeo"],"inLanguage":"pt-BR"},{"@type":"WebPage","@id":"https:\/\/rioonwatch.org.br\/?p=38962","url":"https:\/\/rioonwatch.org.br\/?p=38962","name":"Chamados de 'Invasores', Moradores da Centen\u00e1ria Favela Trapicheiros na Tijuca se Mobilizam - RioOnWatch","isPartOf":{"@id":"https:\/\/rioonwatch.org.br\/#website"},"primaryImageOfPage":{"@id":"https:\/\/rioonwatch.org.br\/?p=38962#primaryimage"},"image":{"@id":"https:\/\/rioonwatch.org.br\/?p=38962#primaryimage"},"thumbnailUrl":"https:\/\/rioonwatch.org.br\/wp-content\/uploads\/2019\/02\/Trapicheiros-e-condom\u00ednio.jpg","datePublished":"2019-02-19T13:58:56+00:00","dateModified":"2023-05-09T12:56:21+00:00","breadcrumb":{"@id":"https:\/\/rioonwatch.org.br\/?p=38962#breadcrumb"},"inLanguage":"pt-BR","potentialAction":[{"@type":"ReadAction","target":["https:\/\/rioonwatch.org.br\/?p=38962"]}]},{"@type":"ImageObject","inLanguage":"pt-BR","@id":"https:\/\/rioonwatch.org.br\/?p=38962#primaryimage","url":"https:\/\/rioonwatch.org.br\/wp-content\/uploads\/2019\/02\/Trapicheiros-e-condom\u00ednio.jpg","contentUrl":"https:\/\/rioonwatch.org.br\/wp-content\/uploads\/2019\/02\/Trapicheiros-e-condom\u00ednio.jpg","width":2000,"height":1124},{"@type":"BreadcrumbList","@id":"https:\/\/rioonwatch.org.br\/?p=38962#breadcrumb","itemListElement":[{"@type":"ListItem","position":1,"name":"In\u00edcio","item":"https:\/\/rioonwatch.org.br\/"},{"@type":"ListItem","position":2,"name":"Chamados de &#8216;Invasores&#8217;, Moradores da Centen\u00e1ria Favela Trapicheiros na Tijuca se Mobilizam"}]},{"@type":"WebSite","@id":"https:\/\/rioonwatch.org.br\/#website","url":"https:\/\/rioonwatch.org.br\/","name":"RioOnWatch","description":"relatos das favelas cariocas","publisher":{"@id":"https:\/\/rioonwatch.org.br\/#organization"},"potentialAction":[{"@type":"SearchAction","target":{"@type":"EntryPoint","urlTemplate":"https:\/\/rioonwatch.org.br\/?s={search_term_string}"},"query-input":{"@type":"PropertyValueSpecification","valueRequired":true,"valueName":"search_term_string"}}],"inLanguage":"pt-BR"},{"@type":"Organization","@id":"https:\/\/rioonwatch.org.br\/#organization","name":"RioOnWatch","url":"https:\/\/rioonwatch.org.br\/","logo":{"@type":"ImageObject","inLanguage":"pt-BR","@id":"https:\/\/rioonwatch.org.br\/#\/schema\/logo\/image\/","url":"https:\/\/rioonwatch.org.br\/wp-content\/uploads\/2021\/06\/RioOnWatchcabecalhoPT11anos-2.png","contentUrl":"https:\/\/rioonwatch.org.br\/wp-content\/uploads\/2021\/06\/RioOnWatchcabecalhoPT11anos-2.png","width":779,"height":277,"caption":"RioOnWatch"},"image":{"@id":"https:\/\/rioonwatch.org.br\/#\/schema\/logo\/image\/"}},{"@type":"Person","@id":"https:\/\/rioonwatch.org.br\/#\/schema\/person\/f443c6b55bb6e80842280318076491c5","name":"Luisa Fenizola","image":{"@type":"ImageObject","inLanguage":"pt-BR","@id":"https:\/\/rioonwatch.org.br\/#\/schema\/person\/image\/","url":"https:\/\/secure.gravatar.com\/avatar\/a3d551110162b9f876cbbdaaecf75663?s=96&d=blank&r=g","contentUrl":"https:\/\/secure.gravatar.com\/avatar\/a3d551110162b9f876cbbdaaecf75663?s=96&d=blank&r=g","caption":"Luisa Fenizola"},"url":"https:\/\/rioonwatch.org.br\/?author=152"}]}},"_links":{"self":[{"href":"https:\/\/rioonwatch.org.br\/index.php?rest_route=\/wp\/v2\/posts\/38962"}],"collection":[{"href":"https:\/\/rioonwatch.org.br\/index.php?rest_route=\/wp\/v2\/posts"}],"about":[{"href":"https:\/\/rioonwatch.org.br\/index.php?rest_route=\/wp\/v2\/types\/post"}],"author":[{"embeddable":true,"href":"https:\/\/rioonwatch.org.br\/index.php?rest_route=\/wp\/v2\/users\/152"}],"replies":[{"embeddable":true,"href":"https:\/\/rioonwatch.org.br\/index.php?rest_route=%2Fwp%2Fv2%2Fcomments&post=38962"}],"version-history":[{"count":27,"href":"https:\/\/rioonwatch.org.br\/index.php?rest_route=\/wp\/v2\/posts\/38962\/revisions"}],"predecessor-version":[{"id":42853,"href":"https:\/\/rioonwatch.org.br\/index.php?rest_route=\/wp\/v2\/posts\/38962\/revisions\/42853"}],"wp:featuredmedia":[{"embeddable":true,"href":"https:\/\/rioonwatch.org.br\/index.php?rest_route=\/wp\/v2\/media\/38970"}],"wp:attachment":[{"href":"https:\/\/rioonwatch.org.br\/index.php?rest_route=%2Fwp%2Fv2%2Fmedia&parent=38962"}],"wp:term":[{"taxonomy":"category","embeddable":true,"href":"https:\/\/rioonwatch.org.br\/index.php?rest_route=%2Fwp%2Fv2%2Fcategories&post=38962"},{"taxonomy":"post_tag","embeddable":true,"href":"https:\/\/rioonwatch.org.br\/index.php?rest_route=%2Fwp%2Fv2%2Ftags&post=38962"},{"taxonomy":"writer","embeddable":true,"href":"https:\/\/rioonwatch.org.br\/index.php?rest_route=%2Fwp%2Fv2%2Fwriter&post=38962"},{"taxonomy":"translator","embeddable":true,"href":"https:\/\/rioonwatch.org.br\/index.php?rest_route=%2Fwp%2Fv2%2Ftranslator&post=38962"},{"taxonomy":"source","embeddable":true,"href":"https:\/\/rioonwatch.org.br\/index.php?rest_route=%2Fwp%2Fv2%2Fsource&post=38962"},{"taxonomy":"ilustrador","embeddable":true,"href":"https:\/\/rioonwatch.org.br\/index.php?rest_route=%2Fwp%2Fv2%2Filustrador&post=38962"},{"taxonomy":"fotografo","embeddable":true,"href":"https:\/\/rioonwatch.org.br\/index.php?rest_route=%2Fwp%2Fv2%2Ffotografo&post=38962"}],"curies":[{"name":"wp","href":"https:\/\/api.w.org\/{rel}","templated":true}]}}